{"id":60205,"date":"2026-07-07T12:37:18","date_gmt":"2026-07-07T15:37:18","guid":{"rendered":"https:\/\/blogdoprosperi.com\/?p=60205"},"modified":"2026-07-07T12:43:08","modified_gmt":"2026-07-07T15:43:08","slug":"entenda-como-a-polemica-envolvendo-trump-e-a-derrota-esmagadora-dos-eua-deixam-a-copa-do-mundo-de-infantino-manchada","status":"publish","type":"post","link":"https:\/\/blogdoprosperi.com\/?p=60205","title":{"rendered":"Entenda: A pol\u00eamica envolvendo Trump e a derrota esmagadora dos EUA deixam a Copa do Mundo de Infantino manchada"},"content":{"rendered":"<p><em>Estados Unidos est\u00e3o fora da Copa do Mundo 2026. Ca\u00edram diante da B\u00e9lgica, impiedosa com a vit\u00f3ria por 4 a 1, segunda-feira 06\/7), em Dallas. \u00daltimo gol foi de Likaku. Na comemora\u00e7\u00e3o, ironizou Donald Trump com a dancinha imitando o presidente dos EUA. Forma sutil e universal de protestar contra a interven\u00e7\u00e3o de Trump em parceira com a Fifa para anular a expuls\u00e3o do jogador da sele\u00e7\u00e3o americana Balogun.<\/em><\/p>\n<p><em>Entenda a pol\u00eamica nesse dossi\u00ea do jornal <strong>The New York Times<\/strong> publicado seu site de esportes <strong>The Athletic<\/strong> nesta ter\u00e7a-feira (07\/7). <\/em><\/p>\n<p>Acompanhe aqui a transcri\u00e7\u00e3o na \u00edntegra:<\/p>\n<p><strong><em>por Adam Crafton, The Athletic, 7 julho 2026\u00a0<\/em><\/strong><\/p>\n<p><span dir=\"auto\">Para o presidente da FIFA, Gianni Infantino, uma derrota dos Estados Unidos contra a B\u00e9lgica era provavelmente o resultado pol\u00edtico que ele desejava.<\/span><\/p>\n<p><span dir=\"auto\">Sem d\u00favida, isso aliviou a press\u00e3o na noite de segunda-feira para uma organiza\u00e7\u00e3o que se viu\u00a0<\/span><a href=\"https:\/\/www.nytimes.com\/athletic\/7424432\/2026\/07\/06\/folarin-balogun-donald-trump-gianni-infantino\/\" data-index=\"0\"><span dir=\"auto\">mais uma vez sitiada pela proximidade da rela\u00e7\u00e3o de Infantino com o presidente Donald Trump<\/span><\/a><span dir=\"auto\">\u00a0.<\/span><\/p>\n<p><span dir=\"auto\">A esta altura, os f\u00e3s de futebol j\u00e1 est\u00e3o acostumados com as liberdades que Infantino toma com o esporte. Seu reinado j\u00e1 durou mais do que se pode imaginar. Em diferentes n\u00edveis de gravidade, testemunhamos os horrores sofridos pelos\u00a0<\/span><a href=\"https:\/\/www.nytimes.com\/athletic\/3946333\/2022\/12\/01\/world-cup-2022-migrant-workers-diary\/\" data-index=\"1\"><span dir=\"auto\">trabalhadores migrantes na constru\u00e7\u00e3o da Copa do Mundo da FIFA no Catar<\/span><\/a><span dir=\"auto\">\u00a0,\u00a0<\/span><a href=\"https:\/\/www.nytimes.com\/athletic\/live-blogs\/world-cup-2026-draw-live-updates\/lgfaShhkwch9\/mwGiH6RmfEHc\/\" data-index=\"2\"><span dir=\"auto\">o absurdo de premiar Trump com o Pr\u00eamio Nobel da Paz<\/span><\/a><span dir=\"auto\">\u00a0e\u00a0<\/span><a href=\"https:\/\/www.nytimes.com\/athletic\/4930889\/2023\/10\/04\/world-cup-2030-hosts-saudi-arabia-analysis\/\" data-index=\"3\"><span dir=\"auto\">as manobras desconcertantes de Infantino para criar uma Copa do Mundo com seis na\u00e7\u00f5es e tr\u00eas continentes em 2030<\/span><\/a><span dir=\"auto\">\u00a0, o que, convenientemente, permitiu que a Ar\u00e1bia Saudita garantisse o direito exclusivo de sediar a competi\u00e7\u00e3o em 2034.<\/span><\/p>\n<p><span dir=\"auto\">No entanto, Infantino n\u00e3o s\u00f3 sobreviveu, como muitas vezes se fortaleceu, consolidando sua base de poder cada vez mais concentrada no futebol mundial, com apenas breves momentos de oposi\u00e7\u00e3o dentro do pr\u00f3prio esporte. Quando a FIFA anunciou pre\u00e7os de ingressos sem precedentes para esta Copa do Mundo, ouvimos praticamente o sil\u00eancio das federa\u00e7\u00f5es, mesmo com grupos de torcedores implorando para que as associa\u00e7\u00f5es se opusessem ao regime de Infantino. Em abril, Infantino anunciou que concorreria \u00e0 reelei\u00e7\u00e3o em 2027, garantindo o apoio un\u00e2nime das confedera\u00e7\u00f5es sul-americanas, africanas e asi\u00e1ticas, com muitas federa\u00e7\u00f5es satisfeitas com suas crescentes participa\u00e7\u00f5es nas vastas receitas da FIFA.<\/span><\/p>\n<p><span dir=\"auto\">Durante as primeiras semanas da Copa do Mundo, a FIFA come\u00e7ou a construir uma narrativa de sucesso. Sua estrat\u00e9gia de venda de ingressos, que havia indignado muitos, n\u00e3o impediu que a maioria dos jogos tivesse lota\u00e7\u00e3o m\u00e1xima.\u00a0<\/span><a href=\"https:\/\/www.nytimes.com\/athletic\/live-blogs\/world-cup-2026-live-updates-news-games\/efhT8OznsrdB\/fapXfGHFIHjW\/\" data-index=\"4\"><span dir=\"auto\">Infantino declarou ser uma vit\u00f3ria o fato de o Ir\u00e3, em meio a um conflito com o pa\u00eds anfitri\u00e3o, ter conseguido disputar jogos da Copa do Mundo nos Estados Unidos<\/span><\/a><span dir=\"auto\">\u00a0.<\/span><\/p>\n<p><strong>As estrelas<\/strong><\/p>\n<p><span dir=\"auto\">As estrelas do torneio \u2014 Lionel Messi, Kylian Mbapp\u00e9, Jude Bellingham e Erling Haaland \u2014 roubaram a cena dos erros de Infantino, lembrando-nos a todos como o futebol pode ser maravilhoso como forma de unir pessoas e culturas de todo o mundo.<\/span><\/p>\n<p><span class=\"alignnone\"><img data-recalc-dims=\"1\" loading=\"lazy\" decoding=\"async\" data-attachment-id=\"59658\" data-permalink=\"https:\/\/blogdoprosperi.com\/?attachment_id=59658\" data-orig-file=\"https:\/\/i0.wp.com\/blogdoprosperi.com\/wp-content\/uploads\/2026\/06\/Captura-de-Tela-2026-06-22-as-17.22.49.png?fit=924%2C762&amp;ssl=1\" data-orig-size=\"924,762\" data-comments-opened=\"1\" data-image-meta=\"{&quot;aperture&quot;:&quot;0&quot;,&quot;credit&quot;:&quot;&quot;,&quot;camera&quot;:&quot;&quot;,&quot;caption&quot;:&quot;&quot;,&quot;created_timestamp&quot;:&quot;0&quot;,&quot;copyright&quot;:&quot;&quot;,&quot;focal_length&quot;:&quot;0&quot;,&quot;iso&quot;:&quot;0&quot;,&quot;shutter_speed&quot;:&quot;0&quot;,&quot;title&quot;:&quot;&quot;,&quot;orientation&quot;:&quot;0&quot;,&quot;alt&quot;:&quot;&quot;}\" data-image-title=\"Captura de Tela 2026-06-22 \u00e0s 17.22.49\" data-image-description=\"&lt;p&gt;Messi puxa Argentina \u2013 foto: Superbet X oficial&lt;\/p&gt;\n\" data-image-caption=\"\" data-large-file=\"https:\/\/i0.wp.com\/blogdoprosperi.com\/wp-content\/uploads\/2026\/06\/Captura-de-Tela-2026-06-22-as-17.22.49.png?fit=924%2C762&amp;ssl=1\" class=\"alignnone size-medium wp-image-59658\" src=\"https:\/\/i0.wp.com\/blogdoprosperi.com\/wp-content\/uploads\/2026\/06\/Captura-de-Tela-2026-06-22-as-17.22.49.png?resize=458%2C378&#038;ssl=1\" alt=\"\" width=\"458\" height=\"378\" srcset=\"https:\/\/i0.wp.com\/blogdoprosperi.com\/wp-content\/uploads\/2026\/06\/Captura-de-Tela-2026-06-22-as-17.22.49.png?resize=458%2C378&amp;ssl=1 458w, https:\/\/i0.wp.com\/blogdoprosperi.com\/wp-content\/uploads\/2026\/06\/Captura-de-Tela-2026-06-22-as-17.22.49.png?resize=150%2C124&amp;ssl=1 150w, https:\/\/i0.wp.com\/blogdoprosperi.com\/wp-content\/uploads\/2026\/06\/Captura-de-Tela-2026-06-22-as-17.22.49.png?resize=768%2C633&amp;ssl=1 768w, https:\/\/i0.wp.com\/blogdoprosperi.com\/wp-content\/uploads\/2026\/06\/Captura-de-Tela-2026-06-22-as-17.22.49.png?resize=450%2C371&amp;ssl=1 450w, https:\/\/i0.wp.com\/blogdoprosperi.com\/wp-content\/uploads\/2026\/06\/Captura-de-Tela-2026-06-22-as-17.22.49.png?resize=728%2C600&amp;ssl=1 728w, https:\/\/i0.wp.com\/blogdoprosperi.com\/wp-content\/uploads\/2026\/06\/Captura-de-Tela-2026-06-22-as-17.22.49.png?w=924&amp;ssl=1 924w\" sizes=\"auto, (max-width: 458px) 100vw, 458px\" \/><\/span><\/p>\n<p><span dir=\"auto\">As sele\u00e7\u00f5es anfitri\u00e3s, imersas em desafios organizacionais e preocupa\u00e7\u00f5es com custos antes da Copa do Mundo, encontraram uma forma inesperada, avan\u00e7ando todas para as oitavas de final, gerando um novo entusiasmo pelo esporte nos EUA e no Canad\u00e1 e reacendendo a paix\u00e3o que arde profundamente no M\u00e9xico. Muitas das partidas foram extremamente competitivas e memor\u00e1veis.<\/span><\/p>\n<p>Trump, um l\u00edder polarizador, manteve-se distante do torneio, sem ainda ter assistido a um jogo, enquanto os agentes mascarados do ICE, que costumam fazer batidas em grandes cidades durante sua presid\u00eancia, tamb\u00e9m se mantiveram afastados. Nas redes sociais, surgiram imagens de um interc\u00e2mbio cultural inspirador, com torcedores do mundo todo encantando os moradores locais com seus rituais \u00fanicos, e as cidades-sede conquistando o p\u00fablico com gentileza e hospitalidade.<\/p>\n<p><span dir=\"auto\">E ent\u00e3o, num instante, as antigas tens\u00f5es ressurgiram, numa confus\u00e3o criada pela FIFA. Quando a FIFA anunciou no domingo que a suspens\u00e3o de um jogo de Folarin Balogun, da sele\u00e7\u00e3o americana, seria suspensa, e veio \u00e0 tona que\u00a0<\/span><a href=\"https:\/\/www.nytimes.com\/athletic\/7425705\/2026\/07\/06\/trump-balogun-world-cup-red-card\/\" data-index=\"6\"><span dir=\"auto\">Trump e seus aliados haviam intercedido em nome de Balogun, todas aquelas tens\u00f5es latentes retornaram<\/span><\/a><span dir=\"auto\">\u00a0.<\/span><\/p>\n<p><strong>A revolta<\/strong><\/p>\n<p><span dir=\"auto\">Houve uma explos\u00e3o feroz de &#8220;Am\u00e9rica Primeiro&#8221;, pois parecia ao mundo inteiro que Trump, seu secret\u00e1rio de com\u00e9rcio, Howard Lutnick, e o diretor da For\u00e7a-Tarefa da Casa Branca para a Copa do Mundo, Andrew Giuliani, buscavam obter uma vantagem para os EUA que tradicionalmente n\u00e3o era concedida a outras na\u00e7\u00f5es.<\/span><\/p>\n<p><span dir=\"auto\">A FIFA continua a insistir que a chamada telef\u00f3nica de Trump n\u00e3o influenciou o resultado,\u00a0<\/span><a href=\"https:\/\/www.nytimes.com\/athletic\/7425843\/2026\/07\/06\/infantino-trump-folarin-balogun-world-cup-ban\/?source=emp_shared_article&amp;amp;smid=ta-ios-share\" data-index=\"8\"><span dir=\"auto\">afirmando num comunicado divulgado na segunda-feira que os seus \u201c\u00f3rg\u00e3os judiciais s\u00e3o independentes e operam de forma aut\u00f3noma\u201d,<\/span><\/a><span dir=\"auto\">\u00a0mas a organiza\u00e7\u00e3o n\u00e3o justificou por que raz\u00e3o uma jogada considerada falta grave durante o jogo deixou de merecer a puni\u00e7\u00e3o habitual. A FIFA ainda n\u00e3o afirmou que o \u00e1rbitro, ou os assistentes de v\u00eddeo, cometeram um erro na decis\u00e3o ou na forma como o VAR foi implementado.<\/span><\/p>\n<p><span dir=\"auto\">Quase imediatamente ap\u00f3s a decis\u00e3o ser tomada, a raiva transbordou do outro lado do Atl\u00e2ntico. Isso foi, em muitos aspectos, mais uma cristaliza\u00e7\u00e3o da filosofia americana sob Trump, onde uma ordem internacional baseada em regras pode ser descartada quando considerada do interesse dos EUA.<\/span><\/p>\n<p><span class=\"alignnone\"><img data-recalc-dims=\"1\" loading=\"lazy\" decoding=\"async\" data-attachment-id=\"60164\" data-permalink=\"https:\/\/blogdoprosperi.com\/?attachment_id=60164\" data-orig-file=\"https:\/\/i0.wp.com\/blogdoprosperi.com\/wp-content\/uploads\/2026\/07\/Captura-de-Tela-2026-07-05-as-15.21.50.png?fit=766%2C722&amp;ssl=1\" data-orig-size=\"766,722\" data-comments-opened=\"1\" data-image-meta=\"{&quot;aperture&quot;:&quot;0&quot;,&quot;credit&quot;:&quot;&quot;,&quot;camera&quot;:&quot;&quot;,&quot;caption&quot;:&quot;&quot;,&quot;created_timestamp&quot;:&quot;0&quot;,&quot;copyright&quot;:&quot;&quot;,&quot;focal_length&quot;:&quot;0&quot;,&quot;iso&quot;:&quot;0&quot;,&quot;shutter_speed&quot;:&quot;0&quot;,&quot;title&quot;:&quot;&quot;,&quot;orientation&quot;:&quot;0&quot;,&quot;alt&quot;:&quot;&quot;}\" data-image-title=\"Captura de Tela 2026-07-05 \u00e0s 15.21.50\" data-image-description=\"\" data-image-caption=\"\" data-large-file=\"https:\/\/i0.wp.com\/blogdoprosperi.com\/wp-content\/uploads\/2026\/07\/Captura-de-Tela-2026-07-05-as-15.21.50.png?fit=766%2C722&amp;ssl=1\" class=\"alignnone size-medium wp-image-60164\" src=\"https:\/\/i0.wp.com\/blogdoprosperi.com\/wp-content\/uploads\/2026\/07\/Captura-de-Tela-2026-07-05-as-15.21.50.png?resize=401%2C378&#038;ssl=1\" alt=\"\" width=\"401\" height=\"378\" srcset=\"https:\/\/i0.wp.com\/blogdoprosperi.com\/wp-content\/uploads\/2026\/07\/Captura-de-Tela-2026-07-05-as-15.21.50.png?resize=401%2C378&amp;ssl=1 401w, https:\/\/i0.wp.com\/blogdoprosperi.com\/wp-content\/uploads\/2026\/07\/Captura-de-Tela-2026-07-05-as-15.21.50.png?resize=150%2C141&amp;ssl=1 150w, https:\/\/i0.wp.com\/blogdoprosperi.com\/wp-content\/uploads\/2026\/07\/Captura-de-Tela-2026-07-05-as-15.21.50.png?resize=450%2C424&amp;ssl=1 450w, https:\/\/i0.wp.com\/blogdoprosperi.com\/wp-content\/uploads\/2026\/07\/Captura-de-Tela-2026-07-05-as-15.21.50.png?resize=637%2C600&amp;ssl=1 637w, https:\/\/i0.wp.com\/blogdoprosperi.com\/wp-content\/uploads\/2026\/07\/Captura-de-Tela-2026-07-05-as-15.21.50.png?w=766&amp;ssl=1 766w\" sizes=\"auto, (max-width: 401px) 100vw, 401px\" \/><\/span><\/p>\n<p><span dir=\"auto\">Num dia, pode ser coopera\u00e7\u00e3o no combate \u00e0s mudan\u00e7as clim\u00e1ticas, ou tarifas econ\u00f4micas sobre parceiros de longa data. No outro, pode ser a retirada da Organiza\u00e7\u00e3o Mundial da Sa\u00fade, ou a amea\u00e7a de anexa\u00e7\u00e3o da Groenl\u00e2ndia, ou a transforma\u00e7\u00e3o do Canad\u00e1 no 51\u00ba estado americano.<\/span><\/p>\n<p><span dir=\"auto\">Nesse contexto, \u00e9 l\u00f3gico que os regulamentos de uma competi\u00e7\u00e3o global de futebol sejam considerados pass\u00edveis de serem manipulados pelos caprichos do governo, se as perspectivas dos jogadores americanos estiverem em jogo. A declara\u00e7\u00e3o p\u00fablica de Trump sobre sua interven\u00e7\u00e3o no Sal\u00e3o Oval na manh\u00e3 de segunda-feira n\u00e3o ajudou em nada a posi\u00e7\u00e3o da FIFA.<\/span><\/p>\n<p><strong>A liga\u00e7\u00e3o<\/strong><\/p>\n<p><span dir=\"auto\">\u201cEu liguei para o Infantino, pedi uma revis\u00e3o, porque n\u00e3o achei que fosse falta\u201d, disse Trump. \u201cSe n\u00e3o deixassem o melhor jogador, talvez o melhor, talvez um dos melhores jogadores da sele\u00e7\u00e3o (americana), jogar, acho que isso mancharia muito a Copa do Mundo. E eu expressei exatamente esse sentimento \u2014 eu n\u00e3o disse a ele o que fazer, n\u00e3o posso dizer a ele o que fazer.\u201d<\/span><\/p>\n<p><span dir=\"auto\">Mas para as federa\u00e7\u00f5es europeias de futebol, que muitas vezes s\u00e3o mais politicamente engajadas do que muitos imaginam, todas aquelas antigas ansiedades voltaram com for\u00e7a: o Pr\u00eamio Nobel da Paz,\u00a0<\/span><a href=\"https:\/\/www.nytimes.com\/athletic\/6857228\/2025\/12\/02\/village-people-ymca-trump-anthem-world-cup-draw-fifa\/\" data-index=\"10\"><span dir=\"auto\">a execu\u00e7\u00e3o de YMCA (um hino adotado por Trump) no sorteio da Copa do Mundo<\/span><\/a><span dir=\"auto\">\u00a0,\u00a0<\/span><a href=\"https:\/\/www.nytimes.com\/athletic\/6359867\/2025\/05\/15\/uefa-fifa-walk-out-infantino-trump\/\" data-index=\"11\"><span dir=\"auto\">o Congresso da FIFA em 2025, quando Infantino chegou atrasado ap\u00f3s priorizar uma viagem \u00e0 Ar\u00e1bia Saudita e ao Catar como parte integrante da comitiva de Trump<\/span><\/a><span dir=\"auto\">\u00a0.<\/span><\/p>\n<p><span dir=\"auto\">As suspeitas de tratamento favor\u00e1vel s\u00f3 aumentaram quando o senador Ted Cruz (republicano do Texas) disse a Trump no Sal\u00e3o Oval: &#8220;Em nome de todos os americanos, obrigado por se livrar daquele rid\u00edculo cart\u00e3o vermelho.&#8221;<\/span><\/p>\n<p><span dir=\"auto\">Trump sorriu. Cruz continuou, possivelmente em tom de brincadeira: \u201cFoi espetacular. Havia um motivo para o trof\u00e9u da FIFA ter ficado aqui por tanto tempo.\u201d Trump teve r\u00e9plicas dos trof\u00e9us da Copa do Mundo e do Mundial de Clubes em seu escrit\u00f3rio durante o \u00faltimo ano, fornecidas pela FIFA a seu pedido.<\/span><\/p>\n<figure id=\"attachment_48699\" aria-describedby=\"caption-attachment-48699\" style=\"width: 1318px\" class=\"wp-caption alignnone\"><img data-recalc-dims=\"1\" loading=\"lazy\" decoding=\"async\" data-attachment-id=\"48699\" data-permalink=\"https:\/\/blogdoprosperi.com\/?attachment_id=48699\" data-orig-file=\"https:\/\/i0.wp.com\/blogdoprosperi.com\/wp-content\/uploads\/2025\/03\/captura-de-tela-2025-03-07-as-19.40.27.png?fit=1318%2C680&amp;ssl=1\" data-orig-size=\"1318,680\" data-comments-opened=\"1\" data-image-meta=\"{&quot;aperture&quot;:&quot;0&quot;,&quot;credit&quot;:&quot;&quot;,&quot;camera&quot;:&quot;&quot;,&quot;caption&quot;:&quot;&quot;,&quot;created_timestamp&quot;:&quot;0&quot;,&quot;copyright&quot;:&quot;&quot;,&quot;focal_length&quot;:&quot;0&quot;,&quot;iso&quot;:&quot;0&quot;,&quot;shutter_speed&quot;:&quot;0&quot;,&quot;title&quot;:&quot;&quot;,&quot;orientation&quot;:&quot;0&quot;}\" data-image-title=\"Gianni Infantino, presidente da Fifa\" data-image-description=\"\" data-image-caption=\"&lt;p&gt;Infantino \u2013 foto: reprodu\u00e7\u00e3o Instagram&lt;\/p&gt;\n\" data-large-file=\"https:\/\/i0.wp.com\/blogdoprosperi.com\/wp-content\/uploads\/2025\/03\/captura-de-tela-2025-03-07-as-19.40.27.png?fit=940%2C485&amp;ssl=1\" class=\"size-full wp-image-48699\" src=\"https:\/\/i0.wp.com\/blogdoprosperi.com\/wp-content\/uploads\/2025\/03\/captura-de-tela-2025-03-07-as-19.40.27.png?resize=940%2C485&#038;ssl=1\" alt=\"Infantino: &quot;estou indignado&quot;\" width=\"940\" height=\"485\" \/><figcaption id=\"caption-attachment-48699\" class=\"wp-caption-text\">Infantino \u2013 foto: reprodu\u00e7\u00e3o Instagram<\/figcaption><\/figure>\n<p><span dir=\"auto\">No final da semana passada, o secret\u00e1rio de Estado Marco Rubio afirmou que os EUA foram &#8220;prejudicados&#8221; pelo cart\u00e3o vermelho. Na segunda-feira, Giuliani disse \u00e0 ESPN que Raphael Claus, o \u00e1rbitro brasileiro que marcou o p\u00eanalti, tinha um\u00a0<\/span><a href=\"https:\/\/www.espn.com\/soccer\/story\/_\/id\/49288020\/giuliani-us-involvement-balogun-red-reversal-not-affect-usmnt-legacy\" rel=\"nofollow noopener noreferrer\" data-index=\"12\"><span dir=\"auto\">&#8220;passado muito controverso&#8221;<\/span><\/a><span dir=\"auto\">\u00a0\u2014 Trump havia chamado o \u00e1rbitro de &#8220;suspeito&#8221; \u2014 e Giuliani afirmou que ele, o presidente e Lutnick se reuniram para decidir que &#8220;deve haver uma maneira de corrigir essa injusti\u00e7a&#8221;. Considerando tudo isso, as imagens n\u00e3o foram nada agrad\u00e1veis \u200b\u200bpara a FIFA.<\/span><\/p>\n<p><strong>A ingenuidade<\/strong><\/p>\n<p><span dir=\"auto\">Aparentemente, a FIFA foi ing\u00eanua ao esperar que esse epis\u00f3dio passasse despercebido, sem se transformar em uma celebra\u00e7\u00e3o da vit\u00f3ria de Trump. A essa altura, qualquer observador do governo Trump j\u00e1 deve saber que ele sempre buscar\u00e1 o cr\u00e9dito por aquilo que considera promover os objetivos americanos. Ele far\u00e1 isso antes mesmo de se preocupar com a imagem p\u00fablica da situa\u00e7\u00e3o \u2014 mesmo que a conquista tenha sido alcan\u00e7ada fora das conven\u00e7\u00f5es usuais. Se isso por acaso incomodar aqueles que o c\u00edrculo de Trump considera europeus conservadores, presos a todas aquelas regulamenta\u00e7\u00f5es inc\u00f4modas, melhor ainda.<\/span><\/p>\n<p><span dir=\"auto\">Antes da confer\u00eancia de imprensa de Trump, os europeus estavam em peso nas ruas. O t\u00e9cnico da B\u00e9lgica, Rudi Garcia, cuja equipe tentou reverter a decis\u00e3o antes da partida, afirmou no domingo que os belgas buscavam defender a \u201cintegridade e a \u00e9tica\u201d do futebol. A UEFA, entidade que rege o futebol europeu, disse que a decis\u00e3o da FIFA \u201ccruzou uma linha vermelha\u201d, classificando-a como \u201csem precedentes e injustific\u00e1vel\u201d.<\/span><\/p>\n<p><span dir=\"auto\">A federa\u00e7\u00e3o su\u00ed\u00e7a de futebol disse que a decis\u00e3o era \u201cincompreens\u00edvel\u201d. A presidente da federa\u00e7\u00e3o norueguesa de futebol, Lise Klaveness, afirmou que a decis\u00e3o levantou preocupa\u00e7\u00f5es sobre \u201ca integridade da competi\u00e7\u00e3o, a interfer\u00eancia pol\u00edtica em assuntos esportivos e a credibilidade do futebol\u201d. Mais manifesta\u00e7\u00f5es vieram da Alemanha e da It\u00e1lia, com as na\u00e7\u00f5es europeias demonstrando apoio \u00e0 B\u00e9lgica.<\/span><\/p>\n<p><span dir=\"auto\">A Confedera\u00e7\u00e3o Sul-Americana de Futebol (CONMEBOL) divulgou ent\u00e3o um comunicado defendendo a \u201chonestidade, independ\u00eancia e compet\u00eancia profissional\u201d do \u00e1rbitro Claus. A FIFA, posteriormente, tamb\u00e9m se manifestou, com Pierluigi Collina, diretor de arbitragem da FIFA, afirmando que a entidade mant\u00e9m \u201ctotal confian\u00e7a\u201d no \u00e1rbitro.<\/span><\/p>\n<p><span dir=\"auto\">Ao sentar-se no Lumen Field na segunda-feira, Infantino certamente n\u00e3o se sentia \u00e0 vontade. Se os Estados Unidos tivessem vencido a partida e Balogun tivesse tido uma influ\u00eancia decisiva, \u00e9 f\u00e1cil imaginar a repercuss\u00e3o que o caso poderia ter sofrido nos dias seguintes. Ele estava sentado ao lado da presidente da federa\u00e7\u00e3o belga de futebol, Pascale van Damme. A organiza\u00e7\u00e3o havia considerado a op\u00e7\u00e3o mais dr\u00e1stica na segunda-feira, mas acabou optando por deixar o jogo seguir seu curso em vez de levar o caso imediatamente ao Tribunal Arbitral do Esporte.<\/span><\/p>\n<p><strong>A motiva\u00e7\u00e3o<\/strong><\/p>\n<p><span dir=\"auto\">Essa decis\u00e3o fez sentido, principalmente porque sua equipe apareceu, ressentida e motivada, e decidiu que a melhor solu\u00e7\u00e3o era expulsar suas advers\u00e1rias americanas de campo.<\/span><\/p>\n<p><span dir=\"auto\">Para Infantino, a vit\u00f3ria da B\u00e9lgica foi como encobrir as chamas. A tens\u00e3o pode diminuir por ora. Mas para o presidente da FIFA, esta \u00e9 uma mancha nesta Copa do Mundo que n\u00e3o ser\u00e1 apagada facilmente. Apesar de todas as suas artimanhas fora de campo, a decis\u00e3o da FIFA de reintegrar Balogun amea\u00e7ou interferir no jogo em si, a \u00fanica \u00e1rea que todos os dirigentes, participantes e torcedores geralmente acreditam que deveria permanecer intoc\u00e1vel.<\/span><\/p>\n<p><span dir=\"auto\">Em \u00faltima an\u00e1lise, pareceu ser mais um momento em que seu desejo de conquistar a afei\u00e7\u00e3o de Trump, cobrindo-o de presentes e elogios, teve suas limita\u00e7\u00f5es expostas no cen\u00e1rio global.<\/span><\/p>\n<p><strong>As manchas<\/strong><\/p>\n<figure id=\"attachment_59474\" aria-describedby=\"caption-attachment-59474\" style=\"width: 465px\" class=\"wp-caption alignnone\"><img data-recalc-dims=\"1\" loading=\"lazy\" decoding=\"async\" data-attachment-id=\"59474\" data-permalink=\"https:\/\/blogdoprosperi.com\/?attachment_id=59474\" data-orig-file=\"https:\/\/i0.wp.com\/blogdoprosperi.com\/wp-content\/uploads\/2026\/06\/Captura-de-Tela-2026-06-15-as-15.17.42.png?fit=1086%2C882&amp;ssl=1\" data-orig-size=\"1086,882\" data-comments-opened=\"1\" data-image-meta=\"{&quot;aperture&quot;:&quot;0&quot;,&quot;credit&quot;:&quot;&quot;,&quot;camera&quot;:&quot;&quot;,&quot;caption&quot;:&quot;&quot;,&quot;created_timestamp&quot;:&quot;0&quot;,&quot;copyright&quot;:&quot;&quot;,&quot;focal_length&quot;:&quot;0&quot;,&quot;iso&quot;:&quot;0&quot;,&quot;shutter_speed&quot;:&quot;0&quot;,&quot;title&quot;:&quot;&quot;,&quot;orientation&quot;:&quot;0&quot;,&quot;alt&quot;:&quot;&quot;}\" data-image-title=\"Captura de Tela 2026-06-15 \u00e0s 15.17.42\" data-image-description=\"\" data-image-caption=\"&lt;p&gt;Vozinha fecha gol de Cabo Verde contra Espanha \u2013 foto: Fifa oficial&lt;\/p&gt;\n\" data-large-file=\"https:\/\/i0.wp.com\/blogdoprosperi.com\/wp-content\/uploads\/2026\/06\/Captura-de-Tela-2026-06-15-as-15.17.42.png?fit=940%2C764&amp;ssl=1\" class=\"size-medium wp-image-59474\" src=\"https:\/\/i0.wp.com\/blogdoprosperi.com\/wp-content\/uploads\/2026\/06\/Captura-de-Tela-2026-06-15-as-15.17.42.png?resize=465%2C378&#038;ssl=1\" alt=\"\" width=\"465\" height=\"378\" srcset=\"https:\/\/i0.wp.com\/blogdoprosperi.com\/wp-content\/uploads\/2026\/06\/Captura-de-Tela-2026-06-15-as-15.17.42.png?resize=465%2C378&amp;ssl=1 465w, https:\/\/i0.wp.com\/blogdoprosperi.com\/wp-content\/uploads\/2026\/06\/Captura-de-Tela-2026-06-15-as-15.17.42.png?resize=1024%2C832&amp;ssl=1 1024w, https:\/\/i0.wp.com\/blogdoprosperi.com\/wp-content\/uploads\/2026\/06\/Captura-de-Tela-2026-06-15-as-15.17.42.png?resize=150%2C122&amp;ssl=1 150w, https:\/\/i0.wp.com\/blogdoprosperi.com\/wp-content\/uploads\/2026\/06\/Captura-de-Tela-2026-06-15-as-15.17.42.png?resize=768%2C624&amp;ssl=1 768w, https:\/\/i0.wp.com\/blogdoprosperi.com\/wp-content\/uploads\/2026\/06\/Captura-de-Tela-2026-06-15-as-15.17.42.png?resize=450%2C365&amp;ssl=1 450w, https:\/\/i0.wp.com\/blogdoprosperi.com\/wp-content\/uploads\/2026\/06\/Captura-de-Tela-2026-06-15-as-15.17.42.png?resize=739%2C600&amp;ssl=1 739w, https:\/\/i0.wp.com\/blogdoprosperi.com\/wp-content\/uploads\/2026\/06\/Captura-de-Tela-2026-06-15-as-15.17.42.png?w=1086&amp;ssl=1 1086w\" sizes=\"auto, (max-width: 465px) 100vw, 465px\" \/><figcaption id=\"caption-attachment-59474\" class=\"wp-caption-text\">Vozinha fecha gol de Cabo Verde contra Espanha \u2013 foto: Fifa oficial<\/figcaption><\/figure>\n<p><span dir=\"auto\">N\u00e3o \u00e9 a primeira vez que esta administra\u00e7\u00e3o mancha a reputa\u00e7\u00e3o de um \u00e1rbitro. O governo dos EUA come\u00e7ou o torneio\u00a0<\/span><a href=\"https:\/\/www.nytimes.com\/athletic\/7347860\/2026\/06\/10\/world-cup-referee-somalia-usa-trump\/\" data-index=\"14\"><span dir=\"auto\">proibindo a entrada nos EUA do \u00e1rbitro da FIFA, Omar Abdulkadir Artan, devido \u00e0 sua &#8220;associa\u00e7\u00e3o com supostos membros de organiza\u00e7\u00f5es terroristas&#8221;<\/span><\/a><span dir=\"auto\">\u00a0.\u00a0<\/span><a href=\"https:\/\/www.nytimes.com\/athletic\/7405048\/2026\/06\/30\/inside-iran-disaster-world-cup-infantino\/\" data-index=\"15\"><span dir=\"auto\">O capit\u00e3o do Ir\u00e3, Mehdi Taremi, descreveu esta Copa do Mundo como um &#8220;desastre&#8221;<\/span><\/a><span dir=\"auto\">\u00a0, tamanhas foram as restri\u00e7\u00f5es e os obst\u00e1culos impostos \u00e0 sua equipe durante o torneio.<\/span><\/p>\n<p><span dir=\"auto\">O goleiro de Cabo Verde, Vozinha, foi um dos destaques da fase de grupos, mas alegou que problemas com o visto impediram sua m\u00e3e de testemunhar pessoalmente suas atua\u00e7\u00f5es heroicas contra a Espanha \u2014 o Departamento de Estado afirmou n\u00e3o ter &#8220;nenhum registro&#8221; de que a m\u00e3e do goleiro tivesse solicitado um visto.<\/span><\/p>\n<p><span dir=\"auto\">O capit\u00e3o do Senegal, Kalidou Koulibaly, questionou por que os africanos\u00a0<\/span><a href=\"https:\/\/www.nytimes.com\/athletic\/7367880\/2026\/06\/16\/world-cup-fans-travel-ban-senegal\/\" data-index=\"16\"><span dir=\"auto\">n\u00e3o podem ter seus compatriotas em seu torneio<\/span><\/a><span dir=\"auto\">\u00a0, visto que quatro na\u00e7\u00f5es participantes ainda est\u00e3o sob restri\u00e7\u00f5es de viagem.<\/span><\/p>\n<p><span dir=\"auto\">No mundo de Infantino, a Copa do Mundo une o planeta. Houve momentos, durante o \u00faltimo m\u00eas, em que di\u00e1sporas dan\u00e7aram e turistas vibraram, em que essa promessa pareceu estar pr\u00f3xima da realidade. E h\u00e1 tamb\u00e9m momentos em que parece que esse esporte pode despeda\u00e7ar o mundo.<\/span><\/p>\n<p><span dir=\"auto\">A caminho do est\u00e1dio, um torcedor americano tomava um gole de cerveja sob o sol da tarde. Estampada em sua camiseta, a frase bem-humorada: \u201cEUA contra todos\u201d. Naquele dia, n\u00e3o poderia haver frase mais apropriada.<\/span><\/p>\n<hr \/>\n<p><strong><span dir=\"auto\">Adam Crafton<\/span><\/strong>\u00a0<em>\u00e9 um jornalista brit\u00e2nico radicado em Nova Iorque, para onde se mudou de Londres em 2024. Ele cobre principalmente futebol para o <strong>The Athletic<\/strong>. Em 2024, foi eleito o Jornalista Esportivo do Ano pela Associa\u00e7\u00e3o de Jornalistas Esportivos, ap\u00f3s ter ganho o pr\u00eamio de Jovem Jornalista Esportivo do Ano em 2018.<\/em><\/p>\n<p>link da reportagem: <span style=\"color: #0000ff;\"><strong><a style=\"color: #0000ff;\" href=\"https:\/\/www.nytimes.com\/athletic\/7426846\/2026\/07\/07\/trump-world-cup-usmnt-belgium\/\">https:\/\/www.nytimes.com\/athletic\/7426846\/2026\/07\/07\/trump-world-cup-usmnt-belgium\/<\/a><\/strong><\/span><\/p>\n","protected":false},"excerpt":{"rendered":"<p>Estados Unidos est\u00e3o fora da Copa do Mundo 2026. Ca\u00edram diante da B\u00e9lgica, impiedosa com a vit\u00f3ria por [&hellip;]<\/p>\n","protected":false},"author":102107496,"featured_media":51121,"comment_status":"open","ping_status":"open","sticky":false,"template":"","format":"standard","meta":{"_coblocks_attr":"","_coblocks_dimensions":"","_coblocks_responsive_height":"","_coblocks_accordion_ie_support":"","_jetpack_newsletter_access":"","_jetpack_dont_email_post_to_subs":false,"_jetpack_newsletter_tier_id":0,"_jetpack_memberships_contains_paywalled_content":false,"_wpcom_ai_launchpad_first_post":false,"_jetpack_feature_clip_id":0,"_jetpack_memberships_contains_paid_content":false,"footnotes":"","jetpack_publicize_message":"","jetpack_publicize_feature_enabled":true,"jetpack_social_post_already_shared":true,"jetpack_social_options":{"image_generator_settings":{"template":"highway","default_image_id":0,"font":"","enabled":false},"version":2},"jetpack_post_was_ever_published":false},"categories":[36820279,53870],"tags":[789560675,569949222,789560677,789560563,881794,467532],"class_list":["post-60205","post","type-post","status-publish","format-standard","has-post-thumbnail","hentry","category-copa-2026","category-futebol","tag-balogun","tag-copa2026","tag-eua1x4belgica","tag-fifa","tag-infantino","tag-trump"],"yoast_head":"<!-- This site is optimized with the Yoast SEO plugin v28.3 - https:\/\/yoast.com\/product\/yoast-seo-wordpress\/ -->\n<title>Entenda: A pol\u00eamica envolvendo Trump e a derrota esmagadora dos EUA deixam a Copa do Mundo de Infantino manchada - PR\u00d3SPERI NEWS<\/title>\n<meta name=\"robots\" content=\"index, follow, max-snippet:-1, max-image-preview:large, max-video-preview:-1\" \/>\n<link rel=\"canonical\" href=\"https:\/\/blogdoprosperi.com\/?p=60205\" \/>\n<meta property=\"og:locale\" content=\"pt_BR\" \/>\n<meta property=\"og:type\" content=\"article\" \/>\n<meta property=\"og:title\" content=\"Entenda: A pol\u00eamica envolvendo Trump e a derrota esmagadora dos EUA deixam a Copa do Mundo de Infantino manchada - PR\u00d3SPERI NEWS\" \/>\n<meta property=\"og:description\" content=\"Estados Unidos est\u00e3o fora da Copa do Mundo 2026. Ca\u00edram diante da B\u00e9lgica, impiedosa com a vit\u00f3ria por [&hellip;]\" \/>\n<meta property=\"og:url\" content=\"https:\/\/blogdoprosperi.com\/?p=60205\" \/>\n<meta property=\"og:site_name\" content=\"PR\u00d3SPERI NEWS\" \/>\n<meta property=\"article:publisher\" content=\"Luiz Pr\u00f3speri\" \/>\n<meta property=\"article:author\" content=\"Luiz Pr\u00f3speri\" \/>\n<meta property=\"article:published_time\" content=\"2026-07-07T15:37:18+00:00\" \/>\n<meta property=\"article:modified_time\" content=\"2026-07-07T15:43:08+00:00\" \/>\n<meta property=\"og:image\" content=\"https:\/\/i0.wp.com\/blogdoprosperi.com\/wp-content\/uploads\/2025\/06\/thumbs.web_.sapo-1.webp?fit=810%2C451&ssl=1\" \/>\n\t<meta property=\"og:image:width\" content=\"810\" \/>\n\t<meta property=\"og:image:height\" content=\"451\" \/>\n\t<meta property=\"og:image:type\" content=\"image\/webp\" \/>\n<meta name=\"author\" content=\"Luiz Ant\u00f4nio Pr\u00f3speri\" \/>\n<meta name=\"twitter:card\" content=\"summary_large_image\" \/>\n<meta name=\"twitter:creator\" content=\"@Luizprosperi\" \/>\n<meta name=\"twitter:site\" content=\"@Luizprosperi\" \/>\n<meta name=\"twitter:label1\" content=\"Escrito por\" \/>\n\t<meta name=\"twitter:data1\" content=\"Luiz Ant\u00f4nio Pr\u00f3speri\" \/>\n\t<meta name=\"twitter:label2\" content=\"Est. tempo de leitura\" \/>\n\t<meta name=\"twitter:data2\" content=\"11 minutos\" \/>\n<script type=\"application\/ld+json\" class=\"yoast-schema-graph\">{\"@context\":\"https:\\\/\\\/schema.org\",\"@graph\":[{\"@type\":\"Article\",\"@id\":\"https:\\\/\\\/blogdoprosperi.com\\\/?p=60205#article\",\"isPartOf\":{\"@id\":\"https:\\\/\\\/blogdoprosperi.com\\\/?p=60205\"},\"author\":{\"name\":\"Luiz Ant\u00f4nio Pr\u00f3speri\",\"@id\":\"https:\\\/\\\/blogdoprosperi.com\\\/#\\\/schema\\\/person\\\/38100755ce3601861ee4fab9b5aa78e9\"},\"headline\":\"Entenda: A pol\u00eamica envolvendo Trump e a derrota esmagadora dos EUA deixam a Copa do Mundo de Infantino manchada\",\"datePublished\":\"2026-07-07T15:37:18+00:00\",\"dateModified\":\"2026-07-07T15:43:08+00:00\",\"mainEntityOfPage\":{\"@id\":\"https:\\\/\\\/blogdoprosperi.com\\\/?p=60205\"},\"wordCount\":2264,\"commentCount\":0,\"publisher\":{\"@id\":\"https:\\\/\\\/blogdoprosperi.com\\\/#\\\/schema\\\/person\\\/38100755ce3601861ee4fab9b5aa78e9\"},\"image\":{\"@id\":\"https:\\\/\\\/blogdoprosperi.com\\\/?p=60205#primaryimage\"},\"thumbnailUrl\":\"https:\\\/\\\/i0.wp.com\\\/blogdoprosperi.com\\\/wp-content\\\/uploads\\\/2025\\\/06\\\/thumbs.web_.sapo-1.webp?fit=810%2C451&ssl=1\",\"keywords\":[\"balogun\",\"Copa2026\",\"eua1x4b\u00e9lgica\",\"Fifa\",\"Infantino\",\"trump\"],\"articleSection\":[\"copa 2026\",\"futebol\"],\"inLanguage\":\"pt-BR\",\"potentialAction\":[{\"@type\":\"CommentAction\",\"name\":\"Comment\",\"target\":[\"https:\\\/\\\/blogdoprosperi.com\\\/?p=60205#respond\"]}]},{\"@type\":\"WebPage\",\"@id\":\"https:\\\/\\\/blogdoprosperi.com\\\/?p=60205\",\"url\":\"https:\\\/\\\/blogdoprosperi.com\\\/?p=60205\",\"name\":\"Entenda: A pol\u00eamica envolvendo Trump e a derrota esmagadora dos EUA deixam a Copa do Mundo de Infantino manchada - PR\u00d3SPERI NEWS\",\"isPartOf\":{\"@id\":\"https:\\\/\\\/blogdoprosperi.com\\\/#website\"},\"primaryImageOfPage\":{\"@id\":\"https:\\\/\\\/blogdoprosperi.com\\\/?p=60205#primaryimage\"},\"image\":{\"@id\":\"https:\\\/\\\/blogdoprosperi.com\\\/?p=60205#primaryimage\"},\"thumbnailUrl\":\"https:\\\/\\\/i0.wp.com\\\/blogdoprosperi.com\\\/wp-content\\\/uploads\\\/2025\\\/06\\\/thumbs.web_.sapo-1.webp?fit=810%2C451&ssl=1\",\"datePublished\":\"2026-07-07T15:37:18+00:00\",\"dateModified\":\"2026-07-07T15:43:08+00:00\",\"breadcrumb\":{\"@id\":\"https:\\\/\\\/blogdoprosperi.com\\\/?p=60205#breadcrumb\"},\"inLanguage\":\"pt-BR\",\"potentialAction\":[{\"@type\":\"ReadAction\",\"target\":[\"https:\\\/\\\/blogdoprosperi.com\\\/?p=60205\"]}]},{\"@type\":\"ImageObject\",\"inLanguage\":\"pt-BR\",\"@id\":\"https:\\\/\\\/blogdoprosperi.com\\\/?p=60205#primaryimage\",\"url\":\"https:\\\/\\\/i0.wp.com\\\/blogdoprosperi.com\\\/wp-content\\\/uploads\\\/2025\\\/06\\\/thumbs.web_.sapo-1.webp?fit=810%2C451&ssl=1\",\"contentUrl\":\"https:\\\/\\\/i0.wp.com\\\/blogdoprosperi.com\\\/wp-content\\\/uploads\\\/2025\\\/06\\\/thumbs.web_.sapo-1.webp?fit=810%2C451&ssl=1\",\"width\":810,\"height\":451,\"caption\":\"Trump da cart\u00e3o vermelho \u00e0 imprensa e Infantino sorri \u2013 foto: reprodu\u00e7\u00e3o X Fifa\"},{\"@type\":\"BreadcrumbList\",\"@id\":\"https:\\\/\\\/blogdoprosperi.com\\\/?p=60205#breadcrumb\",\"itemListElement\":[{\"@type\":\"ListItem\",\"position\":1,\"name\":\"In\u00edcio\",\"item\":\"https:\\\/\\\/blogdoprosperi.com\\\/\"},{\"@type\":\"ListItem\",\"position\":2,\"name\":\"Entenda: A pol\u00eamica envolvendo Trump e a derrota esmagadora dos EUA deixam a Copa do Mundo de Infantino manchada\"}]},{\"@type\":\"WebSite\",\"@id\":\"https:\\\/\\\/blogdoprosperi.com\\\/#website\",\"url\":\"https:\\\/\\\/blogdoprosperi.com\\\/\",\"name\":\"PR\u00d3SPERI NEWS\",\"description\":\"TUDO \u00c9  FUTEBOL\",\"publisher\":{\"@id\":\"https:\\\/\\\/blogdoprosperi.com\\\/#\\\/schema\\\/person\\\/38100755ce3601861ee4fab9b5aa78e9\"},\"alternateName\":\"blogdoprosperi.com\",\"potentialAction\":[{\"@type\":\"SearchAction\",\"target\":{\"@type\":\"EntryPoint\",\"urlTemplate\":\"https:\\\/\\\/blogdoprosperi.com\\\/?s={search_term_string}\"},\"query-input\":{\"@type\":\"PropertyValueSpecification\",\"valueRequired\":true,\"valueName\":\"search_term_string\"}}],\"inLanguage\":\"pt-BR\"},{\"@type\":[\"Person\",\"Organization\"],\"@id\":\"https:\\\/\\\/blogdoprosperi.com\\\/#\\\/schema\\\/person\\\/38100755ce3601861ee4fab9b5aa78e9\",\"name\":\"Luiz Ant\u00f4nio Pr\u00f3speri\",\"pronouns\":\"ele\",\"image\":{\"@type\":\"ImageObject\",\"inLanguage\":\"pt-BR\",\"@id\":\"https:\\\/\\\/i0.wp.com\\\/blogdoprosperi.com\\\/wp-content\\\/uploads\\\/2026\\\/05\\\/cropped-8059e613-6002-42fa-961e-8e275f575d71-2-5.jpg?fit=1360%2C931&ssl=1\",\"url\":\"https:\\\/\\\/i0.wp.com\\\/blogdoprosperi.com\\\/wp-content\\\/uploads\\\/2026\\\/05\\\/cropped-8059e613-6002-42fa-961e-8e275f575d71-2-5.jpg?fit=1360%2C931&ssl=1\",\"contentUrl\":\"https:\\\/\\\/i0.wp.com\\\/blogdoprosperi.com\\\/wp-content\\\/uploads\\\/2026\\\/05\\\/cropped-8059e613-6002-42fa-961e-8e275f575d71-2-5.jpg?fit=1360%2C931&ssl=1\",\"width\":1360,\"height\":931,\"caption\":\"Luiz Ant\u00f4nio Pr\u00f3speri\"},\"logo\":{\"@id\":\"https:\\\/\\\/i0.wp.com\\\/blogdoprosperi.com\\\/wp-content\\\/uploads\\\/2026\\\/05\\\/cropped-8059e613-6002-42fa-961e-8e275f575d71-2-5.jpg?fit=1360%2C931&ssl=1\"},\"description\":\"Jornalista com carreira dedicada ao esporte. Cobriu 9 Copas do Mundo in loco, 1990 na It\u00e1lia, 1994 nos EUA, 1998 na Fran\u00e7a, 2002 na Coreia do Sul e Jap\u00e3o, 2006 na Alemanha, 2010 na \u00c1frica do Sul, 2014 no Brasil, 2018 na R\u00fassia e 2022 no Qatar. Eurocopas, 1992 na Su\u00e9cia e 1996 na Inglaterra. Copa das Confedera\u00e7\u00f5es de 2005 na Alemanha e 2009 na \u00c1frica do Sul. Rep\u00f3rter e Editor, trabalhou no Jornal da Tarde e Estad\u00e3o, de 1984 a fevereiro de 2016. Colunista, blogueiro. E comentarista de futebol na R\u00e1dio Estad\u00e3o, de 2013 a fevereiro de 2016. Jornalista respons\u00e1vel do \\\"Pr\u00f3speri News\\\" (blogdoprosperi.com).\",\"sameAs\":[\"http:\\\/\\\/blogdoprosperi.com\",\"Luiz Pr\u00f3speri\",\"@luiz_prosperi\",\"https:\\\/\\\/x.com\\\/Luizprosperi\",\"@prosperinacopa\",\"luiz.prosperi@icloud.com\"],\"url\":\"https:\\\/\\\/blogdoprosperi.com\\\/?author=102107496\"}]}<\/script>\n<!-- \/ Yoast SEO plugin. -->","yoast_head_json":{"title":"Entenda: A pol\u00eamica envolvendo Trump e a derrota esmagadora dos EUA deixam a Copa do Mundo de Infantino manchada - PR\u00d3SPERI NEWS","robots":{"index":"index","follow":"follow","max-snippet":"max-snippet:-1","max-image-preview":"max-image-preview:large","max-video-preview":"max-video-preview:-1"},"canonical":"https:\/\/blogdoprosperi.com\/?p=60205","og_locale":"pt_BR","og_type":"article","og_title":"Entenda: A pol\u00eamica envolvendo Trump e a derrota esmagadora dos EUA deixam a Copa do Mundo de Infantino manchada - PR\u00d3SPERI NEWS","og_description":"Estados Unidos est\u00e3o fora da Copa do Mundo 2026. Ca\u00edram diante da B\u00e9lgica, impiedosa com a vit\u00f3ria por [&hellip;]","og_url":"https:\/\/blogdoprosperi.com\/?p=60205","og_site_name":"PR\u00d3SPERI NEWS","article_publisher":"Luiz Pr\u00f3speri","article_author":"Luiz Pr\u00f3speri","article_published_time":"2026-07-07T15:37:18+00:00","article_modified_time":"2026-07-07T15:43:08+00:00","og_image":[{"width":810,"height":451,"url":"https:\/\/i0.wp.com\/blogdoprosperi.com\/wp-content\/uploads\/2025\/06\/thumbs.web_.sapo-1.webp?fit=810%2C451&ssl=1","type":"image\/webp"}],"author":"Luiz Ant\u00f4nio Pr\u00f3speri","twitter_card":"summary_large_image","twitter_creator":"@Luizprosperi","twitter_site":"@Luizprosperi","twitter_misc":{"Escrito por":"Luiz Ant\u00f4nio Pr\u00f3speri","Est. tempo de leitura":"11 minutos"},"schema":{"@context":"https:\/\/schema.org","@graph":[{"@type":"Article","@id":"https:\/\/blogdoprosperi.com\/?p=60205#article","isPartOf":{"@id":"https:\/\/blogdoprosperi.com\/?p=60205"},"author":{"name":"Luiz Ant\u00f4nio Pr\u00f3speri","@id":"https:\/\/blogdoprosperi.com\/#\/schema\/person\/38100755ce3601861ee4fab9b5aa78e9"},"headline":"Entenda: A pol\u00eamica envolvendo Trump e a derrota esmagadora dos EUA deixam a Copa do Mundo de Infantino manchada","datePublished":"2026-07-07T15:37:18+00:00","dateModified":"2026-07-07T15:43:08+00:00","mainEntityOfPage":{"@id":"https:\/\/blogdoprosperi.com\/?p=60205"},"wordCount":2264,"commentCount":0,"publisher":{"@id":"https:\/\/blogdoprosperi.com\/#\/schema\/person\/38100755ce3601861ee4fab9b5aa78e9"},"image":{"@id":"https:\/\/blogdoprosperi.com\/?p=60205#primaryimage"},"thumbnailUrl":"https:\/\/i0.wp.com\/blogdoprosperi.com\/wp-content\/uploads\/2025\/06\/thumbs.web_.sapo-1.webp?fit=810%2C451&ssl=1","keywords":["balogun","Copa2026","eua1x4b\u00e9lgica","Fifa","Infantino","trump"],"articleSection":["copa 2026","futebol"],"inLanguage":"pt-BR","potentialAction":[{"@type":"CommentAction","name":"Comment","target":["https:\/\/blogdoprosperi.com\/?p=60205#respond"]}]},{"@type":"WebPage","@id":"https:\/\/blogdoprosperi.com\/?p=60205","url":"https:\/\/blogdoprosperi.com\/?p=60205","name":"Entenda: A pol\u00eamica envolvendo Trump e a derrota esmagadora dos EUA deixam a Copa do Mundo de Infantino manchada - PR\u00d3SPERI NEWS","isPartOf":{"@id":"https:\/\/blogdoprosperi.com\/#website"},"primaryImageOfPage":{"@id":"https:\/\/blogdoprosperi.com\/?p=60205#primaryimage"},"image":{"@id":"https:\/\/blogdoprosperi.com\/?p=60205#primaryimage"},"thumbnailUrl":"https:\/\/i0.wp.com\/blogdoprosperi.com\/wp-content\/uploads\/2025\/06\/thumbs.web_.sapo-1.webp?fit=810%2C451&ssl=1","datePublished":"2026-07-07T15:37:18+00:00","dateModified":"2026-07-07T15:43:08+00:00","breadcrumb":{"@id":"https:\/\/blogdoprosperi.com\/?p=60205#breadcrumb"},"inLanguage":"pt-BR","potentialAction":[{"@type":"ReadAction","target":["https:\/\/blogdoprosperi.com\/?p=60205"]}]},{"@type":"ImageObject","inLanguage":"pt-BR","@id":"https:\/\/blogdoprosperi.com\/?p=60205#primaryimage","url":"https:\/\/i0.wp.com\/blogdoprosperi.com\/wp-content\/uploads\/2025\/06\/thumbs.web_.sapo-1.webp?fit=810%2C451&ssl=1","contentUrl":"https:\/\/i0.wp.com\/blogdoprosperi.com\/wp-content\/uploads\/2025\/06\/thumbs.web_.sapo-1.webp?fit=810%2C451&ssl=1","width":810,"height":451,"caption":"Trump da cart\u00e3o vermelho \u00e0 imprensa e Infantino sorri \u2013 foto: reprodu\u00e7\u00e3o X Fifa"},{"@type":"BreadcrumbList","@id":"https:\/\/blogdoprosperi.com\/?p=60205#breadcrumb","itemListElement":[{"@type":"ListItem","position":1,"name":"In\u00edcio","item":"https:\/\/blogdoprosperi.com\/"},{"@type":"ListItem","position":2,"name":"Entenda: A pol\u00eamica envolvendo Trump e a derrota esmagadora dos EUA deixam a Copa do Mundo de Infantino manchada"}]},{"@type":"WebSite","@id":"https:\/\/blogdoprosperi.com\/#website","url":"https:\/\/blogdoprosperi.com\/","name":"PR\u00d3SPERI NEWS","description":"TUDO \u00c9  FUTEBOL","publisher":{"@id":"https:\/\/blogdoprosperi.com\/#\/schema\/person\/38100755ce3601861ee4fab9b5aa78e9"},"alternateName":"blogdoprosperi.com","potentialAction":[{"@type":"SearchAction","target":{"@type":"EntryPoint","urlTemplate":"https:\/\/blogdoprosperi.com\/?s={search_term_string}"},"query-input":{"@type":"PropertyValueSpecification","valueRequired":true,"valueName":"search_term_string"}}],"inLanguage":"pt-BR"},{"@type":["Person","Organization"],"@id":"https:\/\/blogdoprosperi.com\/#\/schema\/person\/38100755ce3601861ee4fab9b5aa78e9","name":"Luiz Ant\u00f4nio Pr\u00f3speri","pronouns":"ele","image":{"@type":"ImageObject","inLanguage":"pt-BR","@id":"https:\/\/i0.wp.com\/blogdoprosperi.com\/wp-content\/uploads\/2026\/05\/cropped-8059e613-6002-42fa-961e-8e275f575d71-2-5.jpg?fit=1360%2C931&ssl=1","url":"https:\/\/i0.wp.com\/blogdoprosperi.com\/wp-content\/uploads\/2026\/05\/cropped-8059e613-6002-42fa-961e-8e275f575d71-2-5.jpg?fit=1360%2C931&ssl=1","contentUrl":"https:\/\/i0.wp.com\/blogdoprosperi.com\/wp-content\/uploads\/2026\/05\/cropped-8059e613-6002-42fa-961e-8e275f575d71-2-5.jpg?fit=1360%2C931&ssl=1","width":1360,"height":931,"caption":"Luiz Ant\u00f4nio Pr\u00f3speri"},"logo":{"@id":"https:\/\/i0.wp.com\/blogdoprosperi.com\/wp-content\/uploads\/2026\/05\/cropped-8059e613-6002-42fa-961e-8e275f575d71-2-5.jpg?fit=1360%2C931&ssl=1"},"description":"Jornalista com carreira dedicada ao esporte. Cobriu 9 Copas do Mundo in loco, 1990 na It\u00e1lia, 1994 nos EUA, 1998 na Fran\u00e7a, 2002 na Coreia do Sul e Jap\u00e3o, 2006 na Alemanha, 2010 na \u00c1frica do Sul, 2014 no Brasil, 2018 na R\u00fassia e 2022 no Qatar. Eurocopas, 1992 na Su\u00e9cia e 1996 na Inglaterra. Copa das Confedera\u00e7\u00f5es de 2005 na Alemanha e 2009 na \u00c1frica do Sul. Rep\u00f3rter e Editor, trabalhou no Jornal da Tarde e Estad\u00e3o, de 1984 a fevereiro de 2016. Colunista, blogueiro. E comentarista de futebol na R\u00e1dio Estad\u00e3o, de 2013 a fevereiro de 2016. Jornalista respons\u00e1vel do \"Pr\u00f3speri News\" (blogdoprosperi.com).","sameAs":["http:\/\/blogdoprosperi.com","Luiz Pr\u00f3speri","@luiz_prosperi","https:\/\/x.com\/Luizprosperi","@prosperinacopa","luiz.prosperi@icloud.com"],"url":"https:\/\/blogdoprosperi.com\/?author=102107496"}]}},"jetpack_publicize_connections":[],"jetpack_likes_enabled":false,"jetpack_sharing_enabled":true,"jetpack_shortlink":"https:\/\/wp.me\/p7jvdk-fF3","jetpack-related-posts":[{"id":56584,"url":"https:\/\/blogdoprosperi.com\/?p=56584","url_meta":{"origin":60205,"position":0},"title":"Ir\u00e3 Fora da Copa do Mundo 2026","author":"Luiz Ant\u00f4nio Pr\u00f3speri","date":"11 de mar\u00e7o de 2026","format":false,"excerpt":"Assassinato do l\u00edder Ali Khamenei por Estados Unidos e Israel leva o Ir\u00e3 a se retirar da Copa do Mundo 2026. \"Todos n\u00f3s precisamos de um evento como a Copa do Mundo da Fifa para unir as pessoas agora mais do que nunca\", disse Infantino e agradecendo a Trump \"pelo\u2026","rel":"","context":"Em &quot;copa do mundo 2026&quot;","block_context":{"text":"copa do mundo 2026","link":"https:\/\/blogdoprosperi.com\/?cat=115102077"},"img":{"alt_text":"Ir\u00e3 fora da Copa","src":"https:\/\/i0.wp.com\/blogdoprosperi.com\/wp-content\/uploads\/2026\/03\/captura-de-tela-2026-03-11-as-10.49.34.png?fit=1200%2C602&ssl=1&resize=350%2C200","width":350,"height":200,"srcset":"https:\/\/i0.wp.com\/blogdoprosperi.com\/wp-content\/uploads\/2026\/03\/captura-de-tela-2026-03-11-as-10.49.34.png?fit=1200%2C602&ssl=1&resize=350%2C200 1x, https:\/\/i0.wp.com\/blogdoprosperi.com\/wp-content\/uploads\/2026\/03\/captura-de-tela-2026-03-11-as-10.49.34.png?fit=1200%2C602&ssl=1&resize=525%2C300 1.5x, https:\/\/i0.wp.com\/blogdoprosperi.com\/wp-content\/uploads\/2026\/03\/captura-de-tela-2026-03-11-as-10.49.34.png?fit=1200%2C602&ssl=1&resize=700%2C400 2x, https:\/\/i0.wp.com\/blogdoprosperi.com\/wp-content\/uploads\/2026\/03\/captura-de-tela-2026-03-11-as-10.49.34.png?fit=1200%2C602&ssl=1&resize=1050%2C600 3x"},"classes":[]},{"id":56602,"url":"https:\/\/blogdoprosperi.com\/?p=56602","url_meta":{"origin":60205,"position":1},"title":"A \u00daltima do Trump : \u201cA sele\u00e7\u00e3o do Ir\u00e3 \u00e9 bem-vinda \u00e0\u00a0Copa do Mundo, mas eu n\u00e3o acredito que seja apropriado, para a pr\u00f3pria seguran\u00e7a deles\u201d","author":"Luiz Ant\u00f4nio Pr\u00f3speri","date":"12 de mar\u00e7o de 2026","format":false,"excerpt":"Donald Trump afirmou na quinta-feira (12\/3) que o Ir\u00e3 n\u00e3o deveria participar da pr\u00f3xima Copa do Mundo na Am\u00e9rica do Norte, poucos dias depois de ter dito ao presidente da Fifa que o pa\u00eds seria bem-vindo, apesar da guerra no Oriente M\u00e9dio. A Fifa n\u00e3o havia se pronunciado at\u00e9 \u00e0s\u2026","rel":"","context":"Em &quot;copa 2026&quot;","block_context":{"text":"copa 2026","link":"https:\/\/blogdoprosperi.com\/?cat=36820279"},"img":{"alt_text":"Trumbo e Textor","src":"https:\/\/i0.wp.com\/blogdoprosperi.com\/wp-content\/uploads\/2024\/11\/gbtp4mixwa4fvi9.jpeg?fit=984%2C635&ssl=1&resize=350%2C200","width":350,"height":200,"srcset":"https:\/\/i0.wp.com\/blogdoprosperi.com\/wp-content\/uploads\/2024\/11\/gbtp4mixwa4fvi9.jpeg?fit=984%2C635&ssl=1&resize=350%2C200 1x, https:\/\/i0.wp.com\/blogdoprosperi.com\/wp-content\/uploads\/2024\/11\/gbtp4mixwa4fvi9.jpeg?fit=984%2C635&ssl=1&resize=525%2C300 1.5x, https:\/\/i0.wp.com\/blogdoprosperi.com\/wp-content\/uploads\/2024\/11\/gbtp4mixwa4fvi9.jpeg?fit=984%2C635&ssl=1&resize=700%2C400 2x"},"classes":[]},{"id":47565,"url":"https:\/\/blogdoprosperi.com\/?p=47565","url_meta":{"origin":60205,"position":2},"title":"Posse de Trump | Fifa Se Rende ao Presidente dos Estados Unidos","author":"Luiz Ant\u00f4nio Pr\u00f3speri","date":"21 de janeiro de 2025","format":false,"excerpt":"Luiz Ant\u00f4nio Pr\u00f3speri \u2013 21 janeiro (9h35) \u2013 Futebol e pol\u00edtica se completam. Ainda mais quando se tem no comando da Fifa dirigentes preocupados com a grana e pouco ligados \u00e0s quest\u00f5es internas de pa\u00edses escolhidos sede de grandes eventos. Veja o caso dos Estados Unidos, anfitri\u00f5es do Mundial de\u2026","rel":"","context":"Em &quot;Fifa&quot;","block_context":{"text":"Fifa","link":"https:\/\/blogdoprosperi.com\/?cat=187969"},"img":{"alt_text":"Fifa vai onde est\u00e1 o dinheiro","src":"https:\/\/i0.wp.com\/blogdoprosperi.com\/wp-content\/uploads\/2025\/01\/captura-de-tela-2025-01-21-as-08.38.37.jpg?fit=1200%2C608&ssl=1&resize=350%2C200","width":350,"height":200,"srcset":"https:\/\/i0.wp.com\/blogdoprosperi.com\/wp-content\/uploads\/2025\/01\/captura-de-tela-2025-01-21-as-08.38.37.jpg?fit=1200%2C608&ssl=1&resize=350%2C200 1x, https:\/\/i0.wp.com\/blogdoprosperi.com\/wp-content\/uploads\/2025\/01\/captura-de-tela-2025-01-21-as-08.38.37.jpg?fit=1200%2C608&ssl=1&resize=525%2C300 1.5x, https:\/\/i0.wp.com\/blogdoprosperi.com\/wp-content\/uploads\/2025\/01\/captura-de-tela-2025-01-21-as-08.38.37.jpg?fit=1200%2C608&ssl=1&resize=700%2C400 2x, https:\/\/i0.wp.com\/blogdoprosperi.com\/wp-content\/uploads\/2025\/01\/captura-de-tela-2025-01-21-as-08.38.37.jpg?fit=1200%2C608&ssl=1&resize=1050%2C600 3x"},"classes":[]},{"id":60151,"url":"https:\/\/blogdoprosperi.com\/?p=60151","url_meta":{"origin":60205,"position":3},"title":"Estados Unidos revertem expuls\u00e3o de jogador e abre precedente na Copa da exce\u00e7\u00e3o","author":"Luiz Ant\u00f4nio Pr\u00f3speri","date":"5 de julho de 2026","format":false,"excerpt":"Luiz Ant\u00f4nio Pr\u00f3speri, de New Jersey, 5 julho 2026 (15h28) Fifa reverte expuls\u00e3o de Folarin Balogun, atacante da Sele\u00e7\u00e3o dos Estados Unidos. De imediato, Donald Trump agradece. O atacante est\u00e1 liberado para enfrentar a B\u00e9lgica valendo vaga \u00e0s quartas de final. A not\u00edcia foi dada com exclusividade pelo jornal New\u2026","rel":"","context":"Em &quot;copa 2026&quot;","block_context":{"text":"copa 2026","link":"https:\/\/blogdoprosperi.com\/?cat=36820279"},"img":{"alt_text":"","src":"https:\/\/i0.wp.com\/blogdoprosperi.com\/wp-content\/uploads\/2026\/07\/images.jpg?fit=657%2C467&ssl=1&resize=350%2C200","width":350,"height":200,"srcset":"https:\/\/i0.wp.com\/blogdoprosperi.com\/wp-content\/uploads\/2026\/07\/images.jpg?fit=657%2C467&ssl=1&resize=350%2C200 1x, https:\/\/i0.wp.com\/blogdoprosperi.com\/wp-content\/uploads\/2026\/07\/images.jpg?fit=657%2C467&ssl=1&resize=525%2C300 1.5x"},"classes":[]},{"id":60678,"url":"https:\/\/blogdoprosperi.com\/?p=60678","url_meta":{"origin":60205,"position":4},"title":"O que o futebol realmente pensa de Gianni Infantino (e por que ele est\u00e1 mais poderoso do que nunca)","author":"Luiz Ant\u00f4nio Pr\u00f3speri","date":"17 de julho de 2026","format":false,"excerpt":"por Matt Slater, New York Times \/ The Athletic \u2013 17 julho 2026 A maioria das edi\u00e7\u00f5es do boletim informativo de assuntos p\u00fablicos da FIFA se enquadra com apenas resumos por e-mail para aqueles que se recusam a seguir o feed do Instagram de Gianni Infantino. Aqui est\u00e1 o presidente\u2026","rel":"","context":"Em &quot;copa 2026&quot;","block_context":{"text":"copa 2026","link":"https:\/\/blogdoprosperi.com\/?cat=36820279"},"img":{"alt_text":"","src":"https:\/\/i0.wp.com\/blogdoprosperi.com\/wp-content\/uploads\/2026\/07\/Captura-de-Tela-2026-07-16-as-23.14.03.png?fit=1030%2C868&ssl=1&resize=350%2C200","width":350,"height":200,"srcset":"https:\/\/i0.wp.com\/blogdoprosperi.com\/wp-content\/uploads\/2026\/07\/Captura-de-Tela-2026-07-16-as-23.14.03.png?fit=1030%2C868&ssl=1&resize=350%2C200 1x, https:\/\/i0.wp.com\/blogdoprosperi.com\/wp-content\/uploads\/2026\/07\/Captura-de-Tela-2026-07-16-as-23.14.03.png?fit=1030%2C868&ssl=1&resize=525%2C300 1.5x, https:\/\/i0.wp.com\/blogdoprosperi.com\/wp-content\/uploads\/2026\/07\/Captura-de-Tela-2026-07-16-as-23.14.03.png?fit=1030%2C868&ssl=1&resize=700%2C400 2x"},"classes":[]},{"id":61551,"url":"https:\/\/blogdoprosperi.com\/?p=61551","url_meta":{"origin":60205,"position":5},"title":"Copa do Mundo \u00e0 venda (epis\u00f3dio 3): Como os Kushner e Trump est\u00e3o no centro de uma teia complexa","author":"Luiz Ant\u00f4nio Pr\u00f3speri","date":"31 de julho de 2026","format":false,"excerpt":"Como Trump e parte de sua fam\u00edlia entraram no jogo de Infantino na Fifa no plano de privatizar a Copa do Mundo. Acompanhe o #epis\u00f3dio 3: Rob Draper, The Guardian (Londres), 31 julho 2026 N\u00e3o s\u00e3o apenas os torcedores de futebol e\u00a0os executivos da UEFA\u00a0que querem expulsar Gianni Infantino por\u2026","rel":"","context":"Em &quot;futebol&quot;","block_context":{"text":"futebol","link":"https:\/\/blogdoprosperi.com\/?cat=53870"},"img":{"alt_text":"","src":"https:\/\/i0.wp.com\/blogdoprosperi.com\/wp-content\/uploads\/2026\/07\/458823409996.jpg?fit=1024%2C683&ssl=1&resize=350%2C200","width":350,"height":200,"srcset":"https:\/\/i0.wp.com\/blogdoprosperi.com\/wp-content\/uploads\/2026\/07\/458823409996.jpg?fit=1024%2C683&ssl=1&resize=350%2C200 1x, https:\/\/i0.wp.com\/blogdoprosperi.com\/wp-content\/uploads\/2026\/07\/458823409996.jpg?fit=1024%2C683&ssl=1&resize=525%2C300 1.5x, https:\/\/i0.wp.com\/blogdoprosperi.com\/wp-content\/uploads\/2026\/07\/458823409996.jpg?fit=1024%2C683&ssl=1&resize=700%2C400 2x"},"classes":[]}],"jetpack_featured_media_url":"https:\/\/i0.wp.com\/blogdoprosperi.com\/wp-content\/uploads\/2025\/06\/thumbs.web_.sapo-1.webp?fit=810%2C451&ssl=1","_links":{"self":[{"href":"https:\/\/blogdoprosperi.com\/index.php?rest_route=\/wp\/v2\/posts\/60205","targetHints":{"allow":["GET"]}}],"collection":[{"href":"https:\/\/blogdoprosperi.com\/index.php?rest_route=\/wp\/v2\/posts"}],"about":[{"href":"https:\/\/blogdoprosperi.com\/index.php?rest_route=\/wp\/v2\/types\/post"}],"author":[{"embeddable":true,"href":"https:\/\/blogdoprosperi.com\/index.php?rest_route=\/wp\/v2\/users\/102107496"}],"replies":[{"embeddable":true,"href":"https:\/\/blogdoprosperi.com\/index.php?rest_route=%2Fwp%2Fv2%2Fcomments&post=60205"}],"version-history":[{"count":20,"href":"https:\/\/blogdoprosperi.com\/index.php?rest_route=\/wp\/v2\/posts\/60205\/revisions"}],"predecessor-version":[{"id":60225,"href":"https:\/\/blogdoprosperi.com\/index.php?rest_route=\/wp\/v2\/posts\/60205\/revisions\/60225"}],"wp:featuredmedia":[{"embeddable":true,"href":"https:\/\/blogdoprosperi.com\/index.php?rest_route=\/wp\/v2\/media\/51121"}],"wp:attachment":[{"href":"https:\/\/blogdoprosperi.com\/index.php?rest_route=%2Fwp%2Fv2%2Fmedia&parent=60205"}],"wp:term":[{"taxonomy":"category","embeddable":true,"href":"https:\/\/blogdoprosperi.com\/index.php?rest_route=%2Fwp%2Fv2%2Fcategories&post=60205"},{"taxonomy":"post_tag","embeddable":true,"href":"https:\/\/blogdoprosperi.com\/index.php?rest_route=%2Fwp%2Fv2%2Ftags&post=60205"}],"curies":[{"name":"wp","href":"https:\/\/api.w.org\/{rel}","templated":true}]}}