{"id":60263,"date":"2026-07-10T20:33:44","date_gmt":"2026-07-10T23:33:44","guid":{"rendered":"https:\/\/blogdoprosperi.com\/?p=60263"},"modified":"2026-07-10T20:33:44","modified_gmt":"2026-07-10T23:33:44","slug":"haaland-o-viral-da-copa-do-mundo","status":"publish","type":"post","link":"https:\/\/blogdoprosperi.com\/?p=60263","title":{"rendered":"Haaland, o viral da Copa do Mundo"},"content":{"rendered":"<p><em>por Hannah Al-Othman <span dir=\"auto\">e&nbsp;<\/span><span dir=\"auto\">Priya Bharadia, The Guardian, 10 julho<\/span><\/em><\/p>\n<p>Ele est\u00e1 na disputa pela Chuteira de Ouro, o trof\u00e9u concedido ao artilheiro da Copa do Mundo. Mas o noruegu\u00eas&nbsp;<span dir=\"auto\">Erling Haaland<\/span><span dir=\"auto\">&nbsp;j\u00e1 conquistou um pr\u00eamio: o de jogador mais viral da competi\u00e7\u00e3o.<\/span><\/p>\n<p>O atacante entrou no torneio com legi\u00f5es de f\u00e3s na&nbsp;<span dir=\"auto\"><a href=\"https:\/\/www.theguardian.com\/football\/norway\" data-link-name=\"in body link\" data-component=\"auto-linked-tag\">Noruega<\/a><\/span><span dir=\"auto\">&nbsp;e em Manchester \u2013 ou pelo menos na metade azul da cidade brit\u00e2nica.<\/span><\/p>\n<p class=\"dcr-1s160rg\"><span dir=\"auto\">E embora jogue pelo Manchester City, Haaland tamb\u00e9m \u00e9 adorado pelos torcedores do Leeds United; ele nasceu em Leeds, cidade onde seu pai, Alf-Inge Haaland, jogava, e cresceu torcendo pelo clube de West Yorkshire.<\/span><\/p>\n<p class=\"dcr-1s160rg\"><span dir=\"auto\">Mas, com a classifica\u00e7\u00e3o da Noruega para as quartas de final, o resto do mundo tamb\u00e9m foi contagiado pela Haalandmania \u2013 n\u00e3o tanto por seu hist\u00f3rico de gols, mas pelo conte\u00fado que ele gera fora de campo.<\/span><\/p>\n<p class=\"dcr-1s160rg\"><span dir=\"auto\">Na primeira semana de julho, as buscas por &#8220;Haaland&#8221; entraram no top 10 das buscas gerais na plataforma TikTok no Reino Unido, aumentando mais de 300% em rela\u00e7\u00e3o \u00e0 semana anterior e tornando-o o jogador&nbsp;<\/span><span dir=\"auto\"><a href=\"https:\/\/www.theguardian.com\/football\/world-cup-football\" data-link-name=\"in body link\" data-component=\"auto-linked-tag\">da Copa do Mundo<\/a><\/span><span dir=\"auto\">&nbsp;mais buscado durante esse per\u00edodo.<\/span><\/p>\n<p class=\"dcr-1s160rg\"><span dir=\"auto\">As buscas por \u201cmelhores momentos de Haaland\u201d tamb\u00e9m aumentaram 1.300% semana a semana, e desde o in\u00edcio do torneio houve mais de 14.000 publica\u00e7\u00f5es com as hashtags #Haaland e #ErlingHaaland, representando um aumento de quase 500% nas publica\u00e7\u00f5es m\u00eas a m\u00eas.<\/span><\/p>\n<p class=\"dcr-1s160rg\"><span dir=\"auto\">No entanto, embora sua popularidade esteja crescendo rapidamente, com 1,4 milh\u00e3o de publica\u00e7\u00f5es sobre ele no total, ele ainda tem um longo caminho a percorrer para alcan\u00e7ar Messi e Ronaldo, que t\u00eam 25 milh\u00f5es e 22,3 milh\u00f5es de publica\u00e7\u00f5es, respectivamente.<\/span><\/p>\n<p class=\"dcr-1s160rg\"><span dir=\"auto\">No Natal passado, em&nbsp;<\/span><span dir=\"auto\">um v\u00eddeo postado em seu canal no YouTube<\/span><span dir=\"auto\">&nbsp;, Haaland se disfar\u00e7ou de Papai Noel em Manchester, distribuindo presentes para crian\u00e7as, e suas hist\u00f3rias bem-humoradas no Instagram frequentemente viralizam, como quando ele postou sobre&nbsp;<\/span><span dir=\"auto\">&#8220;transar sem prote\u00e7\u00e3o&#8221;<\/span><span dir=\"auto\">&nbsp;em um voo sem comida, \u00e1gua ou entretenimento.<\/span><\/p>\n<figure id=\"220c957b-f878-4a65-b6f2-eed4ecccc726\" class=\"dcr-d9bay7\" data-spacefinder-role=\"inline\" data-spacefinder-type=\"model.dotcomrendering.pageElements.ImageBlockElement\"><\/figure>\n<p class=\"dcr-1s160rg\"><span dir=\"auto\">Ps f\u00e3s tamb\u00e9m t\u00eam acompanhado em massa as hist\u00f3rias do jogador no Snapchat, onde ele tem 4,7 milh\u00f5es de seguidores.<\/span><\/p>\n<figure id=\"attachment_60281\" aria-describedby=\"caption-attachment-60281\" style=\"width: 650px\" class=\"wp-caption alignnone\"><img data-recalc-dims=\"1\" loading=\"lazy\" decoding=\"async\" data-attachment-id=\"60281\" data-permalink=\"https:\/\/blogdoprosperi.com\/?attachment_id=60281\" data-orig-file=\"https:\/\/i0.wp.com\/blogdoprosperi.com\/wp-content\/uploads\/2026\/07\/8sfbpyt0msun9e8e82yhddenr.jpg?fit=906%2C509&amp;ssl=1\" data-orig-size=\"906,509\" data-comments-opened=\"1\" data-image-meta=\"{&quot;aperture&quot;:&quot;0&quot;,&quot;credit&quot;:&quot;&quot;,&quot;camera&quot;:&quot;&quot;,&quot;caption&quot;:&quot;&quot;,&quot;created_timestamp&quot;:&quot;0&quot;,&quot;copyright&quot;:&quot;&quot;,&quot;focal_length&quot;:&quot;0&quot;,&quot;iso&quot;:&quot;0&quot;,&quot;shutter_speed&quot;:&quot;0&quot;,&quot;title&quot;:&quot;&quot;,&quot;orientation&quot;:&quot;0&quot;,&quot;alt&quot;:&quot;&quot;}\" data-image-title=\"8sfbpyt0msun9e8e82yhddenr\" data-image-description=\"\" data-image-caption=\"&lt;p&gt;Vini e a &amp;#8220;branquela&amp;#8221; Haaland \u2013 foto: reprodu\u00e7\u00e3o redes sociais&lt;\/p&gt;\n\" data-large-file=\"https:\/\/i0.wp.com\/blogdoprosperi.com\/wp-content\/uploads\/2026\/07\/8sfbpyt0msun9e8e82yhddenr.jpg?fit=906%2C509&amp;ssl=1\" src=\"https:\/\/i0.wp.com\/blogdoprosperi.com\/wp-content\/uploads\/2026\/07\/8sfbpyt0msun9e8e82yhddenr.jpg?resize=650%2C365&#038;ssl=1\" class=\"size-medium wp-image-60281\" width=\"650\" height=\"365\" alt=\"\" srcset=\"https:\/\/i0.wp.com\/blogdoprosperi.com\/wp-content\/uploads\/2026\/07\/8sfbpyt0msun9e8e82yhddenr.jpg?resize=650%2C365&amp;ssl=1 650w, https:\/\/i0.wp.com\/blogdoprosperi.com\/wp-content\/uploads\/2026\/07\/8sfbpyt0msun9e8e82yhddenr.jpg?resize=150%2C84&amp;ssl=1 150w, https:\/\/i0.wp.com\/blogdoprosperi.com\/wp-content\/uploads\/2026\/07\/8sfbpyt0msun9e8e82yhddenr.jpg?resize=768%2C431&amp;ssl=1 768w, https:\/\/i0.wp.com\/blogdoprosperi.com\/wp-content\/uploads\/2026\/07\/8sfbpyt0msun9e8e82yhddenr.jpg?resize=450%2C253&amp;ssl=1 450w, https:\/\/i0.wp.com\/blogdoprosperi.com\/wp-content\/uploads\/2026\/07\/8sfbpyt0msun9e8e82yhddenr.jpg?w=906&amp;ssl=1 906w\" sizes=\"auto, (max-width: 650px) 100vw, 650px\" \/><figcaption id=\"caption-attachment-60281\" class=\"wp-caption-text\">Vini e a &#8220;branquela&#8221; Haaland \u2013 foto: reprodu\u00e7\u00e3o redes sociais<\/figcaption><\/figure>\n<p class=\"dcr-1s160rg\"><span dir=\"auto\">O pr\u00f3prio jogador parece ter gostado da repercuss\u00e3o, chegando at\u00e9 a comentar algumas das publica\u00e7\u00f5es. Ele postou um meme de um cachorro fechando a janela do carro \u2013 frequentemente usado para indicar que est\u00e1 se escondendo \u2013&nbsp;<\/span><span dir=\"auto\">em uma publica\u00e7\u00e3o compartilhada por um usu\u00e1rio do Instagram<\/span><span dir=\"auto\">&nbsp;que dizia: \u201cEstou ficando maluco ou essa cebolinha verde parece o Haaland?\u201d<\/span><\/p>\n<p class=\"dcr-1s160rg\"><span dir=\"auto\">No Instagram, o n\u00famero de seguidores de Haaland cresceu de 40 milh\u00f5es para 60 milh\u00f5es durante o torneio, tornando-o o jogador de elite com o crescimento mais r\u00e1pido. Seus Reels, em particular, foram visualizados mais de 683 milh\u00f5es de vezes desde o in\u00edcio da Copa do Mundo.<\/span><\/p>\n<p class=\"dcr-1s160rg\"><span dir=\"auto\">Ele divertiu a todos com publica\u00e7\u00f5es que inclu\u00edam uma montagem com o ogro Shrek, com a legenda &#8220;Selfie com meu g\u00eameo&#8221;, uma foto dele disfar\u00e7ado de turista em Nova York usando bon\u00e9 de beisebol e \u00f3culos escuros, e outra em que trocou seu famoso capacete viking por um chap\u00e9u de caub\u00f3i enquanto fazia compras no Texas.<\/span><\/p>\n<p class=\"dcr-1s160rg\"><span dir=\"auto\">At\u00e9 o Google entrou na brincadeira: uma busca pelo nome de Haaland atualmente exibe uma anima\u00e7\u00e3o de remadores com capacetes vikings flutuando na tela.<\/span><\/p>\n<p class=\"dcr-1s160rg\"><span dir=\"auto\">E v\u00eddeos viralizaram mostrando Haaland demonstrando esp\u00edrito esportivo e respeito por outros jogadores e funcion\u00e1rios do est\u00e1dio. Um dos v\u00eddeos o mostra dobrando e entregando uma camisa a um roupeiro enquanto outros jogadores as jogam no ch\u00e3o.<\/span><\/p>\n<figure id=\"attachment_60285\" aria-describedby=\"caption-attachment-60285\" style=\"width: 536px\" class=\"wp-caption alignnone\"><img data-recalc-dims=\"1\" loading=\"lazy\" decoding=\"async\" data-attachment-id=\"60285\" data-permalink=\"https:\/\/blogdoprosperi.com\/?attachment_id=60285\" data-orig-file=\"https:\/\/i0.wp.com\/blogdoprosperi.com\/wp-content\/uploads\/2026\/07\/1-19.png?fit=516%2C516&amp;ssl=1\" data-orig-size=\"516,516\" data-comments-opened=\"1\" data-image-meta=\"{&quot;aperture&quot;:&quot;0&quot;,&quot;credit&quot;:&quot;&quot;,&quot;camera&quot;:&quot;&quot;,&quot;caption&quot;:&quot;&quot;,&quot;created_timestamp&quot;:&quot;0&quot;,&quot;copyright&quot;:&quot;&quot;,&quot;focal_length&quot;:&quot;0&quot;,&quot;iso&quot;:&quot;0&quot;,&quot;shutter_speed&quot;:&quot;0&quot;,&quot;title&quot;:&quot;&quot;,&quot;orientation&quot;:&quot;0&quot;,&quot;alt&quot;:&quot;&quot;}\" data-image-title=\"1-19\" data-image-description=\"\" data-image-caption=\"&lt;p&gt;Haalnd, rei viral \u2013 foto: reprodu\u00e7\u00e3o&lt;\/p&gt;\n\" data-large-file=\"https:\/\/i0.wp.com\/blogdoprosperi.com\/wp-content\/uploads\/2026\/07\/1-19.png?fit=516%2C516&amp;ssl=1\" src=\"https:\/\/i0.wp.com\/blogdoprosperi.com\/wp-content\/uploads\/2026\/07\/1-19.png?resize=536%2C536&#038;ssl=1\" class=\"wp-image-60285\" alt=\"\" width=\"536\" height=\"536\" srcset=\"https:\/\/i0.wp.com\/blogdoprosperi.com\/wp-content\/uploads\/2026\/07\/1-19.png?resize=378%2C378&amp;ssl=1 378w, https:\/\/i0.wp.com\/blogdoprosperi.com\/wp-content\/uploads\/2026\/07\/1-19.png?resize=150%2C150&amp;ssl=1 150w, https:\/\/i0.wp.com\/blogdoprosperi.com\/wp-content\/uploads\/2026\/07\/1-19.png?resize=450%2C450&amp;ssl=1 450w, https:\/\/i0.wp.com\/blogdoprosperi.com\/wp-content\/uploads\/2026\/07\/1-19.png?w=516&amp;ssl=1 516w\" sizes=\"auto, (max-width: 536px) 100vw, 536px\" \/><figcaption id=\"caption-attachment-60285\" class=\"wp-caption-text\">Haalnd, rei viral \u2013 foto: reprodu\u00e7\u00e3o<\/figcaption><\/figure>\n<p class=\"dcr-1s160rg\"><span dir=\"auto\">A amizade de Haaland com seu ex-companheiro de equipe do Borussia Dortmund e meio-campista ingl\u00eas Jude Bellingham tamb\u00e9m encantou a internet, com alguns at\u00e9 comparando a dupla aos dois jogadores rivais de h\u00f3quei da s\u00e9rie &#8221;&nbsp;<\/span><span dir=\"auto\">Heated Rivalry&#8221;<\/span><span dir=\"auto\">&nbsp;da HBO , enquanto a Noruega se prepara para enfrentar a Inglaterra no s\u00e1bado.<\/span><\/p>\n<p class=\"dcr-1s160rg\"><span dir=\"auto\">Talvez impulsionado pela popularidade de Haaland, existem 1,3 milh\u00e3o de publica\u00e7\u00f5es sobre Bellingham no TikTok, superando em muito as 277.600 do capit\u00e3o da Inglaterra, Harry Kane.<\/span><\/p>\n<p class=\"dcr-1s160rg\"><span dir=\"auto\">Uma criadora de conte\u00fado do TikTok de 18 anos, da Holanda, fez&nbsp;<\/span><span dir=\"auto\">um v\u00eddeo sobre Haaland e Bellingham<\/span><span dir=\"auto\">&nbsp;que foi compartilhado mais de 100.000 vezes, mas disse que &#8220;n\u00e3o conhecia Haaland antes desta Copa do Mundo&#8221;.<\/span><\/p>\n<p class=\"dcr-1s160rg\"><span dir=\"auto\">\u201cSinceramente, n\u00e3o sou muito f\u00e3 de futebol, exceto pelas Copas do Mundo e pelo Campeonato Europeu da UEFA, ent\u00e3o acompanho mais quando meu pa\u00eds joga, porque o pa\u00eds inteiro assiste, ent\u00e3o voc\u00ea meio que tem que se manter atualizada\u201d, disse ela.<\/span><\/p>\n<p class=\"dcr-1s160rg\"><span dir=\"auto\">\u201cEu sempre fico muito envolvida com a Copa do Mundo a cada quatro anos, mas geralmente s\u00f3 pela minha sele\u00e7\u00e3o\u201d, acrescentou. \u201cEste ano, meio que tomou conta da minha p\u00e1gina &#8216;Para Voc\u00ea&#8217;, principalmente o Haaland, com seus momentos engra\u00e7ados e suas hist\u00f3rias no Snapchat.\u201d<\/span><\/p>\n<p class=\"dcr-1s160rg\"><span dir=\"auto\">&#8220;Eu simplesmente gosto da vibe do Erling Haaland&#8221;, disse ela. &#8220;Acho as postagens dele no Snapchat engra\u00e7adas, e gosto da amizade entre o Haaland e o Bellingham, ent\u00e3o foi principalmente isso que me motivou a fazer esse v\u00eddeo.&#8221;<\/span><\/p>\n<p class=\"dcr-1s160rg\"><span dir=\"auto\">A modelo russa Anastasia Kostromitina tamb\u00e9m teve seu momento de fama viral, gra\u00e7as a&nbsp;<\/span><span dir=\"auto\"><a href=\"https:\/\/www.instagram.com\/mariya___kos\/reel\/DaaEmaZtOGJ\/\" data-link-name=\"in body link\">um v\u00eddeo que sua m\u00e3e postou<\/a><\/span><span dir=\"auto\">&nbsp;da filha imitando as poses de Haaland, depois que as pessoas notaram a semelhan\u00e7a entre ela e a estrela.<\/span><\/p>\n<p class=\"dcr-1s160rg\"><span dir=\"auto\">Kostromitina compartilha com o jogador de futebol os longos cabelos loiros, os penetrantes olhos azuis e a alta estatura, e afirmou que as compara\u00e7\u00f5es entre os dois &#8220;n\u00e3o s\u00e3o nada ruins&#8221;.<\/span><\/p>\n<p class=\"dcr-1s160rg\"><span dir=\"auto\">\u201cNo in\u00edcio, quando as pessoas me comparavam a ele, eu ficava um pouco confuso\u201d, disse Kostromitina. \u201cMas depois percebi que ser comparado a um atleta t\u00e3o incr\u00edvel n\u00e3o \u00e9 nada ofensivo.\u201d<\/span><\/p>\n<p class=\"dcr-1s160rg\"><span dir=\"auto\">\u201cEle parece ser muito humilde e, claro, \u00e9 um \u00f3timo atleta\u201d, acrescentou ela.<\/span><\/p>\n<p class=\"dcr-1s160rg\"><span dir=\"auto\">De volta a Manchester, os torcedores do City disseram que isso \u00e9 apenas o mundo finalmente percebendo o que vem testemunhando h\u00e1 anos.<\/span><\/p>\n<p class=\"dcr-1s160rg\"><span dir=\"auto\">\u201cEle \u00e9 um grande trunfo para o nosso clube \u201d&nbsp;<\/span><span dir=\"auto\"><em>,<\/em><\/span><span dir=\"auto\">&nbsp;disse Dante Friend, do grupo de torcedores 1894.<\/span><\/p>\n<p class=\"dcr-1s160rg\"><span dir=\"auto\">\u201cEle \u00e9 muito ativo nas redes sociais, segue as contas dos f\u00e3s, est\u00e1 em contato com alguns dos principais f\u00e3s nos bastidores, ent\u00e3o realmente sentimos que ele \u00e9 um de n\u00f3s&nbsp;<\/span><span dir=\"auto\"><em>.\u201d<\/em><\/span><\/p>\n<figure id=\"attachment_60282\" aria-describedby=\"caption-attachment-60282\" style=\"width: 492px\" class=\"wp-caption alignnone\"><img data-recalc-dims=\"1\" loading=\"lazy\" decoding=\"async\" data-attachment-id=\"60282\" data-permalink=\"https:\/\/blogdoprosperi.com\/?attachment_id=60282\" data-orig-file=\"https:\/\/i0.wp.com\/blogdoprosperi.com\/wp-content\/uploads\/2026\/07\/Captura-de-Tela-2026-07-10-as-19.25.23.png?fit=1160%2C892&amp;ssl=1\" data-orig-size=\"1160,892\" data-comments-opened=\"1\" data-image-meta=\"{&quot;aperture&quot;:&quot;0&quot;,&quot;credit&quot;:&quot;&quot;,&quot;camera&quot;:&quot;&quot;,&quot;caption&quot;:&quot;&quot;,&quot;created_timestamp&quot;:&quot;0&quot;,&quot;copyright&quot;:&quot;&quot;,&quot;focal_length&quot;:&quot;0&quot;,&quot;iso&quot;:&quot;0&quot;,&quot;shutter_speed&quot;:&quot;0&quot;,&quot;title&quot;:&quot;&quot;,&quot;orientation&quot;:&quot;0&quot;,&quot;alt&quot;:&quot;&quot;}\" data-image-title=\"Captura de Tela 2026-07-10 \u00e0s 19.25.23\" data-image-description=\"\" data-image-caption=\"&lt;p&gt;Haaland comemora com capacete Viking \u2013 foto: reprodu\u00e7\u00e3o&lt;\/p&gt;\n\" data-large-file=\"https:\/\/i0.wp.com\/blogdoprosperi.com\/wp-content\/uploads\/2026\/07\/Captura-de-Tela-2026-07-10-as-19.25.23.png?fit=940%2C722&amp;ssl=1\" src=\"https:\/\/i0.wp.com\/blogdoprosperi.com\/wp-content\/uploads\/2026\/07\/Captura-de-Tela-2026-07-10-as-19.25.23.png?resize=492%2C378&#038;ssl=1\" class=\"size-medium wp-image-60282\" width=\"492\" height=\"378\" alt=\"\" srcset=\"https:\/\/i0.wp.com\/blogdoprosperi.com\/wp-content\/uploads\/2026\/07\/Captura-de-Tela-2026-07-10-as-19.25.23.png?resize=492%2C378&amp;ssl=1 492w, https:\/\/i0.wp.com\/blogdoprosperi.com\/wp-content\/uploads\/2026\/07\/Captura-de-Tela-2026-07-10-as-19.25.23.png?resize=1024%2C787&amp;ssl=1 1024w, https:\/\/i0.wp.com\/blogdoprosperi.com\/wp-content\/uploads\/2026\/07\/Captura-de-Tela-2026-07-10-as-19.25.23.png?resize=150%2C115&amp;ssl=1 150w, https:\/\/i0.wp.com\/blogdoprosperi.com\/wp-content\/uploads\/2026\/07\/Captura-de-Tela-2026-07-10-as-19.25.23.png?resize=768%2C591&amp;ssl=1 768w, https:\/\/i0.wp.com\/blogdoprosperi.com\/wp-content\/uploads\/2026\/07\/Captura-de-Tela-2026-07-10-as-19.25.23.png?resize=450%2C346&amp;ssl=1 450w, https:\/\/i0.wp.com\/blogdoprosperi.com\/wp-content\/uploads\/2026\/07\/Captura-de-Tela-2026-07-10-as-19.25.23.png?resize=780%2C600&amp;ssl=1 780w, https:\/\/i0.wp.com\/blogdoprosperi.com\/wp-content\/uploads\/2026\/07\/Captura-de-Tela-2026-07-10-as-19.25.23.png?w=1160&amp;ssl=1 1160w\" sizes=\"auto, (max-width: 492px) 100vw, 492px\" \/><figcaption id=\"caption-attachment-60282\" class=\"wp-caption-text\">Haaland comemora com capacete Viking \u2013 foto: reprodu\u00e7\u00e3o<\/figcaption><\/figure>\n<p class=\"dcr-1s160rg\"><span dir=\"auto\">Kevin Parker, secret\u00e1rio-geral do clube oficial de torcedores do Manchester City, disse: &#8220;Ele \u00e9 um jogador de futebol incr\u00edvel, est\u00e1 entre os melhores atacantes e artilheiros do mundo, mas acho que os torcedores do City h\u00e1 algum tempo veem Erling como um tipo diferente de jogador.&#8221;<\/span><\/p>\n<p class=\"dcr-1s160rg\"><span dir=\"auto\">\u201cN\u00e3o me refiro \u00e0 sua capacidade, mas sim \u00e0 sua personalidade&nbsp;<\/span><span dir=\"auto\"><em>.\u201d<\/em><\/span><\/p>\n<p class=\"dcr-1s160rg\"><span dir=\"auto\">&#8220;Ele parece ser um cara genuinamente simp\u00e1tico&#8221;, acrescentou, &#8220;e acho que agora, devido \u00e0 grande import\u00e2ncia da Copa do Mundo, outras pessoas ao redor do mundo est\u00e3o tendo o benef\u00edcio de ver o que n\u00f3s vimos durante tr\u00eas temporadas.&#8221;<\/span><\/p>\n<p class=\"dcr-1s160rg\"><span dir=\"auto\">\u201cDo meu ponto de vista, como torcedor do City, acho isso absolutamente fant\u00e1stico. Acho que ele transmite uma energia muito positiva ao futebol.\u201d<\/span><\/p>\n<p class=\"dcr-1s160rg\"><span dir=\"auto\">\u201cMesmo nesta Copa do Mundo, houve algumas vibra\u00e7\u00f5es negativas, particularmente em rela\u00e7\u00e3o \u00e0 Fifa e a algumas das decis\u00f5es que tomaram, mas tudo o que Erling faz \u00e9 positivo, positivo.\u201d<\/span><\/p>\n<p class=\"dcr-1s160rg\"><span dir=\"auto\">Howard Cohen, presidente da Associa\u00e7\u00e3o de Torcedores Deficientes do Manchester City, disse: \u201cQuando ele chegou [ao Manchester City], foi projetada uma imagem p\u00fablica, certamente em alguns meios de comunica\u00e7\u00e3o, de que ele era bastante quieto e reservado.<\/span><\/p>\n<p class=\"dcr-1s160rg\"><span dir=\"auto\">\u201cEle se soltou muito r\u00e1pido. Na realidade, ele claramente nunca foi esse tipo de pessoa quieta e reservada, e n\u00e3o se leva muito a s\u00e9rio.\u201d<\/span><\/p>\n<p class=\"dcr-1s160rg\"><span dir=\"auto\">Ele acrescentou: &#8220;Acho que isso \u00e9 importante para qualquer pessoa na vida p\u00fablica, mas particularmente para jogadores de futebol, e isso, eu acho, \u00e9 o que as pessoas mais amam nele, pelo menos fora de campo, o fato de ele conseguir rir com todo mundo e se divertir.&#8221;<\/span><\/p>\n<p class=\"dcr-1s160rg\"><span dir=\"auto\">&#8220;Ele certamente est\u00e1 recebendo muito apoio em todo o mundo e proporcionando entretenimento para as pessoas, e \u00e9 isso que o futebol deveria representar, afinal.&#8221;<\/span><\/p>\n","protected":false},"excerpt":{"rendered":"<p>por Hannah Al-Othman e&nbsp;Priya Bharadia, The Guardian, 10 julho Ele est\u00e1 na disputa pela Chuteira de Ouro, o [&hellip;]<\/p>\n","protected":false},"author":102107496,"featured_media":60283,"comment_status":"open","ping_status":"open","sticky":false,"template":"","format":"standard","meta":{"_coblocks_attr":"","_coblocks_dimensions":"","_coblocks_responsive_height":"","_coblocks_accordion_ie_support":"","_jetpack_newsletter_access":"","_jetpack_dont_email_post_to_subs":false,"_jetpack_newsletter_tier_id":0,"_jetpack_memberships_contains_paywalled_content":false,"_wpcom_ai_launchpad_first_post":false,"_jetpack_feature_clip_id":0,"_jetpack_memberships_contains_paid_content":false,"footnotes":"","jetpack_publicize_message":"","jetpack_publicize_feature_enabled":true,"jetpack_social_post_already_shared":true,"jetpack_social_options":{"image_generator_settings":{"template":"highway","default_image_id":0,"font":"","enabled":false},"version":2},"jetpack_post_was_ever_published":false},"categories":[53870],"tags":[],"class_list":["post-60263","post","type-post","status-publish","format-standard","has-post-thumbnail","hentry","category-futebol"],"yoast_head":"<!-- This site is optimized with the Yoast SEO plugin v28.4 - https:\/\/yoast.com\/product\/yoast-seo-wordpress\/ -->\n<title>Haaland, o viral da Copa do Mundo - PR\u00d3SPERI NEWS<\/title>\n<meta name=\"robots\" content=\"index, follow, max-snippet:-1, max-image-preview:large, max-video-preview:-1\" \/>\n<link rel=\"canonical\" href=\"https:\/\/blogdoprosperi.com\/?p=60263\" \/>\n<meta property=\"og:locale\" content=\"pt_BR\" \/>\n<meta property=\"og:type\" content=\"article\" \/>\n<meta property=\"og:title\" content=\"Haaland, o viral da Copa do Mundo - PR\u00d3SPERI NEWS\" \/>\n<meta property=\"og:description\" content=\"por Hannah Al-Othman e&nbsp;Priya Bharadia, The Guardian, 10 julho Ele est\u00e1 na disputa pela Chuteira de Ouro, o [&hellip;]\" \/>\n<meta property=\"og:url\" content=\"https:\/\/blogdoprosperi.com\/?p=60263\" \/>\n<meta property=\"og:site_name\" content=\"PR\u00d3SPERI NEWS\" \/>\n<meta property=\"article:publisher\" content=\"Luiz Pr\u00f3speri\" \/>\n<meta property=\"article:author\" content=\"Luiz Pr\u00f3speri\" \/>\n<meta property=\"article:published_time\" content=\"2026-07-10T23:33:44+00:00\" \/>\n<meta property=\"og:image\" content=\"https:\/\/i0.wp.com\/blogdoprosperi.com\/wp-content\/uploads\/2026\/07\/erling-haaland-de-viking.webp?fit=600%2C400&ssl=1\" \/>\n\t<meta property=\"og:image:width\" content=\"600\" \/>\n\t<meta property=\"og:image:height\" content=\"400\" \/>\n\t<meta property=\"og:image:type\" content=\"image\/webp\" \/>\n<meta name=\"author\" content=\"Luiz Ant\u00f4nio Pr\u00f3speri\" \/>\n<meta name=\"twitter:card\" content=\"summary_large_image\" \/>\n<meta name=\"twitter:creator\" content=\"@Luizprosperi\" \/>\n<meta name=\"twitter:site\" content=\"@Luizprosperi\" \/>\n<meta name=\"twitter:label1\" content=\"Escrito por\" \/>\n\t<meta name=\"twitter:data1\" content=\"Luiz Ant\u00f4nio Pr\u00f3speri\" \/>\n\t<meta name=\"twitter:label2\" content=\"Est. tempo de leitura\" \/>\n\t<meta name=\"twitter:data2\" content=\"7 minutos\" \/>\n<script type=\"application\/ld+json\" class=\"yoast-schema-graph\">{\"@context\":\"https:\\\/\\\/schema.org\",\"@graph\":[{\"@type\":\"Article\",\"@id\":\"https:\\\/\\\/blogdoprosperi.com\\\/?p=60263#article\",\"isPartOf\":{\"@id\":\"https:\\\/\\\/blogdoprosperi.com\\\/?p=60263\"},\"author\":{\"name\":\"Luiz Ant\u00f4nio Pr\u00f3speri\",\"@id\":\"https:\\\/\\\/blogdoprosperi.com\\\/#\\\/schema\\\/person\\\/38100755ce3601861ee4fab9b5aa78e9\"},\"headline\":\"Haaland, o viral da Copa do Mundo\",\"datePublished\":\"2026-07-10T23:33:44+00:00\",\"mainEntityOfPage\":{\"@id\":\"https:\\\/\\\/blogdoprosperi.com\\\/?p=60263\"},\"wordCount\":1420,\"commentCount\":0,\"publisher\":{\"@id\":\"https:\\\/\\\/blogdoprosperi.com\\\/#\\\/schema\\\/person\\\/38100755ce3601861ee4fab9b5aa78e9\"},\"image\":{\"@id\":\"https:\\\/\\\/blogdoprosperi.com\\\/?p=60263#primaryimage\"},\"thumbnailUrl\":\"https:\\\/\\\/i0.wp.com\\\/blogdoprosperi.com\\\/wp-content\\\/uploads\\\/2026\\\/07\\\/erling-haaland-de-viking.webp?fit=600%2C400&ssl=1\",\"articleSection\":[\"futebol\"],\"inLanguage\":\"pt-BR\",\"potentialAction\":[{\"@type\":\"CommentAction\",\"name\":\"Comment\",\"target\":[\"https:\\\/\\\/blogdoprosperi.com\\\/?p=60263#respond\"]}]},{\"@type\":\"WebPage\",\"@id\":\"https:\\\/\\\/blogdoprosperi.com\\\/?p=60263\",\"url\":\"https:\\\/\\\/blogdoprosperi.com\\\/?p=60263\",\"name\":\"Haaland, o viral da Copa do Mundo - PR\u00d3SPERI NEWS\",\"isPartOf\":{\"@id\":\"https:\\\/\\\/blogdoprosperi.com\\\/#website\"},\"primaryImageOfPage\":{\"@id\":\"https:\\\/\\\/blogdoprosperi.com\\\/?p=60263#primaryimage\"},\"image\":{\"@id\":\"https:\\\/\\\/blogdoprosperi.com\\\/?p=60263#primaryimage\"},\"thumbnailUrl\":\"https:\\\/\\\/i0.wp.com\\\/blogdoprosperi.com\\\/wp-content\\\/uploads\\\/2026\\\/07\\\/erling-haaland-de-viking.webp?fit=600%2C400&ssl=1\",\"datePublished\":\"2026-07-10T23:33:44+00:00\",\"breadcrumb\":{\"@id\":\"https:\\\/\\\/blogdoprosperi.com\\\/?p=60263#breadcrumb\"},\"inLanguage\":\"pt-BR\",\"potentialAction\":[{\"@type\":\"ReadAction\",\"target\":[\"https:\\\/\\\/blogdoprosperi.com\\\/?p=60263\"]}]},{\"@type\":\"ImageObject\",\"inLanguage\":\"pt-BR\",\"@id\":\"https:\\\/\\\/blogdoprosperi.com\\\/?p=60263#primaryimage\",\"url\":\"https:\\\/\\\/i0.wp.com\\\/blogdoprosperi.com\\\/wp-content\\\/uploads\\\/2026\\\/07\\\/erling-haaland-de-viking.webp?fit=600%2C400&ssl=1\",\"contentUrl\":\"https:\\\/\\\/i0.wp.com\\\/blogdoprosperi.com\\\/wp-content\\\/uploads\\\/2026\\\/07\\\/erling-haaland-de-viking.webp?fit=600%2C400&ssl=1\",\"width\":600,\"height\":400,\"caption\":\"Haaland Viking \u2013 foto: reprodu\u00e7\u00e3o redes sociais\"},{\"@type\":\"BreadcrumbList\",\"@id\":\"https:\\\/\\\/blogdoprosperi.com\\\/?p=60263#breadcrumb\",\"itemListElement\":[{\"@type\":\"ListItem\",\"position\":1,\"name\":\"In\u00edcio\",\"item\":\"https:\\\/\\\/blogdoprosperi.com\\\/\"},{\"@type\":\"ListItem\",\"position\":2,\"name\":\"Haaland, o viral da Copa do Mundo\"}]},{\"@type\":\"WebSite\",\"@id\":\"https:\\\/\\\/blogdoprosperi.com\\\/#website\",\"url\":\"https:\\\/\\\/blogdoprosperi.com\\\/\",\"name\":\"PR\u00d3SPERI NEWS\",\"description\":\"TUDO \u00c9  FUTEBOL\",\"publisher\":{\"@id\":\"https:\\\/\\\/blogdoprosperi.com\\\/#\\\/schema\\\/person\\\/38100755ce3601861ee4fab9b5aa78e9\"},\"alternateName\":\"blogdoprosperi.com\",\"potentialAction\":[{\"@type\":\"SearchAction\",\"target\":{\"@type\":\"EntryPoint\",\"urlTemplate\":\"https:\\\/\\\/blogdoprosperi.com\\\/?s={search_term_string}\"},\"query-input\":{\"@type\":\"PropertyValueSpecification\",\"valueRequired\":true,\"valueName\":\"search_term_string\"}}],\"inLanguage\":\"pt-BR\"},{\"@type\":[\"Person\",\"Organization\"],\"@id\":\"https:\\\/\\\/blogdoprosperi.com\\\/#\\\/schema\\\/person\\\/38100755ce3601861ee4fab9b5aa78e9\",\"name\":\"Luiz Ant\u00f4nio Pr\u00f3speri\",\"pronouns\":\"ele\",\"image\":{\"@type\":\"ImageObject\",\"inLanguage\":\"pt-BR\",\"@id\":\"https:\\\/\\\/i0.wp.com\\\/blogdoprosperi.com\\\/wp-content\\\/uploads\\\/2026\\\/05\\\/cropped-8059e613-6002-42fa-961e-8e275f575d71-2-5.jpg?fit=1360%2C931&ssl=1\",\"url\":\"https:\\\/\\\/i0.wp.com\\\/blogdoprosperi.com\\\/wp-content\\\/uploads\\\/2026\\\/05\\\/cropped-8059e613-6002-42fa-961e-8e275f575d71-2-5.jpg?fit=1360%2C931&ssl=1\",\"contentUrl\":\"https:\\\/\\\/i0.wp.com\\\/blogdoprosperi.com\\\/wp-content\\\/uploads\\\/2026\\\/05\\\/cropped-8059e613-6002-42fa-961e-8e275f575d71-2-5.jpg?fit=1360%2C931&ssl=1\",\"width\":1360,\"height\":931,\"caption\":\"Luiz Ant\u00f4nio Pr\u00f3speri\"},\"logo\":{\"@id\":\"https:\\\/\\\/i0.wp.com\\\/blogdoprosperi.com\\\/wp-content\\\/uploads\\\/2026\\\/05\\\/cropped-8059e613-6002-42fa-961e-8e275f575d71-2-5.jpg?fit=1360%2C931&ssl=1\"},\"description\":\"Jornalista com carreira dedicada ao esporte. Cobriu 9 Copas do Mundo in loco, 1990 na It\u00e1lia, 1994 nos EUA, 1998 na Fran\u00e7a, 2002 na Coreia do Sul e Jap\u00e3o, 2006 na Alemanha, 2010 na \u00c1frica do Sul, 2014 no Brasil, 2018 na R\u00fassia e 2022 no Qatar. Eurocopas, 1992 na Su\u00e9cia e 1996 na Inglaterra. Copa das Confedera\u00e7\u00f5es de 2005 na Alemanha e 2009 na \u00c1frica do Sul. Rep\u00f3rter e Editor, trabalhou no Jornal da Tarde e Estad\u00e3o, de 1984 a fevereiro de 2016. Colunista, blogueiro. E comentarista de futebol na R\u00e1dio Estad\u00e3o, de 2013 a fevereiro de 2016. Jornalista respons\u00e1vel do \\\"Pr\u00f3speri News\\\" (blogdoprosperi.com).\",\"sameAs\":[\"http:\\\/\\\/blogdoprosperi.com\",\"Luiz Pr\u00f3speri\",\"@luiz_prosperi\",\"https:\\\/\\\/x.com\\\/Luizprosperi\",\"@prosperinacopa\",\"luiz.prosperi@icloud.com\"],\"url\":\"https:\\\/\\\/blogdoprosperi.com\\\/?author=102107496\"}]}<\/script>\n<!-- \/ Yoast SEO plugin. -->","yoast_head_json":{"title":"Haaland, o viral da Copa do Mundo - PR\u00d3SPERI NEWS","robots":{"index":"index","follow":"follow","max-snippet":"max-snippet:-1","max-image-preview":"max-image-preview:large","max-video-preview":"max-video-preview:-1"},"canonical":"https:\/\/blogdoprosperi.com\/?p=60263","og_locale":"pt_BR","og_type":"article","og_title":"Haaland, o viral da Copa do Mundo - PR\u00d3SPERI NEWS","og_description":"por Hannah Al-Othman e&nbsp;Priya Bharadia, The Guardian, 10 julho Ele est\u00e1 na disputa pela Chuteira de Ouro, o [&hellip;]","og_url":"https:\/\/blogdoprosperi.com\/?p=60263","og_site_name":"PR\u00d3SPERI NEWS","article_publisher":"Luiz Pr\u00f3speri","article_author":"Luiz Pr\u00f3speri","article_published_time":"2026-07-10T23:33:44+00:00","og_image":[{"width":600,"height":400,"url":"https:\/\/i0.wp.com\/blogdoprosperi.com\/wp-content\/uploads\/2026\/07\/erling-haaland-de-viking.webp?fit=600%2C400&ssl=1","type":"image\/webp"}],"author":"Luiz Ant\u00f4nio Pr\u00f3speri","twitter_card":"summary_large_image","twitter_creator":"@Luizprosperi","twitter_site":"@Luizprosperi","twitter_misc":{"Escrito por":"Luiz Ant\u00f4nio Pr\u00f3speri","Est. tempo de leitura":"7 minutos"},"schema":{"@context":"https:\/\/schema.org","@graph":[{"@type":"Article","@id":"https:\/\/blogdoprosperi.com\/?p=60263#article","isPartOf":{"@id":"https:\/\/blogdoprosperi.com\/?p=60263"},"author":{"name":"Luiz Ant\u00f4nio Pr\u00f3speri","@id":"https:\/\/blogdoprosperi.com\/#\/schema\/person\/38100755ce3601861ee4fab9b5aa78e9"},"headline":"Haaland, o viral da Copa do Mundo","datePublished":"2026-07-10T23:33:44+00:00","mainEntityOfPage":{"@id":"https:\/\/blogdoprosperi.com\/?p=60263"},"wordCount":1420,"commentCount":0,"publisher":{"@id":"https:\/\/blogdoprosperi.com\/#\/schema\/person\/38100755ce3601861ee4fab9b5aa78e9"},"image":{"@id":"https:\/\/blogdoprosperi.com\/?p=60263#primaryimage"},"thumbnailUrl":"https:\/\/i0.wp.com\/blogdoprosperi.com\/wp-content\/uploads\/2026\/07\/erling-haaland-de-viking.webp?fit=600%2C400&ssl=1","articleSection":["futebol"],"inLanguage":"pt-BR","potentialAction":[{"@type":"CommentAction","name":"Comment","target":["https:\/\/blogdoprosperi.com\/?p=60263#respond"]}]},{"@type":"WebPage","@id":"https:\/\/blogdoprosperi.com\/?p=60263","url":"https:\/\/blogdoprosperi.com\/?p=60263","name":"Haaland, o viral da Copa do Mundo - PR\u00d3SPERI NEWS","isPartOf":{"@id":"https:\/\/blogdoprosperi.com\/#website"},"primaryImageOfPage":{"@id":"https:\/\/blogdoprosperi.com\/?p=60263#primaryimage"},"image":{"@id":"https:\/\/blogdoprosperi.com\/?p=60263#primaryimage"},"thumbnailUrl":"https:\/\/i0.wp.com\/blogdoprosperi.com\/wp-content\/uploads\/2026\/07\/erling-haaland-de-viking.webp?fit=600%2C400&ssl=1","datePublished":"2026-07-10T23:33:44+00:00","breadcrumb":{"@id":"https:\/\/blogdoprosperi.com\/?p=60263#breadcrumb"},"inLanguage":"pt-BR","potentialAction":[{"@type":"ReadAction","target":["https:\/\/blogdoprosperi.com\/?p=60263"]}]},{"@type":"ImageObject","inLanguage":"pt-BR","@id":"https:\/\/blogdoprosperi.com\/?p=60263#primaryimage","url":"https:\/\/i0.wp.com\/blogdoprosperi.com\/wp-content\/uploads\/2026\/07\/erling-haaland-de-viking.webp?fit=600%2C400&ssl=1","contentUrl":"https:\/\/i0.wp.com\/blogdoprosperi.com\/wp-content\/uploads\/2026\/07\/erling-haaland-de-viking.webp?fit=600%2C400&ssl=1","width":600,"height":400,"caption":"Haaland Viking \u2013 foto: reprodu\u00e7\u00e3o redes sociais"},{"@type":"BreadcrumbList","@id":"https:\/\/blogdoprosperi.com\/?p=60263#breadcrumb","itemListElement":[{"@type":"ListItem","position":1,"name":"In\u00edcio","item":"https:\/\/blogdoprosperi.com\/"},{"@type":"ListItem","position":2,"name":"Haaland, o viral da Copa do Mundo"}]},{"@type":"WebSite","@id":"https:\/\/blogdoprosperi.com\/#website","url":"https:\/\/blogdoprosperi.com\/","name":"PR\u00d3SPERI NEWS","description":"TUDO \u00c9  FUTEBOL","publisher":{"@id":"https:\/\/blogdoprosperi.com\/#\/schema\/person\/38100755ce3601861ee4fab9b5aa78e9"},"alternateName":"blogdoprosperi.com","potentialAction":[{"@type":"SearchAction","target":{"@type":"EntryPoint","urlTemplate":"https:\/\/blogdoprosperi.com\/?s={search_term_string}"},"query-input":{"@type":"PropertyValueSpecification","valueRequired":true,"valueName":"search_term_string"}}],"inLanguage":"pt-BR"},{"@type":["Person","Organization"],"@id":"https:\/\/blogdoprosperi.com\/#\/schema\/person\/38100755ce3601861ee4fab9b5aa78e9","name":"Luiz Ant\u00f4nio Pr\u00f3speri","pronouns":"ele","image":{"@type":"ImageObject","inLanguage":"pt-BR","@id":"https:\/\/i0.wp.com\/blogdoprosperi.com\/wp-content\/uploads\/2026\/05\/cropped-8059e613-6002-42fa-961e-8e275f575d71-2-5.jpg?fit=1360%2C931&ssl=1","url":"https:\/\/i0.wp.com\/blogdoprosperi.com\/wp-content\/uploads\/2026\/05\/cropped-8059e613-6002-42fa-961e-8e275f575d71-2-5.jpg?fit=1360%2C931&ssl=1","contentUrl":"https:\/\/i0.wp.com\/blogdoprosperi.com\/wp-content\/uploads\/2026\/05\/cropped-8059e613-6002-42fa-961e-8e275f575d71-2-5.jpg?fit=1360%2C931&ssl=1","width":1360,"height":931,"caption":"Luiz Ant\u00f4nio Pr\u00f3speri"},"logo":{"@id":"https:\/\/i0.wp.com\/blogdoprosperi.com\/wp-content\/uploads\/2026\/05\/cropped-8059e613-6002-42fa-961e-8e275f575d71-2-5.jpg?fit=1360%2C931&ssl=1"},"description":"Jornalista com carreira dedicada ao esporte. Cobriu 9 Copas do Mundo in loco, 1990 na It\u00e1lia, 1994 nos EUA, 1998 na Fran\u00e7a, 2002 na Coreia do Sul e Jap\u00e3o, 2006 na Alemanha, 2010 na \u00c1frica do Sul, 2014 no Brasil, 2018 na R\u00fassia e 2022 no Qatar. Eurocopas, 1992 na Su\u00e9cia e 1996 na Inglaterra. Copa das Confedera\u00e7\u00f5es de 2005 na Alemanha e 2009 na \u00c1frica do Sul. Rep\u00f3rter e Editor, trabalhou no Jornal da Tarde e Estad\u00e3o, de 1984 a fevereiro de 2016. Colunista, blogueiro. E comentarista de futebol na R\u00e1dio Estad\u00e3o, de 2013 a fevereiro de 2016. Jornalista respons\u00e1vel do \"Pr\u00f3speri News\" (blogdoprosperi.com).","sameAs":["http:\/\/blogdoprosperi.com","Luiz Pr\u00f3speri","@luiz_prosperi","https:\/\/x.com\/Luizprosperi","@prosperinacopa","luiz.prosperi@icloud.com"],"url":"https:\/\/blogdoprosperi.com\/?author=102107496"}]}},"jetpack_publicize_connections":[],"jetpack_likes_enabled":false,"jetpack_sharing_enabled":true,"jetpack_shortlink":"https:\/\/wp.me\/p7jvdk-fFZ","jetpack-related-posts":[{"id":60169,"url":"https:\/\/blogdoprosperi.com\/?p=60169","url_meta":{"origin":60263,"position":0},"title":"New Jersey 5 de julho 2026","author":"Luiz Ant\u00f4nio Pr\u00f3speri","date":"5 de julho de 2026","format":false,"excerpt":"Luiz Ant\u00f4nio Pr\u00f3speri, de New Jersey, 5 julho 2026 Estamos condenados a sofrer no dia 5 de julho. Em 1982, quando encantamos o mundo com Falc\u00e3o, Cerezzo, S\u00f3crates e Zico e Tel\u00ea no comando, tamb\u00e9m ca\u00edmos no 5 de julho diante da It\u00e1lia. A diferen\u00e7a agora \u00e9 que n\u00e3o encantamos\u2026","rel":"","context":"Em &quot;copa 2026&quot;","block_context":{"text":"copa 2026","link":"https:\/\/blogdoprosperi.com\/?cat=36820279"},"img":{"alt_text":"","src":"https:\/\/i0.wp.com\/blogdoprosperi.com\/wp-content\/uploads\/2026\/07\/Captura-de-Tela-2026-07-05-as-18.13.01.png?fit=694%2C688&ssl=1&resize=350%2C200","width":350,"height":200,"srcset":"https:\/\/i0.wp.com\/blogdoprosperi.com\/wp-content\/uploads\/2026\/07\/Captura-de-Tela-2026-07-05-as-18.13.01.png?fit=694%2C688&ssl=1&resize=350%2C200 1x, https:\/\/i0.wp.com\/blogdoprosperi.com\/wp-content\/uploads\/2026\/07\/Captura-de-Tela-2026-07-05-as-18.13.01.png?fit=694%2C688&ssl=1&resize=525%2C300 1.5x"},"classes":[]},{"id":60347,"url":"https:\/\/blogdoprosperi.com\/?p=60347","url_meta":{"origin":60263,"position":1},"title":"Inglaterra vence Noruega e vai \u00e0 semifinal da Copa com ambi\u00e7\u00e3o de chegar \u00e0 final depois de 60 anos","author":"Luiz Ant\u00f4nio Pr\u00f3speri","date":"11 de julho de 2026","format":false,"excerpt":"Luiz Ant\u00f4nio Pr\u00f3speri \u2013 11 julho 2026 ( Inglaterra vence Noruega por 2 a 1 ap\u00f3s empate por 1 a 1 no tempo regulamentar. A vit\u00f3ria leva os ingleses \u00e0 semifinal da Copa do Mundo. Gra\u00e7as a Jude Bellingham, autor dos dois gols, a Inglaterra sustenta sonho de chegar \u00e0\u2026","rel":"","context":"Em &quot;futebol&quot;","block_context":{"text":"futebol","link":"https:\/\/blogdoprosperi.com\/?cat=53870"},"img":{"alt_text":"","src":"https:\/\/i0.wp.com\/blogdoprosperi.com\/wp-content\/uploads\/2026\/07\/Captura-de-Tela-2026-07-11-as-21.12.10.png?fit=1200%2C1033&ssl=1&resize=350%2C200","width":350,"height":200,"srcset":"https:\/\/i0.wp.com\/blogdoprosperi.com\/wp-content\/uploads\/2026\/07\/Captura-de-Tela-2026-07-11-as-21.12.10.png?fit=1200%2C1033&ssl=1&resize=350%2C200 1x, https:\/\/i0.wp.com\/blogdoprosperi.com\/wp-content\/uploads\/2026\/07\/Captura-de-Tela-2026-07-11-as-21.12.10.png?fit=1200%2C1033&ssl=1&resize=525%2C300 1.5x, https:\/\/i0.wp.com\/blogdoprosperi.com\/wp-content\/uploads\/2026\/07\/Captura-de-Tela-2026-07-11-as-21.12.10.png?fit=1200%2C1033&ssl=1&resize=700%2C400 2x, https:\/\/i0.wp.com\/blogdoprosperi.com\/wp-content\/uploads\/2026\/07\/Captura-de-Tela-2026-07-11-as-21.12.10.png?fit=1200%2C1033&ssl=1&resize=1050%2C600 3x"},"classes":[]},{"id":60050,"url":"https:\/\/blogdoprosperi.com\/?p=60050","url_meta":{"origin":60263,"position":2},"title":"Caminho do Brasil at\u00e9 o Hexa tem todos artilheiros da Copa pela frente","author":"Luiz Ant\u00f4nio Pr\u00f3speri","date":"1 de julho de 2026","format":false,"excerpt":"Luiz Ant\u00f4nio Pr\u00f3speri, de Morristown, 1 julho 2026 (19h11) Carlo Ancelotti franze a sobrancelha s\u00f3 de pensar o que ter\u00e1 pela frente se o Brasil avan\u00e7ar at\u00e9 a final da Copa 2026. Nesta ordem, Haaland, Harry Kane, Lionel Messi e Mbapp\u00e9. Os quatro atacantes somam 22 gols, entre a fase\u2026","rel":"","context":"Em &quot;copa 2026&quot;","block_context":{"text":"copa 2026","link":"https:\/\/blogdoprosperi.com\/?cat=36820279"},"img":{"alt_text":"","src":"https:\/\/i0.wp.com\/blogdoprosperi.com\/wp-content\/uploads\/2026\/07\/Captura-de-Tela-2026-07-01-as-19.13.46.png?fit=1200%2C555&ssl=1&resize=350%2C200","width":350,"height":200,"srcset":"https:\/\/i0.wp.com\/blogdoprosperi.com\/wp-content\/uploads\/2026\/07\/Captura-de-Tela-2026-07-01-as-19.13.46.png?fit=1200%2C555&ssl=1&resize=350%2C200 1x, https:\/\/i0.wp.com\/blogdoprosperi.com\/wp-content\/uploads\/2026\/07\/Captura-de-Tela-2026-07-01-as-19.13.46.png?fit=1200%2C555&ssl=1&resize=525%2C300 1.5x, https:\/\/i0.wp.com\/blogdoprosperi.com\/wp-content\/uploads\/2026\/07\/Captura-de-Tela-2026-07-01-as-19.13.46.png?fit=1200%2C555&ssl=1&resize=700%2C400 2x, https:\/\/i0.wp.com\/blogdoprosperi.com\/wp-content\/uploads\/2026\/07\/Captura-de-Tela-2026-07-01-as-19.13.46.png?fit=1200%2C555&ssl=1&resize=1050%2C600 3x"},"classes":[]},{"id":60109,"url":"https:\/\/blogdoprosperi.com\/?p=60109","url_meta":{"origin":60263,"position":3},"title":"Neymar e Raphinha correm, Ancelotti abre um sorriso","author":"Luiz Ant\u00f4nio Pr\u00f3speri","date":"3 de julho de 2026","format":false,"excerpt":"Luiz Ant\u00f4nio Pr\u00f3speri, de Morristown, 3 julho 2026 (19h16) Sol de torrar os miolos, de queimar a sola dos p\u00e9s. Term\u00f4metros a 38 graus, um ventinho brigando com o calor intenso na sensa\u00e7\u00e3o t\u00e9rmica de 42 graus em Morristown, nas cercanias de New Jersey. Rel\u00f3gios celulares apontando 11h desta sexta-feira\u2026","rel":"","context":"Em &quot;futebol&quot;","block_context":{"text":"futebol","link":"https:\/\/blogdoprosperi.com\/?cat=53870"},"img":{"alt_text":"","src":"https:\/\/i0.wp.com\/blogdoprosperi.com\/wp-content\/uploads\/2026\/07\/336b4833-bbc1-4bed-a68b-70673e7f3e27.jpg?fit=1200%2C674&ssl=1&resize=350%2C200","width":350,"height":200,"srcset":"https:\/\/i0.wp.com\/blogdoprosperi.com\/wp-content\/uploads\/2026\/07\/336b4833-bbc1-4bed-a68b-70673e7f3e27.jpg?fit=1200%2C674&ssl=1&resize=350%2C200 1x, https:\/\/i0.wp.com\/blogdoprosperi.com\/wp-content\/uploads\/2026\/07\/336b4833-bbc1-4bed-a68b-70673e7f3e27.jpg?fit=1200%2C674&ssl=1&resize=525%2C300 1.5x, https:\/\/i0.wp.com\/blogdoprosperi.com\/wp-content\/uploads\/2026\/07\/336b4833-bbc1-4bed-a68b-70673e7f3e27.jpg?fit=1200%2C674&ssl=1&resize=700%2C400 2x, https:\/\/i0.wp.com\/blogdoprosperi.com\/wp-content\/uploads\/2026\/07\/336b4833-bbc1-4bed-a68b-70673e7f3e27.jpg?fit=1200%2C674&ssl=1&resize=1050%2C600 3x"},"classes":[]},{"id":47145,"url":"https:\/\/blogdoprosperi.com\/?p=47145","url_meta":{"origin":60263,"position":4},"title":"Como o Manchester City passou de melhor do mundo a espantalho em 12 meses","author":"Luiz Ant\u00f4nio Pr\u00f3speri","date":"26 de dezembro de 2024","format":false,"excerpt":"A les\u00e3o de Rodri, fator Erling Haaland e o esgotamento de Pep Guardiola desempenham um papel no profundo colapso do Manchester City, um time acostumado a vencer sempre e a levantar ta\u00e7as. \u00daltimos 9 jogos \u2013 1 vit\u00f3ria, 2 empates e 6 derrotas, 18.5% aproveitamento, 10 gols marcados e 17\u2026","rel":"","context":"Em &quot;futebol&quot;","block_context":{"text":"futebol","link":"https:\/\/blogdoprosperi.com\/?cat=53870"},"img":{"alt_text":"Queda do Manchester City","src":"https:\/\/i0.wp.com\/blogdoprosperi.com\/wp-content\/uploads\/2024\/12\/pep-guardiola.webp?fit=1200%2C676&ssl=1&resize=350%2C200","width":350,"height":200,"srcset":"https:\/\/i0.wp.com\/blogdoprosperi.com\/wp-content\/uploads\/2024\/12\/pep-guardiola.webp?fit=1200%2C676&ssl=1&resize=350%2C200 1x, https:\/\/i0.wp.com\/blogdoprosperi.com\/wp-content\/uploads\/2024\/12\/pep-guardiola.webp?fit=1200%2C676&ssl=1&resize=525%2C300 1.5x, https:\/\/i0.wp.com\/blogdoprosperi.com\/wp-content\/uploads\/2024\/12\/pep-guardiola.webp?fit=1200%2C676&ssl=1&resize=700%2C400 2x, https:\/\/i0.wp.com\/blogdoprosperi.com\/wp-content\/uploads\/2024\/12\/pep-guardiola.webp?fit=1200%2C676&ssl=1&resize=1050%2C600 3x"},"classes":[]},{"id":60123,"url":"https:\/\/blogdoprosperi.com\/?p=60123","url_meta":{"origin":60263,"position":5},"title":"Martinelli escalado na vaga de Paquet\u00e1 contra a Noruega","author":"Luiz Ant\u00f4nio Pr\u00f3speri","date":"4 de julho de 2026","format":false,"excerpt":"Luiz Ant\u00f4nio Pr\u00f3speri, de New Jersey, 4 julho 2026 Martinelli \u00e9 o eleito de Carlo Ancelotti para herdar a vaga de Lucas Paquet\u00e1 na Sele\u00e7\u00e3o Brasileira contra os noruegueses. A op\u00e7\u00e3o pelo predestinado atacante obriga Bruno Guimar\u00e3es, o articulador do escrete, a se dedicar mais \u00e0 marca\u00e7\u00e3o ao lado de\u2026","rel":"","context":"Em &quot;copa 2026&quot;","block_context":{"text":"copa 2026","link":"https:\/\/blogdoprosperi.com\/?cat=36820279"},"img":{"alt_text":"","src":"https:\/\/i0.wp.com\/blogdoprosperi.com\/wp-content\/uploads\/2026\/07\/Captura-de-Tela-2026-07-04-as-20.56.02.png?fit=1200%2C1085&ssl=1&resize=350%2C200","width":350,"height":200,"srcset":"https:\/\/i0.wp.com\/blogdoprosperi.com\/wp-content\/uploads\/2026\/07\/Captura-de-Tela-2026-07-04-as-20.56.02.png?fit=1200%2C1085&ssl=1&resize=350%2C200 1x, https:\/\/i0.wp.com\/blogdoprosperi.com\/wp-content\/uploads\/2026\/07\/Captura-de-Tela-2026-07-04-as-20.56.02.png?fit=1200%2C1085&ssl=1&resize=525%2C300 1.5x, https:\/\/i0.wp.com\/blogdoprosperi.com\/wp-content\/uploads\/2026\/07\/Captura-de-Tela-2026-07-04-as-20.56.02.png?fit=1200%2C1085&ssl=1&resize=700%2C400 2x, https:\/\/i0.wp.com\/blogdoprosperi.com\/wp-content\/uploads\/2026\/07\/Captura-de-Tela-2026-07-04-as-20.56.02.png?fit=1200%2C1085&ssl=1&resize=1050%2C600 3x"},"classes":[]}],"jetpack_featured_media_url":"https:\/\/i0.wp.com\/blogdoprosperi.com\/wp-content\/uploads\/2026\/07\/erling-haaland-de-viking.webp?fit=600%2C400&ssl=1","_links":{"self":[{"href":"https:\/\/blogdoprosperi.com\/index.php?rest_route=\/wp\/v2\/posts\/60263","targetHints":{"allow":["GET"]}}],"collection":[{"href":"https:\/\/blogdoprosperi.com\/index.php?rest_route=\/wp\/v2\/posts"}],"about":[{"href":"https:\/\/blogdoprosperi.com\/index.php?rest_route=\/wp\/v2\/types\/post"}],"author":[{"embeddable":true,"href":"https:\/\/blogdoprosperi.com\/index.php?rest_route=\/wp\/v2\/users\/102107496"}],"replies":[{"embeddable":true,"href":"https:\/\/blogdoprosperi.com\/index.php?rest_route=%2Fwp%2Fv2%2Fcomments&post=60263"}],"version-history":[{"count":27,"href":"https:\/\/blogdoprosperi.com\/index.php?rest_route=\/wp\/v2\/posts\/60263\/revisions"}],"predecessor-version":[{"id":60304,"href":"https:\/\/blogdoprosperi.com\/index.php?rest_route=\/wp\/v2\/posts\/60263\/revisions\/60304"}],"wp:featuredmedia":[{"embeddable":true,"href":"https:\/\/blogdoprosperi.com\/index.php?rest_route=\/wp\/v2\/media\/60283"}],"wp:attachment":[{"href":"https:\/\/blogdoprosperi.com\/index.php?rest_route=%2Fwp%2Fv2%2Fmedia&parent=60263"}],"wp:term":[{"taxonomy":"category","embeddable":true,"href":"https:\/\/blogdoprosperi.com\/index.php?rest_route=%2Fwp%2Fv2%2Fcategories&post=60263"},{"taxonomy":"post_tag","embeddable":true,"href":"https:\/\/blogdoprosperi.com\/index.php?rest_route=%2Fwp%2Fv2%2Ftags&post=60263"}],"curies":[{"name":"wp","href":"https:\/\/api.w.org\/{rel}","templated":true}]}}