{"id":60510,"date":"2026-07-14T11:33:26","date_gmt":"2026-07-14T14:33:26","guid":{"rendered":"https:\/\/blogdoprosperi.com\/?p=60510"},"modified":"2026-07-14T11:45:41","modified_gmt":"2026-07-14T14:45:41","slug":"franca-x-espanha-quem-pode-decidir-o-poder-de-seducao-de-cada-selecao-e-onde-assistir-o-jogo","status":"publish","type":"post","link":"https:\/\/blogdoprosperi.com\/?p=60510","title":{"rendered":"Fran\u00e7a x Espanha: Quem pode decidir, o poder de sedu\u00e7\u00e3o de cada sele\u00e7\u00e3o e onde assistir o jogo ao vivo"},"content":{"rendered":"<p><em>Luiz Ant\u00f4nio Pr\u00f3speri \u2013 14 julho 2026 (11h34)\u00a0<\/em><\/p>\n<p>Fran\u00e7a e Espanha decidem uma vaga \u00e0 final da Copa do Mundo 2026 nesta ter\u00e7a-feira (14\/7) em Dallas. Trata-se de um dos jogos dos mais esperados dessa Copa. Pena que seja agora a dois passos da grande final de domingo (19\/7) em New Jersey. Poderia ter sido antes e n\u00e3o neste momento em que o futebol ser\u00e1 privado de ter uma delas na decis\u00e3o da ta\u00e7a no MetLife.<\/p>\n<hr \/>\n<p><strong>onde assistir AO VIVO:<br \/>\n<\/strong><strong>Fran\u00e7a x Espanha \u2013 16h \u2013 transmiss\u00e3o exclusiva Caz\u00e9 TV (YouTube)<\/strong><\/p>\n<hr \/>\n<p><em>Entenda como Fran\u00e7a e Espanha podem chegar \u00e0 vit\u00f3ria:<\/em><\/p>\n<p><em><strong>QUEM PODE DECIDIR<\/strong><\/em><\/p>\n<p><em><strong>Do lado da Fran\u00e7a:<\/strong><\/em><\/p>\n<p><strong>Mbapp\u00e9<\/strong>, o mais letal.<\/p>\n<p><strong>Dembel\u00e9<\/strong>, o ca\u00e7a migalhas das sobras de Mbapp\u00e9.<\/p>\n<p><strong>Olise<\/strong>, o c\u00e9rebro e condutor m\u00e1quina francesa.<\/p>\n<p><strong>Upamecano<\/strong>, na bola parada.<\/p>\n<p><strong>T\u00e9cnico Didier Deschamps<\/strong>, estrategista das finais de Copas do Mundo.<\/p>\n<p><em><strong>Do lado da Espanha:<\/strong><\/em><\/p>\n<p><strong>Lamine Yamal<\/strong>, a desconcertante juventude do drible, passes e gols.<\/p>\n<p><strong>Oyarzabal,<\/strong> o discreto charme do goleador improv\u00e1vel.<\/p>\n<p><strong>Rodri,<\/strong> pilar de sustenta\u00e7\u00e3o da arquitetura cl\u00e1ssica espanhola.<\/p>\n<p><strong>Dani Olmo<\/strong>, o indivis\u00edvel entre armar e colecionar gols.<\/p>\n<p><strong>Merino<\/strong>, o talism\u00e3 das horas mais dif\u00edceis<\/p>\n<p><em><strong>PODER DE SEDU\u00c7\u00c3O<\/strong><\/em><\/p>\n<p><strong>Fran\u00e7a<\/strong> \u2013 Arrojo, velocidade, press\u00e3o no campo inimigo para roubar a bola. Agilidade no ataque em transi\u00e7\u00f5es a 300 km por hora. E uma metralhadora girat\u00f3ria disparando chutes a gol a cada minuto.<\/p>\n<p><strong>Espanha<\/strong> \u2013 Insist\u00eancia e paci\u00eancia para ficar com a bola. Controle do jogo com passes curtos envolventes e tediosos a quem procura bloquear esse caminho. A fortaleza mesmo quando perde a bola para o inimigo. E o gol coletivo a qualquer momento, mas sem pressa.<\/p>\n<p><em><strong>O QUE ELES DIZEM<\/strong><\/em><\/p>\n<blockquote><p><em> &#8220;N\u00e3o tenho d\u00favida que a Espanha \u00e9 favorita. Para os espanh\u00f3is nos considerarem favoritos \u00e0 Copa do Mundo&#8230; Se tem um time favorito, \u00e9 a Espanha, mesmo que a Fran\u00e7a tenha a ambi\u00e7\u00e3o de ser campe\u00e3&#8221; \u00a0<strong>Deschamps, t\u00e9cnico da Fran\u00e7a.<\/strong><\/em><\/p>\n<p>&nbsp;<\/p>\n<p><em>&#8220;Me perguntaram se tinha medo da Fran\u00e7a, eu disse que n\u00e3o. Somos os campe\u00f5es da Europa e n\u00e3o temos medo de nenhum jogo.\u00a0\u00c9 futebol, eles que levem a frase como quiserem&#8221; <strong>Yamal, atacante da Espanha<\/strong><\/em><\/p><\/blockquote>\n<p><em><strong>HIST\u00d3RIA<\/strong><\/em><\/p>\n<p><strong>Fran\u00e7a<\/strong> \u2013 Campe\u00e3 em 2018 (na R\u00fassia) e vice em 2022 (Qatar), joga para chegar \u00e0 terceira final consecutiva de Copa do Mundo. Fato in\u00e9dito na era moderna das Copas. \u00c9 bicampe\u00e3 mundial (1998 e 2018) e luta para entrar no seleto grupo de sele\u00e7\u00f5es com mais de duas conquistas: Brasil (5), Alemanha (4), It\u00e1lia (4) e Argentina (3).<\/p>\n<p><strong>Espanha<\/strong> \u2013 Campe\u00e3 em 2010 (na \u00c1frica do Sul), joga para levantar a ta\u00e7a mundial pela segunda vez depois de dominar continente europeu com o maior n\u00famero de t\u00edtulos da Eurocopa: 1964, 2008, 2012 e 2024.<\/p>\n","protected":false},"excerpt":{"rendered":"<p>Luiz Ant\u00f4nio Pr\u00f3speri \u2013 14 julho 2026 (11h34)\u00a0 Fran\u00e7a e Espanha decidem uma vaga \u00e0 final da Copa [&hellip;]<\/p>\n","protected":false},"author":102107496,"featured_media":60524,"comment_status":"open","ping_status":"open","sticky":false,"template":"","format":"standard","meta":{"_coblocks_attr":"","_coblocks_dimensions":"","_coblocks_responsive_height":"","_coblocks_accordion_ie_support":"","_jetpack_newsletter_access":"","_jetpack_dont_email_post_to_subs":false,"_jetpack_newsletter_tier_id":0,"_jetpack_memberships_contains_paywalled_content":false,"_wpcom_ai_launchpad_first_post":false,"_jetpack_feature_clip_id":0,"_jetpack_memberships_contains_paid_content":false,"footnotes":"","jetpack_publicize_message":"","jetpack_publicize_feature_enabled":true,"jetpack_social_post_already_shared":true,"jetpack_social_options":{"image_generator_settings":{"template":"highway","default_image_id":0,"font":"","enabled":false},"version":2},"jetpack_post_was_ever_published":false},"categories":[36820279,53870],"tags":[569949222,789560651,68373,68923,789560701,24279794,1060486],"class_list":["post-60510","post","type-post","status-publish","format-standard","has-post-thumbnail","hentry","category-copa-2026","category-futebol","tag-copa2026","tag-copadomundo","tag-espanha","tag-franca","tag-francaxespanha","tag-mbappe","tag-yamal"],"yoast_head":"<!-- This site is optimized with the Yoast SEO plugin v28.4 - https:\/\/yoast.com\/product\/yoast-seo-wordpress\/ -->\n<title>Fran\u00e7a x Espanha: Quem pode decidir, o poder de sedu\u00e7\u00e3o de cada sele\u00e7\u00e3o e onde assistir o jogo ao vivo - PR\u00d3SPERI NEWS<\/title>\n<meta name=\"robots\" content=\"index, follow, max-snippet:-1, max-image-preview:large, max-video-preview:-1\" \/>\n<link rel=\"canonical\" href=\"https:\/\/blogdoprosperi.com\/?p=60510\" \/>\n<meta property=\"og:locale\" content=\"pt_BR\" \/>\n<meta property=\"og:type\" content=\"article\" \/>\n<meta property=\"og:title\" content=\"Fran\u00e7a x Espanha: Quem pode decidir, o poder de sedu\u00e7\u00e3o de cada sele\u00e7\u00e3o e onde assistir o jogo ao vivo - PR\u00d3SPERI NEWS\" \/>\n<meta property=\"og:description\" content=\"Luiz Ant\u00f4nio Pr\u00f3speri \u2013 14 julho 2026 (11h34)\u00a0 Fran\u00e7a e Espanha decidem uma vaga \u00e0 final da Copa [&hellip;]\" \/>\n<meta property=\"og:url\" content=\"https:\/\/blogdoprosperi.com\/?p=60510\" \/>\n<meta property=\"og:site_name\" content=\"PR\u00d3SPERI NEWS\" \/>\n<meta property=\"article:publisher\" content=\"Luiz Pr\u00f3speri\" \/>\n<meta property=\"article:author\" content=\"Luiz Pr\u00f3speri\" \/>\n<meta property=\"article:published_time\" content=\"2026-07-14T14:33:26+00:00\" \/>\n<meta property=\"article:modified_time\" content=\"2026-07-14T14:45:41+00:00\" \/>\n<meta property=\"og:image\" content=\"https:\/\/i0.wp.com\/blogdoprosperi.com\/wp-content\/uploads\/2026\/07\/Captura-de-Tela-2026-07-13-as-18.22.53.png?fit=1020%2C888&ssl=1\" \/>\n\t<meta property=\"og:image:width\" content=\"1020\" \/>\n\t<meta property=\"og:image:height\" content=\"888\" \/>\n\t<meta property=\"og:image:type\" content=\"image\/png\" \/>\n<meta name=\"author\" content=\"Luiz Ant\u00f4nio Pr\u00f3speri\" \/>\n<meta name=\"twitter:card\" content=\"summary_large_image\" \/>\n<meta name=\"twitter:creator\" content=\"@Luizprosperi\" \/>\n<meta name=\"twitter:site\" content=\"@Luizprosperi\" \/>\n<meta name=\"twitter:label1\" content=\"Escrito por\" \/>\n\t<meta name=\"twitter:data1\" content=\"Luiz Ant\u00f4nio Pr\u00f3speri\" \/>\n\t<meta name=\"twitter:label2\" content=\"Est. tempo de leitura\" \/>\n\t<meta name=\"twitter:data2\" content=\"2 minutos\" \/>\n<script type=\"application\/ld+json\" class=\"yoast-schema-graph\">{\"@context\":\"https:\\\/\\\/schema.org\",\"@graph\":[{\"@type\":\"Article\",\"@id\":\"https:\\\/\\\/blogdoprosperi.com\\\/?p=60510#article\",\"isPartOf\":{\"@id\":\"https:\\\/\\\/blogdoprosperi.com\\\/?p=60510\"},\"author\":{\"name\":\"Luiz Ant\u00f4nio Pr\u00f3speri\",\"@id\":\"https:\\\/\\\/blogdoprosperi.com\\\/#\\\/schema\\\/person\\\/38100755ce3601861ee4fab9b5aa78e9\"},\"headline\":\"Fran\u00e7a x Espanha: Quem pode decidir, o poder de sedu\u00e7\u00e3o de cada sele\u00e7\u00e3o e onde assistir o jogo ao vivo\",\"datePublished\":\"2026-07-14T14:33:26+00:00\",\"dateModified\":\"2026-07-14T14:45:41+00:00\",\"mainEntityOfPage\":{\"@id\":\"https:\\\/\\\/blogdoprosperi.com\\\/?p=60510\"},\"wordCount\":480,\"commentCount\":0,\"publisher\":{\"@id\":\"https:\\\/\\\/blogdoprosperi.com\\\/#\\\/schema\\\/person\\\/38100755ce3601861ee4fab9b5aa78e9\"},\"image\":{\"@id\":\"https:\\\/\\\/blogdoprosperi.com\\\/?p=60510#primaryimage\"},\"thumbnailUrl\":\"https:\\\/\\\/i0.wp.com\\\/blogdoprosperi.com\\\/wp-content\\\/uploads\\\/2026\\\/07\\\/Captura-de-Tela-2026-07-13-as-18.22.53.png?fit=1020%2C888&ssl=1\",\"keywords\":[\"Copa2026\",\"copadomundo\",\"Espanha\",\"Fran\u00e7a\",\"fran\u00e7axespanha\",\"mbapp\u00e9\",\"Yamal\"],\"articleSection\":[\"copa 2026\",\"futebol\"],\"inLanguage\":\"pt-BR\",\"potentialAction\":[{\"@type\":\"CommentAction\",\"name\":\"Comment\",\"target\":[\"https:\\\/\\\/blogdoprosperi.com\\\/?p=60510#respond\"]}]},{\"@type\":\"WebPage\",\"@id\":\"https:\\\/\\\/blogdoprosperi.com\\\/?p=60510\",\"url\":\"https:\\\/\\\/blogdoprosperi.com\\\/?p=60510\",\"name\":\"Fran\u00e7a x Espanha: Quem pode decidir, o poder de sedu\u00e7\u00e3o de cada sele\u00e7\u00e3o e onde assistir o jogo ao vivo - PR\u00d3SPERI NEWS\",\"isPartOf\":{\"@id\":\"https:\\\/\\\/blogdoprosperi.com\\\/#website\"},\"primaryImageOfPage\":{\"@id\":\"https:\\\/\\\/blogdoprosperi.com\\\/?p=60510#primaryimage\"},\"image\":{\"@id\":\"https:\\\/\\\/blogdoprosperi.com\\\/?p=60510#primaryimage\"},\"thumbnailUrl\":\"https:\\\/\\\/i0.wp.com\\\/blogdoprosperi.com\\\/wp-content\\\/uploads\\\/2026\\\/07\\\/Captura-de-Tela-2026-07-13-as-18.22.53.png?fit=1020%2C888&ssl=1\",\"datePublished\":\"2026-07-14T14:33:26+00:00\",\"dateModified\":\"2026-07-14T14:45:41+00:00\",\"breadcrumb\":{\"@id\":\"https:\\\/\\\/blogdoprosperi.com\\\/?p=60510#breadcrumb\"},\"inLanguage\":\"pt-BR\",\"potentialAction\":[{\"@type\":\"ReadAction\",\"target\":[\"https:\\\/\\\/blogdoprosperi.com\\\/?p=60510\"]}]},{\"@type\":\"ImageObject\",\"inLanguage\":\"pt-BR\",\"@id\":\"https:\\\/\\\/blogdoprosperi.com\\\/?p=60510#primaryimage\",\"url\":\"https:\\\/\\\/i0.wp.com\\\/blogdoprosperi.com\\\/wp-content\\\/uploads\\\/2026\\\/07\\\/Captura-de-Tela-2026-07-13-as-18.22.53.png?fit=1020%2C888&ssl=1\",\"contentUrl\":\"https:\\\/\\\/i0.wp.com\\\/blogdoprosperi.com\\\/wp-content\\\/uploads\\\/2026\\\/07\\\/Captura-de-Tela-2026-07-13-as-18.22.53.png?fit=1020%2C888&ssl=1\",\"width\":1020,\"height\":888},{\"@type\":\"BreadcrumbList\",\"@id\":\"https:\\\/\\\/blogdoprosperi.com\\\/?p=60510#breadcrumb\",\"itemListElement\":[{\"@type\":\"ListItem\",\"position\":1,\"name\":\"In\u00edcio\",\"item\":\"https:\\\/\\\/blogdoprosperi.com\\\/\"},{\"@type\":\"ListItem\",\"position\":2,\"name\":\"Fran\u00e7a x Espanha: Quem pode decidir, o poder de sedu\u00e7\u00e3o de cada sele\u00e7\u00e3o e onde assistir o jogo ao vivo\"}]},{\"@type\":\"WebSite\",\"@id\":\"https:\\\/\\\/blogdoprosperi.com\\\/#website\",\"url\":\"https:\\\/\\\/blogdoprosperi.com\\\/\",\"name\":\"PR\u00d3SPERI NEWS\",\"description\":\"TUDO \u00c9  FUTEBOL\",\"publisher\":{\"@id\":\"https:\\\/\\\/blogdoprosperi.com\\\/#\\\/schema\\\/person\\\/38100755ce3601861ee4fab9b5aa78e9\"},\"alternateName\":\"blogdoprosperi.com\",\"potentialAction\":[{\"@type\":\"SearchAction\",\"target\":{\"@type\":\"EntryPoint\",\"urlTemplate\":\"https:\\\/\\\/blogdoprosperi.com\\\/?s={search_term_string}\"},\"query-input\":{\"@type\":\"PropertyValueSpecification\",\"valueRequired\":true,\"valueName\":\"search_term_string\"}}],\"inLanguage\":\"pt-BR\"},{\"@type\":[\"Person\",\"Organization\"],\"@id\":\"https:\\\/\\\/blogdoprosperi.com\\\/#\\\/schema\\\/person\\\/38100755ce3601861ee4fab9b5aa78e9\",\"name\":\"Luiz Ant\u00f4nio Pr\u00f3speri\",\"pronouns\":\"ele\",\"image\":{\"@type\":\"ImageObject\",\"inLanguage\":\"pt-BR\",\"@id\":\"https:\\\/\\\/i0.wp.com\\\/blogdoprosperi.com\\\/wp-content\\\/uploads\\\/2026\\\/05\\\/cropped-8059e613-6002-42fa-961e-8e275f575d71-2-5.jpg?fit=1360%2C931&ssl=1\",\"url\":\"https:\\\/\\\/i0.wp.com\\\/blogdoprosperi.com\\\/wp-content\\\/uploads\\\/2026\\\/05\\\/cropped-8059e613-6002-42fa-961e-8e275f575d71-2-5.jpg?fit=1360%2C931&ssl=1\",\"contentUrl\":\"https:\\\/\\\/i0.wp.com\\\/blogdoprosperi.com\\\/wp-content\\\/uploads\\\/2026\\\/05\\\/cropped-8059e613-6002-42fa-961e-8e275f575d71-2-5.jpg?fit=1360%2C931&ssl=1\",\"width\":1360,\"height\":931,\"caption\":\"Luiz Ant\u00f4nio Pr\u00f3speri\"},\"logo\":{\"@id\":\"https:\\\/\\\/i0.wp.com\\\/blogdoprosperi.com\\\/wp-content\\\/uploads\\\/2026\\\/05\\\/cropped-8059e613-6002-42fa-961e-8e275f575d71-2-5.jpg?fit=1360%2C931&ssl=1\"},\"description\":\"Jornalista com carreira dedicada ao esporte. Cobriu 9 Copas do Mundo in loco, 1990 na It\u00e1lia, 1994 nos EUA, 1998 na Fran\u00e7a, 2002 na Coreia do Sul e Jap\u00e3o, 2006 na Alemanha, 2010 na \u00c1frica do Sul, 2014 no Brasil, 2018 na R\u00fassia e 2022 no Qatar. Eurocopas, 1992 na Su\u00e9cia e 1996 na Inglaterra. Copa das Confedera\u00e7\u00f5es de 2005 na Alemanha e 2009 na \u00c1frica do Sul. Rep\u00f3rter e Editor, trabalhou no Jornal da Tarde e Estad\u00e3o, de 1984 a fevereiro de 2016. Colunista, blogueiro. E comentarista de futebol na R\u00e1dio Estad\u00e3o, de 2013 a fevereiro de 2016. Jornalista respons\u00e1vel do \\\"Pr\u00f3speri News\\\" (blogdoprosperi.com).\",\"sameAs\":[\"http:\\\/\\\/blogdoprosperi.com\",\"Luiz Pr\u00f3speri\",\"@luiz_prosperi\",\"https:\\\/\\\/x.com\\\/Luizprosperi\",\"@prosperinacopa\",\"luiz.prosperi@icloud.com\"],\"url\":\"https:\\\/\\\/blogdoprosperi.com\\\/?author=102107496\"}]}<\/script>\n<!-- \/ Yoast SEO plugin. -->","yoast_head_json":{"title":"Fran\u00e7a x Espanha: Quem pode decidir, o poder de sedu\u00e7\u00e3o de cada sele\u00e7\u00e3o e onde assistir o jogo ao vivo - PR\u00d3SPERI NEWS","robots":{"index":"index","follow":"follow","max-snippet":"max-snippet:-1","max-image-preview":"max-image-preview:large","max-video-preview":"max-video-preview:-1"},"canonical":"https:\/\/blogdoprosperi.com\/?p=60510","og_locale":"pt_BR","og_type":"article","og_title":"Fran\u00e7a x Espanha: Quem pode decidir, o poder de sedu\u00e7\u00e3o de cada sele\u00e7\u00e3o e onde assistir o jogo ao vivo - PR\u00d3SPERI NEWS","og_description":"Luiz Ant\u00f4nio Pr\u00f3speri \u2013 14 julho 2026 (11h34)\u00a0 Fran\u00e7a e Espanha decidem uma vaga \u00e0 final da Copa [&hellip;]","og_url":"https:\/\/blogdoprosperi.com\/?p=60510","og_site_name":"PR\u00d3SPERI NEWS","article_publisher":"Luiz Pr\u00f3speri","article_author":"Luiz Pr\u00f3speri","article_published_time":"2026-07-14T14:33:26+00:00","article_modified_time":"2026-07-14T14:45:41+00:00","og_image":[{"width":1020,"height":888,"url":"https:\/\/i0.wp.com\/blogdoprosperi.com\/wp-content\/uploads\/2026\/07\/Captura-de-Tela-2026-07-13-as-18.22.53.png?fit=1020%2C888&ssl=1","type":"image\/png"}],"author":"Luiz Ant\u00f4nio Pr\u00f3speri","twitter_card":"summary_large_image","twitter_creator":"@Luizprosperi","twitter_site":"@Luizprosperi","twitter_misc":{"Escrito por":"Luiz Ant\u00f4nio Pr\u00f3speri","Est. tempo de leitura":"2 minutos"},"schema":{"@context":"https:\/\/schema.org","@graph":[{"@type":"Article","@id":"https:\/\/blogdoprosperi.com\/?p=60510#article","isPartOf":{"@id":"https:\/\/blogdoprosperi.com\/?p=60510"},"author":{"name":"Luiz Ant\u00f4nio Pr\u00f3speri","@id":"https:\/\/blogdoprosperi.com\/#\/schema\/person\/38100755ce3601861ee4fab9b5aa78e9"},"headline":"Fran\u00e7a x Espanha: Quem pode decidir, o poder de sedu\u00e7\u00e3o de cada sele\u00e7\u00e3o e onde assistir o jogo ao vivo","datePublished":"2026-07-14T14:33:26+00:00","dateModified":"2026-07-14T14:45:41+00:00","mainEntityOfPage":{"@id":"https:\/\/blogdoprosperi.com\/?p=60510"},"wordCount":480,"commentCount":0,"publisher":{"@id":"https:\/\/blogdoprosperi.com\/#\/schema\/person\/38100755ce3601861ee4fab9b5aa78e9"},"image":{"@id":"https:\/\/blogdoprosperi.com\/?p=60510#primaryimage"},"thumbnailUrl":"https:\/\/i0.wp.com\/blogdoprosperi.com\/wp-content\/uploads\/2026\/07\/Captura-de-Tela-2026-07-13-as-18.22.53.png?fit=1020%2C888&ssl=1","keywords":["Copa2026","copadomundo","Espanha","Fran\u00e7a","fran\u00e7axespanha","mbapp\u00e9","Yamal"],"articleSection":["copa 2026","futebol"],"inLanguage":"pt-BR","potentialAction":[{"@type":"CommentAction","name":"Comment","target":["https:\/\/blogdoprosperi.com\/?p=60510#respond"]}]},{"@type":"WebPage","@id":"https:\/\/blogdoprosperi.com\/?p=60510","url":"https:\/\/blogdoprosperi.com\/?p=60510","name":"Fran\u00e7a x Espanha: Quem pode decidir, o poder de sedu\u00e7\u00e3o de cada sele\u00e7\u00e3o e onde assistir o jogo ao vivo - PR\u00d3SPERI NEWS","isPartOf":{"@id":"https:\/\/blogdoprosperi.com\/#website"},"primaryImageOfPage":{"@id":"https:\/\/blogdoprosperi.com\/?p=60510#primaryimage"},"image":{"@id":"https:\/\/blogdoprosperi.com\/?p=60510#primaryimage"},"thumbnailUrl":"https:\/\/i0.wp.com\/blogdoprosperi.com\/wp-content\/uploads\/2026\/07\/Captura-de-Tela-2026-07-13-as-18.22.53.png?fit=1020%2C888&ssl=1","datePublished":"2026-07-14T14:33:26+00:00","dateModified":"2026-07-14T14:45:41+00:00","breadcrumb":{"@id":"https:\/\/blogdoprosperi.com\/?p=60510#breadcrumb"},"inLanguage":"pt-BR","potentialAction":[{"@type":"ReadAction","target":["https:\/\/blogdoprosperi.com\/?p=60510"]}]},{"@type":"ImageObject","inLanguage":"pt-BR","@id":"https:\/\/blogdoprosperi.com\/?p=60510#primaryimage","url":"https:\/\/i0.wp.com\/blogdoprosperi.com\/wp-content\/uploads\/2026\/07\/Captura-de-Tela-2026-07-13-as-18.22.53.png?fit=1020%2C888&ssl=1","contentUrl":"https:\/\/i0.wp.com\/blogdoprosperi.com\/wp-content\/uploads\/2026\/07\/Captura-de-Tela-2026-07-13-as-18.22.53.png?fit=1020%2C888&ssl=1","width":1020,"height":888},{"@type":"BreadcrumbList","@id":"https:\/\/blogdoprosperi.com\/?p=60510#breadcrumb","itemListElement":[{"@type":"ListItem","position":1,"name":"In\u00edcio","item":"https:\/\/blogdoprosperi.com\/"},{"@type":"ListItem","position":2,"name":"Fran\u00e7a x Espanha: Quem pode decidir, o poder de sedu\u00e7\u00e3o de cada sele\u00e7\u00e3o e onde assistir o jogo ao vivo"}]},{"@type":"WebSite","@id":"https:\/\/blogdoprosperi.com\/#website","url":"https:\/\/blogdoprosperi.com\/","name":"PR\u00d3SPERI NEWS","description":"TUDO \u00c9  FUTEBOL","publisher":{"@id":"https:\/\/blogdoprosperi.com\/#\/schema\/person\/38100755ce3601861ee4fab9b5aa78e9"},"alternateName":"blogdoprosperi.com","potentialAction":[{"@type":"SearchAction","target":{"@type":"EntryPoint","urlTemplate":"https:\/\/blogdoprosperi.com\/?s={search_term_string}"},"query-input":{"@type":"PropertyValueSpecification","valueRequired":true,"valueName":"search_term_string"}}],"inLanguage":"pt-BR"},{"@type":["Person","Organization"],"@id":"https:\/\/blogdoprosperi.com\/#\/schema\/person\/38100755ce3601861ee4fab9b5aa78e9","name":"Luiz Ant\u00f4nio Pr\u00f3speri","pronouns":"ele","image":{"@type":"ImageObject","inLanguage":"pt-BR","@id":"https:\/\/i0.wp.com\/blogdoprosperi.com\/wp-content\/uploads\/2026\/05\/cropped-8059e613-6002-42fa-961e-8e275f575d71-2-5.jpg?fit=1360%2C931&ssl=1","url":"https:\/\/i0.wp.com\/blogdoprosperi.com\/wp-content\/uploads\/2026\/05\/cropped-8059e613-6002-42fa-961e-8e275f575d71-2-5.jpg?fit=1360%2C931&ssl=1","contentUrl":"https:\/\/i0.wp.com\/blogdoprosperi.com\/wp-content\/uploads\/2026\/05\/cropped-8059e613-6002-42fa-961e-8e275f575d71-2-5.jpg?fit=1360%2C931&ssl=1","width":1360,"height":931,"caption":"Luiz Ant\u00f4nio Pr\u00f3speri"},"logo":{"@id":"https:\/\/i0.wp.com\/blogdoprosperi.com\/wp-content\/uploads\/2026\/05\/cropped-8059e613-6002-42fa-961e-8e275f575d71-2-5.jpg?fit=1360%2C931&ssl=1"},"description":"Jornalista com carreira dedicada ao esporte. Cobriu 9 Copas do Mundo in loco, 1990 na It\u00e1lia, 1994 nos EUA, 1998 na Fran\u00e7a, 2002 na Coreia do Sul e Jap\u00e3o, 2006 na Alemanha, 2010 na \u00c1frica do Sul, 2014 no Brasil, 2018 na R\u00fassia e 2022 no Qatar. Eurocopas, 1992 na Su\u00e9cia e 1996 na Inglaterra. Copa das Confedera\u00e7\u00f5es de 2005 na Alemanha e 2009 na \u00c1frica do Sul. Rep\u00f3rter e Editor, trabalhou no Jornal da Tarde e Estad\u00e3o, de 1984 a fevereiro de 2016. Colunista, blogueiro. E comentarista de futebol na R\u00e1dio Estad\u00e3o, de 2013 a fevereiro de 2016. Jornalista respons\u00e1vel do \"Pr\u00f3speri News\" (blogdoprosperi.com).","sameAs":["http:\/\/blogdoprosperi.com","Luiz Pr\u00f3speri","@luiz_prosperi","https:\/\/x.com\/Luizprosperi","@prosperinacopa","luiz.prosperi@icloud.com"],"url":"https:\/\/blogdoprosperi.com\/?author=102107496"}]}},"jetpack_publicize_connections":[],"jetpack_likes_enabled":false,"jetpack_sharing_enabled":true,"jetpack_shortlink":"https:\/\/wp.me\/p7jvdk-fJY","jetpack-related-posts":[{"id":60579,"url":"https:\/\/blogdoprosperi.com\/?p=60579","url_meta":{"origin":60510,"position":0},"title":"V\u00eddeo | Fran\u00e7a x Espanha, final antecipada: voc\u00ea acredita?","author":"Luiz Ant\u00f4nio Pr\u00f3speri","date":"14 de julho de 2026","format":false,"excerpt":"Acompanhe v\u00eddeo com pr\u00e9-jogo Fran\u00e7a x Espanha valendo vaga na final da Copa do Mundo 2026: https:\/\/youtu.be\/7KEPFnnL-FY?si=CsfZ33MBBu0Ed5iz https:\/\/blogdoprosperi.com\/2026\/07\/14\/franca-x-espanha-quem-pode-decidir-o-poder-de-seducao-de-cada-selecao-e-onde-assistir-o-jogo\/","rel":"","context":"Em &quot;copa 2026&quot;","block_context":{"text":"copa 2026","link":"https:\/\/blogdoprosperi.com\/?cat=36820279"},"img":{"alt_text":"","src":"https:\/\/i0.wp.com\/blogdoprosperi.com\/wp-content\/uploads\/2026\/07\/3704061715152480669.jpg?fit=1000%2C522&ssl=1&resize=350%2C200","width":350,"height":200,"srcset":"https:\/\/i0.wp.com\/blogdoprosperi.com\/wp-content\/uploads\/2026\/07\/3704061715152480669.jpg?fit=1000%2C522&ssl=1&resize=350%2C200 1x, https:\/\/i0.wp.com\/blogdoprosperi.com\/wp-content\/uploads\/2026\/07\/3704061715152480669.jpg?fit=1000%2C522&ssl=1&resize=525%2C300 1.5x, https:\/\/i0.wp.com\/blogdoprosperi.com\/wp-content\/uploads\/2026\/07\/3704061715152480669.jpg?fit=1000%2C522&ssl=1&resize=700%2C400 2x"},"classes":[]},{"id":43556,"url":"https:\/\/blogdoprosperi.com\/?p=43556","url_meta":{"origin":60510,"position":1},"title":"Euro 2024 na TV: Espanha x Alemanha, a final antecipada; Portugal x Fran\u00e7a ou Cristiano x Mbapp\u00e9","author":"Luiz Ant\u00f4nio Pr\u00f3speri","date":"5 de julho de 2024","format":false,"excerpt":"Espanha e Alemanha decidem uma vaga \u00e0 semifinal da Euro 2024, nessa sexta-feira, \u00e0s 13h (hor\u00e1rio de Bras\u00edlia), em Stuttgart. Quem acompanha o torneio de olho no bom futebol pode apontar esse jogo como uma final antecipada da Eurocopa. As duas sele\u00e7\u00f5es s\u00e3o as que mais gols marcaram (19) e\u2026","rel":"","context":"Em &quot;futebol&quot;","block_context":{"text":"futebol","link":"https:\/\/blogdoprosperi.com\/?cat=53870"},"img":{"alt_text":"","src":"https:\/\/i0.wp.com\/blogdoprosperi.com\/wp-content\/uploads\/2024\/07\/euro_24_-_2_players_h2h_-_facebook.jpg?fit=988%2C556&ssl=1&resize=350%2C200","width":350,"height":200,"srcset":"https:\/\/i0.wp.com\/blogdoprosperi.com\/wp-content\/uploads\/2024\/07\/euro_24_-_2_players_h2h_-_facebook.jpg?fit=988%2C556&ssl=1&resize=350%2C200 1x, https:\/\/i0.wp.com\/blogdoprosperi.com\/wp-content\/uploads\/2024\/07\/euro_24_-_2_players_h2h_-_facebook.jpg?fit=988%2C556&ssl=1&resize=525%2C300 1.5x, https:\/\/i0.wp.com\/blogdoprosperi.com\/wp-content\/uploads\/2024\/07\/euro_24_-_2_players_h2h_-_facebook.jpg?fit=988%2C556&ssl=1&resize=700%2C400 2x"},"classes":[]},{"id":60587,"url":"https:\/\/blogdoprosperi.com\/?p=60587","url_meta":{"origin":60510,"position":2},"title":"Espanha vence a Fran\u00e7a, vai \u00e0 final da Copa do Mundo com aula de futebol coletivo","author":"Luiz Ant\u00f4nio Pr\u00f3speri","date":"14 de julho de 2026","format":false,"excerpt":"Luiz Ant\u00f4nio Pr\u00f3speri \u2013 14 julho 2026 Espanha vence a Fran\u00e7a por 2 a 0 e vai \u00e0 final da Copa do Mundo 2026. N\u00e3o \u00e9 apenas uma vit\u00f3ria de registro hist\u00f3rico, \u00e9 uma aula de futebol. Coletiva, serena, sem arroubos de for\u00e7a f\u00edsica, sem entrega fora do limite, apenas\u2026","rel":"","context":"Em &quot;copa 2026&quot;","block_context":{"text":"copa 2026","link":"https:\/\/blogdoprosperi.com\/?cat=36820279"},"img":{"alt_text":"","src":"https:\/\/i0.wp.com\/blogdoprosperi.com\/wp-content\/uploads\/2026\/07\/HNN50tNWwAEsgql.jpeg?fit=1080%2C1080&ssl=1&resize=350%2C200","width":350,"height":200,"srcset":"https:\/\/i0.wp.com\/blogdoprosperi.com\/wp-content\/uploads\/2026\/07\/HNN50tNWwAEsgql.jpeg?fit=1080%2C1080&ssl=1&resize=350%2C200 1x, https:\/\/i0.wp.com\/blogdoprosperi.com\/wp-content\/uploads\/2026\/07\/HNN50tNWwAEsgql.jpeg?fit=1080%2C1080&ssl=1&resize=525%2C300 1.5x, https:\/\/i0.wp.com\/blogdoprosperi.com\/wp-content\/uploads\/2026\/07\/HNN50tNWwAEsgql.jpeg?fit=1080%2C1080&ssl=1&resize=700%2C400 2x, https:\/\/i0.wp.com\/blogdoprosperi.com\/wp-content\/uploads\/2026\/07\/HNN50tNWwAEsgql.jpeg?fit=1080%2C1080&ssl=1&resize=1050%2C600 3x"},"classes":[]},{"id":60611,"url":"https:\/\/blogdoprosperi.com\/?p=60611","url_meta":{"origin":60510,"position":3},"title":"Fran\u00e7a esfarelada: Repercuss\u00e3o da derrota na imprensa internacional","author":"Luiz Ant\u00f4nio Pr\u00f3speri","date":"15 de julho de 2026","format":false,"excerpt":"Acompanhe a repercuss\u00e3o da queda da Fran\u00e7a na Copa do Mundo ao levar uma li\u00e7\u00e3o de futebol da Espanha. O que dizem jornais de Paris, Madri, Londres e Nova York: The Guardian \u2013 Londres A Imaculada Sele\u00e7\u00e3o Por um instante, pareceu que a Fran\u00e7a teria que reviver\u00a0a final da Copa\u2026","rel":"","context":"Em &quot;copa 2026&quot;","block_context":{"text":"copa 2026","link":"https:\/\/blogdoprosperi.com\/?cat=36820279"},"img":{"alt_text":"","src":"https:\/\/i0.wp.com\/blogdoprosperi.com\/wp-content\/uploads\/2026\/07\/Captura-de-Tela-2026-07-15-as-12.34.58.png?fit=1200%2C909&ssl=1&resize=350%2C200","width":350,"height":200,"srcset":"https:\/\/i0.wp.com\/blogdoprosperi.com\/wp-content\/uploads\/2026\/07\/Captura-de-Tela-2026-07-15-as-12.34.58.png?fit=1200%2C909&ssl=1&resize=350%2C200 1x, https:\/\/i0.wp.com\/blogdoprosperi.com\/wp-content\/uploads\/2026\/07\/Captura-de-Tela-2026-07-15-as-12.34.58.png?fit=1200%2C909&ssl=1&resize=525%2C300 1.5x, https:\/\/i0.wp.com\/blogdoprosperi.com\/wp-content\/uploads\/2026\/07\/Captura-de-Tela-2026-07-15-as-12.34.58.png?fit=1200%2C909&ssl=1&resize=700%2C400 2x, https:\/\/i0.wp.com\/blogdoprosperi.com\/wp-content\/uploads\/2026\/07\/Captura-de-Tela-2026-07-15-as-12.34.58.png?fit=1200%2C909&ssl=1&resize=1050%2C600 3x"},"classes":[]},{"id":60308,"url":"https:\/\/blogdoprosperi.com\/?p=60308","url_meta":{"origin":60510,"position":4},"title":"Fran\u00e7a x Espanha | Semifinal definida sem favoritos","author":"Luiz Ant\u00f4nio Pr\u00f3speri","date":"10 de julho de 2026","format":false,"excerpt":"Luiz Ant\u00f4nio Pr\u00f3speri \u2013 10 julho 2026 (21h59) Espanha vence B\u00e9lgica no limite e avan\u00e7a \u00e0s semifinais da Copa do Mundo 2026. A parada agora \u00e9 contra a Fran\u00e7a, aclamada mais forte candidata a levantar a ta\u00e7a dia 19 em New Jersey. A outra semi ser\u00e1 conhecida neste s\u00e1bado (11\/7)\u2026","rel":"","context":"Em &quot;copa 2026&quot;","block_context":{"text":"copa 2026","link":"https:\/\/blogdoprosperi.com\/?cat=36820279"},"img":{"alt_text":"","src":"https:\/\/i0.wp.com\/blogdoprosperi.com\/wp-content\/uploads\/2026\/07\/Captura-de-Tela-2026-07-10-as-22.21.26.png?fit=1200%2C703&ssl=1&resize=350%2C200","width":350,"height":200,"srcset":"https:\/\/i0.wp.com\/blogdoprosperi.com\/wp-content\/uploads\/2026\/07\/Captura-de-Tela-2026-07-10-as-22.21.26.png?fit=1200%2C703&ssl=1&resize=350%2C200 1x, https:\/\/i0.wp.com\/blogdoprosperi.com\/wp-content\/uploads\/2026\/07\/Captura-de-Tela-2026-07-10-as-22.21.26.png?fit=1200%2C703&ssl=1&resize=525%2C300 1.5x, https:\/\/i0.wp.com\/blogdoprosperi.com\/wp-content\/uploads\/2026\/07\/Captura-de-Tela-2026-07-10-as-22.21.26.png?fit=1200%2C703&ssl=1&resize=700%2C400 2x, https:\/\/i0.wp.com\/blogdoprosperi.com\/wp-content\/uploads\/2026\/07\/Captura-de-Tela-2026-07-10-as-22.21.26.png?fit=1200%2C703&ssl=1&resize=1050%2C600 3x"},"classes":[]},{"id":43799,"url":"https:\/\/blogdoprosperi.com\/?p=43799","url_meta":{"origin":60510,"position":5},"title":"Espanha vence a Fran\u00e7a e est\u00e1 bem perto de assumir poder na Europa","author":"Luiz Ant\u00f4nio Pr\u00f3speri","date":"9 de julho de 2024","format":false,"excerpt":"Espanha vence a Fran\u00e7a, chega \u00e0 final da Euro 2024 e amplia o poder no continente. Est\u00e1 a um passo de levar seu quarto t\u00edtulo da Eurocopa, a consolidar como a maior vencedora do torneio. Como diz a imprensa europeia: come\u00e7a a nascer um novo imp\u00e9rio. E Mbapp\u00e9 admite: \u201cFomos\u2026","rel":"","context":"Em &quot;futebol&quot;","block_context":{"text":"futebol","link":"https:\/\/blogdoprosperi.com\/?cat=53870"},"img":{"alt_text":"Espanha vence Alemanha e vai \u00e0 semi da Euro 2024","src":"https:\/\/i0.wp.com\/blogdoprosperi.com\/wp-content\/uploads\/2024\/07\/captura-de-tela-2024-07-05-as-16.25.02.png?fit=1022%2C588&ssl=1&resize=350%2C200","width":350,"height":200,"srcset":"https:\/\/i0.wp.com\/blogdoprosperi.com\/wp-content\/uploads\/2024\/07\/captura-de-tela-2024-07-05-as-16.25.02.png?fit=1022%2C588&ssl=1&resize=350%2C200 1x, https:\/\/i0.wp.com\/blogdoprosperi.com\/wp-content\/uploads\/2024\/07\/captura-de-tela-2024-07-05-as-16.25.02.png?fit=1022%2C588&ssl=1&resize=525%2C300 1.5x, https:\/\/i0.wp.com\/blogdoprosperi.com\/wp-content\/uploads\/2024\/07\/captura-de-tela-2024-07-05-as-16.25.02.png?fit=1022%2C588&ssl=1&resize=700%2C400 2x"},"classes":[]}],"jetpack_featured_media_url":"https:\/\/i0.wp.com\/blogdoprosperi.com\/wp-content\/uploads\/2026\/07\/Captura-de-Tela-2026-07-13-as-18.22.53.png?fit=1020%2C888&ssl=1","_links":{"self":[{"href":"https:\/\/blogdoprosperi.com\/index.php?rest_route=\/wp\/v2\/posts\/60510","targetHints":{"allow":["GET"]}}],"collection":[{"href":"https:\/\/blogdoprosperi.com\/index.php?rest_route=\/wp\/v2\/posts"}],"about":[{"href":"https:\/\/blogdoprosperi.com\/index.php?rest_route=\/wp\/v2\/types\/post"}],"author":[{"embeddable":true,"href":"https:\/\/blogdoprosperi.com\/index.php?rest_route=\/wp\/v2\/users\/102107496"}],"replies":[{"embeddable":true,"href":"https:\/\/blogdoprosperi.com\/index.php?rest_route=%2Fwp%2Fv2%2Fcomments&post=60510"}],"version-history":[{"count":28,"href":"https:\/\/blogdoprosperi.com\/index.php?rest_route=\/wp\/v2\/posts\/60510\/revisions"}],"predecessor-version":[{"id":60557,"href":"https:\/\/blogdoprosperi.com\/index.php?rest_route=\/wp\/v2\/posts\/60510\/revisions\/60557"}],"wp:featuredmedia":[{"embeddable":true,"href":"https:\/\/blogdoprosperi.com\/index.php?rest_route=\/wp\/v2\/media\/60524"}],"wp:attachment":[{"href":"https:\/\/blogdoprosperi.com\/index.php?rest_route=%2Fwp%2Fv2%2Fmedia&parent=60510"}],"wp:term":[{"taxonomy":"category","embeddable":true,"href":"https:\/\/blogdoprosperi.com\/index.php?rest_route=%2Fwp%2Fv2%2Fcategories&post=60510"},{"taxonomy":"post_tag","embeddable":true,"href":"https:\/\/blogdoprosperi.com\/index.php?rest_route=%2Fwp%2Fv2%2Ftags&post=60510"}],"curies":[{"name":"wp","href":"https:\/\/api.w.org\/{rel}","templated":true}]}}