{"id":60603,"date":"2026-07-15T11:56:08","date_gmt":"2026-07-15T14:56:08","guid":{"rendered":"https:\/\/blogdoprosperi.com\/?p=60603"},"modified":"2026-07-15T11:56:08","modified_gmt":"2026-07-15T14:56:08","slug":"video-inventario-da-derrota-episodio3-capatosta-e-erratico-as-culpas-de-ancelotti","status":"publish","type":"post","link":"https:\/\/blogdoprosperi.com\/?p=60603","title":{"rendered":"V\u00eddeo | Invent\u00e1rio da Derrota (#epis\u00f3dio3): Capatosta e err\u00e1tico, as culpas de Ancelotti"},"content":{"rendered":"<p><em>Acompanhe o terceiro epis\u00f3dio da s\u00e9rie Invent\u00e1rio da Derrota do Brasil na Copa do Mundo 2026:<\/em><\/p>\n<div class=\"jetpack-video-wrapper\"><span class=\"embed-youtube\" style=\"text-align:center; display: block;\"><iframe loading=\"lazy\" class=\"youtube-player\" width=\"940\" height=\"529\" src=\"https:\/\/www.youtube.com\/embed\/rc6n5XbNTHo?version=3&#038;rel=1&#038;showsearch=0&#038;showinfo=1&#038;iv_load_policy=1&#038;fs=1&#038;hl=pt-BR&#038;autohide=2&#038;wmode=transparent\" allowfullscreen=\"true\" style=\"border:0;\" sandbox=\"allow-scripts allow-same-origin allow-popups allow-presentation allow-popups-to-escape-sandbox\"><\/iframe><\/span><\/div>\n<p>#epis\u00f3dio2<\/p>\n<blockquote class=\"wp-embedded-content\" data-secret=\"6DyCSsYS1h\"><p><a href=\"https:\/\/blogdoprosperi.com\/2026\/07\/14\/video-selecao-brasileira-nao-bate-no-peito\/\">V\u00eddeo: Invent\u00e1rio da Derrota #epis\u00f3dio2 | Sele\u00e7\u00e3o Brasileira n\u00e3o bate no peito<\/a><\/p><\/blockquote>\n<p><iframe loading=\"lazy\" class=\"wp-embedded-content\" sandbox=\"allow-scripts\" security=\"restricted\" style=\"position: absolute; visibility: hidden;\" title=\"\u201cV\u00eddeo: Invent\u00e1rio da Derrota #epis\u00f3dio2 | Sele\u00e7\u00e3o Brasileira n\u00e3o bate no peito\u201d \u2014 PR\u00d3SPERI na Copa\" src=\"https:\/\/blogdoprosperi.com\/2026\/07\/14\/video-selecao-brasileira-nao-bate-no-peito\/embed\/#?secret=ktQsiZR9EB#?secret=6DyCSsYS1h\" data-secret=\"6DyCSsYS1h\" width=\"600\" height=\"338\" frameborder=\"0\" marginwidth=\"0\" marginheight=\"0\" scrolling=\"no\"><\/iframe><\/p>\n<p>#epis\u00f3dio3<\/p>\n<blockquote class=\"wp-embedded-content\" data-secret=\"5y8rYvMtQR\"><p><a href=\"https:\/\/blogdoprosperi.com\/2026\/07\/14\/video-inventario-da-derrota-episodio1-do-caos-aos-vacilos-de-ancelotti\/\">V\u00eddeo: Invent\u00e1rio da Derrota #epis\u00f3dio1 | Do caos aos vacilos de Ancelotti<\/a><\/p><\/blockquote>\n<p><iframe loading=\"lazy\" class=\"wp-embedded-content\" sandbox=\"allow-scripts\" security=\"restricted\" style=\"position: absolute; visibility: hidden;\" title=\"\u201cV\u00eddeo: Invent\u00e1rio da Derrota #epis\u00f3dio1 | Do caos aos vacilos de Ancelotti\u201d \u2014 PR\u00d3SPERI na Copa\" src=\"https:\/\/blogdoprosperi.com\/2026\/07\/14\/video-inventario-da-derrota-episodio1-do-caos-aos-vacilos-de-ancelotti\/embed\/#?secret=oIhzPPbalF#?secret=5y8rYvMtQR\" data-secret=\"5y8rYvMtQR\" width=\"600\" height=\"338\" frameborder=\"0\" marginwidth=\"0\" marginheight=\"0\" scrolling=\"no\"><\/iframe><\/p>\n","protected":false},"excerpt":{"rendered":"<p>Acompanhe o terceiro epis\u00f3dio da s\u00e9rie Invent\u00e1rio da Derrota do Brasil na Copa do Mundo 2026: #epis\u00f3dio2 V\u00eddeo: [&hellip;]<\/p>\n","protected":false},"author":102107496,"featured_media":60608,"comment_status":"open","ping_status":"open","sticky":false,"template":"","format":"standard","meta":{"_coblocks_attr":"","_coblocks_dimensions":"","_coblocks_responsive_height":"","_coblocks_accordion_ie_support":"","_jetpack_newsletter_access":"","_jetpack_dont_email_post_to_subs":false,"_jetpack_newsletter_tier_id":0,"_jetpack_memberships_contains_paywalled_content":false,"_wpcom_ai_launchpad_first_post":false,"_jetpack_feature_clip_id":0,"_jetpack_memberships_contains_paid_content":false,"footnotes":"","jetpack_publicize_message":"","jetpack_publicize_feature_enabled":true,"jetpack_social_post_already_shared":true,"jetpack_social_options":{"image_generator_settings":{"template":"highway","default_image_id":0,"font":"","enabled":false},"version":2},"jetpack_post_was_ever_published":false},"categories":[36820279,53870,174694],"tags":[1016127,569949222,789560651,789560702,10149860],"class_list":["post-60603","post","type-post","status-publish","format-standard","has-post-thumbnail","hentry","category-copa-2026","category-futebol","category-selecao-brasileira","tag-ancelotti","tag-copa2026","tag-copadomundo","tag-inventariodaderrota","tag-selecaobrasileira"],"yoast_head":"<!-- This site is optimized with the Yoast SEO plugin v28.3 - https:\/\/yoast.com\/product\/yoast-seo-wordpress\/ -->\n<title>V\u00eddeo | Invent\u00e1rio da Derrota (#epis\u00f3dio3): Capatosta e err\u00e1tico, as culpas de Ancelotti - PR\u00d3SPERI NEWS<\/title>\n<meta name=\"robots\" content=\"index, follow, max-snippet:-1, max-image-preview:large, max-video-preview:-1\" \/>\n<link rel=\"canonical\" href=\"https:\/\/blogdoprosperi.com\/?p=60603\" \/>\n<meta property=\"og:locale\" content=\"pt_BR\" \/>\n<meta property=\"og:type\" content=\"article\" \/>\n<meta property=\"og:title\" content=\"V\u00eddeo | Invent\u00e1rio da Derrota (#epis\u00f3dio3): Capatosta e err\u00e1tico, as culpas de Ancelotti - PR\u00d3SPERI NEWS\" \/>\n<meta property=\"og:description\" content=\"Acompanhe o terceiro epis\u00f3dio da s\u00e9rie Invent\u00e1rio da Derrota do Brasil na Copa do Mundo 2026: #epis\u00f3dio2 V\u00eddeo: [&hellip;]\" \/>\n<meta property=\"og:url\" content=\"https:\/\/blogdoprosperi.com\/?p=60603\" \/>\n<meta property=\"og:site_name\" content=\"PR\u00d3SPERI NEWS\" \/>\n<meta property=\"article:publisher\" content=\"Luiz Pr\u00f3speri\" \/>\n<meta property=\"article:author\" content=\"Luiz Pr\u00f3speri\" \/>\n<meta property=\"article:published_time\" content=\"2026-07-15T14:56:08+00:00\" \/>\n<meta property=\"og:image\" content=\"https:\/\/i0.wp.com\/blogdoprosperi.com\/wp-content\/uploads\/2026\/07\/10oKQYQR.jpg?fit=1280%2C720&ssl=1\" \/>\n\t<meta property=\"og:image:width\" content=\"1280\" \/>\n\t<meta property=\"og:image:height\" content=\"720\" \/>\n\t<meta property=\"og:image:type\" content=\"image\/jpeg\" \/>\n<meta name=\"author\" content=\"Luiz Ant\u00f4nio Pr\u00f3speri\" \/>\n<meta name=\"twitter:card\" content=\"summary_large_image\" \/>\n<meta name=\"twitter:creator\" content=\"@Luizprosperi\" \/>\n<meta name=\"twitter:site\" content=\"@Luizprosperi\" \/>\n<meta name=\"twitter:label1\" content=\"Escrito por\" \/>\n\t<meta name=\"twitter:data1\" content=\"Luiz Ant\u00f4nio Pr\u00f3speri\" \/>\n<script type=\"application\/ld+json\" class=\"yoast-schema-graph\">{\"@context\":\"https:\\\/\\\/schema.org\",\"@graph\":[{\"@type\":\"Article\",\"@id\":\"https:\\\/\\\/blogdoprosperi.com\\\/?p=60603#article\",\"isPartOf\":{\"@id\":\"https:\\\/\\\/blogdoprosperi.com\\\/?p=60603\"},\"author\":{\"name\":\"Luiz Ant\u00f4nio Pr\u00f3speri\",\"@id\":\"https:\\\/\\\/blogdoprosperi.com\\\/#\\\/schema\\\/person\\\/38100755ce3601861ee4fab9b5aa78e9\"},\"headline\":\"V\u00eddeo | Invent\u00e1rio da Derrota (#epis\u00f3dio3): Capatosta e err\u00e1tico, as culpas de Ancelotti\",\"datePublished\":\"2026-07-15T14:56:08+00:00\",\"mainEntityOfPage\":{\"@id\":\"https:\\\/\\\/blogdoprosperi.com\\\/?p=60603\"},\"wordCount\":56,\"commentCount\":0,\"publisher\":{\"@id\":\"https:\\\/\\\/blogdoprosperi.com\\\/#\\\/schema\\\/person\\\/38100755ce3601861ee4fab9b5aa78e9\"},\"image\":{\"@id\":\"https:\\\/\\\/blogdoprosperi.com\\\/?p=60603#primaryimage\"},\"thumbnailUrl\":\"https:\\\/\\\/i0.wp.com\\\/blogdoprosperi.com\\\/wp-content\\\/uploads\\\/2026\\\/07\\\/10oKQYQR.jpg?fit=1280%2C720&ssl=1\",\"keywords\":[\"Ancelotti\",\"Copa2026\",\"copadomundo\",\"invent\u00e1riodaderrota\",\"Sele\u00e7\u00e3oBrasileira\"],\"articleSection\":[\"copa 2026\",\"futebol\",\"Sele\u00e7\u00e3o Brasileira\"],\"inLanguage\":\"pt-BR\",\"potentialAction\":[{\"@type\":\"CommentAction\",\"name\":\"Comment\",\"target\":[\"https:\\\/\\\/blogdoprosperi.com\\\/?p=60603#respond\"]}]},{\"@type\":\"WebPage\",\"@id\":\"https:\\\/\\\/blogdoprosperi.com\\\/?p=60603\",\"url\":\"https:\\\/\\\/blogdoprosperi.com\\\/?p=60603\",\"name\":\"V\u00eddeo | Invent\u00e1rio da Derrota (#epis\u00f3dio3): Capatosta e err\u00e1tico, as culpas de Ancelotti - PR\u00d3SPERI NEWS\",\"isPartOf\":{\"@id\":\"https:\\\/\\\/blogdoprosperi.com\\\/#website\"},\"primaryImageOfPage\":{\"@id\":\"https:\\\/\\\/blogdoprosperi.com\\\/?p=60603#primaryimage\"},\"image\":{\"@id\":\"https:\\\/\\\/blogdoprosperi.com\\\/?p=60603#primaryimage\"},\"thumbnailUrl\":\"https:\\\/\\\/i0.wp.com\\\/blogdoprosperi.com\\\/wp-content\\\/uploads\\\/2026\\\/07\\\/10oKQYQR.jpg?fit=1280%2C720&ssl=1\",\"datePublished\":\"2026-07-15T14:56:08+00:00\",\"breadcrumb\":{\"@id\":\"https:\\\/\\\/blogdoprosperi.com\\\/?p=60603#breadcrumb\"},\"inLanguage\":\"pt-BR\",\"potentialAction\":[{\"@type\":\"ReadAction\",\"target\":[\"https:\\\/\\\/blogdoprosperi.com\\\/?p=60603\"]}]},{\"@type\":\"ImageObject\",\"inLanguage\":\"pt-BR\",\"@id\":\"https:\\\/\\\/blogdoprosperi.com\\\/?p=60603#primaryimage\",\"url\":\"https:\\\/\\\/i0.wp.com\\\/blogdoprosperi.com\\\/wp-content\\\/uploads\\\/2026\\\/07\\\/10oKQYQR.jpg?fit=1280%2C720&ssl=1\",\"contentUrl\":\"https:\\\/\\\/i0.wp.com\\\/blogdoprosperi.com\\\/wp-content\\\/uploads\\\/2026\\\/07\\\/10oKQYQR.jpg?fit=1280%2C720&ssl=1\",\"width\":1280,\"height\":720,\"caption\":\"imagem por Jo\u00e3o Pr\u00f3speri com IA\"},{\"@type\":\"BreadcrumbList\",\"@id\":\"https:\\\/\\\/blogdoprosperi.com\\\/?p=60603#breadcrumb\",\"itemListElement\":[{\"@type\":\"ListItem\",\"position\":1,\"name\":\"In\u00edcio\",\"item\":\"https:\\\/\\\/blogdoprosperi.com\\\/\"},{\"@type\":\"ListItem\",\"position\":2,\"name\":\"V\u00eddeo | Invent\u00e1rio da Derrota (#epis\u00f3dio3): Capatosta e err\u00e1tico, as culpas de Ancelotti\"}]},{\"@type\":\"WebSite\",\"@id\":\"https:\\\/\\\/blogdoprosperi.com\\\/#website\",\"url\":\"https:\\\/\\\/blogdoprosperi.com\\\/\",\"name\":\"PR\u00d3SPERI NEWS\",\"description\":\"TUDO \u00c9  FUTEBOL\",\"publisher\":{\"@id\":\"https:\\\/\\\/blogdoprosperi.com\\\/#\\\/schema\\\/person\\\/38100755ce3601861ee4fab9b5aa78e9\"},\"alternateName\":\"blogdoprosperi.com\",\"potentialAction\":[{\"@type\":\"SearchAction\",\"target\":{\"@type\":\"EntryPoint\",\"urlTemplate\":\"https:\\\/\\\/blogdoprosperi.com\\\/?s={search_term_string}\"},\"query-input\":{\"@type\":\"PropertyValueSpecification\",\"valueRequired\":true,\"valueName\":\"search_term_string\"}}],\"inLanguage\":\"pt-BR\"},{\"@type\":[\"Person\",\"Organization\"],\"@id\":\"https:\\\/\\\/blogdoprosperi.com\\\/#\\\/schema\\\/person\\\/38100755ce3601861ee4fab9b5aa78e9\",\"name\":\"Luiz Ant\u00f4nio Pr\u00f3speri\",\"pronouns\":\"ele\",\"image\":{\"@type\":\"ImageObject\",\"inLanguage\":\"pt-BR\",\"@id\":\"https:\\\/\\\/i0.wp.com\\\/blogdoprosperi.com\\\/wp-content\\\/uploads\\\/2026\\\/05\\\/cropped-8059e613-6002-42fa-961e-8e275f575d71-2-5.jpg?fit=1360%2C931&ssl=1\",\"url\":\"https:\\\/\\\/i0.wp.com\\\/blogdoprosperi.com\\\/wp-content\\\/uploads\\\/2026\\\/05\\\/cropped-8059e613-6002-42fa-961e-8e275f575d71-2-5.jpg?fit=1360%2C931&ssl=1\",\"contentUrl\":\"https:\\\/\\\/i0.wp.com\\\/blogdoprosperi.com\\\/wp-content\\\/uploads\\\/2026\\\/05\\\/cropped-8059e613-6002-42fa-961e-8e275f575d71-2-5.jpg?fit=1360%2C931&ssl=1\",\"width\":1360,\"height\":931,\"caption\":\"Luiz Ant\u00f4nio Pr\u00f3speri\"},\"logo\":{\"@id\":\"https:\\\/\\\/i0.wp.com\\\/blogdoprosperi.com\\\/wp-content\\\/uploads\\\/2026\\\/05\\\/cropped-8059e613-6002-42fa-961e-8e275f575d71-2-5.jpg?fit=1360%2C931&ssl=1\"},\"description\":\"Jornalista com carreira dedicada ao esporte. Cobriu 9 Copas do Mundo in loco, 1990 na It\u00e1lia, 1994 nos EUA, 1998 na Fran\u00e7a, 2002 na Coreia do Sul e Jap\u00e3o, 2006 na Alemanha, 2010 na \u00c1frica do Sul, 2014 no Brasil, 2018 na R\u00fassia e 2022 no Qatar. Eurocopas, 1992 na Su\u00e9cia e 1996 na Inglaterra. Copa das Confedera\u00e7\u00f5es de 2005 na Alemanha e 2009 na \u00c1frica do Sul. Rep\u00f3rter e Editor, trabalhou no Jornal da Tarde e Estad\u00e3o, de 1984 a fevereiro de 2016. Colunista, blogueiro. E comentarista de futebol na R\u00e1dio Estad\u00e3o, de 2013 a fevereiro de 2016. Jornalista respons\u00e1vel do \\\"Pr\u00f3speri News\\\" (blogdoprosperi.com).\",\"sameAs\":[\"http:\\\/\\\/blogdoprosperi.com\",\"Luiz Pr\u00f3speri\",\"@luiz_prosperi\",\"https:\\\/\\\/x.com\\\/Luizprosperi\",\"@prosperinacopa\",\"luiz.prosperi@icloud.com\"],\"url\":\"https:\\\/\\\/blogdoprosperi.com\\\/?author=102107496\"}]}<\/script>\n<!-- \/ Yoast SEO plugin. -->","yoast_head_json":{"title":"V\u00eddeo | Invent\u00e1rio da Derrota (#epis\u00f3dio3): Capatosta e err\u00e1tico, as culpas de Ancelotti - PR\u00d3SPERI NEWS","robots":{"index":"index","follow":"follow","max-snippet":"max-snippet:-1","max-image-preview":"max-image-preview:large","max-video-preview":"max-video-preview:-1"},"canonical":"https:\/\/blogdoprosperi.com\/?p=60603","og_locale":"pt_BR","og_type":"article","og_title":"V\u00eddeo | Invent\u00e1rio da Derrota (#epis\u00f3dio3): Capatosta e err\u00e1tico, as culpas de Ancelotti - PR\u00d3SPERI NEWS","og_description":"Acompanhe o terceiro epis\u00f3dio da s\u00e9rie Invent\u00e1rio da Derrota do Brasil na Copa do Mundo 2026: #epis\u00f3dio2 V\u00eddeo: [&hellip;]","og_url":"https:\/\/blogdoprosperi.com\/?p=60603","og_site_name":"PR\u00d3SPERI NEWS","article_publisher":"Luiz Pr\u00f3speri","article_author":"Luiz Pr\u00f3speri","article_published_time":"2026-07-15T14:56:08+00:00","og_image":[{"width":1280,"height":720,"url":"https:\/\/i0.wp.com\/blogdoprosperi.com\/wp-content\/uploads\/2026\/07\/10oKQYQR.jpg?fit=1280%2C720&ssl=1","type":"image\/jpeg"}],"author":"Luiz Ant\u00f4nio Pr\u00f3speri","twitter_card":"summary_large_image","twitter_creator":"@Luizprosperi","twitter_site":"@Luizprosperi","twitter_misc":{"Escrito por":"Luiz Ant\u00f4nio Pr\u00f3speri"},"schema":{"@context":"https:\/\/schema.org","@graph":[{"@type":"Article","@id":"https:\/\/blogdoprosperi.com\/?p=60603#article","isPartOf":{"@id":"https:\/\/blogdoprosperi.com\/?p=60603"},"author":{"name":"Luiz Ant\u00f4nio Pr\u00f3speri","@id":"https:\/\/blogdoprosperi.com\/#\/schema\/person\/38100755ce3601861ee4fab9b5aa78e9"},"headline":"V\u00eddeo | Invent\u00e1rio da Derrota (#epis\u00f3dio3): Capatosta e err\u00e1tico, as culpas de Ancelotti","datePublished":"2026-07-15T14:56:08+00:00","mainEntityOfPage":{"@id":"https:\/\/blogdoprosperi.com\/?p=60603"},"wordCount":56,"commentCount":0,"publisher":{"@id":"https:\/\/blogdoprosperi.com\/#\/schema\/person\/38100755ce3601861ee4fab9b5aa78e9"},"image":{"@id":"https:\/\/blogdoprosperi.com\/?p=60603#primaryimage"},"thumbnailUrl":"https:\/\/i0.wp.com\/blogdoprosperi.com\/wp-content\/uploads\/2026\/07\/10oKQYQR.jpg?fit=1280%2C720&ssl=1","keywords":["Ancelotti","Copa2026","copadomundo","invent\u00e1riodaderrota","Sele\u00e7\u00e3oBrasileira"],"articleSection":["copa 2026","futebol","Sele\u00e7\u00e3o Brasileira"],"inLanguage":"pt-BR","potentialAction":[{"@type":"CommentAction","name":"Comment","target":["https:\/\/blogdoprosperi.com\/?p=60603#respond"]}]},{"@type":"WebPage","@id":"https:\/\/blogdoprosperi.com\/?p=60603","url":"https:\/\/blogdoprosperi.com\/?p=60603","name":"V\u00eddeo | Invent\u00e1rio da Derrota (#epis\u00f3dio3): Capatosta e err\u00e1tico, as culpas de Ancelotti - PR\u00d3SPERI NEWS","isPartOf":{"@id":"https:\/\/blogdoprosperi.com\/#website"},"primaryImageOfPage":{"@id":"https:\/\/blogdoprosperi.com\/?p=60603#primaryimage"},"image":{"@id":"https:\/\/blogdoprosperi.com\/?p=60603#primaryimage"},"thumbnailUrl":"https:\/\/i0.wp.com\/blogdoprosperi.com\/wp-content\/uploads\/2026\/07\/10oKQYQR.jpg?fit=1280%2C720&ssl=1","datePublished":"2026-07-15T14:56:08+00:00","breadcrumb":{"@id":"https:\/\/blogdoprosperi.com\/?p=60603#breadcrumb"},"inLanguage":"pt-BR","potentialAction":[{"@type":"ReadAction","target":["https:\/\/blogdoprosperi.com\/?p=60603"]}]},{"@type":"ImageObject","inLanguage":"pt-BR","@id":"https:\/\/blogdoprosperi.com\/?p=60603#primaryimage","url":"https:\/\/i0.wp.com\/blogdoprosperi.com\/wp-content\/uploads\/2026\/07\/10oKQYQR.jpg?fit=1280%2C720&ssl=1","contentUrl":"https:\/\/i0.wp.com\/blogdoprosperi.com\/wp-content\/uploads\/2026\/07\/10oKQYQR.jpg?fit=1280%2C720&ssl=1","width":1280,"height":720,"caption":"imagem por Jo\u00e3o Pr\u00f3speri com IA"},{"@type":"BreadcrumbList","@id":"https:\/\/blogdoprosperi.com\/?p=60603#breadcrumb","itemListElement":[{"@type":"ListItem","position":1,"name":"In\u00edcio","item":"https:\/\/blogdoprosperi.com\/"},{"@type":"ListItem","position":2,"name":"V\u00eddeo | Invent\u00e1rio da Derrota (#epis\u00f3dio3): Capatosta e err\u00e1tico, as culpas de Ancelotti"}]},{"@type":"WebSite","@id":"https:\/\/blogdoprosperi.com\/#website","url":"https:\/\/blogdoprosperi.com\/","name":"PR\u00d3SPERI NEWS","description":"TUDO \u00c9  FUTEBOL","publisher":{"@id":"https:\/\/blogdoprosperi.com\/#\/schema\/person\/38100755ce3601861ee4fab9b5aa78e9"},"alternateName":"blogdoprosperi.com","potentialAction":[{"@type":"SearchAction","target":{"@type":"EntryPoint","urlTemplate":"https:\/\/blogdoprosperi.com\/?s={search_term_string}"},"query-input":{"@type":"PropertyValueSpecification","valueRequired":true,"valueName":"search_term_string"}}],"inLanguage":"pt-BR"},{"@type":["Person","Organization"],"@id":"https:\/\/blogdoprosperi.com\/#\/schema\/person\/38100755ce3601861ee4fab9b5aa78e9","name":"Luiz Ant\u00f4nio Pr\u00f3speri","pronouns":"ele","image":{"@type":"ImageObject","inLanguage":"pt-BR","@id":"https:\/\/i0.wp.com\/blogdoprosperi.com\/wp-content\/uploads\/2026\/05\/cropped-8059e613-6002-42fa-961e-8e275f575d71-2-5.jpg?fit=1360%2C931&ssl=1","url":"https:\/\/i0.wp.com\/blogdoprosperi.com\/wp-content\/uploads\/2026\/05\/cropped-8059e613-6002-42fa-961e-8e275f575d71-2-5.jpg?fit=1360%2C931&ssl=1","contentUrl":"https:\/\/i0.wp.com\/blogdoprosperi.com\/wp-content\/uploads\/2026\/05\/cropped-8059e613-6002-42fa-961e-8e275f575d71-2-5.jpg?fit=1360%2C931&ssl=1","width":1360,"height":931,"caption":"Luiz Ant\u00f4nio Pr\u00f3speri"},"logo":{"@id":"https:\/\/i0.wp.com\/blogdoprosperi.com\/wp-content\/uploads\/2026\/05\/cropped-8059e613-6002-42fa-961e-8e275f575d71-2-5.jpg?fit=1360%2C931&ssl=1"},"description":"Jornalista com carreira dedicada ao esporte. Cobriu 9 Copas do Mundo in loco, 1990 na It\u00e1lia, 1994 nos EUA, 1998 na Fran\u00e7a, 2002 na Coreia do Sul e Jap\u00e3o, 2006 na Alemanha, 2010 na \u00c1frica do Sul, 2014 no Brasil, 2018 na R\u00fassia e 2022 no Qatar. Eurocopas, 1992 na Su\u00e9cia e 1996 na Inglaterra. Copa das Confedera\u00e7\u00f5es de 2005 na Alemanha e 2009 na \u00c1frica do Sul. Rep\u00f3rter e Editor, trabalhou no Jornal da Tarde e Estad\u00e3o, de 1984 a fevereiro de 2016. Colunista, blogueiro. E comentarista de futebol na R\u00e1dio Estad\u00e3o, de 2013 a fevereiro de 2016. Jornalista respons\u00e1vel do \"Pr\u00f3speri News\" (blogdoprosperi.com).","sameAs":["http:\/\/blogdoprosperi.com","Luiz Pr\u00f3speri","@luiz_prosperi","https:\/\/x.com\/Luizprosperi","@prosperinacopa","luiz.prosperi@icloud.com"],"url":"https:\/\/blogdoprosperi.com\/?author=102107496"}]}},"jetpack_publicize_connections":[],"jetpack_likes_enabled":false,"jetpack_sharing_enabled":true,"jetpack_shortlink":"https:\/\/wp.me\/p7jvdk-fLt","jetpack-related-posts":[{"id":60537,"url":"https:\/\/blogdoprosperi.com\/?p=60537","url_meta":{"origin":60603,"position":0},"title":"V\u00eddeo: Invent\u00e1rio da Derrota #epis\u00f3dio2 | Sele\u00e7\u00e3o Brasileira n\u00e3o bate no peito","author":"Luiz Ant\u00f4nio Pr\u00f3speri","date":"14 de julho de 2026","format":false,"excerpt":"Acompanhe o #epis\u00f3dio2 da s\u00e9rie Invent\u00e1rio da Derrota do Brasil na Copa do Mundo 2026: https:\/\/youtu.be\/0hp99v8fk3w?si=ySRcNoXJ0rGxizFK","rel":"","context":"Em &quot;copa 2026&quot;","block_context":{"text":"copa 2026","link":"https:\/\/blogdoprosperi.com\/?cat=36820279"},"img":{"alt_text":"","src":"https:\/\/i0.wp.com\/blogdoprosperi.com\/wp-content\/uploads\/2026\/07\/Captura-de-Tela-2026-07-13-as-19.12.54.png?fit=1200%2C677&ssl=1&resize=350%2C200","width":350,"height":200,"srcset":"https:\/\/i0.wp.com\/blogdoprosperi.com\/wp-content\/uploads\/2026\/07\/Captura-de-Tela-2026-07-13-as-19.12.54.png?fit=1200%2C677&ssl=1&resize=350%2C200 1x, https:\/\/i0.wp.com\/blogdoprosperi.com\/wp-content\/uploads\/2026\/07\/Captura-de-Tela-2026-07-13-as-19.12.54.png?fit=1200%2C677&ssl=1&resize=525%2C300 1.5x, https:\/\/i0.wp.com\/blogdoprosperi.com\/wp-content\/uploads\/2026\/07\/Captura-de-Tela-2026-07-13-as-19.12.54.png?fit=1200%2C677&ssl=1&resize=700%2C400 2x, https:\/\/i0.wp.com\/blogdoprosperi.com\/wp-content\/uploads\/2026\/07\/Captura-de-Tela-2026-07-13-as-19.12.54.png?fit=1200%2C677&ssl=1&resize=1050%2C600 3x"},"classes":[]},{"id":60690,"url":"https:\/\/blogdoprosperi.com\/?p=60690","url_meta":{"origin":60603,"position":1},"title":"Invent\u00e1rio da Derrota (epis\u00f3dio 4): O antigo futuro da Sele\u00e7\u00e3o Brasileira","author":"Luiz Ant\u00f4nio Pr\u00f3speri","date":"16 de julho de 2026","format":false,"excerpt":"Luiz Ant\u00f4nio Pr\u00f3speri \u2013 16 julho 2026 (15h35) \u2013 S\u00e9rie Invent\u00e1rio da Derrota do Brasil na Copa do Mundo 2026 chega a seu quarto e \u00faltimo epis\u00f3dio com Ancelotti e jogadores fugindo da torcida brasileira p\u00f3s-derrota para Noruega. Conta tamb\u00e9m a falta de rumo da CBF e falhas da entidade\u2026","rel":"","context":"Em &quot;copa 2026&quot;","block_context":{"text":"copa 2026","link":"https:\/\/blogdoprosperi.com\/?cat=36820279"},"img":{"alt_text":"","src":"https:\/\/i0.wp.com\/blogdoprosperi.com\/wp-content\/uploads\/2026\/07\/0.jpg?fit=1000%2C769&ssl=1&resize=350%2C200","width":350,"height":200,"srcset":"https:\/\/i0.wp.com\/blogdoprosperi.com\/wp-content\/uploads\/2026\/07\/0.jpg?fit=1000%2C769&ssl=1&resize=350%2C200 1x, https:\/\/i0.wp.com\/blogdoprosperi.com\/wp-content\/uploads\/2026\/07\/0.jpg?fit=1000%2C769&ssl=1&resize=525%2C300 1.5x, https:\/\/i0.wp.com\/blogdoprosperi.com\/wp-content\/uploads\/2026\/07\/0.jpg?fit=1000%2C769&ssl=1&resize=700%2C400 2x"},"classes":[]},{"id":60734,"url":"https:\/\/blogdoprosperi.com\/?p=60734","url_meta":{"origin":60603,"position":2},"title":"V\u00eddeo: Invent\u00e1rio da Derrota (#epis\u00f3dio4) | O antigo futuro da Sele\u00e7\u00e3o Brasileira","author":"Luiz Ant\u00f4nio Pr\u00f3speri","date":"17 de julho de 2026","format":false,"excerpt":"Acompanhe o epis\u00f3dio 4 e \u00faltimo da s\u00e9rie Invent\u00e1rio da Derrota do Brasil na Copa do Mundo 2026: \"O antigo futuro da Sele\u00e7\u00e3o Brasileira\": https:\/\/youtu.be\/_ej_NIX6FoY?si=dqkKhRc_1nPPlXza","rel":"","context":"Em &quot;copa 2026&quot;","block_context":{"text":"copa 2026","link":"https:\/\/blogdoprosperi.com\/?cat=36820279"},"img":{"alt_text":"","src":"https:\/\/i0.wp.com\/blogdoprosperi.com\/wp-content\/uploads\/2026\/07\/maxresdefault.jpg?fit=1200%2C675&ssl=1&resize=350%2C200","width":350,"height":200,"srcset":"https:\/\/i0.wp.com\/blogdoprosperi.com\/wp-content\/uploads\/2026\/07\/maxresdefault.jpg?fit=1200%2C675&ssl=1&resize=350%2C200 1x, https:\/\/i0.wp.com\/blogdoprosperi.com\/wp-content\/uploads\/2026\/07\/maxresdefault.jpg?fit=1200%2C675&ssl=1&resize=525%2C300 1.5x, https:\/\/i0.wp.com\/blogdoprosperi.com\/wp-content\/uploads\/2026\/07\/maxresdefault.jpg?fit=1200%2C675&ssl=1&resize=700%2C400 2x, https:\/\/i0.wp.com\/blogdoprosperi.com\/wp-content\/uploads\/2026\/07\/maxresdefault.jpg?fit=1200%2C675&ssl=1&resize=1050%2C600 3x"},"classes":[]},{"id":60543,"url":"https:\/\/blogdoprosperi.com\/?p=60543","url_meta":{"origin":60603,"position":3},"title":"V\u00eddeo: Invent\u00e1rio da Derrota #epis\u00f3dio1 | Do caos aos vacilos de Ancelotti","author":"Luiz Ant\u00f4nio Pr\u00f3speri","date":"14 de julho de 2026","format":false,"excerpt":"Acompanhe v\u00eddeo do #epis\u00f3dio1 do Invent\u00e1rio da Derrota do Brasil na Copa do Mundo 2026 #copadomundo: https:\/\/youtu.be\/CdI6C8etYQ4?si=c5VCBcfXEckGhEpl","rel":"","context":"Em &quot;copa 2026&quot;","block_context":{"text":"copa 2026","link":"https:\/\/blogdoprosperi.com\/?cat=36820279"},"img":{"alt_text":"","src":"https:\/\/i0.wp.com\/blogdoprosperi.com\/wp-content\/uploads\/2026\/07\/hqdefault.jpg?fit=480%2C360&ssl=1&resize=350%2C200","width":350,"height":200},"classes":[]},{"id":60195,"url":"https:\/\/blogdoprosperi.com\/?p=60195","url_meta":{"origin":60603,"position":4},"title":"Invent\u00e1rio da derrota da Sele\u00e7\u00e3o (epis\u00f3dio 1): Do caos aos vacilos de Ancelotti na Copa 2026","author":"Luiz Ant\u00f4nio Pr\u00f3speri","date":"11 de julho de 2026","format":false,"excerpt":"Luiz Ant\u00f4nio Pr\u00f3speri \u2013 11 julho 2026 (15h25)\u00a0 Invent\u00e1rio da elimina\u00e7\u00e3o do Brasil na Copa do Mundo 2026 come\u00e7a em dezembro de 2022 quando Tite se despede da Sele\u00e7\u00e3o Brasileira ap\u00f3s cair nas quartas de final da Copa no Qatar. Da queda em Doha at\u00e9 dezembro de 2023, a CBF\u2026","rel":"","context":"Em &quot;futebol&quot;","block_context":{"text":"futebol","link":"https:\/\/blogdoprosperi.com\/?cat=53870"},"img":{"alt_text":"","src":"https:\/\/i0.wp.com\/blogdoprosperi.com\/wp-content\/uploads\/2026\/06\/Captura-de-Tela-2026-06-22-as-18.42.01.png?fit=1182%2C926&ssl=1&resize=350%2C200","width":350,"height":200,"srcset":"https:\/\/i0.wp.com\/blogdoprosperi.com\/wp-content\/uploads\/2026\/06\/Captura-de-Tela-2026-06-22-as-18.42.01.png?fit=1182%2C926&ssl=1&resize=350%2C200 1x, https:\/\/i0.wp.com\/blogdoprosperi.com\/wp-content\/uploads\/2026\/06\/Captura-de-Tela-2026-06-22-as-18.42.01.png?fit=1182%2C926&ssl=1&resize=525%2C300 1.5x, https:\/\/i0.wp.com\/blogdoprosperi.com\/wp-content\/uploads\/2026\/06\/Captura-de-Tela-2026-06-22-as-18.42.01.png?fit=1182%2C926&ssl=1&resize=700%2C400 2x, https:\/\/i0.wp.com\/blogdoprosperi.com\/wp-content\/uploads\/2026\/06\/Captura-de-Tela-2026-06-22-as-18.42.01.png?fit=1182%2C926&ssl=1&resize=1050%2C600 3x"},"classes":[]},{"id":60202,"url":"https:\/\/blogdoprosperi.com\/?p=60202","url_meta":{"origin":60603,"position":5},"title":"Invent\u00e1rio da derrota (epis\u00f3dio 3): Do capatosta ao tra\u00edra na Copa 2026","author":"Luiz Ant\u00f4nio Pr\u00f3speri","date":"13 de julho de 2026","format":false,"excerpt":"Luiz Ant\u00f4nio Pr\u00f3speri \u2013 13 julho 2026 (16h01) Invent\u00e1rio da Derrota do Brasil na Copa 2026 chega ao terceiro epis\u00f3dio (#epis\u00f3dio3) da s\u00e9rie. Carlo Ancelotti leva um choque de realidade quando sua proposta de jogo \u00e9 pulverizada por Marrocos logo na estreia do Brasil na Copa. Ele descobre ou dissimula\u2026","rel":"","context":"Em &quot;copa do mundo 2026&quot;","block_context":{"text":"copa do mundo 2026","link":"https:\/\/blogdoprosperi.com\/?cat=115102077"},"img":{"alt_text":"","src":"https:\/\/i0.wp.com\/blogdoprosperi.com\/wp-content\/uploads\/2026\/07\/Captura-de-Tela-2026-07-13-as-15.54.50.png?fit=1200%2C761&ssl=1&resize=350%2C200","width":350,"height":200,"srcset":"https:\/\/i0.wp.com\/blogdoprosperi.com\/wp-content\/uploads\/2026\/07\/Captura-de-Tela-2026-07-13-as-15.54.50.png?fit=1200%2C761&ssl=1&resize=350%2C200 1x, https:\/\/i0.wp.com\/blogdoprosperi.com\/wp-content\/uploads\/2026\/07\/Captura-de-Tela-2026-07-13-as-15.54.50.png?fit=1200%2C761&ssl=1&resize=525%2C300 1.5x, https:\/\/i0.wp.com\/blogdoprosperi.com\/wp-content\/uploads\/2026\/07\/Captura-de-Tela-2026-07-13-as-15.54.50.png?fit=1200%2C761&ssl=1&resize=700%2C400 2x, https:\/\/i0.wp.com\/blogdoprosperi.com\/wp-content\/uploads\/2026\/07\/Captura-de-Tela-2026-07-13-as-15.54.50.png?fit=1200%2C761&ssl=1&resize=1050%2C600 3x"},"classes":[]}],"jetpack_featured_media_url":"https:\/\/i0.wp.com\/blogdoprosperi.com\/wp-content\/uploads\/2026\/07\/10oKQYQR.jpg?fit=1280%2C720&ssl=1","_links":{"self":[{"href":"https:\/\/blogdoprosperi.com\/index.php?rest_route=\/wp\/v2\/posts\/60603","targetHints":{"allow":["GET"]}}],"collection":[{"href":"https:\/\/blogdoprosperi.com\/index.php?rest_route=\/wp\/v2\/posts"}],"about":[{"href":"https:\/\/blogdoprosperi.com\/index.php?rest_route=\/wp\/v2\/types\/post"}],"author":[{"embeddable":true,"href":"https:\/\/blogdoprosperi.com\/index.php?rest_route=\/wp\/v2\/users\/102107496"}],"replies":[{"embeddable":true,"href":"https:\/\/blogdoprosperi.com\/index.php?rest_route=%2Fwp%2Fv2%2Fcomments&post=60603"}],"version-history":[{"count":5,"href":"https:\/\/blogdoprosperi.com\/index.php?rest_route=\/wp\/v2\/posts\/60603\/revisions"}],"predecessor-version":[{"id":60610,"href":"https:\/\/blogdoprosperi.com\/index.php?rest_route=\/wp\/v2\/posts\/60603\/revisions\/60610"}],"wp:featuredmedia":[{"embeddable":true,"href":"https:\/\/blogdoprosperi.com\/index.php?rest_route=\/wp\/v2\/media\/60608"}],"wp:attachment":[{"href":"https:\/\/blogdoprosperi.com\/index.php?rest_route=%2Fwp%2Fv2%2Fmedia&parent=60603"}],"wp:term":[{"taxonomy":"category","embeddable":true,"href":"https:\/\/blogdoprosperi.com\/index.php?rest_route=%2Fwp%2Fv2%2Fcategories&post=60603"},{"taxonomy":"post_tag","embeddable":true,"href":"https:\/\/blogdoprosperi.com\/index.php?rest_route=%2Fwp%2Fv2%2Ftags&post=60603"}],"curies":[{"name":"wp","href":"https:\/\/api.w.org\/{rel}","templated":true}]}}