{"id":60678,"date":"2026-07-17T08:35:00","date_gmt":"2026-07-17T11:35:00","guid":{"rendered":"https:\/\/blogdoprosperi.com\/?p=60678"},"modified":"2026-07-16T23:18:19","modified_gmt":"2026-07-17T02:18:19","slug":"o-que-o-futebol-realmente-pensa-de-gianni-infantino-e-por-que-ele-esta-mais-poderoso-do-que-nunca","status":"publish","type":"post","link":"https:\/\/blogdoprosperi.com\/?p=60678","title":{"rendered":"O que o futebol realmente pensa de Gianni Infantino (e por que ele est\u00e1 mais poderoso do que nunca)"},"content":{"rendered":"<p><em>por Matt Slater, New York Times \/ The Athletic \u2013 17 julho 2026<\/em><\/p>\n<p><span dir=\"auto\">A maioria das edi\u00e7\u00f5es do boletim informativo de assuntos p\u00fablicos da FIFA se enquadra com apenas resumos por e-mail para aqueles que se recusam a seguir o feed do Instagram de Gianni Infantino.<\/span><\/p>\n<p><span dir=\"auto\">Aqui est\u00e1 o presidente falando sobre como a entidade m\u00e1xima do futebol mundial \u00e9 incr\u00edvel, aqui est\u00e1 ele com o presidente dos EUA, Donald Trump, aqui est\u00e1 ele com algum outro chefe de estado ou l\u00edder religioso global, aqui est\u00e1 ele fazendo piadas para uma sala cheia de bilion\u00e1rios.<\/span><\/p>\n<p><span dir=\"auto\">Selecionadas pela equipe de rela\u00e7\u00f5es internacionais e assuntos p\u00fablicos da FIFA e enviadas \u00e0s associa\u00e7\u00f5es membro e principais partes interessadas, elas s\u00e3o como as atualiza\u00e7\u00f5es familiares que algumas pessoas incluem em seus cart\u00f5es de Natal, com Infantino sendo a m\u00e3e, o pai e o filho favorito da FIFA, tudo ao mesmo tempo.<\/span><\/p>\n<p><span dir=\"auto\">Mas a newsletter que chegou \u00e0s caixas de entrada dos assinantes na segunda-feira estava incompleta, faltando algo ou algu\u00e9m.<\/span><\/p>\n<p><span dir=\"auto\">A primeira mat\u00e9ria era uma reportagem sobre a FIFA doando US$ 1 milh\u00e3o (R$ 738 mil) para comunidades afetadas pelo recente terremoto na Venezuela. A seguinte era uma vers\u00e3o editada de uma entrevista com o chefe de arbitragem Pierluigi Collina, na qual o italiano\u00a0<\/span><a href=\"https:\/\/www.nytimes.com\/athletic\/7433655\/2026\/07\/09\/fifa-world-cup-referees-collina\/\" data-index=\"0\"><span dir=\"auto\">descartou \u201calega\u00e7\u00f5es infundadas\u201d<\/span><\/a><span dir=\"auto\">\u00a0sobre a qualidade do trabalho de sua equipe neste torneio. Em seguida, havia mat\u00e9rias sobre o \u201calcance recorde\u201d da Copa do Mundo de 2026 e como seus tr\u00eas mascotes \u201cpromovem a sustentabilidade\u201d. E, por fim, uma reportagem sobre um grupo de jovens nova-iorquinos participando de uma campanha de condicionamento f\u00edsico.<\/span><\/p>\n<p><span dir=\"auto\">Tudo muito interessante, claro, mas os leitores ass\u00edduos teriam ficado se perguntando: &#8220;Onde est\u00e1 Gianni?&#8221;<\/span><\/p>\n<p><span dir=\"auto\">Essa pergunta levou os mais perspicazes entre eles (sim, eles existem,\u00a0<\/span><em><span dir=\"auto\">o The Athletic<\/span><\/em><span dir=\"auto\">\u00a0conversou com v\u00e1rios deles) a perguntarem se o homem que Trump chama de\u00a0<\/span><a href=\"https:\/\/www.nytimes.com\/athletic\/6415212\/2025\/06\/13\/fifa-soccer-president-gianni-infantino-history\/\" data-index=\"1\"><span dir=\"auto\">&#8220;rei do futebol&#8221;<\/span><\/a><span dir=\"auto\">\u00a0estava envergonhado demais para mostrar o rosto ap\u00f3s\u00a0<\/span><a href=\"https:\/\/www.nytimes.com\/athletic\/7433878\/2026\/07\/09\/donald-trump-fifa-folarin-balogun-world-cup\/\" data-index=\"2\"><span dir=\"auto\">a pol\u00eamica sobre a suspens\u00e3o de Folarin Balogun<\/span><\/a><span dir=\"auto\">\u00a0.<\/span><\/p>\n<p><span dir=\"auto\">Alguns at\u00e9 se perguntaram se a FIFA havia se sentido envergonhada\u00a0<\/span><em><span dir=\"auto\">por<\/span><\/em><span dir=\"auto\">\u00a0ele.<\/span><\/p>\n<p><span dir=\"auto\">A justificativa era que, ap\u00f3s 10 anos flertando com o limite \u2014 obscurecendo-o, movendo-o, caminhando na ponta dos p\u00e9s sobre ele \u2014 Infantino finalmente o havia cruzado de forma irrepar\u00e1vel, permitindo, no m\u00ednimo, a percep\u00e7\u00e3o de interfer\u00eancia pol\u00edtica no pr\u00f3prio jogo.<\/span><\/p>\n<p><span dir=\"auto\">A aproxima\u00e7\u00e3o com Vladimir Putin,\u00a0<\/span><a href=\"https:\/\/www.youtube.com\/watch?v=THw2WEQYtE8\" rel=\"nofollow noopener noreferrer\" data-index=\"3\"><span dir=\"auto\">a atribui\u00e7\u00e3o, encenada,<\/span><\/a><span dir=\"auto\">\u00a0da Copa do Mundo \u00e0 Ar\u00e1bia Saudita,\u00a0<\/span><a href=\"https:\/\/www.nytimes.com\/athletic\/5842533\/2024\/10\/14\/fifa-formal-complaint-football-calendar\/\" data-index=\"4\"><span dir=\"auto\">as brigas com ligas e sindicatos de jogadores<\/span><\/a><span dir=\"auto\">\u00a0,\u00a0<\/span><a href=\"https:\/\/www.nytimes.com\/athletic\/7406349\/2026\/06\/29\/fifa-trump-peace-prize-letter\/\" data-index=\"5\"><span dir=\"auto\">o Pr\u00eamio Nobel da Paz<\/span><\/a><span dir=\"auto\">\u00a0,\u00a0<\/span><a href=\"https:\/\/www.nytimes.com\/athletic\/3912953\/2022\/11\/19\/gianni-infantino-fifa-qatar-world-cup-speech-tedious\/\" data-index=\"6\"><span dir=\"auto\">os discursos estranhos<\/span><\/a><span dir=\"auto\">\u00a0,\u00a0<\/span><a href=\"https:\/\/www.nytimes.com\/athletic\/6359005\/2025\/05\/15\/fifa-infantino-congress-late-paraguay\/\" data-index=\"7\"><span dir=\"auto\">o atraso para o pr\u00f3prio congresso da FIFA<\/span><\/a><span dir=\"auto\">\u00a0,\u00a0<\/span><a href=\"https:\/\/www.nytimes.com\/athletic\/7204561\/2026\/04\/17\/gianni-infantino-fifa-world-cup-tickets\/\" data-index=\"8\"><span dir=\"auto\">os pre\u00e7os dos ingressos<\/span><\/a><span dir=\"auto\">\u00a0, tudo isso. Tanto faz. Prerrogativa presidencial, os fins justificando os meios, Gianni sendo Gianni.<\/span><\/p>\n<p>Mas favorecer uma na\u00e7\u00e3o poderosa em um jogo de verdade, nas fases eliminat\u00f3rias da Copa do Mundo? Isso \u00e9 demais, passou dos limites.<\/p>\n<p><span dir=\"auto\">Assim, recebemos declara\u00e7\u00f5es p\u00fablicas de indigna\u00e7\u00e3o moral da confedera\u00e7\u00e3o europeia de futebol, a UEFA, e de v\u00e1rias das principais federa\u00e7\u00f5es nacionais a ela filiadas.<\/span><\/p>\n<p><span dir=\"auto\">\u201cQuando a certeza das regras deixa de ser garantida pelos seus respons\u00e1veis, a integridade do jogo fica em risco e a credibilidade de uma competi\u00e7\u00e3o \u00e9 prejudicada\u2026 expressamos a nossa incredulidade perante uma decis\u00e3o t\u00e3o in\u00e9dita, incompreens\u00edvel e injustific\u00e1vel\u201d, afirmou a UEFA na semana passada.<\/span><\/p>\n<p><span dir=\"auto\">E, ao contr\u00e1rio das notifica\u00e7\u00f5es anteriores enviadas \u00e0 FIFA, a UEFA n\u00e3o retirou esta imediatamente, ent\u00e3o parece que a Europa est\u00e1 falando s\u00e9rio desta vez.<\/span><\/p>\n<p><span dir=\"auto\">Alguns especularam se a perman\u00eancia aparentemente garantida de Infantino na FIFA, em seu quarto mandato, poderia j\u00e1 n\u00e3o ser t\u00e3o certa assim. Ou, caso ele seja autorizado a permanecer no cargo at\u00e9 2031, suas asas teriam sido cortadas?<\/span><\/p>\n<p><span dir=\"auto\">Muitas perguntas, ent\u00e3o. Hora de algumas respostas: n\u00e3o, n\u00e3o e n\u00e3o.<\/span><\/p>\n<p><span dir=\"auto\">Quem disse isso? Bem, esse \u00e9 um dos problemas da pol\u00edtica global do futebol.\u00a0\u00a0<\/span><em><span dir=\"auto\">O The Athletic<\/span><\/em><span dir=\"auto\">\u00a0conversou com uma d\u00fazia de altos funcion\u00e1rios de diversas confedera\u00e7\u00f5es, federa\u00e7\u00f5es e partes interessadas, e nenhum deles quis se pronunciar oficialmente pelo motivo \u00f3bvio de que a FIFA guarda registros.<\/span><\/p>\n<p><span dir=\"auto\">Mas nossa amostra foi un\u00e2nime em v\u00e1rios pontos.<\/span><\/p>\n<figure id=\"attachment_51121\" aria-describedby=\"caption-attachment-51121\" style=\"width: 810px\" class=\"wp-caption alignnone\"><img data-recalc-dims=\"1\" loading=\"lazy\" decoding=\"async\" data-attachment-id=\"51121\" data-permalink=\"https:\/\/blogdoprosperi.com\/?attachment_id=51121\" data-orig-file=\"https:\/\/i0.wp.com\/blogdoprosperi.com\/wp-content\/uploads\/2025\/06\/thumbs.web_.sapo-1.webp?fit=810%2C451&amp;ssl=1\" data-orig-size=\"810,451\" data-comments-opened=\"1\" data-image-meta=\"{&quot;aperture&quot;:&quot;0&quot;,&quot;credit&quot;:&quot;&quot;,&quot;camera&quot;:&quot;&quot;,&quot;caption&quot;:&quot;&quot;,&quot;created_timestamp&quot;:&quot;0&quot;,&quot;copyright&quot;:&quot;&quot;,&quot;focal_length&quot;:&quot;0&quot;,&quot;iso&quot;:&quot;0&quot;,&quot;shutter_speed&quot;:&quot;0&quot;,&quot;title&quot;:&quot;&quot;,&quot;orientation&quot;:&quot;0&quot;}\" data-image-title=\"Infantino e Trump no Mundial de Clubes\" data-image-description=\"\" data-image-caption=\"&lt;p&gt;Trump da cart\u00e3o vermelho \u00e0 imprensa e Infantino sorri \u2013 foto: reprodu\u00e7\u00e3o X Fifa&lt;\/p&gt;\n\" data-large-file=\"https:\/\/i0.wp.com\/blogdoprosperi.com\/wp-content\/uploads\/2025\/06\/thumbs.web_.sapo-1.webp?fit=810%2C451&amp;ssl=1\" class=\"size-full wp-image-51121\" src=\"https:\/\/i0.wp.com\/blogdoprosperi.com\/wp-content\/uploads\/2025\/06\/thumbs.web_.sapo-1.webp?resize=810%2C451&#038;ssl=1\" alt=\"Trump amea\u00e7a tirar cidades da Copa 2026\" width=\"810\" height=\"451\" \/><figcaption id=\"caption-attachment-51121\" class=\"wp-caption-text\">Trump da cart\u00e3o vermelho \u00e0 imprensa e Infantino sorri \u2013 foto: reprodu\u00e7\u00e3o X Fifa<\/figcaption><\/figure>\n<p><span dir=\"auto\">Primeiro, a quest\u00e3o Balogun j\u00e1 se dissipou (se \u00e9 que chegou a ser uma quest\u00e3o relevante em grande parte do planeta). Segundo, ningu\u00e9m se op\u00f5e a Infantino para presidente em 2027. Terceiro, ele sair\u00e1 deste torneio fortalecido, n\u00e3o intimidado. E quarto, temos certeza absoluta de que ele deixar\u00e1 a pol\u00edtica em 2031?<\/span><\/p>\n<p><span dir=\"auto\">\u201cTodos est\u00e3o pensando e falando sobre Infantino, mas ningu\u00e9m faz nada\u201d, disse uma figura importante de uma organiza\u00e7\u00e3o parceira da FIFA. \u201cTodos analisam essas quest\u00f5es sob sua pr\u00f3pria perspectiva de risco\/benef\u00edcio e decidem n\u00e3o fazer nada.\u201d<\/span><\/p>\n<p><span dir=\"auto\">Outro, um dirigente proeminente da Europa, salientou que sempre foi assim no futebol, onde todas as rela\u00e7\u00f5es s\u00e3o \u201ctransacionais\u201d.<\/span><\/p>\n<p><span dir=\"auto\">Desde que assumiu o cargo ap\u00f3s\u00a0<\/span><a href=\"https:\/\/www.nytimes.com\/athletic\/3382073\/2022\/07\/08\/world-cup-fifa-sepp-blatter-michel-platini\/\" data-index=\"10\"><span dir=\"auto\">os esc\u00e2ndalos de corrup\u00e7\u00e3o<\/span><\/a><span dir=\"auto\">\u00a0que derrubaram o regime de Sepp Blatter em 2016, Infantino quadruplicou as verbas que a FIFA concede \u00e0s suas 211 associa\u00e7\u00f5es membros. E, com a adi\u00e7\u00e3o de novas competi\u00e7\u00f5es e mais jogos \u00e0s j\u00e1 existentes, al\u00e9m da realiza\u00e7\u00e3o desses eventos na maior economia do mundo, essas verbas s\u00f3 tendem a aumentar. Para muitas federa\u00e7\u00f5es nacionais, os repasses da FIFA representam pelo menos tr\u00eas quartos de sua receita.<\/span><\/p>\n<p><a href=\"https:\/\/www.nytimes.com\/athletic\/7330307\/2026\/07\/09\/fifa-finances-bookkeeper-analysis\/\" data-index=\"11\"><span dir=\"auto\">A FIFA or\u00e7ou US$ 13 bilh\u00f5es<\/span><\/a><span dir=\"auto\">\u00a0(\u00a3 9,6 bilh\u00f5es) em receitas para o ciclo de quatro anos que culmina com esta Copa do Mundo. Por favor, ningu\u00e9m se surpreenda quando Infantino anunciar que estava errado sobre essa meta, j\u00e1 que o maior evento da hist\u00f3ria da humanidade gerou ainda mais dinheiro do que o esperado. Parab\u00e9ns a todos (mas especialmente a ele).<\/span><\/p>\n<p><span dir=\"auto\">\u201cPor outro lado\u201d, continuou o dirigente, \u201cargumenta-se que os princ\u00edpios e valores do futebol s\u00e3o t\u00e3o importantes quanto as finan\u00e7as\u201d, da\u00ed a pol\u00eamica em torno do cart\u00e3o vermelho de Balogun.<\/span><\/p>\n<p><span dir=\"auto\">\u201cA\u00a0<\/span><a href=\"https:\/\/www.nytimes.com\/athletic\/7424432\/2026\/07\/06\/folarin-balogun-donald-trump-gianni-infantino\/?source=emp_shared_article&amp;unlocked_article_code=1.vlA.t9CT.oVVZsHXS8hgm\" data-index=\"12\"><span dir=\"auto\">proximidade pol\u00edtica entre Infantino e Trump<\/span><\/a><span dir=\"auto\">\u00a0sempre iria se manifestar em algum momento do torneio, e assim aconteceu. Mas a verdade \u00e9 que, apesar do que alguns afirmam, isso n\u00e3o enfraqueceu em nada a posi\u00e7\u00e3o de Infantino.\u201d<\/span><\/p>\n<p><span dir=\"auto\">\u201cExistem universos paralelos no futebol, e receio que n\u00f3s (o dirigente se referia a si mesmo e \u00e0s organiza\u00e7\u00f5es de m\u00eddia objetivas) habitemos aquele em que valores, probidade e regulamentos importam. O outro, que est\u00e1 em ascens\u00e3o, pensa que essas s\u00e3o quest\u00f5es secund\u00e1rias.\u201d<\/span><\/p>\n<hr \/>\n<figure id=\"attachment_60719\" aria-describedby=\"caption-attachment-60719\" style=\"width: 520px\" class=\"wp-caption alignnone\"><img data-recalc-dims=\"1\" loading=\"lazy\" decoding=\"async\" data-attachment-id=\"60719\" data-permalink=\"https:\/\/blogdoprosperi.com\/?attachment_id=60719\" data-orig-file=\"https:\/\/i0.wp.com\/blogdoprosperi.com\/wp-content\/uploads\/2026\/07\/Captura-de-Tela-2026-07-16-as-23.02.54.png?fit=1072%2C1276&amp;ssl=1\" data-orig-size=\"1072,1276\" data-comments-opened=\"1\" data-image-meta=\"{&quot;aperture&quot;:&quot;0&quot;,&quot;credit&quot;:&quot;&quot;,&quot;camera&quot;:&quot;&quot;,&quot;caption&quot;:&quot;&quot;,&quot;created_timestamp&quot;:&quot;0&quot;,&quot;copyright&quot;:&quot;&quot;,&quot;focal_length&quot;:&quot;0&quot;,&quot;iso&quot;:&quot;0&quot;,&quot;shutter_speed&quot;:&quot;0&quot;,&quot;title&quot;:&quot;&quot;,&quot;orientation&quot;:&quot;0&quot;,&quot;alt&quot;:&quot;&quot;}\" data-image-title=\"Captura de Tela 2026-07-16 \u00e0s 23.02.54\" data-image-description=\"\" data-image-caption=\"&lt;p&gt;Infantino e tabela da Copa \u2013 foto: Instagram Infantino&lt;\/p&gt;\n\" data-large-file=\"https:\/\/i0.wp.com\/blogdoprosperi.com\/wp-content\/uploads\/2026\/07\/Captura-de-Tela-2026-07-16-as-23.02.54.png?fit=860%2C1024&amp;ssl=1\" class=\" wp-image-60719\" src=\"https:\/\/i0.wp.com\/blogdoprosperi.com\/wp-content\/uploads\/2026\/07\/Captura-de-Tela-2026-07-16-as-23.02.54.png?resize=520%2C618&#038;ssl=1\" alt=\"\" width=\"520\" height=\"618\" srcset=\"https:\/\/i0.wp.com\/blogdoprosperi.com\/wp-content\/uploads\/2026\/07\/Captura-de-Tela-2026-07-16-as-23.02.54.png?resize=318%2C378&amp;ssl=1 318w, https:\/\/i0.wp.com\/blogdoprosperi.com\/wp-content\/uploads\/2026\/07\/Captura-de-Tela-2026-07-16-as-23.02.54.png?resize=860%2C1024&amp;ssl=1 860w, https:\/\/i0.wp.com\/blogdoprosperi.com\/wp-content\/uploads\/2026\/07\/Captura-de-Tela-2026-07-16-as-23.02.54.png?resize=126%2C150&amp;ssl=1 126w, https:\/\/i0.wp.com\/blogdoprosperi.com\/wp-content\/uploads\/2026\/07\/Captura-de-Tela-2026-07-16-as-23.02.54.png?resize=768%2C914&amp;ssl=1 768w, https:\/\/i0.wp.com\/blogdoprosperi.com\/wp-content\/uploads\/2026\/07\/Captura-de-Tela-2026-07-16-as-23.02.54.png?resize=450%2C536&amp;ssl=1 450w, https:\/\/i0.wp.com\/blogdoprosperi.com\/wp-content\/uploads\/2026\/07\/Captura-de-Tela-2026-07-16-as-23.02.54.png?resize=1024%2C1219&amp;ssl=1 1024w, https:\/\/i0.wp.com\/blogdoprosperi.com\/wp-content\/uploads\/2026\/07\/Captura-de-Tela-2026-07-16-as-23.02.54.png?resize=504%2C600&amp;ssl=1 504w, https:\/\/i0.wp.com\/blogdoprosperi.com\/wp-content\/uploads\/2026\/07\/Captura-de-Tela-2026-07-16-as-23.02.54.png?w=1072&amp;ssl=1 1072w\" sizes=\"auto, (max-width: 520px) 100vw, 520px\" \/><figcaption id=\"caption-attachment-60719\" class=\"wp-caption-text\">Infantino e tabela da Copa \u2013 foto: Instagram Infantino<\/figcaption><\/figure>\n<p><span dir=\"auto\">Isso quanto \u00e0 Europa. E quanto ao resto do mundo?<\/span><\/p>\n<p><span dir=\"auto\">Segundo um consultor que trabalha com diversas federa\u00e7\u00f5es asi\u00e1ticas, o caso Balogun \u201cparece ter sido esquecido muito rapidamente fora da Europa. A vit\u00f3ria da B\u00e9lgica (o jogo das oitavas de final em que o atacante da sele\u00e7\u00e3o americana acabou jogando) e a bonan\u00e7a financeira que se avizinha ap\u00f3s a Copa do Mundo nos EUA s\u00e3o fatores importantes. Nenhuma federa\u00e7\u00e3o com a qual trabalho se mostrou muito preocupada depois da vit\u00f3ria da B\u00e9lgica. Muitas simplesmente disseram que foi &#8216;uma pena&#8217;\u201d.<\/span><\/p>\n<p><span dir=\"auto\">O consultor observou ent\u00e3o que tr\u00eas confedera\u00e7\u00f5es \u2014 as da \u00c1frica, \u00c1sia e Am\u00e9rica do Sul \u2014 anunciaram\u00a0<\/span><a href=\"https:\/\/www.nytimes.com\/athletic\/7243852\/2026\/04\/30\/gianni-infantino-fifa-president-re-election\/\" data-index=\"13\"><span dir=\"auto\">seu apoio un\u00e2nime<\/span><\/a><span dir=\"auto\">\u00a0a Infantino no \u00faltimo congresso da FIFA em Vancouver, Canad\u00e1, no final de abril. Juntas, elas representam 111 das 211 associa\u00e7\u00f5es membros da FIFA.<\/span><\/p>\n<p><span dir=\"auto\">Em outros lugares, h\u00e1 pouqu\u00edssima oposi\u00e7\u00e3o. A Confedera\u00e7\u00e3o de Futebol da Oceania estaria em situa\u00e7\u00e3o prec\u00e1ria sem o apoio financeiro da FIFA, assim como a grande presen\u00e7a caribenha na Concacaf.<\/span><\/p>\n<p><span dir=\"auto\">A Europa tem 55 votos, mas mesmo estes n\u00e3o s\u00e3o necessariamente contr\u00e1rios a Infantino. A Federa\u00e7\u00e3o Inglesa de Futebol (FA) j\u00e1 lhe prometeu o seu voto, apesar de a Premier League e a Associa\u00e7\u00e3o de Futebolistas Profissionais (PFA) \u2014 os seus principais clubes e o sindicato dos jogadores \u2014 estarem em conflito aberto com a FIFA devido ao seu monop\u00f3lio sobre o calend\u00e1rio mundial de jogos.<\/span><\/p>\n<p><span dir=\"auto\">S\u00f3 para refor\u00e7ar aquele ponto anterior sobre o &#8220;equil\u00edbrio risco\/benef\u00edcio&#8221;, a FA desempenhou um papel fundamental em persuadir a UEFA a retirar seu memorando indignado sobre Infantino ter feito todos esperarem no Congresso da FIFA de 2025 no Paraguai, e isso tamb\u00e9m n\u00e3o teve nada a ver com a reclama\u00e7\u00e3o da UEFA sobre Balogun.<\/span><\/p>\n<p><span dir=\"auto\">Por qu\u00ea? Bem, a FA j\u00e1 se exp\u00f4s publicamente no passado, de forma mais memor\u00e1vel no congresso de 2011, quando o ent\u00e3o presidente David Bernstein tentou adiar a coroa\u00e7\u00e3o de um presidente anterior, mas logo percebeu que estava completamente isolado.<\/span><\/p>\n<p><span dir=\"auto\">H\u00e1 tamb\u00e9m a pequena quest\u00e3o da corrida para sediar a Copa do Mundo Feminina de 2035, na qual\u00a0<\/span><a href=\"https:\/\/www.nytimes.com\/athletic\/6844406\/2025\/11\/28\/womens-world-cup-2035-old-trafford\/\" data-index=\"14\"><span dir=\"auto\">o Reino Unido \u00e9 atualmente o \u00fanico participante<\/span><\/a><span dir=\"auto\">\u00a0, mas ainda aguarda a declara\u00e7\u00e3o formal da FIFA de que ser\u00e1 o vencedor. E, como se isso n\u00e3o bastasse para aumentar os riscos, a FA adoraria sediar novamente uma Copa do Mundo masculina ainda neste s\u00e9culo. Afinal, todas as outras federa\u00e7\u00f5es do mesmo n\u00edvel j\u00e1 tiveram a oportunidade de faz\u00ea-lo pela segunda ou at\u00e9 terceira vez.<\/span><\/p>\n<p><span dir=\"auto\">O chefe de um importante parceiro comercial descartou essas preocupa\u00e7\u00f5es como desculpas esfarrapadas para tamanha &#8220;covardia&#8221;. Para esse dirigente, a linha foi cruzada quando Infantino &#8220;usou e abusou do prest\u00edgio do futebol&#8221; para conceder o Pr\u00eamio Nobel da Paz a Trump, e tudo o que se seguiu \u00e9 consequ\u00eancia disso.<\/span><\/p>\n<p>O dirigente acrescentou que acreditam que Infantino sair\u00e1 deste torneio sentindo apenas o amor da grande maioria de seu eleitorado, embora ele quase certamente esteja confundindo essa gratid\u00e3o relutante com afeto genu\u00edno, e que agora continuar\u00e1 com sua agenda pessoal de transformar a FIFA, \u00f3rg\u00e3o regulador do esporte, em um conglomerado de entretenimento que domina o mundo.<\/p>\n<p><span dir=\"auto\">Se voc\u00ea acha isso um exagero, como Infantino reagiu \u00e0 tempestade que se formou depois que Trump disse ao mundo que ligou para ele para tentar trazer Balogun de volta para o grande jogo contra a B\u00e9lgica?<\/span><\/p>\n<p><span dir=\"auto\">Ele concedeu uma entrevista ao ve\u00edculo su\u00ed\u00e7o Bluewin, onde efetivamente confirmou sua inten\u00e7\u00e3o de prosseguir com seu plano de expandir a Copa do Mundo novamente para 64 equipes, apesar de ter afirmado anteriormente que a FIFA n\u00e3o deveria expandir t\u00e3o cedo ap\u00f3s o aumento de 32 para 48 sele\u00e7\u00f5es nesta edi\u00e7\u00e3o, e que alguns membros do Conselho da FIFA eram contra a ideia.<\/span><\/p>\n<p><span dir=\"auto\">Afinal, seu argumento fluir\u00e1: nove dos dez classificados africanos desta vez chegaram \u00e0 fase de 32 avos de final, apenas Cura\u00e7ao foi goleada (7 a 1 pela Alemanha, embora tamb\u00e9m tenha empatado com o Equador, que venceu os alem\u00e3es) e o que dizer de Cabo Verde? Sem falar que, com 64 jogadores, podemos eliminar o absurdo de oito dos doze terceiros colocados da fase de grupos avan\u00e7arem, a necessidade de sele\u00e7\u00f5es como a Esc\u00f3cia permanecerem na disputa sem saber se estar\u00e3o dentro ou fora at\u00e9 que mais jogos sejam disputados, ter mais 24 jogos para vender \u00e0s emissoras e talvez at\u00e9 encontrar espa\u00e7o para sele\u00e7\u00f5es como China, \u00cdndia, It\u00e1lia e Nig\u00e9ria entrarem.<\/span><\/p>\n<p><span dir=\"auto\">Ele pode at\u00e9 tentar convencer os indecisos dizendo que teremos 64 sele\u00e7\u00f5es em 2030, como\u00a0<\/span><a href=\"https:\/\/www.nytimes.com\/athletic\/6822657\/2025\/11\/20\/world-cup-teams-qualify-2030-nations\/\" data-index=\"17\"><span dir=\"auto\">uma exce\u00e7\u00e3o para marcar adequadamente o centen\u00e1rio<\/span><\/a><span dir=\"auto\">\u00a0da primeira Copa do Mundo, dando \u00e0 Am\u00e9rica do Sul, que sediou o torneio inicial, quatro jogos na fase de grupos, em vez de apenas tr\u00eas partidas&#8230; mas depois tentar\u00e1 reverter essa situa\u00e7\u00e3o, como estamos prestes a descobrir com a mudan\u00e7a repentina do futebol de um jogo de dois tempos para um jogo de quatro tempos.<\/span><\/p>\n<p><span dir=\"auto\">E se voc\u00ea n\u00e3o gosta dessa explora\u00e7\u00e3o descarada, ou melhor, desse pr\u00f3ximo passo natural para o maior\u00a0<\/span><a href=\"https:\/\/www.nytimes.com\/athletic\/7260572\/2026\/05\/10\/fifa-world-cup-usa-media-rights-china-india\/\" data-index=\"18\"><span dir=\"auto\">&#8220;provedor de felicidade&#8221;<\/span><\/a><span dir=\"auto\">\u00a0do mundo , o que acha de um Mundial de Clubes com 48 times, talvez disputado a cada dois anos, e n\u00e3o a cada quatro?<\/span><\/p>\n<p><span dir=\"auto\">Dobrar a aposta, inundar a zona, continuar pedindo mais, obrig\u00e1-los a jogar na defesa. Infantino \u00e9 realmente bom nisso. Ser o guardi\u00e3o dos interesses do jogo a longo prazo? Ainda n\u00e3o se sabe.<\/span><\/p>\n<p><span dir=\"auto\">\u00c9 claro que a Confedera\u00e7\u00e3o Asi\u00e1tica de Futebol, a Concacaf e a UEFA podem manter sua oposi\u00e7\u00e3o a uma Copa do Mundo com 64 sele\u00e7\u00f5es&#8230; ou podem descobrir que seus membros n\u00e3o veem mais problema em preencher corretamente a chave, principalmente quando isso aumentaria ainda mais suas verbas da FIFA. Al\u00e9m disso, se Cabo Verde, Cura\u00e7ao, Haiti e Uzbequist\u00e3o podem se classificar, por que eles n\u00e3o?<\/span><\/p>\n<div class=\"Article_ContentContainer__jBNW3 article-content-container bodytext1\">\n<p><span dir=\"auto\">Da mesma forma, o chefe da European Football Clubs (EFC), Nasser Al-Khelaifi, pode estar totalmente comprometido em preservar o status das principais ligas europeias e das competi\u00e7\u00f5es continentais, e, portanto, manter-se firme em sua resist\u00eancia a um Mundial de Clubes maior ou mais frequente&#8230; ou talvez o chefe do Paris Saint-Germain e da beIN Sports decida que essas coisas s\u00e3o inevit\u00e1veis, ent\u00e3o por que n\u00e3o seguir o fluxo?<\/span><\/p>\n<div id=\"attachment_7447713\" class=\"wp-caption alignnone\">\n<div class=\"wp-caption-image-container\">\n<p><img data-recalc-dims=\"1\" loading=\"lazy\" decoding=\"async\" class=\"wp-image-7447713 size-full\" src=\"https:\/\/i0.wp.com\/static01.nyt.com\/athletic\/uploads\/wp\/2026\/07\/15130955\/GettyImages-2285107019-scaled.jpg?resize=940%2C635&#038;ssl=1\" sizes=\"auto, (max-width: 2560px) 100vw, 2560px\" srcset=\"https:\/\/static01.nyt.com\/athletic\/uploads\/wp\/2026\/07\/15130955\/GettyImages-2285107019-scaled.jpg 2560w, https:\/\/static01.nyt.com\/athletic\/uploads\/wp\/2026\/07\/15130955\/GettyImages-2285107019-300x203.jpg 300w, https:\/\/static01.nyt.com\/athletic\/uploads\/wp\/2026\/07\/15130955\/GettyImages-2285107019-1024x692.jpg 1024w, https:\/\/static01.nyt.com\/athletic\/uploads\/wp\/2026\/07\/15130955\/GettyImages-2285107019-1536x1038.jpg 1536w, https:\/\/static01.nyt.com\/athletic\/uploads\/wp\/2026\/07\/15130955\/GettyImages-2285107019-2048x1383.jpg 2048w\" alt=\"\" width=\"940\" height=\"635\" data-index=\"19\" \/><\/p>\n<div class=\"inline-credits\">\n<div class=\"inline-credits-container\"><em><span class=\"credits-text\"><span dir=\"auto\">Infantino sabe da import\u00e2ncia de fazer pol\u00edtica na FIFA.\u00a0<\/span><\/span><span class=\"source-text\"><span dir=\"auto\">Alex Grimm\/Getty Images<\/span><\/span><\/em><\/div>\n<\/div>\n<\/div>\n<\/div>\n<p><span dir=\"auto\">Veremos, mas provavelmente vale a pena notar que a EFC e a FIFA j\u00e1 t\u00eam uma &#8220;parceria estrat\u00e9gica&#8221; em vigor at\u00e9 2030 e est\u00e3o trabalhando em algo que est\u00e1 sendo descrito em privado como uma joint venture semelhante \u00e0 que a EFC tem com a UEFA, a\u00a0<\/span><a href=\"https:\/\/www.nytimes.com\/athletic\/6129285\/2025\/02\/11\/champions-league-media-rights-relevant\/\" data-index=\"20\"><span dir=\"auto\">UC3<\/span><\/a><span dir=\"auto\">\u00a0, que lhe deu controle efetivo sobre como a Liga dos Campe\u00f5es \u00e9 administrada e comercializada.<\/span><\/p>\n<p><span dir=\"auto\">De fato, v\u00e1rios participantes da nossa pesquisa informal sugeriram que, seja l\u00e1 o que essa parceria se torne, um dia ela precisar\u00e1 de um chefe, e quem melhor do que Infantino, o homem que idealizou tudo isso? Dessa forma, ele e Al-Khelaifi poderiam potencialmente trocar de fun\u00e7\u00f5es,\u00a0<\/span><a href=\"https:\/\/www.nytimes.com\/athletic\/6718905\/2025\/10\/20\/football-2025-big-clubs-rule\/\" data-index=\"21\"><span dir=\"auto\">como\u00a0<\/span><em><span dir=\"auto\">o The Athletic<\/span><\/em><span dir=\"auto\">\u00a0sugeriu pela primeira vez no ano passado<\/span><\/a><span dir=\"auto\">\u00a0.<\/span><\/p>\n<p><span dir=\"auto\">Certamente isso \u00e9 mais prov\u00e1vel do que Infantino mudar os estatutos (novamente) para eliminar o limite de tr\u00eas mandatos e estender sua perman\u00eancia na FIFA para al\u00e9m de 2031?<\/span><\/p>\n<p><span dir=\"auto\">&#8220;N\u00e3o estou descartando nada neste momento&#8221;, disse um entrevistado preocupado.<\/span><\/p>\n<p><span dir=\"auto\">&#8220;Acho que algu\u00e9m pr\u00f3ximo a ele vai sugerir a ideia&#8221;, disse outro. &#8220;Talvez essa seja a verdadeira linha vermelha para as confedera\u00e7\u00f5es \u2014 mas eu n\u00e3o apostaria minha casa nisso.&#8221;<\/span><\/p>\n<p><span dir=\"auto\">Outros se perguntavam se haveria algum tipo de papel de czar do futebol saudita esperando por ele, embora ningu\u00e9m possa ter certeza agora\u00a0<\/span><a href=\"https:\/\/www.nytimes.com\/athletic\/7202925\/2026\/04\/17\/saudi-arabia-sports-investment-liv-golf\/\" data-index=\"22\"><span dir=\"auto\">do quanto o reino continua comprometido<\/span><\/a><span dir=\"auto\">\u00a0em revolucionar o esporte mundial, e esse czar pode se ver sem imp\u00e9rio em 2034.<\/span><\/p>\n<p><span dir=\"auto\">Mas chega de especula\u00e7\u00f5es in\u00fateis. Vamos nos concentrar no que sabemos.<\/span><\/p>\n<p><span dir=\"auto\">Infantino controla completamente a FIFA, e isso n\u00e3o vai mudar t\u00e3o cedo.<\/span><\/p>\n<p><span dir=\"auto\">E se os cinco primeiros itens do\u00a0<\/span><em><span dir=\"auto\">pr\u00f3ximo<\/span><\/em><span dir=\"auto\">\u00a0boletim informativo de rela\u00e7\u00f5es p\u00fablicas da FIFA n\u00e3o forem sobre ele, eu o imprimirei e o comerei.<\/span><\/p>\n<\/div>\n<div class=\"AuthorByline_AuthorByline__HsXp5\">\n<div class=\"AuthorByline_AuthorBylineContent__az2Kx\">\n<div class=\"AuthorByline_AuthorBylineInnerWrapper__ItK3n\">\n<div class=\"AuthorByline_BylineWrapper__gHA62\">\n<div class=\"AuthorByline_AuthorDescription__eO1ay\"><a class=\"AuthorByline_AuthorName__J_uYo\" href=\"https:\/\/www.nytimes.com\/athletic\/author\/matt-slater\/\" aria-label=\"P\u00e1gina do autor Matt Slater\"><span dir=\"auto\">Matt Slater,<\/span><\/a><span dir=\"auto\"> residente no noroeste da Inglaterra, \u00e9 um dos principais rep\u00f3rteres de not\u00edcias esportivas do The Athletic UK. Anteriormente, trabalhou por 16 anos na BBC e, em seguida, por tr\u00eas anos como rep\u00f3rter-chefe de esportes da principal ag\u00eancia de not\u00edcias do Reino Unido e Irlanda, a PA.<\/span><\/div>\n<\/div>\n<\/div>\n<\/div>\n<\/div>\n","protected":false},"excerpt":{"rendered":"<p>por Matt Slater, New York Times \/ The Athletic \u2013 17 julho 2026 A maioria das edi\u00e7\u00f5es do [&hellip;]<\/p>\n","protected":false},"author":102107496,"featured_media":60723,"comment_status":"open","ping_status":"open","sticky":false,"template":"","format":"standard","meta":{"_coblocks_attr":"","_coblocks_dimensions":"","_coblocks_responsive_height":"","_coblocks_accordion_ie_support":"","_jetpack_newsletter_access":"","_jetpack_dont_email_post_to_subs":false,"_jetpack_newsletter_tier_id":0,"_jetpack_memberships_contains_paywalled_content":false,"_wpcom_ai_launchpad_first_post":false,"_jetpack_feature_clip_id":0,"_jetpack_memberships_contains_paid_content":false,"footnotes":"","jetpack_publicize_message":"","jetpack_publicize_feature_enabled":true,"jetpack_social_post_already_shared":true,"jetpack_social_options":{"image_generator_settings":{"template":"highway","default_image_id":0,"font":"","enabled":false},"version":2},"jetpack_post_was_ever_published":false},"categories":[36820279,53870],"tags":[569949222,789560563,881794,467532],"class_list":["post-60678","post","type-post","status-publish","format-standard","has-post-thumbnail","hentry","category-copa-2026","category-futebol","tag-copa2026","tag-fifa","tag-infantino","tag-trump"],"yoast_head":"<!-- This site is optimized with the Yoast SEO plugin v28.3 - https:\/\/yoast.com\/product\/yoast-seo-wordpress\/ -->\n<title>O que o futebol realmente pensa de Gianni Infantino (e por que ele est\u00e1 mais poderoso do que nunca) - PR\u00d3SPERI NEWS<\/title>\n<meta name=\"robots\" content=\"index, follow, max-snippet:-1, max-image-preview:large, max-video-preview:-1\" \/>\n<link rel=\"canonical\" href=\"https:\/\/blogdoprosperi.com\/?p=60678\" \/>\n<meta property=\"og:locale\" content=\"pt_BR\" \/>\n<meta property=\"og:type\" content=\"article\" \/>\n<meta property=\"og:title\" content=\"O que o futebol realmente pensa de Gianni Infantino (e por que ele est\u00e1 mais poderoso do que nunca) - PR\u00d3SPERI NEWS\" \/>\n<meta property=\"og:description\" content=\"por Matt Slater, New York Times \/ The Athletic \u2013 17 julho 2026 A maioria das edi\u00e7\u00f5es do [&hellip;]\" \/>\n<meta property=\"og:url\" content=\"https:\/\/blogdoprosperi.com\/?p=60678\" \/>\n<meta property=\"og:site_name\" content=\"PR\u00d3SPERI NEWS\" \/>\n<meta property=\"article:publisher\" content=\"Luiz Pr\u00f3speri\" \/>\n<meta property=\"article:author\" content=\"Luiz Pr\u00f3speri\" \/>\n<meta property=\"article:published_time\" content=\"2026-07-17T11:35:00+00:00\" \/>\n<meta property=\"og:image\" content=\"https:\/\/i0.wp.com\/blogdoprosperi.com\/wp-content\/uploads\/2026\/07\/Captura-de-Tela-2026-07-16-as-23.14.03.png?fit=1030%2C868&ssl=1\" \/>\n\t<meta property=\"og:image:width\" content=\"1030\" \/>\n\t<meta property=\"og:image:height\" content=\"868\" \/>\n\t<meta property=\"og:image:type\" content=\"image\/png\" \/>\n<meta name=\"author\" content=\"Luiz Ant\u00f4nio Pr\u00f3speri\" \/>\n<meta name=\"twitter:card\" content=\"summary_large_image\" \/>\n<meta name=\"twitter:creator\" content=\"@Luizprosperi\" \/>\n<meta name=\"twitter:site\" content=\"@Luizprosperi\" \/>\n<meta name=\"twitter:label1\" content=\"Escrito por\" \/>\n\t<meta name=\"twitter:data1\" content=\"Luiz Ant\u00f4nio Pr\u00f3speri\" \/>\n\t<meta name=\"twitter:label2\" content=\"Est. tempo de leitura\" \/>\n\t<meta name=\"twitter:data2\" content=\"13 minutos\" \/>\n<script type=\"application\/ld+json\" class=\"yoast-schema-graph\">{\"@context\":\"https:\\\/\\\/schema.org\",\"@graph\":[{\"@type\":\"Article\",\"@id\":\"https:\\\/\\\/blogdoprosperi.com\\\/?p=60678#article\",\"isPartOf\":{\"@id\":\"https:\\\/\\\/blogdoprosperi.com\\\/?p=60678\"},\"author\":{\"name\":\"Luiz Ant\u00f4nio Pr\u00f3speri\",\"@id\":\"https:\\\/\\\/blogdoprosperi.com\\\/#\\\/schema\\\/person\\\/38100755ce3601861ee4fab9b5aa78e9\"},\"headline\":\"O que o futebol realmente pensa de Gianni Infantino (e por que ele est\u00e1 mais poderoso do que nunca)\",\"datePublished\":\"2026-07-17T11:35:00+00:00\",\"mainEntityOfPage\":{\"@id\":\"https:\\\/\\\/blogdoprosperi.com\\\/?p=60678\"},\"wordCount\":2620,\"commentCount\":0,\"publisher\":{\"@id\":\"https:\\\/\\\/blogdoprosperi.com\\\/#\\\/schema\\\/person\\\/38100755ce3601861ee4fab9b5aa78e9\"},\"image\":{\"@id\":\"https:\\\/\\\/blogdoprosperi.com\\\/?p=60678#primaryimage\"},\"thumbnailUrl\":\"https:\\\/\\\/i0.wp.com\\\/blogdoprosperi.com\\\/wp-content\\\/uploads\\\/2026\\\/07\\\/Captura-de-Tela-2026-07-16-as-23.14.03.png?fit=1030%2C868&ssl=1\",\"keywords\":[\"Copa2026\",\"Fifa\",\"Infantino\",\"trump\"],\"articleSection\":[\"copa 2026\",\"futebol\"],\"inLanguage\":\"pt-BR\",\"potentialAction\":[{\"@type\":\"CommentAction\",\"name\":\"Comment\",\"target\":[\"https:\\\/\\\/blogdoprosperi.com\\\/?p=60678#respond\"]}]},{\"@type\":\"WebPage\",\"@id\":\"https:\\\/\\\/blogdoprosperi.com\\\/?p=60678\",\"url\":\"https:\\\/\\\/blogdoprosperi.com\\\/?p=60678\",\"name\":\"O que o futebol realmente pensa de Gianni Infantino (e por que ele est\u00e1 mais poderoso do que nunca) - PR\u00d3SPERI NEWS\",\"isPartOf\":{\"@id\":\"https:\\\/\\\/blogdoprosperi.com\\\/#website\"},\"primaryImageOfPage\":{\"@id\":\"https:\\\/\\\/blogdoprosperi.com\\\/?p=60678#primaryimage\"},\"image\":{\"@id\":\"https:\\\/\\\/blogdoprosperi.com\\\/?p=60678#primaryimage\"},\"thumbnailUrl\":\"https:\\\/\\\/i0.wp.com\\\/blogdoprosperi.com\\\/wp-content\\\/uploads\\\/2026\\\/07\\\/Captura-de-Tela-2026-07-16-as-23.14.03.png?fit=1030%2C868&ssl=1\",\"datePublished\":\"2026-07-17T11:35:00+00:00\",\"breadcrumb\":{\"@id\":\"https:\\\/\\\/blogdoprosperi.com\\\/?p=60678#breadcrumb\"},\"inLanguage\":\"pt-BR\",\"potentialAction\":[{\"@type\":\"ReadAction\",\"target\":[\"https:\\\/\\\/blogdoprosperi.com\\\/?p=60678\"]}]},{\"@type\":\"ImageObject\",\"inLanguage\":\"pt-BR\",\"@id\":\"https:\\\/\\\/blogdoprosperi.com\\\/?p=60678#primaryimage\",\"url\":\"https:\\\/\\\/i0.wp.com\\\/blogdoprosperi.com\\\/wp-content\\\/uploads\\\/2026\\\/07\\\/Captura-de-Tela-2026-07-16-as-23.14.03.png?fit=1030%2C868&ssl=1\",\"contentUrl\":\"https:\\\/\\\/i0.wp.com\\\/blogdoprosperi.com\\\/wp-content\\\/uploads\\\/2026\\\/07\\\/Captura-de-Tela-2026-07-16-as-23.14.03.png?fit=1030%2C868&ssl=1\",\"width\":1030,\"height\":868,\"caption\":\"Infantino, o dono do mundo do futebol - foto: Instagram Infantino\"},{\"@type\":\"BreadcrumbList\",\"@id\":\"https:\\\/\\\/blogdoprosperi.com\\\/?p=60678#breadcrumb\",\"itemListElement\":[{\"@type\":\"ListItem\",\"position\":1,\"name\":\"In\u00edcio\",\"item\":\"https:\\\/\\\/blogdoprosperi.com\\\/\"},{\"@type\":\"ListItem\",\"position\":2,\"name\":\"O que o futebol realmente pensa de Gianni Infantino (e por que ele est\u00e1 mais poderoso do que nunca)\"}]},{\"@type\":\"WebSite\",\"@id\":\"https:\\\/\\\/blogdoprosperi.com\\\/#website\",\"url\":\"https:\\\/\\\/blogdoprosperi.com\\\/\",\"name\":\"PR\u00d3SPERI NEWS\",\"description\":\"TUDO \u00c9  FUTEBOL\",\"publisher\":{\"@id\":\"https:\\\/\\\/blogdoprosperi.com\\\/#\\\/schema\\\/person\\\/38100755ce3601861ee4fab9b5aa78e9\"},\"alternateName\":\"blogdoprosperi.com\",\"potentialAction\":[{\"@type\":\"SearchAction\",\"target\":{\"@type\":\"EntryPoint\",\"urlTemplate\":\"https:\\\/\\\/blogdoprosperi.com\\\/?s={search_term_string}\"},\"query-input\":{\"@type\":\"PropertyValueSpecification\",\"valueRequired\":true,\"valueName\":\"search_term_string\"}}],\"inLanguage\":\"pt-BR\"},{\"@type\":[\"Person\",\"Organization\"],\"@id\":\"https:\\\/\\\/blogdoprosperi.com\\\/#\\\/schema\\\/person\\\/38100755ce3601861ee4fab9b5aa78e9\",\"name\":\"Luiz Ant\u00f4nio Pr\u00f3speri\",\"pronouns\":\"ele\",\"image\":{\"@type\":\"ImageObject\",\"inLanguage\":\"pt-BR\",\"@id\":\"https:\\\/\\\/i0.wp.com\\\/blogdoprosperi.com\\\/wp-content\\\/uploads\\\/2026\\\/05\\\/cropped-8059e613-6002-42fa-961e-8e275f575d71-2-5.jpg?fit=1360%2C931&ssl=1\",\"url\":\"https:\\\/\\\/i0.wp.com\\\/blogdoprosperi.com\\\/wp-content\\\/uploads\\\/2026\\\/05\\\/cropped-8059e613-6002-42fa-961e-8e275f575d71-2-5.jpg?fit=1360%2C931&ssl=1\",\"contentUrl\":\"https:\\\/\\\/i0.wp.com\\\/blogdoprosperi.com\\\/wp-content\\\/uploads\\\/2026\\\/05\\\/cropped-8059e613-6002-42fa-961e-8e275f575d71-2-5.jpg?fit=1360%2C931&ssl=1\",\"width\":1360,\"height\":931,\"caption\":\"Luiz Ant\u00f4nio Pr\u00f3speri\"},\"logo\":{\"@id\":\"https:\\\/\\\/i0.wp.com\\\/blogdoprosperi.com\\\/wp-content\\\/uploads\\\/2026\\\/05\\\/cropped-8059e613-6002-42fa-961e-8e275f575d71-2-5.jpg?fit=1360%2C931&ssl=1\"},\"description\":\"Jornalista com carreira dedicada ao esporte. Cobriu 9 Copas do Mundo in loco, 1990 na It\u00e1lia, 1994 nos EUA, 1998 na Fran\u00e7a, 2002 na Coreia do Sul e Jap\u00e3o, 2006 na Alemanha, 2010 na \u00c1frica do Sul, 2014 no Brasil, 2018 na R\u00fassia e 2022 no Qatar. Eurocopas, 1992 na Su\u00e9cia e 1996 na Inglaterra. Copa das Confedera\u00e7\u00f5es de 2005 na Alemanha e 2009 na \u00c1frica do Sul. Rep\u00f3rter e Editor, trabalhou no Jornal da Tarde e Estad\u00e3o, de 1984 a fevereiro de 2016. Colunista, blogueiro. E comentarista de futebol na R\u00e1dio Estad\u00e3o, de 2013 a fevereiro de 2016. Jornalista respons\u00e1vel do \\\"Pr\u00f3speri News\\\" (blogdoprosperi.com).\",\"sameAs\":[\"http:\\\/\\\/blogdoprosperi.com\",\"Luiz Pr\u00f3speri\",\"@luiz_prosperi\",\"https:\\\/\\\/x.com\\\/Luizprosperi\",\"@prosperinacopa\",\"luiz.prosperi@icloud.com\"],\"url\":\"https:\\\/\\\/blogdoprosperi.com\\\/?author=102107496\"}]}<\/script>\n<!-- \/ Yoast SEO plugin. -->","yoast_head_json":{"title":"O que o futebol realmente pensa de Gianni Infantino (e por que ele est\u00e1 mais poderoso do que nunca) - PR\u00d3SPERI NEWS","robots":{"index":"index","follow":"follow","max-snippet":"max-snippet:-1","max-image-preview":"max-image-preview:large","max-video-preview":"max-video-preview:-1"},"canonical":"https:\/\/blogdoprosperi.com\/?p=60678","og_locale":"pt_BR","og_type":"article","og_title":"O que o futebol realmente pensa de Gianni Infantino (e por que ele est\u00e1 mais poderoso do que nunca) - PR\u00d3SPERI NEWS","og_description":"por Matt Slater, New York Times \/ The Athletic \u2013 17 julho 2026 A maioria das edi\u00e7\u00f5es do [&hellip;]","og_url":"https:\/\/blogdoprosperi.com\/?p=60678","og_site_name":"PR\u00d3SPERI NEWS","article_publisher":"Luiz Pr\u00f3speri","article_author":"Luiz Pr\u00f3speri","article_published_time":"2026-07-17T11:35:00+00:00","og_image":[{"width":1030,"height":868,"url":"https:\/\/i0.wp.com\/blogdoprosperi.com\/wp-content\/uploads\/2026\/07\/Captura-de-Tela-2026-07-16-as-23.14.03.png?fit=1030%2C868&ssl=1","type":"image\/png"}],"author":"Luiz Ant\u00f4nio Pr\u00f3speri","twitter_card":"summary_large_image","twitter_creator":"@Luizprosperi","twitter_site":"@Luizprosperi","twitter_misc":{"Escrito por":"Luiz Ant\u00f4nio Pr\u00f3speri","Est. tempo de leitura":"13 minutos"},"schema":{"@context":"https:\/\/schema.org","@graph":[{"@type":"Article","@id":"https:\/\/blogdoprosperi.com\/?p=60678#article","isPartOf":{"@id":"https:\/\/blogdoprosperi.com\/?p=60678"},"author":{"name":"Luiz Ant\u00f4nio Pr\u00f3speri","@id":"https:\/\/blogdoprosperi.com\/#\/schema\/person\/38100755ce3601861ee4fab9b5aa78e9"},"headline":"O que o futebol realmente pensa de Gianni Infantino (e por que ele est\u00e1 mais poderoso do que nunca)","datePublished":"2026-07-17T11:35:00+00:00","mainEntityOfPage":{"@id":"https:\/\/blogdoprosperi.com\/?p=60678"},"wordCount":2620,"commentCount":0,"publisher":{"@id":"https:\/\/blogdoprosperi.com\/#\/schema\/person\/38100755ce3601861ee4fab9b5aa78e9"},"image":{"@id":"https:\/\/blogdoprosperi.com\/?p=60678#primaryimage"},"thumbnailUrl":"https:\/\/i0.wp.com\/blogdoprosperi.com\/wp-content\/uploads\/2026\/07\/Captura-de-Tela-2026-07-16-as-23.14.03.png?fit=1030%2C868&ssl=1","keywords":["Copa2026","Fifa","Infantino","trump"],"articleSection":["copa 2026","futebol"],"inLanguage":"pt-BR","potentialAction":[{"@type":"CommentAction","name":"Comment","target":["https:\/\/blogdoprosperi.com\/?p=60678#respond"]}]},{"@type":"WebPage","@id":"https:\/\/blogdoprosperi.com\/?p=60678","url":"https:\/\/blogdoprosperi.com\/?p=60678","name":"O que o futebol realmente pensa de Gianni Infantino (e por que ele est\u00e1 mais poderoso do que nunca) - PR\u00d3SPERI NEWS","isPartOf":{"@id":"https:\/\/blogdoprosperi.com\/#website"},"primaryImageOfPage":{"@id":"https:\/\/blogdoprosperi.com\/?p=60678#primaryimage"},"image":{"@id":"https:\/\/blogdoprosperi.com\/?p=60678#primaryimage"},"thumbnailUrl":"https:\/\/i0.wp.com\/blogdoprosperi.com\/wp-content\/uploads\/2026\/07\/Captura-de-Tela-2026-07-16-as-23.14.03.png?fit=1030%2C868&ssl=1","datePublished":"2026-07-17T11:35:00+00:00","breadcrumb":{"@id":"https:\/\/blogdoprosperi.com\/?p=60678#breadcrumb"},"inLanguage":"pt-BR","potentialAction":[{"@type":"ReadAction","target":["https:\/\/blogdoprosperi.com\/?p=60678"]}]},{"@type":"ImageObject","inLanguage":"pt-BR","@id":"https:\/\/blogdoprosperi.com\/?p=60678#primaryimage","url":"https:\/\/i0.wp.com\/blogdoprosperi.com\/wp-content\/uploads\/2026\/07\/Captura-de-Tela-2026-07-16-as-23.14.03.png?fit=1030%2C868&ssl=1","contentUrl":"https:\/\/i0.wp.com\/blogdoprosperi.com\/wp-content\/uploads\/2026\/07\/Captura-de-Tela-2026-07-16-as-23.14.03.png?fit=1030%2C868&ssl=1","width":1030,"height":868,"caption":"Infantino, o dono do mundo do futebol - foto: Instagram Infantino"},{"@type":"BreadcrumbList","@id":"https:\/\/blogdoprosperi.com\/?p=60678#breadcrumb","itemListElement":[{"@type":"ListItem","position":1,"name":"In\u00edcio","item":"https:\/\/blogdoprosperi.com\/"},{"@type":"ListItem","position":2,"name":"O que o futebol realmente pensa de Gianni Infantino (e por que ele est\u00e1 mais poderoso do que nunca)"}]},{"@type":"WebSite","@id":"https:\/\/blogdoprosperi.com\/#website","url":"https:\/\/blogdoprosperi.com\/","name":"PR\u00d3SPERI NEWS","description":"TUDO \u00c9  FUTEBOL","publisher":{"@id":"https:\/\/blogdoprosperi.com\/#\/schema\/person\/38100755ce3601861ee4fab9b5aa78e9"},"alternateName":"blogdoprosperi.com","potentialAction":[{"@type":"SearchAction","target":{"@type":"EntryPoint","urlTemplate":"https:\/\/blogdoprosperi.com\/?s={search_term_string}"},"query-input":{"@type":"PropertyValueSpecification","valueRequired":true,"valueName":"search_term_string"}}],"inLanguage":"pt-BR"},{"@type":["Person","Organization"],"@id":"https:\/\/blogdoprosperi.com\/#\/schema\/person\/38100755ce3601861ee4fab9b5aa78e9","name":"Luiz Ant\u00f4nio Pr\u00f3speri","pronouns":"ele","image":{"@type":"ImageObject","inLanguage":"pt-BR","@id":"https:\/\/i0.wp.com\/blogdoprosperi.com\/wp-content\/uploads\/2026\/05\/cropped-8059e613-6002-42fa-961e-8e275f575d71-2-5.jpg?fit=1360%2C931&ssl=1","url":"https:\/\/i0.wp.com\/blogdoprosperi.com\/wp-content\/uploads\/2026\/05\/cropped-8059e613-6002-42fa-961e-8e275f575d71-2-5.jpg?fit=1360%2C931&ssl=1","contentUrl":"https:\/\/i0.wp.com\/blogdoprosperi.com\/wp-content\/uploads\/2026\/05\/cropped-8059e613-6002-42fa-961e-8e275f575d71-2-5.jpg?fit=1360%2C931&ssl=1","width":1360,"height":931,"caption":"Luiz Ant\u00f4nio Pr\u00f3speri"},"logo":{"@id":"https:\/\/i0.wp.com\/blogdoprosperi.com\/wp-content\/uploads\/2026\/05\/cropped-8059e613-6002-42fa-961e-8e275f575d71-2-5.jpg?fit=1360%2C931&ssl=1"},"description":"Jornalista com carreira dedicada ao esporte. Cobriu 9 Copas do Mundo in loco, 1990 na It\u00e1lia, 1994 nos EUA, 1998 na Fran\u00e7a, 2002 na Coreia do Sul e Jap\u00e3o, 2006 na Alemanha, 2010 na \u00c1frica do Sul, 2014 no Brasil, 2018 na R\u00fassia e 2022 no Qatar. Eurocopas, 1992 na Su\u00e9cia e 1996 na Inglaterra. Copa das Confedera\u00e7\u00f5es de 2005 na Alemanha e 2009 na \u00c1frica do Sul. Rep\u00f3rter e Editor, trabalhou no Jornal da Tarde e Estad\u00e3o, de 1984 a fevereiro de 2016. Colunista, blogueiro. E comentarista de futebol na R\u00e1dio Estad\u00e3o, de 2013 a fevereiro de 2016. Jornalista respons\u00e1vel do \"Pr\u00f3speri News\" (blogdoprosperi.com).","sameAs":["http:\/\/blogdoprosperi.com","Luiz Pr\u00f3speri","@luiz_prosperi","https:\/\/x.com\/Luizprosperi","@prosperinacopa","luiz.prosperi@icloud.com"],"url":"https:\/\/blogdoprosperi.com\/?author=102107496"}]}},"jetpack_publicize_connections":[],"jetpack_likes_enabled":false,"jetpack_sharing_enabled":true,"jetpack_shortlink":"https:\/\/wp.me\/p7jvdk-fMG","jetpack-related-posts":[{"id":52227,"url":"https:\/\/blogdoprosperi.com\/?p=52227","url_meta":{"origin":60678,"position":0},"title":"Quem \u00e9 o Verdadeiro Gianni Infantino, Presidente da FIFA e &#8220;Rei do Futebol&#8221;?","author":"Luiz Ant\u00f4nio Pr\u00f3speri","date":"3 de julho de 2025","format":false,"excerpt":"\u2666 Conhe\u00e7a a origem e como su\u00ed\u00e7o-italiano Gianni Infantino, presidente a Fifa, assumiu o poder do futebol. Perfil publicado no site The Athletic da editoria de esportes do jornal New York Times. Oliver Kay \u00a0\u2013 The Athletic (New York Times) \u2013 publicado 15 junho 2025 \u2013 Dentro da Casa Branca,\u2026","rel":"","context":"Em &quot;Fifa&quot;","block_context":{"text":"Fifa","link":"https:\/\/blogdoprosperi.com\/?cat=187969"},"img":{"alt_text":"Infantino, a origem do novo rei do futebol","src":"https:\/\/i0.wp.com\/blogdoprosperi.com\/wp-content\/uploads\/2025\/07\/captura-de-tela-gianni-infantino-02-04-2025-aspect-ratio-512-320-1.webp?fit=950%2C593&ssl=1&resize=350%2C200","width":350,"height":200,"srcset":"https:\/\/i0.wp.com\/blogdoprosperi.com\/wp-content\/uploads\/2025\/07\/captura-de-tela-gianni-infantino-02-04-2025-aspect-ratio-512-320-1.webp?fit=950%2C593&ssl=1&resize=350%2C200 1x, https:\/\/i0.wp.com\/blogdoprosperi.com\/wp-content\/uploads\/2025\/07\/captura-de-tela-gianni-infantino-02-04-2025-aspect-ratio-512-320-1.webp?fit=950%2C593&ssl=1&resize=525%2C300 1.5x, https:\/\/i0.wp.com\/blogdoprosperi.com\/wp-content\/uploads\/2025\/07\/captura-de-tela-gianni-infantino-02-04-2025-aspect-ratio-512-320-1.webp?fit=950%2C593&ssl=1&resize=700%2C400 2x"},"classes":[]},{"id":61591,"url":"https:\/\/blogdoprosperi.com\/?p=61591","url_meta":{"origin":60678,"position":1},"title":"Entenda como a Uefa pode derrubar Infantino da Fifa ap\u00f3s fracasso na privatiza\u00e7\u00e3o da Copa","author":"Luiz Ant\u00f4nio Pr\u00f3speri","date":"1 de agosto de 2026","format":false,"excerpt":"Luiz Ant\u00f4nio Pr\u00f3speri \u2013 1 agosto 2026 (10h30) Uefa (Uni\u00e3o Europeia de Futebol) sai fortalecida com a desist\u00eancia de Gianni Infantino, presidente da Fifa, de privatizar a Copa do Mundo. Ao propor boicote \u00e0 todas competi\u00e7\u00f5es Fifa, incluindo a Copa, diante da farra de grana no plano de Infantino, os\u2026","rel":"","context":"Em &quot;Fifa&quot;","block_context":{"text":"Fifa","link":"https:\/\/blogdoprosperi.com\/?cat=187969"},"img":{"alt_text":"","src":"https:\/\/i0.wp.com\/blogdoprosperi.com\/wp-content\/uploads\/2026\/08\/2373ca66-uefa_compound-708x416-1.webp?fit=708%2C416&ssl=1&resize=350%2C200","width":350,"height":200,"srcset":"https:\/\/i0.wp.com\/blogdoprosperi.com\/wp-content\/uploads\/2026\/08\/2373ca66-uefa_compound-708x416-1.webp?fit=708%2C416&ssl=1&resize=350%2C200 1x, https:\/\/i0.wp.com\/blogdoprosperi.com\/wp-content\/uploads\/2026\/08\/2373ca66-uefa_compound-708x416-1.webp?fit=708%2C416&ssl=1&resize=525%2C300 1.5x, https:\/\/i0.wp.com\/blogdoprosperi.com\/wp-content\/uploads\/2026\/08\/2373ca66-uefa_compound-708x416-1.webp?fit=708%2C416&ssl=1&resize=700%2C400 2x"},"classes":[]},{"id":60205,"url":"https:\/\/blogdoprosperi.com\/?p=60205","url_meta":{"origin":60678,"position":2},"title":"Entenda: A pol\u00eamica envolvendo Trump e a derrota esmagadora dos EUA deixam a Copa do Mundo de Infantino manchada","author":"Luiz Ant\u00f4nio Pr\u00f3speri","date":"7 de julho de 2026","format":false,"excerpt":"Estados Unidos est\u00e3o fora da Copa do Mundo 2026. Ca\u00edram diante da B\u00e9lgica, impiedosa com a vit\u00f3ria por 4 a 1, segunda-feira 06\/7), em Dallas. \u00daltimo gol foi de Likaku. Na comemora\u00e7\u00e3o, ironizou Donald Trump com a dancinha imitando o presidente dos EUA. Forma sutil e universal de protestar contra\u2026","rel":"","context":"Em &quot;copa 2026&quot;","block_context":{"text":"copa 2026","link":"https:\/\/blogdoprosperi.com\/?cat=36820279"},"img":{"alt_text":"Trump amea\u00e7a tirar cidades da Copa 2026","src":"https:\/\/i0.wp.com\/blogdoprosperi.com\/wp-content\/uploads\/2025\/06\/thumbs.web_.sapo-1.webp?fit=810%2C451&ssl=1&resize=350%2C200","width":350,"height":200,"srcset":"https:\/\/i0.wp.com\/blogdoprosperi.com\/wp-content\/uploads\/2025\/06\/thumbs.web_.sapo-1.webp?fit=810%2C451&ssl=1&resize=350%2C200 1x, https:\/\/i0.wp.com\/blogdoprosperi.com\/wp-content\/uploads\/2025\/06\/thumbs.web_.sapo-1.webp?fit=810%2C451&ssl=1&resize=525%2C300 1.5x, https:\/\/i0.wp.com\/blogdoprosperi.com\/wp-content\/uploads\/2025\/06\/thumbs.web_.sapo-1.webp?fit=810%2C451&ssl=1&resize=700%2C400 2x"},"classes":[]},{"id":61363,"url":"https:\/\/blogdoprosperi.com\/?p=61363","url_meta":{"origin":60678,"position":3},"title":"Fifa acusada de &#8216;vender alma do futebol&#8217;: plano \u00e9 repassar direitos comerciais da Copa do Mundo por 20 bilh\u00f5es de d\u00f3lares","author":"Luiz Ant\u00f4nio Pr\u00f3speri","date":"28 de julho de 2026","format":false,"excerpt":"A Thrive Capital, uma empresa de investimentos fundada por Joshua Kushner, irm\u00e3o de Jared Kushner, genro de Donald Trump, lidera a busca por investidores por Matt Hughes e\u00a0Paul MacInnes, The Guardian \u2013 28 julho 2026 A Fifa anunciou planos para vender os direitos comerciais de seus torneios, incluindo a\u00a0Copa do\u2026","rel":"","context":"Em &quot;Fifa&quot;","block_context":{"text":"Fifa","link":"https:\/\/blogdoprosperi.com\/?cat=187969"},"img":{"alt_text":"","src":"https:\/\/i0.wp.com\/blogdoprosperi.com\/wp-content\/uploads\/2026\/07\/Captura-de-Tela-2026-07-28-as-15.00.46.png?fit=1152%2C894&ssl=1&resize=350%2C200","width":350,"height":200,"srcset":"https:\/\/i0.wp.com\/blogdoprosperi.com\/wp-content\/uploads\/2026\/07\/Captura-de-Tela-2026-07-28-as-15.00.46.png?fit=1152%2C894&ssl=1&resize=350%2C200 1x, https:\/\/i0.wp.com\/blogdoprosperi.com\/wp-content\/uploads\/2026\/07\/Captura-de-Tela-2026-07-28-as-15.00.46.png?fit=1152%2C894&ssl=1&resize=525%2C300 1.5x, https:\/\/i0.wp.com\/blogdoprosperi.com\/wp-content\/uploads\/2026\/07\/Captura-de-Tela-2026-07-28-as-15.00.46.png?fit=1152%2C894&ssl=1&resize=700%2C400 2x, https:\/\/i0.wp.com\/blogdoprosperi.com\/wp-content\/uploads\/2026\/07\/Captura-de-Tela-2026-07-28-as-15.00.46.png?fit=1152%2C894&ssl=1&resize=1050%2C600 3x"},"classes":[]},{"id":61921,"url":"https:\/\/blogdoprosperi.com\/?p=61921","url_meta":{"origin":60678,"position":4},"title":"Jogo de Cartas Fifa (1): &#8220;O presidente da Fifa foi eleito democraticamente e continua a exercer seu mandato&#8221;.","author":"Luiz Ant\u00f4nio Pr\u00f3speri","date":"10 de agosto de 2026","format":false,"excerpt":"Comunicado da Fifa, publicado em seu site oficial dia 8 de agosto (s\u00e1bado), diz que a entidade n\u00e3o vai tolerar qualquer processo que coloque em d\u00favida \u00e0 elei\u00e7\u00e3o do presidente da Fifa. \"O presidente da FIFA foi eleito democraticamente pelas Associa\u00e7\u00f5es Membro da FIFA e continua a exercer o seu\u2026","rel":"","context":"Em &quot;Fifa&quot;","block_context":{"text":"Fifa","link":"https:\/\/blogdoprosperi.com\/?cat=187969"},"img":{"alt_text":"","src":"https:\/\/i0.wp.com\/blogdoprosperi.com\/wp-content\/uploads\/2026\/08\/Captura-de-Tela-2026-08-10-as-11.33.06.png?fit=1200%2C693&ssl=1&resize=350%2C200","width":350,"height":200,"srcset":"https:\/\/i0.wp.com\/blogdoprosperi.com\/wp-content\/uploads\/2026\/08\/Captura-de-Tela-2026-08-10-as-11.33.06.png?fit=1200%2C693&ssl=1&resize=350%2C200 1x, https:\/\/i0.wp.com\/blogdoprosperi.com\/wp-content\/uploads\/2026\/08\/Captura-de-Tela-2026-08-10-as-11.33.06.png?fit=1200%2C693&ssl=1&resize=525%2C300 1.5x, https:\/\/i0.wp.com\/blogdoprosperi.com\/wp-content\/uploads\/2026\/08\/Captura-de-Tela-2026-08-10-as-11.33.06.png?fit=1200%2C693&ssl=1&resize=700%2C400 2x, https:\/\/i0.wp.com\/blogdoprosperi.com\/wp-content\/uploads\/2026\/08\/Captura-de-Tela-2026-08-10-as-11.33.06.png?fit=1200%2C693&ssl=1&resize=1050%2C600 3x"},"classes":[]},{"id":61561,"url":"https:\/\/blogdoprosperi.com\/?p=61561","url_meta":{"origin":60678,"position":5},"title":"Copa do Mundo \u00e0 venda (epis\u00f3dio 1): A ren\u00fancia e as cr\u00edticas abertas de altos funcion\u00e1rios da FIFA colocam Infantino em uma situa\u00e7\u00e3o delicada","author":"Luiz Ant\u00f4nio Pr\u00f3speri","date":"31 de julho de 2026","format":false,"excerpt":"\"Este projeto n\u00e3o \u00e9 um projeto da FIFA, nem um projeto da administra\u00e7\u00e3o da FIFA. \u00c9 o projeto de uma pessoa s\u00f3\" \u2013 Kevin Lamour, diretor de opera\u00e7\u00f5es especiais da Fifa. Diego Torres, El Pa\u00eds (Madri) \u2013 31 julho 2026 Duas semanas ap\u00f3s ser coroado o presidente que levou a\u2026","rel":"","context":"Em &quot;Fifa&quot;","block_context":{"text":"Fifa","link":"https:\/\/blogdoprosperi.com\/?cat=187969"},"img":{"alt_text":"","src":"https:\/\/i0.wp.com\/blogdoprosperi.com\/wp-content\/uploads\/2026\/07\/Captura-de-Tela-2026-07-16-as-23.14.03.png?fit=1030%2C868&ssl=1&resize=350%2C200","width":350,"height":200,"srcset":"https:\/\/i0.wp.com\/blogdoprosperi.com\/wp-content\/uploads\/2026\/07\/Captura-de-Tela-2026-07-16-as-23.14.03.png?fit=1030%2C868&ssl=1&resize=350%2C200 1x, https:\/\/i0.wp.com\/blogdoprosperi.com\/wp-content\/uploads\/2026\/07\/Captura-de-Tela-2026-07-16-as-23.14.03.png?fit=1030%2C868&ssl=1&resize=525%2C300 1.5x, https:\/\/i0.wp.com\/blogdoprosperi.com\/wp-content\/uploads\/2026\/07\/Captura-de-Tela-2026-07-16-as-23.14.03.png?fit=1030%2C868&ssl=1&resize=700%2C400 2x"},"classes":[]}],"jetpack_featured_media_url":"https:\/\/i0.wp.com\/blogdoprosperi.com\/wp-content\/uploads\/2026\/07\/Captura-de-Tela-2026-07-16-as-23.14.03.png?fit=1030%2C868&ssl=1","_links":{"self":[{"href":"https:\/\/blogdoprosperi.com\/index.php?rest_route=\/wp\/v2\/posts\/60678","targetHints":{"allow":["GET"]}}],"collection":[{"href":"https:\/\/blogdoprosperi.com\/index.php?rest_route=\/wp\/v2\/posts"}],"about":[{"href":"https:\/\/blogdoprosperi.com\/index.php?rest_route=\/wp\/v2\/types\/post"}],"author":[{"embeddable":true,"href":"https:\/\/blogdoprosperi.com\/index.php?rest_route=\/wp\/v2\/users\/102107496"}],"replies":[{"embeddable":true,"href":"https:\/\/blogdoprosperi.com\/index.php?rest_route=%2Fwp%2Fv2%2Fcomments&post=60678"}],"version-history":[{"count":19,"href":"https:\/\/blogdoprosperi.com\/index.php?rest_route=\/wp\/v2\/posts\/60678\/revisions"}],"predecessor-version":[{"id":60727,"href":"https:\/\/blogdoprosperi.com\/index.php?rest_route=\/wp\/v2\/posts\/60678\/revisions\/60727"}],"wp:featuredmedia":[{"embeddable":true,"href":"https:\/\/blogdoprosperi.com\/index.php?rest_route=\/wp\/v2\/media\/60723"}],"wp:attachment":[{"href":"https:\/\/blogdoprosperi.com\/index.php?rest_route=%2Fwp%2Fv2%2Fmedia&parent=60678"}],"wp:term":[{"taxonomy":"category","embeddable":true,"href":"https:\/\/blogdoprosperi.com\/index.php?rest_route=%2Fwp%2Fv2%2Fcategories&post=60678"},{"taxonomy":"post_tag","embeddable":true,"href":"https:\/\/blogdoprosperi.com\/index.php?rest_route=%2Fwp%2Fv2%2Ftags&post=60678"}],"curies":[{"name":"wp","href":"https:\/\/api.w.org\/{rel}","templated":true}]}}