{"id":60740,"date":"2026-07-17T14:37:24","date_gmt":"2026-07-17T17:37:24","guid":{"rendered":"https:\/\/blogdoprosperi.com\/?p=60740"},"modified":"2026-07-17T14:37:24","modified_gmt":"2026-07-17T17:37:24","slug":"conheca-arbitro-da-final-da-copa-centro-de-atencoes-da-espanha-contra-possivel-ajuda-a-argentina","status":"publish","type":"post","link":"https:\/\/blogdoprosperi.com\/?p=60740","title":{"rendered":"Conhe\u00e7a \u00e1rbitro da final da Copa, centro de aten\u00e7\u00f5es da Espanha contra poss\u00edvel ajuda \u00e0 Argentina"},"content":{"rendered":"<p><em>Luiz Ant\u00f4nio Pr\u00f3speri \u2013 17 julho 2026 (14h36)<\/em><\/p>\n<p>&#8220;Se o \u00e1rbitro for firme e justo, a sele\u00e7\u00e3o espanhola tem mais chances de levar o t\u00edtulo&#8221;. A declara\u00e7\u00e3o \u00e9 de Joan Laporta, presidente do Barcelona. N\u00e3o se trata de uma desconfian\u00e7a de Laporta a respeito de poss\u00edvel ajuda da arbitragem \u00e0 Argentina. Ali\u00e1s, nas teorias da conspira\u00e7\u00e3o, a Fifa estaria protegendo Messi e Argentina nesta Copa 2026. Laporta se refere ao jogo mais agressivo dos argentinos diante de um futebol mais limpo dos espanh\u00f3is. Por isso fala em arbitragem firme.<\/p>\n<p>E quem vai apitar a final Espanha x Argentina, domingo (19\/7) no New York New Jersey Stadium?<\/p>\n<p>A Fifa escolheu Slavko Vin\u010di\u0107, &#8220;o primeiro esloveno a arbitrar uma final da Copa do Mundo.&#8221;<\/p>\n<p><em>O que diz o comunicado oficial da Fifa:<\/em><\/p>\n<p><em>O \u00e1rbitro de 46 anos, natural de Maribor, na Eslov\u00eania, foi informado de sua nomea\u00e7\u00e3o por Pierluigi Collina, Diretor de Arbitragem da FIFA e Presidente do Comit\u00ea de \u00c1rbitros da FIFA, e disse ter ficado surpreso com a not\u00edcia.<\/em><\/p>\n<p><em>\u201cPrimeiro, um choque. Depois, felicidade. Eu estava tremendo, ent\u00e3o \u00e9 uma honra incr\u00edvel apitar a final da Copa do Mundo (da FIFA)\u201d, disse ele. \u201c\u00c9 algo que\u2026 \u00e9 apenas um sonho para um \u00e1rbitro, para um jovem \u00e1rbitro quando est\u00e1 come\u00e7ando. Ent\u00e3o, estou muito orgulhoso, muito orgulhoso de mim mesmo e da minha equipe.\u201d<\/em><\/p>\n<p><em><span dir=\"auto\"> A nomea\u00e7\u00e3o torna Vin\u010di\u0107 a 23\u00aa pessoa na hist\u00f3ria a arbitrar uma final da Copa do Mundo da FIFA e a primeira da Eslov\u00eania. &#8220;Antes de mais nada, \u00e9 muito dif\u00edcil expressar tudo em palavras, mas estou muito orgulhoso de representar meu pa\u00eds, a Eslov\u00eania, no maior evento esportivo do mundo&#8221;, disse ele. &#8220;Ent\u00e3o, sim, estou muito orgulhoso. Minha equipe est\u00e1 muito orgulhosa e faremos o nosso melhor.&#8221;<\/span><\/em><\/p>\n<p><em><strong>Curr\u00edculo<\/strong><\/em><\/p>\n<p><em>Vin\u010di\u0107 \u00e9 um \u00e1rbitro experiente que j\u00e1 apitou diversos jogos importantes no futebol europeu e internacional. Ele atuou na EURO 2020 e, posteriormente, na final da \u00a0Europa League de 2022 entre Eintracht Frankfurt e Rangers FC. Dois anos depois, ele apitou a final da Liga dos Campe\u00f5es de 2024 entre Borussia Dortmund e Real Madrid e comandou jogos da Eurocopa de 2024, incluindo a semifinal entre Fran\u00e7a e Espanha. No ano passado, apitou jogos da Copa do Mundo de Clubes de 2025 nos Estados Unidos. Esta \u00e9 a segunda Copa do Mundo \u00a0do esloveno \u2013 ele apitou dois jogos durante a Copa do Mundo de 2022\u2122 no Catar.<\/em><\/p>\n<p><em>At\u00e9 o momento neste torneio, Vin\u010di\u0107 apitou os jogos<strong> Brasil x Marrocos<\/strong> e Jord\u00e2nia x Arg\u00e9lia na fase de grupos e M\u00e9xico x Equador na fase de 32 avos de final.<\/em><\/p>\n<p><strong>Pol\u00eamica<\/strong><\/p>\n<p>O \u00e1rbitro Slavko Vin\u010di\u0107 foi detido em maio de 2020 por suspeita de envolvimento com tr\u00e1fico de drogas, armas e prostitui\u00e7\u00e3o. A opera\u00e7\u00e3o policial aconteceu em Bijeljina, B\u00f3snia, relata a ESPN.<\/p>\n<p>O jornal esloveno <em>Vecer<\/em> conta como foi abordagem e o que aconteceu com Vincic:<\/p>\n<p>&#8220;No momento da abordagem, Slavko Vincic estava em uma propriedade rural acompanhado de 26 homens e nove mulheres. Ap\u00f3s condu\u00e7\u00e3o \u00e0 delegacia, o juiz prestou depoimento, n\u00e3o foi acusado formalmente e acabou inocentado ap\u00f3s as investiga\u00e7\u00f5es.<\/p>\n<p>\u201cEstava neste rancho por acaso. Tenho minha pr\u00f3pria empresa e estava na B\u00f3snia para uma reuni\u00e3o de neg\u00f3cios. Aceitei um convite para almo\u00e7ar, o que acabou sendo meu maior erro\u201d, disse Vincic ao jornal <em>Vecer.<\/em><\/p>\n<p>\u201cEstava sentado \u00e0 mesa com meus s\u00f3cios, de repente, a pol\u00edcia chegou. N\u00e3o tenho nada a ver com o grupo que foi preso. Fomos levados para a delegacia e interrogados como testemunhas. Quando se constatou que n\u00e3o os conhec\u00edamos, fomos liberados\u201d.<\/p>\n<p>Em coletiva de imprensa na \u00e9poca, autoridades locais afirmaram que apreenderam <strong>coca\u00edna, dez pistolas, medicamentos e cerca de 10 mil euros (R$ 16 mil na cota\u00e7\u00e3o da \u00e9poca).&#8221;<\/strong><\/p>\n<p>Slavko Vin\u010di\u0107 foi liberado e inocentado no caso.<\/p>\n","protected":false},"excerpt":{"rendered":"<p>Luiz Ant\u00f4nio Pr\u00f3speri \u2013 17 julho 2026 (14h36) &#8220;Se o \u00e1rbitro for firme e justo, a sele\u00e7\u00e3o espanhola [&hellip;]<\/p>\n","protected":false},"author":102107496,"featured_media":60755,"comment_status":"open","ping_status":"open","sticky":false,"template":"","format":"standard","meta":{"_coblocks_attr":"","_coblocks_dimensions":"","_coblocks_responsive_height":"","_coblocks_accordion_ie_support":"","_jetpack_newsletter_access":"","_jetpack_dont_email_post_to_subs":false,"_jetpack_newsletter_tier_id":0,"_jetpack_memberships_contains_paywalled_content":false,"_wpcom_ai_launchpad_first_post":false,"_jetpack_feature_clip_id":0,"_jetpack_memberships_contains_paid_content":false,"footnotes":"","jetpack_publicize_message":"","jetpack_publicize_feature_enabled":true,"jetpack_social_post_already_shared":true,"jetpack_social_options":{"image_generator_settings":{"template":"highway","default_image_id":0,"font":"","enabled":false},"version":2},"jetpack_post_was_ever_published":false},"categories":[36820279,780900479],"tags":[789560714,569949222,789560711,789560715,789560713],"class_list":["post-60740","post","type-post","status-publish","format-standard","has-post-thumbnail","hentry","category-copa-2026","category-mais-procuradas-do-dia","tag-arbitrodafinal","tag-copa2026","tag-espanhaxargentina","tag-pierlugi-colina","tag-slavko-vincic"],"yoast_head":"<!-- This site is optimized with the Yoast SEO plugin v28.4 - https:\/\/yoast.com\/product\/yoast-seo-wordpress\/ -->\n<title>Conhe\u00e7a \u00e1rbitro da final da Copa, centro de aten\u00e7\u00f5es da Espanha contra poss\u00edvel ajuda \u00e0 Argentina - PR\u00d3SPERI NEWS<\/title>\n<meta name=\"robots\" content=\"index, follow, max-snippet:-1, max-image-preview:large, max-video-preview:-1\" \/>\n<link rel=\"canonical\" href=\"https:\/\/blogdoprosperi.com\/?p=60740\" \/>\n<meta property=\"og:locale\" content=\"pt_BR\" \/>\n<meta property=\"og:type\" content=\"article\" \/>\n<meta property=\"og:title\" content=\"Conhe\u00e7a \u00e1rbitro da final da Copa, centro de aten\u00e7\u00f5es da Espanha contra poss\u00edvel ajuda \u00e0 Argentina - PR\u00d3SPERI NEWS\" \/>\n<meta property=\"og:description\" content=\"Luiz Ant\u00f4nio Pr\u00f3speri \u2013 17 julho 2026 (14h36) &#8220;Se o \u00e1rbitro for firme e justo, a sele\u00e7\u00e3o espanhola [&hellip;]\" \/>\n<meta property=\"og:url\" content=\"https:\/\/blogdoprosperi.com\/?p=60740\" \/>\n<meta property=\"og:site_name\" content=\"PR\u00d3SPERI NEWS\" \/>\n<meta property=\"article:publisher\" content=\"Luiz Pr\u00f3speri\" \/>\n<meta property=\"article:author\" content=\"Luiz Pr\u00f3speri\" \/>\n<meta property=\"article:published_time\" content=\"2026-07-17T17:37:24+00:00\" \/>\n<meta property=\"og:image\" content=\"https:\/\/blogdoprosperi.com\/wp-content\/uploads\/2026\/07\/Captura-de-Tela-2026-07-17-as-14.32.54-1024x647.png\" \/>\n\t<meta property=\"og:image:width\" content=\"1024\" \/>\n\t<meta property=\"og:image:height\" content=\"647\" \/>\n\t<meta property=\"og:image:type\" content=\"image\/png\" \/>\n<meta name=\"author\" content=\"Luiz Ant\u00f4nio Pr\u00f3speri\" \/>\n<meta name=\"twitter:card\" content=\"summary_large_image\" \/>\n<meta name=\"twitter:creator\" content=\"@Luizprosperi\" \/>\n<meta name=\"twitter:site\" content=\"@Luizprosperi\" \/>\n<meta name=\"twitter:label1\" content=\"Escrito por\" \/>\n\t<meta name=\"twitter:data1\" content=\"Luiz Ant\u00f4nio Pr\u00f3speri\" \/>\n\t<meta name=\"twitter:label2\" content=\"Est. tempo de leitura\" \/>\n\t<meta name=\"twitter:data2\" content=\"3 minutos\" \/>\n<script type=\"application\/ld+json\" class=\"yoast-schema-graph\">{\"@context\":\"https:\\\/\\\/schema.org\",\"@graph\":[{\"@type\":\"Article\",\"@id\":\"https:\\\/\\\/blogdoprosperi.com\\\/?p=60740#article\",\"isPartOf\":{\"@id\":\"https:\\\/\\\/blogdoprosperi.com\\\/?p=60740\"},\"author\":{\"name\":\"Luiz Ant\u00f4nio Pr\u00f3speri\",\"@id\":\"https:\\\/\\\/blogdoprosperi.com\\\/#\\\/schema\\\/person\\\/38100755ce3601861ee4fab9b5aa78e9\"},\"headline\":\"Conhe\u00e7a \u00e1rbitro da final da Copa, centro de aten\u00e7\u00f5es da Espanha contra poss\u00edvel ajuda \u00e0 Argentina\",\"datePublished\":\"2026-07-17T17:37:24+00:00\",\"mainEntityOfPage\":{\"@id\":\"https:\\\/\\\/blogdoprosperi.com\\\/?p=60740\"},\"wordCount\":673,\"commentCount\":0,\"publisher\":{\"@id\":\"https:\\\/\\\/blogdoprosperi.com\\\/#\\\/schema\\\/person\\\/38100755ce3601861ee4fab9b5aa78e9\"},\"image\":{\"@id\":\"https:\\\/\\\/blogdoprosperi.com\\\/?p=60740#primaryimage\"},\"thumbnailUrl\":\"https:\\\/\\\/i0.wp.com\\\/blogdoprosperi.com\\\/wp-content\\\/uploads\\\/2026\\\/07\\\/Captura-de-Tela-2026-07-17-as-14.32.54.png?fit=1784%2C1128&ssl=1\",\"keywords\":[\"\u00e1rbitrodafinal\",\"Copa2026\",\"espanhaxargentina\",\"pierlugi colina\",\"Slavko Vin\u010di\u0107\"],\"articleSection\":[\"copa 2026\",\"MAIS PROCURADAS DO DIA\"],\"inLanguage\":\"pt-BR\",\"potentialAction\":[{\"@type\":\"CommentAction\",\"name\":\"Comment\",\"target\":[\"https:\\\/\\\/blogdoprosperi.com\\\/?p=60740#respond\"]}]},{\"@type\":\"WebPage\",\"@id\":\"https:\\\/\\\/blogdoprosperi.com\\\/?p=60740\",\"url\":\"https:\\\/\\\/blogdoprosperi.com\\\/?p=60740\",\"name\":\"Conhe\u00e7a \u00e1rbitro da final da Copa, centro de aten\u00e7\u00f5es da Espanha contra poss\u00edvel ajuda \u00e0 Argentina - PR\u00d3SPERI NEWS\",\"isPartOf\":{\"@id\":\"https:\\\/\\\/blogdoprosperi.com\\\/#website\"},\"primaryImageOfPage\":{\"@id\":\"https:\\\/\\\/blogdoprosperi.com\\\/?p=60740#primaryimage\"},\"image\":{\"@id\":\"https:\\\/\\\/blogdoprosperi.com\\\/?p=60740#primaryimage\"},\"thumbnailUrl\":\"https:\\\/\\\/i0.wp.com\\\/blogdoprosperi.com\\\/wp-content\\\/uploads\\\/2026\\\/07\\\/Captura-de-Tela-2026-07-17-as-14.32.54.png?fit=1784%2C1128&ssl=1\",\"datePublished\":\"2026-07-17T17:37:24+00:00\",\"breadcrumb\":{\"@id\":\"https:\\\/\\\/blogdoprosperi.com\\\/?p=60740#breadcrumb\"},\"inLanguage\":\"pt-BR\",\"potentialAction\":[{\"@type\":\"ReadAction\",\"target\":[\"https:\\\/\\\/blogdoprosperi.com\\\/?p=60740\"]}]},{\"@type\":\"ImageObject\",\"inLanguage\":\"pt-BR\",\"@id\":\"https:\\\/\\\/blogdoprosperi.com\\\/?p=60740#primaryimage\",\"url\":\"https:\\\/\\\/i0.wp.com\\\/blogdoprosperi.com\\\/wp-content\\\/uploads\\\/2026\\\/07\\\/Captura-de-Tela-2026-07-17-as-14.32.54.png?fit=1784%2C1128&ssl=1\",\"contentUrl\":\"https:\\\/\\\/i0.wp.com\\\/blogdoprosperi.com\\\/wp-content\\\/uploads\\\/2026\\\/07\\\/Captura-de-Tela-2026-07-17-as-14.32.54.png?fit=1784%2C1128&ssl=1\",\"width\":1784,\"height\":1128,\"caption\":\"Slavko Vin\u010di\u0107, \u00e1rbitro da final da Copa 2026, e Colina, chefe de arbitragem da Fifa \u2013 foto: Fifa oficial\"},{\"@type\":\"BreadcrumbList\",\"@id\":\"https:\\\/\\\/blogdoprosperi.com\\\/?p=60740#breadcrumb\",\"itemListElement\":[{\"@type\":\"ListItem\",\"position\":1,\"name\":\"In\u00edcio\",\"item\":\"https:\\\/\\\/blogdoprosperi.com\\\/\"},{\"@type\":\"ListItem\",\"position\":2,\"name\":\"Conhe\u00e7a \u00e1rbitro da final da Copa, centro de aten\u00e7\u00f5es da Espanha contra poss\u00edvel ajuda \u00e0 Argentina\"}]},{\"@type\":\"WebSite\",\"@id\":\"https:\\\/\\\/blogdoprosperi.com\\\/#website\",\"url\":\"https:\\\/\\\/blogdoprosperi.com\\\/\",\"name\":\"PR\u00d3SPERI NEWS\",\"description\":\"TUDO \u00c9  FUTEBOL\",\"publisher\":{\"@id\":\"https:\\\/\\\/blogdoprosperi.com\\\/#\\\/schema\\\/person\\\/38100755ce3601861ee4fab9b5aa78e9\"},\"alternateName\":\"blogdoprosperi.com\",\"potentialAction\":[{\"@type\":\"SearchAction\",\"target\":{\"@type\":\"EntryPoint\",\"urlTemplate\":\"https:\\\/\\\/blogdoprosperi.com\\\/?s={search_term_string}\"},\"query-input\":{\"@type\":\"PropertyValueSpecification\",\"valueRequired\":true,\"valueName\":\"search_term_string\"}}],\"inLanguage\":\"pt-BR\"},{\"@type\":[\"Person\",\"Organization\"],\"@id\":\"https:\\\/\\\/blogdoprosperi.com\\\/#\\\/schema\\\/person\\\/38100755ce3601861ee4fab9b5aa78e9\",\"name\":\"Luiz Ant\u00f4nio Pr\u00f3speri\",\"pronouns\":\"ele\",\"image\":{\"@type\":\"ImageObject\",\"inLanguage\":\"pt-BR\",\"@id\":\"https:\\\/\\\/i0.wp.com\\\/blogdoprosperi.com\\\/wp-content\\\/uploads\\\/2026\\\/05\\\/cropped-8059e613-6002-42fa-961e-8e275f575d71-2-5.jpg?fit=1360%2C931&ssl=1\",\"url\":\"https:\\\/\\\/i0.wp.com\\\/blogdoprosperi.com\\\/wp-content\\\/uploads\\\/2026\\\/05\\\/cropped-8059e613-6002-42fa-961e-8e275f575d71-2-5.jpg?fit=1360%2C931&ssl=1\",\"contentUrl\":\"https:\\\/\\\/i0.wp.com\\\/blogdoprosperi.com\\\/wp-content\\\/uploads\\\/2026\\\/05\\\/cropped-8059e613-6002-42fa-961e-8e275f575d71-2-5.jpg?fit=1360%2C931&ssl=1\",\"width\":1360,\"height\":931,\"caption\":\"Luiz Ant\u00f4nio Pr\u00f3speri\"},\"logo\":{\"@id\":\"https:\\\/\\\/i0.wp.com\\\/blogdoprosperi.com\\\/wp-content\\\/uploads\\\/2026\\\/05\\\/cropped-8059e613-6002-42fa-961e-8e275f575d71-2-5.jpg?fit=1360%2C931&ssl=1\"},\"description\":\"Jornalista com carreira dedicada ao esporte. Cobriu 9 Copas do Mundo in loco, 1990 na It\u00e1lia, 1994 nos EUA, 1998 na Fran\u00e7a, 2002 na Coreia do Sul e Jap\u00e3o, 2006 na Alemanha, 2010 na \u00c1frica do Sul, 2014 no Brasil, 2018 na R\u00fassia e 2022 no Qatar. Eurocopas, 1992 na Su\u00e9cia e 1996 na Inglaterra. Copa das Confedera\u00e7\u00f5es de 2005 na Alemanha e 2009 na \u00c1frica do Sul. Rep\u00f3rter e Editor, trabalhou no Jornal da Tarde e Estad\u00e3o, de 1984 a fevereiro de 2016. Colunista, blogueiro. E comentarista de futebol na R\u00e1dio Estad\u00e3o, de 2013 a fevereiro de 2016. Jornalista respons\u00e1vel do \\\"Pr\u00f3speri News\\\" (blogdoprosperi.com).\",\"sameAs\":[\"http:\\\/\\\/blogdoprosperi.com\",\"Luiz Pr\u00f3speri\",\"@luiz_prosperi\",\"https:\\\/\\\/x.com\\\/Luizprosperi\",\"@prosperinacopa\",\"luiz.prosperi@icloud.com\"],\"url\":\"https:\\\/\\\/blogdoprosperi.com\\\/?author=102107496\"}]}<\/script>\n<!-- \/ Yoast SEO plugin. -->","yoast_head_json":{"title":"Conhe\u00e7a \u00e1rbitro da final da Copa, centro de aten\u00e7\u00f5es da Espanha contra poss\u00edvel ajuda \u00e0 Argentina - PR\u00d3SPERI NEWS","robots":{"index":"index","follow":"follow","max-snippet":"max-snippet:-1","max-image-preview":"max-image-preview:large","max-video-preview":"max-video-preview:-1"},"canonical":"https:\/\/blogdoprosperi.com\/?p=60740","og_locale":"pt_BR","og_type":"article","og_title":"Conhe\u00e7a \u00e1rbitro da final da Copa, centro de aten\u00e7\u00f5es da Espanha contra poss\u00edvel ajuda \u00e0 Argentina - PR\u00d3SPERI NEWS","og_description":"Luiz Ant\u00f4nio Pr\u00f3speri \u2013 17 julho 2026 (14h36) &#8220;Se o \u00e1rbitro for firme e justo, a sele\u00e7\u00e3o espanhola [&hellip;]","og_url":"https:\/\/blogdoprosperi.com\/?p=60740","og_site_name":"PR\u00d3SPERI NEWS","article_publisher":"Luiz Pr\u00f3speri","article_author":"Luiz Pr\u00f3speri","article_published_time":"2026-07-17T17:37:24+00:00","og_image":[{"width":1024,"height":647,"url":"https:\/\/blogdoprosperi.com\/wp-content\/uploads\/2026\/07\/Captura-de-Tela-2026-07-17-as-14.32.54-1024x647.png","type":"image\/png"}],"author":"Luiz Ant\u00f4nio Pr\u00f3speri","twitter_card":"summary_large_image","twitter_creator":"@Luizprosperi","twitter_site":"@Luizprosperi","twitter_misc":{"Escrito por":"Luiz Ant\u00f4nio Pr\u00f3speri","Est. tempo de leitura":"3 minutos"},"schema":{"@context":"https:\/\/schema.org","@graph":[{"@type":"Article","@id":"https:\/\/blogdoprosperi.com\/?p=60740#article","isPartOf":{"@id":"https:\/\/blogdoprosperi.com\/?p=60740"},"author":{"name":"Luiz Ant\u00f4nio Pr\u00f3speri","@id":"https:\/\/blogdoprosperi.com\/#\/schema\/person\/38100755ce3601861ee4fab9b5aa78e9"},"headline":"Conhe\u00e7a \u00e1rbitro da final da Copa, centro de aten\u00e7\u00f5es da Espanha contra poss\u00edvel ajuda \u00e0 Argentina","datePublished":"2026-07-17T17:37:24+00:00","mainEntityOfPage":{"@id":"https:\/\/blogdoprosperi.com\/?p=60740"},"wordCount":673,"commentCount":0,"publisher":{"@id":"https:\/\/blogdoprosperi.com\/#\/schema\/person\/38100755ce3601861ee4fab9b5aa78e9"},"image":{"@id":"https:\/\/blogdoprosperi.com\/?p=60740#primaryimage"},"thumbnailUrl":"https:\/\/i0.wp.com\/blogdoprosperi.com\/wp-content\/uploads\/2026\/07\/Captura-de-Tela-2026-07-17-as-14.32.54.png?fit=1784%2C1128&ssl=1","keywords":["\u00e1rbitrodafinal","Copa2026","espanhaxargentina","pierlugi colina","Slavko Vin\u010di\u0107"],"articleSection":["copa 2026","MAIS PROCURADAS DO DIA"],"inLanguage":"pt-BR","potentialAction":[{"@type":"CommentAction","name":"Comment","target":["https:\/\/blogdoprosperi.com\/?p=60740#respond"]}]},{"@type":"WebPage","@id":"https:\/\/blogdoprosperi.com\/?p=60740","url":"https:\/\/blogdoprosperi.com\/?p=60740","name":"Conhe\u00e7a \u00e1rbitro da final da Copa, centro de aten\u00e7\u00f5es da Espanha contra poss\u00edvel ajuda \u00e0 Argentina - PR\u00d3SPERI NEWS","isPartOf":{"@id":"https:\/\/blogdoprosperi.com\/#website"},"primaryImageOfPage":{"@id":"https:\/\/blogdoprosperi.com\/?p=60740#primaryimage"},"image":{"@id":"https:\/\/blogdoprosperi.com\/?p=60740#primaryimage"},"thumbnailUrl":"https:\/\/i0.wp.com\/blogdoprosperi.com\/wp-content\/uploads\/2026\/07\/Captura-de-Tela-2026-07-17-as-14.32.54.png?fit=1784%2C1128&ssl=1","datePublished":"2026-07-17T17:37:24+00:00","breadcrumb":{"@id":"https:\/\/blogdoprosperi.com\/?p=60740#breadcrumb"},"inLanguage":"pt-BR","potentialAction":[{"@type":"ReadAction","target":["https:\/\/blogdoprosperi.com\/?p=60740"]}]},{"@type":"ImageObject","inLanguage":"pt-BR","@id":"https:\/\/blogdoprosperi.com\/?p=60740#primaryimage","url":"https:\/\/i0.wp.com\/blogdoprosperi.com\/wp-content\/uploads\/2026\/07\/Captura-de-Tela-2026-07-17-as-14.32.54.png?fit=1784%2C1128&ssl=1","contentUrl":"https:\/\/i0.wp.com\/blogdoprosperi.com\/wp-content\/uploads\/2026\/07\/Captura-de-Tela-2026-07-17-as-14.32.54.png?fit=1784%2C1128&ssl=1","width":1784,"height":1128,"caption":"Slavko Vin\u010di\u0107, \u00e1rbitro da final da Copa 2026, e Colina, chefe de arbitragem da Fifa \u2013 foto: Fifa oficial"},{"@type":"BreadcrumbList","@id":"https:\/\/blogdoprosperi.com\/?p=60740#breadcrumb","itemListElement":[{"@type":"ListItem","position":1,"name":"In\u00edcio","item":"https:\/\/blogdoprosperi.com\/"},{"@type":"ListItem","position":2,"name":"Conhe\u00e7a \u00e1rbitro da final da Copa, centro de aten\u00e7\u00f5es da Espanha contra poss\u00edvel ajuda \u00e0 Argentina"}]},{"@type":"WebSite","@id":"https:\/\/blogdoprosperi.com\/#website","url":"https:\/\/blogdoprosperi.com\/","name":"PR\u00d3SPERI NEWS","description":"TUDO \u00c9  FUTEBOL","publisher":{"@id":"https:\/\/blogdoprosperi.com\/#\/schema\/person\/38100755ce3601861ee4fab9b5aa78e9"},"alternateName":"blogdoprosperi.com","potentialAction":[{"@type":"SearchAction","target":{"@type":"EntryPoint","urlTemplate":"https:\/\/blogdoprosperi.com\/?s={search_term_string}"},"query-input":{"@type":"PropertyValueSpecification","valueRequired":true,"valueName":"search_term_string"}}],"inLanguage":"pt-BR"},{"@type":["Person","Organization"],"@id":"https:\/\/blogdoprosperi.com\/#\/schema\/person\/38100755ce3601861ee4fab9b5aa78e9","name":"Luiz Ant\u00f4nio Pr\u00f3speri","pronouns":"ele","image":{"@type":"ImageObject","inLanguage":"pt-BR","@id":"https:\/\/i0.wp.com\/blogdoprosperi.com\/wp-content\/uploads\/2026\/05\/cropped-8059e613-6002-42fa-961e-8e275f575d71-2-5.jpg?fit=1360%2C931&ssl=1","url":"https:\/\/i0.wp.com\/blogdoprosperi.com\/wp-content\/uploads\/2026\/05\/cropped-8059e613-6002-42fa-961e-8e275f575d71-2-5.jpg?fit=1360%2C931&ssl=1","contentUrl":"https:\/\/i0.wp.com\/blogdoprosperi.com\/wp-content\/uploads\/2026\/05\/cropped-8059e613-6002-42fa-961e-8e275f575d71-2-5.jpg?fit=1360%2C931&ssl=1","width":1360,"height":931,"caption":"Luiz Ant\u00f4nio Pr\u00f3speri"},"logo":{"@id":"https:\/\/i0.wp.com\/blogdoprosperi.com\/wp-content\/uploads\/2026\/05\/cropped-8059e613-6002-42fa-961e-8e275f575d71-2-5.jpg?fit=1360%2C931&ssl=1"},"description":"Jornalista com carreira dedicada ao esporte. Cobriu 9 Copas do Mundo in loco, 1990 na It\u00e1lia, 1994 nos EUA, 1998 na Fran\u00e7a, 2002 na Coreia do Sul e Jap\u00e3o, 2006 na Alemanha, 2010 na \u00c1frica do Sul, 2014 no Brasil, 2018 na R\u00fassia e 2022 no Qatar. Eurocopas, 1992 na Su\u00e9cia e 1996 na Inglaterra. Copa das Confedera\u00e7\u00f5es de 2005 na Alemanha e 2009 na \u00c1frica do Sul. Rep\u00f3rter e Editor, trabalhou no Jornal da Tarde e Estad\u00e3o, de 1984 a fevereiro de 2016. Colunista, blogueiro. E comentarista de futebol na R\u00e1dio Estad\u00e3o, de 2013 a fevereiro de 2016. Jornalista respons\u00e1vel do \"Pr\u00f3speri News\" (blogdoprosperi.com).","sameAs":["http:\/\/blogdoprosperi.com","Luiz Pr\u00f3speri","@luiz_prosperi","https:\/\/x.com\/Luizprosperi","@prosperinacopa","luiz.prosperi@icloud.com"],"url":"https:\/\/blogdoprosperi.com\/?author=102107496"}]}},"jetpack_publicize_connections":[],"jetpack_likes_enabled":false,"jetpack_sharing_enabled":true,"jetpack_shortlink":"https:\/\/wp.me\/p7jvdk-fNG","jetpack-related-posts":[{"id":60776,"url":"https:\/\/blogdoprosperi.com\/?p=60776","url_meta":{"origin":60740,"position":0},"title":"Corre\u00e7\u00f5es do VAR, erros de IA e indigna\u00e7\u00e3o constante: a Copa do Mundo na era das conspira\u00e7\u00f5es","author":"Luiz Ant\u00f4nio Pr\u00f3speri","date":"18 de julho de 2026","format":false,"excerpt":"Quando o Brasil foi esfarelado pela Fran\u00e7a na final da Copa do Mundo de 1998 em Paris, a internet ainda n\u00e3o era t\u00e3o devastadora como agora em 2026. Mas j\u00e1 tinha um alcance inestim\u00e1vel, o suficiente para espalhar aos quatro cantos que a Nike, patrocinadora da Sele\u00e7\u00e3o Brasileira, havia vendido\u2026","rel":"","context":"Em &quot;copa 2026&quot;","block_context":{"text":"copa 2026","link":"https:\/\/blogdoprosperi.com\/?cat=36820279"},"img":{"alt_text":"","src":"https:\/\/i0.wp.com\/blogdoprosperi.com\/wp-content\/uploads\/2026\/07\/Captura-de-Tela-2026-07-18-as-11.05.26.png?fit=824%2C460&ssl=1&resize=350%2C200","width":350,"height":200,"srcset":"https:\/\/i0.wp.com\/blogdoprosperi.com\/wp-content\/uploads\/2026\/07\/Captura-de-Tela-2026-07-18-as-11.05.26.png?fit=824%2C460&ssl=1&resize=350%2C200 1x, https:\/\/i0.wp.com\/blogdoprosperi.com\/wp-content\/uploads\/2026\/07\/Captura-de-Tela-2026-07-18-as-11.05.26.png?fit=824%2C460&ssl=1&resize=525%2C300 1.5x, https:\/\/i0.wp.com\/blogdoprosperi.com\/wp-content\/uploads\/2026\/07\/Captura-de-Tela-2026-07-18-as-11.05.26.png?fit=824%2C460&ssl=1&resize=700%2C400 2x"},"classes":[]},{"id":60869,"url":"https:\/\/blogdoprosperi.com\/?p=60869","url_meta":{"origin":60740,"position":1},"title":"Espanha vence Argentina, levanta a ta\u00e7a da Copa do Mundo e abre novo caminho ao futebol","author":"Luiz Ant\u00f4nio Pr\u00f3speri","date":"19 de julho de 2026","format":false,"excerpt":"Luiz Ant\u00f4nio Pr\u00f3speri \u2013 19 julho 2026 (19h31) \u2013 Espanha vence Argentina por 1 a 0 na prorroga\u00e7\u00e3o, ap\u00f3s empate sem gols no tempo regulamentar, e levanta a ta\u00e7a de campe\u00e3 da Copa do Mundo 2026. Segundo t\u00edtulo de sua hist\u00f3ria contando a conquista de 2010. Uma vit\u00f3ria completa. Um\u2026","rel":"","context":"Em &quot;copa 2026&quot;","block_context":{"text":"copa 2026","link":"https:\/\/blogdoprosperi.com\/?cat=36820279"},"img":{"alt_text":"","src":"https:\/\/i0.wp.com\/blogdoprosperi.com\/wp-content\/uploads\/2026\/07\/Captura-de-Tela-2026-07-19-as-20.40.53.png?fit=1200%2C815&ssl=1&resize=350%2C200","width":350,"height":200,"srcset":"https:\/\/i0.wp.com\/blogdoprosperi.com\/wp-content\/uploads\/2026\/07\/Captura-de-Tela-2026-07-19-as-20.40.53.png?fit=1200%2C815&ssl=1&resize=350%2C200 1x, https:\/\/i0.wp.com\/blogdoprosperi.com\/wp-content\/uploads\/2026\/07\/Captura-de-Tela-2026-07-19-as-20.40.53.png?fit=1200%2C815&ssl=1&resize=525%2C300 1.5x, https:\/\/i0.wp.com\/blogdoprosperi.com\/wp-content\/uploads\/2026\/07\/Captura-de-Tela-2026-07-19-as-20.40.53.png?fit=1200%2C815&ssl=1&resize=700%2C400 2x, https:\/\/i0.wp.com\/blogdoprosperi.com\/wp-content\/uploads\/2026\/07\/Captura-de-Tela-2026-07-19-as-20.40.53.png?fit=1200%2C815&ssl=1&resize=1050%2C600 3x"},"classes":[]},{"id":44546,"url":"https:\/\/blogdoprosperi.com\/?p=44546","url_meta":{"origin":60740,"position":2},"title":"Palmeiras, Flamengo e Botafogo cobram CBF por \u00c1rbitro gordo, Arbitragem na UTI e VAR assustador","author":"Luiz Ant\u00f4nio Pr\u00f3speri","date":"8 de agosto de 2024","format":false,"excerpt":"Luiz Antonio Pr\u00f3speri \u2013 8 agosto (16h30) Palmeiras, Flamengo e Botafogo esquecem futebol e batem pesado na arbitragem da CBF ap\u00f3s rodada da Copa do Brasil. CBF n\u00e3o responde. Aguarda protesto oficial dos clubes. Nada de novo futebol brasileiro. \"Arbitragem na UTI\" (Botafogo). \"Obscena foi a arbitragem\" \u00a0(Palmeiras). \"N\u00e3o sabemos\u2026","rel":"","context":"Em &quot;informa\u00e7\u00e3o&quot;","block_context":{"text":"informa\u00e7\u00e3o","link":"https:\/\/blogdoprosperi.com\/?cat=20384"},"img":{"alt_text":"Arbitragem questionada na Copa do Brasil","src":"https:\/\/i0.wp.com\/blogdoprosperi.com\/wp-content\/uploads\/2024\/08\/53909469583_17d2461935_h.jpg?fit=1200%2C675&ssl=1&resize=350%2C200","width":350,"height":200,"srcset":"https:\/\/i0.wp.com\/blogdoprosperi.com\/wp-content\/uploads\/2024\/08\/53909469583_17d2461935_h.jpg?fit=1200%2C675&ssl=1&resize=350%2C200 1x, https:\/\/i0.wp.com\/blogdoprosperi.com\/wp-content\/uploads\/2024\/08\/53909469583_17d2461935_h.jpg?fit=1200%2C675&ssl=1&resize=525%2C300 1.5x, https:\/\/i0.wp.com\/blogdoprosperi.com\/wp-content\/uploads\/2024\/08\/53909469583_17d2461935_h.jpg?fit=1200%2C675&ssl=1&resize=700%2C400 2x, https:\/\/i0.wp.com\/blogdoprosperi.com\/wp-content\/uploads\/2024\/08\/53909469583_17d2461935_h.jpg?fit=1200%2C675&ssl=1&resize=1050%2C600 3x"},"classes":[]},{"id":60833,"url":"https:\/\/blogdoprosperi.com\/?p=60833","url_meta":{"origin":60740,"position":3},"title":"Final da Copa 2026: Argentina joga para coroar Messi, Espanha para mudar o futebol","author":"Luiz Ant\u00f4nio Pr\u00f3speri","date":"19 de julho de 2026","format":false,"excerpt":"Luiz Ant\u00f4nio Pr\u00f3speri \u2013 19 julho 2026 (10h55) Espanha e Argentina jogam a final da Copa do Mundo 2026 neste domingo (19\/7), \u00e0s 16h (hor\u00e1rio de Bras\u00edlia), no est\u00e1dio MetLife. Os argentinos querem o bi consecutivo, o tetra na soma de t\u00edtulos, e coroar Lionel Messi no novo Rei do\u2026","rel":"","context":"Em &quot;copa 2026&quot;","block_context":{"text":"copa 2026","link":"https:\/\/blogdoprosperi.com\/?cat=36820279"},"img":{"alt_text":"","src":"https:\/\/i0.wp.com\/blogdoprosperi.com\/wp-content\/uploads\/2026\/07\/Captura-de-Tela-2026-07-19-as-11.10.00.png?fit=968%2C840&ssl=1&resize=350%2C200","width":350,"height":200,"srcset":"https:\/\/i0.wp.com\/blogdoprosperi.com\/wp-content\/uploads\/2026\/07\/Captura-de-Tela-2026-07-19-as-11.10.00.png?fit=968%2C840&ssl=1&resize=350%2C200 1x, https:\/\/i0.wp.com\/blogdoprosperi.com\/wp-content\/uploads\/2026\/07\/Captura-de-Tela-2026-07-19-as-11.10.00.png?fit=968%2C840&ssl=1&resize=525%2C300 1.5x, https:\/\/i0.wp.com\/blogdoprosperi.com\/wp-content\/uploads\/2026\/07\/Captura-de-Tela-2026-07-19-as-11.10.00.png?fit=968%2C840&ssl=1&resize=700%2C400 2x"},"classes":[]},{"id":13357,"url":"https:\/\/blogdoprosperi.com\/?p=13357","url_meta":{"origin":60740,"position":4},"title":"A terceira &#8216;morte&#8217; de Lionel Messi","author":"Luiz Ant\u00f4nio Pr\u00f3speri","date":"27 de junho de 2016","format":false,"excerpt":"\"Acabou para mim\". Craque anuncia sua retirada da sele\u00e7\u00e3o argentina ap\u00f3s a derrota para o Chile na decis\u00e3o da Copa Am\u00e9rica Centen\u00e1rio \u00a0 Messi disse que a Sele\u00e7\u00e3o Argentina acabou para ele. O melhor do mundo, eleito cinco vezes pela Fifa, anunciou sua retirada logo ap\u00f3s a derrota nos EUA.\u2026","rel":"","context":"Em &quot;futebol&quot;","block_context":{"text":"futebol","link":"https:\/\/blogdoprosperi.com\/?cat=53870"},"img":{"alt_text":"","src":"https:\/\/i0.wp.com\/blogdoprosperi.com\/wp-content\/uploads\/2016\/06\/636011991073205710-usp-soccer-2016-copa-america-centenario-argentina-82529286.jpg?resize=350%2C200&ssl=1","width":350,"height":200,"srcset":"https:\/\/i0.wp.com\/blogdoprosperi.com\/wp-content\/uploads\/2016\/06\/636011991073205710-usp-soccer-2016-copa-america-centenario-argentina-82529286.jpg?resize=350%2C200&ssl=1 1x, https:\/\/i0.wp.com\/blogdoprosperi.com\/wp-content\/uploads\/2016\/06\/636011991073205710-usp-soccer-2016-copa-america-centenario-argentina-82529286.jpg?resize=525%2C300&ssl=1 1.5x"},"classes":[]},{"id":37617,"url":"https:\/\/blogdoprosperi.com\/?p=37617","url_meta":{"origin":60740,"position":5},"title":"CBF: Rogerio Caboclo assume presid\u00eancia e prepara mudan\u00e7as radicais no futebol brasileiro","author":"Luiz Ant\u00f4nio Pr\u00f3speri","date":"9 de abril de 2019","format":false,"excerpt":"CBF ter\u00e1 um novo comando a partir desta ter\u00e7a-feira (09\/4) com a posse de Rogerio Langanke Caboclo, 46 anos, na presid\u00eancia da entidade para um mandato de 2019 a 2023. Eleito em abril de 2018, beneficiado por mudan\u00e7as no estatuto da CBF conferindo \u00e0s federa\u00e7\u00f5es estaduais mais peso nos votos\u2026","rel":"","context":"Em &quot;futebol&quot;","block_context":{"text":"futebol","link":"https:\/\/blogdoprosperi.com\/?cat=53870"},"img":{"alt_text":"","src":"https:\/\/i0.wp.com\/blogdoprosperi.com\/wp-content\/uploads\/2019\/04\/x40812655734_59086c7d8f_o.jpg.pagespeed.ic_.ufbyn_v5ac.jpg?fit=1086%2C652&ssl=1&resize=350%2C200","width":350,"height":200,"srcset":"https:\/\/i0.wp.com\/blogdoprosperi.com\/wp-content\/uploads\/2019\/04\/x40812655734_59086c7d8f_o.jpg.pagespeed.ic_.ufbyn_v5ac.jpg?fit=1086%2C652&ssl=1&resize=350%2C200 1x, https:\/\/i0.wp.com\/blogdoprosperi.com\/wp-content\/uploads\/2019\/04\/x40812655734_59086c7d8f_o.jpg.pagespeed.ic_.ufbyn_v5ac.jpg?fit=1086%2C652&ssl=1&resize=525%2C300 1.5x, https:\/\/i0.wp.com\/blogdoprosperi.com\/wp-content\/uploads\/2019\/04\/x40812655734_59086c7d8f_o.jpg.pagespeed.ic_.ufbyn_v5ac.jpg?fit=1086%2C652&ssl=1&resize=700%2C400 2x, https:\/\/i0.wp.com\/blogdoprosperi.com\/wp-content\/uploads\/2019\/04\/x40812655734_59086c7d8f_o.jpg.pagespeed.ic_.ufbyn_v5ac.jpg?fit=1086%2C652&ssl=1&resize=1050%2C600 3x"},"classes":[]}],"jetpack_featured_media_url":"https:\/\/i0.wp.com\/blogdoprosperi.com\/wp-content\/uploads\/2026\/07\/Captura-de-Tela-2026-07-17-as-14.32.54.png?fit=1784%2C1128&ssl=1","_links":{"self":[{"href":"https:\/\/blogdoprosperi.com\/index.php?rest_route=\/wp\/v2\/posts\/60740","targetHints":{"allow":["GET"]}}],"collection":[{"href":"https:\/\/blogdoprosperi.com\/index.php?rest_route=\/wp\/v2\/posts"}],"about":[{"href":"https:\/\/blogdoprosperi.com\/index.php?rest_route=\/wp\/v2\/types\/post"}],"author":[{"embeddable":true,"href":"https:\/\/blogdoprosperi.com\/index.php?rest_route=\/wp\/v2\/users\/102107496"}],"replies":[{"embeddable":true,"href":"https:\/\/blogdoprosperi.com\/index.php?rest_route=%2Fwp%2Fv2%2Fcomments&post=60740"}],"version-history":[{"count":9,"href":"https:\/\/blogdoprosperi.com\/index.php?rest_route=\/wp\/v2\/posts\/60740\/revisions"}],"predecessor-version":[{"id":60757,"href":"https:\/\/blogdoprosperi.com\/index.php?rest_route=\/wp\/v2\/posts\/60740\/revisions\/60757"}],"wp:featuredmedia":[{"embeddable":true,"href":"https:\/\/blogdoprosperi.com\/index.php?rest_route=\/wp\/v2\/media\/60755"}],"wp:attachment":[{"href":"https:\/\/blogdoprosperi.com\/index.php?rest_route=%2Fwp%2Fv2%2Fmedia&parent=60740"}],"wp:term":[{"taxonomy":"category","embeddable":true,"href":"https:\/\/blogdoprosperi.com\/index.php?rest_route=%2Fwp%2Fv2%2Fcategories&post=60740"},{"taxonomy":"post_tag","embeddable":true,"href":"https:\/\/blogdoprosperi.com\/index.php?rest_route=%2Fwp%2Fv2%2Ftags&post=60740"}],"curies":[{"name":"wp","href":"https:\/\/api.w.org\/{rel}","templated":true}]}}