{"id":6094,"date":"2016-05-18T17:00:00","date_gmt":"2016-05-18T17:00:00","guid":{"rendered":"http:\/\/blogdoprosperi.com\/?p=6094"},"modified":"2016-05-18T17:04:04","modified_gmt":"2016-05-18T17:04:04","slug":"futebol-brasileiro-aos-pes-de-argentinos-na-libertadores","status":"publish","type":"post","link":"https:\/\/blogdoprosperi.com\/?p=6094","title":{"rendered":"Futebol brasileiro aos p\u00e9s de argentinos na Libertadores"},"content":{"rendered":"<p><span class=\"alignnone\"><img data-recalc-dims=\"1\" loading=\"lazy\" decoding=\"async\" data-attachment-id=\"6149\" data-permalink=\"https:\/\/blogdoprosperi.com\/?attachment_id=6149\" data-orig-file=\"https:\/\/i0.wp.com\/blogdoprosperi.com\/wp-content\/uploads\/2016\/05\/unknown7.jpeg?fit=297%2C170&amp;ssl=1\" data-orig-size=\"297,170\" data-comments-opened=\"1\" data-image-meta=\"{&quot;aperture&quot;:&quot;0&quot;,&quot;credit&quot;:&quot;&quot;,&quot;camera&quot;:&quot;&quot;,&quot;caption&quot;:&quot;&quot;,&quot;created_timestamp&quot;:&quot;0&quot;,&quot;copyright&quot;:&quot;&quot;,&quot;focal_length&quot;:&quot;0&quot;,&quot;iso&quot;:&quot;0&quot;,&quot;shutter_speed&quot;:&quot;0&quot;,&quot;title&quot;:&quot;&quot;,&quot;orientation&quot;:&quot;0&quot;}\" data-image-title=\"Unknown\" data-image-description=\"\" data-image-caption=\"\" data-large-file=\"https:\/\/i0.wp.com\/blogdoprosperi.com\/wp-content\/uploads\/2016\/05\/unknown7.jpeg?fit=297%2C170&amp;ssl=1\" class=\"alignnone  wp-image-6149\" src=\"https:\/\/i0.wp.com\/blogdoprosperi.com\/wp-content\/uploads\/2016\/05\/unknown7.jpeg?resize=304%2C174&#038;ssl=1\" alt=\"Unknown\" width=\"304\" height=\"174\" \/><img data-recalc-dims=\"1\" loading=\"lazy\" decoding=\"async\" data-attachment-id=\"6150\" data-permalink=\"https:\/\/blogdoprosperi.com\/?attachment_id=6150\" data-orig-file=\"https:\/\/i0.wp.com\/blogdoprosperi.com\/wp-content\/uploads\/2016\/05\/images-32.jpeg?fit=280%2C180&amp;ssl=1\" data-orig-size=\"280,180\" data-comments-opened=\"1\" data-image-meta=\"{&quot;aperture&quot;:&quot;0&quot;,&quot;credit&quot;:&quot;&quot;,&quot;camera&quot;:&quot;&quot;,&quot;caption&quot;:&quot;&quot;,&quot;created_timestamp&quot;:&quot;0&quot;,&quot;copyright&quot;:&quot;&quot;,&quot;focal_length&quot;:&quot;0&quot;,&quot;iso&quot;:&quot;0&quot;,&quot;shutter_speed&quot;:&quot;0&quot;,&quot;title&quot;:&quot;&quot;,&quot;orientation&quot;:&quot;0&quot;}\" data-image-title=\"images-3\" data-image-description=\"\" data-image-caption=\"\" data-large-file=\"https:\/\/i0.wp.com\/blogdoprosperi.com\/wp-content\/uploads\/2016\/05\/images-32.jpeg?fit=280%2C180&amp;ssl=1\" class=\"alignnone  wp-image-6150\" src=\"https:\/\/i0.wp.com\/blogdoprosperi.com\/wp-content\/uploads\/2016\/05\/images-32.jpeg?resize=271%2C174&#038;ssl=1\" alt=\"images-3\" width=\"271\" height=\"174\" \/><\/span><\/p>\n<p>Lucas Pratto e Calleri, argentinos, s\u00e3o apontados como refer\u00eancia de Atl\u00e9tico-MG e <a href=\"http:\/\/blogdoprosperi.com\/2016\/05\/05\/bazuca-encaixa-o-sao-paulo-na-copa-libertadores-2016\/\">S\u00e3o Paulo<\/a> na decis\u00e3o desta quarta-feira, valendo vaga na semifinal da Copa Libertadores. No banco, comandando os dois times, est\u00e3o o uruguaio Diego Aguirre e Edgardo Bauza, da Argentina. O \u00e1rbitro \u00e9 Andres Cunha, do Uruguai.<\/p>\n<p>\u00c9 um sinal de que algo de estranho acontece no futebol brasileiro. No jogo mais importante do primeiro semestre, quando apenas um clube do Brasil vai avan\u00e7ar na <a href=\"http:\/\/blogdoprosperi.com\/2016\/05\/04\/argentinos-nao-tem-medo-de-punicao-na-libertadores\/\">Libertadores<\/a>, os protagonistas s\u00e3o estrangeiros. At\u00e9 mesmo o juiz vem de fora para apitar uma partida envolvendo dois times do mesmo pa\u00eds. Preocupante.<\/p>\n<p>A\u00ed vamos falar de bola rolando. Sinceramente n\u00e3o se pode esperar um futebol de primeira linha, sem aquele show de botinadas do jogo no Morumbi (<a href=\"http:\/\/blogdoprosperi.com\/2016\/05\/12\/sao-paulo-reverte-favoritismo-e-atletico-questiona-arbitragem\/\">S\u00e3o Paulo 1 x 0 Atl\u00e9tico)<\/a> na semana passada, quando temos dois treinadores que n\u00e3o se importam muito em atacar.<\/p>\n<p><span class=\"alignnone\"><img data-recalc-dims=\"1\" loading=\"lazy\" decoding=\"async\" data-attachment-id=\"6172\" data-permalink=\"https:\/\/blogdoprosperi.com\/?attachment_id=6172\" data-orig-file=\"https:\/\/i0.wp.com\/blogdoprosperi.com\/wp-content\/uploads\/2016\/05\/images-52.jpeg?fit=290%2C174&amp;ssl=1\" data-orig-size=\"290,174\" data-comments-opened=\"1\" data-image-meta=\"{&quot;aperture&quot;:&quot;0&quot;,&quot;credit&quot;:&quot;&quot;,&quot;camera&quot;:&quot;&quot;,&quot;caption&quot;:&quot;&quot;,&quot;created_timestamp&quot;:&quot;0&quot;,&quot;copyright&quot;:&quot;&quot;,&quot;focal_length&quot;:&quot;0&quot;,&quot;iso&quot;:&quot;0&quot;,&quot;shutter_speed&quot;:&quot;0&quot;,&quot;title&quot;:&quot;&quot;,&quot;orientation&quot;:&quot;0&quot;}\" data-image-title=\"images-5\" data-image-description=\"\" data-image-caption=\"\" data-large-file=\"https:\/\/i0.wp.com\/blogdoprosperi.com\/wp-content\/uploads\/2016\/05\/images-52.jpeg?fit=290%2C174&amp;ssl=1\" class=\"alignnone  wp-image-6172\" src=\"https:\/\/i0.wp.com\/blogdoprosperi.com\/wp-content\/uploads\/2016\/05\/images-52.jpeg?resize=320%2C192&#038;ssl=1\" alt=\"images-5\" width=\"320\" height=\"192\" \/><img data-recalc-dims=\"1\" loading=\"lazy\" decoding=\"async\" data-attachment-id=\"6173\" data-permalink=\"https:\/\/blogdoprosperi.com\/?attachment_id=6173\" data-orig-file=\"https:\/\/i0.wp.com\/blogdoprosperi.com\/wp-content\/uploads\/2016\/05\/images-41.jpeg?fit=259%2C194&amp;ssl=1\" data-orig-size=\"259,194\" data-comments-opened=\"1\" data-image-meta=\"{&quot;aperture&quot;:&quot;0&quot;,&quot;credit&quot;:&quot;&quot;,&quot;camera&quot;:&quot;&quot;,&quot;caption&quot;:&quot;&quot;,&quot;created_timestamp&quot;:&quot;0&quot;,&quot;copyright&quot;:&quot;&quot;,&quot;focal_length&quot;:&quot;0&quot;,&quot;iso&quot;:&quot;0&quot;,&quot;shutter_speed&quot;:&quot;0&quot;,&quot;title&quot;:&quot;&quot;,&quot;orientation&quot;:&quot;0&quot;}\" data-image-title=\"images-4\" data-image-description=\"\" data-image-caption=\"\" data-large-file=\"https:\/\/i0.wp.com\/blogdoprosperi.com\/wp-content\/uploads\/2016\/05\/images-41.jpeg?fit=259%2C194&amp;ssl=1\" class=\"alignnone  wp-image-6173\" src=\"https:\/\/i0.wp.com\/blogdoprosperi.com\/wp-content\/uploads\/2016\/05\/images-41.jpeg?resize=255%2C191&#038;ssl=1\" alt=\"images-4\" width=\"255\" height=\"191\" \/><\/span><\/p>\n<p>Nem Bauza, nem Aguirre montam times vistosos. Suas equipes s\u00e3o aguerridas, lutadoras, de muita entrega, suor. Nesta quarta-feira, mesmo com a necessidade do Galo de vencer por dois gol de diferen\u00e7a, n\u00e3o se deve esperar um jog\u00e3o. Gols, evidente, v\u00e3o surgir, mas nada de extraordin\u00e1rio. N\u00e3o ser\u00e1 surpresa se o \u00e1rbitro expulsar ao menos um jogador de cada lado.<\/p>\n<p>Essa decis\u00e3o por uma vaga na semifinal na Libertadores ilustra o momento dif\u00edcil do nosso futebol. Ali\u00e1s, clubes daqui ainda vivem encarnados com aquele esp\u00edrito de que na Libertadores bater \u00e9 regra.<\/p>\n<p><span class=\"alignnone\"><img data-recalc-dims=\"1\" loading=\"lazy\" decoding=\"async\" data-attachment-id=\"6182\" data-permalink=\"https:\/\/blogdoprosperi.com\/?attachment_id=6182\" data-orig-file=\"https:\/\/i0.wp.com\/blogdoprosperi.com\/wp-content\/uploads\/2016\/05\/briga.jpg?fit=1254%2C833&amp;ssl=1\" data-orig-size=\"1254,833\" data-comments-opened=\"1\" data-image-meta=\"{&quot;aperture&quot;:&quot;0&quot;,&quot;credit&quot;:&quot;&quot;,&quot;camera&quot;:&quot;&quot;,&quot;caption&quot;:&quot;&quot;,&quot;created_timestamp&quot;:&quot;0&quot;,&quot;copyright&quot;:&quot;&quot;,&quot;focal_length&quot;:&quot;0&quot;,&quot;iso&quot;:&quot;0&quot;,&quot;shutter_speed&quot;:&quot;0&quot;,&quot;title&quot;:&quot;&quot;,&quot;orientation&quot;:&quot;0&quot;}\" data-image-title=\"briga\" data-image-description=\"\" data-image-caption=\"\" data-large-file=\"https:\/\/i0.wp.com\/blogdoprosperi.com\/wp-content\/uploads\/2016\/05\/briga.jpg?fit=940%2C624&amp;ssl=1\" class=\"alignnone size-full wp-image-6182\" src=\"https:\/\/i0.wp.com\/blogdoprosperi.com\/wp-content\/uploads\/2016\/05\/briga.jpg?resize=940%2C624&#038;ssl=1\" alt=\"briga\" width=\"940\" height=\"624\" \/><\/span><\/p>\n<p>Por outro lado, \u00e9 triste reconhecer que os dois principais atacantes de S\u00e3o Paulo e Atl\u00e9tico s\u00e3o argentinos. Nada contra o futebol da Argentina, mas ter dois gringos como destaque no Pa\u00eds dos atacantes imortais \u00e9 dose.<\/p>\n<p>Talvez seja um reflexo da queda de qualidade de nossos goleadores. Veja, por exemplo, o que acontece com Alexandre Pato e Dami\u00e3o. Os dois j\u00e1 foram esperan\u00e7a de gols na Sele\u00e7\u00e3o Brasileira e hoje s\u00e3o rejeitados pelo Chelsea e Betis.<\/p>\n<p><span class=\"alignnone\"><img data-recalc-dims=\"1\" loading=\"lazy\" decoding=\"async\" data-attachment-id=\"6187\" data-permalink=\"https:\/\/blogdoprosperi.com\/?attachment_id=6187\" data-orig-file=\"https:\/\/i0.wp.com\/blogdoprosperi.com\/wp-content\/uploads\/2016\/05\/20160513133634194582o.jpg?fit=750%2C500&amp;ssl=1\" data-orig-size=\"750,500\" data-comments-opened=\"1\" data-image-meta=\"{&quot;aperture&quot;:&quot;0&quot;,&quot;credit&quot;:&quot;&quot;,&quot;camera&quot;:&quot;&quot;,&quot;caption&quot;:&quot;&quot;,&quot;created_timestamp&quot;:&quot;0&quot;,&quot;copyright&quot;:&quot;&quot;,&quot;focal_length&quot;:&quot;0&quot;,&quot;iso&quot;:&quot;0&quot;,&quot;shutter_speed&quot;:&quot;0&quot;,&quot;title&quot;:&quot;&quot;,&quot;orientation&quot;:&quot;0&quot;}\" data-image-title=\"20160513133634194582o\" data-image-description=\"\" data-image-caption=\"\" data-large-file=\"https:\/\/i0.wp.com\/blogdoprosperi.com\/wp-content\/uploads\/2016\/05\/20160513133634194582o.jpg?fit=750%2C500&amp;ssl=1\" class=\"alignnone  wp-image-6187 alignleft\" src=\"https:\/\/i0.wp.com\/blogdoprosperi.com\/wp-content\/uploads\/2016\/05\/20160513133634194582o.jpg?resize=302%2C201&#038;ssl=1\" alt=\"20160513133634194582o\" width=\"302\" height=\"201\" \/><\/span><\/p>\n<p>Uma r\u00e1pida an\u00e1lise de alguns times da S\u00e9rie A do <a href=\"http:\/\/blogdoprosperi.com\/2016\/05\/14\/cbf-paga-uma-mixaria-aos-clubes-no-campeonato-brasileiro\/\">Brasileir\u00e3o<\/a> mostra que temos mais gringos na linha de frente &#8211; Barrios (Palmeiras) e Guerrero (Flamengo) -, o gordinho Walter (Atl\u00e9tico-PR), Andr\u00e9 (Corinthians), Grafite, aos 37 anos (Santa Cruz), Bob\u00f4 (Gr\u00eamio), Kleber Gladiador (Coritiba), Kieza (Vit\u00f3ria), Ricardo Oliveira, 35 anos (Santos e Sele\u00e7\u00e3o Brasileira), Fred, 32 anos (Fluminense), Vinicus, 32 anos (Sport), entre outros.<\/p>\n<p>Quem olha com crit\u00e9rio essa turma a\u00ed acima pode concluir que atacantes n\u00e3o s\u00e3o mais a excel\u00eancia do futebol brasileiro.<\/p>\n<p>&nbsp;<\/p>\n","protected":false},"excerpt":{"rendered":"<p>Lucas Pratto e Calleri, argentinos, s\u00e3o apontados como refer\u00eancia de Atl\u00e9tico-MG e S\u00e3o Paulo na decis\u00e3o desta quarta-feira, [&hellip;]<\/p>\n","protected":false},"author":102107496,"featured_media":0,"comment_status":"open","ping_status":"open","sticky":false,"template":"","format":"standard","meta":{"_coblocks_attr":"","_coblocks_dimensions":"","_coblocks_responsive_height":"","_coblocks_accordion_ie_support":"","_jetpack_newsletter_access":"","_jetpack_dont_email_post_to_subs":false,"_jetpack_newsletter_tier_id":0,"_jetpack_memberships_contains_paywalled_content":false,"_wpcom_ai_launchpad_first_post":false,"_jetpack_feature_clip_id":0,"_jetpack_memberships_contains_paid_content":false,"footnotes":"","jetpack_publicize_message":"","jetpack_publicize_feature_enabled":true,"jetpack_social_post_already_shared":false,"jetpack_social_options":{"image_generator_settings":{"template":"highway","default_image_id":0,"font":"","enabled":false},"version":2},"jetpack_post_was_ever_published":false},"categories":[53870],"tags":[366291,22858205,3847764,1308366,789560565,11332130,789560560,363536904,51486930,12667435],"class_list":["post-6094","post","type-post","status-publish","format-standard","hentry","category-futebol","tag-atletico-mg","tag-atletico-mg-x-sao-paulo","tag-bauza","tag-calleri","tag-copa-libertadores","tag-diego-aguirre","tag-futebol","tag-libertadores-2016","tag-lucas-pratto","tag-sao-paulofc"],"yoast_head":"<!-- This site is optimized with the Yoast SEO plugin v28.3 - https:\/\/yoast.com\/product\/yoast-seo-wordpress\/ -->\n<title>Futebol brasileiro aos p\u00e9s de argentinos na Libertadores - PR\u00d3SPERI NEWS<\/title>\n<meta name=\"robots\" content=\"index, follow, max-snippet:-1, max-image-preview:large, max-video-preview:-1\" \/>\n<link rel=\"canonical\" href=\"https:\/\/blogdoprosperi.com\/?p=6094\" \/>\n<meta property=\"og:locale\" content=\"pt_BR\" \/>\n<meta property=\"og:type\" content=\"article\" \/>\n<meta property=\"og:title\" content=\"Futebol brasileiro aos p\u00e9s de argentinos na Libertadores - PR\u00d3SPERI NEWS\" \/>\n<meta property=\"og:description\" content=\"Lucas Pratto e Calleri, argentinos, s\u00e3o apontados como refer\u00eancia de Atl\u00e9tico-MG e S\u00e3o Paulo na decis\u00e3o desta quarta-feira, [&hellip;]\" \/>\n<meta property=\"og:url\" content=\"https:\/\/blogdoprosperi.com\/?p=6094\" \/>\n<meta property=\"og:site_name\" content=\"PR\u00d3SPERI NEWS\" \/>\n<meta property=\"article:publisher\" content=\"Luiz Pr\u00f3speri\" \/>\n<meta property=\"article:author\" content=\"Luiz Pr\u00f3speri\" \/>\n<meta property=\"article:published_time\" content=\"2016-05-18T17:00:00+00:00\" \/>\n<meta property=\"article:modified_time\" content=\"2016-05-18T17:04:04+00:00\" \/>\n<meta property=\"og:image\" content=\"https:\/\/blogdoprosperi.com\/wp-content\/uploads\/2016\/05\/unknown7.jpeg\" \/>\n<meta name=\"author\" content=\"Luiz Ant\u00f4nio Pr\u00f3speri\" \/>\n<meta name=\"twitter:card\" content=\"summary_large_image\" \/>\n<meta name=\"twitter:creator\" content=\"@Luizprosperi\" \/>\n<meta name=\"twitter:site\" content=\"@Luizprosperi\" \/>\n<meta name=\"twitter:label1\" content=\"Escrito por\" \/>\n\t<meta name=\"twitter:data1\" content=\"Luiz Ant\u00f4nio Pr\u00f3speri\" \/>\n\t<meta name=\"twitter:label2\" content=\"Est. tempo de leitura\" \/>\n\t<meta name=\"twitter:data2\" content=\"2 minutos\" \/>\n<script type=\"application\/ld+json\" class=\"yoast-schema-graph\">{\"@context\":\"https:\\\/\\\/schema.org\",\"@graph\":[{\"@type\":\"Article\",\"@id\":\"https:\\\/\\\/blogdoprosperi.com\\\/?p=6094#article\",\"isPartOf\":{\"@id\":\"https:\\\/\\\/blogdoprosperi.com\\\/?p=6094\"},\"author\":{\"name\":\"Luiz Ant\u00f4nio Pr\u00f3speri\",\"@id\":\"https:\\\/\\\/blogdoprosperi.com\\\/#\\\/schema\\\/person\\\/38100755ce3601861ee4fab9b5aa78e9\"},\"headline\":\"Futebol brasileiro aos p\u00e9s de argentinos na Libertadores\",\"datePublished\":\"2016-05-18T17:00:00+00:00\",\"dateModified\":\"2016-05-18T17:04:04+00:00\",\"mainEntityOfPage\":{\"@id\":\"https:\\\/\\\/blogdoprosperi.com\\\/?p=6094\"},\"wordCount\":439,\"commentCount\":0,\"publisher\":{\"@id\":\"https:\\\/\\\/blogdoprosperi.com\\\/#\\\/schema\\\/person\\\/38100755ce3601861ee4fab9b5aa78e9\"},\"image\":{\"@id\":\"https:\\\/\\\/blogdoprosperi.com\\\/?p=6094#primaryimage\"},\"thumbnailUrl\":\"https:\\\/\\\/blogdoprosperi.com\\\/wp-content\\\/uploads\\\/2016\\\/05\\\/unknown7.jpeg\",\"keywords\":[\"Atl\u00e9tico-MG\",\"Atletico-MG x S\u00e3o Paulo\",\"Bauza\",\"Calleri\",\"Copa Libertadores\",\"Diego Aguirre\",\"futebol\",\"libertadores 2016\",\"Lucas Pratto\",\"S\u00e3o PauloFC\"],\"articleSection\":[\"futebol\"],\"inLanguage\":\"pt-BR\",\"potentialAction\":[{\"@type\":\"CommentAction\",\"name\":\"Comment\",\"target\":[\"https:\\\/\\\/blogdoprosperi.com\\\/?p=6094#respond\"]}]},{\"@type\":\"WebPage\",\"@id\":\"https:\\\/\\\/blogdoprosperi.com\\\/?p=6094\",\"url\":\"https:\\\/\\\/blogdoprosperi.com\\\/?p=6094\",\"name\":\"Futebol brasileiro aos p\u00e9s de argentinos na Libertadores - PR\u00d3SPERI NEWS\",\"isPartOf\":{\"@id\":\"https:\\\/\\\/blogdoprosperi.com\\\/#website\"},\"primaryImageOfPage\":{\"@id\":\"https:\\\/\\\/blogdoprosperi.com\\\/?p=6094#primaryimage\"},\"image\":{\"@id\":\"https:\\\/\\\/blogdoprosperi.com\\\/?p=6094#primaryimage\"},\"thumbnailUrl\":\"https:\\\/\\\/blogdoprosperi.com\\\/wp-content\\\/uploads\\\/2016\\\/05\\\/unknown7.jpeg\",\"datePublished\":\"2016-05-18T17:00:00+00:00\",\"dateModified\":\"2016-05-18T17:04:04+00:00\",\"breadcrumb\":{\"@id\":\"https:\\\/\\\/blogdoprosperi.com\\\/?p=6094#breadcrumb\"},\"inLanguage\":\"pt-BR\",\"potentialAction\":[{\"@type\":\"ReadAction\",\"target\":[\"https:\\\/\\\/blogdoprosperi.com\\\/?p=6094\"]}]},{\"@type\":\"ImageObject\",\"inLanguage\":\"pt-BR\",\"@id\":\"https:\\\/\\\/blogdoprosperi.com\\\/?p=6094#primaryimage\",\"url\":\"https:\\\/\\\/i0.wp.com\\\/blogdoprosperi.com\\\/wp-content\\\/uploads\\\/2016\\\/05\\\/unknown7.jpeg?fit=297%2C170&ssl=1\",\"contentUrl\":\"https:\\\/\\\/i0.wp.com\\\/blogdoprosperi.com\\\/wp-content\\\/uploads\\\/2016\\\/05\\\/unknown7.jpeg?fit=297%2C170&ssl=1\",\"width\":297,\"height\":170},{\"@type\":\"BreadcrumbList\",\"@id\":\"https:\\\/\\\/blogdoprosperi.com\\\/?p=6094#breadcrumb\",\"itemListElement\":[{\"@type\":\"ListItem\",\"position\":1,\"name\":\"In\u00edcio\",\"item\":\"https:\\\/\\\/blogdoprosperi.com\\\/\"},{\"@type\":\"ListItem\",\"position\":2,\"name\":\"Futebol brasileiro aos p\u00e9s de argentinos na Libertadores\"}]},{\"@type\":\"WebSite\",\"@id\":\"https:\\\/\\\/blogdoprosperi.com\\\/#website\",\"url\":\"https:\\\/\\\/blogdoprosperi.com\\\/\",\"name\":\"PR\u00d3SPERI NEWS\",\"description\":\"TUDO \u00c9  FUTEBOL\",\"publisher\":{\"@id\":\"https:\\\/\\\/blogdoprosperi.com\\\/#\\\/schema\\\/person\\\/38100755ce3601861ee4fab9b5aa78e9\"},\"alternateName\":\"blogdoprosperi.com\",\"potentialAction\":[{\"@type\":\"SearchAction\",\"target\":{\"@type\":\"EntryPoint\",\"urlTemplate\":\"https:\\\/\\\/blogdoprosperi.com\\\/?s={search_term_string}\"},\"query-input\":{\"@type\":\"PropertyValueSpecification\",\"valueRequired\":true,\"valueName\":\"search_term_string\"}}],\"inLanguage\":\"pt-BR\"},{\"@type\":[\"Person\",\"Organization\"],\"@id\":\"https:\\\/\\\/blogdoprosperi.com\\\/#\\\/schema\\\/person\\\/38100755ce3601861ee4fab9b5aa78e9\",\"name\":\"Luiz Ant\u00f4nio Pr\u00f3speri\",\"pronouns\":\"ele\",\"image\":{\"@type\":\"ImageObject\",\"inLanguage\":\"pt-BR\",\"@id\":\"https:\\\/\\\/i0.wp.com\\\/blogdoprosperi.com\\\/wp-content\\\/uploads\\\/2026\\\/05\\\/cropped-8059e613-6002-42fa-961e-8e275f575d71-2-5.jpg?fit=1360%2C931&ssl=1\",\"url\":\"https:\\\/\\\/i0.wp.com\\\/blogdoprosperi.com\\\/wp-content\\\/uploads\\\/2026\\\/05\\\/cropped-8059e613-6002-42fa-961e-8e275f575d71-2-5.jpg?fit=1360%2C931&ssl=1\",\"contentUrl\":\"https:\\\/\\\/i0.wp.com\\\/blogdoprosperi.com\\\/wp-content\\\/uploads\\\/2026\\\/05\\\/cropped-8059e613-6002-42fa-961e-8e275f575d71-2-5.jpg?fit=1360%2C931&ssl=1\",\"width\":1360,\"height\":931,\"caption\":\"Luiz Ant\u00f4nio Pr\u00f3speri\"},\"logo\":{\"@id\":\"https:\\\/\\\/i0.wp.com\\\/blogdoprosperi.com\\\/wp-content\\\/uploads\\\/2026\\\/05\\\/cropped-8059e613-6002-42fa-961e-8e275f575d71-2-5.jpg?fit=1360%2C931&ssl=1\"},\"description\":\"Jornalista com carreira dedicada ao esporte. Cobriu 9 Copas do Mundo in loco, 1990 na It\u00e1lia, 1994 nos EUA, 1998 na Fran\u00e7a, 2002 na Coreia do Sul e Jap\u00e3o, 2006 na Alemanha, 2010 na \u00c1frica do Sul, 2014 no Brasil, 2018 na R\u00fassia e 2022 no Qatar. Eurocopas, 1992 na Su\u00e9cia e 1996 na Inglaterra. Copa das Confedera\u00e7\u00f5es de 2005 na Alemanha e 2009 na \u00c1frica do Sul. Rep\u00f3rter e Editor, trabalhou no Jornal da Tarde e Estad\u00e3o, de 1984 a fevereiro de 2016. Colunista, blogueiro. E comentarista de futebol na R\u00e1dio Estad\u00e3o, de 2013 a fevereiro de 2016. Jornalista respons\u00e1vel do \\\"Pr\u00f3speri News\\\" (blogdoprosperi.com).\",\"sameAs\":[\"http:\\\/\\\/blogdoprosperi.com\",\"Luiz Pr\u00f3speri\",\"@luiz_prosperi\",\"https:\\\/\\\/x.com\\\/Luizprosperi\",\"@prosperinacopa\",\"luiz.prosperi@icloud.com\"],\"url\":\"https:\\\/\\\/blogdoprosperi.com\\\/?author=102107496\"}]}<\/script>\n<!-- \/ Yoast SEO plugin. -->","yoast_head_json":{"title":"Futebol brasileiro aos p\u00e9s de argentinos na Libertadores - PR\u00d3SPERI NEWS","robots":{"index":"index","follow":"follow","max-snippet":"max-snippet:-1","max-image-preview":"max-image-preview:large","max-video-preview":"max-video-preview:-1"},"canonical":"https:\/\/blogdoprosperi.com\/?p=6094","og_locale":"pt_BR","og_type":"article","og_title":"Futebol brasileiro aos p\u00e9s de argentinos na Libertadores - PR\u00d3SPERI NEWS","og_description":"Lucas Pratto e Calleri, argentinos, s\u00e3o apontados como refer\u00eancia de Atl\u00e9tico-MG e S\u00e3o Paulo na decis\u00e3o desta quarta-feira, [&hellip;]","og_url":"https:\/\/blogdoprosperi.com\/?p=6094","og_site_name":"PR\u00d3SPERI NEWS","article_publisher":"Luiz Pr\u00f3speri","article_author":"Luiz Pr\u00f3speri","article_published_time":"2016-05-18T17:00:00+00:00","article_modified_time":"2016-05-18T17:04:04+00:00","og_image":[{"url":"https:\/\/blogdoprosperi.com\/wp-content\/uploads\/2016\/05\/unknown7.jpeg","type":"","width":"","height":""}],"author":"Luiz Ant\u00f4nio Pr\u00f3speri","twitter_card":"summary_large_image","twitter_creator":"@Luizprosperi","twitter_site":"@Luizprosperi","twitter_misc":{"Escrito por":"Luiz Ant\u00f4nio Pr\u00f3speri","Est. tempo de leitura":"2 minutos"},"schema":{"@context":"https:\/\/schema.org","@graph":[{"@type":"Article","@id":"https:\/\/blogdoprosperi.com\/?p=6094#article","isPartOf":{"@id":"https:\/\/blogdoprosperi.com\/?p=6094"},"author":{"name":"Luiz Ant\u00f4nio Pr\u00f3speri","@id":"https:\/\/blogdoprosperi.com\/#\/schema\/person\/38100755ce3601861ee4fab9b5aa78e9"},"headline":"Futebol brasileiro aos p\u00e9s de argentinos na Libertadores","datePublished":"2016-05-18T17:00:00+00:00","dateModified":"2016-05-18T17:04:04+00:00","mainEntityOfPage":{"@id":"https:\/\/blogdoprosperi.com\/?p=6094"},"wordCount":439,"commentCount":0,"publisher":{"@id":"https:\/\/blogdoprosperi.com\/#\/schema\/person\/38100755ce3601861ee4fab9b5aa78e9"},"image":{"@id":"https:\/\/blogdoprosperi.com\/?p=6094#primaryimage"},"thumbnailUrl":"https:\/\/blogdoprosperi.com\/wp-content\/uploads\/2016\/05\/unknown7.jpeg","keywords":["Atl\u00e9tico-MG","Atletico-MG x S\u00e3o Paulo","Bauza","Calleri","Copa Libertadores","Diego Aguirre","futebol","libertadores 2016","Lucas Pratto","S\u00e3o PauloFC"],"articleSection":["futebol"],"inLanguage":"pt-BR","potentialAction":[{"@type":"CommentAction","name":"Comment","target":["https:\/\/blogdoprosperi.com\/?p=6094#respond"]}]},{"@type":"WebPage","@id":"https:\/\/blogdoprosperi.com\/?p=6094","url":"https:\/\/blogdoprosperi.com\/?p=6094","name":"Futebol brasileiro aos p\u00e9s de argentinos na Libertadores - PR\u00d3SPERI NEWS","isPartOf":{"@id":"https:\/\/blogdoprosperi.com\/#website"},"primaryImageOfPage":{"@id":"https:\/\/blogdoprosperi.com\/?p=6094#primaryimage"},"image":{"@id":"https:\/\/blogdoprosperi.com\/?p=6094#primaryimage"},"thumbnailUrl":"https:\/\/blogdoprosperi.com\/wp-content\/uploads\/2016\/05\/unknown7.jpeg","datePublished":"2016-05-18T17:00:00+00:00","dateModified":"2016-05-18T17:04:04+00:00","breadcrumb":{"@id":"https:\/\/blogdoprosperi.com\/?p=6094#breadcrumb"},"inLanguage":"pt-BR","potentialAction":[{"@type":"ReadAction","target":["https:\/\/blogdoprosperi.com\/?p=6094"]}]},{"@type":"ImageObject","inLanguage":"pt-BR","@id":"https:\/\/blogdoprosperi.com\/?p=6094#primaryimage","url":"https:\/\/i0.wp.com\/blogdoprosperi.com\/wp-content\/uploads\/2016\/05\/unknown7.jpeg?fit=297%2C170&ssl=1","contentUrl":"https:\/\/i0.wp.com\/blogdoprosperi.com\/wp-content\/uploads\/2016\/05\/unknown7.jpeg?fit=297%2C170&ssl=1","width":297,"height":170},{"@type":"BreadcrumbList","@id":"https:\/\/blogdoprosperi.com\/?p=6094#breadcrumb","itemListElement":[{"@type":"ListItem","position":1,"name":"In\u00edcio","item":"https:\/\/blogdoprosperi.com\/"},{"@type":"ListItem","position":2,"name":"Futebol brasileiro aos p\u00e9s de argentinos na Libertadores"}]},{"@type":"WebSite","@id":"https:\/\/blogdoprosperi.com\/#website","url":"https:\/\/blogdoprosperi.com\/","name":"PR\u00d3SPERI NEWS","description":"TUDO \u00c9  FUTEBOL","publisher":{"@id":"https:\/\/blogdoprosperi.com\/#\/schema\/person\/38100755ce3601861ee4fab9b5aa78e9"},"alternateName":"blogdoprosperi.com","potentialAction":[{"@type":"SearchAction","target":{"@type":"EntryPoint","urlTemplate":"https:\/\/blogdoprosperi.com\/?s={search_term_string}"},"query-input":{"@type":"PropertyValueSpecification","valueRequired":true,"valueName":"search_term_string"}}],"inLanguage":"pt-BR"},{"@type":["Person","Organization"],"@id":"https:\/\/blogdoprosperi.com\/#\/schema\/person\/38100755ce3601861ee4fab9b5aa78e9","name":"Luiz Ant\u00f4nio Pr\u00f3speri","pronouns":"ele","image":{"@type":"ImageObject","inLanguage":"pt-BR","@id":"https:\/\/i0.wp.com\/blogdoprosperi.com\/wp-content\/uploads\/2026\/05\/cropped-8059e613-6002-42fa-961e-8e275f575d71-2-5.jpg?fit=1360%2C931&ssl=1","url":"https:\/\/i0.wp.com\/blogdoprosperi.com\/wp-content\/uploads\/2026\/05\/cropped-8059e613-6002-42fa-961e-8e275f575d71-2-5.jpg?fit=1360%2C931&ssl=1","contentUrl":"https:\/\/i0.wp.com\/blogdoprosperi.com\/wp-content\/uploads\/2026\/05\/cropped-8059e613-6002-42fa-961e-8e275f575d71-2-5.jpg?fit=1360%2C931&ssl=1","width":1360,"height":931,"caption":"Luiz Ant\u00f4nio Pr\u00f3speri"},"logo":{"@id":"https:\/\/i0.wp.com\/blogdoprosperi.com\/wp-content\/uploads\/2026\/05\/cropped-8059e613-6002-42fa-961e-8e275f575d71-2-5.jpg?fit=1360%2C931&ssl=1"},"description":"Jornalista com carreira dedicada ao esporte. Cobriu 9 Copas do Mundo in loco, 1990 na It\u00e1lia, 1994 nos EUA, 1998 na Fran\u00e7a, 2002 na Coreia do Sul e Jap\u00e3o, 2006 na Alemanha, 2010 na \u00c1frica do Sul, 2014 no Brasil, 2018 na R\u00fassia e 2022 no Qatar. Eurocopas, 1992 na Su\u00e9cia e 1996 na Inglaterra. Copa das Confedera\u00e7\u00f5es de 2005 na Alemanha e 2009 na \u00c1frica do Sul. Rep\u00f3rter e Editor, trabalhou no Jornal da Tarde e Estad\u00e3o, de 1984 a fevereiro de 2016. Colunista, blogueiro. E comentarista de futebol na R\u00e1dio Estad\u00e3o, de 2013 a fevereiro de 2016. Jornalista respons\u00e1vel do \"Pr\u00f3speri News\" (blogdoprosperi.com).","sameAs":["http:\/\/blogdoprosperi.com","Luiz Pr\u00f3speri","@luiz_prosperi","https:\/\/x.com\/Luizprosperi","@prosperinacopa","luiz.prosperi@icloud.com"],"url":"https:\/\/blogdoprosperi.com\/?author=102107496"}]}},"jetpack_publicize_connections":[],"jetpack_likes_enabled":false,"jetpack_sharing_enabled":true,"jetpack_shortlink":"https:\/\/wp.me\/p7jvdk-1Ai","jetpack-related-posts":[{"id":3711,"url":"https:\/\/blogdoprosperi.com\/?p=3711","url_meta":{"origin":6094,"position":0},"title":"Atl\u00e9tico-MG parte como favorito diante do renascido S\u00e3o Paulo","author":"Luiz Ant\u00f4nio Pr\u00f3speri","date":"6 de maio de 2016","format":false,"excerpt":"Definidos os confrontos das quartas de final da Copa Libertadores 2016, teremos pelo menos um clube brasileiro, dos cinco que iniciaram na competi\u00e7\u00e3o, nas semifinais. Um deles sair\u00e1 do confronto entre o Atl\u00e9tico-MG e S\u00e3o Paulo. De in\u00edcio, n\u00e3o \u00e9 muito complicado afirmar que o time mineiro \u00e9 o favorito\u2026","rel":"","context":"Em &quot;futebol&quot;","block_context":{"text":"futebol","link":"https:\/\/blogdoprosperi.com\/?cat=53870"},"img":{"alt_text":"","src":"https:\/\/i0.wp.com\/blogdoprosperi.com\/wp-content\/uploads\/2016\/05\/festejo-primer-gol-ruben_oleima20160505_0182_28.jpg?resize=350%2C200&ssl=1","width":350,"height":200,"srcset":"https:\/\/i0.wp.com\/blogdoprosperi.com\/wp-content\/uploads\/2016\/05\/festejo-primer-gol-ruben_oleima20160505_0182_28.jpg?resize=350%2C200&ssl=1 1x, https:\/\/i0.wp.com\/blogdoprosperi.com\/wp-content\/uploads\/2016\/05\/festejo-primer-gol-ruben_oleima20160505_0182_28.jpg?resize=525%2C300&ssl=1 1.5x, https:\/\/i0.wp.com\/blogdoprosperi.com\/wp-content\/uploads\/2016\/05\/festejo-primer-gol-ruben_oleima20160505_0182_28.jpg?resize=700%2C400&ssl=1 2x"},"classes":[]},{"id":6267,"url":"https:\/\/blogdoprosperi.com\/?p=6267","url_meta":{"origin":6094,"position":1},"title":"S\u00e3o Paulo se imp\u00f5e na Libertadores com a cara de Bauza","author":"Luiz Ant\u00f4nio Pr\u00f3speri","date":"19 de maio de 2016","format":false,"excerpt":"Dirigentes do S\u00e3o Paulo batem no peito com a classifica\u00e7\u00e3o do S\u00e3o Paulo \u00e0s semifinais da Copa Libertadores 2016, mesmo com a derrota por 2 a 1 para o Atl\u00e9tico-MG, nesta quarta-feira, em Belo Horizonte. Alegam que ao apostar no argentino Edgardo Bauza o time teria condi\u00e7\u00f5es de pensar grande\u2026","rel":"","context":"Em &quot;futebol&quot;","block_context":{"text":"futebol","link":"https:\/\/blogdoprosperi.com\/?cat=53870"},"img":{"alt_text":"","src":"https:\/\/i0.wp.com\/blogdoprosperi.com\/wp-content\/uploads\/2016\/05\/00837531.jpg?resize=350%2C200&ssl=1","width":350,"height":200,"srcset":"https:\/\/i0.wp.com\/blogdoprosperi.com\/wp-content\/uploads\/2016\/05\/00837531.jpg?resize=350%2C200&ssl=1 1x, https:\/\/i0.wp.com\/blogdoprosperi.com\/wp-content\/uploads\/2016\/05\/00837531.jpg?resize=525%2C300&ssl=1 1.5x, https:\/\/i0.wp.com\/blogdoprosperi.com\/wp-content\/uploads\/2016\/05\/00837531.jpg?resize=700%2C400&ssl=1 2x, https:\/\/i0.wp.com\/blogdoprosperi.com\/wp-content\/uploads\/2016\/05\/00837531.jpg?resize=1050%2C600&ssl=1 3x, https:\/\/i0.wp.com\/blogdoprosperi.com\/wp-content\/uploads\/2016\/05\/00837531.jpg?resize=1400%2C800&ssl=1 4x"},"classes":[]},{"id":34982,"url":"https:\/\/blogdoprosperi.com\/?p=34982","url_meta":{"origin":6094,"position":2},"title":"Conhe\u00e7a opera\u00e7\u00e3o do S\u00e3o Paulo em busca de Lucas Pratto","author":"Luiz Ant\u00f4nio Pr\u00f3speri","date":"9 de fevereiro de 2017","format":false,"excerpt":"S\u00e3o Paulo precisa de um jogador de peso, de nome no mercado. Uma contrata\u00e7\u00e3o para provocar impacto no time de Rogerio Ceni e refor\u00e7ar os alicerces da candidatura do atual presidente Carlos Augusto de Barros e Silva (Leco) \u00e0 reelei\u00e7\u00e3o no comando do clube. Lucas Pratto precisa de um time\u2026","rel":"","context":"Em &quot;futebol&quot;","block_context":{"text":"futebol","link":"https:\/\/blogdoprosperi.com\/?cat=53870"},"img":{"alt_text":"","src":"https:\/\/i0.wp.com\/blogdoprosperi.com\/wp-content\/uploads\/2017\/02\/32616769352_3aa202722d_z.jpg?resize=350%2C200&ssl=1","width":350,"height":200,"srcset":"https:\/\/i0.wp.com\/blogdoprosperi.com\/wp-content\/uploads\/2017\/02\/32616769352_3aa202722d_z.jpg?resize=350%2C200&ssl=1 1x, https:\/\/i0.wp.com\/blogdoprosperi.com\/wp-content\/uploads\/2017\/02\/32616769352_3aa202722d_z.jpg?resize=525%2C300&ssl=1 1.5x"},"classes":[]},{"id":6350,"url":"https:\/\/blogdoprosperi.com\/?p=6350","url_meta":{"origin":6094,"position":3},"title":"Flamengo e Atl\u00e9tico-MG, dois gigantes nas cordas","author":"Luiz Ant\u00f4nio Pr\u00f3speri","date":"19 de maio de 2016","format":false,"excerpt":"\u00a0 Flamengo e Atl\u00e9tico-MG t\u00eam pouco tempo para se reinventar, sob pena de jogar fora a temporada de 2016 antes mesmo de encerrar o primeiro semestre. A queda do time mineiro na Copa Libertadores custou a sa\u00edda do t\u00e9cnico Diego Aguirre e a elimina\u00e7\u00e3o do Flamengo na Copa do Brasil,\u2026","rel":"","context":"Em &quot;Campeonato Brasileiro&quot;","block_context":{"text":"Campeonato Brasileiro","link":"https:\/\/blogdoprosperi.com\/?cat=355071"},"img":{"alt_text":"","src":"https:\/\/i0.wp.com\/blogdoprosperi.com\/wp-content\/uploads\/2016\/05\/27114817065_0657eff2bf_o-600x400.jpg?resize=350%2C200&ssl=1","width":350,"height":200,"srcset":"https:\/\/i0.wp.com\/blogdoprosperi.com\/wp-content\/uploads\/2016\/05\/27114817065_0657eff2bf_o-600x400.jpg?resize=350%2C200&ssl=1 1x, https:\/\/i0.wp.com\/blogdoprosperi.com\/wp-content\/uploads\/2016\/05\/27114817065_0657eff2bf_o-600x400.jpg?resize=525%2C300&ssl=1 1.5x"},"classes":[]},{"id":44770,"url":"https:\/\/blogdoprosperi.com\/?p=44770","url_meta":{"origin":6094,"position":4},"title":"Libertadores 2024: Futebol Carioca Mostra For\u00e7a com Flamengo, Botafogo e Fluminense Classificados","author":"Luiz Ant\u00f4nio Pr\u00f3speri","date":"23 de agosto de 2024","format":false,"excerpt":"Luiz Ant\u00f4nio Pr\u00f3speri \u2013 23 agosto (00h42) Libertadores 2024 conhece os oito classificados \u00e0s quartas de final. Dos cinco brasileiros que avan\u00e7am, futebol carioca ter\u00e1 tr\u00eas representantes (Flamengo, Botafogo e Fluminense). Primeira vez na hist\u00f3ria da Libertadores que uma cidade, no caso Rio de Janeiro, tem tr\u00eas clubes na fase\u2026","rel":"","context":"Em &quot;futebol&quot;","block_context":{"text":"futebol","link":"https:\/\/blogdoprosperi.com\/?cat=53870"},"img":{"alt_text":"Botafogo lidera janela de transfer\u00eancia Brasileir\u00e3o","src":"https:\/\/i0.wp.com\/blogdoprosperi.com\/wp-content\/uploads\/2024\/08\/53939474383_d4131fa0d5_k.jpg?fit=1200%2C800&ssl=1&resize=350%2C200","width":350,"height":200,"srcset":"https:\/\/i0.wp.com\/blogdoprosperi.com\/wp-content\/uploads\/2024\/08\/53939474383_d4131fa0d5_k.jpg?fit=1200%2C800&ssl=1&resize=350%2C200 1x, https:\/\/i0.wp.com\/blogdoprosperi.com\/wp-content\/uploads\/2024\/08\/53939474383_d4131fa0d5_k.jpg?fit=1200%2C800&ssl=1&resize=525%2C300 1.5x, https:\/\/i0.wp.com\/blogdoprosperi.com\/wp-content\/uploads\/2024\/08\/53939474383_d4131fa0d5_k.jpg?fit=1200%2C800&ssl=1&resize=700%2C400 2x, https:\/\/i0.wp.com\/blogdoprosperi.com\/wp-content\/uploads\/2024\/08\/53939474383_d4131fa0d5_k.jpg?fit=1200%2C800&ssl=1&resize=1050%2C600 3x"},"classes":[]},{"id":34994,"url":"https:\/\/blogdoprosperi.com\/?p=34994","url_meta":{"origin":6094,"position":5},"title":"S\u00e3o Paulo despeja R$ 40 milh\u00f5es em Lucas Pratto na esperan\u00e7a de gols e votos ao presidente","author":"Luiz Ant\u00f4nio Pr\u00f3speri","date":"9 de fevereiro de 2017","format":false,"excerpt":"S\u00e3o Paulo fechou a contrata\u00e7\u00e3o de Lucas Pratto neste in\u00edcio de noite de quinta-feira (09\/2). Vai pagar cerca de R$ 40 milh\u00f5es ao Atl\u00e9tico-MG por 100% dos direitos do atacante argentino \u2013 65% \u00e0 vista e 35% divididos em tr\u00eas parcelas. O Atl\u00e9tico ter\u00e1 direito ainda a 15% em eventual\u2026","rel":"","context":"Em &quot;futebol&quot;","block_context":{"text":"futebol","link":"https:\/\/blogdoprosperi.com\/?cat=53870"},"img":{"alt_text":"pratto","src":"https:\/\/i0.wp.com\/blogdoprosperi.com\/wp-content\/uploads\/2016\/11\/pratto.jpg?resize=350%2C200&ssl=1","width":350,"height":200,"srcset":"https:\/\/i0.wp.com\/blogdoprosperi.com\/wp-content\/uploads\/2016\/11\/pratto.jpg?resize=350%2C200&ssl=1 1x, https:\/\/i0.wp.com\/blogdoprosperi.com\/wp-content\/uploads\/2016\/11\/pratto.jpg?resize=525%2C300&ssl=1 1.5x, https:\/\/i0.wp.com\/blogdoprosperi.com\/wp-content\/uploads\/2016\/11\/pratto.jpg?resize=700%2C400&ssl=1 2x, https:\/\/i0.wp.com\/blogdoprosperi.com\/wp-content\/uploads\/2016\/11\/pratto.jpg?resize=1050%2C600&ssl=1 3x, https:\/\/i0.wp.com\/blogdoprosperi.com\/wp-content\/uploads\/2016\/11\/pratto.jpg?resize=1400%2C800&ssl=1 4x"},"classes":[]}],"jetpack_featured_media_url":"","_links":{"self":[{"href":"https:\/\/blogdoprosperi.com\/index.php?rest_route=\/wp\/v2\/posts\/6094","targetHints":{"allow":["GET"]}}],"collection":[{"href":"https:\/\/blogdoprosperi.com\/index.php?rest_route=\/wp\/v2\/posts"}],"about":[{"href":"https:\/\/blogdoprosperi.com\/index.php?rest_route=\/wp\/v2\/types\/post"}],"author":[{"embeddable":true,"href":"https:\/\/blogdoprosperi.com\/index.php?rest_route=\/wp\/v2\/users\/102107496"}],"replies":[{"embeddable":true,"href":"https:\/\/blogdoprosperi.com\/index.php?rest_route=%2Fwp%2Fv2%2Fcomments&post=6094"}],"version-history":[{"count":25,"href":"https:\/\/blogdoprosperi.com\/index.php?rest_route=\/wp\/v2\/posts\/6094\/revisions"}],"predecessor-version":[{"id":6193,"href":"https:\/\/blogdoprosperi.com\/index.php?rest_route=\/wp\/v2\/posts\/6094\/revisions\/6193"}],"wp:attachment":[{"href":"https:\/\/blogdoprosperi.com\/index.php?rest_route=%2Fwp%2Fv2%2Fmedia&parent=6094"}],"wp:term":[{"taxonomy":"category","embeddable":true,"href":"https:\/\/blogdoprosperi.com\/index.php?rest_route=%2Fwp%2Fv2%2Fcategories&post=6094"},{"taxonomy":"post_tag","embeddable":true,"href":"https:\/\/blogdoprosperi.com\/index.php?rest_route=%2Fwp%2Fv2%2Ftags&post=6094"}],"curies":[{"name":"wp","href":"https:\/\/api.w.org\/{rel}","templated":true}]}}