{"id":61125,"date":"2026-07-23T10:56:14","date_gmt":"2026-07-23T13:56:14","guid":{"rendered":"https:\/\/blogdoprosperi.com\/?p=61125"},"modified":"2026-07-23T11:20:30","modified_gmt":"2026-07-23T14:20:30","slug":"italia-quer-ancelotti-treinador-da-selecao-brasileira-conversa-com-maldini-e-leonardo","status":"publish","type":"post","link":"https:\/\/blogdoprosperi.com\/?p=61125","title":{"rendered":"It\u00e1lia quer Ancelotti: Treinador da Sele\u00e7\u00e3o Brasileira conversa com Maldini e Leonardo"},"content":{"rendered":"<p>Carlo Ancelotti est\u00e1 nos planos da It\u00e1lia para assumir de imediato o comando da Azzurra. Confira manchete do jornal <em>Gazzetta dello Sport<\/em>, um dos mais importantes di\u00e1rios esportivos da Europa, nesta quinta-feira (23\/7):<\/p>\n<h3>Maldini e Leonardo: &#8220;Estamos com pressa para contratar o treinador, mas n\u00e3o muita. Tamb\u00e9m j\u00e1 conversamos com Ancelotti&#8230;&#8221;<\/h3>\n<section class=\"body-article\">\n<div class=\"columns gz-big-pic-col\">\n<aside class=\"column gz-content-left-col is-2\">\n<div class=\"fxc-bottom-right col-category\"><\/div>\n<\/aside>\n<div class=\"column gz-content-center-col main-content-center is-6\">\n<div class=\"content\">\n<p class=\"is-subtitle\"><span dir=\"auto\">CBF e Ancelotti n\u00e3o se pronunciaram a respeito da conversa do treinador com dirigentes da federa\u00e7\u00e3o italiana, at\u00e9 a manh\u00e3 de quinta-feira (23\/7). Ancelotti tem contrato com a CBF at\u00e9 julho de 2030. O diretor t\u00e9cnico da federa\u00e7\u00e3o, Paolo Maldini, afirmou: &#8220;<strong>Estamos desenvolvendo uma vis\u00e3o. Seria \u00f3timo anunciar um treinador esta semana, mas ainda melhor seria esperar pela pessoa que realmente queremos&#8221;<\/strong>, disse Maldini ao lado do consultor da Liga (Leonardo), juntamente com Giovanni M\u00e1lago (presidente da Federa\u00e7\u00e3o Italiana de Futebol). A Pep Guardiola, o preferido, os italianos oferecem 10 milh\u00f5es de euros por ano, mas sua pedida \u00e9 de 20 milh\u00f5es de euros, diz a <em>Gazzetta.<\/em><\/span><\/p>\n<\/div>\n<div class=\"bck-author-signature gz-hide-in-editor\">\n<div class=\"author-signature__content\">\n<figure><\/figure>\n<div class=\"author-block\">\n<div class=\"author-info\"><em><span dir=\"auto\">Alessandra Gozzini, Gazzetta.it \u2013 23 julho 2026 (10h41)<\/span><\/em><i class=\"icon-gazzetta-g-indicator-right fa-sm\"><\/i><\/div>\n<div class=\"author-qualification\"><\/div>\n<\/div>\n<\/div>\n<\/div>\n<div id=\"m111127-111126-111128\" class=\"bck-media-image \">\n<figure class=\"image is-16by9\"><span class=\"alignnone\"><img data-recalc-dims=\"1\" loading=\"lazy\" decoding=\"async\" class=\"alignnone\" src=\"https:\/\/i0.wp.com\/dimages2.gazzettaobjects.it\/files\/image_528_298\/uploads\/2026\/07\/23\/6a621610d22b1.jpeg?resize=528%2C298&#038;ssl=1\" alt=\"(da esquerda) Leonardo, Giovanni Malag\u00f2 e Paolo Maldini durante o encontro da Lega Serie A em Mil\u00e3o, 23 de julho de 2026. ANSA\/MOURAD BALTI TOUATI\" width=\"528\" height=\"298\" data-full-src=\"https:\/\/dimages2.gazzettaobjects.it\/uploads\/2026\/07\/23\/6a621610d22b1.jpeg\" \/><\/span><\/figure>\n<\/div>\n<\/div>\n<\/div>\n<\/section>\n<div class=\"media-image__content\"><\/div>\n<div id=\"m111138-111137-111139\" class=\"content \">\n<p class=\"paragraph\" spellcheck=\"true\"><span dir=\"auto\">O treinador principal ainda n\u00e3o chegou. Ele chegar\u00e1 quando o candidato desejado se decidir. Enquanto isso, os planos de recupera\u00e7\u00e3o da Azzurra est\u00e3o em andamento, juntamente com o desejo de revitalizar n\u00e3o apenas a sele\u00e7\u00e3o nacional, mas todo o sistema de treinamento. O dia na Lega Nord foi hist\u00f3rico \u00e0 sua maneira: os principais dirigentes da federa\u00e7\u00e3o chegaram aos escrit\u00f3rios da associa\u00e7\u00e3o de clubes em Mil\u00e3o: o presidente Giovanni Malag\u00f2, o diretor t\u00e9cnico Paolo Maldini e o conselheiro Leonardo.<\/span><\/p>\n<h2 id=\"m111221-111220-111222\" class=\"is-h5 is-inline is-uppercase is-mr-r-4 \" spellcheck=\"true\"><span dir=\"auto\">Ancelotti na mira<\/span><\/h2>\n<p class=\"paragraph is-inline\" spellcheck=\"true\"><span dir=\"auto\">O novo diretor t\u00e9cnico, Maldini, foi o primeiro a abordar o assunto, apresentando-se da seguinte forma: <\/span><\/p>\n<p class=\"paragraph is-inline\" spellcheck=\"true\"><span dir=\"auto\">&#8220;Sinto muita responsabilidade e press\u00e3o. Este \u00e9 um projeto ambicioso. \u00c9 um chamado \u00e0s armas; quando a It\u00e1lia chama, \u00e9 dif\u00edcil dizer n\u00e3o. Eu n\u00e3o tinha conhecimento das dificuldades iniciais, mas pressentia a possibilidade de sucesso e a vontade de todos em participar da renova\u00e7\u00e3o. Isso foi crucial para a nossa decis\u00e3o, assim como a capacidade de persuas\u00e3o do presidente Malag\u00f2. Dediquei todas as minhas energias a convencer o Leo. Compartilhamos os mesmos valores e respeito m\u00fatuo. <\/span><\/p>\n<p class=\"paragraph is-inline\" spellcheck=\"true\"><span dir=\"auto\">&#8220;A S\u00e9rie A, em nossa reuni\u00e3o, expressou sua total disposi\u00e7\u00e3o em abra\u00e7ar nossos projetos esportivos. Meu papel n\u00e3o existia antes. O ideal seria anunciar um t\u00e9cnico esta semana, mas ainda mais importante, esperar pela pessoa que realmente queremos. H\u00e1 uma certa pressa, mas n\u00e3o muita, dentro de n\u00f3s&#8221;. <\/span><\/p>\n<p class=\"paragraph is-inline\" spellcheck=\"true\"><span dir=\"auto\">&#8220;Guardiola? N\u00e3o podemos dar nenhuma novidade. <strong>Voc\u00eas identificaram um dos alvos, mas tamb\u00e9m conversamos com Ancelotti. Pareceu-nos certo come\u00e7ar com o melhor do mundo, mas a disponibilidade geral deles \u00e9 necess\u00e1ria.<\/strong>&#8221; &#8220;A ser verificado&#8221;, relata Maldini.<\/span><\/p>\n<p class=\"paragraph is-inline\" spellcheck=\"true\"><span dir=\"auto\">Leonardo prosseguiu: &#8220;Queremos assumir o cargo de treinador o mais r\u00e1pido poss\u00edvel, mas tamb\u00e9m queremos definir claramente o que desejamos. Temos ideias claras em todos os casos. Precisamos construir uma ideia; Paolo e eu compartilhamos sonhos e ideias h\u00e1 muitos anos. Ele recebeu esta proposta muito forte e, com o passar dos dias, tornou-se o sonho dele e, portanto, o meu tamb\u00e9m. Nossa cumplicidade e amizade s\u00e3o ingredientes que podemos transmitir; precisamos de energia positiva em um momento como este. <\/span><\/p>\n<p class=\"paragraph is-inline\" spellcheck=\"true\"><span dir=\"auto\">Queremos criar um movimento que envolva todos, caso contr\u00e1rio, n\u00e3o conseguiremos sair desta situa\u00e7\u00e3o. Nunca houve na FIGC uma dire\u00e7\u00e3o t\u00e9cnica como a confiada a Paolo; ela unir\u00e1 mundos que t\u00eam lutado para interagir at\u00e9 agora. Nesse aspecto, o futebol italiano est\u00e1 atrasado, falta proatividade; precisamos de uma nova metodologia que permita que o sistema cres\u00e7a.&#8221; Leonardo continuou: <strong>&#8220;O perfil de um treinador? Existem muitos tipos de treinadores; buscamos uma harmonia de pensamento<\/strong>. A dire\u00e7\u00e3o t\u00e9cnica dar\u00e1 o tom, uma metodologia de treinamento que se dissemina.&#8221;<\/span><\/p>\n<figure id=\"attachment_17036\" aria-describedby=\"caption-attachment-17036\" style=\"width: 449px\" class=\"wp-caption alignnone\"><img data-recalc-dims=\"1\" loading=\"lazy\" decoding=\"async\" data-attachment-id=\"17036\" data-permalink=\"https:\/\/blogdoprosperi.com\/?attachment_id=17036\" data-orig-file=\"https:\/\/i0.wp.com\/blogdoprosperi.com\/wp-content\/uploads\/2016\/07\/nintchdbpict000253431418.jpg?fit=706%2C960&amp;ssl=1\" data-orig-size=\"706,960\" data-comments-opened=\"1\" data-image-meta=\"{&quot;aperture&quot;:&quot;0&quot;,&quot;credit&quot;:&quot;EPA&quot;,&quot;camera&quot;:&quot;&quot;,&quot;caption&quot;:&quot;epa05433837 Manchester City&#039;s coach Josep &#039;Pep&#039; Guardiola reacts during the friendly soccer match between FC Bayern Munich and Manchester City at the Allianz Arena in Munich, Germany, 20 July 2016. EPA\/MATTHIAS BALK&quot;,&quot;created_timestamp&quot;:&quot;0&quot;,&quot;copyright&quot;:&quot;EPA&quot;,&quot;focal_length&quot;:&quot;0&quot;,&quot;iso&quot;:&quot;0&quot;,&quot;shutter_speed&quot;:&quot;0&quot;,&quot;title&quot;:&quot;Soccer friendly - FC Bayern Munich vs Manchester City&quot;,&quot;orientation&quot;:&quot;65537&quot;}\" data-image-title=\"Soccer friendly &amp;#8211; FC Bayern Munich vs Manchester City\" data-image-description=\"\" data-image-caption=\"&lt;p&gt;Guardiola, o preferido da It\u00e1lia, teria pedido 20 milh\u00f5es de euros \u2013foto: EPA\/MATTHIAS BALK&lt;\/p&gt;\n\" data-large-file=\"https:\/\/i0.wp.com\/blogdoprosperi.com\/wp-content\/uploads\/2016\/07\/nintchdbpict000253431418.jpg?fit=706%2C960&amp;ssl=1\" class=\" wp-image-17036\" src=\"https:\/\/i0.wp.com\/blogdoprosperi.com\/wp-content\/uploads\/2016\/07\/nintchdbpict000253431418.jpg?resize=449%2C611&#038;ssl=1\" alt=\"\" width=\"449\" height=\"611\" \/><figcaption id=\"caption-attachment-17036\" class=\"wp-caption-text\">Guardiola, o preferido da It\u00e1lia, teria pedido 20 milh\u00f5es de euros \u2013foto: Mathias Balk<\/figcaption><\/figure>\n<p class=\"paragraph is-inline\" spellcheck=\"true\"><span dir=\"auto\">Malag\u00f2 apresentou sua nova equipe: &#8220;Sou bom em persuadir e queria encerrar com Paolo e Leonardo primeiro. O t\u00e9cnico \u00e9 um ponto, mas h\u00e1 outros e outros perfis para trabalhar; compartilhar \u00e9 essencial. <strong>Estou falando de um projeto de seis anos, que espero que seja confirmado<\/strong>; Paolo conversou com os presidentes sobre oito a dez anos. Queremos diminuir a dist\u00e2ncia para as outras sele\u00e7\u00f5es nacionais, o que \u00e9 evidente. Contei uma anedota aos presidentes da S\u00e9rie A: com Maldini e Leo, dinheiro nunca foi um problema. E eles n\u00e3o pediram pr\u00eamios ou b\u00f4nus, porque s\u00e3o vencedores.&#8221; <\/span><\/p>\n<\/div>\n","protected":false},"excerpt":{"rendered":"<p>Carlo Ancelotti est\u00e1 nos planos da It\u00e1lia para assumir de imediato o comando da Azzurra. Confira manchete do [&hellip;]<\/p>\n","protected":false},"author":102107496,"featured_media":59327,"comment_status":"open","ping_status":"open","sticky":false,"template":"","format":"standard","meta":{"_coblocks_attr":"","_coblocks_dimensions":"","_coblocks_responsive_height":"","_coblocks_accordion_ie_support":"","_jetpack_newsletter_access":"","_jetpack_dont_email_post_to_subs":false,"_jetpack_newsletter_tier_id":0,"_jetpack_memberships_contains_paywalled_content":false,"_wpcom_ai_launchpad_first_post":false,"_jetpack_feature_clip_id":0,"_jetpack_memberships_contains_paid_content":false,"footnotes":"","jetpack_publicize_message":"","jetpack_publicize_feature_enabled":true,"jetpack_social_post_already_shared":true,"jetpack_social_options":{"image_generator_settings":{"template":"highway","default_image_id":0,"font":"","enabled":false},"version":2},"jetpack_post_was_ever_published":false},"categories":[53870],"tags":[1016127,789560569,789560740],"class_list":["post-61125","post","type-post","status-publish","format-standard","has-post-thumbnail","hentry","category-futebol","tag-ancelotti","tag-cbf","tag-selecaoitaliana"],"yoast_head":"<!-- This site is optimized with the Yoast SEO plugin v28.3 - https:\/\/yoast.com\/product\/yoast-seo-wordpress\/ -->\n<title>It\u00e1lia quer Ancelotti: Treinador da Sele\u00e7\u00e3o Brasileira conversa com Maldini e Leonardo - PR\u00d3SPERI NEWS<\/title>\n<meta name=\"robots\" content=\"index, follow, max-snippet:-1, max-image-preview:large, max-video-preview:-1\" \/>\n<link rel=\"canonical\" href=\"https:\/\/blogdoprosperi.com\/?p=61125\" \/>\n<meta property=\"og:locale\" content=\"pt_BR\" \/>\n<meta property=\"og:type\" content=\"article\" \/>\n<meta property=\"og:title\" content=\"It\u00e1lia quer Ancelotti: Treinador da Sele\u00e7\u00e3o Brasileira conversa com Maldini e Leonardo - PR\u00d3SPERI NEWS\" \/>\n<meta property=\"og:description\" content=\"Carlo Ancelotti est\u00e1 nos planos da It\u00e1lia para assumir de imediato o comando da Azzurra. Confira manchete do [&hellip;]\" \/>\n<meta property=\"og:url\" content=\"https:\/\/blogdoprosperi.com\/?p=61125\" \/>\n<meta property=\"og:site_name\" content=\"PR\u00d3SPERI NEWS\" \/>\n<meta property=\"article:publisher\" content=\"Luiz Pr\u00f3speri\" \/>\n<meta property=\"article:author\" content=\"Luiz Pr\u00f3speri\" \/>\n<meta property=\"article:published_time\" content=\"2026-07-23T13:56:14+00:00\" \/>\n<meta property=\"article:modified_time\" content=\"2026-07-23T14:20:30+00:00\" \/>\n<meta property=\"og:image\" content=\"https:\/\/i0.wp.com\/blogdoprosperi.com\/wp-content\/uploads\/2026\/06\/carlo-ancelotti-brasil-x-panama2-1.webp?fit=900%2C600&ssl=1\" \/>\n\t<meta property=\"og:image:width\" content=\"900\" \/>\n\t<meta property=\"og:image:height\" content=\"600\" \/>\n\t<meta property=\"og:image:type\" content=\"image\/webp\" \/>\n<meta name=\"author\" content=\"Luiz Ant\u00f4nio Pr\u00f3speri\" \/>\n<meta name=\"twitter:card\" content=\"summary_large_image\" \/>\n<meta name=\"twitter:creator\" content=\"@Luizprosperi\" \/>\n<meta name=\"twitter:site\" content=\"@Luizprosperi\" \/>\n<meta name=\"twitter:label1\" content=\"Escrito por\" \/>\n\t<meta name=\"twitter:data1\" content=\"Luiz Ant\u00f4nio Pr\u00f3speri\" \/>\n\t<meta name=\"twitter:label2\" content=\"Est. tempo de leitura\" \/>\n\t<meta name=\"twitter:data2\" content=\"4 minutos\" \/>\n<script type=\"application\/ld+json\" class=\"yoast-schema-graph\">{\"@context\":\"https:\\\/\\\/schema.org\",\"@graph\":[{\"@type\":\"Article\",\"@id\":\"https:\\\/\\\/blogdoprosperi.com\\\/?p=61125#article\",\"isPartOf\":{\"@id\":\"https:\\\/\\\/blogdoprosperi.com\\\/?p=61125\"},\"author\":{\"name\":\"Luiz Ant\u00f4nio Pr\u00f3speri\",\"@id\":\"https:\\\/\\\/blogdoprosperi.com\\\/#\\\/schema\\\/person\\\/38100755ce3601861ee4fab9b5aa78e9\"},\"headline\":\"It\u00e1lia quer Ancelotti: Treinador da Sele\u00e7\u00e3o Brasileira conversa com Maldini e Leonardo\",\"datePublished\":\"2026-07-23T13:56:14+00:00\",\"dateModified\":\"2026-07-23T14:20:30+00:00\",\"mainEntityOfPage\":{\"@id\":\"https:\\\/\\\/blogdoprosperi.com\\\/?p=61125\"},\"wordCount\":776,\"commentCount\":0,\"publisher\":{\"@id\":\"https:\\\/\\\/blogdoprosperi.com\\\/#\\\/schema\\\/person\\\/38100755ce3601861ee4fab9b5aa78e9\"},\"image\":{\"@id\":\"https:\\\/\\\/blogdoprosperi.com\\\/?p=61125#primaryimage\"},\"thumbnailUrl\":\"https:\\\/\\\/i0.wp.com\\\/blogdoprosperi.com\\\/wp-content\\\/uploads\\\/2026\\\/06\\\/carlo-ancelotti-brasil-x-panama2-1.webp?fit=900%2C600&ssl=1\",\"keywords\":[\"Ancelotti\",\"CBF\",\"sele\u00e7\u00e3oitaliana\"],\"articleSection\":[\"futebol\"],\"inLanguage\":\"pt-BR\",\"potentialAction\":[{\"@type\":\"CommentAction\",\"name\":\"Comment\",\"target\":[\"https:\\\/\\\/blogdoprosperi.com\\\/?p=61125#respond\"]}]},{\"@type\":\"WebPage\",\"@id\":\"https:\\\/\\\/blogdoprosperi.com\\\/?p=61125\",\"url\":\"https:\\\/\\\/blogdoprosperi.com\\\/?p=61125\",\"name\":\"It\u00e1lia quer Ancelotti: Treinador da Sele\u00e7\u00e3o Brasileira conversa com Maldini e Leonardo - PR\u00d3SPERI NEWS\",\"isPartOf\":{\"@id\":\"https:\\\/\\\/blogdoprosperi.com\\\/#website\"},\"primaryImageOfPage\":{\"@id\":\"https:\\\/\\\/blogdoprosperi.com\\\/?p=61125#primaryimage\"},\"image\":{\"@id\":\"https:\\\/\\\/blogdoprosperi.com\\\/?p=61125#primaryimage\"},\"thumbnailUrl\":\"https:\\\/\\\/i0.wp.com\\\/blogdoprosperi.com\\\/wp-content\\\/uploads\\\/2026\\\/06\\\/carlo-ancelotti-brasil-x-panama2-1.webp?fit=900%2C600&ssl=1\",\"datePublished\":\"2026-07-23T13:56:14+00:00\",\"dateModified\":\"2026-07-23T14:20:30+00:00\",\"breadcrumb\":{\"@id\":\"https:\\\/\\\/blogdoprosperi.com\\\/?p=61125#breadcrumb\"},\"inLanguage\":\"pt-BR\",\"potentialAction\":[{\"@type\":\"ReadAction\",\"target\":[\"https:\\\/\\\/blogdoprosperi.com\\\/?p=61125\"]}]},{\"@type\":\"ImageObject\",\"inLanguage\":\"pt-BR\",\"@id\":\"https:\\\/\\\/blogdoprosperi.com\\\/?p=61125#primaryimage\",\"url\":\"https:\\\/\\\/i0.wp.com\\\/blogdoprosperi.com\\\/wp-content\\\/uploads\\\/2026\\\/06\\\/carlo-ancelotti-brasil-x-panama2-1.webp?fit=900%2C600&ssl=1\",\"contentUrl\":\"https:\\\/\\\/i0.wp.com\\\/blogdoprosperi.com\\\/wp-content\\\/uploads\\\/2026\\\/06\\\/carlo-ancelotti-brasil-x-panama2-1.webp?fit=900%2C600&ssl=1\",\"width\":900,\"height\":600},{\"@type\":\"BreadcrumbList\",\"@id\":\"https:\\\/\\\/blogdoprosperi.com\\\/?p=61125#breadcrumb\",\"itemListElement\":[{\"@type\":\"ListItem\",\"position\":1,\"name\":\"In\u00edcio\",\"item\":\"https:\\\/\\\/blogdoprosperi.com\\\/\"},{\"@type\":\"ListItem\",\"position\":2,\"name\":\"It\u00e1lia quer Ancelotti: Treinador da Sele\u00e7\u00e3o Brasileira conversa com Maldini e Leonardo\"}]},{\"@type\":\"WebSite\",\"@id\":\"https:\\\/\\\/blogdoprosperi.com\\\/#website\",\"url\":\"https:\\\/\\\/blogdoprosperi.com\\\/\",\"name\":\"PR\u00d3SPERI NEWS\",\"description\":\"TUDO \u00c9  FUTEBOL\",\"publisher\":{\"@id\":\"https:\\\/\\\/blogdoprosperi.com\\\/#\\\/schema\\\/person\\\/38100755ce3601861ee4fab9b5aa78e9\"},\"alternateName\":\"blogdoprosperi.com\",\"potentialAction\":[{\"@type\":\"SearchAction\",\"target\":{\"@type\":\"EntryPoint\",\"urlTemplate\":\"https:\\\/\\\/blogdoprosperi.com\\\/?s={search_term_string}\"},\"query-input\":{\"@type\":\"PropertyValueSpecification\",\"valueRequired\":true,\"valueName\":\"search_term_string\"}}],\"inLanguage\":\"pt-BR\"},{\"@type\":[\"Person\",\"Organization\"],\"@id\":\"https:\\\/\\\/blogdoprosperi.com\\\/#\\\/schema\\\/person\\\/38100755ce3601861ee4fab9b5aa78e9\",\"name\":\"Luiz Ant\u00f4nio Pr\u00f3speri\",\"pronouns\":\"ele\",\"image\":{\"@type\":\"ImageObject\",\"inLanguage\":\"pt-BR\",\"@id\":\"https:\\\/\\\/i0.wp.com\\\/blogdoprosperi.com\\\/wp-content\\\/uploads\\\/2026\\\/05\\\/cropped-8059e613-6002-42fa-961e-8e275f575d71-2-5.jpg?fit=1360%2C931&ssl=1\",\"url\":\"https:\\\/\\\/i0.wp.com\\\/blogdoprosperi.com\\\/wp-content\\\/uploads\\\/2026\\\/05\\\/cropped-8059e613-6002-42fa-961e-8e275f575d71-2-5.jpg?fit=1360%2C931&ssl=1\",\"contentUrl\":\"https:\\\/\\\/i0.wp.com\\\/blogdoprosperi.com\\\/wp-content\\\/uploads\\\/2026\\\/05\\\/cropped-8059e613-6002-42fa-961e-8e275f575d71-2-5.jpg?fit=1360%2C931&ssl=1\",\"width\":1360,\"height\":931,\"caption\":\"Luiz Ant\u00f4nio Pr\u00f3speri\"},\"logo\":{\"@id\":\"https:\\\/\\\/i0.wp.com\\\/blogdoprosperi.com\\\/wp-content\\\/uploads\\\/2026\\\/05\\\/cropped-8059e613-6002-42fa-961e-8e275f575d71-2-5.jpg?fit=1360%2C931&ssl=1\"},\"description\":\"Jornalista com carreira dedicada ao esporte. Cobriu 9 Copas do Mundo in loco, 1990 na It\u00e1lia, 1994 nos EUA, 1998 na Fran\u00e7a, 2002 na Coreia do Sul e Jap\u00e3o, 2006 na Alemanha, 2010 na \u00c1frica do Sul, 2014 no Brasil, 2018 na R\u00fassia e 2022 no Qatar. Eurocopas, 1992 na Su\u00e9cia e 1996 na Inglaterra. Copa das Confedera\u00e7\u00f5es de 2005 na Alemanha e 2009 na \u00c1frica do Sul. Rep\u00f3rter e Editor, trabalhou no Jornal da Tarde e Estad\u00e3o, de 1984 a fevereiro de 2016. Colunista, blogueiro. E comentarista de futebol na R\u00e1dio Estad\u00e3o, de 2013 a fevereiro de 2016. Jornalista respons\u00e1vel do \\\"Pr\u00f3speri News\\\" (blogdoprosperi.com).\",\"sameAs\":[\"http:\\\/\\\/blogdoprosperi.com\",\"Luiz Pr\u00f3speri\",\"@luiz_prosperi\",\"https:\\\/\\\/x.com\\\/Luizprosperi\",\"@prosperinacopa\",\"luiz.prosperi@icloud.com\"],\"url\":\"https:\\\/\\\/blogdoprosperi.com\\\/?author=102107496\"}]}<\/script>\n<!-- \/ Yoast SEO plugin. -->","yoast_head_json":{"title":"It\u00e1lia quer Ancelotti: Treinador da Sele\u00e7\u00e3o Brasileira conversa com Maldini e Leonardo - PR\u00d3SPERI NEWS","robots":{"index":"index","follow":"follow","max-snippet":"max-snippet:-1","max-image-preview":"max-image-preview:large","max-video-preview":"max-video-preview:-1"},"canonical":"https:\/\/blogdoprosperi.com\/?p=61125","og_locale":"pt_BR","og_type":"article","og_title":"It\u00e1lia quer Ancelotti: Treinador da Sele\u00e7\u00e3o Brasileira conversa com Maldini e Leonardo - PR\u00d3SPERI NEWS","og_description":"Carlo Ancelotti est\u00e1 nos planos da It\u00e1lia para assumir de imediato o comando da Azzurra. Confira manchete do [&hellip;]","og_url":"https:\/\/blogdoprosperi.com\/?p=61125","og_site_name":"PR\u00d3SPERI NEWS","article_publisher":"Luiz Pr\u00f3speri","article_author":"Luiz Pr\u00f3speri","article_published_time":"2026-07-23T13:56:14+00:00","article_modified_time":"2026-07-23T14:20:30+00:00","og_image":[{"width":900,"height":600,"url":"https:\/\/i0.wp.com\/blogdoprosperi.com\/wp-content\/uploads\/2026\/06\/carlo-ancelotti-brasil-x-panama2-1.webp?fit=900%2C600&ssl=1","type":"image\/webp"}],"author":"Luiz Ant\u00f4nio Pr\u00f3speri","twitter_card":"summary_large_image","twitter_creator":"@Luizprosperi","twitter_site":"@Luizprosperi","twitter_misc":{"Escrito por":"Luiz Ant\u00f4nio Pr\u00f3speri","Est. tempo de leitura":"4 minutos"},"schema":{"@context":"https:\/\/schema.org","@graph":[{"@type":"Article","@id":"https:\/\/blogdoprosperi.com\/?p=61125#article","isPartOf":{"@id":"https:\/\/blogdoprosperi.com\/?p=61125"},"author":{"name":"Luiz Ant\u00f4nio Pr\u00f3speri","@id":"https:\/\/blogdoprosperi.com\/#\/schema\/person\/38100755ce3601861ee4fab9b5aa78e9"},"headline":"It\u00e1lia quer Ancelotti: Treinador da Sele\u00e7\u00e3o Brasileira conversa com Maldini e Leonardo","datePublished":"2026-07-23T13:56:14+00:00","dateModified":"2026-07-23T14:20:30+00:00","mainEntityOfPage":{"@id":"https:\/\/blogdoprosperi.com\/?p=61125"},"wordCount":776,"commentCount":0,"publisher":{"@id":"https:\/\/blogdoprosperi.com\/#\/schema\/person\/38100755ce3601861ee4fab9b5aa78e9"},"image":{"@id":"https:\/\/blogdoprosperi.com\/?p=61125#primaryimage"},"thumbnailUrl":"https:\/\/i0.wp.com\/blogdoprosperi.com\/wp-content\/uploads\/2026\/06\/carlo-ancelotti-brasil-x-panama2-1.webp?fit=900%2C600&ssl=1","keywords":["Ancelotti","CBF","sele\u00e7\u00e3oitaliana"],"articleSection":["futebol"],"inLanguage":"pt-BR","potentialAction":[{"@type":"CommentAction","name":"Comment","target":["https:\/\/blogdoprosperi.com\/?p=61125#respond"]}]},{"@type":"WebPage","@id":"https:\/\/blogdoprosperi.com\/?p=61125","url":"https:\/\/blogdoprosperi.com\/?p=61125","name":"It\u00e1lia quer Ancelotti: Treinador da Sele\u00e7\u00e3o Brasileira conversa com Maldini e Leonardo - PR\u00d3SPERI NEWS","isPartOf":{"@id":"https:\/\/blogdoprosperi.com\/#website"},"primaryImageOfPage":{"@id":"https:\/\/blogdoprosperi.com\/?p=61125#primaryimage"},"image":{"@id":"https:\/\/blogdoprosperi.com\/?p=61125#primaryimage"},"thumbnailUrl":"https:\/\/i0.wp.com\/blogdoprosperi.com\/wp-content\/uploads\/2026\/06\/carlo-ancelotti-brasil-x-panama2-1.webp?fit=900%2C600&ssl=1","datePublished":"2026-07-23T13:56:14+00:00","dateModified":"2026-07-23T14:20:30+00:00","breadcrumb":{"@id":"https:\/\/blogdoprosperi.com\/?p=61125#breadcrumb"},"inLanguage":"pt-BR","potentialAction":[{"@type":"ReadAction","target":["https:\/\/blogdoprosperi.com\/?p=61125"]}]},{"@type":"ImageObject","inLanguage":"pt-BR","@id":"https:\/\/blogdoprosperi.com\/?p=61125#primaryimage","url":"https:\/\/i0.wp.com\/blogdoprosperi.com\/wp-content\/uploads\/2026\/06\/carlo-ancelotti-brasil-x-panama2-1.webp?fit=900%2C600&ssl=1","contentUrl":"https:\/\/i0.wp.com\/blogdoprosperi.com\/wp-content\/uploads\/2026\/06\/carlo-ancelotti-brasil-x-panama2-1.webp?fit=900%2C600&ssl=1","width":900,"height":600},{"@type":"BreadcrumbList","@id":"https:\/\/blogdoprosperi.com\/?p=61125#breadcrumb","itemListElement":[{"@type":"ListItem","position":1,"name":"In\u00edcio","item":"https:\/\/blogdoprosperi.com\/"},{"@type":"ListItem","position":2,"name":"It\u00e1lia quer Ancelotti: Treinador da Sele\u00e7\u00e3o Brasileira conversa com Maldini e Leonardo"}]},{"@type":"WebSite","@id":"https:\/\/blogdoprosperi.com\/#website","url":"https:\/\/blogdoprosperi.com\/","name":"PR\u00d3SPERI NEWS","description":"TUDO \u00c9  FUTEBOL","publisher":{"@id":"https:\/\/blogdoprosperi.com\/#\/schema\/person\/38100755ce3601861ee4fab9b5aa78e9"},"alternateName":"blogdoprosperi.com","potentialAction":[{"@type":"SearchAction","target":{"@type":"EntryPoint","urlTemplate":"https:\/\/blogdoprosperi.com\/?s={search_term_string}"},"query-input":{"@type":"PropertyValueSpecification","valueRequired":true,"valueName":"search_term_string"}}],"inLanguage":"pt-BR"},{"@type":["Person","Organization"],"@id":"https:\/\/blogdoprosperi.com\/#\/schema\/person\/38100755ce3601861ee4fab9b5aa78e9","name":"Luiz Ant\u00f4nio Pr\u00f3speri","pronouns":"ele","image":{"@type":"ImageObject","inLanguage":"pt-BR","@id":"https:\/\/i0.wp.com\/blogdoprosperi.com\/wp-content\/uploads\/2026\/05\/cropped-8059e613-6002-42fa-961e-8e275f575d71-2-5.jpg?fit=1360%2C931&ssl=1","url":"https:\/\/i0.wp.com\/blogdoprosperi.com\/wp-content\/uploads\/2026\/05\/cropped-8059e613-6002-42fa-961e-8e275f575d71-2-5.jpg?fit=1360%2C931&ssl=1","contentUrl":"https:\/\/i0.wp.com\/blogdoprosperi.com\/wp-content\/uploads\/2026\/05\/cropped-8059e613-6002-42fa-961e-8e275f575d71-2-5.jpg?fit=1360%2C931&ssl=1","width":1360,"height":931,"caption":"Luiz Ant\u00f4nio Pr\u00f3speri"},"logo":{"@id":"https:\/\/i0.wp.com\/blogdoprosperi.com\/wp-content\/uploads\/2026\/05\/cropped-8059e613-6002-42fa-961e-8e275f575d71-2-5.jpg?fit=1360%2C931&ssl=1"},"description":"Jornalista com carreira dedicada ao esporte. Cobriu 9 Copas do Mundo in loco, 1990 na It\u00e1lia, 1994 nos EUA, 1998 na Fran\u00e7a, 2002 na Coreia do Sul e Jap\u00e3o, 2006 na Alemanha, 2010 na \u00c1frica do Sul, 2014 no Brasil, 2018 na R\u00fassia e 2022 no Qatar. Eurocopas, 1992 na Su\u00e9cia e 1996 na Inglaterra. Copa das Confedera\u00e7\u00f5es de 2005 na Alemanha e 2009 na \u00c1frica do Sul. Rep\u00f3rter e Editor, trabalhou no Jornal da Tarde e Estad\u00e3o, de 1984 a fevereiro de 2016. Colunista, blogueiro. E comentarista de futebol na R\u00e1dio Estad\u00e3o, de 2013 a fevereiro de 2016. Jornalista respons\u00e1vel do \"Pr\u00f3speri News\" (blogdoprosperi.com).","sameAs":["http:\/\/blogdoprosperi.com","Luiz Pr\u00f3speri","@luiz_prosperi","https:\/\/x.com\/Luizprosperi","@prosperinacopa","luiz.prosperi@icloud.com"],"url":"https:\/\/blogdoprosperi.com\/?author=102107496"}]}},"jetpack_publicize_connections":[],"jetpack_likes_enabled":false,"jetpack_sharing_enabled":true,"jetpack_shortlink":"https:\/\/wp.me\/p7jvdk-fTT","jetpack-related-posts":[{"id":61183,"url":"https:\/\/blogdoprosperi.com\/?p=61183","url_meta":{"origin":61125,"position":0},"title":"Nem Ancelotti nem Guardiola, It\u00e1lia vai de Pirlo","author":"Luiz Ant\u00f4nio Pr\u00f3speri","date":"24 de julho de 2026","format":false,"excerpt":"Pep Guardiola anuncia que n\u00e3o vai comandar a Sele\u00e7\u00e3o Italiana. Carlo Ancelotti muito menos, apesar de n\u00e3o se manifestar de forma oficial. Ent\u00e3o, a miss\u00e3o agora \u00e9 de Andrea Pirlo, campe\u00e3o mundial com Azzurra na Copa de 2006, encarregado de trazer a It\u00e1lia a um novo tempo e voltar a\u2026","rel":"","context":"Em &quot;futebol&quot;","block_context":{"text":"futebol","link":"https:\/\/blogdoprosperi.com\/?cat=53870"},"img":{"alt_text":"","src":"https:\/\/i0.wp.com\/blogdoprosperi.com\/wp-content\/uploads\/2026\/07\/Pirlo.jpg?fit=1200%2C675&ssl=1&resize=350%2C200","width":350,"height":200,"srcset":"https:\/\/i0.wp.com\/blogdoprosperi.com\/wp-content\/uploads\/2026\/07\/Pirlo.jpg?fit=1200%2C675&ssl=1&resize=350%2C200 1x, https:\/\/i0.wp.com\/blogdoprosperi.com\/wp-content\/uploads\/2026\/07\/Pirlo.jpg?fit=1200%2C675&ssl=1&resize=525%2C300 1.5x, https:\/\/i0.wp.com\/blogdoprosperi.com\/wp-content\/uploads\/2026\/07\/Pirlo.jpg?fit=1200%2C675&ssl=1&resize=700%2C400 2x, https:\/\/i0.wp.com\/blogdoprosperi.com\/wp-content\/uploads\/2026\/07\/Pirlo.jpg?fit=1200%2C675&ssl=1&resize=1050%2C600 3x"},"classes":[]},{"id":60891,"url":"https:\/\/blogdoprosperi.com\/?p=60891","url_meta":{"origin":61125,"position":1},"title":"It\u00e1lia quer Guardiola: Maldini e Leonardo se encontram com o treinador, mas a partida caminha para um jogo sem gols","author":"Luiz Ant\u00f4nio Pr\u00f3speri","date":"20 de julho de 2026","format":false,"excerpt":"Not\u00edcia desta segunda-feira (20\/7) no jornal Gazzetta dello Sport: It\u00e1lia quer Guardiola no comando da sele\u00e7\u00e3o Azzurra. Acompanhe aqui: A disputa pela vaga no banco da Azzurra parece ser uma batalha entre tr\u00eas: Pirlo, Mancini e o catal\u00e3o. Maldini e Leo passaram o fim de semana em Barcelona com ele\u2026","rel":"","context":"Em &quot;futebol&quot;","block_context":{"text":"futebol","link":"https:\/\/blogdoprosperi.com\/?cat=53870"},"img":{"alt_text":"Guardiola \u00e9 tema de document\u00e1rio na Amazon Prime Video","src":"https:\/\/i0.wp.com\/blogdoprosperi.com\/wp-content\/uploads\/2022\/12\/gettyimages-1413449937.webp?fit=1200%2C675&ssl=1&resize=350%2C200","width":350,"height":200,"srcset":"https:\/\/i0.wp.com\/blogdoprosperi.com\/wp-content\/uploads\/2022\/12\/gettyimages-1413449937.webp?fit=1200%2C675&ssl=1&resize=350%2C200 1x, https:\/\/i0.wp.com\/blogdoprosperi.com\/wp-content\/uploads\/2022\/12\/gettyimages-1413449937.webp?fit=1200%2C675&ssl=1&resize=525%2C300 1.5x, https:\/\/i0.wp.com\/blogdoprosperi.com\/wp-content\/uploads\/2022\/12\/gettyimages-1413449937.webp?fit=1200%2C675&ssl=1&resize=700%2C400 2x, https:\/\/i0.wp.com\/blogdoprosperi.com\/wp-content\/uploads\/2022\/12\/gettyimages-1413449937.webp?fit=1200%2C675&ssl=1&resize=1050%2C600 3x"},"classes":[]},{"id":41732,"url":"https:\/\/blogdoprosperi.com\/?p=41732","url_meta":{"origin":61125,"position":2},"title":"Abel Ferreira, do Palmeiras, a caminho da Sele\u00e7\u00e3o Brasileira","author":"Luiz Ant\u00f4nio Pr\u00f3speri","date":"9 de junho de 2023","format":false,"excerpt":"Se Ancelotti der um \"N\u00e3o\" definitivo ao presidente da CBF, na semana de 17 de junho no amistoso do Brasil contra Guin\u00e9 na Espanha, Abel Ferreira ser\u00e1 procurado pela CBF. E a\u00ed vai depender apenas de um \"Sim\" do portugu\u00eas para ser o novo t\u00e9cnico da Sele\u00e7\u00e3o Brasileira","rel":"","context":"Em &quot;CBF&quot;","block_context":{"text":"CBF","link":"https:\/\/blogdoprosperi.com\/?cat=570700"},"img":{"alt_text":"","src":"https:\/\/i0.wp.com\/blogdoprosperi.com\/wp-content\/uploads\/2023\/01\/52654938326_bd288e38ed_c.jpg?fit=800%2C450&ssl=1&resize=350%2C200","width":350,"height":200,"srcset":"https:\/\/i0.wp.com\/blogdoprosperi.com\/wp-content\/uploads\/2023\/01\/52654938326_bd288e38ed_c.jpg?fit=800%2C450&ssl=1&resize=350%2C200 1x, https:\/\/i0.wp.com\/blogdoprosperi.com\/wp-content\/uploads\/2023\/01\/52654938326_bd288e38ed_c.jpg?fit=800%2C450&ssl=1&resize=525%2C300 1.5x, https:\/\/i0.wp.com\/blogdoprosperi.com\/wp-content\/uploads\/2023\/01\/52654938326_bd288e38ed_c.jpg?fit=800%2C450&ssl=1&resize=700%2C400 2x"},"classes":[]},{"id":41200,"url":"https:\/\/blogdoprosperi.com\/?p=41200","url_meta":{"origin":61125,"position":3},"title":"CBF desliga Tite da Sele\u00e7\u00e3o e sai em busca do sucessor; Galv\u00e3o Bueno pede Ancelotti-Falc\u00e3o","author":"Luiz Ant\u00f4nio Pr\u00f3speri","date":"17 de janeiro de 2023","format":false,"excerpt":"Tite \u00e9 desligado da Sele\u00e7\u00e3o Brasileira. Presidente da CBF inicia os trabalhos em busca de um novo treinador. E Galv\u00e3o Bueno lan\u00e7a dobradinha Carlo Ancelotti e Falc\u00e3o.","rel":"","context":"Em &quot;copa do mundo catar 2022&quot;","block_context":{"text":"copa do mundo catar 2022","link":"https:\/\/blogdoprosperi.com\/?cat=301049609"},"img":{"alt_text":"","src":"https:\/\/i0.wp.com\/blogdoprosperi.com\/wp-content\/uploads\/2023\/01\/img2746741512324.webp?fit=769%2C514&ssl=1&resize=350%2C200","width":350,"height":200,"srcset":"https:\/\/i0.wp.com\/blogdoprosperi.com\/wp-content\/uploads\/2023\/01\/img2746741512324.webp?fit=769%2C514&ssl=1&resize=350%2C200 1x, https:\/\/i0.wp.com\/blogdoprosperi.com\/wp-content\/uploads\/2023\/01\/img2746741512324.webp?fit=769%2C514&ssl=1&resize=525%2C300 1.5x, https:\/\/i0.wp.com\/blogdoprosperi.com\/wp-content\/uploads\/2023\/01\/img2746741512324.webp?fit=769%2C514&ssl=1&resize=700%2C400 2x"},"classes":[]},{"id":60195,"url":"https:\/\/blogdoprosperi.com\/?p=60195","url_meta":{"origin":61125,"position":4},"title":"Invent\u00e1rio da derrota da Sele\u00e7\u00e3o (epis\u00f3dio 1): Do caos aos vacilos de Ancelotti na Copa 2026","author":"Luiz Ant\u00f4nio Pr\u00f3speri","date":"11 de julho de 2026","format":false,"excerpt":"Luiz Ant\u00f4nio Pr\u00f3speri \u2013 11 julho 2026 (15h25)\u00a0 Invent\u00e1rio da elimina\u00e7\u00e3o do Brasil na Copa do Mundo 2026 come\u00e7a em dezembro de 2022 quando Tite se despede da Sele\u00e7\u00e3o Brasileira ap\u00f3s cair nas quartas de final da Copa no Qatar. Da queda em Doha at\u00e9 dezembro de 2023, a CBF\u2026","rel":"","context":"Em &quot;futebol&quot;","block_context":{"text":"futebol","link":"https:\/\/blogdoprosperi.com\/?cat=53870"},"img":{"alt_text":"","src":"https:\/\/i0.wp.com\/blogdoprosperi.com\/wp-content\/uploads\/2026\/06\/Captura-de-Tela-2026-06-22-as-18.42.01.png?fit=1182%2C926&ssl=1&resize=350%2C200","width":350,"height":200,"srcset":"https:\/\/i0.wp.com\/blogdoprosperi.com\/wp-content\/uploads\/2026\/06\/Captura-de-Tela-2026-06-22-as-18.42.01.png?fit=1182%2C926&ssl=1&resize=350%2C200 1x, https:\/\/i0.wp.com\/blogdoprosperi.com\/wp-content\/uploads\/2026\/06\/Captura-de-Tela-2026-06-22-as-18.42.01.png?fit=1182%2C926&ssl=1&resize=525%2C300 1.5x, https:\/\/i0.wp.com\/blogdoprosperi.com\/wp-content\/uploads\/2026\/06\/Captura-de-Tela-2026-06-22-as-18.42.01.png?fit=1182%2C926&ssl=1&resize=700%2C400 2x, https:\/\/i0.wp.com\/blogdoprosperi.com\/wp-content\/uploads\/2026\/06\/Captura-de-Tela-2026-06-22-as-18.42.01.png?fit=1182%2C926&ssl=1&resize=1050%2C600 3x"},"classes":[]},{"id":61322,"url":"https:\/\/blogdoprosperi.com\/?p=61322","url_meta":{"origin":61125,"position":5},"title":"Entenda crise na Sele\u00e7\u00e3o Italiana: Pirlo desiste, Maldini e Leonardo renunciam e o brasileiro Thiago Motta ganha for\u00e7a","author":"Luiz Ant\u00f4nio Pr\u00f3speri","date":"27 de julho de 2026","format":false,"excerpt":"A Federa\u00e7\u00e3o Italiana de Futebol est\u00e1 em crise.\u00a0Andrea Pirlo\u00a0n\u00e3o ser\u00e1 o t\u00e9cnico da sele\u00e7\u00e3o nacional, e a decis\u00e3o ter\u00e1 consequ\u00eancias inevit\u00e1veis. Primeiro,\u00a0Giovanni Malag\u00f2, presidente da Federa\u00e7\u00e3o Italiana de Futebol (FIGC), ter\u00e1 que encontrar rapidamente outro nome para apresentar ao Conselho Federal amanh\u00e3. Ele n\u00e3o far\u00e1 isso ao lado de Paolo\u2026","rel":"","context":"Em &quot;futebol&quot;","block_context":{"text":"futebol","link":"https:\/\/blogdoprosperi.com\/?cat=53870"},"img":{"alt_text":"","src":"https:\/\/i0.wp.com\/blogdoprosperi.com\/wp-content\/uploads\/2026\/07\/Captura-de-Tela-2026-07-27-as-15.25.55.png?fit=1200%2C922&ssl=1&resize=350%2C200","width":350,"height":200,"srcset":"https:\/\/i0.wp.com\/blogdoprosperi.com\/wp-content\/uploads\/2026\/07\/Captura-de-Tela-2026-07-27-as-15.25.55.png?fit=1200%2C922&ssl=1&resize=350%2C200 1x, https:\/\/i0.wp.com\/blogdoprosperi.com\/wp-content\/uploads\/2026\/07\/Captura-de-Tela-2026-07-27-as-15.25.55.png?fit=1200%2C922&ssl=1&resize=525%2C300 1.5x, https:\/\/i0.wp.com\/blogdoprosperi.com\/wp-content\/uploads\/2026\/07\/Captura-de-Tela-2026-07-27-as-15.25.55.png?fit=1200%2C922&ssl=1&resize=700%2C400 2x, https:\/\/i0.wp.com\/blogdoprosperi.com\/wp-content\/uploads\/2026\/07\/Captura-de-Tela-2026-07-27-as-15.25.55.png?fit=1200%2C922&ssl=1&resize=1050%2C600 3x"},"classes":[]}],"jetpack_featured_media_url":"https:\/\/i0.wp.com\/blogdoprosperi.com\/wp-content\/uploads\/2026\/06\/carlo-ancelotti-brasil-x-panama2-1.webp?fit=900%2C600&ssl=1","_links":{"self":[{"href":"https:\/\/blogdoprosperi.com\/index.php?rest_route=\/wp\/v2\/posts\/61125","targetHints":{"allow":["GET"]}}],"collection":[{"href":"https:\/\/blogdoprosperi.com\/index.php?rest_route=\/wp\/v2\/posts"}],"about":[{"href":"https:\/\/blogdoprosperi.com\/index.php?rest_route=\/wp\/v2\/types\/post"}],"author":[{"embeddable":true,"href":"https:\/\/blogdoprosperi.com\/index.php?rest_route=\/wp\/v2\/users\/102107496"}],"replies":[{"embeddable":true,"href":"https:\/\/blogdoprosperi.com\/index.php?rest_route=%2Fwp%2Fv2%2Fcomments&post=61125"}],"version-history":[{"count":16,"href":"https:\/\/blogdoprosperi.com\/index.php?rest_route=\/wp\/v2\/posts\/61125\/revisions"}],"predecessor-version":[{"id":61141,"href":"https:\/\/blogdoprosperi.com\/index.php?rest_route=\/wp\/v2\/posts\/61125\/revisions\/61141"}],"wp:featuredmedia":[{"embeddable":true,"href":"https:\/\/blogdoprosperi.com\/index.php?rest_route=\/wp\/v2\/media\/59327"}],"wp:attachment":[{"href":"https:\/\/blogdoprosperi.com\/index.php?rest_route=%2Fwp%2Fv2%2Fmedia&parent=61125"}],"wp:term":[{"taxonomy":"category","embeddable":true,"href":"https:\/\/blogdoprosperi.com\/index.php?rest_route=%2Fwp%2Fv2%2Fcategories&post=61125"},{"taxonomy":"post_tag","embeddable":true,"href":"https:\/\/blogdoprosperi.com\/index.php?rest_route=%2Fwp%2Fv2%2Ftags&post=61125"}],"curies":[{"name":"wp","href":"https:\/\/api.w.org\/{rel}","templated":true}]}}