{"id":61145,"date":"2026-07-24T08:30:57","date_gmt":"2026-07-24T11:30:57","guid":{"rendered":"https:\/\/blogdoprosperi.com\/?p=61145"},"modified":"2026-07-24T06:23:18","modified_gmt":"2026-07-24T09:23:18","slug":"o-que-acontece-botafogo-rejeita-r-148-milhoes-do-palmeiras-por-danilo","status":"publish","type":"post","link":"https:\/\/blogdoprosperi.com\/?p=61145","title":{"rendered":"O que acontece? Botafogo rejeita R$ 148 milh\u00f5es do Palmeiras por Danilo"},"content":{"rendered":"<p><em>Luiz Ant\u00f4nio Pr\u00f3speri \u2013 24 julho 2026 (08h30)&nbsp;<\/em><\/p>\n<p>Botafogo rejeita R$ 148 milh\u00f5es oferecidos pelo Palmeiras para contratar o voltante Danilo. At\u00e9 pouco menos de um m\u00eas, o clube carioca estava atolado em d\u00edvidas de sua SAF do caloteiro americano John Textor. N\u00e3o honrava seus compromissos atrasando sal\u00e1rios de jogadores e de funcion\u00e1rios. De repente, entre idas e vindas na Justi\u00e7a, o Botafogo troca de SAF (Sociedade An\u00f4nima de Futebol) e se d\u00e1 ao luxo de rejeitar quase R$ 150 milh\u00f5es do Palmeiras por um jogador revelado no pr\u00f3prio Palmeiras, coadjuvante da Sele\u00e7\u00e3o Brasileira no fiasco recente na Copa do Mundo 2026, e de passagem curta no rico futebol ingl\u00eas.<\/p>\n<p>Que milagre \u00e9 esse? Cabe aos torcedores do Botafogo pedirem explica\u00e7\u00f5es aos novos propriet\u00e1rios. O clube tem ou n\u00e3o tem dinheiro? As d\u00edvidas, agora enquadradas em um recupera\u00e7\u00e3o judicial, est\u00e3o equacionadas? De onde vem o novo ervan\u00e1rio?<\/p>\n<p>O Palmeiras, na outra ponta do neg\u00f3cio, sai um tanto frustrado da transa\u00e7\u00e3o. Queria sua cria de volta. Tinha e tem dinheiro e, mesmo assim, n\u00e3o consegue trazer o filho de volta para casa.<\/p>\n<figure id=\"attachment_41146\" aria-describedby=\"caption-attachment-41146\" style=\"width: 558px\" class=\"wp-caption alignnone\"><img data-recalc-dims=\"1\" loading=\"lazy\" decoding=\"async\" data-attachment-id=\"41146\" data-permalink=\"https:\/\/blogdoprosperi.com\/?attachment_id=41146\" data-orig-file=\"https:\/\/i0.wp.com\/blogdoprosperi.com\/wp-content\/uploads\/2023\/01\/52620400203_71d1e24d5f_c.jpg?fit=722%2C800&amp;ssl=1\" data-orig-size=\"722,800\" data-comments-opened=\"1\" data-image-meta=\"{&quot;aperture&quot;:&quot;0&quot;,&quot;credit&quot;:&quot;CESAR GRECO&quot;,&quot;camera&quot;:&quot;&quot;,&quot;caption&quot;:&quot;&quot;,&quot;created_timestamp&quot;:&quot;0&quot;,&quot;copyright&quot;:&quot;CESAR GRECO&quot;,&quot;focal_length&quot;:&quot;0&quot;,&quot;iso&quot;:&quot;0&quot;,&quot;shutter_speed&quot;:&quot;0&quot;,&quot;title&quot;:&quot;&quot;,&quot;orientation&quot;:&quot;0&quot;}\" data-image-title=\"Danilo troca Palmeiras por Nottingham da Inglaterra\" data-image-description=\"\" data-image-caption=\"&lt;p&gt;Danilo troca Palmeiras por Nottingham da Inglaterra &amp;#8211; foto: Ag Palmeiras &lt;\/p&gt;\n\" data-large-file=\"https:\/\/i0.wp.com\/blogdoprosperi.com\/wp-content\/uploads\/2023\/01\/52620400203_71d1e24d5f_c.jpg?fit=722%2C800&amp;ssl=1\" src=\"https:\/\/i0.wp.com\/blogdoprosperi.com\/wp-content\/uploads\/2023\/01\/52620400203_71d1e24d5f_c.jpg?resize=558%2C618&#038;ssl=1\" class=\"wp-image-41146\" alt=\"Danilo deixa Palmeiras\" width=\"558\" height=\"618\"><figcaption id=\"caption-attachment-41146\" class=\"wp-caption-text\">Danilo troca Palmeiras por Nottingham da Inglaterra &#8211; foto: Ag Palmeiras<\/figcaption><\/figure>\n<p>A negocia\u00e7\u00e3o Palmeiras-Danilo-Botafogo \u00e9 apenas um detalhe da enorme discrep\u00e2ncia do futebol brasileiro.<\/p>\n<p>Palmeiras e Flamengo, organizados por si s\u00f3, receitas e despesas equacionadas, e equil\u00edbrio financeiro, t\u00eam cacife para revolver a terra no futebol nacional.<\/p>\n<p>Em compensa\u00e7\u00e3o, clubes saud\u00e1veis de outrora vivem \u00e0 beira da fal\u00eancia, o colapso total. S\u00e3o Paulo mergulhado em corrup\u00e7\u00e3o e sem caixa. Mesmo modelo &#8220;adotado&#8221; do Corinthians, um contumaz devo, n\u00e3o nego e n\u00e3o pago.<\/p>\n<p>E o que dizer do Santos? Sal\u00e1rios atrasados de jogadores, d\u00edvida de milh\u00f5es para com Neymar, que seria o messias e hoje \u00e9 o mecenas \u00e0s avessas.<\/p>\n<p>Cen\u00e1rio n\u00e3o muito distante do Sul com Internacional e Gr\u00eamio \u00e0 barafunda. Clubes ga\u00fachos acabaram de perder patroc\u00ednios milion\u00e1rio de Bets. O mesmo se pode dizer de Bahia, apesar do aporte milion\u00e1rio do Grupo City, Vit\u00f3ria e Santos, entre outros times.<\/p>\n<p>Todos esses clubes se viram privados da grana das Bets, tamb\u00e9m endividadas diante da nova regulamenta\u00e7\u00e3o governamental para continuarem operando. Calotes de boa parte das Bets a clubes de futebol e \u00e0 Uni\u00e3o beirando a casa de R$ 1 bilh\u00e3o \u2013 valores a que se tem not\u00edcia. O rombo deve ser bem mais astron\u00f4mico. Temos 187 Bets regularizadas no Brasil.<\/p>\n<p>Fuga das Bets. Futebol brasileiro em baixa no cen\u00e1rio internacional p\u00f3s-fiasco da Sele\u00e7\u00e3o Brasileira, Ancelotti, CBF e jogadores na Copa 2026. Clubes endividados sem perspectivas de mudan\u00e7a a curto prazo. Bets cada vez mais falidas e encurtando a gana nos clubes&#8230; O que fazer?<\/p>\n<p>Por tudo isso, cabe uma pergunta: Por que a SAF Botafogo n\u00e3o aceitou a proposta de R$ 148 milh\u00f5es do Palmeiras por Danilo?<\/p>\n","protected":false},"excerpt":{"rendered":"<p>Luiz Ant\u00f4nio Pr\u00f3speri \u2013 24 julho 2026 (08h30)&nbsp; Botafogo rejeita R$ 148 milh\u00f5es oferecidos pelo Palmeiras para contratar [&hellip;]<\/p>\n","protected":false},"author":102107496,"featured_media":56720,"comment_status":"open","ping_status":"open","sticky":false,"template":"","format":"standard","meta":{"_coblocks_attr":"","_coblocks_dimensions":"","_coblocks_responsive_height":"","_coblocks_accordion_ie_support":"","_jetpack_newsletter_access":"","_jetpack_dont_email_post_to_subs":false,"_jetpack_newsletter_tier_id":0,"_jetpack_memberships_contains_paywalled_content":false,"_wpcom_ai_launchpad_first_post":false,"_jetpack_feature_clip_id":0,"_jetpack_memberships_contains_paid_content":false,"footnotes":"","jetpack_publicize_message":"","jetpack_publicize_feature_enabled":true,"jetpack_social_post_already_shared":true,"jetpack_social_options":{"image_generator_settings":{"template":"highway","default_image_id":0,"font":"","enabled":false},"version":2},"jetpack_post_was_ever_published":false},"categories":[283656,53870],"tags":[103276,342801,789560569,482161,6217,287104],"class_list":["post-61145","post","type-post","status-publish","format-standard","has-post-thumbnail","hentry","category-ultimas","category-futebol","tag-bets","tag-botafogo","tag-cbf","tag-danilo","tag-futebol-brasileiro","tag-palmeiras"],"yoast_head":"<!-- This site is optimized with the Yoast SEO plugin v28.3 - https:\/\/yoast.com\/product\/yoast-seo-wordpress\/ -->\n<title>O que acontece? Botafogo rejeita R$ 148 milh\u00f5es do Palmeiras por Danilo - PR\u00d3SPERI NEWS<\/title>\n<meta name=\"robots\" content=\"index, follow, max-snippet:-1, max-image-preview:large, max-video-preview:-1\" \/>\n<link rel=\"canonical\" href=\"https:\/\/blogdoprosperi.com\/?p=61145\" \/>\n<meta property=\"og:locale\" content=\"pt_BR\" \/>\n<meta property=\"og:type\" content=\"article\" \/>\n<meta property=\"og:title\" content=\"O que acontece? Botafogo rejeita R$ 148 milh\u00f5es do Palmeiras por Danilo - PR\u00d3SPERI NEWS\" \/>\n<meta property=\"og:description\" content=\"Luiz Ant\u00f4nio Pr\u00f3speri \u2013 24 julho 2026 (08h30)&nbsp; Botafogo rejeita R$ 148 milh\u00f5es oferecidos pelo Palmeiras para contratar [&hellip;]\" \/>\n<meta property=\"og:url\" content=\"https:\/\/blogdoprosperi.com\/?p=61145\" \/>\n<meta property=\"og:site_name\" content=\"PR\u00d3SPERI NEWS\" \/>\n<meta property=\"article:publisher\" content=\"Luiz Pr\u00f3speri\" \/>\n<meta property=\"article:author\" content=\"Luiz Pr\u00f3speri\" \/>\n<meta property=\"article:published_time\" content=\"2026-07-24T11:30:57+00:00\" \/>\n<meta property=\"og:image\" content=\"https:\/\/i0.wp.com\/blogdoprosperi.com\/wp-content\/uploads\/2026\/03\/hdjzlkqxkaaqii_.jpeg?fit=900%2C601&ssl=1\" \/>\n\t<meta property=\"og:image:width\" content=\"900\" \/>\n\t<meta property=\"og:image:height\" content=\"601\" \/>\n\t<meta property=\"og:image:type\" content=\"image\/jpeg\" \/>\n<meta name=\"author\" content=\"Luiz Ant\u00f4nio Pr\u00f3speri\" \/>\n<meta name=\"twitter:card\" content=\"summary_large_image\" \/>\n<meta name=\"twitter:creator\" content=\"@Luizprosperi\" \/>\n<meta name=\"twitter:site\" content=\"@Luizprosperi\" \/>\n<meta name=\"twitter:label1\" content=\"Escrito por\" \/>\n\t<meta name=\"twitter:data1\" content=\"Luiz Ant\u00f4nio Pr\u00f3speri\" \/>\n\t<meta name=\"twitter:label2\" content=\"Est. tempo de leitura\" \/>\n\t<meta name=\"twitter:data2\" content=\"3 minutos\" \/>\n<script type=\"application\/ld+json\" class=\"yoast-schema-graph\">{\"@context\":\"https:\\\/\\\/schema.org\",\"@graph\":[{\"@type\":\"Article\",\"@id\":\"https:\\\/\\\/blogdoprosperi.com\\\/?p=61145#article\",\"isPartOf\":{\"@id\":\"https:\\\/\\\/blogdoprosperi.com\\\/?p=61145\"},\"author\":{\"name\":\"Luiz Ant\u00f4nio Pr\u00f3speri\",\"@id\":\"https:\\\/\\\/blogdoprosperi.com\\\/#\\\/schema\\\/person\\\/38100755ce3601861ee4fab9b5aa78e9\"},\"headline\":\"O que acontece? Botafogo rejeita R$ 148 milh\u00f5es do Palmeiras por Danilo\",\"datePublished\":\"2026-07-24T11:30:57+00:00\",\"mainEntityOfPage\":{\"@id\":\"https:\\\/\\\/blogdoprosperi.com\\\/?p=61145\"},\"wordCount\":524,\"commentCount\":0,\"publisher\":{\"@id\":\"https:\\\/\\\/blogdoprosperi.com\\\/#\\\/schema\\\/person\\\/38100755ce3601861ee4fab9b5aa78e9\"},\"image\":{\"@id\":\"https:\\\/\\\/blogdoprosperi.com\\\/?p=61145#primaryimage\"},\"thumbnailUrl\":\"https:\\\/\\\/i0.wp.com\\\/blogdoprosperi.com\\\/wp-content\\\/uploads\\\/2026\\\/03\\\/hdjzlkqxkaaqii_.jpeg?fit=900%2C601&ssl=1\",\"keywords\":[\"bets\",\"Botafogo\",\"CBF\",\"danilo\",\"Futebol brasileiro\",\"Palmeiras\"],\"articleSection\":[\"\u00daltimas\",\"futebol\"],\"inLanguage\":\"pt-BR\",\"potentialAction\":[{\"@type\":\"CommentAction\",\"name\":\"Comment\",\"target\":[\"https:\\\/\\\/blogdoprosperi.com\\\/?p=61145#respond\"]}]},{\"@type\":\"WebPage\",\"@id\":\"https:\\\/\\\/blogdoprosperi.com\\\/?p=61145\",\"url\":\"https:\\\/\\\/blogdoprosperi.com\\\/?p=61145\",\"name\":\"O que acontece? Botafogo rejeita R$ 148 milh\u00f5es do Palmeiras por Danilo - PR\u00d3SPERI NEWS\",\"isPartOf\":{\"@id\":\"https:\\\/\\\/blogdoprosperi.com\\\/#website\"},\"primaryImageOfPage\":{\"@id\":\"https:\\\/\\\/blogdoprosperi.com\\\/?p=61145#primaryimage\"},\"image\":{\"@id\":\"https:\\\/\\\/blogdoprosperi.com\\\/?p=61145#primaryimage\"},\"thumbnailUrl\":\"https:\\\/\\\/i0.wp.com\\\/blogdoprosperi.com\\\/wp-content\\\/uploads\\\/2026\\\/03\\\/hdjzlkqxkaaqii_.jpeg?fit=900%2C601&ssl=1\",\"datePublished\":\"2026-07-24T11:30:57+00:00\",\"breadcrumb\":{\"@id\":\"https:\\\/\\\/blogdoprosperi.com\\\/?p=61145#breadcrumb\"},\"inLanguage\":\"pt-BR\",\"potentialAction\":[{\"@type\":\"ReadAction\",\"target\":[\"https:\\\/\\\/blogdoprosperi.com\\\/?p=61145\"]}]},{\"@type\":\"ImageObject\",\"inLanguage\":\"pt-BR\",\"@id\":\"https:\\\/\\\/blogdoprosperi.com\\\/?p=61145#primaryimage\",\"url\":\"https:\\\/\\\/i0.wp.com\\\/blogdoprosperi.com\\\/wp-content\\\/uploads\\\/2026\\\/03\\\/hdjzlkqxkaaqii_.jpeg?fit=900%2C601&ssl=1\",\"contentUrl\":\"https:\\\/\\\/i0.wp.com\\\/blogdoprosperi.com\\\/wp-content\\\/uploads\\\/2026\\\/03\\\/hdjzlkqxkaaqii_.jpeg?fit=900%2C601&ssl=1\",\"width\":900,\"height\":601,\"caption\":\"Danilo \u2013 foto: Botafogo oficial\"},{\"@type\":\"BreadcrumbList\",\"@id\":\"https:\\\/\\\/blogdoprosperi.com\\\/?p=61145#breadcrumb\",\"itemListElement\":[{\"@type\":\"ListItem\",\"position\":1,\"name\":\"In\u00edcio\",\"item\":\"https:\\\/\\\/blogdoprosperi.com\\\/\"},{\"@type\":\"ListItem\",\"position\":2,\"name\":\"O que acontece? Botafogo rejeita R$ 148 milh\u00f5es do Palmeiras por Danilo\"}]},{\"@type\":\"WebSite\",\"@id\":\"https:\\\/\\\/blogdoprosperi.com\\\/#website\",\"url\":\"https:\\\/\\\/blogdoprosperi.com\\\/\",\"name\":\"PR\u00d3SPERI NEWS\",\"description\":\"TUDO \u00c9  FUTEBOL\",\"publisher\":{\"@id\":\"https:\\\/\\\/blogdoprosperi.com\\\/#\\\/schema\\\/person\\\/38100755ce3601861ee4fab9b5aa78e9\"},\"alternateName\":\"blogdoprosperi.com\",\"potentialAction\":[{\"@type\":\"SearchAction\",\"target\":{\"@type\":\"EntryPoint\",\"urlTemplate\":\"https:\\\/\\\/blogdoprosperi.com\\\/?s={search_term_string}\"},\"query-input\":{\"@type\":\"PropertyValueSpecification\",\"valueRequired\":true,\"valueName\":\"search_term_string\"}}],\"inLanguage\":\"pt-BR\"},{\"@type\":[\"Person\",\"Organization\"],\"@id\":\"https:\\\/\\\/blogdoprosperi.com\\\/#\\\/schema\\\/person\\\/38100755ce3601861ee4fab9b5aa78e9\",\"name\":\"Luiz Ant\u00f4nio Pr\u00f3speri\",\"pronouns\":\"ele\",\"image\":{\"@type\":\"ImageObject\",\"inLanguage\":\"pt-BR\",\"@id\":\"https:\\\/\\\/i0.wp.com\\\/blogdoprosperi.com\\\/wp-content\\\/uploads\\\/2026\\\/05\\\/cropped-8059e613-6002-42fa-961e-8e275f575d71-2-5.jpg?fit=1360%2C931&ssl=1\",\"url\":\"https:\\\/\\\/i0.wp.com\\\/blogdoprosperi.com\\\/wp-content\\\/uploads\\\/2026\\\/05\\\/cropped-8059e613-6002-42fa-961e-8e275f575d71-2-5.jpg?fit=1360%2C931&ssl=1\",\"contentUrl\":\"https:\\\/\\\/i0.wp.com\\\/blogdoprosperi.com\\\/wp-content\\\/uploads\\\/2026\\\/05\\\/cropped-8059e613-6002-42fa-961e-8e275f575d71-2-5.jpg?fit=1360%2C931&ssl=1\",\"width\":1360,\"height\":931,\"caption\":\"Luiz Ant\u00f4nio Pr\u00f3speri\"},\"logo\":{\"@id\":\"https:\\\/\\\/i0.wp.com\\\/blogdoprosperi.com\\\/wp-content\\\/uploads\\\/2026\\\/05\\\/cropped-8059e613-6002-42fa-961e-8e275f575d71-2-5.jpg?fit=1360%2C931&ssl=1\"},\"description\":\"Jornalista com carreira dedicada ao esporte. Cobriu 9 Copas do Mundo in loco, 1990 na It\u00e1lia, 1994 nos EUA, 1998 na Fran\u00e7a, 2002 na Coreia do Sul e Jap\u00e3o, 2006 na Alemanha, 2010 na \u00c1frica do Sul, 2014 no Brasil, 2018 na R\u00fassia e 2022 no Qatar. Eurocopas, 1992 na Su\u00e9cia e 1996 na Inglaterra. Copa das Confedera\u00e7\u00f5es de 2005 na Alemanha e 2009 na \u00c1frica do Sul. Rep\u00f3rter e Editor, trabalhou no Jornal da Tarde e Estad\u00e3o, de 1984 a fevereiro de 2016. Colunista, blogueiro. E comentarista de futebol na R\u00e1dio Estad\u00e3o, de 2013 a fevereiro de 2016. Jornalista respons\u00e1vel do \\\"Pr\u00f3speri News\\\" (blogdoprosperi.com).\",\"sameAs\":[\"http:\\\/\\\/blogdoprosperi.com\",\"Luiz Pr\u00f3speri\",\"@luiz_prosperi\",\"https:\\\/\\\/x.com\\\/Luizprosperi\",\"@prosperinacopa\",\"luiz.prosperi@icloud.com\"],\"url\":\"https:\\\/\\\/blogdoprosperi.com\\\/?author=102107496\"}]}<\/script>\n<!-- \/ Yoast SEO plugin. -->","yoast_head_json":{"title":"O que acontece? Botafogo rejeita R$ 148 milh\u00f5es do Palmeiras por Danilo - PR\u00d3SPERI NEWS","robots":{"index":"index","follow":"follow","max-snippet":"max-snippet:-1","max-image-preview":"max-image-preview:large","max-video-preview":"max-video-preview:-1"},"canonical":"https:\/\/blogdoprosperi.com\/?p=61145","og_locale":"pt_BR","og_type":"article","og_title":"O que acontece? Botafogo rejeita R$ 148 milh\u00f5es do Palmeiras por Danilo - PR\u00d3SPERI NEWS","og_description":"Luiz Ant\u00f4nio Pr\u00f3speri \u2013 24 julho 2026 (08h30)&nbsp; Botafogo rejeita R$ 148 milh\u00f5es oferecidos pelo Palmeiras para contratar [&hellip;]","og_url":"https:\/\/blogdoprosperi.com\/?p=61145","og_site_name":"PR\u00d3SPERI NEWS","article_publisher":"Luiz Pr\u00f3speri","article_author":"Luiz Pr\u00f3speri","article_published_time":"2026-07-24T11:30:57+00:00","og_image":[{"width":900,"height":601,"url":"https:\/\/i0.wp.com\/blogdoprosperi.com\/wp-content\/uploads\/2026\/03\/hdjzlkqxkaaqii_.jpeg?fit=900%2C601&ssl=1","type":"image\/jpeg"}],"author":"Luiz Ant\u00f4nio Pr\u00f3speri","twitter_card":"summary_large_image","twitter_creator":"@Luizprosperi","twitter_site":"@Luizprosperi","twitter_misc":{"Escrito por":"Luiz Ant\u00f4nio Pr\u00f3speri","Est. tempo de leitura":"3 minutos"},"schema":{"@context":"https:\/\/schema.org","@graph":[{"@type":"Article","@id":"https:\/\/blogdoprosperi.com\/?p=61145#article","isPartOf":{"@id":"https:\/\/blogdoprosperi.com\/?p=61145"},"author":{"name":"Luiz Ant\u00f4nio Pr\u00f3speri","@id":"https:\/\/blogdoprosperi.com\/#\/schema\/person\/38100755ce3601861ee4fab9b5aa78e9"},"headline":"O que acontece? Botafogo rejeita R$ 148 milh\u00f5es do Palmeiras por Danilo","datePublished":"2026-07-24T11:30:57+00:00","mainEntityOfPage":{"@id":"https:\/\/blogdoprosperi.com\/?p=61145"},"wordCount":524,"commentCount":0,"publisher":{"@id":"https:\/\/blogdoprosperi.com\/#\/schema\/person\/38100755ce3601861ee4fab9b5aa78e9"},"image":{"@id":"https:\/\/blogdoprosperi.com\/?p=61145#primaryimage"},"thumbnailUrl":"https:\/\/i0.wp.com\/blogdoprosperi.com\/wp-content\/uploads\/2026\/03\/hdjzlkqxkaaqii_.jpeg?fit=900%2C601&ssl=1","keywords":["bets","Botafogo","CBF","danilo","Futebol brasileiro","Palmeiras"],"articleSection":["\u00daltimas","futebol"],"inLanguage":"pt-BR","potentialAction":[{"@type":"CommentAction","name":"Comment","target":["https:\/\/blogdoprosperi.com\/?p=61145#respond"]}]},{"@type":"WebPage","@id":"https:\/\/blogdoprosperi.com\/?p=61145","url":"https:\/\/blogdoprosperi.com\/?p=61145","name":"O que acontece? Botafogo rejeita R$ 148 milh\u00f5es do Palmeiras por Danilo - PR\u00d3SPERI NEWS","isPartOf":{"@id":"https:\/\/blogdoprosperi.com\/#website"},"primaryImageOfPage":{"@id":"https:\/\/blogdoprosperi.com\/?p=61145#primaryimage"},"image":{"@id":"https:\/\/blogdoprosperi.com\/?p=61145#primaryimage"},"thumbnailUrl":"https:\/\/i0.wp.com\/blogdoprosperi.com\/wp-content\/uploads\/2026\/03\/hdjzlkqxkaaqii_.jpeg?fit=900%2C601&ssl=1","datePublished":"2026-07-24T11:30:57+00:00","breadcrumb":{"@id":"https:\/\/blogdoprosperi.com\/?p=61145#breadcrumb"},"inLanguage":"pt-BR","potentialAction":[{"@type":"ReadAction","target":["https:\/\/blogdoprosperi.com\/?p=61145"]}]},{"@type":"ImageObject","inLanguage":"pt-BR","@id":"https:\/\/blogdoprosperi.com\/?p=61145#primaryimage","url":"https:\/\/i0.wp.com\/blogdoprosperi.com\/wp-content\/uploads\/2026\/03\/hdjzlkqxkaaqii_.jpeg?fit=900%2C601&ssl=1","contentUrl":"https:\/\/i0.wp.com\/blogdoprosperi.com\/wp-content\/uploads\/2026\/03\/hdjzlkqxkaaqii_.jpeg?fit=900%2C601&ssl=1","width":900,"height":601,"caption":"Danilo \u2013 foto: Botafogo oficial"},{"@type":"BreadcrumbList","@id":"https:\/\/blogdoprosperi.com\/?p=61145#breadcrumb","itemListElement":[{"@type":"ListItem","position":1,"name":"In\u00edcio","item":"https:\/\/blogdoprosperi.com\/"},{"@type":"ListItem","position":2,"name":"O que acontece? Botafogo rejeita R$ 148 milh\u00f5es do Palmeiras por Danilo"}]},{"@type":"WebSite","@id":"https:\/\/blogdoprosperi.com\/#website","url":"https:\/\/blogdoprosperi.com\/","name":"PR\u00d3SPERI NEWS","description":"TUDO \u00c9  FUTEBOL","publisher":{"@id":"https:\/\/blogdoprosperi.com\/#\/schema\/person\/38100755ce3601861ee4fab9b5aa78e9"},"alternateName":"blogdoprosperi.com","potentialAction":[{"@type":"SearchAction","target":{"@type":"EntryPoint","urlTemplate":"https:\/\/blogdoprosperi.com\/?s={search_term_string}"},"query-input":{"@type":"PropertyValueSpecification","valueRequired":true,"valueName":"search_term_string"}}],"inLanguage":"pt-BR"},{"@type":["Person","Organization"],"@id":"https:\/\/blogdoprosperi.com\/#\/schema\/person\/38100755ce3601861ee4fab9b5aa78e9","name":"Luiz Ant\u00f4nio Pr\u00f3speri","pronouns":"ele","image":{"@type":"ImageObject","inLanguage":"pt-BR","@id":"https:\/\/i0.wp.com\/blogdoprosperi.com\/wp-content\/uploads\/2026\/05\/cropped-8059e613-6002-42fa-961e-8e275f575d71-2-5.jpg?fit=1360%2C931&ssl=1","url":"https:\/\/i0.wp.com\/blogdoprosperi.com\/wp-content\/uploads\/2026\/05\/cropped-8059e613-6002-42fa-961e-8e275f575d71-2-5.jpg?fit=1360%2C931&ssl=1","contentUrl":"https:\/\/i0.wp.com\/blogdoprosperi.com\/wp-content\/uploads\/2026\/05\/cropped-8059e613-6002-42fa-961e-8e275f575d71-2-5.jpg?fit=1360%2C931&ssl=1","width":1360,"height":931,"caption":"Luiz Ant\u00f4nio Pr\u00f3speri"},"logo":{"@id":"https:\/\/i0.wp.com\/blogdoprosperi.com\/wp-content\/uploads\/2026\/05\/cropped-8059e613-6002-42fa-961e-8e275f575d71-2-5.jpg?fit=1360%2C931&ssl=1"},"description":"Jornalista com carreira dedicada ao esporte. Cobriu 9 Copas do Mundo in loco, 1990 na It\u00e1lia, 1994 nos EUA, 1998 na Fran\u00e7a, 2002 na Coreia do Sul e Jap\u00e3o, 2006 na Alemanha, 2010 na \u00c1frica do Sul, 2014 no Brasil, 2018 na R\u00fassia e 2022 no Qatar. Eurocopas, 1992 na Su\u00e9cia e 1996 na Inglaterra. Copa das Confedera\u00e7\u00f5es de 2005 na Alemanha e 2009 na \u00c1frica do Sul. Rep\u00f3rter e Editor, trabalhou no Jornal da Tarde e Estad\u00e3o, de 1984 a fevereiro de 2016. Colunista, blogueiro. E comentarista de futebol na R\u00e1dio Estad\u00e3o, de 2013 a fevereiro de 2016. Jornalista respons\u00e1vel do \"Pr\u00f3speri News\" (blogdoprosperi.com).","sameAs":["http:\/\/blogdoprosperi.com","Luiz Pr\u00f3speri","@luiz_prosperi","https:\/\/x.com\/Luizprosperi","@prosperinacopa","luiz.prosperi@icloud.com"],"url":"https:\/\/blogdoprosperi.com\/?author=102107496"}]}},"jetpack_publicize_connections":[],"jetpack_likes_enabled":false,"jetpack_sharing_enabled":true,"jetpack_shortlink":"https:\/\/wp.me\/p7jvdk-fUd","jetpack-related-posts":[{"id":61160,"url":"https:\/\/blogdoprosperi.com\/?p=61160","url_meta":{"origin":61145,"position":0},"title":"Botafogo faz meme da proposta do Palmeiras por Danilo, Leila responde e o jogador pede que o clube carioca o respeite","author":"Luiz Ant\u00f4nio Pr\u00f3speri","date":"24 de julho de 2026","format":false,"excerpt":"Luiz Ant\u00f4nio Pr\u00f3speri \u2013 24 julho 2026 (00h49)\u00a0 Seria rid\u00edculo se n\u00e3o fosse s\u00e9rio a negocia\u00e7\u00e3o Palmeiras-Danilo-Botafogo. Clube paulista oferece uma grana alta. Clube carioca rejeita. E o jogador fecha o assunto: \u201cS\u00f3 espero que o Botafogo respeite minha decis\u00e3o de n\u00e3o ir pra R\u00fassia\u201d. Acompanhe: meme do Botafogo: https:\/\/x.com\/Botafogo\/status\/2080442357669900415\/video\/1\u2026","rel":"","context":"Em &quot;futebol&quot;","block_context":{"text":"futebol","link":"https:\/\/blogdoprosperi.com\/?cat=53870"},"img":{"alt_text":"","src":"https:\/\/i0.wp.com\/blogdoprosperi.com\/wp-content\/uploads\/2026\/07\/0ab77f63-9ac0-485b-9de6-14f3fe424676-56190-00000657b5af592e_file.jpg?fit=588%2C366&ssl=1&resize=350%2C200","width":350,"height":200,"srcset":"https:\/\/i0.wp.com\/blogdoprosperi.com\/wp-content\/uploads\/2026\/07\/0ab77f63-9ac0-485b-9de6-14f3fe424676-56190-00000657b5af592e_file.jpg?fit=588%2C366&ssl=1&resize=350%2C200 1x, https:\/\/i0.wp.com\/blogdoprosperi.com\/wp-content\/uploads\/2026\/07\/0ab77f63-9ac0-485b-9de6-14f3fe424676-56190-00000657b5af592e_file.jpg?fit=588%2C366&ssl=1&resize=525%2C300 1.5x"},"classes":[]},{"id":44904,"url":"https:\/\/blogdoprosperi.com\/?p=44904","url_meta":{"origin":61145,"position":1},"title":"Janela de Transfer\u00eancias: Brasil Movimenta R$ 1 bilh\u00e3o na Contrata\u00e7\u00e3o de Jogadores, Botafogo \u00e9 o Maior Gastador","author":"Luiz Ant\u00f4nio Pr\u00f3speri","date":"3 de setembro de 2024","format":false,"excerpt":"Luiz Ant\u00f4nio Pr\u00f3speri \u2013 3 setembro (atualizado 19h40) Janela de transfer\u00eancias de jogadores no Brasil fechou \u00e0 meia-noite de segunda-feira (02\/9). Os 20 clubes da S\u00e9rie A do Brasileir\u00e3o-2024 movimentaram pouco mais de R$ 1,02 bilh\u00e3o na contrata\u00e7\u00e3o de 102 refor\u00e7os. As cinco principais ligas (Inglaterra, Alemanha, Espanha, It\u00e1lia e\u2026","rel":"","context":"Em &quot;futebol&quot;","block_context":{"text":"futebol","link":"https:\/\/blogdoprosperi.com\/?cat=53870"},"img":{"alt_text":"Botafogo lidera janela de transfer\u00eancia Brasileir\u00e3o","src":"https:\/\/i0.wp.com\/blogdoprosperi.com\/wp-content\/uploads\/2024\/08\/53939474383_d4131fa0d5_k.jpg?fit=1200%2C800&ssl=1&resize=350%2C200","width":350,"height":200,"srcset":"https:\/\/i0.wp.com\/blogdoprosperi.com\/wp-content\/uploads\/2024\/08\/53939474383_d4131fa0d5_k.jpg?fit=1200%2C800&ssl=1&resize=350%2C200 1x, https:\/\/i0.wp.com\/blogdoprosperi.com\/wp-content\/uploads\/2024\/08\/53939474383_d4131fa0d5_k.jpg?fit=1200%2C800&ssl=1&resize=525%2C300 1.5x, https:\/\/i0.wp.com\/blogdoprosperi.com\/wp-content\/uploads\/2024\/08\/53939474383_d4131fa0d5_k.jpg?fit=1200%2C800&ssl=1&resize=700%2C400 2x, https:\/\/i0.wp.com\/blogdoprosperi.com\/wp-content\/uploads\/2024\/08\/53939474383_d4131fa0d5_k.jpg?fit=1200%2C800&ssl=1&resize=1050%2C600 3x"},"classes":[]},{"id":53586,"url":"https:\/\/blogdoprosperi.com\/?p=53586","url_meta":{"origin":61145,"position":2},"title":"Entenda os Estranhos Movimentos de John Textor nos Neg\u00f3cios entre Botafogo, Nottingham Forest e a Queda do Crystal Palace","author":"Luiz Ant\u00f4nio Pr\u00f3speri","date":"18 de julho de 2025","format":false,"excerpt":"Luiz Ant\u00f4nio Pr\u00f3speri \u201318 julho (20h05) \u2013 John Textor anda agitado entre Inglaterra, Fran\u00e7a, Brasil e Estados Unidos. Movimentos estranhos e de muitas mumunhas no futebol. Uma teia de neg\u00f3cios entre compra e venda de jogadores, a\u00e7\u00f5es na Justi\u00e7a e amea\u00e7a de ser arrancado do comando da SAF do Botafogo.\u2026","rel":"","context":"Em &quot;futebol&quot;","block_context":{"text":"futebol","link":"https:\/\/blogdoprosperi.com\/?cat=53870"},"img":{"alt_text":"Textor enrolado nos neg\u00f3cios e amea\u00e7as ao Botafogo","src":"https:\/\/i0.wp.com\/blogdoprosperi.com\/wp-content\/uploads\/2024\/11\/john-textor-dono-da-saf-do-botafogo-durante-jogo-contra-o-vasco-1730858344353_v2_900x506.jpg?fit=900%2C506&ssl=1&resize=350%2C200","width":350,"height":200,"srcset":"https:\/\/i0.wp.com\/blogdoprosperi.com\/wp-content\/uploads\/2024\/11\/john-textor-dono-da-saf-do-botafogo-durante-jogo-contra-o-vasco-1730858344353_v2_900x506.jpg?fit=900%2C506&ssl=1&resize=350%2C200 1x, https:\/\/i0.wp.com\/blogdoprosperi.com\/wp-content\/uploads\/2024\/11\/john-textor-dono-da-saf-do-botafogo-durante-jogo-contra-o-vasco-1730858344353_v2_900x506.jpg?fit=900%2C506&ssl=1&resize=525%2C300 1.5x, https:\/\/i0.wp.com\/blogdoprosperi.com\/wp-content\/uploads\/2024\/11\/john-textor-dono-da-saf-do-botafogo-durante-jogo-contra-o-vasco-1730858344353_v2_900x506.jpg?fit=900%2C506&ssl=1&resize=700%2C400 2x"},"classes":[]},{"id":46777,"url":"https:\/\/blogdoprosperi.com\/?p=46777","url_meta":{"origin":61145,"position":3},"title":"Brasileir\u00e3o 2024 | Ta\u00e7a, Dramas, Rebaixamento e Despedidas na \u00daltima Rodada","author":"Luiz Ant\u00f4nio Pr\u00f3speri","date":"7 de dezembro de 2024","format":false,"excerpt":"Luiz Ant\u00f4nio Pr\u00f3speri \u2013 7 dezembro (11h05) \u2013 Brasileir\u00e3o 2024 chega \u00e0 \u00faltima rodada (38.\u00aa) com disputa de t\u00edtulo, pavor do rebaixamento, dramas, despedidas, derrota do futebol para a viol\u00eancia, sucessos e fracassos da SAF e graves problemas de gest\u00e3o da CBF. Muitas hist\u00f3rias ser\u00e3o contadas nesse domingo (08\/12) a\u2026","rel":"","context":"Em &quot;futebol&quot;","block_context":{"text":"futebol","link":"https:\/\/blogdoprosperi.com\/?cat=53870"},"img":{"alt_text":"","src":"https:\/\/i0.wp.com\/blogdoprosperi.com\/wp-content\/uploads\/2024\/12\/trofeu-brasileirao-trivela-scaled-1.jpg?fit=1200%2C675&ssl=1&resize=350%2C200","width":350,"height":200,"srcset":"https:\/\/i0.wp.com\/blogdoprosperi.com\/wp-content\/uploads\/2024\/12\/trofeu-brasileirao-trivela-scaled-1.jpg?fit=1200%2C675&ssl=1&resize=350%2C200 1x, https:\/\/i0.wp.com\/blogdoprosperi.com\/wp-content\/uploads\/2024\/12\/trofeu-brasileirao-trivela-scaled-1.jpg?fit=1200%2C675&ssl=1&resize=525%2C300 1.5x, https:\/\/i0.wp.com\/blogdoprosperi.com\/wp-content\/uploads\/2024\/12\/trofeu-brasileirao-trivela-scaled-1.jpg?fit=1200%2C675&ssl=1&resize=700%2C400 2x, https:\/\/i0.wp.com\/blogdoprosperi.com\/wp-content\/uploads\/2024\/12\/trofeu-brasileirao-trivela-scaled-1.jpg?fit=1200%2C675&ssl=1&resize=1050%2C600 3x"},"classes":[]},{"id":51978,"url":"https:\/\/blogdoprosperi.com\/?p=51978","url_meta":{"origin":61145,"position":4},"title":"Grana | Mundial de Clubes: Flamengo leva R$ 152,4 milh\u00f5es, Palmeiras, Botafogo e Fluminense Faturam  R$ 146,9 milh\u00f5es Cada Um At\u00e9 Aqui","author":"Luiz Ant\u00f4nio Pr\u00f3speri","date":"26 de junho de 2025","format":false,"excerpt":"Luiz Ant\u00f4nio Pr\u00f3speri \u2013 26 junho (14h25) \u2013 Flamengo tem maior faturamento entre os quatro brasileiros na primeira fase do Mundial de Clubes. Rubro-Negro acumula R$ 152,4 milh\u00f5es em premia\u00e7\u00e3o. Palmeiras, Botafogo e Fluminense, R$ 146,9 milh\u00f5es cada um. Fifa promete distribuir 1 bilh\u00e3o de d\u00f3lares (R$ 5,5 bilh\u00f5es) aos\u2026","rel":"","context":"Em &quot;futebol&quot;","block_context":{"text":"futebol","link":"https:\/\/blogdoprosperi.com\/?cat=53870"},"img":{"alt_text":"Grana de Palmeiras, Flamengo, Fluminense e Botafogo no Mundial de Clubes","src":"https:\/\/i0.wp.com\/blogdoprosperi.com\/wp-content\/uploads\/2025\/06\/captura-de-tela-2025-06-26-as-14.50.37.png?fit=1176%2C830&ssl=1&resize=350%2C200","width":350,"height":200,"srcset":"https:\/\/i0.wp.com\/blogdoprosperi.com\/wp-content\/uploads\/2025\/06\/captura-de-tela-2025-06-26-as-14.50.37.png?fit=1176%2C830&ssl=1&resize=350%2C200 1x, https:\/\/i0.wp.com\/blogdoprosperi.com\/wp-content\/uploads\/2025\/06\/captura-de-tela-2025-06-26-as-14.50.37.png?fit=1176%2C830&ssl=1&resize=525%2C300 1.5x, https:\/\/i0.wp.com\/blogdoprosperi.com\/wp-content\/uploads\/2025\/06\/captura-de-tela-2025-06-26-as-14.50.37.png?fit=1176%2C830&ssl=1&resize=700%2C400 2x, https:\/\/i0.wp.com\/blogdoprosperi.com\/wp-content\/uploads\/2025\/06\/captura-de-tela-2025-06-26-as-14.50.37.png?fit=1176%2C830&ssl=1&resize=1050%2C600 3x"},"classes":[]},{"id":46525,"url":"https:\/\/blogdoprosperi.com\/?p=46525","url_meta":{"origin":61145,"position":5},"title":"Palmeiras e Botafogo \u2013 Decis\u00e3o | Time de Abel Larga na Pole, Artur Acusa Golpe","author":"Luiz Ant\u00f4nio Pr\u00f3speri","date":"25 de novembro de 2024","format":false,"excerpt":"Luiz Ant\u00f4nio Pr\u00f3speri \u2013 25 novembro \u2013 atualizado 26 novembro (12h40) \u2013 Palmeiras e Botafogo decidem Brasileir\u00e3o 2024 ter\u00e7a-feira (26\/11) na casa alviverde. Iguais no n\u00famero de pontos (70 a 70), time paulista tem vantagem no crit\u00e9rio de desempate com uma vit\u00f3ria a mais (21 a 20). Matem\u00e1ticos e analistas\u2026","rel":"","context":"Em &quot;futebol&quot;","block_context":{"text":"futebol","link":"https:\/\/blogdoprosperi.com\/?cat=53870"},"img":{"alt_text":"Time de Abel Ferreira larga na frente contra Botafogo","src":"https:\/\/i0.wp.com\/blogdoprosperi.com\/wp-content\/uploads\/2024\/11\/54160663650_ea2b7b6b97_h.jpg?fit=1200%2C675&ssl=1&resize=350%2C200","width":350,"height":200,"srcset":"https:\/\/i0.wp.com\/blogdoprosperi.com\/wp-content\/uploads\/2024\/11\/54160663650_ea2b7b6b97_h.jpg?fit=1200%2C675&ssl=1&resize=350%2C200 1x, https:\/\/i0.wp.com\/blogdoprosperi.com\/wp-content\/uploads\/2024\/11\/54160663650_ea2b7b6b97_h.jpg?fit=1200%2C675&ssl=1&resize=525%2C300 1.5x, https:\/\/i0.wp.com\/blogdoprosperi.com\/wp-content\/uploads\/2024\/11\/54160663650_ea2b7b6b97_h.jpg?fit=1200%2C675&ssl=1&resize=700%2C400 2x, https:\/\/i0.wp.com\/blogdoprosperi.com\/wp-content\/uploads\/2024\/11\/54160663650_ea2b7b6b97_h.jpg?fit=1200%2C675&ssl=1&resize=1050%2C600 3x"},"classes":[]}],"jetpack_featured_media_url":"https:\/\/i0.wp.com\/blogdoprosperi.com\/wp-content\/uploads\/2026\/03\/hdjzlkqxkaaqii_.jpeg?fit=900%2C601&ssl=1","_links":{"self":[{"href":"https:\/\/blogdoprosperi.com\/index.php?rest_route=\/wp\/v2\/posts\/61145","targetHints":{"allow":["GET"]}}],"collection":[{"href":"https:\/\/blogdoprosperi.com\/index.php?rest_route=\/wp\/v2\/posts"}],"about":[{"href":"https:\/\/blogdoprosperi.com\/index.php?rest_route=\/wp\/v2\/types\/post"}],"author":[{"embeddable":true,"href":"https:\/\/blogdoprosperi.com\/index.php?rest_route=\/wp\/v2\/users\/102107496"}],"replies":[{"embeddable":true,"href":"https:\/\/blogdoprosperi.com\/index.php?rest_route=%2Fwp%2Fv2%2Fcomments&post=61145"}],"version-history":[{"count":15,"href":"https:\/\/blogdoprosperi.com\/index.php?rest_route=\/wp\/v2\/posts\/61145\/revisions"}],"predecessor-version":[{"id":61166,"href":"https:\/\/blogdoprosperi.com\/index.php?rest_route=\/wp\/v2\/posts\/61145\/revisions\/61166"}],"wp:featuredmedia":[{"embeddable":true,"href":"https:\/\/blogdoprosperi.com\/index.php?rest_route=\/wp\/v2\/media\/56720"}],"wp:attachment":[{"href":"https:\/\/blogdoprosperi.com\/index.php?rest_route=%2Fwp%2Fv2%2Fmedia&parent=61145"}],"wp:term":[{"taxonomy":"category","embeddable":true,"href":"https:\/\/blogdoprosperi.com\/index.php?rest_route=%2Fwp%2Fv2%2Fcategories&post=61145"},{"taxonomy":"post_tag","embeddable":true,"href":"https:\/\/blogdoprosperi.com\/index.php?rest_route=%2Fwp%2Fv2%2Ftags&post=61145"}],"curies":[{"name":"wp","href":"https:\/\/api.w.org\/{rel}","templated":true}]}}