{"id":61183,"date":"2026-07-24T16:24:57","date_gmt":"2026-07-24T19:24:57","guid":{"rendered":"https:\/\/blogdoprosperi.com\/?p=61183"},"modified":"2026-07-24T16:24:57","modified_gmt":"2026-07-24T19:24:57","slug":"nem-ancelotti-nem-guardiola-italia-vai-de-pirlo","status":"publish","type":"post","link":"https:\/\/blogdoprosperi.com\/?p=61183","title":{"rendered":"Nem Ancelotti nem Guardiola, It\u00e1lia vai de Pirlo"},"content":{"rendered":"<div id=\"m34327-34326-34328\" class=\"content \">\n<p spellcheck=\"true\">Pep Guardiola anuncia que n\u00e3o vai comandar a Sele\u00e7\u00e3o Italiana. Carlo Ancelotti muito menos, apesar de n\u00e3o se manifestar de forma oficial. Ent\u00e3o, a miss\u00e3o agora \u00e9 de Andrea Pirlo, campe\u00e3o mundial com Azzurra na Copa de 2006, encarregado de trazer a It\u00e1lia a um novo tempo e voltar a disputar a Copa do Mundo depois de ficar fora das tr\u00eas \u00faltimas edi\u00e7\u00f5es \u2013 2018, 2022 e 2026. Acompanhe relato da <em>Gazzetta dello Sport:<\/em><\/p>\n<h3 spellcheck=\"true\">It\u00e1lia, Pirlo disse sim<\/h3>\n<p class=\"paragraph\" spellcheck=\"true\"><em><span dir=\"auto\">por Elizabeth Esposito, Gazzetta.it, 24 julho<\/span><\/em><\/p>\n<p class=\"paragraph\" spellcheck=\"true\"><span dir=\"auto\">Como esperado, Pep Guardiola <\/span><a title=\"It\u00e1lia, a rejei\u00e7\u00e3o de Maldini por Guardiola chega durante a noite: &quot;Estou honrado, mas n\u00e3o me sinto assim.&quot;\" href=\"https:\/\/www.gazzetta.it\/Calcio\/Nazionale\/24-07-2026\/italia-guardiola-parole-maldini-pirlo.shtml?intcmp=hyperlink-articolo-gazit\"><span dir=\"auto\">recusou,<\/span><\/a><span dir=\"auto\">\u00a0e a nova gest\u00e3o da Azzurra foi direto para Andrea Pirlo, que aceitou o cargo de novo t\u00e9cnico da It\u00e1lia. As palavras de Maldini e Leonardo na reuni\u00e3o da Lega Serie A na quinta-feira, no entanto, deixaram pouca margem para interpreta\u00e7\u00e3o: para o comando da It\u00e1lia, ou o melhor de todos, com quem compartilhamos nosso jogo e filosofia futebol\u00edstica, ou algu\u00e9m que &#8220;pense como n\u00f3s, com quem estejamos em sintonia, que compartilhe nossas ideias&#8221;. <\/span><\/p>\n<p class=\"paragraph\" spellcheck=\"true\"><span dir=\"auto\">Algu\u00e9m como Andrea Pirlo, o homem que a nova gest\u00e3o identificou desde o in\u00edcio como perfeito para o que consideram o renascimento necess\u00e1rio do nosso futebol. <strong>Afinal, esperar que t\u00e9cnicos experientes e temperamentais como Conte ou Mancini &#8220;pensem como eles&#8221; \u00e9 praticamente fic\u00e7\u00e3o cient\u00edfica.<\/strong> Melhor, ent\u00e3o, seria um jogador mais jovem, inclinado a um estilo de futebol mais moderno e aberto a poss\u00edveis conselhos e orienta\u00e7\u00f5es.\u00a0<\/span><\/p>\n<\/div>\n<div id=\"m34332-34331-34333\" class=\"bck-media article-media-video bck-media-video \" data-search-type=\"select-only\">\n<div class=\"player\" data-config=\"{&quot;newspaper&quot;:&quot;gazzetta&quot;,&quot;uuid&quot;:&quot;b3f6dfcd-3aaa-4c5b-be63-f01b91da7xlk&quot;,&quot;autoplay&quot;:false,&quot;muted&quot;:true,&quot;coverTemplate&quot;:&quot;articleEmbed&quot;,&quot;playerPage&quot;:&quot;tvSticky&quot;,&quot;playOnVisibility&quot;:{&quot;rootMargin&quot;:100},&quot;tipo_video&quot;:&quot;articolo_ancorato&quot;,&quot;tipo_pagina&quot;:&quot;articolo&quot;}\" data-player-active=\"true\">\n<div class=\"media__image\">\n<figure class=\"has-media image\"><img data-recalc-dims=\"1\" decoding=\"async\" src=\"https:\/\/i0.wp.com\/dimages2.gazzettaobjects.it\/files\/image_712_401\/uploads\/2026\/05\/28\/6a181948e9f68.png?w=940&#038;ssl=1\" alt=\"PIRLO_28052026\" data-full-src=\"https:\/\/dimages2.gazzettaobjects.it\/uploads\/2026\/05\/28\/6a181948e9f68.png\" \/><i class=\"icon-gazzetta-g-play fa-4x\"><\/i><\/figure>\n<\/div>\n<div id=\"provider-1\" class=\"rcs-video custom-video-sticky\">\n<div id=\"provider-1-dm\"><\/div>\n<\/div>\n<\/div>\n<div class=\"image__footer has--caption\"><span style=\"color: #0000ff;\"><strong><a class=\"media-link\" style=\"color: #0000ff;\" href=\"https:\/\/video.gazzetta.it\/calcio\/video-pirlo-sedici-anni-senza-italia-al-mondiale-non-e-cambiato-niente\/b3f6dfcd-3aaa-4c5b-be63-f01b91da7xlk\"><span dir=\"auto\">V\u00cdDEO:\u00a0<\/span><span dir=\"auto\">Pirlo: &#8220;Dezesseis anos sem a It\u00e1lia na Copa do Mundo? Nada mudou&#8230;&#8221;<\/span><\/a><\/strong><\/span><\/div>\n<\/div>\n<div id=\"m34353-34352-34354\" class=\"content content-paragraph \">\n<h3 id=\"m34410-34409-34411\" class=\"is-h5 is-inline is-uppercase is-mr-r-4 \" spellcheck=\"true\"><span dir=\"auto\">Os motivos<\/span><\/h3>\n<div class=\"bck-tile-comment has--context\"><\/div>\n<p class=\"paragraph is-inline\" spellcheck=\"true\"><a title=\"Dois trof\u00e9us, um acesso, tr\u00eas demiss\u00f5es: o per\u00edodo de Pirlo no comando t\u00e9cnico at\u00e9 agora.\" href=\"https:\/\/www.gazzetta.it\/Calcio\/Nazionale\/storie\/24-07-2026\/pirlo-allenatore-juve-samp-turchia-emirati-arabi\/\"><span dir=\"auto\">Pirlo n\u00e3o teve uma carreira brilhante<\/span><\/a><span dir=\"auto\">\u00a0como treinador\u00a0(para dizer o m\u00ednimo), mas Maldini sempre viu nele uma vis\u00e3o futebol\u00edstica extraordin\u00e1ria e est\u00e1 disposto a apostar nisso. <strong>Alguns j\u00e1 o acusaram de n\u00e3o ter o perfil para gerir um vesti\u00e1rio (e o da sele\u00e7\u00e3o italiana certamente n\u00e3o \u00e9 f\u00e1cil),<\/strong> mas, por isso, os dois dirigentes a quem o presidente Giovanni Malag\u00f2 confiou a maioria das decis\u00f5es sobre o futuro da Azzurra est\u00e3o prontos para se posicionar firmemente contra qualquer um que o questione.\u00a0<\/span><\/p>\n<\/div>\n<div class=\"content is-partner-link\"><\/div>\n<div id=\"m34363-34362-34364\" class=\"content \">\n<h3 id=\"m34416-34415-34417\" class=\"native-summary-content paragraph-summary is-h5 is-uppercase is-mr-r-4 is-inline \" spellcheck=\"true\"><span dir=\"auto\">O que vem pela frente<\/span><\/h3>\n<p class=\"native-summary-content paragraph-summary is-h5 is-uppercase is-mr-r-4 is-inline \" spellcheck=\"true\"><span dir=\"auto\">O que acontece agora? As conversas com Pirlo est\u00e3o em andamento, e ele est\u00e1 obviamente entusiasmado em participar deste projeto, que, inclusive na decis\u00e3o de t\u00ea-lo como t\u00e9cnico, \u00e9 revolucion\u00e1rio. <\/span><span dir=\"auto\">O ex-meio-campista do Milan e da Juventus j\u00e1 aceitou a proposta de Maldini e Leonardo. E todos na FIGC se resignam \u00e0 ideia de um fim de semana de trabalho. <\/span><\/p>\n<p class=\"native-summary-content paragraph-summary is-h5 is-uppercase is-mr-r-4 is-inline \" spellcheck=\"true\"><span dir=\"auto\">O Conselho Federal, que formalmente n\u00e3o \u00e9 obrigado a se envolver na decis\u00e3o (o Estatuto estipula que ele seja apenas &#8220;ouvido&#8221;), se re\u00fane na ter\u00e7a-feira, mas ainda pode ser uma boa oportunidade para um an\u00fancio. Espera-se que Pirlo tenha contrato at\u00e9 a Copa do Mundo de 2030, embora Maldini vislumbre um plano de longo prazo, visto que o processo de reconstru\u00e7\u00e3o deve come\u00e7ar com jogadores de 12 a 13 anos e ser conclu\u00eddo em 8 a 10 anos. <\/span><\/p>\n<p class=\"native-summary-content paragraph-summary is-h5 is-uppercase is-mr-r-4 is-inline \" spellcheck=\"true\"><span dir=\"auto\">Os valores? O bom senso sugere que, enquanto Mancini aceitaria \u20ac 2 milh\u00f5es por temporada, Pirlo n\u00e3o pode ganhar mais do que \u20ac 1,5 milh\u00e3o. Esperando ter uma excelente motiva\u00e7\u00e3o (leia-se: vit\u00f3rias) para aumentar seu sal\u00e1rio no futuro. Salvo grandes surpresas ou complica\u00e7\u00f5es, que certamente n\u00e3o agradariam \u00e0 dire\u00e7\u00e3o t\u00e9cnica, Pirlo ser\u00e1 o novo treinador. E ser\u00e1 em breve.<\/span><\/p>\n<\/div>\n","protected":false},"excerpt":{"rendered":"<p>Pep Guardiola anuncia que n\u00e3o vai comandar a Sele\u00e7\u00e3o Italiana. Carlo Ancelotti muito menos, apesar de n\u00e3o se [&hellip;]<\/p>\n","protected":false},"author":102107496,"featured_media":61190,"comment_status":"open","ping_status":"open","sticky":false,"template":"","format":"standard","meta":{"_coblocks_attr":"","_coblocks_dimensions":"","_coblocks_responsive_height":"","_coblocks_accordion_ie_support":"","_jetpack_newsletter_access":"","_jetpack_dont_email_post_to_subs":false,"_jetpack_newsletter_tier_id":0,"_jetpack_memberships_contains_paywalled_content":false,"_wpcom_ai_launchpad_first_post":false,"_jetpack_feature_clip_id":0,"_jetpack_memberships_contains_paid_content":false,"footnotes":"","jetpack_publicize_message":"","jetpack_publicize_feature_enabled":true,"jetpack_social_post_already_shared":true,"jetpack_social_options":{"image_generator_settings":{"template":"highway","default_image_id":0,"font":"","enabled":false},"version":2},"jetpack_post_was_ever_published":false},"categories":[53870],"tags":[1016127,789560743,1953884,789560742,2313775,789560740],"class_list":["post-61183","post","type-post","status-publish","format-standard","has-post-thumbnail","hentry","category-futebol","tag-ancelotti","tag-andreapirlo","tag-azzurra","tag-copa2030","tag-guardiola","tag-selecaoitaliana"],"yoast_head":"<!-- This site is optimized with the Yoast SEO plugin v28.3 - https:\/\/yoast.com\/product\/yoast-seo-wordpress\/ -->\n<title>Nem Ancelotti nem Guardiola, It\u00e1lia vai de Pirlo - PR\u00d3SPERI NEWS<\/title>\n<meta name=\"robots\" content=\"index, follow, max-snippet:-1, max-image-preview:large, max-video-preview:-1\" \/>\n<link rel=\"canonical\" href=\"https:\/\/blogdoprosperi.com\/?p=61183\" \/>\n<meta property=\"og:locale\" content=\"pt_BR\" \/>\n<meta property=\"og:type\" content=\"article\" \/>\n<meta property=\"og:title\" content=\"Nem Ancelotti nem Guardiola, It\u00e1lia vai de Pirlo - PR\u00d3SPERI NEWS\" \/>\n<meta property=\"og:description\" content=\"Pep Guardiola anuncia que n\u00e3o vai comandar a Sele\u00e7\u00e3o Italiana. Carlo Ancelotti muito menos, apesar de n\u00e3o se [&hellip;]\" \/>\n<meta property=\"og:url\" content=\"https:\/\/blogdoprosperi.com\/?p=61183\" \/>\n<meta property=\"og:site_name\" content=\"PR\u00d3SPERI NEWS\" \/>\n<meta property=\"article:publisher\" content=\"Luiz Pr\u00f3speri\" \/>\n<meta property=\"article:author\" content=\"Luiz Pr\u00f3speri\" \/>\n<meta property=\"article:published_time\" content=\"2026-07-24T19:24:57+00:00\" \/>\n<meta property=\"og:image\" content=\"https:\/\/i0.wp.com\/blogdoprosperi.com\/wp-content\/uploads\/2026\/07\/Pirlo.jpg?fit=1204%2C677&ssl=1\" \/>\n\t<meta property=\"og:image:width\" content=\"1204\" \/>\n\t<meta property=\"og:image:height\" content=\"677\" \/>\n\t<meta property=\"og:image:type\" content=\"image\/jpeg\" \/>\n<meta name=\"author\" content=\"Luiz Ant\u00f4nio Pr\u00f3speri\" \/>\n<meta name=\"twitter:card\" content=\"summary_large_image\" \/>\n<meta name=\"twitter:creator\" content=\"@Luizprosperi\" \/>\n<meta name=\"twitter:site\" content=\"@Luizprosperi\" \/>\n<meta name=\"twitter:label1\" content=\"Escrito por\" \/>\n\t<meta name=\"twitter:data1\" content=\"Luiz Ant\u00f4nio Pr\u00f3speri\" \/>\n\t<meta name=\"twitter:label2\" content=\"Est. tempo de leitura\" \/>\n\t<meta name=\"twitter:data2\" content=\"3 minutos\" \/>\n<script type=\"application\/ld+json\" class=\"yoast-schema-graph\">{\"@context\":\"https:\\\/\\\/schema.org\",\"@graph\":[{\"@type\":\"Article\",\"@id\":\"https:\\\/\\\/blogdoprosperi.com\\\/?p=61183#article\",\"isPartOf\":{\"@id\":\"https:\\\/\\\/blogdoprosperi.com\\\/?p=61183\"},\"author\":{\"name\":\"Luiz Ant\u00f4nio Pr\u00f3speri\",\"@id\":\"https:\\\/\\\/blogdoprosperi.com\\\/#\\\/schema\\\/person\\\/38100755ce3601861ee4fab9b5aa78e9\"},\"headline\":\"Nem Ancelotti nem Guardiola, It\u00e1lia vai de Pirlo\",\"datePublished\":\"2026-07-24T19:24:57+00:00\",\"mainEntityOfPage\":{\"@id\":\"https:\\\/\\\/blogdoprosperi.com\\\/?p=61183\"},\"wordCount\":583,\"commentCount\":0,\"publisher\":{\"@id\":\"https:\\\/\\\/blogdoprosperi.com\\\/#\\\/schema\\\/person\\\/38100755ce3601861ee4fab9b5aa78e9\"},\"image\":{\"@id\":\"https:\\\/\\\/blogdoprosperi.com\\\/?p=61183#primaryimage\"},\"thumbnailUrl\":\"https:\\\/\\\/i0.wp.com\\\/blogdoprosperi.com\\\/wp-content\\\/uploads\\\/2026\\\/07\\\/Pirlo.jpg?fit=1204%2C677&ssl=1\",\"keywords\":[\"Ancelotti\",\"andreapirlo\",\"Azzurra\",\"copa2030\",\"Guardiola\",\"sele\u00e7\u00e3oitaliana\"],\"articleSection\":[\"futebol\"],\"inLanguage\":\"pt-BR\",\"potentialAction\":[{\"@type\":\"CommentAction\",\"name\":\"Comment\",\"target\":[\"https:\\\/\\\/blogdoprosperi.com\\\/?p=61183#respond\"]}]},{\"@type\":\"WebPage\",\"@id\":\"https:\\\/\\\/blogdoprosperi.com\\\/?p=61183\",\"url\":\"https:\\\/\\\/blogdoprosperi.com\\\/?p=61183\",\"name\":\"Nem Ancelotti nem Guardiola, It\u00e1lia vai de Pirlo - PR\u00d3SPERI NEWS\",\"isPartOf\":{\"@id\":\"https:\\\/\\\/blogdoprosperi.com\\\/#website\"},\"primaryImageOfPage\":{\"@id\":\"https:\\\/\\\/blogdoprosperi.com\\\/?p=61183#primaryimage\"},\"image\":{\"@id\":\"https:\\\/\\\/blogdoprosperi.com\\\/?p=61183#primaryimage\"},\"thumbnailUrl\":\"https:\\\/\\\/i0.wp.com\\\/blogdoprosperi.com\\\/wp-content\\\/uploads\\\/2026\\\/07\\\/Pirlo.jpg?fit=1204%2C677&ssl=1\",\"datePublished\":\"2026-07-24T19:24:57+00:00\",\"breadcrumb\":{\"@id\":\"https:\\\/\\\/blogdoprosperi.com\\\/?p=61183#breadcrumb\"},\"inLanguage\":\"pt-BR\",\"potentialAction\":[{\"@type\":\"ReadAction\",\"target\":[\"https:\\\/\\\/blogdoprosperi.com\\\/?p=61183\"]}]},{\"@type\":\"ImageObject\",\"inLanguage\":\"pt-BR\",\"@id\":\"https:\\\/\\\/blogdoprosperi.com\\\/?p=61183#primaryimage\",\"url\":\"https:\\\/\\\/i0.wp.com\\\/blogdoprosperi.com\\\/wp-content\\\/uploads\\\/2026\\\/07\\\/Pirlo.jpg?fit=1204%2C677&ssl=1\",\"contentUrl\":\"https:\\\/\\\/i0.wp.com\\\/blogdoprosperi.com\\\/wp-content\\\/uploads\\\/2026\\\/07\\\/Pirlo.jpg?fit=1204%2C677&ssl=1\",\"width\":1204,\"height\":677,\"caption\":\"Nem Anceloti nem Guardiola, Pirlo assume It\u00e1lia \u2013 foto: Juventus oficial\"},{\"@type\":\"BreadcrumbList\",\"@id\":\"https:\\\/\\\/blogdoprosperi.com\\\/?p=61183#breadcrumb\",\"itemListElement\":[{\"@type\":\"ListItem\",\"position\":1,\"name\":\"In\u00edcio\",\"item\":\"https:\\\/\\\/blogdoprosperi.com\\\/\"},{\"@type\":\"ListItem\",\"position\":2,\"name\":\"Nem Ancelotti nem Guardiola, It\u00e1lia vai de Pirlo\"}]},{\"@type\":\"WebSite\",\"@id\":\"https:\\\/\\\/blogdoprosperi.com\\\/#website\",\"url\":\"https:\\\/\\\/blogdoprosperi.com\\\/\",\"name\":\"PR\u00d3SPERI NEWS\",\"description\":\"TUDO \u00c9  FUTEBOL\",\"publisher\":{\"@id\":\"https:\\\/\\\/blogdoprosperi.com\\\/#\\\/schema\\\/person\\\/38100755ce3601861ee4fab9b5aa78e9\"},\"alternateName\":\"blogdoprosperi.com\",\"potentialAction\":[{\"@type\":\"SearchAction\",\"target\":{\"@type\":\"EntryPoint\",\"urlTemplate\":\"https:\\\/\\\/blogdoprosperi.com\\\/?s={search_term_string}\"},\"query-input\":{\"@type\":\"PropertyValueSpecification\",\"valueRequired\":true,\"valueName\":\"search_term_string\"}}],\"inLanguage\":\"pt-BR\"},{\"@type\":[\"Person\",\"Organization\"],\"@id\":\"https:\\\/\\\/blogdoprosperi.com\\\/#\\\/schema\\\/person\\\/38100755ce3601861ee4fab9b5aa78e9\",\"name\":\"Luiz Ant\u00f4nio Pr\u00f3speri\",\"pronouns\":\"ele\",\"image\":{\"@type\":\"ImageObject\",\"inLanguage\":\"pt-BR\",\"@id\":\"https:\\\/\\\/i0.wp.com\\\/blogdoprosperi.com\\\/wp-content\\\/uploads\\\/2026\\\/05\\\/cropped-8059e613-6002-42fa-961e-8e275f575d71-2-5.jpg?fit=1360%2C931&ssl=1\",\"url\":\"https:\\\/\\\/i0.wp.com\\\/blogdoprosperi.com\\\/wp-content\\\/uploads\\\/2026\\\/05\\\/cropped-8059e613-6002-42fa-961e-8e275f575d71-2-5.jpg?fit=1360%2C931&ssl=1\",\"contentUrl\":\"https:\\\/\\\/i0.wp.com\\\/blogdoprosperi.com\\\/wp-content\\\/uploads\\\/2026\\\/05\\\/cropped-8059e613-6002-42fa-961e-8e275f575d71-2-5.jpg?fit=1360%2C931&ssl=1\",\"width\":1360,\"height\":931,\"caption\":\"Luiz Ant\u00f4nio Pr\u00f3speri\"},\"logo\":{\"@id\":\"https:\\\/\\\/i0.wp.com\\\/blogdoprosperi.com\\\/wp-content\\\/uploads\\\/2026\\\/05\\\/cropped-8059e613-6002-42fa-961e-8e275f575d71-2-5.jpg?fit=1360%2C931&ssl=1\"},\"description\":\"Jornalista com carreira dedicada ao esporte. Cobriu 9 Copas do Mundo in loco, 1990 na It\u00e1lia, 1994 nos EUA, 1998 na Fran\u00e7a, 2002 na Coreia do Sul e Jap\u00e3o, 2006 na Alemanha, 2010 na \u00c1frica do Sul, 2014 no Brasil, 2018 na R\u00fassia e 2022 no Qatar. Eurocopas, 1992 na Su\u00e9cia e 1996 na Inglaterra. Copa das Confedera\u00e7\u00f5es de 2005 na Alemanha e 2009 na \u00c1frica do Sul. Rep\u00f3rter e Editor, trabalhou no Jornal da Tarde e Estad\u00e3o, de 1984 a fevereiro de 2016. Colunista, blogueiro. E comentarista de futebol na R\u00e1dio Estad\u00e3o, de 2013 a fevereiro de 2016. Jornalista respons\u00e1vel do \\\"Pr\u00f3speri News\\\" (blogdoprosperi.com).\",\"sameAs\":[\"http:\\\/\\\/blogdoprosperi.com\",\"Luiz Pr\u00f3speri\",\"@luiz_prosperi\",\"https:\\\/\\\/x.com\\\/Luizprosperi\",\"@prosperinacopa\",\"luiz.prosperi@icloud.com\"],\"url\":\"https:\\\/\\\/blogdoprosperi.com\\\/?author=102107496\"}]}<\/script>\n<!-- \/ Yoast SEO plugin. -->","yoast_head_json":{"title":"Nem Ancelotti nem Guardiola, It\u00e1lia vai de Pirlo - PR\u00d3SPERI NEWS","robots":{"index":"index","follow":"follow","max-snippet":"max-snippet:-1","max-image-preview":"max-image-preview:large","max-video-preview":"max-video-preview:-1"},"canonical":"https:\/\/blogdoprosperi.com\/?p=61183","og_locale":"pt_BR","og_type":"article","og_title":"Nem Ancelotti nem Guardiola, It\u00e1lia vai de Pirlo - PR\u00d3SPERI NEWS","og_description":"Pep Guardiola anuncia que n\u00e3o vai comandar a Sele\u00e7\u00e3o Italiana. Carlo Ancelotti muito menos, apesar de n\u00e3o se [&hellip;]","og_url":"https:\/\/blogdoprosperi.com\/?p=61183","og_site_name":"PR\u00d3SPERI NEWS","article_publisher":"Luiz Pr\u00f3speri","article_author":"Luiz Pr\u00f3speri","article_published_time":"2026-07-24T19:24:57+00:00","og_image":[{"width":1204,"height":677,"url":"https:\/\/i0.wp.com\/blogdoprosperi.com\/wp-content\/uploads\/2026\/07\/Pirlo.jpg?fit=1204%2C677&ssl=1","type":"image\/jpeg"}],"author":"Luiz Ant\u00f4nio Pr\u00f3speri","twitter_card":"summary_large_image","twitter_creator":"@Luizprosperi","twitter_site":"@Luizprosperi","twitter_misc":{"Escrito por":"Luiz Ant\u00f4nio Pr\u00f3speri","Est. tempo de leitura":"3 minutos"},"schema":{"@context":"https:\/\/schema.org","@graph":[{"@type":"Article","@id":"https:\/\/blogdoprosperi.com\/?p=61183#article","isPartOf":{"@id":"https:\/\/blogdoprosperi.com\/?p=61183"},"author":{"name":"Luiz Ant\u00f4nio Pr\u00f3speri","@id":"https:\/\/blogdoprosperi.com\/#\/schema\/person\/38100755ce3601861ee4fab9b5aa78e9"},"headline":"Nem Ancelotti nem Guardiola, It\u00e1lia vai de Pirlo","datePublished":"2026-07-24T19:24:57+00:00","mainEntityOfPage":{"@id":"https:\/\/blogdoprosperi.com\/?p=61183"},"wordCount":583,"commentCount":0,"publisher":{"@id":"https:\/\/blogdoprosperi.com\/#\/schema\/person\/38100755ce3601861ee4fab9b5aa78e9"},"image":{"@id":"https:\/\/blogdoprosperi.com\/?p=61183#primaryimage"},"thumbnailUrl":"https:\/\/i0.wp.com\/blogdoprosperi.com\/wp-content\/uploads\/2026\/07\/Pirlo.jpg?fit=1204%2C677&ssl=1","keywords":["Ancelotti","andreapirlo","Azzurra","copa2030","Guardiola","sele\u00e7\u00e3oitaliana"],"articleSection":["futebol"],"inLanguage":"pt-BR","potentialAction":[{"@type":"CommentAction","name":"Comment","target":["https:\/\/blogdoprosperi.com\/?p=61183#respond"]}]},{"@type":"WebPage","@id":"https:\/\/blogdoprosperi.com\/?p=61183","url":"https:\/\/blogdoprosperi.com\/?p=61183","name":"Nem Ancelotti nem Guardiola, It\u00e1lia vai de Pirlo - PR\u00d3SPERI NEWS","isPartOf":{"@id":"https:\/\/blogdoprosperi.com\/#website"},"primaryImageOfPage":{"@id":"https:\/\/blogdoprosperi.com\/?p=61183#primaryimage"},"image":{"@id":"https:\/\/blogdoprosperi.com\/?p=61183#primaryimage"},"thumbnailUrl":"https:\/\/i0.wp.com\/blogdoprosperi.com\/wp-content\/uploads\/2026\/07\/Pirlo.jpg?fit=1204%2C677&ssl=1","datePublished":"2026-07-24T19:24:57+00:00","breadcrumb":{"@id":"https:\/\/blogdoprosperi.com\/?p=61183#breadcrumb"},"inLanguage":"pt-BR","potentialAction":[{"@type":"ReadAction","target":["https:\/\/blogdoprosperi.com\/?p=61183"]}]},{"@type":"ImageObject","inLanguage":"pt-BR","@id":"https:\/\/blogdoprosperi.com\/?p=61183#primaryimage","url":"https:\/\/i0.wp.com\/blogdoprosperi.com\/wp-content\/uploads\/2026\/07\/Pirlo.jpg?fit=1204%2C677&ssl=1","contentUrl":"https:\/\/i0.wp.com\/blogdoprosperi.com\/wp-content\/uploads\/2026\/07\/Pirlo.jpg?fit=1204%2C677&ssl=1","width":1204,"height":677,"caption":"Nem Anceloti nem Guardiola, Pirlo assume It\u00e1lia \u2013 foto: Juventus oficial"},{"@type":"BreadcrumbList","@id":"https:\/\/blogdoprosperi.com\/?p=61183#breadcrumb","itemListElement":[{"@type":"ListItem","position":1,"name":"In\u00edcio","item":"https:\/\/blogdoprosperi.com\/"},{"@type":"ListItem","position":2,"name":"Nem Ancelotti nem Guardiola, It\u00e1lia vai de Pirlo"}]},{"@type":"WebSite","@id":"https:\/\/blogdoprosperi.com\/#website","url":"https:\/\/blogdoprosperi.com\/","name":"PR\u00d3SPERI NEWS","description":"TUDO \u00c9  FUTEBOL","publisher":{"@id":"https:\/\/blogdoprosperi.com\/#\/schema\/person\/38100755ce3601861ee4fab9b5aa78e9"},"alternateName":"blogdoprosperi.com","potentialAction":[{"@type":"SearchAction","target":{"@type":"EntryPoint","urlTemplate":"https:\/\/blogdoprosperi.com\/?s={search_term_string}"},"query-input":{"@type":"PropertyValueSpecification","valueRequired":true,"valueName":"search_term_string"}}],"inLanguage":"pt-BR"},{"@type":["Person","Organization"],"@id":"https:\/\/blogdoprosperi.com\/#\/schema\/person\/38100755ce3601861ee4fab9b5aa78e9","name":"Luiz Ant\u00f4nio Pr\u00f3speri","pronouns":"ele","image":{"@type":"ImageObject","inLanguage":"pt-BR","@id":"https:\/\/i0.wp.com\/blogdoprosperi.com\/wp-content\/uploads\/2026\/05\/cropped-8059e613-6002-42fa-961e-8e275f575d71-2-5.jpg?fit=1360%2C931&ssl=1","url":"https:\/\/i0.wp.com\/blogdoprosperi.com\/wp-content\/uploads\/2026\/05\/cropped-8059e613-6002-42fa-961e-8e275f575d71-2-5.jpg?fit=1360%2C931&ssl=1","contentUrl":"https:\/\/i0.wp.com\/blogdoprosperi.com\/wp-content\/uploads\/2026\/05\/cropped-8059e613-6002-42fa-961e-8e275f575d71-2-5.jpg?fit=1360%2C931&ssl=1","width":1360,"height":931,"caption":"Luiz Ant\u00f4nio Pr\u00f3speri"},"logo":{"@id":"https:\/\/i0.wp.com\/blogdoprosperi.com\/wp-content\/uploads\/2026\/05\/cropped-8059e613-6002-42fa-961e-8e275f575d71-2-5.jpg?fit=1360%2C931&ssl=1"},"description":"Jornalista com carreira dedicada ao esporte. Cobriu 9 Copas do Mundo in loco, 1990 na It\u00e1lia, 1994 nos EUA, 1998 na Fran\u00e7a, 2002 na Coreia do Sul e Jap\u00e3o, 2006 na Alemanha, 2010 na \u00c1frica do Sul, 2014 no Brasil, 2018 na R\u00fassia e 2022 no Qatar. Eurocopas, 1992 na Su\u00e9cia e 1996 na Inglaterra. Copa das Confedera\u00e7\u00f5es de 2005 na Alemanha e 2009 na \u00c1frica do Sul. Rep\u00f3rter e Editor, trabalhou no Jornal da Tarde e Estad\u00e3o, de 1984 a fevereiro de 2016. Colunista, blogueiro. E comentarista de futebol na R\u00e1dio Estad\u00e3o, de 2013 a fevereiro de 2016. Jornalista respons\u00e1vel do \"Pr\u00f3speri News\" (blogdoprosperi.com).","sameAs":["http:\/\/blogdoprosperi.com","Luiz Pr\u00f3speri","@luiz_prosperi","https:\/\/x.com\/Luizprosperi","@prosperinacopa","luiz.prosperi@icloud.com"],"url":"https:\/\/blogdoprosperi.com\/?author=102107496"}]}},"jetpack_publicize_connections":[],"jetpack_likes_enabled":false,"jetpack_sharing_enabled":true,"jetpack_shortlink":"https:\/\/wp.me\/p7jvdk-fUP","jetpack-related-posts":[{"id":60891,"url":"https:\/\/blogdoprosperi.com\/?p=60891","url_meta":{"origin":61183,"position":0},"title":"It\u00e1lia quer Guardiola: Maldini e Leonardo se encontram com o treinador, mas a partida caminha para um jogo sem gols","author":"Luiz Ant\u00f4nio Pr\u00f3speri","date":"20 de julho de 2026","format":false,"excerpt":"Not\u00edcia desta segunda-feira (20\/7) no jornal Gazzetta dello Sport: It\u00e1lia quer Guardiola no comando da sele\u00e7\u00e3o Azzurra. Acompanhe aqui: A disputa pela vaga no banco da Azzurra parece ser uma batalha entre tr\u00eas: Pirlo, Mancini e o catal\u00e3o. Maldini e Leo passaram o fim de semana em Barcelona com ele\u2026","rel":"","context":"Em &quot;futebol&quot;","block_context":{"text":"futebol","link":"https:\/\/blogdoprosperi.com\/?cat=53870"},"img":{"alt_text":"Guardiola \u00e9 tema de document\u00e1rio na Amazon Prime Video","src":"https:\/\/i0.wp.com\/blogdoprosperi.com\/wp-content\/uploads\/2022\/12\/gettyimages-1413449937.webp?fit=1200%2C675&ssl=1&resize=350%2C200","width":350,"height":200,"srcset":"https:\/\/i0.wp.com\/blogdoprosperi.com\/wp-content\/uploads\/2022\/12\/gettyimages-1413449937.webp?fit=1200%2C675&ssl=1&resize=350%2C200 1x, https:\/\/i0.wp.com\/blogdoprosperi.com\/wp-content\/uploads\/2022\/12\/gettyimages-1413449937.webp?fit=1200%2C675&ssl=1&resize=525%2C300 1.5x, https:\/\/i0.wp.com\/blogdoprosperi.com\/wp-content\/uploads\/2022\/12\/gettyimages-1413449937.webp?fit=1200%2C675&ssl=1&resize=700%2C400 2x, https:\/\/i0.wp.com\/blogdoprosperi.com\/wp-content\/uploads\/2022\/12\/gettyimages-1413449937.webp?fit=1200%2C675&ssl=1&resize=1050%2C600 3x"},"classes":[]},{"id":61271,"url":"https:\/\/blogdoprosperi.com\/?p=61271","url_meta":{"origin":61183,"position":1},"title":"Pirlo nem chegou e j\u00e1 pode sair da Sele\u00e7\u00e3o Italiana","author":"Luiz Ant\u00f4nio Pr\u00f3speri","date":"26 de julho de 2026","format":false,"excerpt":"Os la\u00e7os de Andrea Pirlo com uma casa russa de apostas abriram um caso nacional: a ideia que come\u00e7a a se espalhar \u00e9 que a rejei\u00e7\u00e3o \"pol\u00edtica\" poderia ser um pretexto para contornar a escolha feita por Paolo Maldini, diretor t\u00e9cnico da It\u00e1lia. Maldini est\u00e1 do lado de Pirlo: se\u2026","rel":"","context":"Em &quot;futebol&quot;","block_context":{"text":"futebol","link":"https:\/\/blogdoprosperi.com\/?cat=53870"},"img":{"alt_text":"","src":"https:\/\/i0.wp.com\/blogdoprosperi.com\/wp-content\/uploads\/2026\/07\/6a65e95559830.jpg?fit=527%2C329&ssl=1&resize=350%2C200","width":350,"height":200,"srcset":"https:\/\/i0.wp.com\/blogdoprosperi.com\/wp-content\/uploads\/2026\/07\/6a65e95559830.jpg?fit=527%2C329&ssl=1&resize=350%2C200 1x, https:\/\/i0.wp.com\/blogdoprosperi.com\/wp-content\/uploads\/2026\/07\/6a65e95559830.jpg?fit=527%2C329&ssl=1&resize=525%2C300 1.5x"},"classes":[]},{"id":61125,"url":"https:\/\/blogdoprosperi.com\/?p=61125","url_meta":{"origin":61183,"position":2},"title":"It\u00e1lia quer Ancelotti: Treinador da Sele\u00e7\u00e3o Brasileira conversa com Maldini e Leonardo","author":"Luiz Ant\u00f4nio Pr\u00f3speri","date":"23 de julho de 2026","format":false,"excerpt":"Carlo Ancelotti est\u00e1 nos planos da It\u00e1lia para assumir de imediato o comando da Azzurra. Confira manchete do jornal Gazzetta dello Sport, um dos mais importantes di\u00e1rios esportivos da Europa, nesta quinta-feira (23\/7): Maldini e Leonardo: \"Estamos com pressa para contratar o treinador, mas n\u00e3o muita. Tamb\u00e9m j\u00e1 conversamos com\u2026","rel":"","context":"Em &quot;futebol&quot;","block_context":{"text":"futebol","link":"https:\/\/blogdoprosperi.com\/?cat=53870"},"img":{"alt_text":"","src":"https:\/\/i0.wp.com\/blogdoprosperi.com\/wp-content\/uploads\/2026\/06\/carlo-ancelotti-brasil-x-panama2-1.webp?fit=900%2C600&ssl=1&resize=350%2C200","width":350,"height":200,"srcset":"https:\/\/i0.wp.com\/blogdoprosperi.com\/wp-content\/uploads\/2026\/06\/carlo-ancelotti-brasil-x-panama2-1.webp?fit=900%2C600&ssl=1&resize=350%2C200 1x, https:\/\/i0.wp.com\/blogdoprosperi.com\/wp-content\/uploads\/2026\/06\/carlo-ancelotti-brasil-x-panama2-1.webp?fit=900%2C600&ssl=1&resize=525%2C300 1.5x, https:\/\/i0.wp.com\/blogdoprosperi.com\/wp-content\/uploads\/2026\/06\/carlo-ancelotti-brasil-x-panama2-1.webp?fit=900%2C600&ssl=1&resize=700%2C400 2x"},"classes":[]},{"id":50105,"url":"https:\/\/blogdoprosperi.com\/?p=50105","url_meta":{"origin":61183,"position":3},"title":"Para Entender o Qu\u00e3o Bom Carlo Ancelotti \u00c9 Como Treinador de Clube, Veja o Que Ele N\u00c3O Faz\u2026","author":"Luiz Ant\u00f4nio Pr\u00f3speri","date":"14 de maio de 2025","format":false,"excerpt":"\u2666 Ao contr\u00e1rio de v\u00e1rios de seus pares, ele n\u00e3o criou um movimento. N\u00e3o existe uma Escola de Ancelotti nem uma onda de disc\u00edpulos por tr\u00e1s dele \u2666 Ancelotti tem o ar de algu\u00e9m que disse a si mesmo para aproveitar at\u00e9 a m\u00fasica parar Por\u00a0Phil Hay \u2013 The Athletic\u2026","rel":"","context":"Em &quot;futebol&quot;","block_context":{"text":"futebol","link":"https:\/\/blogdoprosperi.com\/?cat=53870"},"img":{"alt_text":"Carlo Ancelotti, entenda seu sucesso","src":"https:\/\/i0.wp.com\/blogdoprosperi.com\/wp-content\/uploads\/2025\/05\/1024.jpg?fit=1024%2C576&ssl=1&resize=350%2C200","width":350,"height":200,"srcset":"https:\/\/i0.wp.com\/blogdoprosperi.com\/wp-content\/uploads\/2025\/05\/1024.jpg?fit=1024%2C576&ssl=1&resize=350%2C200 1x, https:\/\/i0.wp.com\/blogdoprosperi.com\/wp-content\/uploads\/2025\/05\/1024.jpg?fit=1024%2C576&ssl=1&resize=525%2C300 1.5x, https:\/\/i0.wp.com\/blogdoprosperi.com\/wp-content\/uploads\/2025\/05\/1024.jpg?fit=1024%2C576&ssl=1&resize=700%2C400 2x"},"classes":[]},{"id":61322,"url":"https:\/\/blogdoprosperi.com\/?p=61322","url_meta":{"origin":61183,"position":4},"title":"Entenda crise na Sele\u00e7\u00e3o Italiana: Pirlo desiste, Maldini e Leonardo renunciam e o brasileiro Thiago Motta ganha for\u00e7a","author":"Luiz Ant\u00f4nio Pr\u00f3speri","date":"27 de julho de 2026","format":false,"excerpt":"A Federa\u00e7\u00e3o Italiana de Futebol est\u00e1 em crise.\u00a0Andrea Pirlo\u00a0n\u00e3o ser\u00e1 o t\u00e9cnico da sele\u00e7\u00e3o nacional, e a decis\u00e3o ter\u00e1 consequ\u00eancias inevit\u00e1veis. Primeiro,\u00a0Giovanni Malag\u00f2, presidente da Federa\u00e7\u00e3o Italiana de Futebol (FIGC), ter\u00e1 que encontrar rapidamente outro nome para apresentar ao Conselho Federal amanh\u00e3. Ele n\u00e3o far\u00e1 isso ao lado de Paolo\u2026","rel":"","context":"Em &quot;futebol&quot;","block_context":{"text":"futebol","link":"https:\/\/blogdoprosperi.com\/?cat=53870"},"img":{"alt_text":"","src":"https:\/\/i0.wp.com\/blogdoprosperi.com\/wp-content\/uploads\/2026\/07\/Captura-de-Tela-2026-07-27-as-15.25.55.png?fit=1200%2C922&ssl=1&resize=350%2C200","width":350,"height":200,"srcset":"https:\/\/i0.wp.com\/blogdoprosperi.com\/wp-content\/uploads\/2026\/07\/Captura-de-Tela-2026-07-27-as-15.25.55.png?fit=1200%2C922&ssl=1&resize=350%2C200 1x, https:\/\/i0.wp.com\/blogdoprosperi.com\/wp-content\/uploads\/2026\/07\/Captura-de-Tela-2026-07-27-as-15.25.55.png?fit=1200%2C922&ssl=1&resize=525%2C300 1.5x, https:\/\/i0.wp.com\/blogdoprosperi.com\/wp-content\/uploads\/2026\/07\/Captura-de-Tela-2026-07-27-as-15.25.55.png?fit=1200%2C922&ssl=1&resize=700%2C400 2x, https:\/\/i0.wp.com\/blogdoprosperi.com\/wp-content\/uploads\/2026\/07\/Captura-de-Tela-2026-07-27-as-15.25.55.png?fit=1200%2C922&ssl=1&resize=1050%2C600 3x"},"classes":[]},{"id":58331,"url":"https:\/\/blogdoprosperi.com\/?p=58331","url_meta":{"origin":61183,"position":5},"title":"CBF renova contrato de Ancelotti at\u00e9 Copa 2030 e agrava crise de t\u00e9cnicos brasileiros","author":"Luiz Ant\u00f4nio Pr\u00f3speri","date":"15 de maio de 2026","format":false,"excerpt":"Ancelotti fica na Sele\u00e7\u00e3o at\u00e9 a Copa 2030. \u00c9 o atestado oficial da decad\u00eancia de treinadores brasileiros","rel":"","context":"Em &quot;copa 2026&quot;","block_context":{"text":"copa 2026","link":"https:\/\/blogdoprosperi.com\/?cat=36820279"},"img":{"alt_text":"","src":"https:\/\/i0.wp.com\/blogdoprosperi.com\/wp-content\/uploads\/2026\/05\/image_7acf7baa-1.png?fit=1200%2C655&ssl=1&resize=350%2C200","width":350,"height":200,"srcset":"https:\/\/i0.wp.com\/blogdoprosperi.com\/wp-content\/uploads\/2026\/05\/image_7acf7baa-1.png?fit=1200%2C655&ssl=1&resize=350%2C200 1x, https:\/\/i0.wp.com\/blogdoprosperi.com\/wp-content\/uploads\/2026\/05\/image_7acf7baa-1.png?fit=1200%2C655&ssl=1&resize=525%2C300 1.5x, https:\/\/i0.wp.com\/blogdoprosperi.com\/wp-content\/uploads\/2026\/05\/image_7acf7baa-1.png?fit=1200%2C655&ssl=1&resize=700%2C400 2x, https:\/\/i0.wp.com\/blogdoprosperi.com\/wp-content\/uploads\/2026\/05\/image_7acf7baa-1.png?fit=1200%2C655&ssl=1&resize=1050%2C600 3x"},"classes":[]}],"jetpack_featured_media_url":"https:\/\/i0.wp.com\/blogdoprosperi.com\/wp-content\/uploads\/2026\/07\/Pirlo.jpg?fit=1204%2C677&ssl=1","_links":{"self":[{"href":"https:\/\/blogdoprosperi.com\/index.php?rest_route=\/wp\/v2\/posts\/61183","targetHints":{"allow":["GET"]}}],"collection":[{"href":"https:\/\/blogdoprosperi.com\/index.php?rest_route=\/wp\/v2\/posts"}],"about":[{"href":"https:\/\/blogdoprosperi.com\/index.php?rest_route=\/wp\/v2\/types\/post"}],"author":[{"embeddable":true,"href":"https:\/\/blogdoprosperi.com\/index.php?rest_route=\/wp\/v2\/users\/102107496"}],"replies":[{"embeddable":true,"href":"https:\/\/blogdoprosperi.com\/index.php?rest_route=%2Fwp%2Fv2%2Fcomments&post=61183"}],"version-history":[{"count":7,"href":"https:\/\/blogdoprosperi.com\/index.php?rest_route=\/wp\/v2\/posts\/61183\/revisions"}],"predecessor-version":[{"id":61191,"href":"https:\/\/blogdoprosperi.com\/index.php?rest_route=\/wp\/v2\/posts\/61183\/revisions\/61191"}],"wp:featuredmedia":[{"embeddable":true,"href":"https:\/\/blogdoprosperi.com\/index.php?rest_route=\/wp\/v2\/media\/61190"}],"wp:attachment":[{"href":"https:\/\/blogdoprosperi.com\/index.php?rest_route=%2Fwp%2Fv2%2Fmedia&parent=61183"}],"wp:term":[{"taxonomy":"category","embeddable":true,"href":"https:\/\/blogdoprosperi.com\/index.php?rest_route=%2Fwp%2Fv2%2Fcategories&post=61183"},{"taxonomy":"post_tag","embeddable":true,"href":"https:\/\/blogdoprosperi.com\/index.php?rest_route=%2Fwp%2Fv2%2Ftags&post=61183"}],"curies":[{"name":"wp","href":"https:\/\/api.w.org\/{rel}","templated":true}]}}