{"id":61226,"date":"2026-07-25T15:07:36","date_gmt":"2026-07-25T18:07:36","guid":{"rendered":"https:\/\/blogdoprosperi.com\/?p=61226"},"modified":"2026-07-25T17:44:16","modified_gmt":"2026-07-25T20:44:16","slug":"real-madrid-promove-nova-revolucao-na-contratacao-de-estrelas-vinicius-jr-e-endrick-de-saida","status":"publish","type":"post","link":"https:\/\/blogdoprosperi.com\/?p=61226","title":{"rendered":"Vini Jr e Endrick de sa\u00edda? Real Madrid promove nova revolu\u00e7\u00e3o na contrata\u00e7\u00e3o de refor\u00e7os"},"content":{"rendered":"<p><em>Luiz Ant\u00f4nio Pr\u00f3speri \u2013 25 julho 2026 (14h47)<\/em><\/p>\n<p>Real Madrid promove outra revolu\u00e7\u00e3o no mercado da bola neste ver\u00e3o t\u00f3rrido na Europa. A cada semana enfileira um novo jogador. Diomande, 19 anos, \u00e9 a pr\u00f3xima tacada. O jovem atacante da Costa do Marfim vinculado ao Red Bull Leipzig est\u00e1 perto de desembarcar no Real pela bagatela de 120 milh\u00f5es de euros (R$ 720 milh\u00f5es na cota\u00e7\u00e3o atual). R$ 720 milh\u00f5es, n\u00e3o se assuste. A informa\u00e7\u00e3o \u00e9 do di\u00e1rio esportivo <em>AS<\/em> de Madri. A chegada imediata de Diomande, um dos jogadores mais disputados no atual mercado europeu, pode abreviar a passagem de Vini Jr no clube merengue.<\/p>\n<p>Vini Jr est\u00e1 no \u00faltimo ano de seu contrato com o Real Madrid. As negocia\u00e7\u00f5es de uma renova\u00e7\u00e3o travaram quando Xabi Alonso assumiu o comando do time. Alonso j\u00e1 deixou o Real faz um tempinho. E Vini ainda n\u00e3o deu sequ\u00eancia a fechar um acordo com o clube.<\/p>\n<p>E a not\u00edcia neste s\u00e1bado (25\/7) \u00e9 do suposto interesse do <strong>Arsenal<\/strong>, atual campe\u00e3o da Premier League, por <span style=\"color: #0000ff;\"><strong><a style=\"color: #0000ff;\" href=\"https:\/\/blogdoprosperi.com\/2026\/06\/25\/nao-vamos-cair-na-tentacao-de-endeusar-vini-jr-antes-da-hora-na-copa\/\">Vini Jr.<\/a><\/strong><\/span><\/p>\n<p>Neg\u00f3cio entre Arsenal e Real por Vini deve esquentar se a contrata\u00e7\u00e3o do atacante <span style=\"color: #0000ff;\"><strong><a style=\"color: #0000ff;\" href=\"https:\/\/as.com\/futbol\/primera\/el-madrid-sacude-europa-y-valdebebas-con-la-operacion-diomande-f202607-n\/\">Diomande<\/a><\/strong><\/span> se confirmar nas pr\u00f3ximas horas.<\/p>\n<figure id=\"attachment_61242\" aria-describedby=\"caption-attachment-61242\" style=\"width: 564px\" class=\"wp-caption alignnone\"><img data-recalc-dims=\"1\" loading=\"lazy\" decoding=\"async\" data-attachment-id=\"61242\" data-permalink=\"https:\/\/blogdoprosperi.com\/?attachment_id=61242\" data-orig-file=\"https:\/\/i0.wp.com\/blogdoprosperi.com\/wp-content\/uploads\/2026\/07\/Captura-de-Tela-2026-07-25-as-14.59.56.png?fit=1276%2C1070&amp;ssl=1\" data-orig-size=\"1276,1070\" data-comments-opened=\"1\" data-image-meta=\"{&quot;aperture&quot;:&quot;0&quot;,&quot;credit&quot;:&quot;&quot;,&quot;camera&quot;:&quot;&quot;,&quot;caption&quot;:&quot;&quot;,&quot;created_timestamp&quot;:&quot;0&quot;,&quot;copyright&quot;:&quot;&quot;,&quot;focal_length&quot;:&quot;0&quot;,&quot;iso&quot;:&quot;0&quot;,&quot;shutter_speed&quot;:&quot;0&quot;,&quot;title&quot;:&quot;&quot;,&quot;orientation&quot;:&quot;0&quot;,&quot;alt&quot;:&quot;&quot;}\" data-image-title=\"Captura de Tela 2026-07-25 \u00e0s 14.59.56\" data-image-description=\"\" data-image-caption=\"&lt;p&gt;Diomande no Real Madrid? \u2013 foto: AS\/Alexander Hassenstein&lt;\/p&gt;\n\" data-large-file=\"https:\/\/i0.wp.com\/blogdoprosperi.com\/wp-content\/uploads\/2026\/07\/Captura-de-Tela-2026-07-25-as-14.59.56.png?fit=940%2C789&amp;ssl=1\" class=\" wp-image-61242\" src=\"https:\/\/i0.wp.com\/blogdoprosperi.com\/wp-content\/uploads\/2026\/07\/Captura-de-Tela-2026-07-25-as-14.59.56.png?resize=564%2C473&#038;ssl=1\" alt=\"\" width=\"564\" height=\"473\" srcset=\"https:\/\/i0.wp.com\/blogdoprosperi.com\/wp-content\/uploads\/2026\/07\/Captura-de-Tela-2026-07-25-as-14.59.56.png?resize=451%2C378&amp;ssl=1 451w, https:\/\/i0.wp.com\/blogdoprosperi.com\/wp-content\/uploads\/2026\/07\/Captura-de-Tela-2026-07-25-as-14.59.56.png?resize=1024%2C859&amp;ssl=1 1024w, https:\/\/i0.wp.com\/blogdoprosperi.com\/wp-content\/uploads\/2026\/07\/Captura-de-Tela-2026-07-25-as-14.59.56.png?resize=150%2C126&amp;ssl=1 150w, https:\/\/i0.wp.com\/blogdoprosperi.com\/wp-content\/uploads\/2026\/07\/Captura-de-Tela-2026-07-25-as-14.59.56.png?resize=768%2C644&amp;ssl=1 768w, https:\/\/i0.wp.com\/blogdoprosperi.com\/wp-content\/uploads\/2026\/07\/Captura-de-Tela-2026-07-25-as-14.59.56.png?resize=450%2C377&amp;ssl=1 450w, https:\/\/i0.wp.com\/blogdoprosperi.com\/wp-content\/uploads\/2026\/07\/Captura-de-Tela-2026-07-25-as-14.59.56.png?resize=716%2C600&amp;ssl=1 716w, https:\/\/i0.wp.com\/blogdoprosperi.com\/wp-content\/uploads\/2026\/07\/Captura-de-Tela-2026-07-25-as-14.59.56.png?w=1276&amp;ssl=1 1276w\" sizes=\"auto, (max-width: 564px) 100vw, 564px\" \/><figcaption id=\"caption-attachment-61242\" class=\"wp-caption-text\">Diomande no Real Madrid? \u2013 foto: AS\/Alexander Hassenstein<\/figcaption><\/figure>\n<p>Outro brasileiro na berlinda \u00e9 <span style=\"color: #0000ff;\"><strong><span style=\"color: #0000ff;\"><a style=\"color: #0000ff;\" href=\"https:\/\/blogdoprosperi.com\/2026\/07\/02\/ao-vivo-endrick-coletiva-de-imprensa-selecao-brasileira\/\">Endrick<\/a><\/span>.<\/strong><\/span> O jovem atacante de 20 anos corre riso de ser emprestado mais uma vez depois de passar quatro meses de sucesso no Lyon da Fran\u00e7a.<\/p>\n<p><strong>Jos\u00e9 Mourinho, o novo treinador do Real Madrid,<\/strong> ainda n\u00e3o se manifestou se quer ou n\u00e3o Endrick no grupo de jogadores.<\/p>\n<p>Ali\u00e1s, o que mais Mourinho tem nesse momento \u00e9 a chegada de jogadores renomados. Anote a\u00ed:<\/p>\n<h3>Chegaram neste mercado durante a Copa do Mundo:<\/h3>\n<p><strong>Cucurella<\/strong> \u2013 lateral-esquerdo campe\u00e3o do mundo com a Espanha na Copa 2026. Estava no Chelsea. Custo: 60 milh\u00f5es de euros (R$ 360 milh\u00f5es).<\/p>\n<p><span class=\"alignnone\"><img data-recalc-dims=\"1\" loading=\"lazy\" decoding=\"async\" data-attachment-id=\"61239\" data-permalink=\"https:\/\/blogdoprosperi.com\/?attachment_id=61239\" data-orig-file=\"https:\/\/i0.wp.com\/blogdoprosperi.com\/wp-content\/uploads\/2026\/07\/GM17JTf2_400x400.jpg?fit=400%2C400&amp;ssl=1\" data-orig-size=\"400,400\" data-comments-opened=\"1\" data-image-meta=\"{&quot;aperture&quot;:&quot;0&quot;,&quot;credit&quot;:&quot;&quot;,&quot;camera&quot;:&quot;&quot;,&quot;caption&quot;:&quot;&quot;,&quot;created_timestamp&quot;:&quot;0&quot;,&quot;copyright&quot;:&quot;&quot;,&quot;focal_length&quot;:&quot;0&quot;,&quot;iso&quot;:&quot;0&quot;,&quot;shutter_speed&quot;:&quot;0&quot;,&quot;title&quot;:&quot;&quot;,&quot;orientation&quot;:&quot;0&quot;,&quot;alt&quot;:&quot;&quot;}\" data-image-title=\"GM17JTf2_400x400\" data-image-description=\"\" data-image-caption=\"\" data-large-file=\"https:\/\/i0.wp.com\/blogdoprosperi.com\/wp-content\/uploads\/2026\/07\/GM17JTf2_400x400.jpg?fit=400%2C400&amp;ssl=1\" class=\"alignnone size-medium wp-image-61239\" src=\"https:\/\/i0.wp.com\/blogdoprosperi.com\/wp-content\/uploads\/2026\/07\/GM17JTf2_400x400.jpg?resize=378%2C378&#038;ssl=1\" alt=\"\" width=\"378\" height=\"378\" srcset=\"https:\/\/i0.wp.com\/blogdoprosperi.com\/wp-content\/uploads\/2026\/07\/GM17JTf2_400x400.jpg?resize=378%2C378&amp;ssl=1 378w, https:\/\/i0.wp.com\/blogdoprosperi.com\/wp-content\/uploads\/2026\/07\/GM17JTf2_400x400.jpg?resize=150%2C150&amp;ssl=1 150w, https:\/\/i0.wp.com\/blogdoprosperi.com\/wp-content\/uploads\/2026\/07\/GM17JTf2_400x400.jpg?w=400&amp;ssl=1 400w\" sizes=\"auto, (max-width: 378px) 100vw, 378px\" \/><\/span><\/p>\n<p><strong>Bernado Silva<\/strong> \u2013 meia portugu\u00eas livre no mercado ao deixar o Manchester City ap\u00f3s quase uma d\u00e9cada de conquistas com Pep Guardiola no clube ingl\u00eas.<\/p>\n<p><strong>Dumfries<\/strong> \u2013 lateral-direito holand\u00eas muito cobi\u00e7ado no mercado. Jogou a Copa 2026 pela Holanda. Era jogador da Inter de Mil\u00e3o. Custo: 20 milh\u00f5es de euros (R$ 120 milh\u00f5es).<\/p>\n<p><strong>Konat\u00e9<\/strong> \u2013 zagueiro franc\u00eas que jogou a \u00faltima Copa do Mundo defendendo a Fran\u00e7a. Estava no Liverpool e chega ao Real sem custo.<\/p>\n<p>Essa turma se junta ao franc\u00eas <strong>Mbapp\u00e9<\/strong>, artilheiro da Copa 2026 com dez gols, <strong>Bellingham<\/strong>, goleador da Inglaterra e destaque na Copa. <strong>Tchouam\u00e9ni,<\/strong> volante titular da Fran\u00e7a na Copa. <strong>Courtois<\/strong>, goleiro da B\u00e9lgica que tamb\u00e9m jogou a \u00faltima Copa. E <strong>Rodrygo,<\/strong> destaque da Sele\u00e7\u00e3o Brasileira mas que ficou fora da Copa por sofrer les\u00e3o no joelho.<\/p>\n<p>Pr\u00f3xima tacada do Real Madrid \u00e9 o volante <strong>Rodri,<\/strong> eleito melhor jogador da Copa 2026. Ele pertence ao Manchester City. Informa\u00e7\u00f5es da Inglaterra d\u00e3o conta de que Rodri deve passar por cirurgia nas costas em agosto. PSG estaria frente do Real Madrid por Rodri.<\/p>\n<p>Com ou sem Rodri, <span style=\"color: #0000ff;\"><strong><a style=\"color: #0000ff;\" href=\"https:\/\/blogdoprosperi.com\/2016\/09\/10\/primeira-licao-de-guardiola-a-mourinho-no-campeonato-ingles\/\">Jos\u00e9 Mourinho<\/a><\/strong><\/span> ter\u00e1 uma constela\u00e7\u00e3o a seu dispor. Talvez a \u00faltima chance de Mourinho se consagrar mais uma vez no futebol europeu depois de passagem por times intermedi\u00e1rios no continente.<\/p>\n<p>N\u00e3o custa lembrar: Real Madrid n\u00e3o ganhou nada na \u00faltima temporada (2025\/2026). Reelegeu o presidente <span style=\"color: #0000ff;\"><a style=\"color: #0000ff;\" href=\"https:\/\/blogdoprosperi.com\/2026\/02\/12\/o-flamengo-quer-ser-o-real-madrid-da-america\/\"><strong>Florentino P\u00e9rez<\/strong><\/a><\/span>, o messias e mecenas do clube, nas elei\u00e7\u00f5es realizada em junho 2026. Florentino est\u00e1 no cargo desde 2009 (em sua segunda passagem, ap\u00f3s comandar o clube de 2000 a 2006). Novo mandato se estende at\u00e9 2030.<\/p>\n","protected":false},"excerpt":{"rendered":"<p>Luiz Ant\u00f4nio Pr\u00f3speri \u2013 25 julho 2026 (14h47) Real Madrid promove outra revolu\u00e7\u00e3o no mercado da bola neste [&hellip;]<\/p>\n","protected":false},"author":102107496,"featured_media":52057,"comment_status":"open","ping_status":"open","sticky":false,"template":"","format":"standard","meta":{"_coblocks_attr":"","_coblocks_dimensions":"","_coblocks_responsive_height":"","_coblocks_accordion_ie_support":"","_jetpack_newsletter_access":"","_jetpack_dont_email_post_to_subs":false,"_jetpack_newsletter_tier_id":0,"_jetpack_memberships_contains_paywalled_content":false,"_wpcom_ai_launchpad_first_post":false,"_jetpack_feature_clip_id":0,"_jetpack_memberships_contains_paid_content":false,"footnotes":"","jetpack_publicize_message":"","jetpack_publicize_feature_enabled":true,"jetpack_social_post_already_shared":true,"jetpack_social_options":{"image_generator_settings":{"template":"highway","default_image_id":0,"font":"","enabled":false},"version":2},"jetpack_post_was_ever_published":false},"categories":[53870],"tags":[203921189,789560745,25607665,789560746,1628237,671177663],"class_list":["post-61226","post","type-post","status-publish","format-standard","has-post-thumbnail","hentry","category-futebol","tag-cucurella","tag-diomande","tag-endrick","tag-josemouinho","tag-realmadrid","tag-vinijr"],"yoast_head":"<!-- This site is optimized with the Yoast SEO plugin v28.3 - https:\/\/yoast.com\/product\/yoast-seo-wordpress\/ -->\n<title>Vini Jr e Endrick de sa\u00edda? Real Madrid promove nova revolu\u00e7\u00e3o na contrata\u00e7\u00e3o de refor\u00e7os - PR\u00d3SPERI NEWS<\/title>\n<meta name=\"robots\" content=\"index, follow, max-snippet:-1, max-image-preview:large, max-video-preview:-1\" \/>\n<link rel=\"canonical\" href=\"https:\/\/blogdoprosperi.com\/?p=61226\" \/>\n<meta property=\"og:locale\" content=\"pt_BR\" \/>\n<meta property=\"og:type\" content=\"article\" \/>\n<meta property=\"og:title\" content=\"Vini Jr e Endrick de sa\u00edda? Real Madrid promove nova revolu\u00e7\u00e3o na contrata\u00e7\u00e3o de refor\u00e7os - PR\u00d3SPERI NEWS\" \/>\n<meta property=\"og:description\" content=\"Luiz Ant\u00f4nio Pr\u00f3speri \u2013 25 julho 2026 (14h47) Real Madrid promove outra revolu\u00e7\u00e3o no mercado da bola neste [&hellip;]\" \/>\n<meta property=\"og:url\" content=\"https:\/\/blogdoprosperi.com\/?p=61226\" \/>\n<meta property=\"og:site_name\" content=\"PR\u00d3SPERI NEWS\" \/>\n<meta property=\"article:publisher\" content=\"Luiz Pr\u00f3speri\" \/>\n<meta property=\"article:author\" content=\"Luiz Pr\u00f3speri\" \/>\n<meta property=\"article:published_time\" content=\"2026-07-25T18:07:36+00:00\" \/>\n<meta property=\"article:modified_time\" content=\"2026-07-25T20:44:16+00:00\" \/>\n<meta property=\"og:image\" content=\"https:\/\/i0.wp.com\/blogdoprosperi.com\/wp-content\/uploads\/2025\/06\/captura-de-tela-2025-06-27-as-06.50.48.png?fit=1714%2C1022&ssl=1\" \/>\n\t<meta property=\"og:image:width\" content=\"1714\" \/>\n\t<meta property=\"og:image:height\" content=\"1022\" \/>\n\t<meta property=\"og:image:type\" content=\"image\/png\" \/>\n<meta name=\"author\" content=\"Luiz Ant\u00f4nio Pr\u00f3speri\" \/>\n<meta name=\"twitter:card\" content=\"summary_large_image\" \/>\n<meta name=\"twitter:creator\" content=\"@Luizprosperi\" \/>\n<meta name=\"twitter:site\" content=\"@Luizprosperi\" \/>\n<meta name=\"twitter:label1\" content=\"Escrito por\" \/>\n\t<meta name=\"twitter:data1\" content=\"Luiz Ant\u00f4nio Pr\u00f3speri\" \/>\n\t<meta name=\"twitter:label2\" content=\"Est. tempo de leitura\" \/>\n\t<meta name=\"twitter:data2\" content=\"3 minutos\" \/>\n<script type=\"application\/ld+json\" class=\"yoast-schema-graph\">{\"@context\":\"https:\\\/\\\/schema.org\",\"@graph\":[{\"@type\":\"Article\",\"@id\":\"https:\\\/\\\/blogdoprosperi.com\\\/?p=61226#article\",\"isPartOf\":{\"@id\":\"https:\\\/\\\/blogdoprosperi.com\\\/?p=61226\"},\"author\":{\"name\":\"Luiz Ant\u00f4nio Pr\u00f3speri\",\"@id\":\"https:\\\/\\\/blogdoprosperi.com\\\/#\\\/schema\\\/person\\\/38100755ce3601861ee4fab9b5aa78e9\"},\"headline\":\"Vini Jr e Endrick de sa\u00edda? Real Madrid promove nova revolu\u00e7\u00e3o na contrata\u00e7\u00e3o de refor\u00e7os\",\"datePublished\":\"2026-07-25T18:07:36+00:00\",\"dateModified\":\"2026-07-25T20:44:16+00:00\",\"mainEntityOfPage\":{\"@id\":\"https:\\\/\\\/blogdoprosperi.com\\\/?p=61226\"},\"wordCount\":615,\"commentCount\":0,\"publisher\":{\"@id\":\"https:\\\/\\\/blogdoprosperi.com\\\/#\\\/schema\\\/person\\\/38100755ce3601861ee4fab9b5aa78e9\"},\"image\":{\"@id\":\"https:\\\/\\\/blogdoprosperi.com\\\/?p=61226#primaryimage\"},\"thumbnailUrl\":\"https:\\\/\\\/i0.wp.com\\\/blogdoprosperi.com\\\/wp-content\\\/uploads\\\/2025\\\/06\\\/captura-de-tela-2025-06-27-as-06.50.48.png?fit=1714%2C1022&ssl=1\",\"keywords\":[\"cucurella\",\"diomande\",\"endrick\",\"jos\u00e9mouinho\",\"RealMadrid\",\"vinijr\"],\"articleSection\":[\"futebol\"],\"inLanguage\":\"pt-BR\",\"potentialAction\":[{\"@type\":\"CommentAction\",\"name\":\"Comment\",\"target\":[\"https:\\\/\\\/blogdoprosperi.com\\\/?p=61226#respond\"]}]},{\"@type\":\"WebPage\",\"@id\":\"https:\\\/\\\/blogdoprosperi.com\\\/?p=61226\",\"url\":\"https:\\\/\\\/blogdoprosperi.com\\\/?p=61226\",\"name\":\"Vini Jr e Endrick de sa\u00edda? Real Madrid promove nova revolu\u00e7\u00e3o na contrata\u00e7\u00e3o de refor\u00e7os - PR\u00d3SPERI NEWS\",\"isPartOf\":{\"@id\":\"https:\\\/\\\/blogdoprosperi.com\\\/#website\"},\"primaryImageOfPage\":{\"@id\":\"https:\\\/\\\/blogdoprosperi.com\\\/?p=61226#primaryimage\"},\"image\":{\"@id\":\"https:\\\/\\\/blogdoprosperi.com\\\/?p=61226#primaryimage\"},\"thumbnailUrl\":\"https:\\\/\\\/i0.wp.com\\\/blogdoprosperi.com\\\/wp-content\\\/uploads\\\/2025\\\/06\\\/captura-de-tela-2025-06-27-as-06.50.48.png?fit=1714%2C1022&ssl=1\",\"datePublished\":\"2026-07-25T18:07:36+00:00\",\"dateModified\":\"2026-07-25T20:44:16+00:00\",\"breadcrumb\":{\"@id\":\"https:\\\/\\\/blogdoprosperi.com\\\/?p=61226#breadcrumb\"},\"inLanguage\":\"pt-BR\",\"potentialAction\":[{\"@type\":\"ReadAction\",\"target\":[\"https:\\\/\\\/blogdoprosperi.com\\\/?p=61226\"]}]},{\"@type\":\"ImageObject\",\"inLanguage\":\"pt-BR\",\"@id\":\"https:\\\/\\\/blogdoprosperi.com\\\/?p=61226#primaryimage\",\"url\":\"https:\\\/\\\/i0.wp.com\\\/blogdoprosperi.com\\\/wp-content\\\/uploads\\\/2025\\\/06\\\/captura-de-tela-2025-06-27-as-06.50.48.png?fit=1714%2C1022&ssl=1\",\"contentUrl\":\"https:\\\/\\\/i0.wp.com\\\/blogdoprosperi.com\\\/wp-content\\\/uploads\\\/2025\\\/06\\\/captura-de-tela-2025-06-27-as-06.50.48.png?fit=1714%2C1022&ssl=1\",\"width\":1714,\"height\":1022,\"caption\":\"Vini Jr show no Real Madrid 2 a 0 Salzburg \u2013 foto: Fifa oficial\"},{\"@type\":\"BreadcrumbList\",\"@id\":\"https:\\\/\\\/blogdoprosperi.com\\\/?p=61226#breadcrumb\",\"itemListElement\":[{\"@type\":\"ListItem\",\"position\":1,\"name\":\"In\u00edcio\",\"item\":\"https:\\\/\\\/blogdoprosperi.com\\\/\"},{\"@type\":\"ListItem\",\"position\":2,\"name\":\"Vini Jr e Endrick de sa\u00edda? Real Madrid promove nova revolu\u00e7\u00e3o na contrata\u00e7\u00e3o de refor\u00e7os\"}]},{\"@type\":\"WebSite\",\"@id\":\"https:\\\/\\\/blogdoprosperi.com\\\/#website\",\"url\":\"https:\\\/\\\/blogdoprosperi.com\\\/\",\"name\":\"PR\u00d3SPERI NEWS\",\"description\":\"TUDO \u00c9  FUTEBOL\",\"publisher\":{\"@id\":\"https:\\\/\\\/blogdoprosperi.com\\\/#\\\/schema\\\/person\\\/38100755ce3601861ee4fab9b5aa78e9\"},\"alternateName\":\"blogdoprosperi.com\",\"potentialAction\":[{\"@type\":\"SearchAction\",\"target\":{\"@type\":\"EntryPoint\",\"urlTemplate\":\"https:\\\/\\\/blogdoprosperi.com\\\/?s={search_term_string}\"},\"query-input\":{\"@type\":\"PropertyValueSpecification\",\"valueRequired\":true,\"valueName\":\"search_term_string\"}}],\"inLanguage\":\"pt-BR\"},{\"@type\":[\"Person\",\"Organization\"],\"@id\":\"https:\\\/\\\/blogdoprosperi.com\\\/#\\\/schema\\\/person\\\/38100755ce3601861ee4fab9b5aa78e9\",\"name\":\"Luiz Ant\u00f4nio Pr\u00f3speri\",\"pronouns\":\"ele\",\"image\":{\"@type\":\"ImageObject\",\"inLanguage\":\"pt-BR\",\"@id\":\"https:\\\/\\\/i0.wp.com\\\/blogdoprosperi.com\\\/wp-content\\\/uploads\\\/2026\\\/05\\\/cropped-8059e613-6002-42fa-961e-8e275f575d71-2-5.jpg?fit=1360%2C931&ssl=1\",\"url\":\"https:\\\/\\\/i0.wp.com\\\/blogdoprosperi.com\\\/wp-content\\\/uploads\\\/2026\\\/05\\\/cropped-8059e613-6002-42fa-961e-8e275f575d71-2-5.jpg?fit=1360%2C931&ssl=1\",\"contentUrl\":\"https:\\\/\\\/i0.wp.com\\\/blogdoprosperi.com\\\/wp-content\\\/uploads\\\/2026\\\/05\\\/cropped-8059e613-6002-42fa-961e-8e275f575d71-2-5.jpg?fit=1360%2C931&ssl=1\",\"width\":1360,\"height\":931,\"caption\":\"Luiz Ant\u00f4nio Pr\u00f3speri\"},\"logo\":{\"@id\":\"https:\\\/\\\/i0.wp.com\\\/blogdoprosperi.com\\\/wp-content\\\/uploads\\\/2026\\\/05\\\/cropped-8059e613-6002-42fa-961e-8e275f575d71-2-5.jpg?fit=1360%2C931&ssl=1\"},\"description\":\"Jornalista com carreira dedicada ao esporte. Cobriu 9 Copas do Mundo in loco, 1990 na It\u00e1lia, 1994 nos EUA, 1998 na Fran\u00e7a, 2002 na Coreia do Sul e Jap\u00e3o, 2006 na Alemanha, 2010 na \u00c1frica do Sul, 2014 no Brasil, 2018 na R\u00fassia e 2022 no Qatar. Eurocopas, 1992 na Su\u00e9cia e 1996 na Inglaterra. Copa das Confedera\u00e7\u00f5es de 2005 na Alemanha e 2009 na \u00c1frica do Sul. Rep\u00f3rter e Editor, trabalhou no Jornal da Tarde e Estad\u00e3o, de 1984 a fevereiro de 2016. Colunista, blogueiro. E comentarista de futebol na R\u00e1dio Estad\u00e3o, de 2013 a fevereiro de 2016. Jornalista respons\u00e1vel do \\\"Pr\u00f3speri News\\\" (blogdoprosperi.com).\",\"sameAs\":[\"http:\\\/\\\/blogdoprosperi.com\",\"Luiz Pr\u00f3speri\",\"@luiz_prosperi\",\"https:\\\/\\\/x.com\\\/Luizprosperi\",\"@prosperinacopa\",\"luiz.prosperi@icloud.com\"],\"url\":\"https:\\\/\\\/blogdoprosperi.com\\\/?author=102107496\"}]}<\/script>\n<!-- \/ Yoast SEO plugin. -->","yoast_head_json":{"title":"Vini Jr e Endrick de sa\u00edda? Real Madrid promove nova revolu\u00e7\u00e3o na contrata\u00e7\u00e3o de refor\u00e7os - PR\u00d3SPERI NEWS","robots":{"index":"index","follow":"follow","max-snippet":"max-snippet:-1","max-image-preview":"max-image-preview:large","max-video-preview":"max-video-preview:-1"},"canonical":"https:\/\/blogdoprosperi.com\/?p=61226","og_locale":"pt_BR","og_type":"article","og_title":"Vini Jr e Endrick de sa\u00edda? Real Madrid promove nova revolu\u00e7\u00e3o na contrata\u00e7\u00e3o de refor\u00e7os - PR\u00d3SPERI NEWS","og_description":"Luiz Ant\u00f4nio Pr\u00f3speri \u2013 25 julho 2026 (14h47) Real Madrid promove outra revolu\u00e7\u00e3o no mercado da bola neste [&hellip;]","og_url":"https:\/\/blogdoprosperi.com\/?p=61226","og_site_name":"PR\u00d3SPERI NEWS","article_publisher":"Luiz Pr\u00f3speri","article_author":"Luiz Pr\u00f3speri","article_published_time":"2026-07-25T18:07:36+00:00","article_modified_time":"2026-07-25T20:44:16+00:00","og_image":[{"width":1714,"height":1022,"url":"https:\/\/i0.wp.com\/blogdoprosperi.com\/wp-content\/uploads\/2025\/06\/captura-de-tela-2025-06-27-as-06.50.48.png?fit=1714%2C1022&ssl=1","type":"image\/png"}],"author":"Luiz Ant\u00f4nio Pr\u00f3speri","twitter_card":"summary_large_image","twitter_creator":"@Luizprosperi","twitter_site":"@Luizprosperi","twitter_misc":{"Escrito por":"Luiz Ant\u00f4nio Pr\u00f3speri","Est. tempo de leitura":"3 minutos"},"schema":{"@context":"https:\/\/schema.org","@graph":[{"@type":"Article","@id":"https:\/\/blogdoprosperi.com\/?p=61226#article","isPartOf":{"@id":"https:\/\/blogdoprosperi.com\/?p=61226"},"author":{"name":"Luiz Ant\u00f4nio Pr\u00f3speri","@id":"https:\/\/blogdoprosperi.com\/#\/schema\/person\/38100755ce3601861ee4fab9b5aa78e9"},"headline":"Vini Jr e Endrick de sa\u00edda? Real Madrid promove nova revolu\u00e7\u00e3o na contrata\u00e7\u00e3o de refor\u00e7os","datePublished":"2026-07-25T18:07:36+00:00","dateModified":"2026-07-25T20:44:16+00:00","mainEntityOfPage":{"@id":"https:\/\/blogdoprosperi.com\/?p=61226"},"wordCount":615,"commentCount":0,"publisher":{"@id":"https:\/\/blogdoprosperi.com\/#\/schema\/person\/38100755ce3601861ee4fab9b5aa78e9"},"image":{"@id":"https:\/\/blogdoprosperi.com\/?p=61226#primaryimage"},"thumbnailUrl":"https:\/\/i0.wp.com\/blogdoprosperi.com\/wp-content\/uploads\/2025\/06\/captura-de-tela-2025-06-27-as-06.50.48.png?fit=1714%2C1022&ssl=1","keywords":["cucurella","diomande","endrick","jos\u00e9mouinho","RealMadrid","vinijr"],"articleSection":["futebol"],"inLanguage":"pt-BR","potentialAction":[{"@type":"CommentAction","name":"Comment","target":["https:\/\/blogdoprosperi.com\/?p=61226#respond"]}]},{"@type":"WebPage","@id":"https:\/\/blogdoprosperi.com\/?p=61226","url":"https:\/\/blogdoprosperi.com\/?p=61226","name":"Vini Jr e Endrick de sa\u00edda? Real Madrid promove nova revolu\u00e7\u00e3o na contrata\u00e7\u00e3o de refor\u00e7os - PR\u00d3SPERI NEWS","isPartOf":{"@id":"https:\/\/blogdoprosperi.com\/#website"},"primaryImageOfPage":{"@id":"https:\/\/blogdoprosperi.com\/?p=61226#primaryimage"},"image":{"@id":"https:\/\/blogdoprosperi.com\/?p=61226#primaryimage"},"thumbnailUrl":"https:\/\/i0.wp.com\/blogdoprosperi.com\/wp-content\/uploads\/2025\/06\/captura-de-tela-2025-06-27-as-06.50.48.png?fit=1714%2C1022&ssl=1","datePublished":"2026-07-25T18:07:36+00:00","dateModified":"2026-07-25T20:44:16+00:00","breadcrumb":{"@id":"https:\/\/blogdoprosperi.com\/?p=61226#breadcrumb"},"inLanguage":"pt-BR","potentialAction":[{"@type":"ReadAction","target":["https:\/\/blogdoprosperi.com\/?p=61226"]}]},{"@type":"ImageObject","inLanguage":"pt-BR","@id":"https:\/\/blogdoprosperi.com\/?p=61226#primaryimage","url":"https:\/\/i0.wp.com\/blogdoprosperi.com\/wp-content\/uploads\/2025\/06\/captura-de-tela-2025-06-27-as-06.50.48.png?fit=1714%2C1022&ssl=1","contentUrl":"https:\/\/i0.wp.com\/blogdoprosperi.com\/wp-content\/uploads\/2025\/06\/captura-de-tela-2025-06-27-as-06.50.48.png?fit=1714%2C1022&ssl=1","width":1714,"height":1022,"caption":"Vini Jr show no Real Madrid 2 a 0 Salzburg \u2013 foto: Fifa oficial"},{"@type":"BreadcrumbList","@id":"https:\/\/blogdoprosperi.com\/?p=61226#breadcrumb","itemListElement":[{"@type":"ListItem","position":1,"name":"In\u00edcio","item":"https:\/\/blogdoprosperi.com\/"},{"@type":"ListItem","position":2,"name":"Vini Jr e Endrick de sa\u00edda? Real Madrid promove nova revolu\u00e7\u00e3o na contrata\u00e7\u00e3o de refor\u00e7os"}]},{"@type":"WebSite","@id":"https:\/\/blogdoprosperi.com\/#website","url":"https:\/\/blogdoprosperi.com\/","name":"PR\u00d3SPERI NEWS","description":"TUDO \u00c9  FUTEBOL","publisher":{"@id":"https:\/\/blogdoprosperi.com\/#\/schema\/person\/38100755ce3601861ee4fab9b5aa78e9"},"alternateName":"blogdoprosperi.com","potentialAction":[{"@type":"SearchAction","target":{"@type":"EntryPoint","urlTemplate":"https:\/\/blogdoprosperi.com\/?s={search_term_string}"},"query-input":{"@type":"PropertyValueSpecification","valueRequired":true,"valueName":"search_term_string"}}],"inLanguage":"pt-BR"},{"@type":["Person","Organization"],"@id":"https:\/\/blogdoprosperi.com\/#\/schema\/person\/38100755ce3601861ee4fab9b5aa78e9","name":"Luiz Ant\u00f4nio Pr\u00f3speri","pronouns":"ele","image":{"@type":"ImageObject","inLanguage":"pt-BR","@id":"https:\/\/i0.wp.com\/blogdoprosperi.com\/wp-content\/uploads\/2026\/05\/cropped-8059e613-6002-42fa-961e-8e275f575d71-2-5.jpg?fit=1360%2C931&ssl=1","url":"https:\/\/i0.wp.com\/blogdoprosperi.com\/wp-content\/uploads\/2026\/05\/cropped-8059e613-6002-42fa-961e-8e275f575d71-2-5.jpg?fit=1360%2C931&ssl=1","contentUrl":"https:\/\/i0.wp.com\/blogdoprosperi.com\/wp-content\/uploads\/2026\/05\/cropped-8059e613-6002-42fa-961e-8e275f575d71-2-5.jpg?fit=1360%2C931&ssl=1","width":1360,"height":931,"caption":"Luiz Ant\u00f4nio Pr\u00f3speri"},"logo":{"@id":"https:\/\/i0.wp.com\/blogdoprosperi.com\/wp-content\/uploads\/2026\/05\/cropped-8059e613-6002-42fa-961e-8e275f575d71-2-5.jpg?fit=1360%2C931&ssl=1"},"description":"Jornalista com carreira dedicada ao esporte. Cobriu 9 Copas do Mundo in loco, 1990 na It\u00e1lia, 1994 nos EUA, 1998 na Fran\u00e7a, 2002 na Coreia do Sul e Jap\u00e3o, 2006 na Alemanha, 2010 na \u00c1frica do Sul, 2014 no Brasil, 2018 na R\u00fassia e 2022 no Qatar. Eurocopas, 1992 na Su\u00e9cia e 1996 na Inglaterra. Copa das Confedera\u00e7\u00f5es de 2005 na Alemanha e 2009 na \u00c1frica do Sul. Rep\u00f3rter e Editor, trabalhou no Jornal da Tarde e Estad\u00e3o, de 1984 a fevereiro de 2016. Colunista, blogueiro. E comentarista de futebol na R\u00e1dio Estad\u00e3o, de 2013 a fevereiro de 2016. Jornalista respons\u00e1vel do \"Pr\u00f3speri News\" (blogdoprosperi.com).","sameAs":["http:\/\/blogdoprosperi.com","Luiz Pr\u00f3speri","@luiz_prosperi","https:\/\/x.com\/Luizprosperi","@prosperinacopa","luiz.prosperi@icloud.com"],"url":"https:\/\/blogdoprosperi.com\/?author=102107496"}]}},"jetpack_publicize_connections":[],"jetpack_likes_enabled":true,"jetpack_sharing_enabled":true,"jetpack_shortlink":"https:\/\/wp.me\/p7jvdk-fVw","jetpack-related-posts":[{"id":61771,"url":"https:\/\/blogdoprosperi.com\/?p=61771","url_meta":{"origin":61226,"position":0},"title":"Real Madrid anuncia Diomande | Contrata\u00e7\u00e3o mais cara da hist\u00f3ria do clube espanhol","author":"Luiz Ant\u00f4nio Pr\u00f3speri","date":"6 de agosto de 2026","format":false,"excerpt":"Real Madrid anuncia contrata\u00e7\u00e3o do marfinense Yan Diomande, 19 anos, por 125 milh\u00f5es de euros (R$ 737,5 milh\u00f5es). Atacante que joga pelas pontas, de prefer\u00eancia no setor direito, Diomande chega para ocupar um espa\u00e7o na linha de frente do Real ao lado de Mbapp\u00e9, Vini Jr, Rodrygo, Endrick e\u00a0Esp\u00ed (contratado\u2026","rel":"","context":"Em &quot;\u00daltimas&quot;","block_context":{"text":"\u00daltimas","link":"https:\/\/blogdoprosperi.com\/?cat=283656"},"img":{"alt_text":"","src":"https:\/\/i0.wp.com\/blogdoprosperi.com\/wp-content\/uploads\/2026\/08\/image_89d714c4.png?fit=1200%2C655&ssl=1&resize=350%2C200","width":350,"height":200,"srcset":"https:\/\/i0.wp.com\/blogdoprosperi.com\/wp-content\/uploads\/2026\/08\/image_89d714c4.png?fit=1200%2C655&ssl=1&resize=350%2C200 1x, https:\/\/i0.wp.com\/blogdoprosperi.com\/wp-content\/uploads\/2026\/08\/image_89d714c4.png?fit=1200%2C655&ssl=1&resize=525%2C300 1.5x, https:\/\/i0.wp.com\/blogdoprosperi.com\/wp-content\/uploads\/2026\/08\/image_89d714c4.png?fit=1200%2C655&ssl=1&resize=700%2C400 2x, https:\/\/i0.wp.com\/blogdoprosperi.com\/wp-content\/uploads\/2026\/08\/image_89d714c4.png?fit=1200%2C655&ssl=1&resize=1050%2C600 3x"},"classes":[]},{"id":61784,"url":"https:\/\/blogdoprosperi.com\/?p=61784","url_meta":{"origin":61226,"position":1},"title":"Barcelona d\u00e1 o troco no Real Madrid e fica perto de levar Rodri, campe\u00e3o mundial com a Espanha","author":"Luiz Ant\u00f4nio Pr\u00f3speri","date":"6 de agosto de 2026","format":false,"excerpt":"Rodri diz sim ao Barcelona. Agora a conversa \u00e9 com o Manchester City, clube que tem contrato at\u00e9 2027 com o volante campe\u00e3o mundial pela Espanha. A negocia\u00e7\u00e3o gira em torno de 55 a 70 milh\u00f5es de euros. Bar\u00e7a, informa imprensa da Catalunha, estima que possa fechar por 50 milh\u00f5es\u2026","rel":"","context":"Em &quot;futebol&quot;","block_context":{"text":"futebol","link":"https:\/\/blogdoprosperi.com\/?cat=53870"},"img":{"alt_text":"","src":"https:\/\/i0.wp.com\/blogdoprosperi.com\/wp-content\/uploads\/2026\/07\/Captura-de-Tela-2026-07-19-as-20.40.53.png?fit=1200%2C815&ssl=1&resize=350%2C200","width":350,"height":200,"srcset":"https:\/\/i0.wp.com\/blogdoprosperi.com\/wp-content\/uploads\/2026\/07\/Captura-de-Tela-2026-07-19-as-20.40.53.png?fit=1200%2C815&ssl=1&resize=350%2C200 1x, https:\/\/i0.wp.com\/blogdoprosperi.com\/wp-content\/uploads\/2026\/07\/Captura-de-Tela-2026-07-19-as-20.40.53.png?fit=1200%2C815&ssl=1&resize=525%2C300 1.5x, https:\/\/i0.wp.com\/blogdoprosperi.com\/wp-content\/uploads\/2026\/07\/Captura-de-Tela-2026-07-19-as-20.40.53.png?fit=1200%2C815&ssl=1&resize=700%2C400 2x, https:\/\/i0.wp.com\/blogdoprosperi.com\/wp-content\/uploads\/2026\/07\/Captura-de-Tela-2026-07-19-as-20.40.53.png?fit=1200%2C815&ssl=1&resize=1050%2C600 3x"},"classes":[]},{"id":61792,"url":"https:\/\/blogdoprosperi.com\/?p=61792","url_meta":{"origin":61226,"position":2},"title":"Vini Jr renova com Real Madrid at\u00e9 2032","author":"Luiz Ant\u00f4nio Pr\u00f3speri","date":"6 de agosto de 2026","format":false,"excerpt":"Luiz Ant\u00f4nio Pr\u00f3speri \u2013 6 agosto 2026 (15h37)\u00a0 Real Madrid anuncia a renova\u00e7\u00e3o de contrato de Vini Jr at\u00e9 2032. O v\u00ednculo atual se encerraria em junho de 2027. A negocia\u00e7\u00e3o se arrastava h\u00e1 um ano. Vini queria sal\u00e1rios de 30 milh\u00f5es de euros por ano, informa imprensa madrilenha. Real\u2026","rel":"","context":"Em &quot;futebol&quot;","block_context":{"text":"futebol","link":"https:\/\/blogdoprosperi.com\/?cat=53870"},"img":{"alt_text":"","src":"https:\/\/i0.wp.com\/blogdoprosperi.com\/wp-content\/uploads\/2026\/08\/Captura-de-Tela-2026-08-06-as-15.19.48.png?fit=1058%2C726&ssl=1&resize=350%2C200","width":350,"height":200,"srcset":"https:\/\/i0.wp.com\/blogdoprosperi.com\/wp-content\/uploads\/2026\/08\/Captura-de-Tela-2026-08-06-as-15.19.48.png?fit=1058%2C726&ssl=1&resize=350%2C200 1x, https:\/\/i0.wp.com\/blogdoprosperi.com\/wp-content\/uploads\/2026\/08\/Captura-de-Tela-2026-08-06-as-15.19.48.png?fit=1058%2C726&ssl=1&resize=525%2C300 1.5x, https:\/\/i0.wp.com\/blogdoprosperi.com\/wp-content\/uploads\/2026\/08\/Captura-de-Tela-2026-08-06-as-15.19.48.png?fit=1058%2C726&ssl=1&resize=700%2C400 2x, https:\/\/i0.wp.com\/blogdoprosperi.com\/wp-content\/uploads\/2026\/08\/Captura-de-Tela-2026-08-06-as-15.19.48.png?fit=1058%2C726&ssl=1&resize=1050%2C600 3x"},"classes":[]},{"id":42352,"url":"https:\/\/blogdoprosperi.com\/?p=42352","url_meta":{"origin":61226,"position":3},"title":"Endrick e Vini Jr, resgate da Sele\u00e7\u00e3o aos p\u00e9s dos meninos","author":"Luiz Ant\u00f4nio Pr\u00f3speri","date":"10 de maio de 2024","format":false,"excerpt":"Endrick e Vini Jr, dupla de ataque da Sele\u00e7\u00e3o Brasileira a provocar calafrios nos advers\u00e1rios na Copa Am\u00e9rica \u2013 em junho\/julho nos EUA. Isso se Dorival Junior escalar os dois em um novo formato do time, sem as amarras de usar pontas em busca da tal \"profundidade\" acalentada por analistas\u2026","rel":"","context":"Em &quot;informa\u00e7\u00e3o&quot;","block_context":{"text":"informa\u00e7\u00e3o","link":"https:\/\/blogdoprosperi.com\/?cat=20384"},"img":{"alt_text":"","src":"https:\/\/i0.wp.com\/blogdoprosperi.com\/wp-content\/uploads\/2024\/05\/gjy2t66xqaicdid.jpg?fit=1200%2C951&ssl=1&resize=350%2C200","width":350,"height":200,"srcset":"https:\/\/i0.wp.com\/blogdoprosperi.com\/wp-content\/uploads\/2024\/05\/gjy2t66xqaicdid.jpg?fit=1200%2C951&ssl=1&resize=350%2C200 1x, https:\/\/i0.wp.com\/blogdoprosperi.com\/wp-content\/uploads\/2024\/05\/gjy2t66xqaicdid.jpg?fit=1200%2C951&ssl=1&resize=525%2C300 1.5x, https:\/\/i0.wp.com\/blogdoprosperi.com\/wp-content\/uploads\/2024\/05\/gjy2t66xqaicdid.jpg?fit=1200%2C951&ssl=1&resize=700%2C400 2x, https:\/\/i0.wp.com\/blogdoprosperi.com\/wp-content\/uploads\/2024\/05\/gjy2t66xqaicdid.jpg?fit=1200%2C951&ssl=1&resize=1050%2C600 3x"},"classes":[]},{"id":44614,"url":"https:\/\/blogdoprosperi.com\/?p=44614","url_meta":{"origin":61226,"position":4},"title":"URGENTE: \u00c1rabes oferecem sal\u00e1rios de R$ 2 bilh\u00f5es a Vini Jr","author":"Luiz Ant\u00f4nio Pr\u00f3speri","date":"12 de agosto de 2024","format":false,"excerpt":"Fundo de Investimento P\u00fablico da Ar\u00e1bia Saudita (PIF), maior acionista dos quatro grandes clube do futebol \u00e1rabe, quer Vini Jr como embaixador do pa\u00eds at\u00e9 a Copa do Mundo de 2034. Dinheiro n\u00e3o \u00e9 problema. O PIF oferece sal\u00e1rio anual de 350 milh\u00f5es de euros\u00a0 (R$ 2 bilh\u00f5es) ao atacante\u2026","rel":"","context":"Em &quot;futebol&quot;","block_context":{"text":"futebol","link":"https:\/\/blogdoprosperi.com\/?cat=53870"},"img":{"alt_text":"Vini Jr tem proposta bilion\u00e1ria do futebol \u00e1rabe","src":"https:\/\/i0.wp.com\/blogdoprosperi.com\/wp-content\/uploads\/2024\/08\/nd_tercera_camiseta_vini_2.webp?fit=1200%2C675&ssl=1&resize=350%2C200","width":350,"height":200,"srcset":"https:\/\/i0.wp.com\/blogdoprosperi.com\/wp-content\/uploads\/2024\/08\/nd_tercera_camiseta_vini_2.webp?fit=1200%2C675&ssl=1&resize=350%2C200 1x, https:\/\/i0.wp.com\/blogdoprosperi.com\/wp-content\/uploads\/2024\/08\/nd_tercera_camiseta_vini_2.webp?fit=1200%2C675&ssl=1&resize=525%2C300 1.5x, https:\/\/i0.wp.com\/blogdoprosperi.com\/wp-content\/uploads\/2024\/08\/nd_tercera_camiseta_vini_2.webp?fit=1200%2C675&ssl=1&resize=700%2C400 2x, https:\/\/i0.wp.com\/blogdoprosperi.com\/wp-content\/uploads\/2024\/08\/nd_tercera_camiseta_vini_2.webp?fit=1200%2C675&ssl=1&resize=1050%2C600 3x"},"classes":[]},{"id":43198,"url":"https:\/\/blogdoprosperi.com\/?p=43198","url_meta":{"origin":61226,"position":5},"title":"Vini Jr na Sele\u00e7\u00e3o Brasileira se sente pressionado a ser novo Neymar","author":"Luiz Ant\u00f4nio Pr\u00f3speri","date":"25 de junho de 2024","format":false,"excerpt":"Vini Jr joga pressionado na Sele\u00e7\u00e3o Brasileira a ser um novo Neymar. E n\u00e3o deslancha. Ao sair substitu\u00eddo no melanc\u00f3lico empate diante da Costa Rica, estreia na Copa Am\u00e9rica 2024, o mundo cai em cima de Dorival J\u00fanior. Com raz\u00e3o. N\u00e3o se troca um candidato a melhor jogador do mundo\u2026","rel":"","context":"Em &quot;CBF&quot;","block_context":{"text":"CBF","link":"https:\/\/blogdoprosperi.com\/?cat=570700"},"img":{"alt_text":"Vini Jr pensa que \u00e9 Neymar","src":"https:\/\/i0.wp.com\/blogdoprosperi.com\/wp-content\/uploads\/2024\/06\/gq41ognw8aaszg5.jpeg?fit=1199%2C632&ssl=1&resize=350%2C200","width":350,"height":200,"srcset":"https:\/\/i0.wp.com\/blogdoprosperi.com\/wp-content\/uploads\/2024\/06\/gq41ognw8aaszg5.jpeg?fit=1199%2C632&ssl=1&resize=350%2C200 1x, https:\/\/i0.wp.com\/blogdoprosperi.com\/wp-content\/uploads\/2024\/06\/gq41ognw8aaszg5.jpeg?fit=1199%2C632&ssl=1&resize=525%2C300 1.5x, https:\/\/i0.wp.com\/blogdoprosperi.com\/wp-content\/uploads\/2024\/06\/gq41ognw8aaszg5.jpeg?fit=1199%2C632&ssl=1&resize=700%2C400 2x, https:\/\/i0.wp.com\/blogdoprosperi.com\/wp-content\/uploads\/2024\/06\/gq41ognw8aaszg5.jpeg?fit=1199%2C632&ssl=1&resize=1050%2C600 3x"},"classes":[]}],"jetpack_featured_media_url":"https:\/\/i0.wp.com\/blogdoprosperi.com\/wp-content\/uploads\/2025\/06\/captura-de-tela-2025-06-27-as-06.50.48.png?fit=1714%2C1022&ssl=1","_links":{"self":[{"href":"https:\/\/blogdoprosperi.com\/index.php?rest_route=\/wp\/v2\/posts\/61226","targetHints":{"allow":["GET"]}}],"collection":[{"href":"https:\/\/blogdoprosperi.com\/index.php?rest_route=\/wp\/v2\/posts"}],"about":[{"href":"https:\/\/blogdoprosperi.com\/index.php?rest_route=\/wp\/v2\/types\/post"}],"author":[{"embeddable":true,"href":"https:\/\/blogdoprosperi.com\/index.php?rest_route=\/wp\/v2\/users\/102107496"}],"replies":[{"embeddable":true,"href":"https:\/\/blogdoprosperi.com\/index.php?rest_route=%2Fwp%2Fv2%2Fcomments&post=61226"}],"version-history":[{"count":19,"href":"https:\/\/blogdoprosperi.com\/index.php?rest_route=\/wp\/v2\/posts\/61226\/revisions"}],"predecessor-version":[{"id":61247,"href":"https:\/\/blogdoprosperi.com\/index.php?rest_route=\/wp\/v2\/posts\/61226\/revisions\/61247"}],"wp:featuredmedia":[{"embeddable":true,"href":"https:\/\/blogdoprosperi.com\/index.php?rest_route=\/wp\/v2\/media\/52057"}],"wp:attachment":[{"href":"https:\/\/blogdoprosperi.com\/index.php?rest_route=%2Fwp%2Fv2%2Fmedia&parent=61226"}],"wp:term":[{"taxonomy":"category","embeddable":true,"href":"https:\/\/blogdoprosperi.com\/index.php?rest_route=%2Fwp%2Fv2%2Fcategories&post=61226"},{"taxonomy":"post_tag","embeddable":true,"href":"https:\/\/blogdoprosperi.com\/index.php?rest_route=%2Fwp%2Fv2%2Ftags&post=61226"}],"curies":[{"name":"wp","href":"https:\/\/api.w.org\/{rel}","templated":true}]}}