{"id":61363,"date":"2026-07-28T15:03:35","date_gmt":"2026-07-28T18:03:35","guid":{"rendered":"https:\/\/blogdoprosperi.com\/?p=61363"},"modified":"2026-07-28T15:03:35","modified_gmt":"2026-07-28T18:03:35","slug":"fifa-acusada-de-vender-alma-do-futebol-plano-e-repassar-direitos-comerciais-da-copa-do-mundo-por-20-bilhoes-de-dolares","status":"publish","type":"post","link":"https:\/\/blogdoprosperi.com\/?p=61363","title":{"rendered":"Fifa acusada de &#8216;vender alma do futebol&#8217;: plano \u00e9 repassar direitos comerciais da Copa do Mundo por 20 bilh\u00f5es de d\u00f3lares"},"content":{"rendered":"<p><span dir=\"auto\"><strong>A Thrive Capital, uma empresa de investimentos fundada por Joshua Kushner, irm\u00e3o de Jared Kushner, genro de Donald Trump, lidera a busca por investidores<\/strong><\/span><\/p>\n<p><em><span dir=\"auto\">por Matt Hughes <\/span><span dir=\"auto\">e\u00a0<\/span><span dir=\"auto\">Paul MacInnes, The Guardian \u2013 28 julho 2026<\/span><\/em><\/p>\n<p>A Fifa anunciou planos para vender os direitos comerciais de seus torneios, incluindo a\u00a0<span dir=\"auto\">Copa do Mundo<\/span><span dir=\"auto\">, a investidores privados, numa medida controversa que provocou uma rea\u00e7\u00e3o imediata da Uefa e dos principais clubes europeus\u00a0<\/span><strong><span dir=\"auto\">.<\/span><\/strong><\/p>\n<p class=\"dcr-1s160rg\"><span dir=\"auto\">A UEFA divulgou um comunicado contundente acusando a FIFA de &#8220;tentar vender a alma do futebol&#8221; e acredita-se que esteja analisando suas medidas legais, enquanto fontes de diversos clubes de elite criticaram duramente a proposta em conversas privadas.<\/span><\/p>\n<div id=\"sign-in-gate\"><\/div>\n<p class=\"dcr-1s160rg\"><span dir=\"auto\">A Fifa confirmou que est\u00e1 trabalhando com o banco americano JP Morgan na cria\u00e7\u00e3o de uma nova entidade \u2013 que se chamar\u00e1\u00a0<\/span><span dir=\"auto\">Fifa<\/span><span dir=\"auto\">\u00a0Forward Enterprise (FFE) \u2013 que pretende arrecadar centenas de milh\u00f5es de d\u00f3lares com a venda de uma participa\u00e7\u00e3o significativa nos direitos comerciais das Copas do Mundo masculina e feminina, e do Mundial de Clubes, para investidores. <\/span><\/p>\n<p class=\"dcr-1s160rg\"><span dir=\"auto\">A promessa \u00e9 de um aumento na distribui\u00e7\u00e3o de \u201cmais de US$ 10 bilh\u00f5es\u201d, que ser\u00e3o redistribu\u00eddos \u00e0s 211 associa\u00e7\u00f5es membros da Fifa. <strong>A Thrive Capital, uma empresa de investimentos fundada por Joshua Kushner, irm\u00e3o de Jared Kushner, genro de Donald Trump, est\u00e1 liderando a busca por investidores.<\/strong><\/span><\/p>\n<p class=\"dcr-1s160rg\"><span dir=\"auto\">O presidente da Fifa,\u00a0<\/span><span dir=\"auto\">Gianni Infantino<\/span><span dir=\"auto\">\u00a0, afirmou que o plano prev\u00ea que &#8220;o lado comercial do futebol funcione como um neg\u00f3cio focado e dedicado, com seu valor compartilhado de forma mais ampla e eficiente em todo o mundo&#8221;. Os planos est\u00e3o sujeitos \u00e0 aprova\u00e7\u00e3o da &#8220;maioria&#8221; das associa\u00e7\u00f5es membro, mas a Fifa se recusou a comentar quando questionada sobre a data da vota\u00e7\u00e3o.<\/span><\/p>\n<p class=\"dcr-1s160rg\"><span dir=\"auto\">Diversas fontes com conhecimento das propostas da Fifa afirmaram que a entidade est\u00e1 avaliando o novo empreendimento comercial em cerca de US$ 20 bilh\u00f5es, com Infantino buscando capitalizar a crescente popularidade global do futebol ap\u00f3s a Copa do Mundo deste ver\u00e3o nos Estados Unidos, Canad\u00e1 e M\u00e9xico.\u00a0<\/span><span dir=\"auto\">O jornal <em>The Guardian<\/em> revelou este m\u00eas<\/span><span dir=\"auto\">\u00a0que as receitas da Fifa com o torneio ultrapassariam US$ 15 bilh\u00f5es, um aumento significativo em rela\u00e7\u00e3o\u00a0<\/span><span dir=\"auto\">\u00e0 proje\u00e7\u00e3o de US$ 13 bilh\u00f5es<\/span><span dir=\"auto\">\u00a0, e esse crescimento parece encorajar Infantino a buscar ainda mais lucros.<\/span><\/p>\n<h3>Uefa \u00e9 contra<\/h3>\n<p class=\"dcr-1s160rg\"><span dir=\"auto\">A revela\u00e7\u00e3o dos planos provocou uma rea\u00e7\u00e3o imediata da UEFA, com a entidade m\u00e1xima do futebol europeu acusando a FIFA de tentar vender a alma do futebol. As rela\u00e7\u00f5es entre as duas organiza\u00e7\u00f5es mais poderosas do esporte est\u00e3o em seu ponto mais baixo, com a UEFA alegando que a FIFA minou a integridade da Copa do Mundo deste m\u00eas ao intervir para anular o cart\u00e3o vermelho do atacante americano Falorin Balogun, ap\u00f3s o presidente Trump\u00a0<\/span><span dir=\"auto\">ter pedido pessoalmente a Infantino que o fizesse<\/span><span dir=\"auto\">\u00a0.<\/span><\/p>\n<p class=\"dcr-1s160rg\"><span dir=\"auto\">\u201cIsto ultrapassa um limite que as institui\u00e7\u00f5es que regem o futebol nunca deveriam ultrapassar\u201d, disse a UEFA sobre o plano da FFE. \u201cA UEFA leva isto extremamente a s\u00e9rio. O mesmo deveria acontecer a todas as federa\u00e7\u00f5es nacionais de futebol. O mesmo deveria acontecer a todas as partes interessadas: ligas, clubes, jogadores, adeptos, governos e todos os que se preocupam com o futuro do futebol.\u201d<\/span><\/p>\n<p class=\"dcr-1s160rg\"><span dir=\"auto\">\u201cA ess\u00eancia e a governan\u00e7a do futebol n\u00e3o s\u00e3o ativos para serem negociados \u2013 especialmente sem nenhuma transpar\u00eancia sobre quem lucra financeiramente. Nenhum de n\u00f3s \u00e9 dono do futebol. N\u00e3o \u00e9 da Fifa para ser vendido.\u201d<\/span><\/p>\n<h3>Infantino pode ter apoio da maioria das filiadas \u00e0 Fifa<\/h3>\n<p class=\"dcr-1s160rg\"><span dir=\"auto\">Infantino conseguiu manter os planos da Fifa em segredo at\u00e9 que as primeiras not\u00edcias sobre a proposta surgiram no<em> The Times<\/em> e no <em>Financial Times<\/em>. Entende-se que os membros do Conselho da Fifa ficaram surpresos com o an\u00fancio, j\u00e1 que haviam sido deixados de lado no processo de tomada de decis\u00e3o.<\/span><\/p>\n<p class=\"dcr-1s160rg\"><span dir=\"auto\">Esta \u00e9 a segunda vez que Infantino tenta atrair capital privado para financiar a Fifa. Em 2018, ele chegou a um acordo de princ\u00edpio com o banco japon\u00eas SoftBank para fornecer US$ 25 bilh\u00f5es em financiamento para um Mundial de Clubes expandido e uma Liga das Na\u00e7\u00f5es global, mas n\u00e3o conseguiu apoio suficiente, principalmente devido \u00e0 oposi\u00e7\u00e3o da Europa. A UEFA e os clubes est\u00e3o novamente unidos contra os planos da Fifa, mas Infantino pode ter apoio suficiente de outras fontes para ignor\u00e1-los.<\/span><\/p>\n<p class=\"dcr-1s160rg\"><span dir=\"auto\">Em comunicado, a Fifa afirmou que a nova iniciativa permitiria aumentar o financiamento destinado a cada uma das federa\u00e7\u00f5es de US$ 8 milh\u00f5es para US$ 20 milh\u00f5es anualmente, uma quantia consider\u00e1vel para a maioria de seus 211 membros. A Fifa tamb\u00e9m insistiu que manteria a responsabilidade pela governan\u00e7a do futebol e pelo calend\u00e1rio internacional de jogos, mas, na realidade, convidar investidores privados para seus direitos comerciais sujeitaria os tomadores de decis\u00e3o a press\u00f5es externas significativas. <\/span><\/p>\n<p class=\"dcr-1s160rg\"><span dir=\"auto\">Investidores externos poderiam, em \u00faltima inst\u00e2ncia, obter influ\u00eancia consider\u00e1vel sobre decis\u00f5es que afetam todo o esporte, levando a temores de que buscariam realizar a Copa do Mundo com mais frequ\u00eancia e permitir que ela fosse sediada apenas nos mercados mais lucrativos, como os Estados Unidos. A Fifa declarou que \u201cselecionar\u00e1 cuidadosamente investidores de longo prazo que adquirir\u00e3o participa\u00e7\u00f5es minorit\u00e1rias e n\u00e3o controladoras na FFE. Todos os lucros l\u00edquidos da FFE ser\u00e3o reinvestidos no futebol mundial\u201d.<\/span><\/p>\n<p class=\"dcr-1s160rg\"><span dir=\"auto\">Espera-se que Infantino seja reeleito presidente sem oposi\u00e7\u00e3o no pr\u00f3ximo ano, apesar da enorme controv\u00e9rsia que atrai, mas, de acordo com os estatutos da Fifa, ele deve deixar o cargo em 2031, ap\u00f3s cumprir tr\u00eas mandatos completos. O jornal The Times, no entanto, noticiou que Infantino aspira a presidir a nova empresa comercial, o que poderia lhe render dezenas de milh\u00f5es de d\u00f3lares.<\/span><\/p>\n","protected":false},"excerpt":{"rendered":"<p>A Thrive Capital, uma empresa de investimentos fundada por Joshua Kushner, irm\u00e3o de Jared Kushner, genro de Donald [&hellip;]<\/p>\n","protected":false},"author":102107496,"featured_media":61373,"comment_status":"open","ping_status":"open","sticky":false,"template":"","format":"standard","meta":{"_coblocks_attr":"","_coblocks_dimensions":"","_coblocks_responsive_height":"","_coblocks_accordion_ie_support":"","_jetpack_newsletter_access":"","_jetpack_dont_email_post_to_subs":false,"_jetpack_newsletter_tier_id":0,"_jetpack_memberships_contains_paywalled_content":false,"_wpcom_ai_launchpad_first_post":false,"_jetpack_feature_clip_id":0,"_jetpack_memberships_contains_paid_content":false,"footnotes":"","jetpack_publicize_message":"","jetpack_publicize_feature_enabled":true,"jetpack_social_post_already_shared":true,"jetpack_social_options":{"image_generator_settings":{"template":"highway","default_image_id":0,"font":"","enabled":false},"version":2},"jetpack_post_was_ever_published":false},"categories":[187969,53870],"tags":[789560651,789560563,789560762,789560761,467532],"class_list":["post-61363","post","type-post","status-publish","format-standard","has-post-thumbnail","hentry","category-fifa","category-futebol","tag-copadomundo","tag-fifa","tag-joshua-kushner","tag-thrive-capital","tag-trump"],"yoast_head":"<!-- This site is optimized with the Yoast SEO plugin v28.4 - https:\/\/yoast.com\/product\/yoast-seo-wordpress\/ -->\n<title>Fifa acusada de &#039;vender alma do futebol&#039;: plano \u00e9 repassar direitos comerciais da Copa do Mundo por 20 bilh\u00f5es de d\u00f3lares - PR\u00d3SPERI NEWS<\/title>\n<meta name=\"robots\" content=\"index, follow, max-snippet:-1, max-image-preview:large, max-video-preview:-1\" \/>\n<link rel=\"canonical\" href=\"https:\/\/blogdoprosperi.com\/?p=61363\" \/>\n<meta property=\"og:locale\" content=\"pt_BR\" \/>\n<meta property=\"og:type\" content=\"article\" \/>\n<meta property=\"og:title\" content=\"Fifa acusada de &#039;vender alma do futebol&#039;: plano \u00e9 repassar direitos comerciais da Copa do Mundo por 20 bilh\u00f5es de d\u00f3lares - PR\u00d3SPERI NEWS\" \/>\n<meta property=\"og:description\" content=\"A Thrive Capital, uma empresa de investimentos fundada por Joshua Kushner, irm\u00e3o de Jared Kushner, genro de Donald [&hellip;]\" \/>\n<meta property=\"og:url\" content=\"https:\/\/blogdoprosperi.com\/?p=61363\" \/>\n<meta property=\"og:site_name\" content=\"PR\u00d3SPERI NEWS\" \/>\n<meta property=\"article:publisher\" content=\"Luiz Pr\u00f3speri\" \/>\n<meta property=\"article:author\" content=\"Luiz Pr\u00f3speri\" \/>\n<meta property=\"article:published_time\" content=\"2026-07-28T18:03:35+00:00\" \/>\n<meta property=\"og:image\" content=\"https:\/\/i0.wp.com\/blogdoprosperi.com\/wp-content\/uploads\/2026\/07\/Captura-de-Tela-2026-07-28-as-15.00.46.png?fit=1152%2C894&ssl=1\" \/>\n\t<meta property=\"og:image:width\" content=\"1152\" \/>\n\t<meta property=\"og:image:height\" content=\"894\" \/>\n\t<meta property=\"og:image:type\" content=\"image\/png\" \/>\n<meta name=\"author\" content=\"Luiz Ant\u00f4nio Pr\u00f3speri\" \/>\n<meta name=\"twitter:card\" content=\"summary_large_image\" \/>\n<meta name=\"twitter:creator\" content=\"@Luizprosperi\" \/>\n<meta name=\"twitter:site\" content=\"@Luizprosperi\" \/>\n<meta name=\"twitter:label1\" content=\"Escrito por\" \/>\n\t<meta name=\"twitter:data1\" content=\"Luiz Ant\u00f4nio Pr\u00f3speri\" \/>\n\t<meta name=\"twitter:label2\" content=\"Est. tempo de leitura\" \/>\n\t<meta name=\"twitter:data2\" content=\"5 minutos\" \/>\n<script type=\"application\/ld+json\" class=\"yoast-schema-graph\">{\"@context\":\"https:\\\/\\\/schema.org\",\"@graph\":[{\"@type\":\"Article\",\"@id\":\"https:\\\/\\\/blogdoprosperi.com\\\/?p=61363#article\",\"isPartOf\":{\"@id\":\"https:\\\/\\\/blogdoprosperi.com\\\/?p=61363\"},\"author\":{\"name\":\"Luiz Ant\u00f4nio Pr\u00f3speri\",\"@id\":\"https:\\\/\\\/blogdoprosperi.com\\\/#\\\/schema\\\/person\\\/38100755ce3601861ee4fab9b5aa78e9\"},\"headline\":\"Fifa acusada de &#8216;vender alma do futebol&#8217;: plano \u00e9 repassar direitos comerciais da Copa do Mundo por 20 bilh\u00f5es de d\u00f3lares\",\"datePublished\":\"2026-07-28T18:03:35+00:00\",\"mainEntityOfPage\":{\"@id\":\"https:\\\/\\\/blogdoprosperi.com\\\/?p=61363\"},\"wordCount\":989,\"commentCount\":0,\"publisher\":{\"@id\":\"https:\\\/\\\/blogdoprosperi.com\\\/#\\\/schema\\\/person\\\/38100755ce3601861ee4fab9b5aa78e9\"},\"image\":{\"@id\":\"https:\\\/\\\/blogdoprosperi.com\\\/?p=61363#primaryimage\"},\"thumbnailUrl\":\"https:\\\/\\\/i0.wp.com\\\/blogdoprosperi.com\\\/wp-content\\\/uploads\\\/2026\\\/07\\\/Captura-de-Tela-2026-07-28-as-15.00.46.png?fit=1152%2C894&ssl=1\",\"keywords\":[\"copadomundo\",\"Fifa\",\"Joshua Kushner\",\"Thrive Capital\",\"trump\"],\"articleSection\":[\"Fifa\",\"futebol\"],\"inLanguage\":\"pt-BR\",\"potentialAction\":[{\"@type\":\"CommentAction\",\"name\":\"Comment\",\"target\":[\"https:\\\/\\\/blogdoprosperi.com\\\/?p=61363#respond\"]}]},{\"@type\":\"WebPage\",\"@id\":\"https:\\\/\\\/blogdoprosperi.com\\\/?p=61363\",\"url\":\"https:\\\/\\\/blogdoprosperi.com\\\/?p=61363\",\"name\":\"Fifa acusada de 'vender alma do futebol': plano \u00e9 repassar direitos comerciais da Copa do Mundo por 20 bilh\u00f5es de d\u00f3lares - PR\u00d3SPERI NEWS\",\"isPartOf\":{\"@id\":\"https:\\\/\\\/blogdoprosperi.com\\\/#website\"},\"primaryImageOfPage\":{\"@id\":\"https:\\\/\\\/blogdoprosperi.com\\\/?p=61363#primaryimage\"},\"image\":{\"@id\":\"https:\\\/\\\/blogdoprosperi.com\\\/?p=61363#primaryimage\"},\"thumbnailUrl\":\"https:\\\/\\\/i0.wp.com\\\/blogdoprosperi.com\\\/wp-content\\\/uploads\\\/2026\\\/07\\\/Captura-de-Tela-2026-07-28-as-15.00.46.png?fit=1152%2C894&ssl=1\",\"datePublished\":\"2026-07-28T18:03:35+00:00\",\"breadcrumb\":{\"@id\":\"https:\\\/\\\/blogdoprosperi.com\\\/?p=61363#breadcrumb\"},\"inLanguage\":\"pt-BR\",\"potentialAction\":[{\"@type\":\"ReadAction\",\"target\":[\"https:\\\/\\\/blogdoprosperi.com\\\/?p=61363\"]}]},{\"@type\":\"ImageObject\",\"inLanguage\":\"pt-BR\",\"@id\":\"https:\\\/\\\/blogdoprosperi.com\\\/?p=61363#primaryimage\",\"url\":\"https:\\\/\\\/i0.wp.com\\\/blogdoprosperi.com\\\/wp-content\\\/uploads\\\/2026\\\/07\\\/Captura-de-Tela-2026-07-28-as-15.00.46.png?fit=1152%2C894&ssl=1\",\"contentUrl\":\"https:\\\/\\\/i0.wp.com\\\/blogdoprosperi.com\\\/wp-content\\\/uploads\\\/2026\\\/07\\\/Captura-de-Tela-2026-07-28-as-15.00.46.png?fit=1152%2C894&ssl=1\",\"width\":1152,\"height\":894,\"caption\":\"Infantino e Trump, a Copa \u00e9 nossa \u2013 foto: Richard Sellers\\\/Apl\\\/Sportsphot\"},{\"@type\":\"BreadcrumbList\",\"@id\":\"https:\\\/\\\/blogdoprosperi.com\\\/?p=61363#breadcrumb\",\"itemListElement\":[{\"@type\":\"ListItem\",\"position\":1,\"name\":\"In\u00edcio\",\"item\":\"https:\\\/\\\/blogdoprosperi.com\\\/\"},{\"@type\":\"ListItem\",\"position\":2,\"name\":\"Fifa acusada de &#8216;vender alma do futebol&#8217;: plano \u00e9 repassar direitos comerciais da Copa do Mundo por 20 bilh\u00f5es de d\u00f3lares\"}]},{\"@type\":\"WebSite\",\"@id\":\"https:\\\/\\\/blogdoprosperi.com\\\/#website\",\"url\":\"https:\\\/\\\/blogdoprosperi.com\\\/\",\"name\":\"PR\u00d3SPERI NEWS\",\"description\":\"TUDO \u00c9  FUTEBOL\",\"publisher\":{\"@id\":\"https:\\\/\\\/blogdoprosperi.com\\\/#\\\/schema\\\/person\\\/38100755ce3601861ee4fab9b5aa78e9\"},\"alternateName\":\"blogdoprosperi.com\",\"potentialAction\":[{\"@type\":\"SearchAction\",\"target\":{\"@type\":\"EntryPoint\",\"urlTemplate\":\"https:\\\/\\\/blogdoprosperi.com\\\/?s={search_term_string}\"},\"query-input\":{\"@type\":\"PropertyValueSpecification\",\"valueRequired\":true,\"valueName\":\"search_term_string\"}}],\"inLanguage\":\"pt-BR\"},{\"@type\":[\"Person\",\"Organization\"],\"@id\":\"https:\\\/\\\/blogdoprosperi.com\\\/#\\\/schema\\\/person\\\/38100755ce3601861ee4fab9b5aa78e9\",\"name\":\"Luiz Ant\u00f4nio Pr\u00f3speri\",\"pronouns\":\"ele\",\"image\":{\"@type\":\"ImageObject\",\"inLanguage\":\"pt-BR\",\"@id\":\"https:\\\/\\\/i0.wp.com\\\/blogdoprosperi.com\\\/wp-content\\\/uploads\\\/2026\\\/05\\\/cropped-8059e613-6002-42fa-961e-8e275f575d71-2-5.jpg?fit=1360%2C931&ssl=1\",\"url\":\"https:\\\/\\\/i0.wp.com\\\/blogdoprosperi.com\\\/wp-content\\\/uploads\\\/2026\\\/05\\\/cropped-8059e613-6002-42fa-961e-8e275f575d71-2-5.jpg?fit=1360%2C931&ssl=1\",\"contentUrl\":\"https:\\\/\\\/i0.wp.com\\\/blogdoprosperi.com\\\/wp-content\\\/uploads\\\/2026\\\/05\\\/cropped-8059e613-6002-42fa-961e-8e275f575d71-2-5.jpg?fit=1360%2C931&ssl=1\",\"width\":1360,\"height\":931,\"caption\":\"Luiz Ant\u00f4nio Pr\u00f3speri\"},\"logo\":{\"@id\":\"https:\\\/\\\/i0.wp.com\\\/blogdoprosperi.com\\\/wp-content\\\/uploads\\\/2026\\\/05\\\/cropped-8059e613-6002-42fa-961e-8e275f575d71-2-5.jpg?fit=1360%2C931&ssl=1\"},\"description\":\"Jornalista com carreira dedicada ao esporte. Cobriu 9 Copas do Mundo in loco, 1990 na It\u00e1lia, 1994 nos EUA, 1998 na Fran\u00e7a, 2002 na Coreia do Sul e Jap\u00e3o, 2006 na Alemanha, 2010 na \u00c1frica do Sul, 2014 no Brasil, 2018 na R\u00fassia e 2022 no Qatar. Eurocopas, 1992 na Su\u00e9cia e 1996 na Inglaterra. Copa das Confedera\u00e7\u00f5es de 2005 na Alemanha e 2009 na \u00c1frica do Sul. Rep\u00f3rter e Editor, trabalhou no Jornal da Tarde e Estad\u00e3o, de 1984 a fevereiro de 2016. Colunista, blogueiro. E comentarista de futebol na R\u00e1dio Estad\u00e3o, de 2013 a fevereiro de 2016. Jornalista respons\u00e1vel do \\\"Pr\u00f3speri News\\\" (blogdoprosperi.com).\",\"sameAs\":[\"http:\\\/\\\/blogdoprosperi.com\",\"Luiz Pr\u00f3speri\",\"@luiz_prosperi\",\"https:\\\/\\\/x.com\\\/Luizprosperi\",\"@prosperinacopa\",\"luiz.prosperi@icloud.com\"],\"url\":\"https:\\\/\\\/blogdoprosperi.com\\\/?author=102107496\"}]}<\/script>\n<!-- \/ Yoast SEO plugin. -->","yoast_head_json":{"title":"Fifa acusada de 'vender alma do futebol': plano \u00e9 repassar direitos comerciais da Copa do Mundo por 20 bilh\u00f5es de d\u00f3lares - PR\u00d3SPERI NEWS","robots":{"index":"index","follow":"follow","max-snippet":"max-snippet:-1","max-image-preview":"max-image-preview:large","max-video-preview":"max-video-preview:-1"},"canonical":"https:\/\/blogdoprosperi.com\/?p=61363","og_locale":"pt_BR","og_type":"article","og_title":"Fifa acusada de 'vender alma do futebol': plano \u00e9 repassar direitos comerciais da Copa do Mundo por 20 bilh\u00f5es de d\u00f3lares - PR\u00d3SPERI NEWS","og_description":"A Thrive Capital, uma empresa de investimentos fundada por Joshua Kushner, irm\u00e3o de Jared Kushner, genro de Donald [&hellip;]","og_url":"https:\/\/blogdoprosperi.com\/?p=61363","og_site_name":"PR\u00d3SPERI NEWS","article_publisher":"Luiz Pr\u00f3speri","article_author":"Luiz Pr\u00f3speri","article_published_time":"2026-07-28T18:03:35+00:00","og_image":[{"width":1152,"height":894,"url":"https:\/\/i0.wp.com\/blogdoprosperi.com\/wp-content\/uploads\/2026\/07\/Captura-de-Tela-2026-07-28-as-15.00.46.png?fit=1152%2C894&ssl=1","type":"image\/png"}],"author":"Luiz Ant\u00f4nio Pr\u00f3speri","twitter_card":"summary_large_image","twitter_creator":"@Luizprosperi","twitter_site":"@Luizprosperi","twitter_misc":{"Escrito por":"Luiz Ant\u00f4nio Pr\u00f3speri","Est. tempo de leitura":"5 minutos"},"schema":{"@context":"https:\/\/schema.org","@graph":[{"@type":"Article","@id":"https:\/\/blogdoprosperi.com\/?p=61363#article","isPartOf":{"@id":"https:\/\/blogdoprosperi.com\/?p=61363"},"author":{"name":"Luiz Ant\u00f4nio Pr\u00f3speri","@id":"https:\/\/blogdoprosperi.com\/#\/schema\/person\/38100755ce3601861ee4fab9b5aa78e9"},"headline":"Fifa acusada de &#8216;vender alma do futebol&#8217;: plano \u00e9 repassar direitos comerciais da Copa do Mundo por 20 bilh\u00f5es de d\u00f3lares","datePublished":"2026-07-28T18:03:35+00:00","mainEntityOfPage":{"@id":"https:\/\/blogdoprosperi.com\/?p=61363"},"wordCount":989,"commentCount":0,"publisher":{"@id":"https:\/\/blogdoprosperi.com\/#\/schema\/person\/38100755ce3601861ee4fab9b5aa78e9"},"image":{"@id":"https:\/\/blogdoprosperi.com\/?p=61363#primaryimage"},"thumbnailUrl":"https:\/\/i0.wp.com\/blogdoprosperi.com\/wp-content\/uploads\/2026\/07\/Captura-de-Tela-2026-07-28-as-15.00.46.png?fit=1152%2C894&ssl=1","keywords":["copadomundo","Fifa","Joshua Kushner","Thrive Capital","trump"],"articleSection":["Fifa","futebol"],"inLanguage":"pt-BR","potentialAction":[{"@type":"CommentAction","name":"Comment","target":["https:\/\/blogdoprosperi.com\/?p=61363#respond"]}]},{"@type":"WebPage","@id":"https:\/\/blogdoprosperi.com\/?p=61363","url":"https:\/\/blogdoprosperi.com\/?p=61363","name":"Fifa acusada de 'vender alma do futebol': plano \u00e9 repassar direitos comerciais da Copa do Mundo por 20 bilh\u00f5es de d\u00f3lares - PR\u00d3SPERI NEWS","isPartOf":{"@id":"https:\/\/blogdoprosperi.com\/#website"},"primaryImageOfPage":{"@id":"https:\/\/blogdoprosperi.com\/?p=61363#primaryimage"},"image":{"@id":"https:\/\/blogdoprosperi.com\/?p=61363#primaryimage"},"thumbnailUrl":"https:\/\/i0.wp.com\/blogdoprosperi.com\/wp-content\/uploads\/2026\/07\/Captura-de-Tela-2026-07-28-as-15.00.46.png?fit=1152%2C894&ssl=1","datePublished":"2026-07-28T18:03:35+00:00","breadcrumb":{"@id":"https:\/\/blogdoprosperi.com\/?p=61363#breadcrumb"},"inLanguage":"pt-BR","potentialAction":[{"@type":"ReadAction","target":["https:\/\/blogdoprosperi.com\/?p=61363"]}]},{"@type":"ImageObject","inLanguage":"pt-BR","@id":"https:\/\/blogdoprosperi.com\/?p=61363#primaryimage","url":"https:\/\/i0.wp.com\/blogdoprosperi.com\/wp-content\/uploads\/2026\/07\/Captura-de-Tela-2026-07-28-as-15.00.46.png?fit=1152%2C894&ssl=1","contentUrl":"https:\/\/i0.wp.com\/blogdoprosperi.com\/wp-content\/uploads\/2026\/07\/Captura-de-Tela-2026-07-28-as-15.00.46.png?fit=1152%2C894&ssl=1","width":1152,"height":894,"caption":"Infantino e Trump, a Copa \u00e9 nossa \u2013 foto: Richard Sellers\/Apl\/Sportsphot"},{"@type":"BreadcrumbList","@id":"https:\/\/blogdoprosperi.com\/?p=61363#breadcrumb","itemListElement":[{"@type":"ListItem","position":1,"name":"In\u00edcio","item":"https:\/\/blogdoprosperi.com\/"},{"@type":"ListItem","position":2,"name":"Fifa acusada de &#8216;vender alma do futebol&#8217;: plano \u00e9 repassar direitos comerciais da Copa do Mundo por 20 bilh\u00f5es de d\u00f3lares"}]},{"@type":"WebSite","@id":"https:\/\/blogdoprosperi.com\/#website","url":"https:\/\/blogdoprosperi.com\/","name":"PR\u00d3SPERI NEWS","description":"TUDO \u00c9  FUTEBOL","publisher":{"@id":"https:\/\/blogdoprosperi.com\/#\/schema\/person\/38100755ce3601861ee4fab9b5aa78e9"},"alternateName":"blogdoprosperi.com","potentialAction":[{"@type":"SearchAction","target":{"@type":"EntryPoint","urlTemplate":"https:\/\/blogdoprosperi.com\/?s={search_term_string}"},"query-input":{"@type":"PropertyValueSpecification","valueRequired":true,"valueName":"search_term_string"}}],"inLanguage":"pt-BR"},{"@type":["Person","Organization"],"@id":"https:\/\/blogdoprosperi.com\/#\/schema\/person\/38100755ce3601861ee4fab9b5aa78e9","name":"Luiz Ant\u00f4nio Pr\u00f3speri","pronouns":"ele","image":{"@type":"ImageObject","inLanguage":"pt-BR","@id":"https:\/\/i0.wp.com\/blogdoprosperi.com\/wp-content\/uploads\/2026\/05\/cropped-8059e613-6002-42fa-961e-8e275f575d71-2-5.jpg?fit=1360%2C931&ssl=1","url":"https:\/\/i0.wp.com\/blogdoprosperi.com\/wp-content\/uploads\/2026\/05\/cropped-8059e613-6002-42fa-961e-8e275f575d71-2-5.jpg?fit=1360%2C931&ssl=1","contentUrl":"https:\/\/i0.wp.com\/blogdoprosperi.com\/wp-content\/uploads\/2026\/05\/cropped-8059e613-6002-42fa-961e-8e275f575d71-2-5.jpg?fit=1360%2C931&ssl=1","width":1360,"height":931,"caption":"Luiz Ant\u00f4nio Pr\u00f3speri"},"logo":{"@id":"https:\/\/i0.wp.com\/blogdoprosperi.com\/wp-content\/uploads\/2026\/05\/cropped-8059e613-6002-42fa-961e-8e275f575d71-2-5.jpg?fit=1360%2C931&ssl=1"},"description":"Jornalista com carreira dedicada ao esporte. Cobriu 9 Copas do Mundo in loco, 1990 na It\u00e1lia, 1994 nos EUA, 1998 na Fran\u00e7a, 2002 na Coreia do Sul e Jap\u00e3o, 2006 na Alemanha, 2010 na \u00c1frica do Sul, 2014 no Brasil, 2018 na R\u00fassia e 2022 no Qatar. Eurocopas, 1992 na Su\u00e9cia e 1996 na Inglaterra. Copa das Confedera\u00e7\u00f5es de 2005 na Alemanha e 2009 na \u00c1frica do Sul. Rep\u00f3rter e Editor, trabalhou no Jornal da Tarde e Estad\u00e3o, de 1984 a fevereiro de 2016. Colunista, blogueiro. E comentarista de futebol na R\u00e1dio Estad\u00e3o, de 2013 a fevereiro de 2016. Jornalista respons\u00e1vel do \"Pr\u00f3speri News\" (blogdoprosperi.com).","sameAs":["http:\/\/blogdoprosperi.com","Luiz Pr\u00f3speri","@luiz_prosperi","https:\/\/x.com\/Luizprosperi","@prosperinacopa","luiz.prosperi@icloud.com"],"url":"https:\/\/blogdoprosperi.com\/?author=102107496"}]}},"jetpack_publicize_connections":[],"jetpack_likes_enabled":false,"jetpack_sharing_enabled":true,"jetpack_shortlink":"https:\/\/wp.me\/p7jvdk-fXJ","jetpack-related-posts":[{"id":61389,"url":"https:\/\/blogdoprosperi.com\/?p=61389","url_meta":{"origin":61363,"position":0},"title":"Copa do Mundo \u00e0 venda: CBF e Conmebol se calam diante da proposta da Fifa","author":"Luiz Ant\u00f4nio Pr\u00f3speri","date":"29 de julho de 2026","format":false,"excerpt":"CBF e Conmebol n\u00e3o se manifestam diante do plano de a Fifa repassar os direitos comerciais da Copa do Mundo a investidores do mercado financeiro. Europeus est\u00e3o contra a Fifa.","rel":"","context":"Em &quot;CBF&quot;","block_context":{"text":"CBF","link":"https:\/\/blogdoprosperi.com\/?cat=570700"},"img":{"alt_text":"","src":"https:\/\/i0.wp.com\/blogdoprosperi.com\/wp-content\/uploads\/2026\/07\/Captura-de-Tela-2026-07-29-as-16.35.22.png?fit=1200%2C813&ssl=1&resize=350%2C200","width":350,"height":200,"srcset":"https:\/\/i0.wp.com\/blogdoprosperi.com\/wp-content\/uploads\/2026\/07\/Captura-de-Tela-2026-07-29-as-16.35.22.png?fit=1200%2C813&ssl=1&resize=350%2C200 1x, https:\/\/i0.wp.com\/blogdoprosperi.com\/wp-content\/uploads\/2026\/07\/Captura-de-Tela-2026-07-29-as-16.35.22.png?fit=1200%2C813&ssl=1&resize=525%2C300 1.5x, https:\/\/i0.wp.com\/blogdoprosperi.com\/wp-content\/uploads\/2026\/07\/Captura-de-Tela-2026-07-29-as-16.35.22.png?fit=1200%2C813&ssl=1&resize=700%2C400 2x, https:\/\/i0.wp.com\/blogdoprosperi.com\/wp-content\/uploads\/2026\/07\/Captura-de-Tela-2026-07-29-as-16.35.22.png?fit=1200%2C813&ssl=1&resize=1050%2C600 3x"},"classes":[]},{"id":61545,"url":"https:\/\/blogdoprosperi.com\/?p=61545","url_meta":{"origin":61363,"position":1},"title":"Copa do Mundo \u00e0 venda (epis\u00f3dio 4): Por dentro da aposta de Joshua Kushner na FIFA","author":"Luiz Ant\u00f4nio Pr\u00f3speri","date":"31 de julho de 2026","format":false,"excerpt":"Ramifica\u00e7\u00f5es da Fam\u00edlia Kushner, Trump e Infantino na trama para privatizar a Copa do Mundo. Acompanhe o #epis\u00f3dio4: Por Sophia Cai e Ben Johansen, da ag\u00eancia Politico (Berlim\/Nova York), reportagem publicada dia 28 julho 2026 A Thrive Capital de Josh Kushner\u00a0acredita ter encontrado uma oportunidade de investimento improv\u00e1vel no futebol\u2026","rel":"","context":"Em &quot;futebol&quot;","block_context":{"text":"futebol","link":"https:\/\/blogdoprosperi.com\/?cat=53870"},"img":{"alt_text":"","src":"https:\/\/i0.wp.com\/blogdoprosperi.com\/wp-content\/uploads\/2026\/07\/Captura-de-Tela-2026-07-29-as-17.00.15.png?fit=1200%2C932&ssl=1&resize=350%2C200","width":350,"height":200,"srcset":"https:\/\/i0.wp.com\/blogdoprosperi.com\/wp-content\/uploads\/2026\/07\/Captura-de-Tela-2026-07-29-as-17.00.15.png?fit=1200%2C932&ssl=1&resize=350%2C200 1x, https:\/\/i0.wp.com\/blogdoprosperi.com\/wp-content\/uploads\/2026\/07\/Captura-de-Tela-2026-07-29-as-17.00.15.png?fit=1200%2C932&ssl=1&resize=525%2C300 1.5x, https:\/\/i0.wp.com\/blogdoprosperi.com\/wp-content\/uploads\/2026\/07\/Captura-de-Tela-2026-07-29-as-17.00.15.png?fit=1200%2C932&ssl=1&resize=700%2C400 2x, https:\/\/i0.wp.com\/blogdoprosperi.com\/wp-content\/uploads\/2026\/07\/Captura-de-Tela-2026-07-29-as-17.00.15.png?fit=1200%2C932&ssl=1&resize=1050%2C600 3x"},"classes":[]},{"id":61387,"url":"https:\/\/blogdoprosperi.com\/?p=61387","url_meta":{"origin":61363,"position":2},"title":"Copa do Mundo \u00e0 venda: Por quanto e por que Infantino est\u00e1 fazendo isso?","author":"Luiz Ant\u00f4nio Pr\u00f3speri","date":"29 de julho de 2026","format":false,"excerpt":"por Matt Slater, New York Times \/ The Athletic \u2013 29 julho 2026 A FIFA anunciou planos para vender uma participa\u00e7\u00e3o minorit\u00e1ria significativa em uma nova empresa que administrar\u00e1 seus principais eventos, incluindo a Copa do Mundo e o Mundial de Clubes, como parte de um plano para triplicar o\u2026","rel":"","context":"Em &quot;Fifa&quot;","block_context":{"text":"Fifa","link":"https:\/\/blogdoprosperi.com\/?cat=187969"},"img":{"alt_text":"","src":"https:\/\/i0.wp.com\/blogdoprosperi.com\/wp-content\/uploads\/2026\/07\/images-1-2-378x378.jpg?resize=350%2C200&ssl=1","width":350,"height":200,"srcset":"https:\/\/i0.wp.com\/blogdoprosperi.com\/wp-content\/uploads\/2026\/07\/images-1-2-378x378.jpg?resize=350%2C200&ssl=1 1x, https:\/\/i0.wp.com\/blogdoprosperi.com\/wp-content\/uploads\/2026\/07\/images-1-2-378x378.jpg?resize=525%2C300&ssl=1 1.5x"},"classes":[]},{"id":61551,"url":"https:\/\/blogdoprosperi.com\/?p=61551","url_meta":{"origin":61363,"position":3},"title":"Copa do Mundo \u00e0 venda (epis\u00f3dio 3): Como os Kushner e Trump est\u00e3o no centro de uma teia complexa","author":"Luiz Ant\u00f4nio Pr\u00f3speri","date":"31 de julho de 2026","format":false,"excerpt":"Como Trump e parte de sua fam\u00edlia entraram no jogo de Infantino na Fifa no plano de privatizar a Copa do Mundo. Acompanhe o #epis\u00f3dio 3: Rob Draper, The Guardian (Londres), 31 julho 2026 N\u00e3o s\u00e3o apenas os torcedores de futebol e\u00a0os executivos da UEFA\u00a0que querem expulsar Gianni Infantino por\u2026","rel":"","context":"Em &quot;futebol&quot;","block_context":{"text":"futebol","link":"https:\/\/blogdoprosperi.com\/?cat=53870"},"img":{"alt_text":"","src":"https:\/\/i0.wp.com\/blogdoprosperi.com\/wp-content\/uploads\/2026\/07\/458823409996.jpg?fit=1024%2C683&ssl=1&resize=350%2C200","width":350,"height":200,"srcset":"https:\/\/i0.wp.com\/blogdoprosperi.com\/wp-content\/uploads\/2026\/07\/458823409996.jpg?fit=1024%2C683&ssl=1&resize=350%2C200 1x, https:\/\/i0.wp.com\/blogdoprosperi.com\/wp-content\/uploads\/2026\/07\/458823409996.jpg?fit=1024%2C683&ssl=1&resize=525%2C300 1.5x, https:\/\/i0.wp.com\/blogdoprosperi.com\/wp-content\/uploads\/2026\/07\/458823409996.jpg?fit=1024%2C683&ssl=1&resize=700%2C400 2x"},"classes":[]},{"id":61359,"url":"https:\/\/blogdoprosperi.com\/?p=61359","url_meta":{"origin":61363,"position":4},"title":"Entenda como a Fifa pretende vender a Copa do Mundo: confira documento oficial da entidade","author":"Luiz Ant\u00f4nio Pr\u00f3speri","date":"28 de julho de 2026","format":false,"excerpt":"Luiz Ant\u00f4nio Pr\u00f3speri \u2013 28 julho 2026 (15h09) Fifa anuncia plano de vender os direitos comerciais da Copa do Mundo. Maior evento esportivo do planeta corre risco de virar apenas um meganeg\u00f3cio no mercado financeiro. Confira documento oficial publicado pela Fifa com a sua proposta e andamento do projeto: Documento\u2026","rel":"","context":"Em &quot;Fifa&quot;","block_context":{"text":"Fifa","link":"https:\/\/blogdoprosperi.com\/?cat=187969"},"img":{"alt_text":"","src":"https:\/\/i0.wp.com\/blogdoprosperi.com\/wp-content\/uploads\/2026\/07\/Captura-de-Tela-2026-07-28-as-15.15.25.png?fit=1194%2C732&ssl=1&resize=350%2C200","width":350,"height":200,"srcset":"https:\/\/i0.wp.com\/blogdoprosperi.com\/wp-content\/uploads\/2026\/07\/Captura-de-Tela-2026-07-28-as-15.15.25.png?fit=1194%2C732&ssl=1&resize=350%2C200 1x, https:\/\/i0.wp.com\/blogdoprosperi.com\/wp-content\/uploads\/2026\/07\/Captura-de-Tela-2026-07-28-as-15.15.25.png?fit=1194%2C732&ssl=1&resize=525%2C300 1.5x, https:\/\/i0.wp.com\/blogdoprosperi.com\/wp-content\/uploads\/2026\/07\/Captura-de-Tela-2026-07-28-as-15.15.25.png?fit=1194%2C732&ssl=1&resize=700%2C400 2x, https:\/\/i0.wp.com\/blogdoprosperi.com\/wp-content\/uploads\/2026\/07\/Captura-de-Tela-2026-07-28-as-15.15.25.png?fit=1194%2C732&ssl=1&resize=1050%2C600 3x"},"classes":[]},{"id":61485,"url":"https:\/\/blogdoprosperi.com\/?p=61485","url_meta":{"origin":61363,"position":5},"title":"URGENTE NEWS: Futebol europeu decreta boicote \u00e0 Fifa e atinge Copa do Mundo Feminina no Brasil","author":"Luiz Ant\u00f4nio Pr\u00f3speri","date":"30 de julho de 2026","format":false,"excerpt":"Primeiro ato do boicote dos europeus atinge em cheio a Copa do Mundo Feminina 2027 no Brasil, entre junho e julho. Acompanhe relato do jornal The Guardian a respeito da decis\u00e3o da Uefa: Os pa\u00edses europeus concordaram em boicotar todas as competi\u00e7\u00f5es da Fifa caso Gianni Infantino leve adiante suas\u2026","rel":"","context":"Em &quot;futebol&quot;","block_context":{"text":"futebol","link":"https:\/\/blogdoprosperi.com\/?cat=53870"},"img":{"alt_text":"","src":"https:\/\/i0.wp.com\/blogdoprosperi.com\/wp-content\/uploads\/2026\/07\/Captura-de-Tela-2026-07-30-as-13.37.41.png?fit=1200%2C837&ssl=1&resize=350%2C200","width":350,"height":200,"srcset":"https:\/\/i0.wp.com\/blogdoprosperi.com\/wp-content\/uploads\/2026\/07\/Captura-de-Tela-2026-07-30-as-13.37.41.png?fit=1200%2C837&ssl=1&resize=350%2C200 1x, https:\/\/i0.wp.com\/blogdoprosperi.com\/wp-content\/uploads\/2026\/07\/Captura-de-Tela-2026-07-30-as-13.37.41.png?fit=1200%2C837&ssl=1&resize=525%2C300 1.5x, https:\/\/i0.wp.com\/blogdoprosperi.com\/wp-content\/uploads\/2026\/07\/Captura-de-Tela-2026-07-30-as-13.37.41.png?fit=1200%2C837&ssl=1&resize=700%2C400 2x, https:\/\/i0.wp.com\/blogdoprosperi.com\/wp-content\/uploads\/2026\/07\/Captura-de-Tela-2026-07-30-as-13.37.41.png?fit=1200%2C837&ssl=1&resize=1050%2C600 3x"},"classes":[]}],"jetpack_featured_media_url":"https:\/\/i0.wp.com\/blogdoprosperi.com\/wp-content\/uploads\/2026\/07\/Captura-de-Tela-2026-07-28-as-15.00.46.png?fit=1152%2C894&ssl=1","_links":{"self":[{"href":"https:\/\/blogdoprosperi.com\/index.php?rest_route=\/wp\/v2\/posts\/61363","targetHints":{"allow":["GET"]}}],"collection":[{"href":"https:\/\/blogdoprosperi.com\/index.php?rest_route=\/wp\/v2\/posts"}],"about":[{"href":"https:\/\/blogdoprosperi.com\/index.php?rest_route=\/wp\/v2\/types\/post"}],"author":[{"embeddable":true,"href":"https:\/\/blogdoprosperi.com\/index.php?rest_route=\/wp\/v2\/users\/102107496"}],"replies":[{"embeddable":true,"href":"https:\/\/blogdoprosperi.com\/index.php?rest_route=%2Fwp%2Fv2%2Fcomments&post=61363"}],"version-history":[{"count":9,"href":"https:\/\/blogdoprosperi.com\/index.php?rest_route=\/wp\/v2\/posts\/61363\/revisions"}],"predecessor-version":[{"id":61372,"href":"https:\/\/blogdoprosperi.com\/index.php?rest_route=\/wp\/v2\/posts\/61363\/revisions\/61372"}],"wp:featuredmedia":[{"embeddable":true,"href":"https:\/\/blogdoprosperi.com\/index.php?rest_route=\/wp\/v2\/media\/61373"}],"wp:attachment":[{"href":"https:\/\/blogdoprosperi.com\/index.php?rest_route=%2Fwp%2Fv2%2Fmedia&parent=61363"}],"wp:term":[{"taxonomy":"category","embeddable":true,"href":"https:\/\/blogdoprosperi.com\/index.php?rest_route=%2Fwp%2Fv2%2Fcategories&post=61363"},{"taxonomy":"post_tag","embeddable":true,"href":"https:\/\/blogdoprosperi.com\/index.php?rest_route=%2Fwp%2Fv2%2Ftags&post=61363"}],"curies":[{"name":"wp","href":"https:\/\/api.w.org\/{rel}","templated":true}]}}