{"id":61387,"date":"2026-07-29T18:11:16","date_gmt":"2026-07-29T21:11:16","guid":{"rendered":"https:\/\/blogdoprosperi.com\/?p=61387"},"modified":"2026-07-29T17:12:25","modified_gmt":"2026-07-29T20:12:25","slug":"copa-do-mundo-a-venda-por-quanto-e-por-que-infantino-esta-fazendo-isso","status":"publish","type":"post","link":"https:\/\/blogdoprosperi.com\/?p=61387","title":{"rendered":"Copa do Mundo \u00e0 venda: Por quanto e por que Infantino est\u00e1 fazendo isso?"},"content":{"rendered":"<p><em>por Matt Slater, New York Times \/ The Athletic \u2013 29 julho 2026<\/em><\/p>\n<p>A FIFA anunciou planos para vender uma participa\u00e7\u00e3o minorit\u00e1ria significativa em uma nova empresa que administrar\u00e1 seus principais eventos, incluindo a Copa do Mundo e o Mundial de Clubes, como parte de um plano para triplicar o montante de verbas de desenvolvimento que distribui para suas 211 associa\u00e7\u00f5es membro.<\/p>\n<p><span dir=\"auto\">Segundo as propostas \u2014 que est\u00e3o sujeitas \u00e0 aprova\u00e7\u00e3o da maioria dessas associa\u00e7\u00f5es nacionais e do conselho da FIFA, composto por 37 membros \u2014 uma nova entidade chamada FIFA Forward Enterprises (FFE) assumir\u00e1 todas as opera\u00e7\u00f5es comerciais, enquanto a FIFA permanece como o \u00f3rg\u00e3o regulador global do futebol e mant\u00e9m uma participa\u00e7\u00e3o majorit\u00e1ria na FFE.<\/span><\/p>\n<p>Com elementos desse plano come\u00e7ando a ser divulgados por diversos ve\u00edculos de comunica\u00e7\u00e3o na manh\u00e3 de ter\u00e7a-feira, a FIFA foi obrigada a emitir \u00e0s pressas um comunicado \u00e0 imprensa confirmando sua inten\u00e7\u00e3o de vender at\u00e9 21% da FFE para investidores privados, com o objetivo de arrecadar US$ 4,2 bilh\u00f5es (R$ 17 bilh\u00f5es) que poderiam ser liberados imediatamente para suas associa\u00e7\u00f5es membro como parte de uma nova linha de financiamento chamada Programa FIFA Fast-Forward (FFFP).<\/p>\n<p><span dir=\"auto\">O comunicado de imprensa tamb\u00e9m confirmou que o banco global JP Morgan tem sido o principal consultor da FIFA neste projeto, e que a Thrive Eternal, um ve\u00edculo de investimento de longo prazo criado por Joshua Kushner, irm\u00e3o de Jared Kushner, genro de Donald Trump, &#8220;dever\u00e1 liderar o grupo de investidores proposto para a FFE&#8221;.<\/span><\/p>\n<p><span dir=\"auto\">Segundo o plano, o financiamento total da FIFA para o desenvolvimento ultrapassaria os 10 mil milh\u00f5es de d\u00f3lares nos pr\u00f3ximos quatro anos, sendo que cada associa\u00e7\u00e3o membro poderia receber 20 milh\u00f5es de d\u00f3lares &#8220;opcionais&#8221; para &#8220;financiamento excecional e imediato de projetos especiais&#8221; da nova linha de financiamento do FFFP, que ser\u00e1 financiada pela venda da participa\u00e7\u00e3o minorit\u00e1ria.<\/span><\/p>\n<figure id=\"attachment_60803\" aria-describedby=\"caption-attachment-60803\" style=\"width: 528px\" class=\"wp-caption alignnone\"><img data-recalc-dims=\"1\" loading=\"lazy\" decoding=\"async\" data-attachment-id=\"60803\" data-permalink=\"https:\/\/blogdoprosperi.com\/?attachment_id=60803\" data-orig-file=\"https:\/\/i0.wp.com\/blogdoprosperi.com\/wp-content\/uploads\/2026\/07\/images-1-2.jpg?fit=447%2C447&amp;ssl=1\" data-orig-size=\"447,447\" data-comments-opened=\"1\" data-image-meta=\"{&quot;aperture&quot;:&quot;0&quot;,&quot;credit&quot;:&quot;&quot;,&quot;camera&quot;:&quot;&quot;,&quot;caption&quot;:&quot;&quot;,&quot;created_timestamp&quot;:&quot;0&quot;,&quot;copyright&quot;:&quot;&quot;,&quot;focal_length&quot;:&quot;0&quot;,&quot;iso&quot;:&quot;0&quot;,&quot;shutter_speed&quot;:&quot;0&quot;,&quot;title&quot;:&quot;&quot;,&quot;orientation&quot;:&quot;0&quot;,&quot;alt&quot;:&quot;&quot;}\" data-image-title=\"images-1\" data-image-description=\"\" data-image-caption=\"&lt;p&gt;Copa do Mundo 2034 na Ar\u00e1bia Saudita \u2013 foto: reprodu\u00e7\u00e3o Facebook&lt;\/p&gt;\n\" data-large-file=\"https:\/\/i0.wp.com\/blogdoprosperi.com\/wp-content\/uploads\/2026\/07\/images-1-2.jpg?fit=447%2C447&amp;ssl=1\" class=\" wp-image-60803\" src=\"https:\/\/i0.wp.com\/blogdoprosperi.com\/wp-content\/uploads\/2026\/07\/images-1-2.jpg?resize=528%2C528&#038;ssl=1\" alt=\"\" width=\"528\" height=\"528\" srcset=\"https:\/\/i0.wp.com\/blogdoprosperi.com\/wp-content\/uploads\/2026\/07\/images-1-2.jpg?resize=378%2C378&amp;ssl=1 378w, https:\/\/i0.wp.com\/blogdoprosperi.com\/wp-content\/uploads\/2026\/07\/images-1-2.jpg?resize=150%2C150&amp;ssl=1 150w, https:\/\/i0.wp.com\/blogdoprosperi.com\/wp-content\/uploads\/2026\/07\/images-1-2.jpg?w=447&amp;ssl=1 447w\" sizes=\"auto, (max-width: 528px) 100vw, 528px\" \/><figcaption id=\"caption-attachment-60803\" class=\"wp-caption-text\">Copa do Mundo 2034 na Ar\u00e1bia Saudita \u2013 foto: reprodu\u00e7\u00e3o Facebook<\/figcaption><\/figure>\n<p><span dir=\"auto\">No entanto, isso \u00e9 apenas o come\u00e7o da bonan\u00e7a proposta, j\u00e1 que cada associa\u00e7\u00e3o membro tamb\u00e9m receber\u00e1 subs\u00eddios regulares do Programa Forward no valor de US$ 20 milh\u00f5es cada, um aumento em rela\u00e7\u00e3o aos US$ 8 milh\u00f5es atuais, no pr\u00f3ximo ciclo de quatro anos. Esse valor subir\u00e1 para US$ 22 milh\u00f5es por na\u00e7\u00e3o entre 2031 e 2034 e para US$ 24 milh\u00f5es \u2014 tr\u00eas vezes o valor atual \u2014 entre 2035 e 2038.<\/span><\/p>\n<p><span dir=\"auto\">Em uma carta enviada \u00e0s associa\u00e7\u00f5es, \u00e0 qual <\/span><em><span dir=\"auto\">o The Athletic<\/span><\/em><span dir=\"auto\">\u00a0teve acesso, o presidente da FIFA, Infantino, afirma que uma decis\u00e3o sobre a proposta deve ser tomada at\u00e9 19 de setembro para que quaisquer fundos futuros estejam dispon\u00edveis a partir de 1\u00ba de janeiro.<\/span><\/p>\n<p><span dir=\"auto\">No comunicado de imprensa da FIFA, Infantino descreveu o futebol como \u201cum motor extraordin\u00e1rio de desenvolvimento humano e social\u201d e afirmou ser \u201cresponsabilidade\u201d da entidade m\u00e1xima do futebol garantir que o \u201cnot\u00e1vel valor comercial\u201d do esporte seja distribu\u00eddo de forma mais equitativa pelo mundo.<\/span><\/p>\n<p>\u201cNossa pr\u00f3xima fase de crescimento precisa de uma estrutura constru\u00edda especificamente para isso, onde o lado comercial do neg\u00f3cio opere como uma empresa focada e dedicada, com seu valor compartilhado de forma mais ampla e eficiente em todo o mundo\u201d, disse Infantino.<\/p>\n<p><span dir=\"auto\">\u201cTodas as federa\u00e7\u00f5es membro da FIFA devem ter a oportunidade de buscar uma parcela justa dos recursos dispon\u00edveis para moldar seu pr\u00f3prio futuro, decidindo por si mesmas em vez de depender de outros. Trata-se da democratiza\u00e7\u00e3o do futebol em todo o mundo.\u201d<\/span><\/p>\n<p><span dir=\"auto\">Na carta, Infantino reitera sua posi\u00e7\u00e3o, enfatizando que acredita que a oportunidade apresentada por sua proposta representa um potencial momento decisivo.&lt;<\/span><\/p>\n<p>Ap\u00f3s as enormes receitas da Copa do Mundo do Catar 2022, a FIFA espera contabilizar outro n\u00famero impressionante ap\u00f3s a edi\u00e7\u00e3o deste ano.<\/p>\n<p>\u00c9 uma proposta que certamente encontrar\u00e1 apoio dentro de uma organiza\u00e7\u00e3o onde a maioria das federa\u00e7\u00f5es nacionais depende de subs\u00eddios da FIFA para a maior parte de sua receita.<\/p>\n<p><span class=\"alignnone\"><img data-recalc-dims=\"1\" loading=\"lazy\" decoding=\"async\" data-attachment-id=\"61408\" data-permalink=\"https:\/\/blogdoprosperi.com\/?attachment_id=61408\" data-orig-file=\"https:\/\/i0.wp.com\/blogdoprosperi.com\/wp-content\/uploads\/2026\/07\/Fifa-4-e1785326268830.webp?fit=1200%2C676&amp;ssl=1\" data-orig-size=\"1200,676\" data-comments-opened=\"1\" data-image-meta=\"{&quot;aperture&quot;:&quot;0&quot;,&quot;credit&quot;:&quot;&quot;,&quot;camera&quot;:&quot;&quot;,&quot;caption&quot;:&quot;&quot;,&quot;created_timestamp&quot;:&quot;0&quot;,&quot;copyright&quot;:&quot;&quot;,&quot;focal_length&quot;:&quot;0&quot;,&quot;iso&quot;:&quot;0&quot;,&quot;shutter_speed&quot;:&quot;0&quot;,&quot;title&quot;:&quot;&quot;,&quot;orientation&quot;:&quot;0&quot;,&quot;alt&quot;:&quot;&quot;}\" data-image-title=\"Fifa-4-e1785326268830\" data-image-description=\"\" data-image-caption=\"\" data-large-file=\"https:\/\/i0.wp.com\/blogdoprosperi.com\/wp-content\/uploads\/2026\/07\/Fifa-4-e1785326268830.webp?fit=940%2C530&amp;ssl=1\" class=\"alignnone wp-image-61408\" src=\"https:\/\/i0.wp.com\/blogdoprosperi.com\/wp-content\/uploads\/2026\/07\/Fifa-4-e1785326268830-650x366.webp?resize=574%2C323&#038;ssl=1\" alt=\"\" width=\"574\" height=\"323\" srcset=\"https:\/\/i0.wp.com\/blogdoprosperi.com\/wp-content\/uploads\/2026\/07\/Fifa-4-e1785326268830.webp?resize=650%2C366&amp;ssl=1 650w, https:\/\/i0.wp.com\/blogdoprosperi.com\/wp-content\/uploads\/2026\/07\/Fifa-4-e1785326268830.webp?resize=1024%2C577&amp;ssl=1 1024w, https:\/\/i0.wp.com\/blogdoprosperi.com\/wp-content\/uploads\/2026\/07\/Fifa-4-e1785326268830.webp?resize=150%2C85&amp;ssl=1 150w, https:\/\/i0.wp.com\/blogdoprosperi.com\/wp-content\/uploads\/2026\/07\/Fifa-4-e1785326268830.webp?resize=768%2C433&amp;ssl=1 768w, https:\/\/i0.wp.com\/blogdoprosperi.com\/wp-content\/uploads\/2026\/07\/Fifa-4-e1785326268830.webp?resize=450%2C254&amp;ssl=1 450w, https:\/\/i0.wp.com\/blogdoprosperi.com\/wp-content\/uploads\/2026\/07\/Fifa-4-e1785326268830.webp?resize=1065%2C600&amp;ssl=1 1065w, https:\/\/i0.wp.com\/blogdoprosperi.com\/wp-content\/uploads\/2026\/07\/Fifa-4-e1785326268830.webp?w=1200&amp;ssl=1 1200w\" sizes=\"auto, (max-width: 574px) 100vw, 574px\" \/><\/span><\/p>\n<p><span dir=\"auto\">Esta, obviamente, n\u00e3o \u00e9 a primeira vez que Infantino tenta comercializar os ativos da FIFA atraindo investimentos externos. Anteriormente,\u00a0<\/span><span dir=\"auto\">em 2018, ele tentou, sem sucesso, usar US$ 25 bilh\u00f5es do SoftBank, empresa japonesa apoiada pela Ar\u00e1bia Saudita,<\/span><span dir=\"auto\">\u00a0para criar uma Copa do Mundo de Clubes e uma Liga Global das Na\u00e7\u00f5es expandidas.<\/span><\/p>\n<p><span dir=\"auto\">Tamb\u00e9m houve sugest\u00f5es de que a FIFA participou desde o in\u00edcio das discuss\u00f5es sobre a cria\u00e7\u00e3o da\u00a0<\/span><span dir=\"auto\">Superliga Europeia<\/span><span dir=\"auto\">\u00a0em 2021, quando o JP Morgan estava cotado para investir na nova competi\u00e7\u00e3o, embora Infantino tenha criticado o plano posteriormente.<\/span><\/p>\n<p><span dir=\"auto\">Um porta-voz da FIFA confirmou ao\u00a0<\/span><em><span dir=\"auto\">The Athletic<\/span><\/em><span dir=\"auto\">\u00a0que o JP Morgan continuar\u00e1 assessorando a entidade m\u00e1xima do futebol no projeto, com a consultoria OpenEconomics, sediada em Roma, e Greg Maffei, CEO da BANN Ventures, tamb\u00e9m atuando como consultores. Maffei foi presidente e CEO da Liberty Media durante a aquisi\u00e7\u00e3o e o controle da F\u00f3rmula 1 pela empresa.<\/span><\/p>\n<p><span dir=\"auto\">Em termos de potenciais investidores, a Apollo Sports Capital, o ve\u00edculo de investimento esportivo de longo prazo criado pela empresa de private equity Apollo Global Management, \u00e9 outro prov\u00e1vel apoiador.<\/span><\/p>\n<p><em><span dir=\"auto\">O The Athletic<\/span><\/em><span dir=\"auto\">\u00a0entrou em contato com a Apollo, o JP Morgan e a Thrive para obter coment\u00e1rios.<\/span><\/p>\n<h2><span dir=\"auto\">Qual foi a rea\u00e7\u00e3o?<\/span><\/h2>\n<p><span dir=\"auto\">Dadas\u00a0<\/span><u><\/u><span dir=\"auto\">\u00a0durante e antes da Copa do Mundo deste ver\u00e3o, o envolvimento de algu\u00e9m com liga\u00e7\u00f5es familiares ao presidente Trump, como Joshua Kushner, certamente causar\u00e1 estranheza em todo o mundo do futebol. A UEFA, entidade que rege o futebol europeu, j\u00e1 manifestou sua oposi\u00e7\u00e3o \u00e0 ideia de vender os ativos mais valiosos do esporte a investidores privados e fundos soberanos.<\/span><\/p>\n<p><span dir=\"auto\">\u201cIsto ultrapassa um limite que as institui\u00e7\u00f5es que regem o futebol nunca deveriam ultrapassar\u201d, afirmou a UEFA em comunicado divulgado pouco antes de a FIFA confirmar o plano.<\/span><\/p>\n<p><span class=\"alignnone\"><img data-recalc-dims=\"1\" loading=\"lazy\" decoding=\"async\" data-attachment-id=\"25423\" data-permalink=\"https:\/\/blogdoprosperi.com\/?attachment_id=25423\" data-orig-file=\"https:\/\/i0.wp.com\/blogdoprosperi.com\/wp-content\/uploads\/2016\/09\/uefa-champions-league.jpg?fit=600%2C331&amp;ssl=1\" data-orig-size=\"600,331\" data-comments-opened=\"1\" data-image-meta=\"{&quot;aperture&quot;:&quot;0&quot;,&quot;credit&quot;:&quot;&quot;,&quot;camera&quot;:&quot;&quot;,&quot;caption&quot;:&quot;&quot;,&quot;created_timestamp&quot;:&quot;0&quot;,&quot;copyright&quot;:&quot;&quot;,&quot;focal_length&quot;:&quot;0&quot;,&quot;iso&quot;:&quot;0&quot;,&quot;shutter_speed&quot;:&quot;0&quot;,&quot;title&quot;:&quot;&quot;,&quot;orientation&quot;:&quot;1&quot;}\" data-image-title=\"uefa-champions-league\" data-image-description=\"\" data-image-caption=\"\" data-large-file=\"https:\/\/i0.wp.com\/blogdoprosperi.com\/wp-content\/uploads\/2016\/09\/uefa-champions-league.jpg?fit=600%2C331&amp;ssl=1\" class=\"alignnone size-full wp-image-25423\" src=\"https:\/\/i0.wp.com\/blogdoprosperi.com\/wp-content\/uploads\/2016\/09\/uefa-champions-league.jpg?resize=600%2C331&#038;ssl=1\" alt=\"\" width=\"600\" height=\"331\" \/><\/span><\/p>\n<p><span dir=\"auto\">\u201cA UEFA leva isso extremamente a s\u00e9rio. O mesmo deveria acontecer com todas as federa\u00e7\u00f5es nacionais de futebol. O mesmo deveria acontecer com todas as partes interessadas: ligas, clubes, jogadores, torcedores, governos e todos que se preocupam com o futuro do esporte.\u201d<\/span><\/p>\n<p><span dir=\"auto\">\u201cA ess\u00eancia e a governan\u00e7a do futebol n\u00e3o s\u00e3o ativos para serem negociados \u2014 especialmente sem nenhuma transpar\u00eancia sobre quem lucra financeiramente. Nenhum de n\u00f3s \u00e9 dono do futebol. N\u00e3o cabe \u00e0 FIFA vend\u00ea-lo.\u201d<\/span><\/p>\n<p><span dir=\"auto\">Hans-Joachim Watzke, vice-presidente da Federa\u00e7\u00e3o Alem\u00e3 de Futebol, declarou \u00e0 revista esportiva alem\u00e3 Kicker: \u201cMuitos no futebol europeu veem os planos da FIFA como um ataque absoluto ao futebol. Compartilho dessa opini\u00e3o. Uma linha foi cruzada aqui.\u201d<\/span><\/p>\n<p><span dir=\"auto\">\u201cSe o futebol europeu se unir contra esses planos, isso ter\u00e1 um peso enorme.\u201d<\/span><\/p>\n<p><span dir=\"auto\">A Concacaf, confedera\u00e7\u00e3o da Am\u00e9rica do Norte, Central e Caribe, acusou a FIFA de falta de consulta em rela\u00e7\u00e3o \u00e0s propostas.<\/span><\/p>\n<p><span dir=\"auto\">\u201cA Concacaf s\u00f3 tomou conhecimento deste assunto atrav\u00e9s de not\u00edcias na m\u00eddia e, posteriormente, por meio de um comunicado \u00e0 imprensa\u201d, dizia o comunicado. \u201cEstamos profundamente preocupados com a falta de devido processo legal.\u201d<\/span><\/p>\n<p><span dir=\"auto\">A Confedera\u00e7\u00e3o Asi\u00e1tica de Futebol (AFC) tamb\u00e9m afirmou estar &#8220;desapontada com o fato de uma quest\u00e3o de tamanha import\u00e2ncia ter se tornado p\u00fablica antes que a fam\u00edlia AFC tivesse tido a oportunidade de examin\u00e1-la e discuti-la pelos canais de governan\u00e7a apropriados e estabelecidos&#8221;.<\/span><\/p>\n<p>O presidente da La Liga, Javier Tebas, um cr\u00edtico frequente de Infantino, argumentou que os planos representavam uma &#8220;campanha eleitoral&#8221; antes da elei\u00e7\u00e3o do presidente da FIFA em mar\u00e7o. &#8220;Ele \u00e9 o problema&#8221;, acrescentou Tebas.<\/p>\n<p>Um porta-voz da Federa\u00e7\u00e3o Inglesa de Futebol (FA), que \u00e9 membro da FIFA, disse: \u201cN\u00e3o t\u00ednhamos conhecimento algum desta proposta e n\u00e3o possu\u00edmos detalhes substanciais, incluindo qual \u00e9 a proposta em si e quais as condi\u00e7\u00f5es a ela associadas. Com base nas informa\u00e7\u00f5es limitadas, estamos profundamente preocupados com a falta de processo e governan\u00e7a para chegar a este ponto, bem como com a aparente subst\u00e2ncia e os princ\u00edpios envolvidos.\u201d<\/p>\n<p><span dir=\"auto\">\u201cA Copa do Mundo n\u00e3o \u00e9 um produto\u201d, publicou o primeiro-ministro brit\u00e2nico Andy Burnham,\u00a0<\/span><span dir=\"auto\">um \u00e1vido f\u00e3 de futebol<\/span><span dir=\"auto\">\u00a0, no X. \u201c\u00c9 a maior competi\u00e7\u00e3o do esporte mundial e nunca pertenceu a ningu\u00e9m. Podem tentar disfar\u00e7ar como quiserem. Uma vez que voc\u00ea tenha vendido uma parte, voc\u00ea se vendeu.\u201d<\/span><\/p>\n<p><span dir=\"auto\">O congressista americano Jamie Raskin (democrata por Maryland), que\u00a0<\/span><span dir=\"auto\">solicitou que Infantino comparecesse perante o Comit\u00ea Judici\u00e1rio da C\u00e2mara dos Representantes<\/span><span dir=\"auto\">\u00a0devido aos la\u00e7os da FIFA com o governo Trump, disse: &#8220;Os f\u00e3s de futebol j\u00e1 foram exclu\u00eddos da Copa do Mundo por causa da especula\u00e7\u00e3o de pre\u00e7os da FIFA \u2014 mais corrup\u00e7\u00e3o olig\u00e1rquica significa apenas mais danos corporativos ao esporte mais popular do mundo.&#8221;<\/span><\/p>\n<p><span dir=\"auto\">Muitos concordar\u00e3o com esses sentimentos, mas haver\u00e1 um n\u00famero igualmente grande, talvez at\u00e9 maior, que apontar\u00e1 que o que a FIFA est\u00e1 propondo n\u00e3o \u00e9 diferente das entidades comerciais que ligas como a francesa e a espanhola criaram e nas quais venderam participa\u00e7\u00f5es para fundos de private equity. As ligas alem\u00e3 e italiana tamb\u00e9m v\u00eam debatendo a mesma medida h\u00e1 v\u00e1rios anos, e essa \u00e9 uma estrat\u00e9gia que diversas outras entidades e ligas esportivas j\u00e1 tentaram, principalmente na F\u00f3rmula 1 e no PGA Tour de golfe.<\/span><\/p>\n<h2><span dir=\"auto\">A FIFA precisa do dinheiro?<\/span><\/h2>\n<figure id=\"attachment_55895\" aria-describedby=\"caption-attachment-55895\" style=\"width: 1202px\" class=\"wp-caption alignnone\"><img data-recalc-dims=\"1\" loading=\"lazy\" decoding=\"async\" data-attachment-id=\"55895\" data-permalink=\"https:\/\/blogdoprosperi.com\/?attachment_id=55895\" data-orig-file=\"https:\/\/i0.wp.com\/blogdoprosperi.com\/wp-content\/uploads\/2025\/12\/captura-de-tela-2025-12-05-as-10.51.03.png?fit=1202%2C878&amp;ssl=1\" data-orig-size=\"1202,878\" data-comments-opened=\"1\" data-image-meta=\"{&quot;aperture&quot;:&quot;0&quot;,&quot;credit&quot;:&quot;&quot;,&quot;camera&quot;:&quot;&quot;,&quot;caption&quot;:&quot;&quot;,&quot;created_timestamp&quot;:&quot;0&quot;,&quot;copyright&quot;:&quot;&quot;,&quot;focal_length&quot;:&quot;0&quot;,&quot;iso&quot;:&quot;0&quot;,&quot;shutter_speed&quot;:&quot;0&quot;,&quot;title&quot;:&quot;&quot;,&quot;orientation&quot;:&quot;0&quot;}\" data-image-title=\"Captura de Tela 2025-12-05 \u00e0s 10.51.03\" data-image-description=\"\" data-image-caption=\"&lt;p&gt;imagem Fifa oficial&lt;\/p&gt;\n\" data-large-file=\"https:\/\/i0.wp.com\/blogdoprosperi.com\/wp-content\/uploads\/2025\/12\/captura-de-tela-2025-12-05-as-10.51.03.png?fit=940%2C687&amp;ssl=1\" class=\"size-full wp-image-55895\" src=\"https:\/\/i0.wp.com\/blogdoprosperi.com\/wp-content\/uploads\/2025\/12\/captura-de-tela-2025-12-05-as-10.51.03.png?resize=940%2C687&#038;ssl=1\" alt=\"\" width=\"940\" height=\"687\" \/><figcaption id=\"caption-attachment-55895\" class=\"wp-caption-text\">imagem Fifa oficial<\/figcaption><\/figure>\n<p><span dir=\"auto\">Mesmo sem ajuda externa,\u00a0<\/span><span dir=\"auto\">a FIFA est\u00e1 arrecadando quantias recordes<\/span><span dir=\"auto\">\u00a0. O ciclo de quatro anos que terminou com a Copa do Mundo expandida deste ver\u00e3o, e que incluiu o Mundial de Clubes com 32 equipes no ver\u00e3o passado, deve gerar US$ 15 bilh\u00f5es (R$ 77 bilh\u00f5es), superando a meta de US$ 13 bilh\u00f5es (R$ 60 bilh\u00f5es) e dobrando o valor arrecadado entre 2019 e 2022.<\/span><\/p>\n<p><span dir=\"auto\">\u00c9 praticamente certo que esses valores s\u00f3 aumentar\u00e3o se o controle do portf\u00f3lio de competi\u00e7\u00f5es da FIFA for transferido para uma entidade focada exclusivamente em monetiz\u00e1-las, sendo uma Copa do Mundo com 64 sele\u00e7\u00f5es um desenvolvimento muito prov\u00e1vel, assim como um Mundial de Clubes ampliado ou mais frequente (ou ambos), com movimentos semelhantes tamb\u00e9m no futebol feminino.<\/span><\/p>\n<p>A men\u00e7\u00e3o a somas t\u00e3o elevadas inevitavelmente levou alguns a especular sobre quem comandar\u00e1 a FFE, com\u00a0<span dir=\"auto\">o jornal The Times de Londres<\/span><span dir=\"auto\">\u00a0afirmando que ser\u00e1 o pr\u00f3prio Infantino, e que ele receber\u00e1 um sal\u00e1rio semelhante ao do comiss\u00e1rio da NFL, Roger Goodell, que recebeu US$ 64 milh\u00f5es (\u00a3 48 milh\u00f5es) em 2021, \u00faltimo ano em que seus rendimentos foram divulgados. Isso representaria um aumento de dez vezes no sal\u00e1rio do dirigente de futebol su\u00ed\u00e7o-italiano.<\/span><\/p>\n<p>Questionado sobre a veracidade dessa informa\u00e7\u00e3o, um porta-voz da FIFA declarou\u00a0<em><span dir=\"auto\">ao The Athletic<\/span><\/em><span dir=\"auto\">\u00a0: \u201cIsso nunca foi discutido. No entanto, o presidente e a administra\u00e7\u00e3o da FIFA ter\u00e3o, e devem ter, pap\u00e9is de lideran\u00e7a nessa entidade \u2014 caso seja aprovada \u2014 para sempre manter o controle de qualquer subsidi\u00e1ria da FIFA, em conformidade com os estatutos e regulamentos, para o benef\u00edcio das associa\u00e7\u00f5es membros da FIFA.\u201d<\/span><\/p>\n<h2><span dir=\"auto\">Quem \u00e9 Joshua Kushner?<\/span><\/h2>\n<figure id=\"attachment_61406\" aria-describedby=\"caption-attachment-61406\" style=\"width: 524px\" class=\"wp-caption alignnone\"><img data-recalc-dims=\"1\" loading=\"lazy\" decoding=\"async\" data-attachment-id=\"61406\" data-permalink=\"https:\/\/blogdoprosperi.com\/?attachment_id=61406\" data-orig-file=\"https:\/\/i0.wp.com\/blogdoprosperi.com\/wp-content\/uploads\/2026\/07\/Captura-de-Tela-2026-07-29-as-17.00.15.png?fit=1314%2C1020&amp;ssl=1\" data-orig-size=\"1314,1020\" data-comments-opened=\"1\" data-image-meta=\"{&quot;aperture&quot;:&quot;0&quot;,&quot;credit&quot;:&quot;&quot;,&quot;camera&quot;:&quot;&quot;,&quot;caption&quot;:&quot;&quot;,&quot;created_timestamp&quot;:&quot;0&quot;,&quot;copyright&quot;:&quot;&quot;,&quot;focal_length&quot;:&quot;0&quot;,&quot;iso&quot;:&quot;0&quot;,&quot;shutter_speed&quot;:&quot;0&quot;,&quot;title&quot;:&quot;&quot;,&quot;orientation&quot;:&quot;0&quot;,&quot;alt&quot;:&quot;&quot;}\" data-image-title=\"Captura de Tela 2026-07-29 \u00e0s 17.00.15\" data-image-description=\"\" data-image-caption=\"&lt;p&gt;Joshua Kushner e a modelo Karlie Kloss \u2013 foto: Instagram&lt;\/p&gt;\n\" data-large-file=\"https:\/\/i0.wp.com\/blogdoprosperi.com\/wp-content\/uploads\/2026\/07\/Captura-de-Tela-2026-07-29-as-17.00.15.png?fit=940%2C730&amp;ssl=1\" class=\" wp-image-61406\" src=\"https:\/\/i0.wp.com\/blogdoprosperi.com\/wp-content\/uploads\/2026\/07\/Captura-de-Tela-2026-07-29-as-17.00.15.png?resize=524%2C407&#038;ssl=1\" alt=\"\" width=\"524\" height=\"407\" srcset=\"https:\/\/i0.wp.com\/blogdoprosperi.com\/wp-content\/uploads\/2026\/07\/Captura-de-Tela-2026-07-29-as-17.00.15.png?resize=487%2C378&amp;ssl=1 487w, https:\/\/i0.wp.com\/blogdoprosperi.com\/wp-content\/uploads\/2026\/07\/Captura-de-Tela-2026-07-29-as-17.00.15.png?resize=1024%2C795&amp;ssl=1 1024w, https:\/\/i0.wp.com\/blogdoprosperi.com\/wp-content\/uploads\/2026\/07\/Captura-de-Tela-2026-07-29-as-17.00.15.png?resize=150%2C116&amp;ssl=1 150w, https:\/\/i0.wp.com\/blogdoprosperi.com\/wp-content\/uploads\/2026\/07\/Captura-de-Tela-2026-07-29-as-17.00.15.png?resize=768%2C596&amp;ssl=1 768w, https:\/\/i0.wp.com\/blogdoprosperi.com\/wp-content\/uploads\/2026\/07\/Captura-de-Tela-2026-07-29-as-17.00.15.png?resize=450%2C349&amp;ssl=1 450w, https:\/\/i0.wp.com\/blogdoprosperi.com\/wp-content\/uploads\/2026\/07\/Captura-de-Tela-2026-07-29-as-17.00.15.png?resize=773%2C600&amp;ssl=1 773w, https:\/\/i0.wp.com\/blogdoprosperi.com\/wp-content\/uploads\/2026\/07\/Captura-de-Tela-2026-07-29-as-17.00.15.png?w=1314&amp;ssl=1 1314w\" sizes=\"auto, (max-width: 524px) 100vw, 524px\" \/><figcaption id=\"caption-attachment-61406\" class=\"wp-caption-text\">Joshua Kushner e a modelo Karlie Kloss \u2013 foto: Instagram<\/figcaption><\/figure>\n<p><span dir=\"auto\">Joshua Kushner, de 41 anos, \u00e9 um empres\u00e1rio e investidor de capital de risco americano.<\/span><\/p>\n<p><span dir=\"auto\">Se voc\u00ea reconhece o sobrenome, pode muito bem ser porque seu irm\u00e3o Jared \u2014 marido da filha de Trump, Ivanka \u2014 foi o contato principal na Casa Branca para a candidatura da Copa do Mundo de 2026, e\u00a0<\/span><em><span dir=\"auto\">o The Athletic<\/span><\/em><span dir=\"auto\">\u00a0noticiou que ele foi crucial para garantir a final no MetLife Stadium, em Nova Jersey.<\/span><\/p>\n<p><span dir=\"auto\">Joshua Kushner, no entanto, est\u00e1 envolvido no mundo dos esportes por conta pr\u00f3pria \u2014 e demonstrou\u00a0<\/span><span dir=\"auto\">interesse<\/span><span dir=\"auto\">\u00a0, juntamente com o ex-CEO da Disney, Bob Iger, na proposta de franquia da NBA em Las Vegas. Ele \u00e9 o fundador da Thrive Capital, uma empresa de capital de risco inicialmente apoiada pelo cofundador do PayPal, Peter Thiel, que tamb\u00e9m investiu na\u00a0<\/span><span dir=\"auto\">controversa Enhanced Games<\/span><span dir=\"auto\">\u00a0.<\/span><\/p>\n<p><span dir=\"auto\">O jornal The New York Times\u00a0<\/span><span dir=\"auto\">noticiou que<\/span><span dir=\"auto\">\u00a0ele \u00e9 pr\u00f3ximo do irm\u00e3o, mas, ao contr\u00e1rio de Jared, \u00e9 menos p\u00fablico em rela\u00e7\u00e3o \u00e0s suas afilia\u00e7\u00f5es pol\u00edticas, embora tenha sido ouvido em 2018 dizendo &#8220;sobrevivemos a Donald Trump&#8221; ao listar os desafios do ano.<\/span><\/p>\n<hr \/>\n<p><strong>Matt Slater \u2013<\/strong><em><span dir=\"auto\">\u00a0residente no noroeste da Inglaterra, \u00e9 um dos principais rep\u00f3rteres de not\u00edcias esportivas do The Athletic UK. Anteriormente, trabalhou por 16 anos na BBC e, em seguida, por tr\u00eas anos como rep\u00f3rter-chefe de esportes da principal ag\u00eancia de not\u00edcias do Reino Unido e Irlanda, a PA.<\/span><\/em><\/p>\n","protected":false},"excerpt":{"rendered":"<p>por Matt Slater, New York Times \/ The Athletic \u2013 29 julho 2026 A FIFA anunciou planos para [&hellip;]<\/p>\n","protected":false},"author":102107496,"featured_media":0,"comment_status":"open","ping_status":"open","sticky":false,"template":"","format":"standard","meta":{"_coblocks_attr":"","_coblocks_dimensions":"","_coblocks_responsive_height":"","_coblocks_accordion_ie_support":"","_jetpack_newsletter_access":"","_jetpack_dont_email_post_to_subs":false,"_jetpack_newsletter_tier_id":0,"_jetpack_memberships_contains_paywalled_content":false,"_wpcom_ai_launchpad_first_post":false,"_jetpack_feature_clip_id":0,"_jetpack_memberships_contains_paid_content":false,"footnotes":"","jetpack_publicize_message":"","jetpack_publicize_feature_enabled":true,"jetpack_social_post_already_shared":true,"jetpack_social_options":{"image_generator_settings":{"template":"highway","default_image_id":0,"font":"","enabled":false},"version":2},"jetpack_post_was_ever_published":false},"categories":[187969,53870,20384],"tags":[789560651,789560563,881794,789560762,789560764],"class_list":["post-61387","post","type-post","status-publish","format-standard","hentry","category-fifa","category-futebol","category-informacao","tag-copadomundo","tag-fifa","tag-infantino","tag-joshua-kushner","tag-jp-morgan"],"yoast_head":"<!-- This site is optimized with the Yoast SEO plugin v28.3 - https:\/\/yoast.com\/product\/yoast-seo-wordpress\/ -->\n<title>Copa do Mundo \u00e0 venda: Por quanto e por que Infantino est\u00e1 fazendo isso? - PR\u00d3SPERI NEWS<\/title>\n<meta name=\"robots\" content=\"index, follow, max-snippet:-1, max-image-preview:large, max-video-preview:-1\" \/>\n<link rel=\"canonical\" href=\"https:\/\/blogdoprosperi.com\/?p=61387\" \/>\n<meta property=\"og:locale\" content=\"pt_BR\" \/>\n<meta property=\"og:type\" content=\"article\" \/>\n<meta property=\"og:title\" content=\"Copa do Mundo \u00e0 venda: Por quanto e por que Infantino est\u00e1 fazendo isso? - PR\u00d3SPERI NEWS\" \/>\n<meta property=\"og:description\" content=\"por Matt Slater, New York Times \/ The Athletic \u2013 29 julho 2026 A FIFA anunciou planos para [&hellip;]\" \/>\n<meta property=\"og:url\" content=\"https:\/\/blogdoprosperi.com\/?p=61387\" \/>\n<meta property=\"og:site_name\" content=\"PR\u00d3SPERI NEWS\" \/>\n<meta property=\"article:publisher\" content=\"Luiz Pr\u00f3speri\" \/>\n<meta property=\"article:author\" content=\"Luiz Pr\u00f3speri\" \/>\n<meta property=\"article:published_time\" content=\"2026-07-29T21:11:16+00:00\" \/>\n<meta property=\"og:image\" content=\"https:\/\/blogdoprosperi.com\/wp-content\/uploads\/2026\/07\/images-1-2-378x378.jpg\" \/>\n<meta name=\"author\" content=\"Luiz Ant\u00f4nio Pr\u00f3speri\" \/>\n<meta name=\"twitter:card\" content=\"summary_large_image\" \/>\n<meta name=\"twitter:creator\" content=\"@Luizprosperi\" \/>\n<meta name=\"twitter:site\" content=\"@Luizprosperi\" \/>\n<meta name=\"twitter:label1\" content=\"Escrito por\" \/>\n\t<meta name=\"twitter:data1\" content=\"Luiz Ant\u00f4nio Pr\u00f3speri\" \/>\n\t<meta name=\"twitter:label2\" content=\"Est. tempo de leitura\" \/>\n\t<meta name=\"twitter:data2\" content=\"11 minutos\" \/>\n<script type=\"application\/ld+json\" class=\"yoast-schema-graph\">{\"@context\":\"https:\\\/\\\/schema.org\",\"@graph\":[{\"@type\":\"Article\",\"@id\":\"https:\\\/\\\/blogdoprosperi.com\\\/?p=61387#article\",\"isPartOf\":{\"@id\":\"https:\\\/\\\/blogdoprosperi.com\\\/?p=61387\"},\"author\":{\"name\":\"Luiz Ant\u00f4nio Pr\u00f3speri\",\"@id\":\"https:\\\/\\\/blogdoprosperi.com\\\/#\\\/schema\\\/person\\\/38100755ce3601861ee4fab9b5aa78e9\"},\"headline\":\"Copa do Mundo \u00e0 venda: Por quanto e por que Infantino est\u00e1 fazendo isso?\",\"datePublished\":\"2026-07-29T21:11:16+00:00\",\"mainEntityOfPage\":{\"@id\":\"https:\\\/\\\/blogdoprosperi.com\\\/?p=61387\"},\"wordCount\":2113,\"commentCount\":0,\"publisher\":{\"@id\":\"https:\\\/\\\/blogdoprosperi.com\\\/#\\\/schema\\\/person\\\/38100755ce3601861ee4fab9b5aa78e9\"},\"image\":{\"@id\":\"https:\\\/\\\/blogdoprosperi.com\\\/?p=61387#primaryimage\"},\"thumbnailUrl\":\"https:\\\/\\\/blogdoprosperi.com\\\/wp-content\\\/uploads\\\/2026\\\/07\\\/images-1-2-378x378.jpg\",\"keywords\":[\"copadomundo\",\"Fifa\",\"Infantino\",\"Joshua Kushner\",\"JP Morgan\"],\"articleSection\":[\"Fifa\",\"futebol\",\"informa\u00e7\u00e3o\"],\"inLanguage\":\"pt-BR\",\"potentialAction\":[{\"@type\":\"CommentAction\",\"name\":\"Comment\",\"target\":[\"https:\\\/\\\/blogdoprosperi.com\\\/?p=61387#respond\"]}]},{\"@type\":\"WebPage\",\"@id\":\"https:\\\/\\\/blogdoprosperi.com\\\/?p=61387\",\"url\":\"https:\\\/\\\/blogdoprosperi.com\\\/?p=61387\",\"name\":\"Copa do Mundo \u00e0 venda: Por quanto e por que Infantino est\u00e1 fazendo isso? - PR\u00d3SPERI NEWS\",\"isPartOf\":{\"@id\":\"https:\\\/\\\/blogdoprosperi.com\\\/#website\"},\"primaryImageOfPage\":{\"@id\":\"https:\\\/\\\/blogdoprosperi.com\\\/?p=61387#primaryimage\"},\"image\":{\"@id\":\"https:\\\/\\\/blogdoprosperi.com\\\/?p=61387#primaryimage\"},\"thumbnailUrl\":\"https:\\\/\\\/blogdoprosperi.com\\\/wp-content\\\/uploads\\\/2026\\\/07\\\/images-1-2-378x378.jpg\",\"datePublished\":\"2026-07-29T21:11:16+00:00\",\"breadcrumb\":{\"@id\":\"https:\\\/\\\/blogdoprosperi.com\\\/?p=61387#breadcrumb\"},\"inLanguage\":\"pt-BR\",\"potentialAction\":[{\"@type\":\"ReadAction\",\"target\":[\"https:\\\/\\\/blogdoprosperi.com\\\/?p=61387\"]}]},{\"@type\":\"ImageObject\",\"inLanguage\":\"pt-BR\",\"@id\":\"https:\\\/\\\/blogdoprosperi.com\\\/?p=61387#primaryimage\",\"url\":\"https:\\\/\\\/i0.wp.com\\\/blogdoprosperi.com\\\/wp-content\\\/uploads\\\/2026\\\/07\\\/images-1-2.jpg?fit=447%2C447&ssl=1\",\"contentUrl\":\"https:\\\/\\\/i0.wp.com\\\/blogdoprosperi.com\\\/wp-content\\\/uploads\\\/2026\\\/07\\\/images-1-2.jpg?fit=447%2C447&ssl=1\",\"width\":447,\"height\":447,\"caption\":\"Copa do Mundo 2034 na Ar\u00e1bia Saudita \u2013 foto: reprodu\u00e7\u00e3o Facebook\"},{\"@type\":\"BreadcrumbList\",\"@id\":\"https:\\\/\\\/blogdoprosperi.com\\\/?p=61387#breadcrumb\",\"itemListElement\":[{\"@type\":\"ListItem\",\"position\":1,\"name\":\"In\u00edcio\",\"item\":\"https:\\\/\\\/blogdoprosperi.com\\\/\"},{\"@type\":\"ListItem\",\"position\":2,\"name\":\"Copa do Mundo \u00e0 venda: Por quanto e por que Infantino est\u00e1 fazendo isso?\"}]},{\"@type\":\"WebSite\",\"@id\":\"https:\\\/\\\/blogdoprosperi.com\\\/#website\",\"url\":\"https:\\\/\\\/blogdoprosperi.com\\\/\",\"name\":\"PR\u00d3SPERI NEWS\",\"description\":\"TUDO \u00c9  FUTEBOL\",\"publisher\":{\"@id\":\"https:\\\/\\\/blogdoprosperi.com\\\/#\\\/schema\\\/person\\\/38100755ce3601861ee4fab9b5aa78e9\"},\"alternateName\":\"blogdoprosperi.com\",\"potentialAction\":[{\"@type\":\"SearchAction\",\"target\":{\"@type\":\"EntryPoint\",\"urlTemplate\":\"https:\\\/\\\/blogdoprosperi.com\\\/?s={search_term_string}\"},\"query-input\":{\"@type\":\"PropertyValueSpecification\",\"valueRequired\":true,\"valueName\":\"search_term_string\"}}],\"inLanguage\":\"pt-BR\"},{\"@type\":[\"Person\",\"Organization\"],\"@id\":\"https:\\\/\\\/blogdoprosperi.com\\\/#\\\/schema\\\/person\\\/38100755ce3601861ee4fab9b5aa78e9\",\"name\":\"Luiz Ant\u00f4nio Pr\u00f3speri\",\"pronouns\":\"ele\",\"image\":{\"@type\":\"ImageObject\",\"inLanguage\":\"pt-BR\",\"@id\":\"https:\\\/\\\/i0.wp.com\\\/blogdoprosperi.com\\\/wp-content\\\/uploads\\\/2026\\\/05\\\/cropped-8059e613-6002-42fa-961e-8e275f575d71-2-5.jpg?fit=1360%2C931&ssl=1\",\"url\":\"https:\\\/\\\/i0.wp.com\\\/blogdoprosperi.com\\\/wp-content\\\/uploads\\\/2026\\\/05\\\/cropped-8059e613-6002-42fa-961e-8e275f575d71-2-5.jpg?fit=1360%2C931&ssl=1\",\"contentUrl\":\"https:\\\/\\\/i0.wp.com\\\/blogdoprosperi.com\\\/wp-content\\\/uploads\\\/2026\\\/05\\\/cropped-8059e613-6002-42fa-961e-8e275f575d71-2-5.jpg?fit=1360%2C931&ssl=1\",\"width\":1360,\"height\":931,\"caption\":\"Luiz Ant\u00f4nio Pr\u00f3speri\"},\"logo\":{\"@id\":\"https:\\\/\\\/i0.wp.com\\\/blogdoprosperi.com\\\/wp-content\\\/uploads\\\/2026\\\/05\\\/cropped-8059e613-6002-42fa-961e-8e275f575d71-2-5.jpg?fit=1360%2C931&ssl=1\"},\"description\":\"Jornalista com carreira dedicada ao esporte. Cobriu 9 Copas do Mundo in loco, 1990 na It\u00e1lia, 1994 nos EUA, 1998 na Fran\u00e7a, 2002 na Coreia do Sul e Jap\u00e3o, 2006 na Alemanha, 2010 na \u00c1frica do Sul, 2014 no Brasil, 2018 na R\u00fassia e 2022 no Qatar. Eurocopas, 1992 na Su\u00e9cia e 1996 na Inglaterra. Copa das Confedera\u00e7\u00f5es de 2005 na Alemanha e 2009 na \u00c1frica do Sul. Rep\u00f3rter e Editor, trabalhou no Jornal da Tarde e Estad\u00e3o, de 1984 a fevereiro de 2016. Colunista, blogueiro. E comentarista de futebol na R\u00e1dio Estad\u00e3o, de 2013 a fevereiro de 2016. Jornalista respons\u00e1vel do \\\"Pr\u00f3speri News\\\" (blogdoprosperi.com).\",\"sameAs\":[\"http:\\\/\\\/blogdoprosperi.com\",\"Luiz Pr\u00f3speri\",\"@luiz_prosperi\",\"https:\\\/\\\/x.com\\\/Luizprosperi\",\"@prosperinacopa\",\"luiz.prosperi@icloud.com\"],\"url\":\"https:\\\/\\\/blogdoprosperi.com\\\/?author=102107496\"}]}<\/script>\n<!-- \/ Yoast SEO plugin. -->","yoast_head_json":{"title":"Copa do Mundo \u00e0 venda: Por quanto e por que Infantino est\u00e1 fazendo isso? - PR\u00d3SPERI NEWS","robots":{"index":"index","follow":"follow","max-snippet":"max-snippet:-1","max-image-preview":"max-image-preview:large","max-video-preview":"max-video-preview:-1"},"canonical":"https:\/\/blogdoprosperi.com\/?p=61387","og_locale":"pt_BR","og_type":"article","og_title":"Copa do Mundo \u00e0 venda: Por quanto e por que Infantino est\u00e1 fazendo isso? - PR\u00d3SPERI NEWS","og_description":"por Matt Slater, New York Times \/ The Athletic \u2013 29 julho 2026 A FIFA anunciou planos para [&hellip;]","og_url":"https:\/\/blogdoprosperi.com\/?p=61387","og_site_name":"PR\u00d3SPERI NEWS","article_publisher":"Luiz Pr\u00f3speri","article_author":"Luiz Pr\u00f3speri","article_published_time":"2026-07-29T21:11:16+00:00","og_image":[{"url":"https:\/\/blogdoprosperi.com\/wp-content\/uploads\/2026\/07\/images-1-2-378x378.jpg","type":"","width":"","height":""}],"author":"Luiz Ant\u00f4nio Pr\u00f3speri","twitter_card":"summary_large_image","twitter_creator":"@Luizprosperi","twitter_site":"@Luizprosperi","twitter_misc":{"Escrito por":"Luiz Ant\u00f4nio Pr\u00f3speri","Est. tempo de leitura":"11 minutos"},"schema":{"@context":"https:\/\/schema.org","@graph":[{"@type":"Article","@id":"https:\/\/blogdoprosperi.com\/?p=61387#article","isPartOf":{"@id":"https:\/\/blogdoprosperi.com\/?p=61387"},"author":{"name":"Luiz Ant\u00f4nio Pr\u00f3speri","@id":"https:\/\/blogdoprosperi.com\/#\/schema\/person\/38100755ce3601861ee4fab9b5aa78e9"},"headline":"Copa do Mundo \u00e0 venda: Por quanto e por que Infantino est\u00e1 fazendo isso?","datePublished":"2026-07-29T21:11:16+00:00","mainEntityOfPage":{"@id":"https:\/\/blogdoprosperi.com\/?p=61387"},"wordCount":2113,"commentCount":0,"publisher":{"@id":"https:\/\/blogdoprosperi.com\/#\/schema\/person\/38100755ce3601861ee4fab9b5aa78e9"},"image":{"@id":"https:\/\/blogdoprosperi.com\/?p=61387#primaryimage"},"thumbnailUrl":"https:\/\/blogdoprosperi.com\/wp-content\/uploads\/2026\/07\/images-1-2-378x378.jpg","keywords":["copadomundo","Fifa","Infantino","Joshua Kushner","JP Morgan"],"articleSection":["Fifa","futebol","informa\u00e7\u00e3o"],"inLanguage":"pt-BR","potentialAction":[{"@type":"CommentAction","name":"Comment","target":["https:\/\/blogdoprosperi.com\/?p=61387#respond"]}]},{"@type":"WebPage","@id":"https:\/\/blogdoprosperi.com\/?p=61387","url":"https:\/\/blogdoprosperi.com\/?p=61387","name":"Copa do Mundo \u00e0 venda: Por quanto e por que Infantino est\u00e1 fazendo isso? - PR\u00d3SPERI NEWS","isPartOf":{"@id":"https:\/\/blogdoprosperi.com\/#website"},"primaryImageOfPage":{"@id":"https:\/\/blogdoprosperi.com\/?p=61387#primaryimage"},"image":{"@id":"https:\/\/blogdoprosperi.com\/?p=61387#primaryimage"},"thumbnailUrl":"https:\/\/blogdoprosperi.com\/wp-content\/uploads\/2026\/07\/images-1-2-378x378.jpg","datePublished":"2026-07-29T21:11:16+00:00","breadcrumb":{"@id":"https:\/\/blogdoprosperi.com\/?p=61387#breadcrumb"},"inLanguage":"pt-BR","potentialAction":[{"@type":"ReadAction","target":["https:\/\/blogdoprosperi.com\/?p=61387"]}]},{"@type":"ImageObject","inLanguage":"pt-BR","@id":"https:\/\/blogdoprosperi.com\/?p=61387#primaryimage","url":"https:\/\/i0.wp.com\/blogdoprosperi.com\/wp-content\/uploads\/2026\/07\/images-1-2.jpg?fit=447%2C447&ssl=1","contentUrl":"https:\/\/i0.wp.com\/blogdoprosperi.com\/wp-content\/uploads\/2026\/07\/images-1-2.jpg?fit=447%2C447&ssl=1","width":447,"height":447,"caption":"Copa do Mundo 2034 na Ar\u00e1bia Saudita \u2013 foto: reprodu\u00e7\u00e3o Facebook"},{"@type":"BreadcrumbList","@id":"https:\/\/blogdoprosperi.com\/?p=61387#breadcrumb","itemListElement":[{"@type":"ListItem","position":1,"name":"In\u00edcio","item":"https:\/\/blogdoprosperi.com\/"},{"@type":"ListItem","position":2,"name":"Copa do Mundo \u00e0 venda: Por quanto e por que Infantino est\u00e1 fazendo isso?"}]},{"@type":"WebSite","@id":"https:\/\/blogdoprosperi.com\/#website","url":"https:\/\/blogdoprosperi.com\/","name":"PR\u00d3SPERI NEWS","description":"TUDO \u00c9  FUTEBOL","publisher":{"@id":"https:\/\/blogdoprosperi.com\/#\/schema\/person\/38100755ce3601861ee4fab9b5aa78e9"},"alternateName":"blogdoprosperi.com","potentialAction":[{"@type":"SearchAction","target":{"@type":"EntryPoint","urlTemplate":"https:\/\/blogdoprosperi.com\/?s={search_term_string}"},"query-input":{"@type":"PropertyValueSpecification","valueRequired":true,"valueName":"search_term_string"}}],"inLanguage":"pt-BR"},{"@type":["Person","Organization"],"@id":"https:\/\/blogdoprosperi.com\/#\/schema\/person\/38100755ce3601861ee4fab9b5aa78e9","name":"Luiz Ant\u00f4nio Pr\u00f3speri","pronouns":"ele","image":{"@type":"ImageObject","inLanguage":"pt-BR","@id":"https:\/\/i0.wp.com\/blogdoprosperi.com\/wp-content\/uploads\/2026\/05\/cropped-8059e613-6002-42fa-961e-8e275f575d71-2-5.jpg?fit=1360%2C931&ssl=1","url":"https:\/\/i0.wp.com\/blogdoprosperi.com\/wp-content\/uploads\/2026\/05\/cropped-8059e613-6002-42fa-961e-8e275f575d71-2-5.jpg?fit=1360%2C931&ssl=1","contentUrl":"https:\/\/i0.wp.com\/blogdoprosperi.com\/wp-content\/uploads\/2026\/05\/cropped-8059e613-6002-42fa-961e-8e275f575d71-2-5.jpg?fit=1360%2C931&ssl=1","width":1360,"height":931,"caption":"Luiz Ant\u00f4nio Pr\u00f3speri"},"logo":{"@id":"https:\/\/i0.wp.com\/blogdoprosperi.com\/wp-content\/uploads\/2026\/05\/cropped-8059e613-6002-42fa-961e-8e275f575d71-2-5.jpg?fit=1360%2C931&ssl=1"},"description":"Jornalista com carreira dedicada ao esporte. Cobriu 9 Copas do Mundo in loco, 1990 na It\u00e1lia, 1994 nos EUA, 1998 na Fran\u00e7a, 2002 na Coreia do Sul e Jap\u00e3o, 2006 na Alemanha, 2010 na \u00c1frica do Sul, 2014 no Brasil, 2018 na R\u00fassia e 2022 no Qatar. Eurocopas, 1992 na Su\u00e9cia e 1996 na Inglaterra. Copa das Confedera\u00e7\u00f5es de 2005 na Alemanha e 2009 na \u00c1frica do Sul. Rep\u00f3rter e Editor, trabalhou no Jornal da Tarde e Estad\u00e3o, de 1984 a fevereiro de 2016. Colunista, blogueiro. E comentarista de futebol na R\u00e1dio Estad\u00e3o, de 2013 a fevereiro de 2016. Jornalista respons\u00e1vel do \"Pr\u00f3speri News\" (blogdoprosperi.com).","sameAs":["http:\/\/blogdoprosperi.com","Luiz Pr\u00f3speri","@luiz_prosperi","https:\/\/x.com\/Luizprosperi","@prosperinacopa","luiz.prosperi@icloud.com"],"url":"https:\/\/blogdoprosperi.com\/?author=102107496"}]}},"jetpack_publicize_connections":[],"jetpack_likes_enabled":false,"jetpack_sharing_enabled":true,"jetpack_shortlink":"https:\/\/wp.me\/p7jvdk-fY7","jetpack-related-posts":[{"id":61509,"url":"https:\/\/blogdoprosperi.com\/?p=61509","url_meta":{"origin":61387,"position":0},"title":"Documento: Esclarecimentos sobre a proposta FIFA Forward Enterprise (FFE) de venda da Copa","author":"Luiz Ant\u00f4nio Pr\u00f3speri","date":"31 de julho de 2026","format":false,"excerpt":"FIFA divulga documento oficial esclarecendo sua proposta de conceder parte dos direitos comerciais da Copa do Mundo. Doc divulgado na madrugada desta sexta-feira (31\/7) diante da rea\u00e7\u00e3o negativa no futebol internacional.","rel":"","context":"Em &quot;Fifa&quot;","block_context":{"text":"Fifa","link":"https:\/\/blogdoprosperi.com\/?cat=187969"},"img":{"alt_text":"","src":"https:\/\/i0.wp.com\/blogdoprosperi.com\/wp-content\/uploads\/2026\/07\/Captura-de-Tela-2026-07-28-as-15.14.18.png?fit=1094%2C596&ssl=1&resize=350%2C200","width":350,"height":200,"srcset":"https:\/\/i0.wp.com\/blogdoprosperi.com\/wp-content\/uploads\/2026\/07\/Captura-de-Tela-2026-07-28-as-15.14.18.png?fit=1094%2C596&ssl=1&resize=350%2C200 1x, https:\/\/i0.wp.com\/blogdoprosperi.com\/wp-content\/uploads\/2026\/07\/Captura-de-Tela-2026-07-28-as-15.14.18.png?fit=1094%2C596&ssl=1&resize=525%2C300 1.5x, https:\/\/i0.wp.com\/blogdoprosperi.com\/wp-content\/uploads\/2026\/07\/Captura-de-Tela-2026-07-28-as-15.14.18.png?fit=1094%2C596&ssl=1&resize=700%2C400 2x, https:\/\/i0.wp.com\/blogdoprosperi.com\/wp-content\/uploads\/2026\/07\/Captura-de-Tela-2026-07-28-as-15.14.18.png?fit=1094%2C596&ssl=1&resize=1050%2C600 3x"},"classes":[]},{"id":61359,"url":"https:\/\/blogdoprosperi.com\/?p=61359","url_meta":{"origin":61387,"position":1},"title":"Entenda como a Fifa pretende vender a Copa do Mundo: confira documento oficial da entidade","author":"Luiz Ant\u00f4nio Pr\u00f3speri","date":"28 de julho de 2026","format":false,"excerpt":"Luiz Ant\u00f4nio Pr\u00f3speri \u2013 28 julho 2026 (15h09) Fifa anuncia plano de vender os direitos comerciais da Copa do Mundo. Maior evento esportivo do planeta corre risco de virar apenas um meganeg\u00f3cio no mercado financeiro. Confira documento oficial publicado pela Fifa com a sua proposta e andamento do projeto: Documento\u2026","rel":"","context":"Em &quot;Fifa&quot;","block_context":{"text":"Fifa","link":"https:\/\/blogdoprosperi.com\/?cat=187969"},"img":{"alt_text":"","src":"https:\/\/i0.wp.com\/blogdoprosperi.com\/wp-content\/uploads\/2026\/07\/Captura-de-Tela-2026-07-28-as-15.15.25.png?fit=1194%2C732&ssl=1&resize=350%2C200","width":350,"height":200,"srcset":"https:\/\/i0.wp.com\/blogdoprosperi.com\/wp-content\/uploads\/2026\/07\/Captura-de-Tela-2026-07-28-as-15.15.25.png?fit=1194%2C732&ssl=1&resize=350%2C200 1x, https:\/\/i0.wp.com\/blogdoprosperi.com\/wp-content\/uploads\/2026\/07\/Captura-de-Tela-2026-07-28-as-15.15.25.png?fit=1194%2C732&ssl=1&resize=525%2C300 1.5x, https:\/\/i0.wp.com\/blogdoprosperi.com\/wp-content\/uploads\/2026\/07\/Captura-de-Tela-2026-07-28-as-15.15.25.png?fit=1194%2C732&ssl=1&resize=700%2C400 2x, https:\/\/i0.wp.com\/blogdoprosperi.com\/wp-content\/uploads\/2026\/07\/Captura-de-Tela-2026-07-28-as-15.15.25.png?fit=1194%2C732&ssl=1&resize=1050%2C600 3x"},"classes":[]},{"id":61363,"url":"https:\/\/blogdoprosperi.com\/?p=61363","url_meta":{"origin":61387,"position":2},"title":"Fifa acusada de &#8216;vender alma do futebol&#8217;: plano \u00e9 repassar direitos comerciais da Copa do Mundo por 20 bilh\u00f5es de d\u00f3lares","author":"Luiz Ant\u00f4nio Pr\u00f3speri","date":"28 de julho de 2026","format":false,"excerpt":"A Thrive Capital, uma empresa de investimentos fundada por Joshua Kushner, irm\u00e3o de Jared Kushner, genro de Donald Trump, lidera a busca por investidores por Matt Hughes e\u00a0Paul MacInnes, The Guardian \u2013 28 julho 2026 A Fifa anunciou planos para vender os direitos comerciais de seus torneios, incluindo a\u00a0Copa do\u2026","rel":"","context":"Em &quot;Fifa&quot;","block_context":{"text":"Fifa","link":"https:\/\/blogdoprosperi.com\/?cat=187969"},"img":{"alt_text":"","src":"https:\/\/i0.wp.com\/blogdoprosperi.com\/wp-content\/uploads\/2026\/07\/Captura-de-Tela-2026-07-28-as-15.00.46.png?fit=1152%2C894&ssl=1&resize=350%2C200","width":350,"height":200,"srcset":"https:\/\/i0.wp.com\/blogdoprosperi.com\/wp-content\/uploads\/2026\/07\/Captura-de-Tela-2026-07-28-as-15.00.46.png?fit=1152%2C894&ssl=1&resize=350%2C200 1x, https:\/\/i0.wp.com\/blogdoprosperi.com\/wp-content\/uploads\/2026\/07\/Captura-de-Tela-2026-07-28-as-15.00.46.png?fit=1152%2C894&ssl=1&resize=525%2C300 1.5x, https:\/\/i0.wp.com\/blogdoprosperi.com\/wp-content\/uploads\/2026\/07\/Captura-de-Tela-2026-07-28-as-15.00.46.png?fit=1152%2C894&ssl=1&resize=700%2C400 2x, https:\/\/i0.wp.com\/blogdoprosperi.com\/wp-content\/uploads\/2026\/07\/Captura-de-Tela-2026-07-28-as-15.00.46.png?fit=1152%2C894&ssl=1&resize=1050%2C600 3x"},"classes":[]},{"id":61561,"url":"https:\/\/blogdoprosperi.com\/?p=61561","url_meta":{"origin":61387,"position":3},"title":"Copa do Mundo \u00e0 venda (epis\u00f3dio 1): A ren\u00fancia e as cr\u00edticas abertas de altos funcion\u00e1rios da FIFA colocam Infantino em uma situa\u00e7\u00e3o delicada","author":"Luiz Ant\u00f4nio Pr\u00f3speri","date":"31 de julho de 2026","format":false,"excerpt":"\"Este projeto n\u00e3o \u00e9 um projeto da FIFA, nem um projeto da administra\u00e7\u00e3o da FIFA. \u00c9 o projeto de uma pessoa s\u00f3\" \u2013 Kevin Lamour, diretor de opera\u00e7\u00f5es especiais da Fifa. Diego Torres, El Pa\u00eds (Madri) \u2013 31 julho 2026 Duas semanas ap\u00f3s ser coroado o presidente que levou a\u2026","rel":"","context":"Em &quot;Fifa&quot;","block_context":{"text":"Fifa","link":"https:\/\/blogdoprosperi.com\/?cat=187969"},"img":{"alt_text":"","src":"https:\/\/i0.wp.com\/blogdoprosperi.com\/wp-content\/uploads\/2026\/07\/Captura-de-Tela-2026-07-16-as-23.14.03.png?fit=1030%2C868&ssl=1&resize=350%2C200","width":350,"height":200,"srcset":"https:\/\/i0.wp.com\/blogdoprosperi.com\/wp-content\/uploads\/2026\/07\/Captura-de-Tela-2026-07-16-as-23.14.03.png?fit=1030%2C868&ssl=1&resize=350%2C200 1x, https:\/\/i0.wp.com\/blogdoprosperi.com\/wp-content\/uploads\/2026\/07\/Captura-de-Tela-2026-07-16-as-23.14.03.png?fit=1030%2C868&ssl=1&resize=525%2C300 1.5x, https:\/\/i0.wp.com\/blogdoprosperi.com\/wp-content\/uploads\/2026\/07\/Captura-de-Tela-2026-07-16-as-23.14.03.png?fit=1030%2C868&ssl=1&resize=700%2C400 2x"},"classes":[]},{"id":61758,"url":"https:\/\/blogdoprosperi.com\/?p=61758","url_meta":{"origin":61387,"position":4},"title":"Documento: Fifa pede desculpas e diz que presidente Infantino tem apoio total de seus diretores executivos","author":"Luiz Ant\u00f4nio Pr\u00f3speri","date":"5 de agosto de 2026","format":false,"excerpt":"Fifa promove reuni\u00e3o com seus executivos, a pedido do presidente Gianni Infantino, para pedir desculpas na famigerada tentativa de vender a Copa do Mundo. E diz que \"n\u00e3o tolerar\u00e1 quaisquer ataques \u00e0 sua integridade e tomar\u00e1 todas as medidas necess\u00e1rias para defender a sua reputa\u00e7\u00e3o\". Detalhe: reuni\u00e3o foi em Rabat,\u2026","rel":"","context":"Em &quot;Fifa&quot;","block_context":{"text":"Fifa","link":"https:\/\/blogdoprosperi.com\/?cat=187969"},"img":{"alt_text":"","src":"https:\/\/i0.wp.com\/blogdoprosperi.com\/wp-content\/uploads\/2026\/08\/unnamed-1.jpg?fit=560%2C374&ssl=1&resize=350%2C200","width":350,"height":200,"srcset":"https:\/\/i0.wp.com\/blogdoprosperi.com\/wp-content\/uploads\/2026\/08\/unnamed-1.jpg?fit=560%2C374&ssl=1&resize=350%2C200 1x, https:\/\/i0.wp.com\/blogdoprosperi.com\/wp-content\/uploads\/2026\/08\/unnamed-1.jpg?fit=560%2C374&ssl=1&resize=525%2C300 1.5x"},"classes":[]},{"id":61580,"url":"https:\/\/blogdoprosperi.com\/?p=61580","url_meta":{"origin":61387,"position":5},"title":"Fifa desiste de vender a Copa do Mundo","author":"Luiz Ant\u00f4nio Pr\u00f3speri","date":"31 de julho de 2026","format":false,"excerpt":"Luiz Ant\u00f4nio Pr\u00f3speri \u2013 31 julho 2026 (22h30) Fifa desiste de privatizar a Copa do Mundo depois de uma resist\u00eancia ferrenha da maioria das confedera\u00e7\u00f5es continentais, nacionais e da maioria da comunidade do futebol internacional. Presidente Giovanni Infantino recua de sua proposta com receio de perder for\u00e7a dentro da pr\u00f3pria\u2026","rel":"","context":"Em &quot;Fifa&quot;","block_context":{"text":"Fifa","link":"https:\/\/blogdoprosperi.com\/?cat=187969"},"img":{"alt_text":"","src":"https:\/\/i0.wp.com\/blogdoprosperi.com\/wp-content\/uploads\/2026\/07\/Captura-de-Tela-2026-07-31-as-22.34.50.png?fit=1200%2C627&ssl=1&resize=350%2C200","width":350,"height":200,"srcset":"https:\/\/i0.wp.com\/blogdoprosperi.com\/wp-content\/uploads\/2026\/07\/Captura-de-Tela-2026-07-31-as-22.34.50.png?fit=1200%2C627&ssl=1&resize=350%2C200 1x, https:\/\/i0.wp.com\/blogdoprosperi.com\/wp-content\/uploads\/2026\/07\/Captura-de-Tela-2026-07-31-as-22.34.50.png?fit=1200%2C627&ssl=1&resize=525%2C300 1.5x, https:\/\/i0.wp.com\/blogdoprosperi.com\/wp-content\/uploads\/2026\/07\/Captura-de-Tela-2026-07-31-as-22.34.50.png?fit=1200%2C627&ssl=1&resize=700%2C400 2x, https:\/\/i0.wp.com\/blogdoprosperi.com\/wp-content\/uploads\/2026\/07\/Captura-de-Tela-2026-07-31-as-22.34.50.png?fit=1200%2C627&ssl=1&resize=1050%2C600 3x"},"classes":[]}],"jetpack_featured_media_url":"","_links":{"self":[{"href":"https:\/\/blogdoprosperi.com\/index.php?rest_route=\/wp\/v2\/posts\/61387","targetHints":{"allow":["GET"]}}],"collection":[{"href":"https:\/\/blogdoprosperi.com\/index.php?rest_route=\/wp\/v2\/posts"}],"about":[{"href":"https:\/\/blogdoprosperi.com\/index.php?rest_route=\/wp\/v2\/types\/post"}],"author":[{"embeddable":true,"href":"https:\/\/blogdoprosperi.com\/index.php?rest_route=\/wp\/v2\/users\/102107496"}],"replies":[{"embeddable":true,"href":"https:\/\/blogdoprosperi.com\/index.php?rest_route=%2Fwp%2Fv2%2Fcomments&post=61387"}],"version-history":[{"count":11,"href":"https:\/\/blogdoprosperi.com\/index.php?rest_route=\/wp\/v2\/posts\/61387\/revisions"}],"predecessor-version":[{"id":61412,"href":"https:\/\/blogdoprosperi.com\/index.php?rest_route=\/wp\/v2\/posts\/61387\/revisions\/61412"}],"wp:attachment":[{"href":"https:\/\/blogdoprosperi.com\/index.php?rest_route=%2Fwp%2Fv2%2Fmedia&parent=61387"}],"wp:term":[{"taxonomy":"category","embeddable":true,"href":"https:\/\/blogdoprosperi.com\/index.php?rest_route=%2Fwp%2Fv2%2Fcategories&post=61387"},{"taxonomy":"post_tag","embeddable":true,"href":"https:\/\/blogdoprosperi.com\/index.php?rest_route=%2Fwp%2Fv2%2Ftags&post=61387"}],"curies":[{"name":"wp","href":"https:\/\/api.w.org\/{rel}","templated":true}]}}