{"id":61485,"date":"2026-07-30T13:49:12","date_gmt":"2026-07-30T16:49:12","guid":{"rendered":"https:\/\/blogdoprosperi.com\/?p=61485"},"modified":"2026-07-30T13:51:22","modified_gmt":"2026-07-30T16:51:22","slug":"urgente-news-futebol-europeu-decreta-boicote-a-fifa-e-atinge-copa-do-mundo-feminina-no-brasil","status":"publish","type":"post","link":"https:\/\/blogdoprosperi.com\/?p=61485","title":{"rendered":"URGENTE NEWS: Futebol europeu decreta boicote \u00e0 Fifa e atinge Copa do Mundo Feminina no Brasil"},"content":{"rendered":"<p>Primeiro ato do boicote dos europeus atinge em cheio a Copa do Mundo Feminina 2027 no Brasil, entre junho e julho.<\/p>\n<p>Acompanhe relato do jornal <em>The Guardian<\/em> a respeito da decis\u00e3o da Uefa:<\/p>\n<p class=\"dcr-1s160rg\"><span dir=\"auto\">Os pa\u00edses europeus concordaram em boicotar todas as competi\u00e7\u00f5es da Fifa caso Gianni Infantino leve adiante suas propostas de vender partes da\u00a0<\/span><span dir=\"auto\">Copa do Mundo<\/span><span dir=\"auto\">\u00a0para investimentos privados sediados nos EUA.<\/span><\/p>\n<p class=\"dcr-1s160rg\"><span dir=\"auto\">Em uma reuni\u00e3o extraordin\u00e1ria, todos os 55 membros (confedera\u00e7\u00f5es nacionais de futebol) da UEFA decidiram n\u00e3o participar de futuras Copas do Mundo ou outros eventos organizados pela FIFA, <strong>afirmando em um comunicado que \u201crejeitam de forma un\u00e2nime e inequ\u00edvoca\u201d as propostas<\/strong>. Uma reuni\u00e3o de emerg\u00eancia que durou pouco menos de duas horas terminou com uma frente unida, apesar dos temores anteriores de que pa\u00edses menores, atra\u00eddos pelo dinheiro oferecido pelo plano de Infantino, pudessem ser influenciados a favor da proposta.<\/span><\/p>\n<p class=\"dcr-1s160rg\"><span dir=\"auto\">Isso significa que Infantino enfrenta uma batalha \u00e1rdua para levar adiante seu plano. Os pa\u00edses tinham at\u00e9 19 de setembro para aderir, mas agora haver\u00e1 uma press\u00e3o significativa para que ele revise drasticamente seu projeto ou o retire completamente. Embora a maioria das federa\u00e7\u00f5es europeias de futebol tenha enviado cartas de apoio \u00e0 sua reelei\u00e7\u00e3o em mar\u00e7o pr\u00f3ximo, essa posi\u00e7\u00e3o firme e decisiva da\u00a0<\/span><a href=\"https:\/\/www.theguardian.com\/football\/uefa\" data-link-name=\"in body link\" data-component=\"auto-linked-tag\"><span dir=\"auto\">UEFA<\/span><\/a><span dir=\"auto\">\u00a0enfraquece drasticamente sua candidatura.<\/span><\/p>\n<p class=\"dcr-1s160rg\"><span dir=\"auto\">O comunicado da UEFA confirmou a decis\u00e3o. &#8220;Como resultado da discuss\u00e3o de hoje, nenhuma sele\u00e7\u00e3o nacional da UEFA participar\u00e1 de qualquer competi\u00e7\u00e3o da FIFA enquanto essas propostas estiverem em vigor, a menos que essa proposta seja abandonada por completo e que sejam dadas garantias vinculativas de que a FIFA jamais abrir\u00e1 sua governan\u00e7a ou competi\u00e7\u00f5es \u00e0 propriedade privada&#8221;, dizia o comunicado.<\/span><\/p>\n<p class=\"dcr-1s160rg\"><span dir=\"auto\">Conforme estipulado pela UEFA, <strong>o boicote proposto para o futebol profissional come\u00e7aria com a Copa do Mundo Feminina do ano que vem (<em>no Brasil<\/em>),<\/strong> enquanto o primeiro torneio juvenil da FIFA a ser boicotado provavelmente ser\u00e1 a Copa do Mundo Feminina Sub-20. O torneio est\u00e1 previsto para come\u00e7ar na Pol\u00f4nia em 5 de setembro, com seis das 24 participantes, incluindo a Inglaterra, representando pa\u00edses filiados \u00e0 UEFA.<\/span><\/p>\n<p class=\"dcr-1s160rg\"><span dir=\"auto\">A sele\u00e7\u00e3o feminina da Inglaterra tamb\u00e9m tem um confronto de ida e volta contra a Gr\u00e9cia, v\u00e1lido pelas eliminat\u00f3rias da Copa do Mundo, em outubro, o que representaria um grande teste para a determina\u00e7\u00e3o da FA caso a Fifa se recuse a ceder.<\/span><\/p>\n<p class=\"dcr-1s160rg\"><span dir=\"auto\">A entidade que rege o futebol europeu convidou outras confedera\u00e7\u00f5es a seguirem o exemplo. A UEFA acredita que v\u00e1rios pa\u00edses asi\u00e1ticos, em particular, compartilham da mesma opini\u00e3o. Os redutos de Infantino tradicionalmente se encontram fora da Europa, e um colapso nesse apoio em outros lugares poderia ter graves consequ\u00eancias para o presidente da FIFA.<\/span><\/p>\n<p class=\"dcr-1s160rg\"><span dir=\"auto\">\u201cAs federa\u00e7\u00f5es nacionais de todo o mundo est\u00e3o agora diante de um ultimato: aceitar a captura irrevers\u00edvel das maiores competi\u00e7\u00f5es de futebol ou arcar com as consequ\u00eancias\u201d, declarou a UEFA. \u201cEsta n\u00e3o \u00e9 uma \u2018decis\u00e3o democr\u00e1tica\u2019, mas sim uma governan\u00e7a pela intimida\u00e7\u00e3o \u2013 um ato de coer\u00e7\u00e3o indigno de uma institui\u00e7\u00e3o encarregada da gest\u00e3o do futebol mundial.\u201d<\/span><\/p>\n<h3>Boicote \u00e0 Fifa \u2013 Comunicado Oficial da Uefa:<\/h3>\n<p><em>A UEFA e as suas 55 federa\u00e7\u00f5es-membro mant\u00eam-se unidas. Rejeitamos, de forma un\u00e2nime e inequ\u00edvoca, a proposta da FIFA de transferir participa\u00e7\u00f5es no Campeonato do Mundo e noutras competi\u00e7\u00f5es da FIFA para investidores privados.<\/em><\/p>\n<p><em>O Campeonato do Mundo n\u00e3o pode ser tratado como um produto de investimento. \u00c9 um dos maiores legados desportivos do futebol. Foi constru\u00eddo ao longo de v\u00e1rias gera\u00e7\u00f5es por jogadores, sele\u00e7\u00f5es nacionais e adeptos de todos os continentes.<strong> Nenhuma parte dele deve, jamais, ser entregue a investidores privados. O Campeonato do Mundo n\u00e3o est\u00e1 \u00e0 venda.<\/strong><\/em><\/p>\n<p><em>\u00c9 simultaneamente irrespons\u00e1vel e indefens\u00e1vel que uma proposta de tal import\u00e2ncia para o futebol tenha sido concebida em segredo e levada \u00e0 beira da aprova\u00e7\u00e3o sem qualquer consulta significativa com aqueles a quem foi confiada a gest\u00e3o do desporto. Isto n\u00e3o \u00e9 apenas uma falha profunda de lideran\u00e7a, mas uma ren\u00fancia ao dever da FIFA enquanto guardi\u00e3 do futebol mundial.<\/em><\/p>\n<p><em>As federa\u00e7\u00f5es nacionais de todo o mundo enfrentam agora um ultimato: aceitar a apropria\u00e7\u00e3o irrevers\u00edvel das maiores competi\u00e7\u00f5es de futebol ou arcar com as consequ\u00eancias. N\u00e3o se trata de uma &#8220;decis\u00e3o democr\u00e1tica&#8221;, mas sim de uma governa\u00e7\u00e3o baseada na intimida\u00e7\u00e3o \u2014 um ato de coa\u00e7\u00e3o indigno de uma institui\u00e7\u00e3o a quem foi confiada a gest\u00e3o do futebol mundial.<\/em><\/p>\n<p><em>Mas a nossa oposi\u00e7\u00e3o vai muito al\u00e9m do processo.<\/em><\/p>\n<p><em>No momento em que os investidores externos adquirem participa\u00e7\u00f5es nas competi\u00e7\u00f5es da FIFA, o futebol muda para sempre. O retorno comercial torna-se uma obriga\u00e7\u00e3o permanente. As expectativas dos investidores transformam-se numa press\u00e3o di\u00e1ria. A partir desse momento, todas as decis\u00f5es relativas ao calend\u00e1rio internacional, aos <strong>formatos das competi\u00e7\u00f5es e ao futuro do futebol deixam de ser orientadas pelo que melhor serve o desporto, passando a ser orientadas pelo que melhor serve os acionistas.<\/strong><\/em><\/p>\n<p><em>Este modelo n\u00e3o tem lugar no futebol mundial. O futuro do futebol n\u00e3o pode ser ditado pelas expectativas daqueles cujo principal dever \u00e9 maximizar o retorno financeiro. Nem os interesses das federa\u00e7\u00f5es nacionais, das ligas, dos clubes, dos jogadores e dos adeptos podem ficar subordinados aos retornos dos investidores. <strong>O futebol n\u00e3o pode hipotecar o seu futuro em troca de ganhos financeiros.<\/strong><\/em><\/p>\n<p><em>A posi\u00e7\u00e3o da Europa \u00e9 clara. Nunca conferiremos legitimidade a este modelo. Ningu\u00e9m tem autoridade moral para vender aquilo que apenas det\u00e9m como heran\u00e7a para a pr\u00f3xima gera\u00e7\u00e3o.<\/em><\/p>\n<p><em>Na sequ\u00eancia do debate de hoje, nenhuma sele\u00e7\u00e3o nacional da UEFA participar\u00e1 em qualquer competi\u00e7\u00e3o da FIFA enquanto estas propostas se mantiverem em vigor, a menos que esta proposta tenha sido totalmente abandonada e tenham sido dadas garantias vinculativas de que a FIFA nunca mais abrir\u00e1 a sua governa\u00e7\u00e3o ou as suas competi\u00e7\u00f5es \u00e0 propriedade privada.<\/em><\/p>\n<p><em>Que fique bem claro para todos: a UEFA e as suas federa\u00e7\u00f5es nacionais ir\u00e3o opor-se a estes planos com determina\u00e7\u00e3o absoluta.<\/em><\/p>\n<p><em><strong>H\u00e1 momentos em que as institui\u00e7\u00f5es s\u00e3o julgadas n\u00e3o pelo que est\u00e3o dispostas a aceitar, mas pelo que se recusam a comprometer.<\/strong> Este \u00e9 um desses momentos.<\/em><\/p>\n<p><em>H\u00e1 coisas que s\u00e3o simplesmente demasiado importantes para serem vendidas. <strong>O Copa do Mundo pertence ao futebol<\/strong>. <strong>E assim ser\u00e1 sempre.<\/strong> E enquanto a Europa tiver uma palavra a dizer, nunca estar\u00e1 \u00e0 venda.<\/em><\/p>\n<figure id=\"attachment_60807\" aria-describedby=\"caption-attachment-60807\" style=\"width: 600px\" class=\"wp-caption alignnone\"><img data-recalc-dims=\"1\" loading=\"lazy\" decoding=\"async\" data-attachment-id=\"60807\" data-permalink=\"https:\/\/blogdoprosperi.com\/?attachment_id=60807\" data-orig-file=\"https:\/\/i0.wp.com\/blogdoprosperi.com\/wp-content\/uploads\/2026\/07\/0717_SOCCER_FIFA-10-BILLION-2.webp?fit=600%2C300&amp;ssl=1\" data-orig-size=\"600,300\" data-comments-opened=\"1\" data-image-meta=\"{&quot;aperture&quot;:&quot;0&quot;,&quot;credit&quot;:&quot;&quot;,&quot;camera&quot;:&quot;&quot;,&quot;caption&quot;:&quot;&quot;,&quot;created_timestamp&quot;:&quot;0&quot;,&quot;copyright&quot;:&quot;&quot;,&quot;focal_length&quot;:&quot;0&quot;,&quot;iso&quot;:&quot;0&quot;,&quot;shutter_speed&quot;:&quot;0&quot;,&quot;title&quot;:&quot;&quot;,&quot;orientation&quot;:&quot;0&quot;,&quot;alt&quot;:&quot;&quot;}\" data-image-title=\"0717_SOCCER_FIFA-10-BILLION-2\" data-image-description=\"\" data-image-caption=\"&lt;p&gt;Infantino na imagem criada no The Athletic&lt;\/p&gt;\n\" data-large-file=\"https:\/\/i0.wp.com\/blogdoprosperi.com\/wp-content\/uploads\/2026\/07\/0717_SOCCER_FIFA-10-BILLION-2.webp?fit=600%2C300&amp;ssl=1\" class=\"size-full wp-image-60807\" src=\"https:\/\/i0.wp.com\/blogdoprosperi.com\/wp-content\/uploads\/2026\/07\/0717_SOCCER_FIFA-10-BILLION-2.webp?resize=600%2C300&#038;ssl=1\" alt=\"\" width=\"600\" height=\"300\" srcset=\"https:\/\/i0.wp.com\/blogdoprosperi.com\/wp-content\/uploads\/2026\/07\/0717_SOCCER_FIFA-10-BILLION-2.webp?w=600&amp;ssl=1 600w, https:\/\/i0.wp.com\/blogdoprosperi.com\/wp-content\/uploads\/2026\/07\/0717_SOCCER_FIFA-10-BILLION-2.webp?resize=150%2C75&amp;ssl=1 150w, https:\/\/i0.wp.com\/blogdoprosperi.com\/wp-content\/uploads\/2026\/07\/0717_SOCCER_FIFA-10-BILLION-2.webp?resize=450%2C225&amp;ssl=1 450w\" sizes=\"auto, (max-width: 600px) 100vw, 600px\" \/><figcaption id=\"caption-attachment-60807\" class=\"wp-caption-text\">Infantino na imagem criada no The Athletic<\/figcaption><\/figure>\n<h3>Sucess\u00e3o na Fifa<\/h3>\n<p class=\"dcr-1s160rg\"><span dir=\"auto\">Fontes do futebol europeu acreditam que a decis\u00e3o da UEFA aumenta as chances de um <strong>candidato apoiado pela Europa concorrer contra Infantino na elei\u00e7\u00e3o da FIFA<\/strong> do ano que vem, na qual se esperava que ele vencesse sem oposi\u00e7\u00e3o.<\/span><\/p>\n<p class=\"dcr-1s160rg\"><span dir=\"auto\">A UEFA tamb\u00e9m manteve conversas com a confedera\u00e7\u00e3o norte-americana Concacaf, que expressou sua oposi\u00e7\u00e3o aos planos da FIFA, mas ainda n\u00e3o anunciou seu apoio a um boicote.<\/span><\/p>\n<p class=\"dcr-1s160rg\"><span dir=\"auto\">As 41 na\u00e7\u00f5es da Concacaf organizaram sua pr\u00f3pria reuni\u00e3o de emerg\u00eancia para as 17h30, hor\u00e1rio do Reino Unido, para discutir sua resposta \u00e0 crise, com um an\u00fancio esperado ainda na noite de quinta-feira (30\/7).<\/span><\/p>\n<p class=\"dcr-1s160rg\"><span dir=\"auto\">Entende-se que diversas associa\u00e7\u00f5es nacionais europeias mantiveram conversas com seus respectivos governos sobre o assunto, muitos dos quais apoiaram um boicote em privado.<\/span><\/p>\n<p class=\"dcr-1s160rg\"><span dir=\"auto\">O novo primeiro-ministro do Reino Unido, Andy Burnham, foi o primeiro pol\u00edtico a criticar o plano da Fifa na noite de ter\u00e7a-feira, escrevendo no canal X que a Copa do Mundo &#8220;nunca pertenceu a ningu\u00e9m&#8221;.<\/span><\/p>\n","protected":false},"excerpt":{"rendered":"<p>Primeiro ato do boicote dos europeus atinge em cheio a Copa do Mundo Feminina 2027 no Brasil, entre [&hellip;]<\/p>\n","protected":false},"author":102107496,"featured_media":61491,"comment_status":"open","ping_status":"open","sticky":false,"template":"","format":"standard","meta":{"_coblocks_attr":"","_coblocks_dimensions":"","_coblocks_responsive_height":"","_coblocks_accordion_ie_support":"","_jetpack_newsletter_access":"","_jetpack_dont_email_post_to_subs":false,"_jetpack_newsletter_tier_id":0,"_jetpack_memberships_contains_paywalled_content":false,"_wpcom_ai_launchpad_first_post":false,"_jetpack_feature_clip_id":0,"_jetpack_memberships_contains_paid_content":false,"footnotes":"","jetpack_publicize_message":"","jetpack_publicize_feature_enabled":true,"jetpack_social_post_already_shared":true,"jetpack_social_options":{"image_generator_settings":{"template":"highway","default_image_id":0,"font":"","enabled":false},"version":2},"jetpack_post_was_ever_published":false},"categories":[53870],"tags":[789560768,789560763,789560651,881794,184118],"class_list":["post-61485","post","type-post","status-publish","format-standard","has-post-thumbnail","hentry","category-futebol","tag-boicote-fifa","tag-copa-a-venda","tag-copadomundo","tag-infantino","tag-uefa"],"yoast_head":"<!-- This site is optimized with the Yoast SEO plugin v28.4 - https:\/\/yoast.com\/product\/yoast-seo-wordpress\/ -->\n<title>URGENTE NEWS: Futebol europeu decreta boicote \u00e0 Fifa e atinge Copa do Mundo Feminina no Brasil - PR\u00d3SPERI NEWS<\/title>\n<meta name=\"robots\" content=\"index, follow, max-snippet:-1, max-image-preview:large, max-video-preview:-1\" \/>\n<link rel=\"canonical\" href=\"https:\/\/blogdoprosperi.com\/?p=61485\" \/>\n<meta property=\"og:locale\" content=\"pt_BR\" \/>\n<meta property=\"og:type\" content=\"article\" \/>\n<meta property=\"og:title\" content=\"URGENTE NEWS: Futebol europeu decreta boicote \u00e0 Fifa e atinge Copa do Mundo Feminina no Brasil - PR\u00d3SPERI NEWS\" \/>\n<meta property=\"og:description\" content=\"Primeiro ato do boicote dos europeus atinge em cheio a Copa do Mundo Feminina 2027 no Brasil, entre [&hellip;]\" \/>\n<meta property=\"og:url\" content=\"https:\/\/blogdoprosperi.com\/?p=61485\" \/>\n<meta property=\"og:site_name\" content=\"PR\u00d3SPERI NEWS\" \/>\n<meta property=\"article:publisher\" content=\"Luiz Pr\u00f3speri\" \/>\n<meta property=\"article:author\" content=\"Luiz Pr\u00f3speri\" \/>\n<meta property=\"article:published_time\" content=\"2026-07-30T16:49:12+00:00\" \/>\n<meta property=\"article:modified_time\" content=\"2026-07-30T16:51:22+00:00\" \/>\n<meta property=\"og:image\" content=\"https:\/\/i0.wp.com\/blogdoprosperi.com\/wp-content\/uploads\/2026\/07\/Captura-de-Tela-2026-07-30-as-13.37.41.png?fit=1316%2C918&ssl=1\" \/>\n\t<meta property=\"og:image:width\" content=\"1316\" \/>\n\t<meta property=\"og:image:height\" content=\"918\" \/>\n\t<meta property=\"og:image:type\" content=\"image\/png\" \/>\n<meta name=\"author\" content=\"Luiz Ant\u00f4nio Pr\u00f3speri\" \/>\n<meta name=\"twitter:card\" content=\"summary_large_image\" \/>\n<meta name=\"twitter:creator\" content=\"@Luizprosperi\" \/>\n<meta name=\"twitter:site\" content=\"@Luizprosperi\" \/>\n<meta name=\"twitter:label1\" content=\"Escrito por\" \/>\n\t<meta name=\"twitter:data1\" content=\"Luiz Ant\u00f4nio Pr\u00f3speri\" \/>\n\t<meta name=\"twitter:label2\" content=\"Est. tempo de leitura\" \/>\n\t<meta name=\"twitter:data2\" content=\"7 minutos\" \/>\n<script type=\"application\/ld+json\" class=\"yoast-schema-graph\">{\"@context\":\"https:\\\/\\\/schema.org\",\"@graph\":[{\"@type\":\"Article\",\"@id\":\"https:\\\/\\\/blogdoprosperi.com\\\/?p=61485#article\",\"isPartOf\":{\"@id\":\"https:\\\/\\\/blogdoprosperi.com\\\/?p=61485\"},\"author\":{\"name\":\"Luiz Ant\u00f4nio Pr\u00f3speri\",\"@id\":\"https:\\\/\\\/blogdoprosperi.com\\\/#\\\/schema\\\/person\\\/38100755ce3601861ee4fab9b5aa78e9\"},\"headline\":\"URGENTE NEWS: Futebol europeu decreta boicote \u00e0 Fifa e atinge Copa do Mundo Feminina no Brasil\",\"datePublished\":\"2026-07-30T16:49:12+00:00\",\"dateModified\":\"2026-07-30T16:51:22+00:00\",\"mainEntityOfPage\":{\"@id\":\"https:\\\/\\\/blogdoprosperi.com\\\/?p=61485\"},\"wordCount\":1323,\"commentCount\":0,\"publisher\":{\"@id\":\"https:\\\/\\\/blogdoprosperi.com\\\/#\\\/schema\\\/person\\\/38100755ce3601861ee4fab9b5aa78e9\"},\"image\":{\"@id\":\"https:\\\/\\\/blogdoprosperi.com\\\/?p=61485#primaryimage\"},\"thumbnailUrl\":\"https:\\\/\\\/i0.wp.com\\\/blogdoprosperi.com\\\/wp-content\\\/uploads\\\/2026\\\/07\\\/Captura-de-Tela-2026-07-30-as-13.37.41.png?fit=1316%2C918&ssl=1\",\"keywords\":[\"boicote fifa\",\"Copa \u00e0 venda\",\"copadomundo\",\"Infantino\",\"Uefa\"],\"articleSection\":[\"futebol\"],\"inLanguage\":\"pt-BR\",\"potentialAction\":[{\"@type\":\"CommentAction\",\"name\":\"Comment\",\"target\":[\"https:\\\/\\\/blogdoprosperi.com\\\/?p=61485#respond\"]}]},{\"@type\":\"WebPage\",\"@id\":\"https:\\\/\\\/blogdoprosperi.com\\\/?p=61485\",\"url\":\"https:\\\/\\\/blogdoprosperi.com\\\/?p=61485\",\"name\":\"URGENTE NEWS: Futebol europeu decreta boicote \u00e0 Fifa e atinge Copa do Mundo Feminina no Brasil - PR\u00d3SPERI NEWS\",\"isPartOf\":{\"@id\":\"https:\\\/\\\/blogdoprosperi.com\\\/#website\"},\"primaryImageOfPage\":{\"@id\":\"https:\\\/\\\/blogdoprosperi.com\\\/?p=61485#primaryimage\"},\"image\":{\"@id\":\"https:\\\/\\\/blogdoprosperi.com\\\/?p=61485#primaryimage\"},\"thumbnailUrl\":\"https:\\\/\\\/i0.wp.com\\\/blogdoprosperi.com\\\/wp-content\\\/uploads\\\/2026\\\/07\\\/Captura-de-Tela-2026-07-30-as-13.37.41.png?fit=1316%2C918&ssl=1\",\"datePublished\":\"2026-07-30T16:49:12+00:00\",\"dateModified\":\"2026-07-30T16:51:22+00:00\",\"breadcrumb\":{\"@id\":\"https:\\\/\\\/blogdoprosperi.com\\\/?p=61485#breadcrumb\"},\"inLanguage\":\"pt-BR\",\"potentialAction\":[{\"@type\":\"ReadAction\",\"target\":[\"https:\\\/\\\/blogdoprosperi.com\\\/?p=61485\"]}]},{\"@type\":\"ImageObject\",\"inLanguage\":\"pt-BR\",\"@id\":\"https:\\\/\\\/blogdoprosperi.com\\\/?p=61485#primaryimage\",\"url\":\"https:\\\/\\\/i0.wp.com\\\/blogdoprosperi.com\\\/wp-content\\\/uploads\\\/2026\\\/07\\\/Captura-de-Tela-2026-07-30-as-13.37.41.png?fit=1316%2C918&ssl=1\",\"contentUrl\":\"https:\\\/\\\/i0.wp.com\\\/blogdoprosperi.com\\\/wp-content\\\/uploads\\\/2026\\\/07\\\/Captura-de-Tela-2026-07-30-as-13.37.41.png?fit=1316%2C918&ssl=1\",\"width\":1316,\"height\":918,\"caption\":\"imagem: Uefa oficial\"},{\"@type\":\"BreadcrumbList\",\"@id\":\"https:\\\/\\\/blogdoprosperi.com\\\/?p=61485#breadcrumb\",\"itemListElement\":[{\"@type\":\"ListItem\",\"position\":1,\"name\":\"In\u00edcio\",\"item\":\"https:\\\/\\\/blogdoprosperi.com\\\/\"},{\"@type\":\"ListItem\",\"position\":2,\"name\":\"URGENTE NEWS: Futebol europeu decreta boicote \u00e0 Fifa e atinge Copa do Mundo Feminina no Brasil\"}]},{\"@type\":\"WebSite\",\"@id\":\"https:\\\/\\\/blogdoprosperi.com\\\/#website\",\"url\":\"https:\\\/\\\/blogdoprosperi.com\\\/\",\"name\":\"PR\u00d3SPERI NEWS\",\"description\":\"TUDO \u00c9  FUTEBOL\",\"publisher\":{\"@id\":\"https:\\\/\\\/blogdoprosperi.com\\\/#\\\/schema\\\/person\\\/38100755ce3601861ee4fab9b5aa78e9\"},\"alternateName\":\"blogdoprosperi.com\",\"potentialAction\":[{\"@type\":\"SearchAction\",\"target\":{\"@type\":\"EntryPoint\",\"urlTemplate\":\"https:\\\/\\\/blogdoprosperi.com\\\/?s={search_term_string}\"},\"query-input\":{\"@type\":\"PropertyValueSpecification\",\"valueRequired\":true,\"valueName\":\"search_term_string\"}}],\"inLanguage\":\"pt-BR\"},{\"@type\":[\"Person\",\"Organization\"],\"@id\":\"https:\\\/\\\/blogdoprosperi.com\\\/#\\\/schema\\\/person\\\/38100755ce3601861ee4fab9b5aa78e9\",\"name\":\"Luiz Ant\u00f4nio Pr\u00f3speri\",\"pronouns\":\"ele\",\"image\":{\"@type\":\"ImageObject\",\"inLanguage\":\"pt-BR\",\"@id\":\"https:\\\/\\\/i0.wp.com\\\/blogdoprosperi.com\\\/wp-content\\\/uploads\\\/2026\\\/05\\\/cropped-8059e613-6002-42fa-961e-8e275f575d71-2-5.jpg?fit=1360%2C931&ssl=1\",\"url\":\"https:\\\/\\\/i0.wp.com\\\/blogdoprosperi.com\\\/wp-content\\\/uploads\\\/2026\\\/05\\\/cropped-8059e613-6002-42fa-961e-8e275f575d71-2-5.jpg?fit=1360%2C931&ssl=1\",\"contentUrl\":\"https:\\\/\\\/i0.wp.com\\\/blogdoprosperi.com\\\/wp-content\\\/uploads\\\/2026\\\/05\\\/cropped-8059e613-6002-42fa-961e-8e275f575d71-2-5.jpg?fit=1360%2C931&ssl=1\",\"width\":1360,\"height\":931,\"caption\":\"Luiz Ant\u00f4nio Pr\u00f3speri\"},\"logo\":{\"@id\":\"https:\\\/\\\/i0.wp.com\\\/blogdoprosperi.com\\\/wp-content\\\/uploads\\\/2026\\\/05\\\/cropped-8059e613-6002-42fa-961e-8e275f575d71-2-5.jpg?fit=1360%2C931&ssl=1\"},\"description\":\"Jornalista com carreira dedicada ao esporte. Cobriu 9 Copas do Mundo in loco, 1990 na It\u00e1lia, 1994 nos EUA, 1998 na Fran\u00e7a, 2002 na Coreia do Sul e Jap\u00e3o, 2006 na Alemanha, 2010 na \u00c1frica do Sul, 2014 no Brasil, 2018 na R\u00fassia e 2022 no Qatar. Eurocopas, 1992 na Su\u00e9cia e 1996 na Inglaterra. Copa das Confedera\u00e7\u00f5es de 2005 na Alemanha e 2009 na \u00c1frica do Sul. Rep\u00f3rter e Editor, trabalhou no Jornal da Tarde e Estad\u00e3o, de 1984 a fevereiro de 2016. Colunista, blogueiro. E comentarista de futebol na R\u00e1dio Estad\u00e3o, de 2013 a fevereiro de 2016. Jornalista respons\u00e1vel do \\\"Pr\u00f3speri News\\\" (blogdoprosperi.com).\",\"sameAs\":[\"http:\\\/\\\/blogdoprosperi.com\",\"Luiz Pr\u00f3speri\",\"@luiz_prosperi\",\"https:\\\/\\\/x.com\\\/Luizprosperi\",\"@prosperinacopa\",\"luiz.prosperi@icloud.com\"],\"url\":\"https:\\\/\\\/blogdoprosperi.com\\\/?author=102107496\"}]}<\/script>\n<!-- \/ Yoast SEO plugin. -->","yoast_head_json":{"title":"URGENTE NEWS: Futebol europeu decreta boicote \u00e0 Fifa e atinge Copa do Mundo Feminina no Brasil - PR\u00d3SPERI NEWS","robots":{"index":"index","follow":"follow","max-snippet":"max-snippet:-1","max-image-preview":"max-image-preview:large","max-video-preview":"max-video-preview:-1"},"canonical":"https:\/\/blogdoprosperi.com\/?p=61485","og_locale":"pt_BR","og_type":"article","og_title":"URGENTE NEWS: Futebol europeu decreta boicote \u00e0 Fifa e atinge Copa do Mundo Feminina no Brasil - PR\u00d3SPERI NEWS","og_description":"Primeiro ato do boicote dos europeus atinge em cheio a Copa do Mundo Feminina 2027 no Brasil, entre [&hellip;]","og_url":"https:\/\/blogdoprosperi.com\/?p=61485","og_site_name":"PR\u00d3SPERI NEWS","article_publisher":"Luiz Pr\u00f3speri","article_author":"Luiz Pr\u00f3speri","article_published_time":"2026-07-30T16:49:12+00:00","article_modified_time":"2026-07-30T16:51:22+00:00","og_image":[{"width":1316,"height":918,"url":"https:\/\/i0.wp.com\/blogdoprosperi.com\/wp-content\/uploads\/2026\/07\/Captura-de-Tela-2026-07-30-as-13.37.41.png?fit=1316%2C918&ssl=1","type":"image\/png"}],"author":"Luiz Ant\u00f4nio Pr\u00f3speri","twitter_card":"summary_large_image","twitter_creator":"@Luizprosperi","twitter_site":"@Luizprosperi","twitter_misc":{"Escrito por":"Luiz Ant\u00f4nio Pr\u00f3speri","Est. tempo de leitura":"7 minutos"},"schema":{"@context":"https:\/\/schema.org","@graph":[{"@type":"Article","@id":"https:\/\/blogdoprosperi.com\/?p=61485#article","isPartOf":{"@id":"https:\/\/blogdoprosperi.com\/?p=61485"},"author":{"name":"Luiz Ant\u00f4nio Pr\u00f3speri","@id":"https:\/\/blogdoprosperi.com\/#\/schema\/person\/38100755ce3601861ee4fab9b5aa78e9"},"headline":"URGENTE NEWS: Futebol europeu decreta boicote \u00e0 Fifa e atinge Copa do Mundo Feminina no Brasil","datePublished":"2026-07-30T16:49:12+00:00","dateModified":"2026-07-30T16:51:22+00:00","mainEntityOfPage":{"@id":"https:\/\/blogdoprosperi.com\/?p=61485"},"wordCount":1323,"commentCount":0,"publisher":{"@id":"https:\/\/blogdoprosperi.com\/#\/schema\/person\/38100755ce3601861ee4fab9b5aa78e9"},"image":{"@id":"https:\/\/blogdoprosperi.com\/?p=61485#primaryimage"},"thumbnailUrl":"https:\/\/i0.wp.com\/blogdoprosperi.com\/wp-content\/uploads\/2026\/07\/Captura-de-Tela-2026-07-30-as-13.37.41.png?fit=1316%2C918&ssl=1","keywords":["boicote fifa","Copa \u00e0 venda","copadomundo","Infantino","Uefa"],"articleSection":["futebol"],"inLanguage":"pt-BR","potentialAction":[{"@type":"CommentAction","name":"Comment","target":["https:\/\/blogdoprosperi.com\/?p=61485#respond"]}]},{"@type":"WebPage","@id":"https:\/\/blogdoprosperi.com\/?p=61485","url":"https:\/\/blogdoprosperi.com\/?p=61485","name":"URGENTE NEWS: Futebol europeu decreta boicote \u00e0 Fifa e atinge Copa do Mundo Feminina no Brasil - PR\u00d3SPERI NEWS","isPartOf":{"@id":"https:\/\/blogdoprosperi.com\/#website"},"primaryImageOfPage":{"@id":"https:\/\/blogdoprosperi.com\/?p=61485#primaryimage"},"image":{"@id":"https:\/\/blogdoprosperi.com\/?p=61485#primaryimage"},"thumbnailUrl":"https:\/\/i0.wp.com\/blogdoprosperi.com\/wp-content\/uploads\/2026\/07\/Captura-de-Tela-2026-07-30-as-13.37.41.png?fit=1316%2C918&ssl=1","datePublished":"2026-07-30T16:49:12+00:00","dateModified":"2026-07-30T16:51:22+00:00","breadcrumb":{"@id":"https:\/\/blogdoprosperi.com\/?p=61485#breadcrumb"},"inLanguage":"pt-BR","potentialAction":[{"@type":"ReadAction","target":["https:\/\/blogdoprosperi.com\/?p=61485"]}]},{"@type":"ImageObject","inLanguage":"pt-BR","@id":"https:\/\/blogdoprosperi.com\/?p=61485#primaryimage","url":"https:\/\/i0.wp.com\/blogdoprosperi.com\/wp-content\/uploads\/2026\/07\/Captura-de-Tela-2026-07-30-as-13.37.41.png?fit=1316%2C918&ssl=1","contentUrl":"https:\/\/i0.wp.com\/blogdoprosperi.com\/wp-content\/uploads\/2026\/07\/Captura-de-Tela-2026-07-30-as-13.37.41.png?fit=1316%2C918&ssl=1","width":1316,"height":918,"caption":"imagem: Uefa oficial"},{"@type":"BreadcrumbList","@id":"https:\/\/blogdoprosperi.com\/?p=61485#breadcrumb","itemListElement":[{"@type":"ListItem","position":1,"name":"In\u00edcio","item":"https:\/\/blogdoprosperi.com\/"},{"@type":"ListItem","position":2,"name":"URGENTE NEWS: Futebol europeu decreta boicote \u00e0 Fifa e atinge Copa do Mundo Feminina no Brasil"}]},{"@type":"WebSite","@id":"https:\/\/blogdoprosperi.com\/#website","url":"https:\/\/blogdoprosperi.com\/","name":"PR\u00d3SPERI NEWS","description":"TUDO \u00c9  FUTEBOL","publisher":{"@id":"https:\/\/blogdoprosperi.com\/#\/schema\/person\/38100755ce3601861ee4fab9b5aa78e9"},"alternateName":"blogdoprosperi.com","potentialAction":[{"@type":"SearchAction","target":{"@type":"EntryPoint","urlTemplate":"https:\/\/blogdoprosperi.com\/?s={search_term_string}"},"query-input":{"@type":"PropertyValueSpecification","valueRequired":true,"valueName":"search_term_string"}}],"inLanguage":"pt-BR"},{"@type":["Person","Organization"],"@id":"https:\/\/blogdoprosperi.com\/#\/schema\/person\/38100755ce3601861ee4fab9b5aa78e9","name":"Luiz Ant\u00f4nio Pr\u00f3speri","pronouns":"ele","image":{"@type":"ImageObject","inLanguage":"pt-BR","@id":"https:\/\/i0.wp.com\/blogdoprosperi.com\/wp-content\/uploads\/2026\/05\/cropped-8059e613-6002-42fa-961e-8e275f575d71-2-5.jpg?fit=1360%2C931&ssl=1","url":"https:\/\/i0.wp.com\/blogdoprosperi.com\/wp-content\/uploads\/2026\/05\/cropped-8059e613-6002-42fa-961e-8e275f575d71-2-5.jpg?fit=1360%2C931&ssl=1","contentUrl":"https:\/\/i0.wp.com\/blogdoprosperi.com\/wp-content\/uploads\/2026\/05\/cropped-8059e613-6002-42fa-961e-8e275f575d71-2-5.jpg?fit=1360%2C931&ssl=1","width":1360,"height":931,"caption":"Luiz Ant\u00f4nio Pr\u00f3speri"},"logo":{"@id":"https:\/\/i0.wp.com\/blogdoprosperi.com\/wp-content\/uploads\/2026\/05\/cropped-8059e613-6002-42fa-961e-8e275f575d71-2-5.jpg?fit=1360%2C931&ssl=1"},"description":"Jornalista com carreira dedicada ao esporte. Cobriu 9 Copas do Mundo in loco, 1990 na It\u00e1lia, 1994 nos EUA, 1998 na Fran\u00e7a, 2002 na Coreia do Sul e Jap\u00e3o, 2006 na Alemanha, 2010 na \u00c1frica do Sul, 2014 no Brasil, 2018 na R\u00fassia e 2022 no Qatar. Eurocopas, 1992 na Su\u00e9cia e 1996 na Inglaterra. Copa das Confedera\u00e7\u00f5es de 2005 na Alemanha e 2009 na \u00c1frica do Sul. Rep\u00f3rter e Editor, trabalhou no Jornal da Tarde e Estad\u00e3o, de 1984 a fevereiro de 2016. Colunista, blogueiro. E comentarista de futebol na R\u00e1dio Estad\u00e3o, de 2013 a fevereiro de 2016. Jornalista respons\u00e1vel do \"Pr\u00f3speri News\" (blogdoprosperi.com).","sameAs":["http:\/\/blogdoprosperi.com","Luiz Pr\u00f3speri","@luiz_prosperi","https:\/\/x.com\/Luizprosperi","@prosperinacopa","luiz.prosperi@icloud.com"],"url":"https:\/\/blogdoprosperi.com\/?author=102107496"}]}},"jetpack_publicize_connections":[],"jetpack_likes_enabled":false,"jetpack_sharing_enabled":true,"jetpack_shortlink":"https:\/\/wp.me\/p7jvdk-fZH","jetpack-related-posts":[{"id":61389,"url":"https:\/\/blogdoprosperi.com\/?p=61389","url_meta":{"origin":61485,"position":0},"title":"Copa do Mundo \u00e0 venda: CBF e Conmebol se calam diante da proposta da Fifa","author":"Luiz Ant\u00f4nio Pr\u00f3speri","date":"29 de julho de 2026","format":false,"excerpt":"CBF e Conmebol n\u00e3o se manifestam diante do plano de a Fifa repassar os direitos comerciais da Copa do Mundo a investidores do mercado financeiro. Europeus est\u00e3o contra a Fifa.","rel":"","context":"Em &quot;CBF&quot;","block_context":{"text":"CBF","link":"https:\/\/blogdoprosperi.com\/?cat=570700"},"img":{"alt_text":"","src":"https:\/\/i0.wp.com\/blogdoprosperi.com\/wp-content\/uploads\/2026\/07\/Captura-de-Tela-2026-07-29-as-16.35.22.png?fit=1200%2C813&ssl=1&resize=350%2C200","width":350,"height":200,"srcset":"https:\/\/i0.wp.com\/blogdoprosperi.com\/wp-content\/uploads\/2026\/07\/Captura-de-Tela-2026-07-29-as-16.35.22.png?fit=1200%2C813&ssl=1&resize=350%2C200 1x, https:\/\/i0.wp.com\/blogdoprosperi.com\/wp-content\/uploads\/2026\/07\/Captura-de-Tela-2026-07-29-as-16.35.22.png?fit=1200%2C813&ssl=1&resize=525%2C300 1.5x, https:\/\/i0.wp.com\/blogdoprosperi.com\/wp-content\/uploads\/2026\/07\/Captura-de-Tela-2026-07-29-as-16.35.22.png?fit=1200%2C813&ssl=1&resize=700%2C400 2x, https:\/\/i0.wp.com\/blogdoprosperi.com\/wp-content\/uploads\/2026\/07\/Captura-de-Tela-2026-07-29-as-16.35.22.png?fit=1200%2C813&ssl=1&resize=1050%2C600 3x"},"classes":[]},{"id":61591,"url":"https:\/\/blogdoprosperi.com\/?p=61591","url_meta":{"origin":61485,"position":1},"title":"Entenda como a Uefa pode derrubar Infantino da Fifa ap\u00f3s fracasso na privatiza\u00e7\u00e3o da Copa","author":"Luiz Ant\u00f4nio Pr\u00f3speri","date":"1 de agosto de 2026","format":false,"excerpt":"Luiz Ant\u00f4nio Pr\u00f3speri \u2013 1 agosto 2026 (10h30) Uefa (Uni\u00e3o Europeia de Futebol) sai fortalecida com a desist\u00eancia de Gianni Infantino, presidente da Fifa, de privatizar a Copa do Mundo. Ao propor boicote \u00e0 todas competi\u00e7\u00f5es Fifa, incluindo a Copa, diante da farra de grana no plano de Infantino, os\u2026","rel":"","context":"Em &quot;Fifa&quot;","block_context":{"text":"Fifa","link":"https:\/\/blogdoprosperi.com\/?cat=187969"},"img":{"alt_text":"","src":"https:\/\/i0.wp.com\/blogdoprosperi.com\/wp-content\/uploads\/2026\/08\/2373ca66-uefa_compound-708x416-1.webp?fit=708%2C416&ssl=1&resize=350%2C200","width":350,"height":200,"srcset":"https:\/\/i0.wp.com\/blogdoprosperi.com\/wp-content\/uploads\/2026\/08\/2373ca66-uefa_compound-708x416-1.webp?fit=708%2C416&ssl=1&resize=350%2C200 1x, https:\/\/i0.wp.com\/blogdoprosperi.com\/wp-content\/uploads\/2026\/08\/2373ca66-uefa_compound-708x416-1.webp?fit=708%2C416&ssl=1&resize=525%2C300 1.5x, https:\/\/i0.wp.com\/blogdoprosperi.com\/wp-content\/uploads\/2026\/08\/2373ca66-uefa_compound-708x416-1.webp?fit=708%2C416&ssl=1&resize=700%2C400 2x"},"classes":[]},{"id":61672,"url":"https:\/\/blogdoprosperi.com\/?p=61672","url_meta":{"origin":61485,"position":2},"title":"Duas mulheres lideraram a resist\u00eancia \u00e0 venda da Copa do Mundo. Isso importa | Que tal uma delas assumir a presid\u00eancia da Fifa?","author":"Luiz Ant\u00f4nio Pr\u00f3speri","date":"4 de agosto de 2026","format":false,"excerpt":"Crise na Fifa provocada pelo presidente Gianni Infantino pode levar uma mulher \u00e0 presid\u00eancia da entidade m\u00e1xima de futebol: Lise Klaveness, presidente da Federa\u00e7\u00e3o Norueguesa de Futebol (NFF). \u00c9 a candidata sugerida por Joseph Blatter, ex-mandat\u00e1rio da Fifa. Acompanhe a seguir reportagem do New York Times \/ The Athletic mostrando\u2026","rel":"","context":"Em &quot;Fifa&quot;","block_context":{"text":"Fifa","link":"https:\/\/blogdoprosperi.com\/?cat=187969"},"img":{"alt_text":"","src":"https:\/\/i0.wp.com\/blogdoprosperi.com\/wp-content\/uploads\/2026\/08\/0208-uefa-1024x683.jpg.webp?fit=1200%2C801&ssl=1&resize=350%2C200","width":350,"height":200,"srcset":"https:\/\/i0.wp.com\/blogdoprosperi.com\/wp-content\/uploads\/2026\/08\/0208-uefa-1024x683.jpg.webp?fit=1200%2C801&ssl=1&resize=350%2C200 1x, https:\/\/i0.wp.com\/blogdoprosperi.com\/wp-content\/uploads\/2026\/08\/0208-uefa-1024x683.jpg.webp?fit=1200%2C801&ssl=1&resize=525%2C300 1.5x, https:\/\/i0.wp.com\/blogdoprosperi.com\/wp-content\/uploads\/2026\/08\/0208-uefa-1024x683.jpg.webp?fit=1200%2C801&ssl=1&resize=700%2C400 2x, https:\/\/i0.wp.com\/blogdoprosperi.com\/wp-content\/uploads\/2026\/08\/0208-uefa-1024x683.jpg.webp?fit=1200%2C801&ssl=1&resize=1050%2C600 3x"},"classes":[]},{"id":61561,"url":"https:\/\/blogdoprosperi.com\/?p=61561","url_meta":{"origin":61485,"position":3},"title":"Copa do Mundo \u00e0 venda (epis\u00f3dio 1): A ren\u00fancia e as cr\u00edticas abertas de altos funcion\u00e1rios da FIFA colocam Infantino em uma situa\u00e7\u00e3o delicada","author":"Luiz Ant\u00f4nio Pr\u00f3speri","date":"31 de julho de 2026","format":false,"excerpt":"\"Este projeto n\u00e3o \u00e9 um projeto da FIFA, nem um projeto da administra\u00e7\u00e3o da FIFA. \u00c9 o projeto de uma pessoa s\u00f3\" \u2013 Kevin Lamour, diretor de opera\u00e7\u00f5es especiais da Fifa. Diego Torres, El Pa\u00eds (Madri) \u2013 31 julho 2026 Duas semanas ap\u00f3s ser coroado o presidente que levou a\u2026","rel":"","context":"Em &quot;Fifa&quot;","block_context":{"text":"Fifa","link":"https:\/\/blogdoprosperi.com\/?cat=187969"},"img":{"alt_text":"","src":"https:\/\/i0.wp.com\/blogdoprosperi.com\/wp-content\/uploads\/2026\/07\/Captura-de-Tela-2026-07-16-as-23.14.03.png?fit=1030%2C868&ssl=1&resize=350%2C200","width":350,"height":200,"srcset":"https:\/\/i0.wp.com\/blogdoprosperi.com\/wp-content\/uploads\/2026\/07\/Captura-de-Tela-2026-07-16-as-23.14.03.png?fit=1030%2C868&ssl=1&resize=350%2C200 1x, https:\/\/i0.wp.com\/blogdoprosperi.com\/wp-content\/uploads\/2026\/07\/Captura-de-Tela-2026-07-16-as-23.14.03.png?fit=1030%2C868&ssl=1&resize=525%2C300 1.5x, https:\/\/i0.wp.com\/blogdoprosperi.com\/wp-content\/uploads\/2026\/07\/Captura-de-Tela-2026-07-16-as-23.14.03.png?fit=1030%2C868&ssl=1&resize=700%2C400 2x"},"classes":[]},{"id":61363,"url":"https:\/\/blogdoprosperi.com\/?p=61363","url_meta":{"origin":61485,"position":4},"title":"Fifa acusada de &#8216;vender alma do futebol&#8217;: plano \u00e9 repassar direitos comerciais da Copa do Mundo por 20 bilh\u00f5es de d\u00f3lares","author":"Luiz Ant\u00f4nio Pr\u00f3speri","date":"28 de julho de 2026","format":false,"excerpt":"A Thrive Capital, uma empresa de investimentos fundada por Joshua Kushner, irm\u00e3o de Jared Kushner, genro de Donald Trump, lidera a busca por investidores por Matt Hughes e\u00a0Paul MacInnes, The Guardian \u2013 28 julho 2026 A Fifa anunciou planos para vender os direitos comerciais de seus torneios, incluindo a\u00a0Copa do\u2026","rel":"","context":"Em &quot;Fifa&quot;","block_context":{"text":"Fifa","link":"https:\/\/blogdoprosperi.com\/?cat=187969"},"img":{"alt_text":"","src":"https:\/\/i0.wp.com\/blogdoprosperi.com\/wp-content\/uploads\/2026\/07\/Captura-de-Tela-2026-07-28-as-15.00.46.png?fit=1152%2C894&ssl=1&resize=350%2C200","width":350,"height":200,"srcset":"https:\/\/i0.wp.com\/blogdoprosperi.com\/wp-content\/uploads\/2026\/07\/Captura-de-Tela-2026-07-28-as-15.00.46.png?fit=1152%2C894&ssl=1&resize=350%2C200 1x, https:\/\/i0.wp.com\/blogdoprosperi.com\/wp-content\/uploads\/2026\/07\/Captura-de-Tela-2026-07-28-as-15.00.46.png?fit=1152%2C894&ssl=1&resize=525%2C300 1.5x, https:\/\/i0.wp.com\/blogdoprosperi.com\/wp-content\/uploads\/2026\/07\/Captura-de-Tela-2026-07-28-as-15.00.46.png?fit=1152%2C894&ssl=1&resize=700%2C400 2x, https:\/\/i0.wp.com\/blogdoprosperi.com\/wp-content\/uploads\/2026\/07\/Captura-de-Tela-2026-07-28-as-15.00.46.png?fit=1152%2C894&ssl=1&resize=1050%2C600 3x"},"classes":[]},{"id":55146,"url":"https:\/\/blogdoprosperi.com\/?p=55146","url_meta":{"origin":61485,"position":5},"title":"Aumenta Press\u00e3o na Uefa para Suspender Israel das Eliminat\u00f3rias da Copa do Mundo 2026","author":"Luiz Ant\u00f4nio Pr\u00f3speri","date":"26 de setembro de 2025","format":false,"excerpt":"\u2295 O futuro de Israel na UEFA pode ser conhecido antes da rodada das Eliminat\u00f3rias da Copa do Mundo, dia 6 de outubro \u2295 Sele\u00e7\u00f5es nacionais e clubes podem ser suspensos das competi\u00e7\u00f5es Paulo MacInnes, The Guardian, 26 setembro 2025 (13h25) A Uefa pode decidir j\u00e1 na semana que vem\u2026","rel":"","context":"Em &quot;futebol&quot;","block_context":{"text":"futebol","link":"https:\/\/blogdoprosperi.com\/?cat=53870"},"img":{"alt_text":"Confedera\u00e7\u00f5es de futebol pressionam Uefa para banir Israel da Copa do Mundo","src":"https:\/\/i0.wp.com\/blogdoprosperi.com\/wp-content\/uploads\/2025\/09\/g1tzntixmaavbno.jpeg?fit=1200%2C720&ssl=1&resize=350%2C200","width":350,"height":200,"srcset":"https:\/\/i0.wp.com\/blogdoprosperi.com\/wp-content\/uploads\/2025\/09\/g1tzntixmaavbno.jpeg?fit=1200%2C720&ssl=1&resize=350%2C200 1x, https:\/\/i0.wp.com\/blogdoprosperi.com\/wp-content\/uploads\/2025\/09\/g1tzntixmaavbno.jpeg?fit=1200%2C720&ssl=1&resize=525%2C300 1.5x, https:\/\/i0.wp.com\/blogdoprosperi.com\/wp-content\/uploads\/2025\/09\/g1tzntixmaavbno.jpeg?fit=1200%2C720&ssl=1&resize=700%2C400 2x, https:\/\/i0.wp.com\/blogdoprosperi.com\/wp-content\/uploads\/2025\/09\/g1tzntixmaavbno.jpeg?fit=1200%2C720&ssl=1&resize=1050%2C600 3x"},"classes":[]}],"jetpack_featured_media_url":"https:\/\/i0.wp.com\/blogdoprosperi.com\/wp-content\/uploads\/2026\/07\/Captura-de-Tela-2026-07-30-as-13.37.41.png?fit=1316%2C918&ssl=1","_links":{"self":[{"href":"https:\/\/blogdoprosperi.com\/index.php?rest_route=\/wp\/v2\/posts\/61485","targetHints":{"allow":["GET"]}}],"collection":[{"href":"https:\/\/blogdoprosperi.com\/index.php?rest_route=\/wp\/v2\/posts"}],"about":[{"href":"https:\/\/blogdoprosperi.com\/index.php?rest_route=\/wp\/v2\/types\/post"}],"author":[{"embeddable":true,"href":"https:\/\/blogdoprosperi.com\/index.php?rest_route=\/wp\/v2\/users\/102107496"}],"replies":[{"embeddable":true,"href":"https:\/\/blogdoprosperi.com\/index.php?rest_route=%2Fwp%2Fv2%2Fcomments&post=61485"}],"version-history":[{"count":7,"href":"https:\/\/blogdoprosperi.com\/index.php?rest_route=\/wp\/v2\/posts\/61485\/revisions"}],"predecessor-version":[{"id":61494,"href":"https:\/\/blogdoprosperi.com\/index.php?rest_route=\/wp\/v2\/posts\/61485\/revisions\/61494"}],"wp:featuredmedia":[{"embeddable":true,"href":"https:\/\/blogdoprosperi.com\/index.php?rest_route=\/wp\/v2\/media\/61491"}],"wp:attachment":[{"href":"https:\/\/blogdoprosperi.com\/index.php?rest_route=%2Fwp%2Fv2%2Fmedia&parent=61485"}],"wp:term":[{"taxonomy":"category","embeddable":true,"href":"https:\/\/blogdoprosperi.com\/index.php?rest_route=%2Fwp%2Fv2%2Fcategories&post=61485"},{"taxonomy":"post_tag","embeddable":true,"href":"https:\/\/blogdoprosperi.com\/index.php?rest_route=%2Fwp%2Fv2%2Ftags&post=61485"}],"curies":[{"name":"wp","href":"https:\/\/api.w.org\/{rel}","templated":true}]}}