{"id":61551,"date":"2026-07-31T16:45:37","date_gmt":"2026-07-31T19:45:37","guid":{"rendered":"https:\/\/blogdoprosperi.com\/?p=61551"},"modified":"2026-07-31T17:45:10","modified_gmt":"2026-07-31T20:45:10","slug":"copa-do-mundo-a-venda-episodio-3-como-os-kushner-e-trump-estao-no-centro-de-uma-teia-complexa","status":"publish","type":"post","link":"https:\/\/blogdoprosperi.com\/?p=61551","title":{"rendered":"Copa do Mundo \u00e0 venda (epis\u00f3dio 3): Como os Kushner e Trump est\u00e3o no centro de uma teia complexa"},"content":{"rendered":"<p><em><strong>Como Trump e parte de sua fam\u00edlia entraram no jogo de Infantino na Fifa no plano de privatizar a Copa do Mundo. Acompanhe o #epis\u00f3dio 3:<\/strong><\/em><\/p>\n<p><em>Rob Draper, The Guardian (Londres), 31 julho 2026<\/em><\/p>\n<p class=\"dcr-1s160rg\"><span dir=\"auto\">N\u00e3o s\u00e3o apenas os torcedores de futebol e\u00a0<\/span><a href=\"https:\/\/www.theguardian.com\/football\/2026\/jul\/30\/uefa-agrees-to-boycott-fifa-competitions-if-world-cup-sell-off-plans-proceed\" data-link-name=\"in body link\"><span dir=\"auto\">os executivos da UEFA<\/span><\/a><span dir=\"auto\">\u00a0que querem expulsar Gianni Infantino por seu plano de vender 20% da Copa do Mundo para uma empresa privada. O presidente da FIFA tamb\u00e9m est\u00e1 na mira do Comit\u00ea Judici\u00e1rio da C\u00e2mara dos Representantes, em Washington, e do deputado democrata Jamie Raskin. O motivo? O plano de Infantino, apoiado pelo fundo de investimentos de Joshua Kushner, tem, para alguns observadores, a influ\u00eancia direta do presidente Trump.<\/span><\/p>\n<p>Raskin disse ao Politico que a Fifa estava &#8220;entrando diretamente em neg\u00f3cios com a fam\u00edlia Trump&#8221;, antes de mencionar o pr\u00eamio da paz concedido por Infantino ao presidente em dezembro e o uso de espa\u00e7o de escrit\u00f3rio pela Fifa na Trump Tower, em Nova York. &#8220;Aparentemente, o falso Pr\u00eamio da Paz e o gigantesco contrato de aluguel com a Trump Tower n\u00e3o foram suficientes \u2013 agora Infantino realiza um hat-trick de propinas ao buscar um acordo multimilion\u00e1rio com o irm\u00e3o de Jared Kushner para vender participa\u00e7\u00f5es na Copa do Mundo a investidores privados.&#8221;<\/p>\n<p>Como costuma acontecer com Trump, a fam\u00edlia Kushner est\u00e1 no centro de qualquer intricada trama que ele tece. O pai de Jared e Joshua, Charles Kushner,\u00a0<span dir=\"auto\">condenado por sonega\u00e7\u00e3o fiscal<\/span><span dir=\"auto\">\u00a0, obstru\u00e7\u00e3o da justi\u00e7a, contribui\u00e7\u00f5es ilegais para campanhas eleitorais e sentenciado a dois anos de pris\u00e3o, \u00e9\u00a0<\/span><a href=\"https:\/\/www.theguardian.com\/us-news\/2025\/may\/20\/charles-kushner-france-ambassador-confirmed\" data-link-name=\"in body link\"><span dir=\"auto\">o embaixador de Trump na Fran\u00e7a,<\/span><\/a><span dir=\"auto\">\u00a0embora n\u00e3o fale franc\u00eas. Ele foi perdoado por Trump em 2020.<\/span><\/p>\n<p>Jared, casado com Ivanka, filha de Trump, \u00e9 um Enviado Especial para a Paz e ajudou a negociar o cessar-fogo do Memorando de Islamabad com o Ir\u00e3, que aparentemente fracassou. Ele tamb\u00e9m foi o respons\u00e1vel por cumprir a promessa de Trump de encerrar a guerra entre R\u00fassia e Ucr\u00e2nia em 24 horas ap\u00f3s assumir a presid\u00eancia.<\/p>\n<h3>A Fam\u00edlia<\/h3>\n<p>Mas no centro disso tudo, e mais uma vez mantendo a influ\u00eancia fortemente dentro da fam\u00edlia, est\u00e1 o irm\u00e3o mais novo de Jared, Joshua, de 41 anos, que estabeleceu v\u00e1rios fundos de investimento privados, incluindo o Thrive Eternal, que ser\u00e1 o principal investidor da Fifa Forward Enterprise, a empresa derivada comercial\u00a0<a href=\"https:\/\/www.theguardian.com\/football\/2026\/jul\/29\/uefa-emergency-meeting-fifa-gianni-infantini-world-cup-plan\" data-link-name=\"in body link\"><span dir=\"auto\">na qual Infantino prop\u00f5e vender a\u00e7\u00f5es<\/span><\/a><\/p>\n<p>Com Jared tendo se desfeito de suas a\u00e7\u00f5es na Thrive Capital (empresa controladora da Thrive Eternal) em 2017, quando assumiu um cargo no primeiro governo Trump, os la\u00e7os familiares parecem especialmente estreitos em torno deste projeto, como sugerido por Raskin, que j\u00e1\u00a0convocou Infantino para comparecer perante a Comiss\u00e3o Judici\u00e1ria da C\u00e2mara<span dir=\"auto\">\u00a0. Ele tamb\u00e9m solicitou documentos da Fifa relacionados a quaisquer presentes e benef\u00edcios concedidos a Trump, bem como detalhes dos registros de visitantes do escrit\u00f3rio da Fifa na Trump Tower.&lt;<\/span><\/p>\n<p>Considerando que Trump\u00a0se gabou de que sua linha direta com Infantino persuadiu a Fifa a suspender o cart\u00e3o vermelho de Folarin Balogun, dos EUA, para o jogo das oitavas de final da Copa do Mundo contra a B\u00e9lgica \u2013 que\u00a0<a href=\"https:\/\/www.theguardian.com\/football\/2026\/jul\/06\/usa-belgium-world-cup-2026-match-report\" data-link-name=\"in body link\"><span dir=\"auto\">os EUA perderam por 4 a 1<\/span><\/a><span dir=\"auto\">\u00a0\u2013, \u00e9 lament\u00e1vel para Infantino que a extensa fam\u00edlia Trump, por meio de casamentos, esteja liderando a venda do s\u00e9culo, a transfer\u00eancia do controle substancial da Copa do Mundo. Alguns cr\u00edticos dizem que mesmo uma participa\u00e7\u00e3o minorit\u00e1ria de 20% ser\u00e1, na pr\u00e1tica, uma participa\u00e7\u00e3o majorit\u00e1ria se Infantino permanecer no comando sem prestar contas. Joshua, no entanto, est\u00e1 apenas seguindo os passos de seu irm\u00e3o mais velho, Jared, em sua incr\u00edvel capacidade de negocia\u00e7\u00e3o.<\/span><\/p>\n<h3>Conchavos com Ar\u00e1bia Saudita<\/h3>\n<p>Seis meses ap\u00f3s o fim do primeiro mandato de Trump e depois de ter participado das negocia\u00e7\u00f5es entre os EUA e a Ar\u00e1bia Saudita durante esse per\u00edodo, Jared conseguiu garantir um financiamento de \u00a3 2 bilh\u00f5es para seu pr\u00f3prio ve\u00edculo de investimento, a Affinity Fund Management, junto ao Fundo de Investimento P\u00fablico da Ar\u00e1bia Saudita (PIF), presidido pelo pr\u00edncipe herdeiro Mohammed bin Salman, governante de fato do reino.\u00a0<a href=\"https:\/\/www.nytimes.com\/2022\/04\/10\/us\/jared-kushner-saudi-investment-fund.html\" data-link-name=\"in body link\"><span dir=\"auto\">O New York Times noticiou<\/span><\/a><span dir=\"auto\">\u00a0que consultores do PIF levantaram obje\u00e7\u00f5es ao acordo, alegando \u201ca inexperi\u00eancia da gest\u00e3o da Affinity Fund\u201d e\u00a0<\/span><span dir=\"auto\">que o Reino da Ar\u00e1bia Saudita parecia arcar com \u201ca maior parte do investimento e do risco\u201d, mas o conselho do PIF, presidido pelo pr\u00edncipe herdeiro, ignorou as advert\u00eancias e aprovou o financiamento.<\/span><\/p>\n<p>Por coincid\u00eancia, a Ar\u00e1bia Saudita sediar\u00e1 a\u00a0<a href=\"https:\/\/www.theguardian.com\/football\/world-cup-football\" data-link-name=\"in body link\" data-component=\"auto-linked-tag\"><span dir=\"auto\">Copa do Mundo<\/span><\/a><span dir=\"auto\">\u00a0de 2034 , em uma candidatura liderada pelo Pr\u00edncipe Mohammed. O PIF, tamb\u00e9m propriet\u00e1rio do Newcastle United e da Aramco, a petrol\u00edfera estatal saudita (81% de suas a\u00e7\u00f5es pertencem ao Reino da Ar\u00e1bia Saudita), \u00e9 o mais novo patrocinador da Copa do Mundo da FIFA, com contratos que, segundo relatos, valem cerca de US$ 100 milh\u00f5es por ano.<\/span><\/p>\n<p class=\"dcr-1s160rg\"><span dir=\"auto\">Kushner sempre\u00a0<\/span><span dir=\"auto\">defendeu a parceria com o PIF<\/span><span dir=\"auto\">\u00a0, desafiando os cr\u00edticos a &#8220;apontarem uma \u00fanica decis\u00e3o que tomamos que n\u00e3o tenha sido do interesse dos Estados Unidos&#8221;. O pr\u00edncipe Mohammed foi implicado no assassinato do cidad\u00e3o americano Jamal Khashoggi em Istambul, em 2018. As Na\u00e7\u00f5es Unidas\u00a0<\/span><span dir=\"auto\">conclu\u00edram que o Estado da Ar\u00e1bia Saudita foi o respons\u00e1vel,<\/span><span dir=\"auto\">\u00a0enquanto\u00a0<\/span><span dir=\"auto\">um relat\u00f3rio da intelig\u00eancia americana<\/span><span dir=\"auto\">\u00a0, divulgado pelo ex-presidente Joe Biden, concluiu que o pr\u00edncipe Mohammed &#8220;aprovou uma opera\u00e7\u00e3o&#8230; para capturar ou matar&#8221; o dissidente saudita. O governo saudita rejeitou ambos os relat\u00f3rios, classificando-os como &#8220;imprecisos&#8221;.<\/span><\/p>\n<p class=\"dcr-1s160rg\"><span dir=\"auto\">As rela\u00e7\u00f5es entre os EUA e a Ar\u00e1bia Saudita t\u00eam sido muito mais cordiais durante os mandatos de Trump em compara\u00e7\u00e3o com o mandato interino de Biden, e na semana passada os EUA fecharam um acordo hist\u00f3rico para cooperar com a Ar\u00e1bia Saudita no desenvolvimento de energia nuclear civil, enquanto as duas na\u00e7\u00f5es coordenaram ataques a\u00e9reos contra mil\u00edcias apoiadas pelo Ir\u00e3 no Iraque nesta semana.<\/span><\/p>\n<h3>Figura central na venda da Copa<\/h3>\n<p>No entanto, \u00e9 um irm\u00e3o Kushner diferente, de um fundo de investimento sem qualquer rela\u00e7\u00e3o com o grupo, que agora \u00e9 a figura central na condu\u00e7\u00e3o da venda da Copa do Mundo aos investidores<\/p>\n<p>No entanto,\u00a0<span dir=\"auto\">a <em>Politico<\/em> noticiou<\/span><span dir=\"auto\">\u00a0que Joshua pretende entrar em contato com fundos soberanos &#8220;para construir uma base de investimentos globalmente diversificada&#8221;. Talvez seu irm\u00e3o Jared possa ajudar com alguns contatos para dar in\u00edcio ao processo?<\/span><\/p>\n","protected":false},"excerpt":{"rendered":"<p>Como Trump e parte de sua fam\u00edlia entraram no jogo de Infantino na Fifa no plano de privatizar [&hellip;]<\/p>\n","protected":false},"author":102107496,"featured_media":60784,"comment_status":"open","ping_status":"open","sticky":false,"template":"","format":"standard","meta":{"_coblocks_attr":"","_coblocks_dimensions":"","_coblocks_responsive_height":"","_coblocks_accordion_ie_support":"","_jetpack_newsletter_access":"","_jetpack_dont_email_post_to_subs":false,"_jetpack_newsletter_tier_id":0,"_jetpack_memberships_contains_paywalled_content":false,"_wpcom_ai_launchpad_first_post":false,"_jetpack_feature_clip_id":0,"_jetpack_memberships_contains_paid_content":false,"footnotes":"","jetpack_publicize_message":"","jetpack_publicize_feature_enabled":true,"jetpack_social_post_already_shared":true,"jetpack_social_options":{"image_generator_settings":{"template":"highway","default_image_id":0,"font":"","enabled":false},"version":2},"jetpack_post_was_ever_published":false},"categories":[53870],"tags":[241252,789560776,789560763,789560779,789560760,789560778,789560777,467532],"class_list":["post-61551","post","type-post","status-publish","format-standard","has-post-thumbnail","hentry","category-futebol","tag-arabia-saudita","tag-copa-2034","tag-copa-a-venda","tag-familia-kushner","tag-fifa-forward-enterprise","tag-ivanka-trump","tag-mohammed-bin-salman","tag-trump"],"yoast_head":"<!-- This site is optimized with the Yoast SEO plugin v28.3 - https:\/\/yoast.com\/product\/yoast-seo-wordpress\/ -->\n<title>Copa do Mundo \u00e0 venda (epis\u00f3dio 3): Como os Kushner e Trump est\u00e3o no centro de uma teia complexa - PR\u00d3SPERI NEWS<\/title>\n<meta name=\"robots\" content=\"index, follow, max-snippet:-1, max-image-preview:large, max-video-preview:-1\" \/>\n<link rel=\"canonical\" href=\"https:\/\/blogdoprosperi.com\/?p=61551\" \/>\n<meta property=\"og:locale\" content=\"pt_BR\" \/>\n<meta property=\"og:type\" content=\"article\" \/>\n<meta property=\"og:title\" content=\"Copa do Mundo \u00e0 venda (epis\u00f3dio 3): Como os Kushner e Trump est\u00e3o no centro de uma teia complexa - PR\u00d3SPERI NEWS\" \/>\n<meta property=\"og:description\" content=\"Como Trump e parte de sua fam\u00edlia entraram no jogo de Infantino na Fifa no plano de privatizar [&hellip;]\" \/>\n<meta property=\"og:url\" content=\"https:\/\/blogdoprosperi.com\/?p=61551\" \/>\n<meta property=\"og:site_name\" content=\"PR\u00d3SPERI NEWS\" \/>\n<meta property=\"article:publisher\" content=\"Luiz Pr\u00f3speri\" \/>\n<meta property=\"article:author\" content=\"Luiz Pr\u00f3speri\" \/>\n<meta property=\"article:published_time\" content=\"2026-07-31T19:45:37+00:00\" \/>\n<meta property=\"article:modified_time\" content=\"2026-07-31T20:45:10+00:00\" \/>\n<meta property=\"og:image\" content=\"https:\/\/i0.wp.com\/blogdoprosperi.com\/wp-content\/uploads\/2026\/07\/458823409996.jpg?fit=1024%2C683&ssl=1\" \/>\n\t<meta property=\"og:image:width\" content=\"1024\" \/>\n\t<meta property=\"og:image:height\" content=\"683\" \/>\n\t<meta property=\"og:image:type\" content=\"image\/jpeg\" \/>\n<meta name=\"author\" content=\"Luiz Ant\u00f4nio Pr\u00f3speri\" \/>\n<meta name=\"twitter:card\" content=\"summary_large_image\" \/>\n<meta name=\"twitter:creator\" content=\"@Luizprosperi\" \/>\n<meta name=\"twitter:site\" content=\"@Luizprosperi\" \/>\n<meta name=\"twitter:label1\" content=\"Escrito por\" \/>\n\t<meta name=\"twitter:data1\" content=\"Luiz Ant\u00f4nio Pr\u00f3speri\" \/>\n\t<meta name=\"twitter:label2\" content=\"Est. tempo de leitura\" \/>\n\t<meta name=\"twitter:data2\" content=\"6 minutos\" \/>\n<script type=\"application\/ld+json\" class=\"yoast-schema-graph\">{\"@context\":\"https:\\\/\\\/schema.org\",\"@graph\":[{\"@type\":\"Article\",\"@id\":\"https:\\\/\\\/blogdoprosperi.com\\\/?p=61551#article\",\"isPartOf\":{\"@id\":\"https:\\\/\\\/blogdoprosperi.com\\\/?p=61551\"},\"author\":{\"name\":\"Luiz Ant\u00f4nio Pr\u00f3speri\",\"@id\":\"https:\\\/\\\/blogdoprosperi.com\\\/#\\\/schema\\\/person\\\/38100755ce3601861ee4fab9b5aa78e9\"},\"headline\":\"Copa do Mundo \u00e0 venda (epis\u00f3dio 3): Como os Kushner e Trump est\u00e3o no centro de uma teia complexa\",\"datePublished\":\"2026-07-31T19:45:37+00:00\",\"dateModified\":\"2026-07-31T20:45:10+00:00\",\"mainEntityOfPage\":{\"@id\":\"https:\\\/\\\/blogdoprosperi.com\\\/?p=61551\"},\"wordCount\":1123,\"commentCount\":0,\"publisher\":{\"@id\":\"https:\\\/\\\/blogdoprosperi.com\\\/#\\\/schema\\\/person\\\/38100755ce3601861ee4fab9b5aa78e9\"},\"image\":{\"@id\":\"https:\\\/\\\/blogdoprosperi.com\\\/?p=61551#primaryimage\"},\"thumbnailUrl\":\"https:\\\/\\\/i0.wp.com\\\/blogdoprosperi.com\\\/wp-content\\\/uploads\\\/2026\\\/07\\\/458823409996.jpg?fit=1024%2C683&ssl=1\",\"keywords\":[\"ar\u00e1bia saudita\",\"Copa 2034\",\"Copa \u00e0 venda\",\"Fam\u00edlia Kushner\",\"FIFA Forward Enterprise\",\"Ivanka Trump\",\"Mohammed bin Salman\",\"trump\"],\"articleSection\":[\"futebol\"],\"inLanguage\":\"pt-BR\",\"potentialAction\":[{\"@type\":\"CommentAction\",\"name\":\"Comment\",\"target\":[\"https:\\\/\\\/blogdoprosperi.com\\\/?p=61551#respond\"]}]},{\"@type\":\"WebPage\",\"@id\":\"https:\\\/\\\/blogdoprosperi.com\\\/?p=61551\",\"url\":\"https:\\\/\\\/blogdoprosperi.com\\\/?p=61551\",\"name\":\"Copa do Mundo \u00e0 venda (epis\u00f3dio 3): Como os Kushner e Trump est\u00e3o no centro de uma teia complexa - PR\u00d3SPERI NEWS\",\"isPartOf\":{\"@id\":\"https:\\\/\\\/blogdoprosperi.com\\\/#website\"},\"primaryImageOfPage\":{\"@id\":\"https:\\\/\\\/blogdoprosperi.com\\\/?p=61551#primaryimage\"},\"image\":{\"@id\":\"https:\\\/\\\/blogdoprosperi.com\\\/?p=61551#primaryimage\"},\"thumbnailUrl\":\"https:\\\/\\\/i0.wp.com\\\/blogdoprosperi.com\\\/wp-content\\\/uploads\\\/2026\\\/07\\\/458823409996.jpg?fit=1024%2C683&ssl=1\",\"datePublished\":\"2026-07-31T19:45:37+00:00\",\"dateModified\":\"2026-07-31T20:45:10+00:00\",\"breadcrumb\":{\"@id\":\"https:\\\/\\\/blogdoprosperi.com\\\/?p=61551#breadcrumb\"},\"inLanguage\":\"pt-BR\",\"potentialAction\":[{\"@type\":\"ReadAction\",\"target\":[\"https:\\\/\\\/blogdoprosperi.com\\\/?p=61551\"]}]},{\"@type\":\"ImageObject\",\"inLanguage\":\"pt-BR\",\"@id\":\"https:\\\/\\\/blogdoprosperi.com\\\/?p=61551#primaryimage\",\"url\":\"https:\\\/\\\/i0.wp.com\\\/blogdoprosperi.com\\\/wp-content\\\/uploads\\\/2026\\\/07\\\/458823409996.jpg?fit=1024%2C683&ssl=1\",\"contentUrl\":\"https:\\\/\\\/i0.wp.com\\\/blogdoprosperi.com\\\/wp-content\\\/uploads\\\/2026\\\/07\\\/458823409996.jpg?fit=1024%2C683&ssl=1\",\"width\":1024,\"height\":683,\"caption\":\"Trump recebe trof\u00e9u da paz criado pela Fifa\"},{\"@type\":\"BreadcrumbList\",\"@id\":\"https:\\\/\\\/blogdoprosperi.com\\\/?p=61551#breadcrumb\",\"itemListElement\":[{\"@type\":\"ListItem\",\"position\":1,\"name\":\"In\u00edcio\",\"item\":\"https:\\\/\\\/blogdoprosperi.com\\\/\"},{\"@type\":\"ListItem\",\"position\":2,\"name\":\"Copa do Mundo \u00e0 venda (epis\u00f3dio 3): Como os Kushner e Trump est\u00e3o no centro de uma teia complexa\"}]},{\"@type\":\"WebSite\",\"@id\":\"https:\\\/\\\/blogdoprosperi.com\\\/#website\",\"url\":\"https:\\\/\\\/blogdoprosperi.com\\\/\",\"name\":\"PR\u00d3SPERI NEWS\",\"description\":\"TUDO \u00c9  FUTEBOL\",\"publisher\":{\"@id\":\"https:\\\/\\\/blogdoprosperi.com\\\/#\\\/schema\\\/person\\\/38100755ce3601861ee4fab9b5aa78e9\"},\"alternateName\":\"blogdoprosperi.com\",\"potentialAction\":[{\"@type\":\"SearchAction\",\"target\":{\"@type\":\"EntryPoint\",\"urlTemplate\":\"https:\\\/\\\/blogdoprosperi.com\\\/?s={search_term_string}\"},\"query-input\":{\"@type\":\"PropertyValueSpecification\",\"valueRequired\":true,\"valueName\":\"search_term_string\"}}],\"inLanguage\":\"pt-BR\"},{\"@type\":[\"Person\",\"Organization\"],\"@id\":\"https:\\\/\\\/blogdoprosperi.com\\\/#\\\/schema\\\/person\\\/38100755ce3601861ee4fab9b5aa78e9\",\"name\":\"Luiz Ant\u00f4nio Pr\u00f3speri\",\"pronouns\":\"ele\",\"image\":{\"@type\":\"ImageObject\",\"inLanguage\":\"pt-BR\",\"@id\":\"https:\\\/\\\/i0.wp.com\\\/blogdoprosperi.com\\\/wp-content\\\/uploads\\\/2026\\\/05\\\/cropped-8059e613-6002-42fa-961e-8e275f575d71-2-5.jpg?fit=1360%2C931&ssl=1\",\"url\":\"https:\\\/\\\/i0.wp.com\\\/blogdoprosperi.com\\\/wp-content\\\/uploads\\\/2026\\\/05\\\/cropped-8059e613-6002-42fa-961e-8e275f575d71-2-5.jpg?fit=1360%2C931&ssl=1\",\"contentUrl\":\"https:\\\/\\\/i0.wp.com\\\/blogdoprosperi.com\\\/wp-content\\\/uploads\\\/2026\\\/05\\\/cropped-8059e613-6002-42fa-961e-8e275f575d71-2-5.jpg?fit=1360%2C931&ssl=1\",\"width\":1360,\"height\":931,\"caption\":\"Luiz Ant\u00f4nio Pr\u00f3speri\"},\"logo\":{\"@id\":\"https:\\\/\\\/i0.wp.com\\\/blogdoprosperi.com\\\/wp-content\\\/uploads\\\/2026\\\/05\\\/cropped-8059e613-6002-42fa-961e-8e275f575d71-2-5.jpg?fit=1360%2C931&ssl=1\"},\"description\":\"Jornalista com carreira dedicada ao esporte. Cobriu 9 Copas do Mundo in loco, 1990 na It\u00e1lia, 1994 nos EUA, 1998 na Fran\u00e7a, 2002 na Coreia do Sul e Jap\u00e3o, 2006 na Alemanha, 2010 na \u00c1frica do Sul, 2014 no Brasil, 2018 na R\u00fassia e 2022 no Qatar. Eurocopas, 1992 na Su\u00e9cia e 1996 na Inglaterra. Copa das Confedera\u00e7\u00f5es de 2005 na Alemanha e 2009 na \u00c1frica do Sul. Rep\u00f3rter e Editor, trabalhou no Jornal da Tarde e Estad\u00e3o, de 1984 a fevereiro de 2016. Colunista, blogueiro. E comentarista de futebol na R\u00e1dio Estad\u00e3o, de 2013 a fevereiro de 2016. Jornalista respons\u00e1vel do \\\"Pr\u00f3speri News\\\" (blogdoprosperi.com).\",\"sameAs\":[\"http:\\\/\\\/blogdoprosperi.com\",\"Luiz Pr\u00f3speri\",\"@luiz_prosperi\",\"https:\\\/\\\/x.com\\\/Luizprosperi\",\"@prosperinacopa\",\"luiz.prosperi@icloud.com\"],\"url\":\"https:\\\/\\\/blogdoprosperi.com\\\/?author=102107496\"}]}<\/script>\n<!-- \/ Yoast SEO plugin. -->","yoast_head_json":{"title":"Copa do Mundo \u00e0 venda (epis\u00f3dio 3): Como os Kushner e Trump est\u00e3o no centro de uma teia complexa - PR\u00d3SPERI NEWS","robots":{"index":"index","follow":"follow","max-snippet":"max-snippet:-1","max-image-preview":"max-image-preview:large","max-video-preview":"max-video-preview:-1"},"canonical":"https:\/\/blogdoprosperi.com\/?p=61551","og_locale":"pt_BR","og_type":"article","og_title":"Copa do Mundo \u00e0 venda (epis\u00f3dio 3): Como os Kushner e Trump est\u00e3o no centro de uma teia complexa - PR\u00d3SPERI NEWS","og_description":"Como Trump e parte de sua fam\u00edlia entraram no jogo de Infantino na Fifa no plano de privatizar [&hellip;]","og_url":"https:\/\/blogdoprosperi.com\/?p=61551","og_site_name":"PR\u00d3SPERI NEWS","article_publisher":"Luiz Pr\u00f3speri","article_author":"Luiz Pr\u00f3speri","article_published_time":"2026-07-31T19:45:37+00:00","article_modified_time":"2026-07-31T20:45:10+00:00","og_image":[{"width":1024,"height":683,"url":"https:\/\/i0.wp.com\/blogdoprosperi.com\/wp-content\/uploads\/2026\/07\/458823409996.jpg?fit=1024%2C683&ssl=1","type":"image\/jpeg"}],"author":"Luiz Ant\u00f4nio Pr\u00f3speri","twitter_card":"summary_large_image","twitter_creator":"@Luizprosperi","twitter_site":"@Luizprosperi","twitter_misc":{"Escrito por":"Luiz Ant\u00f4nio Pr\u00f3speri","Est. tempo de leitura":"6 minutos"},"schema":{"@context":"https:\/\/schema.org","@graph":[{"@type":"Article","@id":"https:\/\/blogdoprosperi.com\/?p=61551#article","isPartOf":{"@id":"https:\/\/blogdoprosperi.com\/?p=61551"},"author":{"name":"Luiz Ant\u00f4nio Pr\u00f3speri","@id":"https:\/\/blogdoprosperi.com\/#\/schema\/person\/38100755ce3601861ee4fab9b5aa78e9"},"headline":"Copa do Mundo \u00e0 venda (epis\u00f3dio 3): Como os Kushner e Trump est\u00e3o no centro de uma teia complexa","datePublished":"2026-07-31T19:45:37+00:00","dateModified":"2026-07-31T20:45:10+00:00","mainEntityOfPage":{"@id":"https:\/\/blogdoprosperi.com\/?p=61551"},"wordCount":1123,"commentCount":0,"publisher":{"@id":"https:\/\/blogdoprosperi.com\/#\/schema\/person\/38100755ce3601861ee4fab9b5aa78e9"},"image":{"@id":"https:\/\/blogdoprosperi.com\/?p=61551#primaryimage"},"thumbnailUrl":"https:\/\/i0.wp.com\/blogdoprosperi.com\/wp-content\/uploads\/2026\/07\/458823409996.jpg?fit=1024%2C683&ssl=1","keywords":["ar\u00e1bia saudita","Copa 2034","Copa \u00e0 venda","Fam\u00edlia Kushner","FIFA Forward Enterprise","Ivanka Trump","Mohammed bin Salman","trump"],"articleSection":["futebol"],"inLanguage":"pt-BR","potentialAction":[{"@type":"CommentAction","name":"Comment","target":["https:\/\/blogdoprosperi.com\/?p=61551#respond"]}]},{"@type":"WebPage","@id":"https:\/\/blogdoprosperi.com\/?p=61551","url":"https:\/\/blogdoprosperi.com\/?p=61551","name":"Copa do Mundo \u00e0 venda (epis\u00f3dio 3): Como os Kushner e Trump est\u00e3o no centro de uma teia complexa - PR\u00d3SPERI NEWS","isPartOf":{"@id":"https:\/\/blogdoprosperi.com\/#website"},"primaryImageOfPage":{"@id":"https:\/\/blogdoprosperi.com\/?p=61551#primaryimage"},"image":{"@id":"https:\/\/blogdoprosperi.com\/?p=61551#primaryimage"},"thumbnailUrl":"https:\/\/i0.wp.com\/blogdoprosperi.com\/wp-content\/uploads\/2026\/07\/458823409996.jpg?fit=1024%2C683&ssl=1","datePublished":"2026-07-31T19:45:37+00:00","dateModified":"2026-07-31T20:45:10+00:00","breadcrumb":{"@id":"https:\/\/blogdoprosperi.com\/?p=61551#breadcrumb"},"inLanguage":"pt-BR","potentialAction":[{"@type":"ReadAction","target":["https:\/\/blogdoprosperi.com\/?p=61551"]}]},{"@type":"ImageObject","inLanguage":"pt-BR","@id":"https:\/\/blogdoprosperi.com\/?p=61551#primaryimage","url":"https:\/\/i0.wp.com\/blogdoprosperi.com\/wp-content\/uploads\/2026\/07\/458823409996.jpg?fit=1024%2C683&ssl=1","contentUrl":"https:\/\/i0.wp.com\/blogdoprosperi.com\/wp-content\/uploads\/2026\/07\/458823409996.jpg?fit=1024%2C683&ssl=1","width":1024,"height":683,"caption":"Trump recebe trof\u00e9u da paz criado pela Fifa"},{"@type":"BreadcrumbList","@id":"https:\/\/blogdoprosperi.com\/?p=61551#breadcrumb","itemListElement":[{"@type":"ListItem","position":1,"name":"In\u00edcio","item":"https:\/\/blogdoprosperi.com\/"},{"@type":"ListItem","position":2,"name":"Copa do Mundo \u00e0 venda (epis\u00f3dio 3): Como os Kushner e Trump est\u00e3o no centro de uma teia complexa"}]},{"@type":"WebSite","@id":"https:\/\/blogdoprosperi.com\/#website","url":"https:\/\/blogdoprosperi.com\/","name":"PR\u00d3SPERI NEWS","description":"TUDO \u00c9  FUTEBOL","publisher":{"@id":"https:\/\/blogdoprosperi.com\/#\/schema\/person\/38100755ce3601861ee4fab9b5aa78e9"},"alternateName":"blogdoprosperi.com","potentialAction":[{"@type":"SearchAction","target":{"@type":"EntryPoint","urlTemplate":"https:\/\/blogdoprosperi.com\/?s={search_term_string}"},"query-input":{"@type":"PropertyValueSpecification","valueRequired":true,"valueName":"search_term_string"}}],"inLanguage":"pt-BR"},{"@type":["Person","Organization"],"@id":"https:\/\/blogdoprosperi.com\/#\/schema\/person\/38100755ce3601861ee4fab9b5aa78e9","name":"Luiz Ant\u00f4nio Pr\u00f3speri","pronouns":"ele","image":{"@type":"ImageObject","inLanguage":"pt-BR","@id":"https:\/\/i0.wp.com\/blogdoprosperi.com\/wp-content\/uploads\/2026\/05\/cropped-8059e613-6002-42fa-961e-8e275f575d71-2-5.jpg?fit=1360%2C931&ssl=1","url":"https:\/\/i0.wp.com\/blogdoprosperi.com\/wp-content\/uploads\/2026\/05\/cropped-8059e613-6002-42fa-961e-8e275f575d71-2-5.jpg?fit=1360%2C931&ssl=1","contentUrl":"https:\/\/i0.wp.com\/blogdoprosperi.com\/wp-content\/uploads\/2026\/05\/cropped-8059e613-6002-42fa-961e-8e275f575d71-2-5.jpg?fit=1360%2C931&ssl=1","width":1360,"height":931,"caption":"Luiz Ant\u00f4nio Pr\u00f3speri"},"logo":{"@id":"https:\/\/i0.wp.com\/blogdoprosperi.com\/wp-content\/uploads\/2026\/05\/cropped-8059e613-6002-42fa-961e-8e275f575d71-2-5.jpg?fit=1360%2C931&ssl=1"},"description":"Jornalista com carreira dedicada ao esporte. Cobriu 9 Copas do Mundo in loco, 1990 na It\u00e1lia, 1994 nos EUA, 1998 na Fran\u00e7a, 2002 na Coreia do Sul e Jap\u00e3o, 2006 na Alemanha, 2010 na \u00c1frica do Sul, 2014 no Brasil, 2018 na R\u00fassia e 2022 no Qatar. Eurocopas, 1992 na Su\u00e9cia e 1996 na Inglaterra. Copa das Confedera\u00e7\u00f5es de 2005 na Alemanha e 2009 na \u00c1frica do Sul. Rep\u00f3rter e Editor, trabalhou no Jornal da Tarde e Estad\u00e3o, de 1984 a fevereiro de 2016. Colunista, blogueiro. E comentarista de futebol na R\u00e1dio Estad\u00e3o, de 2013 a fevereiro de 2016. Jornalista respons\u00e1vel do \"Pr\u00f3speri News\" (blogdoprosperi.com).","sameAs":["http:\/\/blogdoprosperi.com","Luiz Pr\u00f3speri","@luiz_prosperi","https:\/\/x.com\/Luizprosperi","@prosperinacopa","luiz.prosperi@icloud.com"],"url":"https:\/\/blogdoprosperi.com\/?author=102107496"}]}},"jetpack_publicize_connections":[],"jetpack_likes_enabled":false,"jetpack_sharing_enabled":true,"jetpack_shortlink":"https:\/\/wp.me\/p7jvdk-g0L","jetpack-related-posts":[{"id":61363,"url":"https:\/\/blogdoprosperi.com\/?p=61363","url_meta":{"origin":61551,"position":0},"title":"Fifa acusada de &#8216;vender alma do futebol&#8217;: plano \u00e9 repassar direitos comerciais da Copa do Mundo por 20 bilh\u00f5es de d\u00f3lares","author":"Luiz Ant\u00f4nio Pr\u00f3speri","date":"28 de julho de 2026","format":false,"excerpt":"A Thrive Capital, uma empresa de investimentos fundada por Joshua Kushner, irm\u00e3o de Jared Kushner, genro de Donald Trump, lidera a busca por investidores por Matt Hughes e\u00a0Paul MacInnes, The Guardian \u2013 28 julho 2026 A Fifa anunciou planos para vender os direitos comerciais de seus torneios, incluindo a\u00a0Copa do\u2026","rel":"","context":"Em &quot;Fifa&quot;","block_context":{"text":"Fifa","link":"https:\/\/blogdoprosperi.com\/?cat=187969"},"img":{"alt_text":"","src":"https:\/\/i0.wp.com\/blogdoprosperi.com\/wp-content\/uploads\/2026\/07\/Captura-de-Tela-2026-07-28-as-15.00.46.png?fit=1152%2C894&ssl=1&resize=350%2C200","width":350,"height":200,"srcset":"https:\/\/i0.wp.com\/blogdoprosperi.com\/wp-content\/uploads\/2026\/07\/Captura-de-Tela-2026-07-28-as-15.00.46.png?fit=1152%2C894&ssl=1&resize=350%2C200 1x, https:\/\/i0.wp.com\/blogdoprosperi.com\/wp-content\/uploads\/2026\/07\/Captura-de-Tela-2026-07-28-as-15.00.46.png?fit=1152%2C894&ssl=1&resize=525%2C300 1.5x, https:\/\/i0.wp.com\/blogdoprosperi.com\/wp-content\/uploads\/2026\/07\/Captura-de-Tela-2026-07-28-as-15.00.46.png?fit=1152%2C894&ssl=1&resize=700%2C400 2x, https:\/\/i0.wp.com\/blogdoprosperi.com\/wp-content\/uploads\/2026\/07\/Captura-de-Tela-2026-07-28-as-15.00.46.png?fit=1152%2C894&ssl=1&resize=1050%2C600 3x"},"classes":[]},{"id":61387,"url":"https:\/\/blogdoprosperi.com\/?p=61387","url_meta":{"origin":61551,"position":1},"title":"Copa do Mundo \u00e0 venda: Por quanto e por que Infantino est\u00e1 fazendo isso?","author":"Luiz Ant\u00f4nio Pr\u00f3speri","date":"29 de julho de 2026","format":false,"excerpt":"por Matt Slater, New York Times \/ The Athletic \u2013 29 julho 2026 A FIFA anunciou planos para vender uma participa\u00e7\u00e3o minorit\u00e1ria significativa em uma nova empresa que administrar\u00e1 seus principais eventos, incluindo a Copa do Mundo e o Mundial de Clubes, como parte de um plano para triplicar o\u2026","rel":"","context":"Em &quot;Fifa&quot;","block_context":{"text":"Fifa","link":"https:\/\/blogdoprosperi.com\/?cat=187969"},"img":{"alt_text":"","src":"https:\/\/i0.wp.com\/blogdoprosperi.com\/wp-content\/uploads\/2026\/07\/images-1-2-378x378.jpg?resize=350%2C200&ssl=1","width":350,"height":200,"srcset":"https:\/\/i0.wp.com\/blogdoprosperi.com\/wp-content\/uploads\/2026\/07\/images-1-2-378x378.jpg?resize=350%2C200&ssl=1 1x, https:\/\/i0.wp.com\/blogdoprosperi.com\/wp-content\/uploads\/2026\/07\/images-1-2-378x378.jpg?resize=525%2C300&ssl=1 1.5x"},"classes":[]},{"id":61561,"url":"https:\/\/blogdoprosperi.com\/?p=61561","url_meta":{"origin":61551,"position":2},"title":"Copa do Mundo \u00e0 venda (epis\u00f3dio 1): A ren\u00fancia e as cr\u00edticas abertas de altos funcion\u00e1rios da FIFA colocam Infantino em uma situa\u00e7\u00e3o delicada","author":"Luiz Ant\u00f4nio Pr\u00f3speri","date":"31 de julho de 2026","format":false,"excerpt":"\"Este projeto n\u00e3o \u00e9 um projeto da FIFA, nem um projeto da administra\u00e7\u00e3o da FIFA. \u00c9 o projeto de uma pessoa s\u00f3\" \u2013 Kevin Lamour, diretor de opera\u00e7\u00f5es especiais da Fifa. Diego Torres, El Pa\u00eds (Madri) \u2013 31 julho 2026 Duas semanas ap\u00f3s ser coroado o presidente que levou a\u2026","rel":"","context":"Em &quot;Fifa&quot;","block_context":{"text":"Fifa","link":"https:\/\/blogdoprosperi.com\/?cat=187969"},"img":{"alt_text":"","src":"https:\/\/i0.wp.com\/blogdoprosperi.com\/wp-content\/uploads\/2026\/07\/Captura-de-Tela-2026-07-16-as-23.14.03.png?fit=1030%2C868&ssl=1&resize=350%2C200","width":350,"height":200,"srcset":"https:\/\/i0.wp.com\/blogdoprosperi.com\/wp-content\/uploads\/2026\/07\/Captura-de-Tela-2026-07-16-as-23.14.03.png?fit=1030%2C868&ssl=1&resize=350%2C200 1x, https:\/\/i0.wp.com\/blogdoprosperi.com\/wp-content\/uploads\/2026\/07\/Captura-de-Tela-2026-07-16-as-23.14.03.png?fit=1030%2C868&ssl=1&resize=525%2C300 1.5x, https:\/\/i0.wp.com\/blogdoprosperi.com\/wp-content\/uploads\/2026\/07\/Captura-de-Tela-2026-07-16-as-23.14.03.png?fit=1030%2C868&ssl=1&resize=700%2C400 2x"},"classes":[]},{"id":61545,"url":"https:\/\/blogdoprosperi.com\/?p=61545","url_meta":{"origin":61551,"position":3},"title":"Copa do Mundo \u00e0 venda (epis\u00f3dio 4): Por dentro da aposta de Joshua Kushner na FIFA","author":"Luiz Ant\u00f4nio Pr\u00f3speri","date":"31 de julho de 2026","format":false,"excerpt":"Ramifica\u00e7\u00f5es da Fam\u00edlia Kushner, Trump e Infantino na trama para privatizar a Copa do Mundo. Acompanhe o #epis\u00f3dio4: Por Sophia Cai e Ben Johansen, da ag\u00eancia Politico (Berlim\/Nova York), reportagem publicada dia 28 julho 2026 A Thrive Capital de Josh Kushner\u00a0acredita ter encontrado uma oportunidade de investimento improv\u00e1vel no futebol\u2026","rel":"","context":"Em &quot;futebol&quot;","block_context":{"text":"futebol","link":"https:\/\/blogdoprosperi.com\/?cat=53870"},"img":{"alt_text":"","src":"https:\/\/i0.wp.com\/blogdoprosperi.com\/wp-content\/uploads\/2026\/07\/Captura-de-Tela-2026-07-29-as-17.00.15.png?fit=1200%2C932&ssl=1&resize=350%2C200","width":350,"height":200,"srcset":"https:\/\/i0.wp.com\/blogdoprosperi.com\/wp-content\/uploads\/2026\/07\/Captura-de-Tela-2026-07-29-as-17.00.15.png?fit=1200%2C932&ssl=1&resize=350%2C200 1x, https:\/\/i0.wp.com\/blogdoprosperi.com\/wp-content\/uploads\/2026\/07\/Captura-de-Tela-2026-07-29-as-17.00.15.png?fit=1200%2C932&ssl=1&resize=525%2C300 1.5x, https:\/\/i0.wp.com\/blogdoprosperi.com\/wp-content\/uploads\/2026\/07\/Captura-de-Tela-2026-07-29-as-17.00.15.png?fit=1200%2C932&ssl=1&resize=700%2C400 2x, https:\/\/i0.wp.com\/blogdoprosperi.com\/wp-content\/uploads\/2026\/07\/Captura-de-Tela-2026-07-29-as-17.00.15.png?fit=1200%2C932&ssl=1&resize=1050%2C600 3x"},"classes":[]},{"id":61591,"url":"https:\/\/blogdoprosperi.com\/?p=61591","url_meta":{"origin":61551,"position":4},"title":"Entenda como a Uefa pode derrubar Infantino da Fifa ap\u00f3s fracasso na privatiza\u00e7\u00e3o da Copa","author":"Luiz Ant\u00f4nio Pr\u00f3speri","date":"1 de agosto de 2026","format":false,"excerpt":"Luiz Ant\u00f4nio Pr\u00f3speri \u2013 1 agosto 2026 (10h30) Uefa (Uni\u00e3o Europeia de Futebol) sai fortalecida com a desist\u00eancia de Gianni Infantino, presidente da Fifa, de privatizar a Copa do Mundo. Ao propor boicote \u00e0 todas competi\u00e7\u00f5es Fifa, incluindo a Copa, diante da farra de grana no plano de Infantino, os\u2026","rel":"","context":"Em &quot;Fifa&quot;","block_context":{"text":"Fifa","link":"https:\/\/blogdoprosperi.com\/?cat=187969"},"img":{"alt_text":"","src":"https:\/\/i0.wp.com\/blogdoprosperi.com\/wp-content\/uploads\/2026\/08\/2373ca66-uefa_compound-708x416-1.webp?fit=708%2C416&ssl=1&resize=350%2C200","width":350,"height":200,"srcset":"https:\/\/i0.wp.com\/blogdoprosperi.com\/wp-content\/uploads\/2026\/08\/2373ca66-uefa_compound-708x416-1.webp?fit=708%2C416&ssl=1&resize=350%2C200 1x, https:\/\/i0.wp.com\/blogdoprosperi.com\/wp-content\/uploads\/2026\/08\/2373ca66-uefa_compound-708x416-1.webp?fit=708%2C416&ssl=1&resize=525%2C300 1.5x, https:\/\/i0.wp.com\/blogdoprosperi.com\/wp-content\/uploads\/2026\/08\/2373ca66-uefa_compound-708x416-1.webp?fit=708%2C416&ssl=1&resize=700%2C400 2x"},"classes":[]},{"id":61389,"url":"https:\/\/blogdoprosperi.com\/?p=61389","url_meta":{"origin":61551,"position":5},"title":"Copa do Mundo \u00e0 venda: CBF e Conmebol se calam diante da proposta da Fifa","author":"Luiz Ant\u00f4nio Pr\u00f3speri","date":"29 de julho de 2026","format":false,"excerpt":"CBF e Conmebol n\u00e3o se manifestam diante do plano de a Fifa repassar os direitos comerciais da Copa do Mundo a investidores do mercado financeiro. Europeus est\u00e3o contra a Fifa.","rel":"","context":"Em &quot;CBF&quot;","block_context":{"text":"CBF","link":"https:\/\/blogdoprosperi.com\/?cat=570700"},"img":{"alt_text":"","src":"https:\/\/i0.wp.com\/blogdoprosperi.com\/wp-content\/uploads\/2026\/07\/Captura-de-Tela-2026-07-29-as-16.35.22.png?fit=1200%2C813&ssl=1&resize=350%2C200","width":350,"height":200,"srcset":"https:\/\/i0.wp.com\/blogdoprosperi.com\/wp-content\/uploads\/2026\/07\/Captura-de-Tela-2026-07-29-as-16.35.22.png?fit=1200%2C813&ssl=1&resize=350%2C200 1x, https:\/\/i0.wp.com\/blogdoprosperi.com\/wp-content\/uploads\/2026\/07\/Captura-de-Tela-2026-07-29-as-16.35.22.png?fit=1200%2C813&ssl=1&resize=525%2C300 1.5x, https:\/\/i0.wp.com\/blogdoprosperi.com\/wp-content\/uploads\/2026\/07\/Captura-de-Tela-2026-07-29-as-16.35.22.png?fit=1200%2C813&ssl=1&resize=700%2C400 2x, https:\/\/i0.wp.com\/blogdoprosperi.com\/wp-content\/uploads\/2026\/07\/Captura-de-Tela-2026-07-29-as-16.35.22.png?fit=1200%2C813&ssl=1&resize=1050%2C600 3x"},"classes":[]}],"jetpack_featured_media_url":"https:\/\/i0.wp.com\/blogdoprosperi.com\/wp-content\/uploads\/2026\/07\/458823409996.jpg?fit=1024%2C683&ssl=1","_links":{"self":[{"href":"https:\/\/blogdoprosperi.com\/index.php?rest_route=\/wp\/v2\/posts\/61551","targetHints":{"allow":["GET"]}}],"collection":[{"href":"https:\/\/blogdoprosperi.com\/index.php?rest_route=\/wp\/v2\/posts"}],"about":[{"href":"https:\/\/blogdoprosperi.com\/index.php?rest_route=\/wp\/v2\/types\/post"}],"author":[{"embeddable":true,"href":"https:\/\/blogdoprosperi.com\/index.php?rest_route=\/wp\/v2\/users\/102107496"}],"replies":[{"embeddable":true,"href":"https:\/\/blogdoprosperi.com\/index.php?rest_route=%2Fwp%2Fv2%2Fcomments&post=61551"}],"version-history":[{"count":7,"href":"https:\/\/blogdoprosperi.com\/index.php?rest_route=\/wp\/v2\/posts\/61551\/revisions"}],"predecessor-version":[{"id":61576,"href":"https:\/\/blogdoprosperi.com\/index.php?rest_route=\/wp\/v2\/posts\/61551\/revisions\/61576"}],"wp:featuredmedia":[{"embeddable":true,"href":"https:\/\/blogdoprosperi.com\/index.php?rest_route=\/wp\/v2\/media\/60784"}],"wp:attachment":[{"href":"https:\/\/blogdoprosperi.com\/index.php?rest_route=%2Fwp%2Fv2%2Fmedia&parent=61551"}],"wp:term":[{"taxonomy":"category","embeddable":true,"href":"https:\/\/blogdoprosperi.com\/index.php?rest_route=%2Fwp%2Fv2%2Fcategories&post=61551"},{"taxonomy":"post_tag","embeddable":true,"href":"https:\/\/blogdoprosperi.com\/index.php?rest_route=%2Fwp%2Fv2%2Ftags&post=61551"}],"curies":[{"name":"wp","href":"https:\/\/api.w.org\/{rel}","templated":true}]}}