{"id":61561,"date":"2026-07-31T15:40:32","date_gmt":"2026-07-31T18:40:32","guid":{"rendered":"https:\/\/blogdoprosperi.com\/?p=61561"},"modified":"2026-07-31T15:40:32","modified_gmt":"2026-07-31T18:40:32","slug":"copa-do-mundo-a-venda-episodio-1-a-renuncia-e-as-criticas-abertas-de-altos-funcionarios-da-fifa-colocam-infantino-em-uma-situacao-delicada","status":"publish","type":"post","link":"https:\/\/blogdoprosperi.com\/?p=61561","title":{"rendered":"Copa do Mundo \u00e0 venda (epis\u00f3dio 1): A ren\u00fancia e as cr\u00edticas abertas de altos funcion\u00e1rios da FIFA colocam Infantino em uma situa\u00e7\u00e3o delicada"},"content":{"rendered":"<p><strong><span dir=\"auto\">&#8220;<em>Este projeto n\u00e3o \u00e9 um projeto da FIFA, nem um projeto da administra\u00e7\u00e3o da FIFA. \u00c9 o projeto de uma pessoa s\u00f3&#8221; \u2013 Kevin Lamour, diretor de opera\u00e7\u00f5es especiais da Fifa.<\/em><\/span><\/strong><\/p>\n<p><em>Diego Torres, El Pa\u00eds (Madri) \u2013 31 julho 2026<\/em><\/p>\n<p class=\"\"><span dir=\"auto\">Duas semanas ap\u00f3s ser coroado o presidente que levou a FIFA a organizar a Copa do Mundo mais lucrativa e barulhenta da hist\u00f3ria do futebol, o ch\u00e3o est\u00e1 tremendo sob os p\u00e9s de Gianni Infantino. O dirigente su\u00ed\u00e7o acordou com a not\u00edcia de que a Confedera\u00e7\u00e3o Asi\u00e1tica de Futebol est\u00e1 unindo for\u00e7as com a UEFA e a CONCACAF contra seu\u00a0<\/span><a title=\"https:\/\/elpais.com\/deportes\/futbol\/2026-07-28\/infantino-proyecta-convertir-el-mundial-en-una-compania-privada-y-vender-las-acciones.html\" href=\"https:\/\/elpais.com\/deportes\/futbol\/2026-07-28\/infantino-proyecta-convertir-el-mundial-en-una-compania-privada-y-vender-las-acciones.html\" target=\"_self\" rel=\"\" data-link-track-dtm=\"\" data-mrf-link=\"https:\/\/elpais.com\/deportes\/futbol\/2026-07-28\/infantino-proyecta-convertir-el-mundial-en-una-compania-privada-y-vender-las-acciones.html\"><span dir=\"auto\">plano de privatizar a Copa do Mundo<\/span><\/a><span dir=\"auto\">, no mesmo dia em que dois de seus principais assessores condenaram sua gest\u00e3o. <\/span><\/p>\n<p class=\"\"><span dir=\"auto\">Carlos Cordeiro, assessor pessoal de Infantino e conselheiro da Casa Branca para a Copa do Mundo de 2026, renunciou ao cargo com uma carta aberta contundente; e, posteriormente, o diretor de opera\u00e7\u00f5es da FIFA, Kevin Lamour, concedeu uma entrevista \u00e0 Associated Press na qual afirmou sentir-se &#8220;enganado&#8221; pela falta de transpar\u00eancia com que seu chefe planejava vender a Copa do Mundo. &#8220;Os funcion\u00e1rios da FIFA merecem mais do que desprezo e intimida\u00e7\u00e3o&#8221;, disse ele. <strong>&#8220;Este projeto n\u00e3o \u00e9 um projeto da FIFA, nem um projeto da administra\u00e7\u00e3o da FIFA. \u00c9 o projeto de uma pessoa s\u00f3.&#8221;<\/strong><\/span><\/p>\n<p class=\"\"><span dir=\"auto\">Carlos Cordeiro, ex-diretor da Federa\u00e7\u00e3o de Futebol dos EUA, deixou a organiza\u00e7\u00e3o, denunciando o plano que o presidente da FIFA manteve em segredo at\u00e9 ser revelado na \u00faltima ter\u00e7a-feira pelo jornal londrino\u00a0<\/span><i><span dir=\"auto\">The Times.<\/span><\/i><span dir=\"auto\">\u00a0\u201cComo conselheiro s\u00eanior do presidente\u201d, escreveu Cordeiro em uma carta aberta, \u201cex-banqueiro e f\u00e3 de futebol de longa data, n\u00e3o posso ficar de bra\u00e7os cruzados enquanto a FIFA considera vender uma participa\u00e7\u00e3o na Copa do Mundo. <strong>Deixe-me ser claro: n\u00e3o tive qualquer envolvimento nesta proposta e me oponho a ela sem questionamentos. \u00c9 um mau neg\u00f3cio para as federa\u00e7\u00f5es membros da FIFA, um mau neg\u00f3cio para o futebol e um mau neg\u00f3cio para o futuro do esporte a longo prazo<\/strong>.\u201d<\/span><\/p>\n<div id=\"elpais_gpt-INTEXT\"><\/div>\n<p class=\"\"><span dir=\"auto\">Kevin Lamour condenou a conduta de seu chefe com a autoridade que lhe \u00e9 conferida por sua posi\u00e7\u00e3o de alto escal\u00e3o na organiza\u00e7\u00e3o que rege o futebol mundial, tendo compartilhado sua carreira profissional com Infantino na UEFA e na FIFA. \u201cEste projeto [de venda da Copa do Mundo] n\u00e3o foi apenas ocultado dos vice-presidentes, membros do conselho da FIFA, confedera\u00e7\u00f5es, federa\u00e7\u00f5es e jogadores\u201d, declarou. <strong>\u201cA pr\u00f3pria administra\u00e7\u00e3o da FIFA foi enganada. Essa mentira n\u00e3o \u00e9 trivial. \u00c9 t\u00e3o viciante quanto a falta de transpar\u00eancia e boa governan\u00e7a\u2026<\/strong> Este projeto n\u00e3o pode prosseguir\u2026 \u00c9 hora de os l\u00edderes pol\u00edticos do futebol se fazerem as perguntas certas e tomarem as decis\u00f5es certas.\u201d<\/span><\/p>\n<p class=\"\"><span dir=\"auto\">A diatribe de Lamour e a ren\u00fancia de Cordeiro coincidiram com o manifesto publicado pela Confedera\u00e7\u00e3o Asi\u00e1tica de Futebol (AFC), que se uniu \u00e0 UEFA e \u00e0 CONCACAF na condena\u00e7\u00e3o do plano de investimento privado proposto pela FIFA. A AFC declarou que seus membros estavam alarmados: &#8220;Chegamos ao ponto sem precedentes em que um boicote \u00e0 Copa do Mundo entrou no discurso p\u00fablico.&#8221;<\/span><\/p>\n<p class=\"\"><span dir=\"auto\">A Confedera\u00e7\u00e3o Asi\u00e1tica de Futebol (CAF) declarou sua solidariedade \u00e0s entidades regionais que regem o futebol, UEFA e CONCACAF. As tr\u00eas confedera\u00e7\u00f5es se op\u00f5em aos planos de venda de uma participa\u00e7\u00e3o na Copa do Mundo para investidores privados, em um acordo liderado pelo banco americano JP Morgan e uma empresa que re\u00fane investidores por meio de Joshua Kurschner, irm\u00e3o do genro de Donald Trump. A CAF foi bastante cr\u00edtica,\u00a0<\/span><a title=\"https:\/\/elpais.com\/deportes\/futbol\/2026-07-30\/la-uefa-y-sus-federaciones-nacionales-inician-un-boicot-contra-la-fifa.html\" href=\"https:\/\/elpais.com\/deportes\/futbol\/2026-07-30\/la-uefa-y-sus-federaciones-nacionales-inician-un-boicot-contra-la-fifa.html\" target=\"_self\" rel=\"\" data-link-track-dtm=\"\" data-mrf-link=\"https:\/\/elpais.com\/deportes\/futbol\/2026-07-30\/la-uefa-y-sus-federaciones-nacionales-inician-un-boicot-contra-la-fifa.html\"><span dir=\"auto\">mas n\u00e3o chegou a amea\u00e7ar boicotar eventos organizados pela FIFA<\/span><\/a><span dir=\"auto\">\u00a0, a entidade m\u00e1xima do futebol mundial, como fizeram as 55 associa\u00e7\u00f5es-membro da UEFA na quinta-feira.<\/span><\/p>\n<p class=\"\"><span dir=\"auto\">Em comunicado, a confedera\u00e7\u00e3o asi\u00e1tica expressou profunda preocupa\u00e7\u00e3o com a proposta de cria\u00e7\u00e3o de uma subsidi\u00e1ria comercial de 20 bilh\u00f5es de d\u00f3lares, a FIFA Forward Enterprise (FFE), para gerenciar a Copa do Mundo e outros eventos da FIFA.\u00a0<\/span><a title=\"https:\/\/elpais.com\/deportes\/futbol\/2026-07-30\/la-uefa-y-sus-federaciones-nacionales-inician-un-boicot-contra-la-fifa.html\" href=\"https:\/\/elpais.com\/deportes\/futbol\/2026-07-30\/la-uefa-y-sus-federaciones-nacionales-inician-un-boicot-contra-la-fifa.html\" target=\"_self\" rel=\"\" data-link-track-dtm=\"\" data-mrf-link=\"https:\/\/elpais.com\/deportes\/futbol\/2026-07-30\/la-uefa-y-sus-federaciones-nacionales-inician-un-boicot-contra-la-fifa.html\"><span dir=\"auto\">&#8220;O fato de a situa\u00e7\u00e3o ter chegado ao ponto em que a possibilidade real de um boicote \u00e0 Copa do Mundo da FIFA<\/span><\/a><span dir=\"auto\">\u00a0se tornou tema de debate p\u00fablico deveria alarmar todos que se importam com o futuro do nosso esporte&#8221;, dizia o comunicado.<\/span><\/p>\n<p class=\"\"><span dir=\"auto\">Na quinta-feira, o presidente da AFC, Sheikh Salman bin Ebrahim Al-Khalifa, declarou, em carta \u00e0s federa\u00e7\u00f5es membros, que a forma como a proposta foi apresentada era \u201ctotalmente inaceit\u00e1vel\u201d. A AFC afirmou que \u201ca proposta da FFE n\u00e3o consegue, realisticamente, alcan\u00e7ar o amplo consenso e a unidade necess\u00e1rios para avan\u00e7ar\u2026 A Copa do Mundo da FIFA \u00e9 o \u00e1pice do futebol mundial e sua for\u00e7a deriva da participa\u00e7\u00e3o de todas as confedera\u00e7\u00f5es e das principais na\u00e7\u00f5es futebol\u00edsticas do mundo\u201d.<\/span><\/p>\n<div id=\"sum_twitter\" class=\"a_em _df\" data-oembed-type=\"twitter\">\n<div class=\"twitter-tweet twitter-tweet-rendered\"><iframe id=\"twitter-widget-0\" class=\"\" title=\"Postagem X\" src=\"https:\/\/platform.twitter.com\/embed\/Tweet.html?dnt=false&amp;embedId=twitter-widget-0&amp;features=eyJ0ZndfdGltZWxpbmVfbGlzdCI6eyJidWNrZXQiOltdLCJ2ZXJzaW9uIjpudWxsfSwidGZ3X2ZvbGxvd2VyX2NvdW50X3N1bnNldCI6eyJidWNrZXQiOnRydWUsInZlcnNpb24iOm51bGx9LCJ0ZndfdHdlZXRfZWRpdF9iYWNrZW5kIjp7ImJ1Y2tldCI6Im9uIiwidmVyc2lvbiI6bnVsbH0sInRmd19yZWZzcmNfc2Vzc2lvbiI6eyJidWNrZXQiOiJvbiIsInZlcnNpb24iOm51bGx9LCJ0ZndfZm9zbnJfc29mdF9pbnRlcnZlbnRpb25zX2VuYWJsZWQiOnsiYnVja2V0Ijoib24iLCJ2ZXJzaW9uIjpudWxsfSwidGZ3X21peGVkX21lZGlhXzE1ODk3Ijp7ImJ1Y2tldCI6InRyZWF0bWVudCIsInZlcnNpb24iOm51bGx9LCJ0ZndfZXhwZXJpbWVudHNfY29va2llX2V4cGlyYXRpb24iOnsiYnVja2V0IjoxMjA5NjAwLCJ2ZXJzaW9uIjpudWxsfSwidGZ3X3Nob3dfYmlyZHdhdGNoX3Bpdm90c19lbmFibGVkIjp7ImJ1Y2tldCI6Im9uIiwidmVyc2lvbiI6bnVsbH0sInRmd19kdXBsaWNhdGVfc2NyaWJlc190b19zZXR0aW5ncyI6eyJidWNrZXQiOiJvbiIsInZlcnNpb24iOm51bGx9LCJ0ZndfdXNlX3Byb2ZpbGVfaW1hZ2Vfc2hhcGVfZW5hYmxlZCI6eyJidWNrZXQiOiJvbiIsInZlcnNpb24iOm51bGx9LCJ0ZndfdmlkZW9faGxzX2R5bmFtaWNfbWFuaWZlc3RzXzE1MDgyIjp7ImJ1Y2tldCI6InRydWVfYml0cmF0ZSIsInZlcnNpb24iOm51bGx9LCJ0ZndfbGVnYWN5X3RpbWVsaW5lX3N1bnNldCI6eyJidWNrZXQiOnRydWUsInZlcnNpb24iOm51bGx9LCJ0ZndfdHdlZXRfZWRpdF9mcm9udGVuZCI6eyJidWNrZXQiOiJvbiIsInZlcnNpb24iOm51bGx9fQ%3D%3D&amp;frame=false&amp;hideCard=false&amp;hideThread=false&amp;id=2082989442302660741&amp;lang=pt&amp;origin=https%3A%2F%2Felpais.com%2Fdeportes%2Ffutbol%2F2026-07-31%2Fla-confederacion-asiatica-de-futbol-respalda-a-la-uefa-y-la-concafaf-en-su-oposicion-al-proyecto-de-la-fifa-de-privatizar-el-mundial.html&amp;sessionId=6228cc9874f608068040ff25536a663288287e29&amp;siteScreenName=elpais_deportes&amp;theme=light&amp;widgetsVersion=6a3ad42b224df%3A1778106238597&amp;width=550px\" frameborder=\"0\" scrolling=\"no\" allowfullscreen=\"allowfullscreen\" data-tweet-id=\"2082989442302660741\" data-mce-fragment=\"1\"><\/iframe><\/div>\n<\/div>\n<p class=\"\"><span dir=\"auto\">A AFC tamb\u00e9m lan\u00e7ou um ataque velado ao presidente da FIFA, Gianni Infantino, afirmando que o plano \u201cexp\u00f4s fragilidades fundamentais nos processos de consulta e tomada de decis\u00e3o da FIFA, que precisam ser abordadas agora\u201d. Mesmo ap\u00f3s a FIFA ter divulgado um novo comunicado na sexta-feira, indicando que cada associa\u00e7\u00e3o nacional \u201cdeveria ter a oportunidade de analisar a proposta e participar na constru\u00e7\u00e3o do seu pr\u00f3prio futuro\u201d, a AFC declarou que \u201cpreocupa\u00e7\u00f5es cruciais em torno da governan\u00e7a, do processo institucional e de uma consulta significativa permanecem sem resposta\u201d.<\/span><\/p>\n<p class=\"\"><a title=\"https:\/\/elpais.com\/deportes\/futbol\/2026-07-28\/infantino-proyecta-convertir-el-mundial-en-una-compania-privada-y-vender-las-acciones.html\" href=\"https:\/\/elpais.com\/deportes\/futbol\/2026-07-28\/infantino-proyecta-convertir-el-mundial-en-una-compania-privada-y-vender-las-acciones.html\" target=\"_self\" rel=\"\" data-link-track-dtm=\"\" data-mrf-link=\"https:\/\/elpais.com\/deportes\/futbol\/2026-07-28\/infantino-proyecta-convertir-el-mundial-en-una-compania-privada-y-vender-las-acciones.html\"><span dir=\"auto\">Ele acrescentou que a controv\u00e9rsia deveria servir de catalisador para a reforma institucional da FIFA<\/span><\/a><span dir=\"auto\">\u00a0e que \u201cuma democracia significativa n\u00e3o se mede apenas pela\u2026 oportunidade de votar. Ela come\u00e7a com governan\u00e7a transparente, consultas oportunas, delibera\u00e7\u00e3o informada e participa\u00e7\u00e3o genu\u00edna em todo o processo de tomada de decis\u00e3o\u201d.<\/span><\/p>\n","protected":false},"excerpt":{"rendered":"<p>&#8220;Este projeto n\u00e3o \u00e9 um projeto da FIFA, nem um projeto da administra\u00e7\u00e3o da FIFA. \u00c9 o projeto [&hellip;]<\/p>\n","protected":false},"author":102107496,"featured_media":60723,"comment_status":"open","ping_status":"open","sticky":false,"template":"","format":"standard","meta":{"_coblocks_attr":"","_coblocks_dimensions":"","_coblocks_responsive_height":"","_coblocks_accordion_ie_support":"","_jetpack_newsletter_access":"","_jetpack_dont_email_post_to_subs":false,"_jetpack_newsletter_tier_id":0,"_jetpack_memberships_contains_paywalled_content":false,"_wpcom_ai_launchpad_first_post":false,"_jetpack_feature_clip_id":0,"_jetpack_memberships_contains_paid_content":false,"footnotes":"","jetpack_publicize_message":"","jetpack_publicize_feature_enabled":true,"jetpack_social_post_already_shared":true,"jetpack_social_options":{"image_generator_settings":{"template":"highway","default_image_id":0,"font":"","enabled":false},"version":2},"jetpack_post_was_ever_published":false},"categories":[187969,53870],"tags":[789560783,789560782,789560651,789560563,881794,789560784],"class_list":["post-61561","post","type-post","status-publish","format-standard","has-post-thumbnail","hentry","category-fifa","category-futebol","tag-carlos-coreiro","tag-copa-do-mundo-a-venda","tag-copadomundo","tag-fifa","tag-infantino","tag-kevin-lamour"],"yoast_head":"<!-- This site is optimized with the Yoast SEO plugin v28.3 - https:\/\/yoast.com\/product\/yoast-seo-wordpress\/ -->\n<title>Copa do Mundo \u00e0 venda (epis\u00f3dio 1): A ren\u00fancia e as cr\u00edticas abertas de altos funcion\u00e1rios da FIFA colocam Infantino em uma situa\u00e7\u00e3o delicada - PR\u00d3SPERI NEWS<\/title>\n<meta name=\"robots\" content=\"index, follow, max-snippet:-1, max-image-preview:large, max-video-preview:-1\" \/>\n<link rel=\"canonical\" href=\"https:\/\/blogdoprosperi.com\/?p=61561\" \/>\n<meta property=\"og:locale\" content=\"pt_BR\" \/>\n<meta property=\"og:type\" content=\"article\" \/>\n<meta property=\"og:title\" content=\"Copa do Mundo \u00e0 venda (epis\u00f3dio 1): A ren\u00fancia e as cr\u00edticas abertas de altos funcion\u00e1rios da FIFA colocam Infantino em uma situa\u00e7\u00e3o delicada - PR\u00d3SPERI NEWS\" \/>\n<meta property=\"og:description\" content=\"&#8220;Este projeto n\u00e3o \u00e9 um projeto da FIFA, nem um projeto da administra\u00e7\u00e3o da FIFA. \u00c9 o projeto [&hellip;]\" \/>\n<meta property=\"og:url\" content=\"https:\/\/blogdoprosperi.com\/?p=61561\" \/>\n<meta property=\"og:site_name\" content=\"PR\u00d3SPERI NEWS\" \/>\n<meta property=\"article:publisher\" content=\"Luiz Pr\u00f3speri\" \/>\n<meta property=\"article:author\" content=\"Luiz Pr\u00f3speri\" \/>\n<meta property=\"article:published_time\" content=\"2026-07-31T18:40:32+00:00\" \/>\n<meta property=\"og:image\" content=\"https:\/\/i0.wp.com\/blogdoprosperi.com\/wp-content\/uploads\/2026\/07\/Captura-de-Tela-2026-07-16-as-23.14.03.png?fit=1030%2C868&ssl=1\" \/>\n\t<meta property=\"og:image:width\" content=\"1030\" \/>\n\t<meta property=\"og:image:height\" content=\"868\" \/>\n\t<meta property=\"og:image:type\" content=\"image\/png\" \/>\n<meta name=\"author\" content=\"Luiz Ant\u00f4nio Pr\u00f3speri\" \/>\n<meta name=\"twitter:card\" content=\"summary_large_image\" \/>\n<meta name=\"twitter:creator\" content=\"@Luizprosperi\" \/>\n<meta name=\"twitter:site\" content=\"@Luizprosperi\" \/>\n<meta name=\"twitter:label1\" content=\"Escrito por\" \/>\n\t<meta name=\"twitter:data1\" content=\"Luiz Ant\u00f4nio Pr\u00f3speri\" \/>\n\t<meta name=\"twitter:label2\" content=\"Est. tempo de leitura\" \/>\n\t<meta name=\"twitter:data2\" content=\"5 minutos\" \/>\n<script type=\"application\/ld+json\" class=\"yoast-schema-graph\">{\"@context\":\"https:\\\/\\\/schema.org\",\"@graph\":[{\"@type\":\"Article\",\"@id\":\"https:\\\/\\\/blogdoprosperi.com\\\/?p=61561#article\",\"isPartOf\":{\"@id\":\"https:\\\/\\\/blogdoprosperi.com\\\/?p=61561\"},\"author\":{\"name\":\"Luiz Ant\u00f4nio Pr\u00f3speri\",\"@id\":\"https:\\\/\\\/blogdoprosperi.com\\\/#\\\/schema\\\/person\\\/38100755ce3601861ee4fab9b5aa78e9\"},\"headline\":\"Copa do Mundo \u00e0 venda (epis\u00f3dio 1): A ren\u00fancia e as cr\u00edticas abertas de altos funcion\u00e1rios da FIFA colocam Infantino em uma situa\u00e7\u00e3o delicada\",\"datePublished\":\"2026-07-31T18:40:32+00:00\",\"mainEntityOfPage\":{\"@id\":\"https:\\\/\\\/blogdoprosperi.com\\\/?p=61561\"},\"wordCount\":1002,\"commentCount\":0,\"publisher\":{\"@id\":\"https:\\\/\\\/blogdoprosperi.com\\\/#\\\/schema\\\/person\\\/38100755ce3601861ee4fab9b5aa78e9\"},\"image\":{\"@id\":\"https:\\\/\\\/blogdoprosperi.com\\\/?p=61561#primaryimage\"},\"thumbnailUrl\":\"https:\\\/\\\/i0.wp.com\\\/blogdoprosperi.com\\\/wp-content\\\/uploads\\\/2026\\\/07\\\/Captura-de-Tela-2026-07-16-as-23.14.03.png?fit=1030%2C868&ssl=1\",\"keywords\":[\"Carlos coreiro\",\"Copa do Mundo \u00e0 venda\",\"copadomundo\",\"Fifa\",\"Infantino\",\"kevin lamour\"],\"articleSection\":[\"Fifa\",\"futebol\"],\"inLanguage\":\"pt-BR\",\"potentialAction\":[{\"@type\":\"CommentAction\",\"name\":\"Comment\",\"target\":[\"https:\\\/\\\/blogdoprosperi.com\\\/?p=61561#respond\"]}]},{\"@type\":\"WebPage\",\"@id\":\"https:\\\/\\\/blogdoprosperi.com\\\/?p=61561\",\"url\":\"https:\\\/\\\/blogdoprosperi.com\\\/?p=61561\",\"name\":\"Copa do Mundo \u00e0 venda (epis\u00f3dio 1): A ren\u00fancia e as cr\u00edticas abertas de altos funcion\u00e1rios da FIFA colocam Infantino em uma situa\u00e7\u00e3o delicada - PR\u00d3SPERI NEWS\",\"isPartOf\":{\"@id\":\"https:\\\/\\\/blogdoprosperi.com\\\/#website\"},\"primaryImageOfPage\":{\"@id\":\"https:\\\/\\\/blogdoprosperi.com\\\/?p=61561#primaryimage\"},\"image\":{\"@id\":\"https:\\\/\\\/blogdoprosperi.com\\\/?p=61561#primaryimage\"},\"thumbnailUrl\":\"https:\\\/\\\/i0.wp.com\\\/blogdoprosperi.com\\\/wp-content\\\/uploads\\\/2026\\\/07\\\/Captura-de-Tela-2026-07-16-as-23.14.03.png?fit=1030%2C868&ssl=1\",\"datePublished\":\"2026-07-31T18:40:32+00:00\",\"breadcrumb\":{\"@id\":\"https:\\\/\\\/blogdoprosperi.com\\\/?p=61561#breadcrumb\"},\"inLanguage\":\"pt-BR\",\"potentialAction\":[{\"@type\":\"ReadAction\",\"target\":[\"https:\\\/\\\/blogdoprosperi.com\\\/?p=61561\"]}]},{\"@type\":\"ImageObject\",\"inLanguage\":\"pt-BR\",\"@id\":\"https:\\\/\\\/blogdoprosperi.com\\\/?p=61561#primaryimage\",\"url\":\"https:\\\/\\\/i0.wp.com\\\/blogdoprosperi.com\\\/wp-content\\\/uploads\\\/2026\\\/07\\\/Captura-de-Tela-2026-07-16-as-23.14.03.png?fit=1030%2C868&ssl=1\",\"contentUrl\":\"https:\\\/\\\/i0.wp.com\\\/blogdoprosperi.com\\\/wp-content\\\/uploads\\\/2026\\\/07\\\/Captura-de-Tela-2026-07-16-as-23.14.03.png?fit=1030%2C868&ssl=1\",\"width\":1030,\"height\":868,\"caption\":\"Infantino, o dono do mundo do futebol - foto: Instagram Infantino\"},{\"@type\":\"BreadcrumbList\",\"@id\":\"https:\\\/\\\/blogdoprosperi.com\\\/?p=61561#breadcrumb\",\"itemListElement\":[{\"@type\":\"ListItem\",\"position\":1,\"name\":\"In\u00edcio\",\"item\":\"https:\\\/\\\/blogdoprosperi.com\\\/\"},{\"@type\":\"ListItem\",\"position\":2,\"name\":\"Copa do Mundo \u00e0 venda (epis\u00f3dio 1): A ren\u00fancia e as cr\u00edticas abertas de altos funcion\u00e1rios da FIFA colocam Infantino em uma situa\u00e7\u00e3o delicada\"}]},{\"@type\":\"WebSite\",\"@id\":\"https:\\\/\\\/blogdoprosperi.com\\\/#website\",\"url\":\"https:\\\/\\\/blogdoprosperi.com\\\/\",\"name\":\"PR\u00d3SPERI NEWS\",\"description\":\"TUDO \u00c9  FUTEBOL\",\"publisher\":{\"@id\":\"https:\\\/\\\/blogdoprosperi.com\\\/#\\\/schema\\\/person\\\/38100755ce3601861ee4fab9b5aa78e9\"},\"alternateName\":\"blogdoprosperi.com\",\"potentialAction\":[{\"@type\":\"SearchAction\",\"target\":{\"@type\":\"EntryPoint\",\"urlTemplate\":\"https:\\\/\\\/blogdoprosperi.com\\\/?s={search_term_string}\"},\"query-input\":{\"@type\":\"PropertyValueSpecification\",\"valueRequired\":true,\"valueName\":\"search_term_string\"}}],\"inLanguage\":\"pt-BR\"},{\"@type\":[\"Person\",\"Organization\"],\"@id\":\"https:\\\/\\\/blogdoprosperi.com\\\/#\\\/schema\\\/person\\\/38100755ce3601861ee4fab9b5aa78e9\",\"name\":\"Luiz Ant\u00f4nio Pr\u00f3speri\",\"pronouns\":\"ele\",\"image\":{\"@type\":\"ImageObject\",\"inLanguage\":\"pt-BR\",\"@id\":\"https:\\\/\\\/i0.wp.com\\\/blogdoprosperi.com\\\/wp-content\\\/uploads\\\/2026\\\/05\\\/cropped-8059e613-6002-42fa-961e-8e275f575d71-2-5.jpg?fit=1360%2C931&ssl=1\",\"url\":\"https:\\\/\\\/i0.wp.com\\\/blogdoprosperi.com\\\/wp-content\\\/uploads\\\/2026\\\/05\\\/cropped-8059e613-6002-42fa-961e-8e275f575d71-2-5.jpg?fit=1360%2C931&ssl=1\",\"contentUrl\":\"https:\\\/\\\/i0.wp.com\\\/blogdoprosperi.com\\\/wp-content\\\/uploads\\\/2026\\\/05\\\/cropped-8059e613-6002-42fa-961e-8e275f575d71-2-5.jpg?fit=1360%2C931&ssl=1\",\"width\":1360,\"height\":931,\"caption\":\"Luiz Ant\u00f4nio Pr\u00f3speri\"},\"logo\":{\"@id\":\"https:\\\/\\\/i0.wp.com\\\/blogdoprosperi.com\\\/wp-content\\\/uploads\\\/2026\\\/05\\\/cropped-8059e613-6002-42fa-961e-8e275f575d71-2-5.jpg?fit=1360%2C931&ssl=1\"},\"description\":\"Jornalista com carreira dedicada ao esporte. Cobriu 9 Copas do Mundo in loco, 1990 na It\u00e1lia, 1994 nos EUA, 1998 na Fran\u00e7a, 2002 na Coreia do Sul e Jap\u00e3o, 2006 na Alemanha, 2010 na \u00c1frica do Sul, 2014 no Brasil, 2018 na R\u00fassia e 2022 no Qatar. Eurocopas, 1992 na Su\u00e9cia e 1996 na Inglaterra. Copa das Confedera\u00e7\u00f5es de 2005 na Alemanha e 2009 na \u00c1frica do Sul. Rep\u00f3rter e Editor, trabalhou no Jornal da Tarde e Estad\u00e3o, de 1984 a fevereiro de 2016. Colunista, blogueiro. E comentarista de futebol na R\u00e1dio Estad\u00e3o, de 2013 a fevereiro de 2016. Jornalista respons\u00e1vel do \\\"Pr\u00f3speri News\\\" (blogdoprosperi.com).\",\"sameAs\":[\"http:\\\/\\\/blogdoprosperi.com\",\"Luiz Pr\u00f3speri\",\"@luiz_prosperi\",\"https:\\\/\\\/x.com\\\/Luizprosperi\",\"@prosperinacopa\",\"luiz.prosperi@icloud.com\"],\"url\":\"https:\\\/\\\/blogdoprosperi.com\\\/?author=102107496\"}]}<\/script>\n<!-- \/ Yoast SEO plugin. -->","yoast_head_json":{"title":"Copa do Mundo \u00e0 venda (epis\u00f3dio 1): A ren\u00fancia e as cr\u00edticas abertas de altos funcion\u00e1rios da FIFA colocam Infantino em uma situa\u00e7\u00e3o delicada - PR\u00d3SPERI NEWS","robots":{"index":"index","follow":"follow","max-snippet":"max-snippet:-1","max-image-preview":"max-image-preview:large","max-video-preview":"max-video-preview:-1"},"canonical":"https:\/\/blogdoprosperi.com\/?p=61561","og_locale":"pt_BR","og_type":"article","og_title":"Copa do Mundo \u00e0 venda (epis\u00f3dio 1): A ren\u00fancia e as cr\u00edticas abertas de altos funcion\u00e1rios da FIFA colocam Infantino em uma situa\u00e7\u00e3o delicada - PR\u00d3SPERI NEWS","og_description":"&#8220;Este projeto n\u00e3o \u00e9 um projeto da FIFA, nem um projeto da administra\u00e7\u00e3o da FIFA. \u00c9 o projeto [&hellip;]","og_url":"https:\/\/blogdoprosperi.com\/?p=61561","og_site_name":"PR\u00d3SPERI NEWS","article_publisher":"Luiz Pr\u00f3speri","article_author":"Luiz Pr\u00f3speri","article_published_time":"2026-07-31T18:40:32+00:00","og_image":[{"width":1030,"height":868,"url":"https:\/\/i0.wp.com\/blogdoprosperi.com\/wp-content\/uploads\/2026\/07\/Captura-de-Tela-2026-07-16-as-23.14.03.png?fit=1030%2C868&ssl=1","type":"image\/png"}],"author":"Luiz Ant\u00f4nio Pr\u00f3speri","twitter_card":"summary_large_image","twitter_creator":"@Luizprosperi","twitter_site":"@Luizprosperi","twitter_misc":{"Escrito por":"Luiz Ant\u00f4nio Pr\u00f3speri","Est. tempo de leitura":"5 minutos"},"schema":{"@context":"https:\/\/schema.org","@graph":[{"@type":"Article","@id":"https:\/\/blogdoprosperi.com\/?p=61561#article","isPartOf":{"@id":"https:\/\/blogdoprosperi.com\/?p=61561"},"author":{"name":"Luiz Ant\u00f4nio Pr\u00f3speri","@id":"https:\/\/blogdoprosperi.com\/#\/schema\/person\/38100755ce3601861ee4fab9b5aa78e9"},"headline":"Copa do Mundo \u00e0 venda (epis\u00f3dio 1): A ren\u00fancia e as cr\u00edticas abertas de altos funcion\u00e1rios da FIFA colocam Infantino em uma situa\u00e7\u00e3o delicada","datePublished":"2026-07-31T18:40:32+00:00","mainEntityOfPage":{"@id":"https:\/\/blogdoprosperi.com\/?p=61561"},"wordCount":1002,"commentCount":0,"publisher":{"@id":"https:\/\/blogdoprosperi.com\/#\/schema\/person\/38100755ce3601861ee4fab9b5aa78e9"},"image":{"@id":"https:\/\/blogdoprosperi.com\/?p=61561#primaryimage"},"thumbnailUrl":"https:\/\/i0.wp.com\/blogdoprosperi.com\/wp-content\/uploads\/2026\/07\/Captura-de-Tela-2026-07-16-as-23.14.03.png?fit=1030%2C868&ssl=1","keywords":["Carlos coreiro","Copa do Mundo \u00e0 venda","copadomundo","Fifa","Infantino","kevin lamour"],"articleSection":["Fifa","futebol"],"inLanguage":"pt-BR","potentialAction":[{"@type":"CommentAction","name":"Comment","target":["https:\/\/blogdoprosperi.com\/?p=61561#respond"]}]},{"@type":"WebPage","@id":"https:\/\/blogdoprosperi.com\/?p=61561","url":"https:\/\/blogdoprosperi.com\/?p=61561","name":"Copa do Mundo \u00e0 venda (epis\u00f3dio 1): A ren\u00fancia e as cr\u00edticas abertas de altos funcion\u00e1rios da FIFA colocam Infantino em uma situa\u00e7\u00e3o delicada - PR\u00d3SPERI NEWS","isPartOf":{"@id":"https:\/\/blogdoprosperi.com\/#website"},"primaryImageOfPage":{"@id":"https:\/\/blogdoprosperi.com\/?p=61561#primaryimage"},"image":{"@id":"https:\/\/blogdoprosperi.com\/?p=61561#primaryimage"},"thumbnailUrl":"https:\/\/i0.wp.com\/blogdoprosperi.com\/wp-content\/uploads\/2026\/07\/Captura-de-Tela-2026-07-16-as-23.14.03.png?fit=1030%2C868&ssl=1","datePublished":"2026-07-31T18:40:32+00:00","breadcrumb":{"@id":"https:\/\/blogdoprosperi.com\/?p=61561#breadcrumb"},"inLanguage":"pt-BR","potentialAction":[{"@type":"ReadAction","target":["https:\/\/blogdoprosperi.com\/?p=61561"]}]},{"@type":"ImageObject","inLanguage":"pt-BR","@id":"https:\/\/blogdoprosperi.com\/?p=61561#primaryimage","url":"https:\/\/i0.wp.com\/blogdoprosperi.com\/wp-content\/uploads\/2026\/07\/Captura-de-Tela-2026-07-16-as-23.14.03.png?fit=1030%2C868&ssl=1","contentUrl":"https:\/\/i0.wp.com\/blogdoprosperi.com\/wp-content\/uploads\/2026\/07\/Captura-de-Tela-2026-07-16-as-23.14.03.png?fit=1030%2C868&ssl=1","width":1030,"height":868,"caption":"Infantino, o dono do mundo do futebol - foto: Instagram Infantino"},{"@type":"BreadcrumbList","@id":"https:\/\/blogdoprosperi.com\/?p=61561#breadcrumb","itemListElement":[{"@type":"ListItem","position":1,"name":"In\u00edcio","item":"https:\/\/blogdoprosperi.com\/"},{"@type":"ListItem","position":2,"name":"Copa do Mundo \u00e0 venda (epis\u00f3dio 1): A ren\u00fancia e as cr\u00edticas abertas de altos funcion\u00e1rios da FIFA colocam Infantino em uma situa\u00e7\u00e3o delicada"}]},{"@type":"WebSite","@id":"https:\/\/blogdoprosperi.com\/#website","url":"https:\/\/blogdoprosperi.com\/","name":"PR\u00d3SPERI NEWS","description":"TUDO \u00c9  FUTEBOL","publisher":{"@id":"https:\/\/blogdoprosperi.com\/#\/schema\/person\/38100755ce3601861ee4fab9b5aa78e9"},"alternateName":"blogdoprosperi.com","potentialAction":[{"@type":"SearchAction","target":{"@type":"EntryPoint","urlTemplate":"https:\/\/blogdoprosperi.com\/?s={search_term_string}"},"query-input":{"@type":"PropertyValueSpecification","valueRequired":true,"valueName":"search_term_string"}}],"inLanguage":"pt-BR"},{"@type":["Person","Organization"],"@id":"https:\/\/blogdoprosperi.com\/#\/schema\/person\/38100755ce3601861ee4fab9b5aa78e9","name":"Luiz Ant\u00f4nio Pr\u00f3speri","pronouns":"ele","image":{"@type":"ImageObject","inLanguage":"pt-BR","@id":"https:\/\/i0.wp.com\/blogdoprosperi.com\/wp-content\/uploads\/2026\/05\/cropped-8059e613-6002-42fa-961e-8e275f575d71-2-5.jpg?fit=1360%2C931&ssl=1","url":"https:\/\/i0.wp.com\/blogdoprosperi.com\/wp-content\/uploads\/2026\/05\/cropped-8059e613-6002-42fa-961e-8e275f575d71-2-5.jpg?fit=1360%2C931&ssl=1","contentUrl":"https:\/\/i0.wp.com\/blogdoprosperi.com\/wp-content\/uploads\/2026\/05\/cropped-8059e613-6002-42fa-961e-8e275f575d71-2-5.jpg?fit=1360%2C931&ssl=1","width":1360,"height":931,"caption":"Luiz Ant\u00f4nio Pr\u00f3speri"},"logo":{"@id":"https:\/\/i0.wp.com\/blogdoprosperi.com\/wp-content\/uploads\/2026\/05\/cropped-8059e613-6002-42fa-961e-8e275f575d71-2-5.jpg?fit=1360%2C931&ssl=1"},"description":"Jornalista com carreira dedicada ao esporte. Cobriu 9 Copas do Mundo in loco, 1990 na It\u00e1lia, 1994 nos EUA, 1998 na Fran\u00e7a, 2002 na Coreia do Sul e Jap\u00e3o, 2006 na Alemanha, 2010 na \u00c1frica do Sul, 2014 no Brasil, 2018 na R\u00fassia e 2022 no Qatar. Eurocopas, 1992 na Su\u00e9cia e 1996 na Inglaterra. Copa das Confedera\u00e7\u00f5es de 2005 na Alemanha e 2009 na \u00c1frica do Sul. Rep\u00f3rter e Editor, trabalhou no Jornal da Tarde e Estad\u00e3o, de 1984 a fevereiro de 2016. Colunista, blogueiro. E comentarista de futebol na R\u00e1dio Estad\u00e3o, de 2013 a fevereiro de 2016. Jornalista respons\u00e1vel do \"Pr\u00f3speri News\" (blogdoprosperi.com).","sameAs":["http:\/\/blogdoprosperi.com","Luiz Pr\u00f3speri","@luiz_prosperi","https:\/\/x.com\/Luizprosperi","@prosperinacopa","luiz.prosperi@icloud.com"],"url":"https:\/\/blogdoprosperi.com\/?author=102107496"}]}},"jetpack_publicize_connections":[],"jetpack_likes_enabled":false,"jetpack_sharing_enabled":true,"jetpack_shortlink":"https:\/\/wp.me\/p7jvdk-g0V","jetpack-related-posts":[{"id":61580,"url":"https:\/\/blogdoprosperi.com\/?p=61580","url_meta":{"origin":61561,"position":0},"title":"Fifa desiste de vender a Copa do Mundo","author":"Luiz Ant\u00f4nio Pr\u00f3speri","date":"31 de julho de 2026","format":false,"excerpt":"Luiz Ant\u00f4nio Pr\u00f3speri \u2013 31 julho 2026 (22h30) Fifa desiste de privatizar a Copa do Mundo depois de uma resist\u00eancia ferrenha da maioria das confedera\u00e7\u00f5es continentais, nacionais e da maioria da comunidade do futebol internacional. Presidente Giovanni Infantino recua de sua proposta com receio de perder for\u00e7a dentro da pr\u00f3pria\u2026","rel":"","context":"Em &quot;Fifa&quot;","block_context":{"text":"Fifa","link":"https:\/\/blogdoprosperi.com\/?cat=187969"},"img":{"alt_text":"","src":"https:\/\/i0.wp.com\/blogdoprosperi.com\/wp-content\/uploads\/2026\/07\/Captura-de-Tela-2026-07-31-as-22.34.50.png?fit=1200%2C627&ssl=1&resize=350%2C200","width":350,"height":200,"srcset":"https:\/\/i0.wp.com\/blogdoprosperi.com\/wp-content\/uploads\/2026\/07\/Captura-de-Tela-2026-07-31-as-22.34.50.png?fit=1200%2C627&ssl=1&resize=350%2C200 1x, https:\/\/i0.wp.com\/blogdoprosperi.com\/wp-content\/uploads\/2026\/07\/Captura-de-Tela-2026-07-31-as-22.34.50.png?fit=1200%2C627&ssl=1&resize=525%2C300 1.5x, https:\/\/i0.wp.com\/blogdoprosperi.com\/wp-content\/uploads\/2026\/07\/Captura-de-Tela-2026-07-31-as-22.34.50.png?fit=1200%2C627&ssl=1&resize=700%2C400 2x, https:\/\/i0.wp.com\/blogdoprosperi.com\/wp-content\/uploads\/2026\/07\/Captura-de-Tela-2026-07-31-as-22.34.50.png?fit=1200%2C627&ssl=1&resize=1050%2C600 3x"},"classes":[]},{"id":61389,"url":"https:\/\/blogdoprosperi.com\/?p=61389","url_meta":{"origin":61561,"position":1},"title":"Copa do Mundo \u00e0 venda: CBF e Conmebol se calam diante da proposta da Fifa","author":"Luiz Ant\u00f4nio Pr\u00f3speri","date":"29 de julho de 2026","format":false,"excerpt":"CBF e Conmebol n\u00e3o se manifestam diante do plano de a Fifa repassar os direitos comerciais da Copa do Mundo a investidores do mercado financeiro. Europeus est\u00e3o contra a Fifa.","rel":"","context":"Em &quot;CBF&quot;","block_context":{"text":"CBF","link":"https:\/\/blogdoprosperi.com\/?cat=570700"},"img":{"alt_text":"","src":"https:\/\/i0.wp.com\/blogdoprosperi.com\/wp-content\/uploads\/2026\/07\/Captura-de-Tela-2026-07-29-as-16.35.22.png?fit=1200%2C813&ssl=1&resize=350%2C200","width":350,"height":200,"srcset":"https:\/\/i0.wp.com\/blogdoprosperi.com\/wp-content\/uploads\/2026\/07\/Captura-de-Tela-2026-07-29-as-16.35.22.png?fit=1200%2C813&ssl=1&resize=350%2C200 1x, https:\/\/i0.wp.com\/blogdoprosperi.com\/wp-content\/uploads\/2026\/07\/Captura-de-Tela-2026-07-29-as-16.35.22.png?fit=1200%2C813&ssl=1&resize=525%2C300 1.5x, https:\/\/i0.wp.com\/blogdoprosperi.com\/wp-content\/uploads\/2026\/07\/Captura-de-Tela-2026-07-29-as-16.35.22.png?fit=1200%2C813&ssl=1&resize=700%2C400 2x, https:\/\/i0.wp.com\/blogdoprosperi.com\/wp-content\/uploads\/2026\/07\/Captura-de-Tela-2026-07-29-as-16.35.22.png?fit=1200%2C813&ssl=1&resize=1050%2C600 3x"},"classes":[]},{"id":61591,"url":"https:\/\/blogdoprosperi.com\/?p=61591","url_meta":{"origin":61561,"position":2},"title":"Entenda como a Uefa pode derrubar Infantino da Fifa ap\u00f3s fracasso na privatiza\u00e7\u00e3o da Copa","author":"Luiz Ant\u00f4nio Pr\u00f3speri","date":"1 de agosto de 2026","format":false,"excerpt":"Luiz Ant\u00f4nio Pr\u00f3speri \u2013 1 agosto 2026 (10h30) Uefa (Uni\u00e3o Europeia de Futebol) sai fortalecida com a desist\u00eancia de Gianni Infantino, presidente da Fifa, de privatizar a Copa do Mundo. Ao propor boicote \u00e0 todas competi\u00e7\u00f5es Fifa, incluindo a Copa, diante da farra de grana no plano de Infantino, os\u2026","rel":"","context":"Em &quot;Fifa&quot;","block_context":{"text":"Fifa","link":"https:\/\/blogdoprosperi.com\/?cat=187969"},"img":{"alt_text":"","src":"https:\/\/i0.wp.com\/blogdoprosperi.com\/wp-content\/uploads\/2026\/08\/2373ca66-uefa_compound-708x416-1.webp?fit=708%2C416&ssl=1&resize=350%2C200","width":350,"height":200,"srcset":"https:\/\/i0.wp.com\/blogdoprosperi.com\/wp-content\/uploads\/2026\/08\/2373ca66-uefa_compound-708x416-1.webp?fit=708%2C416&ssl=1&resize=350%2C200 1x, https:\/\/i0.wp.com\/blogdoprosperi.com\/wp-content\/uploads\/2026\/08\/2373ca66-uefa_compound-708x416-1.webp?fit=708%2C416&ssl=1&resize=525%2C300 1.5x, https:\/\/i0.wp.com\/blogdoprosperi.com\/wp-content\/uploads\/2026\/08\/2373ca66-uefa_compound-708x416-1.webp?fit=708%2C416&ssl=1&resize=700%2C400 2x"},"classes":[]},{"id":61565,"url":"https:\/\/blogdoprosperi.com\/?p=61565","url_meta":{"origin":61561,"position":3},"title":"Copa do Mundo \u00e0 venda (epis\u00f3dio 2): CBF e Conmebol permanecem caladas","author":"Luiz Ant\u00f4nio Pr\u00f3speri","date":"31 de julho de 2026","format":false,"excerpt":"Assim como a Conmebol, as federa\u00e7\u00f5es brasileira (CBF) e argentina (AFA) tamb\u00e9m se mantiveram distantes da pol\u00eamica. Acompanhe o #epis\u00f3dio2:\u00a0 Andr\u00e9s Burgo, do El Pa\u00eds em Buenos Aires \u2013 31 julho 2026 A partir de sua sede em Assun\u00e7\u00e3o, capital do Paraguai, a dire\u00e7\u00e3o da Confedera\u00e7\u00e3o Sul-Americana de Futebol (Conmebol)\u2026","rel":"","context":"Em &quot;futebol&quot;","block_context":{"text":"futebol","link":"https:\/\/blogdoprosperi.com\/?cat=53870"},"img":{"alt_text":"","src":"https:\/\/i0.wp.com\/blogdoprosperi.com\/wp-content\/uploads\/2026\/07\/Captura-de-Tela-2026-07-31-as-15.55.32.png?fit=1132%2C770&ssl=1&resize=350%2C200","width":350,"height":200,"srcset":"https:\/\/i0.wp.com\/blogdoprosperi.com\/wp-content\/uploads\/2026\/07\/Captura-de-Tela-2026-07-31-as-15.55.32.png?fit=1132%2C770&ssl=1&resize=350%2C200 1x, https:\/\/i0.wp.com\/blogdoprosperi.com\/wp-content\/uploads\/2026\/07\/Captura-de-Tela-2026-07-31-as-15.55.32.png?fit=1132%2C770&ssl=1&resize=525%2C300 1.5x, https:\/\/i0.wp.com\/blogdoprosperi.com\/wp-content\/uploads\/2026\/07\/Captura-de-Tela-2026-07-31-as-15.55.32.png?fit=1132%2C770&ssl=1&resize=700%2C400 2x, https:\/\/i0.wp.com\/blogdoprosperi.com\/wp-content\/uploads\/2026\/07\/Captura-de-Tela-2026-07-31-as-15.55.32.png?fit=1132%2C770&ssl=1&resize=1050%2C600 3x"},"classes":[]},{"id":61485,"url":"https:\/\/blogdoprosperi.com\/?p=61485","url_meta":{"origin":61561,"position":4},"title":"URGENTE NEWS: Futebol europeu decreta boicote \u00e0 Fifa e atinge Copa do Mundo Feminina no Brasil","author":"Luiz Ant\u00f4nio Pr\u00f3speri","date":"30 de julho de 2026","format":false,"excerpt":"Primeiro ato do boicote dos europeus atinge em cheio a Copa do Mundo Feminina 2027 no Brasil, entre junho e julho. Acompanhe relato do jornal The Guardian a respeito da decis\u00e3o da Uefa: Os pa\u00edses europeus concordaram em boicotar todas as competi\u00e7\u00f5es da Fifa caso Gianni Infantino leve adiante suas\u2026","rel":"","context":"Em &quot;futebol&quot;","block_context":{"text":"futebol","link":"https:\/\/blogdoprosperi.com\/?cat=53870"},"img":{"alt_text":"","src":"https:\/\/i0.wp.com\/blogdoprosperi.com\/wp-content\/uploads\/2026\/07\/Captura-de-Tela-2026-07-30-as-13.37.41.png?fit=1200%2C837&ssl=1&resize=350%2C200","width":350,"height":200,"srcset":"https:\/\/i0.wp.com\/blogdoprosperi.com\/wp-content\/uploads\/2026\/07\/Captura-de-Tela-2026-07-30-as-13.37.41.png?fit=1200%2C837&ssl=1&resize=350%2C200 1x, https:\/\/i0.wp.com\/blogdoprosperi.com\/wp-content\/uploads\/2026\/07\/Captura-de-Tela-2026-07-30-as-13.37.41.png?fit=1200%2C837&ssl=1&resize=525%2C300 1.5x, https:\/\/i0.wp.com\/blogdoprosperi.com\/wp-content\/uploads\/2026\/07\/Captura-de-Tela-2026-07-30-as-13.37.41.png?fit=1200%2C837&ssl=1&resize=700%2C400 2x, https:\/\/i0.wp.com\/blogdoprosperi.com\/wp-content\/uploads\/2026\/07\/Captura-de-Tela-2026-07-30-as-13.37.41.png?fit=1200%2C837&ssl=1&resize=1050%2C600 3x"},"classes":[]},{"id":61387,"url":"https:\/\/blogdoprosperi.com\/?p=61387","url_meta":{"origin":61561,"position":5},"title":"Copa do Mundo \u00e0 venda: Por quanto e por que Infantino est\u00e1 fazendo isso?","author":"Luiz Ant\u00f4nio Pr\u00f3speri","date":"29 de julho de 2026","format":false,"excerpt":"por Matt Slater, New York Times \/ The Athletic \u2013 29 julho 2026 A FIFA anunciou planos para vender uma participa\u00e7\u00e3o minorit\u00e1ria significativa em uma nova empresa que administrar\u00e1 seus principais eventos, incluindo a Copa do Mundo e o Mundial de Clubes, como parte de um plano para triplicar o\u2026","rel":"","context":"Em &quot;Fifa&quot;","block_context":{"text":"Fifa","link":"https:\/\/blogdoprosperi.com\/?cat=187969"},"img":{"alt_text":"","src":"https:\/\/i0.wp.com\/blogdoprosperi.com\/wp-content\/uploads\/2026\/07\/images-1-2-378x378.jpg?resize=350%2C200&ssl=1","width":350,"height":200,"srcset":"https:\/\/i0.wp.com\/blogdoprosperi.com\/wp-content\/uploads\/2026\/07\/images-1-2-378x378.jpg?resize=350%2C200&ssl=1 1x, https:\/\/i0.wp.com\/blogdoprosperi.com\/wp-content\/uploads\/2026\/07\/images-1-2-378x378.jpg?resize=525%2C300&ssl=1 1.5x"},"classes":[]}],"jetpack_featured_media_url":"https:\/\/i0.wp.com\/blogdoprosperi.com\/wp-content\/uploads\/2026\/07\/Captura-de-Tela-2026-07-16-as-23.14.03.png?fit=1030%2C868&ssl=1","_links":{"self":[{"href":"https:\/\/blogdoprosperi.com\/index.php?rest_route=\/wp\/v2\/posts\/61561","targetHints":{"allow":["GET"]}}],"collection":[{"href":"https:\/\/blogdoprosperi.com\/index.php?rest_route=\/wp\/v2\/posts"}],"about":[{"href":"https:\/\/blogdoprosperi.com\/index.php?rest_route=\/wp\/v2\/types\/post"}],"author":[{"embeddable":true,"href":"https:\/\/blogdoprosperi.com\/index.php?rest_route=\/wp\/v2\/users\/102107496"}],"replies":[{"embeddable":true,"href":"https:\/\/blogdoprosperi.com\/index.php?rest_route=%2Fwp%2Fv2%2Fcomments&post=61561"}],"version-history":[{"count":3,"href":"https:\/\/blogdoprosperi.com\/index.php?rest_route=\/wp\/v2\/posts\/61561\/revisions"}],"predecessor-version":[{"id":61564,"href":"https:\/\/blogdoprosperi.com\/index.php?rest_route=\/wp\/v2\/posts\/61561\/revisions\/61564"}],"wp:featuredmedia":[{"embeddable":true,"href":"https:\/\/blogdoprosperi.com\/index.php?rest_route=\/wp\/v2\/media\/60723"}],"wp:attachment":[{"href":"https:\/\/blogdoprosperi.com\/index.php?rest_route=%2Fwp%2Fv2%2Fmedia&parent=61561"}],"wp:term":[{"taxonomy":"category","embeddable":true,"href":"https:\/\/blogdoprosperi.com\/index.php?rest_route=%2Fwp%2Fv2%2Fcategories&post=61561"},{"taxonomy":"post_tag","embeddable":true,"href":"https:\/\/blogdoprosperi.com\/index.php?rest_route=%2Fwp%2Fv2%2Ftags&post=61561"}],"curies":[{"name":"wp","href":"https:\/\/api.w.org\/{rel}","templated":true}]}}