{"id":61565,"date":"2026-07-31T16:25:05","date_gmt":"2026-07-31T19:25:05","guid":{"rendered":"https:\/\/blogdoprosperi.com\/?p=61565"},"modified":"2026-07-31T16:05:22","modified_gmt":"2026-07-31T19:05:22","slug":"copa-do-mundo-a-venda-episodio-2-cbf-e-conmebol-permanecem-caladas","status":"publish","type":"post","link":"https:\/\/blogdoprosperi.com\/?p=61565","title":{"rendered":"Copa do Mundo \u00e0 venda (epis\u00f3dio 2): CBF e Conmebol permanecem caladas"},"content":{"rendered":"<p><em><strong>Assim como a Conmebol, as federa\u00e7\u00f5es brasileira (CBF) e argentina (AFA) tamb\u00e9m se mantiveram distantes da pol\u00eamica. Acompanhe o #epis\u00f3dio2:\u00a0<\/strong><\/em><\/p>\n<p><em>Andr\u00e9s Burgo, do El Pa\u00eds em Buenos Aires \u2013 31 julho 2026<\/em><\/p>\n<p>A partir de sua sede em Assun\u00e7\u00e3o, capital do Paraguai, a dire\u00e7\u00e3o da Confedera\u00e7\u00e3o Sul-Americana de Futebol (Conmebol) decidiu inicialmente apoiar o projeto da FIFA de privatizar a Copa do Mundo mas at\u00e9 agora expressou esse apoio silenciosamente, sem emitir declara\u00e7\u00f5es j\u00e1 manifestadas pelas confedera\u00e7\u00f5es da\u00a0Europa, \u00c1sia\u00a0e Am\u00e9rica do Norte, Central e Caribe.<\/p>\n<p>Embora o endosso impl\u00edcito confirme a cumplicidade e a camaradagem \u00e0 prova de esc\u00e2ndalos entre a Conmebol e a federa\u00e7\u00e3o liderada por Gianni Infantino, l\u00edderes sul-americanos tamb\u00e9m come\u00e7aram a alertar com preocupa\u00e7\u00e3o nas \u00faltimas horas que a contagem de votos necess\u00e1ria para que a FIFA tenha sucesso em sua controversa iniciativa corre s\u00e9rio risco de n\u00e3o ser alcan\u00e7ada.<\/p>\n<p>Mais por conveni\u00eancia do que por convic\u00e7\u00e3o, uma pergunta ecoou cada vez mais nesta sexta-feira dentro do pr\u00e9dio da CONMEBOL, que at\u00e9 2015 gozava de imunidade diplom\u00e1tica, como se fosse uma embaixada: faz sentido apoiar explicitamente, ou continuar apoiando tacitamente, um projeto que parece fadado ao fracasso? O sil\u00eancio oficial continua sendo a resposta.<\/p>\n<p>A CONMEBOL \u00e9 a confedera\u00e7\u00e3o continental com o menor n\u00famero de federa\u00e7\u00f5es filiadas, 10, ainda menos que os 13 pa\u00edses que comp\u00f5em a confedera\u00e7\u00e3o da Oceania, e muito menos que os 41 que formam a CONCACAF no restante das Am\u00e9ricas. Como o voto de cada associa\u00e7\u00e3o nacional conta como um na FIFA, a import\u00e2ncia da posi\u00e7\u00e3o sul-americana \u00e9 mais simb\u00f3lica do que decisiva. Brasil e Argentina, gigantes sul-americanos, conquistaram oito Copas do Mundo, al\u00e9m das duas edi\u00e7\u00f5es\u00a0vencidas pelo Uruguai nos primeiros anos.<\/p>\n<p>O presidente da CONMEBOL, o paraguaio Alejandro Dom\u00ednguez, estava radiante nesta quinta-feira no campo de futebol ao lado da sede da CONMEBOL em Luque, nos arredores de Assun\u00e7\u00e3o, dando as boas-vindas ao in\u00edcio do Festival CONMEBOL Evolution, um torneio que re\u00fane equipes juvenis masculinas e femininas de diferentes pa\u00edses. &#8220;Este festival \u00e9 para voc\u00eas&#8221;, disse Dom\u00ednguez aos jovens jogadores, aparentemente alheio \u00e0 como\u00e7\u00e3o causada pelo vazamento dos planos da FIFA\u00a0de vender uma parte da Copa do Mundo para investidores privados, em um processo liderado pelo banco americano JP Morgan e uma empresa que re\u00fane investidores por meio de Joshua Kushner, irm\u00e3o do genro de Donald Trump.<\/p>\n<h3>CBF calada<\/h3>\n<p>As federa\u00e7\u00f5es brasileira e argentina tamb\u00e9m se mantiveram distantes da pol\u00eamica. Na verdade, seus dois presidentes, Samir Xaud, da Confedera\u00e7\u00e3o Brasileira de Futebol (CBF), e Claudio Tapia, da Associa\u00e7\u00e3o Argentina de Futebol (AFA), t\u00eam assuntos pessoais para tratar. Enquanto Xaud est\u00e1 sob investiga\u00e7\u00e3o em seu pa\u00eds por supostamente usar fundos da CBF para financiar despesas de viagem de uma mulher identificada como sua amante durante a Copa do Mundo de 2026, Tapia continua sendo investigado pela justi\u00e7a argentina por suposta corrup\u00e7\u00e3o dentro da AFA.<\/p>\n<p>Mas, alheia a essa aparente indiferen\u00e7a, a CONMEBOL reagiu com surpresa e decep\u00e7\u00e3o \u00e0 r\u00e1pida rejei\u00e7\u00e3o da proposta de Infantino pela CONCACAF na quinta-feira. &#8220;Normalmente trabalhamos de m\u00e3os dadas e caminhamos juntos como um bloco; n\u00e3o sabemos o que aconteceu aqui&#8221;, lamentaram os dirigentes da confedera\u00e7\u00e3o sul-americana, embora, ao mesmo tempo \u2014 sempre alinhados com a FIFA \u2014, duvidem que os 41 votos das federa\u00e7\u00f5es da Am\u00e9rica do Norte, Am\u00e9rica Central e Caribe sejam, em \u00faltima an\u00e1lise, totalmente contr\u00e1rios ao plano de Infantino. A FIFA pretende submeter o projeto \u00e0 vota\u00e7\u00e3o de suas 211 associa\u00e7\u00f5es-membro, que s\u00e3o legalmente propriet\u00e1rias da Federa\u00e7\u00e3o Mundial, em 19 de setembro.<\/p>\n<p>Um representante da CONMEBOL compartilhou a seguinte teoria na noite de quinta-feira: \u201cOs europeus est\u00e3o firmes; eles sabem que t\u00eam um ano pela frente para negociar sem forte concorr\u00eancia, e n\u00e3o h\u00e1 como voltar atr\u00e1s: s\u00e3o 55 votos. Se somarmos os 41 da CONCACAF, embora tenhamos que ver se esse bloco continua t\u00e3o s\u00f3lido quanto tem sido at\u00e9 agora, eles chegam a 96. Mas, por outro lado, ser\u00edamos n\u00f3s, os africanos (54) e os asi\u00e1ticos (47)\u201d, acrescentou o lobista sul-americano, que na ocasi\u00e3o n\u00e3o esperava que a Confedera\u00e7\u00e3o Asi\u00e1tica tamb\u00e9m adicionasse sua rejei\u00e7\u00e3o, na sexta-feira, \u00e0s j\u00e1 anunciadas pela UEFA e pela CONCACAF.<\/p>\n<p>A rela\u00e7\u00e3o entre a CONMEBOL e Infantino tornou-se indissoci\u00e1vel depois que a FIFA concedeu a Dom\u00ednguez a concess\u00e3o m\u00ednima para a Copa do Mundo de 2030,\u00a0a ser realizada na Espanha, Portugal e Marrocos. No entanto, as tr\u00eas primeiras partidas do torneio ser\u00e3o disputadas no Uruguai \u2014 sede da primeira Copa do Mundo em 1930 \u2014, na Argentina e no Paraguai,\u00a0como pr\u00eamio de consola\u00e7\u00e3o\u00a0pela candidatura baseada no centen\u00e1rio da Copa do Mundo.<\/p>\n<p>Uma poss\u00edvel expans\u00e3o da Copa do Mundo, das 48 sele\u00e7\u00f5es que estrearam em 2026 para um\u00a0potencial n\u00famero de 64 no futuro, foi inicialmente proposta por Dom\u00ednguez e bem recebida por Infantino, embora ainda n\u00e3o tenha sido anunciada oficialmente.<\/p>\n<p>Sempre silenciosa, a CONMEBOL manifestou na sexta-feira sua indigna\u00e7\u00e3o com a oposi\u00e7\u00e3o europeia \u00e0 proposta de Infantino de criar uma subsidi\u00e1ria comercial de US$ 20 bilh\u00f5es, a FIFA Forward Enterprise (FFE), para gerenciar a Copa do Mundo e outros eventos da FIFA. &#8220;Infantino levantou a quest\u00e3o pela primeira vez no Congresso de Vancouver, em abril, e ningu\u00e9m disse uma palavra. Esperaram at\u00e9 agora&#8221;, lamentaram fontes da confedera\u00e7\u00e3o sul-americana, alertando tamb\u00e9m que sua colabora\u00e7\u00e3o com a FIFA est\u00e1 se tornando cada vez mais isolada.<\/p>\n","protected":false},"excerpt":{"rendered":"<p>Assim como a Conmebol, as federa\u00e7\u00f5es brasileira (CBF) e argentina (AFA) tamb\u00e9m se mantiveram distantes da pol\u00eamica. Acompanhe [&hellip;]<\/p>\n","protected":false},"author":102107496,"featured_media":61571,"comment_status":"open","ping_status":"open","sticky":false,"template":"","format":"standard","meta":{"_coblocks_attr":"","_coblocks_dimensions":"","_coblocks_responsive_height":"","_coblocks_accordion_ie_support":"","_jetpack_newsletter_access":"","_jetpack_dont_email_post_to_subs":false,"_jetpack_newsletter_tier_id":0,"_jetpack_memberships_contains_paywalled_content":false,"_wpcom_ai_launchpad_first_post":false,"_jetpack_feature_clip_id":0,"_jetpack_memberships_contains_paid_content":false,"footnotes":"","jetpack_publicize_message":"","jetpack_publicize_feature_enabled":true,"jetpack_social_post_already_shared":true,"jetpack_social_options":{"image_generator_settings":{"template":"highway","default_image_id":0,"font":"","enabled":false},"version":2},"jetpack_post_was_ever_published":false},"categories":[53870],"tags":[88202,6622775,789560569,535722,789560782,789560563,881794,781117827],"class_list":["post-61565","post","type-post","status-publish","format-standard","has-post-thumbnail","hentry","category-futebol","tag-afa","tag-alejandro-dominguez","tag-cbf","tag-conmebol","tag-copa-do-mundo-a-venda","tag-fifa","tag-infantino","tag-samir-xaud"],"yoast_head":"<!-- This site is optimized with the Yoast SEO plugin v28.4 - https:\/\/yoast.com\/product\/yoast-seo-wordpress\/ -->\n<title>Copa do Mundo \u00e0 venda (epis\u00f3dio 2): CBF e Conmebol permanecem caladas - PR\u00d3SPERI NEWS<\/title>\n<meta name=\"robots\" content=\"index, follow, max-snippet:-1, max-image-preview:large, max-video-preview:-1\" \/>\n<link rel=\"canonical\" href=\"https:\/\/blogdoprosperi.com\/?p=61565\" \/>\n<meta property=\"og:locale\" content=\"pt_BR\" \/>\n<meta property=\"og:type\" content=\"article\" \/>\n<meta property=\"og:title\" content=\"Copa do Mundo \u00e0 venda (epis\u00f3dio 2): CBF e Conmebol permanecem caladas - PR\u00d3SPERI NEWS\" \/>\n<meta property=\"og:description\" content=\"Assim como a Conmebol, as federa\u00e7\u00f5es brasileira (CBF) e argentina (AFA) tamb\u00e9m se mantiveram distantes da pol\u00eamica. Acompanhe [&hellip;]\" \/>\n<meta property=\"og:url\" content=\"https:\/\/blogdoprosperi.com\/?p=61565\" \/>\n<meta property=\"og:site_name\" content=\"PR\u00d3SPERI NEWS\" \/>\n<meta property=\"article:publisher\" content=\"Luiz Pr\u00f3speri\" \/>\n<meta property=\"article:author\" content=\"Luiz Pr\u00f3speri\" \/>\n<meta property=\"article:published_time\" content=\"2026-07-31T19:25:05+00:00\" \/>\n<meta property=\"og:image\" content=\"https:\/\/i0.wp.com\/blogdoprosperi.com\/wp-content\/uploads\/2026\/07\/Captura-de-Tela-2026-07-31-as-15.55.32.png?fit=1132%2C770&ssl=1\" \/>\n\t<meta property=\"og:image:width\" content=\"1132\" \/>\n\t<meta property=\"og:image:height\" content=\"770\" \/>\n\t<meta property=\"og:image:type\" content=\"image\/png\" \/>\n<meta name=\"author\" content=\"Luiz Ant\u00f4nio Pr\u00f3speri\" \/>\n<meta name=\"twitter:card\" content=\"summary_large_image\" \/>\n<meta name=\"twitter:creator\" content=\"@Luizprosperi\" \/>\n<meta name=\"twitter:site\" content=\"@Luizprosperi\" \/>\n<meta name=\"twitter:label1\" content=\"Escrito por\" \/>\n\t<meta name=\"twitter:data1\" content=\"Luiz Ant\u00f4nio Pr\u00f3speri\" \/>\n\t<meta name=\"twitter:label2\" content=\"Est. tempo de leitura\" \/>\n\t<meta name=\"twitter:data2\" content=\"5 minutos\" \/>\n<script type=\"application\/ld+json\" class=\"yoast-schema-graph\">{\"@context\":\"https:\\\/\\\/schema.org\",\"@graph\":[{\"@type\":\"Article\",\"@id\":\"https:\\\/\\\/blogdoprosperi.com\\\/?p=61565#article\",\"isPartOf\":{\"@id\":\"https:\\\/\\\/blogdoprosperi.com\\\/?p=61565\"},\"author\":{\"name\":\"Luiz Ant\u00f4nio Pr\u00f3speri\",\"@id\":\"https:\\\/\\\/blogdoprosperi.com\\\/#\\\/schema\\\/person\\\/38100755ce3601861ee4fab9b5aa78e9\"},\"headline\":\"Copa do Mundo \u00e0 venda (epis\u00f3dio 2): CBF e Conmebol permanecem caladas\",\"datePublished\":\"2026-07-31T19:25:05+00:00\",\"mainEntityOfPage\":{\"@id\":\"https:\\\/\\\/blogdoprosperi.com\\\/?p=61565\"},\"wordCount\":977,\"commentCount\":0,\"publisher\":{\"@id\":\"https:\\\/\\\/blogdoprosperi.com\\\/#\\\/schema\\\/person\\\/38100755ce3601861ee4fab9b5aa78e9\"},\"image\":{\"@id\":\"https:\\\/\\\/blogdoprosperi.com\\\/?p=61565#primaryimage\"},\"thumbnailUrl\":\"https:\\\/\\\/i0.wp.com\\\/blogdoprosperi.com\\\/wp-content\\\/uploads\\\/2026\\\/07\\\/Captura-de-Tela-2026-07-31-as-15.55.32.png?fit=1132%2C770&ssl=1\",\"keywords\":[\"AFA\",\"Alejandro dominguez\",\"CBF\",\"Conmebol\",\"Copa do Mundo \u00e0 venda\",\"Fifa\",\"Infantino\",\"SAMIR XAUD\"],\"articleSection\":[\"futebol\"],\"inLanguage\":\"pt-BR\",\"potentialAction\":[{\"@type\":\"CommentAction\",\"name\":\"Comment\",\"target\":[\"https:\\\/\\\/blogdoprosperi.com\\\/?p=61565#respond\"]}]},{\"@type\":\"WebPage\",\"@id\":\"https:\\\/\\\/blogdoprosperi.com\\\/?p=61565\",\"url\":\"https:\\\/\\\/blogdoprosperi.com\\\/?p=61565\",\"name\":\"Copa do Mundo \u00e0 venda (epis\u00f3dio 2): CBF e Conmebol permanecem caladas - PR\u00d3SPERI NEWS\",\"isPartOf\":{\"@id\":\"https:\\\/\\\/blogdoprosperi.com\\\/#website\"},\"primaryImageOfPage\":{\"@id\":\"https:\\\/\\\/blogdoprosperi.com\\\/?p=61565#primaryimage\"},\"image\":{\"@id\":\"https:\\\/\\\/blogdoprosperi.com\\\/?p=61565#primaryimage\"},\"thumbnailUrl\":\"https:\\\/\\\/i0.wp.com\\\/blogdoprosperi.com\\\/wp-content\\\/uploads\\\/2026\\\/07\\\/Captura-de-Tela-2026-07-31-as-15.55.32.png?fit=1132%2C770&ssl=1\",\"datePublished\":\"2026-07-31T19:25:05+00:00\",\"breadcrumb\":{\"@id\":\"https:\\\/\\\/blogdoprosperi.com\\\/?p=61565#breadcrumb\"},\"inLanguage\":\"pt-BR\",\"potentialAction\":[{\"@type\":\"ReadAction\",\"target\":[\"https:\\\/\\\/blogdoprosperi.com\\\/?p=61565\"]}]},{\"@type\":\"ImageObject\",\"inLanguage\":\"pt-BR\",\"@id\":\"https:\\\/\\\/blogdoprosperi.com\\\/?p=61565#primaryimage\",\"url\":\"https:\\\/\\\/i0.wp.com\\\/blogdoprosperi.com\\\/wp-content\\\/uploads\\\/2026\\\/07\\\/Captura-de-Tela-2026-07-31-as-15.55.32.png?fit=1132%2C770&ssl=1\",\"contentUrl\":\"https:\\\/\\\/i0.wp.com\\\/blogdoprosperi.com\\\/wp-content\\\/uploads\\\/2026\\\/07\\\/Captura-de-Tela-2026-07-31-as-15.55.32.png?fit=1132%2C770&ssl=1\",\"width\":1132,\"height\":770,\"caption\":\"Alejandro Dominguez (Conmebol) apoia Infantino \u2013 foto: Conmebol oficial\"},{\"@type\":\"BreadcrumbList\",\"@id\":\"https:\\\/\\\/blogdoprosperi.com\\\/?p=61565#breadcrumb\",\"itemListElement\":[{\"@type\":\"ListItem\",\"position\":1,\"name\":\"In\u00edcio\",\"item\":\"https:\\\/\\\/blogdoprosperi.com\\\/\"},{\"@type\":\"ListItem\",\"position\":2,\"name\":\"Copa do Mundo \u00e0 venda (epis\u00f3dio 2): CBF e Conmebol permanecem caladas\"}]},{\"@type\":\"WebSite\",\"@id\":\"https:\\\/\\\/blogdoprosperi.com\\\/#website\",\"url\":\"https:\\\/\\\/blogdoprosperi.com\\\/\",\"name\":\"PR\u00d3SPERI NEWS\",\"description\":\"TUDO \u00c9  FUTEBOL\",\"publisher\":{\"@id\":\"https:\\\/\\\/blogdoprosperi.com\\\/#\\\/schema\\\/person\\\/38100755ce3601861ee4fab9b5aa78e9\"},\"alternateName\":\"blogdoprosperi.com\",\"potentialAction\":[{\"@type\":\"SearchAction\",\"target\":{\"@type\":\"EntryPoint\",\"urlTemplate\":\"https:\\\/\\\/blogdoprosperi.com\\\/?s={search_term_string}\"},\"query-input\":{\"@type\":\"PropertyValueSpecification\",\"valueRequired\":true,\"valueName\":\"search_term_string\"}}],\"inLanguage\":\"pt-BR\"},{\"@type\":[\"Person\",\"Organization\"],\"@id\":\"https:\\\/\\\/blogdoprosperi.com\\\/#\\\/schema\\\/person\\\/38100755ce3601861ee4fab9b5aa78e9\",\"name\":\"Luiz Ant\u00f4nio Pr\u00f3speri\",\"pronouns\":\"ele\",\"image\":{\"@type\":\"ImageObject\",\"inLanguage\":\"pt-BR\",\"@id\":\"https:\\\/\\\/i0.wp.com\\\/blogdoprosperi.com\\\/wp-content\\\/uploads\\\/2026\\\/05\\\/cropped-8059e613-6002-42fa-961e-8e275f575d71-2-5.jpg?fit=1360%2C931&ssl=1\",\"url\":\"https:\\\/\\\/i0.wp.com\\\/blogdoprosperi.com\\\/wp-content\\\/uploads\\\/2026\\\/05\\\/cropped-8059e613-6002-42fa-961e-8e275f575d71-2-5.jpg?fit=1360%2C931&ssl=1\",\"contentUrl\":\"https:\\\/\\\/i0.wp.com\\\/blogdoprosperi.com\\\/wp-content\\\/uploads\\\/2026\\\/05\\\/cropped-8059e613-6002-42fa-961e-8e275f575d71-2-5.jpg?fit=1360%2C931&ssl=1\",\"width\":1360,\"height\":931,\"caption\":\"Luiz Ant\u00f4nio Pr\u00f3speri\"},\"logo\":{\"@id\":\"https:\\\/\\\/i0.wp.com\\\/blogdoprosperi.com\\\/wp-content\\\/uploads\\\/2026\\\/05\\\/cropped-8059e613-6002-42fa-961e-8e275f575d71-2-5.jpg?fit=1360%2C931&ssl=1\"},\"description\":\"Jornalista com carreira dedicada ao esporte. Cobriu 9 Copas do Mundo in loco, 1990 na It\u00e1lia, 1994 nos EUA, 1998 na Fran\u00e7a, 2002 na Coreia do Sul e Jap\u00e3o, 2006 na Alemanha, 2010 na \u00c1frica do Sul, 2014 no Brasil, 2018 na R\u00fassia e 2022 no Qatar. Eurocopas, 1992 na Su\u00e9cia e 1996 na Inglaterra. Copa das Confedera\u00e7\u00f5es de 2005 na Alemanha e 2009 na \u00c1frica do Sul. Rep\u00f3rter e Editor, trabalhou no Jornal da Tarde e Estad\u00e3o, de 1984 a fevereiro de 2016. Colunista, blogueiro. E comentarista de futebol na R\u00e1dio Estad\u00e3o, de 2013 a fevereiro de 2016. Jornalista respons\u00e1vel do \\\"Pr\u00f3speri News\\\" (blogdoprosperi.com).\",\"sameAs\":[\"http:\\\/\\\/blogdoprosperi.com\",\"Luiz Pr\u00f3speri\",\"@luiz_prosperi\",\"https:\\\/\\\/x.com\\\/Luizprosperi\",\"@prosperinacopa\",\"luiz.prosperi@icloud.com\"],\"url\":\"https:\\\/\\\/blogdoprosperi.com\\\/?author=102107496\"}]}<\/script>\n<!-- \/ Yoast SEO plugin. -->","yoast_head_json":{"title":"Copa do Mundo \u00e0 venda (epis\u00f3dio 2): CBF e Conmebol permanecem caladas - PR\u00d3SPERI NEWS","robots":{"index":"index","follow":"follow","max-snippet":"max-snippet:-1","max-image-preview":"max-image-preview:large","max-video-preview":"max-video-preview:-1"},"canonical":"https:\/\/blogdoprosperi.com\/?p=61565","og_locale":"pt_BR","og_type":"article","og_title":"Copa do Mundo \u00e0 venda (epis\u00f3dio 2): CBF e Conmebol permanecem caladas - PR\u00d3SPERI NEWS","og_description":"Assim como a Conmebol, as federa\u00e7\u00f5es brasileira (CBF) e argentina (AFA) tamb\u00e9m se mantiveram distantes da pol\u00eamica. Acompanhe [&hellip;]","og_url":"https:\/\/blogdoprosperi.com\/?p=61565","og_site_name":"PR\u00d3SPERI NEWS","article_publisher":"Luiz Pr\u00f3speri","article_author":"Luiz Pr\u00f3speri","article_published_time":"2026-07-31T19:25:05+00:00","og_image":[{"width":1132,"height":770,"url":"https:\/\/i0.wp.com\/blogdoprosperi.com\/wp-content\/uploads\/2026\/07\/Captura-de-Tela-2026-07-31-as-15.55.32.png?fit=1132%2C770&ssl=1","type":"image\/png"}],"author":"Luiz Ant\u00f4nio Pr\u00f3speri","twitter_card":"summary_large_image","twitter_creator":"@Luizprosperi","twitter_site":"@Luizprosperi","twitter_misc":{"Escrito por":"Luiz Ant\u00f4nio Pr\u00f3speri","Est. tempo de leitura":"5 minutos"},"schema":{"@context":"https:\/\/schema.org","@graph":[{"@type":"Article","@id":"https:\/\/blogdoprosperi.com\/?p=61565#article","isPartOf":{"@id":"https:\/\/blogdoprosperi.com\/?p=61565"},"author":{"name":"Luiz Ant\u00f4nio Pr\u00f3speri","@id":"https:\/\/blogdoprosperi.com\/#\/schema\/person\/38100755ce3601861ee4fab9b5aa78e9"},"headline":"Copa do Mundo \u00e0 venda (epis\u00f3dio 2): CBF e Conmebol permanecem caladas","datePublished":"2026-07-31T19:25:05+00:00","mainEntityOfPage":{"@id":"https:\/\/blogdoprosperi.com\/?p=61565"},"wordCount":977,"commentCount":0,"publisher":{"@id":"https:\/\/blogdoprosperi.com\/#\/schema\/person\/38100755ce3601861ee4fab9b5aa78e9"},"image":{"@id":"https:\/\/blogdoprosperi.com\/?p=61565#primaryimage"},"thumbnailUrl":"https:\/\/i0.wp.com\/blogdoprosperi.com\/wp-content\/uploads\/2026\/07\/Captura-de-Tela-2026-07-31-as-15.55.32.png?fit=1132%2C770&ssl=1","keywords":["AFA","Alejandro dominguez","CBF","Conmebol","Copa do Mundo \u00e0 venda","Fifa","Infantino","SAMIR XAUD"],"articleSection":["futebol"],"inLanguage":"pt-BR","potentialAction":[{"@type":"CommentAction","name":"Comment","target":["https:\/\/blogdoprosperi.com\/?p=61565#respond"]}]},{"@type":"WebPage","@id":"https:\/\/blogdoprosperi.com\/?p=61565","url":"https:\/\/blogdoprosperi.com\/?p=61565","name":"Copa do Mundo \u00e0 venda (epis\u00f3dio 2): CBF e Conmebol permanecem caladas - PR\u00d3SPERI NEWS","isPartOf":{"@id":"https:\/\/blogdoprosperi.com\/#website"},"primaryImageOfPage":{"@id":"https:\/\/blogdoprosperi.com\/?p=61565#primaryimage"},"image":{"@id":"https:\/\/blogdoprosperi.com\/?p=61565#primaryimage"},"thumbnailUrl":"https:\/\/i0.wp.com\/blogdoprosperi.com\/wp-content\/uploads\/2026\/07\/Captura-de-Tela-2026-07-31-as-15.55.32.png?fit=1132%2C770&ssl=1","datePublished":"2026-07-31T19:25:05+00:00","breadcrumb":{"@id":"https:\/\/blogdoprosperi.com\/?p=61565#breadcrumb"},"inLanguage":"pt-BR","potentialAction":[{"@type":"ReadAction","target":["https:\/\/blogdoprosperi.com\/?p=61565"]}]},{"@type":"ImageObject","inLanguage":"pt-BR","@id":"https:\/\/blogdoprosperi.com\/?p=61565#primaryimage","url":"https:\/\/i0.wp.com\/blogdoprosperi.com\/wp-content\/uploads\/2026\/07\/Captura-de-Tela-2026-07-31-as-15.55.32.png?fit=1132%2C770&ssl=1","contentUrl":"https:\/\/i0.wp.com\/blogdoprosperi.com\/wp-content\/uploads\/2026\/07\/Captura-de-Tela-2026-07-31-as-15.55.32.png?fit=1132%2C770&ssl=1","width":1132,"height":770,"caption":"Alejandro Dominguez (Conmebol) apoia Infantino \u2013 foto: Conmebol oficial"},{"@type":"BreadcrumbList","@id":"https:\/\/blogdoprosperi.com\/?p=61565#breadcrumb","itemListElement":[{"@type":"ListItem","position":1,"name":"In\u00edcio","item":"https:\/\/blogdoprosperi.com\/"},{"@type":"ListItem","position":2,"name":"Copa do Mundo \u00e0 venda (epis\u00f3dio 2): CBF e Conmebol permanecem caladas"}]},{"@type":"WebSite","@id":"https:\/\/blogdoprosperi.com\/#website","url":"https:\/\/blogdoprosperi.com\/","name":"PR\u00d3SPERI NEWS","description":"TUDO \u00c9  FUTEBOL","publisher":{"@id":"https:\/\/blogdoprosperi.com\/#\/schema\/person\/38100755ce3601861ee4fab9b5aa78e9"},"alternateName":"blogdoprosperi.com","potentialAction":[{"@type":"SearchAction","target":{"@type":"EntryPoint","urlTemplate":"https:\/\/blogdoprosperi.com\/?s={search_term_string}"},"query-input":{"@type":"PropertyValueSpecification","valueRequired":true,"valueName":"search_term_string"}}],"inLanguage":"pt-BR"},{"@type":["Person","Organization"],"@id":"https:\/\/blogdoprosperi.com\/#\/schema\/person\/38100755ce3601861ee4fab9b5aa78e9","name":"Luiz Ant\u00f4nio Pr\u00f3speri","pronouns":"ele","image":{"@type":"ImageObject","inLanguage":"pt-BR","@id":"https:\/\/i0.wp.com\/blogdoprosperi.com\/wp-content\/uploads\/2026\/05\/cropped-8059e613-6002-42fa-961e-8e275f575d71-2-5.jpg?fit=1360%2C931&ssl=1","url":"https:\/\/i0.wp.com\/blogdoprosperi.com\/wp-content\/uploads\/2026\/05\/cropped-8059e613-6002-42fa-961e-8e275f575d71-2-5.jpg?fit=1360%2C931&ssl=1","contentUrl":"https:\/\/i0.wp.com\/blogdoprosperi.com\/wp-content\/uploads\/2026\/05\/cropped-8059e613-6002-42fa-961e-8e275f575d71-2-5.jpg?fit=1360%2C931&ssl=1","width":1360,"height":931,"caption":"Luiz Ant\u00f4nio Pr\u00f3speri"},"logo":{"@id":"https:\/\/i0.wp.com\/blogdoprosperi.com\/wp-content\/uploads\/2026\/05\/cropped-8059e613-6002-42fa-961e-8e275f575d71-2-5.jpg?fit=1360%2C931&ssl=1"},"description":"Jornalista com carreira dedicada ao esporte. Cobriu 9 Copas do Mundo in loco, 1990 na It\u00e1lia, 1994 nos EUA, 1998 na Fran\u00e7a, 2002 na Coreia do Sul e Jap\u00e3o, 2006 na Alemanha, 2010 na \u00c1frica do Sul, 2014 no Brasil, 2018 na R\u00fassia e 2022 no Qatar. Eurocopas, 1992 na Su\u00e9cia e 1996 na Inglaterra. Copa das Confedera\u00e7\u00f5es de 2005 na Alemanha e 2009 na \u00c1frica do Sul. Rep\u00f3rter e Editor, trabalhou no Jornal da Tarde e Estad\u00e3o, de 1984 a fevereiro de 2016. Colunista, blogueiro. E comentarista de futebol na R\u00e1dio Estad\u00e3o, de 2013 a fevereiro de 2016. Jornalista respons\u00e1vel do \"Pr\u00f3speri News\" (blogdoprosperi.com).","sameAs":["http:\/\/blogdoprosperi.com","Luiz Pr\u00f3speri","@luiz_prosperi","https:\/\/x.com\/Luizprosperi","@prosperinacopa","luiz.prosperi@icloud.com"],"url":"https:\/\/blogdoprosperi.com\/?author=102107496"}]}},"jetpack_publicize_connections":[],"jetpack_likes_enabled":false,"jetpack_sharing_enabled":true,"jetpack_shortlink":"https:\/\/wp.me\/p7jvdk-g0Z","jetpack-related-posts":[{"id":61389,"url":"https:\/\/blogdoprosperi.com\/?p=61389","url_meta":{"origin":61565,"position":0},"title":"Copa do Mundo \u00e0 venda: CBF e Conmebol se calam diante da proposta da Fifa","author":"Luiz Ant\u00f4nio Pr\u00f3speri","date":"29 de julho de 2026","format":false,"excerpt":"CBF e Conmebol n\u00e3o se manifestam diante do plano de a Fifa repassar os direitos comerciais da Copa do Mundo a investidores do mercado financeiro. Europeus est\u00e3o contra a Fifa.","rel":"","context":"Em &quot;CBF&quot;","block_context":{"text":"CBF","link":"https:\/\/blogdoprosperi.com\/?cat=570700"},"img":{"alt_text":"","src":"https:\/\/i0.wp.com\/blogdoprosperi.com\/wp-content\/uploads\/2026\/07\/Captura-de-Tela-2026-07-29-as-16.35.22.png?fit=1200%2C813&ssl=1&resize=350%2C200","width":350,"height":200,"srcset":"https:\/\/i0.wp.com\/blogdoprosperi.com\/wp-content\/uploads\/2026\/07\/Captura-de-Tela-2026-07-29-as-16.35.22.png?fit=1200%2C813&ssl=1&resize=350%2C200 1x, https:\/\/i0.wp.com\/blogdoprosperi.com\/wp-content\/uploads\/2026\/07\/Captura-de-Tela-2026-07-29-as-16.35.22.png?fit=1200%2C813&ssl=1&resize=525%2C300 1.5x, https:\/\/i0.wp.com\/blogdoprosperi.com\/wp-content\/uploads\/2026\/07\/Captura-de-Tela-2026-07-29-as-16.35.22.png?fit=1200%2C813&ssl=1&resize=700%2C400 2x, https:\/\/i0.wp.com\/blogdoprosperi.com\/wp-content\/uploads\/2026\/07\/Captura-de-Tela-2026-07-29-as-16.35.22.png?fit=1200%2C813&ssl=1&resize=1050%2C600 3x"},"classes":[]},{"id":40944,"url":"https:\/\/blogdoprosperi.com\/?p=40944","url_meta":{"origin":61565,"position":1},"title":"Vel\u00f3rio de Pel\u00e9: Fifa pede est\u00e1dios com nome do Rei em todos pa\u00edses do mundo","author":"Luiz Ant\u00f4nio Pr\u00f3speri","date":"2 de janeiro de 2023","format":false,"excerpt":"Vel\u00f3rio de Pel\u00e9 recebe milhares de torcedores, dirigentes da Fifa, Conmebol, CBF, chefes de Estado, jornalistas internacionais, ex-jogadores do Santos, entre outros. Campe\u00f5es mundiais com a Sele\u00e7\u00e3o e \u00eddolos de gera\u00e7\u00f5es mais recentes do futebol brasileiro n\u00e3o foram ao vel\u00f3rio na segunda-feira","rel":"","context":"Em &quot;futebol&quot;","block_context":{"text":"futebol","link":"https:\/\/blogdoprosperi.com\/?cat=53870"},"img":{"alt_text":"","src":"https:\/\/i0.wp.com\/blogdoprosperi.com\/wp-content\/uploads\/2023\/01\/flelychxgamzezb.jpeg?fit=1200%2C800&ssl=1&resize=350%2C200","width":350,"height":200,"srcset":"https:\/\/i0.wp.com\/blogdoprosperi.com\/wp-content\/uploads\/2023\/01\/flelychxgamzezb.jpeg?fit=1200%2C800&ssl=1&resize=350%2C200 1x, https:\/\/i0.wp.com\/blogdoprosperi.com\/wp-content\/uploads\/2023\/01\/flelychxgamzezb.jpeg?fit=1200%2C800&ssl=1&resize=525%2C300 1.5x, https:\/\/i0.wp.com\/blogdoprosperi.com\/wp-content\/uploads\/2023\/01\/flelychxgamzezb.jpeg?fit=1200%2C800&ssl=1&resize=700%2C400 2x, https:\/\/i0.wp.com\/blogdoprosperi.com\/wp-content\/uploads\/2023\/01\/flelychxgamzezb.jpeg?fit=1200%2C800&ssl=1&resize=1050%2C600 3x"},"classes":[]},{"id":47020,"url":"https:\/\/blogdoprosperi.com\/?p=47020","url_meta":{"origin":61565,"position":2},"title":"Ronaldo Fen\u00f4meno Presidente da CBF, J\u00e1 !","author":"Luiz Ant\u00f4nio Pr\u00f3speri","date":"17 de dezembro de 2024","format":false,"excerpt":"Luiz Ant\u00f4nio Pr\u00f3speri \u2013 17 dezembro (11h10) \u2013 Ronaldo Fen\u00f4meno lan\u00e7a candidatura \u00e0 presid\u00eancia da CBF. \u00c9 oficial. A campanha est\u00e1 nas ruas, ou melhor, nas visitas \u00e0s federa\u00e7\u00f5es estaduais e clubes. Bater \u00e0 porta dos cartolas \u00e9 preciso. De acordo com regulamento esdr\u00faxulo da CBF, uma candidatura s\u00f3 \u00e9\u2026","rel":"","context":"Em &quot;CBF&quot;","block_context":{"text":"CBF","link":"https:\/\/blogdoprosperi.com\/?cat=570700"},"img":{"alt_text":"Ronaldo Fen\u00f4meno fora da CBF","src":"https:\/\/i0.wp.com\/blogdoprosperi.com\/wp-content\/uploads\/2022\/12\/ronaldo-fenomeno.webp?fit=1000%2C585&ssl=1&resize=350%2C200","width":350,"height":200,"srcset":"https:\/\/i0.wp.com\/blogdoprosperi.com\/wp-content\/uploads\/2022\/12\/ronaldo-fenomeno.webp?fit=1000%2C585&ssl=1&resize=350%2C200 1x, https:\/\/i0.wp.com\/blogdoprosperi.com\/wp-content\/uploads\/2022\/12\/ronaldo-fenomeno.webp?fit=1000%2C585&ssl=1&resize=525%2C300 1.5x, https:\/\/i0.wp.com\/blogdoprosperi.com\/wp-content\/uploads\/2022\/12\/ronaldo-fenomeno.webp?fit=1000%2C585&ssl=1&resize=700%2C400 2x"},"classes":[]},{"id":37269,"url":"https:\/\/blogdoprosperi.com\/?p=37269","url_meta":{"origin":61565,"position":3},"title":"O rei, o presidente e a Globo","author":"Luiz Ant\u00f4nio Pr\u00f3speri","date":"20 de novembro de 2017","format":false,"excerpt":"Julgamento de Jos\u00e9 Maria Marin, ex-presidente da CBF, e mais dois dirigentes do futebol sul-americano na Corte do Brooklyn, em Nova York, no caso de corrup\u00e7\u00e3o no futebol, o Fifa-gate, exp\u00f4s as v\u00edsceras do poder do futebol brasileiro e seu tent\u00e1culos, nesta primeira semana de depoimentos perante \u00e0 ju\u00edza Pamela\u2026","rel":"","context":"Em &quot;futebol&quot;","block_context":{"text":"futebol","link":"https:\/\/blogdoprosperi.com\/?cat=53870"},"img":{"alt_text":"","src":"https:\/\/i0.wp.com\/blogdoprosperi.com\/wp-content\/uploads\/2016\/08\/joao-havelange-esq-e-ricardo-teixeira-olham-para-copa-do-mundo-1319639845195_615x300.jpg?fit=615%2C300&ssl=1&resize=350%2C200","width":350,"height":200,"srcset":"https:\/\/i0.wp.com\/blogdoprosperi.com\/wp-content\/uploads\/2016\/08\/joao-havelange-esq-e-ricardo-teixeira-olham-para-copa-do-mundo-1319639845195_615x300.jpg?fit=615%2C300&ssl=1&resize=350%2C200 1x, https:\/\/i0.wp.com\/blogdoprosperi.com\/wp-content\/uploads\/2016\/08\/joao-havelange-esq-e-ricardo-teixeira-olham-para-copa-do-mundo-1319639845195_615x300.jpg?fit=615%2C300&ssl=1&resize=525%2C300 1.5x"},"classes":[]},{"id":27229,"url":"https:\/\/blogdoprosperi.com\/?p=27229","url_meta":{"origin":61565,"position":4},"title":"Copa Libertadores muda e vira Brasileir\u00e3o do avesso","author":"Luiz Ant\u00f4nio Pr\u00f3speri","date":"3 de outubro de 2016","format":false,"excerpt":"Decis\u00e3o da Confedera\u00e7\u00e3o Sul-Americana de Futebol (Conmebol) de aumentar o n\u00fameros de clubes brasileiros na\u00a0Copa Libertadores de 2017,\u00a0de 5 para 7, interfere diretamente no atual Brasileir\u00e3o. O G-4 passa a ser G-6 e vira do avesso o campeonato nacional. Clubes que lutavam para n\u00e3o cair t\u00eam agora chance de conquistar\u2026","rel":"","context":"Em &quot;Campeonato Brasileiro&quot;","block_context":{"text":"Campeonato Brasileiro","link":"https:\/\/blogdoprosperi.com\/?cat=355071"},"img":{"alt_text":"","src":"https:\/\/i0.wp.com\/blogdoprosperi.com\/wp-content\/uploads\/2016\/10\/medellin1.jpg?resize=350%2C200&ssl=1","width":350,"height":200,"srcset":"https:\/\/i0.wp.com\/blogdoprosperi.com\/wp-content\/uploads\/2016\/10\/medellin1.jpg?resize=350%2C200&ssl=1 1x, https:\/\/i0.wp.com\/blogdoprosperi.com\/wp-content\/uploads\/2016\/10\/medellin1.jpg?resize=525%2C300&ssl=1 1.5x, https:\/\/i0.wp.com\/blogdoprosperi.com\/wp-content\/uploads\/2016\/10\/medellin1.jpg?resize=700%2C400&ssl=1 2x"},"classes":[]},{"id":7864,"url":"https:\/\/blogdoprosperi.com\/?p=7864","url_meta":{"origin":61565,"position":5},"title":"Interven\u00e7\u00e3o do governo paralisa futebol na Argentina, mas n\u00e3o respinga na CBF","author":"Luiz Ant\u00f4nio Pr\u00f3speri","date":"1 de junho de 2016","format":false,"excerpt":"\u00a0 O comando do futebol argentino est\u00e1 em crise e n\u00e3o tem data para acabar. H\u00e1 uma guerra pol\u00edtica com interven\u00e7\u00e3o direta do presidente \u00a0do pa\u00eds, Maur\u00edcio Macri, na Associa\u00e7\u00e3o de Futebol Argentino (AFA), impedindo a realiza\u00e7\u00e3o das elei\u00e7\u00f5es da entidade programadas para 30 de junho. Alegando irregularidades administrativas na\u2026","rel":"","context":"Em &quot;futebol&quot;","block_context":{"text":"futebol","link":"https:\/\/blogdoprosperi.com\/?cat=53870"},"img":{"alt_text":"","src":"https:\/\/i0.wp.com\/blogdoprosperi.com\/wp-content\/uploads\/2016\/06\/o-presidente-da-camara-dos-deputados-eduardo-cunha-pmdb-rj-e-o-presidente-da-cbf-marco-polo-del-nero-durante-reuniao-para-falar-sobre-a-comissao-mista-da-mp-671-que-trata-da-renegociacao.jpg?resize=350%2C200&ssl=1","width":350,"height":200,"srcset":"https:\/\/i0.wp.com\/blogdoprosperi.com\/wp-content\/uploads\/2016\/06\/o-presidente-da-camara-dos-deputados-eduardo-cunha-pmdb-rj-e-o-presidente-da-cbf-marco-polo-del-nero-durante-reuniao-para-falar-sobre-a-comissao-mista-da-mp-671-que-trata-da-renegociacao.jpg?resize=350%2C200&ssl=1 1x, https:\/\/i0.wp.com\/blogdoprosperi.com\/wp-content\/uploads\/2016\/06\/o-presidente-da-camara-dos-deputados-eduardo-cunha-pmdb-rj-e-o-presidente-da-cbf-marco-polo-del-nero-durante-reuniao-para-falar-sobre-a-comissao-mista-da-mp-671-que-trata-da-renegociacao.jpg?resize=525%2C300&ssl=1 1.5x, https:\/\/i0.wp.com\/blogdoprosperi.com\/wp-content\/uploads\/2016\/06\/o-presidente-da-camara-dos-deputados-eduardo-cunha-pmdb-rj-e-o-presidente-da-cbf-marco-polo-del-nero-durante-reuniao-para-falar-sobre-a-comissao-mista-da-mp-671-que-trata-da-renegociacao.jpg?resize=700%2C400&ssl=1 2x"},"classes":[]}],"jetpack_featured_media_url":"https:\/\/i0.wp.com\/blogdoprosperi.com\/wp-content\/uploads\/2026\/07\/Captura-de-Tela-2026-07-31-as-15.55.32.png?fit=1132%2C770&ssl=1","_links":{"self":[{"href":"https:\/\/blogdoprosperi.com\/index.php?rest_route=\/wp\/v2\/posts\/61565","targetHints":{"allow":["GET"]}}],"collection":[{"href":"https:\/\/blogdoprosperi.com\/index.php?rest_route=\/wp\/v2\/posts"}],"about":[{"href":"https:\/\/blogdoprosperi.com\/index.php?rest_route=\/wp\/v2\/types\/post"}],"author":[{"embeddable":true,"href":"https:\/\/blogdoprosperi.com\/index.php?rest_route=\/wp\/v2\/users\/102107496"}],"replies":[{"embeddable":true,"href":"https:\/\/blogdoprosperi.com\/index.php?rest_route=%2Fwp%2Fv2%2Fcomments&post=61565"}],"version-history":[{"count":6,"href":"https:\/\/blogdoprosperi.com\/index.php?rest_route=\/wp\/v2\/posts\/61565\/revisions"}],"predecessor-version":[{"id":61575,"href":"https:\/\/blogdoprosperi.com\/index.php?rest_route=\/wp\/v2\/posts\/61565\/revisions\/61575"}],"wp:featuredmedia":[{"embeddable":true,"href":"https:\/\/blogdoprosperi.com\/index.php?rest_route=\/wp\/v2\/media\/61571"}],"wp:attachment":[{"href":"https:\/\/blogdoprosperi.com\/index.php?rest_route=%2Fwp%2Fv2%2Fmedia&parent=61565"}],"wp:term":[{"taxonomy":"category","embeddable":true,"href":"https:\/\/blogdoprosperi.com\/index.php?rest_route=%2Fwp%2Fv2%2Fcategories&post=61565"},{"taxonomy":"post_tag","embeddable":true,"href":"https:\/\/blogdoprosperi.com\/index.php?rest_route=%2Fwp%2Fv2%2Ftags&post=61565"}],"curies":[{"name":"wp","href":"https:\/\/api.w.org\/{rel}","templated":true}]}}