{"id":61600,"date":"2026-08-04T09:35:41","date_gmt":"2026-08-04T12:35:41","guid":{"rendered":"https:\/\/blogdoprosperi.com\/?p=61600"},"modified":"2026-08-04T14:08:58","modified_gmt":"2026-08-04T17:08:58","slug":"ravenna-uma-cidade-italiana-a-espera-do-bruxo","status":"publish","type":"post","link":"https:\/\/blogdoprosperi.com\/?p=61600","title":{"rendered":"Ravenna, uma cidade italiana \u00e0 espera do Bruxo"},"content":{"rendered":"<h3>Golpe de marketing ou transfer\u00eancia &#8220;extraordin\u00e1ria&#8221;? Torcedores do Ravenna surfam na onda do Efeito Ronaldinho<\/h3>\n<p><strong><em>A decis\u00e3o do lend\u00e1rio jogador brasileiro, o conhecido Bruxo, de atuar na S\u00e9rie C da It\u00e1lia aos 46 anos dividiu a opini\u00e3o dos torcedores, mas o homem que intermediou o acordo tem grandes expectativas<\/em><\/strong><\/p>\n<p><em>por Emanuele Giulianelli, The Guardian, em Ravenna \u2013 1 de agosto de 2026\u00a0<\/em><\/p>\n<p>Numa tarde escaldante de ver\u00e3o em Ravenna, cidade muito mais conhecida pelos seus mosaicos bizantinos do s\u00e9culo V e pelo t\u00famulo de Dante do que pela gl\u00f3ria no futebol, todos os olhares se voltam para o centro hist\u00f3rico em busca de uma das figuras mais reconhecidas do futebol mundial \u2013 um homem que participou do show do intervalo da final da Copa do Mundo ao lado de Madonna e Ronaldo Fen\u00f4meno: Ronaldo de Assis Moreira, mais conhecido como <a href=\"https:\/\/www.theguardian.com\/football\/ronaldinho\" data-link-name=\"in body link\" data-component=\"auto-linked-tag\"><span dir=\"auto\">Ronaldinho<\/span><\/a><span dir=\"auto\">.<\/span><\/p>\n<p class=\"dcr-1s160rg\"><span dir=\"auto\">\u201cAinda n\u00e3o o vimos\u201d, dizem quatro torcedores do Ravenna sentados em um caf\u00e9, com uma ironia sutil, enquanto folheiam a <em>La Gazzetta dello Sport<\/em>, o famoso jornal esportivo italiano de capa rosa. Eles se mostram inegavelmente c\u00e9ticos,\u00a0<\/span><a href=\"https:\/\/www.theguardian.com\/football\/2026\/jun\/24\/ronaldinho-ravenna-serie-c-age-46\" data-link-name=\"in body link\"><span dir=\"auto\">encarando a contrata\u00e7\u00e3o<\/span><\/a><span dir=\"auto\"> como uma opera\u00e7\u00e3o puramente comercial, mas, no fundo, ainda alimentam o sonho de ver o vencedor da Bola de Ouro de 2005 e da Copa do Mundo de 2002 vestindo a camisa amarela e vermelha do clube.<\/span><\/p>\n<p>\u00c9 um pequeno vislumbre surreal do turbilh\u00e3o que engolfou este tranquilo recanto da Emilia-Romagna, gra\u00e7as ao instinto empresarial de Ignazio Cipriani. Herdeiro da dinastia veneziana da hotelaria por tr\u00e1s do renomado Harry&#8217;s Bar, Cipriani assumiu o clube em 2024, quando este disputava a S\u00e9rie D, a quarta divis\u00e3o do futebol italiano. Natural de Ravenna, ele \u00e9 neto de Raul Gardini, o magnata italiano da ind\u00fastria qu\u00edmica e velejador que levou o Il Moro di Venezia \u00e0 final da Am\u00e9ricas Cup de 1992.<\/p>\n<p>Em seu primeiro ano como presidente, Cipriani supervisionou a conquista da Copa da S\u00e9rie D e o acesso \u00e0 S\u00e9rie C, a elite do futebol italiano. Mas esse \u00e9 apenas o primeiro passo de uma longa ascens\u00e3o, afirma ele: \u201cN\u00e3o \u00e9 uma provoca\u00e7\u00e3o. A S\u00e9rie A \u00e9 a meta que declarei desde o primeiro dia, porque pretendo alcan\u00e7\u00e1-la. E a Liga dos Campe\u00f5es continua sendo o horizonte final que queremos perseguir, passo a passo. Fiz essa declara\u00e7\u00e3o porque gosto de trabalhar sob press\u00e3o: quando n\u00e3o h\u00e1 sa\u00edda, somos obrigados a encontrar solu\u00e7\u00f5es em vez de desculpas. Prefiro eliminar qualquer \u00e1libi desde o in\u00edcio.\u201d<\/p>\n<p class=\"dcr-1s160rg\"><span dir=\"auto\">E neste ver\u00e3o, Cipriani surpreendeu a todos com uma jogada inesperada \u2013 t\u00e3o inesperada que quem leu as manchetes achou que era uma brincadeira: trazer Ronaldinho de volta como jogador, aos 46 anos.<\/span><\/p>\n<figure id=\"d2a5d7a1-8d1a-44a4-9f4f-0e665332e770\" class=\"dcr-d9bay7\" data-spacefinder-role=\"inline\" data-spacefinder-type=\"model.dotcomrendering.pageElements.ImageBlockElement\">\n<div id=\"img-2\" class=\"dcr-1t7hdmw\"><picture class=\"dcr-up96pv\"><source srcset=\"https:\/\/i.guim.co.uk\/img\/media\/0138bcb89236d1c027dde4b538c9d1c8fdd16ea4\/0_0_5523_3682\/master\/5523.jpg?width=620&amp;dpr=2&amp;s=none&amp;crop=none\" media=\"(min-width: 660px) and (-webkit-min-device-pixel-ratio: 1.25), (min-width: 660px) and (min-resolution: 120dpi)\" \/><source srcset=\"https:\/\/i.guim.co.uk\/img\/media\/0138bcb89236d1c027dde4b538c9d1c8fdd16ea4\/0_0_5523_3682\/master\/5523.jpg?width=620&amp;dpr=1&amp;s=none&amp;crop=none\" media=\"(min-width: 660px)\" \/><source srcset=\"https:\/\/i.guim.co.uk\/img\/media\/0138bcb89236d1c027dde4b538c9d1c8fdd16ea4\/0_0_5523_3682\/master\/5523.jpg?width=605&amp;dpr=2&amp;s=none&amp;crop=none\" media=\"(min-width: 480px) and (-webkit-min-device-pixel-ratio: 1.25), (min-width: 480px) and (min-resolution: 120dpi)\" \/><source srcset=\"https:\/\/i.guim.co.uk\/img\/media\/0138bcb89236d1c027dde4b538c9d1c8fdd16ea4\/0_0_5523_3682\/master\/5523.jpg?width=605&amp;dpr=1&amp;s=none&amp;crop=none\" media=\"(min-width: 480px)\" \/><source srcset=\"https:\/\/i.guim.co.uk\/img\/media\/0138bcb89236d1c027dde4b538c9d1c8fdd16ea4\/0_0_5523_3682\/master\/5523.jpg?width=445&amp;dpr=2&amp;s=none&amp;crop=none\" media=\"(min-width: 320px) and (-webkit-min-device-pixel-ratio: 1.25), (min-width: 320px) and (min-resolution: 120dpi)\" \/><source srcset=\"https:\/\/i.guim.co.uk\/img\/media\/0138bcb89236d1c027dde4b538c9d1c8fdd16ea4\/0_0_5523_3682\/master\/5523.jpg?width=445&amp;dpr=1&amp;s=none&amp;crop=none\" media=\"(min-width: 320px)\" \/><img data-recalc-dims=\"1\" loading=\"lazy\" decoding=\"async\" class=\"dcr-up96pv\" src=\"https:\/\/i0.wp.com\/i.guim.co.uk\/img\/media\/0138bcb89236d1c027dde4b538c9d1c8fdd16ea4\/0_0_5523_3682\/master\/5523.jpg?resize=619%2C412&#038;ssl=1\" alt=\"Ronaldinho (\u00e0 esquerda) exibe uma camisa ao lado de Ignazio Cipriani, presidente do Ravenna FC, em um evento para a imprensa em Miami, em junho.\" width=\"619\" height=\"412\" \/><\/picture><\/div><figcaption class=\"dcr-174mzkf\" data-spacefinder-role=\"inline\"><em><span class=\"dcr-1cipnsy\"><span dir=\"auto\">Ronaldinho exibe camisa do Ravenna ao lado de Ignazio Cipriani, presidente do clube, ap\u00f3s o an\u00fancio surpresa da transfer\u00eancia em Miami em junho.<\/span><\/span><span dir=\"auto\"> Foto: Rebecca Blackwell\/AP<\/span><\/em><\/figcaption><\/figure>\n<p class=\"dcr-1s160rg\"><span dir=\"auto\">\u201cNos conhecemos por meio de Lorenzo Tonetti e Ariedo Braida\u201d, diz Cipriani, \u201cduas pessoas que trabalharam por mais de 20 anos no Milan e tiveram Ronaldinho como jogador. A ideia de envolv\u00ea-lo era um sonho que eu cultivava desde que comprei o clube. Gra\u00e7as a Lorenzo e Ariedo, nos conhecemos, come\u00e7amos a conversar e uma amizade genu\u00edna nasceu. Dessa rela\u00e7\u00e3o surgiram muitas ideias para o crescimento do clube. E para a pergunta que todos fazem, tenho o prazer de responder: R<strong>onaldinho vestir\u00e1 a camisa do Ravenna como jogador e tentar\u00e1 \u2013 talvez marcando o \u00faltimo gol de sua carreira conosco!\u201d<\/strong><\/span><\/p>\n<p class=\"dcr-1s160rg\"><span dir=\"auto\">Entretanto, um site dedicado j\u00e1 colocou \u00e0 venda uma camisa de edi\u00e7\u00e3o especial com o logo \u201cR10\u201d \u2013 a marca pessoal do brasileiro \u2013 que esgotou em poucas horas. Representa uma impressionante combina\u00e7\u00e3o de marca global de alto n\u00edvel, futebol de cidade pequena e uma a\u00e7\u00e3o de marketing brilhantemente executada.<\/span><\/p>\n<p class=\"dcr-1s160rg\"><span dir=\"auto\"><strong>\u201cSe algu\u00e9m me dissesse h\u00e1 tr\u00eas anos que Ronaldinho viria para Ravenna, eu o teria mandado direto para o hosp\u00edcio\u201d<\/strong>, diz F\u00e1bio, rindo, torcedor fan\u00e1tico do clube. \u201cNa noite em que a not\u00edcia foi divulgada, as manchetes internacionais estampavam &#8216;Ronaldinho em Ravenna&#8217;. Foi uma opera\u00e7\u00e3o extraordin\u00e1ria.\u201d<\/span><\/p>\n<p class=\"dcr-1s160rg\"><span dir=\"auto\">Ravenna n\u00e3o \u00e9 um gigante do futebol. Atormentado por fal\u00eancias em 2001 e 2012, o clube passou d\u00e9cadas oscilando entre as divis\u00f5es inferiores, com sete temporadas na S\u00e9rie B como seu ponto mais alto. Historicamente um reduto do v\u00f4lei, o cen\u00e1rio do futebol estava acostumado a or\u00e7amentos modestos e rivalidades regionais.<\/span><\/p>\n<figure id=\"a1adaca0-eedb-47aa-b227-921130741ac4\" class=\"dcr-46nkfa\" data-spacefinder-role=\"showcase\" data-spacefinder-type=\"model.dotcomrendering.pageElements.ImageBlockElement\">\n<div id=\"img-3\" class=\"dcr-1t7hdmw\"><picture class=\"dcr-up96pv\"><source srcset=\"https:\/\/i.guim.co.uk\/img\/media\/f2541cc33c68c0ccf4ece5215ab621c0d25a1e79\/0_0_5000_3335\/master\/5000.jpg?width=880&amp;dpr=2&amp;s=none&amp;crop=none\" media=\"(min-width: 1300px) and (-webkit-min-device-pixel-ratio: 1.25), (min-width: 1300px) and (min-resolution: 120dpi)\" \/><source srcset=\"https:\/\/i.guim.co.uk\/img\/media\/f2541cc33c68c0ccf4ece5215ab621c0d25a1e79\/0_0_5000_3335\/master\/5000.jpg?width=880&amp;dpr=1&amp;s=none&amp;crop=none\" media=\"(min-width: 1300px)\" \/><source srcset=\"https:\/\/i.guim.co.uk\/img\/media\/f2541cc33c68c0ccf4ece5215ab621c0d25a1e79\/0_0_5000_3335\/master\/5000.jpg?width=800&amp;dpr=2&amp;s=none&amp;crop=none\" media=\"(min-width: 1140px) and (-webkit-min-device-pixel-ratio: 1.25), (min-width: 1140px) and (min-resolution: 120dpi)\" \/><source srcset=\"https:\/\/i.guim.co.uk\/img\/media\/f2541cc33c68c0ccf4ece5215ab621c0d25a1e79\/0_0_5000_3335\/master\/5000.jpg?width=800&amp;dpr=1&amp;s=none&amp;crop=none\" media=\"(min-width: 1140px)\" \/><source srcset=\"https:\/\/i.guim.co.uk\/img\/media\/f2541cc33c68c0ccf4ece5215ab621c0d25a1e79\/0_0_5000_3335\/master\/5000.jpg?width=640&amp;dpr=2&amp;s=none&amp;crop=none\" media=\"(min-width: 980px) and (-webkit-min-device-pixel-ratio: 1.25), (min-width: 980px) and (min-resolution: 120dpi)\" \/><source srcset=\"https:\/\/i.guim.co.uk\/img\/media\/f2541cc33c68c0ccf4ece5215ab621c0d25a1e79\/0_0_5000_3335\/master\/5000.jpg?width=640&amp;dpr=1&amp;s=none&amp;crop=none\" media=\"(min-width: 980px)\" \/><source srcset=\"https:\/\/i.guim.co.uk\/img\/media\/f2541cc33c68c0ccf4ece5215ab621c0d25a1e79\/0_0_5000_3335\/master\/5000.jpg?width=620&amp;dpr=2&amp;s=none&amp;crop=none\" media=\"(min-width: 660px) and (-webkit-min-device-pixel-ratio: 1.25), (min-width: 660px) and (min-resolution: 120dpi)\" \/><source srcset=\"https:\/\/i.guim.co.uk\/img\/media\/f2541cc33c68c0ccf4ece5215ab621c0d25a1e79\/0_0_5000_3335\/master\/5000.jpg?width=620&amp;dpr=1&amp;s=none&amp;crop=none\" media=\"(min-width: 660px)\" \/><source srcset=\"https:\/\/i.guim.co.uk\/img\/media\/f2541cc33c68c0ccf4ece5215ab621c0d25a1e79\/0_0_5000_3335\/master\/5000.jpg?width=605&amp;dpr=2&amp;s=none&amp;crop=none\" media=\"(min-width: 480px) and (-webkit-min-device-pixel-ratio: 1.25), (min-width: 480px) and (min-resolution: 120dpi)\" \/><source srcset=\"https:\/\/i.guim.co.uk\/img\/media\/f2541cc33c68c0ccf4ece5215ab621c0d25a1e79\/0_0_5000_3335\/master\/5000.jpg?width=605&amp;dpr=1&amp;s=none&amp;crop=none\" media=\"(min-width: 480px)\" \/><source srcset=\"https:\/\/i.guim.co.uk\/img\/media\/f2541cc33c68c0ccf4ece5215ab621c0d25a1e79\/0_0_5000_3335\/master\/5000.jpg?width=445&amp;dpr=2&amp;s=none&amp;crop=none\" media=\"(min-width: 320px) and (-webkit-min-device-pixel-ratio: 1.25), (min-width: 320px) and (min-resolution: 120dpi)\" \/><source srcset=\"https:\/\/i.guim.co.uk\/img\/media\/f2541cc33c68c0ccf4ece5215ab621c0d25a1e79\/0_0_5000_3335\/master\/5000.jpg?width=445&amp;dpr=1&amp;s=none&amp;crop=none\" media=\"(min-width: 320px)\" \/><img data-recalc-dims=\"1\" loading=\"lazy\" decoding=\"async\" class=\"dcr-up96pv\" src=\"https:\/\/i0.wp.com\/i.guim.co.uk\/img\/media\/f2541cc33c68c0ccf4ece5215ab621c0d25a1e79\/0_0_5000_3335\/master\/5000.jpg?resize=611%2C408&#038;ssl=1\" alt=\"Vista geral do Est\u00e1dio Bruno Benelli em Ravenna.\" width=\"611\" height=\"408\" \/><\/picture><\/div><figcaption class=\"dcr-1ci1e33\" data-spacefinder-role=\"inline\"><em><span class=\"dcr-1cipnsy\"><span dir=\"auto\">Ronaldinho pretende encantar a torcida no Est\u00e1dio Bruno Benelli, em Ravenna.<\/span><\/span><span dir=\"auto\">\u00a0Foto: Roberto Salomone\/The Guardian<\/span><\/em><\/figcaption><\/figure>\n<p class=\"dcr-1s160rg\"><span dir=\"auto\">\u201cRonaldinho \u00e9 um \u00edcone \u00fanico\u201d, diz Cipriani. \u201cSeu jeito de jogar fez minha gera\u00e7\u00e3o se apaixonar pelo futebol. Queremos que ele, hoje, fa\u00e7a a pr\u00f3xima gera\u00e7\u00e3o de torcedores, na It\u00e1lia e no mundo todo, se apaixonar pelo Ravenna. N\u00e3o \u00e9 s\u00f3 uma jogada de marketing; \u00e9 construir uma ponte entre diferentes eras do futebol e criar uma base de f\u00e3s verdadeiramente global.\u201d<\/span><\/p>\n<h3>Est\u00e1dio acanhado<\/h3>\n<p class=\"dcr-1s160rg\"><span dir=\"auto\">Para apoiar este ambicioso projeto desportivo e industrial, o clube est\u00e1 a trabalhar com a autarquia na renova\u00e7\u00e3o do Est\u00e1dio Bruno Benelli, aumentando a sua capacidade para mais de 6.300 lugares. Mas o sonho final do presidente \u00e9 um novo espa\u00e7o multiusos aberto sete dias por semana, com lojas, salas de concertos e um Hotel Cipriani integrado, ligado \u00e0 expans\u00e3o do turismo internacional da cidade.<\/span><\/p>\n<p class=\"dcr-1s160rg\"><span dir=\"auto\">Para o prefeito de Ravenna, Alessandro Barattoni, a chegada de uma figura de renome mundial encaixa-se perfeitamente numa estrat\u00e9gia mais ampla de promo\u00e7\u00e3o da cidade a n\u00edvel global. Nos \u00faltimos anos, Ravenna tem vindo a expandir o seu alcance internacional para al\u00e9m do turismo de praia tradicional e dos portos comerciais. A cidade desfruta de la\u00e7os renovados com o mundo anglo-sax\u00f3nico, evidenciados por uma recente visita da fam\u00edlia real brit\u00e2nica e pela inaugura\u00e7\u00e3o do Museu Lord Byron.<\/span><\/p>\n<div class=\"dcr-1ao0bwb\">\n<div class=\"dcr-12qa5gp\">\n<aside class=\"dcr-11zfjs0\" aria-label=\"promo\u00e7\u00e3o de newsletter\">\n<div class=\"dcr-pspq5\">\n<div class=\"dcr-1gx5ko4\">\n<div class=\"dcr-rex2m5\"><\/div>\n<\/div>\n<\/div>\n<\/aside>\n<\/div>\n<\/div>\n<p class=\"dcr-1s160rg\"><span dir=\"auto\">\u201cRonaldinho traz um novo patamar de fama global\u201d, diz Barattoni. \u201cQuando a not\u00edcia se espalhou, meu telefone explodiu com mensagens de ex-colegas de escola. Para as crian\u00e7as mais novas de hoje, ele pode ser algu\u00e9m para descobrir no YouTube, mas o fasc\u00ednio permanece intacto.\u201d Com um sorriso, o prefeito acrescenta que, se a agenda permitir, ficaria encantado em guiar Ronaldinho pessoalmente em um passeio pelo patrim\u00f4nio cultural da cidade.<\/span><\/p>\n<h3>Levar Ravenna ao mundo<\/h3>\n<p class=\"dcr-1s160rg\"><span dir=\"auto\">No entanto, Barattoni faz quest\u00e3o de esclarecer o papel da institui\u00e7\u00e3o: \u201cO nosso ponto em comum com o clube \u00e9 a internacionaliza\u00e7\u00e3o: levar a imagem de Ravenna para o mundo. Ronaldinho tem sido um embaixador global para in\u00fameras marcas. Existe um projeto abrangente que pode dar grande visibilidade \u00e0 equipe e permitir que a cidade mostre as suas iniciativas para al\u00e9m dos meios tradicionais.\u201d Ele acrescenta: \u201cMesmo antes da chegada de Ronaldinho, o clube j\u00e1 fazia um trabalho fant\u00e1stico no envolvimento das gera\u00e7\u00f5es mais jovens. A m\u00e9dia de idade nas arquibancadas \u00e9 menor, mais vibrante e mais participativa do que nunca. Est\u00e1 a formar-se um verdadeiro sentido de comunidade.\u201d<\/span><\/p>\n<figure id=\"6957255a-1859-4493-b55f-a8835927b63d\" class=\"dcr-d9bay7\" data-spacefinder-role=\"inline\" data-spacefinder-type=\"model.dotcomrendering.pageElements.ImageBlockElement\">\n<div id=\"img-4\" class=\"dcr-1t7hdmw\"><picture class=\"dcr-up96pv\"><source srcset=\"https:\/\/i.guim.co.uk\/img\/media\/527325733ff39ccacc7a2b27f5bc46c278810804\/321_474_4289_2861\/master\/4289.jpg?width=620&amp;dpr=2&amp;s=none&amp;crop=none\" media=\"(min-width: 660px) and (-webkit-min-device-pixel-ratio: 1.25), (min-width: 660px) and (min-resolution: 120dpi)\" \/><source srcset=\"https:\/\/i.guim.co.uk\/img\/media\/527325733ff39ccacc7a2b27f5bc46c278810804\/321_474_4289_2861\/master\/4289.jpg?width=620&amp;dpr=1&amp;s=none&amp;crop=none\" media=\"(min-width: 660px)\" \/><source srcset=\"https:\/\/i.guim.co.uk\/img\/media\/527325733ff39ccacc7a2b27f5bc46c278810804\/321_474_4289_2861\/master\/4289.jpg?width=605&amp;dpr=2&amp;s=none&amp;crop=none\" media=\"(min-width: 480px) and (-webkit-min-device-pixel-ratio: 1.25), (min-width: 480px) and (min-resolution: 120dpi)\" \/><source srcset=\"https:\/\/i.guim.co.uk\/img\/media\/527325733ff39ccacc7a2b27f5bc46c278810804\/321_474_4289_2861\/master\/4289.jpg?width=605&amp;dpr=1&amp;s=none&amp;crop=none\" media=\"(min-width: 480px)\" \/><source srcset=\"https:\/\/i.guim.co.uk\/img\/media\/527325733ff39ccacc7a2b27f5bc46c278810804\/321_474_4289_2861\/master\/4289.jpg?width=445&amp;dpr=2&amp;s=none&amp;crop=none\" media=\"(min-width: 320px) and (-webkit-min-device-pixel-ratio: 1.25), (min-width: 320px) and (min-resolution: 120dpi)\" \/><source srcset=\"https:\/\/i.guim.co.uk\/img\/media\/527325733ff39ccacc7a2b27f5bc46c278810804\/321_474_4289_2861\/master\/4289.jpg?width=445&amp;dpr=1&amp;s=none&amp;crop=none\" media=\"(min-width: 320px)\" \/><img data-recalc-dims=\"1\" loading=\"lazy\" decoding=\"async\" class=\"dcr-up96pv\" src=\"https:\/\/i0.wp.com\/i.guim.co.uk\/img\/media\/527325733ff39ccacc7a2b27f5bc46c278810804\/321_474_4289_2861\/master\/4289.jpg?resize=614%2C410&#038;ssl=1\" alt=\"Alessandro Barattoni, prefeito de Ravenna, retratado em seu gabinete.\" width=\"614\" height=\"410\" \/><\/picture><\/div><figcaption class=\"dcr-174mzkf\" data-spacefinder-role=\"inline\"><em><span class=\"dcr-1cipnsy\"><span dir=\"auto\">Alessandro Barattoni, prefeito de Ravenna, confia que a imagem de Ronaldinho ser\u00e1 boa para a cidade.<\/span><\/span><span dir=\"auto\"> Foto: Roberto Salomone\/The Guardian<\/span><\/em><\/figcaption><\/figure>\n<p class=\"dcr-1s160rg\"><span dir=\"auto\">No entanto, o receio de uma imagem hipercomercializada persiste entre os torcedores tradicionais. Na Curva Mero, essas estrat\u00e9gias de marketing s\u00e3o encaradas com cautela. &#8220;H\u00e1 uma certa resist\u00eancia por parte de alguns grupos&#8221;, admite Fabio. <strong>&#8220;O futebol moderno promove valores que muitos n\u00e3o compartilham: aumento do pre\u00e7o dos ingressos, perda de acessibilidade para fam\u00edlias de baixa renda.<\/strong> Como resultado, a visibilidade e as a\u00e7\u00f5es de marketing correm o risco de serem vistas com maus olhos.&#8221;<\/span><\/p>\n<p class=\"dcr-1s160rg\"><span dir=\"auto\">Cipriani demonstra uma aguda consci\u00eancia dessas din\u00e2micas: \u201cSem ra\u00edzes, nenhum projeto global faz sentido\u201d, afirma o presidente. \u201cRavenna n\u00e3o \u00e9 uma marca que estamos construindo do zero; \u00e9 uma hist\u00f3ria e uma identidade que existiam antes de n\u00f3s. <strong>A tradi\u00e7\u00e3o n\u00e3o \u00e9 um freio \u00e0 ambi\u00e7\u00e3o: \u00e9 o alicerce.<\/strong> Um clube sem as pessoas n\u00e3o vale nada.\u201d<\/span><\/p>\n<p class=\"dcr-1s160rg\"><span dir=\"auto\">\u201cTenho 50 anos e venho ao est\u00e1dio desde os tempos de escola\u201d, diz Giovanni, outro torcedor. \u201cEstou redescobrindo o entusiasmo do passado. <strong>Se for preciso um \u00edcone como Ronaldinho e um empres\u00e1rio local para nos fazer sonhar com a S\u00e9rie A, que assim seja.<\/strong> O importante \u00e9 nunca esquecer as pessoas nas arquibancadas.\u201d<\/span><\/p>\n<p class=\"dcr-1s160rg\"><span dir=\"auto\">Aproveitando a onda do &#8220;Efeito Ronaldinho&#8221;, a campanha de venda de ingressos para a temporada acaba de ser lan\u00e7ada com a meta de vender 2.800. Os pre\u00e7os dos ingressos subiram em m\u00e9dia cerca de 12%, com varia\u00e7\u00f5es entre os diferentes setores do est\u00e1dio.<\/span><\/p>\n<p class=\"dcr-1s160rg\"><span dir=\"auto\">Por enquanto, Ravenna est\u00e1 imersa em uma atmosfera vertiginosa e revigorante. Em campo, o clube est\u00e1 montando um elenco para conquistar o campeonato; fora dele, a cidade aguarda o <strong>dia 20 de agosto, quando Ronaldinho dever\u00e1 aparecer<\/strong> durante um festival de ver\u00e3o de tr\u00eas dias na vizinha Marina di Ravenna, organizado no estilo caracter\u00edstico do Cipriani.<\/span><\/p>\n","protected":false},"excerpt":{"rendered":"<p>Golpe de marketing ou transfer\u00eancia &#8220;extraordin\u00e1ria&#8221;? Torcedores do Ravenna surfam na onda do Efeito Ronaldinho A decis\u00e3o do [&hellip;]<\/p>\n","protected":false},"author":102107496,"featured_media":61687,"comment_status":"open","ping_status":"open","sticky":false,"template":"","format":"standard","meta":{"_coblocks_attr":"","_coblocks_dimensions":"","_coblocks_responsive_height":"","_coblocks_accordion_ie_support":"","_jetpack_newsletter_access":"","_jetpack_dont_email_post_to_subs":false,"_jetpack_newsletter_tier_id":0,"_jetpack_memberships_contains_paywalled_content":false,"_wpcom_ai_launchpad_first_post":false,"_jetpack_feature_clip_id":0,"_jetpack_memberships_contains_paid_content":false,"footnotes":"","jetpack_publicize_message":"","jetpack_publicize_feature_enabled":true,"jetpack_social_post_already_shared":true,"jetpack_social_options":{"image_generator_settings":{"template":"highway","default_image_id":0,"font":"","enabled":false},"version":2},"jetpack_post_was_ever_published":false},"categories":[53870,20384,85628],"tags":[789560795,789560793,89869,789560794],"class_list":["post-61600","post","type-post","status-publish","format-standard","has-post-thumbnail","hentry","category-futebol","category-informacao","category-mercado","tag-cirpiani","tag-ravenna","tag-ronaldinho-gaucho","tag-serie-c-italia"],"yoast_head":"<!-- This site is optimized with the Yoast SEO plugin v28.4 - https:\/\/yoast.com\/product\/yoast-seo-wordpress\/ -->\n<title>Ravenna, uma cidade italiana \u00e0 espera do Bruxo - PR\u00d3SPERI NEWS<\/title>\n<meta name=\"robots\" content=\"index, follow, max-snippet:-1, max-image-preview:large, max-video-preview:-1\" \/>\n<link rel=\"canonical\" href=\"https:\/\/blogdoprosperi.com\/?p=61600\" \/>\n<meta property=\"og:locale\" content=\"pt_BR\" \/>\n<meta property=\"og:type\" content=\"article\" \/>\n<meta property=\"og:title\" content=\"Ravenna, uma cidade italiana \u00e0 espera do Bruxo - PR\u00d3SPERI NEWS\" \/>\n<meta property=\"og:description\" content=\"Golpe de marketing ou transfer\u00eancia &#8220;extraordin\u00e1ria&#8221;? Torcedores do Ravenna surfam na onda do Efeito Ronaldinho A decis\u00e3o do [&hellip;]\" \/>\n<meta property=\"og:url\" content=\"https:\/\/blogdoprosperi.com\/?p=61600\" \/>\n<meta property=\"og:site_name\" content=\"PR\u00d3SPERI NEWS\" \/>\n<meta property=\"article:publisher\" content=\"Luiz Pr\u00f3speri\" \/>\n<meta property=\"article:author\" content=\"Luiz Pr\u00f3speri\" \/>\n<meta property=\"article:published_time\" content=\"2026-08-04T12:35:41+00:00\" \/>\n<meta property=\"article:modified_time\" content=\"2026-08-04T17:08:58+00:00\" \/>\n<meta property=\"og:image\" content=\"https:\/\/i0.wp.com\/blogdoprosperi.com\/wp-content\/uploads\/2026\/08\/2305.jpg.webp?fit=460%2C368&ssl=1\" \/>\n\t<meta property=\"og:image:width\" content=\"460\" \/>\n\t<meta property=\"og:image:height\" content=\"368\" \/>\n\t<meta property=\"og:image:type\" content=\"image\/webp\" \/>\n<meta name=\"author\" content=\"Luiz Ant\u00f4nio Pr\u00f3speri\" \/>\n<meta name=\"twitter:card\" content=\"summary_large_image\" \/>\n<meta name=\"twitter:creator\" content=\"@Luizprosperi\" \/>\n<meta name=\"twitter:site\" content=\"@Luizprosperi\" \/>\n<meta name=\"twitter:label1\" content=\"Escrito por\" \/>\n\t<meta name=\"twitter:data1\" content=\"Luiz Ant\u00f4nio Pr\u00f3speri\" \/>\n\t<meta name=\"twitter:label2\" content=\"Est. tempo de leitura\" \/>\n\t<meta name=\"twitter:data2\" content=\"8 minutos\" \/>\n<script type=\"application\/ld+json\" class=\"yoast-schema-graph\">{\"@context\":\"https:\\\/\\\/schema.org\",\"@graph\":[{\"@type\":\"Article\",\"@id\":\"https:\\\/\\\/blogdoprosperi.com\\\/?p=61600#article\",\"isPartOf\":{\"@id\":\"https:\\\/\\\/blogdoprosperi.com\\\/?p=61600\"},\"author\":{\"name\":\"Luiz Ant\u00f4nio Pr\u00f3speri\",\"@id\":\"https:\\\/\\\/blogdoprosperi.com\\\/#\\\/schema\\\/person\\\/38100755ce3601861ee4fab9b5aa78e9\"},\"headline\":\"Ravenna, uma cidade italiana \u00e0 espera do Bruxo\",\"datePublished\":\"2026-08-04T12:35:41+00:00\",\"dateModified\":\"2026-08-04T17:08:58+00:00\",\"mainEntityOfPage\":{\"@id\":\"https:\\\/\\\/blogdoprosperi.com\\\/?p=61600\"},\"wordCount\":1514,\"commentCount\":0,\"publisher\":{\"@id\":\"https:\\\/\\\/blogdoprosperi.com\\\/#\\\/schema\\\/person\\\/38100755ce3601861ee4fab9b5aa78e9\"},\"image\":{\"@id\":\"https:\\\/\\\/blogdoprosperi.com\\\/?p=61600#primaryimage\"},\"thumbnailUrl\":\"https:\\\/\\\/i0.wp.com\\\/blogdoprosperi.com\\\/wp-content\\\/uploads\\\/2026\\\/08\\\/2305.jpg.webp?fit=460%2C368&ssl=1\",\"keywords\":[\"cirpiani\",\"ravenna\",\"Ronaldinho Ga\u00facho\",\"s\u00e9rie c it\u00e1lia\"],\"articleSection\":[\"futebol\",\"informa\u00e7\u00e3o\",\"mercado\"],\"inLanguage\":\"pt-BR\",\"potentialAction\":[{\"@type\":\"CommentAction\",\"name\":\"Comment\",\"target\":[\"https:\\\/\\\/blogdoprosperi.com\\\/?p=61600#respond\"]}]},{\"@type\":\"WebPage\",\"@id\":\"https:\\\/\\\/blogdoprosperi.com\\\/?p=61600\",\"url\":\"https:\\\/\\\/blogdoprosperi.com\\\/?p=61600\",\"name\":\"Ravenna, uma cidade italiana \u00e0 espera do Bruxo - PR\u00d3SPERI NEWS\",\"isPartOf\":{\"@id\":\"https:\\\/\\\/blogdoprosperi.com\\\/#website\"},\"primaryImageOfPage\":{\"@id\":\"https:\\\/\\\/blogdoprosperi.com\\\/?p=61600#primaryimage\"},\"image\":{\"@id\":\"https:\\\/\\\/blogdoprosperi.com\\\/?p=61600#primaryimage\"},\"thumbnailUrl\":\"https:\\\/\\\/i0.wp.com\\\/blogdoprosperi.com\\\/wp-content\\\/uploads\\\/2026\\\/08\\\/2305.jpg.webp?fit=460%2C368&ssl=1\",\"datePublished\":\"2026-08-04T12:35:41+00:00\",\"dateModified\":\"2026-08-04T17:08:58+00:00\",\"breadcrumb\":{\"@id\":\"https:\\\/\\\/blogdoprosperi.com\\\/?p=61600#breadcrumb\"},\"inLanguage\":\"pt-BR\",\"potentialAction\":[{\"@type\":\"ReadAction\",\"target\":[\"https:\\\/\\\/blogdoprosperi.com\\\/?p=61600\"]}]},{\"@type\":\"ImageObject\",\"inLanguage\":\"pt-BR\",\"@id\":\"https:\\\/\\\/blogdoprosperi.com\\\/?p=61600#primaryimage\",\"url\":\"https:\\\/\\\/i0.wp.com\\\/blogdoprosperi.com\\\/wp-content\\\/uploads\\\/2026\\\/08\\\/2305.jpg.webp?fit=460%2C368&ssl=1\",\"contentUrl\":\"https:\\\/\\\/i0.wp.com\\\/blogdoprosperi.com\\\/wp-content\\\/uploads\\\/2026\\\/08\\\/2305.jpg.webp?fit=460%2C368&ssl=1\",\"width\":460,\"height\":368,\"caption\":\"Ronaldinho exibe camisa do Ravenna ao lado de Ignazio Cipriani, presidente do clube, ap\u00f3s o an\u00fancio surpresa da transfer\u00eancia em Miami, em junho. Foto: Rebecca Blackwell\\\/AP\"},{\"@type\":\"BreadcrumbList\",\"@id\":\"https:\\\/\\\/blogdoprosperi.com\\\/?p=61600#breadcrumb\",\"itemListElement\":[{\"@type\":\"ListItem\",\"position\":1,\"name\":\"In\u00edcio\",\"item\":\"https:\\\/\\\/blogdoprosperi.com\\\/\"},{\"@type\":\"ListItem\",\"position\":2,\"name\":\"Ravenna, uma cidade italiana \u00e0 espera do Bruxo\"}]},{\"@type\":\"WebSite\",\"@id\":\"https:\\\/\\\/blogdoprosperi.com\\\/#website\",\"url\":\"https:\\\/\\\/blogdoprosperi.com\\\/\",\"name\":\"PR\u00d3SPERI NEWS\",\"description\":\"TUDO \u00c9  FUTEBOL\",\"publisher\":{\"@id\":\"https:\\\/\\\/blogdoprosperi.com\\\/#\\\/schema\\\/person\\\/38100755ce3601861ee4fab9b5aa78e9\"},\"alternateName\":\"blogdoprosperi.com\",\"potentialAction\":[{\"@type\":\"SearchAction\",\"target\":{\"@type\":\"EntryPoint\",\"urlTemplate\":\"https:\\\/\\\/blogdoprosperi.com\\\/?s={search_term_string}\"},\"query-input\":{\"@type\":\"PropertyValueSpecification\",\"valueRequired\":true,\"valueName\":\"search_term_string\"}}],\"inLanguage\":\"pt-BR\"},{\"@type\":[\"Person\",\"Organization\"],\"@id\":\"https:\\\/\\\/blogdoprosperi.com\\\/#\\\/schema\\\/person\\\/38100755ce3601861ee4fab9b5aa78e9\",\"name\":\"Luiz Ant\u00f4nio Pr\u00f3speri\",\"pronouns\":\"ele\",\"image\":{\"@type\":\"ImageObject\",\"inLanguage\":\"pt-BR\",\"@id\":\"https:\\\/\\\/i0.wp.com\\\/blogdoprosperi.com\\\/wp-content\\\/uploads\\\/2026\\\/05\\\/cropped-8059e613-6002-42fa-961e-8e275f575d71-2-5.jpg?fit=1360%2C931&ssl=1\",\"url\":\"https:\\\/\\\/i0.wp.com\\\/blogdoprosperi.com\\\/wp-content\\\/uploads\\\/2026\\\/05\\\/cropped-8059e613-6002-42fa-961e-8e275f575d71-2-5.jpg?fit=1360%2C931&ssl=1\",\"contentUrl\":\"https:\\\/\\\/i0.wp.com\\\/blogdoprosperi.com\\\/wp-content\\\/uploads\\\/2026\\\/05\\\/cropped-8059e613-6002-42fa-961e-8e275f575d71-2-5.jpg?fit=1360%2C931&ssl=1\",\"width\":1360,\"height\":931,\"caption\":\"Luiz Ant\u00f4nio Pr\u00f3speri\"},\"logo\":{\"@id\":\"https:\\\/\\\/i0.wp.com\\\/blogdoprosperi.com\\\/wp-content\\\/uploads\\\/2026\\\/05\\\/cropped-8059e613-6002-42fa-961e-8e275f575d71-2-5.jpg?fit=1360%2C931&ssl=1\"},\"description\":\"Jornalista com carreira dedicada ao esporte. Cobriu 9 Copas do Mundo in loco, 1990 na It\u00e1lia, 1994 nos EUA, 1998 na Fran\u00e7a, 2002 na Coreia do Sul e Jap\u00e3o, 2006 na Alemanha, 2010 na \u00c1frica do Sul, 2014 no Brasil, 2018 na R\u00fassia e 2022 no Qatar. Eurocopas, 1992 na Su\u00e9cia e 1996 na Inglaterra. Copa das Confedera\u00e7\u00f5es de 2005 na Alemanha e 2009 na \u00c1frica do Sul. Rep\u00f3rter e Editor, trabalhou no Jornal da Tarde e Estad\u00e3o, de 1984 a fevereiro de 2016. Colunista, blogueiro. E comentarista de futebol na R\u00e1dio Estad\u00e3o, de 2013 a fevereiro de 2016. Jornalista respons\u00e1vel do \\\"Pr\u00f3speri News\\\" (blogdoprosperi.com).\",\"sameAs\":[\"http:\\\/\\\/blogdoprosperi.com\",\"Luiz Pr\u00f3speri\",\"@luiz_prosperi\",\"https:\\\/\\\/x.com\\\/Luizprosperi\",\"@prosperinacopa\",\"luiz.prosperi@icloud.com\"],\"url\":\"https:\\\/\\\/blogdoprosperi.com\\\/?author=102107496\"}]}<\/script>\n<!-- \/ Yoast SEO plugin. -->","yoast_head_json":{"title":"Ravenna, uma cidade italiana \u00e0 espera do Bruxo - PR\u00d3SPERI NEWS","robots":{"index":"index","follow":"follow","max-snippet":"max-snippet:-1","max-image-preview":"max-image-preview:large","max-video-preview":"max-video-preview:-1"},"canonical":"https:\/\/blogdoprosperi.com\/?p=61600","og_locale":"pt_BR","og_type":"article","og_title":"Ravenna, uma cidade italiana \u00e0 espera do Bruxo - PR\u00d3SPERI NEWS","og_description":"Golpe de marketing ou transfer\u00eancia &#8220;extraordin\u00e1ria&#8221;? Torcedores do Ravenna surfam na onda do Efeito Ronaldinho A decis\u00e3o do [&hellip;]","og_url":"https:\/\/blogdoprosperi.com\/?p=61600","og_site_name":"PR\u00d3SPERI NEWS","article_publisher":"Luiz Pr\u00f3speri","article_author":"Luiz Pr\u00f3speri","article_published_time":"2026-08-04T12:35:41+00:00","article_modified_time":"2026-08-04T17:08:58+00:00","og_image":[{"width":460,"height":368,"url":"https:\/\/i0.wp.com\/blogdoprosperi.com\/wp-content\/uploads\/2026\/08\/2305.jpg.webp?fit=460%2C368&ssl=1","type":"image\/webp"}],"author":"Luiz Ant\u00f4nio Pr\u00f3speri","twitter_card":"summary_large_image","twitter_creator":"@Luizprosperi","twitter_site":"@Luizprosperi","twitter_misc":{"Escrito por":"Luiz Ant\u00f4nio Pr\u00f3speri","Est. tempo de leitura":"8 minutos"},"schema":{"@context":"https:\/\/schema.org","@graph":[{"@type":"Article","@id":"https:\/\/blogdoprosperi.com\/?p=61600#article","isPartOf":{"@id":"https:\/\/blogdoprosperi.com\/?p=61600"},"author":{"name":"Luiz Ant\u00f4nio Pr\u00f3speri","@id":"https:\/\/blogdoprosperi.com\/#\/schema\/person\/38100755ce3601861ee4fab9b5aa78e9"},"headline":"Ravenna, uma cidade italiana \u00e0 espera do Bruxo","datePublished":"2026-08-04T12:35:41+00:00","dateModified":"2026-08-04T17:08:58+00:00","mainEntityOfPage":{"@id":"https:\/\/blogdoprosperi.com\/?p=61600"},"wordCount":1514,"commentCount":0,"publisher":{"@id":"https:\/\/blogdoprosperi.com\/#\/schema\/person\/38100755ce3601861ee4fab9b5aa78e9"},"image":{"@id":"https:\/\/blogdoprosperi.com\/?p=61600#primaryimage"},"thumbnailUrl":"https:\/\/i0.wp.com\/blogdoprosperi.com\/wp-content\/uploads\/2026\/08\/2305.jpg.webp?fit=460%2C368&ssl=1","keywords":["cirpiani","ravenna","Ronaldinho Ga\u00facho","s\u00e9rie c it\u00e1lia"],"articleSection":["futebol","informa\u00e7\u00e3o","mercado"],"inLanguage":"pt-BR","potentialAction":[{"@type":"CommentAction","name":"Comment","target":["https:\/\/blogdoprosperi.com\/?p=61600#respond"]}]},{"@type":"WebPage","@id":"https:\/\/blogdoprosperi.com\/?p=61600","url":"https:\/\/blogdoprosperi.com\/?p=61600","name":"Ravenna, uma cidade italiana \u00e0 espera do Bruxo - PR\u00d3SPERI NEWS","isPartOf":{"@id":"https:\/\/blogdoprosperi.com\/#website"},"primaryImageOfPage":{"@id":"https:\/\/blogdoprosperi.com\/?p=61600#primaryimage"},"image":{"@id":"https:\/\/blogdoprosperi.com\/?p=61600#primaryimage"},"thumbnailUrl":"https:\/\/i0.wp.com\/blogdoprosperi.com\/wp-content\/uploads\/2026\/08\/2305.jpg.webp?fit=460%2C368&ssl=1","datePublished":"2026-08-04T12:35:41+00:00","dateModified":"2026-08-04T17:08:58+00:00","breadcrumb":{"@id":"https:\/\/blogdoprosperi.com\/?p=61600#breadcrumb"},"inLanguage":"pt-BR","potentialAction":[{"@type":"ReadAction","target":["https:\/\/blogdoprosperi.com\/?p=61600"]}]},{"@type":"ImageObject","inLanguage":"pt-BR","@id":"https:\/\/blogdoprosperi.com\/?p=61600#primaryimage","url":"https:\/\/i0.wp.com\/blogdoprosperi.com\/wp-content\/uploads\/2026\/08\/2305.jpg.webp?fit=460%2C368&ssl=1","contentUrl":"https:\/\/i0.wp.com\/blogdoprosperi.com\/wp-content\/uploads\/2026\/08\/2305.jpg.webp?fit=460%2C368&ssl=1","width":460,"height":368,"caption":"Ronaldinho exibe camisa do Ravenna ao lado de Ignazio Cipriani, presidente do clube, ap\u00f3s o an\u00fancio surpresa da transfer\u00eancia em Miami, em junho. Foto: Rebecca Blackwell\/AP"},{"@type":"BreadcrumbList","@id":"https:\/\/blogdoprosperi.com\/?p=61600#breadcrumb","itemListElement":[{"@type":"ListItem","position":1,"name":"In\u00edcio","item":"https:\/\/blogdoprosperi.com\/"},{"@type":"ListItem","position":2,"name":"Ravenna, uma cidade italiana \u00e0 espera do Bruxo"}]},{"@type":"WebSite","@id":"https:\/\/blogdoprosperi.com\/#website","url":"https:\/\/blogdoprosperi.com\/","name":"PR\u00d3SPERI NEWS","description":"TUDO \u00c9  FUTEBOL","publisher":{"@id":"https:\/\/blogdoprosperi.com\/#\/schema\/person\/38100755ce3601861ee4fab9b5aa78e9"},"alternateName":"blogdoprosperi.com","potentialAction":[{"@type":"SearchAction","target":{"@type":"EntryPoint","urlTemplate":"https:\/\/blogdoprosperi.com\/?s={search_term_string}"},"query-input":{"@type":"PropertyValueSpecification","valueRequired":true,"valueName":"search_term_string"}}],"inLanguage":"pt-BR"},{"@type":["Person","Organization"],"@id":"https:\/\/blogdoprosperi.com\/#\/schema\/person\/38100755ce3601861ee4fab9b5aa78e9","name":"Luiz Ant\u00f4nio Pr\u00f3speri","pronouns":"ele","image":{"@type":"ImageObject","inLanguage":"pt-BR","@id":"https:\/\/i0.wp.com\/blogdoprosperi.com\/wp-content\/uploads\/2026\/05\/cropped-8059e613-6002-42fa-961e-8e275f575d71-2-5.jpg?fit=1360%2C931&ssl=1","url":"https:\/\/i0.wp.com\/blogdoprosperi.com\/wp-content\/uploads\/2026\/05\/cropped-8059e613-6002-42fa-961e-8e275f575d71-2-5.jpg?fit=1360%2C931&ssl=1","contentUrl":"https:\/\/i0.wp.com\/blogdoprosperi.com\/wp-content\/uploads\/2026\/05\/cropped-8059e613-6002-42fa-961e-8e275f575d71-2-5.jpg?fit=1360%2C931&ssl=1","width":1360,"height":931,"caption":"Luiz Ant\u00f4nio Pr\u00f3speri"},"logo":{"@id":"https:\/\/i0.wp.com\/blogdoprosperi.com\/wp-content\/uploads\/2026\/05\/cropped-8059e613-6002-42fa-961e-8e275f575d71-2-5.jpg?fit=1360%2C931&ssl=1"},"description":"Jornalista com carreira dedicada ao esporte. Cobriu 9 Copas do Mundo in loco, 1990 na It\u00e1lia, 1994 nos EUA, 1998 na Fran\u00e7a, 2002 na Coreia do Sul e Jap\u00e3o, 2006 na Alemanha, 2010 na \u00c1frica do Sul, 2014 no Brasil, 2018 na R\u00fassia e 2022 no Qatar. Eurocopas, 1992 na Su\u00e9cia e 1996 na Inglaterra. Copa das Confedera\u00e7\u00f5es de 2005 na Alemanha e 2009 na \u00c1frica do Sul. Rep\u00f3rter e Editor, trabalhou no Jornal da Tarde e Estad\u00e3o, de 1984 a fevereiro de 2016. Colunista, blogueiro. E comentarista de futebol na R\u00e1dio Estad\u00e3o, de 2013 a fevereiro de 2016. Jornalista respons\u00e1vel do \"Pr\u00f3speri News\" (blogdoprosperi.com).","sameAs":["http:\/\/blogdoprosperi.com","Luiz Pr\u00f3speri","@luiz_prosperi","https:\/\/x.com\/Luizprosperi","@prosperinacopa","luiz.prosperi@icloud.com"],"url":"https:\/\/blogdoprosperi.com\/?author=102107496"}]}},"jetpack_publicize_connections":[],"jetpack_likes_enabled":false,"jetpack_sharing_enabled":true,"jetpack_shortlink":"https:\/\/wp.me\/p7jvdk-g1y","jetpack-related-posts":[{"id":62337,"url":"https:\/\/blogdoprosperi.com\/?p=62337","url_meta":{"origin":61600,"position":0},"title":"Ronaldinho Ga\u00facho despendura chuteira e volta ao futebol ap\u00f3s 11 anos de aposentadoria","author":"Luiz Ant\u00f4nio Pr\u00f3speri","date":"21 de agosto de 2026","format":false,"excerpt":"Acreditem, Ronaldinho Ga\u00facho volta ao futebol na condi\u00e7\u00e3o de jogador profissional ap\u00f3s 11 anos de aposentadoria.","rel":"","context":"Em &quot;\u00daltimas&quot;","block_context":{"text":"\u00daltimas","link":"https:\/\/blogdoprosperi.com\/?cat=283656"},"img":{"alt_text":"","src":"https:\/\/i0.wp.com\/blogdoprosperi.com\/wp-content\/uploads\/2026\/08\/images.jpg?fit=679%2C452&ssl=1&resize=350%2C200","width":350,"height":200,"srcset":"https:\/\/i0.wp.com\/blogdoprosperi.com\/wp-content\/uploads\/2026\/08\/images.jpg?fit=679%2C452&ssl=1&resize=350%2C200 1x, https:\/\/i0.wp.com\/blogdoprosperi.com\/wp-content\/uploads\/2026\/08\/images.jpg?fit=679%2C452&ssl=1&resize=525%2C300 1.5x"},"classes":[]},{"id":59809,"url":"https:\/\/blogdoprosperi.com\/?p=59809","url_meta":{"origin":61600,"position":1},"title":"A ben\u00e7\u00e3o de Ronaldinho Ga\u00facho no Hard Rock Miami","author":"Luiz Ant\u00f4nio Pr\u00f3speri","date":"25 de junho de 2026","format":false,"excerpt":"Luiz Ant\u00f4nio Pr\u00f3speri, 25 junho 2026 (00h09) Ronaldinho Ga\u00facho n\u00e3o quis saber mais da Sele\u00e7\u00e3o Brasileira ap\u00f3s a Copa do Mundo de 2006 na Alemanha. Ali\u00e1s, antes mesmo de o Brasil ser eliminado pela Fran\u00e7a nas quartas de final ele j\u00e1 n\u00e3o queria estar ali. Joga a Copa apenas a\u2026","rel":"","context":"Em &quot;copa 2026&quot;","block_context":{"text":"copa 2026","link":"https:\/\/blogdoprosperi.com\/?cat=36820279"},"img":{"alt_text":"","src":"https:\/\/i0.wp.com\/blogdoprosperi.com\/wp-content\/uploads\/2026\/06\/ronaldinho-gaucho-cumprimentou-os-jogadores-do-brasil-antes-da-partida-contra-a-escocia-na-copa-do-mundo-1782339451213_v2_1365x767.png?fit=1200%2C674&ssl=1&resize=350%2C200","width":350,"height":200,"srcset":"https:\/\/i0.wp.com\/blogdoprosperi.com\/wp-content\/uploads\/2026\/06\/ronaldinho-gaucho-cumprimentou-os-jogadores-do-brasil-antes-da-partida-contra-a-escocia-na-copa-do-mundo-1782339451213_v2_1365x767.png?fit=1200%2C674&ssl=1&resize=350%2C200 1x, https:\/\/i0.wp.com\/blogdoprosperi.com\/wp-content\/uploads\/2026\/06\/ronaldinho-gaucho-cumprimentou-os-jogadores-do-brasil-antes-da-partida-contra-a-escocia-na-copa-do-mundo-1782339451213_v2_1365x767.png?fit=1200%2C674&ssl=1&resize=525%2C300 1.5x, https:\/\/i0.wp.com\/blogdoprosperi.com\/wp-content\/uploads\/2026\/06\/ronaldinho-gaucho-cumprimentou-os-jogadores-do-brasil-antes-da-partida-contra-a-escocia-na-copa-do-mundo-1782339451213_v2_1365x767.png?fit=1200%2C674&ssl=1&resize=700%2C400 2x, https:\/\/i0.wp.com\/blogdoprosperi.com\/wp-content\/uploads\/2026\/06\/ronaldinho-gaucho-cumprimentou-os-jogadores-do-brasil-antes-da-partida-contra-a-escocia-na-copa-do-mundo-1782339451213_v2_1365x767.png?fit=1200%2C674&ssl=1&resize=1050%2C600 3x"},"classes":[]},{"id":49146,"url":"https:\/\/blogdoprosperi.com\/?p=49146","url_meta":{"origin":61600,"position":2},"title":"#Cr\u00f4nicaSab\u00e1tica #18 | Mar\u00e7o na Vida da Gera\u00e7\u00e3o Perdida do Bruxo, Fen\u00f4meno e Condenados","author":"Luiz Ant\u00f4nio Pr\u00f3speri","date":"22 de mar\u00e7o de 2025","format":false,"excerpt":"Luiz Ant\u00f4nio Pr\u00f3speri \u2013 22 mar\u00e7o (12h31) \u2013 Mar\u00e7o chega ao fim com algumas datas marcantes enquanto suas \u00e1guas encerram o ver\u00e3o tropical. Por coincid\u00eancia dos astros, Robinho, Ronaldinho Ga\u00facho, Ronaldo e Daniel Alves t\u00eam muito a contar nesse m\u00eas de jogos da Sele\u00e7\u00e3o Brasileira desacreditada e in\u00edcio do Brasileir\u00e3o\u2026","rel":"","context":"Em &quot;futebol&quot;","block_context":{"text":"futebol","link":"https:\/\/blogdoprosperi.com\/?cat=53870"},"img":{"alt_text":"Bruxo e Fen\u00f4meno no m\u00eas de mar\u00e7o","src":"https:\/\/i0.wp.com\/blogdoprosperi.com\/wp-content\/uploads\/2025\/03\/captura-de-tela-2025-03-22-as-12.16.01.png?fit=1200%2C676&ssl=1&resize=350%2C200","width":350,"height":200,"srcset":"https:\/\/i0.wp.com\/blogdoprosperi.com\/wp-content\/uploads\/2025\/03\/captura-de-tela-2025-03-22-as-12.16.01.png?fit=1200%2C676&ssl=1&resize=350%2C200 1x, https:\/\/i0.wp.com\/blogdoprosperi.com\/wp-content\/uploads\/2025\/03\/captura-de-tela-2025-03-22-as-12.16.01.png?fit=1200%2C676&ssl=1&resize=525%2C300 1.5x, https:\/\/i0.wp.com\/blogdoprosperi.com\/wp-content\/uploads\/2025\/03\/captura-de-tela-2025-03-22-as-12.16.01.png?fit=1200%2C676&ssl=1&resize=700%2C400 2x, https:\/\/i0.wp.com\/blogdoprosperi.com\/wp-content\/uploads\/2025\/03\/captura-de-tela-2025-03-22-as-12.16.01.png?fit=1200%2C676&ssl=1&resize=1050%2C600 3x"},"classes":[]},{"id":14102,"url":"https:\/\/blogdoprosperi.com\/?p=14102","url_meta":{"origin":61600,"position":3},"title":"Minist\u00e9rio P\u00fablico amea\u00e7a vetar reduto de palmeirenses ao arredor do Allianz Parque","author":"Luiz Ant\u00f4nio Pr\u00f3speri","date":"30 de junho de 2016","format":false,"excerpt":"Ref\u00e9ns da viol\u00eancia no futebol, governo, pol\u00edcia, Minist\u00e9rio P\u00fablico, gestores de clubes, federa\u00e7\u00f5es e CBF est\u00e3o perdidos. Desde 1995, quando um torcedor foi morto a pauladas no Pacaembu no confronto entre fac\u00e7\u00f5es de S\u00e3o Paulo e Palmeiras, uma s\u00e9rie de provid\u00eancias, leis e repress\u00e3o n\u00e3o tem evitado batalhas e execu\u00e7\u00f5es\u2026","rel":"","context":"Em &quot;futebol&quot;","block_context":{"text":"futebol","link":"https:\/\/blogdoprosperi.com\/?cat=53870"},"img":{"alt_text":"","src":"https:\/\/i0.wp.com\/blogdoprosperi.com\/wp-content\/uploads\/2016\/06\/2k994wjy69_3gkhkru6mx_file.jpeg?resize=350%2C200","width":350,"height":200},"classes":[]},{"id":366,"url":"https:\/\/blogdoprosperi.com\/?p=366","url_meta":{"origin":61600,"position":4},"title":"Torcida \u00fanica nos cl\u00e1ssicos \u00e9 derrota do futebol","author":"Luiz Ant\u00f4nio Pr\u00f3speri","date":"5 de abril de 2016","format":false,"excerpt":"\u00a0 A Secretaria de Seguran\u00e7a P\u00fablica do Estado de S\u00e3o Paulo, sem consultar ningu\u00e9m do futebol, determinou com uma canetada a presen\u00e7a de torcida \u00fanica em cl\u00e1ssicos paulistas em todos os campeonatos at\u00e9 31 de dezembro. A ordem partiu do governo do estado ap\u00f3s a s\u00e9rie de confrontos de fac\u00e7\u00f5es\u2026","rel":"","context":"Em &quot;futebol&quot;","block_context":{"text":"futebol","link":"https:\/\/blogdoprosperi.com\/?cat=53870"},"img":{"alt_text":"","src":"https:\/\/i0.wp.com\/blogdoprosperi.com\/wp-content\/uploads\/2016\/04\/v-php.jpeg?resize=350%2C200&ssl=1","width":350,"height":200,"srcset":"https:\/\/i0.wp.com\/blogdoprosperi.com\/wp-content\/uploads\/2016\/04\/v-php.jpeg?resize=350%2C200&ssl=1 1x, https:\/\/i0.wp.com\/blogdoprosperi.com\/wp-content\/uploads\/2016\/04\/v-php.jpeg?resize=525%2C300&ssl=1 1.5x, https:\/\/i0.wp.com\/blogdoprosperi.com\/wp-content\/uploads\/2016\/04\/v-php.jpeg?resize=700%2C400&ssl=1 2x"},"classes":[]},{"id":29720,"url":"https:\/\/blogdoprosperi.com\/?p=29720","url_meta":{"origin":61600,"position":5},"title":"Minist\u00e9rio P\u00fablico de S\u00e3o Paulo confirma amea\u00e7a e fecha rua Turiassu, reduto de palmeirenses, com a\u00e7\u00e3o da Pol\u00edcia Militar","author":"Luiz Ant\u00f4nio Pr\u00f3speri","date":"23 de outubro de 2016","format":false,"excerpt":"A\u00e7\u00e3o da Pol\u00edcia Militar neste in\u00edcio de tarde nos arredores do Allianz Parque n\u00e3o \u00e9 uma surpresa a este Blog do Pr\u00f3speri. Em junho, a informa\u00e7\u00e3o estava em um post deste blog, quando o promotor Paulo Castilho, do Minist\u00e9rio P\u00fablico de SP, amea\u00e7ava uma interven\u00e7\u00e3o nas ruas que circundam o\u2026","rel":"","context":"Em &quot;Campeonato Brasileiro&quot;","block_context":{"text":"Campeonato Brasileiro","link":"https:\/\/blogdoprosperi.com\/?cat=355071"},"img":{"alt_text":"","src":"https:\/\/i0.wp.com\/blogdoprosperi.com\/wp-content\/uploads\/2016\/10\/0000030946_0001.jpg?resize=350%2C200","width":350,"height":200,"srcset":"https:\/\/i0.wp.com\/blogdoprosperi.com\/wp-content\/uploads\/2016\/10\/0000030946_0001.jpg?resize=350%2C200 1x, https:\/\/i0.wp.com\/blogdoprosperi.com\/wp-content\/uploads\/2016\/10\/0000030946_0001.jpg?resize=525%2C300 1.5x"},"classes":[]}],"jetpack_featured_media_url":"https:\/\/i0.wp.com\/blogdoprosperi.com\/wp-content\/uploads\/2026\/08\/2305.jpg.webp?fit=460%2C368&ssl=1","_links":{"self":[{"href":"https:\/\/blogdoprosperi.com\/index.php?rest_route=\/wp\/v2\/posts\/61600","targetHints":{"allow":["GET"]}}],"collection":[{"href":"https:\/\/blogdoprosperi.com\/index.php?rest_route=\/wp\/v2\/posts"}],"about":[{"href":"https:\/\/blogdoprosperi.com\/index.php?rest_route=\/wp\/v2\/types\/post"}],"author":[{"embeddable":true,"href":"https:\/\/blogdoprosperi.com\/index.php?rest_route=\/wp\/v2\/users\/102107496"}],"replies":[{"embeddable":true,"href":"https:\/\/blogdoprosperi.com\/index.php?rest_route=%2Fwp%2Fv2%2Fcomments&post=61600"}],"version-history":[{"count":15,"href":"https:\/\/blogdoprosperi.com\/index.php?rest_route=\/wp\/v2\/posts\/61600\/revisions"}],"predecessor-version":[{"id":61690,"href":"https:\/\/blogdoprosperi.com\/index.php?rest_route=\/wp\/v2\/posts\/61600\/revisions\/61690"}],"wp:featuredmedia":[{"embeddable":true,"href":"https:\/\/blogdoprosperi.com\/index.php?rest_route=\/wp\/v2\/media\/61687"}],"wp:attachment":[{"href":"https:\/\/blogdoprosperi.com\/index.php?rest_route=%2Fwp%2Fv2%2Fmedia&parent=61600"}],"wp:term":[{"taxonomy":"category","embeddable":true,"href":"https:\/\/blogdoprosperi.com\/index.php?rest_route=%2Fwp%2Fv2%2Fcategories&post=61600"},{"taxonomy":"post_tag","embeddable":true,"href":"https:\/\/blogdoprosperi.com\/index.php?rest_route=%2Fwp%2Fv2%2Ftags&post=61600"}],"curies":[{"name":"wp","href":"https:\/\/api.w.org\/{rel}","templated":true}]}}