{"id":61742,"date":"2026-08-05T12:17:39","date_gmt":"2026-08-05T15:17:39","guid":{"rendered":"https:\/\/blogdoprosperi.com\/?p=61742"},"modified":"2026-08-05T12:20:53","modified_gmt":"2026-08-05T15:20:53","slug":"um-mes-da-derrota-na-copa-do-mundo-e-continuamos-a-falar-de-neymar","status":"publish","type":"post","link":"https:\/\/blogdoprosperi.com\/?p=61742","title":{"rendered":"Um m\u00eas da derrota na Copa do Mundo e continuamos a falar de Neymar"},"content":{"rendered":"<p><em>Luiz Ant\u00f4nio Pr\u00f3speri \u2013 5 agosto 2026 (12h02)<\/em><\/p>\n<p>New Jersey, 5 de julho 2026. Noruega 2 a 1 Brasil. Est\u00e1vamos eliminados nas oitavas de final da Copa do Mundo nos Estados Unidos.<\/p>\n<p>Um m\u00eas depois:<\/p>\n<p>Bel\u00e9m, 4 de agosto 2026. Remo 0 x 1 Santos. Clube paulista avan\u00e7a \u00e0s quartas de final da Copa do Brasil. Gol do paraense Rony com passe de Neymar.<\/p>\n<p>Meia-hora ap\u00f3s o encerramento do jogo, eis aquele que seria a nossa salva\u00e7\u00e3o na Copa do Mundo:<\/p>\n<p><iframe loading=\"lazy\" title=\"TRETA ENTRE NEYMAR E TORCEDORES DO REMO #neymar #futebol\" width=\"563\" height=\"1000\" src=\"https:\/\/www.youtube.com\/embed\/tgxzcsx-Kb0?feature=oembed\" frameborder=\"0\" allow=\"accelerometer; autoplay; clipboard-write; encrypted-media; gyroscope; picture-in-picture; web-share\" referrerpolicy=\"strict-origin-when-cross-origin\" allowfullscreen><\/iframe><\/p>\n<p>Um m\u00eas se passou da queda do Brasil na Copa do Mundo 2025.<\/p>\n<p>Carlo Ancelotti, ap\u00f3s f\u00e9rias de reflex\u00e3o com a fam\u00edlia no Canad\u00e1, retorna ao Rio de Janeiro na \u00faltima semana de julho. Concede entrevistas a canais de TV e anuncia: a renova\u00e7\u00e3o do escrete, o fim da gera\u00e7\u00e3o Neymar na Sele\u00e7\u00e3o, a promessa de dar aten\u00e7\u00e3o \u00e0s sele\u00e7\u00f5es de base num trabalho integrado e cobra dos clubes a forma\u00e7\u00e3o de meio-campistas. CBF avisa que vai se dedicar, entre outras coisas, \u00e0s sele\u00e7\u00f5es dos meninos, a gera\u00e7\u00e3o da Copa 2030.<\/p>\n<p>E isso \u00e9 tudo h\u00e1 um m\u00eas da derrota em New Jersey.<\/p>\n<p>Ah, tem mais um detalhe.<\/p>\n<p>Neymar pai disse na segunda-feira (03\/8) que Neymar filho ainda vai continuar jogando por um bom tempo. E lan\u00e7a a pergunta:<\/p>\n<p>&#8220;Voc\u00ea est\u00e1 mal informado (<em>quando questionado por um jornalista sobre o fim de Neymar na Sele\u00e7\u00e3o Brasileira<\/em>). Ele (<em>Neymar<\/em>) falou: &#8216;acho que pra mim terminou&#8217;. Ele acha. A gente acabou de sair de uma Copa do Mundo que foi dif\u00edcil para todos. Estamos falando de uma nova Copa daqui a quatro anos e voc\u00ea quer que ele (<em>Neymar<\/em>) tenha uma resposta hoje?&#8221;<\/p>\n<p>N\u00e3o sei voc\u00ea, mas acho que Neymar cansa at\u00e9 cachorro.<\/p>\n","protected":false},"excerpt":{"rendered":"<p>Luiz Ant\u00f4nio Pr\u00f3speri \u2013 5 agosto 2026 (12h02) New Jersey, 5 de julho 2026. Noruega 2 a 1 [&hellip;]<\/p>\n","protected":false},"author":102107496,"featured_media":61752,"comment_status":"open","ping_status":"open","sticky":false,"template":"","format":"standard","meta":{"_coblocks_attr":"","_coblocks_dimensions":"","_coblocks_responsive_height":"","_coblocks_accordion_ie_support":"","_jetpack_newsletter_access":"","_jetpack_dont_email_post_to_subs":false,"_jetpack_newsletter_tier_id":0,"_jetpack_memberships_contains_paywalled_content":false,"_wpcom_ai_launchpad_first_post":false,"_jetpack_feature_clip_id":0,"_jetpack_memberships_contains_paid_content":false,"footnotes":"","jetpack_publicize_message":"","jetpack_publicize_feature_enabled":true,"jetpack_social_post_already_shared":true,"jetpack_social_options":{"image_generator_settings":{"template":"highway","default_image_id":0,"font":"","enabled":false},"version":2},"jetpack_post_was_ever_published":false},"categories":[53870,174694],"tags":[1016127,789560569,789560651,40921371,72915314],"class_list":["post-61742","post","type-post","status-publish","format-standard","has-post-thumbnail","hentry","category-futebol","category-selecao-brasileira","tag-ancelotti","tag-cbf","tag-copadomundo","tag-neymar-pai","tag-neymarjr"],"yoast_head":"<!-- This site is optimized with the Yoast SEO plugin v28.3 - https:\/\/yoast.com\/product\/yoast-seo-wordpress\/ -->\n<title>Um m\u00eas da derrota na Copa do Mundo e continuamos a falar de Neymar - PR\u00d3SPERI NEWS<\/title>\n<meta name=\"robots\" content=\"index, follow, max-snippet:-1, max-image-preview:large, max-video-preview:-1\" \/>\n<link rel=\"canonical\" href=\"https:\/\/blogdoprosperi.com\/?p=61742\" \/>\n<meta property=\"og:locale\" content=\"pt_BR\" \/>\n<meta property=\"og:type\" content=\"article\" \/>\n<meta property=\"og:title\" content=\"Um m\u00eas da derrota na Copa do Mundo e continuamos a falar de Neymar - PR\u00d3SPERI NEWS\" \/>\n<meta property=\"og:description\" content=\"Luiz Ant\u00f4nio Pr\u00f3speri \u2013 5 agosto 2026 (12h02) New Jersey, 5 de julho 2026. Noruega 2 a 1 [&hellip;]\" \/>\n<meta property=\"og:url\" content=\"https:\/\/blogdoprosperi.com\/?p=61742\" \/>\n<meta property=\"og:site_name\" content=\"PR\u00d3SPERI NEWS\" \/>\n<meta property=\"article:publisher\" content=\"Luiz Pr\u00f3speri\" \/>\n<meta property=\"article:author\" content=\"Luiz Pr\u00f3speri\" \/>\n<meta property=\"article:published_time\" content=\"2026-08-05T15:17:39+00:00\" \/>\n<meta property=\"article:modified_time\" content=\"2026-08-05T15:20:53+00:00\" \/>\n<meta property=\"og:image\" content=\"https:\/\/i0.wp.com\/blogdoprosperi.com\/wp-content\/uploads\/2026\/08\/Captura-de-Tela-2026-08-05-as-12.15.01.png?fit=1076%2C838&ssl=1\" \/>\n\t<meta property=\"og:image:width\" content=\"1076\" \/>\n\t<meta property=\"og:image:height\" content=\"838\" \/>\n\t<meta property=\"og:image:type\" content=\"image\/png\" \/>\n<meta name=\"author\" content=\"Luiz Ant\u00f4nio Pr\u00f3speri\" \/>\n<meta name=\"twitter:card\" content=\"summary_large_image\" \/>\n<meta name=\"twitter:creator\" content=\"@Luizprosperi\" \/>\n<meta name=\"twitter:site\" content=\"@Luizprosperi\" \/>\n<meta name=\"twitter:label1\" content=\"Escrito por\" \/>\n\t<meta name=\"twitter:data1\" content=\"Luiz Ant\u00f4nio Pr\u00f3speri\" \/>\n\t<meta name=\"twitter:label2\" content=\"Est. tempo de leitura\" \/>\n\t<meta name=\"twitter:data2\" content=\"2 minutos\" \/>\n<script type=\"application\/ld+json\" class=\"yoast-schema-graph\">{\"@context\":\"https:\\\/\\\/schema.org\",\"@graph\":[{\"@type\":\"Article\",\"@id\":\"https:\\\/\\\/blogdoprosperi.com\\\/?p=61742#article\",\"isPartOf\":{\"@id\":\"https:\\\/\\\/blogdoprosperi.com\\\/?p=61742\"},\"author\":{\"name\":\"Luiz Ant\u00f4nio Pr\u00f3speri\",\"@id\":\"https:\\\/\\\/blogdoprosperi.com\\\/#\\\/schema\\\/person\\\/38100755ce3601861ee4fab9b5aa78e9\"},\"headline\":\"Um m\u00eas da derrota na Copa do Mundo e continuamos a falar de Neymar\",\"datePublished\":\"2026-08-05T15:17:39+00:00\",\"dateModified\":\"2026-08-05T15:20:53+00:00\",\"mainEntityOfPage\":{\"@id\":\"https:\\\/\\\/blogdoprosperi.com\\\/?p=61742\"},\"wordCount\":317,\"commentCount\":0,\"publisher\":{\"@id\":\"https:\\\/\\\/blogdoprosperi.com\\\/#\\\/schema\\\/person\\\/38100755ce3601861ee4fab9b5aa78e9\"},\"image\":{\"@id\":\"https:\\\/\\\/blogdoprosperi.com\\\/?p=61742#primaryimage\"},\"thumbnailUrl\":\"https:\\\/\\\/i0.wp.com\\\/blogdoprosperi.com\\\/wp-content\\\/uploads\\\/2026\\\/08\\\/Captura-de-Tela-2026-08-05-as-12.15.01.png?fit=1076%2C838&ssl=1\",\"keywords\":[\"Ancelotti\",\"CBF\",\"copadomundo\",\"Neymar pai\",\"neymarjr\"],\"articleSection\":[\"futebol\",\"Sele\u00e7\u00e3o Brasileira\"],\"inLanguage\":\"pt-BR\",\"potentialAction\":[{\"@type\":\"CommentAction\",\"name\":\"Comment\",\"target\":[\"https:\\\/\\\/blogdoprosperi.com\\\/?p=61742#respond\"]}]},{\"@type\":\"WebPage\",\"@id\":\"https:\\\/\\\/blogdoprosperi.com\\\/?p=61742\",\"url\":\"https:\\\/\\\/blogdoprosperi.com\\\/?p=61742\",\"name\":\"Um m\u00eas da derrota na Copa do Mundo e continuamos a falar de Neymar - PR\u00d3SPERI NEWS\",\"isPartOf\":{\"@id\":\"https:\\\/\\\/blogdoprosperi.com\\\/#website\"},\"primaryImageOfPage\":{\"@id\":\"https:\\\/\\\/blogdoprosperi.com\\\/?p=61742#primaryimage\"},\"image\":{\"@id\":\"https:\\\/\\\/blogdoprosperi.com\\\/?p=61742#primaryimage\"},\"thumbnailUrl\":\"https:\\\/\\\/i0.wp.com\\\/blogdoprosperi.com\\\/wp-content\\\/uploads\\\/2026\\\/08\\\/Captura-de-Tela-2026-08-05-as-12.15.01.png?fit=1076%2C838&ssl=1\",\"datePublished\":\"2026-08-05T15:17:39+00:00\",\"dateModified\":\"2026-08-05T15:20:53+00:00\",\"breadcrumb\":{\"@id\":\"https:\\\/\\\/blogdoprosperi.com\\\/?p=61742#breadcrumb\"},\"inLanguage\":\"pt-BR\",\"potentialAction\":[{\"@type\":\"ReadAction\",\"target\":[\"https:\\\/\\\/blogdoprosperi.com\\\/?p=61742\"]}]},{\"@type\":\"ImageObject\",\"inLanguage\":\"pt-BR\",\"@id\":\"https:\\\/\\\/blogdoprosperi.com\\\/?p=61742#primaryimage\",\"url\":\"https:\\\/\\\/i0.wp.com\\\/blogdoprosperi.com\\\/wp-content\\\/uploads\\\/2026\\\/08\\\/Captura-de-Tela-2026-08-05-as-12.15.01.png?fit=1076%2C838&ssl=1\",\"contentUrl\":\"https:\\\/\\\/i0.wp.com\\\/blogdoprosperi.com\\\/wp-content\\\/uploads\\\/2026\\\/08\\\/Captura-de-Tela-2026-08-05-as-12.15.01.png?fit=1076%2C838&ssl=1\",\"width\":1076,\"height\":838,\"caption\":\"Neymar em f\u00faria \u2013 foto: reprodu\u00e7\u00e3o TV\"},{\"@type\":\"BreadcrumbList\",\"@id\":\"https:\\\/\\\/blogdoprosperi.com\\\/?p=61742#breadcrumb\",\"itemListElement\":[{\"@type\":\"ListItem\",\"position\":1,\"name\":\"In\u00edcio\",\"item\":\"https:\\\/\\\/blogdoprosperi.com\\\/\"},{\"@type\":\"ListItem\",\"position\":2,\"name\":\"Um m\u00eas da derrota na Copa do Mundo e continuamos a falar de Neymar\"}]},{\"@type\":\"WebSite\",\"@id\":\"https:\\\/\\\/blogdoprosperi.com\\\/#website\",\"url\":\"https:\\\/\\\/blogdoprosperi.com\\\/\",\"name\":\"PR\u00d3SPERI NEWS\",\"description\":\"TUDO \u00c9  FUTEBOL\",\"publisher\":{\"@id\":\"https:\\\/\\\/blogdoprosperi.com\\\/#\\\/schema\\\/person\\\/38100755ce3601861ee4fab9b5aa78e9\"},\"alternateName\":\"blogdoprosperi.com\",\"potentialAction\":[{\"@type\":\"SearchAction\",\"target\":{\"@type\":\"EntryPoint\",\"urlTemplate\":\"https:\\\/\\\/blogdoprosperi.com\\\/?s={search_term_string}\"},\"query-input\":{\"@type\":\"PropertyValueSpecification\",\"valueRequired\":true,\"valueName\":\"search_term_string\"}}],\"inLanguage\":\"pt-BR\"},{\"@type\":[\"Person\",\"Organization\"],\"@id\":\"https:\\\/\\\/blogdoprosperi.com\\\/#\\\/schema\\\/person\\\/38100755ce3601861ee4fab9b5aa78e9\",\"name\":\"Luiz Ant\u00f4nio Pr\u00f3speri\",\"pronouns\":\"ele\",\"image\":{\"@type\":\"ImageObject\",\"inLanguage\":\"pt-BR\",\"@id\":\"https:\\\/\\\/i0.wp.com\\\/blogdoprosperi.com\\\/wp-content\\\/uploads\\\/2026\\\/05\\\/cropped-8059e613-6002-42fa-961e-8e275f575d71-2-5.jpg?fit=1360%2C931&ssl=1\",\"url\":\"https:\\\/\\\/i0.wp.com\\\/blogdoprosperi.com\\\/wp-content\\\/uploads\\\/2026\\\/05\\\/cropped-8059e613-6002-42fa-961e-8e275f575d71-2-5.jpg?fit=1360%2C931&ssl=1\",\"contentUrl\":\"https:\\\/\\\/i0.wp.com\\\/blogdoprosperi.com\\\/wp-content\\\/uploads\\\/2026\\\/05\\\/cropped-8059e613-6002-42fa-961e-8e275f575d71-2-5.jpg?fit=1360%2C931&ssl=1\",\"width\":1360,\"height\":931,\"caption\":\"Luiz Ant\u00f4nio Pr\u00f3speri\"},\"logo\":{\"@id\":\"https:\\\/\\\/i0.wp.com\\\/blogdoprosperi.com\\\/wp-content\\\/uploads\\\/2026\\\/05\\\/cropped-8059e613-6002-42fa-961e-8e275f575d71-2-5.jpg?fit=1360%2C931&ssl=1\"},\"description\":\"Jornalista com carreira dedicada ao esporte. Cobriu 9 Copas do Mundo in loco, 1990 na It\u00e1lia, 1994 nos EUA, 1998 na Fran\u00e7a, 2002 na Coreia do Sul e Jap\u00e3o, 2006 na Alemanha, 2010 na \u00c1frica do Sul, 2014 no Brasil, 2018 na R\u00fassia e 2022 no Qatar. Eurocopas, 1992 na Su\u00e9cia e 1996 na Inglaterra. Copa das Confedera\u00e7\u00f5es de 2005 na Alemanha e 2009 na \u00c1frica do Sul. Rep\u00f3rter e Editor, trabalhou no Jornal da Tarde e Estad\u00e3o, de 1984 a fevereiro de 2016. Colunista, blogueiro. E comentarista de futebol na R\u00e1dio Estad\u00e3o, de 2013 a fevereiro de 2016. Jornalista respons\u00e1vel do \\\"Pr\u00f3speri News\\\" (blogdoprosperi.com).\",\"sameAs\":[\"http:\\\/\\\/blogdoprosperi.com\",\"Luiz Pr\u00f3speri\",\"@luiz_prosperi\",\"https:\\\/\\\/x.com\\\/Luizprosperi\",\"@prosperinacopa\",\"luiz.prosperi@icloud.com\"],\"url\":\"https:\\\/\\\/blogdoprosperi.com\\\/?author=102107496\"}]}<\/script>\n<!-- \/ Yoast SEO plugin. -->","yoast_head_json":{"title":"Um m\u00eas da derrota na Copa do Mundo e continuamos a falar de Neymar - PR\u00d3SPERI NEWS","robots":{"index":"index","follow":"follow","max-snippet":"max-snippet:-1","max-image-preview":"max-image-preview:large","max-video-preview":"max-video-preview:-1"},"canonical":"https:\/\/blogdoprosperi.com\/?p=61742","og_locale":"pt_BR","og_type":"article","og_title":"Um m\u00eas da derrota na Copa do Mundo e continuamos a falar de Neymar - PR\u00d3SPERI NEWS","og_description":"Luiz Ant\u00f4nio Pr\u00f3speri \u2013 5 agosto 2026 (12h02) New Jersey, 5 de julho 2026. Noruega 2 a 1 [&hellip;]","og_url":"https:\/\/blogdoprosperi.com\/?p=61742","og_site_name":"PR\u00d3SPERI NEWS","article_publisher":"Luiz Pr\u00f3speri","article_author":"Luiz Pr\u00f3speri","article_published_time":"2026-08-05T15:17:39+00:00","article_modified_time":"2026-08-05T15:20:53+00:00","og_image":[{"width":1076,"height":838,"url":"https:\/\/i0.wp.com\/blogdoprosperi.com\/wp-content\/uploads\/2026\/08\/Captura-de-Tela-2026-08-05-as-12.15.01.png?fit=1076%2C838&ssl=1","type":"image\/png"}],"author":"Luiz Ant\u00f4nio Pr\u00f3speri","twitter_card":"summary_large_image","twitter_creator":"@Luizprosperi","twitter_site":"@Luizprosperi","twitter_misc":{"Escrito por":"Luiz Ant\u00f4nio Pr\u00f3speri","Est. tempo de leitura":"2 minutos"},"schema":{"@context":"https:\/\/schema.org","@graph":[{"@type":"Article","@id":"https:\/\/blogdoprosperi.com\/?p=61742#article","isPartOf":{"@id":"https:\/\/blogdoprosperi.com\/?p=61742"},"author":{"name":"Luiz Ant\u00f4nio Pr\u00f3speri","@id":"https:\/\/blogdoprosperi.com\/#\/schema\/person\/38100755ce3601861ee4fab9b5aa78e9"},"headline":"Um m\u00eas da derrota na Copa do Mundo e continuamos a falar de Neymar","datePublished":"2026-08-05T15:17:39+00:00","dateModified":"2026-08-05T15:20:53+00:00","mainEntityOfPage":{"@id":"https:\/\/blogdoprosperi.com\/?p=61742"},"wordCount":317,"commentCount":0,"publisher":{"@id":"https:\/\/blogdoprosperi.com\/#\/schema\/person\/38100755ce3601861ee4fab9b5aa78e9"},"image":{"@id":"https:\/\/blogdoprosperi.com\/?p=61742#primaryimage"},"thumbnailUrl":"https:\/\/i0.wp.com\/blogdoprosperi.com\/wp-content\/uploads\/2026\/08\/Captura-de-Tela-2026-08-05-as-12.15.01.png?fit=1076%2C838&ssl=1","keywords":["Ancelotti","CBF","copadomundo","Neymar pai","neymarjr"],"articleSection":["futebol","Sele\u00e7\u00e3o Brasileira"],"inLanguage":"pt-BR","potentialAction":[{"@type":"CommentAction","name":"Comment","target":["https:\/\/blogdoprosperi.com\/?p=61742#respond"]}]},{"@type":"WebPage","@id":"https:\/\/blogdoprosperi.com\/?p=61742","url":"https:\/\/blogdoprosperi.com\/?p=61742","name":"Um m\u00eas da derrota na Copa do Mundo e continuamos a falar de Neymar - PR\u00d3SPERI NEWS","isPartOf":{"@id":"https:\/\/blogdoprosperi.com\/#website"},"primaryImageOfPage":{"@id":"https:\/\/blogdoprosperi.com\/?p=61742#primaryimage"},"image":{"@id":"https:\/\/blogdoprosperi.com\/?p=61742#primaryimage"},"thumbnailUrl":"https:\/\/i0.wp.com\/blogdoprosperi.com\/wp-content\/uploads\/2026\/08\/Captura-de-Tela-2026-08-05-as-12.15.01.png?fit=1076%2C838&ssl=1","datePublished":"2026-08-05T15:17:39+00:00","dateModified":"2026-08-05T15:20:53+00:00","breadcrumb":{"@id":"https:\/\/blogdoprosperi.com\/?p=61742#breadcrumb"},"inLanguage":"pt-BR","potentialAction":[{"@type":"ReadAction","target":["https:\/\/blogdoprosperi.com\/?p=61742"]}]},{"@type":"ImageObject","inLanguage":"pt-BR","@id":"https:\/\/blogdoprosperi.com\/?p=61742#primaryimage","url":"https:\/\/i0.wp.com\/blogdoprosperi.com\/wp-content\/uploads\/2026\/08\/Captura-de-Tela-2026-08-05-as-12.15.01.png?fit=1076%2C838&ssl=1","contentUrl":"https:\/\/i0.wp.com\/blogdoprosperi.com\/wp-content\/uploads\/2026\/08\/Captura-de-Tela-2026-08-05-as-12.15.01.png?fit=1076%2C838&ssl=1","width":1076,"height":838,"caption":"Neymar em f\u00faria \u2013 foto: reprodu\u00e7\u00e3o TV"},{"@type":"BreadcrumbList","@id":"https:\/\/blogdoprosperi.com\/?p=61742#breadcrumb","itemListElement":[{"@type":"ListItem","position":1,"name":"In\u00edcio","item":"https:\/\/blogdoprosperi.com\/"},{"@type":"ListItem","position":2,"name":"Um m\u00eas da derrota na Copa do Mundo e continuamos a falar de Neymar"}]},{"@type":"WebSite","@id":"https:\/\/blogdoprosperi.com\/#website","url":"https:\/\/blogdoprosperi.com\/","name":"PR\u00d3SPERI NEWS","description":"TUDO \u00c9  FUTEBOL","publisher":{"@id":"https:\/\/blogdoprosperi.com\/#\/schema\/person\/38100755ce3601861ee4fab9b5aa78e9"},"alternateName":"blogdoprosperi.com","potentialAction":[{"@type":"SearchAction","target":{"@type":"EntryPoint","urlTemplate":"https:\/\/blogdoprosperi.com\/?s={search_term_string}"},"query-input":{"@type":"PropertyValueSpecification","valueRequired":true,"valueName":"search_term_string"}}],"inLanguage":"pt-BR"},{"@type":["Person","Organization"],"@id":"https:\/\/blogdoprosperi.com\/#\/schema\/person\/38100755ce3601861ee4fab9b5aa78e9","name":"Luiz Ant\u00f4nio Pr\u00f3speri","pronouns":"ele","image":{"@type":"ImageObject","inLanguage":"pt-BR","@id":"https:\/\/i0.wp.com\/blogdoprosperi.com\/wp-content\/uploads\/2026\/05\/cropped-8059e613-6002-42fa-961e-8e275f575d71-2-5.jpg?fit=1360%2C931&ssl=1","url":"https:\/\/i0.wp.com\/blogdoprosperi.com\/wp-content\/uploads\/2026\/05\/cropped-8059e613-6002-42fa-961e-8e275f575d71-2-5.jpg?fit=1360%2C931&ssl=1","contentUrl":"https:\/\/i0.wp.com\/blogdoprosperi.com\/wp-content\/uploads\/2026\/05\/cropped-8059e613-6002-42fa-961e-8e275f575d71-2-5.jpg?fit=1360%2C931&ssl=1","width":1360,"height":931,"caption":"Luiz Ant\u00f4nio Pr\u00f3speri"},"logo":{"@id":"https:\/\/i0.wp.com\/blogdoprosperi.com\/wp-content\/uploads\/2026\/05\/cropped-8059e613-6002-42fa-961e-8e275f575d71-2-5.jpg?fit=1360%2C931&ssl=1"},"description":"Jornalista com carreira dedicada ao esporte. Cobriu 9 Copas do Mundo in loco, 1990 na It\u00e1lia, 1994 nos EUA, 1998 na Fran\u00e7a, 2002 na Coreia do Sul e Jap\u00e3o, 2006 na Alemanha, 2010 na \u00c1frica do Sul, 2014 no Brasil, 2018 na R\u00fassia e 2022 no Qatar. Eurocopas, 1992 na Su\u00e9cia e 1996 na Inglaterra. Copa das Confedera\u00e7\u00f5es de 2005 na Alemanha e 2009 na \u00c1frica do Sul. Rep\u00f3rter e Editor, trabalhou no Jornal da Tarde e Estad\u00e3o, de 1984 a fevereiro de 2016. Colunista, blogueiro. E comentarista de futebol na R\u00e1dio Estad\u00e3o, de 2013 a fevereiro de 2016. Jornalista respons\u00e1vel do \"Pr\u00f3speri News\" (blogdoprosperi.com).","sameAs":["http:\/\/blogdoprosperi.com","Luiz Pr\u00f3speri","@luiz_prosperi","https:\/\/x.com\/Luizprosperi","@prosperinacopa","luiz.prosperi@icloud.com"],"url":"https:\/\/blogdoprosperi.com\/?author=102107496"}]}},"jetpack_publicize_connections":[],"jetpack_likes_enabled":false,"jetpack_sharing_enabled":true,"jetpack_shortlink":"https:\/\/wp.me\/p7jvdk-g3Q","jetpack-related-posts":[{"id":60200,"url":"https:\/\/blogdoprosperi.com\/?p=60200","url_meta":{"origin":61742,"position":0},"title":"Invent\u00e1rio da derrota (epis\u00f3dio 2):  Da suntuosa convoca\u00e7\u00e3o e Neymar ao mundo rico na Copa","author":"Luiz Ant\u00f4nio Pr\u00f3speri","date":"12 de julho de 2026","format":false,"excerpt":"Luiz Ant\u00f4nio Pr\u00f3speri \u2013 12 julho 2026 (16h33) Invent\u00e1rio da Derrota do Brasil na Copa do Mundo 2026 chega ao #epis\u00f3dio 2. Aqui voc\u00ea vai entender os motivos que levaram Carlo Ancelotti a aceitar a megalomania de a CBF tratar o futebol brasileiro como um gigante dormindo em ber\u00e7o espl\u00eandido.\u2026","rel":"","context":"Em &quot;copa 2026&quot;","block_context":{"text":"copa 2026","link":"https:\/\/blogdoprosperi.com\/?cat=36820279"},"img":{"alt_text":"","src":"https:\/\/i0.wp.com\/blogdoprosperi.com\/wp-content\/uploads\/2026\/07\/02JULHO26_TREINO_37.jpg?fit=1200%2C801&ssl=1&resize=350%2C200","width":350,"height":200,"srcset":"https:\/\/i0.wp.com\/blogdoprosperi.com\/wp-content\/uploads\/2026\/07\/02JULHO26_TREINO_37.jpg?fit=1200%2C801&ssl=1&resize=350%2C200 1x, https:\/\/i0.wp.com\/blogdoprosperi.com\/wp-content\/uploads\/2026\/07\/02JULHO26_TREINO_37.jpg?fit=1200%2C801&ssl=1&resize=525%2C300 1.5x, https:\/\/i0.wp.com\/blogdoprosperi.com\/wp-content\/uploads\/2026\/07\/02JULHO26_TREINO_37.jpg?fit=1200%2C801&ssl=1&resize=700%2C400 2x, https:\/\/i0.wp.com\/blogdoprosperi.com\/wp-content\/uploads\/2026\/07\/02JULHO26_TREINO_37.jpg?fit=1200%2C801&ssl=1&resize=1050%2C600 3x"},"classes":[]},{"id":59164,"url":"https:\/\/blogdoprosperi.com\/?p=59164","url_meta":{"origin":61742,"position":1},"title":"Sele\u00e7\u00e3o Brasileira desembarca nos EUA e tem dez dias para cuidar de Neymar e arrumar o time","author":"Luiz Ant\u00f4nio Pr\u00f3speri","date":"2 de junho de 2026","format":false,"excerpt":"Luiz Ant\u00f4nio Pr\u00f3speri \u2013 2 junho 2026 (09h05) \u2013 Sele\u00e7\u00e3o Brasileira est\u00e1 nos Estados Unidos, palco da Copa do Mundo 2026. No desembarque, por volta das 8h30 (hor\u00e1rio de Bras\u00edlia), a delega\u00e7\u00e3o com 91 integrantes, entre jogadores, comiss\u00e3o t\u00e9cnica, dirigentes e funcion\u00e1rios da CBF, chega com uma bagagem de cerca\u2026","rel":"","context":"Em &quot;futebol&quot;","block_context":{"text":"futebol","link":"https:\/\/blogdoprosperi.com\/?cat=53870"},"img":{"alt_text":"","src":"https:\/\/i0.wp.com\/blogdoprosperi.com\/wp-content\/uploads\/2026\/06\/img_9536.jpg?fit=678%2C452&ssl=1&resize=350%2C200","width":350,"height":200,"srcset":"https:\/\/i0.wp.com\/blogdoprosperi.com\/wp-content\/uploads\/2026\/06\/img_9536.jpg?fit=678%2C452&ssl=1&resize=350%2C200 1x, https:\/\/i0.wp.com\/blogdoprosperi.com\/wp-content\/uploads\/2026\/06\/img_9536.jpg?fit=678%2C452&ssl=1&resize=525%2C300 1.5x"},"classes":[]},{"id":56510,"url":"https:\/\/blogdoprosperi.com\/?p=56510","url_meta":{"origin":61742,"position":2},"title":"Copa 2026 \u2013 Cem Dias | Sem Rodrygo, Ancelotti Pensa em Neymar","author":"Luiz Ant\u00f4nio Pr\u00f3speri","date":"3 de mar\u00e7o de 2026","format":false,"excerpt":"Luiz Ant\u00f4nio Pr\u00f3speri \u2013 3 mar\u00e7o 2026 (17h49) \u2013 Estamos a cem dias da abertura da Copa do Mundo 2026. A Fifa celebra com um p\u00f4ster alusivo \u00e0 data. Enquanto isso, a guerra no Oriente M\u00e9dio imposta por Estados Unidos e Israel enche de incertezas sele\u00e7\u00f5es daquela regi\u00e3o classificadas a\u2026","rel":"","context":"Em &quot;copa 2026&quot;","block_context":{"text":"copa 2026","link":"https:\/\/blogdoprosperi.com\/?cat=36820279"},"img":{"alt_text":"Sai Rodrygo, entra Neymar","src":"https:\/\/i0.wp.com\/blogdoprosperi.com\/wp-content\/uploads\/2026\/03\/captura-de-tela-2026-03-03-as-18.48.44.png?fit=1200%2C678&ssl=1&resize=350%2C200","width":350,"height":200,"srcset":"https:\/\/i0.wp.com\/blogdoprosperi.com\/wp-content\/uploads\/2026\/03\/captura-de-tela-2026-03-03-as-18.48.44.png?fit=1200%2C678&ssl=1&resize=350%2C200 1x, https:\/\/i0.wp.com\/blogdoprosperi.com\/wp-content\/uploads\/2026\/03\/captura-de-tela-2026-03-03-as-18.48.44.png?fit=1200%2C678&ssl=1&resize=525%2C300 1.5x, https:\/\/i0.wp.com\/blogdoprosperi.com\/wp-content\/uploads\/2026\/03\/captura-de-tela-2026-03-03-as-18.48.44.png?fit=1200%2C678&ssl=1&resize=700%2C400 2x, https:\/\/i0.wp.com\/blogdoprosperi.com\/wp-content\/uploads\/2026\/03\/captura-de-tela-2026-03-03-as-18.48.44.png?fit=1200%2C678&ssl=1&resize=1050%2C600 3x"},"classes":[]},{"id":57145,"url":"https:\/\/blogdoprosperi.com\/?p=57145","url_meta":{"origin":61742,"position":3},"title":"O Neymar dos Sonhos","author":"Luiz Ant\u00f4nio Pr\u00f3speri","date":"28 de mar\u00e7o de 2026","format":false,"excerpt":"Luiz Ant\u00f4nio Pr\u00f3speri \u2013 28 mar\u00e7o 2026 (12h49) \u2013 Dia 18 de maio 2026. Guardem essa data. Cai numa segunda-feira. \u00c9 o dia em que Carlo Ancelotti vai revelar a lista dos 26 jogadores da Sele\u00e7\u00e3o Brasileira para a Copa do Mundo de 2026. Estamos neste s\u00e1bado (28\/3) a 51\u2026","rel":"","context":"Em &quot;copa 2026&quot;","block_context":{"text":"copa 2026","link":"https:\/\/blogdoprosperi.com\/?cat=36820279"},"img":{"alt_text":"","src":"https:\/\/i0.wp.com\/blogdoprosperi.com\/wp-content\/uploads\/2026\/03\/captura-de-tela-2026-03-28-as-12.29.27.png?fit=888%2C666&ssl=1&resize=350%2C200","width":350,"height":200,"srcset":"https:\/\/i0.wp.com\/blogdoprosperi.com\/wp-content\/uploads\/2026\/03\/captura-de-tela-2026-03-28-as-12.29.27.png?fit=888%2C666&ssl=1&resize=350%2C200 1x, https:\/\/i0.wp.com\/blogdoprosperi.com\/wp-content\/uploads\/2026\/03\/captura-de-tela-2026-03-28-as-12.29.27.png?fit=888%2C666&ssl=1&resize=525%2C300 1.5x, https:\/\/i0.wp.com\/blogdoprosperi.com\/wp-content\/uploads\/2026\/03\/captura-de-tela-2026-03-28-as-12.29.27.png?fit=888%2C666&ssl=1&resize=700%2C400 2x"},"classes":[]},{"id":60690,"url":"https:\/\/blogdoprosperi.com\/?p=60690","url_meta":{"origin":61742,"position":4},"title":"Invent\u00e1rio da Derrota (epis\u00f3dio 4): O antigo futuro da Sele\u00e7\u00e3o Brasileira","author":"Luiz Ant\u00f4nio Pr\u00f3speri","date":"16 de julho de 2026","format":false,"excerpt":"Luiz Ant\u00f4nio Pr\u00f3speri \u2013 16 julho 2026 (15h35) \u2013 S\u00e9rie Invent\u00e1rio da Derrota do Brasil na Copa do Mundo 2026 chega a seu quarto e \u00faltimo epis\u00f3dio com Ancelotti e jogadores fugindo da torcida brasileira p\u00f3s-derrota para Noruega. Conta tamb\u00e9m a falta de rumo da CBF e falhas da entidade\u2026","rel":"","context":"Em &quot;copa 2026&quot;","block_context":{"text":"copa 2026","link":"https:\/\/blogdoprosperi.com\/?cat=36820279"},"img":{"alt_text":"","src":"https:\/\/i0.wp.com\/blogdoprosperi.com\/wp-content\/uploads\/2026\/07\/0.jpg?fit=1000%2C769&ssl=1&resize=350%2C200","width":350,"height":200,"srcset":"https:\/\/i0.wp.com\/blogdoprosperi.com\/wp-content\/uploads\/2026\/07\/0.jpg?fit=1000%2C769&ssl=1&resize=350%2C200 1x, https:\/\/i0.wp.com\/blogdoprosperi.com\/wp-content\/uploads\/2026\/07\/0.jpg?fit=1000%2C769&ssl=1&resize=525%2C300 1.5x, https:\/\/i0.wp.com\/blogdoprosperi.com\/wp-content\/uploads\/2026\/07\/0.jpg?fit=1000%2C769&ssl=1&resize=700%2C400 2x"},"classes":[]},{"id":58970,"url":"https:\/\/blogdoprosperi.com\/?p=58970","url_meta":{"origin":61742,"position":5},"title":"Di\u00e1rio do Neymar \u2013 28\/5 (III)  | Neymar em 2026 no espelho de Rom\u00e1rio em 1998","author":"Luiz Ant\u00f4nio Pr\u00f3speri","date":"28 de maio de 2026","format":false,"excerpt":"Neymar e Rom\u00e1rio Neymar, 34 anos, convocado por Carlo Ancelotti para Copa do Mundo 2026. Rom\u00e1rio, 32 anos, foi convocado por Zagallo para Copa do Mundo de 1998. Rom\u00e1rio em 1998 ainda era no imagin\u00e1rio do torcedor brasileiro o maior jogador do mundo. Fama consolidada na conquista do Tetra na\u2026","rel":"","context":"Em &quot;futebol&quot;","block_context":{"text":"futebol","link":"https:\/\/blogdoprosperi.com\/?cat=53870"},"img":{"alt_text":"","src":"https:\/\/i0.wp.com\/blogdoprosperi.com\/wp-content\/uploads\/2026\/05\/captura-de-tela-2026-05-23-as-13.24.12.png?fit=1170%2C872&ssl=1&resize=350%2C200","width":350,"height":200,"srcset":"https:\/\/i0.wp.com\/blogdoprosperi.com\/wp-content\/uploads\/2026\/05\/captura-de-tela-2026-05-23-as-13.24.12.png?fit=1170%2C872&ssl=1&resize=350%2C200 1x, https:\/\/i0.wp.com\/blogdoprosperi.com\/wp-content\/uploads\/2026\/05\/captura-de-tela-2026-05-23-as-13.24.12.png?fit=1170%2C872&ssl=1&resize=525%2C300 1.5x, https:\/\/i0.wp.com\/blogdoprosperi.com\/wp-content\/uploads\/2026\/05\/captura-de-tela-2026-05-23-as-13.24.12.png?fit=1170%2C872&ssl=1&resize=700%2C400 2x, https:\/\/i0.wp.com\/blogdoprosperi.com\/wp-content\/uploads\/2026\/05\/captura-de-tela-2026-05-23-as-13.24.12.png?fit=1170%2C872&ssl=1&resize=1050%2C600 3x"},"classes":[]}],"jetpack_featured_media_url":"https:\/\/i0.wp.com\/blogdoprosperi.com\/wp-content\/uploads\/2026\/08\/Captura-de-Tela-2026-08-05-as-12.15.01.png?fit=1076%2C838&ssl=1","_links":{"self":[{"href":"https:\/\/blogdoprosperi.com\/index.php?rest_route=\/wp\/v2\/posts\/61742","targetHints":{"allow":["GET"]}}],"collection":[{"href":"https:\/\/blogdoprosperi.com\/index.php?rest_route=\/wp\/v2\/posts"}],"about":[{"href":"https:\/\/blogdoprosperi.com\/index.php?rest_route=\/wp\/v2\/types\/post"}],"author":[{"embeddable":true,"href":"https:\/\/blogdoprosperi.com\/index.php?rest_route=\/wp\/v2\/users\/102107496"}],"replies":[{"embeddable":true,"href":"https:\/\/blogdoprosperi.com\/index.php?rest_route=%2Fwp%2Fv2%2Fcomments&post=61742"}],"version-history":[{"count":12,"href":"https:\/\/blogdoprosperi.com\/index.php?rest_route=\/wp\/v2\/posts\/61742\/revisions"}],"predecessor-version":[{"id":61756,"href":"https:\/\/blogdoprosperi.com\/index.php?rest_route=\/wp\/v2\/posts\/61742\/revisions\/61756"}],"wp:featuredmedia":[{"embeddable":true,"href":"https:\/\/blogdoprosperi.com\/index.php?rest_route=\/wp\/v2\/media\/61752"}],"wp:attachment":[{"href":"https:\/\/blogdoprosperi.com\/index.php?rest_route=%2Fwp%2Fv2%2Fmedia&parent=61742"}],"wp:term":[{"taxonomy":"category","embeddable":true,"href":"https:\/\/blogdoprosperi.com\/index.php?rest_route=%2Fwp%2Fv2%2Fcategories&post=61742"},{"taxonomy":"post_tag","embeddable":true,"href":"https:\/\/blogdoprosperi.com\/index.php?rest_route=%2Fwp%2Fv2%2Ftags&post=61742"}],"curies":[{"name":"wp","href":"https:\/\/api.w.org\/{rel}","templated":true}]}}