{"id":61771,"date":"2026-08-06T12:08:15","date_gmt":"2026-08-06T15:08:15","guid":{"rendered":"https:\/\/blogdoprosperi.com\/?p=61771"},"modified":"2026-08-06T15:17:30","modified_gmt":"2026-08-06T18:17:30","slug":"real-madrid-anuncia-diomande-contratacao-mais-cara-da-historia-do-clube-espanhol","status":"publish","type":"post","link":"https:\/\/blogdoprosperi.com\/?p=61771","title":{"rendered":"Real Madrid anuncia Diomande | Contrata\u00e7\u00e3o mais cara da hist\u00f3ria do clube espanhol"},"content":{"rendered":"<p data-mrf-recirculation=\"Links P\u00e1rrafos\">Real Madrid anuncia contrata\u00e7\u00e3o do marfinense<strong> Yan Diomande, 19 anos<\/strong>, por 125 milh\u00f5es de euros (R$ 737,5 milh\u00f5es). Atacante que joga pelas pontas, de prefer\u00eancia no setor direito, Diomande chega para ocupar um espa\u00e7o na linha de frente do Real ao lado de <strong><span dir=\"auto\">Mbapp\u00e9, Vini Jr, Rodrygo, Endrick e\u00a0<\/span><\/strong><b>Esp\u00ed <\/b>(contratado do Levante). Sem falar nas investidas de <strong>Jude Bellingham e Bernardo Silva<\/strong> no setor ofensivo \u00c9 muita gente para o ataque, avalia a imprensa madrilenha. Um deles deve ser negociado. Quem? Mbapp\u00e9 n\u00e3o sai. <strong>Vini acaba de renovar contrato at\u00e9 2032.<\/strong> Esp\u00ed chegou agora. Pode sobrar para <strong>Endrick ou Rodrygo.<\/strong><\/p>\n<hr \/>\n<p data-mrf-recirculation=\"Links P\u00e1rrafos\"><em>Acompanhe relato do di\u00e1rio Marca a respeito da contrata\u00e7\u00e3o de <\/em><em>Diomande:<\/em><\/p>\n<p data-mrf-recirculation=\"Links P\u00e1rrafos\"><em>por Pablo Polo, Marca, Madrid \u2013 6 agosto 2026 (11h30)<\/em><\/p>\n<p class=\"ue-c-article__paragraph paragraph ue-c-article--first-letter-highlighted\" data-mrf-recirculation=\"Links P\u00e1rrafos\"><span dir=\"auto\">Real\u00a0<\/span><strong><span dir=\"auto\">Madrid<\/span><\/strong><span dir=\"auto\">\u00a0finalmente oficializou a contrata\u00e7\u00e3o de\u00a0<\/span><strong><span dir=\"auto\">Yan Diomande,<\/span><\/strong><span dir=\"auto\">\u00a0nesta quinta-feira (06\/8)<\/span><strong><span dir=\"auto\">.<\/span><\/strong><span dir=\"auto\">\u00a0O clube chegou a um acordo com o jogador e, ap\u00f3s v\u00e1rios dias de negocia\u00e7\u00f5es, finalizou o neg\u00f3cio com\u00a0<\/span><strong><span dir=\"auto\">o RB Leipzig,<\/span><\/strong><span dir=\"auto\"> que receber\u00e1 um valor fixo de<strong> \u20ac 125 milh\u00f5es (R$ 737,5 milh\u00f5es),<\/strong> podendo chegar a <strong>\u20ac 140 milh\u00f5es (R$ 826 milh\u00f5es)<\/strong> caso b\u00f4nus sejam atingidos. Tudo isso acontece apenas um ano depois de o Leipzig t\u00ea-lo contratado junto ao <\/span><strong><span dir=\"auto\">Legan\u00e9s<\/span><\/strong><span dir=\"auto\"> por \u20ac 20 milh\u00f5es (R$ 118 milh\u00f5es). Ele assinou um contrato de sete anos, v\u00e1lido at\u00e9 <\/span><strong><span dir=\"auto\">30 de junho de 2033. Isso o torna a contrata\u00e7\u00e3o mais cara da hist\u00f3ria do Real Madrid e tamb\u00e9m o jogador com o contrato mais longo j\u00e1 assinado pelo clube.<\/span><\/strong><\/p>\n<div class=\"teads-adCall\">\n<figure id=\"attachment_61779\" aria-describedby=\"caption-attachment-61779\" style=\"width: 627px\" class=\"wp-caption alignnone\"><img data-recalc-dims=\"1\" loading=\"lazy\" decoding=\"async\" data-attachment-id=\"61779\" data-permalink=\"https:\/\/blogdoprosperi.com\/?attachment_id=61779\" data-orig-file=\"https:\/\/i0.wp.com\/blogdoprosperi.com\/wp-content\/uploads\/2026\/08\/Captura-de-Tela-2026-08-06-as-11.26.01.png?fit=1210%2C730&amp;ssl=1\" data-orig-size=\"1210,730\" data-comments-opened=\"1\" data-image-meta=\"{&quot;aperture&quot;:&quot;0&quot;,&quot;credit&quot;:&quot;&quot;,&quot;camera&quot;:&quot;&quot;,&quot;caption&quot;:&quot;&quot;,&quot;created_timestamp&quot;:&quot;0&quot;,&quot;copyright&quot;:&quot;&quot;,&quot;focal_length&quot;:&quot;0&quot;,&quot;iso&quot;:&quot;0&quot;,&quot;shutter_speed&quot;:&quot;0&quot;,&quot;title&quot;:&quot;&quot;,&quot;orientation&quot;:&quot;0&quot;,&quot;alt&quot;:&quot;&quot;}\" data-image-title=\"Captura de Tela 2026-08-06 \u00e0s 11.26.01\" data-image-description=\"\" data-image-caption=\"&lt;p&gt;Yan Diomande \u2013 foto: Real Madrid oficial&lt;\/p&gt;\n\" data-large-file=\"https:\/\/i0.wp.com\/blogdoprosperi.com\/wp-content\/uploads\/2026\/08\/Captura-de-Tela-2026-08-06-as-11.26.01.png?fit=940%2C567&amp;ssl=1\" class=\"size-medium wp-image-61779\" src=\"https:\/\/i0.wp.com\/blogdoprosperi.com\/wp-content\/uploads\/2026\/08\/Captura-de-Tela-2026-08-06-as-11.26.01.png?resize=627%2C378&#038;ssl=1\" alt=\"\" width=\"627\" height=\"378\" srcset=\"https:\/\/i0.wp.com\/blogdoprosperi.com\/wp-content\/uploads\/2026\/08\/Captura-de-Tela-2026-08-06-as-11.26.01.png?resize=627%2C378&amp;ssl=1 627w, https:\/\/i0.wp.com\/blogdoprosperi.com\/wp-content\/uploads\/2026\/08\/Captura-de-Tela-2026-08-06-as-11.26.01.png?resize=1024%2C618&amp;ssl=1 1024w, https:\/\/i0.wp.com\/blogdoprosperi.com\/wp-content\/uploads\/2026\/08\/Captura-de-Tela-2026-08-06-as-11.26.01.png?resize=150%2C90&amp;ssl=1 150w, https:\/\/i0.wp.com\/blogdoprosperi.com\/wp-content\/uploads\/2026\/08\/Captura-de-Tela-2026-08-06-as-11.26.01.png?resize=768%2C463&amp;ssl=1 768w, https:\/\/i0.wp.com\/blogdoprosperi.com\/wp-content\/uploads\/2026\/08\/Captura-de-Tela-2026-08-06-as-11.26.01.png?resize=450%2C271&amp;ssl=1 450w, https:\/\/i0.wp.com\/blogdoprosperi.com\/wp-content\/uploads\/2026\/08\/Captura-de-Tela-2026-08-06-as-11.26.01.png?resize=995%2C600&amp;ssl=1 995w, https:\/\/i0.wp.com\/blogdoprosperi.com\/wp-content\/uploads\/2026\/08\/Captura-de-Tela-2026-08-06-as-11.26.01.png?w=1210&amp;ssl=1 1210w\" sizes=\"auto, (max-width: 627px) 100vw, 627px\" \/><figcaption id=\"caption-attachment-61779\" class=\"wp-caption-text\">Yan Diomande \u2013 foto: Real Madrid oficial<\/figcaption><\/figure>\n<\/div>\n<p class=\"ue-c-article__paragraph paragraph\" data-mrf-recirculation=\"Links P\u00e1rrafos\"><strong><span dir=\"auto\">O jogador da Costa do Marfim foi\u00a0<\/span><a href=\"https:\/\/www.marca.com\/futbol\/real-madrid\/2026\/07\/25\/yan-diomande-demonio-siempre-rival-vilo-dio-gran-salto-butarque.html\" data-mrf-link=\"https:\/\/www.marca.com\/futbol\/real-madrid\/2026\/07\/25\/yan-diomande-demonio-siempre-rival-vilo-dio-gran-salto-butarque.html\"><span dir=\"auto\">uma das sensa\u00e7\u00f5es da \u00faltima Copa do Mundo,<\/span><\/a><\/strong><span dir=\"auto\"> embora j\u00e1 tivesse se destacado na RB Leipzig na temporada passada, com 13 gols, 9 assist\u00eancias e o maior n\u00famero de dribles na Bundesliga. No entanto, o Real Madrid, apesar de j\u00e1 o ter em seu radar h\u00e1 algum tempo, s\u00f3 fez uma proposta concreta por sua contrata\u00e7\u00e3o h\u00e1 pouco mais de uma semana.\u00a0<\/span><\/p>\n<p data-mrf-recirculation=\"Links P\u00e1rrafos\"><span dir=\"auto\">Ap\u00f3s alguns dias em que a transfer\u00eancia parecia conclu\u00edda, mas em que uma <\/span><strong><a href=\"https:\/\/www.marca.com\/futbol\/real-madrid\/2026\/08\/03\/verdadera-enrevesada-situacion-agentes-diomande-retrasar-fichaje.html\" data-mrf-link=\"https:\/\/www.marca.com\/futbol\/real-madrid\/2026\/08\/03\/verdadera-enrevesada-situacion-agentes-diomande-retrasar-fichaje.html\"><span dir=\"auto\">confus\u00e3o entre os agentes do jogador atrasou toda a opera\u00e7\u00e3o<\/span><\/a><\/strong><span dir=\"auto\">, finalmente o jovem marfinense\u00a0<\/span><strong><span dir=\"auto\">v\u00ea seu desejo realizado<\/span><\/strong><span dir=\"auto\">\u00a0ao se juntar ao clube 15 vezes campe\u00e3o europeu.\u00a0<\/span><\/p>\n<p data-mrf-recirculation=\"Links P\u00e1rrafos\"><strong><span dir=\"auto\">Yan Diomande havia se comprometido com o PSG h\u00e1 tr\u00eas semanas, em plena Copa do Mundo,<\/span><\/strong><span dir=\"auto\">\u00a0mas o alto pre\u00e7o pedido pelo Leipzig pelo jogador de 19 anos, suas exig\u00eancias salariais e o interesse do Real Madrid mudaram completamente a situa\u00e7\u00e3o. Os Blancos apostam em um jogador que pode atuar em ambas as pontas, embora sua posi\u00e7\u00e3o natural seja a direita.\u00a0<\/span><\/p>\n<p data-mrf-recirculation=\"Links P\u00e1rrafos\"><strong><span dir=\"auto\">Sua chegada tamb\u00e9m aumenta a concorr\u00eancia no ataque, j\u00e1 que Bernardo Silva, com Mbapp\u00e9, Vini Jr, Rodrygo e Endrick tamb\u00e9m se juntaram ao Real Madrid. O clube agora trabalhar\u00e1 na venda de jogadores, pois n\u00e3o h\u00e1 espa\u00e7o suficiente para todos eles.\u00a0<\/span><\/strong><\/p>\n<p data-mrf-recirculation=\"Links P\u00e1rrafos\"><strong><span dir=\"auto\">Diomande \u00e9 a sexta contrata\u00e7\u00e3o de Mourinho.<\/span><\/strong><span dir=\"auto\"> Al\u00e9m de Bernardo Silva, chegam os refor\u00e7os para a defesa: Dumfries, Konat\u00e9 e Cucurella, bem como o atacante Esp\u00ed. O zagueiro franc\u00eas e o meia-atacante portugu\u00eas chegam sem custos de transfer\u00eancia. O Real Madrid pagou \u20ac 55 milh\u00f5es (R$ 324,5 milh\u00f5es) por<strong> Cucurella<\/strong>, \u20ac 20 milh\u00f5es (R$ 118 milh\u00f5es) por <strong>Dumfries<\/strong>, \u20ac 25 milh\u00f5es (R$ 147,5 milh\u00f5es) por Esp\u00ed, do Levante, e agora precisa somar \u20ac 125 milh\u00f5es (737,5 milh\u00f5es) mais \u20ac 15 milh\u00f5es (R$ 88,5 milh\u00f5es) em b\u00f4nus pelo marfinense <strong>Diomande<\/strong>.<\/span><strong>\u00a0<\/strong><\/p>\n<p data-mrf-recirculation=\"Links P\u00e1rrafos\">Passa a r\u00e9gua, <strong>Real Madrid j\u00e1 gastou 225 milh\u00f5es de euros (R$ 1,3 bilh\u00e3o)<\/strong> neste mercado de ver\u00e3o do futebol europeu.<\/p>\n","protected":false},"excerpt":{"rendered":"<p>Real Madrid anuncia contrata\u00e7\u00e3o do marfinense Yan Diomande, 19 anos, por 125 milh\u00f5es de euros (R$ 737,5 milh\u00f5es). [&hellip;]<\/p>\n","protected":false},"author":102107496,"featured_media":61780,"comment_status":"open","ping_status":"open","sticky":false,"template":"","format":"standard","meta":{"_coblocks_attr":"","_coblocks_dimensions":"","_coblocks_responsive_height":"","_coblocks_accordion_ie_support":"","_jetpack_newsletter_access":"","_jetpack_dont_email_post_to_subs":false,"_jetpack_newsletter_tier_id":0,"_jetpack_memberships_contains_paywalled_content":false,"_wpcom_ai_launchpad_first_post":false,"_jetpack_feature_clip_id":0,"_jetpack_memberships_contains_paid_content":false,"footnotes":"","jetpack_publicize_message":"","jetpack_publicize_feature_enabled":true,"jetpack_social_post_already_shared":true,"jetpack_social_options":{"image_generator_settings":{"template":"highway","default_image_id":0,"font":"","enabled":false},"version":2},"jetpack_post_was_ever_published":false},"categories":[283656,53870],"tags":[25607665,789560801,1628237,66705201,646227778,789560800],"class_list":["post-61771","post","type-post","status-publish","format-standard","has-post-thumbnail","hentry","category-ultimas","category-futebol","tag-endrick","tag-mercado-europeu","tag-realmadrid","tag-rodrygo","tag-vini-jr","tag-yan-diomande"],"yoast_head":"<!-- This site is optimized with the Yoast SEO plugin v28.3 - https:\/\/yoast.com\/product\/yoast-seo-wordpress\/ -->\n<title>Real Madrid anuncia Diomande | Contrata\u00e7\u00e3o mais cara da hist\u00f3ria do clube espanhol - PR\u00d3SPERI NEWS<\/title>\n<meta name=\"robots\" content=\"index, follow, max-snippet:-1, max-image-preview:large, max-video-preview:-1\" \/>\n<link rel=\"canonical\" href=\"https:\/\/blogdoprosperi.com\/?p=61771\" \/>\n<meta property=\"og:locale\" content=\"pt_BR\" \/>\n<meta property=\"og:type\" content=\"article\" \/>\n<meta property=\"og:title\" content=\"Real Madrid anuncia Diomande | Contrata\u00e7\u00e3o mais cara da hist\u00f3ria do clube espanhol - PR\u00d3SPERI NEWS\" \/>\n<meta property=\"og:description\" content=\"Real Madrid anuncia contrata\u00e7\u00e3o do marfinense Yan Diomande, 19 anos, por 125 milh\u00f5es de euros (R$ 737,5 milh\u00f5es). [&hellip;]\" \/>\n<meta property=\"og:url\" content=\"https:\/\/blogdoprosperi.com\/?p=61771\" \/>\n<meta property=\"og:site_name\" content=\"PR\u00d3SPERI NEWS\" \/>\n<meta property=\"article:publisher\" content=\"Luiz Pr\u00f3speri\" \/>\n<meta property=\"article:author\" content=\"Luiz Pr\u00f3speri\" \/>\n<meta property=\"article:published_time\" content=\"2026-08-06T15:08:15+00:00\" \/>\n<meta property=\"article:modified_time\" content=\"2026-08-06T18:17:30+00:00\" \/>\n<meta property=\"og:image\" content=\"https:\/\/blogdoprosperi.com\/wp-content\/uploads\/2026\/08\/image_89d714c4-1024x559.png\" \/>\n\t<meta property=\"og:image:width\" content=\"1024\" \/>\n\t<meta property=\"og:image:height\" content=\"559\" \/>\n\t<meta property=\"og:image:type\" content=\"image\/png\" \/>\n<meta name=\"author\" content=\"Luiz Ant\u00f4nio Pr\u00f3speri\" \/>\n<meta name=\"twitter:card\" content=\"summary_large_image\" \/>\n<meta name=\"twitter:creator\" content=\"@Luizprosperi\" \/>\n<meta name=\"twitter:site\" content=\"@Luizprosperi\" \/>\n<meta name=\"twitter:label1\" content=\"Escrito por\" \/>\n\t<meta name=\"twitter:data1\" content=\"Luiz Ant\u00f4nio Pr\u00f3speri\" \/>\n\t<meta name=\"twitter:label2\" content=\"Est. tempo de leitura\" \/>\n\t<meta name=\"twitter:data2\" content=\"3 minutos\" \/>\n<script type=\"application\/ld+json\" class=\"yoast-schema-graph\">{\"@context\":\"https:\\\/\\\/schema.org\",\"@graph\":[{\"@type\":\"Article\",\"@id\":\"https:\\\/\\\/blogdoprosperi.com\\\/?p=61771#article\",\"isPartOf\":{\"@id\":\"https:\\\/\\\/blogdoprosperi.com\\\/?p=61771\"},\"author\":{\"name\":\"Luiz Ant\u00f4nio Pr\u00f3speri\",\"@id\":\"https:\\\/\\\/blogdoprosperi.com\\\/#\\\/schema\\\/person\\\/38100755ce3601861ee4fab9b5aa78e9\"},\"headline\":\"Real Madrid anuncia Diomande | Contrata\u00e7\u00e3o mais cara da hist\u00f3ria do clube espanhol\",\"datePublished\":\"2026-08-06T15:08:15+00:00\",\"dateModified\":\"2026-08-06T18:17:30+00:00\",\"mainEntityOfPage\":{\"@id\":\"https:\\\/\\\/blogdoprosperi.com\\\/?p=61771\"},\"wordCount\":615,\"commentCount\":0,\"publisher\":{\"@id\":\"https:\\\/\\\/blogdoprosperi.com\\\/#\\\/schema\\\/person\\\/38100755ce3601861ee4fab9b5aa78e9\"},\"image\":{\"@id\":\"https:\\\/\\\/blogdoprosperi.com\\\/?p=61771#primaryimage\"},\"thumbnailUrl\":\"https:\\\/\\\/i0.wp.com\\\/blogdoprosperi.com\\\/wp-content\\\/uploads\\\/2026\\\/08\\\/image_89d714c4.png?fit=1408%2C768&ssl=1\",\"keywords\":[\"endrick\",\"mercado europeu\",\"RealMadrid\",\"rodrygo\",\"Vini Jr\",\"Yan diomande\"],\"articleSection\":[\"\u00daltimas\",\"futebol\"],\"inLanguage\":\"pt-BR\",\"potentialAction\":[{\"@type\":\"CommentAction\",\"name\":\"Comment\",\"target\":[\"https:\\\/\\\/blogdoprosperi.com\\\/?p=61771#respond\"]}]},{\"@type\":\"WebPage\",\"@id\":\"https:\\\/\\\/blogdoprosperi.com\\\/?p=61771\",\"url\":\"https:\\\/\\\/blogdoprosperi.com\\\/?p=61771\",\"name\":\"Real Madrid anuncia Diomande | Contrata\u00e7\u00e3o mais cara da hist\u00f3ria do clube espanhol - PR\u00d3SPERI NEWS\",\"isPartOf\":{\"@id\":\"https:\\\/\\\/blogdoprosperi.com\\\/#website\"},\"primaryImageOfPage\":{\"@id\":\"https:\\\/\\\/blogdoprosperi.com\\\/?p=61771#primaryimage\"},\"image\":{\"@id\":\"https:\\\/\\\/blogdoprosperi.com\\\/?p=61771#primaryimage\"},\"thumbnailUrl\":\"https:\\\/\\\/i0.wp.com\\\/blogdoprosperi.com\\\/wp-content\\\/uploads\\\/2026\\\/08\\\/image_89d714c4.png?fit=1408%2C768&ssl=1\",\"datePublished\":\"2026-08-06T15:08:15+00:00\",\"dateModified\":\"2026-08-06T18:17:30+00:00\",\"breadcrumb\":{\"@id\":\"https:\\\/\\\/blogdoprosperi.com\\\/?p=61771#breadcrumb\"},\"inLanguage\":\"pt-BR\",\"potentialAction\":[{\"@type\":\"ReadAction\",\"target\":[\"https:\\\/\\\/blogdoprosperi.com\\\/?p=61771\"]}]},{\"@type\":\"ImageObject\",\"inLanguage\":\"pt-BR\",\"@id\":\"https:\\\/\\\/blogdoprosperi.com\\\/?p=61771#primaryimage\",\"url\":\"https:\\\/\\\/i0.wp.com\\\/blogdoprosperi.com\\\/wp-content\\\/uploads\\\/2026\\\/08\\\/image_89d714c4.png?fit=1408%2C768&ssl=1\",\"contentUrl\":\"https:\\\/\\\/i0.wp.com\\\/blogdoprosperi.com\\\/wp-content\\\/uploads\\\/2026\\\/08\\\/image_89d714c4.png?fit=1408%2C768&ssl=1\",\"width\":1408,\"height\":768,\"caption\":\"imagem criada por IA Google oficial\"},{\"@type\":\"BreadcrumbList\",\"@id\":\"https:\\\/\\\/blogdoprosperi.com\\\/?p=61771#breadcrumb\",\"itemListElement\":[{\"@type\":\"ListItem\",\"position\":1,\"name\":\"In\u00edcio\",\"item\":\"https:\\\/\\\/blogdoprosperi.com\\\/\"},{\"@type\":\"ListItem\",\"position\":2,\"name\":\"Real Madrid anuncia Diomande | Contrata\u00e7\u00e3o mais cara da hist\u00f3ria do clube espanhol\"}]},{\"@type\":\"WebSite\",\"@id\":\"https:\\\/\\\/blogdoprosperi.com\\\/#website\",\"url\":\"https:\\\/\\\/blogdoprosperi.com\\\/\",\"name\":\"PR\u00d3SPERI NEWS\",\"description\":\"TUDO \u00c9  FUTEBOL\",\"publisher\":{\"@id\":\"https:\\\/\\\/blogdoprosperi.com\\\/#\\\/schema\\\/person\\\/38100755ce3601861ee4fab9b5aa78e9\"},\"alternateName\":\"blogdoprosperi.com\",\"potentialAction\":[{\"@type\":\"SearchAction\",\"target\":{\"@type\":\"EntryPoint\",\"urlTemplate\":\"https:\\\/\\\/blogdoprosperi.com\\\/?s={search_term_string}\"},\"query-input\":{\"@type\":\"PropertyValueSpecification\",\"valueRequired\":true,\"valueName\":\"search_term_string\"}}],\"inLanguage\":\"pt-BR\"},{\"@type\":[\"Person\",\"Organization\"],\"@id\":\"https:\\\/\\\/blogdoprosperi.com\\\/#\\\/schema\\\/person\\\/38100755ce3601861ee4fab9b5aa78e9\",\"name\":\"Luiz Ant\u00f4nio Pr\u00f3speri\",\"pronouns\":\"ele\",\"image\":{\"@type\":\"ImageObject\",\"inLanguage\":\"pt-BR\",\"@id\":\"https:\\\/\\\/i0.wp.com\\\/blogdoprosperi.com\\\/wp-content\\\/uploads\\\/2026\\\/05\\\/cropped-8059e613-6002-42fa-961e-8e275f575d71-2-5.jpg?fit=1360%2C931&ssl=1\",\"url\":\"https:\\\/\\\/i0.wp.com\\\/blogdoprosperi.com\\\/wp-content\\\/uploads\\\/2026\\\/05\\\/cropped-8059e613-6002-42fa-961e-8e275f575d71-2-5.jpg?fit=1360%2C931&ssl=1\",\"contentUrl\":\"https:\\\/\\\/i0.wp.com\\\/blogdoprosperi.com\\\/wp-content\\\/uploads\\\/2026\\\/05\\\/cropped-8059e613-6002-42fa-961e-8e275f575d71-2-5.jpg?fit=1360%2C931&ssl=1\",\"width\":1360,\"height\":931,\"caption\":\"Luiz Ant\u00f4nio Pr\u00f3speri\"},\"logo\":{\"@id\":\"https:\\\/\\\/i0.wp.com\\\/blogdoprosperi.com\\\/wp-content\\\/uploads\\\/2026\\\/05\\\/cropped-8059e613-6002-42fa-961e-8e275f575d71-2-5.jpg?fit=1360%2C931&ssl=1\"},\"description\":\"Jornalista com carreira dedicada ao esporte. Cobriu 9 Copas do Mundo in loco, 1990 na It\u00e1lia, 1994 nos EUA, 1998 na Fran\u00e7a, 2002 na Coreia do Sul e Jap\u00e3o, 2006 na Alemanha, 2010 na \u00c1frica do Sul, 2014 no Brasil, 2018 na R\u00fassia e 2022 no Qatar. Eurocopas, 1992 na Su\u00e9cia e 1996 na Inglaterra. Copa das Confedera\u00e7\u00f5es de 2005 na Alemanha e 2009 na \u00c1frica do Sul. Rep\u00f3rter e Editor, trabalhou no Jornal da Tarde e Estad\u00e3o, de 1984 a fevereiro de 2016. Colunista, blogueiro. E comentarista de futebol na R\u00e1dio Estad\u00e3o, de 2013 a fevereiro de 2016. Jornalista respons\u00e1vel do \\\"Pr\u00f3speri News\\\" (blogdoprosperi.com).\",\"sameAs\":[\"http:\\\/\\\/blogdoprosperi.com\",\"Luiz Pr\u00f3speri\",\"@luiz_prosperi\",\"https:\\\/\\\/x.com\\\/Luizprosperi\",\"@prosperinacopa\",\"luiz.prosperi@icloud.com\"],\"url\":\"https:\\\/\\\/blogdoprosperi.com\\\/?author=102107496\"}]}<\/script>\n<!-- \/ Yoast SEO plugin. -->","yoast_head_json":{"title":"Real Madrid anuncia Diomande | Contrata\u00e7\u00e3o mais cara da hist\u00f3ria do clube espanhol - PR\u00d3SPERI NEWS","robots":{"index":"index","follow":"follow","max-snippet":"max-snippet:-1","max-image-preview":"max-image-preview:large","max-video-preview":"max-video-preview:-1"},"canonical":"https:\/\/blogdoprosperi.com\/?p=61771","og_locale":"pt_BR","og_type":"article","og_title":"Real Madrid anuncia Diomande | Contrata\u00e7\u00e3o mais cara da hist\u00f3ria do clube espanhol - PR\u00d3SPERI NEWS","og_description":"Real Madrid anuncia contrata\u00e7\u00e3o do marfinense Yan Diomande, 19 anos, por 125 milh\u00f5es de euros (R$ 737,5 milh\u00f5es). [&hellip;]","og_url":"https:\/\/blogdoprosperi.com\/?p=61771","og_site_name":"PR\u00d3SPERI NEWS","article_publisher":"Luiz Pr\u00f3speri","article_author":"Luiz Pr\u00f3speri","article_published_time":"2026-08-06T15:08:15+00:00","article_modified_time":"2026-08-06T18:17:30+00:00","og_image":[{"width":1024,"height":559,"url":"https:\/\/blogdoprosperi.com\/wp-content\/uploads\/2026\/08\/image_89d714c4-1024x559.png","type":"image\/png"}],"author":"Luiz Ant\u00f4nio Pr\u00f3speri","twitter_card":"summary_large_image","twitter_creator":"@Luizprosperi","twitter_site":"@Luizprosperi","twitter_misc":{"Escrito por":"Luiz Ant\u00f4nio Pr\u00f3speri","Est. tempo de leitura":"3 minutos"},"schema":{"@context":"https:\/\/schema.org","@graph":[{"@type":"Article","@id":"https:\/\/blogdoprosperi.com\/?p=61771#article","isPartOf":{"@id":"https:\/\/blogdoprosperi.com\/?p=61771"},"author":{"name":"Luiz Ant\u00f4nio Pr\u00f3speri","@id":"https:\/\/blogdoprosperi.com\/#\/schema\/person\/38100755ce3601861ee4fab9b5aa78e9"},"headline":"Real Madrid anuncia Diomande | Contrata\u00e7\u00e3o mais cara da hist\u00f3ria do clube espanhol","datePublished":"2026-08-06T15:08:15+00:00","dateModified":"2026-08-06T18:17:30+00:00","mainEntityOfPage":{"@id":"https:\/\/blogdoprosperi.com\/?p=61771"},"wordCount":615,"commentCount":0,"publisher":{"@id":"https:\/\/blogdoprosperi.com\/#\/schema\/person\/38100755ce3601861ee4fab9b5aa78e9"},"image":{"@id":"https:\/\/blogdoprosperi.com\/?p=61771#primaryimage"},"thumbnailUrl":"https:\/\/i0.wp.com\/blogdoprosperi.com\/wp-content\/uploads\/2026\/08\/image_89d714c4.png?fit=1408%2C768&ssl=1","keywords":["endrick","mercado europeu","RealMadrid","rodrygo","Vini Jr","Yan diomande"],"articleSection":["\u00daltimas","futebol"],"inLanguage":"pt-BR","potentialAction":[{"@type":"CommentAction","name":"Comment","target":["https:\/\/blogdoprosperi.com\/?p=61771#respond"]}]},{"@type":"WebPage","@id":"https:\/\/blogdoprosperi.com\/?p=61771","url":"https:\/\/blogdoprosperi.com\/?p=61771","name":"Real Madrid anuncia Diomande | Contrata\u00e7\u00e3o mais cara da hist\u00f3ria do clube espanhol - PR\u00d3SPERI NEWS","isPartOf":{"@id":"https:\/\/blogdoprosperi.com\/#website"},"primaryImageOfPage":{"@id":"https:\/\/blogdoprosperi.com\/?p=61771#primaryimage"},"image":{"@id":"https:\/\/blogdoprosperi.com\/?p=61771#primaryimage"},"thumbnailUrl":"https:\/\/i0.wp.com\/blogdoprosperi.com\/wp-content\/uploads\/2026\/08\/image_89d714c4.png?fit=1408%2C768&ssl=1","datePublished":"2026-08-06T15:08:15+00:00","dateModified":"2026-08-06T18:17:30+00:00","breadcrumb":{"@id":"https:\/\/blogdoprosperi.com\/?p=61771#breadcrumb"},"inLanguage":"pt-BR","potentialAction":[{"@type":"ReadAction","target":["https:\/\/blogdoprosperi.com\/?p=61771"]}]},{"@type":"ImageObject","inLanguage":"pt-BR","@id":"https:\/\/blogdoprosperi.com\/?p=61771#primaryimage","url":"https:\/\/i0.wp.com\/blogdoprosperi.com\/wp-content\/uploads\/2026\/08\/image_89d714c4.png?fit=1408%2C768&ssl=1","contentUrl":"https:\/\/i0.wp.com\/blogdoprosperi.com\/wp-content\/uploads\/2026\/08\/image_89d714c4.png?fit=1408%2C768&ssl=1","width":1408,"height":768,"caption":"imagem criada por IA Google oficial"},{"@type":"BreadcrumbList","@id":"https:\/\/blogdoprosperi.com\/?p=61771#breadcrumb","itemListElement":[{"@type":"ListItem","position":1,"name":"In\u00edcio","item":"https:\/\/blogdoprosperi.com\/"},{"@type":"ListItem","position":2,"name":"Real Madrid anuncia Diomande | Contrata\u00e7\u00e3o mais cara da hist\u00f3ria do clube espanhol"}]},{"@type":"WebSite","@id":"https:\/\/blogdoprosperi.com\/#website","url":"https:\/\/blogdoprosperi.com\/","name":"PR\u00d3SPERI NEWS","description":"TUDO \u00c9  FUTEBOL","publisher":{"@id":"https:\/\/blogdoprosperi.com\/#\/schema\/person\/38100755ce3601861ee4fab9b5aa78e9"},"alternateName":"blogdoprosperi.com","potentialAction":[{"@type":"SearchAction","target":{"@type":"EntryPoint","urlTemplate":"https:\/\/blogdoprosperi.com\/?s={search_term_string}"},"query-input":{"@type":"PropertyValueSpecification","valueRequired":true,"valueName":"search_term_string"}}],"inLanguage":"pt-BR"},{"@type":["Person","Organization"],"@id":"https:\/\/blogdoprosperi.com\/#\/schema\/person\/38100755ce3601861ee4fab9b5aa78e9","name":"Luiz Ant\u00f4nio Pr\u00f3speri","pronouns":"ele","image":{"@type":"ImageObject","inLanguage":"pt-BR","@id":"https:\/\/i0.wp.com\/blogdoprosperi.com\/wp-content\/uploads\/2026\/05\/cropped-8059e613-6002-42fa-961e-8e275f575d71-2-5.jpg?fit=1360%2C931&ssl=1","url":"https:\/\/i0.wp.com\/blogdoprosperi.com\/wp-content\/uploads\/2026\/05\/cropped-8059e613-6002-42fa-961e-8e275f575d71-2-5.jpg?fit=1360%2C931&ssl=1","contentUrl":"https:\/\/i0.wp.com\/blogdoprosperi.com\/wp-content\/uploads\/2026\/05\/cropped-8059e613-6002-42fa-961e-8e275f575d71-2-5.jpg?fit=1360%2C931&ssl=1","width":1360,"height":931,"caption":"Luiz Ant\u00f4nio Pr\u00f3speri"},"logo":{"@id":"https:\/\/i0.wp.com\/blogdoprosperi.com\/wp-content\/uploads\/2026\/05\/cropped-8059e613-6002-42fa-961e-8e275f575d71-2-5.jpg?fit=1360%2C931&ssl=1"},"description":"Jornalista com carreira dedicada ao esporte. Cobriu 9 Copas do Mundo in loco, 1990 na It\u00e1lia, 1994 nos EUA, 1998 na Fran\u00e7a, 2002 na Coreia do Sul e Jap\u00e3o, 2006 na Alemanha, 2010 na \u00c1frica do Sul, 2014 no Brasil, 2018 na R\u00fassia e 2022 no Qatar. Eurocopas, 1992 na Su\u00e9cia e 1996 na Inglaterra. Copa das Confedera\u00e7\u00f5es de 2005 na Alemanha e 2009 na \u00c1frica do Sul. Rep\u00f3rter e Editor, trabalhou no Jornal da Tarde e Estad\u00e3o, de 1984 a fevereiro de 2016. Colunista, blogueiro. E comentarista de futebol na R\u00e1dio Estad\u00e3o, de 2013 a fevereiro de 2016. Jornalista respons\u00e1vel do \"Pr\u00f3speri News\" (blogdoprosperi.com).","sameAs":["http:\/\/blogdoprosperi.com","Luiz Pr\u00f3speri","@luiz_prosperi","https:\/\/x.com\/Luizprosperi","@prosperinacopa","luiz.prosperi@icloud.com"],"url":"https:\/\/blogdoprosperi.com\/?author=102107496"}]}},"jetpack_publicize_connections":[],"jetpack_likes_enabled":false,"jetpack_sharing_enabled":true,"jetpack_shortlink":"https:\/\/wp.me\/p7jvdk-g4j","jetpack-related-posts":[{"id":61226,"url":"https:\/\/blogdoprosperi.com\/?p=61226","url_meta":{"origin":61771,"position":0},"title":"Vini Jr e Endrick de sa\u00edda? Real Madrid promove nova revolu\u00e7\u00e3o na contrata\u00e7\u00e3o de refor\u00e7os","author":"Luiz Ant\u00f4nio Pr\u00f3speri","date":"25 de julho de 2026","format":false,"excerpt":"Luiz Ant\u00f4nio Pr\u00f3speri \u2013 25 julho 2026 (14h47) Real Madrid promove outra revolu\u00e7\u00e3o no mercado da bola neste ver\u00e3o t\u00f3rrido na Europa. A cada semana enfileira um novo jogador. Diomande, 19 anos, \u00e9 a pr\u00f3xima tacada. O jovem atacante da Costa do Marfim vinculado ao Red Bull Leipzig est\u00e1 perto\u2026","rel":"","context":"Em &quot;futebol&quot;","block_context":{"text":"futebol","link":"https:\/\/blogdoprosperi.com\/?cat=53870"},"img":{"alt_text":"Vini Jr show","src":"https:\/\/i0.wp.com\/blogdoprosperi.com\/wp-content\/uploads\/2025\/06\/captura-de-tela-2025-06-27-as-06.50.48.png?fit=1200%2C716&ssl=1&resize=350%2C200","width":350,"height":200,"srcset":"https:\/\/i0.wp.com\/blogdoprosperi.com\/wp-content\/uploads\/2025\/06\/captura-de-tela-2025-06-27-as-06.50.48.png?fit=1200%2C716&ssl=1&resize=350%2C200 1x, https:\/\/i0.wp.com\/blogdoprosperi.com\/wp-content\/uploads\/2025\/06\/captura-de-tela-2025-06-27-as-06.50.48.png?fit=1200%2C716&ssl=1&resize=525%2C300 1.5x, https:\/\/i0.wp.com\/blogdoprosperi.com\/wp-content\/uploads\/2025\/06\/captura-de-tela-2025-06-27-as-06.50.48.png?fit=1200%2C716&ssl=1&resize=700%2C400 2x, https:\/\/i0.wp.com\/blogdoprosperi.com\/wp-content\/uploads\/2025\/06\/captura-de-tela-2025-06-27-as-06.50.48.png?fit=1200%2C716&ssl=1&resize=1050%2C600 3x"},"classes":[]},{"id":61784,"url":"https:\/\/blogdoprosperi.com\/?p=61784","url_meta":{"origin":61771,"position":1},"title":"Barcelona d\u00e1 o troco no Real Madrid e fica perto de levar Rodri, campe\u00e3o mundial com a Espanha","author":"Luiz Ant\u00f4nio Pr\u00f3speri","date":"6 de agosto de 2026","format":false,"excerpt":"Rodri diz sim ao Barcelona. Agora a conversa \u00e9 com o Manchester City, clube que tem contrato at\u00e9 2027 com o volante campe\u00e3o mundial pela Espanha. A negocia\u00e7\u00e3o gira em torno de 55 a 70 milh\u00f5es de euros. Bar\u00e7a, informa imprensa da Catalunha, estima que possa fechar por 50 milh\u00f5es\u2026","rel":"","context":"Em &quot;futebol&quot;","block_context":{"text":"futebol","link":"https:\/\/blogdoprosperi.com\/?cat=53870"},"img":{"alt_text":"","src":"https:\/\/i0.wp.com\/blogdoprosperi.com\/wp-content\/uploads\/2026\/07\/Captura-de-Tela-2026-07-19-as-20.40.53.png?fit=1200%2C815&ssl=1&resize=350%2C200","width":350,"height":200,"srcset":"https:\/\/i0.wp.com\/blogdoprosperi.com\/wp-content\/uploads\/2026\/07\/Captura-de-Tela-2026-07-19-as-20.40.53.png?fit=1200%2C815&ssl=1&resize=350%2C200 1x, https:\/\/i0.wp.com\/blogdoprosperi.com\/wp-content\/uploads\/2026\/07\/Captura-de-Tela-2026-07-19-as-20.40.53.png?fit=1200%2C815&ssl=1&resize=525%2C300 1.5x, https:\/\/i0.wp.com\/blogdoprosperi.com\/wp-content\/uploads\/2026\/07\/Captura-de-Tela-2026-07-19-as-20.40.53.png?fit=1200%2C815&ssl=1&resize=700%2C400 2x, https:\/\/i0.wp.com\/blogdoprosperi.com\/wp-content\/uploads\/2026\/07\/Captura-de-Tela-2026-07-19-as-20.40.53.png?fit=1200%2C815&ssl=1&resize=1050%2C600 3x"},"classes":[]},{"id":44212,"url":"https:\/\/blogdoprosperi.com\/?p=44212","url_meta":{"origin":61771,"position":2},"title":"Apresenta\u00e7\u00e3o de Mbapp\u00e9 no Real Madrid: entenda parceria com Vini Jr e destino de Endrick","author":"Luiz Ant\u00f4nio Pr\u00f3speri","date":"16 de julho de 2024","format":false,"excerpt":"Mbapp\u00e9 come\u00e7a sua hist\u00f3ria no Real Madrid diante de 80 mil pessoas no est\u00e1dio Santiago Bernab\u00e9u, nesse 16 de julho de 2024. Atacante franc\u00eas conta que esperava por esse dia desde os 13 anos quando revelou pela primeira vez o sonho de jogar no clube espanhol. \"Sou jogador do Real\u2026","rel":"","context":"Em &quot;futebol&quot;","block_context":{"text":"futebol","link":"https:\/\/blogdoprosperi.com\/?cat=53870"},"img":{"alt_text":"Mbapp\u00e9 se apresenta ao Real Madrid","src":"https:\/\/i0.wp.com\/blogdoprosperi.com\/wp-content\/uploads\/2024\/07\/nd_madridismo_con_mbappe_01_1pc9302.webp?fit=1200%2C675&ssl=1&resize=350%2C200","width":350,"height":200,"srcset":"https:\/\/i0.wp.com\/blogdoprosperi.com\/wp-content\/uploads\/2024\/07\/nd_madridismo_con_mbappe_01_1pc9302.webp?fit=1200%2C675&ssl=1&resize=350%2C200 1x, https:\/\/i0.wp.com\/blogdoprosperi.com\/wp-content\/uploads\/2024\/07\/nd_madridismo_con_mbappe_01_1pc9302.webp?fit=1200%2C675&ssl=1&resize=525%2C300 1.5x, https:\/\/i0.wp.com\/blogdoprosperi.com\/wp-content\/uploads\/2024\/07\/nd_madridismo_con_mbappe_01_1pc9302.webp?fit=1200%2C675&ssl=1&resize=700%2C400 2x, https:\/\/i0.wp.com\/blogdoprosperi.com\/wp-content\/uploads\/2024\/07\/nd_madridismo_con_mbappe_01_1pc9302.webp?fit=1200%2C675&ssl=1&resize=1050%2C600 3x"},"classes":[]},{"id":42352,"url":"https:\/\/blogdoprosperi.com\/?p=42352","url_meta":{"origin":61771,"position":3},"title":"Endrick e Vini Jr, resgate da Sele\u00e7\u00e3o aos p\u00e9s dos meninos","author":"Luiz Ant\u00f4nio Pr\u00f3speri","date":"10 de maio de 2024","format":false,"excerpt":"Endrick e Vini Jr, dupla de ataque da Sele\u00e7\u00e3o Brasileira a provocar calafrios nos advers\u00e1rios na Copa Am\u00e9rica \u2013 em junho\/julho nos EUA. Isso se Dorival Junior escalar os dois em um novo formato do time, sem as amarras de usar pontas em busca da tal \"profundidade\" acalentada por analistas\u2026","rel":"","context":"Em &quot;informa\u00e7\u00e3o&quot;","block_context":{"text":"informa\u00e7\u00e3o","link":"https:\/\/blogdoprosperi.com\/?cat=20384"},"img":{"alt_text":"","src":"https:\/\/i0.wp.com\/blogdoprosperi.com\/wp-content\/uploads\/2024\/05\/gjy2t66xqaicdid.jpg?fit=1200%2C951&ssl=1&resize=350%2C200","width":350,"height":200,"srcset":"https:\/\/i0.wp.com\/blogdoprosperi.com\/wp-content\/uploads\/2024\/05\/gjy2t66xqaicdid.jpg?fit=1200%2C951&ssl=1&resize=350%2C200 1x, https:\/\/i0.wp.com\/blogdoprosperi.com\/wp-content\/uploads\/2024\/05\/gjy2t66xqaicdid.jpg?fit=1200%2C951&ssl=1&resize=525%2C300 1.5x, https:\/\/i0.wp.com\/blogdoprosperi.com\/wp-content\/uploads\/2024\/05\/gjy2t66xqaicdid.jpg?fit=1200%2C951&ssl=1&resize=700%2C400 2x, https:\/\/i0.wp.com\/blogdoprosperi.com\/wp-content\/uploads\/2024\/05\/gjy2t66xqaicdid.jpg?fit=1200%2C951&ssl=1&resize=1050%2C600 3x"},"classes":[]},{"id":61935,"url":"https:\/\/blogdoprosperi.com\/?p=61935","url_meta":{"origin":61771,"position":4},"title":"URGENTE NEWS | An\u00e1lise: as 7 mais quentes da segunda-feira (10\/8)","author":"Luiz Ant\u00f4nio Pr\u00f3speri","date":"10 de agosto de 2026","format":false,"excerpt":"An\u00e1lise das 7 not\u00edcias mais quentes desta segunda-feira (10\/8) no futebol. Endrick enroscado no Real Madrid, as cartas da Fifa com Infantino no pared\u00e3o, vem a\u00ed a Libertadores e o jogar que cai no buraco.","rel":"","context":"Em &quot;\u00daltimas&quot;","block_context":{"text":"\u00daltimas","link":"https:\/\/blogdoprosperi.com\/?cat=283656"},"img":{"alt_text":"","src":"https:\/\/i0.wp.com\/blogdoprosperi.com\/wp-content\/uploads\/2026\/08\/image_b7cf2891.png?fit=1200%2C655&ssl=1&resize=350%2C200","width":350,"height":200,"srcset":"https:\/\/i0.wp.com\/blogdoprosperi.com\/wp-content\/uploads\/2026\/08\/image_b7cf2891.png?fit=1200%2C655&ssl=1&resize=350%2C200 1x, https:\/\/i0.wp.com\/blogdoprosperi.com\/wp-content\/uploads\/2026\/08\/image_b7cf2891.png?fit=1200%2C655&ssl=1&resize=525%2C300 1.5x, https:\/\/i0.wp.com\/blogdoprosperi.com\/wp-content\/uploads\/2026\/08\/image_b7cf2891.png?fit=1200%2C655&ssl=1&resize=700%2C400 2x, https:\/\/i0.wp.com\/blogdoprosperi.com\/wp-content\/uploads\/2026\/08\/image_b7cf2891.png?fit=1200%2C655&ssl=1&resize=1050%2C600 3x"},"classes":[]},{"id":45312,"url":"https:\/\/blogdoprosperi.com\/?p=45312","url_meta":{"origin":61771,"position":5},"title":"Endrick, O Corajoso","author":"Luiz Ant\u00f4nio Pr\u00f3speri","date":"18 de setembro de 2024","format":false,"excerpt":"Endrick provoca terremoto em Madri. Lua de Mel de seu casamento tem gol de estreia na Champions e b\u00f4nus ao Palmeiras.","rel":"","context":"Em &quot;futebol&quot;","block_context":{"text":"futebol","link":"https:\/\/blogdoprosperi.com\/?cat=53870"},"img":{"alt_text":"Endrick celebra seu gol de estreia na Champions League","src":"https:\/\/i0.wp.com\/blogdoprosperi.com\/wp-content\/uploads\/2024\/09\/captura-de-tela-2024-09-18-as-12.49.29.png?fit=1200%2C783&ssl=1&resize=350%2C200","width":350,"height":200,"srcset":"https:\/\/i0.wp.com\/blogdoprosperi.com\/wp-content\/uploads\/2024\/09\/captura-de-tela-2024-09-18-as-12.49.29.png?fit=1200%2C783&ssl=1&resize=350%2C200 1x, https:\/\/i0.wp.com\/blogdoprosperi.com\/wp-content\/uploads\/2024\/09\/captura-de-tela-2024-09-18-as-12.49.29.png?fit=1200%2C783&ssl=1&resize=525%2C300 1.5x, https:\/\/i0.wp.com\/blogdoprosperi.com\/wp-content\/uploads\/2024\/09\/captura-de-tela-2024-09-18-as-12.49.29.png?fit=1200%2C783&ssl=1&resize=700%2C400 2x, https:\/\/i0.wp.com\/blogdoprosperi.com\/wp-content\/uploads\/2024\/09\/captura-de-tela-2024-09-18-as-12.49.29.png?fit=1200%2C783&ssl=1&resize=1050%2C600 3x"},"classes":[]}],"jetpack_featured_media_url":"https:\/\/i0.wp.com\/blogdoprosperi.com\/wp-content\/uploads\/2026\/08\/image_89d714c4.png?fit=1408%2C768&ssl=1","_links":{"self":[{"href":"https:\/\/blogdoprosperi.com\/index.php?rest_route=\/wp\/v2\/posts\/61771","targetHints":{"allow":["GET"]}}],"collection":[{"href":"https:\/\/blogdoprosperi.com\/index.php?rest_route=\/wp\/v2\/posts"}],"about":[{"href":"https:\/\/blogdoprosperi.com\/index.php?rest_route=\/wp\/v2\/types\/post"}],"author":[{"embeddable":true,"href":"https:\/\/blogdoprosperi.com\/index.php?rest_route=\/wp\/v2\/users\/102107496"}],"replies":[{"embeddable":true,"href":"https:\/\/blogdoprosperi.com\/index.php?rest_route=%2Fwp%2Fv2%2Fcomments&post=61771"}],"version-history":[{"count":11,"href":"https:\/\/blogdoprosperi.com\/index.php?rest_route=\/wp\/v2\/posts\/61771\/revisions"}],"predecessor-version":[{"id":61791,"href":"https:\/\/blogdoprosperi.com\/index.php?rest_route=\/wp\/v2\/posts\/61771\/revisions\/61791"}],"wp:featuredmedia":[{"embeddable":true,"href":"https:\/\/blogdoprosperi.com\/index.php?rest_route=\/wp\/v2\/media\/61780"}],"wp:attachment":[{"href":"https:\/\/blogdoprosperi.com\/index.php?rest_route=%2Fwp%2Fv2%2Fmedia&parent=61771"}],"wp:term":[{"taxonomy":"category","embeddable":true,"href":"https:\/\/blogdoprosperi.com\/index.php?rest_route=%2Fwp%2Fv2%2Fcategories&post=61771"},{"taxonomy":"post_tag","embeddable":true,"href":"https:\/\/blogdoprosperi.com\/index.php?rest_route=%2Fwp%2Fv2%2Ftags&post=61771"}],"curies":[{"name":"wp","href":"https:\/\/api.w.org\/{rel}","templated":true}]}}