{"id":61784,"date":"2026-08-06T15:13:23","date_gmt":"2026-08-06T18:13:23","guid":{"rendered":"https:\/\/blogdoprosperi.com\/?p=61784"},"modified":"2026-08-06T15:13:23","modified_gmt":"2026-08-06T18:13:23","slug":"barcelona-da-o-troco-no-real-madrid-e-fica-perto-de-levar-rodri-campeao-mundial-com-a-espanha","status":"publish","type":"post","link":"https:\/\/blogdoprosperi.com\/?p=61784","title":{"rendered":"Barcelona d\u00e1 o troco no Real Madrid e fica perto de levar Rodri, campe\u00e3o mundial com a Espanha"},"content":{"rendered":"<p>Rodri diz sim ao Barcelona. Agora a conversa \u00e9 com o Manchester City, clube que tem contrato at\u00e9 2027 com o volante campe\u00e3o mundial pela Espanha. A negocia\u00e7\u00e3o gira em torno de 55 a 70 milh\u00f5es de euros. Bar\u00e7a, informa imprensa da Catalunha, estima que possa fechar por 50 milh\u00f5es de euros (R$ 295 milh\u00f5es). Real Madrid oferecia 40 milh\u00f5es de euros (R$ 236 milh\u00f5es), mas perdeu a parada ao ver <strong>Rodri dando sinal verde ao Barcelona.<\/strong> As duas pot\u00eancias do futebol espanhol se movem e a terra treme. Nesta quinta-feira (06\/8), o Real anunciou a contrata\u00e7\u00e3o mais cara de sua hist\u00f3ria: Diomande por 125 milh\u00f5es de euros (R$ 737,5 milh\u00f5es (125 milh\u00f5es). E o clube de Madrid acaba de<strong> renovar contrato de Vini Jr at\u00e9 2032.<\/strong><\/p>\n<hr \/>\n<p><em>Acompanhe relato do di\u00e1rio esportivo Sport, de Barcelona, a respeito da negocia\u00e7\u00e3o Barcelona-Rodri-City:<\/em><\/p>\n<p><em>por Luis Miguelsanz, Sport, Barcelona \u2013 6 agosto 2026<\/em><\/p>\n<p class=\"ft-text\"><a class=\"ft-link ft-link--decoration\" href=\"https:\/\/www.sport.es\/es\/noticias\/barca\/rodri-da-ok-barca-negociar-133148794\" data-mrf-recirculation=\"news-enlace-texto\" data-mrf-link=\"https:\/\/www.sport.es\/es\/noticias\/barca\/rodri-da-ok-barca-negociar-133148794\"><span dir=\"auto\">Duas abordagens para o neg\u00f3cio e um desfecho que parece indicar que o Bar\u00e7a sair\u00e1 vitorioso na disputa por Rodri<\/span><\/a><span dir=\"auto\">\u00a0. O clube catal\u00e3o j\u00e1 tem, h\u00e1 cerca de duas semanas, um entendimento claro dos par\u00e2metros financeiros para a contrata\u00e7\u00e3o do meio-campista e est\u00e1 trabalhando para garantir que sua proposta seja aceit\u00e1vel para todas as partes.\u00a0<\/span><strong><span dir=\"auto\">H\u00e1 cautela, mas tamb\u00e9m um certo otimismo em rela\u00e7\u00e3o \u00e0 chegada do jogador, j\u00e1 que o Bar\u00e7a ser\u00e1 o \u00fanico interessado na contrata\u00e7\u00e3o, o que pode simplificar as coisas, equilibrando os valores de uma forma administr\u00e1vel para o clube e aceit\u00e1vel tanto para o jogador quanto para o Manchester City.<\/span><\/strong><\/p>\n<div id=\"paywall\"><\/div>\n<p class=\"ft-text\"><span dir=\"auto\">O primeiro passo \u00e9 chegar a um acordo com o jogador, algo que est\u00e1 progredindo bem, j\u00e1 que existe um bom entendimento entre as partes. Rodri \u00e9 um dos jogadores mais bem pagos do Manchester City, e o Bar\u00e7a est\u00e1 tentando encaixar esses valores em sua estrutura salarial e no teto salarial do clube na La Liga. O sal\u00e1rio do jogador aumentou quando ele ganhou a Bola de Ouro e, em termos brutos, ultrapassou \u20ac 18 milh\u00f5es (R$ 106 milh\u00f5es\/ano). <\/span><strong><span dir=\"auto\">O Manchester City estava disposto a manter esse sal\u00e1rio em uma extens\u00e3o de contrato de um ou dois anos, mas Rodri prioriza um retorno \u00e0 La Liga, considerando que seu ciclo na Premier League chegou ao fim.<\/span><\/strong><\/p>\n<p class=\"ft-text\"><span dir=\"auto\">A chave para toda a quest\u00e3o pode estar na dura\u00e7\u00e3o do contrato do jogador, que no Bar\u00e7a poderia ser de quatro temporadas. Rodri acaba de completar 30 anos e, apesar da les\u00e3o no joelho, sente-se em perfeita forma.\u00a0<\/span><strong><span dir=\"auto\">Ele est\u00e1 confiante de que pode render ao m\u00e1ximo durante esse per\u00edodo. Oferecer-lhe um contrato de longo prazo poderia diminuir um pouco suas exig\u00eancias salariais, embora no Bar\u00e7a ele recebesse um sal\u00e1rio alt\u00edssimo, compat\u00edvel com sua qualidade e import\u00e2ncia \u2014 e um dos mais altos do elenco.<\/span><\/strong><\/p>\n<div id=\"mid_news\"><\/div>\n<p class=\"ft-text\"><span dir=\"auto\">A partir da\u00ed, as negocia\u00e7\u00f5es com o Manchester City ter\u00e3o in\u00edcio. O clube ingl\u00eas pede entre <strong>55 e 70 milh\u00f5es de euros<\/strong> pela transfer\u00eancia. O Real Madrid ofereceu apenas 40 milh\u00f5es de euros e praticamente n\u00e3o negociou nem aumentou a oferta, o que acabou por inviabilizar o neg\u00f3cio. O clube ingl\u00eas\u00a0<\/span><strong><span dir=\"auto\">tamb\u00e9m n\u00e3o conseguiu chegar a um acordo com o jogador. O Bar\u00e7a ter\u00e1 de ultrapassar a marca dos 40 milh\u00f5es de euros e tentar garantir uma taxa de transfer\u00eancia no limite inferior do pre\u00e7o pedido pelo Manchester City.<\/span><\/strong><\/p>\n<p class=\"ft-text\"><span dir=\"auto\">O Bar\u00e7a ter\u00e1 o jogador a seu favor, e Rodri conquistou o direito de deixar o clube ingl\u00eas em bons termos. As rela\u00e7\u00f5es com o clube de Manchester s\u00e3o boas, melhores do que com o Real Madrid.\u00a0<\/span><strong><span dir=\"auto\">As negocia\u00e7\u00f5es podem correr bem e ser bem-sucedidas. Deco est\u00e1 trabalhando nisso, e as pr\u00f3ximas horas ser\u00e3o cruciais. Se fizerem a oferta certa, o neg\u00f3cio ser\u00e1 finalizado mais cedo do que o esperado.<\/span><\/strong><\/p>\n<p><a class=\"ft-link ft-link--decoration\" href=\"https:\/\/www.sport.es\/es\/noticias\/real-madrid\/bombazo-fichaje-rodri-madrid-roto-133133560\" data-mrf-recirculation=\"news-enlace-texto\" data-mrf-link=\"https:\/\/www.sport.es\/es\/noticias\/real-madrid\/bombazo-fichaje-rodri-madrid-roto-133133560\"><span dir=\"auto\">A m\u00e1quina do Barcelona entrou em a\u00e7\u00e3o assim que souberam que o Real Madrid estava fora da disputa pela contrata\u00e7\u00e3o<\/span><\/a><span dir=\"auto\">.\u00a0<\/span><strong><span dir=\"auto\">E n\u00e3o haver\u00e1 atrasos. O Real Madrid priorizou a contrata\u00e7\u00e3o de Diomande, e o City e Rodri n\u00e3o est\u00e3o esperando por ningu\u00e9m.<\/span><\/strong><\/p>\n","protected":false},"excerpt":{"rendered":"<p>Rodri diz sim ao Barcelona. Agora a conversa \u00e9 com o Manchester City, clube que tem contrato at\u00e9 [&hellip;]<\/p>\n","protected":false},"author":102107496,"featured_media":60878,"comment_status":"open","ping_status":"open","sticky":false,"template":"","format":"standard","meta":{"_coblocks_attr":"","_coblocks_dimensions":"","_coblocks_responsive_height":"","_coblocks_accordion_ie_support":"","_jetpack_newsletter_access":"","_jetpack_dont_email_post_to_subs":false,"_jetpack_newsletter_tier_id":0,"_jetpack_memberships_contains_paywalled_content":false,"_wpcom_ai_launchpad_first_post":false,"_jetpack_feature_clip_id":0,"_jetpack_memberships_contains_paid_content":false,"footnotes":"","jetpack_publicize_message":"","jetpack_publicize_feature_enabled":true,"jetpack_social_post_already_shared":true,"jetpack_social_options":{"image_generator_settings":{"template":"highway","default_image_id":0,"font":"","enabled":false},"version":2},"jetpack_post_was_ever_published":false},"categories":[53870,20384,85628],"tags":[13949,789560745,789560802,78820,374061,646227778],"class_list":["post-61784","post","type-post","status-publish","format-standard","has-post-thumbnail","hentry","category-futebol","category-informacao","category-mercado","tag-barcelona","tag-diomande","tag-mercado-da-bola","tag-real-madrid","tag-rodri","tag-vini-jr"],"yoast_head":"<!-- This site is optimized with the Yoast SEO plugin v28.3 - https:\/\/yoast.com\/product\/yoast-seo-wordpress\/ -->\n<title>Barcelona d\u00e1 o troco no Real Madrid e fica perto de levar Rodri, campe\u00e3o mundial com a Espanha - PR\u00d3SPERI NEWS<\/title>\n<meta name=\"robots\" content=\"index, follow, max-snippet:-1, max-image-preview:large, max-video-preview:-1\" \/>\n<link rel=\"canonical\" href=\"https:\/\/blogdoprosperi.com\/?p=61784\" \/>\n<meta property=\"og:locale\" content=\"pt_BR\" \/>\n<meta property=\"og:type\" content=\"article\" \/>\n<meta property=\"og:title\" content=\"Barcelona d\u00e1 o troco no Real Madrid e fica perto de levar Rodri, campe\u00e3o mundial com a Espanha - PR\u00d3SPERI NEWS\" \/>\n<meta property=\"og:description\" content=\"Rodri diz sim ao Barcelona. Agora a conversa \u00e9 com o Manchester City, clube que tem contrato at\u00e9 [&hellip;]\" \/>\n<meta property=\"og:url\" content=\"https:\/\/blogdoprosperi.com\/?p=61784\" \/>\n<meta property=\"og:site_name\" content=\"PR\u00d3SPERI NEWS\" \/>\n<meta property=\"article:publisher\" content=\"Luiz Pr\u00f3speri\" \/>\n<meta property=\"article:author\" content=\"Luiz Pr\u00f3speri\" \/>\n<meta property=\"article:published_time\" content=\"2026-08-06T18:13:23+00:00\" \/>\n<meta property=\"og:image\" content=\"https:\/\/blogdoprosperi.com\/wp-content\/uploads\/2026\/07\/Captura-de-Tela-2026-07-19-as-20.40.53-1024x695.png\" \/>\n\t<meta property=\"og:image:width\" content=\"1024\" \/>\n\t<meta property=\"og:image:height\" content=\"695\" \/>\n\t<meta property=\"og:image:type\" content=\"image\/png\" \/>\n<meta name=\"author\" content=\"Luiz Ant\u00f4nio Pr\u00f3speri\" \/>\n<meta name=\"twitter:card\" content=\"summary_large_image\" \/>\n<meta name=\"twitter:creator\" content=\"@Luizprosperi\" \/>\n<meta name=\"twitter:site\" content=\"@Luizprosperi\" \/>\n<meta name=\"twitter:label1\" content=\"Escrito por\" \/>\n\t<meta name=\"twitter:data1\" content=\"Luiz Ant\u00f4nio Pr\u00f3speri\" \/>\n\t<meta name=\"twitter:label2\" content=\"Est. tempo de leitura\" \/>\n\t<meta name=\"twitter:data2\" content=\"4 minutos\" \/>\n<script type=\"application\/ld+json\" class=\"yoast-schema-graph\">{\"@context\":\"https:\\\/\\\/schema.org\",\"@graph\":[{\"@type\":\"Article\",\"@id\":\"https:\\\/\\\/blogdoprosperi.com\\\/?p=61784#article\",\"isPartOf\":{\"@id\":\"https:\\\/\\\/blogdoprosperi.com\\\/?p=61784\"},\"author\":{\"name\":\"Luiz Ant\u00f4nio Pr\u00f3speri\",\"@id\":\"https:\\\/\\\/blogdoprosperi.com\\\/#\\\/schema\\\/person\\\/38100755ce3601861ee4fab9b5aa78e9\"},\"headline\":\"Barcelona d\u00e1 o troco no Real Madrid e fica perto de levar Rodri, campe\u00e3o mundial com a Espanha\",\"datePublished\":\"2026-08-06T18:13:23+00:00\",\"mainEntityOfPage\":{\"@id\":\"https:\\\/\\\/blogdoprosperi.com\\\/?p=61784\"},\"wordCount\":726,\"commentCount\":0,\"publisher\":{\"@id\":\"https:\\\/\\\/blogdoprosperi.com\\\/#\\\/schema\\\/person\\\/38100755ce3601861ee4fab9b5aa78e9\"},\"image\":{\"@id\":\"https:\\\/\\\/blogdoprosperi.com\\\/?p=61784#primaryimage\"},\"thumbnailUrl\":\"https:\\\/\\\/i0.wp.com\\\/blogdoprosperi.com\\\/wp-content\\\/uploads\\\/2026\\\/07\\\/Captura-de-Tela-2026-07-19-as-20.40.53.png?fit=1688%2C1146&ssl=1\",\"keywords\":[\"Barcelona\",\"diomande\",\"mercado da bola\",\"Real Madrid\",\"rodri\",\"Vini Jr\"],\"articleSection\":[\"futebol\",\"informa\u00e7\u00e3o\",\"mercado\"],\"inLanguage\":\"pt-BR\",\"potentialAction\":[{\"@type\":\"CommentAction\",\"name\":\"Comment\",\"target\":[\"https:\\\/\\\/blogdoprosperi.com\\\/?p=61784#respond\"]}]},{\"@type\":\"WebPage\",\"@id\":\"https:\\\/\\\/blogdoprosperi.com\\\/?p=61784\",\"url\":\"https:\\\/\\\/blogdoprosperi.com\\\/?p=61784\",\"name\":\"Barcelona d\u00e1 o troco no Real Madrid e fica perto de levar Rodri, campe\u00e3o mundial com a Espanha - PR\u00d3SPERI NEWS\",\"isPartOf\":{\"@id\":\"https:\\\/\\\/blogdoprosperi.com\\\/#website\"},\"primaryImageOfPage\":{\"@id\":\"https:\\\/\\\/blogdoprosperi.com\\\/?p=61784#primaryimage\"},\"image\":{\"@id\":\"https:\\\/\\\/blogdoprosperi.com\\\/?p=61784#primaryimage\"},\"thumbnailUrl\":\"https:\\\/\\\/i0.wp.com\\\/blogdoprosperi.com\\\/wp-content\\\/uploads\\\/2026\\\/07\\\/Captura-de-Tela-2026-07-19-as-20.40.53.png?fit=1688%2C1146&ssl=1\",\"datePublished\":\"2026-08-06T18:13:23+00:00\",\"breadcrumb\":{\"@id\":\"https:\\\/\\\/blogdoprosperi.com\\\/?p=61784#breadcrumb\"},\"inLanguage\":\"pt-BR\",\"potentialAction\":[{\"@type\":\"ReadAction\",\"target\":[\"https:\\\/\\\/blogdoprosperi.com\\\/?p=61784\"]}]},{\"@type\":\"ImageObject\",\"inLanguage\":\"pt-BR\",\"@id\":\"https:\\\/\\\/blogdoprosperi.com\\\/?p=61784#primaryimage\",\"url\":\"https:\\\/\\\/i0.wp.com\\\/blogdoprosperi.com\\\/wp-content\\\/uploads\\\/2026\\\/07\\\/Captura-de-Tela-2026-07-19-as-20.40.53.png?fit=1688%2C1146&ssl=1\",\"contentUrl\":\"https:\\\/\\\/i0.wp.com\\\/blogdoprosperi.com\\\/wp-content\\\/uploads\\\/2026\\\/07\\\/Captura-de-Tela-2026-07-19-as-20.40.53.png?fit=1688%2C1146&ssl=1\",\"width\":1688,\"height\":1146,\"caption\":\"Rodri levanta ta\u00e7a: Espanha campe\u00e3 da Copa 2026 \u2013 foto: Fifa oficial\"},{\"@type\":\"BreadcrumbList\",\"@id\":\"https:\\\/\\\/blogdoprosperi.com\\\/?p=61784#breadcrumb\",\"itemListElement\":[{\"@type\":\"ListItem\",\"position\":1,\"name\":\"In\u00edcio\",\"item\":\"https:\\\/\\\/blogdoprosperi.com\\\/\"},{\"@type\":\"ListItem\",\"position\":2,\"name\":\"Barcelona d\u00e1 o troco no Real Madrid e fica perto de levar Rodri, campe\u00e3o mundial com a Espanha\"}]},{\"@type\":\"WebSite\",\"@id\":\"https:\\\/\\\/blogdoprosperi.com\\\/#website\",\"url\":\"https:\\\/\\\/blogdoprosperi.com\\\/\",\"name\":\"PR\u00d3SPERI NEWS\",\"description\":\"TUDO \u00c9  FUTEBOL\",\"publisher\":{\"@id\":\"https:\\\/\\\/blogdoprosperi.com\\\/#\\\/schema\\\/person\\\/38100755ce3601861ee4fab9b5aa78e9\"},\"alternateName\":\"blogdoprosperi.com\",\"potentialAction\":[{\"@type\":\"SearchAction\",\"target\":{\"@type\":\"EntryPoint\",\"urlTemplate\":\"https:\\\/\\\/blogdoprosperi.com\\\/?s={search_term_string}\"},\"query-input\":{\"@type\":\"PropertyValueSpecification\",\"valueRequired\":true,\"valueName\":\"search_term_string\"}}],\"inLanguage\":\"pt-BR\"},{\"@type\":[\"Person\",\"Organization\"],\"@id\":\"https:\\\/\\\/blogdoprosperi.com\\\/#\\\/schema\\\/person\\\/38100755ce3601861ee4fab9b5aa78e9\",\"name\":\"Luiz Ant\u00f4nio Pr\u00f3speri\",\"pronouns\":\"ele\",\"image\":{\"@type\":\"ImageObject\",\"inLanguage\":\"pt-BR\",\"@id\":\"https:\\\/\\\/i0.wp.com\\\/blogdoprosperi.com\\\/wp-content\\\/uploads\\\/2026\\\/05\\\/cropped-8059e613-6002-42fa-961e-8e275f575d71-2-5.jpg?fit=1360%2C931&ssl=1\",\"url\":\"https:\\\/\\\/i0.wp.com\\\/blogdoprosperi.com\\\/wp-content\\\/uploads\\\/2026\\\/05\\\/cropped-8059e613-6002-42fa-961e-8e275f575d71-2-5.jpg?fit=1360%2C931&ssl=1\",\"contentUrl\":\"https:\\\/\\\/i0.wp.com\\\/blogdoprosperi.com\\\/wp-content\\\/uploads\\\/2026\\\/05\\\/cropped-8059e613-6002-42fa-961e-8e275f575d71-2-5.jpg?fit=1360%2C931&ssl=1\",\"width\":1360,\"height\":931,\"caption\":\"Luiz Ant\u00f4nio Pr\u00f3speri\"},\"logo\":{\"@id\":\"https:\\\/\\\/i0.wp.com\\\/blogdoprosperi.com\\\/wp-content\\\/uploads\\\/2026\\\/05\\\/cropped-8059e613-6002-42fa-961e-8e275f575d71-2-5.jpg?fit=1360%2C931&ssl=1\"},\"description\":\"Jornalista com carreira dedicada ao esporte. Cobriu 9 Copas do Mundo in loco, 1990 na It\u00e1lia, 1994 nos EUA, 1998 na Fran\u00e7a, 2002 na Coreia do Sul e Jap\u00e3o, 2006 na Alemanha, 2010 na \u00c1frica do Sul, 2014 no Brasil, 2018 na R\u00fassia e 2022 no Qatar. Eurocopas, 1992 na Su\u00e9cia e 1996 na Inglaterra. Copa das Confedera\u00e7\u00f5es de 2005 na Alemanha e 2009 na \u00c1frica do Sul. Rep\u00f3rter e Editor, trabalhou no Jornal da Tarde e Estad\u00e3o, de 1984 a fevereiro de 2016. Colunista, blogueiro. E comentarista de futebol na R\u00e1dio Estad\u00e3o, de 2013 a fevereiro de 2016. Jornalista respons\u00e1vel do \\\"Pr\u00f3speri News\\\" (blogdoprosperi.com).\",\"sameAs\":[\"http:\\\/\\\/blogdoprosperi.com\",\"Luiz Pr\u00f3speri\",\"@luiz_prosperi\",\"https:\\\/\\\/x.com\\\/Luizprosperi\",\"@prosperinacopa\",\"luiz.prosperi@icloud.com\"],\"url\":\"https:\\\/\\\/blogdoprosperi.com\\\/?author=102107496\"}]}<\/script>\n<!-- \/ Yoast SEO plugin. -->","yoast_head_json":{"title":"Barcelona d\u00e1 o troco no Real Madrid e fica perto de levar Rodri, campe\u00e3o mundial com a Espanha - PR\u00d3SPERI NEWS","robots":{"index":"index","follow":"follow","max-snippet":"max-snippet:-1","max-image-preview":"max-image-preview:large","max-video-preview":"max-video-preview:-1"},"canonical":"https:\/\/blogdoprosperi.com\/?p=61784","og_locale":"pt_BR","og_type":"article","og_title":"Barcelona d\u00e1 o troco no Real Madrid e fica perto de levar Rodri, campe\u00e3o mundial com a Espanha - PR\u00d3SPERI NEWS","og_description":"Rodri diz sim ao Barcelona. Agora a conversa \u00e9 com o Manchester City, clube que tem contrato at\u00e9 [&hellip;]","og_url":"https:\/\/blogdoprosperi.com\/?p=61784","og_site_name":"PR\u00d3SPERI NEWS","article_publisher":"Luiz Pr\u00f3speri","article_author":"Luiz Pr\u00f3speri","article_published_time":"2026-08-06T18:13:23+00:00","og_image":[{"width":1024,"height":695,"url":"https:\/\/blogdoprosperi.com\/wp-content\/uploads\/2026\/07\/Captura-de-Tela-2026-07-19-as-20.40.53-1024x695.png","type":"image\/png"}],"author":"Luiz Ant\u00f4nio Pr\u00f3speri","twitter_card":"summary_large_image","twitter_creator":"@Luizprosperi","twitter_site":"@Luizprosperi","twitter_misc":{"Escrito por":"Luiz Ant\u00f4nio Pr\u00f3speri","Est. tempo de leitura":"4 minutos"},"schema":{"@context":"https:\/\/schema.org","@graph":[{"@type":"Article","@id":"https:\/\/blogdoprosperi.com\/?p=61784#article","isPartOf":{"@id":"https:\/\/blogdoprosperi.com\/?p=61784"},"author":{"name":"Luiz Ant\u00f4nio Pr\u00f3speri","@id":"https:\/\/blogdoprosperi.com\/#\/schema\/person\/38100755ce3601861ee4fab9b5aa78e9"},"headline":"Barcelona d\u00e1 o troco no Real Madrid e fica perto de levar Rodri, campe\u00e3o mundial com a Espanha","datePublished":"2026-08-06T18:13:23+00:00","mainEntityOfPage":{"@id":"https:\/\/blogdoprosperi.com\/?p=61784"},"wordCount":726,"commentCount":0,"publisher":{"@id":"https:\/\/blogdoprosperi.com\/#\/schema\/person\/38100755ce3601861ee4fab9b5aa78e9"},"image":{"@id":"https:\/\/blogdoprosperi.com\/?p=61784#primaryimage"},"thumbnailUrl":"https:\/\/i0.wp.com\/blogdoprosperi.com\/wp-content\/uploads\/2026\/07\/Captura-de-Tela-2026-07-19-as-20.40.53.png?fit=1688%2C1146&ssl=1","keywords":["Barcelona","diomande","mercado da bola","Real Madrid","rodri","Vini Jr"],"articleSection":["futebol","informa\u00e7\u00e3o","mercado"],"inLanguage":"pt-BR","potentialAction":[{"@type":"CommentAction","name":"Comment","target":["https:\/\/blogdoprosperi.com\/?p=61784#respond"]}]},{"@type":"WebPage","@id":"https:\/\/blogdoprosperi.com\/?p=61784","url":"https:\/\/blogdoprosperi.com\/?p=61784","name":"Barcelona d\u00e1 o troco no Real Madrid e fica perto de levar Rodri, campe\u00e3o mundial com a Espanha - PR\u00d3SPERI NEWS","isPartOf":{"@id":"https:\/\/blogdoprosperi.com\/#website"},"primaryImageOfPage":{"@id":"https:\/\/blogdoprosperi.com\/?p=61784#primaryimage"},"image":{"@id":"https:\/\/blogdoprosperi.com\/?p=61784#primaryimage"},"thumbnailUrl":"https:\/\/i0.wp.com\/blogdoprosperi.com\/wp-content\/uploads\/2026\/07\/Captura-de-Tela-2026-07-19-as-20.40.53.png?fit=1688%2C1146&ssl=1","datePublished":"2026-08-06T18:13:23+00:00","breadcrumb":{"@id":"https:\/\/blogdoprosperi.com\/?p=61784#breadcrumb"},"inLanguage":"pt-BR","potentialAction":[{"@type":"ReadAction","target":["https:\/\/blogdoprosperi.com\/?p=61784"]}]},{"@type":"ImageObject","inLanguage":"pt-BR","@id":"https:\/\/blogdoprosperi.com\/?p=61784#primaryimage","url":"https:\/\/i0.wp.com\/blogdoprosperi.com\/wp-content\/uploads\/2026\/07\/Captura-de-Tela-2026-07-19-as-20.40.53.png?fit=1688%2C1146&ssl=1","contentUrl":"https:\/\/i0.wp.com\/blogdoprosperi.com\/wp-content\/uploads\/2026\/07\/Captura-de-Tela-2026-07-19-as-20.40.53.png?fit=1688%2C1146&ssl=1","width":1688,"height":1146,"caption":"Rodri levanta ta\u00e7a: Espanha campe\u00e3 da Copa 2026 \u2013 foto: Fifa oficial"},{"@type":"BreadcrumbList","@id":"https:\/\/blogdoprosperi.com\/?p=61784#breadcrumb","itemListElement":[{"@type":"ListItem","position":1,"name":"In\u00edcio","item":"https:\/\/blogdoprosperi.com\/"},{"@type":"ListItem","position":2,"name":"Barcelona d\u00e1 o troco no Real Madrid e fica perto de levar Rodri, campe\u00e3o mundial com a Espanha"}]},{"@type":"WebSite","@id":"https:\/\/blogdoprosperi.com\/#website","url":"https:\/\/blogdoprosperi.com\/","name":"PR\u00d3SPERI NEWS","description":"TUDO \u00c9  FUTEBOL","publisher":{"@id":"https:\/\/blogdoprosperi.com\/#\/schema\/person\/38100755ce3601861ee4fab9b5aa78e9"},"alternateName":"blogdoprosperi.com","potentialAction":[{"@type":"SearchAction","target":{"@type":"EntryPoint","urlTemplate":"https:\/\/blogdoprosperi.com\/?s={search_term_string}"},"query-input":{"@type":"PropertyValueSpecification","valueRequired":true,"valueName":"search_term_string"}}],"inLanguage":"pt-BR"},{"@type":["Person","Organization"],"@id":"https:\/\/blogdoprosperi.com\/#\/schema\/person\/38100755ce3601861ee4fab9b5aa78e9","name":"Luiz Ant\u00f4nio Pr\u00f3speri","pronouns":"ele","image":{"@type":"ImageObject","inLanguage":"pt-BR","@id":"https:\/\/i0.wp.com\/blogdoprosperi.com\/wp-content\/uploads\/2026\/05\/cropped-8059e613-6002-42fa-961e-8e275f575d71-2-5.jpg?fit=1360%2C931&ssl=1","url":"https:\/\/i0.wp.com\/blogdoprosperi.com\/wp-content\/uploads\/2026\/05\/cropped-8059e613-6002-42fa-961e-8e275f575d71-2-5.jpg?fit=1360%2C931&ssl=1","contentUrl":"https:\/\/i0.wp.com\/blogdoprosperi.com\/wp-content\/uploads\/2026\/05\/cropped-8059e613-6002-42fa-961e-8e275f575d71-2-5.jpg?fit=1360%2C931&ssl=1","width":1360,"height":931,"caption":"Luiz Ant\u00f4nio Pr\u00f3speri"},"logo":{"@id":"https:\/\/i0.wp.com\/blogdoprosperi.com\/wp-content\/uploads\/2026\/05\/cropped-8059e613-6002-42fa-961e-8e275f575d71-2-5.jpg?fit=1360%2C931&ssl=1"},"description":"Jornalista com carreira dedicada ao esporte. Cobriu 9 Copas do Mundo in loco, 1990 na It\u00e1lia, 1994 nos EUA, 1998 na Fran\u00e7a, 2002 na Coreia do Sul e Jap\u00e3o, 2006 na Alemanha, 2010 na \u00c1frica do Sul, 2014 no Brasil, 2018 na R\u00fassia e 2022 no Qatar. Eurocopas, 1992 na Su\u00e9cia e 1996 na Inglaterra. Copa das Confedera\u00e7\u00f5es de 2005 na Alemanha e 2009 na \u00c1frica do Sul. Rep\u00f3rter e Editor, trabalhou no Jornal da Tarde e Estad\u00e3o, de 1984 a fevereiro de 2016. Colunista, blogueiro. E comentarista de futebol na R\u00e1dio Estad\u00e3o, de 2013 a fevereiro de 2016. Jornalista respons\u00e1vel do \"Pr\u00f3speri News\" (blogdoprosperi.com).","sameAs":["http:\/\/blogdoprosperi.com","Luiz Pr\u00f3speri","@luiz_prosperi","https:\/\/x.com\/Luizprosperi","@prosperinacopa","luiz.prosperi@icloud.com"],"url":"https:\/\/blogdoprosperi.com\/?author=102107496"}]}},"jetpack_publicize_connections":[],"jetpack_likes_enabled":false,"jetpack_sharing_enabled":true,"jetpack_shortlink":"https:\/\/wp.me\/p7jvdk-g4w","jetpack-related-posts":[{"id":61226,"url":"https:\/\/blogdoprosperi.com\/?p=61226","url_meta":{"origin":61784,"position":0},"title":"Vini Jr e Endrick de sa\u00edda? Real Madrid promove nova revolu\u00e7\u00e3o na contrata\u00e7\u00e3o de refor\u00e7os","author":"Luiz Ant\u00f4nio Pr\u00f3speri","date":"25 de julho de 2026","format":false,"excerpt":"Luiz Ant\u00f4nio Pr\u00f3speri \u2013 25 julho 2026 (14h47) Real Madrid promove outra revolu\u00e7\u00e3o no mercado da bola neste ver\u00e3o t\u00f3rrido na Europa. A cada semana enfileira um novo jogador. Diomande, 19 anos, \u00e9 a pr\u00f3xima tacada. O jovem atacante da Costa do Marfim vinculado ao Red Bull Leipzig est\u00e1 perto\u2026","rel":"","context":"Em &quot;futebol&quot;","block_context":{"text":"futebol","link":"https:\/\/blogdoprosperi.com\/?cat=53870"},"img":{"alt_text":"Vini Jr show","src":"https:\/\/i0.wp.com\/blogdoprosperi.com\/wp-content\/uploads\/2025\/06\/captura-de-tela-2025-06-27-as-06.50.48.png?fit=1200%2C716&ssl=1&resize=350%2C200","width":350,"height":200,"srcset":"https:\/\/i0.wp.com\/blogdoprosperi.com\/wp-content\/uploads\/2025\/06\/captura-de-tela-2025-06-27-as-06.50.48.png?fit=1200%2C716&ssl=1&resize=350%2C200 1x, https:\/\/i0.wp.com\/blogdoprosperi.com\/wp-content\/uploads\/2025\/06\/captura-de-tela-2025-06-27-as-06.50.48.png?fit=1200%2C716&ssl=1&resize=525%2C300 1.5x, https:\/\/i0.wp.com\/blogdoprosperi.com\/wp-content\/uploads\/2025\/06\/captura-de-tela-2025-06-27-as-06.50.48.png?fit=1200%2C716&ssl=1&resize=700%2C400 2x, https:\/\/i0.wp.com\/blogdoprosperi.com\/wp-content\/uploads\/2025\/06\/captura-de-tela-2025-06-27-as-06.50.48.png?fit=1200%2C716&ssl=1&resize=1050%2C600 3x"},"classes":[]},{"id":61771,"url":"https:\/\/blogdoprosperi.com\/?p=61771","url_meta":{"origin":61784,"position":1},"title":"Real Madrid anuncia Diomande | Contrata\u00e7\u00e3o mais cara da hist\u00f3ria do clube espanhol","author":"Luiz Ant\u00f4nio Pr\u00f3speri","date":"6 de agosto de 2026","format":false,"excerpt":"Real Madrid anuncia contrata\u00e7\u00e3o do marfinense Yan Diomande, 19 anos, por 125 milh\u00f5es de euros (R$ 737,5 milh\u00f5es). Atacante que joga pelas pontas, de prefer\u00eancia no setor direito, Diomande chega para ocupar um espa\u00e7o na linha de frente do Real ao lado de Mbapp\u00e9, Vini Jr, Rodrygo, Endrick e\u00a0Esp\u00ed (contratado\u2026","rel":"","context":"Em &quot;\u00daltimas&quot;","block_context":{"text":"\u00daltimas","link":"https:\/\/blogdoprosperi.com\/?cat=283656"},"img":{"alt_text":"","src":"https:\/\/i0.wp.com\/blogdoprosperi.com\/wp-content\/uploads\/2026\/08\/image_89d714c4.png?fit=1200%2C655&ssl=1&resize=350%2C200","width":350,"height":200,"srcset":"https:\/\/i0.wp.com\/blogdoprosperi.com\/wp-content\/uploads\/2026\/08\/image_89d714c4.png?fit=1200%2C655&ssl=1&resize=350%2C200 1x, https:\/\/i0.wp.com\/blogdoprosperi.com\/wp-content\/uploads\/2026\/08\/image_89d714c4.png?fit=1200%2C655&ssl=1&resize=525%2C300 1.5x, https:\/\/i0.wp.com\/blogdoprosperi.com\/wp-content\/uploads\/2026\/08\/image_89d714c4.png?fit=1200%2C655&ssl=1&resize=700%2C400 2x, https:\/\/i0.wp.com\/blogdoprosperi.com\/wp-content\/uploads\/2026\/08\/image_89d714c4.png?fit=1200%2C655&ssl=1&resize=1050%2C600 3x"},"classes":[]},{"id":62204,"url":"https:\/\/blogdoprosperi.com\/?p=62204","url_meta":{"origin":61784,"position":2},"title":"&#8220;Barcelona est\u00e1 a um passo de vencer a cobi\u00e7ada Champions League&#8221;","author":"Luiz Ant\u00f4nio Pr\u00f3speri","date":"18 de agosto de 2026","format":false,"excerpt":"Rodri \u00e9 do Barcelona por 60 milh\u00f5es de euros no contrato v\u00e1lido at\u00e9 2030. Eleito melhor jogador da Copa do Mundo 2026, o capit\u00e3o da Espanha chega ao Bar\u00e7a falando em ser campe\u00e3o da Champions League.","rel":"","context":"Em &quot;\u00daltimas&quot;","block_context":{"text":"\u00daltimas","link":"https:\/\/blogdoprosperi.com\/?cat=283656"},"img":{"alt_text":"","src":"https:\/\/i0.wp.com\/blogdoprosperi.com\/wp-content\/uploads\/2026\/08\/Captura-de-Tela-2026-08-18-as-17.16.32.png?fit=1200%2C626&ssl=1&resize=350%2C200","width":350,"height":200,"srcset":"https:\/\/i0.wp.com\/blogdoprosperi.com\/wp-content\/uploads\/2026\/08\/Captura-de-Tela-2026-08-18-as-17.16.32.png?fit=1200%2C626&ssl=1&resize=350%2C200 1x, https:\/\/i0.wp.com\/blogdoprosperi.com\/wp-content\/uploads\/2026\/08\/Captura-de-Tela-2026-08-18-as-17.16.32.png?fit=1200%2C626&ssl=1&resize=525%2C300 1.5x, https:\/\/i0.wp.com\/blogdoprosperi.com\/wp-content\/uploads\/2026\/08\/Captura-de-Tela-2026-08-18-as-17.16.32.png?fit=1200%2C626&ssl=1&resize=700%2C400 2x, https:\/\/i0.wp.com\/blogdoprosperi.com\/wp-content\/uploads\/2026\/08\/Captura-de-Tela-2026-08-18-as-17.16.32.png?fit=1200%2C626&ssl=1&resize=1050%2C600 3x"},"classes":[]},{"id":61792,"url":"https:\/\/blogdoprosperi.com\/?p=61792","url_meta":{"origin":61784,"position":3},"title":"Vini Jr renova com Real Madrid at\u00e9 2032","author":"Luiz Ant\u00f4nio Pr\u00f3speri","date":"6 de agosto de 2026","format":false,"excerpt":"Luiz Ant\u00f4nio Pr\u00f3speri \u2013 6 agosto 2026 (15h37)\u00a0 Real Madrid anuncia a renova\u00e7\u00e3o de contrato de Vini Jr at\u00e9 2032. O v\u00ednculo atual se encerraria em junho de 2027. A negocia\u00e7\u00e3o se arrastava h\u00e1 um ano. Vini queria sal\u00e1rios de 30 milh\u00f5es de euros por ano, informa imprensa madrilenha. Real\u2026","rel":"","context":"Em &quot;futebol&quot;","block_context":{"text":"futebol","link":"https:\/\/blogdoprosperi.com\/?cat=53870"},"img":{"alt_text":"","src":"https:\/\/i0.wp.com\/blogdoprosperi.com\/wp-content\/uploads\/2026\/08\/Captura-de-Tela-2026-08-06-as-15.19.48.png?fit=1058%2C726&ssl=1&resize=350%2C200","width":350,"height":200,"srcset":"https:\/\/i0.wp.com\/blogdoprosperi.com\/wp-content\/uploads\/2026\/08\/Captura-de-Tela-2026-08-06-as-15.19.48.png?fit=1058%2C726&ssl=1&resize=350%2C200 1x, https:\/\/i0.wp.com\/blogdoprosperi.com\/wp-content\/uploads\/2026\/08\/Captura-de-Tela-2026-08-06-as-15.19.48.png?fit=1058%2C726&ssl=1&resize=525%2C300 1.5x, https:\/\/i0.wp.com\/blogdoprosperi.com\/wp-content\/uploads\/2026\/08\/Captura-de-Tela-2026-08-06-as-15.19.48.png?fit=1058%2C726&ssl=1&resize=700%2C400 2x, https:\/\/i0.wp.com\/blogdoprosperi.com\/wp-content\/uploads\/2026\/08\/Captura-de-Tela-2026-08-06-as-15.19.48.png?fit=1058%2C726&ssl=1&resize=1050%2C600 3x"},"classes":[]},{"id":32112,"url":"https:\/\/blogdoprosperi.com\/?p=32112","url_meta":{"origin":61784,"position":4},"title":"Messi carrega cruz da Argentina e vira pol\u00eamica na Espanha no caso da renova\u00e7\u00e3o do contrato com o Bar\u00e7a","author":"Luiz Ant\u00f4nio Pr\u00f3speri","date":"14 de novembro de 2016","format":false,"excerpt":"Lionel Messi, discreto como um monge, est\u00e1 nas manchetes mais uma vez. Na m\u00eddia da Espanha se discute a renova\u00e7\u00e3o de seu contrato com o Barcelona - vence em 2018 -, em contrapartida com novo acordo entre Cristiano Ronaldo e Real Madrid. Na Argentina, e por tabela, na Am\u00e9rica do\u2026","rel":"","context":"Em &quot;futebol&quot;","block_context":{"text":"futebol","link":"https:\/\/blogdoprosperi.com\/?cat=53870"},"img":{"alt_text":"","src":"https:\/\/i0.wp.com\/blogdoprosperi.com\/wp-content\/uploads\/2016\/11\/cwu1xdoxaaatwnn-1024x683.jpg?resize=350%2C200&ssl=1","width":350,"height":200,"srcset":"https:\/\/i0.wp.com\/blogdoprosperi.com\/wp-content\/uploads\/2016\/11\/cwu1xdoxaaatwnn-1024x683.jpg?resize=350%2C200&ssl=1 1x, https:\/\/i0.wp.com\/blogdoprosperi.com\/wp-content\/uploads\/2016\/11\/cwu1xdoxaaatwnn-1024x683.jpg?resize=525%2C300&ssl=1 1.5x, https:\/\/i0.wp.com\/blogdoprosperi.com\/wp-content\/uploads\/2016\/11\/cwu1xdoxaaatwnn-1024x683.jpg?resize=700%2C400&ssl=1 2x"},"classes":[]},{"id":62373,"url":"https:\/\/blogdoprosperi.com\/?p=62373","url_meta":{"origin":61784,"position":5},"title":"Entenda porque Allan do Palmeiras vai para o Manchester City e o interesse de Liverpool em Endrick","author":"Luiz Ant\u00f4nio Pr\u00f3speri","date":"22 de agosto de 2026","format":false,"excerpt":"Allan e Endrick, crias do Palmeiras, podem se encontrar no futebol ingl\u00eas. Allan est\u00e1 bem perto de se transferir ao Manchester City. Endrick, de futuro incerto no Real Madrid, pode ir para o Liverpool.","rel":"","context":"Em &quot;\u00daltimas&quot;","block_context":{"text":"\u00daltimas","link":"https:\/\/blogdoprosperi.com\/?cat=283656"},"img":{"alt_text":"","src":"https:\/\/i0.wp.com\/blogdoprosperi.com\/wp-content\/uploads\/2026\/08\/PADRAO_IMAGEM_SITE-5-3-762x429.jpg.webp?fit=762%2C429&ssl=1&resize=350%2C200","width":350,"height":200,"srcset":"https:\/\/i0.wp.com\/blogdoprosperi.com\/wp-content\/uploads\/2026\/08\/PADRAO_IMAGEM_SITE-5-3-762x429.jpg.webp?fit=762%2C429&ssl=1&resize=350%2C200 1x, https:\/\/i0.wp.com\/blogdoprosperi.com\/wp-content\/uploads\/2026\/08\/PADRAO_IMAGEM_SITE-5-3-762x429.jpg.webp?fit=762%2C429&ssl=1&resize=525%2C300 1.5x, https:\/\/i0.wp.com\/blogdoprosperi.com\/wp-content\/uploads\/2026\/08\/PADRAO_IMAGEM_SITE-5-3-762x429.jpg.webp?fit=762%2C429&ssl=1&resize=700%2C400 2x"},"classes":[]}],"jetpack_featured_media_url":"https:\/\/i0.wp.com\/blogdoprosperi.com\/wp-content\/uploads\/2026\/07\/Captura-de-Tela-2026-07-19-as-20.40.53.png?fit=1688%2C1146&ssl=1","_links":{"self":[{"href":"https:\/\/blogdoprosperi.com\/index.php?rest_route=\/wp\/v2\/posts\/61784","targetHints":{"allow":["GET"]}}],"collection":[{"href":"https:\/\/blogdoprosperi.com\/index.php?rest_route=\/wp\/v2\/posts"}],"about":[{"href":"https:\/\/blogdoprosperi.com\/index.php?rest_route=\/wp\/v2\/types\/post"}],"author":[{"embeddable":true,"href":"https:\/\/blogdoprosperi.com\/index.php?rest_route=\/wp\/v2\/users\/102107496"}],"replies":[{"embeddable":true,"href":"https:\/\/blogdoprosperi.com\/index.php?rest_route=%2Fwp%2Fv2%2Fcomments&post=61784"}],"version-history":[{"count":6,"href":"https:\/\/blogdoprosperi.com\/index.php?rest_route=\/wp\/v2\/posts\/61784\/revisions"}],"predecessor-version":[{"id":61790,"href":"https:\/\/blogdoprosperi.com\/index.php?rest_route=\/wp\/v2\/posts\/61784\/revisions\/61790"}],"wp:featuredmedia":[{"embeddable":true,"href":"https:\/\/blogdoprosperi.com\/index.php?rest_route=\/wp\/v2\/media\/60878"}],"wp:attachment":[{"href":"https:\/\/blogdoprosperi.com\/index.php?rest_route=%2Fwp%2Fv2%2Fmedia&parent=61784"}],"wp:term":[{"taxonomy":"category","embeddable":true,"href":"https:\/\/blogdoprosperi.com\/index.php?rest_route=%2Fwp%2Fv2%2Fcategories&post=61784"},{"taxonomy":"post_tag","embeddable":true,"href":"https:\/\/blogdoprosperi.com\/index.php?rest_route=%2Fwp%2Fv2%2Ftags&post=61784"}],"curies":[{"name":"wp","href":"https:\/\/api.w.org\/{rel}","templated":true}]}}