{"id":61848,"date":"2026-08-07T19:29:27","date_gmt":"2026-08-07T22:29:27","guid":{"rendered":"https:\/\/blogdoprosperi.com\/?p=61848"},"modified":"2026-08-08T10:53:29","modified_gmt":"2026-08-08T13:53:29","slug":"11-jogos-para-voce-ficar-ligado-na-tv-e-youtube-no-fim-de-semana","status":"publish","type":"post","link":"https:\/\/blogdoprosperi.com\/?p=61848","title":{"rendered":"Ao Vivo 11 jogos: para voc\u00ea ficar ligado na TV e Youtube neste fim de semana"},"content":{"rendered":"<p><em>Fim de Semana \u2013 8 e 9 agosto 2026<\/em><\/p>\n<p>Futebol neste fim de semana (08 e 09\/8) tem <strong>Sele\u00e7\u00e3o Brasileira Sub-20<\/strong>, com a gera\u00e7\u00e3o da Copa do Mundo 2030 entrando em campo. E a <strong>22\u00aa rodada completa \u00a0do Brasileir\u00e3o 2026<\/strong> na volta do campeonato ap\u00f3s pausa para os jogos das oitavas de final da Copa do Brasil.<\/p>\n<p><em>Fique de olho na TV e no YouTube para voc\u00ea acompanhar jogos. Confira a programa\u00e7\u00e3o e dicas:<\/em><\/p>\n<h3>Jogos de S\u00e1bado (08\/8)<\/h3>\n<p><strong>Brasileir\u00e3o 22\u00aa rodada:<\/strong><\/p>\n<p><strong>Gr\u00eamio x S\u00e3o Paulo<\/strong> \u2013 16h \u2013 Arena Gr\u00eamio (Porto Alegre) \u2013 <strong>Premiere<\/strong><\/p>\n<p><strong>Remo x Atl\u00e9tico-MG<\/strong> \u2013 18h30 \u2013 Mangueir\u00e3o (Bel\u00e9m) \u2013 <strong>Premiere<\/strong><\/p>\n<p><strong>Coritiba x Chapecoense<\/strong> \u2013 20h30 \u2013 Couto Pereira (Curitiba) \u2013 <strong>Premiere, Record e Caz\u00e9TV (YouTube)<\/strong><\/p>\n<p><strong>Vasco x Fluminense<\/strong> \u2013 21h \u2013 Nilton Santos (Rio) \u2013 <strong>SporTV e Premiere<\/strong><\/p>\n<h3>Jogos de Domingo (09\/8)<\/h3>\n<p><strong>Amistoso Sub-20 \u2013 <\/strong><strong>Brasil x Bol\u00edvia<\/strong>\u00a0\u2013 Granja Comary \u2013 <strong>CBF TV (Youtube)<\/strong><\/p>\n<p><strong>Brasileir\u00e3o 22\u00aa rodada:<\/strong><\/p>\n<p><strong>Cruzeiro x Mirassol<\/strong> \u2013 11h \u2013 Mineir\u00e3o (BH) \u2013 <strong>Amazon Prime<\/strong><\/p>\n<p><strong>Palmeiras x Internacional<\/strong> \u2013 16h \u2013 Nubank Parque (SP) \u2013 <strong>Globo (SP) e Premiere<\/strong><\/p>\n<p><strong>Bahia x Vasco<\/strong> \u2013 16h \u2013 Fonte Nova (Salvador) \u2013 <strong>Globo (RJ) e Premiere<\/strong><\/p>\n<p><strong>Bragantino x Corinthians<\/strong> \u2013 18h30 \u2013 Cicero Souza (Bragan\u00e7a) \u2013 <strong>Premiere<\/strong><\/p>\n<p><strong>Santos x Athletico-PR<\/strong> \u2013 18h30 \u2013 Vila Belmiro (Santos) \u2013 <strong>Premiere<\/strong><\/p>\n<p><strong>Flamengo x Vit\u00f3ria<\/strong> \u2013 19h30 \u2013 Maracan\u00e3 (Rio) \u2013 <strong>SporTV e Premiere<\/strong><\/p>\n","protected":false},"excerpt":{"rendered":"<p>Fim de Semana \u2013 8 e 9 agosto 2026 Futebol neste fim de semana (08 e 09\/8) tem [&hellip;]<\/p>\n","protected":false},"author":102107496,"featured_media":61852,"comment_status":"open","ping_status":"open","sticky":false,"template":"","format":"standard","meta":{"_coblocks_attr":"","_coblocks_dimensions":"","_coblocks_responsive_height":"","_coblocks_accordion_ie_support":"","_jetpack_newsletter_access":"","_jetpack_dont_email_post_to_subs":false,"_jetpack_newsletter_tier_id":0,"_jetpack_memberships_contains_paywalled_content":false,"_wpcom_ai_launchpad_first_post":false,"_jetpack_feature_clip_id":0,"_jetpack_memberships_contains_paid_content":false,"footnotes":"","jetpack_publicize_message":"","jetpack_publicize_feature_enabled":true,"jetpack_social_post_already_shared":true,"jetpack_social_options":{"image_generator_settings":{"template":"highway","default_image_id":0,"font":"","enabled":false},"version":2},"jetpack_post_was_ever_published":false},"categories":[786956679,53870],"tags":[788223184,789560805,789560804,16157355],"class_list":["post-61848","post","type-post","status-publish","format-standard","has-post-thumbnail","hentry","category-brasileirao-2026","category-futebol","tag-brasileirao2026","tag-brasilxbolivia","tag-rodada22","tag-selecao-brasileira-sub-20"],"yoast_head":"<!-- This site is optimized with the Yoast SEO plugin v28.4 - https:\/\/yoast.com\/product\/yoast-seo-wordpress\/ -->\n<title>Ao Vivo 11 jogos: para voc\u00ea ficar ligado na TV e Youtube neste fim de semana - PR\u00d3SPERI NEWS<\/title>\n<meta name=\"robots\" content=\"index, follow, max-snippet:-1, max-image-preview:large, max-video-preview:-1\" \/>\n<link rel=\"canonical\" href=\"https:\/\/blogdoprosperi.com\/?p=61848\" \/>\n<meta property=\"og:locale\" content=\"pt_BR\" \/>\n<meta property=\"og:type\" content=\"article\" \/>\n<meta property=\"og:title\" content=\"Ao Vivo 11 jogos: para voc\u00ea ficar ligado na TV e Youtube neste fim de semana - PR\u00d3SPERI NEWS\" \/>\n<meta property=\"og:description\" content=\"Fim de Semana \u2013 8 e 9 agosto 2026 Futebol neste fim de semana (08 e 09\/8) tem [&hellip;]\" \/>\n<meta property=\"og:url\" content=\"https:\/\/blogdoprosperi.com\/?p=61848\" \/>\n<meta property=\"og:site_name\" content=\"PR\u00d3SPERI NEWS\" \/>\n<meta property=\"article:publisher\" content=\"Luiz Pr\u00f3speri\" \/>\n<meta property=\"article:author\" content=\"Luiz Pr\u00f3speri\" \/>\n<meta property=\"article:published_time\" content=\"2026-08-07T22:29:27+00:00\" \/>\n<meta property=\"article:modified_time\" content=\"2026-08-08T13:53:29+00:00\" \/>\n<meta property=\"og:image\" content=\"https:\/\/i0.wp.com\/blogdoprosperi.com\/wp-content\/uploads\/2026\/08\/Captura-de-Tela-2026-08-07-as-19.23.28.png?fit=1366%2C896&ssl=1\" \/>\n\t<meta property=\"og:image:width\" content=\"1366\" \/>\n\t<meta property=\"og:image:height\" content=\"896\" \/>\n\t<meta property=\"og:image:type\" content=\"image\/png\" \/>\n<meta name=\"author\" content=\"Luiz Ant\u00f4nio Pr\u00f3speri\" \/>\n<meta name=\"twitter:card\" content=\"summary_large_image\" \/>\n<meta name=\"twitter:creator\" content=\"@Luizprosperi\" \/>\n<meta name=\"twitter:site\" content=\"@Luizprosperi\" \/>\n<meta name=\"twitter:label1\" content=\"Escrito por\" \/>\n\t<meta name=\"twitter:data1\" content=\"Luiz Ant\u00f4nio Pr\u00f3speri\" \/>\n\t<meta name=\"twitter:label2\" content=\"Est. tempo de leitura\" \/>\n\t<meta name=\"twitter:data2\" content=\"1 minuto\" \/>\n<script type=\"application\/ld+json\" class=\"yoast-schema-graph\">{\"@context\":\"https:\\\/\\\/schema.org\",\"@graph\":[{\"@type\":\"Article\",\"@id\":\"https:\\\/\\\/blogdoprosperi.com\\\/?p=61848#article\",\"isPartOf\":{\"@id\":\"https:\\\/\\\/blogdoprosperi.com\\\/?p=61848\"},\"author\":{\"name\":\"Luiz Ant\u00f4nio Pr\u00f3speri\",\"@id\":\"https:\\\/\\\/blogdoprosperi.com\\\/#\\\/schema\\\/person\\\/38100755ce3601861ee4fab9b5aa78e9\"},\"headline\":\"Ao Vivo 11 jogos: para voc\u00ea ficar ligado na TV e Youtube neste fim de semana\",\"datePublished\":\"2026-08-07T22:29:27+00:00\",\"dateModified\":\"2026-08-08T13:53:29+00:00\",\"mainEntityOfPage\":{\"@id\":\"https:\\\/\\\/blogdoprosperi.com\\\/?p=61848\"},\"wordCount\":213,\"commentCount\":0,\"publisher\":{\"@id\":\"https:\\\/\\\/blogdoprosperi.com\\\/#\\\/schema\\\/person\\\/38100755ce3601861ee4fab9b5aa78e9\"},\"image\":{\"@id\":\"https:\\\/\\\/blogdoprosperi.com\\\/?p=61848#primaryimage\"},\"thumbnailUrl\":\"https:\\\/\\\/i0.wp.com\\\/blogdoprosperi.com\\\/wp-content\\\/uploads\\\/2026\\\/08\\\/Captura-de-Tela-2026-08-07-as-19.23.28.png?fit=1366%2C896&ssl=1\",\"keywords\":[\"brasileir\u00e3o2026\",\"brasilxbol\u00edvia\",\"rodada22\",\"sele\u00e7\u00e3o brasileira sub-20\"],\"articleSection\":[\"brasileir\u00e3o 2026\",\"futebol\"],\"inLanguage\":\"pt-BR\",\"potentialAction\":[{\"@type\":\"CommentAction\",\"name\":\"Comment\",\"target\":[\"https:\\\/\\\/blogdoprosperi.com\\\/?p=61848#respond\"]}]},{\"@type\":\"WebPage\",\"@id\":\"https:\\\/\\\/blogdoprosperi.com\\\/?p=61848\",\"url\":\"https:\\\/\\\/blogdoprosperi.com\\\/?p=61848\",\"name\":\"Ao Vivo 11 jogos: para voc\u00ea ficar ligado na TV e Youtube neste fim de semana - PR\u00d3SPERI NEWS\",\"isPartOf\":{\"@id\":\"https:\\\/\\\/blogdoprosperi.com\\\/#website\"},\"primaryImageOfPage\":{\"@id\":\"https:\\\/\\\/blogdoprosperi.com\\\/?p=61848#primaryimage\"},\"image\":{\"@id\":\"https:\\\/\\\/blogdoprosperi.com\\\/?p=61848#primaryimage\"},\"thumbnailUrl\":\"https:\\\/\\\/i0.wp.com\\\/blogdoprosperi.com\\\/wp-content\\\/uploads\\\/2026\\\/08\\\/Captura-de-Tela-2026-08-07-as-19.23.28.png?fit=1366%2C896&ssl=1\",\"datePublished\":\"2026-08-07T22:29:27+00:00\",\"dateModified\":\"2026-08-08T13:53:29+00:00\",\"breadcrumb\":{\"@id\":\"https:\\\/\\\/blogdoprosperi.com\\\/?p=61848#breadcrumb\"},\"inLanguage\":\"pt-BR\",\"potentialAction\":[{\"@type\":\"ReadAction\",\"target\":[\"https:\\\/\\\/blogdoprosperi.com\\\/?p=61848\"]}]},{\"@type\":\"ImageObject\",\"inLanguage\":\"pt-BR\",\"@id\":\"https:\\\/\\\/blogdoprosperi.com\\\/?p=61848#primaryimage\",\"url\":\"https:\\\/\\\/i0.wp.com\\\/blogdoprosperi.com\\\/wp-content\\\/uploads\\\/2026\\\/08\\\/Captura-de-Tela-2026-08-07-as-19.23.28.png?fit=1366%2C896&ssl=1\",\"contentUrl\":\"https:\\\/\\\/i0.wp.com\\\/blogdoprosperi.com\\\/wp-content\\\/uploads\\\/2026\\\/08\\\/Captura-de-Tela-2026-08-07-as-19.23.28.png?fit=1366%2C896&ssl=1\",\"width\":1366,\"height\":896,\"caption\":\"Heittor do Palmeiras no ataque da Sub-20 do Brasil \u2013 foto: CBF oficial\"},{\"@type\":\"BreadcrumbList\",\"@id\":\"https:\\\/\\\/blogdoprosperi.com\\\/?p=61848#breadcrumb\",\"itemListElement\":[{\"@type\":\"ListItem\",\"position\":1,\"name\":\"In\u00edcio\",\"item\":\"https:\\\/\\\/blogdoprosperi.com\\\/\"},{\"@type\":\"ListItem\",\"position\":2,\"name\":\"Ao Vivo 11 jogos: para voc\u00ea ficar ligado na TV e Youtube neste fim de semana\"}]},{\"@type\":\"WebSite\",\"@id\":\"https:\\\/\\\/blogdoprosperi.com\\\/#website\",\"url\":\"https:\\\/\\\/blogdoprosperi.com\\\/\",\"name\":\"PR\u00d3SPERI NEWS\",\"description\":\"TUDO \u00c9  FUTEBOL\",\"publisher\":{\"@id\":\"https:\\\/\\\/blogdoprosperi.com\\\/#\\\/schema\\\/person\\\/38100755ce3601861ee4fab9b5aa78e9\"},\"alternateName\":\"blogdoprosperi.com\",\"potentialAction\":[{\"@type\":\"SearchAction\",\"target\":{\"@type\":\"EntryPoint\",\"urlTemplate\":\"https:\\\/\\\/blogdoprosperi.com\\\/?s={search_term_string}\"},\"query-input\":{\"@type\":\"PropertyValueSpecification\",\"valueRequired\":true,\"valueName\":\"search_term_string\"}}],\"inLanguage\":\"pt-BR\"},{\"@type\":[\"Person\",\"Organization\"],\"@id\":\"https:\\\/\\\/blogdoprosperi.com\\\/#\\\/schema\\\/person\\\/38100755ce3601861ee4fab9b5aa78e9\",\"name\":\"Luiz Ant\u00f4nio Pr\u00f3speri\",\"pronouns\":\"ele\",\"image\":{\"@type\":\"ImageObject\",\"inLanguage\":\"pt-BR\",\"@id\":\"https:\\\/\\\/i0.wp.com\\\/blogdoprosperi.com\\\/wp-content\\\/uploads\\\/2026\\\/05\\\/cropped-8059e613-6002-42fa-961e-8e275f575d71-2-5.jpg?fit=1360%2C931&ssl=1\",\"url\":\"https:\\\/\\\/i0.wp.com\\\/blogdoprosperi.com\\\/wp-content\\\/uploads\\\/2026\\\/05\\\/cropped-8059e613-6002-42fa-961e-8e275f575d71-2-5.jpg?fit=1360%2C931&ssl=1\",\"contentUrl\":\"https:\\\/\\\/i0.wp.com\\\/blogdoprosperi.com\\\/wp-content\\\/uploads\\\/2026\\\/05\\\/cropped-8059e613-6002-42fa-961e-8e275f575d71-2-5.jpg?fit=1360%2C931&ssl=1\",\"width\":1360,\"height\":931,\"caption\":\"Luiz Ant\u00f4nio Pr\u00f3speri\"},\"logo\":{\"@id\":\"https:\\\/\\\/i0.wp.com\\\/blogdoprosperi.com\\\/wp-content\\\/uploads\\\/2026\\\/05\\\/cropped-8059e613-6002-42fa-961e-8e275f575d71-2-5.jpg?fit=1360%2C931&ssl=1\"},\"description\":\"Jornalista com carreira dedicada ao esporte. Cobriu 9 Copas do Mundo in loco, 1990 na It\u00e1lia, 1994 nos EUA, 1998 na Fran\u00e7a, 2002 na Coreia do Sul e Jap\u00e3o, 2006 na Alemanha, 2010 na \u00c1frica do Sul, 2014 no Brasil, 2018 na R\u00fassia e 2022 no Qatar. Eurocopas, 1992 na Su\u00e9cia e 1996 na Inglaterra. Copa das Confedera\u00e7\u00f5es de 2005 na Alemanha e 2009 na \u00c1frica do Sul. Rep\u00f3rter e Editor, trabalhou no Jornal da Tarde e Estad\u00e3o, de 1984 a fevereiro de 2016. Colunista, blogueiro. E comentarista de futebol na R\u00e1dio Estad\u00e3o, de 2013 a fevereiro de 2016. Jornalista respons\u00e1vel do \\\"Pr\u00f3speri News\\\" (blogdoprosperi.com).\",\"sameAs\":[\"http:\\\/\\\/blogdoprosperi.com\",\"Luiz Pr\u00f3speri\",\"@luiz_prosperi\",\"https:\\\/\\\/x.com\\\/Luizprosperi\",\"@prosperinacopa\",\"luiz.prosperi@icloud.com\"],\"url\":\"https:\\\/\\\/blogdoprosperi.com\\\/?author=102107496\"}]}<\/script>\n<!-- \/ Yoast SEO plugin. -->","yoast_head_json":{"title":"Ao Vivo 11 jogos: para voc\u00ea ficar ligado na TV e Youtube neste fim de semana - PR\u00d3SPERI NEWS","robots":{"index":"index","follow":"follow","max-snippet":"max-snippet:-1","max-image-preview":"max-image-preview:large","max-video-preview":"max-video-preview:-1"},"canonical":"https:\/\/blogdoprosperi.com\/?p=61848","og_locale":"pt_BR","og_type":"article","og_title":"Ao Vivo 11 jogos: para voc\u00ea ficar ligado na TV e Youtube neste fim de semana - PR\u00d3SPERI NEWS","og_description":"Fim de Semana \u2013 8 e 9 agosto 2026 Futebol neste fim de semana (08 e 09\/8) tem [&hellip;]","og_url":"https:\/\/blogdoprosperi.com\/?p=61848","og_site_name":"PR\u00d3SPERI NEWS","article_publisher":"Luiz Pr\u00f3speri","article_author":"Luiz Pr\u00f3speri","article_published_time":"2026-08-07T22:29:27+00:00","article_modified_time":"2026-08-08T13:53:29+00:00","og_image":[{"width":1366,"height":896,"url":"https:\/\/i0.wp.com\/blogdoprosperi.com\/wp-content\/uploads\/2026\/08\/Captura-de-Tela-2026-08-07-as-19.23.28.png?fit=1366%2C896&ssl=1","type":"image\/png"}],"author":"Luiz Ant\u00f4nio Pr\u00f3speri","twitter_card":"summary_large_image","twitter_creator":"@Luizprosperi","twitter_site":"@Luizprosperi","twitter_misc":{"Escrito por":"Luiz Ant\u00f4nio Pr\u00f3speri","Est. tempo de leitura":"1 minuto"},"schema":{"@context":"https:\/\/schema.org","@graph":[{"@type":"Article","@id":"https:\/\/blogdoprosperi.com\/?p=61848#article","isPartOf":{"@id":"https:\/\/blogdoprosperi.com\/?p=61848"},"author":{"name":"Luiz Ant\u00f4nio Pr\u00f3speri","@id":"https:\/\/blogdoprosperi.com\/#\/schema\/person\/38100755ce3601861ee4fab9b5aa78e9"},"headline":"Ao Vivo 11 jogos: para voc\u00ea ficar ligado na TV e Youtube neste fim de semana","datePublished":"2026-08-07T22:29:27+00:00","dateModified":"2026-08-08T13:53:29+00:00","mainEntityOfPage":{"@id":"https:\/\/blogdoprosperi.com\/?p=61848"},"wordCount":213,"commentCount":0,"publisher":{"@id":"https:\/\/blogdoprosperi.com\/#\/schema\/person\/38100755ce3601861ee4fab9b5aa78e9"},"image":{"@id":"https:\/\/blogdoprosperi.com\/?p=61848#primaryimage"},"thumbnailUrl":"https:\/\/i0.wp.com\/blogdoprosperi.com\/wp-content\/uploads\/2026\/08\/Captura-de-Tela-2026-08-07-as-19.23.28.png?fit=1366%2C896&ssl=1","keywords":["brasileir\u00e3o2026","brasilxbol\u00edvia","rodada22","sele\u00e7\u00e3o brasileira sub-20"],"articleSection":["brasileir\u00e3o 2026","futebol"],"inLanguage":"pt-BR","potentialAction":[{"@type":"CommentAction","name":"Comment","target":["https:\/\/blogdoprosperi.com\/?p=61848#respond"]}]},{"@type":"WebPage","@id":"https:\/\/blogdoprosperi.com\/?p=61848","url":"https:\/\/blogdoprosperi.com\/?p=61848","name":"Ao Vivo 11 jogos: para voc\u00ea ficar ligado na TV e Youtube neste fim de semana - PR\u00d3SPERI NEWS","isPartOf":{"@id":"https:\/\/blogdoprosperi.com\/#website"},"primaryImageOfPage":{"@id":"https:\/\/blogdoprosperi.com\/?p=61848#primaryimage"},"image":{"@id":"https:\/\/blogdoprosperi.com\/?p=61848#primaryimage"},"thumbnailUrl":"https:\/\/i0.wp.com\/blogdoprosperi.com\/wp-content\/uploads\/2026\/08\/Captura-de-Tela-2026-08-07-as-19.23.28.png?fit=1366%2C896&ssl=1","datePublished":"2026-08-07T22:29:27+00:00","dateModified":"2026-08-08T13:53:29+00:00","breadcrumb":{"@id":"https:\/\/blogdoprosperi.com\/?p=61848#breadcrumb"},"inLanguage":"pt-BR","potentialAction":[{"@type":"ReadAction","target":["https:\/\/blogdoprosperi.com\/?p=61848"]}]},{"@type":"ImageObject","inLanguage":"pt-BR","@id":"https:\/\/blogdoprosperi.com\/?p=61848#primaryimage","url":"https:\/\/i0.wp.com\/blogdoprosperi.com\/wp-content\/uploads\/2026\/08\/Captura-de-Tela-2026-08-07-as-19.23.28.png?fit=1366%2C896&ssl=1","contentUrl":"https:\/\/i0.wp.com\/blogdoprosperi.com\/wp-content\/uploads\/2026\/08\/Captura-de-Tela-2026-08-07-as-19.23.28.png?fit=1366%2C896&ssl=1","width":1366,"height":896,"caption":"Heittor do Palmeiras no ataque da Sub-20 do Brasil \u2013 foto: CBF oficial"},{"@type":"BreadcrumbList","@id":"https:\/\/blogdoprosperi.com\/?p=61848#breadcrumb","itemListElement":[{"@type":"ListItem","position":1,"name":"In\u00edcio","item":"https:\/\/blogdoprosperi.com\/"},{"@type":"ListItem","position":2,"name":"Ao Vivo 11 jogos: para voc\u00ea ficar ligado na TV e Youtube neste fim de semana"}]},{"@type":"WebSite","@id":"https:\/\/blogdoprosperi.com\/#website","url":"https:\/\/blogdoprosperi.com\/","name":"PR\u00d3SPERI NEWS","description":"TUDO \u00c9  FUTEBOL","publisher":{"@id":"https:\/\/blogdoprosperi.com\/#\/schema\/person\/38100755ce3601861ee4fab9b5aa78e9"},"alternateName":"blogdoprosperi.com","potentialAction":[{"@type":"SearchAction","target":{"@type":"EntryPoint","urlTemplate":"https:\/\/blogdoprosperi.com\/?s={search_term_string}"},"query-input":{"@type":"PropertyValueSpecification","valueRequired":true,"valueName":"search_term_string"}}],"inLanguage":"pt-BR"},{"@type":["Person","Organization"],"@id":"https:\/\/blogdoprosperi.com\/#\/schema\/person\/38100755ce3601861ee4fab9b5aa78e9","name":"Luiz Ant\u00f4nio Pr\u00f3speri","pronouns":"ele","image":{"@type":"ImageObject","inLanguage":"pt-BR","@id":"https:\/\/i0.wp.com\/blogdoprosperi.com\/wp-content\/uploads\/2026\/05\/cropped-8059e613-6002-42fa-961e-8e275f575d71-2-5.jpg?fit=1360%2C931&ssl=1","url":"https:\/\/i0.wp.com\/blogdoprosperi.com\/wp-content\/uploads\/2026\/05\/cropped-8059e613-6002-42fa-961e-8e275f575d71-2-5.jpg?fit=1360%2C931&ssl=1","contentUrl":"https:\/\/i0.wp.com\/blogdoprosperi.com\/wp-content\/uploads\/2026\/05\/cropped-8059e613-6002-42fa-961e-8e275f575d71-2-5.jpg?fit=1360%2C931&ssl=1","width":1360,"height":931,"caption":"Luiz Ant\u00f4nio Pr\u00f3speri"},"logo":{"@id":"https:\/\/i0.wp.com\/blogdoprosperi.com\/wp-content\/uploads\/2026\/05\/cropped-8059e613-6002-42fa-961e-8e275f575d71-2-5.jpg?fit=1360%2C931&ssl=1"},"description":"Jornalista com carreira dedicada ao esporte. Cobriu 9 Copas do Mundo in loco, 1990 na It\u00e1lia, 1994 nos EUA, 1998 na Fran\u00e7a, 2002 na Coreia do Sul e Jap\u00e3o, 2006 na Alemanha, 2010 na \u00c1frica do Sul, 2014 no Brasil, 2018 na R\u00fassia e 2022 no Qatar. Eurocopas, 1992 na Su\u00e9cia e 1996 na Inglaterra. Copa das Confedera\u00e7\u00f5es de 2005 na Alemanha e 2009 na \u00c1frica do Sul. Rep\u00f3rter e Editor, trabalhou no Jornal da Tarde e Estad\u00e3o, de 1984 a fevereiro de 2016. Colunista, blogueiro. E comentarista de futebol na R\u00e1dio Estad\u00e3o, de 2013 a fevereiro de 2016. Jornalista respons\u00e1vel do \"Pr\u00f3speri News\" (blogdoprosperi.com).","sameAs":["http:\/\/blogdoprosperi.com","Luiz Pr\u00f3speri","@luiz_prosperi","https:\/\/x.com\/Luizprosperi","@prosperinacopa","luiz.prosperi@icloud.com"],"url":"https:\/\/blogdoprosperi.com\/?author=102107496"}]}},"jetpack_publicize_connections":[],"jetpack_likes_enabled":false,"jetpack_sharing_enabled":true,"jetpack_shortlink":"https:\/\/wp.me\/p7jvdk-g5y","jetpack-related-posts":[{"id":53130,"url":"https:\/\/blogdoprosperi.com\/?p=53130","url_meta":{"origin":61848,"position":0},"title":"Brasileir\u00e3o | Onde Assistir e Hor\u00e1rios do Jogos de S\u00e1bado (12\/7) e Domingo (13\/7) + Palpites da 13.\u00aa Rodada","author":"Luiz Ant\u00f4nio Pr\u00f3speri","date":"12 de julho de 2025","format":false,"excerpt":"Onde assistir e hor\u00e1rios dos jogos da 13.\u00aa rodada do Brasileir\u00e3o, s\u00e1bado (12\/7) e domingo (13\/7), \u00a0na retomada do campeonato nacional. Confira o PALPITANTE do fim de semana. Na TV - S\u00c1BADO \u2013 12\/7 16h30 \u2013 Flamengo x S\u00e3o Paulo \u2013 Globo e Premiere 16h30 \u2013 Internacional x Vit\u00f3ria \u2013\u2026","rel":"","context":"Em &quot;brasileir\u00e3o 2025&quot;","block_context":{"text":"brasileir\u00e3o 2025","link":"https:\/\/blogdoprosperi.com\/?cat=775970846"},"img":{"alt_text":"Flamengo lidera Brasileir\u00e3o que entra no segundo turno","src":"https:\/\/i0.wp.com\/blogdoprosperi.com\/wp-content\/uploads\/2025\/06\/filipe-luis-flamengo-lafc-mundial-aspect-ratio-512-320.webp?fit=950%2C593&ssl=1&resize=350%2C200","width":350,"height":200,"srcset":"https:\/\/i0.wp.com\/blogdoprosperi.com\/wp-content\/uploads\/2025\/06\/filipe-luis-flamengo-lafc-mundial-aspect-ratio-512-320.webp?fit=950%2C593&ssl=1&resize=350%2C200 1x, https:\/\/i0.wp.com\/blogdoprosperi.com\/wp-content\/uploads\/2025\/06\/filipe-luis-flamengo-lafc-mundial-aspect-ratio-512-320.webp?fit=950%2C593&ssl=1&resize=525%2C300 1.5x, https:\/\/i0.wp.com\/blogdoprosperi.com\/wp-content\/uploads\/2025\/06\/filipe-luis-flamengo-lafc-mundial-aspect-ratio-512-320.webp?fit=950%2C593&ssl=1&resize=700%2C400 2x"},"classes":[]},{"id":47827,"url":"https:\/\/blogdoprosperi.com\/?p=47827","url_meta":{"origin":61848,"position":1},"title":"Como os Direitos de Transmiss\u00e3o Afetar\u00e3o os Clubes no Brasileir\u00e3o 2025","author":"Luiz Ant\u00f4nio Pr\u00f3speri","date":"4 de fevereiro de 2025","format":false,"excerpt":"Luiz Ant\u00f4nio Pr\u00f3speri \u2013 4 fevereiro (19h29) \u2013 Brasileir\u00e3o 2025 vai render R$ 2,8 bilh\u00f5es aos 20 clubes da S\u00e9rie A com a venda dos direitos de transmiss\u00e3o do campeonato. Nos bastidores das negocia\u00e7\u00f5es, se estima que os clubes poderiam faturar bem mais. Era quest\u00e3o de se unirem e oferecer\u2026","rel":"","context":"Em &quot;futebol&quot;","block_context":{"text":"futebol","link":"https:\/\/blogdoprosperi.com\/?cat=53870"},"img":{"alt_text":"Clubes vendem Brasileir\u00e3o 2025 por R$ 2,8 bi","src":"https:\/\/i0.wp.com\/blogdoprosperi.com\/wp-content\/uploads\/2024\/09\/brasileirao-2024-1-1.webp?fit=930%2C480&ssl=1&resize=350%2C200","width":350,"height":200,"srcset":"https:\/\/i0.wp.com\/blogdoprosperi.com\/wp-content\/uploads\/2024\/09\/brasileirao-2024-1-1.webp?fit=930%2C480&ssl=1&resize=350%2C200 1x, https:\/\/i0.wp.com\/blogdoprosperi.com\/wp-content\/uploads\/2024\/09\/brasileirao-2024-1-1.webp?fit=930%2C480&ssl=1&resize=525%2C300 1.5x, https:\/\/i0.wp.com\/blogdoprosperi.com\/wp-content\/uploads\/2024\/09\/brasileirao-2024-1-1.webp?fit=930%2C480&ssl=1&resize=700%2C400 2x"},"classes":[]},{"id":6688,"url":"https:\/\/blogdoprosperi.com\/?p=6688","url_meta":{"origin":61848,"position":2},"title":"Cinco an\u00e1lises de futebol para voc\u00ea ler neste s\u00e1bado (21\/5) ao despertar","author":"Luiz Ant\u00f4nio Pr\u00f3speri","date":"21 de maio de 2016","format":false,"excerpt":"Fim de semana com destaque para a segunda rodada do Brasileir\u00e3o e algumas novidades. Tite decide barrar C\u00e1ssio e d\u00e1 nova chance a Walter. Depois da boa estreia contra o Atl\u00e9tico-PR, Palmeiras joga neste s\u00e1bado contra a Ponte Preta. No S\u00e3o Paulo, Bauza desdenha seus rivais do futebol paulista, ap\u00f3s\u2026","rel":"","context":"Em &quot;Champions League&quot;","block_context":{"text":"Champions League","link":"https:\/\/blogdoprosperi.com\/?cat=9107"},"img":{"alt_text":"Dudu sai do Palmeiras","src":"https:\/\/i0.wp.com\/blogdoprosperi.com\/wp-content\/uploads\/2016\/05\/dudu.jpg?resize=350%2C200&ssl=1","width":350,"height":200,"srcset":"https:\/\/i0.wp.com\/blogdoprosperi.com\/wp-content\/uploads\/2016\/05\/dudu.jpg?resize=350%2C200&ssl=1 1x, https:\/\/i0.wp.com\/blogdoprosperi.com\/wp-content\/uploads\/2016\/05\/dudu.jpg?resize=525%2C300&ssl=1 1.5x, https:\/\/i0.wp.com\/blogdoprosperi.com\/wp-content\/uploads\/2016\/05\/dudu.jpg?resize=700%2C400&ssl=1 2x"},"classes":[]},{"id":49362,"url":"https:\/\/blogdoprosperi.com\/?p=49362","url_meta":{"origin":61848,"position":3},"title":"Onde Assistir Jogos da Primeira Rodada do Brasileir\u00e3o 2025","author":"Luiz Ant\u00f4nio Pr\u00f3speri","date":"29 de mar\u00e7o de 2025","format":false,"excerpt":"\u00a0 S\u00c1BADO \u2013 29 mar\u00e7o 18h30 \u2013 Cruzeiro x Mirassol \u2013 Prime Video 18h30 \u2013 Gr\u00eamio x Atl\u00e9tico-MG \u2013 Premiere 18h30 \u2013 Fortaleza x Fluminense \u2013 Premiere 18h30 \u2013 Juventude x Vit\u00f3ria \u2013 Premiere 18h30 \u2013 S\u00e3o Paulo x Sport \u2013 Sportv e Premiere 21h \u2013 Flamengo x Internacional \u2013\u2026","rel":"","context":"Em &quot;brasileir\u00e3o 2025&quot;","block_context":{"text":"brasileir\u00e3o 2025","link":"https:\/\/blogdoprosperi.com\/?cat=775970846"},"img":{"alt_text":"","src":"https:\/\/i0.wp.com\/blogdoprosperi.com\/wp-content\/uploads\/2025\/03\/1_logo_braisleirao_jpeg-34104076.png?fit=1200%2C750&ssl=1&resize=350%2C200","width":350,"height":200,"srcset":"https:\/\/i0.wp.com\/blogdoprosperi.com\/wp-content\/uploads\/2025\/03\/1_logo_braisleirao_jpeg-34104076.png?fit=1200%2C750&ssl=1&resize=350%2C200 1x, https:\/\/i0.wp.com\/blogdoprosperi.com\/wp-content\/uploads\/2025\/03\/1_logo_braisleirao_jpeg-34104076.png?fit=1200%2C750&ssl=1&resize=525%2C300 1.5x, https:\/\/i0.wp.com\/blogdoprosperi.com\/wp-content\/uploads\/2025\/03\/1_logo_braisleirao_jpeg-34104076.png?fit=1200%2C750&ssl=1&resize=700%2C400 2x, https:\/\/i0.wp.com\/blogdoprosperi.com\/wp-content\/uploads\/2025\/03\/1_logo_braisleirao_jpeg-34104076.png?fit=1200%2C750&ssl=1&resize=1050%2C600 3x"},"classes":[]},{"id":22443,"url":"https:\/\/blogdoprosperi.com\/?p=22443","url_meta":{"origin":61848,"position":4},"title":"Veja an\u00e1lise dos 23 jogadores da primeira convoca\u00e7\u00e3o de Tite","author":"Luiz Ant\u00f4nio Pr\u00f3speri","date":"22 de agosto de 2016","format":false,"excerpt":"Tite surpreendeu em pelo menos tr\u00eas nomes na sua primeira convoca\u00e7\u00e3o da Sele\u00e7\u00e3o Brasileira. Os mais destacados foram Taison, atacante do Shakhtar Donestk (Ucr\u00e2nia), o meia Giuliano, ex-Gr\u00eamio e hoje no Zenit (R\u00fassia), e Paulinho, ex-Corinthians e h\u00e1 oito meses no Guangzhou (China). O treinador recorreu ainda \u00e0 base dos\u2026","rel":"","context":"Em &quot;futebol&quot;","block_context":{"text":"futebol","link":"https:\/\/blogdoprosperi.com\/?cat=53870"},"img":{"alt_text":"","src":"https:\/\/i0.wp.com\/blogdoprosperi.com\/wp-content\/uploads\/2016\/08\/pro-16.jpg?resize=350%2C200","width":350,"height":200,"srcset":"https:\/\/i0.wp.com\/blogdoprosperi.com\/wp-content\/uploads\/2016\/08\/pro-16.jpg?resize=350%2C200 1x, https:\/\/i0.wp.com\/blogdoprosperi.com\/wp-content\/uploads\/2016\/08\/pro-16.jpg?resize=525%2C300 1.5x, https:\/\/i0.wp.com\/blogdoprosperi.com\/wp-content\/uploads\/2016\/08\/pro-16.jpg?resize=700%2C400 2x, https:\/\/i0.wp.com\/blogdoprosperi.com\/wp-content\/uploads\/2016\/08\/pro-16.jpg?resize=1050%2C600 3x, https:\/\/i0.wp.com\/blogdoprosperi.com\/wp-content\/uploads\/2016\/08\/pro-16.jpg?resize=1400%2C800 4x"},"classes":[]},{"id":7713,"url":"https:\/\/blogdoprosperi.com\/?p=7713","url_meta":{"origin":61848,"position":5},"title":"Em quatro rodadas, treinadores ainda n\u00e3o ca\u00edram neste Brasileir\u00e3o","author":"Luiz Ant\u00f4nio Pr\u00f3speri","date":"31 de maio de 2016","format":false,"excerpt":"Incr\u00edvel, chegamos na quinta rodada do Campeonato Brasileiro 2016 sem nenhuma demiss\u00e3o de treinadores. Quadro at\u00edpico se compararmos ao que aconteceu no Brasileir\u00e3o 2015. Naquela temporada, registramos mais de uma queda por rodada nas cinco primeiras. Fechamos na 38.\u00aa com 32 trocas de t\u00e9cnicos envolvendo 19 dos 20 clubes participantes\u2026","rel":"","context":"Em &quot;Campeonato Brasileiro&quot;","block_context":{"text":"Campeonato Brasileiro","link":"https:\/\/blogdoprosperi.com\/?cat=355071"},"img":{"alt_text":"","src":"https:\/\/i0.wp.com\/blogdoprosperi.com\/wp-content\/uploads\/2016\/05\/felipao-scolari-gremio-get.jpg?resize=350%2C200&ssl=1","width":350,"height":200,"srcset":"https:\/\/i0.wp.com\/blogdoprosperi.com\/wp-content\/uploads\/2016\/05\/felipao-scolari-gremio-get.jpg?resize=350%2C200&ssl=1 1x, https:\/\/i0.wp.com\/blogdoprosperi.com\/wp-content\/uploads\/2016\/05\/felipao-scolari-gremio-get.jpg?resize=525%2C300&ssl=1 1.5x, https:\/\/i0.wp.com\/blogdoprosperi.com\/wp-content\/uploads\/2016\/05\/felipao-scolari-gremio-get.jpg?resize=700%2C400&ssl=1 2x, https:\/\/i0.wp.com\/blogdoprosperi.com\/wp-content\/uploads\/2016\/05\/felipao-scolari-gremio-get.jpg?resize=1050%2C600&ssl=1 3x, https:\/\/i0.wp.com\/blogdoprosperi.com\/wp-content\/uploads\/2016\/05\/felipao-scolari-gremio-get.jpg?resize=1400%2C800&ssl=1 4x"},"classes":[]}],"jetpack_featured_media_url":"https:\/\/i0.wp.com\/blogdoprosperi.com\/wp-content\/uploads\/2026\/08\/Captura-de-Tela-2026-08-07-as-19.23.28.png?fit=1366%2C896&ssl=1","_links":{"self":[{"href":"https:\/\/blogdoprosperi.com\/index.php?rest_route=\/wp\/v2\/posts\/61848","targetHints":{"allow":["GET"]}}],"collection":[{"href":"https:\/\/blogdoprosperi.com\/index.php?rest_route=\/wp\/v2\/posts"}],"about":[{"href":"https:\/\/blogdoprosperi.com\/index.php?rest_route=\/wp\/v2\/types\/post"}],"author":[{"embeddable":true,"href":"https:\/\/blogdoprosperi.com\/index.php?rest_route=\/wp\/v2\/users\/102107496"}],"replies":[{"embeddable":true,"href":"https:\/\/blogdoprosperi.com\/index.php?rest_route=%2Fwp%2Fv2%2Fcomments&post=61848"}],"version-history":[{"count":6,"href":"https:\/\/blogdoprosperi.com\/index.php?rest_route=\/wp\/v2\/posts\/61848\/revisions"}],"predecessor-version":[{"id":61863,"href":"https:\/\/blogdoprosperi.com\/index.php?rest_route=\/wp\/v2\/posts\/61848\/revisions\/61863"}],"wp:featuredmedia":[{"embeddable":true,"href":"https:\/\/blogdoprosperi.com\/index.php?rest_route=\/wp\/v2\/media\/61852"}],"wp:attachment":[{"href":"https:\/\/blogdoprosperi.com\/index.php?rest_route=%2Fwp%2Fv2%2Fmedia&parent=61848"}],"wp:term":[{"taxonomy":"category","embeddable":true,"href":"https:\/\/blogdoprosperi.com\/index.php?rest_route=%2Fwp%2Fv2%2Fcategories&post=61848"},{"taxonomy":"post_tag","embeddable":true,"href":"https:\/\/blogdoprosperi.com\/index.php?rest_route=%2Fwp%2Fv2%2Ftags&post=61848"}],"curies":[{"name":"wp","href":"https:\/\/api.w.org\/{rel}","templated":true}]}}