{"id":61921,"date":"2026-08-10T11:34:40","date_gmt":"2026-08-10T14:34:40","guid":{"rendered":"https:\/\/blogdoprosperi.com\/?p=61921"},"modified":"2026-08-10T11:38:26","modified_gmt":"2026-08-10T14:38:26","slug":"jogo-de-cartas-fifa-parte-1-o-presidente-da-fifa-foi-eleito-democraticamente-e-continua-a-exercer-seu-mandato","status":"publish","type":"post","link":"https:\/\/blogdoprosperi.com\/?p=61921","title":{"rendered":"Jogo de Cartas Fifa (1): &#8220;O presidente da Fifa foi eleito democraticamente e continua a exercer seu mandato&#8221;."},"content":{"rendered":"<p>Comunicado da Fifa, publicado em seu site oficial dia 8 de agosto (s\u00e1bado), diz que a entidade n\u00e3o vai tolerar qualquer processo que coloque em d\u00favida \u00e0 elei\u00e7\u00e3o do presidente da Fifa. &#8220;<span dir=\"auto\">O presidente da FIFA foi eleito democraticamente pelas Associa\u00e7\u00f5es Membro da FIFA e continua a exercer o seu mandato&#8221;, atesta o comunicado diante da press\u00e3o das confedera\u00e7\u00f5es da Europa, \u00c1sia e Am\u00e9ricas Central, Norte e Caribe pela ren\u00fancia de Infantino. O presidente tem apoio da Conmebol (Am\u00e9rica do Sul) e CAF (\u00c1frica)<\/span><\/p>\n<p><em><strong>Acompanhe Carta Oficial da Fifa contra opositores a Gianni Infantino:<\/strong><\/em><\/p>\n<p><em><span dir=\"auto\">Em conson\u00e2ncia com as recentes declara\u00e7\u00f5es da CONMEBOL e da CAF, bem como com as discuss\u00f5es com as Associa\u00e7\u00f5es Membro e Confedera\u00e7\u00f5es da FIFA de todo o mundo, a FIFA n\u00e3o apoiar\u00e1, facilitar\u00e1 ou tolerar\u00e1 qualquer processo relativo \u00e0 elei\u00e7\u00e3o do Presidente da FIFA que seja incompat\u00edvel com os Estatutos da FIFA, os procedimentos democr\u00e1ticos e a estrutura de governan\u00e7a estabelecida. <strong>O Presidente da FIFA foi eleito democraticamente pelas Associa\u00e7\u00f5es Membro da FIFA e continua a exercer o seu mandato. <\/strong><\/span><\/em><\/p>\n<p><em><span dir=\"auto\"> Est\u00e1 cada vez mais evidente que existe um esfor\u00e7o concertado e cont\u00ednuo por parte de alguns para minar a FIFA e o seu Presidente. <\/span><\/em><\/p>\n<p><em><span dir=\"auto\">Aqueles que n\u00e3o contam com o apoio das Associa\u00e7\u00f5es Membro da FIFA n\u00e3o devem tentar alcan\u00e7ar, atrav\u00e9s de alega\u00e7\u00f5es, insinua\u00e7\u00f5es ou desinforma\u00e7\u00e3o, aquilo que n\u00e3o conseguem alcan\u00e7ar atrav\u00e9s dos processos democr\u00e1ticos estabelecidos pela FIFA. <\/span><\/em><\/p>\n<p><em><span dir=\"auto\"><strong> Reportagens recentes inclu\u00edram afirma\u00e7\u00f5es sem fundamento e alega\u00e7\u00f5es comprovadamente falsas a respeito da FIFA e de seu presidente<\/strong>. Especula\u00e7\u00f5es e insinua\u00e7\u00f5es n\u00e3o devem ser apresentadas como fatos, e a repeti\u00e7\u00e3o n\u00e3o torna uma alega\u00e7\u00e3o verdadeira. <\/span><\/em><\/p>\n<p><em><span dir=\"auto\"> O Presidente da FIFA dedicou mais de 30 anos de sua vida profissional ao futebol europeu e mundial, contribuindo para mudan\u00e7as significativas no esporte e, em particular, para ampliar o acesso, os recursos e as oportunidades no futebol mundial. <strong>A mudan\u00e7a inevitavelmente desafia interesses estabelecidos, mas discordar dessa mudan\u00e7a n\u00e3o justifica esfor\u00e7os para minar o mandato democr\u00e1tico do Presidente da FIFA ou da institui\u00e7\u00e3o que ele foi eleito para liderar. <\/strong><\/span><\/em><\/p>\n<p><em><span dir=\"auto\"> A FIFA acolhe com satisfa\u00e7\u00e3o o escrut\u00ednio leg\u00edtimo. No entanto, o escrut\u00ednio n\u00e3o \u00e9 uma licen\u00e7a para distorcer os factos, amplificar alega\u00e7\u00f5es sem fundamento ou criar distra\u00e7\u00f5es destinadas a minar o progresso. <strong>Quando as not\u00edcias forem imprecisas ou enganosas, a FIFA ir\u00e1 contest\u00e1-las direta e vigorosamente. <\/strong><\/span><\/em><\/p>\n<p><em><span dir=\"auto\"> A responsabilidade da FIFA \u00e9 para com suas 211 Associa\u00e7\u00f5es Membro e para com o futebol em todo o mundo. <strong>N\u00e3o nos deixaremos distrair ou desviar de nosso objetivo de fortalecer a organiza\u00e7\u00e3o, atender \u00e0s necessidades de nossas Associa\u00e7\u00f5es Membro e continuar o trabalho de tornar o futebol verdadeiramente global.<\/strong> Por meio do Presidente da FIFA e da administra\u00e7\u00e3o da FIFA, nosso foco permanece firmemente nessa miss\u00e3o, e estamos mais determinados do que nunca a cumpri-la.<\/span><\/em><\/p>\n<p><em>Fifa, 8 agosto 2026<\/em><\/p>\n","protected":false},"excerpt":{"rendered":"<p>Comunicado da Fifa, publicado em seu site oficial dia 8 de agosto (s\u00e1bado), diz que a entidade n\u00e3o [&hellip;]<\/p>\n","protected":false},"author":102107496,"featured_media":61927,"comment_status":"open","ping_status":"open","sticky":false,"template":"","format":"standard","meta":{"_coblocks_attr":"","_coblocks_dimensions":"","_coblocks_responsive_height":"","_coblocks_accordion_ie_support":"","_jetpack_newsletter_access":"","_jetpack_dont_email_post_to_subs":false,"_jetpack_newsletter_tier_id":0,"_jetpack_memberships_contains_paywalled_content":false,"_wpcom_ai_launchpad_first_post":false,"_jetpack_feature_clip_id":0,"_jetpack_memberships_contains_paid_content":false,"footnotes":"","jetpack_publicize_message":"","jetpack_publicize_feature_enabled":true,"jetpack_social_post_already_shared":true,"jetpack_social_options":{"image_generator_settings":{"template":"highway","default_image_id":0,"font":"","enabled":false},"version":2},"jetpack_post_was_ever_published":false},"categories":[187969,53870],"tags":[789560816,789560817,535722,789560563,25420168,789560818],"class_list":["post-61921","post","type-post","status-publish","format-standard","has-post-thumbnail","hentry","category-fifa","category-futebol","tag-caf","tag-carta-fifa","tag-conmebol","tag-fifa","tag-gianni-infantino","tag-renuncia-infantino"],"yoast_head":"<!-- This site is optimized with the Yoast SEO plugin v28.3 - https:\/\/yoast.com\/product\/yoast-seo-wordpress\/ -->\n<title>Jogo de Cartas Fifa (1): &quot;O presidente da Fifa foi eleito democraticamente e continua a exercer seu mandato&quot;. - PR\u00d3SPERI NEWS<\/title>\n<meta name=\"robots\" content=\"index, follow, max-snippet:-1, max-image-preview:large, max-video-preview:-1\" \/>\n<link rel=\"canonical\" href=\"https:\/\/blogdoprosperi.com\/?p=61921\" \/>\n<meta property=\"og:locale\" content=\"pt_BR\" \/>\n<meta property=\"og:type\" content=\"article\" \/>\n<meta property=\"og:title\" content=\"Jogo de Cartas Fifa (1): &quot;O presidente da Fifa foi eleito democraticamente e continua a exercer seu mandato&quot;. - PR\u00d3SPERI NEWS\" \/>\n<meta property=\"og:description\" content=\"Comunicado da Fifa, publicado em seu site oficial dia 8 de agosto (s\u00e1bado), diz que a entidade n\u00e3o [&hellip;]\" \/>\n<meta property=\"og:url\" content=\"https:\/\/blogdoprosperi.com\/?p=61921\" \/>\n<meta property=\"og:site_name\" content=\"PR\u00d3SPERI NEWS\" \/>\n<meta property=\"article:publisher\" content=\"Luiz Pr\u00f3speri\" \/>\n<meta property=\"article:author\" content=\"Luiz Pr\u00f3speri\" \/>\n<meta property=\"article:published_time\" content=\"2026-08-10T14:34:40+00:00\" \/>\n<meta property=\"article:modified_time\" content=\"2026-08-10T14:38:26+00:00\" \/>\n<meta property=\"og:image\" content=\"https:\/\/blogdoprosperi.com\/wp-content\/uploads\/2026\/08\/Captura-de-Tela-2026-08-10-as-11.33.06-1024x591.png\" \/>\n\t<meta property=\"og:image:width\" content=\"1024\" \/>\n\t<meta property=\"og:image:height\" content=\"591\" \/>\n\t<meta property=\"og:image:type\" content=\"image\/png\" \/>\n<meta name=\"author\" content=\"Luiz Ant\u00f4nio Pr\u00f3speri\" \/>\n<meta name=\"twitter:card\" content=\"summary_large_image\" \/>\n<meta name=\"twitter:creator\" content=\"@Luizprosperi\" \/>\n<meta name=\"twitter:site\" content=\"@Luizprosperi\" \/>\n<meta name=\"twitter:label1\" content=\"Escrito por\" \/>\n\t<meta name=\"twitter:data1\" content=\"Luiz Ant\u00f4nio Pr\u00f3speri\" \/>\n\t<meta name=\"twitter:label2\" content=\"Est. tempo de leitura\" \/>\n\t<meta name=\"twitter:data2\" content=\"3 minutos\" \/>\n<script type=\"application\/ld+json\" class=\"yoast-schema-graph\">{\"@context\":\"https:\\\/\\\/schema.org\",\"@graph\":[{\"@type\":\"Article\",\"@id\":\"https:\\\/\\\/blogdoprosperi.com\\\/?p=61921#article\",\"isPartOf\":{\"@id\":\"https:\\\/\\\/blogdoprosperi.com\\\/?p=61921\"},\"author\":{\"name\":\"Luiz Ant\u00f4nio Pr\u00f3speri\",\"@id\":\"https:\\\/\\\/blogdoprosperi.com\\\/#\\\/schema\\\/person\\\/38100755ce3601861ee4fab9b5aa78e9\"},\"headline\":\"Jogo de Cartas Fifa (1): &#8220;O presidente da Fifa foi eleito democraticamente e continua a exercer seu mandato&#8221;.\",\"datePublished\":\"2026-08-10T14:34:40+00:00\",\"dateModified\":\"2026-08-10T14:38:26+00:00\",\"mainEntityOfPage\":{\"@id\":\"https:\\\/\\\/blogdoprosperi.com\\\/?p=61921\"},\"wordCount\":538,\"commentCount\":0,\"publisher\":{\"@id\":\"https:\\\/\\\/blogdoprosperi.com\\\/#\\\/schema\\\/person\\\/38100755ce3601861ee4fab9b5aa78e9\"},\"image\":{\"@id\":\"https:\\\/\\\/blogdoprosperi.com\\\/?p=61921#primaryimage\"},\"thumbnailUrl\":\"https:\\\/\\\/i0.wp.com\\\/blogdoprosperi.com\\\/wp-content\\\/uploads\\\/2026\\\/08\\\/Captura-de-Tela-2026-08-10-as-11.33.06.png?fit=2110%2C1218&ssl=1\",\"keywords\":[\"caf\",\"carta fifa\",\"Conmebol\",\"Fifa\",\"Gianni Infantino\",\"renuncia infantino\"],\"articleSection\":[\"Fifa\",\"futebol\"],\"inLanguage\":\"pt-BR\",\"potentialAction\":[{\"@type\":\"CommentAction\",\"name\":\"Comment\",\"target\":[\"https:\\\/\\\/blogdoprosperi.com\\\/?p=61921#respond\"]}]},{\"@type\":\"WebPage\",\"@id\":\"https:\\\/\\\/blogdoprosperi.com\\\/?p=61921\",\"url\":\"https:\\\/\\\/blogdoprosperi.com\\\/?p=61921\",\"name\":\"Jogo de Cartas Fifa (1): \\\"O presidente da Fifa foi eleito democraticamente e continua a exercer seu mandato\\\". - PR\u00d3SPERI NEWS\",\"isPartOf\":{\"@id\":\"https:\\\/\\\/blogdoprosperi.com\\\/#website\"},\"primaryImageOfPage\":{\"@id\":\"https:\\\/\\\/blogdoprosperi.com\\\/?p=61921#primaryimage\"},\"image\":{\"@id\":\"https:\\\/\\\/blogdoprosperi.com\\\/?p=61921#primaryimage\"},\"thumbnailUrl\":\"https:\\\/\\\/i0.wp.com\\\/blogdoprosperi.com\\\/wp-content\\\/uploads\\\/2026\\\/08\\\/Captura-de-Tela-2026-08-10-as-11.33.06.png?fit=2110%2C1218&ssl=1\",\"datePublished\":\"2026-08-10T14:34:40+00:00\",\"dateModified\":\"2026-08-10T14:38:26+00:00\",\"breadcrumb\":{\"@id\":\"https:\\\/\\\/blogdoprosperi.com\\\/?p=61921#breadcrumb\"},\"inLanguage\":\"pt-BR\",\"potentialAction\":[{\"@type\":\"ReadAction\",\"target\":[\"https:\\\/\\\/blogdoprosperi.com\\\/?p=61921\"]}]},{\"@type\":\"ImageObject\",\"inLanguage\":\"pt-BR\",\"@id\":\"https:\\\/\\\/blogdoprosperi.com\\\/?p=61921#primaryimage\",\"url\":\"https:\\\/\\\/i0.wp.com\\\/blogdoprosperi.com\\\/wp-content\\\/uploads\\\/2026\\\/08\\\/Captura-de-Tela-2026-08-10-as-11.33.06.png?fit=2110%2C1218&ssl=1\",\"contentUrl\":\"https:\\\/\\\/i0.wp.com\\\/blogdoprosperi.com\\\/wp-content\\\/uploads\\\/2026\\\/08\\\/Captura-de-Tela-2026-08-10-as-11.33.06.png?fit=2110%2C1218&ssl=1\",\"width\":2110,\"height\":1218,\"caption\":\"imagem Fifa oficial\"},{\"@type\":\"BreadcrumbList\",\"@id\":\"https:\\\/\\\/blogdoprosperi.com\\\/?p=61921#breadcrumb\",\"itemListElement\":[{\"@type\":\"ListItem\",\"position\":1,\"name\":\"In\u00edcio\",\"item\":\"https:\\\/\\\/blogdoprosperi.com\\\/\"},{\"@type\":\"ListItem\",\"position\":2,\"name\":\"Jogo de Cartas Fifa (1): &#8220;O presidente da Fifa foi eleito democraticamente e continua a exercer seu mandato&#8221;.\"}]},{\"@type\":\"WebSite\",\"@id\":\"https:\\\/\\\/blogdoprosperi.com\\\/#website\",\"url\":\"https:\\\/\\\/blogdoprosperi.com\\\/\",\"name\":\"PR\u00d3SPERI NEWS\",\"description\":\"TUDO \u00c9  FUTEBOL\",\"publisher\":{\"@id\":\"https:\\\/\\\/blogdoprosperi.com\\\/#\\\/schema\\\/person\\\/38100755ce3601861ee4fab9b5aa78e9\"},\"alternateName\":\"blogdoprosperi.com\",\"potentialAction\":[{\"@type\":\"SearchAction\",\"target\":{\"@type\":\"EntryPoint\",\"urlTemplate\":\"https:\\\/\\\/blogdoprosperi.com\\\/?s={search_term_string}\"},\"query-input\":{\"@type\":\"PropertyValueSpecification\",\"valueRequired\":true,\"valueName\":\"search_term_string\"}}],\"inLanguage\":\"pt-BR\"},{\"@type\":[\"Person\",\"Organization\"],\"@id\":\"https:\\\/\\\/blogdoprosperi.com\\\/#\\\/schema\\\/person\\\/38100755ce3601861ee4fab9b5aa78e9\",\"name\":\"Luiz Ant\u00f4nio Pr\u00f3speri\",\"pronouns\":\"ele\",\"image\":{\"@type\":\"ImageObject\",\"inLanguage\":\"pt-BR\",\"@id\":\"https:\\\/\\\/i0.wp.com\\\/blogdoprosperi.com\\\/wp-content\\\/uploads\\\/2026\\\/05\\\/cropped-8059e613-6002-42fa-961e-8e275f575d71-2-5.jpg?fit=1360%2C931&ssl=1\",\"url\":\"https:\\\/\\\/i0.wp.com\\\/blogdoprosperi.com\\\/wp-content\\\/uploads\\\/2026\\\/05\\\/cropped-8059e613-6002-42fa-961e-8e275f575d71-2-5.jpg?fit=1360%2C931&ssl=1\",\"contentUrl\":\"https:\\\/\\\/i0.wp.com\\\/blogdoprosperi.com\\\/wp-content\\\/uploads\\\/2026\\\/05\\\/cropped-8059e613-6002-42fa-961e-8e275f575d71-2-5.jpg?fit=1360%2C931&ssl=1\",\"width\":1360,\"height\":931,\"caption\":\"Luiz Ant\u00f4nio Pr\u00f3speri\"},\"logo\":{\"@id\":\"https:\\\/\\\/i0.wp.com\\\/blogdoprosperi.com\\\/wp-content\\\/uploads\\\/2026\\\/05\\\/cropped-8059e613-6002-42fa-961e-8e275f575d71-2-5.jpg?fit=1360%2C931&ssl=1\"},\"description\":\"Jornalista com carreira dedicada ao esporte. Cobriu 9 Copas do Mundo in loco, 1990 na It\u00e1lia, 1994 nos EUA, 1998 na Fran\u00e7a, 2002 na Coreia do Sul e Jap\u00e3o, 2006 na Alemanha, 2010 na \u00c1frica do Sul, 2014 no Brasil, 2018 na R\u00fassia e 2022 no Qatar. Eurocopas, 1992 na Su\u00e9cia e 1996 na Inglaterra. Copa das Confedera\u00e7\u00f5es de 2005 na Alemanha e 2009 na \u00c1frica do Sul. Rep\u00f3rter e Editor, trabalhou no Jornal da Tarde e Estad\u00e3o, de 1984 a fevereiro de 2016. Colunista, blogueiro. E comentarista de futebol na R\u00e1dio Estad\u00e3o, de 2013 a fevereiro de 2016. Jornalista respons\u00e1vel do \\\"Pr\u00f3speri News\\\" (blogdoprosperi.com).\",\"sameAs\":[\"http:\\\/\\\/blogdoprosperi.com\",\"Luiz Pr\u00f3speri\",\"@luiz_prosperi\",\"https:\\\/\\\/x.com\\\/Luizprosperi\",\"@prosperinacopa\",\"luiz.prosperi@icloud.com\"],\"url\":\"https:\\\/\\\/blogdoprosperi.com\\\/?author=102107496\"}]}<\/script>\n<!-- \/ Yoast SEO plugin. -->","yoast_head_json":{"title":"Jogo de Cartas Fifa (1): \"O presidente da Fifa foi eleito democraticamente e continua a exercer seu mandato\". - PR\u00d3SPERI NEWS","robots":{"index":"index","follow":"follow","max-snippet":"max-snippet:-1","max-image-preview":"max-image-preview:large","max-video-preview":"max-video-preview:-1"},"canonical":"https:\/\/blogdoprosperi.com\/?p=61921","og_locale":"pt_BR","og_type":"article","og_title":"Jogo de Cartas Fifa (1): \"O presidente da Fifa foi eleito democraticamente e continua a exercer seu mandato\". - PR\u00d3SPERI NEWS","og_description":"Comunicado da Fifa, publicado em seu site oficial dia 8 de agosto (s\u00e1bado), diz que a entidade n\u00e3o [&hellip;]","og_url":"https:\/\/blogdoprosperi.com\/?p=61921","og_site_name":"PR\u00d3SPERI NEWS","article_publisher":"Luiz Pr\u00f3speri","article_author":"Luiz Pr\u00f3speri","article_published_time":"2026-08-10T14:34:40+00:00","article_modified_time":"2026-08-10T14:38:26+00:00","og_image":[{"width":1024,"height":591,"url":"https:\/\/blogdoprosperi.com\/wp-content\/uploads\/2026\/08\/Captura-de-Tela-2026-08-10-as-11.33.06-1024x591.png","type":"image\/png"}],"author":"Luiz Ant\u00f4nio Pr\u00f3speri","twitter_card":"summary_large_image","twitter_creator":"@Luizprosperi","twitter_site":"@Luizprosperi","twitter_misc":{"Escrito por":"Luiz Ant\u00f4nio Pr\u00f3speri","Est. tempo de leitura":"3 minutos"},"schema":{"@context":"https:\/\/schema.org","@graph":[{"@type":"Article","@id":"https:\/\/blogdoprosperi.com\/?p=61921#article","isPartOf":{"@id":"https:\/\/blogdoprosperi.com\/?p=61921"},"author":{"name":"Luiz Ant\u00f4nio Pr\u00f3speri","@id":"https:\/\/blogdoprosperi.com\/#\/schema\/person\/38100755ce3601861ee4fab9b5aa78e9"},"headline":"Jogo de Cartas Fifa (1): &#8220;O presidente da Fifa foi eleito democraticamente e continua a exercer seu mandato&#8221;.","datePublished":"2026-08-10T14:34:40+00:00","dateModified":"2026-08-10T14:38:26+00:00","mainEntityOfPage":{"@id":"https:\/\/blogdoprosperi.com\/?p=61921"},"wordCount":538,"commentCount":0,"publisher":{"@id":"https:\/\/blogdoprosperi.com\/#\/schema\/person\/38100755ce3601861ee4fab9b5aa78e9"},"image":{"@id":"https:\/\/blogdoprosperi.com\/?p=61921#primaryimage"},"thumbnailUrl":"https:\/\/i0.wp.com\/blogdoprosperi.com\/wp-content\/uploads\/2026\/08\/Captura-de-Tela-2026-08-10-as-11.33.06.png?fit=2110%2C1218&ssl=1","keywords":["caf","carta fifa","Conmebol","Fifa","Gianni Infantino","renuncia infantino"],"articleSection":["Fifa","futebol"],"inLanguage":"pt-BR","potentialAction":[{"@type":"CommentAction","name":"Comment","target":["https:\/\/blogdoprosperi.com\/?p=61921#respond"]}]},{"@type":"WebPage","@id":"https:\/\/blogdoprosperi.com\/?p=61921","url":"https:\/\/blogdoprosperi.com\/?p=61921","name":"Jogo de Cartas Fifa (1): \"O presidente da Fifa foi eleito democraticamente e continua a exercer seu mandato\". - PR\u00d3SPERI NEWS","isPartOf":{"@id":"https:\/\/blogdoprosperi.com\/#website"},"primaryImageOfPage":{"@id":"https:\/\/blogdoprosperi.com\/?p=61921#primaryimage"},"image":{"@id":"https:\/\/blogdoprosperi.com\/?p=61921#primaryimage"},"thumbnailUrl":"https:\/\/i0.wp.com\/blogdoprosperi.com\/wp-content\/uploads\/2026\/08\/Captura-de-Tela-2026-08-10-as-11.33.06.png?fit=2110%2C1218&ssl=1","datePublished":"2026-08-10T14:34:40+00:00","dateModified":"2026-08-10T14:38:26+00:00","breadcrumb":{"@id":"https:\/\/blogdoprosperi.com\/?p=61921#breadcrumb"},"inLanguage":"pt-BR","potentialAction":[{"@type":"ReadAction","target":["https:\/\/blogdoprosperi.com\/?p=61921"]}]},{"@type":"ImageObject","inLanguage":"pt-BR","@id":"https:\/\/blogdoprosperi.com\/?p=61921#primaryimage","url":"https:\/\/i0.wp.com\/blogdoprosperi.com\/wp-content\/uploads\/2026\/08\/Captura-de-Tela-2026-08-10-as-11.33.06.png?fit=2110%2C1218&ssl=1","contentUrl":"https:\/\/i0.wp.com\/blogdoprosperi.com\/wp-content\/uploads\/2026\/08\/Captura-de-Tela-2026-08-10-as-11.33.06.png?fit=2110%2C1218&ssl=1","width":2110,"height":1218,"caption":"imagem Fifa oficial"},{"@type":"BreadcrumbList","@id":"https:\/\/blogdoprosperi.com\/?p=61921#breadcrumb","itemListElement":[{"@type":"ListItem","position":1,"name":"In\u00edcio","item":"https:\/\/blogdoprosperi.com\/"},{"@type":"ListItem","position":2,"name":"Jogo de Cartas Fifa (1): &#8220;O presidente da Fifa foi eleito democraticamente e continua a exercer seu mandato&#8221;."}]},{"@type":"WebSite","@id":"https:\/\/blogdoprosperi.com\/#website","url":"https:\/\/blogdoprosperi.com\/","name":"PR\u00d3SPERI NEWS","description":"TUDO \u00c9  FUTEBOL","publisher":{"@id":"https:\/\/blogdoprosperi.com\/#\/schema\/person\/38100755ce3601861ee4fab9b5aa78e9"},"alternateName":"blogdoprosperi.com","potentialAction":[{"@type":"SearchAction","target":{"@type":"EntryPoint","urlTemplate":"https:\/\/blogdoprosperi.com\/?s={search_term_string}"},"query-input":{"@type":"PropertyValueSpecification","valueRequired":true,"valueName":"search_term_string"}}],"inLanguage":"pt-BR"},{"@type":["Person","Organization"],"@id":"https:\/\/blogdoprosperi.com\/#\/schema\/person\/38100755ce3601861ee4fab9b5aa78e9","name":"Luiz Ant\u00f4nio Pr\u00f3speri","pronouns":"ele","image":{"@type":"ImageObject","inLanguage":"pt-BR","@id":"https:\/\/i0.wp.com\/blogdoprosperi.com\/wp-content\/uploads\/2026\/05\/cropped-8059e613-6002-42fa-961e-8e275f575d71-2-5.jpg?fit=1360%2C931&ssl=1","url":"https:\/\/i0.wp.com\/blogdoprosperi.com\/wp-content\/uploads\/2026\/05\/cropped-8059e613-6002-42fa-961e-8e275f575d71-2-5.jpg?fit=1360%2C931&ssl=1","contentUrl":"https:\/\/i0.wp.com\/blogdoprosperi.com\/wp-content\/uploads\/2026\/05\/cropped-8059e613-6002-42fa-961e-8e275f575d71-2-5.jpg?fit=1360%2C931&ssl=1","width":1360,"height":931,"caption":"Luiz Ant\u00f4nio Pr\u00f3speri"},"logo":{"@id":"https:\/\/i0.wp.com\/blogdoprosperi.com\/wp-content\/uploads\/2026\/05\/cropped-8059e613-6002-42fa-961e-8e275f575d71-2-5.jpg?fit=1360%2C931&ssl=1"},"description":"Jornalista com carreira dedicada ao esporte. Cobriu 9 Copas do Mundo in loco, 1990 na It\u00e1lia, 1994 nos EUA, 1998 na Fran\u00e7a, 2002 na Coreia do Sul e Jap\u00e3o, 2006 na Alemanha, 2010 na \u00c1frica do Sul, 2014 no Brasil, 2018 na R\u00fassia e 2022 no Qatar. Eurocopas, 1992 na Su\u00e9cia e 1996 na Inglaterra. Copa das Confedera\u00e7\u00f5es de 2005 na Alemanha e 2009 na \u00c1frica do Sul. Rep\u00f3rter e Editor, trabalhou no Jornal da Tarde e Estad\u00e3o, de 1984 a fevereiro de 2016. Colunista, blogueiro. E comentarista de futebol na R\u00e1dio Estad\u00e3o, de 2013 a fevereiro de 2016. Jornalista respons\u00e1vel do \"Pr\u00f3speri News\" (blogdoprosperi.com).","sameAs":["http:\/\/blogdoprosperi.com","Luiz Pr\u00f3speri","@luiz_prosperi","https:\/\/x.com\/Luizprosperi","@prosperinacopa","luiz.prosperi@icloud.com"],"url":"https:\/\/blogdoprosperi.com\/?author=102107496"}]}},"jetpack_publicize_connections":[],"jetpack_likes_enabled":false,"jetpack_sharing_enabled":true,"jetpack_shortlink":"https:\/\/wp.me\/p7jvdk-g6J","jetpack-related-posts":[{"id":61908,"url":"https:\/\/blogdoprosperi.com\/?p=61908","url_meta":{"origin":61921,"position":0},"title":"Jogo de Cartas Fifa (2): Confedera\u00e7\u00f5es de futebol da Europa, Am\u00e9ricas e \u00c1sia pressionam pela ren\u00fancia de Infantino","author":"Luiz Ant\u00f4nio Pr\u00f3speri","date":"10 de agosto de 2026","format":false,"excerpt":"Luiz Ant\u00f4nio Pr\u00f3speri \u2013 10 agosto (11h35) \u2013 Uefa (Europa), Concacaf (Am\u00e9rica Central, Norte e Caribe) e AFC (\u00c1sia) divulgam carta aberta assinada em conjunto pressionando Gianni Infantino a renunciar \u00e0 presid\u00eancia da Fifa nesta segunda-feira (10\/8). O documento atesta a \"quebra de confian\u00e7a por meio de engano\" provocada pela\u2026","rel":"","context":"Em &quot;Fifa&quot;","block_context":{"text":"Fifa","link":"https:\/\/blogdoprosperi.com\/?cat=187969"},"img":{"alt_text":"","src":"https:\/\/i0.wp.com\/blogdoprosperi.com\/wp-content\/uploads\/2026\/08\/Captura-de-Tela-2026-08-10-as-11.19.04.png?fit=1200%2C543&ssl=1&resize=350%2C200","width":350,"height":200,"srcset":"https:\/\/i0.wp.com\/blogdoprosperi.com\/wp-content\/uploads\/2026\/08\/Captura-de-Tela-2026-08-10-as-11.19.04.png?fit=1200%2C543&ssl=1&resize=350%2C200 1x, https:\/\/i0.wp.com\/blogdoprosperi.com\/wp-content\/uploads\/2026\/08\/Captura-de-Tela-2026-08-10-as-11.19.04.png?fit=1200%2C543&ssl=1&resize=525%2C300 1.5x, https:\/\/i0.wp.com\/blogdoprosperi.com\/wp-content\/uploads\/2026\/08\/Captura-de-Tela-2026-08-10-as-11.19.04.png?fit=1200%2C543&ssl=1&resize=700%2C400 2x, https:\/\/i0.wp.com\/blogdoprosperi.com\/wp-content\/uploads\/2026\/08\/Captura-de-Tela-2026-08-10-as-11.19.04.png?fit=1200%2C543&ssl=1&resize=1050%2C600 3x"},"classes":[]},{"id":61758,"url":"https:\/\/blogdoprosperi.com\/?p=61758","url_meta":{"origin":61921,"position":1},"title":"Documento: Fifa pede desculpas e diz que presidente Infantino tem apoio total de seus diretores executivos","author":"Luiz Ant\u00f4nio Pr\u00f3speri","date":"5 de agosto de 2026","format":false,"excerpt":"Fifa promove reuni\u00e3o com seus executivos, a pedido do presidente Gianni Infantino, para pedir desculpas na famigerada tentativa de vender a Copa do Mundo. E diz que \"n\u00e3o tolerar\u00e1 quaisquer ataques \u00e0 sua integridade e tomar\u00e1 todas as medidas necess\u00e1rias para defender a sua reputa\u00e7\u00e3o\". Detalhe: reuni\u00e3o foi em Rabat,\u2026","rel":"","context":"Em &quot;Fifa&quot;","block_context":{"text":"Fifa","link":"https:\/\/blogdoprosperi.com\/?cat=187969"},"img":{"alt_text":"","src":"https:\/\/i0.wp.com\/blogdoprosperi.com\/wp-content\/uploads\/2026\/08\/unnamed-1.jpg?fit=560%2C374&ssl=1&resize=350%2C200","width":350,"height":200,"srcset":"https:\/\/i0.wp.com\/blogdoprosperi.com\/wp-content\/uploads\/2026\/08\/unnamed-1.jpg?fit=560%2C374&ssl=1&resize=350%2C200 1x, https:\/\/i0.wp.com\/blogdoprosperi.com\/wp-content\/uploads\/2026\/08\/unnamed-1.jpg?fit=560%2C374&ssl=1&resize=525%2C300 1.5x"},"classes":[]},{"id":61561,"url":"https:\/\/blogdoprosperi.com\/?p=61561","url_meta":{"origin":61921,"position":2},"title":"Copa do Mundo \u00e0 venda (epis\u00f3dio 1): A ren\u00fancia e as cr\u00edticas abertas de altos funcion\u00e1rios da FIFA colocam Infantino em uma situa\u00e7\u00e3o delicada","author":"Luiz Ant\u00f4nio Pr\u00f3speri","date":"31 de julho de 2026","format":false,"excerpt":"\"Este projeto n\u00e3o \u00e9 um projeto da FIFA, nem um projeto da administra\u00e7\u00e3o da FIFA. \u00c9 o projeto de uma pessoa s\u00f3\" \u2013 Kevin Lamour, diretor de opera\u00e7\u00f5es especiais da Fifa. Diego Torres, El Pa\u00eds (Madri) \u2013 31 julho 2026 Duas semanas ap\u00f3s ser coroado o presidente que levou a\u2026","rel":"","context":"Em &quot;Fifa&quot;","block_context":{"text":"Fifa","link":"https:\/\/blogdoprosperi.com\/?cat=187969"},"img":{"alt_text":"","src":"https:\/\/i0.wp.com\/blogdoprosperi.com\/wp-content\/uploads\/2026\/07\/Captura-de-Tela-2026-07-16-as-23.14.03.png?fit=1030%2C868&ssl=1&resize=350%2C200","width":350,"height":200,"srcset":"https:\/\/i0.wp.com\/blogdoprosperi.com\/wp-content\/uploads\/2026\/07\/Captura-de-Tela-2026-07-16-as-23.14.03.png?fit=1030%2C868&ssl=1&resize=350%2C200 1x, https:\/\/i0.wp.com\/blogdoprosperi.com\/wp-content\/uploads\/2026\/07\/Captura-de-Tela-2026-07-16-as-23.14.03.png?fit=1030%2C868&ssl=1&resize=525%2C300 1.5x, https:\/\/i0.wp.com\/blogdoprosperi.com\/wp-content\/uploads\/2026\/07\/Captura-de-Tela-2026-07-16-as-23.14.03.png?fit=1030%2C868&ssl=1&resize=700%2C400 2x"},"classes":[]},{"id":61591,"url":"https:\/\/blogdoprosperi.com\/?p=61591","url_meta":{"origin":61921,"position":3},"title":"Entenda como a Uefa pode derrubar Infantino da Fifa ap\u00f3s fracasso na privatiza\u00e7\u00e3o da Copa","author":"Luiz Ant\u00f4nio Pr\u00f3speri","date":"1 de agosto de 2026","format":false,"excerpt":"Luiz Ant\u00f4nio Pr\u00f3speri \u2013 1 agosto 2026 (10h30) Uefa (Uni\u00e3o Europeia de Futebol) sai fortalecida com a desist\u00eancia de Gianni Infantino, presidente da Fifa, de privatizar a Copa do Mundo. Ao propor boicote \u00e0 todas competi\u00e7\u00f5es Fifa, incluindo a Copa, diante da farra de grana no plano de Infantino, os\u2026","rel":"","context":"Em &quot;Fifa&quot;","block_context":{"text":"Fifa","link":"https:\/\/blogdoprosperi.com\/?cat=187969"},"img":{"alt_text":"","src":"https:\/\/i0.wp.com\/blogdoprosperi.com\/wp-content\/uploads\/2026\/08\/2373ca66-uefa_compound-708x416-1.webp?fit=708%2C416&ssl=1&resize=350%2C200","width":350,"height":200,"srcset":"https:\/\/i0.wp.com\/blogdoprosperi.com\/wp-content\/uploads\/2026\/08\/2373ca66-uefa_compound-708x416-1.webp?fit=708%2C416&ssl=1&resize=350%2C200 1x, https:\/\/i0.wp.com\/blogdoprosperi.com\/wp-content\/uploads\/2026\/08\/2373ca66-uefa_compound-708x416-1.webp?fit=708%2C416&ssl=1&resize=525%2C300 1.5x, https:\/\/i0.wp.com\/blogdoprosperi.com\/wp-content\/uploads\/2026\/08\/2373ca66-uefa_compound-708x416-1.webp?fit=708%2C416&ssl=1&resize=700%2C400 2x"},"classes":[]},{"id":61580,"url":"https:\/\/blogdoprosperi.com\/?p=61580","url_meta":{"origin":61921,"position":4},"title":"Fifa desiste de vender a Copa do Mundo","author":"Luiz Ant\u00f4nio Pr\u00f3speri","date":"31 de julho de 2026","format":false,"excerpt":"Luiz Ant\u00f4nio Pr\u00f3speri \u2013 31 julho 2026 (22h30) Fifa desiste de privatizar a Copa do Mundo depois de uma resist\u00eancia ferrenha da maioria das confedera\u00e7\u00f5es continentais, nacionais e da maioria da comunidade do futebol internacional. Presidente Giovanni Infantino recua de sua proposta com receio de perder for\u00e7a dentro da pr\u00f3pria\u2026","rel":"","context":"Em &quot;Fifa&quot;","block_context":{"text":"Fifa","link":"https:\/\/blogdoprosperi.com\/?cat=187969"},"img":{"alt_text":"","src":"https:\/\/i0.wp.com\/blogdoprosperi.com\/wp-content\/uploads\/2026\/07\/Captura-de-Tela-2026-07-31-as-22.34.50.png?fit=1200%2C627&ssl=1&resize=350%2C200","width":350,"height":200,"srcset":"https:\/\/i0.wp.com\/blogdoprosperi.com\/wp-content\/uploads\/2026\/07\/Captura-de-Tela-2026-07-31-as-22.34.50.png?fit=1200%2C627&ssl=1&resize=350%2C200 1x, https:\/\/i0.wp.com\/blogdoprosperi.com\/wp-content\/uploads\/2026\/07\/Captura-de-Tela-2026-07-31-as-22.34.50.png?fit=1200%2C627&ssl=1&resize=525%2C300 1.5x, https:\/\/i0.wp.com\/blogdoprosperi.com\/wp-content\/uploads\/2026\/07\/Captura-de-Tela-2026-07-31-as-22.34.50.png?fit=1200%2C627&ssl=1&resize=700%2C400 2x, https:\/\/i0.wp.com\/blogdoprosperi.com\/wp-content\/uploads\/2026\/07\/Captura-de-Tela-2026-07-31-as-22.34.50.png?fit=1200%2C627&ssl=1&resize=1050%2C600 3x"},"classes":[]},{"id":61389,"url":"https:\/\/blogdoprosperi.com\/?p=61389","url_meta":{"origin":61921,"position":5},"title":"Copa do Mundo \u00e0 venda: CBF e Conmebol se calam diante da proposta da Fifa","author":"Luiz Ant\u00f4nio Pr\u00f3speri","date":"29 de julho de 2026","format":false,"excerpt":"CBF e Conmebol n\u00e3o se manifestam diante do plano de a Fifa repassar os direitos comerciais da Copa do Mundo a investidores do mercado financeiro. Europeus est\u00e3o contra a Fifa.","rel":"","context":"Em &quot;CBF&quot;","block_context":{"text":"CBF","link":"https:\/\/blogdoprosperi.com\/?cat=570700"},"img":{"alt_text":"","src":"https:\/\/i0.wp.com\/blogdoprosperi.com\/wp-content\/uploads\/2026\/07\/Captura-de-Tela-2026-07-29-as-16.35.22.png?fit=1200%2C813&ssl=1&resize=350%2C200","width":350,"height":200,"srcset":"https:\/\/i0.wp.com\/blogdoprosperi.com\/wp-content\/uploads\/2026\/07\/Captura-de-Tela-2026-07-29-as-16.35.22.png?fit=1200%2C813&ssl=1&resize=350%2C200 1x, https:\/\/i0.wp.com\/blogdoprosperi.com\/wp-content\/uploads\/2026\/07\/Captura-de-Tela-2026-07-29-as-16.35.22.png?fit=1200%2C813&ssl=1&resize=525%2C300 1.5x, https:\/\/i0.wp.com\/blogdoprosperi.com\/wp-content\/uploads\/2026\/07\/Captura-de-Tela-2026-07-29-as-16.35.22.png?fit=1200%2C813&ssl=1&resize=700%2C400 2x, https:\/\/i0.wp.com\/blogdoprosperi.com\/wp-content\/uploads\/2026\/07\/Captura-de-Tela-2026-07-29-as-16.35.22.png?fit=1200%2C813&ssl=1&resize=1050%2C600 3x"},"classes":[]}],"jetpack_featured_media_url":"https:\/\/i0.wp.com\/blogdoprosperi.com\/wp-content\/uploads\/2026\/08\/Captura-de-Tela-2026-08-10-as-11.33.06.png?fit=2110%2C1218&ssl=1","_links":{"self":[{"href":"https:\/\/blogdoprosperi.com\/index.php?rest_route=\/wp\/v2\/posts\/61921","targetHints":{"allow":["GET"]}}],"collection":[{"href":"https:\/\/blogdoprosperi.com\/index.php?rest_route=\/wp\/v2\/posts"}],"about":[{"href":"https:\/\/blogdoprosperi.com\/index.php?rest_route=\/wp\/v2\/types\/post"}],"author":[{"embeddable":true,"href":"https:\/\/blogdoprosperi.com\/index.php?rest_route=\/wp\/v2\/users\/102107496"}],"replies":[{"embeddable":true,"href":"https:\/\/blogdoprosperi.com\/index.php?rest_route=%2Fwp%2Fv2%2Fcomments&post=61921"}],"version-history":[{"count":7,"href":"https:\/\/blogdoprosperi.com\/index.php?rest_route=\/wp\/v2\/posts\/61921\/revisions"}],"predecessor-version":[{"id":61932,"href":"https:\/\/blogdoprosperi.com\/index.php?rest_route=\/wp\/v2\/posts\/61921\/revisions\/61932"}],"wp:featuredmedia":[{"embeddable":true,"href":"https:\/\/blogdoprosperi.com\/index.php?rest_route=\/wp\/v2\/media\/61927"}],"wp:attachment":[{"href":"https:\/\/blogdoprosperi.com\/index.php?rest_route=%2Fwp%2Fv2%2Fmedia&parent=61921"}],"wp:term":[{"taxonomy":"category","embeddable":true,"href":"https:\/\/blogdoprosperi.com\/index.php?rest_route=%2Fwp%2Fv2%2Fcategories&post=61921"},{"taxonomy":"post_tag","embeddable":true,"href":"https:\/\/blogdoprosperi.com\/index.php?rest_route=%2Fwp%2Fv2%2Ftags&post=61921"}],"curies":[{"name":"wp","href":"https:\/\/api.w.org\/{rel}","templated":true}]}}