{"id":62167,"date":"2026-08-18T00:32:49","date_gmt":"2026-08-18T03:32:49","guid":{"rendered":"https:\/\/blogdoprosperi.com\/?p=62167"},"modified":"2026-08-18T13:36:16","modified_gmt":"2026-08-18T16:36:16","slug":"corinthians-renova-com-memphis-jogador-se-apresenta-a-fernando-diniz-e-torcida-pede-intervencao-judicial-no-clube","status":"publish","type":"post","link":"https:\/\/blogdoprosperi.com\/?p=62167","title":{"rendered":"Corinthians renova com Memphis: holand\u00eas se apresenta a Fernando Diniz e torcida pede interven\u00e7\u00e3o judicial no clube"},"content":{"rendered":"\r\n<p class=\"wp-block-paragraph\"><em>Luiz Ant\u00f4nio Pr\u00f3speri \u2013 18 agosto 2026 (atualizado 09h23)<\/em><\/p>\r\n<p>Corinthians renova contrato de Memphis Depay por mais dois anos, com validade at\u00e9 julho de 2028. Osmar Stabile, presidente do clube, relata amea\u00e7as de morte a ele e sua fam\u00edlia por parte de grupos de torcedores. E ainda n\u00e3o esclarece como vai bancar o novo contrato de Memphis.<\/p>\r\n<p>O total a ser pago ao jogador holand\u00eas alcan\u00e7a R$ 135,5 milh\u00f5es na soma da d\u00edvida que o Corinthians tem do primeiro contrato e mais o valor do novo contrato de dois anos, segundo informa a ESPN.<\/p>\r\n<p>\u201cEle baixou bem, eu n\u00e3o queria falar em n\u00fameros, ele abaixou consideravelmente o contrato. Pelo que eu senti e pelo trabalho que fizemos, tanto no jur\u00eddico como no administrativo e tamb\u00e9m no financeiro, \u00e9 poss\u00edvel a gente pagar esse contrato\u201d.<\/p>\r\n\r\n\r\n\r\n<p class=\"wp-block-paragraph\">A declara\u00e7\u00e3o \u00e9 de Osmar Stabile, presidente do Corinthians, no in\u00edcio da madrugada dessa ter\u00e7a-feira (18\/8) no Parque S\u00e3o Jorge, garantindo sua assinatura no contrato com Memphis.<\/p>\r\n\r\n\r\n\r\n<p class=\"wp-block-paragraph\">Stabile n\u00e3o revela valores do novo contrato do jogador holand\u00eas.<\/p>\r\n<p>&#8220;Eu sempre falei que a quest\u00e3o financeira era a mais importante para o\u00a0Corinthians. N\u00e3o adiantava eu fechar qualquer contrato se eu n\u00e3o comportasse pagar no futuro. N\u00e3o estou pensando em mim, estou pensando em quem vem depois. <strong>Estamos fazendo um contrato de dois anos, n\u00e3o sei se eu estarei aqui. Sempre pensei na institui\u00e7\u00e3o, sofri as consequ\u00eancias&#8230;<\/strong> Para mim seria muito mais f\u00e1cil assinar qualquer contrato, como vinham fazendo no\u00a0Corinthians, e depois sair para o abra\u00e7o, era o mais c\u00f4modo para mim&#8221;, disse o presidente do clube.<\/p>\r\n\r\n\r\n\r\n<p class=\"wp-block-paragraph\">A reviravolta na renova\u00e7\u00e3o do contrato acontece depois de Stabile receber aprova\u00e7\u00e3o do Conselho de Orienta\u00e7\u00e3o do Corinthians na noite de segunda-feira (17\/8).<\/p>\r\n<h3>Amea\u00e7as de morte<\/h3>\r\n\r\n\r\n\r\n<p class=\"wp-block-paragraph\">E, evidente, a press\u00e3o de parte da torcida com<strong> amea\u00e7as \u00e0 fam\u00edlia de Stabile<\/strong> e a\u00e7\u00e3o conjunta na Justi\u00e7a pedindo interven\u00e7\u00e3o no Corinthians.<\/p>\r\n<blockquote>\r\n<p>&#8220;Sofremos as consequ\u00eancias, vazaram meus telefones, vazaram os telefones das minhas filhas, invadiram as minhas contas de banco, das minhas filhas, da minha esposa. Foi uma situa\u00e7\u00e3o dif\u00edcil, ningu\u00e9m merece uma situa\u00e7\u00e3o dessa. Teve gente mostrando faca, gente mostrando rev\u00f3lver. Estamos lutando, tomando as provid\u00eancias necess\u00e1rias. A gente sabe que tem muito bandido envolvido a\u00ed mandando WhatsApp para a minha fam\u00edlia. Eu n\u00e3o desejo isso para ningu\u00e9m&#8221; \u2013 Osmar Stabile<\/p>\r\n<\/blockquote>\r\n<figure id=\"attachment_62176\" aria-describedby=\"caption-attachment-62176\" style=\"width: 569px\" class=\"wp-caption alignnone\"><img data-recalc-dims=\"1\" loading=\"lazy\" decoding=\"async\" data-attachment-id=\"62176\" data-permalink=\"https:\/\/blogdoprosperi.com\/?attachment_id=62176\" data-orig-file=\"https:\/\/i0.wp.com\/blogdoprosperi.com\/wp-content\/uploads\/2026\/08\/Captura-de-Tela-2026-08-18-as-09.27.55.png?fit=1464%2C972&amp;ssl=1\" data-orig-size=\"1464,972\" data-comments-opened=\"1\" data-image-meta=\"{&quot;aperture&quot;:&quot;0&quot;,&quot;credit&quot;:&quot;&quot;,&quot;camera&quot;:&quot;&quot;,&quot;caption&quot;:&quot;&quot;,&quot;created_timestamp&quot;:&quot;0&quot;,&quot;copyright&quot;:&quot;&quot;,&quot;focal_length&quot;:&quot;0&quot;,&quot;iso&quot;:&quot;0&quot;,&quot;shutter_speed&quot;:&quot;0&quot;,&quot;title&quot;:&quot;&quot;,&quot;orientation&quot;:&quot;0&quot;,&quot;alt&quot;:&quot;&quot;}\" data-image-title=\"Captura de Tela 2026-08-18 \u00e0s 09.27.55\" data-image-description=\"\" data-image-caption=\"&lt;p&gt;Osmar Stabile, president do Corinthians \u2013 foto: reprodu\u00e7\u00e3o TV&lt;\/p&gt;\n\" data-large-file=\"https:\/\/i0.wp.com\/blogdoprosperi.com\/wp-content\/uploads\/2026\/08\/Captura-de-Tela-2026-08-18-as-09.27.55.png?fit=940%2C624&amp;ssl=1\" class=\"size-medium wp-image-62176\" src=\"https:\/\/i0.wp.com\/blogdoprosperi.com\/wp-content\/uploads\/2026\/08\/Captura-de-Tela-2026-08-18-as-09.27.55.png?resize=569%2C378&#038;ssl=1\" alt=\"\" width=\"569\" height=\"378\" srcset=\"https:\/\/i0.wp.com\/blogdoprosperi.com\/wp-content\/uploads\/2026\/08\/Captura-de-Tela-2026-08-18-as-09.27.55.png?resize=569%2C378&amp;ssl=1 569w, https:\/\/i0.wp.com\/blogdoprosperi.com\/wp-content\/uploads\/2026\/08\/Captura-de-Tela-2026-08-18-as-09.27.55.png?resize=1024%2C680&amp;ssl=1 1024w, https:\/\/i0.wp.com\/blogdoprosperi.com\/wp-content\/uploads\/2026\/08\/Captura-de-Tela-2026-08-18-as-09.27.55.png?resize=150%2C100&amp;ssl=1 150w, https:\/\/i0.wp.com\/blogdoprosperi.com\/wp-content\/uploads\/2026\/08\/Captura-de-Tela-2026-08-18-as-09.27.55.png?resize=768%2C510&amp;ssl=1 768w, https:\/\/i0.wp.com\/blogdoprosperi.com\/wp-content\/uploads\/2026\/08\/Captura-de-Tela-2026-08-18-as-09.27.55.png?resize=450%2C299&amp;ssl=1 450w, https:\/\/i0.wp.com\/blogdoprosperi.com\/wp-content\/uploads\/2026\/08\/Captura-de-Tela-2026-08-18-as-09.27.55.png?resize=904%2C600&amp;ssl=1 904w, https:\/\/i0.wp.com\/blogdoprosperi.com\/wp-content\/uploads\/2026\/08\/Captura-de-Tela-2026-08-18-as-09.27.55.png?w=1464&amp;ssl=1 1464w\" sizes=\"auto, (max-width: 569px) 100vw, 569px\" \/><figcaption id=\"caption-attachment-62176\" class=\"wp-caption-text\">Osmar Stabile, presidente do Corinthians \u2013 foto: reprodu\u00e7\u00e3o TV<\/figcaption><\/figure>\r\n<p>Memphis Depay se apresenta a Fernando Diniz nesta manh\u00e3 de ter\u00e7a-feira e reinicia treinamentos. Tem chance de jogar quinta-feira (20\/8) contra o Rosario Central no jogo de volta das oitavas de final da Libertadores \u2013 no jogo ida deu empate sem gols.<\/p>\r\n\r\n\r\n\r\n\r\n\r\n<h3>Torcidas pedem interven\u00e7\u00e3o judicial<\/h3>\r\n\r\n\r\n\r\n<p class=\"wp-block-paragraph\">Gavi\u00f5es da Fiel, Camisa 12, Pavilh\u00e3o 9, Estopim da Fiel, Coring\u00e3o Chopp e Fiel Macabra) anunciam CONVOCA\u00c7\u00c3O GERAL PELA INTERVEN\u00c7\u00c3O JUDICIAL:<\/p>\r\n\r\n\r\n\r\n<p class=\"wp-block-paragraph\">\ud83d\udcccQuarta-feira (19), \u00e0s 14h, sede do Minist\u00e9rio P\u00fablico, na Rua Riachuelo, n\u00ba 115, na S\u00e9, para manifestar apoio ao trabalho do Minist\u00e9rio P\u00fablico e requerer a imediata efetiva\u00e7\u00e3o da interven\u00e7\u00e3o judicial no clube, com a torcida ao lado do MP nessa luta;<\/p>\r\n\r\n\r\n\r\n<p class=\"wp-block-paragraph\">\ud83d\udcccQuinta-feira (20), estaremos apoiando os jogadores visando \u00e0 partida pela Conmebol Libertadores, mas n\u00e3o deixaremos de protestar nas arquibancadas.<\/p>\r\n\r\n\r\n\r\n<p class=\"wp-block-paragraph\">\ud83d\udcccS\u00e1bado (22), convoca\u00e7\u00e3o geral para protesto em frente ao Parque S\u00e3o Jorge, a partir das 10h, onde estaremos pedindo a sa\u00edda de todos aqueles que ainda fazem mal ao glorioso Corinthians.<\/p>\r\n\r\n\r\n\r\n<p class=\"wp-block-paragraph\">&#8220;Contamos com a presen\u00e7a da Fiel Torcida e de todos que compartilham desse sentimento para participarem destas mobiliza\u00e7\u00f5es.<\/p>\r\n\r\n\r\n\r\n<p class=\"wp-block-paragraph\">Nossas manifesta\u00e7\u00f5es ser\u00e3o realizadas de forma pac\u00edfica, demonstrando a uni\u00e3o e a for\u00e7a da torcida, que luta por um Corinthians mais transparente, democr\u00e1tico e livre dos interesses pol\u00edticos que tanto prejudicam o clube.<\/p>\r\n\r\n\r\n\r\n<p class=\"wp-block-paragraph\">O Corinthians \u00e9 do povo. Chega de conchavos. Chega de politicagem.<\/p>\r\n\r\n\r\n\r\n<p class=\"wp-block-paragraph\">INTERVEN\u00c7\u00c3O JUDICIAL J\u00c1!<br \/>FORA TODO MUNDO!<\/p>\r\n\r\n\r\n\r\n<p class=\"wp-block-paragraph\">Pelo Corinthians, com muito amor, at\u00e9 o fim!&#8221;<\/p>\r\n","protected":false},"excerpt":{"rendered":"<p>Corinthians renova contrato de Memphis Depay por mais dois anos, com validade at\u00e9 fim de 2027. Presidente Osmar Stabile relata amea\u00e7as de morte a ele e sua fam\u00edlia por parte de torcedores.<\/p>\n","protected":false},"author":102107496,"featured_media":62175,"comment_status":"open","ping_status":"open","sticky":false,"template":"","format":"standard","meta":{"_coblocks_attr":"","_coblocks_dimensions":"","_coblocks_responsive_height":"","_coblocks_accordion_ie_support":"","_jetpack_newsletter_access":"","_jetpack_dont_email_post_to_subs":false,"_jetpack_newsletter_tier_id":0,"_jetpack_memberships_contains_paywalled_content":false,"_wpcom_ai_launchpad_first_post":false,"_jetpack_feature_clip_id":0,"_jetpack_memberships_contains_paid_content":false,"footnotes":"","jetpack_publicize_message":"","jetpack_publicize_feature_enabled":true,"jetpack_social_post_already_shared":true,"jetpack_social_options":{"image_generator_settings":{"template":"highway","default_image_id":0,"font":"","enabled":false},"version":2},"jetpack_post_was_ever_published":false},"categories":[283656,53870,85628],"tags":[62430369,2609006,44781124,15414200],"class_list":["post-62167","post","type-post","status-publish","format-standard","has-post-thumbnail","hentry","category-ultimas","category-futebol","category-mercado","tag-corinhtinas","tag-gavioes-da-fiel","tag-memphis-depay","tag-osmar-stabile"],"yoast_head":"<!-- This site is optimized with the Yoast SEO plugin v28.3 - https:\/\/yoast.com\/product\/yoast-seo-wordpress\/ -->\n<title>Corinthians renova com Memphis: holand\u00eas se apresenta a Fernando Diniz e torcida pede interven\u00e7\u00e3o judicial no clube - PR\u00d3SPERI NEWS<\/title>\n<meta name=\"robots\" content=\"index, follow, max-snippet:-1, max-image-preview:large, max-video-preview:-1\" \/>\n<link rel=\"canonical\" href=\"https:\/\/blogdoprosperi.com\/?p=62167\" \/>\n<meta property=\"og:locale\" content=\"pt_BR\" \/>\n<meta property=\"og:type\" content=\"article\" \/>\n<meta property=\"og:title\" content=\"Corinthians renova com Memphis: holand\u00eas se apresenta a Fernando Diniz e torcida pede interven\u00e7\u00e3o judicial no clube - PR\u00d3SPERI NEWS\" \/>\n<meta property=\"og:description\" content=\"Corinthians renova contrato de Memphis Depay por mais dois anos, com validade at\u00e9 fim de 2027. Presidente Osmar Stabile relata amea\u00e7as de morte a ele e sua fam\u00edlia por parte de torcedores.\" \/>\n<meta property=\"og:url\" content=\"https:\/\/blogdoprosperi.com\/?p=62167\" \/>\n<meta property=\"og:site_name\" content=\"PR\u00d3SPERI NEWS\" \/>\n<meta property=\"article:publisher\" content=\"Luiz Pr\u00f3speri\" \/>\n<meta property=\"article:author\" content=\"Luiz Pr\u00f3speri\" \/>\n<meta property=\"article:published_time\" content=\"2026-08-18T03:32:49+00:00\" \/>\n<meta property=\"article:modified_time\" content=\"2026-08-18T16:36:16+00:00\" \/>\n<meta property=\"og:image\" content=\"https:\/\/i0.wp.com\/blogdoprosperi.com\/wp-content\/uploads\/2026\/08\/652055711-2026-flamengo-corinthians-atacante-memphis-depay-contrato-salario.webp?fit=1548%2C1161&ssl=1\" \/>\n\t<meta property=\"og:image:width\" content=\"1548\" \/>\n\t<meta property=\"og:image:height\" content=\"1161\" \/>\n\t<meta property=\"og:image:type\" content=\"image\/webp\" \/>\n<meta name=\"author\" content=\"Luiz Ant\u00f4nio Pr\u00f3speri\" \/>\n<meta name=\"twitter:card\" content=\"summary_large_image\" \/>\n<meta name=\"twitter:creator\" content=\"@Luizprosperi\" \/>\n<meta name=\"twitter:site\" content=\"@Luizprosperi\" \/>\n<meta name=\"twitter:label1\" content=\"Escrito por\" \/>\n\t<meta name=\"twitter:data1\" content=\"Luiz Ant\u00f4nio Pr\u00f3speri\" \/>\n\t<meta name=\"twitter:label2\" content=\"Est. tempo de leitura\" \/>\n\t<meta name=\"twitter:data2\" content=\"4 minutos\" \/>\n<script type=\"application\/ld+json\" class=\"yoast-schema-graph\">{\"@context\":\"https:\\\/\\\/schema.org\",\"@graph\":[{\"@type\":\"Article\",\"@id\":\"https:\\\/\\\/blogdoprosperi.com\\\/?p=62167#article\",\"isPartOf\":{\"@id\":\"https:\\\/\\\/blogdoprosperi.com\\\/?p=62167\"},\"author\":{\"name\":\"Luiz Ant\u00f4nio Pr\u00f3speri\",\"@id\":\"https:\\\/\\\/blogdoprosperi.com\\\/#\\\/schema\\\/person\\\/38100755ce3601861ee4fab9b5aa78e9\"},\"headline\":\"Corinthians renova com Memphis: holand\u00eas se apresenta a Fernando Diniz e torcida pede interven\u00e7\u00e3o judicial no clube\",\"datePublished\":\"2026-08-18T03:32:49+00:00\",\"dateModified\":\"2026-08-18T16:36:16+00:00\",\"mainEntityOfPage\":{\"@id\":\"https:\\\/\\\/blogdoprosperi.com\\\/?p=62167\"},\"wordCount\":707,\"commentCount\":0,\"publisher\":{\"@id\":\"https:\\\/\\\/blogdoprosperi.com\\\/#\\\/schema\\\/person\\\/38100755ce3601861ee4fab9b5aa78e9\"},\"image\":{\"@id\":\"https:\\\/\\\/blogdoprosperi.com\\\/?p=62167#primaryimage\"},\"thumbnailUrl\":\"https:\\\/\\\/i0.wp.com\\\/blogdoprosperi.com\\\/wp-content\\\/uploads\\\/2026\\\/08\\\/652055711-2026-flamengo-corinthians-atacante-memphis-depay-contrato-salario.webp?fit=1548%2C1161&ssl=1\",\"keywords\":[\"corinhtinas\",\"Gavi\u00f5es da Fiel\",\"Memphis depay\",\"Osmar st\u00e1bile\"],\"articleSection\":[\"\u00daltimas\",\"futebol\",\"mercado\"],\"inLanguage\":\"pt-BR\",\"potentialAction\":[{\"@type\":\"CommentAction\",\"name\":\"Comment\",\"target\":[\"https:\\\/\\\/blogdoprosperi.com\\\/?p=62167#respond\"]}]},{\"@type\":\"WebPage\",\"@id\":\"https:\\\/\\\/blogdoprosperi.com\\\/?p=62167\",\"url\":\"https:\\\/\\\/blogdoprosperi.com\\\/?p=62167\",\"name\":\"Corinthians renova com Memphis: holand\u00eas se apresenta a Fernando Diniz e torcida pede interven\u00e7\u00e3o judicial no clube - PR\u00d3SPERI NEWS\",\"isPartOf\":{\"@id\":\"https:\\\/\\\/blogdoprosperi.com\\\/#website\"},\"primaryImageOfPage\":{\"@id\":\"https:\\\/\\\/blogdoprosperi.com\\\/?p=62167#primaryimage\"},\"image\":{\"@id\":\"https:\\\/\\\/blogdoprosperi.com\\\/?p=62167#primaryimage\"},\"thumbnailUrl\":\"https:\\\/\\\/i0.wp.com\\\/blogdoprosperi.com\\\/wp-content\\\/uploads\\\/2026\\\/08\\\/652055711-2026-flamengo-corinthians-atacante-memphis-depay-contrato-salario.webp?fit=1548%2C1161&ssl=1\",\"datePublished\":\"2026-08-18T03:32:49+00:00\",\"dateModified\":\"2026-08-18T16:36:16+00:00\",\"breadcrumb\":{\"@id\":\"https:\\\/\\\/blogdoprosperi.com\\\/?p=62167#breadcrumb\"},\"inLanguage\":\"pt-BR\",\"potentialAction\":[{\"@type\":\"ReadAction\",\"target\":[\"https:\\\/\\\/blogdoprosperi.com\\\/?p=62167\"]}]},{\"@type\":\"ImageObject\",\"inLanguage\":\"pt-BR\",\"@id\":\"https:\\\/\\\/blogdoprosperi.com\\\/?p=62167#primaryimage\",\"url\":\"https:\\\/\\\/i0.wp.com\\\/blogdoprosperi.com\\\/wp-content\\\/uploads\\\/2026\\\/08\\\/652055711-2026-flamengo-corinthians-atacante-memphis-depay-contrato-salario.webp?fit=1548%2C1161&ssl=1\",\"contentUrl\":\"https:\\\/\\\/i0.wp.com\\\/blogdoprosperi.com\\\/wp-content\\\/uploads\\\/2026\\\/08\\\/652055711-2026-flamengo-corinthians-atacante-memphis-depay-contrato-salario.webp?fit=1548%2C1161&ssl=1\",\"width\":1548,\"height\":1161,\"caption\":\"Memphis at\u00e9 2027 no Corinthians \u2013 foto: Corinthians oficial\"},{\"@type\":\"BreadcrumbList\",\"@id\":\"https:\\\/\\\/blogdoprosperi.com\\\/?p=62167#breadcrumb\",\"itemListElement\":[{\"@type\":\"ListItem\",\"position\":1,\"name\":\"In\u00edcio\",\"item\":\"https:\\\/\\\/blogdoprosperi.com\\\/\"},{\"@type\":\"ListItem\",\"position\":2,\"name\":\"Corinthians renova com Memphis: holand\u00eas se apresenta a Fernando Diniz e torcida pede interven\u00e7\u00e3o judicial no clube\"}]},{\"@type\":\"WebSite\",\"@id\":\"https:\\\/\\\/blogdoprosperi.com\\\/#website\",\"url\":\"https:\\\/\\\/blogdoprosperi.com\\\/\",\"name\":\"PR\u00d3SPERI NEWS\",\"description\":\"TUDO \u00c9  FUTEBOL\",\"publisher\":{\"@id\":\"https:\\\/\\\/blogdoprosperi.com\\\/#\\\/schema\\\/person\\\/38100755ce3601861ee4fab9b5aa78e9\"},\"alternateName\":\"blogdoprosperi.com\",\"potentialAction\":[{\"@type\":\"SearchAction\",\"target\":{\"@type\":\"EntryPoint\",\"urlTemplate\":\"https:\\\/\\\/blogdoprosperi.com\\\/?s={search_term_string}\"},\"query-input\":{\"@type\":\"PropertyValueSpecification\",\"valueRequired\":true,\"valueName\":\"search_term_string\"}}],\"inLanguage\":\"pt-BR\"},{\"@type\":[\"Person\",\"Organization\"],\"@id\":\"https:\\\/\\\/blogdoprosperi.com\\\/#\\\/schema\\\/person\\\/38100755ce3601861ee4fab9b5aa78e9\",\"name\":\"Luiz Ant\u00f4nio Pr\u00f3speri\",\"pronouns\":\"ele\",\"image\":{\"@type\":\"ImageObject\",\"inLanguage\":\"pt-BR\",\"@id\":\"https:\\\/\\\/i0.wp.com\\\/blogdoprosperi.com\\\/wp-content\\\/uploads\\\/2026\\\/05\\\/cropped-8059e613-6002-42fa-961e-8e275f575d71-2-5.jpg?fit=1360%2C931&ssl=1\",\"url\":\"https:\\\/\\\/i0.wp.com\\\/blogdoprosperi.com\\\/wp-content\\\/uploads\\\/2026\\\/05\\\/cropped-8059e613-6002-42fa-961e-8e275f575d71-2-5.jpg?fit=1360%2C931&ssl=1\",\"contentUrl\":\"https:\\\/\\\/i0.wp.com\\\/blogdoprosperi.com\\\/wp-content\\\/uploads\\\/2026\\\/05\\\/cropped-8059e613-6002-42fa-961e-8e275f575d71-2-5.jpg?fit=1360%2C931&ssl=1\",\"width\":1360,\"height\":931,\"caption\":\"Luiz Ant\u00f4nio Pr\u00f3speri\"},\"logo\":{\"@id\":\"https:\\\/\\\/i0.wp.com\\\/blogdoprosperi.com\\\/wp-content\\\/uploads\\\/2026\\\/05\\\/cropped-8059e613-6002-42fa-961e-8e275f575d71-2-5.jpg?fit=1360%2C931&ssl=1\"},\"description\":\"Jornalista com carreira dedicada ao esporte. Cobriu 9 Copas do Mundo in loco, 1990 na It\u00e1lia, 1994 nos EUA, 1998 na Fran\u00e7a, 2002 na Coreia do Sul e Jap\u00e3o, 2006 na Alemanha, 2010 na \u00c1frica do Sul, 2014 no Brasil, 2018 na R\u00fassia e 2022 no Qatar. Eurocopas, 1992 na Su\u00e9cia e 1996 na Inglaterra. Copa das Confedera\u00e7\u00f5es de 2005 na Alemanha e 2009 na \u00c1frica do Sul. Rep\u00f3rter e Editor, trabalhou no Jornal da Tarde e Estad\u00e3o, de 1984 a fevereiro de 2016. Colunista, blogueiro. E comentarista de futebol na R\u00e1dio Estad\u00e3o, de 2013 a fevereiro de 2016. Jornalista respons\u00e1vel do \\\"Pr\u00f3speri News\\\" (blogdoprosperi.com).\",\"sameAs\":[\"http:\\\/\\\/blogdoprosperi.com\",\"Luiz Pr\u00f3speri\",\"@luiz_prosperi\",\"https:\\\/\\\/x.com\\\/Luizprosperi\",\"@prosperinacopa\",\"luiz.prosperi@icloud.com\"],\"url\":\"https:\\\/\\\/blogdoprosperi.com\\\/?author=102107496\"}]}<\/script>\n<!-- \/ Yoast SEO plugin. -->","yoast_head_json":{"title":"Corinthians renova com Memphis: holand\u00eas se apresenta a Fernando Diniz e torcida pede interven\u00e7\u00e3o judicial no clube - PR\u00d3SPERI NEWS","robots":{"index":"index","follow":"follow","max-snippet":"max-snippet:-1","max-image-preview":"max-image-preview:large","max-video-preview":"max-video-preview:-1"},"canonical":"https:\/\/blogdoprosperi.com\/?p=62167","og_locale":"pt_BR","og_type":"article","og_title":"Corinthians renova com Memphis: holand\u00eas se apresenta a Fernando Diniz e torcida pede interven\u00e7\u00e3o judicial no clube - PR\u00d3SPERI NEWS","og_description":"Corinthians renova contrato de Memphis Depay por mais dois anos, com validade at\u00e9 fim de 2027. Presidente Osmar Stabile relata amea\u00e7as de morte a ele e sua fam\u00edlia por parte de torcedores.","og_url":"https:\/\/blogdoprosperi.com\/?p=62167","og_site_name":"PR\u00d3SPERI NEWS","article_publisher":"Luiz Pr\u00f3speri","article_author":"Luiz Pr\u00f3speri","article_published_time":"2026-08-18T03:32:49+00:00","article_modified_time":"2026-08-18T16:36:16+00:00","og_image":[{"width":1548,"height":1161,"url":"https:\/\/i0.wp.com\/blogdoprosperi.com\/wp-content\/uploads\/2026\/08\/652055711-2026-flamengo-corinthians-atacante-memphis-depay-contrato-salario.webp?fit=1548%2C1161&ssl=1","type":"image\/webp"}],"author":"Luiz Ant\u00f4nio Pr\u00f3speri","twitter_card":"summary_large_image","twitter_creator":"@Luizprosperi","twitter_site":"@Luizprosperi","twitter_misc":{"Escrito por":"Luiz Ant\u00f4nio Pr\u00f3speri","Est. tempo de leitura":"4 minutos"},"schema":{"@context":"https:\/\/schema.org","@graph":[{"@type":"Article","@id":"https:\/\/blogdoprosperi.com\/?p=62167#article","isPartOf":{"@id":"https:\/\/blogdoprosperi.com\/?p=62167"},"author":{"name":"Luiz Ant\u00f4nio Pr\u00f3speri","@id":"https:\/\/blogdoprosperi.com\/#\/schema\/person\/38100755ce3601861ee4fab9b5aa78e9"},"headline":"Corinthians renova com Memphis: holand\u00eas se apresenta a Fernando Diniz e torcida pede interven\u00e7\u00e3o judicial no clube","datePublished":"2026-08-18T03:32:49+00:00","dateModified":"2026-08-18T16:36:16+00:00","mainEntityOfPage":{"@id":"https:\/\/blogdoprosperi.com\/?p=62167"},"wordCount":707,"commentCount":0,"publisher":{"@id":"https:\/\/blogdoprosperi.com\/#\/schema\/person\/38100755ce3601861ee4fab9b5aa78e9"},"image":{"@id":"https:\/\/blogdoprosperi.com\/?p=62167#primaryimage"},"thumbnailUrl":"https:\/\/i0.wp.com\/blogdoprosperi.com\/wp-content\/uploads\/2026\/08\/652055711-2026-flamengo-corinthians-atacante-memphis-depay-contrato-salario.webp?fit=1548%2C1161&ssl=1","keywords":["corinhtinas","Gavi\u00f5es da Fiel","Memphis depay","Osmar st\u00e1bile"],"articleSection":["\u00daltimas","futebol","mercado"],"inLanguage":"pt-BR","potentialAction":[{"@type":"CommentAction","name":"Comment","target":["https:\/\/blogdoprosperi.com\/?p=62167#respond"]}]},{"@type":"WebPage","@id":"https:\/\/blogdoprosperi.com\/?p=62167","url":"https:\/\/blogdoprosperi.com\/?p=62167","name":"Corinthians renova com Memphis: holand\u00eas se apresenta a Fernando Diniz e torcida pede interven\u00e7\u00e3o judicial no clube - PR\u00d3SPERI NEWS","isPartOf":{"@id":"https:\/\/blogdoprosperi.com\/#website"},"primaryImageOfPage":{"@id":"https:\/\/blogdoprosperi.com\/?p=62167#primaryimage"},"image":{"@id":"https:\/\/blogdoprosperi.com\/?p=62167#primaryimage"},"thumbnailUrl":"https:\/\/i0.wp.com\/blogdoprosperi.com\/wp-content\/uploads\/2026\/08\/652055711-2026-flamengo-corinthians-atacante-memphis-depay-contrato-salario.webp?fit=1548%2C1161&ssl=1","datePublished":"2026-08-18T03:32:49+00:00","dateModified":"2026-08-18T16:36:16+00:00","breadcrumb":{"@id":"https:\/\/blogdoprosperi.com\/?p=62167#breadcrumb"},"inLanguage":"pt-BR","potentialAction":[{"@type":"ReadAction","target":["https:\/\/blogdoprosperi.com\/?p=62167"]}]},{"@type":"ImageObject","inLanguage":"pt-BR","@id":"https:\/\/blogdoprosperi.com\/?p=62167#primaryimage","url":"https:\/\/i0.wp.com\/blogdoprosperi.com\/wp-content\/uploads\/2026\/08\/652055711-2026-flamengo-corinthians-atacante-memphis-depay-contrato-salario.webp?fit=1548%2C1161&ssl=1","contentUrl":"https:\/\/i0.wp.com\/blogdoprosperi.com\/wp-content\/uploads\/2026\/08\/652055711-2026-flamengo-corinthians-atacante-memphis-depay-contrato-salario.webp?fit=1548%2C1161&ssl=1","width":1548,"height":1161,"caption":"Memphis at\u00e9 2027 no Corinthians \u2013 foto: Corinthians oficial"},{"@type":"BreadcrumbList","@id":"https:\/\/blogdoprosperi.com\/?p=62167#breadcrumb","itemListElement":[{"@type":"ListItem","position":1,"name":"In\u00edcio","item":"https:\/\/blogdoprosperi.com\/"},{"@type":"ListItem","position":2,"name":"Corinthians renova com Memphis: holand\u00eas se apresenta a Fernando Diniz e torcida pede interven\u00e7\u00e3o judicial no clube"}]},{"@type":"WebSite","@id":"https:\/\/blogdoprosperi.com\/#website","url":"https:\/\/blogdoprosperi.com\/","name":"PR\u00d3SPERI NEWS","description":"TUDO \u00c9  FUTEBOL","publisher":{"@id":"https:\/\/blogdoprosperi.com\/#\/schema\/person\/38100755ce3601861ee4fab9b5aa78e9"},"alternateName":"blogdoprosperi.com","potentialAction":[{"@type":"SearchAction","target":{"@type":"EntryPoint","urlTemplate":"https:\/\/blogdoprosperi.com\/?s={search_term_string}"},"query-input":{"@type":"PropertyValueSpecification","valueRequired":true,"valueName":"search_term_string"}}],"inLanguage":"pt-BR"},{"@type":["Person","Organization"],"@id":"https:\/\/blogdoprosperi.com\/#\/schema\/person\/38100755ce3601861ee4fab9b5aa78e9","name":"Luiz Ant\u00f4nio Pr\u00f3speri","pronouns":"ele","image":{"@type":"ImageObject","inLanguage":"pt-BR","@id":"https:\/\/i0.wp.com\/blogdoprosperi.com\/wp-content\/uploads\/2026\/05\/cropped-8059e613-6002-42fa-961e-8e275f575d71-2-5.jpg?fit=1360%2C931&ssl=1","url":"https:\/\/i0.wp.com\/blogdoprosperi.com\/wp-content\/uploads\/2026\/05\/cropped-8059e613-6002-42fa-961e-8e275f575d71-2-5.jpg?fit=1360%2C931&ssl=1","contentUrl":"https:\/\/i0.wp.com\/blogdoprosperi.com\/wp-content\/uploads\/2026\/05\/cropped-8059e613-6002-42fa-961e-8e275f575d71-2-5.jpg?fit=1360%2C931&ssl=1","width":1360,"height":931,"caption":"Luiz Ant\u00f4nio Pr\u00f3speri"},"logo":{"@id":"https:\/\/i0.wp.com\/blogdoprosperi.com\/wp-content\/uploads\/2026\/05\/cropped-8059e613-6002-42fa-961e-8e275f575d71-2-5.jpg?fit=1360%2C931&ssl=1"},"description":"Jornalista com carreira dedicada ao esporte. Cobriu 9 Copas do Mundo in loco, 1990 na It\u00e1lia, 1994 nos EUA, 1998 na Fran\u00e7a, 2002 na Coreia do Sul e Jap\u00e3o, 2006 na Alemanha, 2010 na \u00c1frica do Sul, 2014 no Brasil, 2018 na R\u00fassia e 2022 no Qatar. Eurocopas, 1992 na Su\u00e9cia e 1996 na Inglaterra. Copa das Confedera\u00e7\u00f5es de 2005 na Alemanha e 2009 na \u00c1frica do Sul. Rep\u00f3rter e Editor, trabalhou no Jornal da Tarde e Estad\u00e3o, de 1984 a fevereiro de 2016. Colunista, blogueiro. E comentarista de futebol na R\u00e1dio Estad\u00e3o, de 2013 a fevereiro de 2016. Jornalista respons\u00e1vel do \"Pr\u00f3speri News\" (blogdoprosperi.com).","sameAs":["http:\/\/blogdoprosperi.com","Luiz Pr\u00f3speri","@luiz_prosperi","https:\/\/x.com\/Luizprosperi","@prosperinacopa","luiz.prosperi@icloud.com"],"url":"https:\/\/blogdoprosperi.com\/?author=102107496"}]}},"jetpack_publicize_connections":[],"jetpack_likes_enabled":false,"jetpack_sharing_enabled":true,"jetpack_shortlink":"https:\/\/wp.me\/p7jvdk-gaH","jetpack-related-posts":[{"id":62034,"url":"https:\/\/blogdoprosperi.com\/?p=62034","url_meta":{"origin":62167,"position":0},"title":"Corinthians n\u00e3o renova contrato de Memphis Depay: perde jogador importante e acumula d\u00edvida de R$ 42 milh\u00f5es","author":"Luiz Ant\u00f4nio Pr\u00f3speri","date":"11 de agosto de 2026","format":false,"excerpt":"Luiz Antonio Pr\u00f3speri \u2013 11 agosto 2026 (16h49) Memphis Depay n\u00e3o joga mais no Corinthians. Por meio de comunicado oficial, divulgado na tarde de ter\u00e7a-feira (11\/8), o clube informa que n\u00e3o vai renovar o contrato do jogador holand\u00eas. \"Esta decis\u00e3o foi tomada \u00fanica e exclusivamente em considera\u00e7\u00e3o \u00e0 sa\u00fade financeira\u2026","rel":"","context":"Em &quot;futebol&quot;","block_context":{"text":"futebol","link":"https:\/\/blogdoprosperi.com\/?cat=53870"},"img":{"alt_text":"","src":"https:\/\/i0.wp.com\/blogdoprosperi.com\/wp-content\/uploads\/2025\/02\/captura-de-tela-2025-02-10-as-15.59.51.png?fit=1200%2C705&ssl=1&resize=350%2C200","width":350,"height":200,"srcset":"https:\/\/i0.wp.com\/blogdoprosperi.com\/wp-content\/uploads\/2025\/02\/captura-de-tela-2025-02-10-as-15.59.51.png?fit=1200%2C705&ssl=1&resize=350%2C200 1x, https:\/\/i0.wp.com\/blogdoprosperi.com\/wp-content\/uploads\/2025\/02\/captura-de-tela-2025-02-10-as-15.59.51.png?fit=1200%2C705&ssl=1&resize=525%2C300 1.5x, https:\/\/i0.wp.com\/blogdoprosperi.com\/wp-content\/uploads\/2025\/02\/captura-de-tela-2025-02-10-as-15.59.51.png?fit=1200%2C705&ssl=1&resize=700%2C400 2x, https:\/\/i0.wp.com\/blogdoprosperi.com\/wp-content\/uploads\/2025\/02\/captura-de-tela-2025-02-10-as-15.59.51.png?fit=1200%2C705&ssl=1&resize=1050%2C600 3x"},"classes":[]},{"id":62105,"url":"https:\/\/blogdoprosperi.com\/?p=62105","url_meta":{"origin":62167,"position":1},"title":"Corinthians em p\u00e2nico espera retomar conversa com Memphis Depay","author":"Luiz Ant\u00f4nio Pr\u00f3speri","date":"14 de agosto de 2026","format":false,"excerpt":"Luiz Ant\u00f4nio Pr\u00f3speri \u2013 14 agosto 2026 (18h59) Corinthians ensaia uma retomada de negocia\u00e7\u00f5es com Memphis Depay. N\u00e3o se trata de uma reviravolta no caso. \u00c9 apenas mais uma manobra do presidente Osmar Stabile e seus pares de diretoria para diminuir a fervura no caldeir\u00e3o. \u00a0Medo da torcida. A explica\u00e7\u00e3o\u2026","rel":"","context":"Em &quot;futebol&quot;","block_context":{"text":"futebol","link":"https:\/\/blogdoprosperi.com\/?cat=53870"},"img":{"alt_text":"","src":"https:\/\/i0.wp.com\/blogdoprosperi.com\/wp-content\/uploads\/2024\/09\/459361509_1099386834884013_2219958867464411228_n-1.jpg?fit=1200%2C1013&ssl=1&resize=350%2C200","width":350,"height":200,"srcset":"https:\/\/i0.wp.com\/blogdoprosperi.com\/wp-content\/uploads\/2024\/09\/459361509_1099386834884013_2219958867464411228_n-1.jpg?fit=1200%2C1013&ssl=1&resize=350%2C200 1x, https:\/\/i0.wp.com\/blogdoprosperi.com\/wp-content\/uploads\/2024\/09\/459361509_1099386834884013_2219958867464411228_n-1.jpg?fit=1200%2C1013&ssl=1&resize=525%2C300 1.5x, https:\/\/i0.wp.com\/blogdoprosperi.com\/wp-content\/uploads\/2024\/09\/459361509_1099386834884013_2219958867464411228_n-1.jpg?fit=1200%2C1013&ssl=1&resize=700%2C400 2x, https:\/\/i0.wp.com\/blogdoprosperi.com\/wp-content\/uploads\/2024\/09\/459361509_1099386834884013_2219958867464411228_n-1.jpg?fit=1200%2C1013&ssl=1&resize=1050%2C600 3x"},"classes":[]},{"id":61211,"url":"https:\/\/blogdoprosperi.com\/?p=61211","url_meta":{"origin":62167,"position":2},"title":"Memphis e Neymar, dois astros no limite","author":"Luiz Ant\u00f4nio Pr\u00f3speri","date":"25 de julho de 2026","format":false,"excerpt":"Luiz Ant\u00f4nio Pr\u00f3speri \u2013 25 julho 2026 (00h17) Corinthians tem at\u00e9 dia 31 de julho para renovar contrato de Memphis Depay. O holand\u00eas diz que est\u00e1 no limite. Insiste em fechar novo acordo por tr\u00eas anos, enquanto o clube paulista bate o p\u00e9, s\u00f3 renova por dois anos. A encrenca\u2026","rel":"","context":"Em &quot;brasileir\u00e3o 2026&quot;","block_context":{"text":"brasileir\u00e3o 2026","link":"https:\/\/blogdoprosperi.com\/?cat=786956679"},"img":{"alt_text":"Memphis e Neymar, \u00eddolos em chama","src":"https:\/\/i0.wp.com\/blogdoprosperi.com\/wp-content\/uploads\/2025\/07\/neymar-depay.jpg?fit=1200%2C893&ssl=1&resize=350%2C200","width":350,"height":200,"srcset":"https:\/\/i0.wp.com\/blogdoprosperi.com\/wp-content\/uploads\/2025\/07\/neymar-depay.jpg?fit=1200%2C893&ssl=1&resize=350%2C200 1x, https:\/\/i0.wp.com\/blogdoprosperi.com\/wp-content\/uploads\/2025\/07\/neymar-depay.jpg?fit=1200%2C893&ssl=1&resize=525%2C300 1.5x, https:\/\/i0.wp.com\/blogdoprosperi.com\/wp-content\/uploads\/2025\/07\/neymar-depay.jpg?fit=1200%2C893&ssl=1&resize=700%2C400 2x, https:\/\/i0.wp.com\/blogdoprosperi.com\/wp-content\/uploads\/2025\/07\/neymar-depay.jpg?fit=1200%2C893&ssl=1&resize=1050%2C600 3x"},"classes":[]},{"id":62303,"url":"https:\/\/blogdoprosperi.com\/?p=62303","url_meta":{"origin":62167,"position":3},"title":"Memphis leva Corinthians \u00e0s quartas da Libertadores e &#8216;abate&#8217; parte da d\u00edvida","author":"Luiz Ant\u00f4nio Pr\u00f3speri","date":"20 de agosto de 2026","format":false,"excerpt":"Luiz Ant\u00f4nio Pr\u00f3speri \u2013 20 agosto 2026 (23h51) Corinthians vence Rosario Central por 1 a 0 e avan\u00e7a \u00e0s quartas de final da Libertadores 2026. Vence gra\u00e7as \u00e0 intelig\u00eancia de Memphis Depay. N\u00e3o fosse o holand\u00eas optar por cobran\u00e7a de falta baixa em vez de alta, talvez o fim da\u2026","rel":"","context":"Em &quot;futebol&quot;","block_context":{"text":"futebol","link":"https:\/\/blogdoprosperi.com\/?cat=53870"},"img":{"alt_text":"","src":"https:\/\/i0.wp.com\/blogdoprosperi.com\/wp-content\/uploads\/2026\/08\/Captura-de-Tela-2026-08-20-as-23.59.19.png?fit=1032%2C664&ssl=1&resize=350%2C200","width":350,"height":200,"srcset":"https:\/\/i0.wp.com\/blogdoprosperi.com\/wp-content\/uploads\/2026\/08\/Captura-de-Tela-2026-08-20-as-23.59.19.png?fit=1032%2C664&ssl=1&resize=350%2C200 1x, https:\/\/i0.wp.com\/blogdoprosperi.com\/wp-content\/uploads\/2026\/08\/Captura-de-Tela-2026-08-20-as-23.59.19.png?fit=1032%2C664&ssl=1&resize=525%2C300 1.5x, https:\/\/i0.wp.com\/blogdoprosperi.com\/wp-content\/uploads\/2026\/08\/Captura-de-Tela-2026-08-20-as-23.59.19.png?fit=1032%2C664&ssl=1&resize=700%2C400 2x"},"classes":[]},{"id":51887,"url":"https:\/\/blogdoprosperi.com\/?p=51887","url_meta":{"origin":62167,"position":4},"title":"De Volta ao Futuro: Neymar Renova Com Santos, Memphis Notifica Corinthians,  S\u00e3o Paulo Troca de Argentinos&#8230;","author":"Luiz Ant\u00f4nio Pr\u00f3speri","date":"25 de junho de 2025","format":false,"excerpt":"Luiz Ant\u00f4nio Pr\u00f3speri \u2013 25 junho (15h20) \u2013 Mundial de Clubes toma conta do Brasil. Canais de TV e Youtube acumulam recordes de audi\u00eancia com transmiss\u00e3o ao vivo dos jogos nos Estados Unidos. N\u00e3o se fala em outra coisa no pa\u00eds. Enquanto isso, futebol brasileiro volta ao futuro com a\u2026","rel":"","context":"Em &quot;futebol&quot;","block_context":{"text":"futebol","link":"https:\/\/blogdoprosperi.com\/?cat=53870"},"img":{"alt_text":"Neymar e Santos, renovado","src":"https:\/\/i0.wp.com\/blogdoprosperi.com\/wp-content\/uploads\/2025\/06\/1_vulcao__2_-22412306-1.webp?fit=800%2C500&ssl=1&resize=350%2C200","width":350,"height":200,"srcset":"https:\/\/i0.wp.com\/blogdoprosperi.com\/wp-content\/uploads\/2025\/06\/1_vulcao__2_-22412306-1.webp?fit=800%2C500&ssl=1&resize=350%2C200 1x, https:\/\/i0.wp.com\/blogdoprosperi.com\/wp-content\/uploads\/2025\/06\/1_vulcao__2_-22412306-1.webp?fit=800%2C500&ssl=1&resize=525%2C300 1.5x, https:\/\/i0.wp.com\/blogdoprosperi.com\/wp-content\/uploads\/2025\/06\/1_vulcao__2_-22412306-1.webp?fit=800%2C500&ssl=1&resize=700%2C400 2x"},"classes":[]},{"id":48085,"url":"https:\/\/blogdoprosperi.com\/?p=48085","url_meta":{"origin":62167,"position":5},"title":"#Cr\u00f4nicaSab\u00e1tica #13 | Conhe\u00e7a o Mundo Memphis no Brasil","author":"Luiz Ant\u00f4nio Pr\u00f3speri","date":"15 de fevereiro de 2025","format":false,"excerpt":"Luiz Ant\u00f4nio Pr\u00f3speri \u2013 15 fevereiro (12h26) \u2013 Cego, surdo e mudo. \u00c9 a tradu\u00e7\u00e3o do gesto de tapar o ouvido adotado por Memphis Depay na comemora\u00e7\u00e3o de seus gols. Eu e meu mundo, seria recado do jogador holand\u00eas contratado pelo Corinthians em setembro de 2024. Certeiro. Memphis vive o\u2026","rel":"","context":"Em &quot;futebol&quot;","block_context":{"text":"futebol","link":"https:\/\/blogdoprosperi.com\/?cat=53870"},"img":{"alt_text":"Memphis Depay comemora 31 anos","src":"https:\/\/i0.wp.com\/blogdoprosperi.com\/wp-content\/uploads\/2025\/02\/a-grande-festa-de-aniversario-de-depay-foto-redes-sociais-1739557800-hq-2.webp?fit=1080%2C540&ssl=1&resize=350%2C200","width":350,"height":200,"srcset":"https:\/\/i0.wp.com\/blogdoprosperi.com\/wp-content\/uploads\/2025\/02\/a-grande-festa-de-aniversario-de-depay-foto-redes-sociais-1739557800-hq-2.webp?fit=1080%2C540&ssl=1&resize=350%2C200 1x, https:\/\/i0.wp.com\/blogdoprosperi.com\/wp-content\/uploads\/2025\/02\/a-grande-festa-de-aniversario-de-depay-foto-redes-sociais-1739557800-hq-2.webp?fit=1080%2C540&ssl=1&resize=525%2C300 1.5x, https:\/\/i0.wp.com\/blogdoprosperi.com\/wp-content\/uploads\/2025\/02\/a-grande-festa-de-aniversario-de-depay-foto-redes-sociais-1739557800-hq-2.webp?fit=1080%2C540&ssl=1&resize=700%2C400 2x, https:\/\/i0.wp.com\/blogdoprosperi.com\/wp-content\/uploads\/2025\/02\/a-grande-festa-de-aniversario-de-depay-foto-redes-sociais-1739557800-hq-2.webp?fit=1080%2C540&ssl=1&resize=1050%2C600 3x"},"classes":[]}],"jetpack_featured_media_url":"https:\/\/i0.wp.com\/blogdoprosperi.com\/wp-content\/uploads\/2026\/08\/652055711-2026-flamengo-corinthians-atacante-memphis-depay-contrato-salario.webp?fit=1548%2C1161&ssl=1","_links":{"self":[{"href":"https:\/\/blogdoprosperi.com\/index.php?rest_route=\/wp\/v2\/posts\/62167","targetHints":{"allow":["GET"]}}],"collection":[{"href":"https:\/\/blogdoprosperi.com\/index.php?rest_route=\/wp\/v2\/posts"}],"about":[{"href":"https:\/\/blogdoprosperi.com\/index.php?rest_route=\/wp\/v2\/types\/post"}],"author":[{"embeddable":true,"href":"https:\/\/blogdoprosperi.com\/index.php?rest_route=\/wp\/v2\/users\/102107496"}],"replies":[{"embeddable":true,"href":"https:\/\/blogdoprosperi.com\/index.php?rest_route=%2Fwp%2Fv2%2Fcomments&post=62167"}],"version-history":[{"count":11,"href":"https:\/\/blogdoprosperi.com\/index.php?rest_route=\/wp\/v2\/posts\/62167\/revisions"}],"predecessor-version":[{"id":62194,"href":"https:\/\/blogdoprosperi.com\/index.php?rest_route=\/wp\/v2\/posts\/62167\/revisions\/62194"}],"wp:featuredmedia":[{"embeddable":true,"href":"https:\/\/blogdoprosperi.com\/index.php?rest_route=\/wp\/v2\/media\/62175"}],"wp:attachment":[{"href":"https:\/\/blogdoprosperi.com\/index.php?rest_route=%2Fwp%2Fv2%2Fmedia&parent=62167"}],"wp:term":[{"taxonomy":"category","embeddable":true,"href":"https:\/\/blogdoprosperi.com\/index.php?rest_route=%2Fwp%2Fv2%2Fcategories&post=62167"},{"taxonomy":"post_tag","embeddable":true,"href":"https:\/\/blogdoprosperi.com\/index.php?rest_route=%2Fwp%2Fv2%2Ftags&post=62167"}],"curies":[{"name":"wp","href":"https:\/\/api.w.org\/{rel}","templated":true}]}}