{"id":62178,"date":"2026-08-18T10:38:57","date_gmt":"2026-08-18T13:38:57","guid":{"rendered":"https:\/\/blogdoprosperi.com\/?p=62178"},"modified":"2026-08-18T16:31:32","modified_gmt":"2026-08-18T19:31:32","slug":"https-wp-me-p7jvdk-gas","status":"publish","type":"post","link":"https:\/\/blogdoprosperi.com\/?p=62178","title":{"rendered":"Guardiola como voc\u00ea nunca viu antes: Document\u00e1rio revela brigas, l\u00e1grimas, impacto do div\u00f3rcio e a poss\u00edvel aposentadoria"},"content":{"rendered":"<p><em>por Sam Lee, The Athletic \u2013 18 de agosto de 2026 (10h37)<\/em><\/p>\n<hr \/>\n<p><strong>aviso de spoilers: este artigo cont\u00e9m spoilers dos quatro epis\u00f3dios de <em>A Beautiful Obsession<\/em>, document\u00e1rio com Pep Guardiola a ser lan\u00e7ado quarta-feira (19\/8) pela Amazon Prime Video no Reino Unido. No Brasil ainda sem previs\u00e3o de lan\u00e7amento.<\/strong><\/p>\n<hr \/>\n<p>Pep Guardiola estava no vesti\u00e1rio visitante do Allianz Stadium, da Juventus, e abriu o cora\u00e7\u00e3o para seus jogadores.<\/p>\n<p><span dir=\"auto\">\u201cPessoal, quero confessar uma coisa\u201d, diz ele em uma cena do novo document\u00e1rio do Manchester City, <em>A Beautiful Obsession<\/em>. \u201cEu sou divorciado da mulher mais linda do planeta, minha esposa, minha ex-esposa.\u201d<\/span><\/p>\n<p><span dir=\"auto\">A s\u00e9rie documental em quatro partes, que ser\u00e1 lan\u00e7ada no Prime Video no Reino Unido e na Irlanda na quarta-feira (19\/8), revela os bastidores das duas \u00faltimas temporadas da d\u00e9cada de Guardiola no comando do Etihad Stadium.<\/span><\/p>\n<p>E uma amea\u00e7a real: n\u00e3o voltar mais ao futebol.<\/p>\n<blockquote><p>Eu nem sei o que vou fazer. Ser\u00e1 dif\u00edcil voltar. Esse \u00e9 o meu sentimento hoje. Preciso renovar muitas coisas que aconteceram na minha vida pessoal \u2013 Pep Guardiola, 55 anos.<\/p><\/blockquote>\n<p><span dir=\"auto\">O document\u00e1rio apresenta diversos momentos sinceros, incluindo as l\u00e1grimas de Kevin De Bruyne ao se deparar com a possibilidade de deixar o City, mensagens de voz trocadas entre membros da diretoria, a raiva do presidente Khaldoon Al Mubarak contra Guardiola por conta de uma escala\u00e7\u00e3o controversa e uma vis\u00e3o sobre as verifica\u00e7\u00f5es de antecedentes feitas no comportamento de Rayan Cherki.<\/span><\/p>\n<p>&nbsp;<\/p>\n<div id=\"frame\" class=\"activated\"><picture><source id=\"webpPlaceholder\" srcset=\"https:\/\/i.ytimg.com\/vi_webp\/IMdixmrNaTU\/hqdefault.webp\" type=\"image\/webp\" \/><source id=\"jpegPlaceholder\" srcset=\"https:\/\/i.ytimg.com\/vi\/IMdixmrNaTU\/hqdefault.jpg\" type=\"image\/jpeg\" \/><img data-recalc-dims=\"1\" decoding=\"async\" id=\"fallbackPlaceholder\" src=\"https:\/\/i0.wp.com\/i.ytimg.com\/vi\/IMdixmrNaTU\/hqdefault.jpg?w=940&#038;ssl=1\" alt=\"Reproduzir: V\u00eddeo\" aria-label=\"Reproduzir: V\u00eddeo\" \/><\/picture><iframe title=\"Video\" src=\"https:\/\/www.youtube.com\/embed\/IMdixmrNaTU?autoplay=0&amp;start=0&amp;null\" frameborder=\"0\" allowfullscreen=\"allowfullscreen\" data-mce-fragment=\"1\"><\/iframe><\/div>\n<p>&nbsp;<\/p>\n<p><span dir=\"auto\">Mas Guardiola assume o protagonismo, desde as discuss\u00f5es no vesti\u00e1rio at\u00e9 as revela\u00e7\u00f5es vulner\u00e1veis \u200b\u200bsobre como a dif\u00edcil temporada 2024-2025 do City \u2014 e o div\u00f3rcio de sua esposa Cristina Serra \u2014 o afetaram e \u00e0 sua gest\u00e3o.<\/span><\/p>\n<p><em><span dir=\"auto\">Aqui est\u00e3o cinco momentos marcantes do document\u00e1rio:<\/span><\/em><\/p>\n<hr \/>\n<h3><span dir=\"auto\">O impacto do div\u00f3rcio de Guardiola<\/span><\/h3>\n<p><span dir=\"auto\">\u00c9 impressionante, especialmente nos dois primeiros epis\u00f3dios, a frequ\u00eancia com que a separa\u00e7\u00e3o de Guardiola da esposa foi mencionada no vesti\u00e1rio e o inevit\u00e1vel impacto que isso teve no catal\u00e3o.<\/span><\/p>\n<p><span dir=\"auto\">No segundo epis\u00f3dio, Manel Estiarte, bra\u00e7o direito de Guardiola, revela que pediu aos jogadores para darem um desconto ao treinador.<\/span><\/p>\n<p><span dir=\"auto\">\u201cEu nunca fui ao vesti\u00e1rio falar com os jogadores \u2014 apenas uma vez\u201d, diz ele. \u201cEles estavam preocupados porque Pep estava nervoso, triste, diferente, e s\u00f3 eu sabia o motivo. Eu disse ao time: &#8216;Voc\u00eas est\u00e3o vendo um ser humano. Ele est\u00e1 se divorciando&#8217;.\u201d<\/span><\/p>\n<p><span dir=\"auto\">O pr\u00f3prio Guardiola comunicou a not\u00edcia \u00e0 sua equipe ap\u00f3s o City ser derrotado pela Juventus,\u00a0<\/span><span dir=\"auto\">a s\u00e9tima derrota em 10 jogos na temporada 2024-25<\/span><span dir=\"auto\">\u00a0.<\/span><\/p>\n<p><span dir=\"auto\">&#8220;Pessoal, quero confessar uma coisa. Estou divorciado da mulher mais linda do planeta, minha esposa, minha ex-esposa. Eu a amo demais, mas a paix\u00e3o acabou. Eu a amo? Sim, com certeza. Ela me ama? Sim, mas a paix\u00e3o acabou.&#8221;<\/span><\/p>\n<p><span dir=\"auto\">\u201cComo se joga futebol? Porque se joga, ou por algo interior?\u201d<\/span><\/p>\n<p><span dir=\"auto\">\u201cEm suas vidas, seja o que for que voc\u00eas forem fazer, fa\u00e7am com paix\u00e3o. Eu n\u00e3o quero bons jogadores, eu quero jogadores com paix\u00e3o.\u201d<\/span><\/p>\n<div id=\"attachment_7519796\" class=\"wp-caption aligncenter\">\n<div class=\"wp-caption-image-container\">\n<p><img data-recalc-dims=\"1\" loading=\"lazy\" decoding=\"async\" class=\"wp-image-7519796 size-full\" src=\"https:\/\/i0.wp.com\/static01.nyt.com\/athletic\/uploads\/wp\/2026\/08\/17155148\/TF102086-Large.jpeg?resize=940%2C593&#038;ssl=1\" sizes=\"auto, (max-width: 1280px) 100vw, 1280px\" srcset=\"https:\/\/static01.nyt.com\/athletic\/uploads\/wp\/2026\/08\/17155148\/TF102086-Large.jpeg 1280w, https:\/\/static01.nyt.com\/athletic\/uploads\/wp\/2026\/08\/17155148\/TF102086-Large-300x189.jpeg 300w, https:\/\/static01.nyt.com\/athletic\/uploads\/wp\/2026\/08\/17155148\/TF102086-Large-1024x646.jpeg 1024w\" alt=\"\" width=\"940\" height=\"593\" data-index=\"3\" \/><\/p>\n<div class=\"inline-credits\">\n<div class=\"inline-credits-container\"><em><span class=\"credits-text\"><span dir=\"auto\">Guardiola discursa para seu elenco no Etihad Stadium <\/span><\/span><span class=\"source-text\"><span dir=\"auto\">(Amazon Prime Video)<\/span><\/span><\/em><\/div>\n<\/div>\n<\/div>\n<\/div>\n<hr \/>\n<h3><span dir=\"auto\">Discuss\u00e3o com Kyle Walker<\/span><\/h3>\n<p><span dir=\"auto\">O primeiro epis\u00f3dio apresenta uma discuss\u00e3o acalorada entre Guardiola e Kyle Walker no vesti\u00e1rio de Anfield, ap\u00f3s\u00a0<\/span><span dir=\"auto\">a derrota do City por 2 a 0 para o Liverpool em dezembro de 2024.<\/span><span dir=\"auto\">\u00a0Guardiola cita jogadores que deveriam ter se sa\u00eddo melhor em certos momentos e comenta como Walker perdeu a posse de bola.<\/span><\/p>\n<p><span dir=\"auto\">\u201cVoc\u00ea fica falando meu nome em todas as reuni\u00f5es e em toda merda de reuni\u00e3o\u201d, responde Walker. \u201cEm toda maldita reuni\u00e3o, \u00e9 o meu nome.\u201d<\/span><\/p>\n<p><span dir=\"auto\">Guardiola responde: &#8220;Talvez porque voc\u00ea seja o capit\u00e3o.&#8221;<\/span><\/p>\n<p><span dir=\"auto\">&#8220;Voc\u00ea n\u00e3o queria que eu fosse capit\u00e3o&#8221;, responde Walker. &#8220;Eu reagi a outra pessoa, perdi a bola e voc\u00ea, de alguma forma, envolve meu nome nisso.&#8221;<\/span><\/p>\n<p><span dir=\"auto\">Guardiola ent\u00e3o se emociona ao compartilhar seus pensamentos com a equipe \u2014 isso aconteceu cerca de duas semanas antes de ele contar sobre seu div\u00f3rcio ap\u00f3s o jogo em Turim.<\/span><\/p>\n<p><span dir=\"auto\">\u201cEsta \u00e9 a minha derrota \u2014 se eu sou um problema, voc\u00ea tem que me dizer. N\u00e3o vou ficar aqui pelo dinheiro ou simplesmente por ficar, n\u00e3o quero sentir que preciso fugir de voc\u00ea.\u201d<\/span><\/p>\n<p><span dir=\"auto\">\u201cSe eu for um problema, me diga. Isso n\u00e3o vai mudar o amor que sinto por voc\u00ea, nem por um segundo.\u201d<\/span><\/p>\n<div id=\"attachment_7519797\" class=\"wp-caption aligncenter\">\n<div class=\"wp-caption-image-container\">\n<p><img data-recalc-dims=\"1\" loading=\"lazy\" decoding=\"async\" class=\"wp-image-7519797 size-full\" src=\"https:\/\/i0.wp.com\/static01.nyt.com\/athletic\/uploads\/wp\/2026\/08\/17155153\/TF209970-Large.jpeg?resize=940%2C626&#038;ssl=1\" sizes=\"auto, (max-width: 1280px) 100vw, 1280px\" srcset=\"https:\/\/static01.nyt.com\/athletic\/uploads\/wp\/2026\/08\/17155153\/TF209970-Large.jpeg 1280w, https:\/\/static01.nyt.com\/athletic\/uploads\/wp\/2026\/08\/17155153\/TF209970-Large-300x200.jpeg 300w, https:\/\/static01.nyt.com\/athletic\/uploads\/wp\/2026\/08\/17155153\/TF209970-Large-1024x682.jpeg 1024w\" alt=\"\" width=\"940\" height=\"626\" data-index=\"5\" \/><\/p>\n<div class=\"inline-credits\">\n<div class=\"inline-credits-container\"><em><span class=\"source-text\"><span dir=\"auto\">Amazon Prime Video<\/span><\/span><\/em><\/div>\n<\/div>\n<\/div>\n<\/div>\n<hr \/>\n<h3><span dir=\"auto\">Explos\u00e3o de raiva ap\u00f3s derrota para o Bayer Leverkusen<\/span><\/h3>\n<p><span dir=\"auto\">Ao longo da s\u00e9rie, h\u00e1 trechos que mostram como Guardiola se tortura com o trabalho. Ap\u00f3s a derrota do City por 4 a 2 para o Paris Saint-Germain na fase de grupos da Liga dos Campe\u00f5es, outro ponto baixo na pior temporada da equipe, ele explica que n\u00e3o queria comer, beber ou dormir.<\/span><\/p>\n<p><span dir=\"auto\">Em outro momento, Estiarte e Pep Lijnders, auxiliar de Guardiola na \u00faltima temporada, explicam o quanto o treinador se culpa por deixar jogadores de fora. Em seguida, a conversa com o time \u00e9 provavelmente a mais marcante dos quatro epis\u00f3dios \u2014 e n\u00e3o se refere \u00e0 conturbada temporada 2024-2025, mas sim \u00e0 derrota por 2 a 0 em casa para o Bayer Leverkusen na \u00faltima temporada, quando ele escalou um time bastante modificado.<\/span><\/p>\n<p><span dir=\"auto\">\u201cTalvez eu devesse me desculpar por ter feito 10 mudan\u00e7as\u201d, ele diz ao elenco. \u201c\u00c9 imposs\u00edvel jogar futebol sem coragem, mas, puta merda, pessoal. Todo mundo tem que mostrar: &#8216;Eu sou o melhor, vou mostrar para esse t\u00e9cnico filho da p*** que sou melhor que os outros&#8217;.\u201d<\/span><\/p>\n<p><span dir=\"auto\">\u201cEu me sinto um completo idiota. Chego aqui \u00e0s 8 da manh\u00e3 e fico horas e horas tentando encontrar algo que chegue at\u00e9 o seu cora\u00e7\u00e3o.\u201d<\/span><\/p>\n<p><span dir=\"auto\">&#8220;Quero transmitir que amo meu trabalho e quero entreg\u00e1-lo a voc\u00eas, e voc\u00eas n\u00e3o o devolvem, pessoal. E sabem o que vai acontecer? Voc\u00eas ter\u00e3o outro gerente.&#8221;<\/span><\/p>\n<p><span dir=\"auto\">&#8220;Quando eu vir uma cara triste no final da temporada, eu mato voc\u00eas. Gente, eu mato voc\u00eas. Quando eu vir a cara de voc\u00eas reclamando de alguma coisa, das minhas decis\u00f5es, eu mato voc\u00eas.&#8221;<\/span><\/p>\n<p><span dir=\"auto\">\u201cQuando eu digo &#8216;Oi&#8217;, voc\u00ea me responde com &#8216;Oi&#8217;. Quando eu digo &#8216;Oi&#8217; e te abra\u00e7o, voc\u00ea me abra\u00e7a. Porque eu trabalho para voc\u00eas, vivo minha vida, meu div\u00f3rcio, minha fam\u00edlia longe e tudo mais, por todos voc\u00eas.\u201d<\/span><\/p>\n<p><span dir=\"auto\">\u201cE o que voc\u00eas retribuem? A p***a da apresenta\u00e7\u00e3o que voc\u00eas fizeram, todos voc\u00eas. \u00c9 uma vergonha, pessoal. Puta merda.\u201d<\/span><\/p>\n<p><span dir=\"auto\">Depois disso, grava\u00e7\u00f5es de \u00e1udio entre o CEO Ferran Soriano e o presidente Al Mubarak mostram que a lideran\u00e7a est\u00e1 insatisfeita com a decis\u00e3o de Guardiola, com Al Mubarak parecendo particularmente irritado. &#8220;Provavelmente um dos momentos mais dif\u00edceis que j\u00e1 vivemos&#8221;, diz ele. &#8220;N\u00e3o consigo nem falar com ele hoje, estou furioso.&#8221;<\/span><\/p>\n<hr \/>\n<h3><span dir=\"auto\">Uma bronca para Erling Haaland<\/span><\/h3>\n<p><span dir=\"auto\">No terceiro epis\u00f3dio, Guardiola critica duramente Erling Haaland no intervalo da final da FA Cup em Wembley.<\/span><\/p>\n<p><span dir=\"auto\">\u201cVoc\u00ea est\u00e1 cansado?\u201d, ele grita. Haaland responde que n\u00e3o. \u201cPor que voc\u00ea n\u00e3o briga pela bola como fez com o (William) Saliba e todos os outros jogadores, na p***a da final? Se voc\u00ea est\u00e1 cansado, me diga agora. Deixei seis jogadores de fora. Seis jogadores de quem me envergonho por ter deixado de fora. Cad\u00ea a sua qualidade? Movimenta\u00e7\u00f5es nas costas da defesa? Na \u00e1rea? Vai!\u201d<\/span><\/p>\n<p><span dir=\"auto\">&#8220;Mesmo assim, Erling, eu te amo como um pai, eu te amo mesmo assim. Mas n\u00e3o se trata disso. Nada mais. Mostre-me que voc\u00ea quer vencer.&#8221;<\/span><\/p>\n<div id=\"attachment_7519951\" class=\"wp-caption alignnone\">\n<div class=\"wp-caption-image-container\">\n<p><img data-recalc-dims=\"1\" loading=\"lazy\" decoding=\"async\" class=\"wp-image-7519951 size-full\" src=\"https:\/\/i0.wp.com\/static01.nyt.com\/athletic\/uploads\/wp\/2026\/08\/17164715\/GettyImages-2272075259-scaled.jpg?resize=940%2C627&#038;ssl=1\" sizes=\"auto, (max-width: 2560px) 100vw, 2560px\" srcset=\"https:\/\/static01.nyt.com\/athletic\/uploads\/wp\/2026\/08\/17164715\/GettyImages-2272075259-scaled.jpg 2560w, https:\/\/static01.nyt.com\/athletic\/uploads\/wp\/2026\/08\/17164715\/GettyImages-2272075259-300x200.jpg 300w, https:\/\/static01.nyt.com\/athletic\/uploads\/wp\/2026\/08\/17164715\/GettyImages-2272075259-1024x683.jpg 1024w, https:\/\/static01.nyt.com\/athletic\/uploads\/wp\/2026\/08\/17164715\/GettyImages-2272075259-1536x1024.jpg 1536w, https:\/\/static01.nyt.com\/athletic\/uploads\/wp\/2026\/08\/17164715\/GettyImages-2272075259-2048x1365.jpg 2048w\" alt=\"\" width=\"940\" height=\"627\" data-index=\"6\" \/><\/p>\n<div class=\"inline-credits\">\n<div class=\"inline-credits-container\"><em><span class=\"credits-text\"><span dir=\"auto\">Nem mesmo o craque Erling Haaland escapa dos padr\u00f5es exigentes de Pep Guardiola.\u00a0<\/span><\/span><span class=\"source-text\"><span dir=\"auto\">Carl Recine\/Getty Images<\/span><\/span><\/em><\/div>\n<\/div>\n<\/div>\n<\/div>\n<hr \/>\n<h3><span dir=\"auto\">As circunst\u00e2ncias de sua sa\u00edda<\/span><\/h3>\n<p><span dir=\"auto\">Foi revelado que Guardiola planejava dar uma coletiva de imprensa para anunciar sua sa\u00edda, mas Soriano o impediu de divulgar a not\u00edcia em primeira m\u00e3o.<\/span><\/p>\n<p><span dir=\"auto\">O que transparece no epis\u00f3dio final \u00e9 que ele n\u00e3o havia comunicado aos jogadores sua sa\u00edda do clube at\u00e9 dois dias antes da \u00faltima partida da temporada. Ele n\u00e3o revelou muita coisa mesmo ap\u00f3s a pen\u00faltima rodada, depois que a not\u00edcia j\u00e1 havia sido divulgada e o empate do City contra o Bournemouth garantiu o t\u00edtulo ao Arsenal.<\/span><\/p>\n<p><span dir=\"auto\">\u201cAgora temos que descansar um pouco e nos preparar para o \u00faltimo jogo, para dar uma despedida digna ao John (Stones), ao Bernie (Bernardo Silva), e na pr\u00f3xima temporada estaremos mais fortes, melhores e mais afiados. Fizemos tudo, mas \u00e0s vezes temos que admitir a derrota, parabenizar o Arsenal e seguir em frente. At\u00e9 amanh\u00e3,\u00a0<\/span><em><span dir=\"auto\">allez<\/span><\/em><span dir=\"auto\"> .\u201d<\/span><\/p>\n<div id=\"inline-graphic\">\n<div class=\"showcase-link-inner-content\">\n<div class=\"showcase-link-text-content\">\n<div class=\"showcase-link-excerpt\"><span dir=\"auto\">Noel Gallagher e jogadores do Manchester City que vivenciaram a experi\u00eancia de trabalhar com Pep Guardiola contam as hist\u00f3rias de seus dez anos no clube.<\/span><\/div>\n<\/div>\n<\/div>\n<\/div>\n<p><span dir=\"auto\">Existem imagens dele caindo em l\u00e1grimas enquanto tenta gravar o v\u00eddeo de despedida que acompanha o an\u00fancio oficial de sua sa\u00edda, e do momento em que ele d\u00e1 a not\u00edcia aos seus jogadores.<\/span><\/p>\n<p><span dir=\"auto\">\u201cN\u00e3o me perguntem por que estou saindo\u201d, diz ele em uma mensagem de v\u00eddeo exibida para o elenco. \u201cN\u00e3o h\u00e1 motivo, mas l\u00e1 no fundo eu sei que chegou a minha hora.\u201d<\/span><\/p>\n<p><span dir=\"auto\">Ele tamb\u00e9m concede uma entrevista em Barcelona algumas semanas ap\u00f3s o t\u00e9rmino da temporada. &#8220;Vencer te d\u00e1 a chance de estender seu contrato, de te dar um emprego, mas n\u00e3o \u00e9 o resultado final da sua felicidade&#8221;, diz ele ao diretor da s\u00e9rie, Kevin MacDonald.<\/span><\/p>\n<p><span dir=\"auto\">\u201cVai ser dif\u00edcil voltar. Preciso renovar muitas coisas. Muitas coisas aconteceram na minha vida pessoal e, profissionalmente, preciso me reencontrar, principalmente ficar sentado vendo o tempo passar. Existe uma palavra em catal\u00e3o chamada &#8216; <\/span><em><span dir=\"auto\">badar<\/span><\/em><span dir=\"auto\">\u00a0&#8216;, e\u00a0<\/span><em><span dir=\"auto\">badar<\/span><\/em><span dir=\"auto\">\u00a0\u00e9 isso\u2026\u201d<\/span><\/p>\n<p><span dir=\"auto\">Ele fica sentado ali, em transe. &#8220;Ent\u00e3o eu vou fazer isso.&#8221;<\/span><\/p>\n<hr \/>\n<div class=\"AuthorByline_AuthorByline__HsXp5\">\n<div class=\"AuthorByline_AuthorBylineContent__az2Kx\">\n<div class=\"AuthorByline_AuthorBylineInnerWrapper__ItK3n\">\n<div class=\"AuthorByline_BylineWrapper__gHA62\">\n<div class=\"AuthorByline_AuthorDescription__eO1ay\">\n<p><strong><span dir=\"auto\">Sam Lee<\/span><\/strong><em><span dir=\"auto\"> \u00e9 o correspondente do Manchester City para o The Athletic. Ele cobre o clube h\u00e1 11 anos, tendo anteriormente ocupado outros cargos no Goal e na BBC, al\u00e9m de trabalhar como freelancer na Am\u00e9rica do Sul.<\/span><\/em><\/p>\n<\/div>\n<\/div>\n<\/div>\n<\/div>\n<\/div>\n","protected":false},"excerpt":{"rendered":"<p>Pep Guardiola vira document\u00e1rio na Amazon Prime Video. Em quatro epis\u00f3dios voc\u00ea vai conhecer Guardiola como nunca viu. Choro, brigas, vida pessoal e o jeito de ser no comando do Manchester City por dez anos.<\/p>\n","protected":false},"author":102107496,"featured_media":40518,"comment_status":"open","ping_status":"open","sticky":false,"template":"","format":"standard","meta":{"_coblocks_attr":"","_coblocks_dimensions":"","_coblocks_responsive_height":"","_coblocks_accordion_ie_support":"","_jetpack_newsletter_access":"","_jetpack_dont_email_post_to_subs":false,"_jetpack_newsletter_tier_id":0,"_jetpack_memberships_contains_paywalled_content":false,"_wpcom_ai_launchpad_first_post":false,"_jetpack_feature_clip_id":0,"_jetpack_memberships_contains_paid_content":false,"footnotes":"","jetpack_publicize_message":"","jetpack_publicize_feature_enabled":true,"jetpack_social_post_already_shared":true,"jetpack_social_options":{"image_generator_settings":{"template":"highway","default_image_id":0,"font":"","enabled":false},"version":2},"jetpack_post_was_ever_published":false},"categories":[283656,53870,1149],"tags":[789560852,789560853,409523,1164251],"class_list":["post-62178","post","type-post","status-publish","format-standard","has-post-thumbnail","hentry","category-ultimas","category-futebol","category-videos","tag-amazon-prime-video","tag-documentario-guardiola","tag-manchester-city","tag-pep-guardiola"],"yoast_head":"<!-- This site is optimized with the Yoast SEO plugin v28.3 - https:\/\/yoast.com\/product\/yoast-seo-wordpress\/ -->\n<title>Guardiola como voc\u00ea nunca viu antes: Document\u00e1rio revela brigas, l\u00e1grimas, impacto do div\u00f3rcio e a poss\u00edvel aposentadoria - PR\u00d3SPERI NEWS<\/title>\n<meta name=\"robots\" content=\"index, follow, max-snippet:-1, max-image-preview:large, max-video-preview:-1\" \/>\n<link rel=\"canonical\" href=\"https:\/\/blogdoprosperi.com\/?p=62178\" \/>\n<meta property=\"og:locale\" content=\"pt_BR\" \/>\n<meta property=\"og:type\" content=\"article\" \/>\n<meta property=\"og:title\" content=\"Guardiola como voc\u00ea nunca viu antes: Document\u00e1rio revela brigas, l\u00e1grimas, impacto do div\u00f3rcio e a poss\u00edvel aposentadoria - PR\u00d3SPERI NEWS\" \/>\n<meta property=\"og:description\" content=\"Pep Guardiola vira document\u00e1rio na Amazon Prime Video. Em quatro epis\u00f3dios voc\u00ea vai conhecer Guardiola como nunca viu. Choro, brigas, vida pessoal e o jeito de ser no comando do Manchester City por dez anos.\" \/>\n<meta property=\"og:url\" content=\"https:\/\/blogdoprosperi.com\/?p=62178\" \/>\n<meta property=\"og:site_name\" content=\"PR\u00d3SPERI NEWS\" \/>\n<meta property=\"article:publisher\" content=\"Luiz Pr\u00f3speri\" \/>\n<meta property=\"article:author\" content=\"Luiz Pr\u00f3speri\" \/>\n<meta property=\"article:published_time\" content=\"2026-08-18T13:38:57+00:00\" \/>\n<meta property=\"article:modified_time\" content=\"2026-08-18T19:31:32+00:00\" \/>\n<meta property=\"og:image\" content=\"https:\/\/i0.wp.com\/blogdoprosperi.com\/wp-content\/uploads\/2022\/12\/gettyimages-1413449937.webp?fit=1620%2C911&ssl=1\" \/>\n\t<meta property=\"og:image:width\" content=\"1620\" \/>\n\t<meta property=\"og:image:height\" content=\"911\" \/>\n\t<meta property=\"og:image:type\" content=\"image\/webp\" \/>\n<meta name=\"author\" content=\"Luiz Ant\u00f4nio Pr\u00f3speri\" \/>\n<meta name=\"twitter:card\" content=\"summary_large_image\" \/>\n<meta name=\"twitter:creator\" content=\"@Luizprosperi\" \/>\n<meta name=\"twitter:site\" content=\"@Luizprosperi\" \/>\n<meta name=\"twitter:label1\" content=\"Escrito por\" \/>\n\t<meta name=\"twitter:data1\" content=\"Luiz Ant\u00f4nio Pr\u00f3speri\" \/>\n\t<meta name=\"twitter:label2\" content=\"Est. tempo de leitura\" \/>\n\t<meta name=\"twitter:data2\" content=\"10 minutos\" \/>\n<script type=\"application\/ld+json\" class=\"yoast-schema-graph\">{\"@context\":\"https:\\\/\\\/schema.org\",\"@graph\":[{\"@type\":\"Article\",\"@id\":\"https:\\\/\\\/blogdoprosperi.com\\\/?p=62178#article\",\"isPartOf\":{\"@id\":\"https:\\\/\\\/blogdoprosperi.com\\\/?p=62178\"},\"author\":{\"name\":\"Luiz Ant\u00f4nio Pr\u00f3speri\",\"@id\":\"https:\\\/\\\/blogdoprosperi.com\\\/#\\\/schema\\\/person\\\/38100755ce3601861ee4fab9b5aa78e9\"},\"headline\":\"Guardiola como voc\u00ea nunca viu antes: Document\u00e1rio revela brigas, l\u00e1grimas, impacto do div\u00f3rcio e a poss\u00edvel aposentadoria\",\"datePublished\":\"2026-08-18T13:38:57+00:00\",\"dateModified\":\"2026-08-18T19:31:32+00:00\",\"mainEntityOfPage\":{\"@id\":\"https:\\\/\\\/blogdoprosperi.com\\\/?p=62178\"},\"wordCount\":1705,\"commentCount\":0,\"publisher\":{\"@id\":\"https:\\\/\\\/blogdoprosperi.com\\\/#\\\/schema\\\/person\\\/38100755ce3601861ee4fab9b5aa78e9\"},\"image\":{\"@id\":\"https:\\\/\\\/blogdoprosperi.com\\\/?p=62178#primaryimage\"},\"thumbnailUrl\":\"https:\\\/\\\/i0.wp.com\\\/blogdoprosperi.com\\\/wp-content\\\/uploads\\\/2022\\\/12\\\/gettyimages-1413449937.webp?fit=1620%2C911&ssl=1\",\"keywords\":[\"Amazon Prime Video\",\"document\u00e1rio Guardiola\",\"Manchester City\",\"Pep Guardiola\"],\"articleSection\":[\"\u00daltimas\",\"futebol\",\"v\u00eddeos\"],\"inLanguage\":\"pt-BR\",\"potentialAction\":[{\"@type\":\"CommentAction\",\"name\":\"Comment\",\"target\":[\"https:\\\/\\\/blogdoprosperi.com\\\/?p=62178#respond\"]}]},{\"@type\":\"WebPage\",\"@id\":\"https:\\\/\\\/blogdoprosperi.com\\\/?p=62178\",\"url\":\"https:\\\/\\\/blogdoprosperi.com\\\/?p=62178\",\"name\":\"Guardiola como voc\u00ea nunca viu antes: Document\u00e1rio revela brigas, l\u00e1grimas, impacto do div\u00f3rcio e a poss\u00edvel aposentadoria - PR\u00d3SPERI NEWS\",\"isPartOf\":{\"@id\":\"https:\\\/\\\/blogdoprosperi.com\\\/#website\"},\"primaryImageOfPage\":{\"@id\":\"https:\\\/\\\/blogdoprosperi.com\\\/?p=62178#primaryimage\"},\"image\":{\"@id\":\"https:\\\/\\\/blogdoprosperi.com\\\/?p=62178#primaryimage\"},\"thumbnailUrl\":\"https:\\\/\\\/i0.wp.com\\\/blogdoprosperi.com\\\/wp-content\\\/uploads\\\/2022\\\/12\\\/gettyimages-1413449937.webp?fit=1620%2C911&ssl=1\",\"datePublished\":\"2026-08-18T13:38:57+00:00\",\"dateModified\":\"2026-08-18T19:31:32+00:00\",\"breadcrumb\":{\"@id\":\"https:\\\/\\\/blogdoprosperi.com\\\/?p=62178#breadcrumb\"},\"inLanguage\":\"pt-BR\",\"potentialAction\":[{\"@type\":\"ReadAction\",\"target\":[\"https:\\\/\\\/blogdoprosperi.com\\\/?p=62178\"]}]},{\"@type\":\"ImageObject\",\"inLanguage\":\"pt-BR\",\"@id\":\"https:\\\/\\\/blogdoprosperi.com\\\/?p=62178#primaryimage\",\"url\":\"https:\\\/\\\/i0.wp.com\\\/blogdoprosperi.com\\\/wp-content\\\/uploads\\\/2022\\\/12\\\/gettyimages-1413449937.webp?fit=1620%2C911&ssl=1\",\"contentUrl\":\"https:\\\/\\\/i0.wp.com\\\/blogdoprosperi.com\\\/wp-content\\\/uploads\\\/2022\\\/12\\\/gettyimages-1413449937.webp?fit=1620%2C911&ssl=1\",\"width\":1620,\"height\":911,\"caption\":\"Document\u00e1rio com Guardiola \u2013 foto: Manchester City oficial\"},{\"@type\":\"BreadcrumbList\",\"@id\":\"https:\\\/\\\/blogdoprosperi.com\\\/?p=62178#breadcrumb\",\"itemListElement\":[{\"@type\":\"ListItem\",\"position\":1,\"name\":\"In\u00edcio\",\"item\":\"https:\\\/\\\/blogdoprosperi.com\\\/\"},{\"@type\":\"ListItem\",\"position\":2,\"name\":\"Guardiola como voc\u00ea nunca viu antes: Document\u00e1rio revela brigas, l\u00e1grimas, impacto do div\u00f3rcio e a poss\u00edvel aposentadoria\"}]},{\"@type\":\"WebSite\",\"@id\":\"https:\\\/\\\/blogdoprosperi.com\\\/#website\",\"url\":\"https:\\\/\\\/blogdoprosperi.com\\\/\",\"name\":\"PR\u00d3SPERI NEWS\",\"description\":\"TUDO \u00c9  FUTEBOL\",\"publisher\":{\"@id\":\"https:\\\/\\\/blogdoprosperi.com\\\/#\\\/schema\\\/person\\\/38100755ce3601861ee4fab9b5aa78e9\"},\"alternateName\":\"blogdoprosperi.com\",\"potentialAction\":[{\"@type\":\"SearchAction\",\"target\":{\"@type\":\"EntryPoint\",\"urlTemplate\":\"https:\\\/\\\/blogdoprosperi.com\\\/?s={search_term_string}\"},\"query-input\":{\"@type\":\"PropertyValueSpecification\",\"valueRequired\":true,\"valueName\":\"search_term_string\"}}],\"inLanguage\":\"pt-BR\"},{\"@type\":[\"Person\",\"Organization\"],\"@id\":\"https:\\\/\\\/blogdoprosperi.com\\\/#\\\/schema\\\/person\\\/38100755ce3601861ee4fab9b5aa78e9\",\"name\":\"Luiz Ant\u00f4nio Pr\u00f3speri\",\"pronouns\":\"ele\",\"image\":{\"@type\":\"ImageObject\",\"inLanguage\":\"pt-BR\",\"@id\":\"https:\\\/\\\/i0.wp.com\\\/blogdoprosperi.com\\\/wp-content\\\/uploads\\\/2026\\\/05\\\/cropped-8059e613-6002-42fa-961e-8e275f575d71-2-5.jpg?fit=1360%2C931&ssl=1\",\"url\":\"https:\\\/\\\/i0.wp.com\\\/blogdoprosperi.com\\\/wp-content\\\/uploads\\\/2026\\\/05\\\/cropped-8059e613-6002-42fa-961e-8e275f575d71-2-5.jpg?fit=1360%2C931&ssl=1\",\"contentUrl\":\"https:\\\/\\\/i0.wp.com\\\/blogdoprosperi.com\\\/wp-content\\\/uploads\\\/2026\\\/05\\\/cropped-8059e613-6002-42fa-961e-8e275f575d71-2-5.jpg?fit=1360%2C931&ssl=1\",\"width\":1360,\"height\":931,\"caption\":\"Luiz Ant\u00f4nio Pr\u00f3speri\"},\"logo\":{\"@id\":\"https:\\\/\\\/i0.wp.com\\\/blogdoprosperi.com\\\/wp-content\\\/uploads\\\/2026\\\/05\\\/cropped-8059e613-6002-42fa-961e-8e275f575d71-2-5.jpg?fit=1360%2C931&ssl=1\"},\"description\":\"Jornalista com carreira dedicada ao esporte. Cobriu 9 Copas do Mundo in loco, 1990 na It\u00e1lia, 1994 nos EUA, 1998 na Fran\u00e7a, 2002 na Coreia do Sul e Jap\u00e3o, 2006 na Alemanha, 2010 na \u00c1frica do Sul, 2014 no Brasil, 2018 na R\u00fassia e 2022 no Qatar. Eurocopas, 1992 na Su\u00e9cia e 1996 na Inglaterra. Copa das Confedera\u00e7\u00f5es de 2005 na Alemanha e 2009 na \u00c1frica do Sul. Rep\u00f3rter e Editor, trabalhou no Jornal da Tarde e Estad\u00e3o, de 1984 a fevereiro de 2016. Colunista, blogueiro. E comentarista de futebol na R\u00e1dio Estad\u00e3o, de 2013 a fevereiro de 2016. Jornalista respons\u00e1vel do \\\"Pr\u00f3speri News\\\" (blogdoprosperi.com).\",\"sameAs\":[\"http:\\\/\\\/blogdoprosperi.com\",\"Luiz Pr\u00f3speri\",\"@luiz_prosperi\",\"https:\\\/\\\/x.com\\\/Luizprosperi\",\"@prosperinacopa\",\"luiz.prosperi@icloud.com\"],\"url\":\"https:\\\/\\\/blogdoprosperi.com\\\/?author=102107496\"}]}<\/script>\n<!-- \/ Yoast SEO plugin. -->","yoast_head_json":{"title":"Guardiola como voc\u00ea nunca viu antes: Document\u00e1rio revela brigas, l\u00e1grimas, impacto do div\u00f3rcio e a poss\u00edvel aposentadoria - PR\u00d3SPERI NEWS","robots":{"index":"index","follow":"follow","max-snippet":"max-snippet:-1","max-image-preview":"max-image-preview:large","max-video-preview":"max-video-preview:-1"},"canonical":"https:\/\/blogdoprosperi.com\/?p=62178","og_locale":"pt_BR","og_type":"article","og_title":"Guardiola como voc\u00ea nunca viu antes: Document\u00e1rio revela brigas, l\u00e1grimas, impacto do div\u00f3rcio e a poss\u00edvel aposentadoria - PR\u00d3SPERI NEWS","og_description":"Pep Guardiola vira document\u00e1rio na Amazon Prime Video. Em quatro epis\u00f3dios voc\u00ea vai conhecer Guardiola como nunca viu. Choro, brigas, vida pessoal e o jeito de ser no comando do Manchester City por dez anos.","og_url":"https:\/\/blogdoprosperi.com\/?p=62178","og_site_name":"PR\u00d3SPERI NEWS","article_publisher":"Luiz Pr\u00f3speri","article_author":"Luiz Pr\u00f3speri","article_published_time":"2026-08-18T13:38:57+00:00","article_modified_time":"2026-08-18T19:31:32+00:00","og_image":[{"width":1620,"height":911,"url":"https:\/\/i0.wp.com\/blogdoprosperi.com\/wp-content\/uploads\/2022\/12\/gettyimages-1413449937.webp?fit=1620%2C911&ssl=1","type":"image\/webp"}],"author":"Luiz Ant\u00f4nio Pr\u00f3speri","twitter_card":"summary_large_image","twitter_creator":"@Luizprosperi","twitter_site":"@Luizprosperi","twitter_misc":{"Escrito por":"Luiz Ant\u00f4nio Pr\u00f3speri","Est. tempo de leitura":"10 minutos"},"schema":{"@context":"https:\/\/schema.org","@graph":[{"@type":"Article","@id":"https:\/\/blogdoprosperi.com\/?p=62178#article","isPartOf":{"@id":"https:\/\/blogdoprosperi.com\/?p=62178"},"author":{"name":"Luiz Ant\u00f4nio Pr\u00f3speri","@id":"https:\/\/blogdoprosperi.com\/#\/schema\/person\/38100755ce3601861ee4fab9b5aa78e9"},"headline":"Guardiola como voc\u00ea nunca viu antes: Document\u00e1rio revela brigas, l\u00e1grimas, impacto do div\u00f3rcio e a poss\u00edvel aposentadoria","datePublished":"2026-08-18T13:38:57+00:00","dateModified":"2026-08-18T19:31:32+00:00","mainEntityOfPage":{"@id":"https:\/\/blogdoprosperi.com\/?p=62178"},"wordCount":1705,"commentCount":0,"publisher":{"@id":"https:\/\/blogdoprosperi.com\/#\/schema\/person\/38100755ce3601861ee4fab9b5aa78e9"},"image":{"@id":"https:\/\/blogdoprosperi.com\/?p=62178#primaryimage"},"thumbnailUrl":"https:\/\/i0.wp.com\/blogdoprosperi.com\/wp-content\/uploads\/2022\/12\/gettyimages-1413449937.webp?fit=1620%2C911&ssl=1","keywords":["Amazon Prime Video","document\u00e1rio Guardiola","Manchester City","Pep Guardiola"],"articleSection":["\u00daltimas","futebol","v\u00eddeos"],"inLanguage":"pt-BR","potentialAction":[{"@type":"CommentAction","name":"Comment","target":["https:\/\/blogdoprosperi.com\/?p=62178#respond"]}]},{"@type":"WebPage","@id":"https:\/\/blogdoprosperi.com\/?p=62178","url":"https:\/\/blogdoprosperi.com\/?p=62178","name":"Guardiola como voc\u00ea nunca viu antes: Document\u00e1rio revela brigas, l\u00e1grimas, impacto do div\u00f3rcio e a poss\u00edvel aposentadoria - PR\u00d3SPERI NEWS","isPartOf":{"@id":"https:\/\/blogdoprosperi.com\/#website"},"primaryImageOfPage":{"@id":"https:\/\/blogdoprosperi.com\/?p=62178#primaryimage"},"image":{"@id":"https:\/\/blogdoprosperi.com\/?p=62178#primaryimage"},"thumbnailUrl":"https:\/\/i0.wp.com\/blogdoprosperi.com\/wp-content\/uploads\/2022\/12\/gettyimages-1413449937.webp?fit=1620%2C911&ssl=1","datePublished":"2026-08-18T13:38:57+00:00","dateModified":"2026-08-18T19:31:32+00:00","breadcrumb":{"@id":"https:\/\/blogdoprosperi.com\/?p=62178#breadcrumb"},"inLanguage":"pt-BR","potentialAction":[{"@type":"ReadAction","target":["https:\/\/blogdoprosperi.com\/?p=62178"]}]},{"@type":"ImageObject","inLanguage":"pt-BR","@id":"https:\/\/blogdoprosperi.com\/?p=62178#primaryimage","url":"https:\/\/i0.wp.com\/blogdoprosperi.com\/wp-content\/uploads\/2022\/12\/gettyimages-1413449937.webp?fit=1620%2C911&ssl=1","contentUrl":"https:\/\/i0.wp.com\/blogdoprosperi.com\/wp-content\/uploads\/2022\/12\/gettyimages-1413449937.webp?fit=1620%2C911&ssl=1","width":1620,"height":911,"caption":"Document\u00e1rio com Guardiola \u2013 foto: Manchester City oficial"},{"@type":"BreadcrumbList","@id":"https:\/\/blogdoprosperi.com\/?p=62178#breadcrumb","itemListElement":[{"@type":"ListItem","position":1,"name":"In\u00edcio","item":"https:\/\/blogdoprosperi.com\/"},{"@type":"ListItem","position":2,"name":"Guardiola como voc\u00ea nunca viu antes: Document\u00e1rio revela brigas, l\u00e1grimas, impacto do div\u00f3rcio e a poss\u00edvel aposentadoria"}]},{"@type":"WebSite","@id":"https:\/\/blogdoprosperi.com\/#website","url":"https:\/\/blogdoprosperi.com\/","name":"PR\u00d3SPERI NEWS","description":"TUDO \u00c9  FUTEBOL","publisher":{"@id":"https:\/\/blogdoprosperi.com\/#\/schema\/person\/38100755ce3601861ee4fab9b5aa78e9"},"alternateName":"blogdoprosperi.com","potentialAction":[{"@type":"SearchAction","target":{"@type":"EntryPoint","urlTemplate":"https:\/\/blogdoprosperi.com\/?s={search_term_string}"},"query-input":{"@type":"PropertyValueSpecification","valueRequired":true,"valueName":"search_term_string"}}],"inLanguage":"pt-BR"},{"@type":["Person","Organization"],"@id":"https:\/\/blogdoprosperi.com\/#\/schema\/person\/38100755ce3601861ee4fab9b5aa78e9","name":"Luiz Ant\u00f4nio Pr\u00f3speri","pronouns":"ele","image":{"@type":"ImageObject","inLanguage":"pt-BR","@id":"https:\/\/i0.wp.com\/blogdoprosperi.com\/wp-content\/uploads\/2026\/05\/cropped-8059e613-6002-42fa-961e-8e275f575d71-2-5.jpg?fit=1360%2C931&ssl=1","url":"https:\/\/i0.wp.com\/blogdoprosperi.com\/wp-content\/uploads\/2026\/05\/cropped-8059e613-6002-42fa-961e-8e275f575d71-2-5.jpg?fit=1360%2C931&ssl=1","contentUrl":"https:\/\/i0.wp.com\/blogdoprosperi.com\/wp-content\/uploads\/2026\/05\/cropped-8059e613-6002-42fa-961e-8e275f575d71-2-5.jpg?fit=1360%2C931&ssl=1","width":1360,"height":931,"caption":"Luiz Ant\u00f4nio Pr\u00f3speri"},"logo":{"@id":"https:\/\/i0.wp.com\/blogdoprosperi.com\/wp-content\/uploads\/2026\/05\/cropped-8059e613-6002-42fa-961e-8e275f575d71-2-5.jpg?fit=1360%2C931&ssl=1"},"description":"Jornalista com carreira dedicada ao esporte. Cobriu 9 Copas do Mundo in loco, 1990 na It\u00e1lia, 1994 nos EUA, 1998 na Fran\u00e7a, 2002 na Coreia do Sul e Jap\u00e3o, 2006 na Alemanha, 2010 na \u00c1frica do Sul, 2014 no Brasil, 2018 na R\u00fassia e 2022 no Qatar. Eurocopas, 1992 na Su\u00e9cia e 1996 na Inglaterra. Copa das Confedera\u00e7\u00f5es de 2005 na Alemanha e 2009 na \u00c1frica do Sul. Rep\u00f3rter e Editor, trabalhou no Jornal da Tarde e Estad\u00e3o, de 1984 a fevereiro de 2016. Colunista, blogueiro. E comentarista de futebol na R\u00e1dio Estad\u00e3o, de 2013 a fevereiro de 2016. Jornalista respons\u00e1vel do \"Pr\u00f3speri News\" (blogdoprosperi.com).","sameAs":["http:\/\/blogdoprosperi.com","Luiz Pr\u00f3speri","@luiz_prosperi","https:\/\/x.com\/Luizprosperi","@prosperinacopa","luiz.prosperi@icloud.com"],"url":"https:\/\/blogdoprosperi.com\/?author=102107496"}]}},"jetpack_publicize_connections":[],"jetpack_likes_enabled":false,"jetpack_sharing_enabled":true,"jetpack_shortlink":"https:\/\/wp.me\/p7jvdk-gaS","jetpack-related-posts":[{"id":60891,"url":"https:\/\/blogdoprosperi.com\/?p=60891","url_meta":{"origin":62178,"position":0},"title":"It\u00e1lia quer Guardiola: Maldini e Leonardo se encontram com o treinador, mas a partida caminha para um jogo sem gols","author":"Luiz Ant\u00f4nio Pr\u00f3speri","date":"20 de julho de 2026","format":false,"excerpt":"Not\u00edcia desta segunda-feira (20\/7) no jornal Gazzetta dello Sport: It\u00e1lia quer Guardiola no comando da sele\u00e7\u00e3o Azzurra. Acompanhe aqui: A disputa pela vaga no banco da Azzurra parece ser uma batalha entre tr\u00eas: Pirlo, Mancini e o catal\u00e3o. Maldini e Leo passaram o fim de semana em Barcelona com ele\u2026","rel":"","context":"Em &quot;futebol&quot;","block_context":{"text":"futebol","link":"https:\/\/blogdoprosperi.com\/?cat=53870"},"img":{"alt_text":"Guardiola \u00e9 tema de document\u00e1rio na Amazon Prime Video","src":"https:\/\/i0.wp.com\/blogdoprosperi.com\/wp-content\/uploads\/2022\/12\/gettyimages-1413449937.webp?fit=1200%2C675&ssl=1&resize=350%2C200","width":350,"height":200,"srcset":"https:\/\/i0.wp.com\/blogdoprosperi.com\/wp-content\/uploads\/2022\/12\/gettyimages-1413449937.webp?fit=1200%2C675&ssl=1&resize=350%2C200 1x, https:\/\/i0.wp.com\/blogdoprosperi.com\/wp-content\/uploads\/2022\/12\/gettyimages-1413449937.webp?fit=1200%2C675&ssl=1&resize=525%2C300 1.5x, https:\/\/i0.wp.com\/blogdoprosperi.com\/wp-content\/uploads\/2022\/12\/gettyimages-1413449937.webp?fit=1200%2C675&ssl=1&resize=700%2C400 2x, https:\/\/i0.wp.com\/blogdoprosperi.com\/wp-content\/uploads\/2022\/12\/gettyimages-1413449937.webp?fit=1200%2C675&ssl=1&resize=1050%2C600 3x"},"classes":[]},{"id":46564,"url":"https:\/\/blogdoprosperi.com\/?p=46564","url_meta":{"origin":62178,"position":1},"title":"Manchester City \u2013 Nenhum Imp\u00e9rio Dura para Sempre | Desafio de Pep Guardiola Ser\u00e1 Fascinante","author":"Luiz Ant\u00f4nio Pr\u00f3speri","date":"26 de novembro de 2024","format":false,"excerpt":"As dificuldades do Manchester City podem ser um contratempo ou o in\u00edcio de um decl\u00ednio terminal. Veremos como um dos maiores treinadores de todos os tempos lida com o enigma. O desafio de Pep Guardiola no relato do analista Jonathan Wilson, do The Guardian, de Londres, reproduzido aqui no Pr\u00f3speri\u2026","rel":"","context":"Em &quot;futebol&quot;","block_context":{"text":"futebol","link":"https:\/\/blogdoprosperi.com\/?cat=53870"},"img":{"alt_text":"Guardiola \u00e9 tema de document\u00e1rio na Amazon Prime Video","src":"https:\/\/i0.wp.com\/blogdoprosperi.com\/wp-content\/uploads\/2022\/12\/gettyimages-1413449937.webp?fit=1200%2C675&ssl=1&resize=350%2C200","width":350,"height":200,"srcset":"https:\/\/i0.wp.com\/blogdoprosperi.com\/wp-content\/uploads\/2022\/12\/gettyimages-1413449937.webp?fit=1200%2C675&ssl=1&resize=350%2C200 1x, https:\/\/i0.wp.com\/blogdoprosperi.com\/wp-content\/uploads\/2022\/12\/gettyimages-1413449937.webp?fit=1200%2C675&ssl=1&resize=525%2C300 1.5x, https:\/\/i0.wp.com\/blogdoprosperi.com\/wp-content\/uploads\/2022\/12\/gettyimages-1413449937.webp?fit=1200%2C675&ssl=1&resize=700%2C400 2x, https:\/\/i0.wp.com\/blogdoprosperi.com\/wp-content\/uploads\/2022\/12\/gettyimages-1413449937.webp?fit=1200%2C675&ssl=1&resize=1050%2C600 3x"},"classes":[]},{"id":58560,"url":"https:\/\/blogdoprosperi.com\/?p=58560","url_meta":{"origin":62178,"position":2},"title":"&#8216;Nada \u00e9 eterno&#8217;: Pep Guardiola confirma sua sa\u00edda do Manchester City ap\u00f3s 10 anos","author":"Luiz Ant\u00f4nio Pr\u00f3speri","date":"22 de maio de 2026","format":false,"excerpt":"\"Eternos ser\u00e3o os sentimentos, as pessoas, as lembran\u00e7as, o amor que tenho pelo meu Manchester City\" \u2013 Pep Guardiola","rel":"","context":"Em &quot;\u00daltimas&quot;","block_context":{"text":"\u00daltimas","link":"https:\/\/blogdoprosperi.com\/?cat=283656"},"img":{"alt_text":"","src":"https:\/\/i0.wp.com\/blogdoprosperi.com\/wp-content\/uploads\/2026\/05\/captura-de-tela-2026-05-22-as-12.19.00.png?fit=1200%2C874&ssl=1&resize=350%2C200","width":350,"height":200,"srcset":"https:\/\/i0.wp.com\/blogdoprosperi.com\/wp-content\/uploads\/2026\/05\/captura-de-tela-2026-05-22-as-12.19.00.png?fit=1200%2C874&ssl=1&resize=350%2C200 1x, https:\/\/i0.wp.com\/blogdoprosperi.com\/wp-content\/uploads\/2026\/05\/captura-de-tela-2026-05-22-as-12.19.00.png?fit=1200%2C874&ssl=1&resize=525%2C300 1.5x, https:\/\/i0.wp.com\/blogdoprosperi.com\/wp-content\/uploads\/2026\/05\/captura-de-tela-2026-05-22-as-12.19.00.png?fit=1200%2C874&ssl=1&resize=700%2C400 2x, https:\/\/i0.wp.com\/blogdoprosperi.com\/wp-content\/uploads\/2026\/05\/captura-de-tela-2026-05-22-as-12.19.00.png?fit=1200%2C874&ssl=1&resize=1050%2C600 3x"},"classes":[]},{"id":56115,"url":"https:\/\/blogdoprosperi.com\/?p=56115","url_meta":{"origin":62178,"position":3},"title":"Guardiola critica as guerras no Sud\u00e3o, Ucr\u00e2nia e Palestina: &#8216;Pessoas Est\u00e3o Morrendo, Voc\u00ea Precisa Ajudar&#8217;","author":"Luiz Ant\u00f4nio Pr\u00f3speri","date":"4 de fevereiro de 2026","format":false,"excerpt":"T\u00e9cnico do Manchester City fala abertamente sobre os conflitos globais ONU relata que os Emirados \u00c1rabes Unidos apoiaram grupo paramilitar sudan\u00eas Jamie Jackson, The Guardian \u2013 4 fevereiro 2026 (16h03) \u2013 Pep Guardiola se manifestou contra os assassinatos em todo o mundo, inclusive no Sud\u00e3o, onde um grupo paramilitar apoiado\u2026","rel":"","context":"Em &quot;futebol&quot;","block_context":{"text":"futebol","link":"https:\/\/blogdoprosperi.com\/?cat=53870"},"img":{"alt_text":"Guardiola \u00e9 tema de document\u00e1rio na Amazon Prime Video","src":"https:\/\/i0.wp.com\/blogdoprosperi.com\/wp-content\/uploads\/2022\/12\/gettyimages-1413449937.webp?fit=1200%2C675&ssl=1&resize=350%2C200","width":350,"height":200,"srcset":"https:\/\/i0.wp.com\/blogdoprosperi.com\/wp-content\/uploads\/2022\/12\/gettyimages-1413449937.webp?fit=1200%2C675&ssl=1&resize=350%2C200 1x, https:\/\/i0.wp.com\/blogdoprosperi.com\/wp-content\/uploads\/2022\/12\/gettyimages-1413449937.webp?fit=1200%2C675&ssl=1&resize=525%2C300 1.5x, https:\/\/i0.wp.com\/blogdoprosperi.com\/wp-content\/uploads\/2022\/12\/gettyimages-1413449937.webp?fit=1200%2C675&ssl=1&resize=700%2C400 2x, https:\/\/i0.wp.com\/blogdoprosperi.com\/wp-content\/uploads\/2022\/12\/gettyimages-1413449937.webp?fit=1200%2C675&ssl=1&resize=1050%2C600 3x"},"classes":[]},{"id":35725,"url":"https:\/\/blogdoprosperi.com\/?p=35725","url_meta":{"origin":62178,"position":4},"title":"Gabriel Jesus salva Guardiola de um desastre na Inglaterra","author":"Luiz Ant\u00f4nio Pr\u00f3speri","date":"30 de abril de 2017","format":false,"excerpt":"Gabriel Jesus quase n\u00e3o pegou na bola no jogo do Manchester City contra o Middlesbrough fora de casa no domingo (30\/4). Mesmo ausente da maioria das a\u00e7\u00f5es ofensivas de seu time, at\u00e9 porque foi pouco procurado pelos companheiros e muito bem marcado, Jesus fez o gol de empate (2 a\u2026","rel":"","context":"Em &quot;futebol&quot;","block_context":{"text":"futebol","link":"https:\/\/blogdoprosperi.com\/?cat=53870"},"img":{"alt_text":"","src":"https:\/\/i0.wp.com\/blogdoprosperi.com\/wp-content\/uploads\/2017\/04\/bore-gabj-joy.jpg?fit=800%2C450&ssl=1&resize=350%2C200","width":350,"height":200,"srcset":"https:\/\/i0.wp.com\/blogdoprosperi.com\/wp-content\/uploads\/2017\/04\/bore-gabj-joy.jpg?fit=800%2C450&ssl=1&resize=350%2C200 1x, https:\/\/i0.wp.com\/blogdoprosperi.com\/wp-content\/uploads\/2017\/04\/bore-gabj-joy.jpg?fit=800%2C450&ssl=1&resize=525%2C300 1.5x, https:\/\/i0.wp.com\/blogdoprosperi.com\/wp-content\/uploads\/2017\/04\/bore-gabj-joy.jpg?fit=800%2C450&ssl=1&resize=700%2C400 2x"},"classes":[]},{"id":26021,"url":"https:\/\/blogdoprosperi.com\/?p=26021","url_meta":{"origin":62178,"position":5},"title":"Mois\u00e9s, do Palmeiras, mas pode me chamar de De Bruyne, do City","author":"Luiz Ant\u00f4nio Pr\u00f3speri","date":"19 de setembro de 2016","format":false,"excerpt":"Pep Guardiola se encantou com Kevin De Bruyne, o condutor do Manchester City, a ponto de dizer que apenas Lionel Messi est\u00e1 acima do belga. Analista mais atento aos movimentos deste extraordin\u00e1rio meia percebe como ele encontra solu\u00e7\u00f5es defensivas e ofensivas e arrasta o time com ele. Mois\u00e9s tamb\u00e9m tem\u2026","rel":"","context":"Em &quot;Campeonato Brasileiro&quot;","block_context":{"text":"Campeonato Brasileiro","link":"https:\/\/blogdoprosperi.com\/?cat=355071"},"img":{"alt_text":"Guardiola: \"De Bruyne, um dos grandes\"","src":"https:\/\/i0.wp.com\/blogdoprosperi.com\/wp-content\/uploads\/2016\/09\/kevin-de-bruyne.jpg?resize=350%2C200","width":350,"height":200,"srcset":"https:\/\/i0.wp.com\/blogdoprosperi.com\/wp-content\/uploads\/2016\/09\/kevin-de-bruyne.jpg?resize=350%2C200 1x, https:\/\/i0.wp.com\/blogdoprosperi.com\/wp-content\/uploads\/2016\/09\/kevin-de-bruyne.jpg?resize=525%2C300 1.5x, https:\/\/i0.wp.com\/blogdoprosperi.com\/wp-content\/uploads\/2016\/09\/kevin-de-bruyne.jpg?resize=700%2C400 2x"},"classes":[]}],"jetpack_featured_media_url":"https:\/\/i0.wp.com\/blogdoprosperi.com\/wp-content\/uploads\/2022\/12\/gettyimages-1413449937.webp?fit=1620%2C911&ssl=1","_links":{"self":[{"href":"https:\/\/blogdoprosperi.com\/index.php?rest_route=\/wp\/v2\/posts\/62178","targetHints":{"allow":["GET"]}}],"collection":[{"href":"https:\/\/blogdoprosperi.com\/index.php?rest_route=\/wp\/v2\/posts"}],"about":[{"href":"https:\/\/blogdoprosperi.com\/index.php?rest_route=\/wp\/v2\/types\/post"}],"author":[{"embeddable":true,"href":"https:\/\/blogdoprosperi.com\/index.php?rest_route=\/wp\/v2\/users\/102107496"}],"replies":[{"embeddable":true,"href":"https:\/\/blogdoprosperi.com\/index.php?rest_route=%2Fwp%2Fv2%2Fcomments&post=62178"}],"version-history":[{"count":15,"href":"https:\/\/blogdoprosperi.com\/index.php?rest_route=\/wp\/v2\/posts\/62178\/revisions"}],"predecessor-version":[{"id":62197,"href":"https:\/\/blogdoprosperi.com\/index.php?rest_route=\/wp\/v2\/posts\/62178\/revisions\/62197"}],"wp:featuredmedia":[{"embeddable":true,"href":"https:\/\/blogdoprosperi.com\/index.php?rest_route=\/wp\/v2\/media\/40518"}],"wp:attachment":[{"href":"https:\/\/blogdoprosperi.com\/index.php?rest_route=%2Fwp%2Fv2%2Fmedia&parent=62178"}],"wp:term":[{"taxonomy":"category","embeddable":true,"href":"https:\/\/blogdoprosperi.com\/index.php?rest_route=%2Fwp%2Fv2%2Fcategories&post=62178"},{"taxonomy":"post_tag","embeddable":true,"href":"https:\/\/blogdoprosperi.com\/index.php?rest_route=%2Fwp%2Fv2%2Ftags&post=62178"}],"curies":[{"name":"wp","href":"https:\/\/api.w.org\/{rel}","templated":true}]}}