{"id":62232,"date":"2026-08-20T17:32:13","date_gmt":"2026-08-20T20:32:13","guid":{"rendered":"https:\/\/blogdoprosperi.com\/?p=62232"},"modified":"2026-08-20T17:32:13","modified_gmt":"2026-08-20T20:32:13","slug":"de-hakimi-a-bremer-as-contratacoes-mais-caras-de-laterais-e-zagueiros","status":"publish","type":"post","link":"https:\/\/blogdoprosperi.com\/?p=62232","title":{"rendered":"De Hakimi a Bremer: as contrata\u00e7\u00f5es mais caras de laterais e zagueiros"},"content":{"rendered":"<p>S\u00e9rie do jornal New York Times \/ The Athletic analisa as transfer\u00eancias mais caras do futebol por idade dos jogadores e posi\u00e7\u00e3o no time.<\/p>\n<p><em>por Conor O&#8217;Neill, Thom Harris e Anantaajith Raghuraman<\/em><\/p>\n<p><em><strong>Acompanhe segundo epis\u00f3dio da s\u00e9rie As Contrata\u00e7\u00f5es Mais Caras &gt; zagueiros e laterais:<\/strong><\/em><\/p>\n<h3>Zagueiros (#epis\u00f3dio2)<\/h3>\n<p><span dir=\"auto\">Enquanto alguns clubes procuram jovens zagueiros com potencial de crescimento, outros valorizam o tipo de conhecimento defensivo que s\u00f3 pode ser adquirido atrav\u00e9s de anos de experi\u00eancia na equipe principal.<\/span><\/p>\n<p><span dir=\"auto\">Isso significa que os valores das transfer\u00eancias para zagueiros permaneceram altos em todas as faixas et\u00e1rias, com o pre\u00e7o de \u00a3 53,3 milh\u00f5es pago por Leny Yoro aos 18 anos n\u00e3o sendo muito superior aos \u00a3 36 milh\u00f5es que o Chelsea gastou em Kalidou Koulibaly, que estava 13 anos mais avan\u00e7ado em sua carreira.<\/span><\/p>\n<p><span dir=\"auto\">No geral, trata-se de um grupo relativamente bem-sucedido de transfer\u00eancias recordes. H\u00e1 alguns casos de excesso de valor \u2014 o valor de Matthijs de Ligt diminuiu gradualmente desde sua temporada de destaque no Ajax, que levou a Juventus a pagar 73,5 milh\u00f5es de libras por seus servi\u00e7os \u2014, mas jogadores como Ruben Dias e Lisandro Martinez constru\u00edram longas carreiras em seus respectivos clubes de Manchester, enquanto Josko Gvardiol e Yoro podem seguir o mesmo caminho na mesma cidade, no Manchester City.<\/span><\/p>\n<p><span dir=\"auto\">A transfer\u00eancia de Lilian Thuram para a Juventus em 2001 \u00e9 uma das primeiras contrata\u00e7\u00f5es milion\u00e1rias de que temos conhecimento, financiada pela sa\u00edda de Zidane para o Real Madrid no mesmo ver\u00e3o. Mas a curva parece se estabilizar por volta dos 33 anos, idade em que at\u00e9 mesmo os zagueiros mais experientes perdem o seu apelo devido a uma queda em suas capacidades f\u00edsicas e velocidade.<\/span><\/p>\n<p><span class=\"alignnone\"><img data-recalc-dims=\"1\" decoding=\"async\" class=\"alignnone size-full wp-image-7508374\" src=\"https:\/\/i0.wp.com\/static01.nyt.com\/athletic\/uploads\/wp\/2026\/08\/12112112\/most_expensive_centre_back_transfers-1.png?w=940&#038;ssl=1\" alt=\"\" data-index=\"4\" \/><\/span><\/p>\n<hr \/>\n<h3><span dir=\"auto\">Laterais-Direitos<\/span><\/h3>\n<p><span dir=\"auto\">Jo\u00e3o Cancelo dificilmente \u00e9 o primeiro nome que vem \u00e0 mente quando se pensa em jogadores de futebol que passaram por v\u00e1rios clubes, mas, mesmo assim, ele aparece tr\u00eas vezes nesta lista, tendo Juventus, City e Al Hilal pago um total de \u00a3112,1 milh\u00f5es por ele.<\/span><\/p>\n<div id=\"attachment_7507978\" class=\"wp-caption alignnone\">\n<div class=\"wp-caption-image-container\">\n<p><img data-recalc-dims=\"1\" loading=\"lazy\" decoding=\"async\" class=\"size-full wp-image-7507978\" src=\"https:\/\/i0.wp.com\/static01.nyt.com\/athletic\/uploads\/wp\/2026\/08\/12073328\/GettyImages-1160306816-scaled.jpg?resize=940%2C626&#038;ssl=1\" sizes=\"auto, (max-width: 2560px) 100vw, 2560px\" srcset=\"https:\/\/static01.nyt.com\/athletic\/uploads\/wp\/2026\/08\/12073328\/GettyImages-1160306816-scaled.jpg 2560w, https:\/\/static01.nyt.com\/athletic\/uploads\/wp\/2026\/08\/12073328\/GettyImages-1160306816-300x200.jpg 300w, https:\/\/static01.nyt.com\/athletic\/uploads\/wp\/2026\/08\/12073328\/GettyImages-1160306816-1024x682.jpg 1024w, https:\/\/static01.nyt.com\/athletic\/uploads\/wp\/2026\/08\/12073328\/GettyImages-1160306816-1536x1023.jpg 1536w, https:\/\/static01.nyt.com\/athletic\/uploads\/wp\/2026\/08\/12073328\/GettyImages-1160306816-2048x1363.jpg 2048w\" alt=\"\" width=\"940\" height=\"626\" data-index=\"5\" \/><\/p>\n<div class=\"wp-caption-image-container\">\n<div class=\"wp-caption-image-container\">\n<div class=\"inline-credits\">\n<div class=\"inline-credits-container\"><em><span dir=\"auto\"><span class=\"credits-text\">Jo\u00e3o Cancelo: sempre caro.\u00a0<\/span><\/span><span dir=\"auto\"><span class=\"source-text\">Oli Scarff\/AFP via Getty Images<\/span><\/span><\/em><\/div>\n<div>\n<hr \/>\n<\/div>\n<\/div>\n<\/div>\n<\/div>\n<p><span dir=\"auto\">Jogadores ingleses representam sete das 20 transfer\u00eancias desta lista, com Kyle Walker e Kieran Trippier aparecendo duas vezes cada. Clubes da Premier League tamb\u00e9m t\u00eam forte presen\u00e7a. O Manchester United fez uma das melhores contrata\u00e7\u00f5es da d\u00e9cada ao contratar o futuro tricampe\u00e3o da Premier League, Rafael, por apenas \u00a32,6 milh\u00f5es. O Chelsea gastou \u00a325,8 milh\u00f5es em Malo Gusto recentemente e quase o dobro disso em Marco Palestra neste ver\u00e3o.<\/span><\/p>\n<p><span dir=\"auto\">O PSG pagou o valor mais alto desta lista para contratar Achraf Hakimi por \u00a358,5 milh\u00f5es, mas provavelmente considerar\u00e1 isso uma pechincha, visto que o capit\u00e3o marroquino os ajudou a conquistar duas Ligas dos Campe\u00f5es consecutivas.<\/span><\/p>\n<p><span dir=\"auto\">Archie Gray se destaca nesta lista, j\u00e1 que sua posi\u00e7\u00e3o preferida \u00e9 no meio-campo central. Mas, nas \u00faltimas tr\u00eas temporadas da liga (uma com o Leeds United na Championship e duas com o Tottenham Hotspur na Premier League), ele jogou 3.102 minutos na lateral direita, aproximadamente 44% do seu tempo total em campo.<\/span><\/p>\n<p><span class=\"alignnone\"><img data-recalc-dims=\"1\" decoding=\"async\" class=\"alignnone size-full wp-image-7508377\" src=\"https:\/\/i0.wp.com\/static01.nyt.com\/athletic\/uploads\/wp\/2026\/08\/12112205\/most_expensive_right_back_transfers-1.png?w=940&#038;ssl=1\" alt=\"\" data-index=\"6\" \/><\/span><\/p>\n<hr \/>\n<div id=\"attachment_7507980\" class=\"wp-caption alignnone\">\n<div class=\"wp-caption-image-container\">\n<div id=\"attachment_7507996\" class=\"wp-caption alignnone\">\n<div class=\"wp-caption-image-container\">\n<div id=\"attachment_7508012\" class=\"wp-caption alignnone\">\n<div class=\"wp-caption-image-container\">\n<h3><span dir=\"auto\">Laterais-esquerdos<\/span><\/h3>\n<p><span dir=\"auto\">O departamento de recrutamento do PSG acertou em cheio ao contratar Nuno Mendes, de 20 anos, do Sporting CP de Lisboa, por 32,7 milh\u00f5es de libras. Foi um valor recorde para um lateral-esquerdo dessa idade, mas o clube foi ricamente recompensado, com Mendes se tornando, possivelmente, o melhor jogador do mundo na posi\u00e7\u00e3o.<\/span><\/p>\n<p><span dir=\"auto\">O valor ultrapassa os 32,2 milh\u00f5es de libras que o Manchester United desembolsou por Luke Shaw, ent\u00e3o com 18 anos, em 2014. No geral, apesar dos seus not\u00f3rios problemas com les\u00f5es, essa transfer\u00eancia tamb\u00e9m se provou um sucesso, com Shaw sendo o jogador h\u00e1 mais tempo no elenco do United atualmente e ainda um pilar da defesa quando est\u00e1 em forma.<\/span><\/p>\n<p><span dir=\"auto\">Problemas f\u00edsicos tamb\u00e9m impediram que o jogador mais caro desta lista, Lucas Hernandez, justificasse plenamente sua transfer\u00eancia de 68,8 milh\u00f5es de libras do Atl\u00e9tico de Madrid para o Bayern de Munique em 2019, antes de ser vendido ao PSG quatro anos depois.<\/span><\/p>\n<p><span dir=\"auto\">As transfer\u00eancias de Marc Cucurella para o Real Madrid e de Lucas Digne para o PSG s\u00e3o as \u00fanicas novas adi\u00e7\u00f5es \u00e0 lista nesta janela de transfer\u00eancias de ver\u00e3o.<\/span><\/p>\n<p><span class=\"alignnone\"><img data-recalc-dims=\"1\" decoding=\"async\" class=\"alignnone size-full wp-image-7508387\" src=\"https:\/\/i0.wp.com\/static01.nyt.com\/athletic\/uploads\/wp\/2026\/08\/12112514\/most_expensive_left_back_transfers-1.png?w=940&#038;ssl=1\" alt=\"\" data-index=\"14\" \/><\/span><\/p>\n<hr \/>\n<\/div>\n<\/div>\n<\/div>\n<\/div>\n<\/div>\n<\/div>\n<\/div>\n<\/div>\n","protected":false},"excerpt":{"rendered":"<p>S\u00e9rie do jornal New York Times \/ The Athletic analisa as transfer\u00eancias mais caras do futebol por idade [&hellip;]<\/p>\n","protected":false},"author":102107496,"featured_media":62284,"comment_status":"open","ping_status":"open","sticky":false,"template":"","format":"standard","meta":{"_coblocks_attr":"","_coblocks_dimensions":"","_coblocks_responsive_height":"","_coblocks_accordion_ie_support":"","_jetpack_newsletter_access":"","_jetpack_dont_email_post_to_subs":false,"_jetpack_newsletter_tier_id":0,"_jetpack_memberships_contains_paywalled_content":false,"_wpcom_ai_launchpad_first_post":false,"_jetpack_feature_clip_id":0,"_jetpack_memberships_contains_paid_content":false,"footnotes":"","jetpack_publicize_message":"","jetpack_publicize_feature_enabled":true,"jetpack_social_post_already_shared":true,"jetpack_social_options":{"image_generator_settings":{"template":"highway","default_image_id":0,"font":"","enabled":false},"version":2},"jetpack_post_was_ever_published":false},"categories":[53870,85628],"tags":[768326,789560856,6864272,789560862,789560864,789560863],"class_list":["post-62232","post","type-post","status-publish","format-standard","has-post-thumbnail","hentry","category-futebol","category-mercado","tag-bremer","tag-contratacoes-mais-caras","tag-hakimi","tag-laterais","tag-liliam-thuram","tag-zagueiros"],"yoast_head":"<!-- This site is optimized with the Yoast SEO plugin v28.3 - https:\/\/yoast.com\/product\/yoast-seo-wordpress\/ -->\n<title>De Hakimi a Bremer: as contrata\u00e7\u00f5es mais caras de laterais e zagueiros - PR\u00d3SPERI NEWS<\/title>\n<meta name=\"robots\" content=\"index, follow, max-snippet:-1, max-image-preview:large, max-video-preview:-1\" \/>\n<link rel=\"canonical\" href=\"https:\/\/blogdoprosperi.com\/?p=62232\" \/>\n<meta property=\"og:locale\" content=\"pt_BR\" \/>\n<meta property=\"og:type\" content=\"article\" \/>\n<meta property=\"og:title\" content=\"De Hakimi a Bremer: as contrata\u00e7\u00f5es mais caras de laterais e zagueiros - PR\u00d3SPERI NEWS\" \/>\n<meta property=\"og:description\" content=\"S\u00e9rie do jornal New York Times \/ The Athletic analisa as transfer\u00eancias mais caras do futebol por idade [&hellip;]\" \/>\n<meta property=\"og:url\" content=\"https:\/\/blogdoprosperi.com\/?p=62232\" \/>\n<meta property=\"og:site_name\" content=\"PR\u00d3SPERI NEWS\" \/>\n<meta property=\"article:publisher\" content=\"Luiz Pr\u00f3speri\" \/>\n<meta property=\"article:author\" content=\"Luiz Pr\u00f3speri\" \/>\n<meta property=\"article:published_time\" content=\"2026-08-20T20:32:13+00:00\" \/>\n<meta property=\"og:image\" content=\"https:\/\/i0.wp.com\/blogdoprosperi.com\/wp-content\/uploads\/2026\/08\/Captura-de-Tela-2026-08-20-as-17.25.52.png?fit=1338%2C1164&ssl=1\" \/>\n\t<meta property=\"og:image:width\" content=\"1338\" \/>\n\t<meta property=\"og:image:height\" content=\"1164\" \/>\n\t<meta property=\"og:image:type\" content=\"image\/png\" \/>\n<meta name=\"author\" content=\"Luiz Ant\u00f4nio Pr\u00f3speri\" \/>\n<meta name=\"twitter:card\" content=\"summary_large_image\" \/>\n<meta name=\"twitter:creator\" content=\"@Luizprosperi\" \/>\n<meta name=\"twitter:site\" content=\"@Luizprosperi\" \/>\n<meta name=\"twitter:label1\" content=\"Escrito por\" \/>\n\t<meta name=\"twitter:data1\" content=\"Luiz Ant\u00f4nio Pr\u00f3speri\" \/>\n\t<meta name=\"twitter:label2\" content=\"Est. tempo de leitura\" \/>\n\t<meta name=\"twitter:data2\" content=\"5 minutos\" \/>\n<script type=\"application\/ld+json\" class=\"yoast-schema-graph\">{\"@context\":\"https:\\\/\\\/schema.org\",\"@graph\":[{\"@type\":\"Article\",\"@id\":\"https:\\\/\\\/blogdoprosperi.com\\\/?p=62232#article\",\"isPartOf\":{\"@id\":\"https:\\\/\\\/blogdoprosperi.com\\\/?p=62232\"},\"author\":{\"name\":\"Luiz Ant\u00f4nio Pr\u00f3speri\",\"@id\":\"https:\\\/\\\/blogdoprosperi.com\\\/#\\\/schema\\\/person\\\/38100755ce3601861ee4fab9b5aa78e9\"},\"headline\":\"De Hakimi a Bremer: as contrata\u00e7\u00f5es mais caras de laterais e zagueiros\",\"datePublished\":\"2026-08-20T20:32:13+00:00\",\"mainEntityOfPage\":{\"@id\":\"https:\\\/\\\/blogdoprosperi.com\\\/?p=62232\"},\"wordCount\":726,\"commentCount\":0,\"publisher\":{\"@id\":\"https:\\\/\\\/blogdoprosperi.com\\\/#\\\/schema\\\/person\\\/38100755ce3601861ee4fab9b5aa78e9\"},\"image\":{\"@id\":\"https:\\\/\\\/blogdoprosperi.com\\\/?p=62232#primaryimage\"},\"thumbnailUrl\":\"https:\\\/\\\/i0.wp.com\\\/blogdoprosperi.com\\\/wp-content\\\/uploads\\\/2026\\\/08\\\/Captura-de-Tela-2026-08-20-as-17.25.52.png?fit=1338%2C1164&ssl=1\",\"keywords\":[\"bremer\",\"contrata\u00e7\u00f5es mais caras\",\"Hakimi\",\"laterais\",\"liliam Thuram\",\"zagueiros\"],\"articleSection\":[\"futebol\",\"mercado\"],\"inLanguage\":\"pt-BR\",\"potentialAction\":[{\"@type\":\"CommentAction\",\"name\":\"Comment\",\"target\":[\"https:\\\/\\\/blogdoprosperi.com\\\/?p=62232#respond\"]}]},{\"@type\":\"WebPage\",\"@id\":\"https:\\\/\\\/blogdoprosperi.com\\\/?p=62232\",\"url\":\"https:\\\/\\\/blogdoprosperi.com\\\/?p=62232\",\"name\":\"De Hakimi a Bremer: as contrata\u00e7\u00f5es mais caras de laterais e zagueiros - PR\u00d3SPERI NEWS\",\"isPartOf\":{\"@id\":\"https:\\\/\\\/blogdoprosperi.com\\\/#website\"},\"primaryImageOfPage\":{\"@id\":\"https:\\\/\\\/blogdoprosperi.com\\\/?p=62232#primaryimage\"},\"image\":{\"@id\":\"https:\\\/\\\/blogdoprosperi.com\\\/?p=62232#primaryimage\"},\"thumbnailUrl\":\"https:\\\/\\\/i0.wp.com\\\/blogdoprosperi.com\\\/wp-content\\\/uploads\\\/2026\\\/08\\\/Captura-de-Tela-2026-08-20-as-17.25.52.png?fit=1338%2C1164&ssl=1\",\"datePublished\":\"2026-08-20T20:32:13+00:00\",\"breadcrumb\":{\"@id\":\"https:\\\/\\\/blogdoprosperi.com\\\/?p=62232#breadcrumb\"},\"inLanguage\":\"pt-BR\",\"potentialAction\":[{\"@type\":\"ReadAction\",\"target\":[\"https:\\\/\\\/blogdoprosperi.com\\\/?p=62232\"]}]},{\"@type\":\"ImageObject\",\"inLanguage\":\"pt-BR\",\"@id\":\"https:\\\/\\\/blogdoprosperi.com\\\/?p=62232#primaryimage\",\"url\":\"https:\\\/\\\/i0.wp.com\\\/blogdoprosperi.com\\\/wp-content\\\/uploads\\\/2026\\\/08\\\/Captura-de-Tela-2026-08-20-as-17.25.52.png?fit=1338%2C1164&ssl=1\",\"contentUrl\":\"https:\\\/\\\/i0.wp.com\\\/blogdoprosperi.com\\\/wp-content\\\/uploads\\\/2026\\\/08\\\/Captura-de-Tela-2026-08-20-as-17.25.52.png?fit=1338%2C1164&ssl=1\",\"width\":1338,\"height\":1164,\"caption\":\"Bremer, zagueiro da Juventus e Sele\u00e7\u00e3o \u2013 foto: Marco Canoniero \\\/ Imago\"},{\"@type\":\"BreadcrumbList\",\"@id\":\"https:\\\/\\\/blogdoprosperi.com\\\/?p=62232#breadcrumb\",\"itemListElement\":[{\"@type\":\"ListItem\",\"position\":1,\"name\":\"In\u00edcio\",\"item\":\"https:\\\/\\\/blogdoprosperi.com\\\/\"},{\"@type\":\"ListItem\",\"position\":2,\"name\":\"De Hakimi a Bremer: as contrata\u00e7\u00f5es mais caras de laterais e zagueiros\"}]},{\"@type\":\"WebSite\",\"@id\":\"https:\\\/\\\/blogdoprosperi.com\\\/#website\",\"url\":\"https:\\\/\\\/blogdoprosperi.com\\\/\",\"name\":\"PR\u00d3SPERI NEWS\",\"description\":\"TUDO \u00c9  FUTEBOL\",\"publisher\":{\"@id\":\"https:\\\/\\\/blogdoprosperi.com\\\/#\\\/schema\\\/person\\\/38100755ce3601861ee4fab9b5aa78e9\"},\"alternateName\":\"blogdoprosperi.com\",\"potentialAction\":[{\"@type\":\"SearchAction\",\"target\":{\"@type\":\"EntryPoint\",\"urlTemplate\":\"https:\\\/\\\/blogdoprosperi.com\\\/?s={search_term_string}\"},\"query-input\":{\"@type\":\"PropertyValueSpecification\",\"valueRequired\":true,\"valueName\":\"search_term_string\"}}],\"inLanguage\":\"pt-BR\"},{\"@type\":[\"Person\",\"Organization\"],\"@id\":\"https:\\\/\\\/blogdoprosperi.com\\\/#\\\/schema\\\/person\\\/38100755ce3601861ee4fab9b5aa78e9\",\"name\":\"Luiz Ant\u00f4nio Pr\u00f3speri\",\"pronouns\":\"ele\",\"image\":{\"@type\":\"ImageObject\",\"inLanguage\":\"pt-BR\",\"@id\":\"https:\\\/\\\/i0.wp.com\\\/blogdoprosperi.com\\\/wp-content\\\/uploads\\\/2026\\\/05\\\/cropped-8059e613-6002-42fa-961e-8e275f575d71-2-5.jpg?fit=1360%2C931&ssl=1\",\"url\":\"https:\\\/\\\/i0.wp.com\\\/blogdoprosperi.com\\\/wp-content\\\/uploads\\\/2026\\\/05\\\/cropped-8059e613-6002-42fa-961e-8e275f575d71-2-5.jpg?fit=1360%2C931&ssl=1\",\"contentUrl\":\"https:\\\/\\\/i0.wp.com\\\/blogdoprosperi.com\\\/wp-content\\\/uploads\\\/2026\\\/05\\\/cropped-8059e613-6002-42fa-961e-8e275f575d71-2-5.jpg?fit=1360%2C931&ssl=1\",\"width\":1360,\"height\":931,\"caption\":\"Luiz Ant\u00f4nio Pr\u00f3speri\"},\"logo\":{\"@id\":\"https:\\\/\\\/i0.wp.com\\\/blogdoprosperi.com\\\/wp-content\\\/uploads\\\/2026\\\/05\\\/cropped-8059e613-6002-42fa-961e-8e275f575d71-2-5.jpg?fit=1360%2C931&ssl=1\"},\"description\":\"Jornalista com carreira dedicada ao esporte. Cobriu 9 Copas do Mundo in loco, 1990 na It\u00e1lia, 1994 nos EUA, 1998 na Fran\u00e7a, 2002 na Coreia do Sul e Jap\u00e3o, 2006 na Alemanha, 2010 na \u00c1frica do Sul, 2014 no Brasil, 2018 na R\u00fassia e 2022 no Qatar. Eurocopas, 1992 na Su\u00e9cia e 1996 na Inglaterra. Copa das Confedera\u00e7\u00f5es de 2005 na Alemanha e 2009 na \u00c1frica do Sul. Rep\u00f3rter e Editor, trabalhou no Jornal da Tarde e Estad\u00e3o, de 1984 a fevereiro de 2016. Colunista, blogueiro. E comentarista de futebol na R\u00e1dio Estad\u00e3o, de 2013 a fevereiro de 2016. Jornalista respons\u00e1vel do \\\"Pr\u00f3speri News\\\" (blogdoprosperi.com).\",\"sameAs\":[\"http:\\\/\\\/blogdoprosperi.com\",\"Luiz Pr\u00f3speri\",\"@luiz_prosperi\",\"https:\\\/\\\/x.com\\\/Luizprosperi\",\"@prosperinacopa\",\"luiz.prosperi@icloud.com\"],\"url\":\"https:\\\/\\\/blogdoprosperi.com\\\/?author=102107496\"}]}<\/script>\n<!-- \/ Yoast SEO plugin. -->","yoast_head_json":{"title":"De Hakimi a Bremer: as contrata\u00e7\u00f5es mais caras de laterais e zagueiros - PR\u00d3SPERI NEWS","robots":{"index":"index","follow":"follow","max-snippet":"max-snippet:-1","max-image-preview":"max-image-preview:large","max-video-preview":"max-video-preview:-1"},"canonical":"https:\/\/blogdoprosperi.com\/?p=62232","og_locale":"pt_BR","og_type":"article","og_title":"De Hakimi a Bremer: as contrata\u00e7\u00f5es mais caras de laterais e zagueiros - PR\u00d3SPERI NEWS","og_description":"S\u00e9rie do jornal New York Times \/ The Athletic analisa as transfer\u00eancias mais caras do futebol por idade [&hellip;]","og_url":"https:\/\/blogdoprosperi.com\/?p=62232","og_site_name":"PR\u00d3SPERI NEWS","article_publisher":"Luiz Pr\u00f3speri","article_author":"Luiz Pr\u00f3speri","article_published_time":"2026-08-20T20:32:13+00:00","og_image":[{"width":1338,"height":1164,"url":"https:\/\/i0.wp.com\/blogdoprosperi.com\/wp-content\/uploads\/2026\/08\/Captura-de-Tela-2026-08-20-as-17.25.52.png?fit=1338%2C1164&ssl=1","type":"image\/png"}],"author":"Luiz Ant\u00f4nio Pr\u00f3speri","twitter_card":"summary_large_image","twitter_creator":"@Luizprosperi","twitter_site":"@Luizprosperi","twitter_misc":{"Escrito por":"Luiz Ant\u00f4nio Pr\u00f3speri","Est. tempo de leitura":"5 minutos"},"schema":{"@context":"https:\/\/schema.org","@graph":[{"@type":"Article","@id":"https:\/\/blogdoprosperi.com\/?p=62232#article","isPartOf":{"@id":"https:\/\/blogdoprosperi.com\/?p=62232"},"author":{"name":"Luiz Ant\u00f4nio Pr\u00f3speri","@id":"https:\/\/blogdoprosperi.com\/#\/schema\/person\/38100755ce3601861ee4fab9b5aa78e9"},"headline":"De Hakimi a Bremer: as contrata\u00e7\u00f5es mais caras de laterais e zagueiros","datePublished":"2026-08-20T20:32:13+00:00","mainEntityOfPage":{"@id":"https:\/\/blogdoprosperi.com\/?p=62232"},"wordCount":726,"commentCount":0,"publisher":{"@id":"https:\/\/blogdoprosperi.com\/#\/schema\/person\/38100755ce3601861ee4fab9b5aa78e9"},"image":{"@id":"https:\/\/blogdoprosperi.com\/?p=62232#primaryimage"},"thumbnailUrl":"https:\/\/i0.wp.com\/blogdoprosperi.com\/wp-content\/uploads\/2026\/08\/Captura-de-Tela-2026-08-20-as-17.25.52.png?fit=1338%2C1164&ssl=1","keywords":["bremer","contrata\u00e7\u00f5es mais caras","Hakimi","laterais","liliam Thuram","zagueiros"],"articleSection":["futebol","mercado"],"inLanguage":"pt-BR","potentialAction":[{"@type":"CommentAction","name":"Comment","target":["https:\/\/blogdoprosperi.com\/?p=62232#respond"]}]},{"@type":"WebPage","@id":"https:\/\/blogdoprosperi.com\/?p=62232","url":"https:\/\/blogdoprosperi.com\/?p=62232","name":"De Hakimi a Bremer: as contrata\u00e7\u00f5es mais caras de laterais e zagueiros - PR\u00d3SPERI NEWS","isPartOf":{"@id":"https:\/\/blogdoprosperi.com\/#website"},"primaryImageOfPage":{"@id":"https:\/\/blogdoprosperi.com\/?p=62232#primaryimage"},"image":{"@id":"https:\/\/blogdoprosperi.com\/?p=62232#primaryimage"},"thumbnailUrl":"https:\/\/i0.wp.com\/blogdoprosperi.com\/wp-content\/uploads\/2026\/08\/Captura-de-Tela-2026-08-20-as-17.25.52.png?fit=1338%2C1164&ssl=1","datePublished":"2026-08-20T20:32:13+00:00","breadcrumb":{"@id":"https:\/\/blogdoprosperi.com\/?p=62232#breadcrumb"},"inLanguage":"pt-BR","potentialAction":[{"@type":"ReadAction","target":["https:\/\/blogdoprosperi.com\/?p=62232"]}]},{"@type":"ImageObject","inLanguage":"pt-BR","@id":"https:\/\/blogdoprosperi.com\/?p=62232#primaryimage","url":"https:\/\/i0.wp.com\/blogdoprosperi.com\/wp-content\/uploads\/2026\/08\/Captura-de-Tela-2026-08-20-as-17.25.52.png?fit=1338%2C1164&ssl=1","contentUrl":"https:\/\/i0.wp.com\/blogdoprosperi.com\/wp-content\/uploads\/2026\/08\/Captura-de-Tela-2026-08-20-as-17.25.52.png?fit=1338%2C1164&ssl=1","width":1338,"height":1164,"caption":"Bremer, zagueiro da Juventus e Sele\u00e7\u00e3o \u2013 foto: Marco Canoniero \/ Imago"},{"@type":"BreadcrumbList","@id":"https:\/\/blogdoprosperi.com\/?p=62232#breadcrumb","itemListElement":[{"@type":"ListItem","position":1,"name":"In\u00edcio","item":"https:\/\/blogdoprosperi.com\/"},{"@type":"ListItem","position":2,"name":"De Hakimi a Bremer: as contrata\u00e7\u00f5es mais caras de laterais e zagueiros"}]},{"@type":"WebSite","@id":"https:\/\/blogdoprosperi.com\/#website","url":"https:\/\/blogdoprosperi.com\/","name":"PR\u00d3SPERI NEWS","description":"TUDO \u00c9  FUTEBOL","publisher":{"@id":"https:\/\/blogdoprosperi.com\/#\/schema\/person\/38100755ce3601861ee4fab9b5aa78e9"},"alternateName":"blogdoprosperi.com","potentialAction":[{"@type":"SearchAction","target":{"@type":"EntryPoint","urlTemplate":"https:\/\/blogdoprosperi.com\/?s={search_term_string}"},"query-input":{"@type":"PropertyValueSpecification","valueRequired":true,"valueName":"search_term_string"}}],"inLanguage":"pt-BR"},{"@type":["Person","Organization"],"@id":"https:\/\/blogdoprosperi.com\/#\/schema\/person\/38100755ce3601861ee4fab9b5aa78e9","name":"Luiz Ant\u00f4nio Pr\u00f3speri","pronouns":"ele","image":{"@type":"ImageObject","inLanguage":"pt-BR","@id":"https:\/\/i0.wp.com\/blogdoprosperi.com\/wp-content\/uploads\/2026\/05\/cropped-8059e613-6002-42fa-961e-8e275f575d71-2-5.jpg?fit=1360%2C931&ssl=1","url":"https:\/\/i0.wp.com\/blogdoprosperi.com\/wp-content\/uploads\/2026\/05\/cropped-8059e613-6002-42fa-961e-8e275f575d71-2-5.jpg?fit=1360%2C931&ssl=1","contentUrl":"https:\/\/i0.wp.com\/blogdoprosperi.com\/wp-content\/uploads\/2026\/05\/cropped-8059e613-6002-42fa-961e-8e275f575d71-2-5.jpg?fit=1360%2C931&ssl=1","width":1360,"height":931,"caption":"Luiz Ant\u00f4nio Pr\u00f3speri"},"logo":{"@id":"https:\/\/i0.wp.com\/blogdoprosperi.com\/wp-content\/uploads\/2026\/05\/cropped-8059e613-6002-42fa-961e-8e275f575d71-2-5.jpg?fit=1360%2C931&ssl=1"},"description":"Jornalista com carreira dedicada ao esporte. Cobriu 9 Copas do Mundo in loco, 1990 na It\u00e1lia, 1994 nos EUA, 1998 na Fran\u00e7a, 2002 na Coreia do Sul e Jap\u00e3o, 2006 na Alemanha, 2010 na \u00c1frica do Sul, 2014 no Brasil, 2018 na R\u00fassia e 2022 no Qatar. Eurocopas, 1992 na Su\u00e9cia e 1996 na Inglaterra. Copa das Confedera\u00e7\u00f5es de 2005 na Alemanha e 2009 na \u00c1frica do Sul. Rep\u00f3rter e Editor, trabalhou no Jornal da Tarde e Estad\u00e3o, de 1984 a fevereiro de 2016. Colunista, blogueiro. E comentarista de futebol na R\u00e1dio Estad\u00e3o, de 2013 a fevereiro de 2016. Jornalista respons\u00e1vel do \"Pr\u00f3speri News\" (blogdoprosperi.com).","sameAs":["http:\/\/blogdoprosperi.com","Luiz Pr\u00f3speri","@luiz_prosperi","https:\/\/x.com\/Luizprosperi","@prosperinacopa","luiz.prosperi@icloud.com"],"url":"https:\/\/blogdoprosperi.com\/?author=102107496"}]}},"jetpack_publicize_connections":[],"jetpack_likes_enabled":false,"jetpack_sharing_enabled":true,"jetpack_shortlink":"https:\/\/wp.me\/p7jvdk-gbK","jetpack-related-posts":[{"id":62125,"url":"https:\/\/blogdoprosperi.com\/?p=62125","url_meta":{"origin":62232,"position":0},"title":"De Bruno Guimar\u00e3es a Neymar (tr\u00eas vezes): as transfer\u00eancias mais caras do futebol por idade e posi\u00e7\u00e3o","author":"Luiz Ant\u00f4nio Pr\u00f3speri","date":"19 de agosto de 2026","format":false,"excerpt":"S\u00e9rie do jornal New York Times \/ The Athletic analisa as transfer\u00eancias mais caras do futebol por idade dos jogadores e posi\u00e7\u00e3o no time. Primeiro epis\u00f3dio fala de Neymar, Bruno Guimar\u00e3es, Rodri e muito mais.","rel":"","context":"Em &quot;futebol&quot;","block_context":{"text":"futebol","link":"https:\/\/blogdoprosperi.com\/?cat=53870"},"img":{"alt_text":"","src":"https:\/\/i0.wp.com\/blogdoprosperi.com\/wp-content\/uploads\/2026\/08\/Captura-de-Tela-2026-08-08-as-15.20.54.png?fit=1200%2C714&ssl=1&resize=350%2C200","width":350,"height":200,"srcset":"https:\/\/i0.wp.com\/blogdoprosperi.com\/wp-content\/uploads\/2026\/08\/Captura-de-Tela-2026-08-08-as-15.20.54.png?fit=1200%2C714&ssl=1&resize=350%2C200 1x, https:\/\/i0.wp.com\/blogdoprosperi.com\/wp-content\/uploads\/2026\/08\/Captura-de-Tela-2026-08-08-as-15.20.54.png?fit=1200%2C714&ssl=1&resize=525%2C300 1.5x, https:\/\/i0.wp.com\/blogdoprosperi.com\/wp-content\/uploads\/2026\/08\/Captura-de-Tela-2026-08-08-as-15.20.54.png?fit=1200%2C714&ssl=1&resize=700%2C400 2x, https:\/\/i0.wp.com\/blogdoprosperi.com\/wp-content\/uploads\/2026\/08\/Captura-de-Tela-2026-08-08-as-15.20.54.png?fit=1200%2C714&ssl=1&resize=1050%2C600 3x"},"classes":[]},{"id":62271,"url":"https:\/\/blogdoprosperi.com\/?p=62271","url_meta":{"origin":62232,"position":1},"title":"De Rodri a Tonali: as contrata\u00e7\u00f5es mais caras de volantes defensivos","author":"Luiz Ant\u00f4nio Pr\u00f3speri","date":"21 de agosto de 2026","format":false,"excerpt":"De Rodri a Tonali, acompanhe terceiro epis\u00f3dio da s\u00e9rie \"As Contrata\u00e7\u00f5es Mais Caras\": os volantes defensivos.","rel":"","context":"Em &quot;\u00daltimas&quot;","block_context":{"text":"\u00daltimas","link":"https:\/\/blogdoprosperi.com\/?cat=283656"},"img":{"alt_text":"","src":"https:\/\/i0.wp.com\/blogdoprosperi.com\/wp-content\/uploads\/2026\/08\/Captura-de-Tela-2026-08-18-as-17.19.06.png?fit=1200%2C714&ssl=1&resize=350%2C200","width":350,"height":200,"srcset":"https:\/\/i0.wp.com\/blogdoprosperi.com\/wp-content\/uploads\/2026\/08\/Captura-de-Tela-2026-08-18-as-17.19.06.png?fit=1200%2C714&ssl=1&resize=350%2C200 1x, https:\/\/i0.wp.com\/blogdoprosperi.com\/wp-content\/uploads\/2026\/08\/Captura-de-Tela-2026-08-18-as-17.19.06.png?fit=1200%2C714&ssl=1&resize=525%2C300 1.5x, https:\/\/i0.wp.com\/blogdoprosperi.com\/wp-content\/uploads\/2026\/08\/Captura-de-Tela-2026-08-18-as-17.19.06.png?fit=1200%2C714&ssl=1&resize=700%2C400 2x, https:\/\/i0.wp.com\/blogdoprosperi.com\/wp-content\/uploads\/2026\/08\/Captura-de-Tela-2026-08-18-as-17.19.06.png?fit=1200%2C714&ssl=1&resize=1050%2C600 3x"},"classes":[]},{"id":62275,"url":"https:\/\/blogdoprosperi.com\/?p=62275","url_meta":{"origin":62232,"position":2},"title":"De Cristiano Ronaldo a Kane: as contrata\u00e7\u00f5es mais caras de centroavantes e goleiros","author":"Luiz Ant\u00f4nio Pr\u00f3speri","date":"26 de agosto de 2026","format":false,"excerpt":"S\u00e9rie do jornal New York Times \/ The Athletic analisa as transfer\u00eancias mais caras do futebol por idade dos jogadores e posi\u00e7\u00e3o no time. por Conor O'Neill, Thom Harris e Anantaajith Raghuraman Acompanhe quinto e \u00faltimo epis\u00f3dio da s\u00e9rie As Contrata\u00e7\u00f5es Mais Caras > centroavantes e goleiros: Centroavantes (#epis\u00f3dio5) Como\u2026","rel":"","context":"Em &quot;\u00daltimas&quot;","block_context":{"text":"\u00daltimas","link":"https:\/\/blogdoprosperi.com\/?cat=283656"},"img":{"alt_text":"","src":"https:\/\/i0.wp.com\/blogdoprosperi.com\/wp-content\/uploads\/2026\/08\/Captura-de-Tela-2026-08-26-as-11.44.28.png?fit=1200%2C970&ssl=1&resize=350%2C200","width":350,"height":200,"srcset":"https:\/\/i0.wp.com\/blogdoprosperi.com\/wp-content\/uploads\/2026\/08\/Captura-de-Tela-2026-08-26-as-11.44.28.png?fit=1200%2C970&ssl=1&resize=350%2C200 1x, https:\/\/i0.wp.com\/blogdoprosperi.com\/wp-content\/uploads\/2026\/08\/Captura-de-Tela-2026-08-26-as-11.44.28.png?fit=1200%2C970&ssl=1&resize=525%2C300 1.5x, https:\/\/i0.wp.com\/blogdoprosperi.com\/wp-content\/uploads\/2026\/08\/Captura-de-Tela-2026-08-26-as-11.44.28.png?fit=1200%2C970&ssl=1&resize=700%2C400 2x, https:\/\/i0.wp.com\/blogdoprosperi.com\/wp-content\/uploads\/2026\/08\/Captura-de-Tela-2026-08-26-as-11.44.28.png?fit=1200%2C970&ssl=1&resize=1050%2C600 3x"},"classes":[]},{"id":62269,"url":"https:\/\/blogdoprosperi.com\/?p=62269","url_meta":{"origin":62232,"position":3},"title":"De Grealish a Vini Jr: as contrata\u00e7\u00f5es mais caras de pontas","author":"Luiz Ant\u00f4nio Pr\u00f3speri","date":"24 de agosto de 2026","format":false,"excerpt":"S\u00e9rie do jornal New York Times \/ The Athletic analisa as transfer\u00eancias mais caras do futebol europeu por idade dos jogadores e posi\u00e7\u00e3o no time. por Conor O'Neill, Thom Harris e Anantaajith Raghuraman Acompanhe quarto epis\u00f3dio da s\u00e9rie As Contrata\u00e7\u00f5es Mais Caras > pontas: Pontas (#epis\u00f3dio4) Pontas\u2013Esquerdas O Dortmund tem\u2026","rel":"","context":"Em &quot;\u00daltimas&quot;","block_context":{"text":"\u00daltimas","link":"https:\/\/blogdoprosperi.com\/?cat=283656"},"img":{"alt_text":"","src":"https:\/\/i0.wp.com\/blogdoprosperi.com\/wp-content\/uploads\/2026\/08\/Captura-de-Tela-2026-08-06-as-15.49.23.png?fit=1004%2C972&ssl=1&resize=350%2C200","width":350,"height":200,"srcset":"https:\/\/i0.wp.com\/blogdoprosperi.com\/wp-content\/uploads\/2026\/08\/Captura-de-Tela-2026-08-06-as-15.49.23.png?fit=1004%2C972&ssl=1&resize=350%2C200 1x, https:\/\/i0.wp.com\/blogdoprosperi.com\/wp-content\/uploads\/2026\/08\/Captura-de-Tela-2026-08-06-as-15.49.23.png?fit=1004%2C972&ssl=1&resize=525%2C300 1.5x, https:\/\/i0.wp.com\/blogdoprosperi.com\/wp-content\/uploads\/2026\/08\/Captura-de-Tela-2026-08-06-as-15.49.23.png?fit=1004%2C972&ssl=1&resize=700%2C400 2x"},"classes":[]},{"id":22570,"url":"https:\/\/blogdoprosperi.com\/?p=22570","url_meta":{"origin":62232,"position":4},"title":"Corinthians e Crist\u00f3v\u00e3o Borges devem a Marlone a virada em cima do Vit\u00f3ria","author":"Luiz Ant\u00f4nio Pr\u00f3speri","date":"22 de agosto de 2016","format":false,"excerpt":"Corinthians volta a vencer no Brasileir\u00e3o ap\u00f3s angustiantes seis rodadas sem um \u00fanico triunfo. De virada, derrotou o desesperado Vit\u00f3ria por 2 a 1 no Itaquer\u00e3o a 9 graus nesta noite de segunda-feira. O resultado, a marcar a reconcilia\u00e7\u00e3o com a torcida, se deve \u00e0 entrada de Marlone no segundo\u2026","rel":"","context":"Em &quot;futebol&quot;","block_context":{"text":"futebol","link":"https:\/\/blogdoprosperi.com\/?cat=53870"},"img":{"alt_text":"","src":"https:\/\/i0.wp.com\/blogdoprosperi.com\/wp-content\/uploads\/2016\/08\/rib_3616.jpg?resize=350%2C200&ssl=1","width":350,"height":200,"srcset":"https:\/\/i0.wp.com\/blogdoprosperi.com\/wp-content\/uploads\/2016\/08\/rib_3616.jpg?resize=350%2C200&ssl=1 1x, https:\/\/i0.wp.com\/blogdoprosperi.com\/wp-content\/uploads\/2016\/08\/rib_3616.jpg?resize=525%2C300&ssl=1 1.5x"},"classes":[]},{"id":34927,"url":"https:\/\/blogdoprosperi.com\/?p=34927","url_meta":{"origin":62232,"position":5},"title":"Dorival J\u00fanior prepara uma revolu\u00e7\u00e3o no Santos","author":"Luiz Ant\u00f4nio Pr\u00f3speri","date":"4 de fevereiro de 2017","format":false,"excerpt":"Dorival J\u00fanior pensa em promover uma revolu\u00e7\u00e3o no jeito de o Santos jogar. Deu uma pequena mostra na expressiva goleada por 6 a 2 em cima do Linense na abertura do Paulist\u00e3o 2017, nesta sexta-feira (03\/2), na Vila Belmiro. Veja abaixo trecho da entrevista que o treinador concedeu ao CHUTEIRA\u2026","rel":"","context":"Em &quot;futebol&quot;","block_context":{"text":"futebol","link":"https:\/\/blogdoprosperi.com\/?cat=53870"},"img":{"alt_text":"","src":"https:\/\/i0.wp.com\/blogdoprosperi.com\/wp-content\/uploads\/2017\/02\/32518464112_89526cd5a9_z.jpg?resize=350%2C200&ssl=1","width":350,"height":200,"srcset":"https:\/\/i0.wp.com\/blogdoprosperi.com\/wp-content\/uploads\/2017\/02\/32518464112_89526cd5a9_z.jpg?resize=350%2C200&ssl=1 1x, https:\/\/i0.wp.com\/blogdoprosperi.com\/wp-content\/uploads\/2017\/02\/32518464112_89526cd5a9_z.jpg?resize=525%2C300&ssl=1 1.5x"},"classes":[]}],"jetpack_featured_media_url":"https:\/\/i0.wp.com\/blogdoprosperi.com\/wp-content\/uploads\/2026\/08\/Captura-de-Tela-2026-08-20-as-17.25.52.png?fit=1338%2C1164&ssl=1","_links":{"self":[{"href":"https:\/\/blogdoprosperi.com\/index.php?rest_route=\/wp\/v2\/posts\/62232","targetHints":{"allow":["GET"]}}],"collection":[{"href":"https:\/\/blogdoprosperi.com\/index.php?rest_route=\/wp\/v2\/posts"}],"about":[{"href":"https:\/\/blogdoprosperi.com\/index.php?rest_route=\/wp\/v2\/types\/post"}],"author":[{"embeddable":true,"href":"https:\/\/blogdoprosperi.com\/index.php?rest_route=\/wp\/v2\/users\/102107496"}],"replies":[{"embeddable":true,"href":"https:\/\/blogdoprosperi.com\/index.php?rest_route=%2Fwp%2Fv2%2Fcomments&post=62232"}],"version-history":[{"count":12,"href":"https:\/\/blogdoprosperi.com\/index.php?rest_route=\/wp\/v2\/posts\/62232\/revisions"}],"predecessor-version":[{"id":62287,"href":"https:\/\/blogdoprosperi.com\/index.php?rest_route=\/wp\/v2\/posts\/62232\/revisions\/62287"}],"wp:featuredmedia":[{"embeddable":true,"href":"https:\/\/blogdoprosperi.com\/index.php?rest_route=\/wp\/v2\/media\/62284"}],"wp:attachment":[{"href":"https:\/\/blogdoprosperi.com\/index.php?rest_route=%2Fwp%2Fv2%2Fmedia&parent=62232"}],"wp:term":[{"taxonomy":"category","embeddable":true,"href":"https:\/\/blogdoprosperi.com\/index.php?rest_route=%2Fwp%2Fv2%2Fcategories&post=62232"},{"taxonomy":"post_tag","embeddable":true,"href":"https:\/\/blogdoprosperi.com\/index.php?rest_route=%2Fwp%2Fv2%2Ftags&post=62232"}],"curies":[{"name":"wp","href":"https:\/\/api.w.org\/{rel}","templated":true}]}}