{"id":62303,"date":"2026-08-20T23:56:03","date_gmt":"2026-08-21T02:56:03","guid":{"rendered":"https:\/\/blogdoprosperi.com\/?p=62303"},"modified":"2026-08-21T09:09:47","modified_gmt":"2026-08-21T12:09:47","slug":"memphis-leva-corinthians-as-quartas-de-final-da-libertadores","status":"publish","type":"post","link":"https:\/\/blogdoprosperi.com\/?p=62303","title":{"rendered":"Memphis leva Corinthians \u00e0s quartas da Libertadores e &#8216;abate&#8217; parte da d\u00edvida"},"content":{"rendered":"<p><em>Luiz Ant\u00f4nio Pr\u00f3speri \u2013 20 agosto 2026 (23h51)<\/em><\/p>\n<p>Corinthians vence Rosario Central por 1 a 0 e avan\u00e7a \u00e0s quartas de final da Libertadores 2026. Vence gra\u00e7as \u00e0 intelig\u00eancia de Memphis Depay. N\u00e3o fosse o holand\u00eas optar por cobran\u00e7a de falta baixa em vez de alta, talvez o fim da hist\u00f3ria teria sido outro. A pedido de Gabriel Paulista, segundo disse o zagueiro, Memphis bate \u00e0 meia altura e Bidon apenas desvia. Gol do Corinthians, o suficiente para garantir a vit\u00f3ria e a classifica\u00e7\u00e3o. Estava escrito nas estrelas.<\/p>\n<p>E, interessante, o Corinthians ter\u00e1 direito a receber R$ 9 milh\u00f5es da Conmebol por avan\u00e7ar \u00e0s quartas da Libertadores. Como o clube deve R$ 135,5 milh\u00f5es (em dois anos do novo contrato) a Memphis Depay, ele mesmo &#8220;abate&#8221; parte da d\u00edvida. Ironia do script da novela clube e jogador.<\/p>\n<p>O enredo, ali\u00e1s, estava pronto de v\u00e9spera. Artista principal: Memphis Depay. Ele decorara seu roteiro h\u00e1 mais de uma semana na epopeia da renova\u00e7\u00e3o de seu contrato. Consegue com a for\u00e7a e press\u00e3o da torcida. E se coloca \u00e0 disposi\u00e7\u00e3o de Diniz para ficar no banco de reservas no jogo de volta contra o Rosario.<\/p>\n<p>Memphis no banco. Corinthians sofrendo com a expuls\u00e3o de Ranielli aos 12 minutos do segundo tempo. Um jogador a menos. Time argentino aguerrido. Atacando e bombardeando a \u00e1rea de Hugo Souza. Era hora de Memphis.<\/p>\n<p>Memphis vai ao jogo. No seu primeiro ato para valer, enxerga na falta sofrida por Bidu a oportunidade de criar uma chance real de gol. Da\u00ed a op\u00e7\u00e3o de bater a falta por baixo e n\u00e3o ao alto em busca do centroavante-zagueiro Gustavo Henrique. Gol de Bidon.<\/p>\n<p>Ent\u00e3o, tudo estava consumado. Vit\u00f3ria com carteira de identidade em nome do Corinthians. Ra\u00e7a e sofrimento. Aquela velha e tradicional hist\u00f3ria escrita nos manuscritos de que isso \u00e9 Corinthians. Vai Corinthians!<\/p>\n<p>Alguma d\u00favida?<\/p>\n<p><em>Assim, as quartas de final da Libertadores est\u00e3o desenhadas:<\/em><\/p>\n<hr>\n<p><strong><em>Corinthians x Estudiantes (Argentina)<\/em><\/strong><\/p>\n<p><strong><em>Flamengo x vencedor de Tolima e Independente Del Valle<\/em><\/strong><\/p>\n<h3>Do outro lado da chave:<\/h3>\n<p><strong><em>Palmeiras x LDU<\/em><\/strong><\/p>\n<p><strong><em>Fluminense x Platense<\/em><\/strong><\/p>\n<hr>\n<p><span class=\"alignnone\"><img data-recalc-dims=\"1\" loading=\"lazy\" decoding=\"async\" data-attachment-id=\"62312\" data-permalink=\"https:\/\/blogdoprosperi.com\/?attachment_id=62312\" data-orig-file=\"https:\/\/i0.wp.com\/blogdoprosperi.com\/wp-content\/uploads\/2026\/08\/HQNo2-XcAEMC00.jpeg?fit=960%2C1200&amp;ssl=1\" data-orig-size=\"960,1200\" data-comments-opened=\"1\" data-image-meta=\"{&quot;aperture&quot;:&quot;0&quot;,&quot;credit&quot;:&quot;&quot;,&quot;camera&quot;:&quot;&quot;,&quot;caption&quot;:&quot;&quot;,&quot;created_timestamp&quot;:&quot;0&quot;,&quot;copyright&quot;:&quot;&quot;,&quot;focal_length&quot;:&quot;0&quot;,&quot;iso&quot;:&quot;0&quot;,&quot;shutter_speed&quot;:&quot;0&quot;,&quot;title&quot;:&quot;&quot;,&quot;orientation&quot;:&quot;0&quot;,&quot;alt&quot;:&quot;&quot;}\" data-image-title=\"HQNo2&amp;#8211;XcAEMC00\" data-image-description=\"\" data-image-caption=\"\" data-large-file=\"https:\/\/i0.wp.com\/blogdoprosperi.com\/wp-content\/uploads\/2026\/08\/HQNo2-XcAEMC00.jpeg?fit=819%2C1024&amp;ssl=1\" src=\"https:\/\/i0.wp.com\/blogdoprosperi.com\/wp-content\/uploads\/2026\/08\/HQNo2-XcAEMC00.jpeg?resize=505%2C632&#038;ssl=1\" class=\"alignnone wp-image-62312\" alt=\"\" width=\"505\" height=\"632\" srcset=\"https:\/\/i0.wp.com\/blogdoprosperi.com\/wp-content\/uploads\/2026\/08\/HQNo2-XcAEMC00.jpeg?resize=302%2C378&amp;ssl=1 302w, https:\/\/i0.wp.com\/blogdoprosperi.com\/wp-content\/uploads\/2026\/08\/HQNo2-XcAEMC00.jpeg?resize=819%2C1024&amp;ssl=1 819w, https:\/\/i0.wp.com\/blogdoprosperi.com\/wp-content\/uploads\/2026\/08\/HQNo2-XcAEMC00.jpeg?resize=120%2C150&amp;ssl=1 120w, https:\/\/i0.wp.com\/blogdoprosperi.com\/wp-content\/uploads\/2026\/08\/HQNo2-XcAEMC00.jpeg?resize=768%2C960&amp;ssl=1 768w, https:\/\/i0.wp.com\/blogdoprosperi.com\/wp-content\/uploads\/2026\/08\/HQNo2-XcAEMC00.jpeg?resize=450%2C563&amp;ssl=1 450w, https:\/\/i0.wp.com\/blogdoprosperi.com\/wp-content\/uploads\/2026\/08\/HQNo2-XcAEMC00.jpeg?resize=480%2C600&amp;ssl=1 480w, https:\/\/i0.wp.com\/blogdoprosperi.com\/wp-content\/uploads\/2026\/08\/HQNo2-XcAEMC00.jpeg?w=960&amp;ssl=1 960w\" sizes=\"auto, (max-width: 505px) 100vw, 505px\" \/><\/span><\/p>\n","protected":false},"excerpt":{"rendered":"<p>Luiz Ant\u00f4nio Pr\u00f3speri \u2013 20 agosto 2026 (23h51) Corinthians vence Rosario Central por 1 a 0 e avan\u00e7a [&hellip;]<\/p>\n","protected":false},"author":102107496,"featured_media":62313,"comment_status":"open","ping_status":"open","sticky":false,"template":"","format":"standard","meta":{"_coblocks_attr":"","_coblocks_dimensions":"","_coblocks_responsive_height":"","_coblocks_accordion_ie_support":"","_jetpack_newsletter_access":"","_jetpack_dont_email_post_to_subs":false,"_jetpack_newsletter_tier_id":0,"_jetpack_memberships_contains_paywalled_content":false,"_wpcom_ai_launchpad_first_post":false,"_jetpack_feature_clip_id":0,"_jetpack_memberships_contains_paid_content":false,"footnotes":"","jetpack_publicize_message":"","jetpack_publicize_feature_enabled":true,"jetpack_social_post_already_shared":true,"jetpack_social_options":{"image_generator_settings":{"template":"highway","default_image_id":0,"font":"","enabled":false},"version":2},"jetpack_post_was_ever_published":false},"categories":[53870,785889854],"tags":[789560867,789560868,789560614,44781124],"class_list":["post-62303","post","type-post","status-publish","format-standard","has-post-thumbnail","hentry","category-futebol","category-libertadores-2026","tag-bidon","tag-corinthians1x0rosario","tag-libertadores2026","tag-memphis-depay"],"yoast_head":"<!-- This site is optimized with the Yoast SEO plugin v28.3 - https:\/\/yoast.com\/product\/yoast-seo-wordpress\/ -->\n<title>Memphis leva Corinthians \u00e0s quartas da Libertadores e &#039;abate&#039; parte da d\u00edvida - PR\u00d3SPERI NEWS<\/title>\n<meta name=\"description\" content=\"Memphis leva Corinthians \u00e0s quartas da Libertadores e &#039;abate&#039; parte da d\u00edvida PR\u00d3SPERI NEWS libertadores 2026 -\" \/>\n<meta name=\"robots\" content=\"index, follow, max-snippet:-1, max-image-preview:large, max-video-preview:-1\" \/>\n<link rel=\"canonical\" href=\"https:\/\/blogdoprosperi.com\/?p=62303\" \/>\n<meta property=\"og:locale\" content=\"pt_BR\" \/>\n<meta property=\"og:type\" content=\"article\" \/>\n<meta property=\"og:title\" content=\"Memphis leva Corinthians \u00e0s quartas da Libertadores e &#039;abate&#039; parte da d\u00edvida - PR\u00d3SPERI NEWS\" \/>\n<meta property=\"og:description\" content=\"Memphis leva Corinthians \u00e0s quartas da Libertadores e &#039;abate&#039; parte da d\u00edvida PR\u00d3SPERI NEWS libertadores 2026 -\" \/>\n<meta property=\"og:url\" content=\"https:\/\/blogdoprosperi.com\/?p=62303\" \/>\n<meta property=\"og:site_name\" content=\"PR\u00d3SPERI NEWS\" \/>\n<meta property=\"article:publisher\" content=\"Luiz Pr\u00f3speri\" \/>\n<meta property=\"article:author\" content=\"Luiz Pr\u00f3speri\" \/>\n<meta property=\"article:published_time\" content=\"2026-08-21T02:56:03+00:00\" \/>\n<meta property=\"article:modified_time\" content=\"2026-08-21T12:09:47+00:00\" \/>\n<meta property=\"og:image\" content=\"https:\/\/i0.wp.com\/blogdoprosperi.com\/wp-content\/uploads\/2026\/08\/Captura-de-Tela-2026-08-20-as-23.59.19.png?fit=1032%2C664&ssl=1\" \/>\n\t<meta property=\"og:image:width\" content=\"1032\" \/>\n\t<meta property=\"og:image:height\" content=\"664\" \/>\n\t<meta property=\"og:image:type\" content=\"image\/png\" \/>\n<meta name=\"author\" content=\"Luiz Ant\u00f4nio Pr\u00f3speri\" \/>\n<meta name=\"twitter:card\" content=\"summary_large_image\" \/>\n<meta name=\"twitter:creator\" content=\"@Luizprosperi\" \/>\n<meta name=\"twitter:site\" content=\"@Luizprosperi\" \/>\n<meta name=\"twitter:label1\" content=\"Escrito por\" \/>\n\t<meta name=\"twitter:data1\" content=\"Luiz Ant\u00f4nio Pr\u00f3speri\" \/>\n\t<meta name=\"twitter:label2\" content=\"Est. tempo de leitura\" \/>\n\t<meta name=\"twitter:data2\" content=\"3 minutos\" \/>\n<script type=\"application\/ld+json\" class=\"yoast-schema-graph\">{\"@context\":\"https:\\\/\\\/schema.org\",\"@graph\":[{\"@type\":\"Article\",\"@id\":\"https:\\\/\\\/blogdoprosperi.com\\\/?p=62303#article\",\"isPartOf\":{\"@id\":\"https:\\\/\\\/blogdoprosperi.com\\\/?p=62303\"},\"author\":{\"name\":\"Luiz Ant\u00f4nio Pr\u00f3speri\",\"@id\":\"https:\\\/\\\/blogdoprosperi.com\\\/#\\\/schema\\\/person\\\/38100755ce3601861ee4fab9b5aa78e9\"},\"headline\":\"Memphis leva Corinthians \u00e0s quartas da Libertadores e &#8216;abate&#8217; parte da d\u00edvida\",\"datePublished\":\"2026-08-21T02:56:03+00:00\",\"dateModified\":\"2026-08-21T12:09:47+00:00\",\"mainEntityOfPage\":{\"@id\":\"https:\\\/\\\/blogdoprosperi.com\\\/?p=62303\"},\"wordCount\":370,\"commentCount\":0,\"publisher\":{\"@id\":\"https:\\\/\\\/blogdoprosperi.com\\\/#\\\/schema\\\/person\\\/38100755ce3601861ee4fab9b5aa78e9\"},\"image\":{\"@id\":\"https:\\\/\\\/blogdoprosperi.com\\\/?p=62303#primaryimage\"},\"thumbnailUrl\":\"https:\\\/\\\/i0.wp.com\\\/blogdoprosperi.com\\\/wp-content\\\/uploads\\\/2026\\\/08\\\/Captura-de-Tela-2026-08-20-as-23.59.19.png?fit=1032%2C664&ssl=1\",\"keywords\":[\"bidon\",\"corinthians1x0rosario\",\"libertadores2026\",\"Memphis depay\"],\"articleSection\":[\"futebol\",\"libertadores 2026\"],\"inLanguage\":\"pt-BR\",\"potentialAction\":[{\"@type\":\"CommentAction\",\"name\":\"Comment\",\"target\":[\"https:\\\/\\\/blogdoprosperi.com\\\/?p=62303#respond\"]}]},{\"@type\":\"WebPage\",\"@id\":\"https:\\\/\\\/blogdoprosperi.com\\\/?p=62303\",\"url\":\"https:\\\/\\\/blogdoprosperi.com\\\/?p=62303\",\"name\":\"Memphis leva Corinthians \u00e0s quartas da Libertadores e 'abate' parte da d\u00edvida - PR\u00d3SPERI NEWS\",\"isPartOf\":{\"@id\":\"https:\\\/\\\/blogdoprosperi.com\\\/#website\"},\"primaryImageOfPage\":{\"@id\":\"https:\\\/\\\/blogdoprosperi.com\\\/?p=62303#primaryimage\"},\"image\":{\"@id\":\"https:\\\/\\\/blogdoprosperi.com\\\/?p=62303#primaryimage\"},\"thumbnailUrl\":\"https:\\\/\\\/i0.wp.com\\\/blogdoprosperi.com\\\/wp-content\\\/uploads\\\/2026\\\/08\\\/Captura-de-Tela-2026-08-20-as-23.59.19.png?fit=1032%2C664&ssl=1\",\"datePublished\":\"2026-08-21T02:56:03+00:00\",\"dateModified\":\"2026-08-21T12:09:47+00:00\",\"description\":\"Memphis leva Corinthians \u00e0s quartas da Libertadores e 'abate' parte da d\u00edvida PR\u00d3SPERI NEWS libertadores 2026 -\",\"breadcrumb\":{\"@id\":\"https:\\\/\\\/blogdoprosperi.com\\\/?p=62303#breadcrumb\"},\"inLanguage\":\"pt-BR\",\"potentialAction\":[{\"@type\":\"ReadAction\",\"target\":[\"https:\\\/\\\/blogdoprosperi.com\\\/?p=62303\"]}]},{\"@type\":\"ImageObject\",\"inLanguage\":\"pt-BR\",\"@id\":\"https:\\\/\\\/blogdoprosperi.com\\\/?p=62303#primaryimage\",\"url\":\"https:\\\/\\\/i0.wp.com\\\/blogdoprosperi.com\\\/wp-content\\\/uploads\\\/2026\\\/08\\\/Captura-de-Tela-2026-08-20-as-23.59.19.png?fit=1032%2C664&ssl=1\",\"contentUrl\":\"https:\\\/\\\/i0.wp.com\\\/blogdoprosperi.com\\\/wp-content\\\/uploads\\\/2026\\\/08\\\/Captura-de-Tela-2026-08-20-as-23.59.19.png?fit=1032%2C664&ssl=1\",\"width\":1032,\"height\":664,\"caption\":\"Memphis celebra com Bidon \u2013 foto: Conmebol oficial\"},{\"@type\":\"BreadcrumbList\",\"@id\":\"https:\\\/\\\/blogdoprosperi.com\\\/?p=62303#breadcrumb\",\"itemListElement\":[{\"@type\":\"ListItem\",\"position\":1,\"name\":\"In\u00edcio\",\"item\":\"https:\\\/\\\/blogdoprosperi.com\\\/\"},{\"@type\":\"ListItem\",\"position\":2,\"name\":\"Memphis leva Corinthians \u00e0s quartas da Libertadores e &#8216;abate&#8217; parte da d\u00edvida\"}]},{\"@type\":\"WebSite\",\"@id\":\"https:\\\/\\\/blogdoprosperi.com\\\/#website\",\"url\":\"https:\\\/\\\/blogdoprosperi.com\\\/\",\"name\":\"PR\u00d3SPERI NEWS\",\"description\":\"TUDO \u00c9  FUTEBOL\",\"publisher\":{\"@id\":\"https:\\\/\\\/blogdoprosperi.com\\\/#\\\/schema\\\/person\\\/38100755ce3601861ee4fab9b5aa78e9\"},\"alternateName\":\"blogdoprosperi.com\",\"potentialAction\":[{\"@type\":\"SearchAction\",\"target\":{\"@type\":\"EntryPoint\",\"urlTemplate\":\"https:\\\/\\\/blogdoprosperi.com\\\/?s={search_term_string}\"},\"query-input\":{\"@type\":\"PropertyValueSpecification\",\"valueRequired\":true,\"valueName\":\"search_term_string\"}}],\"inLanguage\":\"pt-BR\"},{\"@type\":[\"Person\",\"Organization\"],\"@id\":\"https:\\\/\\\/blogdoprosperi.com\\\/#\\\/schema\\\/person\\\/38100755ce3601861ee4fab9b5aa78e9\",\"name\":\"Luiz Ant\u00f4nio Pr\u00f3speri\",\"pronouns\":\"ele\",\"image\":{\"@type\":\"ImageObject\",\"inLanguage\":\"pt-BR\",\"@id\":\"https:\\\/\\\/i0.wp.com\\\/blogdoprosperi.com\\\/wp-content\\\/uploads\\\/2026\\\/05\\\/cropped-8059e613-6002-42fa-961e-8e275f575d71-2-5.jpg?fit=1360%2C931&ssl=1\",\"url\":\"https:\\\/\\\/i0.wp.com\\\/blogdoprosperi.com\\\/wp-content\\\/uploads\\\/2026\\\/05\\\/cropped-8059e613-6002-42fa-961e-8e275f575d71-2-5.jpg?fit=1360%2C931&ssl=1\",\"contentUrl\":\"https:\\\/\\\/i0.wp.com\\\/blogdoprosperi.com\\\/wp-content\\\/uploads\\\/2026\\\/05\\\/cropped-8059e613-6002-42fa-961e-8e275f575d71-2-5.jpg?fit=1360%2C931&ssl=1\",\"width\":1360,\"height\":931,\"caption\":\"Luiz Ant\u00f4nio Pr\u00f3speri\"},\"logo\":{\"@id\":\"https:\\\/\\\/i0.wp.com\\\/blogdoprosperi.com\\\/wp-content\\\/uploads\\\/2026\\\/05\\\/cropped-8059e613-6002-42fa-961e-8e275f575d71-2-5.jpg?fit=1360%2C931&ssl=1\"},\"description\":\"Jornalista com carreira dedicada ao esporte. Cobriu 9 Copas do Mundo in loco, 1990 na It\u00e1lia, 1994 nos EUA, 1998 na Fran\u00e7a, 2002 na Coreia do Sul e Jap\u00e3o, 2006 na Alemanha, 2010 na \u00c1frica do Sul, 2014 no Brasil, 2018 na R\u00fassia e 2022 no Qatar. Eurocopas, 1992 na Su\u00e9cia e 1996 na Inglaterra. Copa das Confedera\u00e7\u00f5es de 2005 na Alemanha e 2009 na \u00c1frica do Sul. Rep\u00f3rter e Editor, trabalhou no Jornal da Tarde e Estad\u00e3o, de 1984 a fevereiro de 2016. Colunista, blogueiro. E comentarista de futebol na R\u00e1dio Estad\u00e3o, de 2013 a fevereiro de 2016. Jornalista respons\u00e1vel do \\\"Pr\u00f3speri News\\\" (blogdoprosperi.com).\",\"sameAs\":[\"http:\\\/\\\/blogdoprosperi.com\",\"Luiz Pr\u00f3speri\",\"@luiz_prosperi\",\"https:\\\/\\\/x.com\\\/Luizprosperi\",\"@prosperinacopa\",\"luiz.prosperi@icloud.com\"],\"url\":\"https:\\\/\\\/blogdoprosperi.com\\\/?author=102107496\"}]}<\/script>\n<!-- \/ Yoast SEO plugin. -->","yoast_head_json":{"title":"Memphis leva Corinthians \u00e0s quartas da Libertadores e 'abate' parte da d\u00edvida - PR\u00d3SPERI NEWS","description":"Memphis leva Corinthians \u00e0s quartas da Libertadores e 'abate' parte da d\u00edvida PR\u00d3SPERI NEWS libertadores 2026 -","robots":{"index":"index","follow":"follow","max-snippet":"max-snippet:-1","max-image-preview":"max-image-preview:large","max-video-preview":"max-video-preview:-1"},"canonical":"https:\/\/blogdoprosperi.com\/?p=62303","og_locale":"pt_BR","og_type":"article","og_title":"Memphis leva Corinthians \u00e0s quartas da Libertadores e 'abate' parte da d\u00edvida - PR\u00d3SPERI NEWS","og_description":"Memphis leva Corinthians \u00e0s quartas da Libertadores e 'abate' parte da d\u00edvida PR\u00d3SPERI NEWS libertadores 2026 -","og_url":"https:\/\/blogdoprosperi.com\/?p=62303","og_site_name":"PR\u00d3SPERI NEWS","article_publisher":"Luiz Pr\u00f3speri","article_author":"Luiz Pr\u00f3speri","article_published_time":"2026-08-21T02:56:03+00:00","article_modified_time":"2026-08-21T12:09:47+00:00","og_image":[{"width":1032,"height":664,"url":"https:\/\/i0.wp.com\/blogdoprosperi.com\/wp-content\/uploads\/2026\/08\/Captura-de-Tela-2026-08-20-as-23.59.19.png?fit=1032%2C664&ssl=1","type":"image\/png"}],"author":"Luiz Ant\u00f4nio Pr\u00f3speri","twitter_card":"summary_large_image","twitter_creator":"@Luizprosperi","twitter_site":"@Luizprosperi","twitter_misc":{"Escrito por":"Luiz Ant\u00f4nio Pr\u00f3speri","Est. tempo de leitura":"3 minutos"},"schema":{"@context":"https:\/\/schema.org","@graph":[{"@type":"Article","@id":"https:\/\/blogdoprosperi.com\/?p=62303#article","isPartOf":{"@id":"https:\/\/blogdoprosperi.com\/?p=62303"},"author":{"name":"Luiz Ant\u00f4nio Pr\u00f3speri","@id":"https:\/\/blogdoprosperi.com\/#\/schema\/person\/38100755ce3601861ee4fab9b5aa78e9"},"headline":"Memphis leva Corinthians \u00e0s quartas da Libertadores e &#8216;abate&#8217; parte da d\u00edvida","datePublished":"2026-08-21T02:56:03+00:00","dateModified":"2026-08-21T12:09:47+00:00","mainEntityOfPage":{"@id":"https:\/\/blogdoprosperi.com\/?p=62303"},"wordCount":370,"commentCount":0,"publisher":{"@id":"https:\/\/blogdoprosperi.com\/#\/schema\/person\/38100755ce3601861ee4fab9b5aa78e9"},"image":{"@id":"https:\/\/blogdoprosperi.com\/?p=62303#primaryimage"},"thumbnailUrl":"https:\/\/i0.wp.com\/blogdoprosperi.com\/wp-content\/uploads\/2026\/08\/Captura-de-Tela-2026-08-20-as-23.59.19.png?fit=1032%2C664&ssl=1","keywords":["bidon","corinthians1x0rosario","libertadores2026","Memphis depay"],"articleSection":["futebol","libertadores 2026"],"inLanguage":"pt-BR","potentialAction":[{"@type":"CommentAction","name":"Comment","target":["https:\/\/blogdoprosperi.com\/?p=62303#respond"]}]},{"@type":"WebPage","@id":"https:\/\/blogdoprosperi.com\/?p=62303","url":"https:\/\/blogdoprosperi.com\/?p=62303","name":"Memphis leva Corinthians \u00e0s quartas da Libertadores e 'abate' parte da d\u00edvida - PR\u00d3SPERI NEWS","isPartOf":{"@id":"https:\/\/blogdoprosperi.com\/#website"},"primaryImageOfPage":{"@id":"https:\/\/blogdoprosperi.com\/?p=62303#primaryimage"},"image":{"@id":"https:\/\/blogdoprosperi.com\/?p=62303#primaryimage"},"thumbnailUrl":"https:\/\/i0.wp.com\/blogdoprosperi.com\/wp-content\/uploads\/2026\/08\/Captura-de-Tela-2026-08-20-as-23.59.19.png?fit=1032%2C664&ssl=1","datePublished":"2026-08-21T02:56:03+00:00","dateModified":"2026-08-21T12:09:47+00:00","description":"Memphis leva Corinthians \u00e0s quartas da Libertadores e 'abate' parte da d\u00edvida PR\u00d3SPERI NEWS libertadores 2026 -","breadcrumb":{"@id":"https:\/\/blogdoprosperi.com\/?p=62303#breadcrumb"},"inLanguage":"pt-BR","potentialAction":[{"@type":"ReadAction","target":["https:\/\/blogdoprosperi.com\/?p=62303"]}]},{"@type":"ImageObject","inLanguage":"pt-BR","@id":"https:\/\/blogdoprosperi.com\/?p=62303#primaryimage","url":"https:\/\/i0.wp.com\/blogdoprosperi.com\/wp-content\/uploads\/2026\/08\/Captura-de-Tela-2026-08-20-as-23.59.19.png?fit=1032%2C664&ssl=1","contentUrl":"https:\/\/i0.wp.com\/blogdoprosperi.com\/wp-content\/uploads\/2026\/08\/Captura-de-Tela-2026-08-20-as-23.59.19.png?fit=1032%2C664&ssl=1","width":1032,"height":664,"caption":"Memphis celebra com Bidon \u2013 foto: Conmebol oficial"},{"@type":"BreadcrumbList","@id":"https:\/\/blogdoprosperi.com\/?p=62303#breadcrumb","itemListElement":[{"@type":"ListItem","position":1,"name":"In\u00edcio","item":"https:\/\/blogdoprosperi.com\/"},{"@type":"ListItem","position":2,"name":"Memphis leva Corinthians \u00e0s quartas da Libertadores e &#8216;abate&#8217; parte da d\u00edvida"}]},{"@type":"WebSite","@id":"https:\/\/blogdoprosperi.com\/#website","url":"https:\/\/blogdoprosperi.com\/","name":"PR\u00d3SPERI NEWS","description":"TUDO \u00c9  FUTEBOL","publisher":{"@id":"https:\/\/blogdoprosperi.com\/#\/schema\/person\/38100755ce3601861ee4fab9b5aa78e9"},"alternateName":"blogdoprosperi.com","potentialAction":[{"@type":"SearchAction","target":{"@type":"EntryPoint","urlTemplate":"https:\/\/blogdoprosperi.com\/?s={search_term_string}"},"query-input":{"@type":"PropertyValueSpecification","valueRequired":true,"valueName":"search_term_string"}}],"inLanguage":"pt-BR"},{"@type":["Person","Organization"],"@id":"https:\/\/blogdoprosperi.com\/#\/schema\/person\/38100755ce3601861ee4fab9b5aa78e9","name":"Luiz Ant\u00f4nio Pr\u00f3speri","pronouns":"ele","image":{"@type":"ImageObject","inLanguage":"pt-BR","@id":"https:\/\/i0.wp.com\/blogdoprosperi.com\/wp-content\/uploads\/2026\/05\/cropped-8059e613-6002-42fa-961e-8e275f575d71-2-5.jpg?fit=1360%2C931&ssl=1","url":"https:\/\/i0.wp.com\/blogdoprosperi.com\/wp-content\/uploads\/2026\/05\/cropped-8059e613-6002-42fa-961e-8e275f575d71-2-5.jpg?fit=1360%2C931&ssl=1","contentUrl":"https:\/\/i0.wp.com\/blogdoprosperi.com\/wp-content\/uploads\/2026\/05\/cropped-8059e613-6002-42fa-961e-8e275f575d71-2-5.jpg?fit=1360%2C931&ssl=1","width":1360,"height":931,"caption":"Luiz Ant\u00f4nio Pr\u00f3speri"},"logo":{"@id":"https:\/\/i0.wp.com\/blogdoprosperi.com\/wp-content\/uploads\/2026\/05\/cropped-8059e613-6002-42fa-961e-8e275f575d71-2-5.jpg?fit=1360%2C931&ssl=1"},"description":"Jornalista com carreira dedicada ao esporte. Cobriu 9 Copas do Mundo in loco, 1990 na It\u00e1lia, 1994 nos EUA, 1998 na Fran\u00e7a, 2002 na Coreia do Sul e Jap\u00e3o, 2006 na Alemanha, 2010 na \u00c1frica do Sul, 2014 no Brasil, 2018 na R\u00fassia e 2022 no Qatar. Eurocopas, 1992 na Su\u00e9cia e 1996 na Inglaterra. Copa das Confedera\u00e7\u00f5es de 2005 na Alemanha e 2009 na \u00c1frica do Sul. Rep\u00f3rter e Editor, trabalhou no Jornal da Tarde e Estad\u00e3o, de 1984 a fevereiro de 2016. Colunista, blogueiro. E comentarista de futebol na R\u00e1dio Estad\u00e3o, de 2013 a fevereiro de 2016. Jornalista respons\u00e1vel do \"Pr\u00f3speri News\" (blogdoprosperi.com).","sameAs":["http:\/\/blogdoprosperi.com","Luiz Pr\u00f3speri","@luiz_prosperi","https:\/\/x.com\/Luizprosperi","@prosperinacopa","luiz.prosperi@icloud.com"],"url":"https:\/\/blogdoprosperi.com\/?author=102107496"}]}},"jetpack_publicize_connections":[],"jetpack_likes_enabled":false,"jetpack_sharing_enabled":true,"jetpack_shortlink":"https:\/\/wp.me\/p7jvdk-gcT","jetpack-related-posts":[{"id":48857,"url":"https:\/\/blogdoprosperi.com\/?p=48857","url_meta":{"origin":62303,"position":0},"title":"Futuro do Corinthians: Sobreviv\u00eancia Depende do Palmeiras","author":"Luiz Ant\u00f4nio Pr\u00f3speri","date":"13 de mar\u00e7o de 2025","format":false,"excerpt":"Se Ramon Diaz cair, Tite pode vir a\u00ed. Memphis vira interroga\u00e7\u00e3o e at\u00e9 o impeachment do presidente Augusto Melo pode voltar Agora a encrenca \u00e9 superar o Palmeiras em dois jogos das finais do Paulist\u00e3o Luiz Ant\u00f4nio Pr\u00f3speri \u2013 13 mar\u00e7o (12h35) \u2013 Corinthians sai aplaudido por sua gente ao\u2026","rel":"","context":"Em &quot;futebol&quot;","block_context":{"text":"futebol","link":"https:\/\/blogdoprosperi.com\/?cat=53870"},"img":{"alt_text":"Fiel aplaude time eliminado na Libertadores","src":"https:\/\/i0.wp.com\/blogdoprosperi.com\/wp-content\/uploads\/2025\/03\/captura-de-tela-2025-03-13-as-12.35.26.png?fit=1200%2C771&ssl=1&resize=350%2C200","width":350,"height":200,"srcset":"https:\/\/i0.wp.com\/blogdoprosperi.com\/wp-content\/uploads\/2025\/03\/captura-de-tela-2025-03-13-as-12.35.26.png?fit=1200%2C771&ssl=1&resize=350%2C200 1x, https:\/\/i0.wp.com\/blogdoprosperi.com\/wp-content\/uploads\/2025\/03\/captura-de-tela-2025-03-13-as-12.35.26.png?fit=1200%2C771&ssl=1&resize=525%2C300 1.5x, https:\/\/i0.wp.com\/blogdoprosperi.com\/wp-content\/uploads\/2025\/03\/captura-de-tela-2025-03-13-as-12.35.26.png?fit=1200%2C771&ssl=1&resize=700%2C400 2x, https:\/\/i0.wp.com\/blogdoprosperi.com\/wp-content\/uploads\/2025\/03\/captura-de-tela-2025-03-13-as-12.35.26.png?fit=1200%2C771&ssl=1&resize=1050%2C600 3x"},"classes":[]},{"id":62034,"url":"https:\/\/blogdoprosperi.com\/?p=62034","url_meta":{"origin":62303,"position":1},"title":"Corinthians n\u00e3o renova contrato de Memphis Depay: perde jogador importante e acumula d\u00edvida de R$ 42 milh\u00f5es","author":"Luiz Ant\u00f4nio Pr\u00f3speri","date":"11 de agosto de 2026","format":false,"excerpt":"Luiz Antonio Pr\u00f3speri \u2013 11 agosto 2026 (16h49) Memphis Depay n\u00e3o joga mais no Corinthians. Por meio de comunicado oficial, divulgado na tarde de ter\u00e7a-feira (11\/8), o clube informa que n\u00e3o vai renovar o contrato do jogador holand\u00eas. \"Esta decis\u00e3o foi tomada \u00fanica e exclusivamente em considera\u00e7\u00e3o \u00e0 sa\u00fade financeira\u2026","rel":"","context":"Em &quot;futebol&quot;","block_context":{"text":"futebol","link":"https:\/\/blogdoprosperi.com\/?cat=53870"},"img":{"alt_text":"","src":"https:\/\/i0.wp.com\/blogdoprosperi.com\/wp-content\/uploads\/2025\/02\/captura-de-tela-2025-02-10-as-15.59.51.png?fit=1200%2C705&ssl=1&resize=350%2C200","width":350,"height":200,"srcset":"https:\/\/i0.wp.com\/blogdoprosperi.com\/wp-content\/uploads\/2025\/02\/captura-de-tela-2025-02-10-as-15.59.51.png?fit=1200%2C705&ssl=1&resize=350%2C200 1x, https:\/\/i0.wp.com\/blogdoprosperi.com\/wp-content\/uploads\/2025\/02\/captura-de-tela-2025-02-10-as-15.59.51.png?fit=1200%2C705&ssl=1&resize=525%2C300 1.5x, https:\/\/i0.wp.com\/blogdoprosperi.com\/wp-content\/uploads\/2025\/02\/captura-de-tela-2025-02-10-as-15.59.51.png?fit=1200%2C705&ssl=1&resize=700%2C400 2x, https:\/\/i0.wp.com\/blogdoprosperi.com\/wp-content\/uploads\/2025\/02\/captura-de-tela-2025-02-10-as-15.59.51.png?fit=1200%2C705&ssl=1&resize=1050%2C600 3x"},"classes":[]},{"id":62167,"url":"https:\/\/blogdoprosperi.com\/?p=62167","url_meta":{"origin":62303,"position":2},"title":"Corinthians renova com Memphis: holand\u00eas se apresenta a Fernando Diniz e torcida pede interven\u00e7\u00e3o judicial no clube","author":"Luiz Ant\u00f4nio Pr\u00f3speri","date":"18 de agosto de 2026","format":false,"excerpt":"Corinthians renova contrato de Memphis Depay por mais dois anos, com validade at\u00e9 fim de 2027. Presidente Osmar Stabile relata amea\u00e7as de morte a ele e sua fam\u00edlia por parte de torcedores.","rel":"","context":"Em &quot;\u00daltimas&quot;","block_context":{"text":"\u00daltimas","link":"https:\/\/blogdoprosperi.com\/?cat=283656"},"img":{"alt_text":"","src":"https:\/\/i0.wp.com\/blogdoprosperi.com\/wp-content\/uploads\/2026\/08\/652055711-2026-flamengo-corinthians-atacante-memphis-depay-contrato-salario.webp?fit=1200%2C900&ssl=1&resize=350%2C200","width":350,"height":200,"srcset":"https:\/\/i0.wp.com\/blogdoprosperi.com\/wp-content\/uploads\/2026\/08\/652055711-2026-flamengo-corinthians-atacante-memphis-depay-contrato-salario.webp?fit=1200%2C900&ssl=1&resize=350%2C200 1x, https:\/\/i0.wp.com\/blogdoprosperi.com\/wp-content\/uploads\/2026\/08\/652055711-2026-flamengo-corinthians-atacante-memphis-depay-contrato-salario.webp?fit=1200%2C900&ssl=1&resize=525%2C300 1.5x, https:\/\/i0.wp.com\/blogdoprosperi.com\/wp-content\/uploads\/2026\/08\/652055711-2026-flamengo-corinthians-atacante-memphis-depay-contrato-salario.webp?fit=1200%2C900&ssl=1&resize=700%2C400 2x, https:\/\/i0.wp.com\/blogdoprosperi.com\/wp-content\/uploads\/2026\/08\/652055711-2026-flamengo-corinthians-atacante-memphis-depay-contrato-salario.webp?fit=1200%2C900&ssl=1&resize=1050%2C600 3x"},"classes":[]},{"id":45251,"url":"https:\/\/blogdoprosperi.com\/?p=45251","url_meta":{"origin":62303,"position":3},"title":"An\u00e1lise: Copa do Brasil Sem Favoritos nas Semifinais Vasco x Atl\u00e9tico e Flamengo x Corinthians","author":"Luiz Ant\u00f4nio Pr\u00f3speri","date":"13 de setembro de 2024","format":false,"excerpt":"Luiz Ant\u00f4nio Pr\u00f3speri \u2013 13 setembro (01h15) Flamengo vence Bahia por 1 a 0 e avan\u00e7a \u00e0s semifinais da Copa do Brasil 2024. Curso do rio segue seu normal. Atl\u00e9tico-MG sustenta empate sem gols diante do S\u00e3o Paulo e tamb\u00e9m est\u00e1 na semi. Nada a contestar. Classificados na quinta-feira enfrentam\u2026","rel":"","context":"Em &quot;futebol&quot;","block_context":{"text":"futebol","link":"https:\/\/blogdoprosperi.com\/?cat=53870"},"img":{"alt_text":"CBF aumenta premia\u00e7\u00e3o da Copa do Brasil","src":"https:\/\/i0.wp.com\/blogdoprosperi.com\/wp-content\/uploads\/2024\/09\/captura-de-tela-2024-09-13-as-01.19.22.png?fit=1200%2C778&ssl=1&resize=350%2C200","width":350,"height":200,"srcset":"https:\/\/i0.wp.com\/blogdoprosperi.com\/wp-content\/uploads\/2024\/09\/captura-de-tela-2024-09-13-as-01.19.22.png?fit=1200%2C778&ssl=1&resize=350%2C200 1x, https:\/\/i0.wp.com\/blogdoprosperi.com\/wp-content\/uploads\/2024\/09\/captura-de-tela-2024-09-13-as-01.19.22.png?fit=1200%2C778&ssl=1&resize=525%2C300 1.5x, https:\/\/i0.wp.com\/blogdoprosperi.com\/wp-content\/uploads\/2024\/09\/captura-de-tela-2024-09-13-as-01.19.22.png?fit=1200%2C778&ssl=1&resize=700%2C400 2x, https:\/\/i0.wp.com\/blogdoprosperi.com\/wp-content\/uploads\/2024\/09\/captura-de-tela-2024-09-13-as-01.19.22.png?fit=1200%2C778&ssl=1&resize=1050%2C600 3x"},"classes":[]},{"id":45060,"url":"https:\/\/blogdoprosperi.com\/?p=45060","url_meta":{"origin":62303,"position":4},"title":"Corinthians contrata Memphis Depay, o Salvador Vem da Holanda","author":"Luiz Ant\u00f4nio Pr\u00f3speri","date":"6 de setembro de 2024","format":false,"excerpt":"Luiz Antonio Pr\u00f3speri \u2013 6 setembro (18h45) Corinthians contrata atacante holand\u00eas Memphys Depay, 30 anos. Neg\u00f3cio avaliado em pouco mais de R$ 80 milh\u00f5es, entre sal\u00e1rios e luvas. Clube paulista vai usar R$ 57 milh\u00f5es, previsto em contrato com a patrocinadora Esportes da Sorte (bet de apostas esportivas), para pagar\u2026","rel":"","context":"Em &quot;futebol&quot;","block_context":{"text":"futebol","link":"https:\/\/blogdoprosperi.com\/?cat=53870"},"img":{"alt_text":"Memphis Depay \u00e9 do Corinthians","src":"https:\/\/i0.wp.com\/blogdoprosperi.com\/wp-content\/uploads\/2024\/09\/depay-holanda-copa-do-mundo.webp?fit=1000%2C667&ssl=1&resize=350%2C200","width":350,"height":200,"srcset":"https:\/\/i0.wp.com\/blogdoprosperi.com\/wp-content\/uploads\/2024\/09\/depay-holanda-copa-do-mundo.webp?fit=1000%2C667&ssl=1&resize=350%2C200 1x, https:\/\/i0.wp.com\/blogdoprosperi.com\/wp-content\/uploads\/2024\/09\/depay-holanda-copa-do-mundo.webp?fit=1000%2C667&ssl=1&resize=525%2C300 1.5x, https:\/\/i0.wp.com\/blogdoprosperi.com\/wp-content\/uploads\/2024\/09\/depay-holanda-copa-do-mundo.webp?fit=1000%2C667&ssl=1&resize=700%2C400 2x"},"classes":[]},{"id":61805,"url":"https:\/\/blogdoprosperi.com\/?p=61805","url_meta":{"origin":62303,"position":5},"title":"Corinthians eliminado na Copa do Brasil: Ref\u00e9m de Memphis, Yuri, d\u00edvida colossal e sem futuro","author":"Luiz Ant\u00f4nio Pr\u00f3speri","date":"6 de agosto de 2026","format":false,"excerpt":"Luiz Ant\u00f4nio Pr\u00f3speri \u2013 6 agosto 2026 (22h51) Corinthians fora da Copa do Brasil. Cai eliminado dentro da NeoQu\u00edmica Arena mesmo vencendo o Internacional por 2 a 1 nesta noite de quinta-feira (06\/8) diante de 44.777 torcedores. Poderia ser lament\u00e1vel n\u00e3o fosse tr\u00e1gica a desclassifica\u00e7\u00e3o. Enquanto jogadores se matavam no\u2026","rel":"","context":"Em &quot;futebol&quot;","block_context":{"text":"futebol","link":"https:\/\/blogdoprosperi.com\/?cat=53870"},"img":{"alt_text":"","src":"https:\/\/i0.wp.com\/blogdoprosperi.com\/wp-content\/uploads\/2026\/08\/Captura-de-Tela-2026-08-06-as-22.51.30.png?fit=1200%2C620&ssl=1&resize=350%2C200","width":350,"height":200,"srcset":"https:\/\/i0.wp.com\/blogdoprosperi.com\/wp-content\/uploads\/2026\/08\/Captura-de-Tela-2026-08-06-as-22.51.30.png?fit=1200%2C620&ssl=1&resize=350%2C200 1x, https:\/\/i0.wp.com\/blogdoprosperi.com\/wp-content\/uploads\/2026\/08\/Captura-de-Tela-2026-08-06-as-22.51.30.png?fit=1200%2C620&ssl=1&resize=525%2C300 1.5x, https:\/\/i0.wp.com\/blogdoprosperi.com\/wp-content\/uploads\/2026\/08\/Captura-de-Tela-2026-08-06-as-22.51.30.png?fit=1200%2C620&ssl=1&resize=700%2C400 2x, https:\/\/i0.wp.com\/blogdoprosperi.com\/wp-content\/uploads\/2026\/08\/Captura-de-Tela-2026-08-06-as-22.51.30.png?fit=1200%2C620&ssl=1&resize=1050%2C600 3x"},"classes":[]}],"jetpack_featured_media_url":"https:\/\/i0.wp.com\/blogdoprosperi.com\/wp-content\/uploads\/2026\/08\/Captura-de-Tela-2026-08-20-as-23.59.19.png?fit=1032%2C664&ssl=1","_links":{"self":[{"href":"https:\/\/blogdoprosperi.com\/index.php?rest_route=\/wp\/v2\/posts\/62303","targetHints":{"allow":["GET"]}}],"collection":[{"href":"https:\/\/blogdoprosperi.com\/index.php?rest_route=\/wp\/v2\/posts"}],"about":[{"href":"https:\/\/blogdoprosperi.com\/index.php?rest_route=\/wp\/v2\/types\/post"}],"author":[{"embeddable":true,"href":"https:\/\/blogdoprosperi.com\/index.php?rest_route=\/wp\/v2\/users\/102107496"}],"replies":[{"embeddable":true,"href":"https:\/\/blogdoprosperi.com\/index.php?rest_route=%2Fwp%2Fv2%2Fcomments&post=62303"}],"version-history":[{"count":13,"href":"https:\/\/blogdoprosperi.com\/index.php?rest_route=\/wp\/v2\/posts\/62303\/revisions"}],"predecessor-version":[{"id":62325,"href":"https:\/\/blogdoprosperi.com\/index.php?rest_route=\/wp\/v2\/posts\/62303\/revisions\/62325"}],"wp:featuredmedia":[{"embeddable":true,"href":"https:\/\/blogdoprosperi.com\/index.php?rest_route=\/wp\/v2\/media\/62313"}],"wp:attachment":[{"href":"https:\/\/blogdoprosperi.com\/index.php?rest_route=%2Fwp%2Fv2%2Fmedia&parent=62303"}],"wp:term":[{"taxonomy":"category","embeddable":true,"href":"https:\/\/blogdoprosperi.com\/index.php?rest_route=%2Fwp%2Fv2%2Fcategories&post=62303"},{"taxonomy":"post_tag","embeddable":true,"href":"https:\/\/blogdoprosperi.com\/index.php?rest_route=%2Fwp%2Fv2%2Ftags&post=62303"}],"curies":[{"name":"wp","href":"https:\/\/api.w.org\/{rel}","templated":true}]}}