{"id":62375,"date":"2026-08-22T11:34:14","date_gmt":"2026-08-22T14:34:14","guid":{"rendered":"https:\/\/blogdoprosperi.com\/?p=62375"},"modified":"2026-08-22T17:44:15","modified_gmt":"2026-08-22T20:44:15","slug":"memphis-depay-toca-fogo-no-parque-sao-jorge-sede-do-corinthians","status":"publish","type":"post","link":"https:\/\/blogdoprosperi.com\/?p=62375","title":{"rendered":"Memphis toca fogo no Parque S\u00e3o Jorge, pede desculpas e Corinthians aplica multa ao \u00eddolo holand\u00eas"},"content":{"rendered":"<p>Acompanhe novo clip oficial de Memphis Depay em que na cena final aparece a fachada do Parque S\u00e3o Jorge, sede social do Corinthians, em chamas: &#8220;Don&#8217;t Panic&#8221;. E a repercuss\u00e3o do caso com pedido de desculpa de Memphis e multa do Corinthians:<\/p>\n<div class=\"jetpack-video-wrapper\"><span class=\"embed-youtube\" style=\"text-align:center; display: block;\"><iframe loading=\"lazy\" class=\"youtube-player\" width=\"940\" height=\"529\" src=\"https:\/\/www.youtube.com\/embed\/hILKhfI5DNc?version=3&#038;rel=1&#038;showsearch=0&#038;showinfo=1&#038;iv_load_policy=1&#038;fs=1&#038;hl=pt-BR&#038;autohide=2&#038;wmode=transparent\" allowfullscreen=\"true\" style=\"border:0;\" sandbox=\"allow-scripts allow-same-origin allow-popups allow-presentation allow-popups-to-escape-sandbox\"><\/iframe><\/span><\/div>\n<p>Memphis diz que a letra da m\u00fasica foi feita h\u00e1 quatro meses e n\u00e3o se refere aos protestos das torcidas organizaras do Corinthians neste s\u00e1bado (22\/8) no Parque S\u00e3o Jorge:<\/p>\n<p><img data-recalc-dims=\"1\" loading=\"lazy\" decoding=\"async\" data-attachment-id=\"62381\" data-permalink=\"https:\/\/blogdoprosperi.com\/?attachment_id=62381\" data-orig-file=\"https:\/\/i0.wp.com\/blogdoprosperi.com\/wp-content\/uploads\/2026\/08\/image.jpg?fit=986%2C970&amp;ssl=1\" data-orig-size=\"986,970\" data-comments-opened=\"1\" data-image-meta=\"{&quot;aperture&quot;:&quot;0&quot;,&quot;credit&quot;:&quot;&quot;,&quot;camera&quot;:&quot;&quot;,&quot;caption&quot;:&quot;&quot;,&quot;created_timestamp&quot;:&quot;0&quot;,&quot;copyright&quot;:&quot;&quot;,&quot;focal_length&quot;:&quot;0&quot;,&quot;iso&quot;:&quot;0&quot;,&quot;shutter_speed&quot;:&quot;0&quot;,&quot;title&quot;:&quot;&quot;,&quot;orientation&quot;:&quot;1&quot;,&quot;alt&quot;:&quot;&quot;}\" data-image-title=\"image\" data-image-description=\"\" data-image-caption=\"\" data-large-file=\"https:\/\/i0.wp.com\/blogdoprosperi.com\/wp-content\/uploads\/2026\/08\/image.jpg?fit=940%2C925&amp;ssl=1\" src=\"https:\/\/i0.wp.com\/blogdoprosperi.com\/wp-content\/uploads\/2026\/08\/image.jpg?resize=940%2C925&#038;ssl=1\" class=\"size-full wp-image-62381\" width=\"940\" height=\"925\" srcset=\"https:\/\/i0.wp.com\/blogdoprosperi.com\/wp-content\/uploads\/2026\/08\/image.jpg?w=986&amp;ssl=1 986w, https:\/\/i0.wp.com\/blogdoprosperi.com\/wp-content\/uploads\/2026\/08\/image.jpg?resize=384%2C378&amp;ssl=1 384w, https:\/\/i0.wp.com\/blogdoprosperi.com\/wp-content\/uploads\/2026\/08\/image.jpg?resize=150%2C148&amp;ssl=1 150w, https:\/\/i0.wp.com\/blogdoprosperi.com\/wp-content\/uploads\/2026\/08\/image.jpg?resize=768%2C756&amp;ssl=1 768w, https:\/\/i0.wp.com\/blogdoprosperi.com\/wp-content\/uploads\/2026\/08\/image.jpg?resize=450%2C443&amp;ssl=1 450w, https:\/\/i0.wp.com\/blogdoprosperi.com\/wp-content\/uploads\/2026\/08\/image.jpg?resize=610%2C600&amp;ssl=1 610w, https:\/\/i0.wp.com\/blogdoprosperi.com\/wp-content\/uploads\/2026\/08\/image.jpg?resize=50%2C50&amp;ssl=1 50w\" sizes=\"auto, (max-width: 940px) 100vw, 940px\" \/><\/p>\n<p>Corinthians multa Memphis<\/p>\n<p><head><meta charset=\"UTF-8\"><\/head><\/p>\n<p style=\"box-sizing: border-box; border: 0px; font-style: normal; font-variant-caps: normal; font-weight: 400; font-width: inherit; line-height: 1.6; font-family: Georgia,\" times new roman serif font-size-adjust: inherit font-kerning: font-variant-alternates: font-variant-ligatures: font-variant-numeric: font-variant-east-asian: font-variant-position: font-variant-emoji: font-feature-settings: font-optical-sizing: font-variation-settings: font-size: margin: padding: vertical-align: baseline color: rgb letter-spacing: normal orphans: text-align: start text-indent: text-transform: none white-space: widows: word-spacing: rgba text-decoration-line: text-decoration-thickness: auto text-decoration-style: solid><em style=\"box-sizing: border-box\">O Sport Club Corinthians Paulista informa acerca do epis\u00f3dio envolvendo o atleta Memphis Depay, relativo ao videoclipe por ele publicado em suas redes sociais na \u00faltima sexta-feira, dia 21.<\/em><\/p>\n<p style=\"box-sizing: border-box; border: 0px; font-style: normal; font-variant-caps: normal; font-weight: 400; font-width: inherit; line-height: 1.6; font-family: Georgia,\" times new roman serif font-size-adjust: inherit font-kerning: font-variant-alternates: font-variant-ligatures: font-variant-numeric: font-variant-east-asian: font-variant-position: font-variant-emoji: font-feature-settings: font-optical-sizing: font-variation-settings: font-size: margin: padding: vertical-align: baseline color: rgb letter-spacing: normal orphans: text-align: start text-indent: text-transform: none white-space: widows: word-spacing: rgba text-decoration-line: text-decoration-thickness: auto text-decoration-style: solid><em style=\"box-sizing: border-box\">O Clube, via de regra comprometido com a transpar\u00eancia e o respeito \u00e0 institui\u00e7\u00e3o, estabeleceu contato com o jogador a fim de esclarecer o ocorrido.<\/em><\/p>\n<p style=\"box-sizing: border-box; border: 0px; font-style: normal; font-variant-caps: normal; font-weight: 400; font-width: inherit; line-height: 1.6; font-family: Georgia,\" times new roman serif font-size-adjust: inherit font-kerning: font-variant-alternates: font-variant-ligatures: font-variant-numeric: font-variant-east-asian: font-variant-position: font-variant-emoji: font-feature-settings: font-optical-sizing: font-variation-settings: font-size: margin: padding: vertical-align: baseline color: rgb letter-spacing: normal orphans: text-align: start text-indent: text-transform: none white-space: widows: word-spacing: rgba text-decoration-line: text-decoration-thickness: auto text-decoration-style: solid><em style=\"box-sizing: border-box\">Durante a conversa, o atleta explicou que a grava\u00e7\u00e3o do referido conte\u00fado havia sido realizada anteriormente, n\u00e3o havendo qualquer rela\u00e7\u00e3o ou inten\u00e7\u00e3o de associa\u00e7\u00e3o com os epis\u00f3dios de protestos que ocorreram ao longo da \u00faltima semana, especialmente aquele registrado no Parque S\u00e3o Jorge, na manh\u00e3 do s\u00e1bado, dia 22.<\/em><\/p>\n<p style=\"box-sizing: border-box; border: 0px; font-style: normal; font-variant-caps: normal; font-weight: 400; font-width: inherit; line-height: 1.6; font-family: Georgia,\" times new roman serif font-size-adjust: inherit font-kerning: font-variant-alternates: font-variant-ligatures: font-variant-numeric: font-variant-east-asian: font-variant-position: font-variant-emoji: font-feature-settings: font-optical-sizing: font-variation-settings: font-size: margin: padding: vertical-align: baseline color: rgb letter-spacing: normal orphans: text-align: start text-indent: text-transform: none white-space: widows: word-spacing: rgba text-decoration-line: text-decoration-thickness: auto text-decoration-style: solid><em style=\"box-sizing: border-box\">Frisamos que o Clube est\u00e1 adotando todas as medidas contratuais e legais cab\u00edveis para o caso, reiterando o profundo respeito \u00e0 institui\u00e7\u00e3o Corinthians, ao Parque S\u00e3o Jorge e ao s\u00edmbolo que representa nossa hist\u00f3ria e torcedores.<\/em><\/p>\n<p style=\"box-sizing: border-box; border: 0px; font-style: normal; font-variant-caps: normal; font-weight: 400; font-width: inherit; line-height: 1.6; font-family: Georgia,\" times new roman serif font-size-adjust: inherit font-kerning: font-variant-alternates: font-variant-ligatures: font-variant-numeric: font-variant-east-asian: font-variant-position: font-variant-emoji: font-feature-settings: font-optical-sizing: font-variation-settings: font-size: margin: padding: vertical-align: baseline color: rgb letter-spacing: normal orphans: text-align: start text-indent: text-transform: none white-space: widows: word-spacing: rgba text-decoration-line: text-decoration-thickness: auto text-decoration-style: solid><em style=\"box-sizing: border-box\">Por sua parte, Memphis Depay lamentou a coincid\u00eancia temporal, compreendendo os esclarecimentos apresentados pelo Clube, demonstrando desejo de manter conduta alinhada com os valores que norteiam esta institui\u00e7\u00e3o centen\u00e1ria.<\/em><\/p>\n<p style=\"box-sizing: border-box; border: 0px; font-style: normal; font-variant-caps: normal; font-weight: 400; font-width: inherit; line-height: 1.6; font-family: Georgia,\" times new roman serif font-size-adjust: inherit font-kerning: font-variant-alternates: font-variant-ligatures: font-variant-numeric: font-variant-east-asian: font-variant-position: font-variant-emoji: font-feature-settings: font-optical-sizing: font-variation-settings: font-size: margin: padding: vertical-align: baseline color: rgb letter-spacing: normal orphans: text-align: start text-indent: text-transform: none white-space: widows: word-spacing: rgba text-decoration-line: text-decoration-thickness: auto text-decoration-style: solid><em style=\"box-sizing: border-box\">Nos colocamos \u00e0 disposi\u00e7\u00e3o para maiores informa\u00e7\u00f5es e aproveitamos para refor\u00e7ar nosso compromisso com a transpar\u00eancia e o zelo pela imagem do Sport Club Corinthians Paulista.<\/em><\/p>\n","protected":false},"excerpt":{"rendered":"<p>Acompanhe novo clip oficial de Memphis Depay em que na cena final aparece a fachada do Parque S\u00e3o [&hellip;]<\/p>\n","protected":false},"author":102107496,"featured_media":62380,"comment_status":"open","ping_status":"open","sticky":false,"template":"","format":"standard","meta":{"_coblocks_attr":"","_coblocks_dimensions":"","_coblocks_responsive_height":"","_coblocks_accordion_ie_support":"","_jetpack_newsletter_access":"","_jetpack_dont_email_post_to_subs":false,"_jetpack_newsletter_tier_id":0,"_jetpack_memberships_contains_paywalled_content":false,"_wpcom_ai_launchpad_first_post":false,"_jetpack_feature_clip_id":0,"_jetpack_memberships_contains_paid_content":false,"footnotes":"","jetpack_publicize_message":"","jetpack_publicize_feature_enabled":true,"jetpack_social_post_already_shared":true,"jetpack_social_options":{"image_generator_settings":{"template":"highway","default_image_id":0,"font":"","enabled":false},"version":2},"jetpack_post_was_ever_published":false},"categories":[53870],"tags":[789560879,177066,789560880,44781124],"class_list":["post-62375","post","type-post","status-publish","format-standard","has-post-thumbnail","hentry","category-futebol","tag-clip-memphis","tag-corinthians","tag-dont-panic","tag-memphis-depay"],"yoast_head":"<!-- This site is optimized with the Yoast SEO plugin v28.3 - https:\/\/yoast.com\/product\/yoast-seo-wordpress\/ -->\n<title>Memphis toca fogo no Parque S\u00e3o Jorge, pede desculpas e Corinthians aplica multa ao \u00eddolo holand\u00eas - PR\u00d3SPERI NEWS<\/title>\n<meta name=\"robots\" content=\"index, follow, max-snippet:-1, max-image-preview:large, max-video-preview:-1\" \/>\n<link rel=\"canonical\" href=\"https:\/\/blogdoprosperi.com\/?p=62375\" \/>\n<meta property=\"og:locale\" content=\"pt_BR\" \/>\n<meta property=\"og:type\" content=\"article\" \/>\n<meta property=\"og:title\" content=\"Memphis toca fogo no Parque S\u00e3o Jorge, pede desculpas e Corinthians aplica multa ao \u00eddolo holand\u00eas - PR\u00d3SPERI NEWS\" \/>\n<meta property=\"og:description\" content=\"Acompanhe novo clip oficial de Memphis Depay em que na cena final aparece a fachada do Parque S\u00e3o [&hellip;]\" \/>\n<meta property=\"og:url\" content=\"https:\/\/blogdoprosperi.com\/?p=62375\" \/>\n<meta property=\"og:site_name\" content=\"PR\u00d3SPERI NEWS\" \/>\n<meta property=\"article:publisher\" content=\"Luiz Pr\u00f3speri\" \/>\n<meta property=\"article:author\" content=\"Luiz Pr\u00f3speri\" \/>\n<meta property=\"article:published_time\" content=\"2026-08-22T14:34:14+00:00\" \/>\n<meta property=\"article:modified_time\" content=\"2026-08-22T20:44:15+00:00\" \/>\n<meta property=\"og:image\" content=\"https:\/\/i0.wp.com\/blogdoprosperi.com\/wp-content\/uploads\/2026\/08\/Captura-de-Tela-2026-08-22-as-11.32.54.png?fit=1296%2C840&ssl=1\" \/>\n\t<meta property=\"og:image:width\" content=\"1296\" \/>\n\t<meta property=\"og:image:height\" content=\"840\" \/>\n\t<meta property=\"og:image:type\" content=\"image\/png\" \/>\n<meta name=\"author\" content=\"Luiz Ant\u00f4nio Pr\u00f3speri\" \/>\n<meta name=\"twitter:card\" content=\"summary_large_image\" \/>\n<meta name=\"twitter:creator\" content=\"@Luizprosperi\" \/>\n<meta name=\"twitter:site\" content=\"@Luizprosperi\" \/>\n<meta name=\"twitter:label1\" content=\"Escrito por\" \/>\n\t<meta name=\"twitter:data1\" content=\"Luiz Ant\u00f4nio Pr\u00f3speri\" \/>\n\t<meta name=\"twitter:label2\" content=\"Est. tempo de leitura\" \/>\n\t<meta name=\"twitter:data2\" content=\"1 minuto\" \/>\n<script type=\"application\/ld+json\" class=\"yoast-schema-graph\">{\"@context\":\"https:\\\/\\\/schema.org\",\"@graph\":[{\"@type\":\"Article\",\"@id\":\"https:\\\/\\\/blogdoprosperi.com\\\/?p=62375#article\",\"isPartOf\":{\"@id\":\"https:\\\/\\\/blogdoprosperi.com\\\/?p=62375\"},\"author\":{\"name\":\"Luiz Ant\u00f4nio Pr\u00f3speri\",\"@id\":\"https:\\\/\\\/blogdoprosperi.com\\\/#\\\/schema\\\/person\\\/38100755ce3601861ee4fab9b5aa78e9\"},\"headline\":\"Memphis toca fogo no Parque S\u00e3o Jorge, pede desculpas e Corinthians aplica multa ao \u00eddolo holand\u00eas\",\"datePublished\":\"2026-08-22T14:34:14+00:00\",\"dateModified\":\"2026-08-22T20:44:15+00:00\",\"mainEntityOfPage\":{\"@id\":\"https:\\\/\\\/blogdoprosperi.com\\\/?p=62375\"},\"wordCount\":322,\"commentCount\":0,\"publisher\":{\"@id\":\"https:\\\/\\\/blogdoprosperi.com\\\/#\\\/schema\\\/person\\\/38100755ce3601861ee4fab9b5aa78e9\"},\"image\":{\"@id\":\"https:\\\/\\\/blogdoprosperi.com\\\/?p=62375#primaryimage\"},\"thumbnailUrl\":\"https:\\\/\\\/i0.wp.com\\\/blogdoprosperi.com\\\/wp-content\\\/uploads\\\/2026\\\/08\\\/Captura-de-Tela-2026-08-22-as-11.32.54.png?fit=1296%2C840&ssl=1\",\"keywords\":[\"clip memphis\",\"Corinthians\",\"don't panic\",\"Memphis depay\"],\"articleSection\":[\"futebol\"],\"inLanguage\":\"pt-BR\",\"potentialAction\":[{\"@type\":\"CommentAction\",\"name\":\"Comment\",\"target\":[\"https:\\\/\\\/blogdoprosperi.com\\\/?p=62375#respond\"]}]},{\"@type\":\"WebPage\",\"@id\":\"https:\\\/\\\/blogdoprosperi.com\\\/?p=62375\",\"url\":\"https:\\\/\\\/blogdoprosperi.com\\\/?p=62375\",\"name\":\"Memphis toca fogo no Parque S\u00e3o Jorge, pede desculpas e Corinthians aplica multa ao \u00eddolo holand\u00eas - PR\u00d3SPERI NEWS\",\"isPartOf\":{\"@id\":\"https:\\\/\\\/blogdoprosperi.com\\\/#website\"},\"primaryImageOfPage\":{\"@id\":\"https:\\\/\\\/blogdoprosperi.com\\\/?p=62375#primaryimage\"},\"image\":{\"@id\":\"https:\\\/\\\/blogdoprosperi.com\\\/?p=62375#primaryimage\"},\"thumbnailUrl\":\"https:\\\/\\\/i0.wp.com\\\/blogdoprosperi.com\\\/wp-content\\\/uploads\\\/2026\\\/08\\\/Captura-de-Tela-2026-08-22-as-11.32.54.png?fit=1296%2C840&ssl=1\",\"datePublished\":\"2026-08-22T14:34:14+00:00\",\"dateModified\":\"2026-08-22T20:44:15+00:00\",\"breadcrumb\":{\"@id\":\"https:\\\/\\\/blogdoprosperi.com\\\/?p=62375#breadcrumb\"},\"inLanguage\":\"pt-BR\",\"potentialAction\":[{\"@type\":\"ReadAction\",\"target\":[\"https:\\\/\\\/blogdoprosperi.com\\\/?p=62375\"]}]},{\"@type\":\"ImageObject\",\"inLanguage\":\"pt-BR\",\"@id\":\"https:\\\/\\\/blogdoprosperi.com\\\/?p=62375#primaryimage\",\"url\":\"https:\\\/\\\/i0.wp.com\\\/blogdoprosperi.com\\\/wp-content\\\/uploads\\\/2026\\\/08\\\/Captura-de-Tela-2026-08-22-as-11.32.54.png?fit=1296%2C840&ssl=1\",\"contentUrl\":\"https:\\\/\\\/i0.wp.com\\\/blogdoprosperi.com\\\/wp-content\\\/uploads\\\/2026\\\/08\\\/Captura-de-Tela-2026-08-22-as-11.32.54.png?fit=1296%2C840&ssl=1\",\"width\":1296,\"height\":840,\"caption\":\"Parque S\u00e3o Jorge em chamas, clip de Memphis \u2013 foto: reprodu\u00e7\u00e3o YouTube\"},{\"@type\":\"BreadcrumbList\",\"@id\":\"https:\\\/\\\/blogdoprosperi.com\\\/?p=62375#breadcrumb\",\"itemListElement\":[{\"@type\":\"ListItem\",\"position\":1,\"name\":\"In\u00edcio\",\"item\":\"https:\\\/\\\/blogdoprosperi.com\\\/\"},{\"@type\":\"ListItem\",\"position\":2,\"name\":\"Memphis toca fogo no Parque S\u00e3o Jorge, pede desculpas e Corinthians aplica multa ao \u00eddolo holand\u00eas\"}]},{\"@type\":\"WebSite\",\"@id\":\"https:\\\/\\\/blogdoprosperi.com\\\/#website\",\"url\":\"https:\\\/\\\/blogdoprosperi.com\\\/\",\"name\":\"PR\u00d3SPERI NEWS\",\"description\":\"TUDO \u00c9  FUTEBOL\",\"publisher\":{\"@id\":\"https:\\\/\\\/blogdoprosperi.com\\\/#\\\/schema\\\/person\\\/38100755ce3601861ee4fab9b5aa78e9\"},\"alternateName\":\"blogdoprosperi.com\",\"potentialAction\":[{\"@type\":\"SearchAction\",\"target\":{\"@type\":\"EntryPoint\",\"urlTemplate\":\"https:\\\/\\\/blogdoprosperi.com\\\/?s={search_term_string}\"},\"query-input\":{\"@type\":\"PropertyValueSpecification\",\"valueRequired\":true,\"valueName\":\"search_term_string\"}}],\"inLanguage\":\"pt-BR\"},{\"@type\":[\"Person\",\"Organization\"],\"@id\":\"https:\\\/\\\/blogdoprosperi.com\\\/#\\\/schema\\\/person\\\/38100755ce3601861ee4fab9b5aa78e9\",\"name\":\"Luiz Ant\u00f4nio Pr\u00f3speri\",\"pronouns\":\"ele\",\"image\":{\"@type\":\"ImageObject\",\"inLanguage\":\"pt-BR\",\"@id\":\"https:\\\/\\\/i0.wp.com\\\/blogdoprosperi.com\\\/wp-content\\\/uploads\\\/2026\\\/05\\\/cropped-8059e613-6002-42fa-961e-8e275f575d71-2-5.jpg?fit=1360%2C931&ssl=1\",\"url\":\"https:\\\/\\\/i0.wp.com\\\/blogdoprosperi.com\\\/wp-content\\\/uploads\\\/2026\\\/05\\\/cropped-8059e613-6002-42fa-961e-8e275f575d71-2-5.jpg?fit=1360%2C931&ssl=1\",\"contentUrl\":\"https:\\\/\\\/i0.wp.com\\\/blogdoprosperi.com\\\/wp-content\\\/uploads\\\/2026\\\/05\\\/cropped-8059e613-6002-42fa-961e-8e275f575d71-2-5.jpg?fit=1360%2C931&ssl=1\",\"width\":1360,\"height\":931,\"caption\":\"Luiz Ant\u00f4nio Pr\u00f3speri\"},\"logo\":{\"@id\":\"https:\\\/\\\/i0.wp.com\\\/blogdoprosperi.com\\\/wp-content\\\/uploads\\\/2026\\\/05\\\/cropped-8059e613-6002-42fa-961e-8e275f575d71-2-5.jpg?fit=1360%2C931&ssl=1\"},\"description\":\"Jornalista com carreira dedicada ao esporte. Cobriu 9 Copas do Mundo in loco, 1990 na It\u00e1lia, 1994 nos EUA, 1998 na Fran\u00e7a, 2002 na Coreia do Sul e Jap\u00e3o, 2006 na Alemanha, 2010 na \u00c1frica do Sul, 2014 no Brasil, 2018 na R\u00fassia e 2022 no Qatar. Eurocopas, 1992 na Su\u00e9cia e 1996 na Inglaterra. Copa das Confedera\u00e7\u00f5es de 2005 na Alemanha e 2009 na \u00c1frica do Sul. Rep\u00f3rter e Editor, trabalhou no Jornal da Tarde e Estad\u00e3o, de 1984 a fevereiro de 2016. Colunista, blogueiro. E comentarista de futebol na R\u00e1dio Estad\u00e3o, de 2013 a fevereiro de 2016. Jornalista respons\u00e1vel do \\\"Pr\u00f3speri News\\\" (blogdoprosperi.com).\",\"sameAs\":[\"http:\\\/\\\/blogdoprosperi.com\",\"Luiz Pr\u00f3speri\",\"@luiz_prosperi\",\"https:\\\/\\\/x.com\\\/Luizprosperi\",\"@prosperinacopa\",\"luiz.prosperi@icloud.com\"],\"url\":\"https:\\\/\\\/blogdoprosperi.com\\\/?author=102107496\"}]}<\/script>\n<!-- \/ Yoast SEO plugin. -->","yoast_head_json":{"title":"Memphis toca fogo no Parque S\u00e3o Jorge, pede desculpas e Corinthians aplica multa ao \u00eddolo holand\u00eas - PR\u00d3SPERI NEWS","robots":{"index":"index","follow":"follow","max-snippet":"max-snippet:-1","max-image-preview":"max-image-preview:large","max-video-preview":"max-video-preview:-1"},"canonical":"https:\/\/blogdoprosperi.com\/?p=62375","og_locale":"pt_BR","og_type":"article","og_title":"Memphis toca fogo no Parque S\u00e3o Jorge, pede desculpas e Corinthians aplica multa ao \u00eddolo holand\u00eas - PR\u00d3SPERI NEWS","og_description":"Acompanhe novo clip oficial de Memphis Depay em que na cena final aparece a fachada do Parque S\u00e3o [&hellip;]","og_url":"https:\/\/blogdoprosperi.com\/?p=62375","og_site_name":"PR\u00d3SPERI NEWS","article_publisher":"Luiz Pr\u00f3speri","article_author":"Luiz Pr\u00f3speri","article_published_time":"2026-08-22T14:34:14+00:00","article_modified_time":"2026-08-22T20:44:15+00:00","og_image":[{"width":1296,"height":840,"url":"https:\/\/i0.wp.com\/blogdoprosperi.com\/wp-content\/uploads\/2026\/08\/Captura-de-Tela-2026-08-22-as-11.32.54.png?fit=1296%2C840&ssl=1","type":"image\/png"}],"author":"Luiz Ant\u00f4nio Pr\u00f3speri","twitter_card":"summary_large_image","twitter_creator":"@Luizprosperi","twitter_site":"@Luizprosperi","twitter_misc":{"Escrito por":"Luiz Ant\u00f4nio Pr\u00f3speri","Est. tempo de leitura":"1 minuto"},"schema":{"@context":"https:\/\/schema.org","@graph":[{"@type":"Article","@id":"https:\/\/blogdoprosperi.com\/?p=62375#article","isPartOf":{"@id":"https:\/\/blogdoprosperi.com\/?p=62375"},"author":{"name":"Luiz Ant\u00f4nio Pr\u00f3speri","@id":"https:\/\/blogdoprosperi.com\/#\/schema\/person\/38100755ce3601861ee4fab9b5aa78e9"},"headline":"Memphis toca fogo no Parque S\u00e3o Jorge, pede desculpas e Corinthians aplica multa ao \u00eddolo holand\u00eas","datePublished":"2026-08-22T14:34:14+00:00","dateModified":"2026-08-22T20:44:15+00:00","mainEntityOfPage":{"@id":"https:\/\/blogdoprosperi.com\/?p=62375"},"wordCount":322,"commentCount":0,"publisher":{"@id":"https:\/\/blogdoprosperi.com\/#\/schema\/person\/38100755ce3601861ee4fab9b5aa78e9"},"image":{"@id":"https:\/\/blogdoprosperi.com\/?p=62375#primaryimage"},"thumbnailUrl":"https:\/\/i0.wp.com\/blogdoprosperi.com\/wp-content\/uploads\/2026\/08\/Captura-de-Tela-2026-08-22-as-11.32.54.png?fit=1296%2C840&ssl=1","keywords":["clip memphis","Corinthians","don't panic","Memphis depay"],"articleSection":["futebol"],"inLanguage":"pt-BR","potentialAction":[{"@type":"CommentAction","name":"Comment","target":["https:\/\/blogdoprosperi.com\/?p=62375#respond"]}]},{"@type":"WebPage","@id":"https:\/\/blogdoprosperi.com\/?p=62375","url":"https:\/\/blogdoprosperi.com\/?p=62375","name":"Memphis toca fogo no Parque S\u00e3o Jorge, pede desculpas e Corinthians aplica multa ao \u00eddolo holand\u00eas - PR\u00d3SPERI NEWS","isPartOf":{"@id":"https:\/\/blogdoprosperi.com\/#website"},"primaryImageOfPage":{"@id":"https:\/\/blogdoprosperi.com\/?p=62375#primaryimage"},"image":{"@id":"https:\/\/blogdoprosperi.com\/?p=62375#primaryimage"},"thumbnailUrl":"https:\/\/i0.wp.com\/blogdoprosperi.com\/wp-content\/uploads\/2026\/08\/Captura-de-Tela-2026-08-22-as-11.32.54.png?fit=1296%2C840&ssl=1","datePublished":"2026-08-22T14:34:14+00:00","dateModified":"2026-08-22T20:44:15+00:00","breadcrumb":{"@id":"https:\/\/blogdoprosperi.com\/?p=62375#breadcrumb"},"inLanguage":"pt-BR","potentialAction":[{"@type":"ReadAction","target":["https:\/\/blogdoprosperi.com\/?p=62375"]}]},{"@type":"ImageObject","inLanguage":"pt-BR","@id":"https:\/\/blogdoprosperi.com\/?p=62375#primaryimage","url":"https:\/\/i0.wp.com\/blogdoprosperi.com\/wp-content\/uploads\/2026\/08\/Captura-de-Tela-2026-08-22-as-11.32.54.png?fit=1296%2C840&ssl=1","contentUrl":"https:\/\/i0.wp.com\/blogdoprosperi.com\/wp-content\/uploads\/2026\/08\/Captura-de-Tela-2026-08-22-as-11.32.54.png?fit=1296%2C840&ssl=1","width":1296,"height":840,"caption":"Parque S\u00e3o Jorge em chamas, clip de Memphis \u2013 foto: reprodu\u00e7\u00e3o YouTube"},{"@type":"BreadcrumbList","@id":"https:\/\/blogdoprosperi.com\/?p=62375#breadcrumb","itemListElement":[{"@type":"ListItem","position":1,"name":"In\u00edcio","item":"https:\/\/blogdoprosperi.com\/"},{"@type":"ListItem","position":2,"name":"Memphis toca fogo no Parque S\u00e3o Jorge, pede desculpas e Corinthians aplica multa ao \u00eddolo holand\u00eas"}]},{"@type":"WebSite","@id":"https:\/\/blogdoprosperi.com\/#website","url":"https:\/\/blogdoprosperi.com\/","name":"PR\u00d3SPERI NEWS","description":"TUDO \u00c9  FUTEBOL","publisher":{"@id":"https:\/\/blogdoprosperi.com\/#\/schema\/person\/38100755ce3601861ee4fab9b5aa78e9"},"alternateName":"blogdoprosperi.com","potentialAction":[{"@type":"SearchAction","target":{"@type":"EntryPoint","urlTemplate":"https:\/\/blogdoprosperi.com\/?s={search_term_string}"},"query-input":{"@type":"PropertyValueSpecification","valueRequired":true,"valueName":"search_term_string"}}],"inLanguage":"pt-BR"},{"@type":["Person","Organization"],"@id":"https:\/\/blogdoprosperi.com\/#\/schema\/person\/38100755ce3601861ee4fab9b5aa78e9","name":"Luiz Ant\u00f4nio Pr\u00f3speri","pronouns":"ele","image":{"@type":"ImageObject","inLanguage":"pt-BR","@id":"https:\/\/i0.wp.com\/blogdoprosperi.com\/wp-content\/uploads\/2026\/05\/cropped-8059e613-6002-42fa-961e-8e275f575d71-2-5.jpg?fit=1360%2C931&ssl=1","url":"https:\/\/i0.wp.com\/blogdoprosperi.com\/wp-content\/uploads\/2026\/05\/cropped-8059e613-6002-42fa-961e-8e275f575d71-2-5.jpg?fit=1360%2C931&ssl=1","contentUrl":"https:\/\/i0.wp.com\/blogdoprosperi.com\/wp-content\/uploads\/2026\/05\/cropped-8059e613-6002-42fa-961e-8e275f575d71-2-5.jpg?fit=1360%2C931&ssl=1","width":1360,"height":931,"caption":"Luiz Ant\u00f4nio Pr\u00f3speri"},"logo":{"@id":"https:\/\/i0.wp.com\/blogdoprosperi.com\/wp-content\/uploads\/2026\/05\/cropped-8059e613-6002-42fa-961e-8e275f575d71-2-5.jpg?fit=1360%2C931&ssl=1"},"description":"Jornalista com carreira dedicada ao esporte. Cobriu 9 Copas do Mundo in loco, 1990 na It\u00e1lia, 1994 nos EUA, 1998 na Fran\u00e7a, 2002 na Coreia do Sul e Jap\u00e3o, 2006 na Alemanha, 2010 na \u00c1frica do Sul, 2014 no Brasil, 2018 na R\u00fassia e 2022 no Qatar. Eurocopas, 1992 na Su\u00e9cia e 1996 na Inglaterra. Copa das Confedera\u00e7\u00f5es de 2005 na Alemanha e 2009 na \u00c1frica do Sul. Rep\u00f3rter e Editor, trabalhou no Jornal da Tarde e Estad\u00e3o, de 1984 a fevereiro de 2016. Colunista, blogueiro. E comentarista de futebol na R\u00e1dio Estad\u00e3o, de 2013 a fevereiro de 2016. Jornalista respons\u00e1vel do \"Pr\u00f3speri News\" (blogdoprosperi.com).","sameAs":["http:\/\/blogdoprosperi.com","Luiz Pr\u00f3speri","@luiz_prosperi","https:\/\/x.com\/Luizprosperi","@prosperinacopa","luiz.prosperi@icloud.com"],"url":"https:\/\/blogdoprosperi.com\/?author=102107496"}]}},"jetpack_publicize_connections":[],"jetpack_likes_enabled":false,"jetpack_sharing_enabled":true,"jetpack_shortlink":"https:\/\/wp.me\/p7jvdk-ge3","jetpack-related-posts":[{"id":62167,"url":"https:\/\/blogdoprosperi.com\/?p=62167","url_meta":{"origin":62375,"position":0},"title":"Corinthians renova com Memphis: holand\u00eas se apresenta a Fernando Diniz e torcida pede interven\u00e7\u00e3o judicial no clube","author":"Luiz Ant\u00f4nio Pr\u00f3speri","date":"18 de agosto de 2026","format":false,"excerpt":"Corinthians renova contrato de Memphis Depay por mais dois anos, com validade at\u00e9 fim de 2027. Presidente Osmar Stabile relata amea\u00e7as de morte a ele e sua fam\u00edlia por parte de torcedores.","rel":"","context":"Em &quot;\u00daltimas&quot;","block_context":{"text":"\u00daltimas","link":"https:\/\/blogdoprosperi.com\/?cat=283656"},"img":{"alt_text":"","src":"https:\/\/i0.wp.com\/blogdoprosperi.com\/wp-content\/uploads\/2026\/08\/652055711-2026-flamengo-corinthians-atacante-memphis-depay-contrato-salario.webp?fit=1200%2C900&ssl=1&resize=350%2C200","width":350,"height":200,"srcset":"https:\/\/i0.wp.com\/blogdoprosperi.com\/wp-content\/uploads\/2026\/08\/652055711-2026-flamengo-corinthians-atacante-memphis-depay-contrato-salario.webp?fit=1200%2C900&ssl=1&resize=350%2C200 1x, https:\/\/i0.wp.com\/blogdoprosperi.com\/wp-content\/uploads\/2026\/08\/652055711-2026-flamengo-corinthians-atacante-memphis-depay-contrato-salario.webp?fit=1200%2C900&ssl=1&resize=525%2C300 1.5x, https:\/\/i0.wp.com\/blogdoprosperi.com\/wp-content\/uploads\/2026\/08\/652055711-2026-flamengo-corinthians-atacante-memphis-depay-contrato-salario.webp?fit=1200%2C900&ssl=1&resize=700%2C400 2x, https:\/\/i0.wp.com\/blogdoprosperi.com\/wp-content\/uploads\/2026\/08\/652055711-2026-flamengo-corinthians-atacante-memphis-depay-contrato-salario.webp?fit=1200%2C900&ssl=1&resize=1050%2C600 3x"},"classes":[]},{"id":62105,"url":"https:\/\/blogdoprosperi.com\/?p=62105","url_meta":{"origin":62375,"position":1},"title":"Corinthians em p\u00e2nico espera retomar conversa com Memphis Depay","author":"Luiz Ant\u00f4nio Pr\u00f3speri","date":"14 de agosto de 2026","format":false,"excerpt":"Luiz Ant\u00f4nio Pr\u00f3speri \u2013 14 agosto 2026 (18h59) Corinthians ensaia uma retomada de negocia\u00e7\u00f5es com Memphis Depay. N\u00e3o se trata de uma reviravolta no caso. \u00c9 apenas mais uma manobra do presidente Osmar Stabile e seus pares de diretoria para diminuir a fervura no caldeir\u00e3o. \u00a0Medo da torcida. A explica\u00e7\u00e3o\u2026","rel":"","context":"Em &quot;futebol&quot;","block_context":{"text":"futebol","link":"https:\/\/blogdoprosperi.com\/?cat=53870"},"img":{"alt_text":"","src":"https:\/\/i0.wp.com\/blogdoprosperi.com\/wp-content\/uploads\/2024\/09\/459361509_1099386834884013_2219958867464411228_n-1.jpg?fit=1200%2C1013&ssl=1&resize=350%2C200","width":350,"height":200,"srcset":"https:\/\/i0.wp.com\/blogdoprosperi.com\/wp-content\/uploads\/2024\/09\/459361509_1099386834884013_2219958867464411228_n-1.jpg?fit=1200%2C1013&ssl=1&resize=350%2C200 1x, https:\/\/i0.wp.com\/blogdoprosperi.com\/wp-content\/uploads\/2024\/09\/459361509_1099386834884013_2219958867464411228_n-1.jpg?fit=1200%2C1013&ssl=1&resize=525%2C300 1.5x, https:\/\/i0.wp.com\/blogdoprosperi.com\/wp-content\/uploads\/2024\/09\/459361509_1099386834884013_2219958867464411228_n-1.jpg?fit=1200%2C1013&ssl=1&resize=700%2C400 2x, https:\/\/i0.wp.com\/blogdoprosperi.com\/wp-content\/uploads\/2024\/09\/459361509_1099386834884013_2219958867464411228_n-1.jpg?fit=1200%2C1013&ssl=1&resize=1050%2C600 3x"},"classes":[]},{"id":48085,"url":"https:\/\/blogdoprosperi.com\/?p=48085","url_meta":{"origin":62375,"position":2},"title":"#Cr\u00f4nicaSab\u00e1tica #13 | Conhe\u00e7a o Mundo Memphis no Brasil","author":"Luiz Ant\u00f4nio Pr\u00f3speri","date":"15 de fevereiro de 2025","format":false,"excerpt":"Luiz Ant\u00f4nio Pr\u00f3speri \u2013 15 fevereiro (12h26) \u2013 Cego, surdo e mudo. \u00c9 a tradu\u00e7\u00e3o do gesto de tapar o ouvido adotado por Memphis Depay na comemora\u00e7\u00e3o de seus gols. Eu e meu mundo, seria recado do jogador holand\u00eas contratado pelo Corinthians em setembro de 2024. Certeiro. Memphis vive o\u2026","rel":"","context":"Em &quot;futebol&quot;","block_context":{"text":"futebol","link":"https:\/\/blogdoprosperi.com\/?cat=53870"},"img":{"alt_text":"Memphis Depay comemora 31 anos","src":"https:\/\/i0.wp.com\/blogdoprosperi.com\/wp-content\/uploads\/2025\/02\/a-grande-festa-de-aniversario-de-depay-foto-redes-sociais-1739557800-hq-2.webp?fit=1080%2C540&ssl=1&resize=350%2C200","width":350,"height":200,"srcset":"https:\/\/i0.wp.com\/blogdoprosperi.com\/wp-content\/uploads\/2025\/02\/a-grande-festa-de-aniversario-de-depay-foto-redes-sociais-1739557800-hq-2.webp?fit=1080%2C540&ssl=1&resize=350%2C200 1x, https:\/\/i0.wp.com\/blogdoprosperi.com\/wp-content\/uploads\/2025\/02\/a-grande-festa-de-aniversario-de-depay-foto-redes-sociais-1739557800-hq-2.webp?fit=1080%2C540&ssl=1&resize=525%2C300 1.5x, https:\/\/i0.wp.com\/blogdoprosperi.com\/wp-content\/uploads\/2025\/02\/a-grande-festa-de-aniversario-de-depay-foto-redes-sociais-1739557800-hq-2.webp?fit=1080%2C540&ssl=1&resize=700%2C400 2x, https:\/\/i0.wp.com\/blogdoprosperi.com\/wp-content\/uploads\/2025\/02\/a-grande-festa-de-aniversario-de-depay-foto-redes-sociais-1739557800-hq-2.webp?fit=1080%2C540&ssl=1&resize=1050%2C600 3x"},"classes":[]},{"id":48857,"url":"https:\/\/blogdoprosperi.com\/?p=48857","url_meta":{"origin":62375,"position":3},"title":"Futuro do Corinthians: Sobreviv\u00eancia Depende do Palmeiras","author":"Luiz Ant\u00f4nio Pr\u00f3speri","date":"13 de mar\u00e7o de 2025","format":false,"excerpt":"Se Ramon Diaz cair, Tite pode vir a\u00ed. Memphis vira interroga\u00e7\u00e3o e at\u00e9 o impeachment do presidente Augusto Melo pode voltar Agora a encrenca \u00e9 superar o Palmeiras em dois jogos das finais do Paulist\u00e3o Luiz Ant\u00f4nio Pr\u00f3speri \u2013 13 mar\u00e7o (12h35) \u2013 Corinthians sai aplaudido por sua gente ao\u2026","rel":"","context":"Em &quot;futebol&quot;","block_context":{"text":"futebol","link":"https:\/\/blogdoprosperi.com\/?cat=53870"},"img":{"alt_text":"Fiel aplaude time eliminado na Libertadores","src":"https:\/\/i0.wp.com\/blogdoprosperi.com\/wp-content\/uploads\/2025\/03\/captura-de-tela-2025-03-13-as-12.35.26.png?fit=1200%2C771&ssl=1&resize=350%2C200","width":350,"height":200,"srcset":"https:\/\/i0.wp.com\/blogdoprosperi.com\/wp-content\/uploads\/2025\/03\/captura-de-tela-2025-03-13-as-12.35.26.png?fit=1200%2C771&ssl=1&resize=350%2C200 1x, https:\/\/i0.wp.com\/blogdoprosperi.com\/wp-content\/uploads\/2025\/03\/captura-de-tela-2025-03-13-as-12.35.26.png?fit=1200%2C771&ssl=1&resize=525%2C300 1.5x, https:\/\/i0.wp.com\/blogdoprosperi.com\/wp-content\/uploads\/2025\/03\/captura-de-tela-2025-03-13-as-12.35.26.png?fit=1200%2C771&ssl=1&resize=700%2C400 2x, https:\/\/i0.wp.com\/blogdoprosperi.com\/wp-content\/uploads\/2025\/03\/captura-de-tela-2025-03-13-as-12.35.26.png?fit=1200%2C771&ssl=1&resize=1050%2C600 3x"},"classes":[]},{"id":53651,"url":"https:\/\/blogdoprosperi.com\/?p=53651","url_meta":{"origin":62375,"position":4},"title":"V\u00eddeo | S\u00e3o Paulo 2 x 0 Corinthians: Acompanhe Coletiva de Dorival Junior \u2013 T\u00e9cnico do Corinthians","author":"Luiz Ant\u00f4nio Pr\u00f3speri","date":"20 de julho de 2025","format":false,"excerpt":"Acompanhe entrevista coletiva de Dorival Junior p\u00f3s-jogo S\u00e3o Paulo 2 a 0 Corinthians no s\u00e1bado (19\/7). T\u00e9cnico do Corinthians fala a respeito da substitui\u00e7\u00e3o de Memphis Depay no intervalo do jogo e analisa a derrota do Corinthians. V\u00eddeo oficial TV Corinthians:","rel":"","context":"Em &quot;brasileir\u00e3o 2025&quot;","block_context":{"text":"brasileir\u00e3o 2025","link":"https:\/\/blogdoprosperi.com\/?cat=775970846"},"img":{"alt_text":"Dorival Junior fala da substitui\u00e7\u00e3o de Memphis Depay","src":"https:\/\/i0.wp.com\/blogdoprosperi.com\/wp-content\/uploads\/2025\/07\/agenciacorinthians-foto-236602-scaled-aspect-ratio-512-320-2.webp?fit=950%2C593&ssl=1&resize=350%2C200","width":350,"height":200,"srcset":"https:\/\/i0.wp.com\/blogdoprosperi.com\/wp-content\/uploads\/2025\/07\/agenciacorinthians-foto-236602-scaled-aspect-ratio-512-320-2.webp?fit=950%2C593&ssl=1&resize=350%2C200 1x, https:\/\/i0.wp.com\/blogdoprosperi.com\/wp-content\/uploads\/2025\/07\/agenciacorinthians-foto-236602-scaled-aspect-ratio-512-320-2.webp?fit=950%2C593&ssl=1&resize=525%2C300 1.5x, https:\/\/i0.wp.com\/blogdoprosperi.com\/wp-content\/uploads\/2025\/07\/agenciacorinthians-foto-236602-scaled-aspect-ratio-512-320-2.webp?fit=950%2C593&ssl=1&resize=700%2C400 2x"},"classes":[]},{"id":62198,"url":"https:\/\/blogdoprosperi.com\/?p=62198","url_meta":{"origin":62375,"position":5},"title":"Video | Memphis: &#8220;Corinthians \u00e9 gigante. Eu vi e todos viram o qu\u00e3o grande ele \u00e9. O qu\u00e3o grande n\u00f3s somos juntos&#8221;","author":"Luiz Ant\u00f4nio Pr\u00f3speri","date":"18 de agosto de 2026","format":false,"excerpt":"Memphis ressalta fora do Corinthians em v\u00eddeos publicados na Corinthians TV (YouTube) nesta ter\u00e7a-feira (18\/8). \"Eu vi e todos viram o quanto grande \u00e9 o Corinthians. O prop\u00f3sito n\u00e3o se encerrou\".","rel":"","context":"Em &quot;\u00daltimas&quot;","block_context":{"text":"\u00daltimas","link":"https:\/\/blogdoprosperi.com\/?cat=283656"},"img":{"alt_text":"","src":"https:\/\/i0.wp.com\/img.youtube.com\/vi\/7lgNncK1Uvg\/0.jpg?resize=350%2C200","width":350,"height":200},"classes":[]}],"jetpack_featured_media_url":"https:\/\/i0.wp.com\/blogdoprosperi.com\/wp-content\/uploads\/2026\/08\/Captura-de-Tela-2026-08-22-as-11.32.54.png?fit=1296%2C840&ssl=1","_links":{"self":[{"href":"https:\/\/blogdoprosperi.com\/index.php?rest_route=\/wp\/v2\/posts\/62375","targetHints":{"allow":["GET"]}}],"collection":[{"href":"https:\/\/blogdoprosperi.com\/index.php?rest_route=\/wp\/v2\/posts"}],"about":[{"href":"https:\/\/blogdoprosperi.com\/index.php?rest_route=\/wp\/v2\/types\/post"}],"author":[{"embeddable":true,"href":"https:\/\/blogdoprosperi.com\/index.php?rest_route=\/wp\/v2\/users\/102107496"}],"replies":[{"embeddable":true,"href":"https:\/\/blogdoprosperi.com\/index.php?rest_route=%2Fwp%2Fv2%2Fcomments&post=62375"}],"version-history":[{"count":8,"href":"https:\/\/blogdoprosperi.com\/index.php?rest_route=\/wp\/v2\/posts\/62375\/revisions"}],"predecessor-version":[{"id":62397,"href":"https:\/\/blogdoprosperi.com\/index.php?rest_route=\/wp\/v2\/posts\/62375\/revisions\/62397"}],"wp:featuredmedia":[{"embeddable":true,"href":"https:\/\/blogdoprosperi.com\/index.php?rest_route=\/wp\/v2\/media\/62380"}],"wp:attachment":[{"href":"https:\/\/blogdoprosperi.com\/index.php?rest_route=%2Fwp%2Fv2%2Fmedia&parent=62375"}],"wp:term":[{"taxonomy":"category","embeddable":true,"href":"https:\/\/blogdoprosperi.com\/index.php?rest_route=%2Fwp%2Fv2%2Fcategories&post=62375"},{"taxonomy":"post_tag","embeddable":true,"href":"https:\/\/blogdoprosperi.com\/index.php?rest_route=%2Fwp%2Fv2%2Ftags&post=62375"}],"curies":[{"name":"wp","href":"https:\/\/api.w.org\/{rel}","templated":true}]}}