{"id":62418,"date":"2026-08-24T16:29:28","date_gmt":"2026-08-24T19:29:28","guid":{"rendered":"https:\/\/blogdoprosperi.com\/?p=62418"},"modified":"2026-08-24T18:20:42","modified_gmt":"2026-08-24T21:20:42","slug":"allan-e-do-manchester-city-clube-ingles-para-r-241-milhoes-ao-palmeiras","status":"publish","type":"post","link":"https:\/\/blogdoprosperi.com\/?p=62418","title":{"rendered":"Allan \u00e9 do Manchester City: clube ingl\u00eas paga R$ 241 milh\u00f5es ao Palmeiras"},"content":{"rendered":"<p><em>Luiz Ant\u00f4nio Pr\u00f3speri \u2013 24 agosto 2026 (16h13)&nbsp;<\/em><\/p>\n<p>Allan \u00e9 novo refor\u00e7o do Manchester City. Clube ingl\u00eas paga 40 milh\u00f5es de euros e mais b\u00f4nus ao Palmeiras pelo jogador de 22 anos. Neg\u00f3cio fechado na tarde desta segunda-feira (24\/8). O tempo de contrato e detalhes dos b\u00f4nus n\u00e3o foram revelados.<\/p>\n<p>Da safra de Endrick, Estev\u00e3o e Vitor Reis, Allan chega ao City a pedido do t\u00e9cnico italiano Enzo Maresca, herdeiro de Pep Guardiola no comando do time ingl\u00eas.<\/p>\n<p>Coincid\u00eancia?<\/p>\n<p>Maresca foi o treinador quem pediu a contrata\u00e7\u00e3o de Estev\u00e3o quando dirigia o Chelsea na temporada passada.<\/p>\n<p>Palmeiras vende Estev\u00e3o ao Chelsea e Allan assume seu lugar no ataque do Palmeiras por decis\u00e3o de Abel Ferreira.<\/p>\n<h3>O que Abel pode fazer para substituir Allan no Palmeiras?<\/h3>\n<p>Sem Allan, Abel tem como op\u00e7\u00e3o puxar John Arias do setor esquerdo para ocupar a ponta-direita. Ali\u00e1s \u00e9 a posi\u00e7\u00e3o do campo preferida por Arias.<\/p>\n<p>Outra situa\u00e7\u00e3o seria efetivar Felipe Anderson exercendo a fun\u00e7\u00e3o de Allan, de atacante e de ala como atuava nos seus tempos de Lazio na It\u00e1lia. A d\u00favida \u00e9 se Felipe Anderson ter\u00e1 energia suficiente para cumprir a tarefa.<\/p>\n<blockquote class=\"wp-embedded-content\" data-secret=\"4RziEAns1a\"><p><a href=\"https:\/\/blogdoprosperi.com\/2026\/08\/22\/entenda-porque-allan-do-palmeiras-vai-para-o-manchester-city-e-o-interesse-de-liverpool-em-endrick\/\">Entenda porque Allan do Palmeiras vai para o Manchester City e o interesse de Liverpool em Endrick<\/a><\/p><\/blockquote>\n<p><iframe loading=\"lazy\" class=\"wp-embedded-content\" sandbox=\"allow-scripts\" security=\"restricted\" style=\"position: absolute; visibility: hidden;\" title=\"\u201cEntenda porque Allan do Palmeiras vai para o Manchester City e o interesse de Liverpool em Endrick\u201d \u2014 PR\u00d3SPERI NEWS\" src=\"https:\/\/blogdoprosperi.com\/2026\/08\/22\/entenda-porque-allan-do-palmeiras-vai-para-o-manchester-city-e-o-interesse-de-liverpool-em-endrick\/embed\/#?secret=50A8CyShpq#?secret=4RziEAns1a\" data-secret=\"4RziEAns1a\" width=\"600\" height=\"338\" frameborder=\"0\" marginwidth=\"0\" marginheight=\"0\" scrolling=\"no\"><\/iframe><\/p>\n<h3><span dir=\"auto\">O que Allan poderia trazer para o City?<\/span><\/h3>\n<p><span dir=\"auto\"><em>An\u00e1lise por Thom Harris, do The Athletic.&nbsp;<\/em><\/span><\/p>\n<p><span dir=\"auto\">Allan n\u00e3o vem quebrando recordes no Palmeiras e n\u00e3o \u00e9 o tipo de jovem artilheiro precoce que vem sendo contratado diretamente da primeira divis\u00e3o brasileira nos \u00faltimos anos. Mas, aos <\/span><span dir=\"auto\"><strong>22 anos, ele se consolidou como titular em um dos times mais competitivos da Am\u00e9rica do Sul, acumulando 96 partidas pela equipe principal.<\/strong><\/span><\/p>\n<p><span dir=\"auto\">Com quatro gols e duas assist\u00eancias nesta temporada, seus n\u00fameros ofensivos n\u00e3o impressionam \u00e0 primeira vista. Mas Allan \u00e9 um driblador empolgante, que gosta tanto de cortar para dentro quanto de avan\u00e7ar at\u00e9 a linha de fundo, al\u00e9m de se esfor\u00e7ar muito sem a bola. <\/span><\/p>\n<p><span dir=\"auto\">Ele tem se sa\u00eddo bem atuando mais como ala, forte nos duelos e en\u00e9rgico nas laterais, mas tamb\u00e9m pode representar um perigo em uma posi\u00e7\u00e3o mais avan\u00e7ada, como quando marcou um gol e deu uma assist\u00eancia contra o Flamengo, ent\u00e3o campe\u00e3o, em maio.<\/span><\/p>\n<p><span class=\"alignnone\"><img data-recalc-dims=\"1\" loading=\"lazy\" decoding=\"async\" data-attachment-id=\"62424\" data-permalink=\"https:\/\/blogdoprosperi.com\/?attachment_id=62424\" data-orig-file=\"https:\/\/i0.wp.com\/blogdoprosperi.com\/wp-content\/uploads\/2026\/08\/HQgWo6wXwAAoXYz.jpeg?fit=900%2C1200&amp;ssl=1\" data-orig-size=\"900,1200\" data-comments-opened=\"1\" data-image-meta=\"{&quot;aperture&quot;:&quot;0&quot;,&quot;credit&quot;:&quot;&quot;,&quot;camera&quot;:&quot;&quot;,&quot;caption&quot;:&quot;&quot;,&quot;created_timestamp&quot;:&quot;0&quot;,&quot;copyright&quot;:&quot;&quot;,&quot;focal_length&quot;:&quot;0&quot;,&quot;iso&quot;:&quot;0&quot;,&quot;shutter_speed&quot;:&quot;0&quot;,&quot;title&quot;:&quot;&quot;,&quot;orientation&quot;:&quot;0&quot;,&quot;alt&quot;:&quot;&quot;}\" data-image-title=\"HQgWo6wXwAAoXYz\" data-image-description=\"\" data-image-caption=\"\" data-large-file=\"https:\/\/i0.wp.com\/blogdoprosperi.com\/wp-content\/uploads\/2026\/08\/HQgWo6wXwAAoXYz.jpeg?fit=768%2C1024&amp;ssl=1\" src=\"https:\/\/i0.wp.com\/blogdoprosperi.com\/wp-content\/uploads\/2026\/08\/HQgWo6wXwAAoXYz.jpeg?resize=284%2C378&#038;ssl=1\" class=\"alignnone size-medium wp-image-62424\" width=\"284\" height=\"378\" alt=\"\" srcset=\"https:\/\/i0.wp.com\/blogdoprosperi.com\/wp-content\/uploads\/2026\/08\/HQgWo6wXwAAoXYz.jpeg?resize=284%2C378&amp;ssl=1 284w, https:\/\/i0.wp.com\/blogdoprosperi.com\/wp-content\/uploads\/2026\/08\/HQgWo6wXwAAoXYz.jpeg?resize=768%2C1024&amp;ssl=1 768w, https:\/\/i0.wp.com\/blogdoprosperi.com\/wp-content\/uploads\/2026\/08\/HQgWo6wXwAAoXYz.jpeg?resize=113%2C150&amp;ssl=1 113w, https:\/\/i0.wp.com\/blogdoprosperi.com\/wp-content\/uploads\/2026\/08\/HQgWo6wXwAAoXYz.jpeg?resize=450%2C600&amp;ssl=1 450w, https:\/\/i0.wp.com\/blogdoprosperi.com\/wp-content\/uploads\/2026\/08\/HQgWo6wXwAAoXYz.jpeg?w=900&amp;ssl=1 900w\" sizes=\"auto, (max-width: 284px) 100vw, 284px\" \/><\/span><\/p>\n<p><span dir=\"auto\">Embora possa jogar com as duas m\u00e3os, Allan gosta de dominar a bola com o p\u00e9 esquerdo, de onde chuta com precis\u00e3o e consist\u00eancia de longa dist\u00e2ncia.<\/span><\/p>\n<p><span dir=\"auto\">Sua versatilidade agradar\u00e1 a Maresca, enquanto seu porte f\u00edsico dever\u00e1 lhe ser uma grande vantagem. Allan chegar\u00e1 como um ponta funcional com lampejos de talento que o City poder\u00e1 explorar no futuro.<\/span><\/p>\n","protected":false},"excerpt":{"rendered":"<p>Luiz Ant\u00f4nio Pr\u00f3speri \u2013 24 agosto 2026 (16h13)&nbsp; Allan \u00e9 novo refor\u00e7o do Manchester City. Clube ingl\u00eas paga [&hellip;]<\/p>\n","protected":false},"author":102107496,"featured_media":62423,"comment_status":"open","ping_status":"open","sticky":false,"template":"","format":"standard","meta":{"_coblocks_attr":"","_coblocks_dimensions":"","_coblocks_responsive_height":"","_coblocks_accordion_ie_support":"","_jetpack_newsletter_access":"","_jetpack_dont_email_post_to_subs":false,"_jetpack_newsletter_tier_id":0,"_jetpack_memberships_contains_paywalled_content":false,"_wpcom_ai_launchpad_first_post":false,"_jetpack_feature_clip_id":0,"_jetpack_memberships_contains_paid_content":false,"footnotes":"","jetpack_publicize_message":"","jetpack_publicize_feature_enabled":true,"jetpack_social_post_already_shared":true,"jetpack_social_options":{"image_generator_settings":{"template":"highway","default_image_id":0,"font":"","enabled":false},"version":2},"jetpack_post_was_ever_published":false},"categories":[283656,53870,85628],"tags":[4200771,104745,789560884,51149102,1506562,409523,287104],"class_list":["post-62418","post","type-post","status-publish","format-standard","has-post-thumbnail","hentry","category-ultimas","category-futebol","category-mercado","tag-abel-ferreira","tag-allan","tag-enzo-maresca","tag-felipe-anderson","tag-john-arias","tag-manchester-city","tag-palmeiras"],"yoast_head":"<!-- This site is optimized with the Yoast SEO plugin v28.3 - https:\/\/yoast.com\/product\/yoast-seo-wordpress\/ -->\n<title>Allan \u00e9 do Manchester City: clube ingl\u00eas paga R$ 241 milh\u00f5es ao Palmeiras - PR\u00d3SPERI NEWS<\/title>\n<meta name=\"robots\" content=\"index, follow, max-snippet:-1, max-image-preview:large, max-video-preview:-1\" \/>\n<link rel=\"canonical\" href=\"https:\/\/blogdoprosperi.com\/?p=62418\" \/>\n<meta property=\"og:locale\" content=\"pt_BR\" \/>\n<meta property=\"og:type\" content=\"article\" \/>\n<meta property=\"og:title\" content=\"Allan \u00e9 do Manchester City: clube ingl\u00eas paga R$ 241 milh\u00f5es ao Palmeiras - PR\u00d3SPERI NEWS\" \/>\n<meta property=\"og:description\" content=\"Luiz Ant\u00f4nio Pr\u00f3speri \u2013 24 agosto 2026 (16h13)&nbsp; Allan \u00e9 novo refor\u00e7o do Manchester City. Clube ingl\u00eas paga [&hellip;]\" \/>\n<meta property=\"og:url\" content=\"https:\/\/blogdoprosperi.com\/?p=62418\" \/>\n<meta property=\"og:site_name\" content=\"PR\u00d3SPERI NEWS\" \/>\n<meta property=\"article:publisher\" content=\"Luiz Pr\u00f3speri\" \/>\n<meta property=\"article:author\" content=\"Luiz Pr\u00f3speri\" \/>\n<meta property=\"article:published_time\" content=\"2026-08-24T19:29:28+00:00\" \/>\n<meta property=\"article:modified_time\" content=\"2026-08-24T21:20:42+00:00\" \/>\n<meta property=\"og:image\" content=\"https:\/\/blogdoprosperi.com\/wp-content\/uploads\/2026\/08\/Captura-de-Tela-2026-08-24-as-16.15.37-1024x669.png\" \/>\n\t<meta property=\"og:image:width\" content=\"1024\" \/>\n\t<meta property=\"og:image:height\" content=\"669\" \/>\n\t<meta property=\"og:image:type\" content=\"image\/png\" \/>\n<meta name=\"author\" content=\"Luiz Ant\u00f4nio Pr\u00f3speri\" \/>\n<meta name=\"twitter:card\" content=\"summary_large_image\" \/>\n<meta name=\"twitter:creator\" content=\"@Luizprosperi\" \/>\n<meta name=\"twitter:site\" content=\"@Luizprosperi\" \/>\n<meta name=\"twitter:label1\" content=\"Escrito por\" \/>\n\t<meta name=\"twitter:data1\" content=\"Luiz Ant\u00f4nio Pr\u00f3speri\" \/>\n\t<meta name=\"twitter:label2\" content=\"Est. tempo de leitura\" \/>\n\t<meta name=\"twitter:data2\" content=\"3 minutos\" \/>\n<script type=\"application\/ld+json\" class=\"yoast-schema-graph\">{\"@context\":\"https:\\\/\\\/schema.org\",\"@graph\":[{\"@type\":\"Article\",\"@id\":\"https:\\\/\\\/blogdoprosperi.com\\\/?p=62418#article\",\"isPartOf\":{\"@id\":\"https:\\\/\\\/blogdoprosperi.com\\\/?p=62418\"},\"author\":{\"name\":\"Luiz Ant\u00f4nio Pr\u00f3speri\",\"@id\":\"https:\\\/\\\/blogdoprosperi.com\\\/#\\\/schema\\\/person\\\/38100755ce3601861ee4fab9b5aa78e9\"},\"headline\":\"Allan \u00e9 do Manchester City: clube ingl\u00eas paga R$ 241 milh\u00f5es ao Palmeiras\",\"datePublished\":\"2026-08-24T19:29:28+00:00\",\"dateModified\":\"2026-08-24T21:20:42+00:00\",\"mainEntityOfPage\":{\"@id\":\"https:\\\/\\\/blogdoprosperi.com\\\/?p=62418\"},\"wordCount\":456,\"commentCount\":0,\"publisher\":{\"@id\":\"https:\\\/\\\/blogdoprosperi.com\\\/#\\\/schema\\\/person\\\/38100755ce3601861ee4fab9b5aa78e9\"},\"image\":{\"@id\":\"https:\\\/\\\/blogdoprosperi.com\\\/?p=62418#primaryimage\"},\"thumbnailUrl\":\"https:\\\/\\\/i0.wp.com\\\/blogdoprosperi.com\\\/wp-content\\\/uploads\\\/2026\\\/08\\\/Captura-de-Tela-2026-08-24-as-16.15.37.png?fit=1912%2C1250&ssl=1\",\"keywords\":[\"abel ferreira\",\"allan\",\"Enzo Maresca\",\"felipe anderson\",\"john arias\",\"Manchester City\",\"Palmeiras\"],\"articleSection\":[\"\u00daltimas\",\"futebol\",\"mercado\"],\"inLanguage\":\"pt-BR\",\"potentialAction\":[{\"@type\":\"CommentAction\",\"name\":\"Comment\",\"target\":[\"https:\\\/\\\/blogdoprosperi.com\\\/?p=62418#respond\"]}]},{\"@type\":\"WebPage\",\"@id\":\"https:\\\/\\\/blogdoprosperi.com\\\/?p=62418\",\"url\":\"https:\\\/\\\/blogdoprosperi.com\\\/?p=62418\",\"name\":\"Allan \u00e9 do Manchester City: clube ingl\u00eas paga R$ 241 milh\u00f5es ao Palmeiras - PR\u00d3SPERI NEWS\",\"isPartOf\":{\"@id\":\"https:\\\/\\\/blogdoprosperi.com\\\/#website\"},\"primaryImageOfPage\":{\"@id\":\"https:\\\/\\\/blogdoprosperi.com\\\/?p=62418#primaryimage\"},\"image\":{\"@id\":\"https:\\\/\\\/blogdoprosperi.com\\\/?p=62418#primaryimage\"},\"thumbnailUrl\":\"https:\\\/\\\/i0.wp.com\\\/blogdoprosperi.com\\\/wp-content\\\/uploads\\\/2026\\\/08\\\/Captura-de-Tela-2026-08-24-as-16.15.37.png?fit=1912%2C1250&ssl=1\",\"datePublished\":\"2026-08-24T19:29:28+00:00\",\"dateModified\":\"2026-08-24T21:20:42+00:00\",\"breadcrumb\":{\"@id\":\"https:\\\/\\\/blogdoprosperi.com\\\/?p=62418#breadcrumb\"},\"inLanguage\":\"pt-BR\",\"potentialAction\":[{\"@type\":\"ReadAction\",\"target\":[\"https:\\\/\\\/blogdoprosperi.com\\\/?p=62418\"]}]},{\"@type\":\"ImageObject\",\"inLanguage\":\"pt-BR\",\"@id\":\"https:\\\/\\\/blogdoprosperi.com\\\/?p=62418#primaryimage\",\"url\":\"https:\\\/\\\/i0.wp.com\\\/blogdoprosperi.com\\\/wp-content\\\/uploads\\\/2026\\\/08\\\/Captura-de-Tela-2026-08-24-as-16.15.37.png?fit=1912%2C1250&ssl=1\",\"contentUrl\":\"https:\\\/\\\/i0.wp.com\\\/blogdoprosperi.com\\\/wp-content\\\/uploads\\\/2026\\\/08\\\/Captura-de-Tela-2026-08-24-as-16.15.37.png?fit=1912%2C1250&ssl=1\",\"width\":1912,\"height\":1250,\"caption\":\"Allan troca Palmeiras por Manchester City \u2013 foto: Palmeiras oficial\"},{\"@type\":\"BreadcrumbList\",\"@id\":\"https:\\\/\\\/blogdoprosperi.com\\\/?p=62418#breadcrumb\",\"itemListElement\":[{\"@type\":\"ListItem\",\"position\":1,\"name\":\"In\u00edcio\",\"item\":\"https:\\\/\\\/blogdoprosperi.com\\\/\"},{\"@type\":\"ListItem\",\"position\":2,\"name\":\"Allan \u00e9 do Manchester City: clube ingl\u00eas paga R$ 241 milh\u00f5es ao Palmeiras\"}]},{\"@type\":\"WebSite\",\"@id\":\"https:\\\/\\\/blogdoprosperi.com\\\/#website\",\"url\":\"https:\\\/\\\/blogdoprosperi.com\\\/\",\"name\":\"PR\u00d3SPERI NEWS\",\"description\":\"TUDO \u00c9  FUTEBOL\",\"publisher\":{\"@id\":\"https:\\\/\\\/blogdoprosperi.com\\\/#\\\/schema\\\/person\\\/38100755ce3601861ee4fab9b5aa78e9\"},\"alternateName\":\"blogdoprosperi.com\",\"potentialAction\":[{\"@type\":\"SearchAction\",\"target\":{\"@type\":\"EntryPoint\",\"urlTemplate\":\"https:\\\/\\\/blogdoprosperi.com\\\/?s={search_term_string}\"},\"query-input\":{\"@type\":\"PropertyValueSpecification\",\"valueRequired\":true,\"valueName\":\"search_term_string\"}}],\"inLanguage\":\"pt-BR\"},{\"@type\":[\"Person\",\"Organization\"],\"@id\":\"https:\\\/\\\/blogdoprosperi.com\\\/#\\\/schema\\\/person\\\/38100755ce3601861ee4fab9b5aa78e9\",\"name\":\"Luiz Ant\u00f4nio Pr\u00f3speri\",\"pronouns\":\"ele\",\"image\":{\"@type\":\"ImageObject\",\"inLanguage\":\"pt-BR\",\"@id\":\"https:\\\/\\\/i0.wp.com\\\/blogdoprosperi.com\\\/wp-content\\\/uploads\\\/2026\\\/05\\\/cropped-8059e613-6002-42fa-961e-8e275f575d71-2-5.jpg?fit=1360%2C931&ssl=1\",\"url\":\"https:\\\/\\\/i0.wp.com\\\/blogdoprosperi.com\\\/wp-content\\\/uploads\\\/2026\\\/05\\\/cropped-8059e613-6002-42fa-961e-8e275f575d71-2-5.jpg?fit=1360%2C931&ssl=1\",\"contentUrl\":\"https:\\\/\\\/i0.wp.com\\\/blogdoprosperi.com\\\/wp-content\\\/uploads\\\/2026\\\/05\\\/cropped-8059e613-6002-42fa-961e-8e275f575d71-2-5.jpg?fit=1360%2C931&ssl=1\",\"width\":1360,\"height\":931,\"caption\":\"Luiz Ant\u00f4nio Pr\u00f3speri\"},\"logo\":{\"@id\":\"https:\\\/\\\/i0.wp.com\\\/blogdoprosperi.com\\\/wp-content\\\/uploads\\\/2026\\\/05\\\/cropped-8059e613-6002-42fa-961e-8e275f575d71-2-5.jpg?fit=1360%2C931&ssl=1\"},\"description\":\"Jornalista com carreira dedicada ao esporte. Cobriu 9 Copas do Mundo in loco, 1990 na It\u00e1lia, 1994 nos EUA, 1998 na Fran\u00e7a, 2002 na Coreia do Sul e Jap\u00e3o, 2006 na Alemanha, 2010 na \u00c1frica do Sul, 2014 no Brasil, 2018 na R\u00fassia e 2022 no Qatar. Eurocopas, 1992 na Su\u00e9cia e 1996 na Inglaterra. Copa das Confedera\u00e7\u00f5es de 2005 na Alemanha e 2009 na \u00c1frica do Sul. Rep\u00f3rter e Editor, trabalhou no Jornal da Tarde e Estad\u00e3o, de 1984 a fevereiro de 2016. Colunista, blogueiro. E comentarista de futebol na R\u00e1dio Estad\u00e3o, de 2013 a fevereiro de 2016. Jornalista respons\u00e1vel do \\\"Pr\u00f3speri News\\\" (blogdoprosperi.com).\",\"sameAs\":[\"http:\\\/\\\/blogdoprosperi.com\",\"Luiz Pr\u00f3speri\",\"@luiz_prosperi\",\"https:\\\/\\\/x.com\\\/Luizprosperi\",\"@prosperinacopa\",\"luiz.prosperi@icloud.com\"],\"url\":\"https:\\\/\\\/blogdoprosperi.com\\\/?author=102107496\"}]}<\/script>\n<!-- \/ Yoast SEO plugin. -->","yoast_head_json":{"title":"Allan \u00e9 do Manchester City: clube ingl\u00eas paga R$ 241 milh\u00f5es ao Palmeiras - PR\u00d3SPERI NEWS","robots":{"index":"index","follow":"follow","max-snippet":"max-snippet:-1","max-image-preview":"max-image-preview:large","max-video-preview":"max-video-preview:-1"},"canonical":"https:\/\/blogdoprosperi.com\/?p=62418","og_locale":"pt_BR","og_type":"article","og_title":"Allan \u00e9 do Manchester City: clube ingl\u00eas paga R$ 241 milh\u00f5es ao Palmeiras - PR\u00d3SPERI NEWS","og_description":"Luiz Ant\u00f4nio Pr\u00f3speri \u2013 24 agosto 2026 (16h13)&nbsp; Allan \u00e9 novo refor\u00e7o do Manchester City. Clube ingl\u00eas paga [&hellip;]","og_url":"https:\/\/blogdoprosperi.com\/?p=62418","og_site_name":"PR\u00d3SPERI NEWS","article_publisher":"Luiz Pr\u00f3speri","article_author":"Luiz Pr\u00f3speri","article_published_time":"2026-08-24T19:29:28+00:00","article_modified_time":"2026-08-24T21:20:42+00:00","og_image":[{"width":1024,"height":669,"url":"https:\/\/blogdoprosperi.com\/wp-content\/uploads\/2026\/08\/Captura-de-Tela-2026-08-24-as-16.15.37-1024x669.png","type":"image\/png"}],"author":"Luiz Ant\u00f4nio Pr\u00f3speri","twitter_card":"summary_large_image","twitter_creator":"@Luizprosperi","twitter_site":"@Luizprosperi","twitter_misc":{"Escrito por":"Luiz Ant\u00f4nio Pr\u00f3speri","Est. tempo de leitura":"3 minutos"},"schema":{"@context":"https:\/\/schema.org","@graph":[{"@type":"Article","@id":"https:\/\/blogdoprosperi.com\/?p=62418#article","isPartOf":{"@id":"https:\/\/blogdoprosperi.com\/?p=62418"},"author":{"name":"Luiz Ant\u00f4nio Pr\u00f3speri","@id":"https:\/\/blogdoprosperi.com\/#\/schema\/person\/38100755ce3601861ee4fab9b5aa78e9"},"headline":"Allan \u00e9 do Manchester City: clube ingl\u00eas paga R$ 241 milh\u00f5es ao Palmeiras","datePublished":"2026-08-24T19:29:28+00:00","dateModified":"2026-08-24T21:20:42+00:00","mainEntityOfPage":{"@id":"https:\/\/blogdoprosperi.com\/?p=62418"},"wordCount":456,"commentCount":0,"publisher":{"@id":"https:\/\/blogdoprosperi.com\/#\/schema\/person\/38100755ce3601861ee4fab9b5aa78e9"},"image":{"@id":"https:\/\/blogdoprosperi.com\/?p=62418#primaryimage"},"thumbnailUrl":"https:\/\/i0.wp.com\/blogdoprosperi.com\/wp-content\/uploads\/2026\/08\/Captura-de-Tela-2026-08-24-as-16.15.37.png?fit=1912%2C1250&ssl=1","keywords":["abel ferreira","allan","Enzo Maresca","felipe anderson","john arias","Manchester City","Palmeiras"],"articleSection":["\u00daltimas","futebol","mercado"],"inLanguage":"pt-BR","potentialAction":[{"@type":"CommentAction","name":"Comment","target":["https:\/\/blogdoprosperi.com\/?p=62418#respond"]}]},{"@type":"WebPage","@id":"https:\/\/blogdoprosperi.com\/?p=62418","url":"https:\/\/blogdoprosperi.com\/?p=62418","name":"Allan \u00e9 do Manchester City: clube ingl\u00eas paga R$ 241 milh\u00f5es ao Palmeiras - PR\u00d3SPERI NEWS","isPartOf":{"@id":"https:\/\/blogdoprosperi.com\/#website"},"primaryImageOfPage":{"@id":"https:\/\/blogdoprosperi.com\/?p=62418#primaryimage"},"image":{"@id":"https:\/\/blogdoprosperi.com\/?p=62418#primaryimage"},"thumbnailUrl":"https:\/\/i0.wp.com\/blogdoprosperi.com\/wp-content\/uploads\/2026\/08\/Captura-de-Tela-2026-08-24-as-16.15.37.png?fit=1912%2C1250&ssl=1","datePublished":"2026-08-24T19:29:28+00:00","dateModified":"2026-08-24T21:20:42+00:00","breadcrumb":{"@id":"https:\/\/blogdoprosperi.com\/?p=62418#breadcrumb"},"inLanguage":"pt-BR","potentialAction":[{"@type":"ReadAction","target":["https:\/\/blogdoprosperi.com\/?p=62418"]}]},{"@type":"ImageObject","inLanguage":"pt-BR","@id":"https:\/\/blogdoprosperi.com\/?p=62418#primaryimage","url":"https:\/\/i0.wp.com\/blogdoprosperi.com\/wp-content\/uploads\/2026\/08\/Captura-de-Tela-2026-08-24-as-16.15.37.png?fit=1912%2C1250&ssl=1","contentUrl":"https:\/\/i0.wp.com\/blogdoprosperi.com\/wp-content\/uploads\/2026\/08\/Captura-de-Tela-2026-08-24-as-16.15.37.png?fit=1912%2C1250&ssl=1","width":1912,"height":1250,"caption":"Allan troca Palmeiras por Manchester City \u2013 foto: Palmeiras oficial"},{"@type":"BreadcrumbList","@id":"https:\/\/blogdoprosperi.com\/?p=62418#breadcrumb","itemListElement":[{"@type":"ListItem","position":1,"name":"In\u00edcio","item":"https:\/\/blogdoprosperi.com\/"},{"@type":"ListItem","position":2,"name":"Allan \u00e9 do Manchester City: clube ingl\u00eas paga R$ 241 milh\u00f5es ao Palmeiras"}]},{"@type":"WebSite","@id":"https:\/\/blogdoprosperi.com\/#website","url":"https:\/\/blogdoprosperi.com\/","name":"PR\u00d3SPERI NEWS","description":"TUDO \u00c9  FUTEBOL","publisher":{"@id":"https:\/\/blogdoprosperi.com\/#\/schema\/person\/38100755ce3601861ee4fab9b5aa78e9"},"alternateName":"blogdoprosperi.com","potentialAction":[{"@type":"SearchAction","target":{"@type":"EntryPoint","urlTemplate":"https:\/\/blogdoprosperi.com\/?s={search_term_string}"},"query-input":{"@type":"PropertyValueSpecification","valueRequired":true,"valueName":"search_term_string"}}],"inLanguage":"pt-BR"},{"@type":["Person","Organization"],"@id":"https:\/\/blogdoprosperi.com\/#\/schema\/person\/38100755ce3601861ee4fab9b5aa78e9","name":"Luiz Ant\u00f4nio Pr\u00f3speri","pronouns":"ele","image":{"@type":"ImageObject","inLanguage":"pt-BR","@id":"https:\/\/i0.wp.com\/blogdoprosperi.com\/wp-content\/uploads\/2026\/05\/cropped-8059e613-6002-42fa-961e-8e275f575d71-2-5.jpg?fit=1360%2C931&ssl=1","url":"https:\/\/i0.wp.com\/blogdoprosperi.com\/wp-content\/uploads\/2026\/05\/cropped-8059e613-6002-42fa-961e-8e275f575d71-2-5.jpg?fit=1360%2C931&ssl=1","contentUrl":"https:\/\/i0.wp.com\/blogdoprosperi.com\/wp-content\/uploads\/2026\/05\/cropped-8059e613-6002-42fa-961e-8e275f575d71-2-5.jpg?fit=1360%2C931&ssl=1","width":1360,"height":931,"caption":"Luiz Ant\u00f4nio Pr\u00f3speri"},"logo":{"@id":"https:\/\/i0.wp.com\/blogdoprosperi.com\/wp-content\/uploads\/2026\/05\/cropped-8059e613-6002-42fa-961e-8e275f575d71-2-5.jpg?fit=1360%2C931&ssl=1"},"description":"Jornalista com carreira dedicada ao esporte. Cobriu 9 Copas do Mundo in loco, 1990 na It\u00e1lia, 1994 nos EUA, 1998 na Fran\u00e7a, 2002 na Coreia do Sul e Jap\u00e3o, 2006 na Alemanha, 2010 na \u00c1frica do Sul, 2014 no Brasil, 2018 na R\u00fassia e 2022 no Qatar. Eurocopas, 1992 na Su\u00e9cia e 1996 na Inglaterra. Copa das Confedera\u00e7\u00f5es de 2005 na Alemanha e 2009 na \u00c1frica do Sul. Rep\u00f3rter e Editor, trabalhou no Jornal da Tarde e Estad\u00e3o, de 1984 a fevereiro de 2016. Colunista, blogueiro. E comentarista de futebol na R\u00e1dio Estad\u00e3o, de 2013 a fevereiro de 2016. Jornalista respons\u00e1vel do \"Pr\u00f3speri News\" (blogdoprosperi.com).","sameAs":["http:\/\/blogdoprosperi.com","Luiz Pr\u00f3speri","@luiz_prosperi","https:\/\/x.com\/Luizprosperi","@prosperinacopa","luiz.prosperi@icloud.com"],"url":"https:\/\/blogdoprosperi.com\/?author=102107496"}]}},"jetpack_publicize_connections":[],"jetpack_likes_enabled":false,"jetpack_sharing_enabled":true,"jetpack_shortlink":"https:\/\/wp.me\/p7jvdk-geK","jetpack-related-posts":[{"id":62373,"url":"https:\/\/blogdoprosperi.com\/?p=62373","url_meta":{"origin":62418,"position":0},"title":"Entenda porque Allan do Palmeiras vai para o Manchester City e o interesse de Liverpool em Endrick","author":"Luiz Ant\u00f4nio Pr\u00f3speri","date":"22 de agosto de 2026","format":false,"excerpt":"Allan e Endrick, crias do Palmeiras, podem se encontrar no futebol ingl\u00eas. Allan est\u00e1 bem perto de se transferir ao Manchester City. Endrick, de futuro incerto no Real Madrid, pode ir para o Liverpool.","rel":"","context":"Em &quot;\u00daltimas&quot;","block_context":{"text":"\u00daltimas","link":"https:\/\/blogdoprosperi.com\/?cat=283656"},"img":{"alt_text":"","src":"https:\/\/i0.wp.com\/blogdoprosperi.com\/wp-content\/uploads\/2026\/08\/PADRAO_IMAGEM_SITE-5-3-762x429.jpg.webp?fit=762%2C429&ssl=1&resize=350%2C200","width":350,"height":200,"srcset":"https:\/\/i0.wp.com\/blogdoprosperi.com\/wp-content\/uploads\/2026\/08\/PADRAO_IMAGEM_SITE-5-3-762x429.jpg.webp?fit=762%2C429&ssl=1&resize=350%2C200 1x, https:\/\/i0.wp.com\/blogdoprosperi.com\/wp-content\/uploads\/2026\/08\/PADRAO_IMAGEM_SITE-5-3-762x429.jpg.webp?fit=762%2C429&ssl=1&resize=525%2C300 1.5x, https:\/\/i0.wp.com\/blogdoprosperi.com\/wp-content\/uploads\/2026\/08\/PADRAO_IMAGEM_SITE-5-3-762x429.jpg.webp?fit=762%2C429&ssl=1&resize=700%2C400 2x"},"classes":[]},{"id":53422,"url":"https:\/\/blogdoprosperi.com\/?p=53422","url_meta":{"origin":62418,"position":1},"title":"Palmeiras | Entenda a Quarta Remontada de Abel Ferreira em 2025","author":"Luiz Ant\u00f4nio Pr\u00f3speri","date":"15 de julho de 2025","format":false,"excerpt":"Luiz Ant\u00f4nio Pr\u00f3speri \u2013 15 julho (12h21) \u2013 Ram\u00f3n Sosa, 25 anos, contratado a R$ 80 milh\u00f5es do Nottingham Forest, chega para preencher uma vaga no ataque do Palmeiras. Apresentado segunda-feira (14\/7), o paraguaio seria o substituto de Estev\u00e3o, hoje no Chelsea. N\u00e3o \u00e9 bem assim. Sosa vai entrar no\u2026","rel":"","context":"Em &quot;brasileir\u00e3o 2025&quot;","block_context":{"text":"brasileir\u00e3o 2025","link":"https:\/\/blogdoprosperi.com\/?cat=775970846"},"img":{"alt_text":"Ram\u00f3n Sosa, novo refor\u00e7o do Palmeiras","src":"https:\/\/i0.wp.com\/blogdoprosperi.com\/wp-content\/uploads\/2025\/07\/54653699472_b35428751b_c.jpg?fit=800%2C450&ssl=1&resize=350%2C200","width":350,"height":200,"srcset":"https:\/\/i0.wp.com\/blogdoprosperi.com\/wp-content\/uploads\/2025\/07\/54653699472_b35428751b_c.jpg?fit=800%2C450&ssl=1&resize=350%2C200 1x, https:\/\/i0.wp.com\/blogdoprosperi.com\/wp-content\/uploads\/2025\/07\/54653699472_b35428751b_c.jpg?fit=800%2C450&ssl=1&resize=525%2C300 1.5x, https:\/\/i0.wp.com\/blogdoprosperi.com\/wp-content\/uploads\/2025\/07\/54653699472_b35428751b_c.jpg?fit=800%2C450&ssl=1&resize=700%2C400 2x"},"classes":[]},{"id":45161,"url":"https:\/\/blogdoprosperi.com\/?p=45161","url_meta":{"origin":62418,"position":2},"title":"Palmeiras 2025: Abel Ferreira J\u00e1 Tem Substituto de Estev\u00e3o","author":"Luiz Ant\u00f4nio Pr\u00f3speri","date":"13 de setembro de 2024","format":false,"excerpt":"Palmeiras tem substituto de Estev\u00e3o dentro do grupo de jogadores comandados por Abel Ferreira. \u00c9 s\u00f3 ter boa vontade.","rel":"","context":"Em &quot;futebol&quot;","block_context":{"text":"futebol","link":"https:\/\/blogdoprosperi.com\/?cat=53870"},"img":{"alt_text":"Dudu deixa Palmeiras","src":"https:\/\/i0.wp.com\/blogdoprosperi.com\/wp-content\/uploads\/2024\/06\/5d47ecc1372d74729185b8a054e958a5-1.jpg?fit=563%2C648&ssl=1&resize=350%2C200","width":350,"height":200,"srcset":"https:\/\/i0.wp.com\/blogdoprosperi.com\/wp-content\/uploads\/2024\/06\/5d47ecc1372d74729185b8a054e958a5-1.jpg?fit=563%2C648&ssl=1&resize=350%2C200 1x, https:\/\/i0.wp.com\/blogdoprosperi.com\/wp-content\/uploads\/2024\/06\/5d47ecc1372d74729185b8a054e958a5-1.jpg?fit=563%2C648&ssl=1&resize=525%2C300 1.5x"},"classes":[]},{"id":62455,"url":"https:\/\/blogdoprosperi.com\/?p=62455","url_meta":{"origin":62418,"position":3},"title":"Como funciona a m\u00e1quina do Palmeiras de revelar e vender jogadores, os efeitos no mercado internacional e Sele\u00e7\u00e3o Brasileira","author":"Luiz Ant\u00f4nio Pr\u00f3speri","date":"25 de agosto de 2026","format":false,"excerpt":"Luiz Ant\u00f4nio Pr\u00f3speri \u2013 25 agosto 2026 (16h15) Palmeiras j\u00e1 ultrapassa a cifra de R$ 2,5 bilh\u00f5es na venda de jogadores criados na base do clube nos \u00faltimos dez anos. Recorte mais atual, de 2023 at\u00e9 2026, os valores superam a casa de R$ 1,5 bilh\u00e3o. A recente venda de\u2026","rel":"","context":"Em &quot;futebol&quot;","block_context":{"text":"futebol","link":"https:\/\/blogdoprosperi.com\/?cat=53870"},"img":{"alt_text":"","src":"https:\/\/i0.wp.com\/blogdoprosperi.com\/wp-content\/uploads\/2026\/08\/52175653110_0659d618f7_o-1.webp?fit=1200%2C675&ssl=1&resize=350%2C200","width":350,"height":200,"srcset":"https:\/\/i0.wp.com\/blogdoprosperi.com\/wp-content\/uploads\/2026\/08\/52175653110_0659d618f7_o-1.webp?fit=1200%2C675&ssl=1&resize=350%2C200 1x, https:\/\/i0.wp.com\/blogdoprosperi.com\/wp-content\/uploads\/2026\/08\/52175653110_0659d618f7_o-1.webp?fit=1200%2C675&ssl=1&resize=525%2C300 1.5x, https:\/\/i0.wp.com\/blogdoprosperi.com\/wp-content\/uploads\/2026\/08\/52175653110_0659d618f7_o-1.webp?fit=1200%2C675&ssl=1&resize=700%2C400 2x, https:\/\/i0.wp.com\/blogdoprosperi.com\/wp-content\/uploads\/2026\/08\/52175653110_0659d618f7_o-1.webp?fit=1200%2C675&ssl=1&resize=1050%2C600 3x"},"classes":[]},{"id":41659,"url":"https:\/\/blogdoprosperi.com\/?p=41659","url_meta":{"origin":62418,"position":4},"title":"Endrick e Estev\u00e3o rendem R$ 700 milh\u00f5es ao Palmeiras","author":"Luiz Ant\u00f4nio Pr\u00f3speri","date":"24 de abril de 2023","format":false,"excerpt":"PSG, de Neymar, Mbapp\u00e9 e Messi, ofereceu R$ 323 milh\u00f5es por Endrick e R$ 195 milh\u00f5es por Estev\u00e3o, dois garotos de 16 anos das crias do Palmeiras, informa jornalista italiano","rel":"","context":"Em &quot;futebol&quot;","block_context":{"text":"futebol","link":"https:\/\/blogdoprosperi.com\/?cat=53870"},"img":{"alt_text":"","src":"https:\/\/i0.wp.com\/blogdoprosperi.com\/wp-content\/uploads\/2023\/04\/52842863487_371e6ce18d_c.jpg?fit=800%2C450&ssl=1&resize=350%2C200","width":350,"height":200,"srcset":"https:\/\/i0.wp.com\/blogdoprosperi.com\/wp-content\/uploads\/2023\/04\/52842863487_371e6ce18d_c.jpg?fit=800%2C450&ssl=1&resize=350%2C200 1x, https:\/\/i0.wp.com\/blogdoprosperi.com\/wp-content\/uploads\/2023\/04\/52842863487_371e6ce18d_c.jpg?fit=800%2C450&ssl=1&resize=525%2C300 1.5x, https:\/\/i0.wp.com\/blogdoprosperi.com\/wp-content\/uploads\/2023\/04\/52842863487_371e6ce18d_c.jpg?fit=800%2C450&ssl=1&resize=700%2C400 2x"},"classes":[]},{"id":51847,"url":"https:\/\/blogdoprosperi.com\/?p=51847","url_meta":{"origin":62418,"position":5},"title":"Palmeiras Tem Encrencas de Sobra para Abel Resolver no Mundial de Clubes","author":"Luiz Ant\u00f4nio Pr\u00f3speri","date":"24 de junho de 2025","format":false,"excerpt":"Luiz Ant\u00f4nio Pr\u00f3speri \u2013 24 junho (18h23) \u2013 Palmeiras chega \u00e0s oitavas de final do Mundial de Clubes atolado em problemas. Aquela hist\u00f3ria do c\u00e9u ao inferno. De candidato a melhor brasileiro no torneio, a pior dos quatro representantes do pa\u00eds. De repente, a casa cai por uma jornada absurda\u2026","rel":"","context":"Em &quot;futebol&quot;","block_context":{"text":"futebol","link":"https:\/\/blogdoprosperi.com\/?cat=53870"},"img":{"alt_text":"Paulinho e Estev\u00e3o, encrencas do Palmeiras no Mundial","src":"https:\/\/i0.wp.com\/blogdoprosperi.com\/wp-content\/uploads\/2025\/06\/54610306500_aef84653cd_c.jpg?fit=800%2C450&ssl=1&resize=350%2C200","width":350,"height":200,"srcset":"https:\/\/i0.wp.com\/blogdoprosperi.com\/wp-content\/uploads\/2025\/06\/54610306500_aef84653cd_c.jpg?fit=800%2C450&ssl=1&resize=350%2C200 1x, https:\/\/i0.wp.com\/blogdoprosperi.com\/wp-content\/uploads\/2025\/06\/54610306500_aef84653cd_c.jpg?fit=800%2C450&ssl=1&resize=525%2C300 1.5x, https:\/\/i0.wp.com\/blogdoprosperi.com\/wp-content\/uploads\/2025\/06\/54610306500_aef84653cd_c.jpg?fit=800%2C450&ssl=1&resize=700%2C400 2x"},"classes":[]}],"jetpack_featured_media_url":"https:\/\/i0.wp.com\/blogdoprosperi.com\/wp-content\/uploads\/2026\/08\/Captura-de-Tela-2026-08-24-as-16.15.37.png?fit=1912%2C1250&ssl=1","_links":{"self":[{"href":"https:\/\/blogdoprosperi.com\/index.php?rest_route=\/wp\/v2\/posts\/62418","targetHints":{"allow":["GET"]}}],"collection":[{"href":"https:\/\/blogdoprosperi.com\/index.php?rest_route=\/wp\/v2\/posts"}],"about":[{"href":"https:\/\/blogdoprosperi.com\/index.php?rest_route=\/wp\/v2\/types\/post"}],"author":[{"embeddable":true,"href":"https:\/\/blogdoprosperi.com\/index.php?rest_route=\/wp\/v2\/users\/102107496"}],"replies":[{"embeddable":true,"href":"https:\/\/blogdoprosperi.com\/index.php?rest_route=%2Fwp%2Fv2%2Fcomments&post=62418"}],"version-history":[{"count":9,"href":"https:\/\/blogdoprosperi.com\/index.php?rest_route=\/wp\/v2\/posts\/62418\/revisions"}],"predecessor-version":[{"id":62434,"href":"https:\/\/blogdoprosperi.com\/index.php?rest_route=\/wp\/v2\/posts\/62418\/revisions\/62434"}],"wp:featuredmedia":[{"embeddable":true,"href":"https:\/\/blogdoprosperi.com\/index.php?rest_route=\/wp\/v2\/media\/62423"}],"wp:attachment":[{"href":"https:\/\/blogdoprosperi.com\/index.php?rest_route=%2Fwp%2Fv2%2Fmedia&parent=62418"}],"wp:term":[{"taxonomy":"category","embeddable":true,"href":"https:\/\/blogdoprosperi.com\/index.php?rest_route=%2Fwp%2Fv2%2Fcategories&post=62418"},{"taxonomy":"post_tag","embeddable":true,"href":"https:\/\/blogdoprosperi.com\/index.php?rest_route=%2Fwp%2Fv2%2Ftags&post=62418"}],"curies":[{"name":"wp","href":"https:\/\/api.w.org\/{rel}","templated":true}]}}