{"id":62784,"date":"2026-09-02T10:37:51","date_gmt":"2026-09-02T13:37:51","guid":{"rendered":"https:\/\/blogdoprosperi.com\/?p=62784"},"modified":"2026-09-02T10:37:51","modified_gmt":"2026-09-02T13:37:51","slug":"video-coletiva-do-tecnico-artur-jorge-pos-jogo-atletico-2-a-1-cruzeiro","status":"publish","type":"post","link":"https:\/\/blogdoprosperi.com\/?p=62784","title":{"rendered":"V\u00eddeo |Coletiva do t\u00e9cnico Artur Jorge p\u00f3s-jogo Atl\u00e9tico 2 a 1 Cruzeiro"},"content":{"rendered":"<p>Acompanhe coletiva de imprensa do t\u00e9cnico do Cruzeiro Artur Jorge p\u00f3s-jogo Atl\u00e9tico-MG 2 a 1 Cruzeiro no jogo de volta das quartas de final da Copa do Brasil. V\u00eddeo oficial Cruzeiro TV:<\/p>\n<p><a href=\"https:\/\/youtu.be\/cOCxctWnJrk?is=jKeFUZ3zYLQ170mZ\">https:\/\/youtu.be\/cOCxctWnJrk?is=jKeFUZ3zYLQ170mZ<\/a><\/p>\n","protected":false},"excerpt":{"rendered":"<p>Acompanhe coletiva de imprensa do t\u00e9cnico do Cruzeiro Artur Jorge p\u00f3s-jogo Atl\u00e9tico-MG 2 a 1 Cruzeiro no jogo [&hellip;]<\/p>\n","protected":false},"author":102107496,"featured_media":0,"comment_status":"open","ping_status":"open","sticky":false,"template":"","format":"standard","meta":{"_coblocks_attr":"","_coblocks_dimensions":"","_coblocks_responsive_height":"","_coblocks_accordion_ie_support":"","_jetpack_newsletter_access":"","_jetpack_dont_email_post_to_subs":false,"_jetpack_newsletter_tier_id":0,"_jetpack_memberships_contains_paywalled_content":false,"_wpcom_ai_launchpad_first_post":false,"_jetpack_feature_clip_id":0,"_jetpack_memberships_contains_paid_content":false,"footnotes":"","jetpack_publicize_message":"","jetpack_publicize_feature_enabled":true,"jetpack_social_post_already_shared":true,"jetpack_social_options":{"image_generator_settings":{"template":"highway","default_image_id":0,"font":"","enabled":false},"version":2},"jetpack_post_was_ever_published":false},"categories":[821950,53870],"tags":[4833084,789560920,789560570],"class_list":["post-62784","post","type-post","status-publish","format-standard","hentry","category-copa-do-brasil","category-futebol","tag-artur-jorge","tag-atletico-2-x-1-cruzeiro","tag-copa-do-brasil"],"yoast_head":"<!-- This site is optimized with the Yoast SEO plugin v28.4 - https:\/\/yoast.com\/product\/yoast-seo-wordpress\/ -->\n<title>V\u00eddeo |Coletiva do t\u00e9cnico Artur Jorge p\u00f3s-jogo Atl\u00e9tico 2 a 1 Cruzeiro - PR\u00d3SPERI NEWS<\/title>\n<meta name=\"robots\" content=\"index, follow, max-snippet:-1, max-image-preview:large, max-video-preview:-1\" \/>\n<link rel=\"canonical\" href=\"https:\/\/blogdoprosperi.com\/?p=62784\" \/>\n<meta property=\"og:locale\" content=\"pt_BR\" \/>\n<meta property=\"og:type\" content=\"article\" \/>\n<meta property=\"og:title\" content=\"V\u00eddeo |Coletiva do t\u00e9cnico Artur Jorge p\u00f3s-jogo Atl\u00e9tico 2 a 1 Cruzeiro - PR\u00d3SPERI NEWS\" \/>\n<meta property=\"og:description\" content=\"Acompanhe coletiva de imprensa do t\u00e9cnico do Cruzeiro Artur Jorge p\u00f3s-jogo Atl\u00e9tico-MG 2 a 1 Cruzeiro no jogo [&hellip;]\" \/>\n<meta property=\"og:url\" content=\"https:\/\/blogdoprosperi.com\/?p=62784\" \/>\n<meta property=\"og:site_name\" content=\"PR\u00d3SPERI NEWS\" \/>\n<meta property=\"article:publisher\" content=\"Luiz Pr\u00f3speri\" \/>\n<meta property=\"article:author\" content=\"Luiz Pr\u00f3speri\" \/>\n<meta property=\"article:published_time\" content=\"2026-09-02T13:37:51+00:00\" \/>\n<meta name=\"author\" content=\"Luiz Ant\u00f4nio Pr\u00f3speri\" \/>\n<meta name=\"twitter:card\" content=\"summary_large_image\" \/>\n<meta name=\"twitter:creator\" content=\"@Luizprosperi\" \/>\n<meta name=\"twitter:site\" content=\"@Luizprosperi\" \/>\n<meta name=\"twitter:label1\" content=\"Escrito por\" \/>\n\t<meta name=\"twitter:data1\" content=\"Luiz Ant\u00f4nio Pr\u00f3speri\" \/>\n\t<meta name=\"twitter:label2\" content=\"Est. tempo de leitura\" \/>\n\t<meta name=\"twitter:data2\" content=\"1 minuto\" \/>\n<script type=\"application\/ld+json\" class=\"yoast-schema-graph\">{\"@context\":\"https:\\\/\\\/schema.org\",\"@graph\":[{\"@type\":\"Article\",\"@id\":\"https:\\\/\\\/blogdoprosperi.com\\\/?p=62784#article\",\"isPartOf\":{\"@id\":\"https:\\\/\\\/blogdoprosperi.com\\\/?p=62784\"},\"author\":{\"name\":\"Luiz Ant\u00f4nio Pr\u00f3speri\",\"@id\":\"https:\\\/\\\/blogdoprosperi.com\\\/#\\\/schema\\\/person\\\/38100755ce3601861ee4fab9b5aa78e9\"},\"headline\":\"V\u00eddeo |Coletiva do t\u00e9cnico Artur Jorge p\u00f3s-jogo Atl\u00e9tico 2 a 1 Cruzeiro\",\"datePublished\":\"2026-09-02T13:37:51+00:00\",\"mainEntityOfPage\":{\"@id\":\"https:\\\/\\\/blogdoprosperi.com\\\/?p=62784\"},\"wordCount\":56,\"commentCount\":0,\"publisher\":{\"@id\":\"https:\\\/\\\/blogdoprosperi.com\\\/#\\\/schema\\\/person\\\/38100755ce3601861ee4fab9b5aa78e9\"},\"keywords\":[\"artur jorge\",\"atl\u00e9tico 2 x 1 cruzeiro\",\"Copa do Brasil\"],\"articleSection\":[\"Copa do Brasil\",\"futebol\"],\"inLanguage\":\"pt-BR\",\"potentialAction\":[{\"@type\":\"CommentAction\",\"name\":\"Comment\",\"target\":[\"https:\\\/\\\/blogdoprosperi.com\\\/?p=62784#respond\"]}]},{\"@type\":\"WebPage\",\"@id\":\"https:\\\/\\\/blogdoprosperi.com\\\/?p=62784\",\"url\":\"https:\\\/\\\/blogdoprosperi.com\\\/?p=62784\",\"name\":\"V\u00eddeo |Coletiva do t\u00e9cnico Artur Jorge p\u00f3s-jogo Atl\u00e9tico 2 a 1 Cruzeiro - PR\u00d3SPERI NEWS\",\"isPartOf\":{\"@id\":\"https:\\\/\\\/blogdoprosperi.com\\\/#website\"},\"datePublished\":\"2026-09-02T13:37:51+00:00\",\"breadcrumb\":{\"@id\":\"https:\\\/\\\/blogdoprosperi.com\\\/?p=62784#breadcrumb\"},\"inLanguage\":\"pt-BR\",\"potentialAction\":[{\"@type\":\"ReadAction\",\"target\":[\"https:\\\/\\\/blogdoprosperi.com\\\/?p=62784\"]}]},{\"@type\":\"BreadcrumbList\",\"@id\":\"https:\\\/\\\/blogdoprosperi.com\\\/?p=62784#breadcrumb\",\"itemListElement\":[{\"@type\":\"ListItem\",\"position\":1,\"name\":\"In\u00edcio\",\"item\":\"https:\\\/\\\/blogdoprosperi.com\\\/\"},{\"@type\":\"ListItem\",\"position\":2,\"name\":\"V\u00eddeo |Coletiva do t\u00e9cnico Artur Jorge p\u00f3s-jogo Atl\u00e9tico 2 a 1 Cruzeiro\"}]},{\"@type\":\"WebSite\",\"@id\":\"https:\\\/\\\/blogdoprosperi.com\\\/#website\",\"url\":\"https:\\\/\\\/blogdoprosperi.com\\\/\",\"name\":\"PR\u00d3SPERI NEWS\",\"description\":\"TUDO \u00c9  FUTEBOL\",\"publisher\":{\"@id\":\"https:\\\/\\\/blogdoprosperi.com\\\/#\\\/schema\\\/person\\\/38100755ce3601861ee4fab9b5aa78e9\"},\"alternateName\":\"blogdoprosperi.com\",\"potentialAction\":[{\"@type\":\"SearchAction\",\"target\":{\"@type\":\"EntryPoint\",\"urlTemplate\":\"https:\\\/\\\/blogdoprosperi.com\\\/?s={search_term_string}\"},\"query-input\":{\"@type\":\"PropertyValueSpecification\",\"valueRequired\":true,\"valueName\":\"search_term_string\"}}],\"inLanguage\":\"pt-BR\"},{\"@type\":[\"Person\",\"Organization\"],\"@id\":\"https:\\\/\\\/blogdoprosperi.com\\\/#\\\/schema\\\/person\\\/38100755ce3601861ee4fab9b5aa78e9\",\"name\":\"Luiz Ant\u00f4nio Pr\u00f3speri\",\"pronouns\":\"ele\",\"image\":{\"@type\":\"ImageObject\",\"inLanguage\":\"pt-BR\",\"@id\":\"https:\\\/\\\/i0.wp.com\\\/blogdoprosperi.com\\\/wp-content\\\/uploads\\\/2026\\\/05\\\/cropped-8059e613-6002-42fa-961e-8e275f575d71-2-5.jpg?fit=1360%2C931&ssl=1\",\"url\":\"https:\\\/\\\/i0.wp.com\\\/blogdoprosperi.com\\\/wp-content\\\/uploads\\\/2026\\\/05\\\/cropped-8059e613-6002-42fa-961e-8e275f575d71-2-5.jpg?fit=1360%2C931&ssl=1\",\"contentUrl\":\"https:\\\/\\\/i0.wp.com\\\/blogdoprosperi.com\\\/wp-content\\\/uploads\\\/2026\\\/05\\\/cropped-8059e613-6002-42fa-961e-8e275f575d71-2-5.jpg?fit=1360%2C931&ssl=1\",\"width\":1360,\"height\":931,\"caption\":\"Luiz Ant\u00f4nio Pr\u00f3speri\"},\"logo\":{\"@id\":\"https:\\\/\\\/i0.wp.com\\\/blogdoprosperi.com\\\/wp-content\\\/uploads\\\/2026\\\/05\\\/cropped-8059e613-6002-42fa-961e-8e275f575d71-2-5.jpg?fit=1360%2C931&ssl=1\"},\"description\":\"Jornalista com carreira dedicada ao esporte. Cobriu 9 Copas do Mundo in loco, 1990 na It\u00e1lia, 1994 nos EUA, 1998 na Fran\u00e7a, 2002 na Coreia do Sul e Jap\u00e3o, 2006 na Alemanha, 2010 na \u00c1frica do Sul, 2014 no Brasil, 2018 na R\u00fassia e 2022 no Qatar. Eurocopas, 1992 na Su\u00e9cia e 1996 na Inglaterra. Copa das Confedera\u00e7\u00f5es de 2005 na Alemanha e 2009 na \u00c1frica do Sul. Rep\u00f3rter e Editor, trabalhou no Jornal da Tarde e Estad\u00e3o, de 1984 a fevereiro de 2016. Colunista, blogueiro. E comentarista de futebol na R\u00e1dio Estad\u00e3o, de 2013 a fevereiro de 2016. Jornalista respons\u00e1vel do \\\"Pr\u00f3speri News\\\" (blogdoprosperi.com).\",\"sameAs\":[\"http:\\\/\\\/blogdoprosperi.com\",\"Luiz Pr\u00f3speri\",\"@luiz_prosperi\",\"https:\\\/\\\/x.com\\\/Luizprosperi\",\"@prosperinacopa\",\"luiz.prosperi@icloud.com\"],\"url\":\"https:\\\/\\\/blogdoprosperi.com\\\/?author=102107496\"}]}<\/script>\n<!-- \/ Yoast SEO plugin. -->","yoast_head_json":{"title":"V\u00eddeo |Coletiva do t\u00e9cnico Artur Jorge p\u00f3s-jogo Atl\u00e9tico 2 a 1 Cruzeiro - PR\u00d3SPERI NEWS","robots":{"index":"index","follow":"follow","max-snippet":"max-snippet:-1","max-image-preview":"max-image-preview:large","max-video-preview":"max-video-preview:-1"},"canonical":"https:\/\/blogdoprosperi.com\/?p=62784","og_locale":"pt_BR","og_type":"article","og_title":"V\u00eddeo |Coletiva do t\u00e9cnico Artur Jorge p\u00f3s-jogo Atl\u00e9tico 2 a 1 Cruzeiro - PR\u00d3SPERI NEWS","og_description":"Acompanhe coletiva de imprensa do t\u00e9cnico do Cruzeiro Artur Jorge p\u00f3s-jogo Atl\u00e9tico-MG 2 a 1 Cruzeiro no jogo [&hellip;]","og_url":"https:\/\/blogdoprosperi.com\/?p=62784","og_site_name":"PR\u00d3SPERI NEWS","article_publisher":"Luiz Pr\u00f3speri","article_author":"Luiz Pr\u00f3speri","article_published_time":"2026-09-02T13:37:51+00:00","author":"Luiz Ant\u00f4nio Pr\u00f3speri","twitter_card":"summary_large_image","twitter_creator":"@Luizprosperi","twitter_site":"@Luizprosperi","twitter_misc":{"Escrito por":"Luiz Ant\u00f4nio Pr\u00f3speri","Est. tempo de leitura":"1 minuto"},"schema":{"@context":"https:\/\/schema.org","@graph":[{"@type":"Article","@id":"https:\/\/blogdoprosperi.com\/?p=62784#article","isPartOf":{"@id":"https:\/\/blogdoprosperi.com\/?p=62784"},"author":{"name":"Luiz Ant\u00f4nio Pr\u00f3speri","@id":"https:\/\/blogdoprosperi.com\/#\/schema\/person\/38100755ce3601861ee4fab9b5aa78e9"},"headline":"V\u00eddeo |Coletiva do t\u00e9cnico Artur Jorge p\u00f3s-jogo Atl\u00e9tico 2 a 1 Cruzeiro","datePublished":"2026-09-02T13:37:51+00:00","mainEntityOfPage":{"@id":"https:\/\/blogdoprosperi.com\/?p=62784"},"wordCount":56,"commentCount":0,"publisher":{"@id":"https:\/\/blogdoprosperi.com\/#\/schema\/person\/38100755ce3601861ee4fab9b5aa78e9"},"keywords":["artur jorge","atl\u00e9tico 2 x 1 cruzeiro","Copa do Brasil"],"articleSection":["Copa do Brasil","futebol"],"inLanguage":"pt-BR","potentialAction":[{"@type":"CommentAction","name":"Comment","target":["https:\/\/blogdoprosperi.com\/?p=62784#respond"]}]},{"@type":"WebPage","@id":"https:\/\/blogdoprosperi.com\/?p=62784","url":"https:\/\/blogdoprosperi.com\/?p=62784","name":"V\u00eddeo |Coletiva do t\u00e9cnico Artur Jorge p\u00f3s-jogo Atl\u00e9tico 2 a 1 Cruzeiro - PR\u00d3SPERI NEWS","isPartOf":{"@id":"https:\/\/blogdoprosperi.com\/#website"},"datePublished":"2026-09-02T13:37:51+00:00","breadcrumb":{"@id":"https:\/\/blogdoprosperi.com\/?p=62784#breadcrumb"},"inLanguage":"pt-BR","potentialAction":[{"@type":"ReadAction","target":["https:\/\/blogdoprosperi.com\/?p=62784"]}]},{"@type":"BreadcrumbList","@id":"https:\/\/blogdoprosperi.com\/?p=62784#breadcrumb","itemListElement":[{"@type":"ListItem","position":1,"name":"In\u00edcio","item":"https:\/\/blogdoprosperi.com\/"},{"@type":"ListItem","position":2,"name":"V\u00eddeo |Coletiva do t\u00e9cnico Artur Jorge p\u00f3s-jogo Atl\u00e9tico 2 a 1 Cruzeiro"}]},{"@type":"WebSite","@id":"https:\/\/blogdoprosperi.com\/#website","url":"https:\/\/blogdoprosperi.com\/","name":"PR\u00d3SPERI NEWS","description":"TUDO \u00c9  FUTEBOL","publisher":{"@id":"https:\/\/blogdoprosperi.com\/#\/schema\/person\/38100755ce3601861ee4fab9b5aa78e9"},"alternateName":"blogdoprosperi.com","potentialAction":[{"@type":"SearchAction","target":{"@type":"EntryPoint","urlTemplate":"https:\/\/blogdoprosperi.com\/?s={search_term_string}"},"query-input":{"@type":"PropertyValueSpecification","valueRequired":true,"valueName":"search_term_string"}}],"inLanguage":"pt-BR"},{"@type":["Person","Organization"],"@id":"https:\/\/blogdoprosperi.com\/#\/schema\/person\/38100755ce3601861ee4fab9b5aa78e9","name":"Luiz Ant\u00f4nio Pr\u00f3speri","pronouns":"ele","image":{"@type":"ImageObject","inLanguage":"pt-BR","@id":"https:\/\/i0.wp.com\/blogdoprosperi.com\/wp-content\/uploads\/2026\/05\/cropped-8059e613-6002-42fa-961e-8e275f575d71-2-5.jpg?fit=1360%2C931&ssl=1","url":"https:\/\/i0.wp.com\/blogdoprosperi.com\/wp-content\/uploads\/2026\/05\/cropped-8059e613-6002-42fa-961e-8e275f575d71-2-5.jpg?fit=1360%2C931&ssl=1","contentUrl":"https:\/\/i0.wp.com\/blogdoprosperi.com\/wp-content\/uploads\/2026\/05\/cropped-8059e613-6002-42fa-961e-8e275f575d71-2-5.jpg?fit=1360%2C931&ssl=1","width":1360,"height":931,"caption":"Luiz Ant\u00f4nio Pr\u00f3speri"},"logo":{"@id":"https:\/\/i0.wp.com\/blogdoprosperi.com\/wp-content\/uploads\/2026\/05\/cropped-8059e613-6002-42fa-961e-8e275f575d71-2-5.jpg?fit=1360%2C931&ssl=1"},"description":"Jornalista com carreira dedicada ao esporte. Cobriu 9 Copas do Mundo in loco, 1990 na It\u00e1lia, 1994 nos EUA, 1998 na Fran\u00e7a, 2002 na Coreia do Sul e Jap\u00e3o, 2006 na Alemanha, 2010 na \u00c1frica do Sul, 2014 no Brasil, 2018 na R\u00fassia e 2022 no Qatar. Eurocopas, 1992 na Su\u00e9cia e 1996 na Inglaterra. Copa das Confedera\u00e7\u00f5es de 2005 na Alemanha e 2009 na \u00c1frica do Sul. Rep\u00f3rter e Editor, trabalhou no Jornal da Tarde e Estad\u00e3o, de 1984 a fevereiro de 2016. Colunista, blogueiro. E comentarista de futebol na R\u00e1dio Estad\u00e3o, de 2013 a fevereiro de 2016. Jornalista respons\u00e1vel do \"Pr\u00f3speri News\" (blogdoprosperi.com).","sameAs":["http:\/\/blogdoprosperi.com","Luiz Pr\u00f3speri","@luiz_prosperi","https:\/\/x.com\/Luizprosperi","@prosperinacopa","luiz.prosperi@icloud.com"],"url":"https:\/\/blogdoprosperi.com\/?author=102107496"}]}},"jetpack_publicize_connections":[],"jetpack_likes_enabled":false,"jetpack_sharing_enabled":true,"jetpack_shortlink":"https:\/\/wp.me\/p7jvdk-gkE","jetpack-related-posts":[{"id":62782,"url":"https:\/\/blogdoprosperi.com\/?p=62782","url_meta":{"origin":62784,"position":0},"title":"V\u00eddeo | Coletiva Eduardo &#8216;Barba&#8217; Dominguez p\u00f3s-jogo Atl\u00e9tico 2 x 1 Cruzeiro","author":"Luiz Ant\u00f4nio Pr\u00f3speri","date":"2 de setembro de 2026","format":false,"excerpt":"Acompanhe coletiva de imprensa do t\u00e9cnico do Atl\u00e9tico, Eduardo 'Barba' Dominguez p\u00f3s-jogo Atl\u00e9tico-MG 2 a 1 Cruzeiro no jogo de volta das quartas de final da Copa do Brasil. https:\/\/youtu.be\/2xsIcOaNEoQ?is=BfbWxDgCQfadOpj7 \u00a0","rel":"","context":"Em &quot;futebol&quot;","block_context":{"text":"futebol","link":"https:\/\/blogdoprosperi.com\/?cat=53870"},"img":{"alt_text":"","src":"","width":0,"height":0},"classes":[]},{"id":62764,"url":"https:\/\/blogdoprosperi.com\/?p=62764","url_meta":{"origin":62784,"position":1},"title":"Atl\u00e9tico vence Cruzeiro de virada e avan\u00e7a \u00e0s semifinais da Copa do Brasil","author":"Luiz Ant\u00f4nio Pr\u00f3speri","date":"1 de setembro de 2026","format":false,"excerpt":"Atl\u00e9tico-MG vence Cruzeiro de virada e avan\u00e7a \u00e0s semifinais da Copa do Brasil. Noite \u00e9pica de um Galo forte e vingador.","rel":"","context":"Em &quot;Copa do Brasil&quot;","block_context":{"text":"Copa do Brasil","link":"https:\/\/blogdoprosperi.com\/?cat=821950"},"img":{"alt_text":"","src":"https:\/\/i0.wp.com\/blogdoprosperi.com\/wp-content\/uploads\/2026\/09\/Captura-de-Tela-2026-09-01-as-23.28.36.png?fit=1200%2C809&ssl=1&resize=350%2C200","width":350,"height":200,"srcset":"https:\/\/i0.wp.com\/blogdoprosperi.com\/wp-content\/uploads\/2026\/09\/Captura-de-Tela-2026-09-01-as-23.28.36.png?fit=1200%2C809&ssl=1&resize=350%2C200 1x, https:\/\/i0.wp.com\/blogdoprosperi.com\/wp-content\/uploads\/2026\/09\/Captura-de-Tela-2026-09-01-as-23.28.36.png?fit=1200%2C809&ssl=1&resize=525%2C300 1.5x, https:\/\/i0.wp.com\/blogdoprosperi.com\/wp-content\/uploads\/2026\/09\/Captura-de-Tela-2026-09-01-as-23.28.36.png?fit=1200%2C809&ssl=1&resize=700%2C400 2x, https:\/\/i0.wp.com\/blogdoprosperi.com\/wp-content\/uploads\/2026\/09\/Captura-de-Tela-2026-09-01-as-23.28.36.png?fit=1200%2C809&ssl=1&resize=1050%2C600 3x"},"classes":[]},{"id":46525,"url":"https:\/\/blogdoprosperi.com\/?p=46525","url_meta":{"origin":62784,"position":2},"title":"Palmeiras e Botafogo \u2013 Decis\u00e3o | Time de Abel Larga na Pole, Artur Acusa Golpe","author":"Luiz Ant\u00f4nio Pr\u00f3speri","date":"25 de novembro de 2024","format":false,"excerpt":"Luiz Ant\u00f4nio Pr\u00f3speri \u2013 25 novembro \u2013 atualizado 26 novembro (12h40) \u2013 Palmeiras e Botafogo decidem Brasileir\u00e3o 2024 ter\u00e7a-feira (26\/11) na casa alviverde. Iguais no n\u00famero de pontos (70 a 70), time paulista tem vantagem no crit\u00e9rio de desempate com uma vit\u00f3ria a mais (21 a 20). Matem\u00e1ticos e analistas\u2026","rel":"","context":"Em &quot;futebol&quot;","block_context":{"text":"futebol","link":"https:\/\/blogdoprosperi.com\/?cat=53870"},"img":{"alt_text":"Time de Abel Ferreira larga na frente contra Botafogo","src":"https:\/\/i0.wp.com\/blogdoprosperi.com\/wp-content\/uploads\/2024\/11\/54160663650_ea2b7b6b97_h.jpg?fit=1200%2C675&ssl=1&resize=350%2C200","width":350,"height":200,"srcset":"https:\/\/i0.wp.com\/blogdoprosperi.com\/wp-content\/uploads\/2024\/11\/54160663650_ea2b7b6b97_h.jpg?fit=1200%2C675&ssl=1&resize=350%2C200 1x, https:\/\/i0.wp.com\/blogdoprosperi.com\/wp-content\/uploads\/2024\/11\/54160663650_ea2b7b6b97_h.jpg?fit=1200%2C675&ssl=1&resize=525%2C300 1.5x, https:\/\/i0.wp.com\/blogdoprosperi.com\/wp-content\/uploads\/2024\/11\/54160663650_ea2b7b6b97_h.jpg?fit=1200%2C675&ssl=1&resize=700%2C400 2x, https:\/\/i0.wp.com\/blogdoprosperi.com\/wp-content\/uploads\/2024\/11\/54160663650_ea2b7b6b97_h.jpg?fit=1200%2C675&ssl=1&resize=1050%2C600 3x"},"classes":[]},{"id":62734,"url":"https:\/\/blogdoprosperi.com\/?p=62734","url_meta":{"origin":62784,"position":3},"title":"Copa do Brasil | Conhe\u00e7a favoritos \u00e0s semifinais e onde assistir jogos ao vivo","author":"Luiz Ant\u00f4nio Pr\u00f3speri","date":"1 de setembro de 2026","format":false,"excerpt":"Copa do Brasil conhece semifinalistas nas partidas de ter\u00e7a (01\/9), quarta (02\/9) e quinta-feira (03\/9). Os favoritos a se classificar: Atl\u00e9tico-MG, Palmeiras, Vasco e Gr\u00eamio, segundo an\u00e1lise deste blog Pr\u00f3speri News. Confira aqui: Atl\u00e9tico-MG x Cruzeiro quando: ter\u00e7a-feira (01\/9) \u2013 21h quem transmite: SporTV e Premiere local: Arena MRV (Atl\u00e9tico-MG)\u2026","rel":"","context":"Em &quot;Copa do Brasil&quot;","block_context":{"text":"Copa do Brasil","link":"https:\/\/blogdoprosperi.com\/?cat=821950"},"img":{"alt_text":"","src":"https:\/\/i0.wp.com\/blogdoprosperi.com\/wp-content\/uploads\/2026\/08\/Captura-de-Tela-2026-08-11-as-12.23.59.png?fit=1200%2C803&ssl=1&resize=350%2C200","width":350,"height":200,"srcset":"https:\/\/i0.wp.com\/blogdoprosperi.com\/wp-content\/uploads\/2026\/08\/Captura-de-Tela-2026-08-11-as-12.23.59.png?fit=1200%2C803&ssl=1&resize=350%2C200 1x, https:\/\/i0.wp.com\/blogdoprosperi.com\/wp-content\/uploads\/2026\/08\/Captura-de-Tela-2026-08-11-as-12.23.59.png?fit=1200%2C803&ssl=1&resize=525%2C300 1.5x, https:\/\/i0.wp.com\/blogdoprosperi.com\/wp-content\/uploads\/2026\/08\/Captura-de-Tela-2026-08-11-as-12.23.59.png?fit=1200%2C803&ssl=1&resize=700%2C400 2x, https:\/\/i0.wp.com\/blogdoprosperi.com\/wp-content\/uploads\/2026\/08\/Captura-de-Tela-2026-08-11-as-12.23.59.png?fit=1200%2C803&ssl=1&resize=1050%2C600 3x"},"classes":[]},{"id":29405,"url":"https:\/\/blogdoprosperi.com\/?p=29405","url_meta":{"origin":62784,"position":4},"title":"Corinthians sai da Copa do Brasil, uma resposta de Mano Menezes ao presidente Roberto Andrade","author":"Luiz Ant\u00f4nio Pr\u00f3speri","date":"20 de outubro de 2016","format":false,"excerpt":"Corinthians vai ter um fim de temporada de muita press\u00e3o. Ao cair eliminado na Copa do Brasil, com um derrota impactante por 4 a 2 para o Cruzeiro nesta quarta-feira, s\u00f3 tem o Brasileir\u00e3o para se agarrar. Assim mesmo, na desesperada corrida por uma vaga na Libertadores 2017. T\u00edtulo, nem\u2026","rel":"","context":"Em &quot;futebol&quot;","block_context":{"text":"futebol","link":"https:\/\/blogdoprosperi.com\/?cat=53870"},"img":{"alt_text":"","src":"https:\/\/i0.wp.com\/blogdoprosperi.com\/wp-content\/uploads\/2016\/10\/manomouraopandagp.jpg?resize=350%2C200&ssl=1","width":350,"height":200},"classes":[]},{"id":26425,"url":"https:\/\/blogdoprosperi.com\/?p=26425","url_meta":{"origin":62784,"position":5},"title":"Palmeiras, Cruzeiro, Santos e Atl\u00e9tico-MG partem como favoritos na Copa do Brasil","author":"Luiz Ant\u00f4nio Pr\u00f3speri","date":"23 de setembro de 2016","format":false,"excerpt":"Palmeiras, Cruzeiro,\u00a0Juventude e Internacional decidem em casa os confrontos das quartas de final da Copa do Brasil, como mostrou o sorteio dos jogos na CBF nesta sexta-feira (23\/9). Trata-se de uma vantagem consider\u00e1vel em uma competi\u00e7\u00e3o que leva o campe\u00e3o \u00e0 Copa Libertadores de 2017 e ainda paga ao vencedor\u2026","rel":"","context":"Em &quot;futebol&quot;","block_context":{"text":"futebol","link":"https:\/\/blogdoprosperi.com\/?cat=53870"},"img":{"alt_text":"","src":"https:\/\/i0.wp.com\/blogdoprosperi.com\/wp-content\/uploads\/2016\/09\/20160725124331694215a.jpg?resize=350%2C200","width":350,"height":200,"srcset":"https:\/\/i0.wp.com\/blogdoprosperi.com\/wp-content\/uploads\/2016\/09\/20160725124331694215a.jpg?resize=350%2C200 1x, https:\/\/i0.wp.com\/blogdoprosperi.com\/wp-content\/uploads\/2016\/09\/20160725124331694215a.jpg?resize=525%2C300 1.5x, https:\/\/i0.wp.com\/blogdoprosperi.com\/wp-content\/uploads\/2016\/09\/20160725124331694215a.jpg?resize=700%2C400 2x"},"classes":[]}],"jetpack_featured_media_url":"","_links":{"self":[{"href":"https:\/\/blogdoprosperi.com\/index.php?rest_route=\/wp\/v2\/posts\/62784","targetHints":{"allow":["GET"]}}],"collection":[{"href":"https:\/\/blogdoprosperi.com\/index.php?rest_route=\/wp\/v2\/posts"}],"about":[{"href":"https:\/\/blogdoprosperi.com\/index.php?rest_route=\/wp\/v2\/types\/post"}],"author":[{"embeddable":true,"href":"https:\/\/blogdoprosperi.com\/index.php?rest_route=\/wp\/v2\/users\/102107496"}],"replies":[{"embeddable":true,"href":"https:\/\/blogdoprosperi.com\/index.php?rest_route=%2Fwp%2Fv2%2Fcomments&post=62784"}],"version-history":[{"count":3,"href":"https:\/\/blogdoprosperi.com\/index.php?rest_route=\/wp\/v2\/posts\/62784\/revisions"}],"predecessor-version":[{"id":62788,"href":"https:\/\/blogdoprosperi.com\/index.php?rest_route=\/wp\/v2\/posts\/62784\/revisions\/62788"}],"wp:attachment":[{"href":"https:\/\/blogdoprosperi.com\/index.php?rest_route=%2Fwp%2Fv2%2Fmedia&parent=62784"}],"wp:term":[{"taxonomy":"category","embeddable":true,"href":"https:\/\/blogdoprosperi.com\/index.php?rest_route=%2Fwp%2Fv2%2Fcategories&post=62784"},{"taxonomy":"post_tag","embeddable":true,"href":"https:\/\/blogdoprosperi.com\/index.php?rest_route=%2Fwp%2Fv2%2Ftags&post=62784"}],"curies":[{"name":"wp","href":"https:\/\/api.w.org\/{rel}","templated":true}]}}