{"id":62817,"date":"2026-09-03T17:05:21","date_gmt":"2026-09-03T20:05:21","guid":{"rendered":"https:\/\/blogdoprosperi.com\/?p=62817"},"modified":"2026-09-03T20:30:37","modified_gmt":"2026-09-03T23:30:37","slug":"https-wp-me-p7jvdk-glb","status":"publish","type":"post","link":"https:\/\/blogdoprosperi.com\/?p=62817","title":{"rendered":"NEYMAR ACUSA"},"content":{"rendered":"<p><em>Luiz Ant\u00f4nio Pr\u00f3speri \u2013 3 setembro 2026 \u2013 (16h51)<\/em><\/p>\n<p>Neymar culpa o gramado da Vila Belmiro por ter sofrido uma les\u00e3o muscular na coxa direita pouco antes do intervalo do jogo Santos 0 x 0 Palmeiras, quarta-feira (02\/9). Detona e cobra respons\u00e1veis pelo estado do campo esburacado, duro, irregular. &#8220;Parab\u00e9ns viu&#8230; \u00d3timo trabalho de merda&#8221;.<\/p>\n<h3>Post de Neymar<\/h3>\n<figure id=\"attachment_62822\" aria-describedby=\"caption-attachment-62822\" style=\"width: 448px\" class=\"wp-caption alignnone\"><img data-recalc-dims=\"1\" loading=\"lazy\" decoding=\"async\" data-attachment-id=\"62822\" data-permalink=\"https:\/\/blogdoprosperi.com\/?attachment_id=62822\" data-orig-file=\"https:\/\/i0.wp.com\/blogdoprosperi.com\/wp-content\/uploads\/2026\/09\/IMG_7640.webp?fit=828%2C1312&amp;ssl=1\" data-orig-size=\"828,1312\" data-comments-opened=\"1\" data-image-meta=\"{&quot;aperture&quot;:&quot;0&quot;,&quot;credit&quot;:&quot;&quot;,&quot;camera&quot;:&quot;&quot;,&quot;caption&quot;:&quot;&quot;,&quot;created_timestamp&quot;:&quot;0&quot;,&quot;copyright&quot;:&quot;&quot;,&quot;focal_length&quot;:&quot;0&quot;,&quot;iso&quot;:&quot;0&quot;,&quot;shutter_speed&quot;:&quot;0&quot;,&quot;title&quot;:&quot;&quot;,&quot;orientation&quot;:&quot;0&quot;,&quot;alt&quot;:&quot;&quot;}\" data-image-title=\"IMG_7640\" data-image-description=\"\" data-image-caption=\"&lt;p&gt;reprodu\u00e7\u00e3o post de Neymar&lt;\/p&gt;\n\" data-large-file=\"https:\/\/i0.wp.com\/blogdoprosperi.com\/wp-content\/uploads\/2026\/09\/IMG_7640.webp?fit=646%2C1024&amp;ssl=1\" src=\"https:\/\/i0.wp.com\/blogdoprosperi.com\/wp-content\/uploads\/2026\/09\/IMG_7640.webp?resize=448%2C709&#038;ssl=1\" class=\"wp-image-62822\" alt=\"\" width=\"448\" height=\"709\" srcset=\"https:\/\/i0.wp.com\/blogdoprosperi.com\/wp-content\/uploads\/2026\/09\/IMG_7640.webp?resize=239%2C378&amp;ssl=1 239w, https:\/\/i0.wp.com\/blogdoprosperi.com\/wp-content\/uploads\/2026\/09\/IMG_7640.webp?resize=646%2C1024&amp;ssl=1 646w, https:\/\/i0.wp.com\/blogdoprosperi.com\/wp-content\/uploads\/2026\/09\/IMG_7640.webp?resize=95%2C150&amp;ssl=1 95w, https:\/\/i0.wp.com\/blogdoprosperi.com\/wp-content\/uploads\/2026\/09\/IMG_7640.webp?resize=768%2C1217&amp;ssl=1 768w, https:\/\/i0.wp.com\/blogdoprosperi.com\/wp-content\/uploads\/2026\/09\/IMG_7640.webp?resize=450%2C713&amp;ssl=1 450w, https:\/\/i0.wp.com\/blogdoprosperi.com\/wp-content\/uploads\/2026\/09\/IMG_7640.webp?resize=379%2C600&amp;ssl=1 379w, https:\/\/i0.wp.com\/blogdoprosperi.com\/wp-content\/uploads\/2026\/09\/IMG_7640.webp?w=828&amp;ssl=1 828w\" sizes=\"auto, (max-width: 448px) 100vw, 448px\" \/><figcaption id=\"caption-attachment-62822\" class=\"wp-caption-text\">reprodu\u00e7\u00e3o post de Neymar<\/figcaption><\/figure>\n<h3>Palmeiras ironiza<\/h3>\n<p>Post de Neymar leva o Palmeiras a ironizar o craque, um severo cr\u00edtico e contra gramados sint\u00e9ticos no futebol brasileiro.<\/p>\n<p>No jogo de ida Palmeiras 3 a 0 Santos, quarta-feira passada no Nubank Parque, Neymar n\u00e3o atuou por decis\u00e3o de Cuca e do comando do clube. Pouparam Neymar de &#8220;correr riscos&#8221; no campo sint\u00e9tico da arena do Palmeiras.<\/p>\n<p>Ali\u00e1s, Neymar se recusa a jogar em gramados sint\u00e9ticos.<\/p>\n<h3>Post do Palmeiras<\/h3>\n<figure id=\"attachment_62823\" aria-describedby=\"caption-attachment-62823\" style=\"width: 414px\" class=\"wp-caption alignnone\"><img data-recalc-dims=\"1\" loading=\"lazy\" decoding=\"async\" data-attachment-id=\"62823\" data-permalink=\"https:\/\/blogdoprosperi.com\/?attachment_id=62823\" data-orig-file=\"https:\/\/i0.wp.com\/blogdoprosperi.com\/wp-content\/uploads\/2026\/09\/Palmeiras-gramado.webp?fit=1185%2C1481&amp;ssl=1\" data-orig-size=\"1185,1481\" data-comments-opened=\"1\" data-image-meta=\"{&quot;aperture&quot;:&quot;0&quot;,&quot;credit&quot;:&quot;&quot;,&quot;camera&quot;:&quot;&quot;,&quot;caption&quot;:&quot;&quot;,&quot;created_timestamp&quot;:&quot;0&quot;,&quot;copyright&quot;:&quot;&quot;,&quot;focal_length&quot;:&quot;0&quot;,&quot;iso&quot;:&quot;0&quot;,&quot;shutter_speed&quot;:&quot;0&quot;,&quot;title&quot;:&quot;&quot;,&quot;orientation&quot;:&quot;0&quot;,&quot;alt&quot;:&quot;&quot;}\" data-image-title=\"Palmeiras-gramado\" data-image-description=\"\" data-image-caption=\"&lt;p&gt;post do Palmeiras&lt;\/p&gt;\n\" data-large-file=\"https:\/\/i0.wp.com\/blogdoprosperi.com\/wp-content\/uploads\/2026\/09\/Palmeiras-gramado.webp?fit=819%2C1024&amp;ssl=1\" src=\"https:\/\/i0.wp.com\/blogdoprosperi.com\/wp-content\/uploads\/2026\/09\/Palmeiras-gramado.webp?resize=414%2C517&#038;ssl=1\" class=\"wp-image-62823\" alt=\"\" width=\"414\" height=\"517\" srcset=\"https:\/\/i0.wp.com\/blogdoprosperi.com\/wp-content\/uploads\/2026\/09\/Palmeiras-gramado.webp?resize=302%2C378&amp;ssl=1 302w, https:\/\/i0.wp.com\/blogdoprosperi.com\/wp-content\/uploads\/2026\/09\/Palmeiras-gramado.webp?resize=819%2C1024&amp;ssl=1 819w, https:\/\/i0.wp.com\/blogdoprosperi.com\/wp-content\/uploads\/2026\/09\/Palmeiras-gramado.webp?resize=120%2C150&amp;ssl=1 120w, https:\/\/i0.wp.com\/blogdoprosperi.com\/wp-content\/uploads\/2026\/09\/Palmeiras-gramado.webp?resize=768%2C960&amp;ssl=1 768w, https:\/\/i0.wp.com\/blogdoprosperi.com\/wp-content\/uploads\/2026\/09\/Palmeiras-gramado.webp?resize=450%2C562&amp;ssl=1 450w, https:\/\/i0.wp.com\/blogdoprosperi.com\/wp-content\/uploads\/2026\/09\/Palmeiras-gramado.webp?resize=1024%2C1280&amp;ssl=1 1024w, https:\/\/i0.wp.com\/blogdoprosperi.com\/wp-content\/uploads\/2026\/09\/Palmeiras-gramado.webp?resize=480%2C600&amp;ssl=1 480w, https:\/\/i0.wp.com\/blogdoprosperi.com\/wp-content\/uploads\/2026\/09\/Palmeiras-gramado.webp?w=1185&amp;ssl=1 1185w\" sizes=\"auto, (max-width: 414px) 100vw, 414px\" \/><figcaption id=\"caption-attachment-62823\" class=\"wp-caption-text\">post do Palmeiras<\/figcaption><\/figure>\n<h3>Samuel Lino detona Maracan\u00e3<\/h3>\n<p>Pouco antes de Neymar deixar o jogo mancando e com cara de muita dor, Samuel Lino, atacante do Flamengo, sa\u00eda irritado com o estado do gramado do Maracan\u00e3 na vit\u00f3ria contra o Mirassol.<\/p>\n<p><strong>Maracan\u00e3,<\/strong> administrado por Flamengo &amp; Fluminense, est\u00e1 um pasto.<\/p>\n<p><strong>Vila Belmiro<\/strong>, idem<\/p>\n<p><strong>Neo Qu\u00edmica Arena do Corinthians,<\/strong> at\u00e9 ent\u00e3o melhor gramado do futebol brasileiro, foi trocado e ainda n\u00e3o alcan\u00e7ou o mesmo padr\u00e3o de qualidade que tinha desde 2014.<\/p>\n<p><strong>Fonte Nova<\/strong> em Salvador, onde Bahia manda seus jogos, a terra encobre a grama. \u00c9 como se fosse um campo de terra batida e nacos de grama espalhados &nbsp;em pequenas quantidades.<\/p>\n<h3>Sil\u00eancio da CBF<\/h3>\n<p>Desde 2017, quando anuncia a padroniza\u00e7\u00e3o dos gramados da S\u00e9rie A do Brasileir\u00e3o, a CBF nunca entrou para valer nessa mazela que aflige nosso futebol. Impressionante a omiss\u00e3o.<\/p>\n<p>Enquanto isso, dirigentes dos clubes se prestam ao papel rid\u00edculo de trocar farpas em notas oficiais entre os defensores da grama natural e os da grama sint\u00e9tica.<\/p>\n<p>Tomara que Neymar continue nessa frente contra gramados ruins, seja natural ou sint\u00e9tico.<\/p>\n<hr>\n<p><span class=\"iNqyIf\" data-sfc-cp=\"\" data-sfc-root=\"ep\" data-complete=\"true\" data-copy-service-computed-style=\"font-family: \" google sans arial sans-serif font-size: font-weight: margin: text-decoration: none border-bottom: rgb><strong class=\"rQesXe MPyX\" data-sfc-cp=\"\" data-sfc-root=\"ep\" data-complete=\"true\" data-copy-service-computed-style=\"font-family: \" google sans arial sans-serif font-size: font-weight: margin: text-decoration: none border-bottom: rgb>Grama Natural<\/strong><\/span><\/p>\n<p><span class=\"iNqyIf\" data-sfc-cp=\"\" data-sfc-root=\"ep\" data-complete=\"true\" data-copy-service-computed-style=\"font-family: \" google sans arial sans-serif font-size: font-weight: margin: text-decoration: none border-bottom: rgb><strong class=\"rQesXe MPyX\" data-sfc-cp=\"\" data-sfc-root=\"ep\" data-complete=\"true\" data-copy-service-computed-style=\"font-family: \" google sans arial sans-serif font-size: font-weight: margin: text-decoration: none border-bottom: rgb>Manuten\u00e7\u00e3o mensal:<\/strong><\/span><span class=\"iNqyIf\" data-sfc-cp=\"\" data-sfc-root=\"ep\" data-complete=\"true\" data-copy-service-computed-style=\"font-family: \" google sans arial sans-serif font-size: font-weight: margin: text-decoration: none border-bottom: rgb> R$ 80 mil a R$ 150 mil.<\/span><\/p>\n<p><span class=\"iNqyIf\" data-sfc-cp=\"\" data-sfc-root=\"ep\" data-complete=\"true\" data-copy-service-computed-style=\"font-family: \" google sans arial sans-serif font-size: font-weight: margin: text-decoration: none border-bottom: rgb><strong class=\"rQesXe MPyX\" data-sfc-cp=\"\" data-sfc-root=\"ep\" data-complete=\"true\" data-copy-service-computed-style=\"font-family: \" google sans arial sans-serif font-size: font-weight: margin: text-decoration: none border-bottom: rgb>Implanta\u00e7\u00e3o\/Reforma completa:<\/strong><\/span><span class=\"iNqyIf\" data-sfc-cp=\"\" data-sfc-root=\"ep\" data-complete=\"true\" data-copy-service-computed-style=\"font-family: \" google sans arial sans-serif font-size: font-weight: margin: text-decoration: none border-bottom: rgb> Pode variar de R$ 4 milh\u00f5es a R$ 15 milh\u00f5es, dependendo da necessidade de troca de sistema de drenagem, ilumina\u00e7\u00e3o artificial de refor\u00e7o e tipo de carpete de grama.<\/span><\/p>\n<p><span class=\"iNqyIf\" data-sfc-cp=\"\" data-sfc-root=\"ep\" data-complete=\"true\" data-copy-service-computed-style=\"font-family: \" google sans arial sans-serif font-size: font-weight: margin: text-decoration: none border-bottom: rgb><span class=\"iNqyIf\" data-sfc-cp=\"\" data-sfc-root=\"ep\" data-complete=\"true\" data-copy-service-computed-style=\"font-family: \" google sans arial sans-serif font-size: font-weight: margin: text-decoration: none border-bottom: rgb><em class=\"zhvwWe\" data-sfc-cp=\"\" data-sfc-root=\"ep\" data-complete=\"true\" data-copy-service-computed-style=\"font-family: \" google sans arial sans-serif font-size: font-weight: margin: text-decoration: none border-bottom: rgb>Exemplo:<\/em><\/span><\/span><\/p>\n<p><strong>Grama sint\u00e9tica<\/strong><\/p>\n<p><strong>Manuten\u00e7\u00e3o mensal<\/strong>: R$ 25 mil a R$ 40 mil.<\/p>\n<p><strong>Implanta\u00e7\u00e3o inicial:<\/strong> R$ 7 milh\u00f5es a R$ 10 milh\u00f5es.<\/p>\n<p><strong>Vantagem operacional:<\/strong> Reduz os custos anuais de conserva\u00e7\u00e3o em at\u00e9 75% em rela\u00e7\u00e3o \u00e0 grama natural e permite uso cont\u00ednuo para shows e eventos sem destruir o piso.<\/p>\n<p><span style=\"\"><strong><em><a href=\"https:\/\/www.google.com\/search?q=quanto+cada+clube+brasileiro+da+S%C3%A9rie+a+investe+nos+gramados+de+seus+est%C3%A1dios&#038;oq=quanto+cada+clube+brasileiro+da+S%C3%A9rie+a+investe+nos+gramados+de+seus+est%C3%A1dios&#038;gs_lcrp=EgZjaHJvbWUyBggAEEUYOdIBCTI0NDYwajBqN6gCALACAA&#038;sourceid=chrome&#038;source=chrome.ob&#038;ie=UTF-8\">(consulta na IA Google \u2013 03\/9)<\/a><\/em><\/strong><\/span><\/p>\n","protected":false},"excerpt":{"rendered":"<p>Neymar detona gramado da Vila Belmiro ao sofrer les\u00e3o muscular ainda no primeiro tempo de Santos 0 x 0 Palmeiras pela Copa do Brasil<\/p>\n","protected":false},"author":102107496,"featured_media":62831,"comment_status":"open","ping_status":"open","sticky":false,"template":"","format":"standard","meta":{"_coblocks_attr":"","_coblocks_dimensions":"","_coblocks_responsive_height":"","_coblocks_accordion_ie_support":"","wpai_generated_summary":"","_jetpack_newsletter_access":"","_jetpack_dont_email_post_to_subs":false,"_jetpack_newsletter_tier_id":0,"_jetpack_memberships_contains_paywalled_content":false,"_wpcom_ai_launchpad_first_post":false,"_jetpack_feature_clip_id":0,"_jetpack_memberships_contains_paid_content":false,"footnotes":"","jetpack_publicize_message":"","jetpack_publicize_feature_enabled":true,"jetpack_social_post_already_shared":true,"jetpack_social_options":{"image_generator_settings":{"template":"highway","default_image_id":0,"font":"","enabled":false},"version":2},"jetpack_post_was_ever_published":false},"categories":[821950,53870],"tags":[789560925,789560924,789560926,789560927,72238077,4112146,5226238],"class_list":["post-62817","post","type-post","status-publish","format-standard","has-post-thumbnail","hentry","category-copa-do-brasil","category-futebol","tag-gramadosintetico","tag-gramadovila","tag-nubankparque","tag-samuellino","tag-sepalmeiras","tag-neymar","tag-santosfc"],"yoast_head":"<!-- This site is optimized with the Yoast SEO plugin v28.4 - https:\/\/yoast.com\/product\/yoast-seo-wordpress\/ -->\n<title>NEYMAR ACUSA - PR\u00d3SPERI NEWS NEYMAR ACUSA futebol<\/title>\n<meta name=\"robots\" content=\"index, follow, max-snippet:-1, max-image-preview:large, max-video-preview:-1\" \/>\n<link rel=\"canonical\" href=\"https:\/\/blogdoprosperi.com\/?p=62817\" \/>\n<meta property=\"og:locale\" content=\"pt_BR\" \/>\n<meta property=\"og:type\" content=\"article\" \/>\n<meta property=\"og:title\" content=\"NEYMAR ACUSA - PR\u00d3SPERI NEWS NEYMAR ACUSA futebol\" \/>\n<meta property=\"og:description\" content=\"Neymar detona gramado da Vila Belmiro ao sofrer les\u00e3o muscular ainda no primeiro tempo de Santos 0 x 0 Palmeiras pela Copa do Brasil\" \/>\n<meta property=\"og:url\" content=\"https:\/\/blogdoprosperi.com\/?p=62817\" \/>\n<meta property=\"og:site_name\" content=\"PR\u00d3SPERI NEWS\" \/>\n<meta property=\"article:publisher\" content=\"Luiz Pr\u00f3speri\" \/>\n<meta property=\"article:author\" content=\"Luiz Pr\u00f3speri\" \/>\n<meta property=\"article:published_time\" content=\"2026-09-03T20:05:21+00:00\" \/>\n<meta property=\"article:modified_time\" content=\"2026-09-03T23:30:37+00:00\" \/>\n<meta property=\"og:image\" content=\"https:\/\/i0.wp.com\/blogdoprosperi.com\/wp-content\/uploads\/2026\/09\/Captura-de-Tela-2026-09-03-as-16.54.25.png?fit=868%2C630&ssl=1\" \/>\n\t<meta property=\"og:image:width\" content=\"868\" \/>\n\t<meta property=\"og:image:height\" content=\"630\" \/>\n\t<meta property=\"og:image:type\" content=\"image\/png\" \/>\n<meta name=\"author\" content=\"Luiz Ant\u00f4nio Pr\u00f3speri\" \/>\n<meta name=\"twitter:card\" content=\"summary_large_image\" \/>\n<meta name=\"twitter:creator\" content=\"@Luizprosperi\" \/>\n<meta name=\"twitter:site\" content=\"@Luizprosperi\" \/>\n<meta name=\"twitter:label1\" content=\"Escrito por\" \/>\n\t<meta name=\"twitter:data1\" content=\"Luiz Ant\u00f4nio Pr\u00f3speri\" \/>\n\t<meta name=\"twitter:label2\" content=\"Est. tempo de leitura\" \/>\n\t<meta name=\"twitter:data2\" content=\"3 minutos\" \/>\n<script type=\"application\/ld+json\" class=\"yoast-schema-graph\">{\"@context\":\"https:\\\/\\\/schema.org\",\"@graph\":[{\"@type\":\"Article\",\"@id\":\"https:\\\/\\\/blogdoprosperi.com\\\/?p=62817#article\",\"isPartOf\":{\"@id\":\"https:\\\/\\\/blogdoprosperi.com\\\/?p=62817\"},\"author\":{\"name\":\"Luiz Ant\u00f4nio Pr\u00f3speri\",\"@id\":\"https:\\\/\\\/blogdoprosperi.com\\\/#\\\/schema\\\/person\\\/38100755ce3601861ee4fab9b5aa78e9\"},\"headline\":\"NEYMAR ACUSA\",\"datePublished\":\"2026-09-03T20:05:21+00:00\",\"dateModified\":\"2026-09-03T23:30:37+00:00\",\"mainEntityOfPage\":{\"@id\":\"https:\\\/\\\/blogdoprosperi.com\\\/?p=62817\"},\"wordCount\":452,\"commentCount\":0,\"publisher\":{\"@id\":\"https:\\\/\\\/blogdoprosperi.com\\\/#\\\/schema\\\/person\\\/38100755ce3601861ee4fab9b5aa78e9\"},\"image\":{\"@id\":\"https:\\\/\\\/blogdoprosperi.com\\\/?p=62817#primaryimage\"},\"thumbnailUrl\":\"https:\\\/\\\/i0.wp.com\\\/blogdoprosperi.com\\\/wp-content\\\/uploads\\\/2026\\\/09\\\/Captura-de-Tela-2026-09-03-as-16.54.25.png?fit=868%2C630&ssl=1\",\"keywords\":[\"#gramadosint\u00e9tico\",\"#gramadovila\",\"#nubankparque\",\"#samuellino\",\"#sepalmeiras\",\"Neymar\",\"SantosFC\"],\"articleSection\":[\"Copa do Brasil\",\"futebol\"],\"inLanguage\":\"pt-BR\",\"potentialAction\":[{\"@type\":\"CommentAction\",\"name\":\"Comment\",\"target\":[\"https:\\\/\\\/blogdoprosperi.com\\\/?p=62817#respond\"]}]},{\"@type\":\"WebPage\",\"@id\":\"https:\\\/\\\/blogdoprosperi.com\\\/?p=62817\",\"url\":\"https:\\\/\\\/blogdoprosperi.com\\\/?p=62817\",\"name\":\"NEYMAR ACUSA - PR\u00d3SPERI NEWS NEYMAR ACUSA futebol\",\"isPartOf\":{\"@id\":\"https:\\\/\\\/blogdoprosperi.com\\\/#website\"},\"primaryImageOfPage\":{\"@id\":\"https:\\\/\\\/blogdoprosperi.com\\\/?p=62817#primaryimage\"},\"image\":{\"@id\":\"https:\\\/\\\/blogdoprosperi.com\\\/?p=62817#primaryimage\"},\"thumbnailUrl\":\"https:\\\/\\\/i0.wp.com\\\/blogdoprosperi.com\\\/wp-content\\\/uploads\\\/2026\\\/09\\\/Captura-de-Tela-2026-09-03-as-16.54.25.png?fit=868%2C630&ssl=1\",\"datePublished\":\"2026-09-03T20:05:21+00:00\",\"dateModified\":\"2026-09-03T23:30:37+00:00\",\"breadcrumb\":{\"@id\":\"https:\\\/\\\/blogdoprosperi.com\\\/?p=62817#breadcrumb\"},\"inLanguage\":\"pt-BR\",\"potentialAction\":[{\"@type\":\"ReadAction\",\"target\":[\"https:\\\/\\\/blogdoprosperi.com\\\/?p=62817\"]}]},{\"@type\":\"ImageObject\",\"inLanguage\":\"pt-BR\",\"@id\":\"https:\\\/\\\/blogdoprosperi.com\\\/?p=62817#primaryimage\",\"url\":\"https:\\\/\\\/i0.wp.com\\\/blogdoprosperi.com\\\/wp-content\\\/uploads\\\/2026\\\/09\\\/Captura-de-Tela-2026-09-03-as-16.54.25.png?fit=868%2C630&ssl=1\",\"contentUrl\":\"https:\\\/\\\/i0.wp.com\\\/blogdoprosperi.com\\\/wp-content\\\/uploads\\\/2026\\\/09\\\/Captura-de-Tela-2026-09-03-as-16.54.25.png?fit=868%2C630&ssl=1\",\"width\":868,\"height\":630,\"caption\":\"Neymar machucado no primeiro tempo Santos 0 x 0 Palmeiras \u2013 foto: reprodu\u00e7\u00e3o TV\"},{\"@type\":\"BreadcrumbList\",\"@id\":\"https:\\\/\\\/blogdoprosperi.com\\\/?p=62817#breadcrumb\",\"itemListElement\":[{\"@type\":\"ListItem\",\"position\":1,\"name\":\"In\u00edcio\",\"item\":\"https:\\\/\\\/blogdoprosperi.com\\\/\"},{\"@type\":\"ListItem\",\"position\":2,\"name\":\"NEYMAR ACUSA\"}]},{\"@type\":\"WebSite\",\"@id\":\"https:\\\/\\\/blogdoprosperi.com\\\/#website\",\"url\":\"https:\\\/\\\/blogdoprosperi.com\\\/\",\"name\":\"PR\u00d3SPERI NEWS\",\"description\":\"TUDO \u00c9  FUTEBOL\",\"publisher\":{\"@id\":\"https:\\\/\\\/blogdoprosperi.com\\\/#\\\/schema\\\/person\\\/38100755ce3601861ee4fab9b5aa78e9\"},\"alternateName\":\"blogdoprosperi.com\",\"potentialAction\":[{\"@type\":\"SearchAction\",\"target\":{\"@type\":\"EntryPoint\",\"urlTemplate\":\"https:\\\/\\\/blogdoprosperi.com\\\/?s={search_term_string}\"},\"query-input\":{\"@type\":\"PropertyValueSpecification\",\"valueRequired\":true,\"valueName\":\"search_term_string\"}}],\"inLanguage\":\"pt-BR\"},{\"@type\":[\"Person\",\"Organization\"],\"@id\":\"https:\\\/\\\/blogdoprosperi.com\\\/#\\\/schema\\\/person\\\/38100755ce3601861ee4fab9b5aa78e9\",\"name\":\"Luiz Ant\u00f4nio Pr\u00f3speri\",\"pronouns\":\"ele\",\"image\":{\"@type\":\"ImageObject\",\"inLanguage\":\"pt-BR\",\"@id\":\"https:\\\/\\\/i0.wp.com\\\/blogdoprosperi.com\\\/wp-content\\\/uploads\\\/2026\\\/05\\\/cropped-8059e613-6002-42fa-961e-8e275f575d71-2-5.jpg?fit=1360%2C931&ssl=1\",\"url\":\"https:\\\/\\\/i0.wp.com\\\/blogdoprosperi.com\\\/wp-content\\\/uploads\\\/2026\\\/05\\\/cropped-8059e613-6002-42fa-961e-8e275f575d71-2-5.jpg?fit=1360%2C931&ssl=1\",\"contentUrl\":\"https:\\\/\\\/i0.wp.com\\\/blogdoprosperi.com\\\/wp-content\\\/uploads\\\/2026\\\/05\\\/cropped-8059e613-6002-42fa-961e-8e275f575d71-2-5.jpg?fit=1360%2C931&ssl=1\",\"width\":1360,\"height\":931,\"caption\":\"Luiz Ant\u00f4nio Pr\u00f3speri\"},\"logo\":{\"@id\":\"https:\\\/\\\/i0.wp.com\\\/blogdoprosperi.com\\\/wp-content\\\/uploads\\\/2026\\\/05\\\/cropped-8059e613-6002-42fa-961e-8e275f575d71-2-5.jpg?fit=1360%2C931&ssl=1\"},\"description\":\"Jornalista com carreira dedicada ao esporte. Cobriu 9 Copas do Mundo in loco, 1990 na It\u00e1lia, 1994 nos EUA, 1998 na Fran\u00e7a, 2002 na Coreia do Sul e Jap\u00e3o, 2006 na Alemanha, 2010 na \u00c1frica do Sul, 2014 no Brasil, 2018 na R\u00fassia e 2022 no Qatar. Eurocopas, 1992 na Su\u00e9cia e 1996 na Inglaterra. Copa das Confedera\u00e7\u00f5es de 2005 na Alemanha e 2009 na \u00c1frica do Sul. Rep\u00f3rter e Editor, trabalhou no Jornal da Tarde e Estad\u00e3o, de 1984 a fevereiro de 2016. Colunista, blogueiro. E comentarista de futebol na R\u00e1dio Estad\u00e3o, de 2013 a fevereiro de 2016. Jornalista respons\u00e1vel do \\\"Pr\u00f3speri News\\\" (blogdoprosperi.com).\",\"sameAs\":[\"http:\\\/\\\/blogdoprosperi.com\",\"Luiz Pr\u00f3speri\",\"@luiz_prosperi\",\"https:\\\/\\\/x.com\\\/Luizprosperi\",\"@prosperinacopa\",\"luiz.prosperi@icloud.com\"],\"url\":\"https:\\\/\\\/blogdoprosperi.com\\\/?author=102107496\"}]}<\/script>\n<!-- \/ Yoast SEO plugin. -->","yoast_head_json":{"title":"NEYMAR ACUSA - PR\u00d3SPERI NEWS NEYMAR ACUSA futebol","robots":{"index":"index","follow":"follow","max-snippet":"max-snippet:-1","max-image-preview":"max-image-preview:large","max-video-preview":"max-video-preview:-1"},"canonical":"https:\/\/blogdoprosperi.com\/?p=62817","og_locale":"pt_BR","og_type":"article","og_title":"NEYMAR ACUSA - PR\u00d3SPERI NEWS NEYMAR ACUSA futebol","og_description":"Neymar detona gramado da Vila Belmiro ao sofrer les\u00e3o muscular ainda no primeiro tempo de Santos 0 x 0 Palmeiras pela Copa do Brasil","og_url":"https:\/\/blogdoprosperi.com\/?p=62817","og_site_name":"PR\u00d3SPERI NEWS","article_publisher":"Luiz Pr\u00f3speri","article_author":"Luiz Pr\u00f3speri","article_published_time":"2026-09-03T20:05:21+00:00","article_modified_time":"2026-09-03T23:30:37+00:00","og_image":[{"width":868,"height":630,"url":"https:\/\/i0.wp.com\/blogdoprosperi.com\/wp-content\/uploads\/2026\/09\/Captura-de-Tela-2026-09-03-as-16.54.25.png?fit=868%2C630&ssl=1","type":"image\/png"}],"author":"Luiz Ant\u00f4nio Pr\u00f3speri","twitter_card":"summary_large_image","twitter_creator":"@Luizprosperi","twitter_site":"@Luizprosperi","twitter_misc":{"Escrito por":"Luiz Ant\u00f4nio Pr\u00f3speri","Est. tempo de leitura":"3 minutos"},"schema":{"@context":"https:\/\/schema.org","@graph":[{"@type":"Article","@id":"https:\/\/blogdoprosperi.com\/?p=62817#article","isPartOf":{"@id":"https:\/\/blogdoprosperi.com\/?p=62817"},"author":{"name":"Luiz Ant\u00f4nio Pr\u00f3speri","@id":"https:\/\/blogdoprosperi.com\/#\/schema\/person\/38100755ce3601861ee4fab9b5aa78e9"},"headline":"NEYMAR ACUSA","datePublished":"2026-09-03T20:05:21+00:00","dateModified":"2026-09-03T23:30:37+00:00","mainEntityOfPage":{"@id":"https:\/\/blogdoprosperi.com\/?p=62817"},"wordCount":452,"commentCount":0,"publisher":{"@id":"https:\/\/blogdoprosperi.com\/#\/schema\/person\/38100755ce3601861ee4fab9b5aa78e9"},"image":{"@id":"https:\/\/blogdoprosperi.com\/?p=62817#primaryimage"},"thumbnailUrl":"https:\/\/i0.wp.com\/blogdoprosperi.com\/wp-content\/uploads\/2026\/09\/Captura-de-Tela-2026-09-03-as-16.54.25.png?fit=868%2C630&ssl=1","keywords":["#gramadosint\u00e9tico","#gramadovila","#nubankparque","#samuellino","#sepalmeiras","Neymar","SantosFC"],"articleSection":["Copa do Brasil","futebol"],"inLanguage":"pt-BR","potentialAction":[{"@type":"CommentAction","name":"Comment","target":["https:\/\/blogdoprosperi.com\/?p=62817#respond"]}]},{"@type":"WebPage","@id":"https:\/\/blogdoprosperi.com\/?p=62817","url":"https:\/\/blogdoprosperi.com\/?p=62817","name":"NEYMAR ACUSA - PR\u00d3SPERI NEWS NEYMAR ACUSA futebol","isPartOf":{"@id":"https:\/\/blogdoprosperi.com\/#website"},"primaryImageOfPage":{"@id":"https:\/\/blogdoprosperi.com\/?p=62817#primaryimage"},"image":{"@id":"https:\/\/blogdoprosperi.com\/?p=62817#primaryimage"},"thumbnailUrl":"https:\/\/i0.wp.com\/blogdoprosperi.com\/wp-content\/uploads\/2026\/09\/Captura-de-Tela-2026-09-03-as-16.54.25.png?fit=868%2C630&ssl=1","datePublished":"2026-09-03T20:05:21+00:00","dateModified":"2026-09-03T23:30:37+00:00","breadcrumb":{"@id":"https:\/\/blogdoprosperi.com\/?p=62817#breadcrumb"},"inLanguage":"pt-BR","potentialAction":[{"@type":"ReadAction","target":["https:\/\/blogdoprosperi.com\/?p=62817"]}]},{"@type":"ImageObject","inLanguage":"pt-BR","@id":"https:\/\/blogdoprosperi.com\/?p=62817#primaryimage","url":"https:\/\/i0.wp.com\/blogdoprosperi.com\/wp-content\/uploads\/2026\/09\/Captura-de-Tela-2026-09-03-as-16.54.25.png?fit=868%2C630&ssl=1","contentUrl":"https:\/\/i0.wp.com\/blogdoprosperi.com\/wp-content\/uploads\/2026\/09\/Captura-de-Tela-2026-09-03-as-16.54.25.png?fit=868%2C630&ssl=1","width":868,"height":630,"caption":"Neymar machucado no primeiro tempo Santos 0 x 0 Palmeiras \u2013 foto: reprodu\u00e7\u00e3o TV"},{"@type":"BreadcrumbList","@id":"https:\/\/blogdoprosperi.com\/?p=62817#breadcrumb","itemListElement":[{"@type":"ListItem","position":1,"name":"In\u00edcio","item":"https:\/\/blogdoprosperi.com\/"},{"@type":"ListItem","position":2,"name":"NEYMAR ACUSA"}]},{"@type":"WebSite","@id":"https:\/\/blogdoprosperi.com\/#website","url":"https:\/\/blogdoprosperi.com\/","name":"PR\u00d3SPERI NEWS","description":"TUDO \u00c9  FUTEBOL","publisher":{"@id":"https:\/\/blogdoprosperi.com\/#\/schema\/person\/38100755ce3601861ee4fab9b5aa78e9"},"alternateName":"blogdoprosperi.com","potentialAction":[{"@type":"SearchAction","target":{"@type":"EntryPoint","urlTemplate":"https:\/\/blogdoprosperi.com\/?s={search_term_string}"},"query-input":{"@type":"PropertyValueSpecification","valueRequired":true,"valueName":"search_term_string"}}],"inLanguage":"pt-BR"},{"@type":["Person","Organization"],"@id":"https:\/\/blogdoprosperi.com\/#\/schema\/person\/38100755ce3601861ee4fab9b5aa78e9","name":"Luiz Ant\u00f4nio Pr\u00f3speri","pronouns":"ele","image":{"@type":"ImageObject","inLanguage":"pt-BR","@id":"https:\/\/i0.wp.com\/blogdoprosperi.com\/wp-content\/uploads\/2026\/05\/cropped-8059e613-6002-42fa-961e-8e275f575d71-2-5.jpg?fit=1360%2C931&ssl=1","url":"https:\/\/i0.wp.com\/blogdoprosperi.com\/wp-content\/uploads\/2026\/05\/cropped-8059e613-6002-42fa-961e-8e275f575d71-2-5.jpg?fit=1360%2C931&ssl=1","contentUrl":"https:\/\/i0.wp.com\/blogdoprosperi.com\/wp-content\/uploads\/2026\/05\/cropped-8059e613-6002-42fa-961e-8e275f575d71-2-5.jpg?fit=1360%2C931&ssl=1","width":1360,"height":931,"caption":"Luiz Ant\u00f4nio Pr\u00f3speri"},"logo":{"@id":"https:\/\/i0.wp.com\/blogdoprosperi.com\/wp-content\/uploads\/2026\/05\/cropped-8059e613-6002-42fa-961e-8e275f575d71-2-5.jpg?fit=1360%2C931&ssl=1"},"description":"Jornalista com carreira dedicada ao esporte. Cobriu 9 Copas do Mundo in loco, 1990 na It\u00e1lia, 1994 nos EUA, 1998 na Fran\u00e7a, 2002 na Coreia do Sul e Jap\u00e3o, 2006 na Alemanha, 2010 na \u00c1frica do Sul, 2014 no Brasil, 2018 na R\u00fassia e 2022 no Qatar. Eurocopas, 1992 na Su\u00e9cia e 1996 na Inglaterra. Copa das Confedera\u00e7\u00f5es de 2005 na Alemanha e 2009 na \u00c1frica do Sul. Rep\u00f3rter e Editor, trabalhou no Jornal da Tarde e Estad\u00e3o, de 1984 a fevereiro de 2016. Colunista, blogueiro. E comentarista de futebol na R\u00e1dio Estad\u00e3o, de 2013 a fevereiro de 2016. Jornalista respons\u00e1vel do \"Pr\u00f3speri News\" (blogdoprosperi.com).","sameAs":["http:\/\/blogdoprosperi.com","Luiz Pr\u00f3speri","@luiz_prosperi","https:\/\/x.com\/Luizprosperi","@prosperinacopa","luiz.prosperi@icloud.com"],"url":"https:\/\/blogdoprosperi.com\/?author=102107496"}]}},"jetpack_publicize_connections":[],"jetpack_likes_enabled":false,"jetpack_sharing_enabled":true,"jetpack_shortlink":"https:\/\/wp.me\/p7jvdk-glb","jetpack-related-posts":[{"id":12504,"url":"https:\/\/blogdoprosperi.com\/?p=12504","url_meta":{"origin":62817,"position":0},"title":"Entenda como Barcelona pode levar Gabriel Jesus e Roger Guedes","author":"Luiz Ant\u00f4nio Pr\u00f3speri","date":"23 de junho de 2016","format":false,"excerpt":"Raul Sanlleh\u00ed, executivo do alto escal\u00e3o do Barcelona, est\u00e1 no Brasil h\u00e1 mais de uma semana para tratar da renova\u00e7\u00e3o do contrato de Neymar at\u00e9 2022. Nas horas vagas, entre uma reuni\u00e3o e outra com o estafe do craque em Santos, Sanlleh\u00ed acompanha de perto os passos de Gabriel Jesus\u2026","rel":"","context":"Em &quot;futebol&quot;","block_context":{"text":"futebol","link":"https:\/\/blogdoprosperi.com\/?cat=53870"},"img":{"alt_text":"","src":"https:\/\/i0.wp.com\/blogdoprosperi.com\/wp-content\/uploads\/2016\/06\/622_97b3e45c-5410-3cd9-b47f-396e513243f3.jpg?resize=350%2C200&ssl=1","width":350,"height":200,"srcset":"https:\/\/i0.wp.com\/blogdoprosperi.com\/wp-content\/uploads\/2016\/06\/622_97b3e45c-5410-3cd9-b47f-396e513243f3.jpg?resize=350%2C200&ssl=1 1x, https:\/\/i0.wp.com\/blogdoprosperi.com\/wp-content\/uploads\/2016\/06\/622_97b3e45c-5410-3cd9-b47f-396e513243f3.jpg?resize=525%2C300&ssl=1 1.5x"},"classes":[]},{"id":61649,"url":"https:\/\/blogdoprosperi.com\/?p=61649","url_meta":{"origin":62817,"position":1},"title":"Bizarro ou Rid\u00edculo: Confira card\u00e1pio do futebol brasileiro um m\u00eas ap\u00f3s queda na Copa 2026","author":"Luiz Ant\u00f4nio Pr\u00f3speri","date":"3 de agosto de 2026","format":false,"excerpt":"Luiz Ant\u00f4nio Pr\u00f3speri \u2013 3 agosto 2026 (11h27) Dia 5 de julho 2026, New Jersey: Brasil eliminado nas oitavas de final da Copa do Mundo ao perder (2 a 1) da Noruega. Dia 3 de agosto 2026, a dois dias de se completar um m\u00eas do fiasco rotundo da Sele\u00e7\u00e3o\u2026","rel":"","context":"Em &quot;brasileir\u00e3o 2026&quot;","block_context":{"text":"brasileir\u00e3o 2026","link":"https:\/\/blogdoprosperi.com\/?cat=786956679"},"img":{"alt_text":"","src":"https:\/\/i0.wp.com\/blogdoprosperi.com\/wp-content\/uploads\/2026\/08\/Captura-de-Tela-2026-08-03-as-11.43.51.png?fit=1200%2C660&ssl=1&resize=350%2C200","width":350,"height":200,"srcset":"https:\/\/i0.wp.com\/blogdoprosperi.com\/wp-content\/uploads\/2026\/08\/Captura-de-Tela-2026-08-03-as-11.43.51.png?fit=1200%2C660&ssl=1&resize=350%2C200 1x, https:\/\/i0.wp.com\/blogdoprosperi.com\/wp-content\/uploads\/2026\/08\/Captura-de-Tela-2026-08-03-as-11.43.51.png?fit=1200%2C660&ssl=1&resize=525%2C300 1.5x, https:\/\/i0.wp.com\/blogdoprosperi.com\/wp-content\/uploads\/2026\/08\/Captura-de-Tela-2026-08-03-as-11.43.51.png?fit=1200%2C660&ssl=1&resize=700%2C400 2x, https:\/\/i0.wp.com\/blogdoprosperi.com\/wp-content\/uploads\/2026\/08\/Captura-de-Tela-2026-08-03-as-11.43.51.png?fit=1200%2C660&ssl=1&resize=1050%2C600 3x"},"classes":[]},{"id":16458,"url":"https:\/\/blogdoprosperi.com\/?p=16458","url_meta":{"origin":62817,"position":2},"title":"Barcelona n\u00e3o tem interesse em Gabriel e Lucas Lima, o alvo \u00e9 Gabriel Jesus","author":"Luiz Ant\u00f4nio Pr\u00f3speri","date":"17 de julho de 2016","format":false,"excerpt":"Dirigente do clube espanhol, a pedido do pai de Neymar, esteve na Vila no jogo Santos 3 x 1 Ponte Preta e, parece, n\u00e3o se entusiasmou com os dois jogadores Barcelona n\u00e3o pensa neste momento em tirar Lucas Lima e Gabriel do Santos. Robert Fern\u00e1ndez, secret\u00e1rio-t\u00e9cnico do clube espanhol, esteve\u2026","rel":"","context":"Em &quot;futebol&quot;","block_context":{"text":"futebol","link":"https:\/\/blogdoprosperi.com\/?cat=53870"},"img":{"alt_text":"","src":"https:\/\/i0.wp.com\/blogdoprosperi.com\/wp-content\/uploads\/2016\/07\/lucas-lima-e-gabigol.jpg?resize=350%2C200&ssl=1","width":350,"height":200,"srcset":"https:\/\/i0.wp.com\/blogdoprosperi.com\/wp-content\/uploads\/2016\/07\/lucas-lima-e-gabigol.jpg?resize=350%2C200&ssl=1 1x, https:\/\/i0.wp.com\/blogdoprosperi.com\/wp-content\/uploads\/2016\/07\/lucas-lima-e-gabigol.jpg?resize=525%2C300&ssl=1 1.5x, https:\/\/i0.wp.com\/blogdoprosperi.com\/wp-content\/uploads\/2016\/07\/lucas-lima-e-gabigol.jpg?resize=700%2C400&ssl=1 2x, https:\/\/i0.wp.com\/blogdoprosperi.com\/wp-content\/uploads\/2016\/07\/lucas-lima-e-gabigol.jpg?resize=1050%2C600&ssl=1 3x"},"classes":[]},{"id":45481,"url":"https:\/\/blogdoprosperi.com\/?p=45481","url_meta":{"origin":62817,"position":3},"title":"Leila Pereira anuncia (I): Palmeiras Descarta Neymar e Supercraques no Mundial de Clubes 2025","author":"Luiz Ant\u00f4nio Pr\u00f3speri","date":"23 de setembro de 2024","format":false,"excerpt":"Luiz Ant\u00f4nio Pr\u00f3speri \u2013 23 setembro (23h55) Leila Pereira avisa aos torcedores do Palmeiras que n\u00e3o tem a m\u00ednima inten\u00e7\u00e3o de contratar supercraques para o Mundial de Clubes de 2025. Nem Neymar nem outro nome forte no mercado especulados nas m\u00eddias sociais. No lan\u00e7amento de sua candidatura \u00e0 reelei\u00e7\u00e3o no\u2026","rel":"","context":"Em &quot;futebol&quot;","block_context":{"text":"futebol","link":"https:\/\/blogdoprosperi.com\/?cat=53870"},"img":{"alt_text":"Neymar no Palmeiras?","src":"https:\/\/i0.wp.com\/blogdoprosperi.com\/wp-content\/uploads\/2024\/09\/20180525185228582294a.webp?fit=750%2C500&ssl=1&resize=350%2C200","width":350,"height":200,"srcset":"https:\/\/i0.wp.com\/blogdoprosperi.com\/wp-content\/uploads\/2024\/09\/20180525185228582294a.webp?fit=750%2C500&ssl=1&resize=350%2C200 1x, https:\/\/i0.wp.com\/blogdoprosperi.com\/wp-content\/uploads\/2024\/09\/20180525185228582294a.webp?fit=750%2C500&ssl=1&resize=525%2C300 1.5x, https:\/\/i0.wp.com\/blogdoprosperi.com\/wp-content\/uploads\/2024\/09\/20180525185228582294a.webp?fit=750%2C500&ssl=1&resize=700%2C400 2x"},"classes":[]},{"id":49766,"url":"https:\/\/blogdoprosperi.com\/?p=49766","url_meta":{"origin":62817,"position":4},"title":"Cabe\u00e7as Cortadas | Aberta Temporada de Ca\u00e7a a Treinadores no Brasileir\u00e3o","author":"Luiz Ant\u00f4nio Pr\u00f3speri","date":"14 de abril de 2025","format":false,"excerpt":"Luiz Ant\u00f4nio Pr\u00f3speri \u2013 14 abril (11h49) \u2013 Brasileir\u00e3o 2025 fecha sua terceira rodada com sede a ceifar cabe\u00e7as. Na segunda, os \u00e1rbitros saem escorra\u00e7ados. Dois deles afastados por maus servi\u00e7os prestados. Se instalou o caos. Na terceira, a onda des\u00e1gua na praia oferecendo a demiss\u00e3o de treinadores. Vivemos a\u2026","rel":"","context":"Em &quot;futebol&quot;","block_context":{"text":"futebol","link":"https:\/\/blogdoprosperi.com\/?cat=53870"},"img":{"alt_text":"Aberta temporada jornal\u00edstica de caca aos treinadores","src":"https:\/\/i0.wp.com\/blogdoprosperi.com\/wp-content\/uploads\/2025\/04\/image.webp?fit=800%2C640&ssl=1&resize=350%2C200","width":350,"height":200,"srcset":"https:\/\/i0.wp.com\/blogdoprosperi.com\/wp-content\/uploads\/2025\/04\/image.webp?fit=800%2C640&ssl=1&resize=350%2C200 1x, https:\/\/i0.wp.com\/blogdoprosperi.com\/wp-content\/uploads\/2025\/04\/image.webp?fit=800%2C640&ssl=1&resize=525%2C300 1.5x, https:\/\/i0.wp.com\/blogdoprosperi.com\/wp-content\/uploads\/2025\/04\/image.webp?fit=800%2C640&ssl=1&resize=700%2C400 2x"},"classes":[]},{"id":46044,"url":"https:\/\/blogdoprosperi.com\/?p=46044","url_meta":{"origin":62817,"position":5},"title":"Cinco Jogos para Grudar na TV nesse S\u00e1bado e Domingo","author":"Luiz Ant\u00f4nio Pr\u00f3speri","date":"26 de outubro de 2024","format":false,"excerpt":"Al-Hilal vs Al Taawoun \u2013 s\u00e1bado \u2013 15h \u2013 ao vivo na Band Jogo do Campeonato da Ar\u00e1bia Saudita para acompanhar de perto. Neymar deve ganhar mais alguns minutos no Al-Hilal nessa segunda partida de sua volta ao futebol ap\u00f3s um ano sem jogar. Na segunda-feira passada (21\/10), o craque\u2026","rel":"","context":"Em &quot;futebol&quot;","block_context":{"text":"futebol","link":"https:\/\/blogdoprosperi.com\/?cat=53870"},"img":{"alt_text":"Palmeiras tem Estev\u00e3o","src":"https:\/\/i0.wp.com\/blogdoprosperi.com\/wp-content\/uploads\/2024\/07\/53851251803_8093405d2a_h.jpg?fit=1200%2C675&ssl=1&resize=350%2C200","width":350,"height":200,"srcset":"https:\/\/i0.wp.com\/blogdoprosperi.com\/wp-content\/uploads\/2024\/07\/53851251803_8093405d2a_h.jpg?fit=1200%2C675&ssl=1&resize=350%2C200 1x, https:\/\/i0.wp.com\/blogdoprosperi.com\/wp-content\/uploads\/2024\/07\/53851251803_8093405d2a_h.jpg?fit=1200%2C675&ssl=1&resize=525%2C300 1.5x, https:\/\/i0.wp.com\/blogdoprosperi.com\/wp-content\/uploads\/2024\/07\/53851251803_8093405d2a_h.jpg?fit=1200%2C675&ssl=1&resize=700%2C400 2x, https:\/\/i0.wp.com\/blogdoprosperi.com\/wp-content\/uploads\/2024\/07\/53851251803_8093405d2a_h.jpg?fit=1200%2C675&ssl=1&resize=1050%2C600 3x"},"classes":[]}],"jetpack_featured_media_url":"https:\/\/i0.wp.com\/blogdoprosperi.com\/wp-content\/uploads\/2026\/09\/Captura-de-Tela-2026-09-03-as-16.54.25.png?fit=868%2C630&ssl=1","_links":{"self":[{"href":"https:\/\/blogdoprosperi.com\/index.php?rest_route=\/wp\/v2\/posts\/62817","targetHints":{"allow":["GET"]}}],"collection":[{"href":"https:\/\/blogdoprosperi.com\/index.php?rest_route=\/wp\/v2\/posts"}],"about":[{"href":"https:\/\/blogdoprosperi.com\/index.php?rest_route=\/wp\/v2\/types\/post"}],"author":[{"embeddable":true,"href":"https:\/\/blogdoprosperi.com\/index.php?rest_route=\/wp\/v2\/users\/102107496"}],"replies":[{"embeddable":true,"href":"https:\/\/blogdoprosperi.com\/index.php?rest_route=%2Fwp%2Fv2%2Fcomments&post=62817"}],"version-history":[{"count":17,"href":"https:\/\/blogdoprosperi.com\/index.php?rest_route=\/wp\/v2\/posts\/62817\/revisions"}],"predecessor-version":[{"id":62837,"href":"https:\/\/blogdoprosperi.com\/index.php?rest_route=\/wp\/v2\/posts\/62817\/revisions\/62837"}],"wp:featuredmedia":[{"embeddable":true,"href":"https:\/\/blogdoprosperi.com\/index.php?rest_route=\/wp\/v2\/media\/62831"}],"wp:attachment":[{"href":"https:\/\/blogdoprosperi.com\/index.php?rest_route=%2Fwp%2Fv2%2Fmedia&parent=62817"}],"wp:term":[{"taxonomy":"category","embeddable":true,"href":"https:\/\/blogdoprosperi.com\/index.php?rest_route=%2Fwp%2Fv2%2Fcategories&post=62817"},{"taxonomy":"post_tag","embeddable":true,"href":"https:\/\/blogdoprosperi.com\/index.php?rest_route=%2Fwp%2Fv2%2Ftags&post=62817"}],"curies":[{"name":"wp","href":"https:\/\/api.w.org\/{rel}","templated":true}]}}