{"id":6489,"date":"2016-05-20T05:16:11","date_gmt":"2016-05-20T05:16:11","guid":{"rendered":"http:\/\/blogdoprosperi.com\/?p=6489"},"modified":"2016-05-20T05:28:05","modified_gmt":"2016-05-20T05:28:05","slug":"sao-paulo-encara-atletico-nacional-o-time-de-mais-bola-da-libertadores","status":"publish","type":"post","link":"https:\/\/blogdoprosperi.com\/?p=6489","title":{"rendered":"S\u00e3o Paulo vai encarar o melhor time da Libertadores"},"content":{"rendered":"<p><span class=\"alignnone\"><img data-recalc-dims=\"1\" loading=\"lazy\" decoding=\"async\" data-attachment-id=\"6525\" data-permalink=\"https:\/\/blogdoprosperi.com\/?attachment_id=6525\" data-orig-file=\"https:\/\/i0.wp.com\/blogdoprosperi.com\/wp-content\/uploads\/2016\/05\/1614110.jpeg?fit=620%2C455&amp;ssl=1\" data-orig-size=\"620,455\" data-comments-opened=\"1\" data-image-meta=\"{&quot;aperture&quot;:&quot;0&quot;,&quot;credit&quot;:&quot;&quot;,&quot;camera&quot;:&quot;&quot;,&quot;caption&quot;:&quot;&quot;,&quot;created_timestamp&quot;:&quot;0&quot;,&quot;copyright&quot;:&quot;&quot;,&quot;focal_length&quot;:&quot;0&quot;,&quot;iso&quot;:&quot;0&quot;,&quot;shutter_speed&quot;:&quot;0&quot;,&quot;title&quot;:&quot;&quot;,&quot;orientation&quot;:&quot;0&quot;}\" data-image-title=\"1614110\" data-image-description=\"\" data-image-caption=\"\" data-large-file=\"https:\/\/i0.wp.com\/blogdoprosperi.com\/wp-content\/uploads\/2016\/05\/1614110.jpeg?fit=620%2C455&amp;ssl=1\" class=\"alignnone size-full wp-image-6525\" src=\"https:\/\/i0.wp.com\/blogdoprosperi.com\/wp-content\/uploads\/2016\/05\/1614110.jpeg?resize=620%2C455&#038;ssl=1\" alt=\"1614110\" width=\"620\" height=\"455\" \/><\/span><\/p>\n<p>O S\u00e3o Paulo n\u00e3o ter\u00e1 vida f\u00e1cil na semifinais da <a href=\"http:\/\/blogdoprosperi.com\/2016\/05\/20\/boca-juniors-nao-se-entrega-na-libertadores-adversarios-que-se-cuidem\/\">Copa Libertadores. <\/a>Despachou o favorito Atl\u00e9tico-MG nas quartas e vai encarar o Atl\u00e9tico Nacional, de Medell\u00edn, um time atrevido, que gosta de futebol, e tem a seu favor um est\u00e1dio inflamado sempre lotado com 50 mil torcedores. N\u00e3o h\u00e1 grade de prote\u00e7\u00e3o e a multid\u00e3o fica a poucos passos do gramado. Um caldeir\u00e3o fumegante e inebriado de paix\u00e3o.<\/p>\n<p>Dizem na Col\u00f4mbia que esse time do Atl\u00e9tico Nacional foi montado pelo treinador Juan Carlos Osorio, de r\u00e1pida e pol\u00eamica passagem pelo <a href=\"http:\/\/blogdoprosperi.com\/2016\/05\/19\/sao-paulo-se-impoe-na-libertadores-com-a-cara-de-bauza\/\">S\u00e3o Paulo<\/a> em meados da temporada de 2015.<\/p>\n<p>Quem acompanhou a vit\u00f3ria de virada e \u00e9pica do Atl\u00e9tico Nacional por 3 a 1 contra o \u00f3timo Ros\u00e1rio Central, nesta noite de quinta-feira, j\u00e1 tem uma no\u00e7\u00e3o do que o S\u00e3o Paulo vai enfrentar. Derrotar esse time colombiano na sua casa \u00e9 miss\u00e3o para valentes encarnados no que o futebol tem na sua ess\u00eancia.<\/p>\n<p>O Ros\u00e1rio sentiu na pele como \u00e9 complicado desafiar Nacional, com um jogo que estava a seu favor a partir dos 7 minutos do primeiro tempo, quando o \u00e1rbitro deu um p\u00eanalti absurdo de Copete. Marco Ruben converteu, aos 8, e os argentinos tiveram o gostinho de mandar na partida quase at\u00e9 o fim dessa primeira parte do jogo.<\/p>\n<p>Pressionado, numa comunh\u00e3o entre torcida colombiana e time, o Ros\u00e1rio cedeu o empate ao Nacional, gol de Torres, aos 46. Era sinal de que vinha chumbo grosso no segundo tempo. Como no jogo de ida, o Rosario havia vencido por 1 a 0, o time da Col\u00f4mbia teria de vencer por 3 a 1.<\/p>\n<p>Veio o segundo tempo e logo aos 5 minutos, Guerra, o melhor do time e um dos principais jogadores dessa Libertadores, fez o gol da virada. Pronto, o est\u00e1dio se incendiou. Dali para frente era o Nacional de Medell\u00edn atacando, atacando e os argentinos acuados na defesa.<\/p>\n<p>Num ambiente de muita tens\u00e3o, o jogo se arrastou a favor do Ros\u00e1rio diante da falta de pontaria dos colombianos no bombardeio intenso em cima do goleiro Soza. Marco Ruben teve a chance de matar o jogo e se enrolou na pequena \u00e1rea, aos 44.<\/p>\n<p>N\u00e3o seria tr\u00e1gico esse gol perdido, se n\u00e3o fosse por um detalhe: aos 49, Berrio faria o gol da classifica\u00e7\u00e3o. Um momento de extrema emo\u00e7\u00e3o no est\u00e1dio e tamb\u00e9m de muita confus\u00e3o. Em vez de comemorar sua obra, Berrio foi tirar satisfa\u00e7\u00e3o com o goleiro do <a href=\"http:\/\/blogdoprosperi.com\/2016\/05\/04\/argentinos-nao-tem-medo-de-punicao-na-libertadores\/\">Rosario<\/a>. A bagun\u00e7a se estabeleceu, um corre-corre, safan\u00f5es, gandulas dando patadas e a torcida amea\u00e7ando invadir o campo.<\/p>\n<div class=\"jetpack-video-wrapper\"><span class=\"embed-youtube\" style=\"text-align:center; display: block;\"><iframe loading=\"lazy\" class=\"youtube-player\" width=\"560\" height=\"315\" src=\"https:\/\/www.youtube.com\/embed\/pJHOfCL-8lI?version=3&#038;rel=1&#038;showsearch=0&#038;showinfo=1&#038;iv_load_policy=1&#038;fs=1&#038;hl=pt-BR&#038;autohide=2&#038;wmode=transparent\" allowfullscreen=\"true\" style=\"border:0;\" sandbox=\"allow-scripts allow-same-origin allow-popups allow-presentation allow-popups-to-escape-sandbox\"><\/iframe><\/span><\/div>\n<p>Quando a paz, se \u00e9 que havia paz ali dentro, enfim aconteceu, o \u00e1rbitro reiniciou o jogo. Marco Ruben por pouco n\u00e3o fez o segundo, gol que daria a classifica\u00e7\u00e3o mais uma vez ao Ros\u00e1rio. Era o \u00faltimo ato de um jogo dram\u00e1tico, intenso, de bom futebol, que acabou premiando o Atl\u00e9tico Nacional de Medell\u00edn.<\/p>\n<p><span class=\"alignnone\"><img data-recalc-dims=\"1\" loading=\"lazy\" decoding=\"async\" data-attachment-id=\"6531\" data-permalink=\"https:\/\/blogdoprosperi.com\/?attachment_id=6531\" data-orig-file=\"https:\/\/i0.wp.com\/blogdoprosperi.com\/wp-content\/uploads\/2016\/05\/unknown8.jpeg?fit=266%2C190&amp;ssl=1\" data-orig-size=\"266,190\" data-comments-opened=\"1\" data-image-meta=\"{&quot;aperture&quot;:&quot;0&quot;,&quot;credit&quot;:&quot;&quot;,&quot;camera&quot;:&quot;&quot;,&quot;caption&quot;:&quot;&quot;,&quot;created_timestamp&quot;:&quot;0&quot;,&quot;copyright&quot;:&quot;&quot;,&quot;focal_length&quot;:&quot;0&quot;,&quot;iso&quot;:&quot;0&quot;,&quot;shutter_speed&quot;:&quot;0&quot;,&quot;title&quot;:&quot;&quot;,&quot;orientation&quot;:&quot;0&quot;}\" data-image-title=\"Unknown\" data-image-description=\"\" data-image-caption=\"\" data-large-file=\"https:\/\/i0.wp.com\/blogdoprosperi.com\/wp-content\/uploads\/2016\/05\/unknown8.jpeg?fit=266%2C190&amp;ssl=1\" class=\"alignnone size-full wp-image-6531 alignright\" src=\"https:\/\/i0.wp.com\/blogdoprosperi.com\/wp-content\/uploads\/2016\/05\/unknown8.jpeg?resize=266%2C190&#038;ssl=1\" alt=\"Unknown\" width=\"266\" height=\"190\" \/><\/span>Nas arquibancadas havia um enorme sentimento de alegria e al\u00edvio com o fim da batalha dentro de campo. Uma imagem marcou o momento de mais pura paix\u00e3o por um time de futebol quando um garotinho, em l\u00e1grimas, beijava um santinho e fazia o sinal da Cruz em agradecimento \u00e0 vit\u00f3ria do Atl\u00e9tico Nacional. Uma ora\u00e7\u00e3o ao futebol.<\/p>\n<p>Agora a conversa \u00e9 com o S\u00e3o Paulo, lembrando que o primeiro jogo ser\u00e1 no Morumbi e a decis\u00e3o da vaga em Medell\u00edn.<\/p>\n","protected":false},"excerpt":{"rendered":"<p>O S\u00e3o Paulo n\u00e3o ter\u00e1 vida f\u00e1cil na semifinais da Copa Libertadores. Despachou o favorito Atl\u00e9tico-MG nas quartas [&hellip;]<\/p>\n","protected":false},"author":102107496,"featured_media":0,"comment_status":"open","ping_status":"open","sticky":false,"template":"","format":"standard","meta":{"_coblocks_attr":"","_coblocks_dimensions":"","_coblocks_responsive_height":"","_coblocks_accordion_ie_support":"","_jetpack_newsletter_access":"","_jetpack_dont_email_post_to_subs":false,"_jetpack_newsletter_tier_id":0,"_jetpack_memberships_contains_paywalled_content":false,"_wpcom_ai_launchpad_first_post":false,"_jetpack_feature_clip_id":0,"_jetpack_memberships_contains_paid_content":false,"footnotes":"","jetpack_publicize_message":"","jetpack_publicize_feature_enabled":true,"jetpack_social_post_already_shared":false,"jetpack_social_options":{"image_generator_settings":{"template":"highway","default_image_id":0,"font":"","enabled":false},"version":2},"jetpack_post_was_ever_published":false},"categories":[53870],"tags":[1739012,5337914,789560565,789560560,1725539,363536904,3650955,1036615,972018],"class_list":["post-6489","post","type-post","status-publish","format-standard","hentry","category-futebol","tag-atletico-nacional","tag-berrio","tag-copa-libertadores","tag-futebol","tag-juan-carlos-osorio","tag-libertadores-2016","tag-nacional-de-medellin","tag-rosario-central","tag-sao-paulo-fc"],"yoast_head":"<!-- This site is optimized with the Yoast SEO plugin v28.4 - https:\/\/yoast.com\/product\/yoast-seo-wordpress\/ -->\n<title>S\u00e3o Paulo vai encarar o melhor time da Libertadores - PR\u00d3SPERI NEWS<\/title>\n<meta name=\"robots\" content=\"index, follow, max-snippet:-1, max-image-preview:large, max-video-preview:-1\" \/>\n<link rel=\"canonical\" href=\"https:\/\/blogdoprosperi.com\/?p=6489\" \/>\n<meta property=\"og:locale\" content=\"pt_BR\" \/>\n<meta property=\"og:type\" content=\"article\" \/>\n<meta property=\"og:title\" content=\"S\u00e3o Paulo vai encarar o melhor time da Libertadores - PR\u00d3SPERI NEWS\" \/>\n<meta property=\"og:description\" content=\"O S\u00e3o Paulo n\u00e3o ter\u00e1 vida f\u00e1cil na semifinais da Copa Libertadores. Despachou o favorito Atl\u00e9tico-MG nas quartas [&hellip;]\" \/>\n<meta property=\"og:url\" content=\"https:\/\/blogdoprosperi.com\/?p=6489\" \/>\n<meta property=\"og:site_name\" content=\"PR\u00d3SPERI NEWS\" \/>\n<meta property=\"article:publisher\" content=\"Luiz Pr\u00f3speri\" \/>\n<meta property=\"article:author\" content=\"Luiz Pr\u00f3speri\" \/>\n<meta property=\"article:published_time\" content=\"2016-05-20T05:16:11+00:00\" \/>\n<meta property=\"article:modified_time\" content=\"2016-05-20T05:28:05+00:00\" \/>\n<meta property=\"og:image\" content=\"https:\/\/blogdoprosperi.com\/wp-content\/uploads\/2016\/05\/1614110.jpeg\" \/>\n<meta name=\"author\" content=\"Luiz Ant\u00f4nio Pr\u00f3speri\" \/>\n<meta name=\"twitter:card\" content=\"summary_large_image\" \/>\n<meta name=\"twitter:creator\" content=\"@Luizprosperi\" \/>\n<meta name=\"twitter:site\" content=\"@Luizprosperi\" \/>\n<meta name=\"twitter:label1\" content=\"Escrito por\" \/>\n\t<meta name=\"twitter:data1\" content=\"Luiz Ant\u00f4nio Pr\u00f3speri\" \/>\n\t<meta name=\"twitter:label2\" content=\"Est. tempo de leitura\" \/>\n\t<meta name=\"twitter:data2\" content=\"3 minutos\" \/>\n<script type=\"application\/ld+json\" class=\"yoast-schema-graph\">{\"@context\":\"https:\\\/\\\/schema.org\",\"@graph\":[{\"@type\":\"Article\",\"@id\":\"https:\\\/\\\/blogdoprosperi.com\\\/?p=6489#article\",\"isPartOf\":{\"@id\":\"https:\\\/\\\/blogdoprosperi.com\\\/?p=6489\"},\"author\":{\"name\":\"Luiz Ant\u00f4nio Pr\u00f3speri\",\"@id\":\"https:\\\/\\\/blogdoprosperi.com\\\/#\\\/schema\\\/person\\\/38100755ce3601861ee4fab9b5aa78e9\"},\"headline\":\"S\u00e3o Paulo vai encarar o melhor time da Libertadores\",\"datePublished\":\"2016-05-20T05:16:11+00:00\",\"dateModified\":\"2016-05-20T05:28:05+00:00\",\"mainEntityOfPage\":{\"@id\":\"https:\\\/\\\/blogdoprosperi.com\\\/?p=6489\"},\"wordCount\":621,\"commentCount\":2,\"publisher\":{\"@id\":\"https:\\\/\\\/blogdoprosperi.com\\\/#\\\/schema\\\/person\\\/38100755ce3601861ee4fab9b5aa78e9\"},\"image\":{\"@id\":\"https:\\\/\\\/blogdoprosperi.com\\\/?p=6489#primaryimage\"},\"thumbnailUrl\":\"https:\\\/\\\/blogdoprosperi.com\\\/wp-content\\\/uploads\\\/2016\\\/05\\\/1614110.jpeg\",\"keywords\":[\"Atletico Nacional\",\"Berrio\",\"Copa Libertadores\",\"futebol\",\"Juan Carlos Osorio\",\"libertadores 2016\",\"Nacional de Medell\u00edn\",\"Ros\u00e1rio Central\",\"S\u00e3o Paulo FC\"],\"articleSection\":[\"futebol\"],\"inLanguage\":\"pt-BR\",\"potentialAction\":[{\"@type\":\"CommentAction\",\"name\":\"Comment\",\"target\":[\"https:\\\/\\\/blogdoprosperi.com\\\/?p=6489#respond\"]}]},{\"@type\":\"WebPage\",\"@id\":\"https:\\\/\\\/blogdoprosperi.com\\\/?p=6489\",\"url\":\"https:\\\/\\\/blogdoprosperi.com\\\/?p=6489\",\"name\":\"S\u00e3o Paulo vai encarar o melhor time da Libertadores - PR\u00d3SPERI NEWS\",\"isPartOf\":{\"@id\":\"https:\\\/\\\/blogdoprosperi.com\\\/#website\"},\"primaryImageOfPage\":{\"@id\":\"https:\\\/\\\/blogdoprosperi.com\\\/?p=6489#primaryimage\"},\"image\":{\"@id\":\"https:\\\/\\\/blogdoprosperi.com\\\/?p=6489#primaryimage\"},\"thumbnailUrl\":\"https:\\\/\\\/blogdoprosperi.com\\\/wp-content\\\/uploads\\\/2016\\\/05\\\/1614110.jpeg\",\"datePublished\":\"2016-05-20T05:16:11+00:00\",\"dateModified\":\"2016-05-20T05:28:05+00:00\",\"breadcrumb\":{\"@id\":\"https:\\\/\\\/blogdoprosperi.com\\\/?p=6489#breadcrumb\"},\"inLanguage\":\"pt-BR\",\"potentialAction\":[{\"@type\":\"ReadAction\",\"target\":[\"https:\\\/\\\/blogdoprosperi.com\\\/?p=6489\"]}]},{\"@type\":\"ImageObject\",\"inLanguage\":\"pt-BR\",\"@id\":\"https:\\\/\\\/blogdoprosperi.com\\\/?p=6489#primaryimage\",\"url\":\"https:\\\/\\\/i0.wp.com\\\/blogdoprosperi.com\\\/wp-content\\\/uploads\\\/2016\\\/05\\\/1614110.jpeg?fit=620%2C455&ssl=1\",\"contentUrl\":\"https:\\\/\\\/i0.wp.com\\\/blogdoprosperi.com\\\/wp-content\\\/uploads\\\/2016\\\/05\\\/1614110.jpeg?fit=620%2C455&ssl=1\",\"width\":620,\"height\":455},{\"@type\":\"BreadcrumbList\",\"@id\":\"https:\\\/\\\/blogdoprosperi.com\\\/?p=6489#breadcrumb\",\"itemListElement\":[{\"@type\":\"ListItem\",\"position\":1,\"name\":\"In\u00edcio\",\"item\":\"https:\\\/\\\/blogdoprosperi.com\\\/\"},{\"@type\":\"ListItem\",\"position\":2,\"name\":\"S\u00e3o Paulo vai encarar o melhor time da Libertadores\"}]},{\"@type\":\"WebSite\",\"@id\":\"https:\\\/\\\/blogdoprosperi.com\\\/#website\",\"url\":\"https:\\\/\\\/blogdoprosperi.com\\\/\",\"name\":\"PR\u00d3SPERI NEWS\",\"description\":\"TUDO \u00c9  FUTEBOL\",\"publisher\":{\"@id\":\"https:\\\/\\\/blogdoprosperi.com\\\/#\\\/schema\\\/person\\\/38100755ce3601861ee4fab9b5aa78e9\"},\"alternateName\":\"blogdoprosperi.com\",\"potentialAction\":[{\"@type\":\"SearchAction\",\"target\":{\"@type\":\"EntryPoint\",\"urlTemplate\":\"https:\\\/\\\/blogdoprosperi.com\\\/?s={search_term_string}\"},\"query-input\":{\"@type\":\"PropertyValueSpecification\",\"valueRequired\":true,\"valueName\":\"search_term_string\"}}],\"inLanguage\":\"pt-BR\"},{\"@type\":[\"Person\",\"Organization\"],\"@id\":\"https:\\\/\\\/blogdoprosperi.com\\\/#\\\/schema\\\/person\\\/38100755ce3601861ee4fab9b5aa78e9\",\"name\":\"Luiz Ant\u00f4nio Pr\u00f3speri\",\"pronouns\":\"ele\",\"image\":{\"@type\":\"ImageObject\",\"inLanguage\":\"pt-BR\",\"@id\":\"https:\\\/\\\/i0.wp.com\\\/blogdoprosperi.com\\\/wp-content\\\/uploads\\\/2026\\\/05\\\/cropped-8059e613-6002-42fa-961e-8e275f575d71-2-5.jpg?fit=1360%2C931&ssl=1\",\"url\":\"https:\\\/\\\/i0.wp.com\\\/blogdoprosperi.com\\\/wp-content\\\/uploads\\\/2026\\\/05\\\/cropped-8059e613-6002-42fa-961e-8e275f575d71-2-5.jpg?fit=1360%2C931&ssl=1\",\"contentUrl\":\"https:\\\/\\\/i0.wp.com\\\/blogdoprosperi.com\\\/wp-content\\\/uploads\\\/2026\\\/05\\\/cropped-8059e613-6002-42fa-961e-8e275f575d71-2-5.jpg?fit=1360%2C931&ssl=1\",\"width\":1360,\"height\":931,\"caption\":\"Luiz Ant\u00f4nio Pr\u00f3speri\"},\"logo\":{\"@id\":\"https:\\\/\\\/i0.wp.com\\\/blogdoprosperi.com\\\/wp-content\\\/uploads\\\/2026\\\/05\\\/cropped-8059e613-6002-42fa-961e-8e275f575d71-2-5.jpg?fit=1360%2C931&ssl=1\"},\"description\":\"Jornalista com carreira dedicada ao esporte. Cobriu 9 Copas do Mundo in loco, 1990 na It\u00e1lia, 1994 nos EUA, 1998 na Fran\u00e7a, 2002 na Coreia do Sul e Jap\u00e3o, 2006 na Alemanha, 2010 na \u00c1frica do Sul, 2014 no Brasil, 2018 na R\u00fassia e 2022 no Qatar. Eurocopas, 1992 na Su\u00e9cia e 1996 na Inglaterra. Copa das Confedera\u00e7\u00f5es de 2005 na Alemanha e 2009 na \u00c1frica do Sul. Rep\u00f3rter e Editor, trabalhou no Jornal da Tarde e Estad\u00e3o, de 1984 a fevereiro de 2016. Colunista, blogueiro. E comentarista de futebol na R\u00e1dio Estad\u00e3o, de 2013 a fevereiro de 2016. Jornalista respons\u00e1vel do \\\"Pr\u00f3speri News\\\" (blogdoprosperi.com).\",\"sameAs\":[\"http:\\\/\\\/blogdoprosperi.com\",\"Luiz Pr\u00f3speri\",\"@luiz_prosperi\",\"https:\\\/\\\/x.com\\\/Luizprosperi\",\"@prosperinacopa\",\"luiz.prosperi@icloud.com\"],\"url\":\"https:\\\/\\\/blogdoprosperi.com\\\/?author=102107496\"}]}<\/script>\n<!-- \/ Yoast SEO plugin. -->","yoast_head_json":{"title":"S\u00e3o Paulo vai encarar o melhor time da Libertadores - PR\u00d3SPERI NEWS","robots":{"index":"index","follow":"follow","max-snippet":"max-snippet:-1","max-image-preview":"max-image-preview:large","max-video-preview":"max-video-preview:-1"},"canonical":"https:\/\/blogdoprosperi.com\/?p=6489","og_locale":"pt_BR","og_type":"article","og_title":"S\u00e3o Paulo vai encarar o melhor time da Libertadores - PR\u00d3SPERI NEWS","og_description":"O S\u00e3o Paulo n\u00e3o ter\u00e1 vida f\u00e1cil na semifinais da Copa Libertadores. Despachou o favorito Atl\u00e9tico-MG nas quartas [&hellip;]","og_url":"https:\/\/blogdoprosperi.com\/?p=6489","og_site_name":"PR\u00d3SPERI NEWS","article_publisher":"Luiz Pr\u00f3speri","article_author":"Luiz Pr\u00f3speri","article_published_time":"2016-05-20T05:16:11+00:00","article_modified_time":"2016-05-20T05:28:05+00:00","og_image":[{"url":"https:\/\/blogdoprosperi.com\/wp-content\/uploads\/2016\/05\/1614110.jpeg","type":"","width":"","height":""}],"author":"Luiz Ant\u00f4nio Pr\u00f3speri","twitter_card":"summary_large_image","twitter_creator":"@Luizprosperi","twitter_site":"@Luizprosperi","twitter_misc":{"Escrito por":"Luiz Ant\u00f4nio Pr\u00f3speri","Est. tempo de leitura":"3 minutos"},"schema":{"@context":"https:\/\/schema.org","@graph":[{"@type":"Article","@id":"https:\/\/blogdoprosperi.com\/?p=6489#article","isPartOf":{"@id":"https:\/\/blogdoprosperi.com\/?p=6489"},"author":{"name":"Luiz Ant\u00f4nio Pr\u00f3speri","@id":"https:\/\/blogdoprosperi.com\/#\/schema\/person\/38100755ce3601861ee4fab9b5aa78e9"},"headline":"S\u00e3o Paulo vai encarar o melhor time da Libertadores","datePublished":"2016-05-20T05:16:11+00:00","dateModified":"2016-05-20T05:28:05+00:00","mainEntityOfPage":{"@id":"https:\/\/blogdoprosperi.com\/?p=6489"},"wordCount":621,"commentCount":2,"publisher":{"@id":"https:\/\/blogdoprosperi.com\/#\/schema\/person\/38100755ce3601861ee4fab9b5aa78e9"},"image":{"@id":"https:\/\/blogdoprosperi.com\/?p=6489#primaryimage"},"thumbnailUrl":"https:\/\/blogdoprosperi.com\/wp-content\/uploads\/2016\/05\/1614110.jpeg","keywords":["Atletico Nacional","Berrio","Copa Libertadores","futebol","Juan Carlos Osorio","libertadores 2016","Nacional de Medell\u00edn","Ros\u00e1rio Central","S\u00e3o Paulo FC"],"articleSection":["futebol"],"inLanguage":"pt-BR","potentialAction":[{"@type":"CommentAction","name":"Comment","target":["https:\/\/blogdoprosperi.com\/?p=6489#respond"]}]},{"@type":"WebPage","@id":"https:\/\/blogdoprosperi.com\/?p=6489","url":"https:\/\/blogdoprosperi.com\/?p=6489","name":"S\u00e3o Paulo vai encarar o melhor time da Libertadores - PR\u00d3SPERI NEWS","isPartOf":{"@id":"https:\/\/blogdoprosperi.com\/#website"},"primaryImageOfPage":{"@id":"https:\/\/blogdoprosperi.com\/?p=6489#primaryimage"},"image":{"@id":"https:\/\/blogdoprosperi.com\/?p=6489#primaryimage"},"thumbnailUrl":"https:\/\/blogdoprosperi.com\/wp-content\/uploads\/2016\/05\/1614110.jpeg","datePublished":"2016-05-20T05:16:11+00:00","dateModified":"2016-05-20T05:28:05+00:00","breadcrumb":{"@id":"https:\/\/blogdoprosperi.com\/?p=6489#breadcrumb"},"inLanguage":"pt-BR","potentialAction":[{"@type":"ReadAction","target":["https:\/\/blogdoprosperi.com\/?p=6489"]}]},{"@type":"ImageObject","inLanguage":"pt-BR","@id":"https:\/\/blogdoprosperi.com\/?p=6489#primaryimage","url":"https:\/\/i0.wp.com\/blogdoprosperi.com\/wp-content\/uploads\/2016\/05\/1614110.jpeg?fit=620%2C455&ssl=1","contentUrl":"https:\/\/i0.wp.com\/blogdoprosperi.com\/wp-content\/uploads\/2016\/05\/1614110.jpeg?fit=620%2C455&ssl=1","width":620,"height":455},{"@type":"BreadcrumbList","@id":"https:\/\/blogdoprosperi.com\/?p=6489#breadcrumb","itemListElement":[{"@type":"ListItem","position":1,"name":"In\u00edcio","item":"https:\/\/blogdoprosperi.com\/"},{"@type":"ListItem","position":2,"name":"S\u00e3o Paulo vai encarar o melhor time da Libertadores"}]},{"@type":"WebSite","@id":"https:\/\/blogdoprosperi.com\/#website","url":"https:\/\/blogdoprosperi.com\/","name":"PR\u00d3SPERI NEWS","description":"TUDO \u00c9  FUTEBOL","publisher":{"@id":"https:\/\/blogdoprosperi.com\/#\/schema\/person\/38100755ce3601861ee4fab9b5aa78e9"},"alternateName":"blogdoprosperi.com","potentialAction":[{"@type":"SearchAction","target":{"@type":"EntryPoint","urlTemplate":"https:\/\/blogdoprosperi.com\/?s={search_term_string}"},"query-input":{"@type":"PropertyValueSpecification","valueRequired":true,"valueName":"search_term_string"}}],"inLanguage":"pt-BR"},{"@type":["Person","Organization"],"@id":"https:\/\/blogdoprosperi.com\/#\/schema\/person\/38100755ce3601861ee4fab9b5aa78e9","name":"Luiz Ant\u00f4nio Pr\u00f3speri","pronouns":"ele","image":{"@type":"ImageObject","inLanguage":"pt-BR","@id":"https:\/\/i0.wp.com\/blogdoprosperi.com\/wp-content\/uploads\/2026\/05\/cropped-8059e613-6002-42fa-961e-8e275f575d71-2-5.jpg?fit=1360%2C931&ssl=1","url":"https:\/\/i0.wp.com\/blogdoprosperi.com\/wp-content\/uploads\/2026\/05\/cropped-8059e613-6002-42fa-961e-8e275f575d71-2-5.jpg?fit=1360%2C931&ssl=1","contentUrl":"https:\/\/i0.wp.com\/blogdoprosperi.com\/wp-content\/uploads\/2026\/05\/cropped-8059e613-6002-42fa-961e-8e275f575d71-2-5.jpg?fit=1360%2C931&ssl=1","width":1360,"height":931,"caption":"Luiz Ant\u00f4nio Pr\u00f3speri"},"logo":{"@id":"https:\/\/i0.wp.com\/blogdoprosperi.com\/wp-content\/uploads\/2026\/05\/cropped-8059e613-6002-42fa-961e-8e275f575d71-2-5.jpg?fit=1360%2C931&ssl=1"},"description":"Jornalista com carreira dedicada ao esporte. Cobriu 9 Copas do Mundo in loco, 1990 na It\u00e1lia, 1994 nos EUA, 1998 na Fran\u00e7a, 2002 na Coreia do Sul e Jap\u00e3o, 2006 na Alemanha, 2010 na \u00c1frica do Sul, 2014 no Brasil, 2018 na R\u00fassia e 2022 no Qatar. Eurocopas, 1992 na Su\u00e9cia e 1996 na Inglaterra. Copa das Confedera\u00e7\u00f5es de 2005 na Alemanha e 2009 na \u00c1frica do Sul. Rep\u00f3rter e Editor, trabalhou no Jornal da Tarde e Estad\u00e3o, de 1984 a fevereiro de 2016. Colunista, blogueiro. E comentarista de futebol na R\u00e1dio Estad\u00e3o, de 2013 a fevereiro de 2016. Jornalista respons\u00e1vel do \"Pr\u00f3speri News\" (blogdoprosperi.com).","sameAs":["http:\/\/blogdoprosperi.com","Luiz Pr\u00f3speri","@luiz_prosperi","https:\/\/x.com\/Luizprosperi","@prosperinacopa","luiz.prosperi@icloud.com"],"url":"https:\/\/blogdoprosperi.com\/?author=102107496"}]}},"jetpack_publicize_connections":[],"jetpack_likes_enabled":false,"jetpack_sharing_enabled":true,"jetpack_shortlink":"https:\/\/wp.me\/p7jvdk-1GF","jetpack-related-posts":[{"id":6550,"url":"https:\/\/blogdoprosperi.com\/?p=6550","url_meta":{"origin":6489,"position":0},"title":"Atacante do Atl\u00e9tico Nacional acusa goleiro argentino de racismo","author":"Luiz Ant\u00f4nio Pr\u00f3speri","date":"20 de maio de 2016","format":false,"excerpt":"\u00a0 A Conmebol ainda n\u00e3o se manifestou sobre os incidentes na vit\u00f3ria por 3 a 1 do Atl\u00e9tico Nacional contra o Ros\u00e1rio Central, em Medell\u00edn, ap\u00f3s mais de 15 horas do jogo, valendo vaga na semifinal da Copa Libertadores. O caso mais grave \u00e9 acusa\u00e7\u00e3o do atacante Berr\u00edo, de 21\u2026","rel":"","context":"Em &quot;futebol&quot;","block_context":{"text":"futebol","link":"https:\/\/blogdoprosperi.com\/?cat=53870"},"img":{"alt_text":"","src":"https:\/\/i0.wp.com\/blogdoprosperi.com\/wp-content\/uploads\/2016\/05\/orlando-berrio-y-alejandro-guerra-atletico-nacional-liga.jpg?resize=350%2C200&ssl=1","width":350,"height":200,"srcset":"https:\/\/i0.wp.com\/blogdoprosperi.com\/wp-content\/uploads\/2016\/05\/orlando-berrio-y-alejandro-guerra-atletico-nacional-liga.jpg?resize=350%2C200&ssl=1 1x, https:\/\/i0.wp.com\/blogdoprosperi.com\/wp-content\/uploads\/2016\/05\/orlando-berrio-y-alejandro-guerra-atletico-nacional-liga.jpg?resize=525%2C300&ssl=1 1.5x, https:\/\/i0.wp.com\/blogdoprosperi.com\/wp-content\/uploads\/2016\/05\/orlando-berrio-y-alejandro-guerra-atletico-nacional-liga.jpg?resize=700%2C400&ssl=1 2x"},"classes":[]},{"id":3711,"url":"https:\/\/blogdoprosperi.com\/?p=3711","url_meta":{"origin":6489,"position":1},"title":"Atl\u00e9tico-MG parte como favorito diante do renascido S\u00e3o Paulo","author":"Luiz Ant\u00f4nio Pr\u00f3speri","date":"6 de maio de 2016","format":false,"excerpt":"Definidos os confrontos das quartas de final da Copa Libertadores 2016, teremos pelo menos um clube brasileiro, dos cinco que iniciaram na competi\u00e7\u00e3o, nas semifinais. Um deles sair\u00e1 do confronto entre o Atl\u00e9tico-MG e S\u00e3o Paulo. De in\u00edcio, n\u00e3o \u00e9 muito complicado afirmar que o time mineiro \u00e9 o favorito\u2026","rel":"","context":"Em &quot;futebol&quot;","block_context":{"text":"futebol","link":"https:\/\/blogdoprosperi.com\/?cat=53870"},"img":{"alt_text":"","src":"https:\/\/i0.wp.com\/blogdoprosperi.com\/wp-content\/uploads\/2016\/05\/festejo-primer-gol-ruben_oleima20160505_0182_28.jpg?resize=350%2C200&ssl=1","width":350,"height":200,"srcset":"https:\/\/i0.wp.com\/blogdoprosperi.com\/wp-content\/uploads\/2016\/05\/festejo-primer-gol-ruben_oleima20160505_0182_28.jpg?resize=350%2C200&ssl=1 1x, https:\/\/i0.wp.com\/blogdoprosperi.com\/wp-content\/uploads\/2016\/05\/festejo-primer-gol-ruben_oleima20160505_0182_28.jpg?resize=525%2C300&ssl=1 1.5x, https:\/\/i0.wp.com\/blogdoprosperi.com\/wp-content\/uploads\/2016\/05\/festejo-primer-gol-ruben_oleima20160505_0182_28.jpg?resize=700%2C400&ssl=1 2x"},"classes":[]},{"id":16003,"url":"https:\/\/blogdoprosperi.com\/?p=16003","url_meta":{"origin":6489,"position":2},"title":"S\u00e3o Paulo se escora no erro da arbitragem ao cair na Libertadores","author":"Luiz Ant\u00f4nio Pr\u00f3speri","date":"14 de julho de 2016","format":false,"excerpt":"Clube brasileiro perde for\u00e7a nos bastidores, \u00e9 eliminado nas semifinais e Calleri, Ganso e Rodrigo Caio est\u00e3o de sa\u00edda","rel":"","context":"Em &quot;futebol&quot;","block_context":{"text":"futebol","link":"https:\/\/blogdoprosperi.com\/?cat=53870"},"img":{"alt_text":"","src":"https:\/\/i0.wp.com\/blogdoprosperi.com\/wp-content\/uploads\/2016\/07\/527984436.jpg?resize=350%2C200&ssl=1","width":350,"height":200,"srcset":"https:\/\/i0.wp.com\/blogdoprosperi.com\/wp-content\/uploads\/2016\/07\/527984436.jpg?resize=350%2C200&ssl=1 1x, https:\/\/i0.wp.com\/blogdoprosperi.com\/wp-content\/uploads\/2016\/07\/527984436.jpg?resize=525%2C300&ssl=1 1.5x, https:\/\/i0.wp.com\/blogdoprosperi.com\/wp-content\/uploads\/2016\/07\/527984436.jpg?resize=700%2C400&ssl=1 2x"},"classes":[]},{"id":15192,"url":"https:\/\/blogdoprosperi.com\/?p=15192","url_meta":{"origin":6489,"position":3},"title":"Maicon derrota S\u00e3o Paulo na Libertadores","author":"Luiz Ant\u00f4nio Pr\u00f3speri","date":"7 de julho de 2016","format":false,"excerpt":"Um empurr\u00e3o na cara de um colombiano acabou com o S\u00e3o Paulo no primeiro jogo das semifinais da Copa Libertadores. Maicon, zagueiro de R$ 22 milh\u00f5es contratado para ser o xerife, virou vil\u00e3o ao ser expulso no segundo tempo. Sem seu l\u00edder em campo, o time se desmoronou e saiu\u2026","rel":"","context":"Em &quot;futebol&quot;","block_context":{"text":"futebol","link":"https:\/\/blogdoprosperi.com\/?cat=53870"},"img":{"alt_text":"","src":"https:\/\/i0.wp.com\/blogdoprosperi.com\/wp-content\/uploads\/2016\/07\/96e3ad149426edcf6e255374a755355b.jpg?resize=350%2C200&ssl=1","width":350,"height":200,"srcset":"https:\/\/i0.wp.com\/blogdoprosperi.com\/wp-content\/uploads\/2016\/07\/96e3ad149426edcf6e255374a755355b.jpg?resize=350%2C200&ssl=1 1x, https:\/\/i0.wp.com\/blogdoprosperi.com\/wp-content\/uploads\/2016\/07\/96e3ad149426edcf6e255374a755355b.jpg?resize=525%2C300&ssl=1 1.5x, https:\/\/i0.wp.com\/blogdoprosperi.com\/wp-content\/uploads\/2016\/07\/96e3ad149426edcf6e255374a755355b.jpg?resize=700%2C400&ssl=1 2x, https:\/\/i0.wp.com\/blogdoprosperi.com\/wp-content\/uploads\/2016\/07\/96e3ad149426edcf6e255374a755355b.jpg?resize=1050%2C600&ssl=1 3x, https:\/\/i0.wp.com\/blogdoprosperi.com\/wp-content\/uploads\/2016\/07\/96e3ad149426edcf6e255374a755355b.jpg?resize=1400%2C800&ssl=1 4x"},"classes":[]},{"id":6267,"url":"https:\/\/blogdoprosperi.com\/?p=6267","url_meta":{"origin":6489,"position":4},"title":"S\u00e3o Paulo se imp\u00f5e na Libertadores com a cara de Bauza","author":"Luiz Ant\u00f4nio Pr\u00f3speri","date":"19 de maio de 2016","format":false,"excerpt":"Dirigentes do S\u00e3o Paulo batem no peito com a classifica\u00e7\u00e3o do S\u00e3o Paulo \u00e0s semifinais da Copa Libertadores 2016, mesmo com a derrota por 2 a 1 para o Atl\u00e9tico-MG, nesta quarta-feira, em Belo Horizonte. Alegam que ao apostar no argentino Edgardo Bauza o time teria condi\u00e7\u00f5es de pensar grande\u2026","rel":"","context":"Em &quot;futebol&quot;","block_context":{"text":"futebol","link":"https:\/\/blogdoprosperi.com\/?cat=53870"},"img":{"alt_text":"","src":"https:\/\/i0.wp.com\/blogdoprosperi.com\/wp-content\/uploads\/2016\/05\/00837531.jpg?resize=350%2C200&ssl=1","width":350,"height":200,"srcset":"https:\/\/i0.wp.com\/blogdoprosperi.com\/wp-content\/uploads\/2016\/05\/00837531.jpg?resize=350%2C200&ssl=1 1x, https:\/\/i0.wp.com\/blogdoprosperi.com\/wp-content\/uploads\/2016\/05\/00837531.jpg?resize=525%2C300&ssl=1 1.5x, https:\/\/i0.wp.com\/blogdoprosperi.com\/wp-content\/uploads\/2016\/05\/00837531.jpg?resize=700%2C400&ssl=1 2x, https:\/\/i0.wp.com\/blogdoprosperi.com\/wp-content\/uploads\/2016\/05\/00837531.jpg?resize=1050%2C600&ssl=1 3x, https:\/\/i0.wp.com\/blogdoprosperi.com\/wp-content\/uploads\/2016\/05\/00837531.jpg?resize=1400%2C800&ssl=1 4x"},"classes":[]},{"id":7406,"url":"https:\/\/blogdoprosperi.com\/?p=7406","url_meta":{"origin":6489,"position":5},"title":"Bauza n\u00e3o tem medo de arriscar com reservas do S\u00e3o Paulo","author":"Luiz Ant\u00f4nio Pr\u00f3speri","date":"26 de maio de 2016","format":false,"excerpt":"Edgardo Bauza percebeu cedo demais que n\u00e3o \u00e9 alto o n\u00edvel t\u00e9cnico do futebol brasileiro neste campeonato nacional. Em tr\u00eas rodadas, usou mais o time reserva do que o titular e n\u00e3o se decepcionou com os resultados do S\u00e3o Paulo: uma vit\u00f3ria, uma derrota e o empate (1 a 1)\u2026","rel":"","context":"Em &quot;Campeonato Brasileiro&quot;","block_context":{"text":"Campeonato Brasileiro","link":"https:\/\/blogdoprosperi.com\/?cat=355071"},"img":{"alt_text":"","src":"https:\/\/i0.wp.com\/blogdoprosperi.com\/wp-content\/uploads\/2016\/05\/rogerio1.png?resize=350%2C200&ssl=1","width":350,"height":200,"srcset":"https:\/\/i0.wp.com\/blogdoprosperi.com\/wp-content\/uploads\/2016\/05\/rogerio1.png?resize=350%2C200&ssl=1 1x, https:\/\/i0.wp.com\/blogdoprosperi.com\/wp-content\/uploads\/2016\/05\/rogerio1.png?resize=525%2C300&ssl=1 1.5x"},"classes":[]}],"jetpack_featured_media_url":"","_links":{"self":[{"href":"https:\/\/blogdoprosperi.com\/index.php?rest_route=\/wp\/v2\/posts\/6489","targetHints":{"allow":["GET"]}}],"collection":[{"href":"https:\/\/blogdoprosperi.com\/index.php?rest_route=\/wp\/v2\/posts"}],"about":[{"href":"https:\/\/blogdoprosperi.com\/index.php?rest_route=\/wp\/v2\/types\/post"}],"author":[{"embeddable":true,"href":"https:\/\/blogdoprosperi.com\/index.php?rest_route=\/wp\/v2\/users\/102107496"}],"replies":[{"embeddable":true,"href":"https:\/\/blogdoprosperi.com\/index.php?rest_route=%2Fwp%2Fv2%2Fcomments&post=6489"}],"version-history":[{"count":25,"href":"https:\/\/blogdoprosperi.com\/index.php?rest_route=\/wp\/v2\/posts\/6489\/revisions"}],"predecessor-version":[{"id":6548,"href":"https:\/\/blogdoprosperi.com\/index.php?rest_route=\/wp\/v2\/posts\/6489\/revisions\/6548"}],"wp:attachment":[{"href":"https:\/\/blogdoprosperi.com\/index.php?rest_route=%2Fwp%2Fv2%2Fmedia&parent=6489"}],"wp:term":[{"taxonomy":"category","embeddable":true,"href":"https:\/\/blogdoprosperi.com\/index.php?rest_route=%2Fwp%2Fv2%2Fcategories&post=6489"},{"taxonomy":"post_tag","embeddable":true,"href":"https:\/\/blogdoprosperi.com\/index.php?rest_route=%2Fwp%2Fv2%2Ftags&post=6489"}],"curies":[{"name":"wp","href":"https:\/\/api.w.org\/{rel}","templated":true}]}}