{"id":6644,"date":"2016-05-21T00:38:51","date_gmt":"2016-05-21T00:38:51","guid":{"rendered":"http:\/\/blogdoprosperi.com\/?p=6644"},"modified":"2016-05-21T03:08:18","modified_gmt":"2016-05-21T03:08:18","slug":"cinco-analises-de-futebol-para-voce-ler-nesta-sexta-feira-205-antes-de-dormir","status":"publish","type":"post","link":"https:\/\/blogdoprosperi.com\/?p=6644","title":{"rendered":"Cinco an\u00e1lises de futebol para voc\u00ea ler nesta sexta-feira (20\/5) antes de dormir"},"content":{"rendered":"<figure id=\"attachment_1375\" aria-describedby=\"caption-attachment-1375\" style=\"width: 690px\" class=\"wp-caption alignnone\"><img data-recalc-dims=\"1\" loading=\"lazy\" decoding=\"async\" data-attachment-id=\"1375\" data-permalink=\"https:\/\/blogdoprosperi.com\/?attachment_id=1375\" data-orig-file=\"https:\/\/i0.wp.com\/blogdoprosperi.com\/wp-content\/uploads\/2016\/04\/24984734501_4a4c3cb056_o.jpg?fit=690%2C390&amp;ssl=1\" data-orig-size=\"690,390\" data-comments-opened=\"1\" data-image-meta=\"{&quot;aperture&quot;:&quot;0&quot;,&quot;credit&quot;:&quot;&quot;,&quot;camera&quot;:&quot;&quot;,&quot;caption&quot;:&quot;&quot;,&quot;created_timestamp&quot;:&quot;0&quot;,&quot;copyright&quot;:&quot;&quot;,&quot;focal_length&quot;:&quot;0&quot;,&quot;iso&quot;:&quot;0&quot;,&quot;shutter_speed&quot;:&quot;0&quot;,&quot;title&quot;:&quot;&quot;,&quot;orientation&quot;:&quot;0&quot;}\" data-image-title=\"24984734501_4a4c3cb056_o\" data-image-description=\"\" data-image-caption=\"\" data-large-file=\"https:\/\/i0.wp.com\/blogdoprosperi.com\/wp-content\/uploads\/2016\/04\/24984734501_4a4c3cb056_o.jpg?fit=690%2C390&amp;ssl=1\" class=\"alignnone size-full wp-image-1375\" src=\"https:\/\/i0.wp.com\/blogdoprosperi.com\/wp-content\/uploads\/2016\/04\/24984734501_4a4c3cb056_o.jpg?resize=690%2C390&#038;ssl=1\" alt=\"24984734501_4a4c3cb056_o\" width=\"690\" height=\"390\" \/><figcaption id=\"caption-attachment-1375\" class=\"wp-caption-text\">Marcelo Oliveira, ex-Palmeiras, assume o Atl\u00e9tico-MG<\/figcaption><\/figure>\n<p>No meio da tarde desta sexta-feira (20\/5), o Atl\u00e9tico-MG anunciou a contrata\u00e7\u00e3o do t\u00e9cnico Marcelo Oliveira, ex-Palmeiras e Cruzeiro. Ainda em Minas, o treinador portugu\u00eas Paulo Bento faz sua estreia no Cruzeiro, neste s\u00e1bado, no Mineir\u00e3o. Em S\u00e3o Paulo, alguns jogadores do Corinthians estranharam a obriga\u00e7\u00e3o de dar explica\u00e7\u00f5es \u00e0 torcida Gavi\u00f5es da Fiel. Fora do futebol brasileiro, Pep Guardiola se despede do Bayern de Munique na decis\u00e3o da Copa da Alemanha contra o Borussia Dortmund. E Tevez, quem diria, est\u00e1 fora da Sele\u00e7\u00e3o da Argentina na Copa Am\u00e9rica Centen\u00e1rio nos Estados Unidos.<\/p>\n<p><strong>DE VOLTA PARA CASA<\/strong><br \/>\nUm dia depois de demitir o uruguaio Diego Aguirre, com a queda na Libertadores, o Atl\u00e9tico-MG recorre a Marcelo Oliveira, ex-jogador do clube e que come\u00e7ou sua carreira de treinador nas categorias de base do Galo.<\/p>\n<p>An\u00e1lise &#8211; <em>Desde que fez fama com o bi do Brasileir\u00e3o (2013 e 2014) no comando do Cruzeiro, Marcelo Oliveira entrou no pante\u00e3o dos grandes t\u00e9cnicos do Brasil. Emprestou seu curr\u00edculo ao Palmeiras e, mesmo com a conquista da Copa do Brasil (2015), n\u00e3o foi bem. Marcelo ter\u00e1 uma nova chance de provar que tem mesmo lugar entre os top do Pa\u00eds. Elenco e jogador diferenciado, ele vai ter no Atl\u00e9tico. Se fracassar, vai virar um cometa.<\/em><\/p>\n<p><strong>VIDA PORTUGUESA<\/strong><br \/>\nTentativas frustradas com Vanderlei Luxemburgo, Mano Menezes e o aprendiz Deivid, o Cruzeiro deu uma tacada arriscada ao trazer o t\u00e9cnico Paulo Bento, aclamado em Portugal como um dos melhores do mundo. Sua estreia vai ser neste s\u00e1bado contra o Figueirense<\/p>\n<p>An\u00e1lise &#8211; <em>Assim como outros treinadores estrangeiros que vieram trabalhar no Brasil, Paulo Bento precisa de tempo para mostrar servi\u00e7o. N\u00e3o \u00e9 f\u00e1cil cair de para-quedas num clube brasileiro do tamanho do Cruzeiro, treinar o time apenas em uma semana e j\u00e1 apresentar o cart\u00e3o de visitas. Se n\u00e3o tiverem paci\u00eancia com o portugu\u00eas, a chance de n\u00e3o dar certo \u00e9 imensa.<\/em><\/p>\n<p><strong>COBRAN\u00c7A NO NINHO<\/strong><br \/>\nAutorizados pelo comando do Corinthians, integrantes da Gavi\u00f5es da Fiel foram ao CT do clube cobrar os jogadores, diante dos insucessos nos \u00faltimos jogos. Alguns atletas, como Guilherme, se sentiram constrangidos com a atitude dos torcedores e mais ainda com a aprova\u00e7\u00e3o dos cartolas que franquearam os port\u00f5es do CT aos torcedores da fac\u00e7\u00e3o organizada.<\/p>\n<p><span class=\"alignnone\"><img data-recalc-dims=\"1\" loading=\"lazy\" decoding=\"async\" data-attachment-id=\"3566\" data-permalink=\"https:\/\/blogdoprosperi.com\/?attachment_id=3566\" data-orig-file=\"https:\/\/i0.wp.com\/blogdoprosperi.com\/wp-content\/uploads\/2016\/05\/gazeta-press-foto-andre-corinthians.jpg?fit=600%2C600&amp;ssl=1\" data-orig-size=\"600,600\" data-comments-opened=\"1\" data-image-meta=\"{&quot;aperture&quot;:&quot;2.8&quot;,&quot;credit&quot;:&quot;&quot;,&quot;camera&quot;:&quot;NIKON D4S&quot;,&quot;caption&quot;:&quot;&quot;,&quot;created_timestamp&quot;:&quot;1400079828&quot;,&quot;copyright&quot;:&quot;&quot;,&quot;focal_length&quot;:&quot;400&quot;,&quot;iso&quot;:&quot;4500&quot;,&quot;shutter_speed&quot;:&quot;0.002&quot;,&quot;title&quot;:&quot;&quot;,&quot;orientation&quot;:&quot;1&quot;}\" data-image-title=\"gazeta-press-foto-andre-corinthians\" data-image-description=\"\" data-image-caption=\"\" data-large-file=\"https:\/\/i0.wp.com\/blogdoprosperi.com\/wp-content\/uploads\/2016\/05\/gazeta-press-foto-andre-corinthians.jpg?fit=600%2C600&amp;ssl=1\" class=\"alignnone size-full wp-image-3566\" src=\"https:\/\/i0.wp.com\/blogdoprosperi.com\/wp-content\/uploads\/2016\/05\/gazeta-press-foto-andre-corinthians.jpg?resize=600%2C600&#038;ssl=1\" alt=\"gazeta-press-foto-andre-corinthians\" width=\"600\" height=\"600\" \/><\/span><\/p>\n<p>An\u00e1lise &#8211; <em>Nada de novo na vida do Corinthians. Desde os prim\u00f3rdios, a Gavi\u00f5es da Fiel tem participa\u00e7\u00e3o efetiva no dia a dia do time. Do Parque S\u00e3o Jorge ao nov\u00edssimo CT, essa torcida tem tido liberdade para exigir vit\u00f3rias dos jogadores. Dif\u00edcil de entender \u00e9 a posi\u00e7\u00e3o de Tite, \u00a0sempre muito zeloso do seu trabalho e cuidado com seus atletas. Em baixa, com os \u00faltimos resultados, o treinador baixou a guarda e a Gavi\u00f5es emparedou os jogadores.Lament\u00e1vel.<\/em><\/p>\n<p><strong>DESPEDIDA<\/strong><br \/>\nPep Guardiola comanda o Bayern de Munique neste s\u00e1bado pela \u00faltima vez. O jogo contra o Borussia Dortmund vale a ta\u00e7a da Copa da Alemanha. Em tr\u00eas anos no futebol alem\u00e3o, Guardiola foi muito elogiado, mas tamb\u00e9m criticado por n\u00e3o ter dado uma Champions League ao poderoso Bayern.<\/p>\n<p><span class=\"alignnone\"><img data-recalc-dims=\"1\" loading=\"lazy\" decoding=\"async\" data-attachment-id=\"2555\" data-permalink=\"https:\/\/blogdoprosperi.com\/?attachment_id=2555\" data-orig-file=\"https:\/\/i0.wp.com\/blogdoprosperi.com\/wp-content\/uploads\/2016\/04\/unknown-1.jpeg?fit=300%2C168&amp;ssl=1\" data-orig-size=\"300,168\" data-comments-opened=\"1\" data-image-meta=\"{&quot;aperture&quot;:&quot;0&quot;,&quot;credit&quot;:&quot;&quot;,&quot;camera&quot;:&quot;&quot;,&quot;caption&quot;:&quot;&quot;,&quot;created_timestamp&quot;:&quot;0&quot;,&quot;copyright&quot;:&quot;&quot;,&quot;focal_length&quot;:&quot;0&quot;,&quot;iso&quot;:&quot;0&quot;,&quot;shutter_speed&quot;:&quot;0&quot;,&quot;title&quot;:&quot;&quot;,&quot;orientation&quot;:&quot;0&quot;}\" data-image-title=\"Unknown-1\" data-image-description=\"\" data-image-caption=\"\" data-large-file=\"https:\/\/i0.wp.com\/blogdoprosperi.com\/wp-content\/uploads\/2016\/04\/unknown-1.jpeg?fit=300%2C168&amp;ssl=1\" class=\"alignnone size-full wp-image-2555 alignright\" src=\"https:\/\/i0.wp.com\/blogdoprosperi.com\/wp-content\/uploads\/2016\/04\/unknown-1.jpeg?resize=300%2C168&#038;ssl=1\" alt=\"Unknown-1\" width=\"300\" height=\"168\" \/><\/span>An\u00e1lise &#8211;<em> A despedida de Guardiola deixa um v\u00e1cuo no futebol alem\u00e3o. O treinador espanhol poderia ter ficado mais tempo, n\u00e3o fosse as insistentes cobran\u00e7as por um t\u00edtulo da Champions. N\u00e3o conseguiu, mas fez o Bayern mudar seu estilo, ao adotar um jeito mais bonito. \u00c9 um legado. Na pr\u00f3xima temporada vai levar seus ensinamentos ao Manchester City. Sorte dos ingleses.<\/em><\/p>\n<p><strong>FORA DA COPA<\/strong><br \/>\nO t\u00e9cnico Tata Martino, da Sele\u00e7\u00e3o Argentina, n\u00e3o chamou Carlitos Tevez para disputar a Copa Am\u00e9rica Centen\u00e1rio, em junho, nos Estados Unidos.<\/p>\n<p>An\u00e1lise &#8211; <em>Tevez, de fato, n\u00e3o vive um bom momento no Boca Juniors. Anda meio entediado com o clube e o pr\u00f3prio futebol argentino. Pode mudar essa hist\u00f3ria se levar o Boca \u00e0 conquista da Copa Libertadores. Sem Tevez, a Argentina perde um pouco do futebol agressivo no ataque. Mas \u00e9 bom lembrar que Lionel Messi vai estar l\u00e1. Tevez n\u00e3o deve fazer falta.<\/em><\/p>\n","protected":false},"excerpt":{"rendered":"<p>No meio da tarde desta sexta-feira (20\/5), o Atl\u00e9tico-MG anunciou a contrata\u00e7\u00e3o do t\u00e9cnico Marcelo Oliveira, ex-Palmeiras e [&hellip;]<\/p>\n","protected":false},"author":102107496,"featured_media":0,"comment_status":"open","ping_status":"open","sticky":false,"template":"","format":"standard","meta":{"_coblocks_attr":"","_coblocks_dimensions":"","_coblocks_responsive_height":"","_coblocks_accordion_ie_support":"","_jetpack_newsletter_access":"","_jetpack_dont_email_post_to_subs":false,"_jetpack_newsletter_tier_id":0,"_jetpack_memberships_contains_paywalled_content":false,"_wpcom_ai_launchpad_first_post":false,"_jetpack_feature_clip_id":0,"_jetpack_memberships_contains_paid_content":false,"footnotes":"","jetpack_publicize_message":"","jetpack_publicize_feature_enabled":true,"jetpack_social_post_already_shared":false,"jetpack_social_options":{"image_generator_settings":{"template":"highway","default_image_id":0,"font":"","enabled":false},"version":2},"jetpack_post_was_ever_published":false},"categories":[355071,53870],"tags":[366291,299023,528831,177066,789560560,2313775,363536904,5320459],"class_list":["post-6644","post","type-post","status-publish","format-standard","hentry","category-campeonato-brasileiro","category-futebol","tag-atletico-mg","tag-brasileirao","tag-carlitos-tevez","tag-corinthians","tag-futebol","tag-guardiola","tag-libertadores-2016","tag-marcelo-oliveira"],"yoast_head":"<!-- This site is optimized with the Yoast SEO plugin v28.3 - https:\/\/yoast.com\/product\/yoast-seo-wordpress\/ -->\n<title>Cinco an\u00e1lises de futebol para voc\u00ea ler nesta sexta-feira (20\/5) antes de dormir - PR\u00d3SPERI NEWS<\/title>\n<meta name=\"robots\" content=\"index, follow, max-snippet:-1, max-image-preview:large, max-video-preview:-1\" \/>\n<link rel=\"canonical\" href=\"https:\/\/blogdoprosperi.com\/?p=6644\" \/>\n<meta property=\"og:locale\" content=\"pt_BR\" \/>\n<meta property=\"og:type\" content=\"article\" \/>\n<meta property=\"og:title\" content=\"Cinco an\u00e1lises de futebol para voc\u00ea ler nesta sexta-feira (20\/5) antes de dormir - PR\u00d3SPERI NEWS\" \/>\n<meta property=\"og:description\" content=\"No meio da tarde desta sexta-feira (20\/5), o Atl\u00e9tico-MG anunciou a contrata\u00e7\u00e3o do t\u00e9cnico Marcelo Oliveira, ex-Palmeiras e [&hellip;]\" \/>\n<meta property=\"og:url\" content=\"https:\/\/blogdoprosperi.com\/?p=6644\" \/>\n<meta property=\"og:site_name\" content=\"PR\u00d3SPERI NEWS\" \/>\n<meta property=\"article:publisher\" content=\"Luiz Pr\u00f3speri\" \/>\n<meta property=\"article:author\" content=\"Luiz Pr\u00f3speri\" \/>\n<meta property=\"article:published_time\" content=\"2016-05-21T00:38:51+00:00\" \/>\n<meta property=\"article:modified_time\" content=\"2016-05-21T03:08:18+00:00\" \/>\n<meta property=\"og:image\" content=\"https:\/\/blogdoprosperi.com\/wp-content\/uploads\/2016\/04\/24984734501_4a4c3cb056_o.jpg\" \/>\n<meta name=\"author\" content=\"Luiz Ant\u00f4nio Pr\u00f3speri\" \/>\n<meta name=\"twitter:card\" content=\"summary_large_image\" \/>\n<meta name=\"twitter:creator\" content=\"@Luizprosperi\" \/>\n<meta name=\"twitter:site\" content=\"@Luizprosperi\" \/>\n<meta name=\"twitter:label1\" content=\"Escrito por\" \/>\n\t<meta name=\"twitter:data1\" content=\"Luiz Ant\u00f4nio Pr\u00f3speri\" \/>\n\t<meta name=\"twitter:label2\" content=\"Est. tempo de leitura\" \/>\n\t<meta name=\"twitter:data2\" content=\"4 minutos\" \/>\n<script type=\"application\/ld+json\" class=\"yoast-schema-graph\">{\"@context\":\"https:\\\/\\\/schema.org\",\"@graph\":[{\"@type\":\"Article\",\"@id\":\"https:\\\/\\\/blogdoprosperi.com\\\/?p=6644#article\",\"isPartOf\":{\"@id\":\"https:\\\/\\\/blogdoprosperi.com\\\/?p=6644\"},\"author\":{\"name\":\"Luiz Ant\u00f4nio Pr\u00f3speri\",\"@id\":\"https:\\\/\\\/blogdoprosperi.com\\\/#\\\/schema\\\/person\\\/38100755ce3601861ee4fab9b5aa78e9\"},\"headline\":\"Cinco an\u00e1lises de futebol para voc\u00ea ler nesta sexta-feira (20\\\/5) antes de dormir\",\"datePublished\":\"2016-05-21T00:38:51+00:00\",\"dateModified\":\"2016-05-21T03:08:18+00:00\",\"mainEntityOfPage\":{\"@id\":\"https:\\\/\\\/blogdoprosperi.com\\\/?p=6644\"},\"wordCount\":742,\"commentCount\":0,\"publisher\":{\"@id\":\"https:\\\/\\\/blogdoprosperi.com\\\/#\\\/schema\\\/person\\\/38100755ce3601861ee4fab9b5aa78e9\"},\"image\":{\"@id\":\"https:\\\/\\\/blogdoprosperi.com\\\/?p=6644#primaryimage\"},\"thumbnailUrl\":\"https:\\\/\\\/blogdoprosperi.com\\\/wp-content\\\/uploads\\\/2016\\\/04\\\/24984734501_4a4c3cb056_o.jpg\",\"keywords\":[\"Atl\u00e9tico-MG\",\"Brasileir\u00e3o\",\"Carlitos Tevez\",\"Corinthians\",\"futebol\",\"Guardiola\",\"libertadores 2016\",\"Marcelo Oliveira\"],\"articleSection\":[\"Campeonato Brasileiro\",\"futebol\"],\"inLanguage\":\"pt-BR\",\"potentialAction\":[{\"@type\":\"CommentAction\",\"name\":\"Comment\",\"target\":[\"https:\\\/\\\/blogdoprosperi.com\\\/?p=6644#respond\"]}]},{\"@type\":\"WebPage\",\"@id\":\"https:\\\/\\\/blogdoprosperi.com\\\/?p=6644\",\"url\":\"https:\\\/\\\/blogdoprosperi.com\\\/?p=6644\",\"name\":\"Cinco an\u00e1lises de futebol para voc\u00ea ler nesta sexta-feira (20\\\/5) antes de dormir - PR\u00d3SPERI NEWS\",\"isPartOf\":{\"@id\":\"https:\\\/\\\/blogdoprosperi.com\\\/#website\"},\"primaryImageOfPage\":{\"@id\":\"https:\\\/\\\/blogdoprosperi.com\\\/?p=6644#primaryimage\"},\"image\":{\"@id\":\"https:\\\/\\\/blogdoprosperi.com\\\/?p=6644#primaryimage\"},\"thumbnailUrl\":\"https:\\\/\\\/blogdoprosperi.com\\\/wp-content\\\/uploads\\\/2016\\\/04\\\/24984734501_4a4c3cb056_o.jpg\",\"datePublished\":\"2016-05-21T00:38:51+00:00\",\"dateModified\":\"2016-05-21T03:08:18+00:00\",\"breadcrumb\":{\"@id\":\"https:\\\/\\\/blogdoprosperi.com\\\/?p=6644#breadcrumb\"},\"inLanguage\":\"pt-BR\",\"potentialAction\":[{\"@type\":\"ReadAction\",\"target\":[\"https:\\\/\\\/blogdoprosperi.com\\\/?p=6644\"]}]},{\"@type\":\"ImageObject\",\"inLanguage\":\"pt-BR\",\"@id\":\"https:\\\/\\\/blogdoprosperi.com\\\/?p=6644#primaryimage\",\"url\":\"https:\\\/\\\/i0.wp.com\\\/blogdoprosperi.com\\\/wp-content\\\/uploads\\\/2016\\\/04\\\/24984734501_4a4c3cb056_o.jpg?fit=690%2C390&ssl=1\",\"contentUrl\":\"https:\\\/\\\/i0.wp.com\\\/blogdoprosperi.com\\\/wp-content\\\/uploads\\\/2016\\\/04\\\/24984734501_4a4c3cb056_o.jpg?fit=690%2C390&ssl=1\",\"width\":690,\"height\":390},{\"@type\":\"BreadcrumbList\",\"@id\":\"https:\\\/\\\/blogdoprosperi.com\\\/?p=6644#breadcrumb\",\"itemListElement\":[{\"@type\":\"ListItem\",\"position\":1,\"name\":\"In\u00edcio\",\"item\":\"https:\\\/\\\/blogdoprosperi.com\\\/\"},{\"@type\":\"ListItem\",\"position\":2,\"name\":\"Cinco an\u00e1lises de futebol para voc\u00ea ler nesta sexta-feira (20\\\/5) antes de dormir\"}]},{\"@type\":\"WebSite\",\"@id\":\"https:\\\/\\\/blogdoprosperi.com\\\/#website\",\"url\":\"https:\\\/\\\/blogdoprosperi.com\\\/\",\"name\":\"PR\u00d3SPERI NEWS\",\"description\":\"TUDO \u00c9  FUTEBOL\",\"publisher\":{\"@id\":\"https:\\\/\\\/blogdoprosperi.com\\\/#\\\/schema\\\/person\\\/38100755ce3601861ee4fab9b5aa78e9\"},\"alternateName\":\"blogdoprosperi.com\",\"potentialAction\":[{\"@type\":\"SearchAction\",\"target\":{\"@type\":\"EntryPoint\",\"urlTemplate\":\"https:\\\/\\\/blogdoprosperi.com\\\/?s={search_term_string}\"},\"query-input\":{\"@type\":\"PropertyValueSpecification\",\"valueRequired\":true,\"valueName\":\"search_term_string\"}}],\"inLanguage\":\"pt-BR\"},{\"@type\":[\"Person\",\"Organization\"],\"@id\":\"https:\\\/\\\/blogdoprosperi.com\\\/#\\\/schema\\\/person\\\/38100755ce3601861ee4fab9b5aa78e9\",\"name\":\"Luiz Ant\u00f4nio Pr\u00f3speri\",\"pronouns\":\"ele\",\"image\":{\"@type\":\"ImageObject\",\"inLanguage\":\"pt-BR\",\"@id\":\"https:\\\/\\\/i0.wp.com\\\/blogdoprosperi.com\\\/wp-content\\\/uploads\\\/2026\\\/05\\\/cropped-8059e613-6002-42fa-961e-8e275f575d71-2-5.jpg?fit=1360%2C931&ssl=1\",\"url\":\"https:\\\/\\\/i0.wp.com\\\/blogdoprosperi.com\\\/wp-content\\\/uploads\\\/2026\\\/05\\\/cropped-8059e613-6002-42fa-961e-8e275f575d71-2-5.jpg?fit=1360%2C931&ssl=1\",\"contentUrl\":\"https:\\\/\\\/i0.wp.com\\\/blogdoprosperi.com\\\/wp-content\\\/uploads\\\/2026\\\/05\\\/cropped-8059e613-6002-42fa-961e-8e275f575d71-2-5.jpg?fit=1360%2C931&ssl=1\",\"width\":1360,\"height\":931,\"caption\":\"Luiz Ant\u00f4nio Pr\u00f3speri\"},\"logo\":{\"@id\":\"https:\\\/\\\/i0.wp.com\\\/blogdoprosperi.com\\\/wp-content\\\/uploads\\\/2026\\\/05\\\/cropped-8059e613-6002-42fa-961e-8e275f575d71-2-5.jpg?fit=1360%2C931&ssl=1\"},\"description\":\"Jornalista com carreira dedicada ao esporte. Cobriu 9 Copas do Mundo in loco, 1990 na It\u00e1lia, 1994 nos EUA, 1998 na Fran\u00e7a, 2002 na Coreia do Sul e Jap\u00e3o, 2006 na Alemanha, 2010 na \u00c1frica do Sul, 2014 no Brasil, 2018 na R\u00fassia e 2022 no Qatar. Eurocopas, 1992 na Su\u00e9cia e 1996 na Inglaterra. Copa das Confedera\u00e7\u00f5es de 2005 na Alemanha e 2009 na \u00c1frica do Sul. Rep\u00f3rter e Editor, trabalhou no Jornal da Tarde e Estad\u00e3o, de 1984 a fevereiro de 2016. Colunista, blogueiro. E comentarista de futebol na R\u00e1dio Estad\u00e3o, de 2013 a fevereiro de 2016. Jornalista respons\u00e1vel do \\\"Pr\u00f3speri News\\\" (blogdoprosperi.com).\",\"sameAs\":[\"http:\\\/\\\/blogdoprosperi.com\",\"Luiz Pr\u00f3speri\",\"@luiz_prosperi\",\"https:\\\/\\\/x.com\\\/Luizprosperi\",\"@prosperinacopa\",\"luiz.prosperi@icloud.com\"],\"url\":\"https:\\\/\\\/blogdoprosperi.com\\\/?author=102107496\"}]}<\/script>\n<!-- \/ Yoast SEO plugin. -->","yoast_head_json":{"title":"Cinco an\u00e1lises de futebol para voc\u00ea ler nesta sexta-feira (20\/5) antes de dormir - PR\u00d3SPERI NEWS","robots":{"index":"index","follow":"follow","max-snippet":"max-snippet:-1","max-image-preview":"max-image-preview:large","max-video-preview":"max-video-preview:-1"},"canonical":"https:\/\/blogdoprosperi.com\/?p=6644","og_locale":"pt_BR","og_type":"article","og_title":"Cinco an\u00e1lises de futebol para voc\u00ea ler nesta sexta-feira (20\/5) antes de dormir - PR\u00d3SPERI NEWS","og_description":"No meio da tarde desta sexta-feira (20\/5), o Atl\u00e9tico-MG anunciou a contrata\u00e7\u00e3o do t\u00e9cnico Marcelo Oliveira, ex-Palmeiras e [&hellip;]","og_url":"https:\/\/blogdoprosperi.com\/?p=6644","og_site_name":"PR\u00d3SPERI NEWS","article_publisher":"Luiz Pr\u00f3speri","article_author":"Luiz Pr\u00f3speri","article_published_time":"2016-05-21T00:38:51+00:00","article_modified_time":"2016-05-21T03:08:18+00:00","og_image":[{"url":"https:\/\/blogdoprosperi.com\/wp-content\/uploads\/2016\/04\/24984734501_4a4c3cb056_o.jpg","type":"","width":"","height":""}],"author":"Luiz Ant\u00f4nio Pr\u00f3speri","twitter_card":"summary_large_image","twitter_creator":"@Luizprosperi","twitter_site":"@Luizprosperi","twitter_misc":{"Escrito por":"Luiz Ant\u00f4nio Pr\u00f3speri","Est. tempo de leitura":"4 minutos"},"schema":{"@context":"https:\/\/schema.org","@graph":[{"@type":"Article","@id":"https:\/\/blogdoprosperi.com\/?p=6644#article","isPartOf":{"@id":"https:\/\/blogdoprosperi.com\/?p=6644"},"author":{"name":"Luiz Ant\u00f4nio Pr\u00f3speri","@id":"https:\/\/blogdoprosperi.com\/#\/schema\/person\/38100755ce3601861ee4fab9b5aa78e9"},"headline":"Cinco an\u00e1lises de futebol para voc\u00ea ler nesta sexta-feira (20\/5) antes de dormir","datePublished":"2016-05-21T00:38:51+00:00","dateModified":"2016-05-21T03:08:18+00:00","mainEntityOfPage":{"@id":"https:\/\/blogdoprosperi.com\/?p=6644"},"wordCount":742,"commentCount":0,"publisher":{"@id":"https:\/\/blogdoprosperi.com\/#\/schema\/person\/38100755ce3601861ee4fab9b5aa78e9"},"image":{"@id":"https:\/\/blogdoprosperi.com\/?p=6644#primaryimage"},"thumbnailUrl":"https:\/\/blogdoprosperi.com\/wp-content\/uploads\/2016\/04\/24984734501_4a4c3cb056_o.jpg","keywords":["Atl\u00e9tico-MG","Brasileir\u00e3o","Carlitos Tevez","Corinthians","futebol","Guardiola","libertadores 2016","Marcelo Oliveira"],"articleSection":["Campeonato Brasileiro","futebol"],"inLanguage":"pt-BR","potentialAction":[{"@type":"CommentAction","name":"Comment","target":["https:\/\/blogdoprosperi.com\/?p=6644#respond"]}]},{"@type":"WebPage","@id":"https:\/\/blogdoprosperi.com\/?p=6644","url":"https:\/\/blogdoprosperi.com\/?p=6644","name":"Cinco an\u00e1lises de futebol para voc\u00ea ler nesta sexta-feira (20\/5) antes de dormir - PR\u00d3SPERI NEWS","isPartOf":{"@id":"https:\/\/blogdoprosperi.com\/#website"},"primaryImageOfPage":{"@id":"https:\/\/blogdoprosperi.com\/?p=6644#primaryimage"},"image":{"@id":"https:\/\/blogdoprosperi.com\/?p=6644#primaryimage"},"thumbnailUrl":"https:\/\/blogdoprosperi.com\/wp-content\/uploads\/2016\/04\/24984734501_4a4c3cb056_o.jpg","datePublished":"2016-05-21T00:38:51+00:00","dateModified":"2016-05-21T03:08:18+00:00","breadcrumb":{"@id":"https:\/\/blogdoprosperi.com\/?p=6644#breadcrumb"},"inLanguage":"pt-BR","potentialAction":[{"@type":"ReadAction","target":["https:\/\/blogdoprosperi.com\/?p=6644"]}]},{"@type":"ImageObject","inLanguage":"pt-BR","@id":"https:\/\/blogdoprosperi.com\/?p=6644#primaryimage","url":"https:\/\/i0.wp.com\/blogdoprosperi.com\/wp-content\/uploads\/2016\/04\/24984734501_4a4c3cb056_o.jpg?fit=690%2C390&ssl=1","contentUrl":"https:\/\/i0.wp.com\/blogdoprosperi.com\/wp-content\/uploads\/2016\/04\/24984734501_4a4c3cb056_o.jpg?fit=690%2C390&ssl=1","width":690,"height":390},{"@type":"BreadcrumbList","@id":"https:\/\/blogdoprosperi.com\/?p=6644#breadcrumb","itemListElement":[{"@type":"ListItem","position":1,"name":"In\u00edcio","item":"https:\/\/blogdoprosperi.com\/"},{"@type":"ListItem","position":2,"name":"Cinco an\u00e1lises de futebol para voc\u00ea ler nesta sexta-feira (20\/5) antes de dormir"}]},{"@type":"WebSite","@id":"https:\/\/blogdoprosperi.com\/#website","url":"https:\/\/blogdoprosperi.com\/","name":"PR\u00d3SPERI NEWS","description":"TUDO \u00c9  FUTEBOL","publisher":{"@id":"https:\/\/blogdoprosperi.com\/#\/schema\/person\/38100755ce3601861ee4fab9b5aa78e9"},"alternateName":"blogdoprosperi.com","potentialAction":[{"@type":"SearchAction","target":{"@type":"EntryPoint","urlTemplate":"https:\/\/blogdoprosperi.com\/?s={search_term_string}"},"query-input":{"@type":"PropertyValueSpecification","valueRequired":true,"valueName":"search_term_string"}}],"inLanguage":"pt-BR"},{"@type":["Person","Organization"],"@id":"https:\/\/blogdoprosperi.com\/#\/schema\/person\/38100755ce3601861ee4fab9b5aa78e9","name":"Luiz Ant\u00f4nio Pr\u00f3speri","pronouns":"ele","image":{"@type":"ImageObject","inLanguage":"pt-BR","@id":"https:\/\/i0.wp.com\/blogdoprosperi.com\/wp-content\/uploads\/2026\/05\/cropped-8059e613-6002-42fa-961e-8e275f575d71-2-5.jpg?fit=1360%2C931&ssl=1","url":"https:\/\/i0.wp.com\/blogdoprosperi.com\/wp-content\/uploads\/2026\/05\/cropped-8059e613-6002-42fa-961e-8e275f575d71-2-5.jpg?fit=1360%2C931&ssl=1","contentUrl":"https:\/\/i0.wp.com\/blogdoprosperi.com\/wp-content\/uploads\/2026\/05\/cropped-8059e613-6002-42fa-961e-8e275f575d71-2-5.jpg?fit=1360%2C931&ssl=1","width":1360,"height":931,"caption":"Luiz Ant\u00f4nio Pr\u00f3speri"},"logo":{"@id":"https:\/\/i0.wp.com\/blogdoprosperi.com\/wp-content\/uploads\/2026\/05\/cropped-8059e613-6002-42fa-961e-8e275f575d71-2-5.jpg?fit=1360%2C931&ssl=1"},"description":"Jornalista com carreira dedicada ao esporte. Cobriu 9 Copas do Mundo in loco, 1990 na It\u00e1lia, 1994 nos EUA, 1998 na Fran\u00e7a, 2002 na Coreia do Sul e Jap\u00e3o, 2006 na Alemanha, 2010 na \u00c1frica do Sul, 2014 no Brasil, 2018 na R\u00fassia e 2022 no Qatar. Eurocopas, 1992 na Su\u00e9cia e 1996 na Inglaterra. Copa das Confedera\u00e7\u00f5es de 2005 na Alemanha e 2009 na \u00c1frica do Sul. Rep\u00f3rter e Editor, trabalhou no Jornal da Tarde e Estad\u00e3o, de 1984 a fevereiro de 2016. Colunista, blogueiro. E comentarista de futebol na R\u00e1dio Estad\u00e3o, de 2013 a fevereiro de 2016. Jornalista respons\u00e1vel do \"Pr\u00f3speri News\" (blogdoprosperi.com).","sameAs":["http:\/\/blogdoprosperi.com","Luiz Pr\u00f3speri","@luiz_prosperi","https:\/\/x.com\/Luizprosperi","@prosperinacopa","luiz.prosperi@icloud.com"],"url":"https:\/\/blogdoprosperi.com\/?author=102107496"}]}},"jetpack_publicize_connections":[],"jetpack_likes_enabled":false,"jetpack_sharing_enabled":true,"jetpack_shortlink":"https:\/\/wp.me\/p7jvdk-1Ja","jetpack-related-posts":[{"id":33314,"url":"https:\/\/blogdoprosperi.com\/?p=33314","url_meta":{"origin":6644,"position":0},"title":"Roger Machado, ex-t\u00e9cnico do Gr\u00eamio e sem curr\u00edculo, vira objeto do desejo no Atl\u00e9tico-MG, Fluminense e Palmeiras","author":"Luiz Ant\u00f4nio Pr\u00f3speri","date":"28 de novembro de 2016","format":false,"excerpt":"Roger Machado apareceu como t\u00e9cnico de time grande no ano passado, ao substituir Felip\u00e3o no Gr\u00eamio na primeira rodada do Brasileir\u00e3o de 2015. Fez um bom campeonato e levou o clube ga\u00facho \u00e0 Copa Libertadores. Na temporada de 2016, n\u00e3o foi campe\u00e3o estadual, vacilou na metade do campeonato nacional e\u2026","rel":"","context":"Em &quot;Campeonato Brasileiro&quot;","block_context":{"text":"Campeonato Brasileiro","link":"https:\/\/blogdoprosperi.com\/?cat=355071"},"img":{"alt_text":"","src":"https:\/\/i0.wp.com\/blogdoprosperi.com\/wp-content\/uploads\/2016\/11\/17424185.jpg?resize=350%2C200&ssl=1","width":350,"height":200,"srcset":"https:\/\/i0.wp.com\/blogdoprosperi.com\/wp-content\/uploads\/2016\/11\/17424185.jpg?resize=350%2C200&ssl=1 1x, https:\/\/i0.wp.com\/blogdoprosperi.com\/wp-content\/uploads\/2016\/11\/17424185.jpg?resize=525%2C300&ssl=1 1.5x"},"classes":[]},{"id":16759,"url":"https:\/\/blogdoprosperi.com\/?p=16759","url_meta":{"origin":6644,"position":1},"title":"Diego no Flamengo ou como \u00e9 muito f\u00e1cil jogar no Brasil","author":"Luiz Ant\u00f4nio Pr\u00f3speri","date":"19 de julho de 2016","format":false,"excerpt":"Flamengo anunciou a contrata\u00e7\u00e3o do meia Diego nesta ter\u00e7a-feira (19\/7), \u00faltimo dia para se comprar jogadores que atuam fora do Brasil. Aos 31 anos e desde 2004 no futebol internacional, o meia assinou contrato de tr\u00eas anos com o clube carioca. Vai receber R$ 600 mil por m\u00eas de sal\u00e1rios.\u2026","rel":"","context":"Em &quot;futebol&quot;","block_context":{"text":"futebol","link":"https:\/\/blogdoprosperi.com\/?cat=53870"},"img":{"alt_text":"","src":"https:\/\/i0.wp.com\/blogdoprosperi.com\/wp-content\/uploads\/2016\/07\/622_a988a3d2-4ac2-36b2-8978-2b1ddc65f8a9.jpg?resize=350%2C200&ssl=1","width":350,"height":200,"srcset":"https:\/\/i0.wp.com\/blogdoprosperi.com\/wp-content\/uploads\/2016\/07\/622_a988a3d2-4ac2-36b2-8978-2b1ddc65f8a9.jpg?resize=350%2C200&ssl=1 1x, https:\/\/i0.wp.com\/blogdoprosperi.com\/wp-content\/uploads\/2016\/07\/622_a988a3d2-4ac2-36b2-8978-2b1ddc65f8a9.jpg?resize=525%2C300&ssl=1 1.5x"},"classes":[]},{"id":26425,"url":"https:\/\/blogdoprosperi.com\/?p=26425","url_meta":{"origin":6644,"position":2},"title":"Palmeiras, Cruzeiro, Santos e Atl\u00e9tico-MG partem como favoritos na Copa do Brasil","author":"Luiz Ant\u00f4nio Pr\u00f3speri","date":"23 de setembro de 2016","format":false,"excerpt":"Palmeiras, Cruzeiro,\u00a0Juventude e Internacional decidem em casa os confrontos das quartas de final da Copa do Brasil, como mostrou o sorteio dos jogos na CBF nesta sexta-feira (23\/9). Trata-se de uma vantagem consider\u00e1vel em uma competi\u00e7\u00e3o que leva o campe\u00e3o \u00e0 Copa Libertadores de 2017 e ainda paga ao vencedor\u2026","rel":"","context":"Em &quot;futebol&quot;","block_context":{"text":"futebol","link":"https:\/\/blogdoprosperi.com\/?cat=53870"},"img":{"alt_text":"","src":"https:\/\/i0.wp.com\/blogdoprosperi.com\/wp-content\/uploads\/2016\/09\/20160725124331694215a.jpg?resize=350%2C200","width":350,"height":200,"srcset":"https:\/\/i0.wp.com\/blogdoprosperi.com\/wp-content\/uploads\/2016\/09\/20160725124331694215a.jpg?resize=350%2C200 1x, https:\/\/i0.wp.com\/blogdoprosperi.com\/wp-content\/uploads\/2016\/09\/20160725124331694215a.jpg?resize=525%2C300 1.5x, https:\/\/i0.wp.com\/blogdoprosperi.com\/wp-content\/uploads\/2016\/09\/20160725124331694215a.jpg?resize=700%2C400 2x"},"classes":[]},{"id":25986,"url":"https:\/\/blogdoprosperi.com\/?p=25986","url_meta":{"origin":6644,"position":3},"title":"An\u00e1lise da 26\u00aa rodada em 5 temas: Palmeiras e Flamengo n\u00e3o se suportam; Santos n\u00e3o desiste da briga; S\u00e3o Paulo e Corinthians se esfarelam","author":"Luiz Ant\u00f4nio Pr\u00f3speri","date":"18 de setembro de 2016","format":false,"excerpt":"Palmeiras e Flamengo se consolidam como postulantes ao t\u00edtulo e se distanciam, com a bola que t\u00eam jogado, de Atl\u00e9tico-MG e Santos, dois times com um pouco de soberba nos momentos decisivos. Corinthians, em queda livre, parece ter abandonado a peleja ao demitir Crist\u00f3v\u00e3o Borges ap\u00f3s derrota no cl\u00e1ssico no\u2026","rel":"","context":"Em &quot;Campeonato Brasileiro&quot;","block_context":{"text":"Campeonato Brasileiro","link":"https:\/\/blogdoprosperi.com\/?cat=355071"},"img":{"alt_text":"","src":"https:\/\/i0.wp.com\/blogdoprosperi.com\/wp-content\/uploads\/2016\/09\/pro7-15.jpg?resize=350%2C200","width":350,"height":200,"srcset":"https:\/\/i0.wp.com\/blogdoprosperi.com\/wp-content\/uploads\/2016\/09\/pro7-15.jpg?resize=350%2C200 1x, https:\/\/i0.wp.com\/blogdoprosperi.com\/wp-content\/uploads\/2016\/09\/pro7-15.jpg?resize=525%2C300 1.5x, https:\/\/i0.wp.com\/blogdoprosperi.com\/wp-content\/uploads\/2016\/09\/pro7-15.jpg?resize=700%2C400 2x, https:\/\/i0.wp.com\/blogdoprosperi.com\/wp-content\/uploads\/2016\/09\/pro7-15.jpg?resize=1050%2C600 3x, https:\/\/i0.wp.com\/blogdoprosperi.com\/wp-content\/uploads\/2016\/09\/pro7-15.jpg?resize=1400%2C800 4x"},"classes":[]},{"id":29270,"url":"https:\/\/blogdoprosperi.com\/?p=29270","url_meta":{"origin":6644,"position":4},"title":"Corinthians e Palmeiras antecipam contrata\u00e7\u00e3o de refor\u00e7os para 2017","author":"Luiz Ant\u00f4nio Pr\u00f3speri","date":"19 de outubro de 2016","format":false,"excerpt":"Corinthians e Palmeiras saem na frente da concorr\u00eancia em busca de refor\u00e7os para temporada de 2017. Sem esperar o encerramento do Campeonato Brasileiro e da Copa do Brasil, os dois rivais anunciam at\u00e9 sexta-feira a contrata\u00e7\u00e3o de atacantes e meias. Nomes conhecidos e promessas. Nenhum assombro, apenas bons nomes. J\u00f4\u2026","rel":"","context":"Em &quot;Campeonato Brasileiro&quot;","block_context":{"text":"Campeonato Brasileiro","link":"https:\/\/blogdoprosperi.com\/?cat=355071"},"img":{"alt_text":"","src":"https:\/\/i0.wp.com\/blogdoprosperi.com\/wp-content\/uploads\/2016\/10\/jc3b4.jpg?resize=350%2C200","width":350,"height":200,"srcset":"https:\/\/i0.wp.com\/blogdoprosperi.com\/wp-content\/uploads\/2016\/10\/jc3b4.jpg?resize=350%2C200 1x, https:\/\/i0.wp.com\/blogdoprosperi.com\/wp-content\/uploads\/2016\/10\/jc3b4.jpg?resize=525%2C300 1.5x, https:\/\/i0.wp.com\/blogdoprosperi.com\/wp-content\/uploads\/2016\/10\/jc3b4.jpg?resize=700%2C400 2x, https:\/\/i0.wp.com\/blogdoprosperi.com\/wp-content\/uploads\/2016\/10\/jc3b4.jpg?resize=1050%2C600 3x, https:\/\/i0.wp.com\/blogdoprosperi.com\/wp-content\/uploads\/2016\/10\/jc3b4.jpg?resize=1400%2C800 4x"},"classes":[]},{"id":36842,"url":"https:\/\/blogdoprosperi.com\/?p=36842","url_meta":{"origin":6644,"position":5},"title":"Cuca diz que n\u00e3o sai do Palmeiras, Mano n\u00e3o sabe se fica no Cruzeiro, mercado de treinadores em ebuli\u00e7\u00e3o","author":"Luiz Ant\u00f4nio Pr\u00f3speri","date":"5 de outubro de 2017","format":false,"excerpt":"Cuca disse em entrevista coletiva nesta quarta-feira (04\/10) que sua sa\u00edda do Palmeiras no fim do ano \u00e9 especula\u00e7\u00e3o. Alexandre Kalil, ex-presidente do Atl\u00e9tico-MG e atual prefeito de Belo Horizonte, n\u00e3o se furta a elogiar Cuca, com quem trabalhou na conquista da Libertadores de 2013. Refor\u00e7ou sua admira\u00e7\u00e3o ao t\u00e9cnico\u2026","rel":"","context":"Em &quot;futebol&quot;","block_context":{"text":"futebol","link":"https:\/\/blogdoprosperi.com\/?cat=53870"},"img":{"alt_text":"","src":"https:\/\/i0.wp.com\/blogdoprosperi.com\/wp-content\/uploads\/2017\/07\/35849784906_fa75c7f2eb_z.jpg?fit=640%2C379&ssl=1&resize=350%2C200","width":350,"height":200,"srcset":"https:\/\/i0.wp.com\/blogdoprosperi.com\/wp-content\/uploads\/2017\/07\/35849784906_fa75c7f2eb_z.jpg?fit=640%2C379&ssl=1&resize=350%2C200 1x, https:\/\/i0.wp.com\/blogdoprosperi.com\/wp-content\/uploads\/2017\/07\/35849784906_fa75c7f2eb_z.jpg?fit=640%2C379&ssl=1&resize=525%2C300 1.5x"},"classes":[]}],"jetpack_featured_media_url":"","_links":{"self":[{"href":"https:\/\/blogdoprosperi.com\/index.php?rest_route=\/wp\/v2\/posts\/6644","targetHints":{"allow":["GET"]}}],"collection":[{"href":"https:\/\/blogdoprosperi.com\/index.php?rest_route=\/wp\/v2\/posts"}],"about":[{"href":"https:\/\/blogdoprosperi.com\/index.php?rest_route=\/wp\/v2\/types\/post"}],"author":[{"embeddable":true,"href":"https:\/\/blogdoprosperi.com\/index.php?rest_route=\/wp\/v2\/users\/102107496"}],"replies":[{"embeddable":true,"href":"https:\/\/blogdoprosperi.com\/index.php?rest_route=%2Fwp%2Fv2%2Fcomments&post=6644"}],"version-history":[{"count":25,"href":"https:\/\/blogdoprosperi.com\/index.php?rest_route=\/wp\/v2\/posts\/6644\/revisions"}],"predecessor-version":[{"id":6687,"href":"https:\/\/blogdoprosperi.com\/index.php?rest_route=\/wp\/v2\/posts\/6644\/revisions\/6687"}],"wp:attachment":[{"href":"https:\/\/blogdoprosperi.com\/index.php?rest_route=%2Fwp%2Fv2%2Fmedia&parent=6644"}],"wp:term":[{"taxonomy":"category","embeddable":true,"href":"https:\/\/blogdoprosperi.com\/index.php?rest_route=%2Fwp%2Fv2%2Fcategories&post=6644"},{"taxonomy":"post_tag","embeddable":true,"href":"https:\/\/blogdoprosperi.com\/index.php?rest_route=%2Fwp%2Fv2%2Ftags&post=6644"}],"curies":[{"name":"wp","href":"https:\/\/api.w.org\/{rel}","templated":true}]}}