{"id":6896,"date":"2016-05-22T22:27:00","date_gmt":"2016-05-22T22:27:00","guid":{"rendered":"http:\/\/blogdoprosperi.com\/?p=6896"},"modified":"2016-05-22T22:33:45","modified_gmt":"2016-05-22T22:33:45","slug":"corinthians-sofre-derrota-com-novo-esquema-de-tite","status":"publish","type":"post","link":"https:\/\/blogdoprosperi.com\/?p=6896","title":{"rendered":"Corinthians sofre derrota com novo esquema de Tite"},"content":{"rendered":"<p>&nbsp;<\/p>\n<p><span class=\"alignnone\"><img data-recalc-dims=\"1\" loading=\"lazy\" decoding=\"async\" data-attachment-id=\"6924\" data-permalink=\"https:\/\/blogdoprosperi.com\/?attachment_id=6924\" data-orig-file=\"https:\/\/i0.wp.com\/blogdoprosperi.com\/wp-content\/uploads\/2016\/05\/622_2005388c-19fb-3e61-9bf7-bd22d0fbb3d4-1.jpg?fit=622%2C350&amp;ssl=1\" data-orig-size=\"622,350\" data-comments-opened=\"1\" data-image-meta=\"{&quot;aperture&quot;:&quot;0&quot;,&quot;credit&quot;:&quot;&quot;,&quot;camera&quot;:&quot;&quot;,&quot;caption&quot;:&quot;&quot;,&quot;created_timestamp&quot;:&quot;0&quot;,&quot;copyright&quot;:&quot;&quot;,&quot;focal_length&quot;:&quot;0&quot;,&quot;iso&quot;:&quot;0&quot;,&quot;shutter_speed&quot;:&quot;0&quot;,&quot;title&quot;:&quot;&quot;,&quot;orientation&quot;:&quot;0&quot;}\" data-image-title=\"622_2005388c-19fb-3e61-9bf7-bd22d0fbb3d4-1\" data-image-description=\"\" data-image-caption=\"\" data-large-file=\"https:\/\/i0.wp.com\/blogdoprosperi.com\/wp-content\/uploads\/2016\/05\/622_2005388c-19fb-3e61-9bf7-bd22d0fbb3d4-1.jpg?fit=622%2C350&amp;ssl=1\" class=\"alignnone size-full wp-image-6924\" src=\"https:\/\/i0.wp.com\/blogdoprosperi.com\/wp-content\/uploads\/2016\/05\/622_2005388c-19fb-3e61-9bf7-bd22d0fbb3d4-1.jpg?resize=622%2C350&#038;ssl=1\" alt=\"622_2005388c-19fb-3e61-9bf7-bd22d0fbb3d4-1\" width=\"622\" height=\"350\" \/><\/span><\/p>\n<p>Pilar de sustenta\u00e7\u00e3o do <a href=\"http:\/\/blogdoprosperi.com\/2016\/05\/15\/torcida-se-revolta-com-a-mesmice-do-corinthians-contra-o-gremio\/\">Corinthians<\/a> nas \u00faltimas temporadas, a defesa faz \u00e1gua. O time sofreu tr\u00eas gols do Vit\u00f3ria por erros absurdos dos zagueiros, laterais e falta de prote\u00e7\u00e3o dos volantes. Falhas prim\u00e1rias que devem deixar Tite envergonhado.<\/p>\n<p>N\u00e3o se pode atribuir ao novo esquema adotado pelo treinador como um dos motivos da debacle. <a href=\"http:\/\/blogdoprosperi.com\/2016\/05\/05\/corinthians-cai-fora-da-libertadores-e-abala-supremacia-de-tite\/\">Tite<\/a> exp\u00f4s o time ao abrir Giovanni Augusto na esquerda, Guilherme centralizado e Marquinhos Gabriel na direita &#8211; o cl\u00e1ssico 4-2-3-1. Mas, com essa configura\u00e7\u00e3o, a defesa ficou mais exposta, sujeita aos contra-ataques.<\/p>\n<p>Se ficou mais vulner\u00e1vel na cozinha, l\u00e1 na frente o Corinthians criou pelo menos tr\u00eas boas chances de gol no primeiro tempo. N\u00e3o conferiu e ainda permitiu a reorganiza\u00e7\u00e3o do time baiano.<\/p>\n<p>O Vit\u00f3ria fez bem essa leitura do jogo e, mesmo sofrendo o primeiro gol, n\u00e3o entrou em desespero. No segundo tempo adiantou um pouco mais suas pe\u00e7as, sem se abrir seu campo, e construiu a virada.<\/p>\n<div class=\"jetpack-video-wrapper\"><span class=\"embed-youtube\" style=\"text-align:center; display: block;\"><iframe loading=\"lazy\" class=\"youtube-player\" width=\"560\" height=\"315\" src=\"https:\/\/www.youtube.com\/embed\/rwFogFOZZT4?version=3&#038;rel=1&#038;showsearch=0&#038;showinfo=1&#038;iv_load_policy=1&#038;fs=1&#038;hl=pt-BR&#038;autohide=2&#038;wmode=transparent\" allowfullscreen=\"true\" style=\"border:0;\" sandbox=\"allow-scripts allow-same-origin allow-popups allow-presentation allow-popups-to-escape-sandbox\"><\/iframe><\/span><\/div>\n<p>Assim o Corinthians completa cinco jogos sem vencer &#8211; quatro empates e uma derrota. No <a href=\"http:\/\/blogdoprosperi.com\/2016\/05\/14\/cbf-paga-uma-mixaria-aos-clubes-no-campeonato-brasileiro\/\">Brasileir\u00e3o<\/a>, tem apenas um ponto em seis poss\u00edveis. Pior, vem de uma semana dura, com direito a cobran\u00e7a de torcedores da Gavi\u00f5es da Fiel, que tiveram livre acesso aos jogadores no CT por ordem dos dirigentes do clube. O comando do Corinthians tamb\u00e9m foi pressionado.<\/p>\n<p>Dentro de campo, Tite sacou C\u00e1ssio, titular desde 2012, sem muitas explica\u00e7\u00f5es. No primeiro jogo como titular assumido, Walter levou tr\u00eas gols. O treinador ainda arriscou com um novo esquema, deixando de lado o seu preferido 4-1-4-1. N\u00e3o funcionou.<\/p>\n<p>O \u00fanico que n\u00e3o sofreu com as mudan\u00e7as foi o atacante Andr\u00e9, o mais odiado pela torcida desde o p\u00eanalti perdido na decis\u00e3o das oitavas de final contra o Nacional, do Uruguai, no Itaquer\u00e3o. Sem brilhar e opaco, continua com cadeira cativa no ataque de Tite.<\/p>\n<p>O Corinthians continua sem rumo. N\u00e3o h\u00e1 mais a desculpa de que o time est\u00e1 em reconstru\u00e7\u00e3o. Acabou a paci\u00eancia da torcida.<\/p>\n","protected":false},"excerpt":{"rendered":"<p>&nbsp; Pilar de sustenta\u00e7\u00e3o do Corinthians nas \u00faltimas temporadas, a defesa faz \u00e1gua. O time sofreu tr\u00eas gols [&hellip;]<\/p>\n","protected":false},"author":102107496,"featured_media":0,"comment_status":"open","ping_status":"open","sticky":false,"template":"","format":"standard","meta":{"_coblocks_attr":"","_coblocks_dimensions":"","_coblocks_responsive_height":"","_coblocks_accordion_ie_support":"","_jetpack_newsletter_access":"","_jetpack_dont_email_post_to_subs":false,"_jetpack_newsletter_tier_id":0,"_jetpack_memberships_contains_paywalled_content":false,"_wpcom_ai_launchpad_first_post":false,"_jetpack_feature_clip_id":0,"_jetpack_memberships_contains_paid_content":false,"footnotes":"","jetpack_publicize_message":"","jetpack_publicize_feature_enabled":true,"jetpack_social_post_already_shared":false,"jetpack_social_options":{"image_generator_settings":{"template":"highway","default_image_id":0,"font":"","enabled":false},"version":2},"jetpack_post_was_ever_published":false},"categories":[355071,53870],"tags":[362595295,177066,789560560,2609006,1814220,27004469],"class_list":["post-6896","post","type-post","status-publish","format-standard","hentry","category-campeonato-brasileiro","category-futebol","tag-brasileirao-2016","tag-corinthians","tag-futebol","tag-gavioes-da-fiel","tag-tite","tag-vitoria-x-corinthians"],"yoast_head":"<!-- This site is optimized with the Yoast SEO plugin v28.4 - https:\/\/yoast.com\/product\/yoast-seo-wordpress\/ -->\n<title>Corinthians sofre derrota com novo esquema de Tite - PR\u00d3SPERI NEWS<\/title>\n<meta name=\"robots\" content=\"index, follow, max-snippet:-1, max-image-preview:large, max-video-preview:-1\" \/>\n<link rel=\"canonical\" href=\"https:\/\/blogdoprosperi.com\/?p=6896\" \/>\n<meta property=\"og:locale\" content=\"pt_BR\" \/>\n<meta property=\"og:type\" content=\"article\" \/>\n<meta property=\"og:title\" content=\"Corinthians sofre derrota com novo esquema de Tite - PR\u00d3SPERI NEWS\" \/>\n<meta property=\"og:description\" content=\"&nbsp; Pilar de sustenta\u00e7\u00e3o do Corinthians nas \u00faltimas temporadas, a defesa faz \u00e1gua. O time sofreu tr\u00eas gols [&hellip;]\" \/>\n<meta property=\"og:url\" content=\"https:\/\/blogdoprosperi.com\/?p=6896\" \/>\n<meta property=\"og:site_name\" content=\"PR\u00d3SPERI NEWS\" \/>\n<meta property=\"article:publisher\" content=\"Luiz Pr\u00f3speri\" \/>\n<meta property=\"article:author\" content=\"Luiz Pr\u00f3speri\" \/>\n<meta property=\"article:published_time\" content=\"2016-05-22T22:27:00+00:00\" \/>\n<meta property=\"article:modified_time\" content=\"2016-05-22T22:33:45+00:00\" \/>\n<meta property=\"og:image\" content=\"https:\/\/blogdoprosperi.com\/wp-content\/uploads\/2016\/05\/622_2005388c-19fb-3e61-9bf7-bd22d0fbb3d4-1.jpg\" \/>\n<meta name=\"author\" content=\"Luiz Ant\u00f4nio Pr\u00f3speri\" \/>\n<meta name=\"twitter:card\" content=\"summary_large_image\" \/>\n<meta name=\"twitter:creator\" content=\"@Luizprosperi\" \/>\n<meta name=\"twitter:site\" content=\"@Luizprosperi\" \/>\n<meta name=\"twitter:label1\" content=\"Escrito por\" \/>\n\t<meta name=\"twitter:data1\" content=\"Luiz Ant\u00f4nio Pr\u00f3speri\" \/>\n\t<meta name=\"twitter:label2\" content=\"Est. tempo de leitura\" \/>\n\t<meta name=\"twitter:data2\" content=\"2 minutos\" \/>\n<script type=\"application\/ld+json\" class=\"yoast-schema-graph\">{\"@context\":\"https:\\\/\\\/schema.org\",\"@graph\":[{\"@type\":\"Article\",\"@id\":\"https:\\\/\\\/blogdoprosperi.com\\\/?p=6896#article\",\"isPartOf\":{\"@id\":\"https:\\\/\\\/blogdoprosperi.com\\\/?p=6896\"},\"author\":{\"name\":\"Luiz Ant\u00f4nio Pr\u00f3speri\",\"@id\":\"https:\\\/\\\/blogdoprosperi.com\\\/#\\\/schema\\\/person\\\/38100755ce3601861ee4fab9b5aa78e9\"},\"headline\":\"Corinthians sofre derrota com novo esquema de Tite\",\"datePublished\":\"2016-05-22T22:27:00+00:00\",\"dateModified\":\"2016-05-22T22:33:45+00:00\",\"mainEntityOfPage\":{\"@id\":\"https:\\\/\\\/blogdoprosperi.com\\\/?p=6896\"},\"wordCount\":379,\"commentCount\":1,\"publisher\":{\"@id\":\"https:\\\/\\\/blogdoprosperi.com\\\/#\\\/schema\\\/person\\\/38100755ce3601861ee4fab9b5aa78e9\"},\"image\":{\"@id\":\"https:\\\/\\\/blogdoprosperi.com\\\/?p=6896#primaryimage\"},\"thumbnailUrl\":\"https:\\\/\\\/blogdoprosperi.com\\\/wp-content\\\/uploads\\\/2016\\\/05\\\/622_2005388c-19fb-3e61-9bf7-bd22d0fbb3d4-1.jpg\",\"keywords\":[\"Brasileir\u00e3o-2016\",\"Corinthians\",\"futebol\",\"Gavi\u00f5es da Fiel\",\"Tite\",\"vit\u00f3ria x corinthians\"],\"articleSection\":[\"Campeonato Brasileiro\",\"futebol\"],\"inLanguage\":\"pt-BR\",\"potentialAction\":[{\"@type\":\"CommentAction\",\"name\":\"Comment\",\"target\":[\"https:\\\/\\\/blogdoprosperi.com\\\/?p=6896#respond\"]}]},{\"@type\":\"WebPage\",\"@id\":\"https:\\\/\\\/blogdoprosperi.com\\\/?p=6896\",\"url\":\"https:\\\/\\\/blogdoprosperi.com\\\/?p=6896\",\"name\":\"Corinthians sofre derrota com novo esquema de Tite - PR\u00d3SPERI NEWS\",\"isPartOf\":{\"@id\":\"https:\\\/\\\/blogdoprosperi.com\\\/#website\"},\"primaryImageOfPage\":{\"@id\":\"https:\\\/\\\/blogdoprosperi.com\\\/?p=6896#primaryimage\"},\"image\":{\"@id\":\"https:\\\/\\\/blogdoprosperi.com\\\/?p=6896#primaryimage\"},\"thumbnailUrl\":\"https:\\\/\\\/blogdoprosperi.com\\\/wp-content\\\/uploads\\\/2016\\\/05\\\/622_2005388c-19fb-3e61-9bf7-bd22d0fbb3d4-1.jpg\",\"datePublished\":\"2016-05-22T22:27:00+00:00\",\"dateModified\":\"2016-05-22T22:33:45+00:00\",\"breadcrumb\":{\"@id\":\"https:\\\/\\\/blogdoprosperi.com\\\/?p=6896#breadcrumb\"},\"inLanguage\":\"pt-BR\",\"potentialAction\":[{\"@type\":\"ReadAction\",\"target\":[\"https:\\\/\\\/blogdoprosperi.com\\\/?p=6896\"]}]},{\"@type\":\"ImageObject\",\"inLanguage\":\"pt-BR\",\"@id\":\"https:\\\/\\\/blogdoprosperi.com\\\/?p=6896#primaryimage\",\"url\":\"https:\\\/\\\/i0.wp.com\\\/blogdoprosperi.com\\\/wp-content\\\/uploads\\\/2016\\\/05\\\/622_2005388c-19fb-3e61-9bf7-bd22d0fbb3d4-1.jpg?fit=622%2C350&ssl=1\",\"contentUrl\":\"https:\\\/\\\/i0.wp.com\\\/blogdoprosperi.com\\\/wp-content\\\/uploads\\\/2016\\\/05\\\/622_2005388c-19fb-3e61-9bf7-bd22d0fbb3d4-1.jpg?fit=622%2C350&ssl=1\",\"width\":622,\"height\":350},{\"@type\":\"BreadcrumbList\",\"@id\":\"https:\\\/\\\/blogdoprosperi.com\\\/?p=6896#breadcrumb\",\"itemListElement\":[{\"@type\":\"ListItem\",\"position\":1,\"name\":\"In\u00edcio\",\"item\":\"https:\\\/\\\/blogdoprosperi.com\\\/\"},{\"@type\":\"ListItem\",\"position\":2,\"name\":\"Corinthians sofre derrota com novo esquema de Tite\"}]},{\"@type\":\"WebSite\",\"@id\":\"https:\\\/\\\/blogdoprosperi.com\\\/#website\",\"url\":\"https:\\\/\\\/blogdoprosperi.com\\\/\",\"name\":\"PR\u00d3SPERI NEWS\",\"description\":\"TUDO \u00c9  FUTEBOL\",\"publisher\":{\"@id\":\"https:\\\/\\\/blogdoprosperi.com\\\/#\\\/schema\\\/person\\\/38100755ce3601861ee4fab9b5aa78e9\"},\"alternateName\":\"blogdoprosperi.com\",\"potentialAction\":[{\"@type\":\"SearchAction\",\"target\":{\"@type\":\"EntryPoint\",\"urlTemplate\":\"https:\\\/\\\/blogdoprosperi.com\\\/?s={search_term_string}\"},\"query-input\":{\"@type\":\"PropertyValueSpecification\",\"valueRequired\":true,\"valueName\":\"search_term_string\"}}],\"inLanguage\":\"pt-BR\"},{\"@type\":[\"Person\",\"Organization\"],\"@id\":\"https:\\\/\\\/blogdoprosperi.com\\\/#\\\/schema\\\/person\\\/38100755ce3601861ee4fab9b5aa78e9\",\"name\":\"Luiz Ant\u00f4nio Pr\u00f3speri\",\"pronouns\":\"ele\",\"image\":{\"@type\":\"ImageObject\",\"inLanguage\":\"pt-BR\",\"@id\":\"https:\\\/\\\/i0.wp.com\\\/blogdoprosperi.com\\\/wp-content\\\/uploads\\\/2026\\\/05\\\/cropped-8059e613-6002-42fa-961e-8e275f575d71-2-5.jpg?fit=1360%2C931&ssl=1\",\"url\":\"https:\\\/\\\/i0.wp.com\\\/blogdoprosperi.com\\\/wp-content\\\/uploads\\\/2026\\\/05\\\/cropped-8059e613-6002-42fa-961e-8e275f575d71-2-5.jpg?fit=1360%2C931&ssl=1\",\"contentUrl\":\"https:\\\/\\\/i0.wp.com\\\/blogdoprosperi.com\\\/wp-content\\\/uploads\\\/2026\\\/05\\\/cropped-8059e613-6002-42fa-961e-8e275f575d71-2-5.jpg?fit=1360%2C931&ssl=1\",\"width\":1360,\"height\":931,\"caption\":\"Luiz Ant\u00f4nio Pr\u00f3speri\"},\"logo\":{\"@id\":\"https:\\\/\\\/i0.wp.com\\\/blogdoprosperi.com\\\/wp-content\\\/uploads\\\/2026\\\/05\\\/cropped-8059e613-6002-42fa-961e-8e275f575d71-2-5.jpg?fit=1360%2C931&ssl=1\"},\"description\":\"Jornalista com carreira dedicada ao esporte. Cobriu 9 Copas do Mundo in loco, 1990 na It\u00e1lia, 1994 nos EUA, 1998 na Fran\u00e7a, 2002 na Coreia do Sul e Jap\u00e3o, 2006 na Alemanha, 2010 na \u00c1frica do Sul, 2014 no Brasil, 2018 na R\u00fassia e 2022 no Qatar. Eurocopas, 1992 na Su\u00e9cia e 1996 na Inglaterra. Copa das Confedera\u00e7\u00f5es de 2005 na Alemanha e 2009 na \u00c1frica do Sul. Rep\u00f3rter e Editor, trabalhou no Jornal da Tarde e Estad\u00e3o, de 1984 a fevereiro de 2016. Colunista, blogueiro. E comentarista de futebol na R\u00e1dio Estad\u00e3o, de 2013 a fevereiro de 2016. Jornalista respons\u00e1vel do \\\"Pr\u00f3speri News\\\" (blogdoprosperi.com).\",\"sameAs\":[\"http:\\\/\\\/blogdoprosperi.com\",\"Luiz Pr\u00f3speri\",\"@luiz_prosperi\",\"https:\\\/\\\/x.com\\\/Luizprosperi\",\"@prosperinacopa\",\"luiz.prosperi@icloud.com\"],\"url\":\"https:\\\/\\\/blogdoprosperi.com\\\/?author=102107496\"}]}<\/script>\n<!-- \/ Yoast SEO plugin. -->","yoast_head_json":{"title":"Corinthians sofre derrota com novo esquema de Tite - PR\u00d3SPERI NEWS","robots":{"index":"index","follow":"follow","max-snippet":"max-snippet:-1","max-image-preview":"max-image-preview:large","max-video-preview":"max-video-preview:-1"},"canonical":"https:\/\/blogdoprosperi.com\/?p=6896","og_locale":"pt_BR","og_type":"article","og_title":"Corinthians sofre derrota com novo esquema de Tite - PR\u00d3SPERI NEWS","og_description":"&nbsp; Pilar de sustenta\u00e7\u00e3o do Corinthians nas \u00faltimas temporadas, a defesa faz \u00e1gua. O time sofreu tr\u00eas gols [&hellip;]","og_url":"https:\/\/blogdoprosperi.com\/?p=6896","og_site_name":"PR\u00d3SPERI NEWS","article_publisher":"Luiz Pr\u00f3speri","article_author":"Luiz Pr\u00f3speri","article_published_time":"2016-05-22T22:27:00+00:00","article_modified_time":"2016-05-22T22:33:45+00:00","og_image":[{"url":"https:\/\/blogdoprosperi.com\/wp-content\/uploads\/2016\/05\/622_2005388c-19fb-3e61-9bf7-bd22d0fbb3d4-1.jpg","type":"","width":"","height":""}],"author":"Luiz Ant\u00f4nio Pr\u00f3speri","twitter_card":"summary_large_image","twitter_creator":"@Luizprosperi","twitter_site":"@Luizprosperi","twitter_misc":{"Escrito por":"Luiz Ant\u00f4nio Pr\u00f3speri","Est. tempo de leitura":"2 minutos"},"schema":{"@context":"https:\/\/schema.org","@graph":[{"@type":"Article","@id":"https:\/\/blogdoprosperi.com\/?p=6896#article","isPartOf":{"@id":"https:\/\/blogdoprosperi.com\/?p=6896"},"author":{"name":"Luiz Ant\u00f4nio Pr\u00f3speri","@id":"https:\/\/blogdoprosperi.com\/#\/schema\/person\/38100755ce3601861ee4fab9b5aa78e9"},"headline":"Corinthians sofre derrota com novo esquema de Tite","datePublished":"2016-05-22T22:27:00+00:00","dateModified":"2016-05-22T22:33:45+00:00","mainEntityOfPage":{"@id":"https:\/\/blogdoprosperi.com\/?p=6896"},"wordCount":379,"commentCount":1,"publisher":{"@id":"https:\/\/blogdoprosperi.com\/#\/schema\/person\/38100755ce3601861ee4fab9b5aa78e9"},"image":{"@id":"https:\/\/blogdoprosperi.com\/?p=6896#primaryimage"},"thumbnailUrl":"https:\/\/blogdoprosperi.com\/wp-content\/uploads\/2016\/05\/622_2005388c-19fb-3e61-9bf7-bd22d0fbb3d4-1.jpg","keywords":["Brasileir\u00e3o-2016","Corinthians","futebol","Gavi\u00f5es da Fiel","Tite","vit\u00f3ria x corinthians"],"articleSection":["Campeonato Brasileiro","futebol"],"inLanguage":"pt-BR","potentialAction":[{"@type":"CommentAction","name":"Comment","target":["https:\/\/blogdoprosperi.com\/?p=6896#respond"]}]},{"@type":"WebPage","@id":"https:\/\/blogdoprosperi.com\/?p=6896","url":"https:\/\/blogdoprosperi.com\/?p=6896","name":"Corinthians sofre derrota com novo esquema de Tite - PR\u00d3SPERI NEWS","isPartOf":{"@id":"https:\/\/blogdoprosperi.com\/#website"},"primaryImageOfPage":{"@id":"https:\/\/blogdoprosperi.com\/?p=6896#primaryimage"},"image":{"@id":"https:\/\/blogdoprosperi.com\/?p=6896#primaryimage"},"thumbnailUrl":"https:\/\/blogdoprosperi.com\/wp-content\/uploads\/2016\/05\/622_2005388c-19fb-3e61-9bf7-bd22d0fbb3d4-1.jpg","datePublished":"2016-05-22T22:27:00+00:00","dateModified":"2016-05-22T22:33:45+00:00","breadcrumb":{"@id":"https:\/\/blogdoprosperi.com\/?p=6896#breadcrumb"},"inLanguage":"pt-BR","potentialAction":[{"@type":"ReadAction","target":["https:\/\/blogdoprosperi.com\/?p=6896"]}]},{"@type":"ImageObject","inLanguage":"pt-BR","@id":"https:\/\/blogdoprosperi.com\/?p=6896#primaryimage","url":"https:\/\/i0.wp.com\/blogdoprosperi.com\/wp-content\/uploads\/2016\/05\/622_2005388c-19fb-3e61-9bf7-bd22d0fbb3d4-1.jpg?fit=622%2C350&ssl=1","contentUrl":"https:\/\/i0.wp.com\/blogdoprosperi.com\/wp-content\/uploads\/2016\/05\/622_2005388c-19fb-3e61-9bf7-bd22d0fbb3d4-1.jpg?fit=622%2C350&ssl=1","width":622,"height":350},{"@type":"BreadcrumbList","@id":"https:\/\/blogdoprosperi.com\/?p=6896#breadcrumb","itemListElement":[{"@type":"ListItem","position":1,"name":"In\u00edcio","item":"https:\/\/blogdoprosperi.com\/"},{"@type":"ListItem","position":2,"name":"Corinthians sofre derrota com novo esquema de Tite"}]},{"@type":"WebSite","@id":"https:\/\/blogdoprosperi.com\/#website","url":"https:\/\/blogdoprosperi.com\/","name":"PR\u00d3SPERI NEWS","description":"TUDO \u00c9  FUTEBOL","publisher":{"@id":"https:\/\/blogdoprosperi.com\/#\/schema\/person\/38100755ce3601861ee4fab9b5aa78e9"},"alternateName":"blogdoprosperi.com","potentialAction":[{"@type":"SearchAction","target":{"@type":"EntryPoint","urlTemplate":"https:\/\/blogdoprosperi.com\/?s={search_term_string}"},"query-input":{"@type":"PropertyValueSpecification","valueRequired":true,"valueName":"search_term_string"}}],"inLanguage":"pt-BR"},{"@type":["Person","Organization"],"@id":"https:\/\/blogdoprosperi.com\/#\/schema\/person\/38100755ce3601861ee4fab9b5aa78e9","name":"Luiz Ant\u00f4nio Pr\u00f3speri","pronouns":"ele","image":{"@type":"ImageObject","inLanguage":"pt-BR","@id":"https:\/\/i0.wp.com\/blogdoprosperi.com\/wp-content\/uploads\/2026\/05\/cropped-8059e613-6002-42fa-961e-8e275f575d71-2-5.jpg?fit=1360%2C931&ssl=1","url":"https:\/\/i0.wp.com\/blogdoprosperi.com\/wp-content\/uploads\/2026\/05\/cropped-8059e613-6002-42fa-961e-8e275f575d71-2-5.jpg?fit=1360%2C931&ssl=1","contentUrl":"https:\/\/i0.wp.com\/blogdoprosperi.com\/wp-content\/uploads\/2026\/05\/cropped-8059e613-6002-42fa-961e-8e275f575d71-2-5.jpg?fit=1360%2C931&ssl=1","width":1360,"height":931,"caption":"Luiz Ant\u00f4nio Pr\u00f3speri"},"logo":{"@id":"https:\/\/i0.wp.com\/blogdoprosperi.com\/wp-content\/uploads\/2026\/05\/cropped-8059e613-6002-42fa-961e-8e275f575d71-2-5.jpg?fit=1360%2C931&ssl=1"},"description":"Jornalista com carreira dedicada ao esporte. Cobriu 9 Copas do Mundo in loco, 1990 na It\u00e1lia, 1994 nos EUA, 1998 na Fran\u00e7a, 2002 na Coreia do Sul e Jap\u00e3o, 2006 na Alemanha, 2010 na \u00c1frica do Sul, 2014 no Brasil, 2018 na R\u00fassia e 2022 no Qatar. Eurocopas, 1992 na Su\u00e9cia e 1996 na Inglaterra. Copa das Confedera\u00e7\u00f5es de 2005 na Alemanha e 2009 na \u00c1frica do Sul. Rep\u00f3rter e Editor, trabalhou no Jornal da Tarde e Estad\u00e3o, de 1984 a fevereiro de 2016. Colunista, blogueiro. E comentarista de futebol na R\u00e1dio Estad\u00e3o, de 2013 a fevereiro de 2016. Jornalista respons\u00e1vel do \"Pr\u00f3speri News\" (blogdoprosperi.com).","sameAs":["http:\/\/blogdoprosperi.com","Luiz Pr\u00f3speri","@luiz_prosperi","https:\/\/x.com\/Luizprosperi","@prosperinacopa","luiz.prosperi@icloud.com"],"url":"https:\/\/blogdoprosperi.com\/?author=102107496"}]}},"jetpack_publicize_connections":[],"jetpack_likes_enabled":false,"jetpack_sharing_enabled":true,"jetpack_shortlink":"https:\/\/wp.me\/p7jvdk-1Ne","jetpack-related-posts":[{"id":8022,"url":"https:\/\/blogdoprosperi.com\/?p=8022","url_meta":{"origin":6896,"position":0},"title":"Corinthians engata terceira vit\u00f3ria seguida diante de um Santos covarde","author":"Luiz Ant\u00f4nio Pr\u00f3speri","date":"2 de junho de 2016","format":false,"excerpt":"Desde que Tite abriu m\u00e3o do seu esquema preferido, o 4-1-4-1, o Corinthians s\u00f3 tem vencido no Campeonato Brasileiro. Com a nova arruma\u00e7\u00e3o, o 4-2-3-1, que faz de Guilherme o maestro da companhia, chegou \u00e0 terceira vit\u00f3ria consecutiva. Dessa vez a v\u00edtima foi o Santos, derrotado por 1 a 0,\u2026","rel":"","context":"Em &quot;Campeonato Brasileiro&quot;","block_context":{"text":"Campeonato Brasileiro","link":"https:\/\/blogdoprosperi.com\/?cat=355071"},"img":{"alt_text":"","src":"https:\/\/i0.wp.com\/blogdoprosperi.com\/wp-content\/uploads\/2016\/06\/622_8325d858-8b5f-31b6-8547-964f1ba48183.jpg?resize=350%2C200&ssl=1","width":350,"height":200,"srcset":"https:\/\/i0.wp.com\/blogdoprosperi.com\/wp-content\/uploads\/2016\/06\/622_8325d858-8b5f-31b6-8547-964f1ba48183.jpg?resize=350%2C200&ssl=1 1x, https:\/\/i0.wp.com\/blogdoprosperi.com\/wp-content\/uploads\/2016\/06\/622_8325d858-8b5f-31b6-8547-964f1ba48183.jpg?resize=525%2C300&ssl=1 1.5x"},"classes":[]},{"id":315,"url":"https:\/\/blogdoprosperi.com\/?p=315","url_meta":{"origin":6896,"position":1},"title":"Cuca encurrala Tite e Palmeiras vence cl\u00e1ssico no Pacaembu","author":"Luiz Ant\u00f4nio Pr\u00f3speri","date":"3 de abril de 2016","format":false,"excerpt":"Desde 17 de setembro de 1995, o Palmeiras n\u00e3o derrotava o Corinthians no Pacaembu. Neste domingo, diante de pouco mais de 22 mil torcedores, colocou um ponto final nessa hist\u00f3ria. Quebrou o tabu com a vit\u00f3ria por 1 a 0. E mostrou a import\u00e2ncia de o clube ter investido em\u2026","rel":"","context":"Em &quot;futebol&quot;","block_context":{"text":"futebol","link":"https:\/\/blogdoprosperi.com\/?cat=53870"},"img":{"alt_text":"","src":"https:\/\/i0.wp.com\/blogdoprosperi.com\/wp-content\/uploads\/2016\/04\/img_3052.jpg?resize=350%2C200&ssl=1","width":350,"height":200,"srcset":"https:\/\/i0.wp.com\/blogdoprosperi.com\/wp-content\/uploads\/2016\/04\/img_3052.jpg?resize=350%2C200&ssl=1 1x, https:\/\/i0.wp.com\/blogdoprosperi.com\/wp-content\/uploads\/2016\/04\/img_3052.jpg?resize=525%2C300&ssl=1 1.5x, https:\/\/i0.wp.com\/blogdoprosperi.com\/wp-content\/uploads\/2016\/04\/img_3052.jpg?resize=700%2C400&ssl=1 2x"},"classes":[]},{"id":7467,"url":"https:\/\/blogdoprosperi.com\/?p=7467","url_meta":{"origin":6896,"position":2},"title":"Corinthians se reconcilia com a vit\u00f3ria no Brasileir\u00e3o e Tite se irrita com vaias a Andr\u00e9","author":"Luiz Ant\u00f4nio Pr\u00f3speri","date":"26 de maio de 2016","format":false,"excerpt":"\u00a0 As mudan\u00e7as de Tite funcionaram na expressiva vit\u00f3ria por 3 a 0 contra a Ponte Preta nesta quinta-feira no Itaquer\u00e3o - o primeiro triunfo do Corinthians em tr\u00eas rodadas do Brasileir\u00e3o. O jogo seria de reconcilia\u00e7\u00e3o plena com a torcida, n\u00e3o fosse a insist\u00eancia das vaias a Andr\u00e9, que\u2026","rel":"","context":"Em &quot;futebol&quot;","block_context":{"text":"futebol","link":"https:\/\/blogdoprosperi.com\/?cat=53870"},"img":{"alt_text":"","src":"https:\/\/i0.wp.com\/blogdoprosperi.com\/wp-content\/uploads\/2016\/05\/622_0c94fa93-8208-32bb-8bc1-70b543733cf0.jpg?resize=350%2C200&ssl=1","width":350,"height":200,"srcset":"https:\/\/i0.wp.com\/blogdoprosperi.com\/wp-content\/uploads\/2016\/05\/622_0c94fa93-8208-32bb-8bc1-70b543733cf0.jpg?resize=350%2C200&ssl=1 1x, https:\/\/i0.wp.com\/blogdoprosperi.com\/wp-content\/uploads\/2016\/05\/622_0c94fa93-8208-32bb-8bc1-70b543733cf0.jpg?resize=525%2C300&ssl=1 1.5x"},"classes":[]},{"id":7260,"url":"https:\/\/blogdoprosperi.com\/?p=7260","url_meta":{"origin":6896,"position":3},"title":"Tite pode deixar o Corinthians, se torcida organizada continuar com livre acesso para cobrar jogadores","author":"Luiz Ant\u00f4nio Pr\u00f3speri","date":"25 de maio de 2016","format":false,"excerpt":"Tite, constrangido, cedeu \u00e0 press\u00e3o da torcida e tirou Andr\u00e9 do time. O atacante era um dos jogadores mais contestados pelas fac\u00e7\u00f5es organizadas do Corinthians. Ele tinha cadeira cativa com o treinador, apesar de p\u00eanaltis perdidos e atua\u00e7\u00f5es deplor\u00e1veis. A sa\u00edda de Andr\u00e9 abre espa\u00e7o, mais uma vez, para Luciano,\u2026","rel":"","context":"Em &quot;Campeonato Brasileiro&quot;","block_context":{"text":"Campeonato Brasileiro","link":"https:\/\/blogdoprosperi.com\/?cat=355071"},"img":{"alt_text":"","src":"https:\/\/i0.wp.com\/blogdoprosperi.com\/wp-content\/uploads\/2016\/05\/torcedores-do-corinthians-cercam-e-apedrejam-onibus-em-que-estavam-os-jogadores-do-timefoto-marcos-alveso-globo.jpg?resize=350%2C200&ssl=1","width":350,"height":200,"srcset":"https:\/\/i0.wp.com\/blogdoprosperi.com\/wp-content\/uploads\/2016\/05\/torcedores-do-corinthians-cercam-e-apedrejam-onibus-em-que-estavam-os-jogadores-do-timefoto-marcos-alveso-globo.jpg?resize=350%2C200&ssl=1 1x, https:\/\/i0.wp.com\/blogdoprosperi.com\/wp-content\/uploads\/2016\/05\/torcedores-do-corinthians-cercam-e-apedrejam-onibus-em-que-estavam-os-jogadores-do-timefoto-marcos-alveso-globo.jpg?resize=525%2C300&ssl=1 1.5x, https:\/\/i0.wp.com\/blogdoprosperi.com\/wp-content\/uploads\/2016\/05\/torcedores-do-corinthians-cercam-e-apedrejam-onibus-em-que-estavam-os-jogadores-do-timefoto-marcos-alveso-globo.jpg?resize=700%2C400&ssl=1 2x, https:\/\/i0.wp.com\/blogdoprosperi.com\/wp-content\/uploads\/2016\/05\/torcedores-do-corinthians-cercam-e-apedrejam-onibus-em-que-estavam-os-jogadores-do-timefoto-marcos-alveso-globo.jpg?resize=1050%2C600&ssl=1 3x"},"classes":[]},{"id":2585,"url":"https:\/\/blogdoprosperi.com\/?p=2585","url_meta":{"origin":6896,"position":4},"title":"Corinthians n\u00e3o chuta ao gol e comemora empate contra o Nacional","author":"Luiz Ant\u00f4nio Pr\u00f3speri","date":"28 de abril de 2016","format":false,"excerpt":"O Corinthians fez uma de suas piores partidas na temporada no empate sem gols com o Nacional do Uruguai. Se pensa em ir longe nesta Libertadores 2016, precisa dar sinais de vitalidade. Nesta quarta-feira ficou claro que no jogo da volta, na pr\u00f3xima semana, vai ter de se reinventar e\u2026","rel":"","context":"Em &quot;futebol&quot;","block_context":{"text":"futebol","link":"https:\/\/blogdoprosperi.com\/?cat=53870"},"img":{"alt_text":"Tite fica","src":"https:\/\/i0.wp.com\/blogdoprosperi.com\/wp-content\/uploads\/2016\/03\/tite-fica.jpg?resize=350%2C200&ssl=1","width":350,"height":200,"srcset":"https:\/\/i0.wp.com\/blogdoprosperi.com\/wp-content\/uploads\/2016\/03\/tite-fica.jpg?resize=350%2C200&ssl=1 1x, https:\/\/i0.wp.com\/blogdoprosperi.com\/wp-content\/uploads\/2016\/03\/tite-fica.jpg?resize=525%2C300&ssl=1 1.5x"},"classes":[]},{"id":2275,"url":"https:\/\/blogdoprosperi.com\/?p=2275","url_meta":{"origin":6896,"position":5},"title":"Tite cai em mais uma decis\u00e3o importante no Itaquer\u00e3o","author":"Luiz Ant\u00f4nio Pr\u00f3speri","date":"24 de abril de 2016","format":false,"excerpt":"Aclamado melhor treinador do Brasil, t\u00e9cnico do Corinthians sai eliminado em casa mais uma vez e se rende ao esquema do inovador Fernando Diniz, do Audax Tite n\u00e3o consegue superar os jogos importantes de mata-mata no Itaquer\u00e3o. Diante do Osasco Audax, valendo vaga na final do Campeonato Paulista 2016, o\u2026","rel":"","context":"Em &quot;futebol&quot;","block_context":{"text":"futebol","link":"https:\/\/blogdoprosperi.com\/?cat=53870"},"img":{"alt_text":"","src":"https:\/\/i0.wp.com\/blogdoprosperi.com\/wp-content\/uploads\/2016\/04\/dsc_0469.jpg?resize=350%2C200&ssl=1","width":350,"height":200,"srcset":"https:\/\/i0.wp.com\/blogdoprosperi.com\/wp-content\/uploads\/2016\/04\/dsc_0469.jpg?resize=350%2C200&ssl=1 1x, https:\/\/i0.wp.com\/blogdoprosperi.com\/wp-content\/uploads\/2016\/04\/dsc_0469.jpg?resize=525%2C300&ssl=1 1.5x, https:\/\/i0.wp.com\/blogdoprosperi.com\/wp-content\/uploads\/2016\/04\/dsc_0469.jpg?resize=700%2C400&ssl=1 2x, https:\/\/i0.wp.com\/blogdoprosperi.com\/wp-content\/uploads\/2016\/04\/dsc_0469.jpg?resize=1050%2C600&ssl=1 3x, https:\/\/i0.wp.com\/blogdoprosperi.com\/wp-content\/uploads\/2016\/04\/dsc_0469.jpg?resize=1400%2C800&ssl=1 4x"},"classes":[]}],"jetpack_featured_media_url":"","_links":{"self":[{"href":"https:\/\/blogdoprosperi.com\/index.php?rest_route=\/wp\/v2\/posts\/6896","targetHints":{"allow":["GET"]}}],"collection":[{"href":"https:\/\/blogdoprosperi.com\/index.php?rest_route=\/wp\/v2\/posts"}],"about":[{"href":"https:\/\/blogdoprosperi.com\/index.php?rest_route=\/wp\/v2\/types\/post"}],"author":[{"embeddable":true,"href":"https:\/\/blogdoprosperi.com\/index.php?rest_route=\/wp\/v2\/users\/102107496"}],"replies":[{"embeddable":true,"href":"https:\/\/blogdoprosperi.com\/index.php?rest_route=%2Fwp%2Fv2%2Fcomments&post=6896"}],"version-history":[{"count":25,"href":"https:\/\/blogdoprosperi.com\/index.php?rest_route=\/wp\/v2\/posts\/6896\/revisions"}],"predecessor-version":[{"id":6933,"href":"https:\/\/blogdoprosperi.com\/index.php?rest_route=\/wp\/v2\/posts\/6896\/revisions\/6933"}],"wp:attachment":[{"href":"https:\/\/blogdoprosperi.com\/index.php?rest_route=%2Fwp%2Fv2%2Fmedia&parent=6896"}],"wp:term":[{"taxonomy":"category","embeddable":true,"href":"https:\/\/blogdoprosperi.com\/index.php?rest_route=%2Fwp%2Fv2%2Fcategories&post=6896"},{"taxonomy":"post_tag","embeddable":true,"href":"https:\/\/blogdoprosperi.com\/index.php?rest_route=%2Fwp%2Fv2%2Ftags&post=6896"}],"curies":[{"name":"wp","href":"https:\/\/api.w.org\/{rel}","templated":true}]}}