{"id":6941,"date":"2016-05-22T23:22:48","date_gmt":"2016-05-22T23:22:48","guid":{"rendered":"http:\/\/blogdoprosperi.com\/?p=6941"},"modified":"2016-05-22T23:22:48","modified_gmt":"2016-05-22T23:22:48","slug":"sao-paulo-nao-se-desliga-da-libertadores-e-apaga-no-brasileirao","status":"publish","type":"post","link":"https:\/\/blogdoprosperi.com\/?p=6941","title":{"rendered":"S\u00e3o Paulo n\u00e3o se desliga da Libertadores e apaga no Brasileir\u00e3o"},"content":{"rendered":"<p>Inebriado com a classifica\u00e7\u00e3o \u00e0 <a href=\"http:\/\/blogdoprosperi.com\/2016\/05\/20\/sao-paulo-encara-atletico-nacional-o-time-de-mais-bola-da-libertadores\/\">semifinal na Copa Libertadores<\/a>, depois da batalha contra o Atl\u00e9tico-MG, o S\u00e3o Paulo baixa a guarda diante do Internacional e sofre derrota por 2 a 1 no Morumbi. O time n\u00e3o mostrou nem de perto aquela entrega absoluta do jogo em Minas. O resultado negativo \u00e9 o primeiro preju\u00edzo da equipe de Edgardo Bauza no Brasileir\u00e3o.<\/p>\n<div class=\"jetpack-video-wrapper\"><span class=\"embed-youtube\" style=\"text-align:center; display: block;\"><iframe loading=\"lazy\" class=\"youtube-player\" width=\"560\" height=\"315\" src=\"https:\/\/www.youtube.com\/embed\/xPNLKasGh9Y?version=3&#038;rel=1&#038;showsearch=0&#038;showinfo=1&#038;iv_load_policy=1&#038;fs=1&#038;hl=pt-BR&#038;autohide=2&#038;wmode=transparent\" allowfullscreen=\"true\" style=\"border:0;\" sandbox=\"allow-scripts allow-same-origin allow-popups allow-presentation allow-popups-to-escape-sandbox\"><\/iframe><\/span><\/div>\n<p>N\u00e3o se pode perder em seus dom\u00ednios neste campeonato longo, desgastante. Cada ponto que fica para tr\u00e1s engorda a d\u00edvida l\u00e1 na frente. <a href=\"http:\/\/blogdoprosperi.com\/2016\/05\/19\/sao-paulo-se-impoe-na-libertadores-com-a-cara-de-bauza\/\">Bauza<\/a> e seus jogadores sabem perfeitamente com funciona essa l\u00f3gica do campeonato nacional. O problema \u00e9 n\u00e3o virar a chavinha.<\/p>\n<p>Diante de um advers\u00e1rio acovardado, com tr\u00eas volantes de conten\u00e7\u00e3o, se exigia mas intelig\u00eancia do S\u00e3o Paulo. N\u00e3o atacar de forma alucinada e ficar de olhos abertos nos contra-ataques do inimigo era obriga\u00e7\u00e3o.<\/p>\n<p><span class=\"alignnone\"><img data-recalc-dims=\"1\" loading=\"lazy\" decoding=\"async\" data-attachment-id=\"6967\" data-permalink=\"https:\/\/blogdoprosperi.com\/?attachment_id=6967\" data-orig-file=\"https:\/\/i0.wp.com\/blogdoprosperi.com\/wp-content\/uploads\/2016\/05\/unknown-42.jpeg?fit=285%2C177&amp;ssl=1\" data-orig-size=\"285,177\" data-comments-opened=\"1\" data-image-meta=\"{&quot;aperture&quot;:&quot;0&quot;,&quot;credit&quot;:&quot;&quot;,&quot;camera&quot;:&quot;&quot;,&quot;caption&quot;:&quot;&quot;,&quot;created_timestamp&quot;:&quot;0&quot;,&quot;copyright&quot;:&quot;&quot;,&quot;focal_length&quot;:&quot;0&quot;,&quot;iso&quot;:&quot;0&quot;,&quot;shutter_speed&quot;:&quot;0&quot;,&quot;title&quot;:&quot;&quot;,&quot;orientation&quot;:&quot;0&quot;}\" data-image-title=\"Unknown-4\" data-image-description=\"\" data-image-caption=\"\" data-large-file=\"https:\/\/i0.wp.com\/blogdoprosperi.com\/wp-content\/uploads\/2016\/05\/unknown-42.jpeg?fit=285%2C177&amp;ssl=1\" class=\"alignnone size-full wp-image-6967 alignleft\" src=\"https:\/\/i0.wp.com\/blogdoprosperi.com\/wp-content\/uploads\/2016\/05\/unknown-42.jpeg?resize=285%2C177&#038;ssl=1\" alt=\"Unknown-4\" width=\"285\" height=\"177\" \/><\/span>Mais que isso, toler\u00e2ncia zero com erros na defesa. Mas, no primeiro descuido e indecis\u00e3o da zaga, o Inter foi l\u00e1 e beliscou o gol com Sasha. Sinal de alerta aceso. Gol sofrido, o time exaurido da maratona na Libertadores n\u00e3o teve for\u00e7a para incomodar o <a href=\"http:\/\/blogdoprosperi.com\/2016\/05\/14\/palmeiras-corinthians-e-atletico-sao-candidatos-a-faturar-o-brasileirao-2016\/\">Inter<\/a>.<\/p>\n<p>S\u00f3 chegou ao empate, quase no finalzinho jogo, com Lugano &#8211; marcou o seu primeiro gol nessa segunda passagem pelo clube -, aos 41. E n\u00e3o tirou proveito da expuls\u00e3o de Alex, que saiu aos 40. Pior, vacilou novamente na defesa permitindo a Sasha o gol da vit\u00f3ria do Inter.<\/p>\n<p><span class=\"alignnone\"><img data-recalc-dims=\"1\" loading=\"lazy\" decoding=\"async\" data-attachment-id=\"6966\" data-permalink=\"https:\/\/blogdoprosperi.com\/?attachment_id=6966\" data-orig-file=\"https:\/\/i0.wp.com\/blogdoprosperi.com\/wp-content\/uploads\/2016\/05\/unknown-32.jpeg?fit=275%2C183&amp;ssl=1\" data-orig-size=\"275,183\" data-comments-opened=\"1\" data-image-meta=\"{&quot;aperture&quot;:&quot;0&quot;,&quot;credit&quot;:&quot;&quot;,&quot;camera&quot;:&quot;&quot;,&quot;caption&quot;:&quot;&quot;,&quot;created_timestamp&quot;:&quot;0&quot;,&quot;copyright&quot;:&quot;&quot;,&quot;focal_length&quot;:&quot;0&quot;,&quot;iso&quot;:&quot;0&quot;,&quot;shutter_speed&quot;:&quot;0&quot;,&quot;title&quot;:&quot;&quot;,&quot;orientation&quot;:&quot;0&quot;}\" data-image-title=\"Unknown-3\" data-image-description=\"\" data-image-caption=\"\" data-large-file=\"https:\/\/i0.wp.com\/blogdoprosperi.com\/wp-content\/uploads\/2016\/05\/unknown-32.jpeg?fit=275%2C183&amp;ssl=1\" class=\"alignnone size-full wp-image-6966 alignright\" src=\"https:\/\/i0.wp.com\/blogdoprosperi.com\/wp-content\/uploads\/2016\/05\/unknown-32.jpeg?resize=275%2C183&#038;ssl=1\" alt=\"Unknown-3\" width=\"275\" height=\"183\" \/><\/span>Na Libertadores, o S\u00e3o Paulo volta a jogar apenas em julho quando vai enfrentar o Atl\u00e9tico Nacional de Medell\u00edn pelas semifinais. No <a href=\"http:\/\/blogdoprosperi.com\/2016\/05\/14\/cbf-paga-uma-mixaria-aos-clubes-no-campeonato-brasileiro\/\">Brasileir\u00e3o<\/a>, j\u00e1 tem compromisso nesta quarta-feira contra o Coritiba no Paran\u00e1.<\/p>\n<p>N\u00e3o d\u00e1 para dormir sonhando com a Libertadores e ter de acordar com a dura realidade do Campeonato Brasileiro a cada quarta e domingo.<\/p>\n","protected":false},"excerpt":{"rendered":"<p>Inebriado com a classifica\u00e7\u00e3o \u00e0 semifinal na Copa Libertadores, depois da batalha contra o Atl\u00e9tico-MG, o S\u00e3o Paulo [&hellip;]<\/p>\n","protected":false},"author":102107496,"featured_media":0,"comment_status":"open","ping_status":"open","sticky":false,"template":"","format":"standard","meta":{"_coblocks_attr":"","_coblocks_dimensions":"","_coblocks_responsive_height":"","_coblocks_accordion_ie_support":"","_jetpack_newsletter_access":"","_jetpack_dont_email_post_to_subs":false,"_jetpack_newsletter_tier_id":0,"_jetpack_memberships_contains_paywalled_content":false,"_wpcom_ai_launchpad_first_post":false,"_jetpack_feature_clip_id":0,"_jetpack_memberships_contains_paid_content":false,"footnotes":"","jetpack_publicize_message":"","jetpack_publicize_feature_enabled":true,"jetpack_social_post_already_shared":false,"jetpack_social_options":{"image_generator_settings":{"template":"highway","default_image_id":0,"font":"","enabled":false},"version":2},"jetpack_post_was_ever_published":false},"categories":[355071,53870],"tags":[3847764,362595295,789560560,1781644,522681,972018],"class_list":["post-6941","post","type-post","status-publish","format-standard","hentry","category-campeonato-brasileiro","category-futebol","tag-bauza","tag-brasileirao-2016","tag-futebol","tag-internacional-rs","tag-lugano","tag-sao-paulo-fc"],"yoast_head":"<!-- This site is optimized with the Yoast SEO plugin v28.4 - https:\/\/yoast.com\/product\/yoast-seo-wordpress\/ -->\n<title>S\u00e3o Paulo n\u00e3o se desliga da Libertadores e apaga no Brasileir\u00e3o - PR\u00d3SPERI NEWS<\/title>\n<meta name=\"robots\" content=\"index, follow, max-snippet:-1, max-image-preview:large, max-video-preview:-1\" \/>\n<link rel=\"canonical\" href=\"https:\/\/blogdoprosperi.com\/?p=6941\" \/>\n<meta property=\"og:locale\" content=\"pt_BR\" \/>\n<meta property=\"og:type\" content=\"article\" \/>\n<meta property=\"og:title\" content=\"S\u00e3o Paulo n\u00e3o se desliga da Libertadores e apaga no Brasileir\u00e3o - PR\u00d3SPERI NEWS\" \/>\n<meta property=\"og:description\" content=\"Inebriado com a classifica\u00e7\u00e3o \u00e0 semifinal na Copa Libertadores, depois da batalha contra o Atl\u00e9tico-MG, o S\u00e3o Paulo [&hellip;]\" \/>\n<meta property=\"og:url\" content=\"https:\/\/blogdoprosperi.com\/?p=6941\" \/>\n<meta property=\"og:site_name\" content=\"PR\u00d3SPERI NEWS\" \/>\n<meta property=\"article:publisher\" content=\"Luiz Pr\u00f3speri\" \/>\n<meta property=\"article:author\" content=\"Luiz Pr\u00f3speri\" \/>\n<meta property=\"article:published_time\" content=\"2016-05-22T23:22:48+00:00\" \/>\n<meta property=\"og:image\" content=\"https:\/\/blogdoprosperi.com\/wp-content\/uploads\/2016\/05\/unknown-42.jpeg\" \/>\n<meta name=\"author\" content=\"Luiz Ant\u00f4nio Pr\u00f3speri\" \/>\n<meta name=\"twitter:card\" content=\"summary_large_image\" \/>\n<meta name=\"twitter:creator\" content=\"@Luizprosperi\" \/>\n<meta name=\"twitter:site\" content=\"@Luizprosperi\" \/>\n<meta name=\"twitter:label1\" content=\"Escrito por\" \/>\n\t<meta name=\"twitter:data1\" content=\"Luiz Ant\u00f4nio Pr\u00f3speri\" \/>\n\t<meta name=\"twitter:label2\" content=\"Est. tempo de leitura\" \/>\n\t<meta name=\"twitter:data2\" content=\"2 minutos\" \/>\n<script type=\"application\/ld+json\" class=\"yoast-schema-graph\">{\"@context\":\"https:\\\/\\\/schema.org\",\"@graph\":[{\"@type\":\"Article\",\"@id\":\"https:\\\/\\\/blogdoprosperi.com\\\/?p=6941#article\",\"isPartOf\":{\"@id\":\"https:\\\/\\\/blogdoprosperi.com\\\/?p=6941\"},\"author\":{\"name\":\"Luiz Ant\u00f4nio Pr\u00f3speri\",\"@id\":\"https:\\\/\\\/blogdoprosperi.com\\\/#\\\/schema\\\/person\\\/38100755ce3601861ee4fab9b5aa78e9\"},\"headline\":\"S\u00e3o Paulo n\u00e3o se desliga da Libertadores e apaga no Brasileir\u00e3o\",\"datePublished\":\"2016-05-22T23:22:48+00:00\",\"mainEntityOfPage\":{\"@id\":\"https:\\\/\\\/blogdoprosperi.com\\\/?p=6941\"},\"wordCount\":340,\"commentCount\":1,\"publisher\":{\"@id\":\"https:\\\/\\\/blogdoprosperi.com\\\/#\\\/schema\\\/person\\\/38100755ce3601861ee4fab9b5aa78e9\"},\"image\":{\"@id\":\"https:\\\/\\\/blogdoprosperi.com\\\/?p=6941#primaryimage\"},\"thumbnailUrl\":\"https:\\\/\\\/blogdoprosperi.com\\\/wp-content\\\/uploads\\\/2016\\\/05\\\/unknown-42.jpeg\",\"keywords\":[\"Bauza\",\"Brasileir\u00e3o-2016\",\"futebol\",\"Internacional-RS\",\"Lugano\",\"S\u00e3o Paulo FC\"],\"articleSection\":[\"Campeonato Brasileiro\",\"futebol\"],\"inLanguage\":\"pt-BR\",\"potentialAction\":[{\"@type\":\"CommentAction\",\"name\":\"Comment\",\"target\":[\"https:\\\/\\\/blogdoprosperi.com\\\/?p=6941#respond\"]}]},{\"@type\":\"WebPage\",\"@id\":\"https:\\\/\\\/blogdoprosperi.com\\\/?p=6941\",\"url\":\"https:\\\/\\\/blogdoprosperi.com\\\/?p=6941\",\"name\":\"S\u00e3o Paulo n\u00e3o se desliga da Libertadores e apaga no Brasileir\u00e3o - PR\u00d3SPERI NEWS\",\"isPartOf\":{\"@id\":\"https:\\\/\\\/blogdoprosperi.com\\\/#website\"},\"primaryImageOfPage\":{\"@id\":\"https:\\\/\\\/blogdoprosperi.com\\\/?p=6941#primaryimage\"},\"image\":{\"@id\":\"https:\\\/\\\/blogdoprosperi.com\\\/?p=6941#primaryimage\"},\"thumbnailUrl\":\"https:\\\/\\\/blogdoprosperi.com\\\/wp-content\\\/uploads\\\/2016\\\/05\\\/unknown-42.jpeg\",\"datePublished\":\"2016-05-22T23:22:48+00:00\",\"breadcrumb\":{\"@id\":\"https:\\\/\\\/blogdoprosperi.com\\\/?p=6941#breadcrumb\"},\"inLanguage\":\"pt-BR\",\"potentialAction\":[{\"@type\":\"ReadAction\",\"target\":[\"https:\\\/\\\/blogdoprosperi.com\\\/?p=6941\"]}]},{\"@type\":\"ImageObject\",\"inLanguage\":\"pt-BR\",\"@id\":\"https:\\\/\\\/blogdoprosperi.com\\\/?p=6941#primaryimage\",\"url\":\"https:\\\/\\\/i0.wp.com\\\/blogdoprosperi.com\\\/wp-content\\\/uploads\\\/2016\\\/05\\\/unknown-42.jpeg?fit=285%2C177&ssl=1\",\"contentUrl\":\"https:\\\/\\\/i0.wp.com\\\/blogdoprosperi.com\\\/wp-content\\\/uploads\\\/2016\\\/05\\\/unknown-42.jpeg?fit=285%2C177&ssl=1\",\"width\":285,\"height\":177},{\"@type\":\"BreadcrumbList\",\"@id\":\"https:\\\/\\\/blogdoprosperi.com\\\/?p=6941#breadcrumb\",\"itemListElement\":[{\"@type\":\"ListItem\",\"position\":1,\"name\":\"In\u00edcio\",\"item\":\"https:\\\/\\\/blogdoprosperi.com\\\/\"},{\"@type\":\"ListItem\",\"position\":2,\"name\":\"S\u00e3o Paulo n\u00e3o se desliga da Libertadores e apaga no Brasileir\u00e3o\"}]},{\"@type\":\"WebSite\",\"@id\":\"https:\\\/\\\/blogdoprosperi.com\\\/#website\",\"url\":\"https:\\\/\\\/blogdoprosperi.com\\\/\",\"name\":\"PR\u00d3SPERI NEWS\",\"description\":\"TUDO \u00c9  FUTEBOL\",\"publisher\":{\"@id\":\"https:\\\/\\\/blogdoprosperi.com\\\/#\\\/schema\\\/person\\\/38100755ce3601861ee4fab9b5aa78e9\"},\"alternateName\":\"blogdoprosperi.com\",\"potentialAction\":[{\"@type\":\"SearchAction\",\"target\":{\"@type\":\"EntryPoint\",\"urlTemplate\":\"https:\\\/\\\/blogdoprosperi.com\\\/?s={search_term_string}\"},\"query-input\":{\"@type\":\"PropertyValueSpecification\",\"valueRequired\":true,\"valueName\":\"search_term_string\"}}],\"inLanguage\":\"pt-BR\"},{\"@type\":[\"Person\",\"Organization\"],\"@id\":\"https:\\\/\\\/blogdoprosperi.com\\\/#\\\/schema\\\/person\\\/38100755ce3601861ee4fab9b5aa78e9\",\"name\":\"Luiz Ant\u00f4nio Pr\u00f3speri\",\"pronouns\":\"ele\",\"image\":{\"@type\":\"ImageObject\",\"inLanguage\":\"pt-BR\",\"@id\":\"https:\\\/\\\/i0.wp.com\\\/blogdoprosperi.com\\\/wp-content\\\/uploads\\\/2026\\\/05\\\/cropped-8059e613-6002-42fa-961e-8e275f575d71-2-5.jpg?fit=1360%2C931&ssl=1\",\"url\":\"https:\\\/\\\/i0.wp.com\\\/blogdoprosperi.com\\\/wp-content\\\/uploads\\\/2026\\\/05\\\/cropped-8059e613-6002-42fa-961e-8e275f575d71-2-5.jpg?fit=1360%2C931&ssl=1\",\"contentUrl\":\"https:\\\/\\\/i0.wp.com\\\/blogdoprosperi.com\\\/wp-content\\\/uploads\\\/2026\\\/05\\\/cropped-8059e613-6002-42fa-961e-8e275f575d71-2-5.jpg?fit=1360%2C931&ssl=1\",\"width\":1360,\"height\":931,\"caption\":\"Luiz Ant\u00f4nio Pr\u00f3speri\"},\"logo\":{\"@id\":\"https:\\\/\\\/i0.wp.com\\\/blogdoprosperi.com\\\/wp-content\\\/uploads\\\/2026\\\/05\\\/cropped-8059e613-6002-42fa-961e-8e275f575d71-2-5.jpg?fit=1360%2C931&ssl=1\"},\"description\":\"Jornalista com carreira dedicada ao esporte. Cobriu 9 Copas do Mundo in loco, 1990 na It\u00e1lia, 1994 nos EUA, 1998 na Fran\u00e7a, 2002 na Coreia do Sul e Jap\u00e3o, 2006 na Alemanha, 2010 na \u00c1frica do Sul, 2014 no Brasil, 2018 na R\u00fassia e 2022 no Qatar. Eurocopas, 1992 na Su\u00e9cia e 1996 na Inglaterra. Copa das Confedera\u00e7\u00f5es de 2005 na Alemanha e 2009 na \u00c1frica do Sul. Rep\u00f3rter e Editor, trabalhou no Jornal da Tarde e Estad\u00e3o, de 1984 a fevereiro de 2016. Colunista, blogueiro. E comentarista de futebol na R\u00e1dio Estad\u00e3o, de 2013 a fevereiro de 2016. Jornalista respons\u00e1vel do \\\"Pr\u00f3speri News\\\" (blogdoprosperi.com).\",\"sameAs\":[\"http:\\\/\\\/blogdoprosperi.com\",\"Luiz Pr\u00f3speri\",\"@luiz_prosperi\",\"https:\\\/\\\/x.com\\\/Luizprosperi\",\"@prosperinacopa\",\"luiz.prosperi@icloud.com\"],\"url\":\"https:\\\/\\\/blogdoprosperi.com\\\/?author=102107496\"}]}<\/script>\n<!-- \/ Yoast SEO plugin. -->","yoast_head_json":{"title":"S\u00e3o Paulo n\u00e3o se desliga da Libertadores e apaga no Brasileir\u00e3o - PR\u00d3SPERI NEWS","robots":{"index":"index","follow":"follow","max-snippet":"max-snippet:-1","max-image-preview":"max-image-preview:large","max-video-preview":"max-video-preview:-1"},"canonical":"https:\/\/blogdoprosperi.com\/?p=6941","og_locale":"pt_BR","og_type":"article","og_title":"S\u00e3o Paulo n\u00e3o se desliga da Libertadores e apaga no Brasileir\u00e3o - PR\u00d3SPERI NEWS","og_description":"Inebriado com a classifica\u00e7\u00e3o \u00e0 semifinal na Copa Libertadores, depois da batalha contra o Atl\u00e9tico-MG, o S\u00e3o Paulo [&hellip;]","og_url":"https:\/\/blogdoprosperi.com\/?p=6941","og_site_name":"PR\u00d3SPERI NEWS","article_publisher":"Luiz Pr\u00f3speri","article_author":"Luiz Pr\u00f3speri","article_published_time":"2016-05-22T23:22:48+00:00","og_image":[{"url":"https:\/\/blogdoprosperi.com\/wp-content\/uploads\/2016\/05\/unknown-42.jpeg","type":"","width":"","height":""}],"author":"Luiz Ant\u00f4nio Pr\u00f3speri","twitter_card":"summary_large_image","twitter_creator":"@Luizprosperi","twitter_site":"@Luizprosperi","twitter_misc":{"Escrito por":"Luiz Ant\u00f4nio Pr\u00f3speri","Est. tempo de leitura":"2 minutos"},"schema":{"@context":"https:\/\/schema.org","@graph":[{"@type":"Article","@id":"https:\/\/blogdoprosperi.com\/?p=6941#article","isPartOf":{"@id":"https:\/\/blogdoprosperi.com\/?p=6941"},"author":{"name":"Luiz Ant\u00f4nio Pr\u00f3speri","@id":"https:\/\/blogdoprosperi.com\/#\/schema\/person\/38100755ce3601861ee4fab9b5aa78e9"},"headline":"S\u00e3o Paulo n\u00e3o se desliga da Libertadores e apaga no Brasileir\u00e3o","datePublished":"2016-05-22T23:22:48+00:00","mainEntityOfPage":{"@id":"https:\/\/blogdoprosperi.com\/?p=6941"},"wordCount":340,"commentCount":1,"publisher":{"@id":"https:\/\/blogdoprosperi.com\/#\/schema\/person\/38100755ce3601861ee4fab9b5aa78e9"},"image":{"@id":"https:\/\/blogdoprosperi.com\/?p=6941#primaryimage"},"thumbnailUrl":"https:\/\/blogdoprosperi.com\/wp-content\/uploads\/2016\/05\/unknown-42.jpeg","keywords":["Bauza","Brasileir\u00e3o-2016","futebol","Internacional-RS","Lugano","S\u00e3o Paulo FC"],"articleSection":["Campeonato Brasileiro","futebol"],"inLanguage":"pt-BR","potentialAction":[{"@type":"CommentAction","name":"Comment","target":["https:\/\/blogdoprosperi.com\/?p=6941#respond"]}]},{"@type":"WebPage","@id":"https:\/\/blogdoprosperi.com\/?p=6941","url":"https:\/\/blogdoprosperi.com\/?p=6941","name":"S\u00e3o Paulo n\u00e3o se desliga da Libertadores e apaga no Brasileir\u00e3o - PR\u00d3SPERI NEWS","isPartOf":{"@id":"https:\/\/blogdoprosperi.com\/#website"},"primaryImageOfPage":{"@id":"https:\/\/blogdoprosperi.com\/?p=6941#primaryimage"},"image":{"@id":"https:\/\/blogdoprosperi.com\/?p=6941#primaryimage"},"thumbnailUrl":"https:\/\/blogdoprosperi.com\/wp-content\/uploads\/2016\/05\/unknown-42.jpeg","datePublished":"2016-05-22T23:22:48+00:00","breadcrumb":{"@id":"https:\/\/blogdoprosperi.com\/?p=6941#breadcrumb"},"inLanguage":"pt-BR","potentialAction":[{"@type":"ReadAction","target":["https:\/\/blogdoprosperi.com\/?p=6941"]}]},{"@type":"ImageObject","inLanguage":"pt-BR","@id":"https:\/\/blogdoprosperi.com\/?p=6941#primaryimage","url":"https:\/\/i0.wp.com\/blogdoprosperi.com\/wp-content\/uploads\/2016\/05\/unknown-42.jpeg?fit=285%2C177&ssl=1","contentUrl":"https:\/\/i0.wp.com\/blogdoprosperi.com\/wp-content\/uploads\/2016\/05\/unknown-42.jpeg?fit=285%2C177&ssl=1","width":285,"height":177},{"@type":"BreadcrumbList","@id":"https:\/\/blogdoprosperi.com\/?p=6941#breadcrumb","itemListElement":[{"@type":"ListItem","position":1,"name":"In\u00edcio","item":"https:\/\/blogdoprosperi.com\/"},{"@type":"ListItem","position":2,"name":"S\u00e3o Paulo n\u00e3o se desliga da Libertadores e apaga no Brasileir\u00e3o"}]},{"@type":"WebSite","@id":"https:\/\/blogdoprosperi.com\/#website","url":"https:\/\/blogdoprosperi.com\/","name":"PR\u00d3SPERI NEWS","description":"TUDO \u00c9  FUTEBOL","publisher":{"@id":"https:\/\/blogdoprosperi.com\/#\/schema\/person\/38100755ce3601861ee4fab9b5aa78e9"},"alternateName":"blogdoprosperi.com","potentialAction":[{"@type":"SearchAction","target":{"@type":"EntryPoint","urlTemplate":"https:\/\/blogdoprosperi.com\/?s={search_term_string}"},"query-input":{"@type":"PropertyValueSpecification","valueRequired":true,"valueName":"search_term_string"}}],"inLanguage":"pt-BR"},{"@type":["Person","Organization"],"@id":"https:\/\/blogdoprosperi.com\/#\/schema\/person\/38100755ce3601861ee4fab9b5aa78e9","name":"Luiz Ant\u00f4nio Pr\u00f3speri","pronouns":"ele","image":{"@type":"ImageObject","inLanguage":"pt-BR","@id":"https:\/\/i0.wp.com\/blogdoprosperi.com\/wp-content\/uploads\/2026\/05\/cropped-8059e613-6002-42fa-961e-8e275f575d71-2-5.jpg?fit=1360%2C931&ssl=1","url":"https:\/\/i0.wp.com\/blogdoprosperi.com\/wp-content\/uploads\/2026\/05\/cropped-8059e613-6002-42fa-961e-8e275f575d71-2-5.jpg?fit=1360%2C931&ssl=1","contentUrl":"https:\/\/i0.wp.com\/blogdoprosperi.com\/wp-content\/uploads\/2026\/05\/cropped-8059e613-6002-42fa-961e-8e275f575d71-2-5.jpg?fit=1360%2C931&ssl=1","width":1360,"height":931,"caption":"Luiz Ant\u00f4nio Pr\u00f3speri"},"logo":{"@id":"https:\/\/i0.wp.com\/blogdoprosperi.com\/wp-content\/uploads\/2026\/05\/cropped-8059e613-6002-42fa-961e-8e275f575d71-2-5.jpg?fit=1360%2C931&ssl=1"},"description":"Jornalista com carreira dedicada ao esporte. Cobriu 9 Copas do Mundo in loco, 1990 na It\u00e1lia, 1994 nos EUA, 1998 na Fran\u00e7a, 2002 na Coreia do Sul e Jap\u00e3o, 2006 na Alemanha, 2010 na \u00c1frica do Sul, 2014 no Brasil, 2018 na R\u00fassia e 2022 no Qatar. Eurocopas, 1992 na Su\u00e9cia e 1996 na Inglaterra. Copa das Confedera\u00e7\u00f5es de 2005 na Alemanha e 2009 na \u00c1frica do Sul. Rep\u00f3rter e Editor, trabalhou no Jornal da Tarde e Estad\u00e3o, de 1984 a fevereiro de 2016. Colunista, blogueiro. E comentarista de futebol na R\u00e1dio Estad\u00e3o, de 2013 a fevereiro de 2016. Jornalista respons\u00e1vel do \"Pr\u00f3speri News\" (blogdoprosperi.com).","sameAs":["http:\/\/blogdoprosperi.com","Luiz Pr\u00f3speri","@luiz_prosperi","https:\/\/x.com\/Luizprosperi","@prosperinacopa","luiz.prosperi@icloud.com"],"url":"https:\/\/blogdoprosperi.com\/?author=102107496"}]}},"jetpack_publicize_connections":[],"jetpack_likes_enabled":false,"jetpack_sharing_enabled":true,"jetpack_shortlink":"https:\/\/wp.me\/p7jvdk-1NX","jetpack-related-posts":[{"id":7406,"url":"https:\/\/blogdoprosperi.com\/?p=7406","url_meta":{"origin":6941,"position":0},"title":"Bauza n\u00e3o tem medo de arriscar com reservas do S\u00e3o Paulo","author":"Luiz Ant\u00f4nio Pr\u00f3speri","date":"26 de maio de 2016","format":false,"excerpt":"Edgardo Bauza percebeu cedo demais que n\u00e3o \u00e9 alto o n\u00edvel t\u00e9cnico do futebol brasileiro neste campeonato nacional. Em tr\u00eas rodadas, usou mais o time reserva do que o titular e n\u00e3o se decepcionou com os resultados do S\u00e3o Paulo: uma vit\u00f3ria, uma derrota e o empate (1 a 1)\u2026","rel":"","context":"Em &quot;Campeonato Brasileiro&quot;","block_context":{"text":"Campeonato Brasileiro","link":"https:\/\/blogdoprosperi.com\/?cat=355071"},"img":{"alt_text":"","src":"https:\/\/i0.wp.com\/blogdoprosperi.com\/wp-content\/uploads\/2016\/05\/rogerio1.png?resize=350%2C200&ssl=1","width":350,"height":200,"srcset":"https:\/\/i0.wp.com\/blogdoprosperi.com\/wp-content\/uploads\/2016\/05\/rogerio1.png?resize=350%2C200&ssl=1 1x, https:\/\/i0.wp.com\/blogdoprosperi.com\/wp-content\/uploads\/2016\/05\/rogerio1.png?resize=525%2C300&ssl=1 1.5x"},"classes":[]},{"id":20609,"url":"https:\/\/blogdoprosperi.com\/?p=20609","url_meta":{"origin":6941,"position":1},"title":"S\u00e3o Paulo, sem projeto, joga suas fichas em Ricardo Gomes","author":"Luiz Ant\u00f4nio Pr\u00f3speri","date":"12 de agosto de 2016","format":false,"excerpt":"S\u00e3o Paulo anunciou a contrata\u00e7\u00e3o de Ricardo Gomes, t\u00e9cnico do Botafogo, neste in\u00edcio de noite desta sexta-feira (12\/8). Ao investir em um treinador empregado, o clube paulista deixou de lado a possibilidade de efetivar Andr\u00e9 Jardine, interino que veio da base em socorro do time de cima. E, mais uma\u2026","rel":"","context":"Em &quot;Campeonato Brasileiro&quot;","block_context":{"text":"Campeonato Brasileiro","link":"https:\/\/blogdoprosperi.com\/?cat=355071"},"img":{"alt_text":"","src":"https:\/\/i0.wp.com\/blogdoprosperi.com\/wp-content\/uploads\/2016\/08\/2593_crop_galeria.jpg?resize=350%2C200","width":350,"height":200,"srcset":"https:\/\/i0.wp.com\/blogdoprosperi.com\/wp-content\/uploads\/2016\/08\/2593_crop_galeria.jpg?resize=350%2C200 1x, https:\/\/i0.wp.com\/blogdoprosperi.com\/wp-content\/uploads\/2016\/08\/2593_crop_galeria.jpg?resize=525%2C300 1.5x, https:\/\/i0.wp.com\/blogdoprosperi.com\/wp-content\/uploads\/2016\/08\/2593_crop_galeria.jpg?resize=700%2C400 2x"},"classes":[]},{"id":18054,"url":"https:\/\/blogdoprosperi.com\/?p=18054","url_meta":{"origin":6941,"position":2},"title":"S\u00e3o Paulo ainda paga por seus pecados no Campeonato Brasileiro","author":"Luiz Ant\u00f4nio Pr\u00f3speri","date":"31 de julho de 2016","format":false,"excerpt":"S\u00e3o Paulo empata por 2 a 2 com a Chapecoense e preocupa sua torcida, dona do recorde de p\u00fablico do Brasileir\u00e3o mais de 54 mil pagantes no Morumbi","rel":"","context":"Em &quot;Campeonato Brasileiro&quot;","block_context":{"text":"Campeonato Brasileiro","link":"https:\/\/blogdoprosperi.com\/?cat=355071"},"img":{"alt_text":"","src":"https:\/\/i0.wp.com\/blogdoprosperi.com\/wp-content\/uploads\/2016\/07\/dav_3147-1024x681.jpg?resize=350%2C200&ssl=1","width":350,"height":200,"srcset":"https:\/\/i0.wp.com\/blogdoprosperi.com\/wp-content\/uploads\/2016\/07\/dav_3147-1024x681.jpg?resize=350%2C200&ssl=1 1x, https:\/\/i0.wp.com\/blogdoprosperi.com\/wp-content\/uploads\/2016\/07\/dav_3147-1024x681.jpg?resize=525%2C300&ssl=1 1.5x, https:\/\/i0.wp.com\/blogdoprosperi.com\/wp-content\/uploads\/2016\/07\/dav_3147-1024x681.jpg?resize=700%2C400&ssl=1 2x"},"classes":[]},{"id":2450,"url":"https:\/\/blogdoprosperi.com\/?p=2450","url_meta":{"origin":6941,"position":3},"title":"Estaduais mais atrapalham do que ajudam o futebol","author":"Luiz Ant\u00f4nio Pr\u00f3speri","date":"26 de abril de 2016","format":false,"excerpt":"Clubes brasileiros se matam nos campeonatos regionais em busca da grana da televis\u00e3o Marca registrada do futebol brasileiro, os Estaduais ocupam pelo menos tr\u00eas meses do calend\u00e1rio nacional sem levar a lugar nenhum.Valem mais pelo dinheiro das cotas de transmiss\u00e3o dos jogos do que o aspecto t\u00e9cnico na forma\u00e7\u00e3o dos\u2026","rel":"","context":"Em &quot;futebol&quot;","block_context":{"text":"futebol","link":"https:\/\/blogdoprosperi.com\/?cat=53870"},"img":{"alt_text":"","src":"https:\/\/i0.wp.com\/blogdoprosperi.com\/wp-content\/uploads\/2016\/04\/19182044-1.jpg?resize=350%2C200&ssl=1","width":350,"height":200,"srcset":"https:\/\/i0.wp.com\/blogdoprosperi.com\/wp-content\/uploads\/2016\/04\/19182044-1.jpg?resize=350%2C200&ssl=1 1x, https:\/\/i0.wp.com\/blogdoprosperi.com\/wp-content\/uploads\/2016\/04\/19182044-1.jpg?resize=525%2C300&ssl=1 1.5x"},"classes":[]},{"id":6267,"url":"https:\/\/blogdoprosperi.com\/?p=6267","url_meta":{"origin":6941,"position":4},"title":"S\u00e3o Paulo se imp\u00f5e na Libertadores com a cara de Bauza","author":"Luiz Ant\u00f4nio Pr\u00f3speri","date":"19 de maio de 2016","format":false,"excerpt":"Dirigentes do S\u00e3o Paulo batem no peito com a classifica\u00e7\u00e3o do S\u00e3o Paulo \u00e0s semifinais da Copa Libertadores 2016, mesmo com a derrota por 2 a 1 para o Atl\u00e9tico-MG, nesta quarta-feira, em Belo Horizonte. Alegam que ao apostar no argentino Edgardo Bauza o time teria condi\u00e7\u00f5es de pensar grande\u2026","rel":"","context":"Em &quot;futebol&quot;","block_context":{"text":"futebol","link":"https:\/\/blogdoprosperi.com\/?cat=53870"},"img":{"alt_text":"","src":"https:\/\/i0.wp.com\/blogdoprosperi.com\/wp-content\/uploads\/2016\/05\/00837531.jpg?resize=350%2C200&ssl=1","width":350,"height":200,"srcset":"https:\/\/i0.wp.com\/blogdoprosperi.com\/wp-content\/uploads\/2016\/05\/00837531.jpg?resize=350%2C200&ssl=1 1x, https:\/\/i0.wp.com\/blogdoprosperi.com\/wp-content\/uploads\/2016\/05\/00837531.jpg?resize=525%2C300&ssl=1 1.5x, https:\/\/i0.wp.com\/blogdoprosperi.com\/wp-content\/uploads\/2016\/05\/00837531.jpg?resize=700%2C400&ssl=1 2x, https:\/\/i0.wp.com\/blogdoprosperi.com\/wp-content\/uploads\/2016\/05\/00837531.jpg?resize=1050%2C600&ssl=1 3x, https:\/\/i0.wp.com\/blogdoprosperi.com\/wp-content\/uploads\/2016\/05\/00837531.jpg?resize=1400%2C800&ssl=1 4x"},"classes":[]},{"id":8927,"url":"https:\/\/blogdoprosperi.com\/?p=8927","url_meta":{"origin":6941,"position":5},"title":"S\u00e3o Paulo, de reservas e garotos, passa f\u00e1cil pelo Cruzeiro, candidato ao rebaixamento","author":"Luiz Ant\u00f4nio Pr\u00f3speri","date":"5 de junho de 2016","format":false,"excerpt":"Dif\u00edcil atribuir a vit\u00f3ria do S\u00e3o Paulo contra o Cruzeiro por 1 a 0 ao bom desempenho do time paulista ou \u00e0 ruindade da equipe mineira. An\u00e1lise fria sugere apenas efici\u00eancia do Tricolor, nas poucas chances que teve, e um descompasso total dos donos da casa. As vaias no Mineir\u00e3o,\u2026","rel":"","context":"Em &quot;Campeonato Brasileiro&quot;","block_context":{"text":"Campeonato Brasileiro","link":"https:\/\/blogdoprosperi.com\/?cat=355071"},"img":{"alt_text":"","src":"https:\/\/i0.wp.com\/blogdoprosperi.com\/wp-content\/uploads\/2016\/06\/gol_cruzeiro_sao_paulo_brasileirao.jpg?resize=350%2C200&ssl=1","width":350,"height":200,"srcset":"https:\/\/i0.wp.com\/blogdoprosperi.com\/wp-content\/uploads\/2016\/06\/gol_cruzeiro_sao_paulo_brasileirao.jpg?resize=350%2C200&ssl=1 1x, https:\/\/i0.wp.com\/blogdoprosperi.com\/wp-content\/uploads\/2016\/06\/gol_cruzeiro_sao_paulo_brasileirao.jpg?resize=525%2C300&ssl=1 1.5x"},"classes":[]}],"jetpack_featured_media_url":"","_links":{"self":[{"href":"https:\/\/blogdoprosperi.com\/index.php?rest_route=\/wp\/v2\/posts\/6941","targetHints":{"allow":["GET"]}}],"collection":[{"href":"https:\/\/blogdoprosperi.com\/index.php?rest_route=\/wp\/v2\/posts"}],"about":[{"href":"https:\/\/blogdoprosperi.com\/index.php?rest_route=\/wp\/v2\/types\/post"}],"author":[{"embeddable":true,"href":"https:\/\/blogdoprosperi.com\/index.php?rest_route=\/wp\/v2\/users\/102107496"}],"replies":[{"embeddable":true,"href":"https:\/\/blogdoprosperi.com\/index.php?rest_route=%2Fwp%2Fv2%2Fcomments&post=6941"}],"version-history":[{"count":25,"href":"https:\/\/blogdoprosperi.com\/index.php?rest_route=\/wp\/v2\/posts\/6941\/revisions"}],"predecessor-version":[{"id":6988,"href":"https:\/\/blogdoprosperi.com\/index.php?rest_route=\/wp\/v2\/posts\/6941\/revisions\/6988"}],"wp:attachment":[{"href":"https:\/\/blogdoprosperi.com\/index.php?rest_route=%2Fwp%2Fv2%2Fmedia&parent=6941"}],"wp:term":[{"taxonomy":"category","embeddable":true,"href":"https:\/\/blogdoprosperi.com\/index.php?rest_route=%2Fwp%2Fv2%2Fcategories&post=6941"},{"taxonomy":"post_tag","embeddable":true,"href":"https:\/\/blogdoprosperi.com\/index.php?rest_route=%2Fwp%2Fv2%2Ftags&post=6941"}],"curies":[{"name":"wp","href":"https:\/\/api.w.org\/{rel}","templated":true}]}}