{"id":6989,"date":"2016-05-23T22:35:34","date_gmt":"2016-05-23T22:35:34","guid":{"rendered":"http:\/\/blogdoprosperi.com\/?p=6989"},"modified":"2016-05-24T02:09:58","modified_gmt":"2016-05-24T02:09:58","slug":"queda-de-juca-pode-favorecer-romario-na-cpi-do-futebol","status":"publish","type":"post","link":"https:\/\/blogdoprosperi.com\/?p=6989","title":{"rendered":"Queda de Juc\u00e1 pode favorecer Rom\u00e1rio na investiga\u00e7\u00e3o da CBF"},"content":{"rendered":"<p><span class=\"alignnone\"><img data-recalc-dims=\"1\" loading=\"lazy\" decoding=\"async\" data-attachment-id=\"7048\" data-permalink=\"https:\/\/blogdoprosperi.com\/?attachment_id=7048\" data-orig-file=\"https:\/\/i0.wp.com\/blogdoprosperi.com\/wp-content\/uploads\/2016\/05\/romero_juca_3.jpg?fit=645%2C388&amp;ssl=1\" data-orig-size=\"645,388\" data-comments-opened=\"1\" data-image-meta=\"{&quot;aperture&quot;:&quot;0&quot;,&quot;credit&quot;:&quot;&quot;,&quot;camera&quot;:&quot;&quot;,&quot;caption&quot;:&quot;&quot;,&quot;created_timestamp&quot;:&quot;0&quot;,&quot;copyright&quot;:&quot;&quot;,&quot;focal_length&quot;:&quot;0&quot;,&quot;iso&quot;:&quot;0&quot;,&quot;shutter_speed&quot;:&quot;0&quot;,&quot;title&quot;:&quot;&quot;,&quot;orientation&quot;:&quot;0&quot;}\" data-image-title=\"romero_juca_3\" data-image-description=\"\" data-image-caption=\"\" data-large-file=\"https:\/\/i0.wp.com\/blogdoprosperi.com\/wp-content\/uploads\/2016\/05\/romero_juca_3.jpg?fit=645%2C388&amp;ssl=1\" class=\"alignnone size-full wp-image-7048\" src=\"https:\/\/i0.wp.com\/blogdoprosperi.com\/wp-content\/uploads\/2016\/05\/romero_juca_3.jpg?resize=645%2C388&#038;ssl=1\" alt=\"romero_juca_3\" width=\"645\" height=\"388\" \/><\/span><\/p>\n<p>A queda do senador Romero Juc\u00e1 no governo interino de Michel Temer pode alcan\u00e7ar a <a href=\"http:\/\/blogdoprosperi.com\/2016\/05\/11\/romario-cai-na-armadilha-do-pmdb-e-se-enfraquece-na-luta-contra-a-cbf\/\">CPI do Futebol<\/a>, instalada ano passado no Senado para investigar a CBF. Juc\u00e1 era o relator dessa Comiss\u00e3o Parlamentar de Inqu\u00e9rito e aliado do presidente da <a href=\"http:\/\/blogdoprosperi.com\/2016\/05\/14\/cbf-paga-uma-mixaria-aos-clubes-no-campeonato-brasileiro\/\">CBF<\/a>, Marco Polo Del Nero, um dos investigados pelos senadores.<\/p>\n<p>Na condi\u00e7\u00e3o de Ministro do Planejamento do interino Temer, Juc\u00e1 estava licenciado do Senado. Mas continuava como ator influente nos destinos da CPI. Com a sa\u00edda do governo interino, seu destino \u00e9 incerto.<\/p>\n<p>Neste momento \u00e9 dif\u00edcil prever o futuro de Juc\u00e1, depois do furo da <em>Folha<\/em> com a revela\u00e7\u00e3o das explosivas grava\u00e7\u00f5es das manobras com o ex-senador Sergio Machado para deter o avan\u00e7o da opera\u00e7\u00e3o Lava Jato. Seu colega de bancada, Delcidio do Amaral, tamb\u00e9m acusado de interferir na Lava Jato, foi preso, depois solto, e agora cassado pela Comiss\u00e3o \u00c9tica do Senado.<\/p>\n<p><span class=\"alignnone\"><img data-recalc-dims=\"1\" loading=\"lazy\" decoding=\"async\" data-attachment-id=\"7030\" data-permalink=\"https:\/\/blogdoprosperi.com\/?attachment_id=7030\" data-orig-file=\"https:\/\/i0.wp.com\/blogdoprosperi.com\/wp-content\/uploads\/2016\/05\/unknown9.jpeg?fit=290%2C174&amp;ssl=1\" data-orig-size=\"290,174\" data-comments-opened=\"1\" data-image-meta=\"{&quot;aperture&quot;:&quot;0&quot;,&quot;credit&quot;:&quot;&quot;,&quot;camera&quot;:&quot;&quot;,&quot;caption&quot;:&quot;&quot;,&quot;created_timestamp&quot;:&quot;0&quot;,&quot;copyright&quot;:&quot;&quot;,&quot;focal_length&quot;:&quot;0&quot;,&quot;iso&quot;:&quot;0&quot;,&quot;shutter_speed&quot;:&quot;0&quot;,&quot;title&quot;:&quot;&quot;,&quot;orientation&quot;:&quot;0&quot;}\" data-image-title=\"Unknown\" data-image-description=\"\" data-image-caption=\"\" data-large-file=\"https:\/\/i0.wp.com\/blogdoprosperi.com\/wp-content\/uploads\/2016\/05\/unknown9.jpeg?fit=290%2C174&amp;ssl=1\" class=\"alignnone size-full wp-image-7030 alignleft\" src=\"https:\/\/i0.wp.com\/blogdoprosperi.com\/wp-content\/uploads\/2016\/05\/unknown9.jpeg?resize=290%2C174&#038;ssl=1\" alt=\"Unknown\" width=\"290\" height=\"174\" \/><\/span>Se Juc\u00e1 sair de cena, a ala da CPI favor\u00e1vel a uma investiga\u00e7\u00e3o profunda na CBF ganha for\u00e7a. Est\u00e3o nessa barca o presidente da comiss\u00e3o, Rom\u00e1rio(PSB-RJ), e Randolfo Rodrigues (Rede\/AP), suplente \u00a0da relatoria.<\/p>\n<p>Rom\u00e1rio e Randolfo t\u00eam contra seus atos a Bancada da Bola, maioria dos parlamentares na CPI. E, na \u00faltima sess\u00e3o, Rom\u00e1rio perdeu uma batalha para o presidente do Senado, Renan Calheiros, que atuou como &#8220;juiz&#8221; anulando a sess\u00e3o da CPI, que havia aprovado a convoca\u00e7\u00e3o de Del Nero e o ex-presidente da CBF, Ricardo Teixeira.<\/p>\n<p><span class=\"alignnone\"><img data-recalc-dims=\"1\" loading=\"lazy\" decoding=\"async\" data-attachment-id=\"7031\" data-permalink=\"https:\/\/blogdoprosperi.com\/?attachment_id=7031\" data-orig-file=\"https:\/\/i0.wp.com\/blogdoprosperi.com\/wp-content\/uploads\/2016\/05\/images7.jpeg?fit=276%2C183&amp;ssl=1\" data-orig-size=\"276,183\" data-comments-opened=\"1\" data-image-meta=\"{&quot;aperture&quot;:&quot;0&quot;,&quot;credit&quot;:&quot;&quot;,&quot;camera&quot;:&quot;&quot;,&quot;caption&quot;:&quot;&quot;,&quot;created_timestamp&quot;:&quot;0&quot;,&quot;copyright&quot;:&quot;&quot;,&quot;focal_length&quot;:&quot;0&quot;,&quot;iso&quot;:&quot;0&quot;,&quot;shutter_speed&quot;:&quot;0&quot;,&quot;title&quot;:&quot;&quot;,&quot;orientation&quot;:&quot;0&quot;}\" data-image-title=\"images\" data-image-description=\"\" data-image-caption=\"\" data-large-file=\"https:\/\/i0.wp.com\/blogdoprosperi.com\/wp-content\/uploads\/2016\/05\/images7.jpeg?fit=276%2C183&amp;ssl=1\" class=\"alignnone size-full wp-image-7031 alignright\" src=\"https:\/\/i0.wp.com\/blogdoprosperi.com\/wp-content\/uploads\/2016\/05\/images7.jpeg?resize=276%2C183&#038;ssl=1\" alt=\"images\" width=\"276\" height=\"183\" \/><\/span>Renan Calheiros (PMDB-AL) atendeu a um apelo de Romero Juc\u00e1 (PMDB-RR) para barrar a ida de Del Nero e Teixeira \u00e0 CPI. Furioso com a manobra de Renan, Rom\u00e1rio descascou para cima de Renan nas redes sociais. E parou a\u00ed.<\/p>\n<p>A pr\u00f3xima reuni\u00e3o da CPI do Futebol est\u00e1 prevista para 26 de junho. A \u00faltima foi realizada no dia 4 de abril, 13 dias antes da C\u00e2mara dos Deputados votar o impeachment da presidente Dilma Rousseff. Naquela reuni\u00e3o havia sido aprovada a convoca\u00e7\u00e3o de Del Nero e Ricardo Teixeira.<\/p>\n<p>Com Juc\u00e1 enfraquecido e Renan no meio do furac\u00e3o da crise pol\u00edtica, Rom\u00e1rio tem uma boa oportunidade para dar continuidade \u00e0s investiga\u00e7\u00f5es na c\u00fapula instalada no poder do futebol brasileiro h\u00e1 &#8220;mil\u00eanios&#8221;.<\/p>\n<p><span class=\"alignnone\"><img data-recalc-dims=\"1\" loading=\"lazy\" decoding=\"async\" data-attachment-id=\"7032\" data-permalink=\"https:\/\/blogdoprosperi.com\/?attachment_id=7032\" data-orig-file=\"https:\/\/i0.wp.com\/blogdoprosperi.com\/wp-content\/uploads\/2016\/05\/images-23.jpeg?fit=299%2C168&amp;ssl=1\" data-orig-size=\"299,168\" data-comments-opened=\"1\" data-image-meta=\"{&quot;aperture&quot;:&quot;0&quot;,&quot;credit&quot;:&quot;&quot;,&quot;camera&quot;:&quot;&quot;,&quot;caption&quot;:&quot;&quot;,&quot;created_timestamp&quot;:&quot;0&quot;,&quot;copyright&quot;:&quot;&quot;,&quot;focal_length&quot;:&quot;0&quot;,&quot;iso&quot;:&quot;0&quot;,&quot;shutter_speed&quot;:&quot;0&quot;,&quot;title&quot;:&quot;&quot;,&quot;orientation&quot;:&quot;0&quot;}\" data-image-title=\"images-2\" data-image-description=\"\" data-image-caption=\"\" data-large-file=\"https:\/\/i0.wp.com\/blogdoprosperi.com\/wp-content\/uploads\/2016\/05\/images-23.jpeg?fit=299%2C168&amp;ssl=1\" class=\"alignnone size-full wp-image-7032 alignleft\" src=\"https:\/\/i0.wp.com\/blogdoprosperi.com\/wp-content\/uploads\/2016\/05\/images-23.jpeg?resize=299%2C168&#038;ssl=1\" alt=\"images-2\" width=\"299\" height=\"168\" \/><\/span>No governo Dilma Rousseff, Rom\u00e1rio teve suporte para ir em frente com a CPI. Acontece que o ex-jogador votou favor\u00e1vel ao impeachment de Dilma.<\/p>\n<p>Vamos aguardar a pr\u00f3xima reuni\u00e3o da CPI, dia 26 de junho, para entender se a CBF vai ou n\u00e3o ser investigada para valer. Lembrando que o prazo da conclus\u00e3o dos trabalhos est\u00e1 previsto para agosto. Romero Juc\u00e1 fez uma tentativa de antecipar o encerramento da CPI para o fim de junho, antes do recesso do Congresso.<\/p>\n<p>As boias foram lan\u00e7adas ao mar.<\/p>\n","protected":false},"excerpt":{"rendered":"<p>A queda do senador Romero Juc\u00e1 no governo interino de Michel Temer pode alcan\u00e7ar a CPI do Futebol, [&hellip;]<\/p>\n","protected":false},"author":102107496,"featured_media":0,"comment_status":"open","ping_status":"open","sticky":false,"template":"","format":"standard","meta":{"_coblocks_attr":"","_coblocks_dimensions":"","_coblocks_responsive_height":"","_coblocks_accordion_ie_support":"","_jetpack_newsletter_access":"","_jetpack_dont_email_post_to_subs":false,"_jetpack_newsletter_tier_id":0,"_jetpack_memberships_contains_paywalled_content":false,"_wpcom_ai_launchpad_first_post":false,"_jetpack_feature_clip_id":0,"_jetpack_memberships_contains_paid_content":false,"footnotes":"","jetpack_publicize_message":"","jetpack_publicize_feature_enabled":true,"jetpack_social_post_already_shared":false,"jetpack_social_options":{"image_generator_settings":{"template":"highway","default_image_id":0,"font":"","enabled":false},"version":2},"jetpack_post_was_ever_published":false},"categories":[53870],"tags":[789560569,6326107,789560560,497614206,4029902,2436675,621258,2096510],"class_list":["post-6989","post","type-post","status-publish","format-standard","hentry","category-futebol","tag-cbf","tag-cpi-do-futebol","tag-futebol","tag-gandolfo-rodrigues","tag-marco-polo-del-nero","tag-ricardo-teixeira","tag-romario","tag-romero-juca"],"yoast_head":"<!-- This site is optimized with the Yoast SEO plugin v28.3 - https:\/\/yoast.com\/product\/yoast-seo-wordpress\/ -->\n<title>Queda de Juc\u00e1 pode favorecer Rom\u00e1rio na investiga\u00e7\u00e3o da CBF - PR\u00d3SPERI NEWS<\/title>\n<meta name=\"robots\" content=\"index, follow, max-snippet:-1, max-image-preview:large, max-video-preview:-1\" \/>\n<link rel=\"canonical\" href=\"https:\/\/blogdoprosperi.com\/?p=6989\" \/>\n<meta property=\"og:locale\" content=\"pt_BR\" \/>\n<meta property=\"og:type\" content=\"article\" \/>\n<meta property=\"og:title\" content=\"Queda de Juc\u00e1 pode favorecer Rom\u00e1rio na investiga\u00e7\u00e3o da CBF - PR\u00d3SPERI NEWS\" \/>\n<meta property=\"og:description\" content=\"A queda do senador Romero Juc\u00e1 no governo interino de Michel Temer pode alcan\u00e7ar a CPI do Futebol, [&hellip;]\" \/>\n<meta property=\"og:url\" content=\"https:\/\/blogdoprosperi.com\/?p=6989\" \/>\n<meta property=\"og:site_name\" content=\"PR\u00d3SPERI NEWS\" \/>\n<meta property=\"article:publisher\" content=\"Luiz Pr\u00f3speri\" \/>\n<meta property=\"article:author\" content=\"Luiz Pr\u00f3speri\" \/>\n<meta property=\"article:published_time\" content=\"2016-05-23T22:35:34+00:00\" \/>\n<meta property=\"article:modified_time\" content=\"2016-05-24T02:09:58+00:00\" \/>\n<meta property=\"og:image\" content=\"https:\/\/blogdoprosperi.com\/wp-content\/uploads\/2016\/05\/romero_juca_3.jpg\" \/>\n<meta name=\"author\" content=\"Luiz Ant\u00f4nio Pr\u00f3speri\" \/>\n<meta name=\"twitter:card\" content=\"summary_large_image\" \/>\n<meta name=\"twitter:creator\" content=\"@Luizprosperi\" \/>\n<meta name=\"twitter:site\" content=\"@Luizprosperi\" \/>\n<meta name=\"twitter:label1\" content=\"Escrito por\" \/>\n\t<meta name=\"twitter:data1\" content=\"Luiz Ant\u00f4nio Pr\u00f3speri\" \/>\n\t<meta name=\"twitter:label2\" content=\"Est. tempo de leitura\" \/>\n\t<meta name=\"twitter:data2\" content=\"2 minutos\" \/>\n<script type=\"application\/ld+json\" class=\"yoast-schema-graph\">{\"@context\":\"https:\\\/\\\/schema.org\",\"@graph\":[{\"@type\":\"Article\",\"@id\":\"https:\\\/\\\/blogdoprosperi.com\\\/?p=6989#article\",\"isPartOf\":{\"@id\":\"https:\\\/\\\/blogdoprosperi.com\\\/?p=6989\"},\"author\":{\"name\":\"Luiz Ant\u00f4nio Pr\u00f3speri\",\"@id\":\"https:\\\/\\\/blogdoprosperi.com\\\/#\\\/schema\\\/person\\\/38100755ce3601861ee4fab9b5aa78e9\"},\"headline\":\"Queda de Juc\u00e1 pode favorecer Rom\u00e1rio na investiga\u00e7\u00e3o da CBF\",\"datePublished\":\"2016-05-23T22:35:34+00:00\",\"dateModified\":\"2016-05-24T02:09:58+00:00\",\"mainEntityOfPage\":{\"@id\":\"https:\\\/\\\/blogdoprosperi.com\\\/?p=6989\"},\"wordCount\":490,\"commentCount\":0,\"publisher\":{\"@id\":\"https:\\\/\\\/blogdoprosperi.com\\\/#\\\/schema\\\/person\\\/38100755ce3601861ee4fab9b5aa78e9\"},\"image\":{\"@id\":\"https:\\\/\\\/blogdoprosperi.com\\\/?p=6989#primaryimage\"},\"thumbnailUrl\":\"https:\\\/\\\/blogdoprosperi.com\\\/wp-content\\\/uploads\\\/2016\\\/05\\\/romero_juca_3.jpg\",\"keywords\":[\"CBF\",\"CPI do Futebol\",\"futebol\",\"Gandolfo Rodrigues\",\"Marco Polo Del Nero\",\"Ricardo Teixeira\",\"Rom\u00e1rio\",\"Romero Juc\u00e1\"],\"articleSection\":[\"futebol\"],\"inLanguage\":\"pt-BR\",\"potentialAction\":[{\"@type\":\"CommentAction\",\"name\":\"Comment\",\"target\":[\"https:\\\/\\\/blogdoprosperi.com\\\/?p=6989#respond\"]}]},{\"@type\":\"WebPage\",\"@id\":\"https:\\\/\\\/blogdoprosperi.com\\\/?p=6989\",\"url\":\"https:\\\/\\\/blogdoprosperi.com\\\/?p=6989\",\"name\":\"Queda de Juc\u00e1 pode favorecer Rom\u00e1rio na investiga\u00e7\u00e3o da CBF - PR\u00d3SPERI NEWS\",\"isPartOf\":{\"@id\":\"https:\\\/\\\/blogdoprosperi.com\\\/#website\"},\"primaryImageOfPage\":{\"@id\":\"https:\\\/\\\/blogdoprosperi.com\\\/?p=6989#primaryimage\"},\"image\":{\"@id\":\"https:\\\/\\\/blogdoprosperi.com\\\/?p=6989#primaryimage\"},\"thumbnailUrl\":\"https:\\\/\\\/blogdoprosperi.com\\\/wp-content\\\/uploads\\\/2016\\\/05\\\/romero_juca_3.jpg\",\"datePublished\":\"2016-05-23T22:35:34+00:00\",\"dateModified\":\"2016-05-24T02:09:58+00:00\",\"breadcrumb\":{\"@id\":\"https:\\\/\\\/blogdoprosperi.com\\\/?p=6989#breadcrumb\"},\"inLanguage\":\"pt-BR\",\"potentialAction\":[{\"@type\":\"ReadAction\",\"target\":[\"https:\\\/\\\/blogdoprosperi.com\\\/?p=6989\"]}]},{\"@type\":\"ImageObject\",\"inLanguage\":\"pt-BR\",\"@id\":\"https:\\\/\\\/blogdoprosperi.com\\\/?p=6989#primaryimage\",\"url\":\"https:\\\/\\\/i0.wp.com\\\/blogdoprosperi.com\\\/wp-content\\\/uploads\\\/2016\\\/05\\\/romero_juca_3.jpg?fit=645%2C388&ssl=1\",\"contentUrl\":\"https:\\\/\\\/i0.wp.com\\\/blogdoprosperi.com\\\/wp-content\\\/uploads\\\/2016\\\/05\\\/romero_juca_3.jpg?fit=645%2C388&ssl=1\",\"width\":645,\"height\":388},{\"@type\":\"BreadcrumbList\",\"@id\":\"https:\\\/\\\/blogdoprosperi.com\\\/?p=6989#breadcrumb\",\"itemListElement\":[{\"@type\":\"ListItem\",\"position\":1,\"name\":\"In\u00edcio\",\"item\":\"https:\\\/\\\/blogdoprosperi.com\\\/\"},{\"@type\":\"ListItem\",\"position\":2,\"name\":\"Queda de Juc\u00e1 pode favorecer Rom\u00e1rio na investiga\u00e7\u00e3o da CBF\"}]},{\"@type\":\"WebSite\",\"@id\":\"https:\\\/\\\/blogdoprosperi.com\\\/#website\",\"url\":\"https:\\\/\\\/blogdoprosperi.com\\\/\",\"name\":\"PR\u00d3SPERI NEWS\",\"description\":\"TUDO \u00c9  FUTEBOL\",\"publisher\":{\"@id\":\"https:\\\/\\\/blogdoprosperi.com\\\/#\\\/schema\\\/person\\\/38100755ce3601861ee4fab9b5aa78e9\"},\"alternateName\":\"blogdoprosperi.com\",\"potentialAction\":[{\"@type\":\"SearchAction\",\"target\":{\"@type\":\"EntryPoint\",\"urlTemplate\":\"https:\\\/\\\/blogdoprosperi.com\\\/?s={search_term_string}\"},\"query-input\":{\"@type\":\"PropertyValueSpecification\",\"valueRequired\":true,\"valueName\":\"search_term_string\"}}],\"inLanguage\":\"pt-BR\"},{\"@type\":[\"Person\",\"Organization\"],\"@id\":\"https:\\\/\\\/blogdoprosperi.com\\\/#\\\/schema\\\/person\\\/38100755ce3601861ee4fab9b5aa78e9\",\"name\":\"Luiz Ant\u00f4nio Pr\u00f3speri\",\"pronouns\":\"ele\",\"image\":{\"@type\":\"ImageObject\",\"inLanguage\":\"pt-BR\",\"@id\":\"https:\\\/\\\/i0.wp.com\\\/blogdoprosperi.com\\\/wp-content\\\/uploads\\\/2026\\\/05\\\/cropped-8059e613-6002-42fa-961e-8e275f575d71-2-5.jpg?fit=1360%2C931&ssl=1\",\"url\":\"https:\\\/\\\/i0.wp.com\\\/blogdoprosperi.com\\\/wp-content\\\/uploads\\\/2026\\\/05\\\/cropped-8059e613-6002-42fa-961e-8e275f575d71-2-5.jpg?fit=1360%2C931&ssl=1\",\"contentUrl\":\"https:\\\/\\\/i0.wp.com\\\/blogdoprosperi.com\\\/wp-content\\\/uploads\\\/2026\\\/05\\\/cropped-8059e613-6002-42fa-961e-8e275f575d71-2-5.jpg?fit=1360%2C931&ssl=1\",\"width\":1360,\"height\":931,\"caption\":\"Luiz Ant\u00f4nio Pr\u00f3speri\"},\"logo\":{\"@id\":\"https:\\\/\\\/i0.wp.com\\\/blogdoprosperi.com\\\/wp-content\\\/uploads\\\/2026\\\/05\\\/cropped-8059e613-6002-42fa-961e-8e275f575d71-2-5.jpg?fit=1360%2C931&ssl=1\"},\"description\":\"Jornalista com carreira dedicada ao esporte. Cobriu 9 Copas do Mundo in loco, 1990 na It\u00e1lia, 1994 nos EUA, 1998 na Fran\u00e7a, 2002 na Coreia do Sul e Jap\u00e3o, 2006 na Alemanha, 2010 na \u00c1frica do Sul, 2014 no Brasil, 2018 na R\u00fassia e 2022 no Qatar. Eurocopas, 1992 na Su\u00e9cia e 1996 na Inglaterra. Copa das Confedera\u00e7\u00f5es de 2005 na Alemanha e 2009 na \u00c1frica do Sul. Rep\u00f3rter e Editor, trabalhou no Jornal da Tarde e Estad\u00e3o, de 1984 a fevereiro de 2016. Colunista, blogueiro. E comentarista de futebol na R\u00e1dio Estad\u00e3o, de 2013 a fevereiro de 2016. Jornalista respons\u00e1vel do \\\"Pr\u00f3speri News\\\" (blogdoprosperi.com).\",\"sameAs\":[\"http:\\\/\\\/blogdoprosperi.com\",\"Luiz Pr\u00f3speri\",\"@luiz_prosperi\",\"https:\\\/\\\/x.com\\\/Luizprosperi\",\"@prosperinacopa\",\"luiz.prosperi@icloud.com\"],\"url\":\"https:\\\/\\\/blogdoprosperi.com\\\/?author=102107496\"}]}<\/script>\n<!-- \/ Yoast SEO plugin. -->","yoast_head_json":{"title":"Queda de Juc\u00e1 pode favorecer Rom\u00e1rio na investiga\u00e7\u00e3o da CBF - PR\u00d3SPERI NEWS","robots":{"index":"index","follow":"follow","max-snippet":"max-snippet:-1","max-image-preview":"max-image-preview:large","max-video-preview":"max-video-preview:-1"},"canonical":"https:\/\/blogdoprosperi.com\/?p=6989","og_locale":"pt_BR","og_type":"article","og_title":"Queda de Juc\u00e1 pode favorecer Rom\u00e1rio na investiga\u00e7\u00e3o da CBF - PR\u00d3SPERI NEWS","og_description":"A queda do senador Romero Juc\u00e1 no governo interino de Michel Temer pode alcan\u00e7ar a CPI do Futebol, [&hellip;]","og_url":"https:\/\/blogdoprosperi.com\/?p=6989","og_site_name":"PR\u00d3SPERI NEWS","article_publisher":"Luiz Pr\u00f3speri","article_author":"Luiz Pr\u00f3speri","article_published_time":"2016-05-23T22:35:34+00:00","article_modified_time":"2016-05-24T02:09:58+00:00","og_image":[{"url":"https:\/\/blogdoprosperi.com\/wp-content\/uploads\/2016\/05\/romero_juca_3.jpg","type":"","width":"","height":""}],"author":"Luiz Ant\u00f4nio Pr\u00f3speri","twitter_card":"summary_large_image","twitter_creator":"@Luizprosperi","twitter_site":"@Luizprosperi","twitter_misc":{"Escrito por":"Luiz Ant\u00f4nio Pr\u00f3speri","Est. tempo de leitura":"2 minutos"},"schema":{"@context":"https:\/\/schema.org","@graph":[{"@type":"Article","@id":"https:\/\/blogdoprosperi.com\/?p=6989#article","isPartOf":{"@id":"https:\/\/blogdoprosperi.com\/?p=6989"},"author":{"name":"Luiz Ant\u00f4nio Pr\u00f3speri","@id":"https:\/\/blogdoprosperi.com\/#\/schema\/person\/38100755ce3601861ee4fab9b5aa78e9"},"headline":"Queda de Juc\u00e1 pode favorecer Rom\u00e1rio na investiga\u00e7\u00e3o da CBF","datePublished":"2016-05-23T22:35:34+00:00","dateModified":"2016-05-24T02:09:58+00:00","mainEntityOfPage":{"@id":"https:\/\/blogdoprosperi.com\/?p=6989"},"wordCount":490,"commentCount":0,"publisher":{"@id":"https:\/\/blogdoprosperi.com\/#\/schema\/person\/38100755ce3601861ee4fab9b5aa78e9"},"image":{"@id":"https:\/\/blogdoprosperi.com\/?p=6989#primaryimage"},"thumbnailUrl":"https:\/\/blogdoprosperi.com\/wp-content\/uploads\/2016\/05\/romero_juca_3.jpg","keywords":["CBF","CPI do Futebol","futebol","Gandolfo Rodrigues","Marco Polo Del Nero","Ricardo Teixeira","Rom\u00e1rio","Romero Juc\u00e1"],"articleSection":["futebol"],"inLanguage":"pt-BR","potentialAction":[{"@type":"CommentAction","name":"Comment","target":["https:\/\/blogdoprosperi.com\/?p=6989#respond"]}]},{"@type":"WebPage","@id":"https:\/\/blogdoprosperi.com\/?p=6989","url":"https:\/\/blogdoprosperi.com\/?p=6989","name":"Queda de Juc\u00e1 pode favorecer Rom\u00e1rio na investiga\u00e7\u00e3o da CBF - PR\u00d3SPERI NEWS","isPartOf":{"@id":"https:\/\/blogdoprosperi.com\/#website"},"primaryImageOfPage":{"@id":"https:\/\/blogdoprosperi.com\/?p=6989#primaryimage"},"image":{"@id":"https:\/\/blogdoprosperi.com\/?p=6989#primaryimage"},"thumbnailUrl":"https:\/\/blogdoprosperi.com\/wp-content\/uploads\/2016\/05\/romero_juca_3.jpg","datePublished":"2016-05-23T22:35:34+00:00","dateModified":"2016-05-24T02:09:58+00:00","breadcrumb":{"@id":"https:\/\/blogdoprosperi.com\/?p=6989#breadcrumb"},"inLanguage":"pt-BR","potentialAction":[{"@type":"ReadAction","target":["https:\/\/blogdoprosperi.com\/?p=6989"]}]},{"@type":"ImageObject","inLanguage":"pt-BR","@id":"https:\/\/blogdoprosperi.com\/?p=6989#primaryimage","url":"https:\/\/i0.wp.com\/blogdoprosperi.com\/wp-content\/uploads\/2016\/05\/romero_juca_3.jpg?fit=645%2C388&ssl=1","contentUrl":"https:\/\/i0.wp.com\/blogdoprosperi.com\/wp-content\/uploads\/2016\/05\/romero_juca_3.jpg?fit=645%2C388&ssl=1","width":645,"height":388},{"@type":"BreadcrumbList","@id":"https:\/\/blogdoprosperi.com\/?p=6989#breadcrumb","itemListElement":[{"@type":"ListItem","position":1,"name":"In\u00edcio","item":"https:\/\/blogdoprosperi.com\/"},{"@type":"ListItem","position":2,"name":"Queda de Juc\u00e1 pode favorecer Rom\u00e1rio na investiga\u00e7\u00e3o da CBF"}]},{"@type":"WebSite","@id":"https:\/\/blogdoprosperi.com\/#website","url":"https:\/\/blogdoprosperi.com\/","name":"PR\u00d3SPERI NEWS","description":"TUDO \u00c9  FUTEBOL","publisher":{"@id":"https:\/\/blogdoprosperi.com\/#\/schema\/person\/38100755ce3601861ee4fab9b5aa78e9"},"alternateName":"blogdoprosperi.com","potentialAction":[{"@type":"SearchAction","target":{"@type":"EntryPoint","urlTemplate":"https:\/\/blogdoprosperi.com\/?s={search_term_string}"},"query-input":{"@type":"PropertyValueSpecification","valueRequired":true,"valueName":"search_term_string"}}],"inLanguage":"pt-BR"},{"@type":["Person","Organization"],"@id":"https:\/\/blogdoprosperi.com\/#\/schema\/person\/38100755ce3601861ee4fab9b5aa78e9","name":"Luiz Ant\u00f4nio Pr\u00f3speri","pronouns":"ele","image":{"@type":"ImageObject","inLanguage":"pt-BR","@id":"https:\/\/i0.wp.com\/blogdoprosperi.com\/wp-content\/uploads\/2026\/05\/cropped-8059e613-6002-42fa-961e-8e275f575d71-2-5.jpg?fit=1360%2C931&ssl=1","url":"https:\/\/i0.wp.com\/blogdoprosperi.com\/wp-content\/uploads\/2026\/05\/cropped-8059e613-6002-42fa-961e-8e275f575d71-2-5.jpg?fit=1360%2C931&ssl=1","contentUrl":"https:\/\/i0.wp.com\/blogdoprosperi.com\/wp-content\/uploads\/2026\/05\/cropped-8059e613-6002-42fa-961e-8e275f575d71-2-5.jpg?fit=1360%2C931&ssl=1","width":1360,"height":931,"caption":"Luiz Ant\u00f4nio Pr\u00f3speri"},"logo":{"@id":"https:\/\/i0.wp.com\/blogdoprosperi.com\/wp-content\/uploads\/2026\/05\/cropped-8059e613-6002-42fa-961e-8e275f575d71-2-5.jpg?fit=1360%2C931&ssl=1"},"description":"Jornalista com carreira dedicada ao esporte. Cobriu 9 Copas do Mundo in loco, 1990 na It\u00e1lia, 1994 nos EUA, 1998 na Fran\u00e7a, 2002 na Coreia do Sul e Jap\u00e3o, 2006 na Alemanha, 2010 na \u00c1frica do Sul, 2014 no Brasil, 2018 na R\u00fassia e 2022 no Qatar. Eurocopas, 1992 na Su\u00e9cia e 1996 na Inglaterra. Copa das Confedera\u00e7\u00f5es de 2005 na Alemanha e 2009 na \u00c1frica do Sul. Rep\u00f3rter e Editor, trabalhou no Jornal da Tarde e Estad\u00e3o, de 1984 a fevereiro de 2016. Colunista, blogueiro. E comentarista de futebol na R\u00e1dio Estad\u00e3o, de 2013 a fevereiro de 2016. Jornalista respons\u00e1vel do \"Pr\u00f3speri News\" (blogdoprosperi.com).","sameAs":["http:\/\/blogdoprosperi.com","Luiz Pr\u00f3speri","@luiz_prosperi","https:\/\/x.com\/Luizprosperi","@prosperinacopa","luiz.prosperi@icloud.com"],"url":"https:\/\/blogdoprosperi.com\/?author=102107496"}]}},"jetpack_publicize_connections":[],"jetpack_likes_enabled":false,"jetpack_sharing_enabled":true,"jetpack_shortlink":"https:\/\/wp.me\/p7jvdk-1OJ","jetpack-related-posts":[{"id":5046,"url":"https:\/\/blogdoprosperi.com\/?p=5046","url_meta":{"origin":6989,"position":0},"title":"Rom\u00e1rio cai na armadilha do PMDB e se enfraquece na luta contra a CBF","author":"Luiz Ant\u00f4nio Pr\u00f3speri","date":"11 de maio de 2016","format":false,"excerpt":"O senador Rom\u00e1rio (PSB-RJ) acaba de se posicionar a favor do impeachment da presidenta Dilma Rousseff. Evidente que o ex-jogador sabe muito bem que o PMDB, do senador Romero Juc\u00e1, relator da CPI do Futebol, vai virar ministro de Michel Temer. Juc\u00e1 \u00e9 aliado do presidente da CBF, Marco Polo\u2026","rel":"","context":"Em &quot;futebol&quot;","block_context":{"text":"futebol","link":"https:\/\/blogdoprosperi.com\/?cat=53870"},"img":{"alt_text":"","src":"https:\/\/i0.wp.com\/blogdoprosperi.com\/wp-content\/uploads\/2016\/05\/26248335184_ea230440fa_z.jpg?resize=350%2C200&ssl=1","width":350,"height":200,"srcset":"https:\/\/i0.wp.com\/blogdoprosperi.com\/wp-content\/uploads\/2016\/05\/26248335184_ea230440fa_z.jpg?resize=350%2C200&ssl=1 1x, https:\/\/i0.wp.com\/blogdoprosperi.com\/wp-content\/uploads\/2016\/05\/26248335184_ea230440fa_z.jpg?resize=525%2C300&ssl=1 1.5x"},"classes":[]},{"id":620,"url":"https:\/\/blogdoprosperi.com\/?p=620","url_meta":{"origin":6989,"position":1},"title":"A solid\u00e3o de Rom\u00e1rio","author":"Luiz Ant\u00f4nio Pr\u00f3speri","date":"7 de abril de 2016","format":false,"excerpt":"Eleito senador pelo PSB do Rio de Janeiro com 4,6 milh\u00f5es de votos, em 2014, Rom\u00e1rio imaginou que teria na pol\u00edtica parceiros leais como tinha nos seus tempos de artilheiro implac\u00e1vel. Assumiu seu posto no Senado e, entre outras frentes de lutas, resolveu comprar briga com os dirigentes de futebol.\u2026","rel":"","context":"Em &quot;futebol&quot;","block_context":{"text":"futebol","link":"https:\/\/blogdoprosperi.com\/?cat=53870"},"img":{"alt_text":"","src":"https:\/\/i0.wp.com\/blogdoprosperi.com\/wp-content\/uploads\/2016\/04\/img_3073.jpg?resize=350%2C200&ssl=1","width":350,"height":200,"srcset":"https:\/\/i0.wp.com\/blogdoprosperi.com\/wp-content\/uploads\/2016\/04\/img_3073.jpg?resize=350%2C200&ssl=1 1x, https:\/\/i0.wp.com\/blogdoprosperi.com\/wp-content\/uploads\/2016\/04\/img_3073.jpg?resize=525%2C300&ssl=1 1.5x"},"classes":[]},{"id":35329,"url":"https:\/\/blogdoprosperi.com\/?p=35329","url_meta":{"origin":6989,"position":2},"title":"CBF e Globo faturam alto com vit\u00f3rias da Sele\u00e7\u00e3o de Tite","author":"Luiz Ant\u00f4nio Pr\u00f3speri","date":"31 de mar\u00e7o de 2017","format":false,"excerpt":"A CBF \u00e9 a maior beneficiada com a reviravolta da Sele\u00e7\u00e3o Brasileira, a primeira se classificar no campo ao Mundial da R\u00fassia 2018. Sem mover uma palha, apenas com a troca de Dunga por Tite, a entidade conseguiu amenizar a press\u00e3o em cima do presidente Marco Polo Del Nero, renovou\u2026","rel":"","context":"Em &quot;futebol&quot;","block_context":{"text":"futebol","link":"https:\/\/blogdoprosperi.com\/?cat=53870"},"img":{"alt_text":"","src":"https:\/\/i0.wp.com\/blogdoprosperi.com\/wp-content\/uploads\/2017\/03\/20170303122503_0.jpeg?resize=350%2C200&ssl=1","width":350,"height":200,"srcset":"https:\/\/i0.wp.com\/blogdoprosperi.com\/wp-content\/uploads\/2017\/03\/20170303122503_0.jpeg?resize=350%2C200&ssl=1 1x, https:\/\/i0.wp.com\/blogdoprosperi.com\/wp-content\/uploads\/2017\/03\/20170303122503_0.jpeg?resize=525%2C300&ssl=1 1.5x, https:\/\/i0.wp.com\/blogdoprosperi.com\/wp-content\/uploads\/2017\/03\/20170303122503_0.jpeg?resize=700%2C400&ssl=1 2x"},"classes":[]},{"id":37385,"url":"https:\/\/blogdoprosperi.com\/?p=37385","url_meta":{"origin":6989,"position":3},"title":"Del Nero manobra e elege sucessor na CBF, antes de ser banido pela Fifa","author":"Luiz Ant\u00f4nio Pr\u00f3speri","date":"8 de mar\u00e7o de 2018","format":false,"excerpt":"CBF j\u00e1 tem candidato \u00fanico \u00e0 sucess\u00e3o do presidente Marco Polo Del Nero, banido do futebol por 90 dias acusado de corrup\u00e7\u00e3o pela Fifa. Trata-se de Rogerio Langanhe Cabloco, ex-diretor financeiro e atual executivo de gest\u00e3o da entidade. Seu nome foi escolhido por Del Nero e foi lan\u00e7ado de forma\u2026","rel":"","context":"Em &quot;futebol&quot;","block_context":{"text":"futebol","link":"https:\/\/blogdoprosperi.com\/?cat=53870"},"img":{"alt_text":"","src":"https:\/\/i0.wp.com\/blogdoprosperi.com\/wp-content\/uploads\/2018\/03\/image.jpeg?fit=620%2C413&ssl=1&resize=350%2C200","width":350,"height":200,"srcset":"https:\/\/i0.wp.com\/blogdoprosperi.com\/wp-content\/uploads\/2018\/03\/image.jpeg?fit=620%2C413&ssl=1&resize=350%2C200 1x, https:\/\/i0.wp.com\/blogdoprosperi.com\/wp-content\/uploads\/2018\/03\/image.jpeg?fit=620%2C413&ssl=1&resize=525%2C300 1.5x"},"classes":[]},{"id":41158,"url":"https:\/\/blogdoprosperi.com\/?p=41158","url_meta":{"origin":6989,"position":4},"title":"CBF anuncia novo secret\u00e1rio-geral, alinhado ao governo Lula","author":"Luiz Ant\u00f4nio Pr\u00f3speri","date":"16 de janeiro de 2023","format":false,"excerpt":"CBF, enfim, tem um novo secret\u00e1rio-geral, cargo mais importante da entidade abaixo apenas da presid\u00eancia. O escolhido \u00e9 Alcino Reis Rocha, muito pr\u00f3ximo do governo Lula e lideran\u00e7as do PT. Desde a demiss\u00e3o de Edu Zebini, em mar\u00e7o de 2022, a CBF n\u00e3o contava com um secret\u00e1rio-geral. Zebini assumiu o\u2026","rel":"","context":"Em &quot;CBF&quot;","block_context":{"text":"CBF","link":"https:\/\/blogdoprosperi.com\/?cat=570700"},"img":{"alt_text":"","src":"https:\/\/i0.wp.com\/blogdoprosperi.com\/wp-content\/uploads\/2023\/01\/20230116180748_76.jpeg?fit=910%2C607&ssl=1&resize=350%2C200","width":350,"height":200,"srcset":"https:\/\/i0.wp.com\/blogdoprosperi.com\/wp-content\/uploads\/2023\/01\/20230116180748_76.jpeg?fit=910%2C607&ssl=1&resize=350%2C200 1x, https:\/\/i0.wp.com\/blogdoprosperi.com\/wp-content\/uploads\/2023\/01\/20230116180748_76.jpeg?fit=910%2C607&ssl=1&resize=525%2C300 1.5x, https:\/\/i0.wp.com\/blogdoprosperi.com\/wp-content\/uploads\/2023\/01\/20230116180748_76.jpeg?fit=910%2C607&ssl=1&resize=700%2C400 2x"},"classes":[]},{"id":35955,"url":"https:\/\/blogdoprosperi.com\/?p=35955","url_meta":{"origin":6989,"position":5},"title":"Justi\u00e7a n\u00e3o perdoa celebridades do futebol na Espanha, no Brasil&#8230;","author":"Luiz Ant\u00f4nio Pr\u00f3speri","date":"29 de maio de 2017","format":false,"excerpt":"Sandro Rosell, ex-presidente do Barcelona e ex-diretor da Nike em neg\u00f3cios com a CBF, est\u00e1 preso em Madri desde ter\u00e7a-feira (23\/5) acusado de lavagem de dinheiro. Lionel Messi, sim, o craque dos craques do Bar\u00e7a, e seu pai foram condenados a 21 meses de pris\u00e3o por causa de tr\u00eas crimes\u2026","rel":"","context":"Em &quot;futebol&quot;","block_context":{"text":"futebol","link":"https:\/\/blogdoprosperi.com\/?cat=53870"},"img":{"alt_text":"","src":"https:\/\/i0.wp.com\/blogdoprosperi.com\/wp-content\/uploads\/2017\/05\/lionel-messi-deixa-tribunal-apos-ser-interrogado-sobre-fraude-fiscal-1464875036902_1920x1367.jpg?fit=1200%2C854&ssl=1&resize=350%2C200","width":350,"height":200,"srcset":"https:\/\/i0.wp.com\/blogdoprosperi.com\/wp-content\/uploads\/2017\/05\/lionel-messi-deixa-tribunal-apos-ser-interrogado-sobre-fraude-fiscal-1464875036902_1920x1367.jpg?fit=1200%2C854&ssl=1&resize=350%2C200 1x, https:\/\/i0.wp.com\/blogdoprosperi.com\/wp-content\/uploads\/2017\/05\/lionel-messi-deixa-tribunal-apos-ser-interrogado-sobre-fraude-fiscal-1464875036902_1920x1367.jpg?fit=1200%2C854&ssl=1&resize=525%2C300 1.5x, https:\/\/i0.wp.com\/blogdoprosperi.com\/wp-content\/uploads\/2017\/05\/lionel-messi-deixa-tribunal-apos-ser-interrogado-sobre-fraude-fiscal-1464875036902_1920x1367.jpg?fit=1200%2C854&ssl=1&resize=700%2C400 2x, https:\/\/i0.wp.com\/blogdoprosperi.com\/wp-content\/uploads\/2017\/05\/lionel-messi-deixa-tribunal-apos-ser-interrogado-sobre-fraude-fiscal-1464875036902_1920x1367.jpg?fit=1200%2C854&ssl=1&resize=1050%2C600 3x"},"classes":[]}],"jetpack_featured_media_url":"","_links":{"self":[{"href":"https:\/\/blogdoprosperi.com\/index.php?rest_route=\/wp\/v2\/posts\/6989","targetHints":{"allow":["GET"]}}],"collection":[{"href":"https:\/\/blogdoprosperi.com\/index.php?rest_route=\/wp\/v2\/posts"}],"about":[{"href":"https:\/\/blogdoprosperi.com\/index.php?rest_route=\/wp\/v2\/types\/post"}],"author":[{"embeddable":true,"href":"https:\/\/blogdoprosperi.com\/index.php?rest_route=\/wp\/v2\/users\/102107496"}],"replies":[{"embeddable":true,"href":"https:\/\/blogdoprosperi.com\/index.php?rest_route=%2Fwp%2Fv2%2Fcomments&post=6989"}],"version-history":[{"count":25,"href":"https:\/\/blogdoprosperi.com\/index.php?rest_route=\/wp\/v2\/posts\/6989\/revisions"}],"predecessor-version":[{"id":7075,"href":"https:\/\/blogdoprosperi.com\/index.php?rest_route=\/wp\/v2\/posts\/6989\/revisions\/7075"}],"wp:attachment":[{"href":"https:\/\/blogdoprosperi.com\/index.php?rest_route=%2Fwp%2Fv2%2Fmedia&parent=6989"}],"wp:term":[{"taxonomy":"category","embeddable":true,"href":"https:\/\/blogdoprosperi.com\/index.php?rest_route=%2Fwp%2Fv2%2Fcategories&post=6989"},{"taxonomy":"post_tag","embeddable":true,"href":"https:\/\/blogdoprosperi.com\/index.php?rest_route=%2Fwp%2Fv2%2Ftags&post=6989"}],"curies":[{"name":"wp","href":"https:\/\/api.w.org\/{rel}","templated":true}]}}