{"id":7260,"date":"2016-05-25T16:44:32","date_gmt":"2016-05-25T16:44:32","guid":{"rendered":"http:\/\/blogdoprosperi.com\/?p=7260"},"modified":"2016-05-25T17:07:15","modified_gmt":"2016-05-25T17:07:15","slug":"tite-pode-deixar-o-corinthians-se-torcida-organizada-continuar-com-livre-acesso-para-cobrar-jogadores","status":"publish","type":"post","link":"https:\/\/blogdoprosperi.com\/?p=7260","title":{"rendered":"Tite pode deixar o Corinthians, se torcida organizada continuar com livre acesso para cobrar jogadores"},"content":{"rendered":"<p><span class=\"alignnone\"><img data-recalc-dims=\"1\" loading=\"lazy\" decoding=\"async\" data-attachment-id=\"7309\" data-permalink=\"https:\/\/blogdoprosperi.com\/?attachment_id=7309\" data-orig-file=\"https:\/\/i0.wp.com\/blogdoprosperi.com\/wp-content\/uploads\/2016\/05\/tite-corinthians.jpg?fit=940%2C627&amp;ssl=1\" data-orig-size=\"940,627\" data-comments-opened=\"1\" data-image-meta=\"{&quot;aperture&quot;:&quot;0&quot;,&quot;credit&quot;:&quot;&quot;,&quot;camera&quot;:&quot;&quot;,&quot;caption&quot;:&quot;&quot;,&quot;created_timestamp&quot;:&quot;0&quot;,&quot;copyright&quot;:&quot;&quot;,&quot;focal_length&quot;:&quot;0&quot;,&quot;iso&quot;:&quot;0&quot;,&quot;shutter_speed&quot;:&quot;0&quot;,&quot;title&quot;:&quot;&quot;,&quot;orientation&quot;:&quot;0&quot;}\" data-image-title=\"tite-corinthians\" data-image-description=\"\" data-image-caption=\"\" data-large-file=\"https:\/\/i0.wp.com\/blogdoprosperi.com\/wp-content\/uploads\/2016\/05\/tite-corinthians.jpg?fit=940%2C627&amp;ssl=1\" class=\"alignnone size-full wp-image-7309\" src=\"https:\/\/i0.wp.com\/blogdoprosperi.com\/wp-content\/uploads\/2016\/05\/tite-corinthians.jpg?resize=940%2C627&#038;ssl=1\" alt=\"tite-corinthians\" width=\"940\" height=\"627\" \/><\/span><\/p>\n<p>Tite, constrangido, cedeu \u00e0 press\u00e3o da torcida e tirou Andr\u00e9 do time. O atacante era um dos jogadores mais contestados pelas fac\u00e7\u00f5es organizadas do <a href=\"http:\/\/blogdoprosperi.com\/2016\/05\/22\/corinthians-sofre-derrota-com-novo-esquema-de-tite\/\">Corinthians<\/a>. Ele tinha cadeira cativa com o treinador, apesar de p\u00eanaltis perdidos e atua\u00e7\u00f5es deplor\u00e1veis.<\/p>\n<p>A sa\u00edda de Andr\u00e9 abre espa\u00e7o, mais uma vez, para Luciano, escalado para o jogo contra a Ponte Preta, \u00e0s 11h, neste feriado de quinta-feira, pelo <a href=\"http:\/\/blogdoprosperi.com\/2016\/05\/14\/palmeiras-corinthians-e-atletico-sao-candidatos-a-faturar-o-brasileirao-2016\/\">Brasileir\u00e3o<\/a>.<\/p>\n<p>Ao mesmo tempo que jogou Andr\u00e9 aos le\u00f5es,\u00a0<a href=\"http:\/\/blogdoprosperi.com\/2016\/05\/15\/torcida-se-revolta-com-a-mesmice-do-corinthians-contra-o-gremio\/\">Tite<\/a> tamb\u00e9m exp\u00f4s seu enorme inc\u00f4modo com parte da torcida, aquela que tem livre acesso ao comando do clube para cobrar l\u00edderes dos jogadores em reuni\u00e3o dentro das depend\u00eancias do CT do Corinthians<\/p>\n<p>Essa situa\u00e7\u00e3o constrangedora com o poder da torcida, passando por cima do trabalho da comiss\u00e3o t\u00e9cnica e dos jogadores, minou Tite.<\/p>\n<p><span class=\"alignnone\"><img data-recalc-dims=\"1\" loading=\"lazy\" decoding=\"async\" data-attachment-id=\"7313\" data-permalink=\"https:\/\/blogdoprosperi.com\/?attachment_id=7313\" data-orig-file=\"https:\/\/i0.wp.com\/blogdoprosperi.com\/wp-content\/uploads\/2016\/05\/torcedores-do-corinthians-cercam-e-apedrejam-onibus-em-que-estavam-os-jogadores-do-timefoto-marcos-alveso-globo.jpg?fit=1265%2C550&amp;ssl=1\" data-orig-size=\"1265,550\" data-comments-opened=\"1\" data-image-meta=\"{&quot;aperture&quot;:&quot;0&quot;,&quot;credit&quot;:&quot;&quot;,&quot;camera&quot;:&quot;&quot;,&quot;caption&quot;:&quot;&quot;,&quot;created_timestamp&quot;:&quot;0&quot;,&quot;copyright&quot;:&quot;&quot;,&quot;focal_length&quot;:&quot;0&quot;,&quot;iso&quot;:&quot;0&quot;,&quot;shutter_speed&quot;:&quot;0&quot;,&quot;title&quot;:&quot;&quot;,&quot;orientation&quot;:&quot;0&quot;}\" data-image-title=\"Torcedores-do-Corinthians-cercam-e-apedrejam-onibus-em-que-estavam-os-jogadores-do-timeFoto-Marcos-AlvesO-Globo\" data-image-description=\"\" data-image-caption=\"\" data-large-file=\"https:\/\/i0.wp.com\/blogdoprosperi.com\/wp-content\/uploads\/2016\/05\/torcedores-do-corinthians-cercam-e-apedrejam-onibus-em-que-estavam-os-jogadores-do-timefoto-marcos-alveso-globo.jpg?fit=940%2C409&amp;ssl=1\" class=\"alignnone size-full wp-image-7313\" src=\"https:\/\/i0.wp.com\/blogdoprosperi.com\/wp-content\/uploads\/2016\/05\/torcedores-do-corinthians-cercam-e-apedrejam-onibus-em-que-estavam-os-jogadores-do-timefoto-marcos-alveso-globo.jpg?resize=940%2C409&#038;ssl=1\" alt=\"Torcedores-do-Corinthians-cercam-e-apedrejam-onibus-em-que-estavam-os-jogadores-do-timeFoto-Marcos-AlvesO-Globo\" width=\"940\" height=\"409\" \/><\/span><\/p>\n<p>O treinador j\u00e1 n\u00e3o suporta mais essa press\u00e3o das fac\u00e7\u00f5es organizadas e pode cair fora do Corinthians se a diretoria do clube n\u00e3o agir com urg\u00eancia. Tite tem mercado na China e no futebol brasileiro.<\/p>\n<p>Veja o que ele disse na entrevista coletiva nesta quarta-feira por volta das 11h30:<\/p>\n<blockquote><p>&#8220;Quanto ao torcedor, quero dizer para ele que se tivesse algum vagabundo aqui dentro, seguramente a dire\u00e7\u00e3o e seu t\u00e9cnico estariam colocando o dedo na ferida. Respeito e apoio n\u00f3s precisamos. Atleta \u00e9 ser humano, t\u00e9cnico \u00e9 ser humano, independente de todas as conquistas que j\u00e1 tivemos no Corinthians&#8221;.<\/p>\n<p>&#8220;Quando vier aplauso na hora do erro, vai ajudar o atleta, o t\u00e9cnico, a institui\u00e7\u00e3o Corinthians. N\u00e3o tem vagabundo, n\u00e3o tem sem vergonha, n\u00e3o tem cara acomodado com o Corinthians. Se tenho um respeito do torcedor no dia do meu anivers\u00e1rio, pe\u00e7o paci\u00eancia&#8221;.<\/p><\/blockquote>\n<p>Tite est\u00e1 desgastado com essa situa\u00e7\u00e3o e ficou ainda mais irritado com as declara\u00e7\u00f5es do diretor de futebol adjunto Eduardo Ferreira. Veja o que disse o dirigente:<\/p>\n<blockquote><p>&#8220;Isso, dos torcedores vierem aqui falar com os jogadores, \u00e9 normal. \u00c9 da cultura do clube. N\u00e3o \u00e9 de hoje, vem de 40 anos. N\u00e3o vai mudar&#8221;.<\/p><\/blockquote>\n<p>Eduardo Ferreira \u00e9 conhecido como Edu da Gavi\u00f5es por sua estreita liga\u00e7\u00e3o com a maior torcida organizada do Corinthians.<\/p>\n<p>Relatos nesta quarta-feira em sites e programas esportivos na televis\u00e3o d\u00e3o conta de que jogadores foram agredidos em Salvador no s\u00e1bado, v\u00e9spera do jogo em que o Corinthians foi derrotado pelo Vit\u00f3ria por 3 a 2 no domingo.<\/p>\n<p>Nesse clima b\u00e9lico e ruim, n\u00e3o ser\u00e1 surpresa se alguns jogadores for\u00e7arem a sa\u00edda do clube. O que n\u00e3o \u00e9 uma novidade. Num passado recente, Tevez, Ed\u00edlson Capetinha, Marcelinho Carioca, Roberto Carlos, Guerrero, entre outros menos famosos, j\u00e1 ca\u00edram fora do Corinthians ap\u00f3s agress\u00f5es de torcedores.<\/p>\n<p>Tite est\u00e1 atento a esse movimento das organizadas. As fac\u00e7\u00f5es t\u00eam respaldo da alta c\u00fapula do clube. O treinador n\u00e3o suporta mais essa situa\u00e7\u00e3o e se tiver de sair no bra\u00e7o para proteger jogadores de agress\u00e3o de torcedores, como fez em Salvador, vai pedir o bon\u00e9 e deixar o Corinthians.<\/p>\n","protected":false},"excerpt":{"rendered":"<p>Tite, constrangido, cedeu \u00e0 press\u00e3o da torcida e tirou Andr\u00e9 do time. O atacante era um dos jogadores [&hellip;]<\/p>\n","protected":false},"author":102107496,"featured_media":0,"comment_status":"open","ping_status":"open","sticky":false,"template":"","format":"standard","meta":{"_coblocks_attr":"","_coblocks_dimensions":"","_coblocks_responsive_height":"","_coblocks_accordion_ie_support":"","_jetpack_newsletter_access":"","_jetpack_dont_email_post_to_subs":false,"_jetpack_newsletter_tier_id":0,"_jetpack_memberships_contains_paywalled_content":false,"_wpcom_ai_launchpad_first_post":false,"_jetpack_feature_clip_id":0,"_jetpack_memberships_contains_paid_content":false,"footnotes":"","jetpack_publicize_message":"","jetpack_publicize_feature_enabled":true,"jetpack_social_post_already_shared":false,"jetpack_social_options":{"image_generator_settings":{"template":"highway","default_image_id":0,"font":"","enabled":false},"version":2},"jetpack_post_was_ever_published":false},"categories":[355071,53870],"tags":[458467419,362595295,177066,11316825,498244819,789560560,2609006,1814220],"class_list":["post-7260","post","type-post","status-publish","format-standard","hentry","category-campeonato-brasileiro","category-futebol","tag-andre-corinthians","tag-brasileirao-2016","tag-corinthians","tag-corinthians-x-ponte-preta","tag-edu-da-gavioes","tag-futebol","tag-gavioes-da-fiel","tag-tite"],"yoast_head":"<!-- This site is optimized with the Yoast SEO plugin v28.3 - https:\/\/yoast.com\/product\/yoast-seo-wordpress\/ -->\n<title>Tite pode deixar o Corinthians, se torcida organizada continuar com livre acesso para cobrar jogadores - PR\u00d3SPERI NEWS<\/title>\n<meta name=\"robots\" content=\"index, follow, max-snippet:-1, max-image-preview:large, max-video-preview:-1\" \/>\n<link rel=\"canonical\" href=\"https:\/\/blogdoprosperi.com\/?p=7260\" \/>\n<meta property=\"og:locale\" content=\"pt_BR\" \/>\n<meta property=\"og:type\" content=\"article\" \/>\n<meta property=\"og:title\" content=\"Tite pode deixar o Corinthians, se torcida organizada continuar com livre acesso para cobrar jogadores - PR\u00d3SPERI NEWS\" \/>\n<meta property=\"og:description\" content=\"Tite, constrangido, cedeu \u00e0 press\u00e3o da torcida e tirou Andr\u00e9 do time. O atacante era um dos jogadores [&hellip;]\" \/>\n<meta property=\"og:url\" content=\"https:\/\/blogdoprosperi.com\/?p=7260\" \/>\n<meta property=\"og:site_name\" content=\"PR\u00d3SPERI NEWS\" \/>\n<meta property=\"article:publisher\" content=\"Luiz Pr\u00f3speri\" \/>\n<meta property=\"article:author\" content=\"Luiz Pr\u00f3speri\" \/>\n<meta property=\"article:published_time\" content=\"2016-05-25T16:44:32+00:00\" \/>\n<meta property=\"article:modified_time\" content=\"2016-05-25T17:07:15+00:00\" \/>\n<meta property=\"og:image\" content=\"https:\/\/blogdoprosperi.com\/wp-content\/uploads\/2016\/05\/tite-corinthians.jpg\" \/>\n<meta name=\"author\" content=\"Luiz Ant\u00f4nio Pr\u00f3speri\" \/>\n<meta name=\"twitter:card\" content=\"summary_large_image\" \/>\n<meta name=\"twitter:creator\" content=\"@Luizprosperi\" \/>\n<meta name=\"twitter:site\" content=\"@Luizprosperi\" \/>\n<meta name=\"twitter:label1\" content=\"Escrito por\" \/>\n\t<meta name=\"twitter:data1\" content=\"Luiz Ant\u00f4nio Pr\u00f3speri\" \/>\n\t<meta name=\"twitter:label2\" content=\"Est. tempo de leitura\" \/>\n\t<meta name=\"twitter:data2\" content=\"3 minutos\" \/>\n<script type=\"application\/ld+json\" class=\"yoast-schema-graph\">{\"@context\":\"https:\\\/\\\/schema.org\",\"@graph\":[{\"@type\":\"Article\",\"@id\":\"https:\\\/\\\/blogdoprosperi.com\\\/?p=7260#article\",\"isPartOf\":{\"@id\":\"https:\\\/\\\/blogdoprosperi.com\\\/?p=7260\"},\"author\":{\"name\":\"Luiz Ant\u00f4nio Pr\u00f3speri\",\"@id\":\"https:\\\/\\\/blogdoprosperi.com\\\/#\\\/schema\\\/person\\\/38100755ce3601861ee4fab9b5aa78e9\"},\"headline\":\"Tite pode deixar o Corinthians, se torcida organizada continuar com livre acesso para cobrar jogadores\",\"datePublished\":\"2016-05-25T16:44:32+00:00\",\"dateModified\":\"2016-05-25T17:07:15+00:00\",\"mainEntityOfPage\":{\"@id\":\"https:\\\/\\\/blogdoprosperi.com\\\/?p=7260\"},\"wordCount\":542,\"commentCount\":2,\"publisher\":{\"@id\":\"https:\\\/\\\/blogdoprosperi.com\\\/#\\\/schema\\\/person\\\/38100755ce3601861ee4fab9b5aa78e9\"},\"image\":{\"@id\":\"https:\\\/\\\/blogdoprosperi.com\\\/?p=7260#primaryimage\"},\"thumbnailUrl\":\"https:\\\/\\\/blogdoprosperi.com\\\/wp-content\\\/uploads\\\/2016\\\/05\\\/tite-corinthians.jpg\",\"keywords\":[\"Andr\u00e9 Corinthians\",\"Brasileir\u00e3o-2016\",\"Corinthians\",\"Corinthians x Ponte Preta\",\"Edu da Gavi\u00f5es\",\"futebol\",\"Gavi\u00f5es da Fiel\",\"Tite\"],\"articleSection\":[\"Campeonato Brasileiro\",\"futebol\"],\"inLanguage\":\"pt-BR\",\"potentialAction\":[{\"@type\":\"CommentAction\",\"name\":\"Comment\",\"target\":[\"https:\\\/\\\/blogdoprosperi.com\\\/?p=7260#respond\"]}]},{\"@type\":\"WebPage\",\"@id\":\"https:\\\/\\\/blogdoprosperi.com\\\/?p=7260\",\"url\":\"https:\\\/\\\/blogdoprosperi.com\\\/?p=7260\",\"name\":\"Tite pode deixar o Corinthians, se torcida organizada continuar com livre acesso para cobrar jogadores - PR\u00d3SPERI NEWS\",\"isPartOf\":{\"@id\":\"https:\\\/\\\/blogdoprosperi.com\\\/#website\"},\"primaryImageOfPage\":{\"@id\":\"https:\\\/\\\/blogdoprosperi.com\\\/?p=7260#primaryimage\"},\"image\":{\"@id\":\"https:\\\/\\\/blogdoprosperi.com\\\/?p=7260#primaryimage\"},\"thumbnailUrl\":\"https:\\\/\\\/blogdoprosperi.com\\\/wp-content\\\/uploads\\\/2016\\\/05\\\/tite-corinthians.jpg\",\"datePublished\":\"2016-05-25T16:44:32+00:00\",\"dateModified\":\"2016-05-25T17:07:15+00:00\",\"breadcrumb\":{\"@id\":\"https:\\\/\\\/blogdoprosperi.com\\\/?p=7260#breadcrumb\"},\"inLanguage\":\"pt-BR\",\"potentialAction\":[{\"@type\":\"ReadAction\",\"target\":[\"https:\\\/\\\/blogdoprosperi.com\\\/?p=7260\"]}]},{\"@type\":\"ImageObject\",\"inLanguage\":\"pt-BR\",\"@id\":\"https:\\\/\\\/blogdoprosperi.com\\\/?p=7260#primaryimage\",\"url\":\"https:\\\/\\\/i0.wp.com\\\/blogdoprosperi.com\\\/wp-content\\\/uploads\\\/2016\\\/05\\\/tite-corinthians.jpg?fit=940%2C627&ssl=1\",\"contentUrl\":\"https:\\\/\\\/i0.wp.com\\\/blogdoprosperi.com\\\/wp-content\\\/uploads\\\/2016\\\/05\\\/tite-corinthians.jpg?fit=940%2C627&ssl=1\",\"width\":940,\"height\":627},{\"@type\":\"BreadcrumbList\",\"@id\":\"https:\\\/\\\/blogdoprosperi.com\\\/?p=7260#breadcrumb\",\"itemListElement\":[{\"@type\":\"ListItem\",\"position\":1,\"name\":\"In\u00edcio\",\"item\":\"https:\\\/\\\/blogdoprosperi.com\\\/\"},{\"@type\":\"ListItem\",\"position\":2,\"name\":\"Tite pode deixar o Corinthians, se torcida organizada continuar com livre acesso para cobrar jogadores\"}]},{\"@type\":\"WebSite\",\"@id\":\"https:\\\/\\\/blogdoprosperi.com\\\/#website\",\"url\":\"https:\\\/\\\/blogdoprosperi.com\\\/\",\"name\":\"PR\u00d3SPERI NEWS\",\"description\":\"TUDO \u00c9  FUTEBOL\",\"publisher\":{\"@id\":\"https:\\\/\\\/blogdoprosperi.com\\\/#\\\/schema\\\/person\\\/38100755ce3601861ee4fab9b5aa78e9\"},\"alternateName\":\"blogdoprosperi.com\",\"potentialAction\":[{\"@type\":\"SearchAction\",\"target\":{\"@type\":\"EntryPoint\",\"urlTemplate\":\"https:\\\/\\\/blogdoprosperi.com\\\/?s={search_term_string}\"},\"query-input\":{\"@type\":\"PropertyValueSpecification\",\"valueRequired\":true,\"valueName\":\"search_term_string\"}}],\"inLanguage\":\"pt-BR\"},{\"@type\":[\"Person\",\"Organization\"],\"@id\":\"https:\\\/\\\/blogdoprosperi.com\\\/#\\\/schema\\\/person\\\/38100755ce3601861ee4fab9b5aa78e9\",\"name\":\"Luiz Ant\u00f4nio Pr\u00f3speri\",\"pronouns\":\"ele\",\"image\":{\"@type\":\"ImageObject\",\"inLanguage\":\"pt-BR\",\"@id\":\"https:\\\/\\\/i0.wp.com\\\/blogdoprosperi.com\\\/wp-content\\\/uploads\\\/2026\\\/05\\\/cropped-8059e613-6002-42fa-961e-8e275f575d71-2-5.jpg?fit=1360%2C931&ssl=1\",\"url\":\"https:\\\/\\\/i0.wp.com\\\/blogdoprosperi.com\\\/wp-content\\\/uploads\\\/2026\\\/05\\\/cropped-8059e613-6002-42fa-961e-8e275f575d71-2-5.jpg?fit=1360%2C931&ssl=1\",\"contentUrl\":\"https:\\\/\\\/i0.wp.com\\\/blogdoprosperi.com\\\/wp-content\\\/uploads\\\/2026\\\/05\\\/cropped-8059e613-6002-42fa-961e-8e275f575d71-2-5.jpg?fit=1360%2C931&ssl=1\",\"width\":1360,\"height\":931,\"caption\":\"Luiz Ant\u00f4nio Pr\u00f3speri\"},\"logo\":{\"@id\":\"https:\\\/\\\/i0.wp.com\\\/blogdoprosperi.com\\\/wp-content\\\/uploads\\\/2026\\\/05\\\/cropped-8059e613-6002-42fa-961e-8e275f575d71-2-5.jpg?fit=1360%2C931&ssl=1\"},\"description\":\"Jornalista com carreira dedicada ao esporte. Cobriu 9 Copas do Mundo in loco, 1990 na It\u00e1lia, 1994 nos EUA, 1998 na Fran\u00e7a, 2002 na Coreia do Sul e Jap\u00e3o, 2006 na Alemanha, 2010 na \u00c1frica do Sul, 2014 no Brasil, 2018 na R\u00fassia e 2022 no Qatar. Eurocopas, 1992 na Su\u00e9cia e 1996 na Inglaterra. Copa das Confedera\u00e7\u00f5es de 2005 na Alemanha e 2009 na \u00c1frica do Sul. Rep\u00f3rter e Editor, trabalhou no Jornal da Tarde e Estad\u00e3o, de 1984 a fevereiro de 2016. Colunista, blogueiro. E comentarista de futebol na R\u00e1dio Estad\u00e3o, de 2013 a fevereiro de 2016. Jornalista respons\u00e1vel do \\\"Pr\u00f3speri News\\\" (blogdoprosperi.com).\",\"sameAs\":[\"http:\\\/\\\/blogdoprosperi.com\",\"Luiz Pr\u00f3speri\",\"@luiz_prosperi\",\"https:\\\/\\\/x.com\\\/Luizprosperi\",\"@prosperinacopa\",\"luiz.prosperi@icloud.com\"],\"url\":\"https:\\\/\\\/blogdoprosperi.com\\\/?author=102107496\"}]}<\/script>\n<!-- \/ Yoast SEO plugin. -->","yoast_head_json":{"title":"Tite pode deixar o Corinthians, se torcida organizada continuar com livre acesso para cobrar jogadores - PR\u00d3SPERI NEWS","robots":{"index":"index","follow":"follow","max-snippet":"max-snippet:-1","max-image-preview":"max-image-preview:large","max-video-preview":"max-video-preview:-1"},"canonical":"https:\/\/blogdoprosperi.com\/?p=7260","og_locale":"pt_BR","og_type":"article","og_title":"Tite pode deixar o Corinthians, se torcida organizada continuar com livre acesso para cobrar jogadores - PR\u00d3SPERI NEWS","og_description":"Tite, constrangido, cedeu \u00e0 press\u00e3o da torcida e tirou Andr\u00e9 do time. O atacante era um dos jogadores [&hellip;]","og_url":"https:\/\/blogdoprosperi.com\/?p=7260","og_site_name":"PR\u00d3SPERI NEWS","article_publisher":"Luiz Pr\u00f3speri","article_author":"Luiz Pr\u00f3speri","article_published_time":"2016-05-25T16:44:32+00:00","article_modified_time":"2016-05-25T17:07:15+00:00","og_image":[{"url":"https:\/\/blogdoprosperi.com\/wp-content\/uploads\/2016\/05\/tite-corinthians.jpg","type":"","width":"","height":""}],"author":"Luiz Ant\u00f4nio Pr\u00f3speri","twitter_card":"summary_large_image","twitter_creator":"@Luizprosperi","twitter_site":"@Luizprosperi","twitter_misc":{"Escrito por":"Luiz Ant\u00f4nio Pr\u00f3speri","Est. tempo de leitura":"3 minutos"},"schema":{"@context":"https:\/\/schema.org","@graph":[{"@type":"Article","@id":"https:\/\/blogdoprosperi.com\/?p=7260#article","isPartOf":{"@id":"https:\/\/blogdoprosperi.com\/?p=7260"},"author":{"name":"Luiz Ant\u00f4nio Pr\u00f3speri","@id":"https:\/\/blogdoprosperi.com\/#\/schema\/person\/38100755ce3601861ee4fab9b5aa78e9"},"headline":"Tite pode deixar o Corinthians, se torcida organizada continuar com livre acesso para cobrar jogadores","datePublished":"2016-05-25T16:44:32+00:00","dateModified":"2016-05-25T17:07:15+00:00","mainEntityOfPage":{"@id":"https:\/\/blogdoprosperi.com\/?p=7260"},"wordCount":542,"commentCount":2,"publisher":{"@id":"https:\/\/blogdoprosperi.com\/#\/schema\/person\/38100755ce3601861ee4fab9b5aa78e9"},"image":{"@id":"https:\/\/blogdoprosperi.com\/?p=7260#primaryimage"},"thumbnailUrl":"https:\/\/blogdoprosperi.com\/wp-content\/uploads\/2016\/05\/tite-corinthians.jpg","keywords":["Andr\u00e9 Corinthians","Brasileir\u00e3o-2016","Corinthians","Corinthians x Ponte Preta","Edu da Gavi\u00f5es","futebol","Gavi\u00f5es da Fiel","Tite"],"articleSection":["Campeonato Brasileiro","futebol"],"inLanguage":"pt-BR","potentialAction":[{"@type":"CommentAction","name":"Comment","target":["https:\/\/blogdoprosperi.com\/?p=7260#respond"]}]},{"@type":"WebPage","@id":"https:\/\/blogdoprosperi.com\/?p=7260","url":"https:\/\/blogdoprosperi.com\/?p=7260","name":"Tite pode deixar o Corinthians, se torcida organizada continuar com livre acesso para cobrar jogadores - PR\u00d3SPERI NEWS","isPartOf":{"@id":"https:\/\/blogdoprosperi.com\/#website"},"primaryImageOfPage":{"@id":"https:\/\/blogdoprosperi.com\/?p=7260#primaryimage"},"image":{"@id":"https:\/\/blogdoprosperi.com\/?p=7260#primaryimage"},"thumbnailUrl":"https:\/\/blogdoprosperi.com\/wp-content\/uploads\/2016\/05\/tite-corinthians.jpg","datePublished":"2016-05-25T16:44:32+00:00","dateModified":"2016-05-25T17:07:15+00:00","breadcrumb":{"@id":"https:\/\/blogdoprosperi.com\/?p=7260#breadcrumb"},"inLanguage":"pt-BR","potentialAction":[{"@type":"ReadAction","target":["https:\/\/blogdoprosperi.com\/?p=7260"]}]},{"@type":"ImageObject","inLanguage":"pt-BR","@id":"https:\/\/blogdoprosperi.com\/?p=7260#primaryimage","url":"https:\/\/i0.wp.com\/blogdoprosperi.com\/wp-content\/uploads\/2016\/05\/tite-corinthians.jpg?fit=940%2C627&ssl=1","contentUrl":"https:\/\/i0.wp.com\/blogdoprosperi.com\/wp-content\/uploads\/2016\/05\/tite-corinthians.jpg?fit=940%2C627&ssl=1","width":940,"height":627},{"@type":"BreadcrumbList","@id":"https:\/\/blogdoprosperi.com\/?p=7260#breadcrumb","itemListElement":[{"@type":"ListItem","position":1,"name":"In\u00edcio","item":"https:\/\/blogdoprosperi.com\/"},{"@type":"ListItem","position":2,"name":"Tite pode deixar o Corinthians, se torcida organizada continuar com livre acesso para cobrar jogadores"}]},{"@type":"WebSite","@id":"https:\/\/blogdoprosperi.com\/#website","url":"https:\/\/blogdoprosperi.com\/","name":"PR\u00d3SPERI NEWS","description":"TUDO \u00c9  FUTEBOL","publisher":{"@id":"https:\/\/blogdoprosperi.com\/#\/schema\/person\/38100755ce3601861ee4fab9b5aa78e9"},"alternateName":"blogdoprosperi.com","potentialAction":[{"@type":"SearchAction","target":{"@type":"EntryPoint","urlTemplate":"https:\/\/blogdoprosperi.com\/?s={search_term_string}"},"query-input":{"@type":"PropertyValueSpecification","valueRequired":true,"valueName":"search_term_string"}}],"inLanguage":"pt-BR"},{"@type":["Person","Organization"],"@id":"https:\/\/blogdoprosperi.com\/#\/schema\/person\/38100755ce3601861ee4fab9b5aa78e9","name":"Luiz Ant\u00f4nio Pr\u00f3speri","pronouns":"ele","image":{"@type":"ImageObject","inLanguage":"pt-BR","@id":"https:\/\/i0.wp.com\/blogdoprosperi.com\/wp-content\/uploads\/2026\/05\/cropped-8059e613-6002-42fa-961e-8e275f575d71-2-5.jpg?fit=1360%2C931&ssl=1","url":"https:\/\/i0.wp.com\/blogdoprosperi.com\/wp-content\/uploads\/2026\/05\/cropped-8059e613-6002-42fa-961e-8e275f575d71-2-5.jpg?fit=1360%2C931&ssl=1","contentUrl":"https:\/\/i0.wp.com\/blogdoprosperi.com\/wp-content\/uploads\/2026\/05\/cropped-8059e613-6002-42fa-961e-8e275f575d71-2-5.jpg?fit=1360%2C931&ssl=1","width":1360,"height":931,"caption":"Luiz Ant\u00f4nio Pr\u00f3speri"},"logo":{"@id":"https:\/\/i0.wp.com\/blogdoprosperi.com\/wp-content\/uploads\/2026\/05\/cropped-8059e613-6002-42fa-961e-8e275f575d71-2-5.jpg?fit=1360%2C931&ssl=1"},"description":"Jornalista com carreira dedicada ao esporte. Cobriu 9 Copas do Mundo in loco, 1990 na It\u00e1lia, 1994 nos EUA, 1998 na Fran\u00e7a, 2002 na Coreia do Sul e Jap\u00e3o, 2006 na Alemanha, 2010 na \u00c1frica do Sul, 2014 no Brasil, 2018 na R\u00fassia e 2022 no Qatar. Eurocopas, 1992 na Su\u00e9cia e 1996 na Inglaterra. Copa das Confedera\u00e7\u00f5es de 2005 na Alemanha e 2009 na \u00c1frica do Sul. Rep\u00f3rter e Editor, trabalhou no Jornal da Tarde e Estad\u00e3o, de 1984 a fevereiro de 2016. Colunista, blogueiro. E comentarista de futebol na R\u00e1dio Estad\u00e3o, de 2013 a fevereiro de 2016. Jornalista respons\u00e1vel do \"Pr\u00f3speri News\" (blogdoprosperi.com).","sameAs":["http:\/\/blogdoprosperi.com","Luiz Pr\u00f3speri","@luiz_prosperi","https:\/\/x.com\/Luizprosperi","@prosperinacopa","luiz.prosperi@icloud.com"],"url":"https:\/\/blogdoprosperi.com\/?author=102107496"}]}},"jetpack_publicize_connections":[],"jetpack_likes_enabled":false,"jetpack_sharing_enabled":true,"jetpack_shortlink":"https:\/\/wp.me\/p7jvdk-1T6","jetpack-related-posts":[{"id":7467,"url":"https:\/\/blogdoprosperi.com\/?p=7467","url_meta":{"origin":7260,"position":0},"title":"Corinthians se reconcilia com a vit\u00f3ria no Brasileir\u00e3o e Tite se irrita com vaias a Andr\u00e9","author":"Luiz Ant\u00f4nio Pr\u00f3speri","date":"26 de maio de 2016","format":false,"excerpt":"\u00a0 As mudan\u00e7as de Tite funcionaram na expressiva vit\u00f3ria por 3 a 0 contra a Ponte Preta nesta quinta-feira no Itaquer\u00e3o - o primeiro triunfo do Corinthians em tr\u00eas rodadas do Brasileir\u00e3o. O jogo seria de reconcilia\u00e7\u00e3o plena com a torcida, n\u00e3o fosse a insist\u00eancia das vaias a Andr\u00e9, que\u2026","rel":"","context":"Em &quot;futebol&quot;","block_context":{"text":"futebol","link":"https:\/\/blogdoprosperi.com\/?cat=53870"},"img":{"alt_text":"","src":"https:\/\/i0.wp.com\/blogdoprosperi.com\/wp-content\/uploads\/2016\/05\/622_0c94fa93-8208-32bb-8bc1-70b543733cf0.jpg?resize=350%2C200&ssl=1","width":350,"height":200,"srcset":"https:\/\/i0.wp.com\/blogdoprosperi.com\/wp-content\/uploads\/2016\/05\/622_0c94fa93-8208-32bb-8bc1-70b543733cf0.jpg?resize=350%2C200&ssl=1 1x, https:\/\/i0.wp.com\/blogdoprosperi.com\/wp-content\/uploads\/2016\/05\/622_0c94fa93-8208-32bb-8bc1-70b543733cf0.jpg?resize=525%2C300&ssl=1 1.5x"},"classes":[]},{"id":6896,"url":"https:\/\/blogdoprosperi.com\/?p=6896","url_meta":{"origin":7260,"position":1},"title":"Corinthians sofre derrota com novo esquema de Tite","author":"Luiz Ant\u00f4nio Pr\u00f3speri","date":"22 de maio de 2016","format":false,"excerpt":"\u00a0 Pilar de sustenta\u00e7\u00e3o do Corinthians nas \u00faltimas temporadas, a defesa faz \u00e1gua. O time sofreu tr\u00eas gols do Vit\u00f3ria por erros absurdos dos zagueiros, laterais e falta de prote\u00e7\u00e3o dos volantes. Falhas prim\u00e1rias que devem deixar Tite envergonhado. N\u00e3o se pode atribuir ao novo esquema adotado pelo treinador como\u2026","rel":"","context":"Em &quot;Campeonato Brasileiro&quot;","block_context":{"text":"Campeonato Brasileiro","link":"https:\/\/blogdoprosperi.com\/?cat=355071"},"img":{"alt_text":"","src":"https:\/\/i0.wp.com\/blogdoprosperi.com\/wp-content\/uploads\/2016\/05\/622_2005388c-19fb-3e61-9bf7-bd22d0fbb3d4-1.jpg?resize=350%2C200&ssl=1","width":350,"height":200,"srcset":"https:\/\/i0.wp.com\/blogdoprosperi.com\/wp-content\/uploads\/2016\/05\/622_2005388c-19fb-3e61-9bf7-bd22d0fbb3d4-1.jpg?resize=350%2C200&ssl=1 1x, https:\/\/i0.wp.com\/blogdoprosperi.com\/wp-content\/uploads\/2016\/05\/622_2005388c-19fb-3e61-9bf7-bd22d0fbb3d4-1.jpg?resize=525%2C300&ssl=1 1.5x"},"classes":[]},{"id":5881,"url":"https:\/\/blogdoprosperi.com\/?p=5881","url_meta":{"origin":7260,"position":2},"title":"Torcida se revolta com a mesmice do Corinthians contra o Gr\u00eamio","author":"Luiz Ant\u00f4nio Pr\u00f3speri","date":"15 de maio de 2016","format":false,"excerpt":"\u00a0 Tite n\u00e3o apresentou nenhuma novidade na estreia do Corinthians no Campeonato Brasileiro. Diante do Gr\u00eamio no Itaquer\u00e3o, neste domingo (15\/5), o time repetiu o esquema 4-1-4-1. Tudo compactado, blocos em movimento, mais posse de bola e a torcida ali, grudada nos jogadores a apoiar. Vencer que \u00e9 bom, nada.\u2026","rel":"","context":"Em &quot;Campeonato Brasileiro&quot;","block_context":{"text":"Campeonato Brasileiro","link":"https:\/\/blogdoprosperi.com\/?cat=355071"},"img":{"alt_text":"","src":"https:\/\/i0.wp.com\/blogdoprosperi.com\/wp-content\/uploads\/2016\/05\/cihpqr5wuaefrx2.jpg?resize=350%2C200&ssl=1","width":350,"height":200,"srcset":"https:\/\/i0.wp.com\/blogdoprosperi.com\/wp-content\/uploads\/2016\/05\/cihpqr5wuaefrx2.jpg?resize=350%2C200&ssl=1 1x, https:\/\/i0.wp.com\/blogdoprosperi.com\/wp-content\/uploads\/2016\/05\/cihpqr5wuaefrx2.jpg?resize=525%2C300&ssl=1 1.5x"},"classes":[]},{"id":44886,"url":"https:\/\/blogdoprosperi.com\/?p=44886","url_meta":{"origin":7260,"position":3},"title":"Corinthians 114 Anos: Vit\u00f3ria Emblem\u00e1tica, Crise Pol\u00edtica e Cresce Poder da Gavi\u00f5es","author":"Luiz Ant\u00f4nio Pr\u00f3speri","date":"2 de setembro de 2024","format":false,"excerpt":"Luiz Ant\u00f4nio Pr\u00f3speri \u2013 2 setembro (11h30) Corinthians comemora 114 anos de vida em meio a uma turbul\u00eancia pol\u00edtica e financeira, ultimato de sua maior torcida organizada e vit\u00f3ria emblem\u00e1tica em cima do Flamengo. Um caldeir\u00e3o fumegante. Antes de se impor diante do Flamengo e Tite na Arena Neo Qu\u00edmica,\u2026","rel":"","context":"Em &quot;futebol&quot;","block_context":{"text":"futebol","link":"https:\/\/blogdoprosperi.com\/?cat=53870"},"img":{"alt_text":"Cresce poder da Gavi\u00f5es no Corinthians","src":"https:\/\/i0.wp.com\/blogdoprosperi.com\/wp-content\/uploads\/2024\/09\/captura-de-tela-2024-09-02-as-11.55.12.png?fit=1142%2C1026&ssl=1&resize=350%2C200","width":350,"height":200,"srcset":"https:\/\/i0.wp.com\/blogdoprosperi.com\/wp-content\/uploads\/2024\/09\/captura-de-tela-2024-09-02-as-11.55.12.png?fit=1142%2C1026&ssl=1&resize=350%2C200 1x, https:\/\/i0.wp.com\/blogdoprosperi.com\/wp-content\/uploads\/2024\/09\/captura-de-tela-2024-09-02-as-11.55.12.png?fit=1142%2C1026&ssl=1&resize=525%2C300 1.5x, https:\/\/i0.wp.com\/blogdoprosperi.com\/wp-content\/uploads\/2024\/09\/captura-de-tela-2024-09-02-as-11.55.12.png?fit=1142%2C1026&ssl=1&resize=700%2C400 2x, https:\/\/i0.wp.com\/blogdoprosperi.com\/wp-content\/uploads\/2024\/09\/captura-de-tela-2024-09-02-as-11.55.12.png?fit=1142%2C1026&ssl=1&resize=1050%2C600 3x"},"classes":[]},{"id":3485,"url":"https:\/\/blogdoprosperi.com\/?p=3485","url_meta":{"origin":7260,"position":4},"title":"Corinthians cai fora da Libertadores e abala supremacia de Tite","author":"Luiz Ant\u00f4nio Pr\u00f3speri","date":"5 de maio de 2016","format":false,"excerpt":"\u00a0 O empate por 0 a 0 no jogo de ida contra o Nacional em Montevid\u00e9u, quando o time n\u00e3o deu um m\u00edsero chute ao gol, entregou a conta ao Corinthians nesta quarta-feira, 04\/5, no Itaquer\u00e3o. Obrigado a vencer em casa, diante de mais de 43 mil torcedores, o time\u2026","rel":"","context":"Em &quot;futebol&quot;","block_context":{"text":"futebol","link":"https:\/\/blogdoprosperi.com\/?cat=53870"},"img":{"alt_text":"","src":"https:\/\/i0.wp.com\/blogdoprosperi.com\/wp-content\/uploads\/2016\/05\/gazeta-press-foto-andre-corinthians.jpg?resize=350%2C200&ssl=1","width":350,"height":200,"srcset":"https:\/\/i0.wp.com\/blogdoprosperi.com\/wp-content\/uploads\/2016\/05\/gazeta-press-foto-andre-corinthians.jpg?resize=350%2C200&ssl=1 1x, https:\/\/i0.wp.com\/blogdoprosperi.com\/wp-content\/uploads\/2016\/05\/gazeta-press-foto-andre-corinthians.jpg?resize=525%2C300&ssl=1 1.5x"},"classes":[]},{"id":23590,"url":"https:\/\/blogdoprosperi.com\/?p=23590","url_meta":{"origin":7260,"position":5},"title":"Corinthians abre m\u00e3o do Brasileir\u00e3o e da Copa do Brasil","author":"Luiz Ant\u00f4nio Pr\u00f3speri","date":"30 de agosto de 2016","format":false,"excerpt":"Corinthians desiste da temporada 2016 neste in\u00edcio do segundo turno do Campeonato Brasileiro e na abertura das oitavas de final da Copa do Brasil. O comando do clube, mesmo sem admitir, tomou essa decis\u00e3o ao negociar quatro jogadores importantes do time em menos de um m\u00eas. A mais recente sa\u00edda\u2026","rel":"","context":"Em &quot;Campeonato Brasileiro&quot;","block_context":{"text":"Campeonato Brasileiro","link":"https:\/\/blogdoprosperi.com\/?cat=355071"},"img":{"alt_text":"","src":"https:\/\/i0.wp.com\/blogdoprosperi.com\/wp-content\/uploads\/2016\/08\/622_9fb77997-c794-3778-86b9-59c37343edca.jpg?resize=350%2C200&ssl=1","width":350,"height":200,"srcset":"https:\/\/i0.wp.com\/blogdoprosperi.com\/wp-content\/uploads\/2016\/08\/622_9fb77997-c794-3778-86b9-59c37343edca.jpg?resize=350%2C200&ssl=1 1x, https:\/\/i0.wp.com\/blogdoprosperi.com\/wp-content\/uploads\/2016\/08\/622_9fb77997-c794-3778-86b9-59c37343edca.jpg?resize=525%2C300&ssl=1 1.5x"},"classes":[]}],"jetpack_featured_media_url":"","_links":{"self":[{"href":"https:\/\/blogdoprosperi.com\/index.php?rest_route=\/wp\/v2\/posts\/7260","targetHints":{"allow":["GET"]}}],"collection":[{"href":"https:\/\/blogdoprosperi.com\/index.php?rest_route=\/wp\/v2\/posts"}],"about":[{"href":"https:\/\/blogdoprosperi.com\/index.php?rest_route=\/wp\/v2\/types\/post"}],"author":[{"embeddable":true,"href":"https:\/\/blogdoprosperi.com\/index.php?rest_route=\/wp\/v2\/users\/102107496"}],"replies":[{"embeddable":true,"href":"https:\/\/blogdoprosperi.com\/index.php?rest_route=%2Fwp%2Fv2%2Fcomments&post=7260"}],"version-history":[{"count":25,"href":"https:\/\/blogdoprosperi.com\/index.php?rest_route=\/wp\/v2\/posts\/7260\/revisions"}],"predecessor-version":[{"id":7319,"href":"https:\/\/blogdoprosperi.com\/index.php?rest_route=\/wp\/v2\/posts\/7260\/revisions\/7319"}],"wp:attachment":[{"href":"https:\/\/blogdoprosperi.com\/index.php?rest_route=%2Fwp%2Fv2%2Fmedia&parent=7260"}],"wp:term":[{"taxonomy":"category","embeddable":true,"href":"https:\/\/blogdoprosperi.com\/index.php?rest_route=%2Fwp%2Fv2%2Fcategories&post=7260"},{"taxonomy":"post_tag","embeddable":true,"href":"https:\/\/blogdoprosperi.com\/index.php?rest_route=%2Fwp%2Fv2%2Ftags&post=7260"}],"curies":[{"name":"wp","href":"https:\/\/api.w.org\/{rel}","templated":true}]}}