{"id":7320,"date":"2016-05-26T03:49:00","date_gmt":"2016-05-26T03:49:00","guid":{"rendered":"http:\/\/blogdoprosperi.com\/?p=7320"},"modified":"2016-05-26T14:19:45","modified_gmt":"2016-05-26T14:19:45","slug":"palmeiras-mostra-forca-do-banco-e-retoma-caminho-da-vitoria","status":"publish","type":"post","link":"https:\/\/blogdoprosperi.com\/?p=7320","title":{"rendered":"Palmeiras mostra for\u00e7a do banco e retoma caminho da vit\u00f3ria"},"content":{"rendered":"<p style=\"text-align:left;\"><span class=\"alignnone\"><img data-recalc-dims=\"1\" loading=\"lazy\" decoding=\"async\" data-attachment-id=\"7463\" data-permalink=\"https:\/\/blogdoprosperi.com\/?attachment_id=7463\" data-orig-file=\"https:\/\/i0.wp.com\/blogdoprosperi.com\/wp-content\/uploads\/2016\/05\/palmeiras-2x0-fluminense-brasileiro-2016.jpg?fit=640%2C360&amp;ssl=1\" data-orig-size=\"640,360\" data-comments-opened=\"1\" data-image-meta=\"{&quot;aperture&quot;:&quot;0&quot;,&quot;credit&quot;:&quot;&quot;,&quot;camera&quot;:&quot;&quot;,&quot;caption&quot;:&quot;&quot;,&quot;created_timestamp&quot;:&quot;0&quot;,&quot;copyright&quot;:&quot;&quot;,&quot;focal_length&quot;:&quot;0&quot;,&quot;iso&quot;:&quot;0&quot;,&quot;shutter_speed&quot;:&quot;0&quot;,&quot;title&quot;:&quot;&quot;,&quot;orientation&quot;:&quot;0&quot;}\" data-image-title=\"palmeiras-2&amp;#215;0-fluminense-brasileiro-2016\" data-image-description=\"\" data-image-caption=\"\" data-large-file=\"https:\/\/i0.wp.com\/blogdoprosperi.com\/wp-content\/uploads\/2016\/05\/palmeiras-2x0-fluminense-brasileiro-2016.jpg?fit=640%2C360&amp;ssl=1\" class=\"alignnone size-full wp-image-7463\" src=\"https:\/\/i0.wp.com\/blogdoprosperi.com\/wp-content\/uploads\/2016\/05\/palmeiras-2x0-fluminense-brasileiro-2016.jpg?resize=640%2C360&#038;ssl=1\" alt=\"palmeiras-2x0-fluminense-brasileiro-2016\" width=\"640\" height=\"360\" \/><\/span><\/p>\n<p style=\"text-align:left;\">Cuca pensou no Palmeiras com tr\u00eas atacantes r\u00e1pidos contra o Fluminense. Imaginou que o advers\u00e1rio, por ter camisa de peso, sairia mais em busca do ataque. A leitura do treinador se mostrou equivocada. Levir Culpi armou o time carioca na retranca e complicou o trio ofensivo palmeirense.<\/p>\n<p>Quando Cuca voltou atr\u00e1s, lan\u00e7ando Alecsandro como refer\u00eancia entre os zagueiros Gun e Henrique e recuou Dudu para armar ao lado de Mois\u00e9s, o Palmeiras se reinventou no segundo tempo, fez dois gols em menos de 11 minutos, construindo a sua segunda vit\u00f3ria no Allianz Parque e no Brasileir\u00e3o em tr\u00eas rodadas.<\/p>\n<p>E mostrou que o time tem repert\u00f3rio e pe\u00e7as para reivindicar algo de precioso neste campeonato nacional.<\/p>\n<p>No primeiro tempo, o Palmeiras n\u00e3o encontrou o caminho contra a severa marca\u00e7\u00e3o do Fluminense &#8211; escalado com tr\u00eas volantes. Cleiton Xavier e Tch\u00ea Tch\u00ea, encarregados de levar a bola ao ataque, n\u00e3o sabiam o que fazer diante do pared\u00e3o carioca. E os laterais Jean e Egidio tamb\u00e9m n\u00e3o sa\u00edram com medo de levar bola nas costas.<\/p>\n<p>Nesse enredo, o time de Cuca travou, n\u00e3o teve meios de explorar a velocidade de seu trio de frente, com Roger Guedes, Gabriel Jesus e Dudu. N\u00e3o fosse por iniciativa pr\u00f3pria de Guedes e o Palmeiras n\u00e3o teria feito nada de interessante na primeira parte do jogo.<\/p>\n<p>A experi\u00eancia com Gabriel Jesus flutuando entre Gun e Henrique tamb\u00e9m n\u00e3o funcionou. O garoto foi presa f\u00e1cil, pouco pegou na bola.<\/p>\n<div class=\"jetpack-video-wrapper\"><span class=\"embed-youtube\" style=\"text-align:center; display: block;\"><iframe loading=\"lazy\" class=\"youtube-player\" width=\"560\" height=\"315\" src=\"https:\/\/www.youtube.com\/embed\/hRCs9TFDzGE?version=3&#038;rel=1&#038;showsearch=0&#038;showinfo=1&#038;iv_load_policy=1&#038;fs=1&#038;hl=pt-BR&#038;autohide=2&#038;wmode=transparent\" allowfullscreen=\"true\" style=\"border:0;\" sandbox=\"allow-scripts allow-same-origin allow-popups allow-presentation allow-popups-to-escape-sandbox\"><\/iframe><\/span><\/div>\n<p>Do lado do Fluminense, tudo certo. O time pouco arriscou e se deu bem apenas em bolas levantadas na \u00e1rea de Fernando Prass. Teve a grande chance de um gol com Fred, mas o goleiro do Palmeiras evitou com defesa extraordin\u00e1ria.<\/p>\n<p>No segundo tempo, o time de Cuca se transformou com duas altera\u00e7\u00f5es por atacado. Mois\u00e9s e Alecsandro entraram nos lugares de Cleiton Xavier e Egidio. Tch\u00ea Tch\u00ea saiu do meio e foi jogar de lateral-esquerdo e Mois\u00e9s na fun\u00e7\u00e3o de Xavier. Alecsandro ficou entre Gun e Henrique. Jesus ocupou a ponta-esquerda e Dudu recuou para ajudar na cria\u00e7\u00e3o.<\/p>\n<p>Essas mudan\u00e7as embaralharam o Fluminense. Sem entender o que estava acontecendo, o time carioca levou dois gols em 11 minutos. Um de Vitor Hugo, de cabe\u00e7a, em falta batida por Dudu, e outro com Alecsandro, ap\u00f3s boa trama entre Jean e Roger Guedes. Palmeiras avassalador.<\/p>\n<p><span class=\"alignnone\"><img data-recalc-dims=\"1\" loading=\"lazy\" decoding=\"async\" data-attachment-id=\"7373\" data-permalink=\"https:\/\/blogdoprosperi.com\/?attachment_id=7373\" data-orig-file=\"https:\/\/i0.wp.com\/blogdoprosperi.com\/wp-content\/uploads\/2016\/05\/unknown-33.jpeg?fit=300%2C168&amp;ssl=1\" data-orig-size=\"300,168\" data-comments-opened=\"1\" data-image-meta=\"{&quot;aperture&quot;:&quot;0&quot;,&quot;credit&quot;:&quot;&quot;,&quot;camera&quot;:&quot;&quot;,&quot;caption&quot;:&quot;&quot;,&quot;created_timestamp&quot;:&quot;0&quot;,&quot;copyright&quot;:&quot;&quot;,&quot;focal_length&quot;:&quot;0&quot;,&quot;iso&quot;:&quot;0&quot;,&quot;shutter_speed&quot;:&quot;0&quot;,&quot;title&quot;:&quot;&quot;,&quot;orientation&quot;:&quot;0&quot;}\" data-image-title=\"Unknown-3\" data-image-description=\"\" data-image-caption=\"\" data-large-file=\"https:\/\/i0.wp.com\/blogdoprosperi.com\/wp-content\/uploads\/2016\/05\/unknown-33.jpeg?fit=300%2C168&amp;ssl=1\" class=\"alignnone size-full wp-image-7373 alignright\" src=\"https:\/\/i0.wp.com\/blogdoprosperi.com\/wp-content\/uploads\/2016\/05\/unknown-33.jpeg?resize=300%2C168&#038;ssl=1\" alt=\"Unknown-3\" width=\"300\" height=\"168\" \/><\/span>Atordoado, Levir Culpi lan\u00e7ou dois atacantes (Richarlisson e Marcos J\u00fanior) na tentativa de acuar um pouco o advers\u00e1rio. Precisava de uma resposta r\u00e1pida. Teve uma boa chance com Scarpa, mas o garoto chutou para fora.<\/p>\n<p>O time de Cuca se fechou para n\u00e3o correr riscos. Z\u00e9 Roberto ainda entrou no lugar de Gabriel Jesus e o vers\u00e1til Tch\u00ea Tch\u00ea foi atuar na ponta-esquerda. O Flu n\u00e3o incomodou.<\/p>\n<p>A vit\u00f3ria estava garantida e veio com a for\u00e7a do banco. Na terceira rodada, ap\u00f3s derrota fora de casa contra a Ponte Preta, o Palmeiras mostrou for\u00e7a. Pode ir longe neste Brasileir\u00e3o.<\/p>\n","protected":false},"excerpt":{"rendered":"<p>Cuca pensou no Palmeiras com tr\u00eas atacantes r\u00e1pidos contra o Fluminense. Imaginou que o advers\u00e1rio, por ter camisa [&hellip;]<\/p>\n","protected":false},"author":102107496,"featured_media":0,"comment_status":"open","ping_status":"open","sticky":false,"template":"","format":"standard","meta":{"_coblocks_attr":"","_coblocks_dimensions":"","_coblocks_responsive_height":"","_coblocks_accordion_ie_support":"","_jetpack_newsletter_access":"","_jetpack_dont_email_post_to_subs":false,"_jetpack_newsletter_tier_id":0,"_jetpack_memberships_contains_paywalled_content":false,"_wpcom_ai_launchpad_first_post":false,"_jetpack_feature_clip_id":0,"_jetpack_memberships_contains_paid_content":false,"footnotes":"","jetpack_publicize_message":"","jetpack_publicize_feature_enabled":true,"jetpack_social_post_already_shared":false,"jetpack_social_options":{"image_generator_settings":{"template":"highway","default_image_id":0,"font":"","enabled":false},"version":2},"jetpack_post_was_ever_published":false},"categories":[355071,53870],"tags":[362595295,789560560,8328841,8811283],"class_list":["post-7320","post","type-post","status-publish","format-standard","hentry","category-campeonato-brasileiro","category-futebol","tag-brasileirao-2016","tag-futebol","tag-palmeiras-clube","tag-palmeiras-x-fluminense"],"yoast_head":"<!-- This site is optimized with the Yoast SEO plugin v28.3 - https:\/\/yoast.com\/product\/yoast-seo-wordpress\/ -->\n<title>Palmeiras mostra for\u00e7a do banco e retoma caminho da vit\u00f3ria - PR\u00d3SPERI NEWS<\/title>\n<meta name=\"robots\" content=\"index, follow, max-snippet:-1, max-image-preview:large, max-video-preview:-1\" \/>\n<link rel=\"canonical\" href=\"https:\/\/blogdoprosperi.com\/?p=7320\" \/>\n<meta property=\"og:locale\" content=\"pt_BR\" \/>\n<meta property=\"og:type\" content=\"article\" \/>\n<meta property=\"og:title\" content=\"Palmeiras mostra for\u00e7a do banco e retoma caminho da vit\u00f3ria - PR\u00d3SPERI NEWS\" \/>\n<meta property=\"og:description\" content=\"Cuca pensou no Palmeiras com tr\u00eas atacantes r\u00e1pidos contra o Fluminense. Imaginou que o advers\u00e1rio, por ter camisa [&hellip;]\" \/>\n<meta property=\"og:url\" content=\"https:\/\/blogdoprosperi.com\/?p=7320\" \/>\n<meta property=\"og:site_name\" content=\"PR\u00d3SPERI NEWS\" \/>\n<meta property=\"article:publisher\" content=\"Luiz Pr\u00f3speri\" \/>\n<meta property=\"article:author\" content=\"Luiz Pr\u00f3speri\" \/>\n<meta property=\"article:published_time\" content=\"2016-05-26T03:49:00+00:00\" \/>\n<meta property=\"article:modified_time\" content=\"2016-05-26T14:19:45+00:00\" \/>\n<meta property=\"og:image\" content=\"https:\/\/blogdoprosperi.com\/wp-content\/uploads\/2016\/05\/palmeiras-2x0-fluminense-brasileiro-2016.jpg\" \/>\n<meta name=\"author\" content=\"Luiz Ant\u00f4nio Pr\u00f3speri\" \/>\n<meta name=\"twitter:card\" content=\"summary_large_image\" \/>\n<meta name=\"twitter:creator\" content=\"@Luizprosperi\" \/>\n<meta name=\"twitter:site\" content=\"@Luizprosperi\" \/>\n<meta name=\"twitter:label1\" content=\"Escrito por\" \/>\n\t<meta name=\"twitter:data1\" content=\"Luiz Ant\u00f4nio Pr\u00f3speri\" \/>\n\t<meta name=\"twitter:label2\" content=\"Est. tempo de leitura\" \/>\n\t<meta name=\"twitter:data2\" content=\"3 minutos\" \/>\n<script type=\"application\/ld+json\" class=\"yoast-schema-graph\">{\"@context\":\"https:\\\/\\\/schema.org\",\"@graph\":[{\"@type\":\"Article\",\"@id\":\"https:\\\/\\\/blogdoprosperi.com\\\/?p=7320#article\",\"isPartOf\":{\"@id\":\"https:\\\/\\\/blogdoprosperi.com\\\/?p=7320\"},\"author\":{\"name\":\"Luiz Ant\u00f4nio Pr\u00f3speri\",\"@id\":\"https:\\\/\\\/blogdoprosperi.com\\\/#\\\/schema\\\/person\\\/38100755ce3601861ee4fab9b5aa78e9\"},\"headline\":\"Palmeiras mostra for\u00e7a do banco e retoma caminho da vit\u00f3ria\",\"datePublished\":\"2016-05-26T03:49:00+00:00\",\"dateModified\":\"2016-05-26T14:19:45+00:00\",\"mainEntityOfPage\":{\"@id\":\"https:\\\/\\\/blogdoprosperi.com\\\/?p=7320\"},\"wordCount\":557,\"commentCount\":1,\"publisher\":{\"@id\":\"https:\\\/\\\/blogdoprosperi.com\\\/#\\\/schema\\\/person\\\/38100755ce3601861ee4fab9b5aa78e9\"},\"image\":{\"@id\":\"https:\\\/\\\/blogdoprosperi.com\\\/?p=7320#primaryimage\"},\"thumbnailUrl\":\"https:\\\/\\\/blogdoprosperi.com\\\/wp-content\\\/uploads\\\/2016\\\/05\\\/palmeiras-2x0-fluminense-brasileiro-2016.jpg\",\"keywords\":[\"Brasileir\u00e3o-2016\",\"futebol\",\"Palmeiras Clube\",\"Palmeiras x Fluminense\"],\"articleSection\":[\"Campeonato Brasileiro\",\"futebol\"],\"inLanguage\":\"pt-BR\",\"potentialAction\":[{\"@type\":\"CommentAction\",\"name\":\"Comment\",\"target\":[\"https:\\\/\\\/blogdoprosperi.com\\\/?p=7320#respond\"]}]},{\"@type\":\"WebPage\",\"@id\":\"https:\\\/\\\/blogdoprosperi.com\\\/?p=7320\",\"url\":\"https:\\\/\\\/blogdoprosperi.com\\\/?p=7320\",\"name\":\"Palmeiras mostra for\u00e7a do banco e retoma caminho da vit\u00f3ria - PR\u00d3SPERI NEWS\",\"isPartOf\":{\"@id\":\"https:\\\/\\\/blogdoprosperi.com\\\/#website\"},\"primaryImageOfPage\":{\"@id\":\"https:\\\/\\\/blogdoprosperi.com\\\/?p=7320#primaryimage\"},\"image\":{\"@id\":\"https:\\\/\\\/blogdoprosperi.com\\\/?p=7320#primaryimage\"},\"thumbnailUrl\":\"https:\\\/\\\/blogdoprosperi.com\\\/wp-content\\\/uploads\\\/2016\\\/05\\\/palmeiras-2x0-fluminense-brasileiro-2016.jpg\",\"datePublished\":\"2016-05-26T03:49:00+00:00\",\"dateModified\":\"2016-05-26T14:19:45+00:00\",\"breadcrumb\":{\"@id\":\"https:\\\/\\\/blogdoprosperi.com\\\/?p=7320#breadcrumb\"},\"inLanguage\":\"pt-BR\",\"potentialAction\":[{\"@type\":\"ReadAction\",\"target\":[\"https:\\\/\\\/blogdoprosperi.com\\\/?p=7320\"]}]},{\"@type\":\"ImageObject\",\"inLanguage\":\"pt-BR\",\"@id\":\"https:\\\/\\\/blogdoprosperi.com\\\/?p=7320#primaryimage\",\"url\":\"https:\\\/\\\/i0.wp.com\\\/blogdoprosperi.com\\\/wp-content\\\/uploads\\\/2016\\\/05\\\/palmeiras-2x0-fluminense-brasileiro-2016.jpg?fit=640%2C360&ssl=1\",\"contentUrl\":\"https:\\\/\\\/i0.wp.com\\\/blogdoprosperi.com\\\/wp-content\\\/uploads\\\/2016\\\/05\\\/palmeiras-2x0-fluminense-brasileiro-2016.jpg?fit=640%2C360&ssl=1\",\"width\":640,\"height\":360},{\"@type\":\"BreadcrumbList\",\"@id\":\"https:\\\/\\\/blogdoprosperi.com\\\/?p=7320#breadcrumb\",\"itemListElement\":[{\"@type\":\"ListItem\",\"position\":1,\"name\":\"In\u00edcio\",\"item\":\"https:\\\/\\\/blogdoprosperi.com\\\/\"},{\"@type\":\"ListItem\",\"position\":2,\"name\":\"Palmeiras mostra for\u00e7a do banco e retoma caminho da vit\u00f3ria\"}]},{\"@type\":\"WebSite\",\"@id\":\"https:\\\/\\\/blogdoprosperi.com\\\/#website\",\"url\":\"https:\\\/\\\/blogdoprosperi.com\\\/\",\"name\":\"PR\u00d3SPERI NEWS\",\"description\":\"TUDO \u00c9  FUTEBOL\",\"publisher\":{\"@id\":\"https:\\\/\\\/blogdoprosperi.com\\\/#\\\/schema\\\/person\\\/38100755ce3601861ee4fab9b5aa78e9\"},\"alternateName\":\"blogdoprosperi.com\",\"potentialAction\":[{\"@type\":\"SearchAction\",\"target\":{\"@type\":\"EntryPoint\",\"urlTemplate\":\"https:\\\/\\\/blogdoprosperi.com\\\/?s={search_term_string}\"},\"query-input\":{\"@type\":\"PropertyValueSpecification\",\"valueRequired\":true,\"valueName\":\"search_term_string\"}}],\"inLanguage\":\"pt-BR\"},{\"@type\":[\"Person\",\"Organization\"],\"@id\":\"https:\\\/\\\/blogdoprosperi.com\\\/#\\\/schema\\\/person\\\/38100755ce3601861ee4fab9b5aa78e9\",\"name\":\"Luiz Ant\u00f4nio Pr\u00f3speri\",\"pronouns\":\"ele\",\"image\":{\"@type\":\"ImageObject\",\"inLanguage\":\"pt-BR\",\"@id\":\"https:\\\/\\\/i0.wp.com\\\/blogdoprosperi.com\\\/wp-content\\\/uploads\\\/2026\\\/05\\\/cropped-8059e613-6002-42fa-961e-8e275f575d71-2-5.jpg?fit=1360%2C931&ssl=1\",\"url\":\"https:\\\/\\\/i0.wp.com\\\/blogdoprosperi.com\\\/wp-content\\\/uploads\\\/2026\\\/05\\\/cropped-8059e613-6002-42fa-961e-8e275f575d71-2-5.jpg?fit=1360%2C931&ssl=1\",\"contentUrl\":\"https:\\\/\\\/i0.wp.com\\\/blogdoprosperi.com\\\/wp-content\\\/uploads\\\/2026\\\/05\\\/cropped-8059e613-6002-42fa-961e-8e275f575d71-2-5.jpg?fit=1360%2C931&ssl=1\",\"width\":1360,\"height\":931,\"caption\":\"Luiz Ant\u00f4nio Pr\u00f3speri\"},\"logo\":{\"@id\":\"https:\\\/\\\/i0.wp.com\\\/blogdoprosperi.com\\\/wp-content\\\/uploads\\\/2026\\\/05\\\/cropped-8059e613-6002-42fa-961e-8e275f575d71-2-5.jpg?fit=1360%2C931&ssl=1\"},\"description\":\"Jornalista com carreira dedicada ao esporte. Cobriu 9 Copas do Mundo in loco, 1990 na It\u00e1lia, 1994 nos EUA, 1998 na Fran\u00e7a, 2002 na Coreia do Sul e Jap\u00e3o, 2006 na Alemanha, 2010 na \u00c1frica do Sul, 2014 no Brasil, 2018 na R\u00fassia e 2022 no Qatar. Eurocopas, 1992 na Su\u00e9cia e 1996 na Inglaterra. Copa das Confedera\u00e7\u00f5es de 2005 na Alemanha e 2009 na \u00c1frica do Sul. Rep\u00f3rter e Editor, trabalhou no Jornal da Tarde e Estad\u00e3o, de 1984 a fevereiro de 2016. Colunista, blogueiro. E comentarista de futebol na R\u00e1dio Estad\u00e3o, de 2013 a fevereiro de 2016. Jornalista respons\u00e1vel do \\\"Pr\u00f3speri News\\\" (blogdoprosperi.com).\",\"sameAs\":[\"http:\\\/\\\/blogdoprosperi.com\",\"Luiz Pr\u00f3speri\",\"@luiz_prosperi\",\"https:\\\/\\\/x.com\\\/Luizprosperi\",\"@prosperinacopa\",\"luiz.prosperi@icloud.com\"],\"url\":\"https:\\\/\\\/blogdoprosperi.com\\\/?author=102107496\"}]}<\/script>\n<!-- \/ Yoast SEO plugin. -->","yoast_head_json":{"title":"Palmeiras mostra for\u00e7a do banco e retoma caminho da vit\u00f3ria - PR\u00d3SPERI NEWS","robots":{"index":"index","follow":"follow","max-snippet":"max-snippet:-1","max-image-preview":"max-image-preview:large","max-video-preview":"max-video-preview:-1"},"canonical":"https:\/\/blogdoprosperi.com\/?p=7320","og_locale":"pt_BR","og_type":"article","og_title":"Palmeiras mostra for\u00e7a do banco e retoma caminho da vit\u00f3ria - PR\u00d3SPERI NEWS","og_description":"Cuca pensou no Palmeiras com tr\u00eas atacantes r\u00e1pidos contra o Fluminense. Imaginou que o advers\u00e1rio, por ter camisa [&hellip;]","og_url":"https:\/\/blogdoprosperi.com\/?p=7320","og_site_name":"PR\u00d3SPERI NEWS","article_publisher":"Luiz Pr\u00f3speri","article_author":"Luiz Pr\u00f3speri","article_published_time":"2016-05-26T03:49:00+00:00","article_modified_time":"2016-05-26T14:19:45+00:00","og_image":[{"url":"https:\/\/blogdoprosperi.com\/wp-content\/uploads\/2016\/05\/palmeiras-2x0-fluminense-brasileiro-2016.jpg","type":"","width":"","height":""}],"author":"Luiz Ant\u00f4nio Pr\u00f3speri","twitter_card":"summary_large_image","twitter_creator":"@Luizprosperi","twitter_site":"@Luizprosperi","twitter_misc":{"Escrito por":"Luiz Ant\u00f4nio Pr\u00f3speri","Est. tempo de leitura":"3 minutos"},"schema":{"@context":"https:\/\/schema.org","@graph":[{"@type":"Article","@id":"https:\/\/blogdoprosperi.com\/?p=7320#article","isPartOf":{"@id":"https:\/\/blogdoprosperi.com\/?p=7320"},"author":{"name":"Luiz Ant\u00f4nio Pr\u00f3speri","@id":"https:\/\/blogdoprosperi.com\/#\/schema\/person\/38100755ce3601861ee4fab9b5aa78e9"},"headline":"Palmeiras mostra for\u00e7a do banco e retoma caminho da vit\u00f3ria","datePublished":"2016-05-26T03:49:00+00:00","dateModified":"2016-05-26T14:19:45+00:00","mainEntityOfPage":{"@id":"https:\/\/blogdoprosperi.com\/?p=7320"},"wordCount":557,"commentCount":1,"publisher":{"@id":"https:\/\/blogdoprosperi.com\/#\/schema\/person\/38100755ce3601861ee4fab9b5aa78e9"},"image":{"@id":"https:\/\/blogdoprosperi.com\/?p=7320#primaryimage"},"thumbnailUrl":"https:\/\/blogdoprosperi.com\/wp-content\/uploads\/2016\/05\/palmeiras-2x0-fluminense-brasileiro-2016.jpg","keywords":["Brasileir\u00e3o-2016","futebol","Palmeiras Clube","Palmeiras x Fluminense"],"articleSection":["Campeonato Brasileiro","futebol"],"inLanguage":"pt-BR","potentialAction":[{"@type":"CommentAction","name":"Comment","target":["https:\/\/blogdoprosperi.com\/?p=7320#respond"]}]},{"@type":"WebPage","@id":"https:\/\/blogdoprosperi.com\/?p=7320","url":"https:\/\/blogdoprosperi.com\/?p=7320","name":"Palmeiras mostra for\u00e7a do banco e retoma caminho da vit\u00f3ria - PR\u00d3SPERI NEWS","isPartOf":{"@id":"https:\/\/blogdoprosperi.com\/#website"},"primaryImageOfPage":{"@id":"https:\/\/blogdoprosperi.com\/?p=7320#primaryimage"},"image":{"@id":"https:\/\/blogdoprosperi.com\/?p=7320#primaryimage"},"thumbnailUrl":"https:\/\/blogdoprosperi.com\/wp-content\/uploads\/2016\/05\/palmeiras-2x0-fluminense-brasileiro-2016.jpg","datePublished":"2016-05-26T03:49:00+00:00","dateModified":"2016-05-26T14:19:45+00:00","breadcrumb":{"@id":"https:\/\/blogdoprosperi.com\/?p=7320#breadcrumb"},"inLanguage":"pt-BR","potentialAction":[{"@type":"ReadAction","target":["https:\/\/blogdoprosperi.com\/?p=7320"]}]},{"@type":"ImageObject","inLanguage":"pt-BR","@id":"https:\/\/blogdoprosperi.com\/?p=7320#primaryimage","url":"https:\/\/i0.wp.com\/blogdoprosperi.com\/wp-content\/uploads\/2016\/05\/palmeiras-2x0-fluminense-brasileiro-2016.jpg?fit=640%2C360&ssl=1","contentUrl":"https:\/\/i0.wp.com\/blogdoprosperi.com\/wp-content\/uploads\/2016\/05\/palmeiras-2x0-fluminense-brasileiro-2016.jpg?fit=640%2C360&ssl=1","width":640,"height":360},{"@type":"BreadcrumbList","@id":"https:\/\/blogdoprosperi.com\/?p=7320#breadcrumb","itemListElement":[{"@type":"ListItem","position":1,"name":"In\u00edcio","item":"https:\/\/blogdoprosperi.com\/"},{"@type":"ListItem","position":2,"name":"Palmeiras mostra for\u00e7a do banco e retoma caminho da vit\u00f3ria"}]},{"@type":"WebSite","@id":"https:\/\/blogdoprosperi.com\/#website","url":"https:\/\/blogdoprosperi.com\/","name":"PR\u00d3SPERI NEWS","description":"TUDO \u00c9  FUTEBOL","publisher":{"@id":"https:\/\/blogdoprosperi.com\/#\/schema\/person\/38100755ce3601861ee4fab9b5aa78e9"},"alternateName":"blogdoprosperi.com","potentialAction":[{"@type":"SearchAction","target":{"@type":"EntryPoint","urlTemplate":"https:\/\/blogdoprosperi.com\/?s={search_term_string}"},"query-input":{"@type":"PropertyValueSpecification","valueRequired":true,"valueName":"search_term_string"}}],"inLanguage":"pt-BR"},{"@type":["Person","Organization"],"@id":"https:\/\/blogdoprosperi.com\/#\/schema\/person\/38100755ce3601861ee4fab9b5aa78e9","name":"Luiz Ant\u00f4nio Pr\u00f3speri","pronouns":"ele","image":{"@type":"ImageObject","inLanguage":"pt-BR","@id":"https:\/\/i0.wp.com\/blogdoprosperi.com\/wp-content\/uploads\/2026\/05\/cropped-8059e613-6002-42fa-961e-8e275f575d71-2-5.jpg?fit=1360%2C931&ssl=1","url":"https:\/\/i0.wp.com\/blogdoprosperi.com\/wp-content\/uploads\/2026\/05\/cropped-8059e613-6002-42fa-961e-8e275f575d71-2-5.jpg?fit=1360%2C931&ssl=1","contentUrl":"https:\/\/i0.wp.com\/blogdoprosperi.com\/wp-content\/uploads\/2026\/05\/cropped-8059e613-6002-42fa-961e-8e275f575d71-2-5.jpg?fit=1360%2C931&ssl=1","width":1360,"height":931,"caption":"Luiz Ant\u00f4nio Pr\u00f3speri"},"logo":{"@id":"https:\/\/i0.wp.com\/blogdoprosperi.com\/wp-content\/uploads\/2026\/05\/cropped-8059e613-6002-42fa-961e-8e275f575d71-2-5.jpg?fit=1360%2C931&ssl=1"},"description":"Jornalista com carreira dedicada ao esporte. Cobriu 9 Copas do Mundo in loco, 1990 na It\u00e1lia, 1994 nos EUA, 1998 na Fran\u00e7a, 2002 na Coreia do Sul e Jap\u00e3o, 2006 na Alemanha, 2010 na \u00c1frica do Sul, 2014 no Brasil, 2018 na R\u00fassia e 2022 no Qatar. Eurocopas, 1992 na Su\u00e9cia e 1996 na Inglaterra. Copa das Confedera\u00e7\u00f5es de 2005 na Alemanha e 2009 na \u00c1frica do Sul. Rep\u00f3rter e Editor, trabalhou no Jornal da Tarde e Estad\u00e3o, de 1984 a fevereiro de 2016. Colunista, blogueiro. E comentarista de futebol na R\u00e1dio Estad\u00e3o, de 2013 a fevereiro de 2016. Jornalista respons\u00e1vel do \"Pr\u00f3speri News\" (blogdoprosperi.com).","sameAs":["http:\/\/blogdoprosperi.com","Luiz Pr\u00f3speri","@luiz_prosperi","https:\/\/x.com\/Luizprosperi","@prosperinacopa","luiz.prosperi@icloud.com"],"url":"https:\/\/blogdoprosperi.com\/?author=102107496"}]}},"jetpack_publicize_connections":[],"jetpack_likes_enabled":false,"jetpack_sharing_enabled":true,"jetpack_shortlink":"https:\/\/wp.me\/p7jvdk-1U4","jetpack-related-posts":[{"id":6838,"url":"https:\/\/blogdoprosperi.com\/?p=6838","url_meta":{"origin":7320,"position":0},"title":"Palmeiras decepciona e Cuca admite recorrer a Dudu","author":"Luiz Ant\u00f4nio Pr\u00f3speri","date":"21 de maio de 2016","format":false,"excerpt":"\u00a0 A derrota diante da Ponte Preta por 2 a 1 neste s\u00e1bado leva Cuca a refletir sobre o tamanho deste Palmeiras\u00a0no\u00a0Campeonato Brasileiro.\u00a0De imediato, o treinador percebeu que o ataque precisa de mais velocidade. Nem Barrios, de boa atua\u00e7\u00e3o na primeira rodada, muito menos Alecsandro, apagado no jogo em Campinas,\u2026","rel":"","context":"Em &quot;Campeonato Brasileiro&quot;","block_context":{"text":"Campeonato Brasileiro","link":"https:\/\/blogdoprosperi.com\/?cat=355071"},"img":{"alt_text":"","src":"https:\/\/i0.wp.com\/blogdoprosperi.com\/wp-content\/uploads\/2016\/05\/622_59cbc892-299c-33ce-95de-18e7a40c8bf7.jpg?resize=350%2C200&ssl=1","width":350,"height":200,"srcset":"https:\/\/i0.wp.com\/blogdoprosperi.com\/wp-content\/uploads\/2016\/05\/622_59cbc892-299c-33ce-95de-18e7a40c8bf7.jpg?resize=350%2C200&ssl=1 1x, https:\/\/i0.wp.com\/blogdoprosperi.com\/wp-content\/uploads\/2016\/05\/622_59cbc892-299c-33ce-95de-18e7a40c8bf7.jpg?resize=525%2C300&ssl=1 1.5x"},"classes":[]},{"id":19599,"url":"https:\/\/blogdoprosperi.com\/?p=19599","url_meta":{"origin":7320,"position":1},"title":"Palmeiras reassume lideran\u00e7a e descobre goleiro Ja\u00edlson","author":"Luiz Ant\u00f4nio Pr\u00f3speri","date":"7 de agosto de 2016","format":false,"excerpt":"Palmeiras reassume a ponta do Campeonato Brasileiro ao derrotar o Vit\u00f3ria por 2 a 1 no Allianz Parque. Mais que devolver o time ao primeiro posto, o jogo apresentou Ja\u00edlson, novo sucessor de Fernando Prass. Esquecido como terceiro goleiro, ap\u00f3s quase um ano sem jogar por causa de uma grave\u2026","rel":"","context":"Em &quot;Campeonato Brasileiro&quot;","block_context":{"text":"Campeonato Brasileiro","link":"https:\/\/blogdoprosperi.com\/?cat=355071"},"img":{"alt_text":"","src":"https:\/\/i0.wp.com\/blogdoprosperi.com\/wp-content\/uploads\/2016\/08\/622_b19712f7-d62d-38a0-bb16-237abc262000.jpg?resize=350%2C200&ssl=1","width":350,"height":200,"srcset":"https:\/\/i0.wp.com\/blogdoprosperi.com\/wp-content\/uploads\/2016\/08\/622_b19712f7-d62d-38a0-bb16-237abc262000.jpg?resize=350%2C200&ssl=1 1x, https:\/\/i0.wp.com\/blogdoprosperi.com\/wp-content\/uploads\/2016\/08\/622_b19712f7-d62d-38a0-bb16-237abc262000.jpg?resize=525%2C300&ssl=1 1.5x"},"classes":[]},{"id":27981,"url":"https:\/\/blogdoprosperi.com\/?p=27981","url_meta":{"origin":7320,"position":2},"title":"Palmeiras n\u00e3o desengata marcha rumo ao t\u00edtulo do Brasileir\u00e3o","author":"Luiz Ant\u00f4nio Pr\u00f3speri","date":"9 de outubro de 2016","format":false,"excerpt":"Palmeiras n\u00e3o desengata a marcha nem desacelera na estrada que o conduz at\u00e9 o t\u00edtulo do Brasileiro. Sem brilho, com excesso de seguran\u00e7a e cauteloso ao extremo, se imp\u00f4s contra o virtualmente rebaixado Am\u00e9rica-MG. Venceu por 2 a 0 em Londrina, mas pode dizer Allianz Parque, com maioria absoluta de\u2026","rel":"","context":"Em &quot;Campeonato Brasileiro&quot;","block_context":{"text":"Campeonato Brasileiro","link":"https:\/\/blogdoprosperi.com\/?cat=355071"},"img":{"alt_text":"","src":"https:\/\/i0.wp.com\/blogdoprosperi.com\/wp-content\/uploads\/2016\/10\/622_a70bacc3-5105-3d6f-826f-694be30b5ff7.jpg?resize=350%2C200&ssl=1","width":350,"height":200,"srcset":"https:\/\/i0.wp.com\/blogdoprosperi.com\/wp-content\/uploads\/2016\/10\/622_a70bacc3-5105-3d6f-826f-694be30b5ff7.jpg?resize=350%2C200&ssl=1 1x, https:\/\/i0.wp.com\/blogdoprosperi.com\/wp-content\/uploads\/2016\/10\/622_a70bacc3-5105-3d6f-826f-694be30b5ff7.jpg?resize=525%2C300&ssl=1 1.5x"},"classes":[]},{"id":11483,"url":"https:\/\/blogdoprosperi.com\/?p=11483","url_meta":{"origin":7320,"position":3},"title":"Palmeiras assume a lideran\u00e7a e apresenta suas credenciais","author":"Luiz Ant\u00f4nio Pr\u00f3speri","date":"18 de junho de 2016","format":false,"excerpt":"Time com voca\u00e7\u00e3o de campe\u00e3o do Brasileir\u00e3o tem de ser ousado, sem perder o equil\u00edbrio. N\u00e3o importa se a competi\u00e7\u00e3o \u00e9 longa, repleta de imprevistos e concorrentes de todos os naipes. Tem de impor seu estilo, ser forte em casa, atrevido e vencer jogos com autoridade. O Palmeiras esteve muito\u2026","rel":"","context":"Em &quot;Campeonato Brasileiro&quot;","block_context":{"text":"Campeonato Brasileiro","link":"https:\/\/blogdoprosperi.com\/?cat=355071"},"img":{"alt_text":"","src":"https:\/\/i0.wp.com\/blogdoprosperi.com\/wp-content\/uploads\/2016\/06\/gols_palmeiras_santa_cruz_brasileirao.jpg?resize=350%2C200&ssl=1","width":350,"height":200,"srcset":"https:\/\/i0.wp.com\/blogdoprosperi.com\/wp-content\/uploads\/2016\/06\/gols_palmeiras_santa_cruz_brasileirao.jpg?resize=350%2C200&ssl=1 1x, https:\/\/i0.wp.com\/blogdoprosperi.com\/wp-content\/uploads\/2016\/06\/gols_palmeiras_santa_cruz_brasileirao.jpg?resize=525%2C300&ssl=1 1.5x"},"classes":[]},{"id":12237,"url":"https:\/\/blogdoprosperi.com\/?p=12237","url_meta":{"origin":7320,"position":4},"title":"Gabriel Jesus leva Palmeiras a vencer o Am\u00e9rica-MG e encanta emiss\u00e1rio do Barcelona","author":"Luiz Ant\u00f4nio Pr\u00f3speri","date":"22 de junho de 2016","format":false,"excerpt":"Barcelona e Palmeiras n\u00e3o escondem mais a negocia\u00e7\u00e3o de Gabriel Jesus. O clube espanhol quer o craque do Palmeiras a qualquer pre\u00e7o. N\u00e3o por acaso Raul Sanlleh\u00ed, homem das compras do Bar\u00e7a, se deixou mostrar nos camarotes do Allianz Parque nesta noite de ter\u00e7a-feira (21\/6) durante o jogo em que\u2026","rel":"","context":"Em &quot;Campeonato Brasileiro&quot;","block_context":{"text":"Campeonato Brasileiro","link":"https:\/\/blogdoprosperi.com\/?cat=355071"},"img":{"alt_text":"","src":"https:\/\/i0.wp.com\/blogdoprosperi.com\/wp-content\/uploads\/2016\/06\/roger-guedes-domina-a-bola-durante-a-partida-entre-palmeiras-e-america-mg-1466560880372_615x300-1.jpg?resize=350%2C200&ssl=1","width":350,"height":200,"srcset":"https:\/\/i0.wp.com\/blogdoprosperi.com\/wp-content\/uploads\/2016\/06\/roger-guedes-domina-a-bola-durante-a-partida-entre-palmeiras-e-america-mg-1466560880372_615x300-1.jpg?resize=350%2C200&ssl=1 1x, https:\/\/i0.wp.com\/blogdoprosperi.com\/wp-content\/uploads\/2016\/06\/roger-guedes-domina-a-bola-durante-a-partida-entre-palmeiras-e-america-mg-1466560880372_615x300-1.jpg?resize=525%2C300&ssl=1 1.5x"},"classes":[]},{"id":21069,"url":"https:\/\/blogdoprosperi.com\/?p=21069","url_meta":{"origin":7320,"position":5},"title":"Palmeiras mostra autoridade de l\u00edder do Campeonato Brasileiro","author":"Luiz Ant\u00f4nio Pr\u00f3speri","date":"14 de agosto de 2016","format":false,"excerpt":"Palmeiras precisava de uma boa vit\u00f3ria, daquelas com autoridade, fora de casa para alertar aos concorrentes quem, de fato, manda no Brasileir\u00e3o neste in\u00edcio de segundo turno. Os tr\u00eas pontos conquistados diante do Atl\u00e9tico-PR, at\u00e9 ent\u00e3o invicto na sua fortaleza, t\u00eam esse peso. O time de Cuca venceu por 1\u2026","rel":"","context":"Em &quot;Campeonato Brasileiro&quot;","block_context":{"text":"Campeonato Brasileiro","link":"https:\/\/blogdoprosperi.com\/?cat=355071"},"img":{"alt_text":"","src":"https:\/\/i0.wp.com\/blogdoprosperi.com\/wp-content\/uploads\/2016\/08\/ae34225f105e3080ab4e51758e8ae99e.jpg?resize=350%2C200&ssl=1","width":350,"height":200,"srcset":"https:\/\/i0.wp.com\/blogdoprosperi.com\/wp-content\/uploads\/2016\/08\/ae34225f105e3080ab4e51758e8ae99e.jpg?resize=350%2C200&ssl=1 1x, https:\/\/i0.wp.com\/blogdoprosperi.com\/wp-content\/uploads\/2016\/08\/ae34225f105e3080ab4e51758e8ae99e.jpg?resize=525%2C300&ssl=1 1.5x, https:\/\/i0.wp.com\/blogdoprosperi.com\/wp-content\/uploads\/2016\/08\/ae34225f105e3080ab4e51758e8ae99e.jpg?resize=700%2C400&ssl=1 2x, https:\/\/i0.wp.com\/blogdoprosperi.com\/wp-content\/uploads\/2016\/08\/ae34225f105e3080ab4e51758e8ae99e.jpg?resize=1050%2C600&ssl=1 3x, https:\/\/i0.wp.com\/blogdoprosperi.com\/wp-content\/uploads\/2016\/08\/ae34225f105e3080ab4e51758e8ae99e.jpg?resize=1400%2C800&ssl=1 4x"},"classes":[]}],"jetpack_featured_media_url":"","_links":{"self":[{"href":"https:\/\/blogdoprosperi.com\/index.php?rest_route=\/wp\/v2\/posts\/7320","targetHints":{"allow":["GET"]}}],"collection":[{"href":"https:\/\/blogdoprosperi.com\/index.php?rest_route=\/wp\/v2\/posts"}],"about":[{"href":"https:\/\/blogdoprosperi.com\/index.php?rest_route=\/wp\/v2\/types\/post"}],"author":[{"embeddable":true,"href":"https:\/\/blogdoprosperi.com\/index.php?rest_route=\/wp\/v2\/users\/102107496"}],"replies":[{"embeddable":true,"href":"https:\/\/blogdoprosperi.com\/index.php?rest_route=%2Fwp%2Fv2%2Fcomments&post=7320"}],"version-history":[{"count":25,"href":"https:\/\/blogdoprosperi.com\/index.php?rest_route=\/wp\/v2\/posts\/7320\/revisions"}],"predecessor-version":[{"id":7464,"href":"https:\/\/blogdoprosperi.com\/index.php?rest_route=\/wp\/v2\/posts\/7320\/revisions\/7464"}],"wp:attachment":[{"href":"https:\/\/blogdoprosperi.com\/index.php?rest_route=%2Fwp%2Fv2%2Fmedia&parent=7320"}],"wp:term":[{"taxonomy":"category","embeddable":true,"href":"https:\/\/blogdoprosperi.com\/index.php?rest_route=%2Fwp%2Fv2%2Fcategories&post=7320"},{"taxonomy":"post_tag","embeddable":true,"href":"https:\/\/blogdoprosperi.com\/index.php?rest_route=%2Fwp%2Fv2%2Ftags&post=7320"}],"curies":[{"name":"wp","href":"https:\/\/api.w.org\/{rel}","templated":true}]}}