{"id":7539,"date":"2016-05-28T22:16:22","date_gmt":"2016-05-28T22:16:22","guid":{"rendered":"http:\/\/blogdoprosperi.com\/?p=7539"},"modified":"2016-05-30T00:15:28","modified_gmt":"2016-05-30T00:15:28","slug":"cristiano-ronaldo-consagra-o-real-madrid-na-champions-league","status":"publish","type":"post","link":"https:\/\/blogdoprosperi.com\/?p=7539","title":{"rendered":"Cristiano Ronaldo consagra Real Madrid na Champions League"},"content":{"rendered":"<p><span class=\"alignnone\"><img data-recalc-dims=\"1\" loading=\"lazy\" decoding=\"async\" data-attachment-id=\"7645\" data-permalink=\"https:\/\/blogdoprosperi.com\/?attachment_id=7645\" data-orig-file=\"https:\/\/i0.wp.com\/blogdoprosperi.com\/wp-content\/uploads\/2016\/05\/2369426_w2.jpg?fit=656%2C369&amp;ssl=1\" data-orig-size=\"656,369\" data-comments-opened=\"1\" data-image-meta=\"{&quot;aperture&quot;:&quot;0&quot;,&quot;credit&quot;:&quot;&quot;,&quot;camera&quot;:&quot;&quot;,&quot;caption&quot;:&quot;&quot;,&quot;created_timestamp&quot;:&quot;0&quot;,&quot;copyright&quot;:&quot;&quot;,&quot;focal_length&quot;:&quot;0&quot;,&quot;iso&quot;:&quot;0&quot;,&quot;shutter_speed&quot;:&quot;0&quot;,&quot;title&quot;:&quot;&quot;,&quot;orientation&quot;:&quot;0&quot;}\" data-image-title=\"2369426_w2\" data-image-description=\"\" data-image-caption=\"\" data-large-file=\"https:\/\/i0.wp.com\/blogdoprosperi.com\/wp-content\/uploads\/2016\/05\/2369426_w2.jpg?fit=656%2C369&amp;ssl=1\" class=\"alignnone size-full wp-image-7645\" src=\"https:\/\/i0.wp.com\/blogdoprosperi.com\/wp-content\/uploads\/2016\/05\/2369426_w2.jpg?resize=656%2C369&#038;ssl=1\" alt=\"2369426_w2\" width=\"656\" height=\"369\" \/><\/span><\/p>\n<p>Cristiano Ronaldo pouco fez na final da Champions League. N\u00e3o deu um \u00fanico chute digno ao gol do Atl\u00e9tico de Madrid. Se arrastou. Ficaria em segundo plano, \u00a0n\u00e3o fosse por um detalhe: \u00e9 craque. E os craques t\u00eam aura. Coube ao portugu\u00eas converter o p\u00eanalti que deu a d\u00e9cima primeira ta\u00e7a ao Real Madrid.<\/p>\n<p>O jogo terminou empatado por 1 a 1. No primeiro tempo, o Real fez quase tudo certo. Com 14 minutos havia feito um gol &#8211; Sergio Ramos, em jogada ensaiada de bola parada. O zagueiro estava impedido e, mesmo assim, o gol foi validado.<\/p>\n<p>O Real, de muita voca\u00e7\u00e3o ofensiva, dessa vez adotou a postura do Atl\u00e9tico. Defender com extrema efici\u00eancia com tr\u00eas volantes &#8211; Casemiro, Kross e Modric -, letal no contra-ataque e, se aportumidade aparecer, aproveitar a bola parada.<\/p>\n<p>Preso na sua pr\u00f3pria armadilha, o time de Simeone n\u00e3o arrumou uma alternativa para entrar na zona de gol do inimigo. Viveu de alguns raros chutes de fora da \u00e1rea com Griezmann. Pouco.<\/p>\n<p>Zidane, craque no tempo que jogava bola e ainda aprendiz de treinador, foi o mais pragm\u00e1tico poss\u00edvel. Se deu bem nos 45 minutos iniciais.<\/p>\n<p><span class=\"alignnone\"><img data-recalc-dims=\"1\" loading=\"lazy\" decoding=\"async\" data-attachment-id=\"7643\" data-permalink=\"https:\/\/blogdoprosperi.com\/?attachment_id=7643\" data-orig-file=\"https:\/\/i0.wp.com\/blogdoprosperi.com\/wp-content\/uploads\/2016\/05\/2369287_w2.jpg?fit=656%2C369&amp;ssl=1\" data-orig-size=\"656,369\" data-comments-opened=\"1\" data-image-meta=\"{&quot;aperture&quot;:&quot;0&quot;,&quot;credit&quot;:&quot;&quot;,&quot;camera&quot;:&quot;&quot;,&quot;caption&quot;:&quot;&quot;,&quot;created_timestamp&quot;:&quot;0&quot;,&quot;copyright&quot;:&quot;&quot;,&quot;focal_length&quot;:&quot;0&quot;,&quot;iso&quot;:&quot;0&quot;,&quot;shutter_speed&quot;:&quot;0&quot;,&quot;title&quot;:&quot;&quot;,&quot;orientation&quot;:&quot;0&quot;}\" data-image-title=\"2369287_w2\" data-image-description=\"\" data-image-caption=\"\" data-large-file=\"https:\/\/i0.wp.com\/blogdoprosperi.com\/wp-content\/uploads\/2016\/05\/2369287_w2.jpg?fit=656%2C369&amp;ssl=1\" class=\"alignnone size-full wp-image-7643\" src=\"https:\/\/i0.wp.com\/blogdoprosperi.com\/wp-content\/uploads\/2016\/05\/2369287_w2.jpg?resize=656%2C369&#038;ssl=1\" alt=\"2369287_w2\" width=\"656\" height=\"369\" \/><\/span><\/p>\n<p>No segundo tempo, o cl\u00e1ssico virou um inferno nos primeiros 15 minutos. Aos 2, Fernando Torres e Pepe se enroscaram e o \u00e1rbitro deu p\u00eanalti para o Atl\u00e9tico. Griezmann, o garoto franc\u00eas que decide tudo, resolveu bater pesado na bola e mandou no travess\u00e3o. Sem perd\u00e3o.<\/p>\n<p>O p\u00eanalti perdido era um sinal de que o time de Simeone vinha com tudo. Tinha mudado o esquema com a entrada do atacante Carrasco na vaga do volante Fernandez. Griezmann, Torres e Carrasco formavam a linha de frente na tentativa de prensar o Real.<\/p>\n<p><span class=\"alignnone\"><img data-recalc-dims=\"1\" loading=\"lazy\" decoding=\"async\" data-attachment-id=\"7642\" data-permalink=\"https:\/\/blogdoprosperi.com\/?attachment_id=7642\" data-orig-file=\"https:\/\/i0.wp.com\/blogdoprosperi.com\/wp-content\/uploads\/2016\/05\/2369348_w2.jpg?fit=656%2C369&amp;ssl=1\" data-orig-size=\"656,369\" data-comments-opened=\"1\" data-image-meta=\"{&quot;aperture&quot;:&quot;0&quot;,&quot;credit&quot;:&quot;&quot;,&quot;camera&quot;:&quot;&quot;,&quot;caption&quot;:&quot;&quot;,&quot;created_timestamp&quot;:&quot;0&quot;,&quot;copyright&quot;:&quot;&quot;,&quot;focal_length&quot;:&quot;0&quot;,&quot;iso&quot;:&quot;0&quot;,&quot;shutter_speed&quot;:&quot;0&quot;,&quot;title&quot;:&quot;&quot;,&quot;orientation&quot;:&quot;0&quot;}\" data-image-title=\"2369348_w2\" data-image-description=\"\" data-image-caption=\"\" data-large-file=\"https:\/\/i0.wp.com\/blogdoprosperi.com\/wp-content\/uploads\/2016\/05\/2369348_w2.jpg?fit=656%2C369&amp;ssl=1\" class=\"alignnone size-full wp-image-7642\" src=\"https:\/\/i0.wp.com\/blogdoprosperi.com\/wp-content\/uploads\/2016\/05\/2369348_w2.jpg?resize=656%2C369&#038;ssl=1\" alt=\"2369348_w2\" width=\"656\" height=\"369\" \/><\/span><\/p>\n<p>Zidane n\u00e3o mudou a postura do seu time. E nem sentia falta do craque maior, Cristiano Ronaldo, que pouco havia participado do jogo at\u00e9 os 20 minutos. O portugu\u00eas, ainda baleado na coxa, se arrastava em campo.<\/p>\n<p>A decis\u00e3o caminhava favor\u00e1vel ao Real Madrid. Zidane trocou Kross e Benzema por sangue jovem com Isco e Lucas Javier. Um recado para garantir o resultado. Teve a chance de liquidar o jogo, mas Bale e Isco abusaram.<\/p>\n<p>O castigo veio a cavalo. Carrasco empatou o cl\u00e1ssico, aos 33. A final seria resolvida na prorroga\u00e7\u00e3o.<\/p>\n<p>Desgastados, os dois times se renderam ao cansa\u00e7o. O jogo ficou morno, um duelo de nervos esgar\u00e7ados que n\u00e3o deu em nada. A sorte de Real e Atl\u00e9tico viria nos p\u00eanaltis.<\/p>\n<p><span class=\"alignnone\"><img data-recalc-dims=\"1\" loading=\"lazy\" decoding=\"async\" data-attachment-id=\"7644\" data-permalink=\"https:\/\/blogdoprosperi.com\/?attachment_id=7644\" data-orig-file=\"https:\/\/i0.wp.com\/blogdoprosperi.com\/wp-content\/uploads\/2016\/05\/2369421_w2.jpg?fit=656%2C369&amp;ssl=1\" data-orig-size=\"656,369\" data-comments-opened=\"1\" data-image-meta=\"{&quot;aperture&quot;:&quot;0&quot;,&quot;credit&quot;:&quot;&quot;,&quot;camera&quot;:&quot;&quot;,&quot;caption&quot;:&quot;&quot;,&quot;created_timestamp&quot;:&quot;0&quot;,&quot;copyright&quot;:&quot;&quot;,&quot;focal_length&quot;:&quot;0&quot;,&quot;iso&quot;:&quot;0&quot;,&quot;shutter_speed&quot;:&quot;0&quot;,&quot;title&quot;:&quot;&quot;,&quot;orientation&quot;:&quot;0&quot;}\" data-image-title=\"2369421_w2\" data-image-description=\"\" data-image-caption=\"\" data-large-file=\"https:\/\/i0.wp.com\/blogdoprosperi.com\/wp-content\/uploads\/2016\/05\/2369421_w2.jpg?fit=656%2C369&amp;ssl=1\" class=\"alignnone size-full wp-image-7644\" src=\"https:\/\/i0.wp.com\/blogdoprosperi.com\/wp-content\/uploads\/2016\/05\/2369421_w2.jpg?resize=656%2C369&#038;ssl=1\" alt=\"2369421_w2\" width=\"656\" height=\"369\" \/><\/span><\/p>\n<p>E quem tem Cristiano Ronaldo n\u00e3o precisa de sofrer antes da hora. Coube ao craque, autor de 16 gols, converter o quinto e decisivo p\u00eanalti. O Real conquistava a sua 11a Champions League. E ao Atl\u00e9tico, sem nenhuma delas, restou as l\u00e1grimas de sua gente.<\/p>\n","protected":false},"excerpt":{"rendered":"<p>Cristiano Ronaldo pouco fez na final da Champions League. N\u00e3o deu um \u00fanico chute digno ao gol do [&hellip;]<\/p>\n","protected":false},"author":102107496,"featured_media":0,"comment_status":"open","ping_status":"open","sticky":false,"template":"","format":"standard","meta":{"_coblocks_attr":"","_coblocks_dimensions":"","_coblocks_responsive_height":"","_coblocks_accordion_ie_support":"","_jetpack_newsletter_access":"","_jetpack_dont_email_post_to_subs":false,"_jetpack_newsletter_tier_id":0,"_jetpack_memberships_contains_paywalled_content":false,"_wpcom_ai_launchpad_first_post":false,"_jetpack_feature_clip_id":0,"_jetpack_memberships_contains_paid_content":false,"footnotes":"","jetpack_publicize_message":"","jetpack_publicize_feature_enabled":true,"jetpack_social_post_already_shared":false,"jetpack_social_options":{"image_generator_settings":{"template":"highway","default_image_id":0,"font":"","enabled":false},"version":2},"jetpack_post_was_ever_published":false},"categories":[9107,53870],"tags":[626745,167340,1044184,789560560,78820,708718,1171563,78819],"class_list":["post-7539","post","type-post","status-publish","format-standard","hentry","category-champions-league","category-futebol","tag-atletico-de-madrid","tag-champions-league-final","tag-diego-simeone","tag-futebol","tag-real-madrid","tag-san-siro","tag-sergio-ramos","tag-zidane"],"yoast_head":"<!-- This site is optimized with the Yoast SEO plugin v28.3 - https:\/\/yoast.com\/product\/yoast-seo-wordpress\/ -->\n<title>Cristiano Ronaldo consagra Real Madrid na Champions League - PR\u00d3SPERI NEWS<\/title>\n<meta name=\"robots\" content=\"index, follow, max-snippet:-1, max-image-preview:large, max-video-preview:-1\" \/>\n<link rel=\"canonical\" href=\"https:\/\/blogdoprosperi.com\/?p=7539\" \/>\n<meta property=\"og:locale\" content=\"pt_BR\" \/>\n<meta property=\"og:type\" content=\"article\" \/>\n<meta property=\"og:title\" content=\"Cristiano Ronaldo consagra Real Madrid na Champions League - PR\u00d3SPERI NEWS\" \/>\n<meta property=\"og:description\" content=\"Cristiano Ronaldo pouco fez na final da Champions League. N\u00e3o deu um \u00fanico chute digno ao gol do [&hellip;]\" \/>\n<meta property=\"og:url\" content=\"https:\/\/blogdoprosperi.com\/?p=7539\" \/>\n<meta property=\"og:site_name\" content=\"PR\u00d3SPERI NEWS\" \/>\n<meta property=\"article:publisher\" content=\"Luiz Pr\u00f3speri\" \/>\n<meta property=\"article:author\" content=\"Luiz Pr\u00f3speri\" \/>\n<meta property=\"article:published_time\" content=\"2016-05-28T22:16:22+00:00\" \/>\n<meta property=\"article:modified_time\" content=\"2016-05-30T00:15:28+00:00\" \/>\n<meta property=\"og:image\" content=\"https:\/\/blogdoprosperi.com\/wp-content\/uploads\/2016\/05\/2369426_w2.jpg\" \/>\n<meta name=\"author\" content=\"Luiz Ant\u00f4nio Pr\u00f3speri\" \/>\n<meta name=\"twitter:card\" content=\"summary_large_image\" \/>\n<meta name=\"twitter:creator\" content=\"@Luizprosperi\" \/>\n<meta name=\"twitter:site\" content=\"@Luizprosperi\" \/>\n<meta name=\"twitter:label1\" content=\"Escrito por\" \/>\n\t<meta name=\"twitter:data1\" content=\"Luiz Ant\u00f4nio Pr\u00f3speri\" \/>\n\t<meta name=\"twitter:label2\" content=\"Est. tempo de leitura\" \/>\n\t<meta name=\"twitter:data2\" content=\"2 minutos\" \/>\n<script type=\"application\/ld+json\" class=\"yoast-schema-graph\">{\"@context\":\"https:\\\/\\\/schema.org\",\"@graph\":[{\"@type\":\"Article\",\"@id\":\"https:\\\/\\\/blogdoprosperi.com\\\/?p=7539#article\",\"isPartOf\":{\"@id\":\"https:\\\/\\\/blogdoprosperi.com\\\/?p=7539\"},\"author\":{\"name\":\"Luiz Ant\u00f4nio Pr\u00f3speri\",\"@id\":\"https:\\\/\\\/blogdoprosperi.com\\\/#\\\/schema\\\/person\\\/38100755ce3601861ee4fab9b5aa78e9\"},\"headline\":\"Cristiano Ronaldo consagra Real Madrid na Champions League\",\"datePublished\":\"2016-05-28T22:16:22+00:00\",\"dateModified\":\"2016-05-30T00:15:28+00:00\",\"mainEntityOfPage\":{\"@id\":\"https:\\\/\\\/blogdoprosperi.com\\\/?p=7539\"},\"wordCount\":487,\"commentCount\":1,\"publisher\":{\"@id\":\"https:\\\/\\\/blogdoprosperi.com\\\/#\\\/schema\\\/person\\\/38100755ce3601861ee4fab9b5aa78e9\"},\"image\":{\"@id\":\"https:\\\/\\\/blogdoprosperi.com\\\/?p=7539#primaryimage\"},\"thumbnailUrl\":\"https:\\\/\\\/blogdoprosperi.com\\\/wp-content\\\/uploads\\\/2016\\\/05\\\/2369426_w2.jpg\",\"keywords\":[\"Atl\u00e9tico de Madrid\",\"Champions League Final\",\"Diego Simeone\",\"futebol\",\"Real Madrid\",\"San Siro\",\"Sergio Ramos\",\"Zidane\"],\"articleSection\":[\"Champions League\",\"futebol\"],\"inLanguage\":\"pt-BR\",\"potentialAction\":[{\"@type\":\"CommentAction\",\"name\":\"Comment\",\"target\":[\"https:\\\/\\\/blogdoprosperi.com\\\/?p=7539#respond\"]}]},{\"@type\":\"WebPage\",\"@id\":\"https:\\\/\\\/blogdoprosperi.com\\\/?p=7539\",\"url\":\"https:\\\/\\\/blogdoprosperi.com\\\/?p=7539\",\"name\":\"Cristiano Ronaldo consagra Real Madrid na Champions League - PR\u00d3SPERI NEWS\",\"isPartOf\":{\"@id\":\"https:\\\/\\\/blogdoprosperi.com\\\/#website\"},\"primaryImageOfPage\":{\"@id\":\"https:\\\/\\\/blogdoprosperi.com\\\/?p=7539#primaryimage\"},\"image\":{\"@id\":\"https:\\\/\\\/blogdoprosperi.com\\\/?p=7539#primaryimage\"},\"thumbnailUrl\":\"https:\\\/\\\/blogdoprosperi.com\\\/wp-content\\\/uploads\\\/2016\\\/05\\\/2369426_w2.jpg\",\"datePublished\":\"2016-05-28T22:16:22+00:00\",\"dateModified\":\"2016-05-30T00:15:28+00:00\",\"breadcrumb\":{\"@id\":\"https:\\\/\\\/blogdoprosperi.com\\\/?p=7539#breadcrumb\"},\"inLanguage\":\"pt-BR\",\"potentialAction\":[{\"@type\":\"ReadAction\",\"target\":[\"https:\\\/\\\/blogdoprosperi.com\\\/?p=7539\"]}]},{\"@type\":\"ImageObject\",\"inLanguage\":\"pt-BR\",\"@id\":\"https:\\\/\\\/blogdoprosperi.com\\\/?p=7539#primaryimage\",\"url\":\"https:\\\/\\\/i0.wp.com\\\/blogdoprosperi.com\\\/wp-content\\\/uploads\\\/2016\\\/05\\\/2369426_w2.jpg?fit=656%2C369&ssl=1\",\"contentUrl\":\"https:\\\/\\\/i0.wp.com\\\/blogdoprosperi.com\\\/wp-content\\\/uploads\\\/2016\\\/05\\\/2369426_w2.jpg?fit=656%2C369&ssl=1\",\"width\":656,\"height\":369},{\"@type\":\"BreadcrumbList\",\"@id\":\"https:\\\/\\\/blogdoprosperi.com\\\/?p=7539#breadcrumb\",\"itemListElement\":[{\"@type\":\"ListItem\",\"position\":1,\"name\":\"In\u00edcio\",\"item\":\"https:\\\/\\\/blogdoprosperi.com\\\/\"},{\"@type\":\"ListItem\",\"position\":2,\"name\":\"Cristiano Ronaldo consagra Real Madrid na Champions League\"}]},{\"@type\":\"WebSite\",\"@id\":\"https:\\\/\\\/blogdoprosperi.com\\\/#website\",\"url\":\"https:\\\/\\\/blogdoprosperi.com\\\/\",\"name\":\"PR\u00d3SPERI NEWS\",\"description\":\"TUDO \u00c9  FUTEBOL\",\"publisher\":{\"@id\":\"https:\\\/\\\/blogdoprosperi.com\\\/#\\\/schema\\\/person\\\/38100755ce3601861ee4fab9b5aa78e9\"},\"alternateName\":\"blogdoprosperi.com\",\"potentialAction\":[{\"@type\":\"SearchAction\",\"target\":{\"@type\":\"EntryPoint\",\"urlTemplate\":\"https:\\\/\\\/blogdoprosperi.com\\\/?s={search_term_string}\"},\"query-input\":{\"@type\":\"PropertyValueSpecification\",\"valueRequired\":true,\"valueName\":\"search_term_string\"}}],\"inLanguage\":\"pt-BR\"},{\"@type\":[\"Person\",\"Organization\"],\"@id\":\"https:\\\/\\\/blogdoprosperi.com\\\/#\\\/schema\\\/person\\\/38100755ce3601861ee4fab9b5aa78e9\",\"name\":\"Luiz Ant\u00f4nio Pr\u00f3speri\",\"pronouns\":\"ele\",\"image\":{\"@type\":\"ImageObject\",\"inLanguage\":\"pt-BR\",\"@id\":\"https:\\\/\\\/i0.wp.com\\\/blogdoprosperi.com\\\/wp-content\\\/uploads\\\/2026\\\/05\\\/cropped-8059e613-6002-42fa-961e-8e275f575d71-2-5.jpg?fit=1360%2C931&ssl=1\",\"url\":\"https:\\\/\\\/i0.wp.com\\\/blogdoprosperi.com\\\/wp-content\\\/uploads\\\/2026\\\/05\\\/cropped-8059e613-6002-42fa-961e-8e275f575d71-2-5.jpg?fit=1360%2C931&ssl=1\",\"contentUrl\":\"https:\\\/\\\/i0.wp.com\\\/blogdoprosperi.com\\\/wp-content\\\/uploads\\\/2026\\\/05\\\/cropped-8059e613-6002-42fa-961e-8e275f575d71-2-5.jpg?fit=1360%2C931&ssl=1\",\"width\":1360,\"height\":931,\"caption\":\"Luiz Ant\u00f4nio Pr\u00f3speri\"},\"logo\":{\"@id\":\"https:\\\/\\\/i0.wp.com\\\/blogdoprosperi.com\\\/wp-content\\\/uploads\\\/2026\\\/05\\\/cropped-8059e613-6002-42fa-961e-8e275f575d71-2-5.jpg?fit=1360%2C931&ssl=1\"},\"description\":\"Jornalista com carreira dedicada ao esporte. Cobriu 9 Copas do Mundo in loco, 1990 na It\u00e1lia, 1994 nos EUA, 1998 na Fran\u00e7a, 2002 na Coreia do Sul e Jap\u00e3o, 2006 na Alemanha, 2010 na \u00c1frica do Sul, 2014 no Brasil, 2018 na R\u00fassia e 2022 no Qatar. Eurocopas, 1992 na Su\u00e9cia e 1996 na Inglaterra. Copa das Confedera\u00e7\u00f5es de 2005 na Alemanha e 2009 na \u00c1frica do Sul. Rep\u00f3rter e Editor, trabalhou no Jornal da Tarde e Estad\u00e3o, de 1984 a fevereiro de 2016. Colunista, blogueiro. E comentarista de futebol na R\u00e1dio Estad\u00e3o, de 2013 a fevereiro de 2016. Jornalista respons\u00e1vel do \\\"Pr\u00f3speri News\\\" (blogdoprosperi.com).\",\"sameAs\":[\"http:\\\/\\\/blogdoprosperi.com\",\"Luiz Pr\u00f3speri\",\"@luiz_prosperi\",\"https:\\\/\\\/x.com\\\/Luizprosperi\",\"@prosperinacopa\",\"luiz.prosperi@icloud.com\"],\"url\":\"https:\\\/\\\/blogdoprosperi.com\\\/?author=102107496\"}]}<\/script>\n<!-- \/ Yoast SEO plugin. -->","yoast_head_json":{"title":"Cristiano Ronaldo consagra Real Madrid na Champions League - PR\u00d3SPERI NEWS","robots":{"index":"index","follow":"follow","max-snippet":"max-snippet:-1","max-image-preview":"max-image-preview:large","max-video-preview":"max-video-preview:-1"},"canonical":"https:\/\/blogdoprosperi.com\/?p=7539","og_locale":"pt_BR","og_type":"article","og_title":"Cristiano Ronaldo consagra Real Madrid na Champions League - PR\u00d3SPERI NEWS","og_description":"Cristiano Ronaldo pouco fez na final da Champions League. N\u00e3o deu um \u00fanico chute digno ao gol do [&hellip;]","og_url":"https:\/\/blogdoprosperi.com\/?p=7539","og_site_name":"PR\u00d3SPERI NEWS","article_publisher":"Luiz Pr\u00f3speri","article_author":"Luiz Pr\u00f3speri","article_published_time":"2016-05-28T22:16:22+00:00","article_modified_time":"2016-05-30T00:15:28+00:00","og_image":[{"url":"https:\/\/blogdoprosperi.com\/wp-content\/uploads\/2016\/05\/2369426_w2.jpg","type":"","width":"","height":""}],"author":"Luiz Ant\u00f4nio Pr\u00f3speri","twitter_card":"summary_large_image","twitter_creator":"@Luizprosperi","twitter_site":"@Luizprosperi","twitter_misc":{"Escrito por":"Luiz Ant\u00f4nio Pr\u00f3speri","Est. tempo de leitura":"2 minutos"},"schema":{"@context":"https:\/\/schema.org","@graph":[{"@type":"Article","@id":"https:\/\/blogdoprosperi.com\/?p=7539#article","isPartOf":{"@id":"https:\/\/blogdoprosperi.com\/?p=7539"},"author":{"name":"Luiz Ant\u00f4nio Pr\u00f3speri","@id":"https:\/\/blogdoprosperi.com\/#\/schema\/person\/38100755ce3601861ee4fab9b5aa78e9"},"headline":"Cristiano Ronaldo consagra Real Madrid na Champions League","datePublished":"2016-05-28T22:16:22+00:00","dateModified":"2016-05-30T00:15:28+00:00","mainEntityOfPage":{"@id":"https:\/\/blogdoprosperi.com\/?p=7539"},"wordCount":487,"commentCount":1,"publisher":{"@id":"https:\/\/blogdoprosperi.com\/#\/schema\/person\/38100755ce3601861ee4fab9b5aa78e9"},"image":{"@id":"https:\/\/blogdoprosperi.com\/?p=7539#primaryimage"},"thumbnailUrl":"https:\/\/blogdoprosperi.com\/wp-content\/uploads\/2016\/05\/2369426_w2.jpg","keywords":["Atl\u00e9tico de Madrid","Champions League Final","Diego Simeone","futebol","Real Madrid","San Siro","Sergio Ramos","Zidane"],"articleSection":["Champions League","futebol"],"inLanguage":"pt-BR","potentialAction":[{"@type":"CommentAction","name":"Comment","target":["https:\/\/blogdoprosperi.com\/?p=7539#respond"]}]},{"@type":"WebPage","@id":"https:\/\/blogdoprosperi.com\/?p=7539","url":"https:\/\/blogdoprosperi.com\/?p=7539","name":"Cristiano Ronaldo consagra Real Madrid na Champions League - PR\u00d3SPERI NEWS","isPartOf":{"@id":"https:\/\/blogdoprosperi.com\/#website"},"primaryImageOfPage":{"@id":"https:\/\/blogdoprosperi.com\/?p=7539#primaryimage"},"image":{"@id":"https:\/\/blogdoprosperi.com\/?p=7539#primaryimage"},"thumbnailUrl":"https:\/\/blogdoprosperi.com\/wp-content\/uploads\/2016\/05\/2369426_w2.jpg","datePublished":"2016-05-28T22:16:22+00:00","dateModified":"2016-05-30T00:15:28+00:00","breadcrumb":{"@id":"https:\/\/blogdoprosperi.com\/?p=7539#breadcrumb"},"inLanguage":"pt-BR","potentialAction":[{"@type":"ReadAction","target":["https:\/\/blogdoprosperi.com\/?p=7539"]}]},{"@type":"ImageObject","inLanguage":"pt-BR","@id":"https:\/\/blogdoprosperi.com\/?p=7539#primaryimage","url":"https:\/\/i0.wp.com\/blogdoprosperi.com\/wp-content\/uploads\/2016\/05\/2369426_w2.jpg?fit=656%2C369&ssl=1","contentUrl":"https:\/\/i0.wp.com\/blogdoprosperi.com\/wp-content\/uploads\/2016\/05\/2369426_w2.jpg?fit=656%2C369&ssl=1","width":656,"height":369},{"@type":"BreadcrumbList","@id":"https:\/\/blogdoprosperi.com\/?p=7539#breadcrumb","itemListElement":[{"@type":"ListItem","position":1,"name":"In\u00edcio","item":"https:\/\/blogdoprosperi.com\/"},{"@type":"ListItem","position":2,"name":"Cristiano Ronaldo consagra Real Madrid na Champions League"}]},{"@type":"WebSite","@id":"https:\/\/blogdoprosperi.com\/#website","url":"https:\/\/blogdoprosperi.com\/","name":"PR\u00d3SPERI NEWS","description":"TUDO \u00c9  FUTEBOL","publisher":{"@id":"https:\/\/blogdoprosperi.com\/#\/schema\/person\/38100755ce3601861ee4fab9b5aa78e9"},"alternateName":"blogdoprosperi.com","potentialAction":[{"@type":"SearchAction","target":{"@type":"EntryPoint","urlTemplate":"https:\/\/blogdoprosperi.com\/?s={search_term_string}"},"query-input":{"@type":"PropertyValueSpecification","valueRequired":true,"valueName":"search_term_string"}}],"inLanguage":"pt-BR"},{"@type":["Person","Organization"],"@id":"https:\/\/blogdoprosperi.com\/#\/schema\/person\/38100755ce3601861ee4fab9b5aa78e9","name":"Luiz Ant\u00f4nio Pr\u00f3speri","pronouns":"ele","image":{"@type":"ImageObject","inLanguage":"pt-BR","@id":"https:\/\/i0.wp.com\/blogdoprosperi.com\/wp-content\/uploads\/2026\/05\/cropped-8059e613-6002-42fa-961e-8e275f575d71-2-5.jpg?fit=1360%2C931&ssl=1","url":"https:\/\/i0.wp.com\/blogdoprosperi.com\/wp-content\/uploads\/2026\/05\/cropped-8059e613-6002-42fa-961e-8e275f575d71-2-5.jpg?fit=1360%2C931&ssl=1","contentUrl":"https:\/\/i0.wp.com\/blogdoprosperi.com\/wp-content\/uploads\/2026\/05\/cropped-8059e613-6002-42fa-961e-8e275f575d71-2-5.jpg?fit=1360%2C931&ssl=1","width":1360,"height":931,"caption":"Luiz Ant\u00f4nio Pr\u00f3speri"},"logo":{"@id":"https:\/\/i0.wp.com\/blogdoprosperi.com\/wp-content\/uploads\/2026\/05\/cropped-8059e613-6002-42fa-961e-8e275f575d71-2-5.jpg?fit=1360%2C931&ssl=1"},"description":"Jornalista com carreira dedicada ao esporte. Cobriu 9 Copas do Mundo in loco, 1990 na It\u00e1lia, 1994 nos EUA, 1998 na Fran\u00e7a, 2002 na Coreia do Sul e Jap\u00e3o, 2006 na Alemanha, 2010 na \u00c1frica do Sul, 2014 no Brasil, 2018 na R\u00fassia e 2022 no Qatar. Eurocopas, 1992 na Su\u00e9cia e 1996 na Inglaterra. Copa das Confedera\u00e7\u00f5es de 2005 na Alemanha e 2009 na \u00c1frica do Sul. Rep\u00f3rter e Editor, trabalhou no Jornal da Tarde e Estad\u00e3o, de 1984 a fevereiro de 2016. Colunista, blogueiro. E comentarista de futebol na R\u00e1dio Estad\u00e3o, de 2013 a fevereiro de 2016. Jornalista respons\u00e1vel do \"Pr\u00f3speri News\" (blogdoprosperi.com).","sameAs":["http:\/\/blogdoprosperi.com","Luiz Pr\u00f3speri","@luiz_prosperi","https:\/\/x.com\/Luizprosperi","@prosperinacopa","luiz.prosperi@icloud.com"],"url":"https:\/\/blogdoprosperi.com\/?author=102107496"}]}},"jetpack_publicize_connections":[],"jetpack_likes_enabled":false,"jetpack_sharing_enabled":true,"jetpack_shortlink":"https:\/\/wp.me\/p7jvdk-1XB","jetpack-related-posts":[{"id":3325,"url":"https:\/\/blogdoprosperi.com\/?p=3325","url_meta":{"origin":7539,"position":0},"title":"Europa se curva ao futebol de Madri","author":"Luiz Ant\u00f4nio Pr\u00f3speri","date":"4 de maio de 2016","format":false,"excerpt":"\u00a0 Madri \u00e9 a nova capital do futebol europeu com a chegada de Real e Atl\u00e9tico \u00e0 final da Champions League. Os dois gigantes da Espanha t\u00eam encontro marcado dia 21 no San Siro, em Mil\u00e3o. E este confronto tem apelo de vingan\u00e7a por parte do Atl\u00e9tico, que h\u00e1 dois\u2026","rel":"","context":"Em &quot;Champions League&quot;","block_context":{"text":"Champions League","link":"https:\/\/blogdoprosperi.com\/?cat=9107"},"img":{"alt_text":"","src":"https:\/\/i0.wp.com\/blogdoprosperi.com\/wp-content\/uploads\/2016\/05\/2360633_w2.jpg?resize=350%2C200&ssl=1","width":350,"height":200,"srcset":"https:\/\/i0.wp.com\/blogdoprosperi.com\/wp-content\/uploads\/2016\/05\/2360633_w2.jpg?resize=350%2C200&ssl=1 1x, https:\/\/i0.wp.com\/blogdoprosperi.com\/wp-content\/uploads\/2016\/05\/2360633_w2.jpg?resize=525%2C300&ssl=1 1.5x"},"classes":[]},{"id":933,"url":"https:\/\/blogdoprosperi.com\/?p=933","url_meta":{"origin":7539,"position":1},"title":"Cristiano Ronaldo salva Zidane e leva Real Madrid ao c\u00e9u","author":"Luiz Ant\u00f4nio Pr\u00f3speri","date":"12 de abril de 2016","format":false,"excerpt":"Zinedine Zidane repete escala\u00e7\u00e3o conservadora do Real Madrid e avan\u00e7a \u00e0 semifinal da Champions League gra\u00e7as ao talento e \u00e0 sorte de Cristiano Ronaldo, autor dos tr\u00eas gols na vit\u00f3ria por 3 a 0 contra o Wolfsburg na capital espanhola - no jogo de ida o time alem\u00e3o havia vencido\u2026","rel":"","context":"Em &quot;futebol&quot;","block_context":{"text":"futebol","link":"https:\/\/blogdoprosperi.com\/?cat=53870"},"img":{"alt_text":"","src":"https:\/\/i0.wp.com\/blogdoprosperi.com\/wp-content\/uploads\/2016\/04\/zinedinezidane-cropped_1xh8aw2gh0y5m1ffz69eeoefkx.jpg?resize=350%2C200&ssl=1","width":350,"height":200,"srcset":"https:\/\/i0.wp.com\/blogdoprosperi.com\/wp-content\/uploads\/2016\/04\/zinedinezidane-cropped_1xh8aw2gh0y5m1ffz69eeoefkx.jpg?resize=350%2C200&ssl=1 1x, https:\/\/i0.wp.com\/blogdoprosperi.com\/wp-content\/uploads\/2016\/04\/zinedinezidane-cropped_1xh8aw2gh0y5m1ffz69eeoefkx.jpg?resize=525%2C300&ssl=1 1.5x"},"classes":[]},{"id":3165,"url":"https:\/\/blogdoprosperi.com\/?p=3165","url_meta":{"origin":7539,"position":2},"title":"Guardiola est\u00e1 fora da final da Champions League","author":"Luiz Ant\u00f4nio Pr\u00f3speri","date":"3 de maio de 2016","format":false,"excerpt":"Treinador inovador, e para muitos um g\u00eanio, sai eliminado com o Bayern Munique na semifinal diante do Atl\u00e9tico de Madrid, do lutador e sangue quente Diego Simeone Guardiola ficou a um passo de voltar \u00e0 final da Champions League. Pela terceira vez estacionou com o Bayern de Munique nas semifinais.\u2026","rel":"","context":"Em &quot;futebol&quot;","block_context":{"text":"futebol","link":"https:\/\/blogdoprosperi.com\/?cat=53870"},"img":{"alt_text":"","src":"https:\/\/i0.wp.com\/blogdoprosperi.com\/wp-content\/uploads\/2016\/05\/2360230_w2-1.jpg?resize=350%2C200&ssl=1","width":350,"height":200,"srcset":"https:\/\/i0.wp.com\/blogdoprosperi.com\/wp-content\/uploads\/2016\/05\/2360230_w2-1.jpg?resize=350%2C200&ssl=1 1x, https:\/\/i0.wp.com\/blogdoprosperi.com\/wp-content\/uploads\/2016\/05\/2360230_w2-1.jpg?resize=525%2C300&ssl=1 1.5x"},"classes":[]},{"id":446,"url":"https:\/\/blogdoprosperi.com\/?p=446","url_meta":{"origin":7539,"position":3},"title":"Irrespons\u00e1vel, Fernando Torres facilita a vida do Barcelona","author":"Luiz Ant\u00f4nio Pr\u00f3speri","date":"5 de abril de 2016","format":false,"excerpt":"Diego Simeone, treinador do Atl\u00e9tico de Madrid, tem muitos seguidores. S\u00e3o aqueles admiradores do futebol de marca\u00e7\u00e3o obsessiva, entrega, suor, garra e rosto crispado. Seus jogadores jogam por ele e ele joga pelos jogadores no limite entre sua \u00e1rea de atua\u00e7\u00e3o e o campo de jogo. Por isso, o Atl\u00e9tico\u2026","rel":"","context":"Em &quot;futebol&quot;","block_context":{"text":"futebol","link":"https:\/\/blogdoprosperi.com\/?cat=53870"},"img":{"alt_text":"","src":"https:\/\/i0.wp.com\/blogdoprosperi.com\/wp-content\/uploads\/2016\/04\/cftn0rhwwaebt6s.jpg?resize=350%2C200&ssl=1","width":350,"height":200,"srcset":"https:\/\/i0.wp.com\/blogdoprosperi.com\/wp-content\/uploads\/2016\/04\/cftn0rhwwaebt6s.jpg?resize=350%2C200&ssl=1 1x, https:\/\/i0.wp.com\/blogdoprosperi.com\/wp-content\/uploads\/2016\/04\/cftn0rhwwaebt6s.jpg?resize=525%2C300&ssl=1 1.5x"},"classes":[]},{"id":4413,"url":"https:\/\/blogdoprosperi.com\/?p=4413","url_meta":{"origin":7539,"position":4},"title":"Real Madrid adia festa do Barcelona no Campeonato Espanhol","author":"Luiz Ant\u00f4nio Pr\u00f3speri","date":"8 de maio de 2016","format":false,"excerpt":"O Barcelona dos dribles e da solidariedade ressurgiu neste domingo na vit\u00f3ria por 5 a 0 contra o Espa\u00f1ol, no cl\u00e1ssico da Catalunha. Messi, Su\u00e1rez e Neymar combinaram boas jogadas e tiraram os beques do advers\u00e1rio para dan\u00e7ar. O resultado ainda n\u00e3o garante ao Bar\u00e7a o t\u00edtulo do Campeonato Espanhol,\u2026","rel":"","context":"Em &quot;futebol&quot;","block_context":{"text":"futebol","link":"https:\/\/blogdoprosperi.com\/?cat=53870"},"img":{"alt_text":"images","src":"https:\/\/i0.wp.com\/blogdoprosperi.com\/wp-content\/uploads\/2016\/05\/images2.jpeg?resize=350%2C200&ssl=1","width":350,"height":200},"classes":[]},{"id":1000,"url":"https:\/\/blogdoprosperi.com\/?p=1000","url_meta":{"origin":7539,"position":5},"title":"Atl\u00e9tico cerra os dentes e despacha o Barcelona","author":"Luiz Ant\u00f4nio Pr\u00f3speri","date":"13 de abril de 2016","format":false,"excerpt":"Messi, Su\u00e1rez e Neymar n\u00e3o apareceram no est\u00e1dio Vicente Calder\u00f3n nesta quarta-feira em Madri. Encantador de serpentes, esse trio MSN se viu encaixotado pelo ex\u00e9rcito de Diego Simeone no jogo que valia uma vaga \u00e0 semifinal da Champions League. Amarrados e perdidos na escurid\u00e3o do futebol, tamb\u00e9m n\u00e3o tiveram companheiros\u2026","rel":"","context":"Em &quot;Champions League&quot;","block_context":{"text":"Champions League","link":"https:\/\/blogdoprosperi.com\/?cat=9107"},"img":{"alt_text":"","src":"https:\/\/i0.wp.com\/blogdoprosperi.com\/wp-content\/uploads\/2016\/04\/2352956_w2.jpg?resize=350%2C200&ssl=1","width":350,"height":200,"srcset":"https:\/\/i0.wp.com\/blogdoprosperi.com\/wp-content\/uploads\/2016\/04\/2352956_w2.jpg?resize=350%2C200&ssl=1 1x, https:\/\/i0.wp.com\/blogdoprosperi.com\/wp-content\/uploads\/2016\/04\/2352956_w2.jpg?resize=525%2C300&ssl=1 1.5x"},"classes":[]}],"jetpack_featured_media_url":"","_links":{"self":[{"href":"https:\/\/blogdoprosperi.com\/index.php?rest_route=\/wp\/v2\/posts\/7539","targetHints":{"allow":["GET"]}}],"collection":[{"href":"https:\/\/blogdoprosperi.com\/index.php?rest_route=\/wp\/v2\/posts"}],"about":[{"href":"https:\/\/blogdoprosperi.com\/index.php?rest_route=\/wp\/v2\/types\/post"}],"author":[{"embeddable":true,"href":"https:\/\/blogdoprosperi.com\/index.php?rest_route=\/wp\/v2\/users\/102107496"}],"replies":[{"embeddable":true,"href":"https:\/\/blogdoprosperi.com\/index.php?rest_route=%2Fwp%2Fv2%2Fcomments&post=7539"}],"version-history":[{"count":25,"href":"https:\/\/blogdoprosperi.com\/index.php?rest_route=\/wp\/v2\/posts\/7539\/revisions"}],"predecessor-version":[{"id":7647,"href":"https:\/\/blogdoprosperi.com\/index.php?rest_route=\/wp\/v2\/posts\/7539\/revisions\/7647"}],"wp:attachment":[{"href":"https:\/\/blogdoprosperi.com\/index.php?rest_route=%2Fwp%2Fv2%2Fmedia&parent=7539"}],"wp:term":[{"taxonomy":"category","embeddable":true,"href":"https:\/\/blogdoprosperi.com\/index.php?rest_route=%2Fwp%2Fv2%2Fcategories&post=7539"},{"taxonomy":"post_tag","embeddable":true,"href":"https:\/\/blogdoprosperi.com\/index.php?rest_route=%2Fwp%2Fv2%2Ftags&post=7539"}],"curies":[{"name":"wp","href":"https:\/\/api.w.org\/{rel}","templated":true}]}}