{"id":7594,"date":"2016-05-30T00:03:13","date_gmt":"2016-05-30T00:03:13","guid":{"rendered":"http:\/\/blogdoprosperi.com\/?p=7594"},"modified":"2016-05-30T01:07:00","modified_gmt":"2016-05-30T01:07:00","slug":"sao-paulo-encontra-seu-caminho-palmeiras-perde-o-rumo","status":"publish","type":"post","link":"https:\/\/blogdoprosperi.com\/?p=7594","title":{"rendered":"S\u00e3o Paulo encontra seu caminho, Palmeiras perde o rumo"},"content":{"rendered":"<p><span class=\"alignnone\"><img data-recalc-dims=\"1\" loading=\"lazy\" decoding=\"async\" data-attachment-id=\"7631\" data-permalink=\"https:\/\/blogdoprosperi.com\/?attachment_id=7631\" data-orig-file=\"https:\/\/i0.wp.com\/blogdoprosperi.com\/wp-content\/uploads\/2016\/05\/ganso-gol-sp-x-palmeiras-1.jpg?fit=960%2C640&amp;ssl=1\" data-orig-size=\"960,640\" data-comments-opened=\"1\" data-image-meta=\"{&quot;aperture&quot;:&quot;0&quot;,&quot;credit&quot;:&quot;&quot;,&quot;camera&quot;:&quot;&quot;,&quot;caption&quot;:&quot;&quot;,&quot;created_timestamp&quot;:&quot;0&quot;,&quot;copyright&quot;:&quot;&quot;,&quot;focal_length&quot;:&quot;0&quot;,&quot;iso&quot;:&quot;0&quot;,&quot;shutter_speed&quot;:&quot;0&quot;,&quot;title&quot;:&quot;&quot;,&quot;orientation&quot;:&quot;0&quot;}\" data-image-title=\"ganso-gol-sp-x-palmeiras-1\" data-image-description=\"\" data-image-caption=\"\" data-large-file=\"https:\/\/i0.wp.com\/blogdoprosperi.com\/wp-content\/uploads\/2016\/05\/ganso-gol-sp-x-palmeiras-1.jpg?fit=940%2C627&amp;ssl=1\" class=\"alignnone size-full wp-image-7631\" src=\"https:\/\/i0.wp.com\/blogdoprosperi.com\/wp-content\/uploads\/2016\/05\/ganso-gol-sp-x-palmeiras-1.jpg?resize=940%2C627&#038;ssl=1\" alt=\"ganso-gol-sp-x-palmeiras-1\" width=\"940\" height=\"627\" \/><\/span><\/p>\n<p>O <a href=\"http:\/\/blogdoprosperi.com\/2016\/05\/26\/bauza-nao-tem-medo-de-arriscar-com-reservas-do-sao-paulo\/\">S\u00e3o Paulo <\/a>deu mais uma prova de sua ambi\u00e7\u00e3o nesta temporada. Depois do salto gigantesco na Libertadores, quando passou de desacreditado a postulante ao t\u00edtulo, come\u00e7a a mostrar autoridade no <a href=\"http:\/\/blogdoprosperi.com\/2016\/05\/25\/veja-como-os-clubes-ingleses-nadam-no-dinheiro-da-televisao\/\">Campeonato Brasileiro<\/a>. Deixou isso bem claro ao derrotar o Palmeiras por 1 a 0 no cl\u00e1ssico no Morumbi, neste domingo (29\/5).<\/p>\n<p>Sofreu, \u00e9 verdade, at\u00e9 <a href=\"http:\/\/blogdoprosperi.com\/2016\/05\/02\/de-ganso-a-thiago-silva-as-incoerencias-de-dunga\/\">Ganso<\/a> fazer o gol, aos 11 minutos, em pixotada do jovem zagueiro Thiago Martins. Ali\u00e1s, o beque forjado nas categorias de base tem passado apertado nos \u00faltimos jogos com falhas comprometedoras.<\/p>\n<p>Ao estabelecer 1 a 0, o S\u00e3o Paulo teve o controle da partida at\u00e9 o encerramento do primeiro tempo. No segundo, tamb\u00e9m suou um pouco no come\u00e7o com as investidas do novo ataque do Palmeiras, que tinha Rafael Marques, e o meia Mois\u00e9s.<\/p>\n<div class=\"jetpack-video-wrapper\"><span class=\"embed-youtube\" style=\"text-align:center; display: block;\"><iframe loading=\"lazy\" class=\"youtube-player\" width=\"560\" height=\"315\" src=\"https:\/\/www.youtube.com\/embed\/tsP7TGgn7EU?version=3&#038;rel=1&#038;showsearch=0&#038;showinfo=1&#038;iv_load_policy=1&#038;fs=1&#038;hl=pt-BR&#038;autohide=2&#038;wmode=transparent\" allowfullscreen=\"true\" style=\"border:0;\" sandbox=\"allow-scripts allow-same-origin allow-popups allow-presentation allow-popups-to-escape-sandbox\"><\/iframe><\/span><\/div>\n<p>Passado o susto, se imp\u00f4s novamente e encurralou o advers\u00e1rio. Obrigou Fernando Prass a se consagrar com pelo menos quatro defesas impeditivas de uma goleada no Morumbi. Mas fechou o jogo com a vit\u00f3ria magrinha.<\/p>\n<p>O triunfo, sustentando um tabu de n\u00e3o perder para o Palmeiras desde 2002 no Morumbi, explica tamb\u00e9m como o S\u00e3o Paulo est\u00e1 mais organizado com os arranjos de <a href=\"http:\/\/blogdoprosperi.com\/2016\/05\/19\/sao-paulo-se-impoe-na-libertadores-com-a-cara-de-bauza\/\">Edgardo Bauza<\/a>. Se seguir nessa toada, tem tudo para se consolidar entre os que pensam grande neste Brasileir\u00e3o.<\/p>\n<p>Dentro desse ambiente de otimismo, Bauza at\u00e9 gostou do bate-boca, quase vias de fato, entre Maicon e Rog\u00e9rio. &#8220;Me encanta que estejam &#8216;peleando&#8217;. Gosto Muito. Quer dizer que tenho jogadores que querem ganhar.&#8221;<\/p>\n<p>PALMEIRAS<br \/>\nDo lado do time de <a href=\"http:\/\/blogdoprosperi.com\/2016\/05\/26\/palmeiras-mostra-forca-do-banco-e-retoma-caminho-da-vitoria\/\">Cuca<\/a>, alguns problemas se repetem. Depois de passar mais de 20 dias se preparando para o campeonato, nos segmentos t\u00e9cnico e f\u00edsico, o treinador j\u00e1 tem Barrios, <a href=\"http:\/\/blogdoprosperi.com\/2016\/05\/21\/palmeiras-decepciona-e-cuca-admite-recorrer-a-dudu\/\">Cleiton Xavier<\/a> e Egidio no estaleiro. Sem falar em Edu Dracena, que n\u00e3o estreou no Brasileir\u00e3o.<\/p>\n<p>Sem Cleiton, machucado, e Mois\u00e9s ainda sem condi\u00e7\u00f5es de atuar 90 minutos, o treinador cometeu o mesmo equ\u00edvoco de Marcelo Oliveira ao escalar Dudu como articulador do time. Dudu errou quase tudo no cl\u00e1ssico e armou um sem n\u00famero de contra-ataques do S\u00e3o Paulo. Ele n\u00e3o sabe armar.<\/p>\n<p><span class=\"alignnone\"><img data-recalc-dims=\"1\" loading=\"lazy\" decoding=\"async\" data-attachment-id=\"7649\" data-permalink=\"https:\/\/blogdoprosperi.com\/?attachment_id=7649\" data-orig-file=\"https:\/\/i0.wp.com\/blogdoprosperi.com\/wp-content\/uploads\/2016\/05\/images9.jpeg?fit=257%2C196&amp;ssl=1\" data-orig-size=\"257,196\" data-comments-opened=\"1\" data-image-meta=\"{&quot;aperture&quot;:&quot;0&quot;,&quot;credit&quot;:&quot;&quot;,&quot;camera&quot;:&quot;&quot;,&quot;caption&quot;:&quot;&quot;,&quot;created_timestamp&quot;:&quot;0&quot;,&quot;copyright&quot;:&quot;&quot;,&quot;focal_length&quot;:&quot;0&quot;,&quot;iso&quot;:&quot;0&quot;,&quot;shutter_speed&quot;:&quot;0&quot;,&quot;title&quot;:&quot;&quot;,&quot;orientation&quot;:&quot;0&quot;}\" data-image-title=\"images\" data-image-description=\"\" data-image-caption=\"\" data-large-file=\"https:\/\/i0.wp.com\/blogdoprosperi.com\/wp-content\/uploads\/2016\/05\/images9.jpeg?fit=257%2C196&amp;ssl=1\" class=\"alignnone size-full wp-image-7649 alignleft\" src=\"https:\/\/i0.wp.com\/blogdoprosperi.com\/wp-content\/uploads\/2016\/05\/images9.jpeg?resize=257%2C196&#038;ssl=1\" alt=\"images\" width=\"257\" height=\"196\" \/><\/span>Cuca disse ap\u00f3s o jogo que vai transformar Mois\u00e9s no meia de cria\u00e7\u00e3o que o Palmeiras n\u00e3o tem quando Cleiton Xavier n\u00e3o joga. O treinador tamb\u00e9m precisa criar coragem e lan\u00e7ar Vitinho, de 18 anos, para pegar traquejo e ajudar na articula\u00e7\u00e3o.<\/p>\n<p>&nbsp;<\/p>\n<p>Uma outra quest\u00e3o: quando Fabiano e Fabr\u00edcio v\u00e3o estrear? Os dois poderiam ter tido uma chance no cl\u00e1ssico, at\u00e9 pela estatura. Dariam dor de cabe\u00e7a a Maicon e Lugano.<\/p>\n<p>Op\u00e7\u00f5es para dar ao time uma regularidade neste in\u00edcio de Brasileir\u00e3o, Cuca tem de sobra. \u00c9 preciso n\u00e3o inventar.<\/p>\n<p>&nbsp;<\/p>\n","protected":false},"excerpt":{"rendered":"<p>O S\u00e3o Paulo deu mais uma prova de sua ambi\u00e7\u00e3o nesta temporada. Depois do salto gigantesco na Libertadores, [&hellip;]<\/p>\n","protected":false},"author":102107496,"featured_media":0,"comment_status":"open","ping_status":"open","sticky":false,"template":"","format":"standard","meta":{"_coblocks_attr":"","_coblocks_dimensions":"","_coblocks_responsive_height":"","_coblocks_accordion_ie_support":"","_jetpack_newsletter_access":"","_jetpack_dont_email_post_to_subs":false,"_jetpack_newsletter_tier_id":0,"_jetpack_memberships_contains_paywalled_content":false,"_wpcom_ai_launchpad_first_post":false,"_jetpack_feature_clip_id":0,"_jetpack_memberships_contains_paid_content":false,"footnotes":"","jetpack_publicize_message":"","jetpack_publicize_feature_enabled":true,"jetpack_social_post_already_shared":false,"jetpack_social_options":{"image_generator_settings":{"template":"highway","default_image_id":0,"font":"","enabled":false},"version":2},"jetpack_post_was_ever_published":false},"categories":[53870],"tags":[3847764,362595295,471113831,789560560,8328841,18046339,499806146,972018],"class_list":["post-7594","post","type-post","status-publish","format-standard","hentry","category-futebol","tag-bauza","tag-brasileirao-2016","tag-cuca-palmeiras","tag-futebol","tag-palmeiras-clube","tag-paulo-henrique-ganso","tag-saopaulofc-x-palmeiras","tag-sao-paulo-fc"],"yoast_head":"<!-- This site is optimized with the Yoast SEO plugin v28.4 - https:\/\/yoast.com\/product\/yoast-seo-wordpress\/ -->\n<title>S\u00e3o Paulo encontra seu caminho, Palmeiras perde o rumo - PR\u00d3SPERI NEWS<\/title>\n<meta name=\"robots\" content=\"index, follow, max-snippet:-1, max-image-preview:large, max-video-preview:-1\" \/>\n<link rel=\"canonical\" href=\"https:\/\/blogdoprosperi.com\/?p=7594\" \/>\n<meta property=\"og:locale\" content=\"pt_BR\" \/>\n<meta property=\"og:type\" content=\"article\" \/>\n<meta property=\"og:title\" content=\"S\u00e3o Paulo encontra seu caminho, Palmeiras perde o rumo - PR\u00d3SPERI NEWS\" \/>\n<meta property=\"og:description\" content=\"O S\u00e3o Paulo deu mais uma prova de sua ambi\u00e7\u00e3o nesta temporada. Depois do salto gigantesco na Libertadores, [&hellip;]\" \/>\n<meta property=\"og:url\" content=\"https:\/\/blogdoprosperi.com\/?p=7594\" \/>\n<meta property=\"og:site_name\" content=\"PR\u00d3SPERI NEWS\" \/>\n<meta property=\"article:publisher\" content=\"Luiz Pr\u00f3speri\" \/>\n<meta property=\"article:author\" content=\"Luiz Pr\u00f3speri\" \/>\n<meta property=\"article:published_time\" content=\"2016-05-30T00:03:13+00:00\" \/>\n<meta property=\"article:modified_time\" content=\"2016-05-30T01:07:00+00:00\" \/>\n<meta property=\"og:image\" content=\"https:\/\/blogdoprosperi.com\/wp-content\/uploads\/2016\/05\/ganso-gol-sp-x-palmeiras-1.jpg\" \/>\n<meta name=\"author\" content=\"Luiz Ant\u00f4nio Pr\u00f3speri\" \/>\n<meta name=\"twitter:card\" content=\"summary_large_image\" \/>\n<meta name=\"twitter:creator\" content=\"@Luizprosperi\" \/>\n<meta name=\"twitter:site\" content=\"@Luizprosperi\" \/>\n<meta name=\"twitter:label1\" content=\"Escrito por\" \/>\n\t<meta name=\"twitter:data1\" content=\"Luiz Ant\u00f4nio Pr\u00f3speri\" \/>\n\t<meta name=\"twitter:label2\" content=\"Est. tempo de leitura\" \/>\n\t<meta name=\"twitter:data2\" content=\"2 minutos\" \/>\n<script type=\"application\/ld+json\" class=\"yoast-schema-graph\">{\"@context\":\"https:\\\/\\\/schema.org\",\"@graph\":[{\"@type\":\"Article\",\"@id\":\"https:\\\/\\\/blogdoprosperi.com\\\/?p=7594#article\",\"isPartOf\":{\"@id\":\"https:\\\/\\\/blogdoprosperi.com\\\/?p=7594\"},\"author\":{\"name\":\"Luiz Ant\u00f4nio Pr\u00f3speri\",\"@id\":\"https:\\\/\\\/blogdoprosperi.com\\\/#\\\/schema\\\/person\\\/38100755ce3601861ee4fab9b5aa78e9\"},\"headline\":\"S\u00e3o Paulo encontra seu caminho, Palmeiras perde o rumo\",\"datePublished\":\"2016-05-30T00:03:13+00:00\",\"dateModified\":\"2016-05-30T01:07:00+00:00\",\"mainEntityOfPage\":{\"@id\":\"https:\\\/\\\/blogdoprosperi.com\\\/?p=7594\"},\"wordCount\":491,\"commentCount\":2,\"publisher\":{\"@id\":\"https:\\\/\\\/blogdoprosperi.com\\\/#\\\/schema\\\/person\\\/38100755ce3601861ee4fab9b5aa78e9\"},\"image\":{\"@id\":\"https:\\\/\\\/blogdoprosperi.com\\\/?p=7594#primaryimage\"},\"thumbnailUrl\":\"https:\\\/\\\/blogdoprosperi.com\\\/wp-content\\\/uploads\\\/2016\\\/05\\\/ganso-gol-sp-x-palmeiras-1.jpg\",\"keywords\":[\"Bauza\",\"Brasileir\u00e3o-2016\",\"Cuca Palmeiras\",\"futebol\",\"Palmeiras Clube\",\"paulo Henrique ganso\",\"saopaulofc x palmeiras\",\"S\u00e3o Paulo FC\"],\"articleSection\":[\"futebol\"],\"inLanguage\":\"pt-BR\",\"potentialAction\":[{\"@type\":\"CommentAction\",\"name\":\"Comment\",\"target\":[\"https:\\\/\\\/blogdoprosperi.com\\\/?p=7594#respond\"]}]},{\"@type\":\"WebPage\",\"@id\":\"https:\\\/\\\/blogdoprosperi.com\\\/?p=7594\",\"url\":\"https:\\\/\\\/blogdoprosperi.com\\\/?p=7594\",\"name\":\"S\u00e3o Paulo encontra seu caminho, Palmeiras perde o rumo - PR\u00d3SPERI NEWS\",\"isPartOf\":{\"@id\":\"https:\\\/\\\/blogdoprosperi.com\\\/#website\"},\"primaryImageOfPage\":{\"@id\":\"https:\\\/\\\/blogdoprosperi.com\\\/?p=7594#primaryimage\"},\"image\":{\"@id\":\"https:\\\/\\\/blogdoprosperi.com\\\/?p=7594#primaryimage\"},\"thumbnailUrl\":\"https:\\\/\\\/blogdoprosperi.com\\\/wp-content\\\/uploads\\\/2016\\\/05\\\/ganso-gol-sp-x-palmeiras-1.jpg\",\"datePublished\":\"2016-05-30T00:03:13+00:00\",\"dateModified\":\"2016-05-30T01:07:00+00:00\",\"breadcrumb\":{\"@id\":\"https:\\\/\\\/blogdoprosperi.com\\\/?p=7594#breadcrumb\"},\"inLanguage\":\"pt-BR\",\"potentialAction\":[{\"@type\":\"ReadAction\",\"target\":[\"https:\\\/\\\/blogdoprosperi.com\\\/?p=7594\"]}]},{\"@type\":\"ImageObject\",\"inLanguage\":\"pt-BR\",\"@id\":\"https:\\\/\\\/blogdoprosperi.com\\\/?p=7594#primaryimage\",\"url\":\"https:\\\/\\\/i0.wp.com\\\/blogdoprosperi.com\\\/wp-content\\\/uploads\\\/2016\\\/05\\\/ganso-gol-sp-x-palmeiras-1.jpg?fit=960%2C640&ssl=1\",\"contentUrl\":\"https:\\\/\\\/i0.wp.com\\\/blogdoprosperi.com\\\/wp-content\\\/uploads\\\/2016\\\/05\\\/ganso-gol-sp-x-palmeiras-1.jpg?fit=960%2C640&ssl=1\",\"width\":960,\"height\":640},{\"@type\":\"BreadcrumbList\",\"@id\":\"https:\\\/\\\/blogdoprosperi.com\\\/?p=7594#breadcrumb\",\"itemListElement\":[{\"@type\":\"ListItem\",\"position\":1,\"name\":\"In\u00edcio\",\"item\":\"https:\\\/\\\/blogdoprosperi.com\\\/\"},{\"@type\":\"ListItem\",\"position\":2,\"name\":\"S\u00e3o Paulo encontra seu caminho, Palmeiras perde o rumo\"}]},{\"@type\":\"WebSite\",\"@id\":\"https:\\\/\\\/blogdoprosperi.com\\\/#website\",\"url\":\"https:\\\/\\\/blogdoprosperi.com\\\/\",\"name\":\"PR\u00d3SPERI NEWS\",\"description\":\"TUDO \u00c9  FUTEBOL\",\"publisher\":{\"@id\":\"https:\\\/\\\/blogdoprosperi.com\\\/#\\\/schema\\\/person\\\/38100755ce3601861ee4fab9b5aa78e9\"},\"alternateName\":\"blogdoprosperi.com\",\"potentialAction\":[{\"@type\":\"SearchAction\",\"target\":{\"@type\":\"EntryPoint\",\"urlTemplate\":\"https:\\\/\\\/blogdoprosperi.com\\\/?s={search_term_string}\"},\"query-input\":{\"@type\":\"PropertyValueSpecification\",\"valueRequired\":true,\"valueName\":\"search_term_string\"}}],\"inLanguage\":\"pt-BR\"},{\"@type\":[\"Person\",\"Organization\"],\"@id\":\"https:\\\/\\\/blogdoprosperi.com\\\/#\\\/schema\\\/person\\\/38100755ce3601861ee4fab9b5aa78e9\",\"name\":\"Luiz Ant\u00f4nio Pr\u00f3speri\",\"pronouns\":\"ele\",\"image\":{\"@type\":\"ImageObject\",\"inLanguage\":\"pt-BR\",\"@id\":\"https:\\\/\\\/i0.wp.com\\\/blogdoprosperi.com\\\/wp-content\\\/uploads\\\/2026\\\/05\\\/cropped-8059e613-6002-42fa-961e-8e275f575d71-2-5.jpg?fit=1360%2C931&ssl=1\",\"url\":\"https:\\\/\\\/i0.wp.com\\\/blogdoprosperi.com\\\/wp-content\\\/uploads\\\/2026\\\/05\\\/cropped-8059e613-6002-42fa-961e-8e275f575d71-2-5.jpg?fit=1360%2C931&ssl=1\",\"contentUrl\":\"https:\\\/\\\/i0.wp.com\\\/blogdoprosperi.com\\\/wp-content\\\/uploads\\\/2026\\\/05\\\/cropped-8059e613-6002-42fa-961e-8e275f575d71-2-5.jpg?fit=1360%2C931&ssl=1\",\"width\":1360,\"height\":931,\"caption\":\"Luiz Ant\u00f4nio Pr\u00f3speri\"},\"logo\":{\"@id\":\"https:\\\/\\\/i0.wp.com\\\/blogdoprosperi.com\\\/wp-content\\\/uploads\\\/2026\\\/05\\\/cropped-8059e613-6002-42fa-961e-8e275f575d71-2-5.jpg?fit=1360%2C931&ssl=1\"},\"description\":\"Jornalista com carreira dedicada ao esporte. Cobriu 9 Copas do Mundo in loco, 1990 na It\u00e1lia, 1994 nos EUA, 1998 na Fran\u00e7a, 2002 na Coreia do Sul e Jap\u00e3o, 2006 na Alemanha, 2010 na \u00c1frica do Sul, 2014 no Brasil, 2018 na R\u00fassia e 2022 no Qatar. Eurocopas, 1992 na Su\u00e9cia e 1996 na Inglaterra. Copa das Confedera\u00e7\u00f5es de 2005 na Alemanha e 2009 na \u00c1frica do Sul. Rep\u00f3rter e Editor, trabalhou no Jornal da Tarde e Estad\u00e3o, de 1984 a fevereiro de 2016. Colunista, blogueiro. E comentarista de futebol na R\u00e1dio Estad\u00e3o, de 2013 a fevereiro de 2016. Jornalista respons\u00e1vel do \\\"Pr\u00f3speri News\\\" (blogdoprosperi.com).\",\"sameAs\":[\"http:\\\/\\\/blogdoprosperi.com\",\"Luiz Pr\u00f3speri\",\"@luiz_prosperi\",\"https:\\\/\\\/x.com\\\/Luizprosperi\",\"@prosperinacopa\",\"luiz.prosperi@icloud.com\"],\"url\":\"https:\\\/\\\/blogdoprosperi.com\\\/?author=102107496\"}]}<\/script>\n<!-- \/ Yoast SEO plugin. -->","yoast_head_json":{"title":"S\u00e3o Paulo encontra seu caminho, Palmeiras perde o rumo - PR\u00d3SPERI NEWS","robots":{"index":"index","follow":"follow","max-snippet":"max-snippet:-1","max-image-preview":"max-image-preview:large","max-video-preview":"max-video-preview:-1"},"canonical":"https:\/\/blogdoprosperi.com\/?p=7594","og_locale":"pt_BR","og_type":"article","og_title":"S\u00e3o Paulo encontra seu caminho, Palmeiras perde o rumo - PR\u00d3SPERI NEWS","og_description":"O S\u00e3o Paulo deu mais uma prova de sua ambi\u00e7\u00e3o nesta temporada. Depois do salto gigantesco na Libertadores, [&hellip;]","og_url":"https:\/\/blogdoprosperi.com\/?p=7594","og_site_name":"PR\u00d3SPERI NEWS","article_publisher":"Luiz Pr\u00f3speri","article_author":"Luiz Pr\u00f3speri","article_published_time":"2016-05-30T00:03:13+00:00","article_modified_time":"2016-05-30T01:07:00+00:00","og_image":[{"url":"https:\/\/blogdoprosperi.com\/wp-content\/uploads\/2016\/05\/ganso-gol-sp-x-palmeiras-1.jpg","type":"","width":"","height":""}],"author":"Luiz Ant\u00f4nio Pr\u00f3speri","twitter_card":"summary_large_image","twitter_creator":"@Luizprosperi","twitter_site":"@Luizprosperi","twitter_misc":{"Escrito por":"Luiz Ant\u00f4nio Pr\u00f3speri","Est. tempo de leitura":"2 minutos"},"schema":{"@context":"https:\/\/schema.org","@graph":[{"@type":"Article","@id":"https:\/\/blogdoprosperi.com\/?p=7594#article","isPartOf":{"@id":"https:\/\/blogdoprosperi.com\/?p=7594"},"author":{"name":"Luiz Ant\u00f4nio Pr\u00f3speri","@id":"https:\/\/blogdoprosperi.com\/#\/schema\/person\/38100755ce3601861ee4fab9b5aa78e9"},"headline":"S\u00e3o Paulo encontra seu caminho, Palmeiras perde o rumo","datePublished":"2016-05-30T00:03:13+00:00","dateModified":"2016-05-30T01:07:00+00:00","mainEntityOfPage":{"@id":"https:\/\/blogdoprosperi.com\/?p=7594"},"wordCount":491,"commentCount":2,"publisher":{"@id":"https:\/\/blogdoprosperi.com\/#\/schema\/person\/38100755ce3601861ee4fab9b5aa78e9"},"image":{"@id":"https:\/\/blogdoprosperi.com\/?p=7594#primaryimage"},"thumbnailUrl":"https:\/\/blogdoprosperi.com\/wp-content\/uploads\/2016\/05\/ganso-gol-sp-x-palmeiras-1.jpg","keywords":["Bauza","Brasileir\u00e3o-2016","Cuca Palmeiras","futebol","Palmeiras Clube","paulo Henrique ganso","saopaulofc x palmeiras","S\u00e3o Paulo FC"],"articleSection":["futebol"],"inLanguage":"pt-BR","potentialAction":[{"@type":"CommentAction","name":"Comment","target":["https:\/\/blogdoprosperi.com\/?p=7594#respond"]}]},{"@type":"WebPage","@id":"https:\/\/blogdoprosperi.com\/?p=7594","url":"https:\/\/blogdoprosperi.com\/?p=7594","name":"S\u00e3o Paulo encontra seu caminho, Palmeiras perde o rumo - PR\u00d3SPERI NEWS","isPartOf":{"@id":"https:\/\/blogdoprosperi.com\/#website"},"primaryImageOfPage":{"@id":"https:\/\/blogdoprosperi.com\/?p=7594#primaryimage"},"image":{"@id":"https:\/\/blogdoprosperi.com\/?p=7594#primaryimage"},"thumbnailUrl":"https:\/\/blogdoprosperi.com\/wp-content\/uploads\/2016\/05\/ganso-gol-sp-x-palmeiras-1.jpg","datePublished":"2016-05-30T00:03:13+00:00","dateModified":"2016-05-30T01:07:00+00:00","breadcrumb":{"@id":"https:\/\/blogdoprosperi.com\/?p=7594#breadcrumb"},"inLanguage":"pt-BR","potentialAction":[{"@type":"ReadAction","target":["https:\/\/blogdoprosperi.com\/?p=7594"]}]},{"@type":"ImageObject","inLanguage":"pt-BR","@id":"https:\/\/blogdoprosperi.com\/?p=7594#primaryimage","url":"https:\/\/i0.wp.com\/blogdoprosperi.com\/wp-content\/uploads\/2016\/05\/ganso-gol-sp-x-palmeiras-1.jpg?fit=960%2C640&ssl=1","contentUrl":"https:\/\/i0.wp.com\/blogdoprosperi.com\/wp-content\/uploads\/2016\/05\/ganso-gol-sp-x-palmeiras-1.jpg?fit=960%2C640&ssl=1","width":960,"height":640},{"@type":"BreadcrumbList","@id":"https:\/\/blogdoprosperi.com\/?p=7594#breadcrumb","itemListElement":[{"@type":"ListItem","position":1,"name":"In\u00edcio","item":"https:\/\/blogdoprosperi.com\/"},{"@type":"ListItem","position":2,"name":"S\u00e3o Paulo encontra seu caminho, Palmeiras perde o rumo"}]},{"@type":"WebSite","@id":"https:\/\/blogdoprosperi.com\/#website","url":"https:\/\/blogdoprosperi.com\/","name":"PR\u00d3SPERI NEWS","description":"TUDO \u00c9  FUTEBOL","publisher":{"@id":"https:\/\/blogdoprosperi.com\/#\/schema\/person\/38100755ce3601861ee4fab9b5aa78e9"},"alternateName":"blogdoprosperi.com","potentialAction":[{"@type":"SearchAction","target":{"@type":"EntryPoint","urlTemplate":"https:\/\/blogdoprosperi.com\/?s={search_term_string}"},"query-input":{"@type":"PropertyValueSpecification","valueRequired":true,"valueName":"search_term_string"}}],"inLanguage":"pt-BR"},{"@type":["Person","Organization"],"@id":"https:\/\/blogdoprosperi.com\/#\/schema\/person\/38100755ce3601861ee4fab9b5aa78e9","name":"Luiz Ant\u00f4nio Pr\u00f3speri","pronouns":"ele","image":{"@type":"ImageObject","inLanguage":"pt-BR","@id":"https:\/\/i0.wp.com\/blogdoprosperi.com\/wp-content\/uploads\/2026\/05\/cropped-8059e613-6002-42fa-961e-8e275f575d71-2-5.jpg?fit=1360%2C931&ssl=1","url":"https:\/\/i0.wp.com\/blogdoprosperi.com\/wp-content\/uploads\/2026\/05\/cropped-8059e613-6002-42fa-961e-8e275f575d71-2-5.jpg?fit=1360%2C931&ssl=1","contentUrl":"https:\/\/i0.wp.com\/blogdoprosperi.com\/wp-content\/uploads\/2026\/05\/cropped-8059e613-6002-42fa-961e-8e275f575d71-2-5.jpg?fit=1360%2C931&ssl=1","width":1360,"height":931,"caption":"Luiz Ant\u00f4nio Pr\u00f3speri"},"logo":{"@id":"https:\/\/i0.wp.com\/blogdoprosperi.com\/wp-content\/uploads\/2026\/05\/cropped-8059e613-6002-42fa-961e-8e275f575d71-2-5.jpg?fit=1360%2C931&ssl=1"},"description":"Jornalista com carreira dedicada ao esporte. Cobriu 9 Copas do Mundo in loco, 1990 na It\u00e1lia, 1994 nos EUA, 1998 na Fran\u00e7a, 2002 na Coreia do Sul e Jap\u00e3o, 2006 na Alemanha, 2010 na \u00c1frica do Sul, 2014 no Brasil, 2018 na R\u00fassia e 2022 no Qatar. Eurocopas, 1992 na Su\u00e9cia e 1996 na Inglaterra. Copa das Confedera\u00e7\u00f5es de 2005 na Alemanha e 2009 na \u00c1frica do Sul. Rep\u00f3rter e Editor, trabalhou no Jornal da Tarde e Estad\u00e3o, de 1984 a fevereiro de 2016. Colunista, blogueiro. E comentarista de futebol na R\u00e1dio Estad\u00e3o, de 2013 a fevereiro de 2016. Jornalista respons\u00e1vel do \"Pr\u00f3speri News\" (blogdoprosperi.com).","sameAs":["http:\/\/blogdoprosperi.com","Luiz Pr\u00f3speri","@luiz_prosperi","https:\/\/x.com\/Luizprosperi","@prosperinacopa","luiz.prosperi@icloud.com"],"url":"https:\/\/blogdoprosperi.com\/?author=102107496"}]}},"jetpack_publicize_connections":[],"jetpack_likes_enabled":false,"jetpack_sharing_enabled":true,"jetpack_shortlink":"https:\/\/wp.me\/p7jvdk-1Yu","jetpack-related-posts":[{"id":7955,"url":"https:\/\/blogdoprosperi.com\/?p=7955","url_meta":{"origin":7594,"position":0},"title":"Dunga, enfim, concede a Ganso uma chance na Sele\u00e7\u00e3o e S\u00e3o Paulo fica com o preju\u00edzo","author":"Luiz Ant\u00f4nio Pr\u00f3speri","date":"2 de junho de 2016","format":false,"excerpt":"O corte de Kak\u00e1 da Sele\u00e7\u00e3o Brasileira \u00e9 uma boa li\u00e7\u00e3o ao t\u00e9cnico Dunga. N\u00e3o adianta insistir em jogadores com fadiga de material. Uma hora o corpo entrega e o treinador fica na m\u00e3o. \u00c9 o caso de Kak\u00e1, melhor do mundo eleito pela Fifa em 2007. Desde que optou\u2026","rel":"","context":"Em &quot;futebol&quot;","block_context":{"text":"futebol","link":"https:\/\/blogdoprosperi.com\/?cat=53870"},"img":{"alt_text":"","src":"https:\/\/i0.wp.com\/blogdoprosperi.com\/wp-content\/uploads\/2016\/06\/20160528170027_9846_capa.jpg?resize=350%2C200&ssl=1","width":350,"height":200},"classes":[]},{"id":33034,"url":"https:\/\/blogdoprosperi.com\/?p=33034","url_meta":{"origin":7594,"position":1},"title":"Sevilla quer Lucas Pratto e pode envolver Ganso na transa\u00e7\u00e3o","author":"Luiz Ant\u00f4nio Pr\u00f3speri","date":"25 de novembro de 2016","format":false,"excerpt":"Jorge Sampaoli, t\u00e9cnico do Sevilla, pediu ao presidente do clube a contrata\u00e7\u00e3o de Lucas Pratto. Treinador argentino quer o atacante na janela de transfer\u00eancia em janeiro. E deu ind\u00edcios que pode liberar Paulo Henrique Ganso, segundo noticia a imprensa de Madri nesta sexta-feira (25\/11). O meia seria envolvido em uma\u2026","rel":"","context":"Em &quot;futebol&quot;","block_context":{"text":"futebol","link":"https:\/\/blogdoprosperi.com\/?cat=53870"},"img":{"alt_text":"","src":"https:\/\/i0.wp.com\/blogdoprosperi.com\/wp-content\/uploads\/2016\/11\/pratto.jpg?resize=350%2C200&ssl=1","width":350,"height":200,"srcset":"https:\/\/i0.wp.com\/blogdoprosperi.com\/wp-content\/uploads\/2016\/11\/pratto.jpg?resize=350%2C200&ssl=1 1x, https:\/\/i0.wp.com\/blogdoprosperi.com\/wp-content\/uploads\/2016\/11\/pratto.jpg?resize=525%2C300&ssl=1 1.5x, https:\/\/i0.wp.com\/blogdoprosperi.com\/wp-content\/uploads\/2016\/11\/pratto.jpg?resize=700%2C400&ssl=1 2x, https:\/\/i0.wp.com\/blogdoprosperi.com\/wp-content\/uploads\/2016\/11\/pratto.jpg?resize=1050%2C600&ssl=1 3x, https:\/\/i0.wp.com\/blogdoprosperi.com\/wp-content\/uploads\/2016\/11\/pratto.jpg?resize=1400%2C800&ssl=1 4x"},"classes":[]},{"id":15343,"url":"https:\/\/blogdoprosperi.com\/?p=15343","url_meta":{"origin":7594,"position":2},"title":"S\u00e3o Paulo pode perder Ganso, Rodrigo Caio, Calleri e Bauza","author":"Luiz Ant\u00f4nio Pr\u00f3speri","date":"7 de julho de 2016","format":false,"excerpt":"S\u00e3o Paulo vive um momento delicado ap\u00f3s a derrota ao Atl\u00e9tico Nacional nesta quarta-feira (06\/7). A pr\u00f3ximas semana ser\u00e1 decisiva ao futuro do clube paulista na temporada com a quase inevit\u00e1vel queda nas semifinais da Copa Libertadores. Pode ter perdas consider\u00e1veis. Paulo Henrique Ganso e Rodrigo Caio est\u00e3o de sa\u00edda.\u2026","rel":"","context":"Em &quot;futebol&quot;","block_context":{"text":"futebol","link":"https:\/\/blogdoprosperi.com\/?cat=53870"},"img":{"alt_text":"","src":"https:\/\/i0.wp.com\/blogdoprosperi.com\/wp-content\/uploads\/2016\/07\/85adb960-0246-11e6-8a5c-a362efbf840e_20160401111809396_3.jpg?resize=350%2C200&ssl=1","width":350,"height":200,"srcset":"https:\/\/i0.wp.com\/blogdoprosperi.com\/wp-content\/uploads\/2016\/07\/85adb960-0246-11e6-8a5c-a362efbf840e_20160401111809396_3.jpg?resize=350%2C200&ssl=1 1x, https:\/\/i0.wp.com\/blogdoprosperi.com\/wp-content\/uploads\/2016\/07\/85adb960-0246-11e6-8a5c-a362efbf840e_20160401111809396_3.jpg?resize=525%2C300&ssl=1 1.5x"},"classes":[]},{"id":48780,"url":"https:\/\/blogdoprosperi.com\/?p=48780","url_meta":{"origin":7594,"position":3},"title":"Palmeiras vs S\u00e3o Paulo: O P\u00eanalti que Decide o Cl\u00e1ssico","author":"Luiz Ant\u00f4nio Pr\u00f3speri","date":"11 de mar\u00e7o de 2025","format":false,"excerpt":"Luiz Ant\u00f4nio Pr\u00f3speri \u2013 11 mar\u00e7o (13h35) \u2013 P\u00eanalti de Arboleda em Vitor Roque a favor do Palmeiras ou n\u00e3o p\u00eanalti de Arboleda em Vitor Roque a favor do S\u00e3o Paulo. Cl\u00e1ssico valendo vaga na final do Paulist\u00e3o se resume a esse lance capital. E n\u00e3o se fala mais do\u2026","rel":"","context":"Em &quot;futebol&quot;","block_context":{"text":"futebol","link":"https:\/\/blogdoprosperi.com\/?cat=53870"},"img":{"alt_text":"\u00c1rbitro Flavio Rodrigues, o pol\u00eamico","src":"https:\/\/i0.wp.com\/blogdoprosperi.com\/wp-content\/uploads\/2025\/03\/54379104646_65fbf1747d_c.jpg?fit=800%2C450&ssl=1&resize=350%2C200","width":350,"height":200,"srcset":"https:\/\/i0.wp.com\/blogdoprosperi.com\/wp-content\/uploads\/2025\/03\/54379104646_65fbf1747d_c.jpg?fit=800%2C450&ssl=1&resize=350%2C200 1x, https:\/\/i0.wp.com\/blogdoprosperi.com\/wp-content\/uploads\/2025\/03\/54379104646_65fbf1747d_c.jpg?fit=800%2C450&ssl=1&resize=525%2C300 1.5x, https:\/\/i0.wp.com\/blogdoprosperi.com\/wp-content\/uploads\/2025\/03\/54379104646_65fbf1747d_c.jpg?fit=800%2C450&ssl=1&resize=700%2C400 2x"},"classes":[]},{"id":37403,"url":"https:\/\/blogdoprosperi.com\/?p=37403","url_meta":{"origin":7594,"position":4},"title":"Palmeiras imp\u00f5e seu poder e joga S\u00e3o Paulo no atoleiro","author":"Luiz Ant\u00f4nio Pr\u00f3speri","date":"8 de mar\u00e7o de 2018","format":false,"excerpt":"Palmeiras virou a p\u00e1gina da derrota para o Corinthians ao enquadrar o S\u00e3o Paulo sem nenhum constrangimento. Venceu por 2 a 0, com folga, nesta quinta-feira (08\/3) no Allianz Parque, exibindo patente de quem pretende fazer da temporada 2018 algo marcante. Asfixiou o advers\u00e1rio do come\u00e7o ao fim, tamanha superioridade\u2026","rel":"","context":"Em &quot;futebol&quot;","block_context":{"text":"futebol","link":"https:\/\/blogdoprosperi.com\/?cat=53870"},"img":{"alt_text":"","src":"https:\/\/i0.wp.com\/blogdoprosperi.com\/wp-content\/uploads\/2018\/03\/39804970675_4091efb85e_z.jpg?fit=640%2C396&ssl=1&resize=350%2C200","width":350,"height":200,"srcset":"https:\/\/i0.wp.com\/blogdoprosperi.com\/wp-content\/uploads\/2018\/03\/39804970675_4091efb85e_z.jpg?fit=640%2C396&ssl=1&resize=350%2C200 1x, https:\/\/i0.wp.com\/blogdoprosperi.com\/wp-content\/uploads\/2018\/03\/39804970675_4091efb85e_z.jpg?fit=640%2C396&ssl=1&resize=525%2C300 1.5x"},"classes":[]},{"id":42292,"url":"https:\/\/blogdoprosperi.com\/?p=42292","url_meta":{"origin":7594,"position":5},"title":"CBF deve adiar Brasileir\u00e3o at\u00e9 Textor apresentar provas de manipula\u00e7\u00e3o","author":"Luiz Ant\u00f4nio Pr\u00f3speri","date":"2 de abril de 2024","format":false,"excerpt":"John Textor volta a denunciar manipula\u00e7\u00e3o de resultados a favor do Palmeiras no Brasileir\u00e3o 2023. Tiroteio do milion\u00e1rio americano dono do Botafogo mira cinco (5, isso mesmo) jogadores do S\u00e3o Paulo, apontados como suspeitos de facilitar a goleada (5 a 0) do Palmeiras no campeonato do ano passado. Textor n\u00e3o\u2026","rel":"","context":"Em &quot;futebol&quot;","block_context":{"text":"futebol","link":"https:\/\/blogdoprosperi.com\/?cat=53870"},"img":{"alt_text":"","src":"https:\/\/i0.wp.com\/blogdoprosperi.com\/wp-content\/uploads\/2024\/04\/20240401-221313_1729296_2871_2.jpg_554688468.webp?fit=1200%2C675&ssl=1&resize=350%2C200","width":350,"height":200,"srcset":"https:\/\/i0.wp.com\/blogdoprosperi.com\/wp-content\/uploads\/2024\/04\/20240401-221313_1729296_2871_2.jpg_554688468.webp?fit=1200%2C675&ssl=1&resize=350%2C200 1x, https:\/\/i0.wp.com\/blogdoprosperi.com\/wp-content\/uploads\/2024\/04\/20240401-221313_1729296_2871_2.jpg_554688468.webp?fit=1200%2C675&ssl=1&resize=525%2C300 1.5x, https:\/\/i0.wp.com\/blogdoprosperi.com\/wp-content\/uploads\/2024\/04\/20240401-221313_1729296_2871_2.jpg_554688468.webp?fit=1200%2C675&ssl=1&resize=700%2C400 2x, https:\/\/i0.wp.com\/blogdoprosperi.com\/wp-content\/uploads\/2024\/04\/20240401-221313_1729296_2871_2.jpg_554688468.webp?fit=1200%2C675&ssl=1&resize=1050%2C600 3x"},"classes":[]}],"jetpack_featured_media_url":"","_links":{"self":[{"href":"https:\/\/blogdoprosperi.com\/index.php?rest_route=\/wp\/v2\/posts\/7594","targetHints":{"allow":["GET"]}}],"collection":[{"href":"https:\/\/blogdoprosperi.com\/index.php?rest_route=\/wp\/v2\/posts"}],"about":[{"href":"https:\/\/blogdoprosperi.com\/index.php?rest_route=\/wp\/v2\/types\/post"}],"author":[{"embeddable":true,"href":"https:\/\/blogdoprosperi.com\/index.php?rest_route=\/wp\/v2\/users\/102107496"}],"replies":[{"embeddable":true,"href":"https:\/\/blogdoprosperi.com\/index.php?rest_route=%2Fwp%2Fv2%2Fcomments&post=7594"}],"version-history":[{"count":25,"href":"https:\/\/blogdoprosperi.com\/index.php?rest_route=\/wp\/v2\/posts\/7594\/revisions"}],"predecessor-version":[{"id":7650,"href":"https:\/\/blogdoprosperi.com\/index.php?rest_route=\/wp\/v2\/posts\/7594\/revisions\/7650"}],"wp:attachment":[{"href":"https:\/\/blogdoprosperi.com\/index.php?rest_route=%2Fwp%2Fv2%2Fmedia&parent=7594"}],"wp:term":[{"taxonomy":"category","embeddable":true,"href":"https:\/\/blogdoprosperi.com\/index.php?rest_route=%2Fwp%2Fv2%2Fcategories&post=7594"},{"taxonomy":"post_tag","embeddable":true,"href":"https:\/\/blogdoprosperi.com\/index.php?rest_route=%2Fwp%2Fv2%2Ftags&post=7594"}],"curies":[{"name":"wp","href":"https:\/\/api.w.org\/{rel}","templated":true}]}}