{"id":7651,"date":"2016-05-30T03:34:33","date_gmt":"2016-05-30T03:34:33","guid":{"rendered":"http:\/\/blogdoprosperi.com\/?p=7651"},"modified":"2016-05-30T09:28:52","modified_gmt":"2016-05-30T09:28:52","slug":"selecao-brasileira-nao-empolga-no-amistoso-contra-o-panama","status":"publish","type":"post","link":"https:\/\/blogdoprosperi.com\/?p=7651","title":{"rendered":"Sele\u00e7\u00e3o Brasileira n\u00e3o empolga no amistoso contra o Panam\u00e1"},"content":{"rendered":"<figure id=\"attachment_7704\" aria-describedby=\"caption-attachment-7704\" style=\"width: 640px\" class=\"wp-caption alignnone\"><img data-recalc-dims=\"1\" loading=\"lazy\" decoding=\"async\" data-attachment-id=\"7704\" data-permalink=\"https:\/\/blogdoprosperi.com\/?attachment_id=7704\" data-orig-file=\"https:\/\/i0.wp.com\/blogdoprosperi.com\/wp-content\/uploads\/2016\/05\/2016-05-30t023205z_1258897058_nocid_rtrmadp_3_soccer-international-friendly-men-s-soccer-brazil-at-panama.jpg?fit=640%2C360&amp;ssl=1\" data-orig-size=\"640,360\" data-comments-opened=\"1\" data-image-meta=\"{&quot;aperture&quot;:&quot;0&quot;,&quot;credit&quot;:&quot;&quot;,&quot;camera&quot;:&quot;&quot;,&quot;caption&quot;:&quot;&quot;,&quot;created_timestamp&quot;:&quot;0&quot;,&quot;copyright&quot;:&quot;&quot;,&quot;focal_length&quot;:&quot;0&quot;,&quot;iso&quot;:&quot;0&quot;,&quot;shutter_speed&quot;:&quot;0&quot;,&quot;title&quot;:&quot;&quot;,&quot;orientation&quot;:&quot;0&quot;}\" data-image-title=\"2016-05-30t023205z_1258897058_nocid_rtrmadp_3_soccer-international-friendly-men-s-soccer-brazil-at-panama\" data-image-description=\"\" data-image-caption=\"\" data-large-file=\"https:\/\/i0.wp.com\/blogdoprosperi.com\/wp-content\/uploads\/2016\/05\/2016-05-30t023205z_1258897058_nocid_rtrmadp_3_soccer-international-friendly-men-s-soccer-brazil-at-panama.jpg?fit=640%2C360&amp;ssl=1\" class=\"alignnone size-full wp-image-7704\" src=\"https:\/\/i0.wp.com\/blogdoprosperi.com\/wp-content\/uploads\/2016\/05\/2016-05-30t023205z_1258897058_nocid_rtrmadp_3_soccer-international-friendly-men-s-soccer-brazil-at-panama.jpg?resize=640%2C360&#038;ssl=1\" alt=\"2016-05-30t023205z_1258897058_nocid_rtrmadp_3_soccer-international-friendly-men-s-soccer-brazil-at-panama\" width=\"640\" height=\"360\" \/><figcaption id=\"caption-attachment-7704\" class=\"wp-caption-text\">Jonas comemora com Coutinho o primeiro gol do Brasil &#8211; Foto: Reuters<\/figcaption><\/figure>\n<p>Anotem a\u00ed: Alisson, Daniel Alves, Gil, Miranda e Douglas Santos, Luiz Gustavo, Elias e Renato Augusto; William, Jonas e Philippe Coutinho. Essa \u00e9 a\u00a0<a href=\"http:\/\/blogdoprosperi.com\/2016\/05\/05\/dunga-convoca-selecao-brasileira-de-olho-na-olimpiada-do-rio\/\">Sele\u00e7\u00e3o Brasileira <\/a>que come\u00e7ou o amistoso contra o Panam\u00e1, \u00fanico e \u00faltimo antes de o Brasil estrear na Copa Am\u00e9rica Centen\u00e1rio, na pr\u00f3xima semana, nos Estados Unidos.<\/p>\n<p>Convenhamos, a Sele\u00e7\u00e3o pentacampe\u00e3 do mundo j\u00e1 foi mais nobre. Por op\u00e7\u00e3o da <a href=\"http:\/\/blogdoprosperi.com\/2016\/05\/05\/dunga-convoca-selecao-brasileira-de-olho-na-olimpiada-do-rio\/\">CBF<\/a> e aval do sempre obediente Dunga, <a href=\"http:\/\/blogdoprosperi.com\/2016\/05\/17\/neymar-desiste-de-concorrer-a-melhor-do-mundo-em-2016\/\">Neymar<\/a> n\u00e3o estava no time, guardado que foi para disputar a Olimp\u00edada do Rio. Sem o craque maior e outros execrados pelo treinador, o time do Brasil n\u00e3o desperta muito interesse.<\/p>\n<p>Como se tratava de um duelo entre um le\u00e3o e um pre\u00e1 neste amistoso contra o Panam\u00e1, com um minuto a Sele\u00e7\u00e3o j\u00e1 havia feito um gol &#8211; Jonas, aproveitando passe de Coutinho.<\/p>\n<p>A boa not\u00edcia, talvez, tenha sido a forma\u00e7\u00e3o de um meio-campo mais envolvente, com Renato Augusto, William e Phillipe Coutinho. Jogadores de bom trato da bola e, \u00e0s vezes, criativos. Os tr\u00eas deram algum \u00e2nimo ao time no primeiro tempo. Mas nada de muito extraordin\u00e1rio.<\/p>\n<p>No final das contas, a vit\u00f3ria parcial por 1 a 0 ficou na medida. A Sele\u00e7\u00e3o n\u00e3o teve muita sede. Enfeitou um bocado em momentos de buscar o gol, sem efeito. Parece que os jogadores n\u00e3o levaram a s\u00e9rio o amistoso nos 45 minutos iniciais. Trataram a disputa como um treinamento, nada mais do que isso.<\/p>\n<p>No segundo tempo, como Dunga havia prometido, muitas mudan\u00e7as foram feitas. A primeira delas foi a entrada do atacante Hulk no lugar de Luiz Gustavo. Com isso, a Sele\u00e7\u00e3o passou a ter Elias e Renato Augusto como dupla de volantes. Um jeito interessante de jogar, desde que diante de um advers\u00e1rio mais qualificado.<\/p>\n<p>Com 20 minutos, entraram Gabriel na vaga de Jonas e Lucas Lima no lugar de William. O Brasil ganhava mais em ousadia. At\u00e9 ali nada de muito empolgante o time havia sinalizado.<\/p>\n<p>O Panam\u00e1, com cinco altera\u00e7\u00f5es desde o in\u00edcio do segundo tempo, ficou mais encorpado e valente. Nada demais, apenas uma tentativa de n\u00e3o se acovardar diante de um gigante. Na pr\u00e1tica n\u00e3o deu muito resultado.<\/p>\n<p>No primeiro lance de Gabriel, o garoto do Santos n\u00e3o perdoou. Fez o segundo gol do Brasil, aos 27 minutos. Na comemora\u00e7\u00e3o evitou os abra\u00e7os dos companheiros e foi &#8220;beijar a m\u00e3o&#8221; do chefe Dunga, seu f\u00e3 confesso.<\/p>\n<p>Mais tarde, o treinador mandou a campo Rodrigo Caio, Fabinho e Kak\u00e1. E nada mais aconteceu. Agora a conversa \u00e9 na Copa Am\u00e9rica Centen\u00e1rio. O Brasil estreia s\u00e1bado, \u00e0s 23h (hor\u00e1rio de Bras\u00edlia), contra o Equador, em Pasadena, no mesmo est\u00e1dio em que se consagrou tetracampe\u00e3o do mundo na Copa de 1994.<\/p>\n","protected":false},"excerpt":{"rendered":"<p>Anotem a\u00ed: Alisson, Daniel Alves, Gil, Miranda e Douglas Santos, Luiz Gustavo, Elias e Renato Augusto; William, Jonas [&hellip;]<\/p>\n","protected":false},"author":102107496,"featured_media":0,"comment_status":"open","ping_status":"open","sticky":false,"template":"","format":"standard","meta":{"_coblocks_attr":"","_coblocks_dimensions":"","_coblocks_responsive_height":"","_coblocks_accordion_ie_support":"","_jetpack_newsletter_access":"","_jetpack_dont_email_post_to_subs":false,"_jetpack_newsletter_tier_id":0,"_jetpack_memberships_contains_paywalled_content":false,"_wpcom_ai_launchpad_first_post":false,"_jetpack_feature_clip_id":0,"_jetpack_memberships_contains_paid_content":false,"footnotes":"","jetpack_publicize_message":"","jetpack_publicize_feature_enabled":true,"jetpack_social_post_already_shared":false,"jetpack_social_options":{"image_generator_settings":{"template":"highway","default_image_id":0,"font":"","enabled":false},"version":2},"jetpack_post_was_ever_published":false},"categories":[53870],"tags":[62072679,789560569,120302849,865952,789560560,789560562],"class_list":["post-7651","post","type-post","status-publish","format-standard","hentry","category-futebol","tag-brasil-x-panama","tag-cbf","tag-copa-america-centenario","tag-dunga","tag-futebol","tag-selecao-brasileira"],"yoast_head":"<!-- This site is optimized with the Yoast SEO plugin v28.4 - https:\/\/yoast.com\/product\/yoast-seo-wordpress\/ -->\n<title>Sele\u00e7\u00e3o Brasileira n\u00e3o empolga no amistoso contra o Panam\u00e1 - PR\u00d3SPERI NEWS<\/title>\n<meta name=\"robots\" content=\"index, follow, max-snippet:-1, max-image-preview:large, max-video-preview:-1\" \/>\n<link rel=\"canonical\" href=\"https:\/\/blogdoprosperi.com\/?p=7651\" \/>\n<meta property=\"og:locale\" content=\"pt_BR\" \/>\n<meta property=\"og:type\" content=\"article\" \/>\n<meta property=\"og:title\" content=\"Sele\u00e7\u00e3o Brasileira n\u00e3o empolga no amistoso contra o Panam\u00e1 - PR\u00d3SPERI NEWS\" \/>\n<meta property=\"og:description\" content=\"Anotem a\u00ed: Alisson, Daniel Alves, Gil, Miranda e Douglas Santos, Luiz Gustavo, Elias e Renato Augusto; William, Jonas [&hellip;]\" \/>\n<meta property=\"og:url\" content=\"https:\/\/blogdoprosperi.com\/?p=7651\" \/>\n<meta property=\"og:site_name\" content=\"PR\u00d3SPERI NEWS\" \/>\n<meta property=\"article:publisher\" content=\"Luiz Pr\u00f3speri\" \/>\n<meta property=\"article:author\" content=\"Luiz Pr\u00f3speri\" \/>\n<meta property=\"article:published_time\" content=\"2016-05-30T03:34:33+00:00\" \/>\n<meta property=\"article:modified_time\" content=\"2016-05-30T09:28:52+00:00\" \/>\n<meta property=\"og:image\" content=\"https:\/\/blogdoprosperi.com\/wp-content\/uploads\/2016\/05\/2016-05-30t023205z_1258897058_nocid_rtrmadp_3_soccer-international-friendly-men-s-soccer-brazil-at-panama.jpg\" \/>\n<meta name=\"author\" content=\"Luiz Ant\u00f4nio Pr\u00f3speri\" \/>\n<meta name=\"twitter:card\" content=\"summary_large_image\" \/>\n<meta name=\"twitter:creator\" content=\"@Luizprosperi\" \/>\n<meta name=\"twitter:site\" content=\"@Luizprosperi\" \/>\n<meta name=\"twitter:label1\" content=\"Escrito por\" \/>\n\t<meta name=\"twitter:data1\" content=\"Luiz Ant\u00f4nio Pr\u00f3speri\" \/>\n\t<meta name=\"twitter:label2\" content=\"Est. tempo de leitura\" \/>\n\t<meta name=\"twitter:data2\" content=\"2 minutos\" \/>\n<script type=\"application\/ld+json\" class=\"yoast-schema-graph\">{\"@context\":\"https:\\\/\\\/schema.org\",\"@graph\":[{\"@type\":\"Article\",\"@id\":\"https:\\\/\\\/blogdoprosperi.com\\\/?p=7651#article\",\"isPartOf\":{\"@id\":\"https:\\\/\\\/blogdoprosperi.com\\\/?p=7651\"},\"author\":{\"name\":\"Luiz Ant\u00f4nio Pr\u00f3speri\",\"@id\":\"https:\\\/\\\/blogdoprosperi.com\\\/#\\\/schema\\\/person\\\/38100755ce3601861ee4fab9b5aa78e9\"},\"headline\":\"Sele\u00e7\u00e3o Brasileira n\u00e3o empolga no amistoso contra o Panam\u00e1\",\"datePublished\":\"2016-05-30T03:34:33+00:00\",\"dateModified\":\"2016-05-30T09:28:52+00:00\",\"mainEntityOfPage\":{\"@id\":\"https:\\\/\\\/blogdoprosperi.com\\\/?p=7651\"},\"wordCount\":508,\"commentCount\":1,\"publisher\":{\"@id\":\"https:\\\/\\\/blogdoprosperi.com\\\/#\\\/schema\\\/person\\\/38100755ce3601861ee4fab9b5aa78e9\"},\"image\":{\"@id\":\"https:\\\/\\\/blogdoprosperi.com\\\/?p=7651#primaryimage\"},\"thumbnailUrl\":\"https:\\\/\\\/blogdoprosperi.com\\\/wp-content\\\/uploads\\\/2016\\\/05\\\/2016-05-30t023205z_1258897058_nocid_rtrmadp_3_soccer-international-friendly-men-s-soccer-brazil-at-panama.jpg\",\"keywords\":[\"brasil x panam\u00e1\",\"CBF\",\"Copa Am\u00e9rica Centen\u00e1rio\",\"Dunga\",\"futebol\",\"Sele\u00e7\u00e3o Brasileira\"],\"articleSection\":[\"futebol\"],\"inLanguage\":\"pt-BR\",\"potentialAction\":[{\"@type\":\"CommentAction\",\"name\":\"Comment\",\"target\":[\"https:\\\/\\\/blogdoprosperi.com\\\/?p=7651#respond\"]}]},{\"@type\":\"WebPage\",\"@id\":\"https:\\\/\\\/blogdoprosperi.com\\\/?p=7651\",\"url\":\"https:\\\/\\\/blogdoprosperi.com\\\/?p=7651\",\"name\":\"Sele\u00e7\u00e3o Brasileira n\u00e3o empolga no amistoso contra o Panam\u00e1 - PR\u00d3SPERI NEWS\",\"isPartOf\":{\"@id\":\"https:\\\/\\\/blogdoprosperi.com\\\/#website\"},\"primaryImageOfPage\":{\"@id\":\"https:\\\/\\\/blogdoprosperi.com\\\/?p=7651#primaryimage\"},\"image\":{\"@id\":\"https:\\\/\\\/blogdoprosperi.com\\\/?p=7651#primaryimage\"},\"thumbnailUrl\":\"https:\\\/\\\/blogdoprosperi.com\\\/wp-content\\\/uploads\\\/2016\\\/05\\\/2016-05-30t023205z_1258897058_nocid_rtrmadp_3_soccer-international-friendly-men-s-soccer-brazil-at-panama.jpg\",\"datePublished\":\"2016-05-30T03:34:33+00:00\",\"dateModified\":\"2016-05-30T09:28:52+00:00\",\"breadcrumb\":{\"@id\":\"https:\\\/\\\/blogdoprosperi.com\\\/?p=7651#breadcrumb\"},\"inLanguage\":\"pt-BR\",\"potentialAction\":[{\"@type\":\"ReadAction\",\"target\":[\"https:\\\/\\\/blogdoprosperi.com\\\/?p=7651\"]}]},{\"@type\":\"ImageObject\",\"inLanguage\":\"pt-BR\",\"@id\":\"https:\\\/\\\/blogdoprosperi.com\\\/?p=7651#primaryimage\",\"url\":\"https:\\\/\\\/i0.wp.com\\\/blogdoprosperi.com\\\/wp-content\\\/uploads\\\/2016\\\/05\\\/2016-05-30t023205z_1258897058_nocid_rtrmadp_3_soccer-international-friendly-men-s-soccer-brazil-at-panama.jpg?fit=640%2C360&ssl=1\",\"contentUrl\":\"https:\\\/\\\/i0.wp.com\\\/blogdoprosperi.com\\\/wp-content\\\/uploads\\\/2016\\\/05\\\/2016-05-30t023205z_1258897058_nocid_rtrmadp_3_soccer-international-friendly-men-s-soccer-brazil-at-panama.jpg?fit=640%2C360&ssl=1\",\"width\":640,\"height\":360},{\"@type\":\"BreadcrumbList\",\"@id\":\"https:\\\/\\\/blogdoprosperi.com\\\/?p=7651#breadcrumb\",\"itemListElement\":[{\"@type\":\"ListItem\",\"position\":1,\"name\":\"In\u00edcio\",\"item\":\"https:\\\/\\\/blogdoprosperi.com\\\/\"},{\"@type\":\"ListItem\",\"position\":2,\"name\":\"Sele\u00e7\u00e3o Brasileira n\u00e3o empolga no amistoso contra o Panam\u00e1\"}]},{\"@type\":\"WebSite\",\"@id\":\"https:\\\/\\\/blogdoprosperi.com\\\/#website\",\"url\":\"https:\\\/\\\/blogdoprosperi.com\\\/\",\"name\":\"PR\u00d3SPERI NEWS\",\"description\":\"TUDO \u00c9  FUTEBOL\",\"publisher\":{\"@id\":\"https:\\\/\\\/blogdoprosperi.com\\\/#\\\/schema\\\/person\\\/38100755ce3601861ee4fab9b5aa78e9\"},\"alternateName\":\"blogdoprosperi.com\",\"potentialAction\":[{\"@type\":\"SearchAction\",\"target\":{\"@type\":\"EntryPoint\",\"urlTemplate\":\"https:\\\/\\\/blogdoprosperi.com\\\/?s={search_term_string}\"},\"query-input\":{\"@type\":\"PropertyValueSpecification\",\"valueRequired\":true,\"valueName\":\"search_term_string\"}}],\"inLanguage\":\"pt-BR\"},{\"@type\":[\"Person\",\"Organization\"],\"@id\":\"https:\\\/\\\/blogdoprosperi.com\\\/#\\\/schema\\\/person\\\/38100755ce3601861ee4fab9b5aa78e9\",\"name\":\"Luiz Ant\u00f4nio Pr\u00f3speri\",\"pronouns\":\"ele\",\"image\":{\"@type\":\"ImageObject\",\"inLanguage\":\"pt-BR\",\"@id\":\"https:\\\/\\\/i0.wp.com\\\/blogdoprosperi.com\\\/wp-content\\\/uploads\\\/2026\\\/05\\\/cropped-8059e613-6002-42fa-961e-8e275f575d71-2-5.jpg?fit=1360%2C931&ssl=1\",\"url\":\"https:\\\/\\\/i0.wp.com\\\/blogdoprosperi.com\\\/wp-content\\\/uploads\\\/2026\\\/05\\\/cropped-8059e613-6002-42fa-961e-8e275f575d71-2-5.jpg?fit=1360%2C931&ssl=1\",\"contentUrl\":\"https:\\\/\\\/i0.wp.com\\\/blogdoprosperi.com\\\/wp-content\\\/uploads\\\/2026\\\/05\\\/cropped-8059e613-6002-42fa-961e-8e275f575d71-2-5.jpg?fit=1360%2C931&ssl=1\",\"width\":1360,\"height\":931,\"caption\":\"Luiz Ant\u00f4nio Pr\u00f3speri\"},\"logo\":{\"@id\":\"https:\\\/\\\/i0.wp.com\\\/blogdoprosperi.com\\\/wp-content\\\/uploads\\\/2026\\\/05\\\/cropped-8059e613-6002-42fa-961e-8e275f575d71-2-5.jpg?fit=1360%2C931&ssl=1\"},\"description\":\"Jornalista com carreira dedicada ao esporte. Cobriu 9 Copas do Mundo in loco, 1990 na It\u00e1lia, 1994 nos EUA, 1998 na Fran\u00e7a, 2002 na Coreia do Sul e Jap\u00e3o, 2006 na Alemanha, 2010 na \u00c1frica do Sul, 2014 no Brasil, 2018 na R\u00fassia e 2022 no Qatar. Eurocopas, 1992 na Su\u00e9cia e 1996 na Inglaterra. Copa das Confedera\u00e7\u00f5es de 2005 na Alemanha e 2009 na \u00c1frica do Sul. Rep\u00f3rter e Editor, trabalhou no Jornal da Tarde e Estad\u00e3o, de 1984 a fevereiro de 2016. Colunista, blogueiro. E comentarista de futebol na R\u00e1dio Estad\u00e3o, de 2013 a fevereiro de 2016. Jornalista respons\u00e1vel do \\\"Pr\u00f3speri News\\\" (blogdoprosperi.com).\",\"sameAs\":[\"http:\\\/\\\/blogdoprosperi.com\",\"Luiz Pr\u00f3speri\",\"@luiz_prosperi\",\"https:\\\/\\\/x.com\\\/Luizprosperi\",\"@prosperinacopa\",\"luiz.prosperi@icloud.com\"],\"url\":\"https:\\\/\\\/blogdoprosperi.com\\\/?author=102107496\"}]}<\/script>\n<!-- \/ Yoast SEO plugin. -->","yoast_head_json":{"title":"Sele\u00e7\u00e3o Brasileira n\u00e3o empolga no amistoso contra o Panam\u00e1 - PR\u00d3SPERI NEWS","robots":{"index":"index","follow":"follow","max-snippet":"max-snippet:-1","max-image-preview":"max-image-preview:large","max-video-preview":"max-video-preview:-1"},"canonical":"https:\/\/blogdoprosperi.com\/?p=7651","og_locale":"pt_BR","og_type":"article","og_title":"Sele\u00e7\u00e3o Brasileira n\u00e3o empolga no amistoso contra o Panam\u00e1 - PR\u00d3SPERI NEWS","og_description":"Anotem a\u00ed: Alisson, Daniel Alves, Gil, Miranda e Douglas Santos, Luiz Gustavo, Elias e Renato Augusto; William, Jonas [&hellip;]","og_url":"https:\/\/blogdoprosperi.com\/?p=7651","og_site_name":"PR\u00d3SPERI NEWS","article_publisher":"Luiz Pr\u00f3speri","article_author":"Luiz Pr\u00f3speri","article_published_time":"2016-05-30T03:34:33+00:00","article_modified_time":"2016-05-30T09:28:52+00:00","og_image":[{"url":"https:\/\/blogdoprosperi.com\/wp-content\/uploads\/2016\/05\/2016-05-30t023205z_1258897058_nocid_rtrmadp_3_soccer-international-friendly-men-s-soccer-brazil-at-panama.jpg","type":"","width":"","height":""}],"author":"Luiz Ant\u00f4nio Pr\u00f3speri","twitter_card":"summary_large_image","twitter_creator":"@Luizprosperi","twitter_site":"@Luizprosperi","twitter_misc":{"Escrito por":"Luiz Ant\u00f4nio Pr\u00f3speri","Est. tempo de leitura":"2 minutos"},"schema":{"@context":"https:\/\/schema.org","@graph":[{"@type":"Article","@id":"https:\/\/blogdoprosperi.com\/?p=7651#article","isPartOf":{"@id":"https:\/\/blogdoprosperi.com\/?p=7651"},"author":{"name":"Luiz Ant\u00f4nio Pr\u00f3speri","@id":"https:\/\/blogdoprosperi.com\/#\/schema\/person\/38100755ce3601861ee4fab9b5aa78e9"},"headline":"Sele\u00e7\u00e3o Brasileira n\u00e3o empolga no amistoso contra o Panam\u00e1","datePublished":"2016-05-30T03:34:33+00:00","dateModified":"2016-05-30T09:28:52+00:00","mainEntityOfPage":{"@id":"https:\/\/blogdoprosperi.com\/?p=7651"},"wordCount":508,"commentCount":1,"publisher":{"@id":"https:\/\/blogdoprosperi.com\/#\/schema\/person\/38100755ce3601861ee4fab9b5aa78e9"},"image":{"@id":"https:\/\/blogdoprosperi.com\/?p=7651#primaryimage"},"thumbnailUrl":"https:\/\/blogdoprosperi.com\/wp-content\/uploads\/2016\/05\/2016-05-30t023205z_1258897058_nocid_rtrmadp_3_soccer-international-friendly-men-s-soccer-brazil-at-panama.jpg","keywords":["brasil x panam\u00e1","CBF","Copa Am\u00e9rica Centen\u00e1rio","Dunga","futebol","Sele\u00e7\u00e3o Brasileira"],"articleSection":["futebol"],"inLanguage":"pt-BR","potentialAction":[{"@type":"CommentAction","name":"Comment","target":["https:\/\/blogdoprosperi.com\/?p=7651#respond"]}]},{"@type":"WebPage","@id":"https:\/\/blogdoprosperi.com\/?p=7651","url":"https:\/\/blogdoprosperi.com\/?p=7651","name":"Sele\u00e7\u00e3o Brasileira n\u00e3o empolga no amistoso contra o Panam\u00e1 - PR\u00d3SPERI NEWS","isPartOf":{"@id":"https:\/\/blogdoprosperi.com\/#website"},"primaryImageOfPage":{"@id":"https:\/\/blogdoprosperi.com\/?p=7651#primaryimage"},"image":{"@id":"https:\/\/blogdoprosperi.com\/?p=7651#primaryimage"},"thumbnailUrl":"https:\/\/blogdoprosperi.com\/wp-content\/uploads\/2016\/05\/2016-05-30t023205z_1258897058_nocid_rtrmadp_3_soccer-international-friendly-men-s-soccer-brazil-at-panama.jpg","datePublished":"2016-05-30T03:34:33+00:00","dateModified":"2016-05-30T09:28:52+00:00","breadcrumb":{"@id":"https:\/\/blogdoprosperi.com\/?p=7651#breadcrumb"},"inLanguage":"pt-BR","potentialAction":[{"@type":"ReadAction","target":["https:\/\/blogdoprosperi.com\/?p=7651"]}]},{"@type":"ImageObject","inLanguage":"pt-BR","@id":"https:\/\/blogdoprosperi.com\/?p=7651#primaryimage","url":"https:\/\/i0.wp.com\/blogdoprosperi.com\/wp-content\/uploads\/2016\/05\/2016-05-30t023205z_1258897058_nocid_rtrmadp_3_soccer-international-friendly-men-s-soccer-brazil-at-panama.jpg?fit=640%2C360&ssl=1","contentUrl":"https:\/\/i0.wp.com\/blogdoprosperi.com\/wp-content\/uploads\/2016\/05\/2016-05-30t023205z_1258897058_nocid_rtrmadp_3_soccer-international-friendly-men-s-soccer-brazil-at-panama.jpg?fit=640%2C360&ssl=1","width":640,"height":360},{"@type":"BreadcrumbList","@id":"https:\/\/blogdoprosperi.com\/?p=7651#breadcrumb","itemListElement":[{"@type":"ListItem","position":1,"name":"In\u00edcio","item":"https:\/\/blogdoprosperi.com\/"},{"@type":"ListItem","position":2,"name":"Sele\u00e7\u00e3o Brasileira n\u00e3o empolga no amistoso contra o Panam\u00e1"}]},{"@type":"WebSite","@id":"https:\/\/blogdoprosperi.com\/#website","url":"https:\/\/blogdoprosperi.com\/","name":"PR\u00d3SPERI NEWS","description":"TUDO \u00c9  FUTEBOL","publisher":{"@id":"https:\/\/blogdoprosperi.com\/#\/schema\/person\/38100755ce3601861ee4fab9b5aa78e9"},"alternateName":"blogdoprosperi.com","potentialAction":[{"@type":"SearchAction","target":{"@type":"EntryPoint","urlTemplate":"https:\/\/blogdoprosperi.com\/?s={search_term_string}"},"query-input":{"@type":"PropertyValueSpecification","valueRequired":true,"valueName":"search_term_string"}}],"inLanguage":"pt-BR"},{"@type":["Person","Organization"],"@id":"https:\/\/blogdoprosperi.com\/#\/schema\/person\/38100755ce3601861ee4fab9b5aa78e9","name":"Luiz Ant\u00f4nio Pr\u00f3speri","pronouns":"ele","image":{"@type":"ImageObject","inLanguage":"pt-BR","@id":"https:\/\/i0.wp.com\/blogdoprosperi.com\/wp-content\/uploads\/2026\/05\/cropped-8059e613-6002-42fa-961e-8e275f575d71-2-5.jpg?fit=1360%2C931&ssl=1","url":"https:\/\/i0.wp.com\/blogdoprosperi.com\/wp-content\/uploads\/2026\/05\/cropped-8059e613-6002-42fa-961e-8e275f575d71-2-5.jpg?fit=1360%2C931&ssl=1","contentUrl":"https:\/\/i0.wp.com\/blogdoprosperi.com\/wp-content\/uploads\/2026\/05\/cropped-8059e613-6002-42fa-961e-8e275f575d71-2-5.jpg?fit=1360%2C931&ssl=1","width":1360,"height":931,"caption":"Luiz Ant\u00f4nio Pr\u00f3speri"},"logo":{"@id":"https:\/\/i0.wp.com\/blogdoprosperi.com\/wp-content\/uploads\/2026\/05\/cropped-8059e613-6002-42fa-961e-8e275f575d71-2-5.jpg?fit=1360%2C931&ssl=1"},"description":"Jornalista com carreira dedicada ao esporte. Cobriu 9 Copas do Mundo in loco, 1990 na It\u00e1lia, 1994 nos EUA, 1998 na Fran\u00e7a, 2002 na Coreia do Sul e Jap\u00e3o, 2006 na Alemanha, 2010 na \u00c1frica do Sul, 2014 no Brasil, 2018 na R\u00fassia e 2022 no Qatar. Eurocopas, 1992 na Su\u00e9cia e 1996 na Inglaterra. Copa das Confedera\u00e7\u00f5es de 2005 na Alemanha e 2009 na \u00c1frica do Sul. Rep\u00f3rter e Editor, trabalhou no Jornal da Tarde e Estad\u00e3o, de 1984 a fevereiro de 2016. Colunista, blogueiro. E comentarista de futebol na R\u00e1dio Estad\u00e3o, de 2013 a fevereiro de 2016. Jornalista respons\u00e1vel do \"Pr\u00f3speri News\" (blogdoprosperi.com).","sameAs":["http:\/\/blogdoprosperi.com","Luiz Pr\u00f3speri","@luiz_prosperi","https:\/\/x.com\/Luizprosperi","@prosperinacopa","luiz.prosperi@icloud.com"],"url":"https:\/\/blogdoprosperi.com\/?author=102107496"}]}},"jetpack_publicize_connections":[],"jetpack_likes_enabled":false,"jetpack_sharing_enabled":true,"jetpack_shortlink":"https:\/\/wp.me\/p7jvdk-1Zp","jetpack-related-posts":[{"id":8723,"url":"https:\/\/blogdoprosperi.com\/?p=8723","url_meta":{"origin":7651,"position":0},"title":"Sele\u00e7\u00e3o Brasileira patina na estreia na Copa Am\u00e9rica e conta com m\u00e3ozinha do \u00e1rbitro","author":"Luiz Ant\u00f4nio Pr\u00f3speri","date":"5 de junho de 2016","format":false,"excerpt":"\u00a0 A estreia da Sele\u00e7\u00e3o Brasileira na Copa Am\u00e9rica Centen\u00e1rio deixou claro como Dunga est\u00e1 perdido e sem saber o que fazer. Mais que o empate sem gols contra o Equador, chamou a aten\u00e7\u00e3o a falta de vis\u00e3o do treinador. Quando mais se esperava dele, na mudan\u00e7a do esquema ou\u2026","rel":"","context":"Em &quot;futebol&quot;","block_context":{"text":"futebol","link":"https:\/\/blogdoprosperi.com\/?cat=53870"},"img":{"alt_text":"","src":"https:\/\/i0.wp.com\/blogdoprosperi.com\/wp-content\/uploads\/2016\/06\/esp_8876-487474.jpg?resize=350%2C200&ssl=1","width":350,"height":200,"srcset":"https:\/\/i0.wp.com\/blogdoprosperi.com\/wp-content\/uploads\/2016\/06\/esp_8876-487474.jpg?resize=350%2C200&ssl=1 1x, https:\/\/i0.wp.com\/blogdoprosperi.com\/wp-content\/uploads\/2016\/06\/esp_8876-487474.jpg?resize=525%2C300&ssl=1 1.5x, https:\/\/i0.wp.com\/blogdoprosperi.com\/wp-content\/uploads\/2016\/06\/esp_8876-487474.jpg?resize=700%2C400&ssl=1 2x"},"classes":[]},{"id":59133,"url":"https:\/\/blogdoprosperi.com\/?p=59133","url_meta":{"origin":7651,"position":1},"title":"Sele\u00e7\u00e3o Brasileira descobre time reserva melhor que o titular","author":"Luiz Ant\u00f4nio Pr\u00f3speri","date":"31 de maio de 2026","format":false,"excerpt":"Luiz Ant\u00f4nio Pr\u00f3speri \u2013 31 maio 2026 (20h55) \u2013 Brasil vence Panam\u00e1 por 6 a 2 no amistoso de despedida rumo \u00e0 Copa do Mundo 2026. Mais de 72 mil torcedores aplaudiram a Sele\u00e7\u00e3o Brasileira no amistoso festivo no Maracan\u00e3 neste domingo (31\/5). Gritaram tamb\u00e9m por Neymar. E perceberam, sem\u2026","rel":"","context":"Em &quot;copa 2026&quot;","block_context":{"text":"copa 2026","link":"https:\/\/blogdoprosperi.com\/?cat=36820279"},"img":{"alt_text":"","src":"https:\/\/i0.wp.com\/blogdoprosperi.com\/wp-content\/uploads\/2026\/05\/Whats_App_Image_2026_05_31_at_19_47_22_1_0b1e348b36.jpg?fit=1200%2C801&ssl=1&resize=350%2C200","width":350,"height":200,"srcset":"https:\/\/i0.wp.com\/blogdoprosperi.com\/wp-content\/uploads\/2026\/05\/Whats_App_Image_2026_05_31_at_19_47_22_1_0b1e348b36.jpg?fit=1200%2C801&ssl=1&resize=350%2C200 1x, https:\/\/i0.wp.com\/blogdoprosperi.com\/wp-content\/uploads\/2026\/05\/Whats_App_Image_2026_05_31_at_19_47_22_1_0b1e348b36.jpg?fit=1200%2C801&ssl=1&resize=525%2C300 1.5x, https:\/\/i0.wp.com\/blogdoprosperi.com\/wp-content\/uploads\/2026\/05\/Whats_App_Image_2026_05_31_at_19_47_22_1_0b1e348b36.jpg?fit=1200%2C801&ssl=1&resize=700%2C400 2x, https:\/\/i0.wp.com\/blogdoprosperi.com\/wp-content\/uploads\/2026\/05\/Whats_App_Image_2026_05_31_at_19_47_22_1_0b1e348b36.jpg?fit=1200%2C801&ssl=1&resize=1050%2C600 3x"},"classes":[]},{"id":59042,"url":"https:\/\/blogdoprosperi.com\/?p=59042","url_meta":{"origin":7651,"position":2},"title":"Ao Vivo Acompanhe entrevista coletiva de Carlo Ancelotti pr\u00e9-amistoso Brasil x Panam\u00e1","author":"Luiz Ant\u00f4nio Pr\u00f3speri","date":"30 de maio de 2026","format":false,"excerpt":"Carlo Ancelotti concede neste s\u00e1bado (30\/5), 9h30, primeira entrevista coletiva no in\u00edcio da prepara\u00e7\u00e3o da Sele\u00e7\u00e3o Brasileira para Copa do Mundo 2026. Acompanhe v\u00eddeo oficial da CBF TV: \u00a0 https:\/\/www.youtube.com\/live\/dh_NSmR0amQ?si=Iz8gR-ZD3kKFsd1K","rel":"","context":"Em &quot;copa 2026&quot;","block_context":{"text":"copa 2026","link":"https:\/\/blogdoprosperi.com\/?cat=36820279"},"img":{"alt_text":"","src":"https:\/\/i0.wp.com\/blogdoprosperi.com\/wp-content\/uploads\/2026\/05\/Captura-de-Tela-2026-05-29-as-23.28.56.png?fit=1200%2C765&ssl=1&resize=350%2C200","width":350,"height":200,"srcset":"https:\/\/i0.wp.com\/blogdoprosperi.com\/wp-content\/uploads\/2026\/05\/Captura-de-Tela-2026-05-29-as-23.28.56.png?fit=1200%2C765&ssl=1&resize=350%2C200 1x, https:\/\/i0.wp.com\/blogdoprosperi.com\/wp-content\/uploads\/2026\/05\/Captura-de-Tela-2026-05-29-as-23.28.56.png?fit=1200%2C765&ssl=1&resize=525%2C300 1.5x, https:\/\/i0.wp.com\/blogdoprosperi.com\/wp-content\/uploads\/2026\/05\/Captura-de-Tela-2026-05-29-as-23.28.56.png?fit=1200%2C765&ssl=1&resize=700%2C400 2x, https:\/\/i0.wp.com\/blogdoprosperi.com\/wp-content\/uploads\/2026\/05\/Captura-de-Tela-2026-05-29-as-23.28.56.png?fit=1200%2C765&ssl=1&resize=1050%2C600 3x"},"classes":[]},{"id":61855,"url":"https:\/\/blogdoprosperi.com\/?p=61855","url_meta":{"origin":7651,"position":3},"title":"Ao Vivo no YouTube | Amistoso Sub-20:  Brasil x Bol\u00edvia \u2013 domingo (09\/8)","author":"Luiz Ant\u00f4nio Pr\u00f3speri","date":"9 de agosto de 2026","format":false,"excerpt":"Acompanhe no YouTube amistoso da Sele\u00e7\u00e3o Brasileira Sub-20 contra a Bol\u00edvia. Gera\u00e7\u00e3o da Copa do Mundo 2030 em campo. No canal CBF TV oficial: https:\/\/www.youtube.com\/live\/HJMnLBv_pwQ?si=MByRoftoWuVt7x_2","rel":"","context":"Em &quot;CBF&quot;","block_context":{"text":"CBF","link":"https:\/\/blogdoprosperi.com\/?cat=570700"},"img":{"alt_text":"","src":"https:\/\/i0.wp.com\/img.youtube.com\/vi\/\/0.jpg?resize=350%2C200","width":350,"height":200},"classes":[]},{"id":59128,"url":"https:\/\/blogdoprosperi.com\/?p=59128","url_meta":{"origin":7651,"position":4},"title":"AO VIVO: Coletiva de Carlo Ancelotti p\u00f3s-jogo Brasil 6 x 2 Panam\u00e1","author":"Luiz Ant\u00f4nio Pr\u00f3speri","date":"31 de maio de 2026","format":false,"excerpt":"Acompanhe a coletiva do t\u00e9cnico Carlo Ancelotti p\u00f3s-jogo amistoso Brasil .. x 1 Panam\u00e1 na despedida da Sele\u00e7\u00e3o rumo \u00e0 Copa do Mundo 2026. V\u00eddeo oficial CBF TV: <iframe width=\"560\" height=\"315\" src=\"https:\/\/www.youtube.com\/embed\/QkO-SxLGsbs?si=MpDBIVnPh88bMoEg\" title=\"YouTube video player\" frameborder=\"0\" allow=\"accelerometer; autoplay; clipboard-write; encrypted-media; gyroscope; picture-in-picture; web-share\" referrerpolicy=\"strict-origin-when-cross-origin\" allowfullscreen><\/iframe>","rel":"","context":"Em &quot;copa 2026&quot;","block_context":{"text":"copa 2026","link":"https:\/\/blogdoprosperi.com\/?cat=36820279"},"img":{"alt_text":"","src":"","width":0,"height":0},"classes":[]},{"id":42555,"url":"https:\/\/blogdoprosperi.com\/?p=42555","url_meta":{"origin":7651,"position":5},"title":"An\u00e1lise: Empate do Brasil contra os EUA exp\u00f5e fragilidades antes da Copa Am\u00e9rica","author":"Luiz Ant\u00f4nio Pr\u00f3speri","date":"12 de junho de 2024","format":false,"excerpt":"Sele\u00e7\u00e3o Brasileira baixa guarda contra os Estados Unidos no \u00faltimo amistoso antes da estreia na Copa Am\u00e9rica. Empate por 1 a 1 na Fl\u00f3rida resume a exibi\u00e7\u00e3o esqu\u00e1lida do time de Dorival J\u00fanior. E dessa vez nem o precoce Endrick nem o endiabrado Vini Jr iluminaram o Brasil. Fraco \u00e9\u2026","rel":"","context":"Em &quot;CBF&quot;","block_context":{"text":"CBF","link":"https:\/\/blogdoprosperi.com\/?cat=570700"},"img":{"alt_text":"Brasil baixa guarda diante dos EUA","src":"https:\/\/i0.wp.com\/blogdoprosperi.com\/wp-content\/uploads\/2024\/06\/53788106335_4bd94fb2d5_c.jpg?fit=800%2C543&ssl=1&resize=350%2C200","width":350,"height":200,"srcset":"https:\/\/i0.wp.com\/blogdoprosperi.com\/wp-content\/uploads\/2024\/06\/53788106335_4bd94fb2d5_c.jpg?fit=800%2C543&ssl=1&resize=350%2C200 1x, https:\/\/i0.wp.com\/blogdoprosperi.com\/wp-content\/uploads\/2024\/06\/53788106335_4bd94fb2d5_c.jpg?fit=800%2C543&ssl=1&resize=525%2C300 1.5x, https:\/\/i0.wp.com\/blogdoprosperi.com\/wp-content\/uploads\/2024\/06\/53788106335_4bd94fb2d5_c.jpg?fit=800%2C543&ssl=1&resize=700%2C400 2x"},"classes":[]}],"jetpack_featured_media_url":"","_links":{"self":[{"href":"https:\/\/blogdoprosperi.com\/index.php?rest_route=\/wp\/v2\/posts\/7651","targetHints":{"allow":["GET"]}}],"collection":[{"href":"https:\/\/blogdoprosperi.com\/index.php?rest_route=\/wp\/v2\/posts"}],"about":[{"href":"https:\/\/blogdoprosperi.com\/index.php?rest_route=\/wp\/v2\/types\/post"}],"author":[{"embeddable":true,"href":"https:\/\/blogdoprosperi.com\/index.php?rest_route=\/wp\/v2\/users\/102107496"}],"replies":[{"embeddable":true,"href":"https:\/\/blogdoprosperi.com\/index.php?rest_route=%2Fwp%2Fv2%2Fcomments&post=7651"}],"version-history":[{"count":25,"href":"https:\/\/blogdoprosperi.com\/index.php?rest_route=\/wp\/v2\/posts\/7651\/revisions"}],"predecessor-version":[{"id":7711,"href":"https:\/\/blogdoprosperi.com\/index.php?rest_route=\/wp\/v2\/posts\/7651\/revisions\/7711"}],"wp:attachment":[{"href":"https:\/\/blogdoprosperi.com\/index.php?rest_route=%2Fwp%2Fv2%2Fmedia&parent=7651"}],"wp:term":[{"taxonomy":"category","embeddable":true,"href":"https:\/\/blogdoprosperi.com\/index.php?rest_route=%2Fwp%2Fv2%2Fcategories&post=7651"},{"taxonomy":"post_tag","embeddable":true,"href":"https:\/\/blogdoprosperi.com\/index.php?rest_route=%2Fwp%2Fv2%2Ftags&post=7651"}],"curies":[{"name":"wp","href":"https:\/\/api.w.org\/{rel}","templated":true}]}}