{"id":7808,"date":"2016-05-31T18:44:29","date_gmt":"2016-05-31T18:44:29","guid":{"rendered":"http:\/\/blogdoprosperi.com\/?p=7808"},"modified":"2016-05-31T21:53:06","modified_gmt":"2016-05-31T21:53:06","slug":"palmeiras-e-gabriel-jesus-batem-cabeca-e-garoto-fica-fora-da-selecao-brasileira","status":"publish","type":"post","link":"https:\/\/blogdoprosperi.com\/?p=7808","title":{"rendered":"Palmeiras e Gabriel Jesus batem cabe\u00e7a e garoto fica fora da Sele\u00e7\u00e3o Brasileira"},"content":{"rendered":"<p>&nbsp;<\/p>\n<p><span class=\"alignnone\"><img data-recalc-dims=\"1\" loading=\"lazy\" decoding=\"async\" data-attachment-id=\"5728\" data-permalink=\"https:\/\/blogdoprosperi.com\/?attachment_id=5728\" data-orig-file=\"https:\/\/i0.wp.com\/blogdoprosperi.com\/wp-content\/uploads\/2016\/05\/622_ae5174ba-5d8a-3e57-8174-0f9646fe4844.jpg?fit=622%2C350&amp;ssl=1\" data-orig-size=\"622,350\" data-comments-opened=\"1\" data-image-meta=\"{&quot;aperture&quot;:&quot;0&quot;,&quot;credit&quot;:&quot;&quot;,&quot;camera&quot;:&quot;&quot;,&quot;caption&quot;:&quot;&quot;,&quot;created_timestamp&quot;:&quot;0&quot;,&quot;copyright&quot;:&quot;&quot;,&quot;focal_length&quot;:&quot;0&quot;,&quot;iso&quot;:&quot;0&quot;,&quot;shutter_speed&quot;:&quot;0&quot;,&quot;title&quot;:&quot;&quot;,&quot;orientation&quot;:&quot;0&quot;}\" data-image-title=\"622_ae5174ba-5d8a-3e57-8174-0f9646fe4844\" data-image-description=\"\" data-image-caption=\"\" data-large-file=\"https:\/\/i0.wp.com\/blogdoprosperi.com\/wp-content\/uploads\/2016\/05\/622_ae5174ba-5d8a-3e57-8174-0f9646fe4844.jpg?fit=622%2C350&amp;ssl=1\" class=\"alignnone size-full wp-image-5728\" src=\"https:\/\/i0.wp.com\/blogdoprosperi.com\/wp-content\/uploads\/2016\/05\/622_ae5174ba-5d8a-3e57-8174-0f9646fe4844.jpg?resize=622%2C350&#038;ssl=1\" alt=\"622_ae5174ba-5d8a-3e57-8174-0f9646fe4844\" width=\"622\" height=\"350\" \/><\/span><\/p>\n<p>Gabriel Jesus estava convocado por Dunga na vaga de Rafinha, meia do Barcelona, para disputar a Copa Am\u00e9rica Centen\u00e1rio, nos Estados Unidos. Faltava apenas a confirma\u00e7\u00e3o do <a href=\"http:\/\/blogdoprosperi.com\/2016\/05\/30\/sao-paulo-encontra-seu-caminho-palmeiras-perde-o-rumo\/\">Palmeiras<\/a> sobre o visto do jogador para viajar aos EUA. Como o clube demorou a providenciar a documenta\u00e7\u00e3o, o treinador desistiu de <a href=\"http:\/\/blogdoprosperi.com\/2016\/05\/14\/gabriel-jesus-mostra-a-cara-do-palmeiras-na-estreia-no-brasileirao\/\">Gabriel Jesus<\/a> e convocou Lucas Moura, do Paris Saint-Germain.<\/p>\n<p>At\u00e9 a publica\u00e7\u00e3o deste post, nesta ter\u00e7a-feira (31\/5), o Palmeiras ainda n\u00e3o havia se manifestado sobre o problema com o visto de Gabriel Jesus &#8211; se conseguiu ou n\u00e3o a autoriza\u00e7\u00e3o dos norte-americanos no passaporte do garoto.<\/p>\n<p><a href=\"http:\/\/blogdoprosperi.com\/2016\/05\/30\/selecao-brasileira-nao-empolga-no-amistoso-contra-o-panama\/\">Dunga<\/a> havia manifestado sua prefer\u00eancia pelo jogador palmeirense no s\u00e1bado, em Denver, sem esconder a insatisfa\u00e7\u00e3o com o clube por n\u00e3o ter providenciado o visto de entrada nos EUA. At\u00e9 porque, Gabriel Jesus estava na lista dos 40 pr\u00e9-convocados da <a href=\"http:\/\/blogdoprosperi.com\/2016\/05\/05\/dunga-convoca-selecao-brasileira-de-olho-na-olimpiada-do-rio\/\">Sele\u00e7\u00e3o <\/a>divulgada h\u00e1 quase um m\u00eas, portanto com tempo de sobra para os jogadores providenciarem seus documentos.<\/p>\n<p>Palmeiras e Gabriel Jesus n\u00e3o correram atr\u00e1s do visto quando Dunga anunciou a lista dos 40 pr\u00e9-convocados. Quando o treinador do Brasil resolveu chamar o garoto, diante da dif\u00edcil recupera\u00e7\u00e3o de Rafinha, o clube paulista teria pedido um prazo at\u00e9 esta ter\u00e7a-feira para conseguir o visto norte-americano.<\/p>\n<p><span class=\"alignnone\"><img data-recalc-dims=\"1\" loading=\"lazy\" decoding=\"async\" data-attachment-id=\"7849\" data-permalink=\"https:\/\/blogdoprosperi.com\/?attachment_id=7849\" data-orig-file=\"https:\/\/i0.wp.com\/blogdoprosperi.com\/wp-content\/uploads\/2016\/05\/images-55.jpeg?fit=270%2C187&amp;ssl=1\" data-orig-size=\"270,187\" data-comments-opened=\"1\" data-image-meta=\"{&quot;aperture&quot;:&quot;0&quot;,&quot;credit&quot;:&quot;&quot;,&quot;camera&quot;:&quot;&quot;,&quot;caption&quot;:&quot;&quot;,&quot;created_timestamp&quot;:&quot;0&quot;,&quot;copyright&quot;:&quot;&quot;,&quot;focal_length&quot;:&quot;0&quot;,&quot;iso&quot;:&quot;0&quot;,&quot;shutter_speed&quot;:&quot;0&quot;,&quot;title&quot;:&quot;&quot;,&quot;orientation&quot;:&quot;0&quot;}\" data-image-title=\"images-5\" data-image-description=\"\" data-image-caption=\"\" data-large-file=\"https:\/\/i0.wp.com\/blogdoprosperi.com\/wp-content\/uploads\/2016\/05\/images-55.jpeg?fit=270%2C187&amp;ssl=1\" class=\"alignnone size-full wp-image-7849 alignleft\" src=\"https:\/\/i0.wp.com\/blogdoprosperi.com\/wp-content\/uploads\/2016\/05\/images-55.jpeg?resize=270%2C187&#038;ssl=1\" alt=\"images-5\" width=\"270\" height=\"187\" \/><\/span>Nem CBF e Palmeiras informaram se o documento de Gabriel Jesus havia sido regularizado ou n\u00e3o. Dunga, irritado com a situa\u00e7\u00e3o e vingativo, resolveu chamar Lucas Moura, do PSG, que n\u00e3o tem idade ol\u00edmpica. Sua prefer\u00eancia era por Jesus, 19 anos, em condi\u00e7\u00f5es de defender o Brasil nos Jogos do Rio, em agosto.<\/p>\n<p>Essa falta de sintonia entre Palmeiras, Jesus e CBF prejudica, e muito, o jogador. Ele teria a chance de defender a sele\u00e7\u00e3o principal, formar dupla com Gabigol (Santos) e embicar seu nome no futuro do escrete brasileiro &#8211; sem falar que teria vaga garantida na Olimp\u00edada do Rio.<\/p>\n<p>Com esse deslize, o clube deixa de ter a sua maior revela\u00e7\u00e3o das \u00faltimas d\u00e9cadas na vitrine da Sele\u00e7\u00e3o em um torneio internacional de peso, recheado de estrelas como Messi, James Rodrigues, Di Mar\u00eda, Luis Su\u00e1rez, Vidal, entre outros.<\/p>\n<p><span class=\"alignnone\"><img data-recalc-dims=\"1\" loading=\"lazy\" decoding=\"async\" data-attachment-id=\"7854\" data-permalink=\"https:\/\/blogdoprosperi.com\/?attachment_id=7854\" data-orig-file=\"https:\/\/i0.wp.com\/blogdoprosperi.com\/wp-content\/uploads\/2016\/05\/images-72.jpeg?fit=290%2C174&amp;ssl=1\" data-orig-size=\"290,174\" data-comments-opened=\"1\" data-image-meta=\"{&quot;aperture&quot;:&quot;0&quot;,&quot;credit&quot;:&quot;&quot;,&quot;camera&quot;:&quot;&quot;,&quot;caption&quot;:&quot;&quot;,&quot;created_timestamp&quot;:&quot;0&quot;,&quot;copyright&quot;:&quot;&quot;,&quot;focal_length&quot;:&quot;0&quot;,&quot;iso&quot;:&quot;0&quot;,&quot;shutter_speed&quot;:&quot;0&quot;,&quot;title&quot;:&quot;&quot;,&quot;orientation&quot;:&quot;0&quot;}\" data-image-title=\"images-7\" data-image-description=\"\" data-image-caption=\"\" data-large-file=\"https:\/\/i0.wp.com\/blogdoprosperi.com\/wp-content\/uploads\/2016\/05\/images-72.jpeg?fit=290%2C174&amp;ssl=1\" class=\"alignnone size-full wp-image-7854 alignright\" src=\"https:\/\/i0.wp.com\/blogdoprosperi.com\/wp-content\/uploads\/2016\/05\/images-72.jpeg?resize=290%2C174&#038;ssl=1\" alt=\"images-7\" width=\"290\" height=\"174\" \/><\/span>Gabriel Jesus perde essa oportunidade e vai ter de remar muito no Palmeiras para ser lembrado em futuras convoca\u00e7\u00f5es. Dunga costuma guardar rancor dos negligentes.<\/p>\n<p>Resta saber como \u00a0Jesus vai se comportar no clube daqui para frente. O garoto n\u00e3o vinha jogando bem, talvez inebriado com a chance de ser chamado por Dunga, e pode sentir ainda mais o golpe com a n\u00e3o convoca\u00e7\u00e3o.<\/p>\n<p>Contra o Gr\u00eamio, nesta quinta-feira no Pacaembu, Gabriel Jesus vai viver uma prova de fogo. Se arrebentar com o jogo, a torcida o absolver\u00e1. Se jogar mal, ser\u00e1 condenado sob o argumento de que sua cabe\u00e7a estava na Sele\u00e7\u00e3o e n\u00e3o no Palestra.<\/p>\n<p>Quem vai pagar essa conta? Palmeiras e CBF est\u00e3o com a palavra.<\/p>\n","protected":false},"excerpt":{"rendered":"<p>&nbsp; Gabriel Jesus estava convocado por Dunga na vaga de Rafinha, meia do Barcelona, para disputar a Copa [&hellip;]<\/p>\n","protected":false},"author":102107496,"featured_media":0,"comment_status":"open","ping_status":"open","sticky":false,"template":"","format":"standard","meta":{"_coblocks_attr":"","_coblocks_dimensions":"","_coblocks_responsive_height":"","_coblocks_accordion_ie_support":"","_jetpack_newsletter_access":"","_jetpack_dont_email_post_to_subs":false,"_jetpack_newsletter_tier_id":0,"_jetpack_memberships_contains_paywalled_content":false,"_wpcom_ai_launchpad_first_post":false,"_jetpack_feature_clip_id":0,"_jetpack_memberships_contains_paid_content":false,"footnotes":"","jetpack_publicize_message":"","jetpack_publicize_feature_enabled":true,"jetpack_social_post_already_shared":false,"jetpack_social_options":{"image_generator_settings":{"template":"highway","default_image_id":0,"font":"","enabled":false},"version":2},"jetpack_post_was_ever_published":false},"categories":[355071,53870],"tags":[789560569,120302849,471113831,865952,789560560,232826435,8328841,789560562],"class_list":["post-7808","post","type-post","status-publish","format-standard","hentry","category-campeonato-brasileiro","category-futebol","tag-cbf","tag-copa-america-centenario","tag-cuca-palmeiras","tag-dunga","tag-futebol","tag-gabriel-jesus","tag-palmeiras-clube","tag-selecao-brasileira"],"yoast_head":"<!-- This site is optimized with the Yoast SEO plugin v28.4 - https:\/\/yoast.com\/product\/yoast-seo-wordpress\/ -->\n<title>Palmeiras e Gabriel Jesus batem cabe\u00e7a e garoto fica fora da Sele\u00e7\u00e3o Brasileira - PR\u00d3SPERI NEWS<\/title>\n<meta name=\"robots\" content=\"index, follow, max-snippet:-1, max-image-preview:large, max-video-preview:-1\" \/>\n<link rel=\"canonical\" href=\"https:\/\/blogdoprosperi.com\/?p=7808\" \/>\n<meta property=\"og:locale\" content=\"pt_BR\" \/>\n<meta property=\"og:type\" content=\"article\" \/>\n<meta property=\"og:title\" content=\"Palmeiras e Gabriel Jesus batem cabe\u00e7a e garoto fica fora da Sele\u00e7\u00e3o Brasileira - PR\u00d3SPERI NEWS\" \/>\n<meta property=\"og:description\" content=\"&nbsp; Gabriel Jesus estava convocado por Dunga na vaga de Rafinha, meia do Barcelona, para disputar a Copa [&hellip;]\" \/>\n<meta property=\"og:url\" content=\"https:\/\/blogdoprosperi.com\/?p=7808\" \/>\n<meta property=\"og:site_name\" content=\"PR\u00d3SPERI NEWS\" \/>\n<meta property=\"article:publisher\" content=\"Luiz Pr\u00f3speri\" \/>\n<meta property=\"article:author\" content=\"Luiz Pr\u00f3speri\" \/>\n<meta property=\"article:published_time\" content=\"2016-05-31T18:44:29+00:00\" \/>\n<meta property=\"article:modified_time\" content=\"2016-05-31T21:53:06+00:00\" \/>\n<meta property=\"og:image\" content=\"https:\/\/blogdoprosperi.com\/wp-content\/uploads\/2016\/05\/622_ae5174ba-5d8a-3e57-8174-0f9646fe4844.jpg\" \/>\n<meta name=\"author\" content=\"Luiz Ant\u00f4nio Pr\u00f3speri\" \/>\n<meta name=\"twitter:card\" content=\"summary_large_image\" \/>\n<meta name=\"twitter:creator\" content=\"@Luizprosperi\" \/>\n<meta name=\"twitter:site\" content=\"@Luizprosperi\" \/>\n<meta name=\"twitter:label1\" content=\"Escrito por\" \/>\n\t<meta name=\"twitter:data1\" content=\"Luiz Ant\u00f4nio Pr\u00f3speri\" \/>\n\t<meta name=\"twitter:label2\" content=\"Est. tempo de leitura\" \/>\n\t<meta name=\"twitter:data2\" content=\"2 minutos\" \/>\n<script type=\"application\/ld+json\" class=\"yoast-schema-graph\">{\"@context\":\"https:\\\/\\\/schema.org\",\"@graph\":[{\"@type\":\"Article\",\"@id\":\"https:\\\/\\\/blogdoprosperi.com\\\/?p=7808#article\",\"isPartOf\":{\"@id\":\"https:\\\/\\\/blogdoprosperi.com\\\/?p=7808\"},\"author\":{\"name\":\"Luiz Ant\u00f4nio Pr\u00f3speri\",\"@id\":\"https:\\\/\\\/blogdoprosperi.com\\\/#\\\/schema\\\/person\\\/38100755ce3601861ee4fab9b5aa78e9\"},\"headline\":\"Palmeiras e Gabriel Jesus batem cabe\u00e7a e garoto fica fora da Sele\u00e7\u00e3o Brasileira\",\"datePublished\":\"2016-05-31T18:44:29+00:00\",\"dateModified\":\"2016-05-31T21:53:06+00:00\",\"mainEntityOfPage\":{\"@id\":\"https:\\\/\\\/blogdoprosperi.com\\\/?p=7808\"},\"wordCount\":514,\"commentCount\":0,\"publisher\":{\"@id\":\"https:\\\/\\\/blogdoprosperi.com\\\/#\\\/schema\\\/person\\\/38100755ce3601861ee4fab9b5aa78e9\"},\"image\":{\"@id\":\"https:\\\/\\\/blogdoprosperi.com\\\/?p=7808#primaryimage\"},\"thumbnailUrl\":\"https:\\\/\\\/blogdoprosperi.com\\\/wp-content\\\/uploads\\\/2016\\\/05\\\/622_ae5174ba-5d8a-3e57-8174-0f9646fe4844.jpg\",\"keywords\":[\"CBF\",\"Copa Am\u00e9rica Centen\u00e1rio\",\"Cuca Palmeiras\",\"Dunga\",\"futebol\",\"Gabriel Jesus\",\"Palmeiras Clube\",\"Sele\u00e7\u00e3o Brasileira\"],\"articleSection\":[\"Campeonato Brasileiro\",\"futebol\"],\"inLanguage\":\"pt-BR\",\"potentialAction\":[{\"@type\":\"CommentAction\",\"name\":\"Comment\",\"target\":[\"https:\\\/\\\/blogdoprosperi.com\\\/?p=7808#respond\"]}]},{\"@type\":\"WebPage\",\"@id\":\"https:\\\/\\\/blogdoprosperi.com\\\/?p=7808\",\"url\":\"https:\\\/\\\/blogdoprosperi.com\\\/?p=7808\",\"name\":\"Palmeiras e Gabriel Jesus batem cabe\u00e7a e garoto fica fora da Sele\u00e7\u00e3o Brasileira - PR\u00d3SPERI NEWS\",\"isPartOf\":{\"@id\":\"https:\\\/\\\/blogdoprosperi.com\\\/#website\"},\"primaryImageOfPage\":{\"@id\":\"https:\\\/\\\/blogdoprosperi.com\\\/?p=7808#primaryimage\"},\"image\":{\"@id\":\"https:\\\/\\\/blogdoprosperi.com\\\/?p=7808#primaryimage\"},\"thumbnailUrl\":\"https:\\\/\\\/blogdoprosperi.com\\\/wp-content\\\/uploads\\\/2016\\\/05\\\/622_ae5174ba-5d8a-3e57-8174-0f9646fe4844.jpg\",\"datePublished\":\"2016-05-31T18:44:29+00:00\",\"dateModified\":\"2016-05-31T21:53:06+00:00\",\"breadcrumb\":{\"@id\":\"https:\\\/\\\/blogdoprosperi.com\\\/?p=7808#breadcrumb\"},\"inLanguage\":\"pt-BR\",\"potentialAction\":[{\"@type\":\"ReadAction\",\"target\":[\"https:\\\/\\\/blogdoprosperi.com\\\/?p=7808\"]}]},{\"@type\":\"ImageObject\",\"inLanguage\":\"pt-BR\",\"@id\":\"https:\\\/\\\/blogdoprosperi.com\\\/?p=7808#primaryimage\",\"url\":\"https:\\\/\\\/i0.wp.com\\\/blogdoprosperi.com\\\/wp-content\\\/uploads\\\/2016\\\/05\\\/622_ae5174ba-5d8a-3e57-8174-0f9646fe4844.jpg?fit=622%2C350&ssl=1\",\"contentUrl\":\"https:\\\/\\\/i0.wp.com\\\/blogdoprosperi.com\\\/wp-content\\\/uploads\\\/2016\\\/05\\\/622_ae5174ba-5d8a-3e57-8174-0f9646fe4844.jpg?fit=622%2C350&ssl=1\",\"width\":622,\"height\":350},{\"@type\":\"BreadcrumbList\",\"@id\":\"https:\\\/\\\/blogdoprosperi.com\\\/?p=7808#breadcrumb\",\"itemListElement\":[{\"@type\":\"ListItem\",\"position\":1,\"name\":\"In\u00edcio\",\"item\":\"https:\\\/\\\/blogdoprosperi.com\\\/\"},{\"@type\":\"ListItem\",\"position\":2,\"name\":\"Palmeiras e Gabriel Jesus batem cabe\u00e7a e garoto fica fora da Sele\u00e7\u00e3o Brasileira\"}]},{\"@type\":\"WebSite\",\"@id\":\"https:\\\/\\\/blogdoprosperi.com\\\/#website\",\"url\":\"https:\\\/\\\/blogdoprosperi.com\\\/\",\"name\":\"PR\u00d3SPERI NEWS\",\"description\":\"TUDO \u00c9  FUTEBOL\",\"publisher\":{\"@id\":\"https:\\\/\\\/blogdoprosperi.com\\\/#\\\/schema\\\/person\\\/38100755ce3601861ee4fab9b5aa78e9\"},\"alternateName\":\"blogdoprosperi.com\",\"potentialAction\":[{\"@type\":\"SearchAction\",\"target\":{\"@type\":\"EntryPoint\",\"urlTemplate\":\"https:\\\/\\\/blogdoprosperi.com\\\/?s={search_term_string}\"},\"query-input\":{\"@type\":\"PropertyValueSpecification\",\"valueRequired\":true,\"valueName\":\"search_term_string\"}}],\"inLanguage\":\"pt-BR\"},{\"@type\":[\"Person\",\"Organization\"],\"@id\":\"https:\\\/\\\/blogdoprosperi.com\\\/#\\\/schema\\\/person\\\/38100755ce3601861ee4fab9b5aa78e9\",\"name\":\"Luiz Ant\u00f4nio Pr\u00f3speri\",\"pronouns\":\"ele\",\"image\":{\"@type\":\"ImageObject\",\"inLanguage\":\"pt-BR\",\"@id\":\"https:\\\/\\\/i0.wp.com\\\/blogdoprosperi.com\\\/wp-content\\\/uploads\\\/2026\\\/05\\\/cropped-8059e613-6002-42fa-961e-8e275f575d71-2-5.jpg?fit=1360%2C931&ssl=1\",\"url\":\"https:\\\/\\\/i0.wp.com\\\/blogdoprosperi.com\\\/wp-content\\\/uploads\\\/2026\\\/05\\\/cropped-8059e613-6002-42fa-961e-8e275f575d71-2-5.jpg?fit=1360%2C931&ssl=1\",\"contentUrl\":\"https:\\\/\\\/i0.wp.com\\\/blogdoprosperi.com\\\/wp-content\\\/uploads\\\/2026\\\/05\\\/cropped-8059e613-6002-42fa-961e-8e275f575d71-2-5.jpg?fit=1360%2C931&ssl=1\",\"width\":1360,\"height\":931,\"caption\":\"Luiz Ant\u00f4nio Pr\u00f3speri\"},\"logo\":{\"@id\":\"https:\\\/\\\/i0.wp.com\\\/blogdoprosperi.com\\\/wp-content\\\/uploads\\\/2026\\\/05\\\/cropped-8059e613-6002-42fa-961e-8e275f575d71-2-5.jpg?fit=1360%2C931&ssl=1\"},\"description\":\"Jornalista com carreira dedicada ao esporte. Cobriu 9 Copas do Mundo in loco, 1990 na It\u00e1lia, 1994 nos EUA, 1998 na Fran\u00e7a, 2002 na Coreia do Sul e Jap\u00e3o, 2006 na Alemanha, 2010 na \u00c1frica do Sul, 2014 no Brasil, 2018 na R\u00fassia e 2022 no Qatar. Eurocopas, 1992 na Su\u00e9cia e 1996 na Inglaterra. Copa das Confedera\u00e7\u00f5es de 2005 na Alemanha e 2009 na \u00c1frica do Sul. Rep\u00f3rter e Editor, trabalhou no Jornal da Tarde e Estad\u00e3o, de 1984 a fevereiro de 2016. Colunista, blogueiro. E comentarista de futebol na R\u00e1dio Estad\u00e3o, de 2013 a fevereiro de 2016. Jornalista respons\u00e1vel do \\\"Pr\u00f3speri News\\\" (blogdoprosperi.com).\",\"sameAs\":[\"http:\\\/\\\/blogdoprosperi.com\",\"Luiz Pr\u00f3speri\",\"@luiz_prosperi\",\"https:\\\/\\\/x.com\\\/Luizprosperi\",\"@prosperinacopa\",\"luiz.prosperi@icloud.com\"],\"url\":\"https:\\\/\\\/blogdoprosperi.com\\\/?author=102107496\"}]}<\/script>\n<!-- \/ Yoast SEO plugin. -->","yoast_head_json":{"title":"Palmeiras e Gabriel Jesus batem cabe\u00e7a e garoto fica fora da Sele\u00e7\u00e3o Brasileira - PR\u00d3SPERI NEWS","robots":{"index":"index","follow":"follow","max-snippet":"max-snippet:-1","max-image-preview":"max-image-preview:large","max-video-preview":"max-video-preview:-1"},"canonical":"https:\/\/blogdoprosperi.com\/?p=7808","og_locale":"pt_BR","og_type":"article","og_title":"Palmeiras e Gabriel Jesus batem cabe\u00e7a e garoto fica fora da Sele\u00e7\u00e3o Brasileira - PR\u00d3SPERI NEWS","og_description":"&nbsp; Gabriel Jesus estava convocado por Dunga na vaga de Rafinha, meia do Barcelona, para disputar a Copa [&hellip;]","og_url":"https:\/\/blogdoprosperi.com\/?p=7808","og_site_name":"PR\u00d3SPERI NEWS","article_publisher":"Luiz Pr\u00f3speri","article_author":"Luiz Pr\u00f3speri","article_published_time":"2016-05-31T18:44:29+00:00","article_modified_time":"2016-05-31T21:53:06+00:00","og_image":[{"url":"https:\/\/blogdoprosperi.com\/wp-content\/uploads\/2016\/05\/622_ae5174ba-5d8a-3e57-8174-0f9646fe4844.jpg","type":"","width":"","height":""}],"author":"Luiz Ant\u00f4nio Pr\u00f3speri","twitter_card":"summary_large_image","twitter_creator":"@Luizprosperi","twitter_site":"@Luizprosperi","twitter_misc":{"Escrito por":"Luiz Ant\u00f4nio Pr\u00f3speri","Est. tempo de leitura":"2 minutos"},"schema":{"@context":"https:\/\/schema.org","@graph":[{"@type":"Article","@id":"https:\/\/blogdoprosperi.com\/?p=7808#article","isPartOf":{"@id":"https:\/\/blogdoprosperi.com\/?p=7808"},"author":{"name":"Luiz Ant\u00f4nio Pr\u00f3speri","@id":"https:\/\/blogdoprosperi.com\/#\/schema\/person\/38100755ce3601861ee4fab9b5aa78e9"},"headline":"Palmeiras e Gabriel Jesus batem cabe\u00e7a e garoto fica fora da Sele\u00e7\u00e3o Brasileira","datePublished":"2016-05-31T18:44:29+00:00","dateModified":"2016-05-31T21:53:06+00:00","mainEntityOfPage":{"@id":"https:\/\/blogdoprosperi.com\/?p=7808"},"wordCount":514,"commentCount":0,"publisher":{"@id":"https:\/\/blogdoprosperi.com\/#\/schema\/person\/38100755ce3601861ee4fab9b5aa78e9"},"image":{"@id":"https:\/\/blogdoprosperi.com\/?p=7808#primaryimage"},"thumbnailUrl":"https:\/\/blogdoprosperi.com\/wp-content\/uploads\/2016\/05\/622_ae5174ba-5d8a-3e57-8174-0f9646fe4844.jpg","keywords":["CBF","Copa Am\u00e9rica Centen\u00e1rio","Cuca Palmeiras","Dunga","futebol","Gabriel Jesus","Palmeiras Clube","Sele\u00e7\u00e3o Brasileira"],"articleSection":["Campeonato Brasileiro","futebol"],"inLanguage":"pt-BR","potentialAction":[{"@type":"CommentAction","name":"Comment","target":["https:\/\/blogdoprosperi.com\/?p=7808#respond"]}]},{"@type":"WebPage","@id":"https:\/\/blogdoprosperi.com\/?p=7808","url":"https:\/\/blogdoprosperi.com\/?p=7808","name":"Palmeiras e Gabriel Jesus batem cabe\u00e7a e garoto fica fora da Sele\u00e7\u00e3o Brasileira - PR\u00d3SPERI NEWS","isPartOf":{"@id":"https:\/\/blogdoprosperi.com\/#website"},"primaryImageOfPage":{"@id":"https:\/\/blogdoprosperi.com\/?p=7808#primaryimage"},"image":{"@id":"https:\/\/blogdoprosperi.com\/?p=7808#primaryimage"},"thumbnailUrl":"https:\/\/blogdoprosperi.com\/wp-content\/uploads\/2016\/05\/622_ae5174ba-5d8a-3e57-8174-0f9646fe4844.jpg","datePublished":"2016-05-31T18:44:29+00:00","dateModified":"2016-05-31T21:53:06+00:00","breadcrumb":{"@id":"https:\/\/blogdoprosperi.com\/?p=7808#breadcrumb"},"inLanguage":"pt-BR","potentialAction":[{"@type":"ReadAction","target":["https:\/\/blogdoprosperi.com\/?p=7808"]}]},{"@type":"ImageObject","inLanguage":"pt-BR","@id":"https:\/\/blogdoprosperi.com\/?p=7808#primaryimage","url":"https:\/\/i0.wp.com\/blogdoprosperi.com\/wp-content\/uploads\/2016\/05\/622_ae5174ba-5d8a-3e57-8174-0f9646fe4844.jpg?fit=622%2C350&ssl=1","contentUrl":"https:\/\/i0.wp.com\/blogdoprosperi.com\/wp-content\/uploads\/2016\/05\/622_ae5174ba-5d8a-3e57-8174-0f9646fe4844.jpg?fit=622%2C350&ssl=1","width":622,"height":350},{"@type":"BreadcrumbList","@id":"https:\/\/blogdoprosperi.com\/?p=7808#breadcrumb","itemListElement":[{"@type":"ListItem","position":1,"name":"In\u00edcio","item":"https:\/\/blogdoprosperi.com\/"},{"@type":"ListItem","position":2,"name":"Palmeiras e Gabriel Jesus batem cabe\u00e7a e garoto fica fora da Sele\u00e7\u00e3o Brasileira"}]},{"@type":"WebSite","@id":"https:\/\/blogdoprosperi.com\/#website","url":"https:\/\/blogdoprosperi.com\/","name":"PR\u00d3SPERI NEWS","description":"TUDO \u00c9  FUTEBOL","publisher":{"@id":"https:\/\/blogdoprosperi.com\/#\/schema\/person\/38100755ce3601861ee4fab9b5aa78e9"},"alternateName":"blogdoprosperi.com","potentialAction":[{"@type":"SearchAction","target":{"@type":"EntryPoint","urlTemplate":"https:\/\/blogdoprosperi.com\/?s={search_term_string}"},"query-input":{"@type":"PropertyValueSpecification","valueRequired":true,"valueName":"search_term_string"}}],"inLanguage":"pt-BR"},{"@type":["Person","Organization"],"@id":"https:\/\/blogdoprosperi.com\/#\/schema\/person\/38100755ce3601861ee4fab9b5aa78e9","name":"Luiz Ant\u00f4nio Pr\u00f3speri","pronouns":"ele","image":{"@type":"ImageObject","inLanguage":"pt-BR","@id":"https:\/\/i0.wp.com\/blogdoprosperi.com\/wp-content\/uploads\/2026\/05\/cropped-8059e613-6002-42fa-961e-8e275f575d71-2-5.jpg?fit=1360%2C931&ssl=1","url":"https:\/\/i0.wp.com\/blogdoprosperi.com\/wp-content\/uploads\/2026\/05\/cropped-8059e613-6002-42fa-961e-8e275f575d71-2-5.jpg?fit=1360%2C931&ssl=1","contentUrl":"https:\/\/i0.wp.com\/blogdoprosperi.com\/wp-content\/uploads\/2026\/05\/cropped-8059e613-6002-42fa-961e-8e275f575d71-2-5.jpg?fit=1360%2C931&ssl=1","width":1360,"height":931,"caption":"Luiz Ant\u00f4nio Pr\u00f3speri"},"logo":{"@id":"https:\/\/i0.wp.com\/blogdoprosperi.com\/wp-content\/uploads\/2026\/05\/cropped-8059e613-6002-42fa-961e-8e275f575d71-2-5.jpg?fit=1360%2C931&ssl=1"},"description":"Jornalista com carreira dedicada ao esporte. Cobriu 9 Copas do Mundo in loco, 1990 na It\u00e1lia, 1994 nos EUA, 1998 na Fran\u00e7a, 2002 na Coreia do Sul e Jap\u00e3o, 2006 na Alemanha, 2010 na \u00c1frica do Sul, 2014 no Brasil, 2018 na R\u00fassia e 2022 no Qatar. Eurocopas, 1992 na Su\u00e9cia e 1996 na Inglaterra. Copa das Confedera\u00e7\u00f5es de 2005 na Alemanha e 2009 na \u00c1frica do Sul. Rep\u00f3rter e Editor, trabalhou no Jornal da Tarde e Estad\u00e3o, de 1984 a fevereiro de 2016. Colunista, blogueiro. E comentarista de futebol na R\u00e1dio Estad\u00e3o, de 2013 a fevereiro de 2016. Jornalista respons\u00e1vel do \"Pr\u00f3speri News\" (blogdoprosperi.com).","sameAs":["http:\/\/blogdoprosperi.com","Luiz Pr\u00f3speri","@luiz_prosperi","https:\/\/x.com\/Luizprosperi","@prosperinacopa","luiz.prosperi@icloud.com"],"url":"https:\/\/blogdoprosperi.com\/?author=102107496"}]}},"jetpack_publicize_connections":[],"jetpack_likes_enabled":false,"jetpack_sharing_enabled":true,"jetpack_shortlink":"https:\/\/wp.me\/p7jvdk-21W","jetpack-related-posts":[{"id":7955,"url":"https:\/\/blogdoprosperi.com\/?p=7955","url_meta":{"origin":7808,"position":0},"title":"Dunga, enfim, concede a Ganso uma chance na Sele\u00e7\u00e3o e S\u00e3o Paulo fica com o preju\u00edzo","author":"Luiz Ant\u00f4nio Pr\u00f3speri","date":"2 de junho de 2016","format":false,"excerpt":"O corte de Kak\u00e1 da Sele\u00e7\u00e3o Brasileira \u00e9 uma boa li\u00e7\u00e3o ao t\u00e9cnico Dunga. N\u00e3o adianta insistir em jogadores com fadiga de material. Uma hora o corpo entrega e o treinador fica na m\u00e3o. \u00c9 o caso de Kak\u00e1, melhor do mundo eleito pela Fifa em 2007. Desde que optou\u2026","rel":"","context":"Em &quot;futebol&quot;","block_context":{"text":"futebol","link":"https:\/\/blogdoprosperi.com\/?cat=53870"},"img":{"alt_text":"","src":"https:\/\/i0.wp.com\/blogdoprosperi.com\/wp-content\/uploads\/2016\/06\/20160528170027_9846_capa.jpg?resize=350%2C200&ssl=1","width":350,"height":200},"classes":[]},{"id":24188,"url":"https:\/\/blogdoprosperi.com\/?p=24188","url_meta":{"origin":7808,"position":1},"title":"Palmeiras prepara resgate de cinema para ter Gabriel Jesus no cl\u00e1ssico contra S\u00e3o Paulo. Precisa?","author":"Luiz Ant\u00f4nio Pr\u00f3speri","date":"5 de setembro de 2016","format":false,"excerpt":"Palmeiras vai mandar um jatinho do presidente Paulo Nobre buscar Gabriel Jesus na manh\u00e3 desta quarta-feira (07\/9). O resgate cinematogr\u00e1fico \u00e9 para ter o garoto prod\u00edgio no cl\u00e1ssico contra o S\u00e3o Paulo no Allianz Parque. Jesus defende a Sele\u00e7\u00e3o Brasileira contra a Col\u00f4mbia, a partir das 21h45 desta ter\u00e7a-feira (06\/9),\u2026","rel":"","context":"Em &quot;futebol&quot;","block_context":{"text":"futebol","link":"https:\/\/blogdoprosperi.com\/?cat=53870"},"img":{"alt_text":"","src":"https:\/\/i0.wp.com\/blogdoprosperi.com\/wp-content\/uploads\/2016\/09\/20160904212046_57ccba5e84d3a-1.jpg?resize=350%2C200&ssl=1","width":350,"height":200,"srcset":"https:\/\/i0.wp.com\/blogdoprosperi.com\/wp-content\/uploads\/2016\/09\/20160904212046_57ccba5e84d3a-1.jpg?resize=350%2C200&ssl=1 1x, https:\/\/i0.wp.com\/blogdoprosperi.com\/wp-content\/uploads\/2016\/09\/20160904212046_57ccba5e84d3a-1.jpg?resize=525%2C300&ssl=1 1.5x, https:\/\/i0.wp.com\/blogdoprosperi.com\/wp-content\/uploads\/2016\/09\/20160904212046_57ccba5e84d3a-1.jpg?resize=700%2C400&ssl=1 2x, https:\/\/i0.wp.com\/blogdoprosperi.com\/wp-content\/uploads\/2016\/09\/20160904212046_57ccba5e84d3a-1.jpg?resize=1050%2C600&ssl=1 3x, https:\/\/i0.wp.com\/blogdoprosperi.com\/wp-content\/uploads\/2016\/09\/20160904212046_57ccba5e84d3a-1.jpg?resize=1400%2C800&ssl=1 4x"},"classes":[]},{"id":30292,"url":"https:\/\/blogdoprosperi.com\/?p=30292","url_meta":{"origin":7808,"position":2},"title":"Cuca n\u00e3o tem tempo para recuperar Gabriel Jesus","author":"Luiz Ant\u00f4nio Pr\u00f3speri","date":"30 de outubro de 2016","format":false,"excerpt":"Cuca assumiu o compromisso p\u00fablico de recuperar o futebol de Gabriel Jesus, ap\u00f3s derrota (1 a 0) diante do Santos s\u00e1bado na Vila. Disse que esta \u00e9 uma de suas miss\u00f5es na reta final do Campeonato Brasileiro - restam cinco rodadas. N\u00e3o parece uma tarefa f\u00e1cil. Treinador do Palmeiras n\u00e3o\u2026","rel":"","context":"Em &quot;Campeonato Brasileiro&quot;","block_context":{"text":"Campeonato Brasileiro","link":"https:\/\/blogdoprosperi.com\/?cat=355071"},"img":{"alt_text":"pro3-22","src":"https:\/\/i0.wp.com\/blogdoprosperi.com\/wp-content\/uploads\/2016\/10\/pro3-22.jpg?resize=350%2C200&ssl=1","width":350,"height":200,"srcset":"https:\/\/i0.wp.com\/blogdoprosperi.com\/wp-content\/uploads\/2016\/10\/pro3-22.jpg?resize=350%2C200&ssl=1 1x, https:\/\/i0.wp.com\/blogdoprosperi.com\/wp-content\/uploads\/2016\/10\/pro3-22.jpg?resize=525%2C300&ssl=1 1.5x, https:\/\/i0.wp.com\/blogdoprosperi.com\/wp-content\/uploads\/2016\/10\/pro3-22.jpg?resize=700%2C400&ssl=1 2x, https:\/\/i0.wp.com\/blogdoprosperi.com\/wp-content\/uploads\/2016\/10\/pro3-22.jpg?resize=1050%2C600&ssl=1 3x, https:\/\/i0.wp.com\/blogdoprosperi.com\/wp-content\/uploads\/2016\/10\/pro3-22.jpg?resize=1400%2C800&ssl=1 4x"},"classes":[]},{"id":36894,"url":"https:\/\/blogdoprosperi.com\/?p=36894","url_meta":{"origin":7808,"position":3},"title":"Gabriel Jesus espera convencer &#8216;palmeirense&#8217; Neymar a um dia jogar no Palmeiras","author":"Luiz Ant\u00f4nio Pr\u00f3speri","date":"9 de outubro de 2017","format":false,"excerpt":"Brasil x Chile, jogo da despedida das Eliminat\u00f3rias da Copa 2018, passa por Gabriel Jesus. H\u00e1 ingredientes de sobra a envolver o atacante e a partida desta ter\u00e7a-feira (10\/10) no Allianz Parque. Primeiro, vai atuar na sua casa, o est\u00e1dio onde se projetou para Sele\u00e7\u00e3o Brasileira e o mundo. Segundo,\u2026","rel":"","context":"Em &quot;futebol&quot;","block_context":{"text":"futebol","link":"https:\/\/blogdoprosperi.com\/?cat=53870"},"img":{"alt_text":"","src":"https:\/\/i0.wp.com\/blogdoprosperi.com\/wp-content\/uploads\/2017\/10\/37581662711_298389d878_b.jpg?fit=1024%2C659&ssl=1&resize=350%2C200","width":350,"height":200,"srcset":"https:\/\/i0.wp.com\/blogdoprosperi.com\/wp-content\/uploads\/2017\/10\/37581662711_298389d878_b.jpg?fit=1024%2C659&ssl=1&resize=350%2C200 1x, https:\/\/i0.wp.com\/blogdoprosperi.com\/wp-content\/uploads\/2017\/10\/37581662711_298389d878_b.jpg?fit=1024%2C659&ssl=1&resize=525%2C300 1.5x, https:\/\/i0.wp.com\/blogdoprosperi.com\/wp-content\/uploads\/2017\/10\/37581662711_298389d878_b.jpg?fit=1024%2C659&ssl=1&resize=700%2C400 2x"},"classes":[]},{"id":35014,"url":"https:\/\/blogdoprosperi.com\/?p=35014","url_meta":{"origin":7808,"position":4},"title":"Gabriel Jesus sai de cena por tr\u00eas meses, Guardiola e Tite sentem o golpe","author":"Luiz Ant\u00f4nio Pr\u00f3speri","date":"14 de fevereiro de 2017","format":false,"excerpt":"Fratura do dedo mindinho do p\u00e9 direito afasta Gabriel Jesus do futebol por at\u00e9 tr\u00eas meses, atestam os m\u00e9dicos do Manchester City. O garoto de 19 anos se machucou no jogo contra o Bournemouth no Campeonato Ingl\u00eas nesta segunda-feira. Aclamado como destaque do time de Pep Guardiola, empurrando o argentino\u2026","rel":"","context":"Em &quot;futebol&quot;","block_context":{"text":"futebol","link":"https:\/\/blogdoprosperi.com\/?cat=53870"},"img":{"alt_text":"ece_02_gabriel_jesus_boot","src":"https:\/\/i0.wp.com\/blogdoprosperi.com\/wp-content\/uploads\/2017\/02\/ece_02_gabriel_jesus_boot.jpg?resize=350%2C200&ssl=1","width":350,"height":200,"srcset":"https:\/\/i0.wp.com\/blogdoprosperi.com\/wp-content\/uploads\/2017\/02\/ece_02_gabriel_jesus_boot.jpg?resize=350%2C200&ssl=1 1x, https:\/\/i0.wp.com\/blogdoprosperi.com\/wp-content\/uploads\/2017\/02\/ece_02_gabriel_jesus_boot.jpg?resize=525%2C300&ssl=1 1.5x"},"classes":[]},{"id":31254,"url":"https:\/\/blogdoprosperi.com\/?p=31254","url_meta":{"origin":7808,"position":5},"title":"Entenda como Palmeiras supera concorr\u00eancia na briga pela ta\u00e7a","author":"Luiz Ant\u00f4nio Pr\u00f3speri","date":"7 de novembro de 2016","format":false,"excerpt":"Palmeiras est\u00e1 no centro da discuss\u00e3o nesta reta final do Brasileir\u00e3o. Alvo preferido da pol\u00eamica de que vai ser campe\u00e3o, apesar de n\u00e3o jogar um futebol empolgante, bonito de se ver. Ou n\u00e3o tem sido t\u00e3o brilhante como o Corinthians, dono inconteste da ta\u00e7a em 2015. Alguns colegas jornalistas t\u00eam\u2026","rel":"","context":"Em &quot;Campeonato Brasileiro&quot;","block_context":{"text":"Campeonato Brasileiro","link":"https:\/\/blogdoprosperi.com\/?cat=355071"},"img":{"alt_text":"","src":"https:\/\/i0.wp.com\/blogdoprosperi.com\/wp-content\/uploads\/2016\/11\/26411418633_7a2551a277_o.jpg?resize=350%2C200&ssl=1","width":350,"height":200,"srcset":"https:\/\/i0.wp.com\/blogdoprosperi.com\/wp-content\/uploads\/2016\/11\/26411418633_7a2551a277_o.jpg?resize=350%2C200&ssl=1 1x, https:\/\/i0.wp.com\/blogdoprosperi.com\/wp-content\/uploads\/2016\/11\/26411418633_7a2551a277_o.jpg?resize=525%2C300&ssl=1 1.5x, https:\/\/i0.wp.com\/blogdoprosperi.com\/wp-content\/uploads\/2016\/11\/26411418633_7a2551a277_o.jpg?resize=700%2C400&ssl=1 2x"},"classes":[]}],"jetpack_featured_media_url":"","_links":{"self":[{"href":"https:\/\/blogdoprosperi.com\/index.php?rest_route=\/wp\/v2\/posts\/7808","targetHints":{"allow":["GET"]}}],"collection":[{"href":"https:\/\/blogdoprosperi.com\/index.php?rest_route=\/wp\/v2\/posts"}],"about":[{"href":"https:\/\/blogdoprosperi.com\/index.php?rest_route=\/wp\/v2\/types\/post"}],"author":[{"embeddable":true,"href":"https:\/\/blogdoprosperi.com\/index.php?rest_route=\/wp\/v2\/users\/102107496"}],"replies":[{"embeddable":true,"href":"https:\/\/blogdoprosperi.com\/index.php?rest_route=%2Fwp%2Fv2%2Fcomments&post=7808"}],"version-history":[{"count":25,"href":"https:\/\/blogdoprosperi.com\/index.php?rest_route=\/wp\/v2\/posts\/7808\/revisions"}],"predecessor-version":[{"id":7863,"href":"https:\/\/blogdoprosperi.com\/index.php?rest_route=\/wp\/v2\/posts\/7808\/revisions\/7863"}],"wp:attachment":[{"href":"https:\/\/blogdoprosperi.com\/index.php?rest_route=%2Fwp%2Fv2%2Fmedia&parent=7808"}],"wp:term":[{"taxonomy":"category","embeddable":true,"href":"https:\/\/blogdoprosperi.com\/index.php?rest_route=%2Fwp%2Fv2%2Fcategories&post=7808"},{"taxonomy":"post_tag","embeddable":true,"href":"https:\/\/blogdoprosperi.com\/index.php?rest_route=%2Fwp%2Fv2%2Ftags&post=7808"}],"curies":[{"name":"wp","href":"https:\/\/api.w.org\/{rel}","templated":true}]}}