{"id":802,"date":"2016-04-09T20:56:24","date_gmt":"2016-04-09T20:56:24","guid":{"rendered":"https:\/\/blogdoprosperi.com\/?p=802"},"modified":"2016-04-09T20:56:24","modified_gmt":"2016-04-09T20:56:24","slug":"selecao-brasileira-esta-sem-rumo","status":"publish","type":"post","link":"https:\/\/blogdoprosperi.com\/?p=802","title":{"rendered":"Sele\u00e7\u00e3o Brasileira est\u00e1 sem rumo"},"content":{"rendered":"<h1 class=\"entry-title\"><\/h1>\n<div class=\"entry-content\">\n<figure id=\"attachment_713\" class=\"wp-caption alignnone fix-link-focus\"><span class=\"alignnone\"><img data-recalc-dims=\"1\" loading=\"lazy\" decoding=\"async\" width=\"690\" height=\"436\" data-attachment-id=\"713\" data-permalink=\"https:\/\/blogdoprosperi.com\/?attachment_id=713\" data-orig-file=\"https:\/\/i0.wp.com\/blogdoprosperi.com\/wp-content\/uploads\/2016\/03\/dunga-gilmarrinaldi-mowa.jpg?fit=690%2C436&amp;ssl=1\" data-orig-size=\"690,436\" data-comments-opened=\"1\" data-image-meta=\"{&quot;aperture&quot;:&quot;0&quot;,&quot;credit&quot;:&quot;&quot;,&quot;camera&quot;:&quot;&quot;,&quot;caption&quot;:&quot;&quot;,&quot;created_timestamp&quot;:&quot;0&quot;,&quot;copyright&quot;:&quot;&quot;,&quot;focal_length&quot;:&quot;0&quot;,&quot;iso&quot;:&quot;0&quot;,&quot;shutter_speed&quot;:&quot;0&quot;,&quot;title&quot;:&quot;&quot;,&quot;orientation&quot;:&quot;0&quot;}\" data-image-title=\"dunga-gilmarrinaldi-mowa\" data-image-description=\"\" data-image-caption=\"\" data-large-file=\"https:\/\/i0.wp.com\/blogdoprosperi.com\/wp-content\/uploads\/2016\/03\/dunga-gilmarrinaldi-mowa.jpg?fit=690%2C436&amp;ssl=1\" class=\"alignnone size-full wp-image-713\" src=\"https:\/\/i0.wp.com\/blogdoprosperi.com\/wp-content\/uploads\/2016\/03\/dunga-gilmarrinaldi-mowa.jpg?resize=690%2C436&#038;ssl=1\" alt=\"dunga-gilmarrinaldi-mowa\" \/><\/span><figcaption class=\"wp-caption-text\">Gilmar Rinaldi e Dunga, felizes da vida no comando da Sele\u00e7\u00e3o \u2013 \u00a0Foto Mowa Press<\/figcaption>\u00a0<\/figure>\n<h4>Barcelona n\u00e3o cede Neymar para a Copa Am\u00e9rica Centen\u00e1rio nos Estados Unidos,\u00a0Tite diz n\u00e3o \u00e0 CBF e Dunga e Gilmar Rinaldi desprezam cria\u00e7\u00e3o de academias de futebol que revolucionaram o futebol na Alemanha.<\/h4>\n<p>Estacionada na sexta posi\u00e7\u00e3o das Eliminat\u00f3rias da Copa do Mundo de 2018, a Sele\u00e7\u00e3o Brasileira vive uma grave crise. N\u00e3o s\u00f3 pelo fraco futebol, como tamb\u00e9m no comando. Dunga, o t\u00e9cnico, e Gilmar Rinaldi, o diretor, perderam credibilidade e est\u00e3o nas m\u00e3os de Marco Polo Del Nero, presidente licenciado da CBF.<\/p>\n<p>A rigor, De Nero nem deveria mais dar as cartas na entidade. Investigado pelo FBI e Comiss\u00e3o de \u00c9tica da Fifa, o cartola corre risco de ser banido do futebol \u2013 sem falar na CPI do Futebol no Senado do Brasil, onde ele \u00a0goza de \u201csimpatia\u201d dos parlamentares. Uma vez banido, todos os seus atos como dirigente de futebol seriam anulados.<\/p>\n<p>Enquanto a senten\u00e7a final n\u00e3o vem, Del Nero continua com as r\u00e9deas da CBF e, por tabela, da Sele\u00e7\u00e3o. Astuto e ligado ao futebol h\u00e1 mais de 30 anos, ele sabe que precisa de dar um jeito de a Sele\u00e7\u00e3o voltar a agradar torcedores, patrocinadores e TV Globo, detentora dos direitos de transmiss\u00e3o dos jogos do escrete e da maioria dos campeonatos no Brasil.<\/p>\n<p>Uma sa\u00edda r\u00e1pida e f\u00e1cil seria demitir Dunga e Rinaldi e trazer Tite, do Corinthians, hoje uma unanimidade nacional. Acontece que, sondado por gente ligada a Del Nero, Tite teria dito n\u00e3o a um eventual convite. Nem o treinador nem o dirigente confirmam as sondagens Tudo o que Tite tem dito \u00e9 que \u201cacabaram os boatos\u201d e ele n\u00e3o deixar\u00e1 o Corinthians.<\/p>\n<figure id=\"attachment_774\" class=\"wp-caption alignnone fix-link-focus\"><span class=\"alignnone\"><img data-recalc-dims=\"1\" loading=\"lazy\" decoding=\"async\" width=\"620\" height=\"413\" data-attachment-id=\"774\" data-permalink=\"https:\/\/blogdoprosperi.com\/?attachment_id=774\" data-orig-file=\"https:\/\/i0.wp.com\/blogdoprosperi.com\/wp-content\/uploads\/2016\/03\/tite-fica.jpg?fit=620%2C413&amp;ssl=1\" data-orig-size=\"620,413\" data-comments-opened=\"1\" data-image-meta=\"{&quot;aperture&quot;:&quot;0&quot;,&quot;credit&quot;:&quot;&quot;,&quot;camera&quot;:&quot;&quot;,&quot;caption&quot;:&quot;&quot;,&quot;created_timestamp&quot;:&quot;0&quot;,&quot;copyright&quot;:&quot;&quot;,&quot;focal_length&quot;:&quot;0&quot;,&quot;iso&quot;:&quot;0&quot;,&quot;shutter_speed&quot;:&quot;0&quot;,&quot;title&quot;:&quot;&quot;,&quot;orientation&quot;:&quot;0&quot;}\" data-image-title=\"Tite fica\" data-image-description=\"\" data-image-caption=\"\" data-large-file=\"https:\/\/i0.wp.com\/blogdoprosperi.com\/wp-content\/uploads\/2016\/03\/tite-fica.jpg?fit=620%2C413&amp;ssl=1\" class=\"alignnone size-full wp-image-774\" src=\"https:\/\/i0.wp.com\/blogdoprosperi.com\/wp-content\/uploads\/2016\/03\/tite-fica.jpg?resize=620%2C413&#038;ssl=1\" alt=\"Tite fica\" \/><\/span><figcaption class=\"wp-caption-text\">Com Del Nero na CBF, Tite n\u00e3o aceitaria comandar a Sele\u00e7\u00e3o<\/figcaption><\/figure>\n<p>\u201cParabenizo o Tite por ter dito n\u00e3o. Ele \u00e9 uma pessoa inteligente e sabe o momento que a CBF vive. O Tite, diferentemente do Dunga, n\u00e3o passaria por essa vergonha de ser cobrado por um ex-presidente da CBF. Desde que o Dunga voltou eu fui contr\u00e1rio, \u00e9 um treinador que n\u00e3o faz bem ao futebol. A Sele\u00e7\u00e3o joga cada vez pior\u201d, disse Rom\u00e1rio \u00e0 ESPN.<\/p>\n<p>Sem Tite, Del Nero n\u00e3o tem a quem recorrer para acalmar os que bancam e ganham dinheiro com a CBF.<\/p>\n<p>Vai sustentar Dunga e Rinaldi pelo menos at\u00e9 a Copa Am\u00e9rica Centen\u00e1rio, em junho nos Estados Unidos. Se a Sele\u00e7\u00e3o jogar mal e n\u00e3o convencer, adeus Dunga e Rinaldi. E, para jogar bem e reconquistar a confian\u00e7a perdida, o comando da Sele\u00e7\u00e3o gostaria de contar com Neymar. E a\u00ed tem outra encrenca.<\/p>\n<p>O Barcelona, por meio de nota oficia \u00e0 CBF, disse que n\u00e3o libera Neymar para duas competi\u00e7\u00f5es \u2013 Copa Am\u00e9rica Centen\u00e1rio, em junho, e Olimp\u00edada, em agosto. Diz o Bar\u00e7a que o jogador n\u00e3o teria f\u00e9rias e chegaria em setembro, abertura do calend\u00e1rio europeu de futebol, no baga\u00e7o.<\/p>\n<p>Dunga e Rinaldi querem o craque nas duas competi\u00e7\u00f5es e v\u00e3o \u00a0insistir at\u00e9 o final. Patrocinadores da Copa Am\u00e9rica e Globo gostariam de ver Neymar na competi\u00e7\u00e3o \u2013 bom lembrar que o jogador tem contrato especial com Nike, e a empresa norte-americana seria agraciada com a presen\u00e7a de Neymar em a\u00e7\u00e3o no solo americano.<\/p>\n<p>Enquanto discutem o caso Neymar, que tem jogado uma bolinha bem pequenininha na Sele\u00e7\u00e3o, Dunga e Gilmar foram convidados a estudar uma proposta de reformula\u00e7\u00e3o do futebol de base (dos garotos) no Brasil seguindo um modelo que revolucionou o futebol da Alemanha.<\/p>\n<p>Trata\u2013se de um \u201cComit\u00ea de Academias\u201d, esse \u00e9 nome do projeto adotado na Alemanha, apresentado a Dunga e Rinaldi pela \u201cDouble PASS\u201d, empresa de \u00a0consultoria da B\u00e9lgica, contratada pela Liga de Futebol Alem\u00e3o (DFL, em alem\u00e3o), para avaliar o desenvolvimento do projeto das categorias de base nos clubes da Bundesliga.<\/p>\n<p>Dunga e Gilmar n\u00e3o se interessaram pelo projeto.<\/p>\n<p>Veja o documento da DFL que ilustra um pouco como funciona o projeto revolucion\u00e1rio no futebol de base da Alemanha:<\/p>\n<h1 class=\"fix-link-focus\"><span class=\"alignnone\"><img data-recalc-dims=\"1\" loading=\"lazy\" decoding=\"async\" width=\"561\" height=\"546\" data-attachment-id=\"698\" data-permalink=\"https:\/\/blogdoprosperi.com\/?attachment_id=698\" data-orig-file=\"https:\/\/i0.wp.com\/blogdoprosperi.com\/wp-content\/uploads\/2016\/03\/captura-de-tela-2016-04-08-c3a0s-19-23-11.jpg?fit=561%2C546&amp;ssl=1\" data-orig-size=\"561,546\" data-comments-opened=\"1\" data-image-meta=\"{&quot;aperture&quot;:&quot;0&quot;,&quot;credit&quot;:&quot;&quot;,&quot;camera&quot;:&quot;&quot;,&quot;caption&quot;:&quot;&quot;,&quot;created_timestamp&quot;:&quot;1460143402&quot;,&quot;copyright&quot;:&quot;&quot;,&quot;focal_length&quot;:&quot;0&quot;,&quot;iso&quot;:&quot;0&quot;,&quot;shutter_speed&quot;:&quot;0&quot;,&quot;title&quot;:&quot;&quot;,&quot;orientation&quot;:&quot;1&quot;}\" data-image-title=\"Captura de Tela 2016-04-08 \u00e0s 19.23.11\" data-image-description=\"\" data-image-caption=\"\" data-large-file=\"https:\/\/i0.wp.com\/blogdoprosperi.com\/wp-content\/uploads\/2016\/03\/captura-de-tela-2016-04-08-c3a0s-19-23-11.jpg?fit=561%2C546&amp;ssl=1\" class=\"alignnone size-full wp-image-698\" src=\"https:\/\/i0.wp.com\/blogdoprosperi.com\/wp-content\/uploads\/2016\/03\/captura-de-tela-2016-04-08-c3a0s-19-23-11.jpg?resize=561%2C546&#038;ssl=1\" alt=\"Captura de Tela 2016-04-08 \u00e0s 19.23.11\" \/><\/span><\/h1>\n<p>Esse \u201cfac-simile\u201d foi retirado do livro \u201cmundo afora, planejamento e gest\u00e3o do futebol\u201d, uma colet\u00e2nea de um precioso levantamento feito Minist\u00e9rio de Rela\u00e7\u00f5es Exteriores do Brasil, editado no fim de 2015 \u2013 portanto um ano depois do 7 a 1 para a Alemanha \u2013 com modos de gest\u00e3o de clubes e confedera\u00e7\u00f5es importantes de todo o mundo.<\/p>\n<p>Os interessados na obra, podem consultar o\u00a0<a href=\"http:\/\/www.dc.itamaraty.gov.br\/publicacoes\" rel=\"nofollow\">http:\/\/www.dc.itamaraty.gov.br\/publicacoes<\/a>. \u00c9 bem prov\u00e1vel que um volume deste livro esteja em uma das gavetas da CBF.<\/p>\n<p>Dunga e Rinaldi poderiam ter lido esse livro antes mesmo de receber agentes da Double PASS na sede da CBF. Ali est\u00e1 bem fundamentada a base da revolu\u00e7\u00e3o do futebol da Alemanha.<\/p>\n<p>J\u00e1 perdemos de 7 a 1 na Copa de 2014, n\u00e3o custa nada entender um pouco o que os alem\u00e3es fizeram at\u00e9 aplicar a goleada. Os dois comandantes da Sele\u00e7\u00e3o, parece, n\u00e3o est\u00e3o nem a\u00ed com o estudo.<\/p>\n<p>Por tudo isso \u00e9 dif\u00edcil entender o motivo dos \u00faltimos sorrisos de Dunga e Rinaldi. Onde est\u00e1 a gra\u00e7a?<\/p>\n<p>&nbsp;<\/p>\n<\/div>\n","protected":false},"excerpt":{"rendered":"<p>Gilmar Rinaldi e Dunga, felizes da vida no comando da Sele\u00e7\u00e3o \u2013 \u00a0Foto Mowa Press\u00a0 Barcelona n\u00e3o cede [&hellip;]<\/p>\n","protected":false},"author":102107496,"featured_media":0,"comment_status":"open","ping_status":"open","sticky":false,"template":"","format":"standard","meta":{"_coblocks_attr":"","_coblocks_dimensions":"","_coblocks_responsive_height":"","_coblocks_accordion_ie_support":"","_jetpack_newsletter_access":"","_jetpack_dont_email_post_to_subs":false,"_jetpack_newsletter_tier_id":0,"_jetpack_memberships_contains_paywalled_content":false,"_wpcom_ai_launchpad_first_post":false,"_jetpack_feature_clip_id":0,"_jetpack_memberships_contains_paid_content":false,"footnotes":"","jetpack_publicize_message":"","jetpack_publicize_feature_enabled":true,"jetpack_social_post_already_shared":false,"jetpack_social_options":{"image_generator_settings":{"template":"highway","default_image_id":0,"font":"","enabled":false},"version":2},"jetpack_post_was_ever_published":false},"categories":[53870],"tags":[789560560],"class_list":["post-802","post","type-post","status-publish","format-standard","hentry","category-futebol","tag-futebol"],"yoast_head":"<!-- This site is optimized with the Yoast SEO plugin v28.3 - https:\/\/yoast.com\/product\/yoast-seo-wordpress\/ -->\n<title>Sele\u00e7\u00e3o Brasileira est\u00e1 sem rumo - PR\u00d3SPERI NEWS<\/title>\n<meta name=\"robots\" content=\"index, follow, max-snippet:-1, max-image-preview:large, max-video-preview:-1\" \/>\n<link rel=\"canonical\" href=\"https:\/\/blogdoprosperi.com\/?p=802\" \/>\n<meta property=\"og:locale\" content=\"pt_BR\" \/>\n<meta property=\"og:type\" content=\"article\" \/>\n<meta property=\"og:title\" content=\"Sele\u00e7\u00e3o Brasileira est\u00e1 sem rumo - PR\u00d3SPERI NEWS\" \/>\n<meta property=\"og:description\" content=\"Gilmar Rinaldi e Dunga, felizes da vida no comando da Sele\u00e7\u00e3o \u2013 \u00a0Foto Mowa Press\u00a0 Barcelona n\u00e3o cede [&hellip;]\" \/>\n<meta property=\"og:url\" content=\"https:\/\/blogdoprosperi.com\/?p=802\" \/>\n<meta property=\"og:site_name\" content=\"PR\u00d3SPERI NEWS\" \/>\n<meta property=\"article:publisher\" content=\"Luiz Pr\u00f3speri\" \/>\n<meta property=\"article:author\" content=\"Luiz Pr\u00f3speri\" \/>\n<meta property=\"article:published_time\" content=\"2016-04-09T20:56:24+00:00\" \/>\n<meta property=\"og:image\" content=\"https:\/\/blogdoprosperi.com\/wp-content\/uploads\/2016\/03\/dunga-gilmarrinaldi-mowa.jpg?w=700\" \/>\n<meta name=\"author\" content=\"Luiz Ant\u00f4nio Pr\u00f3speri\" \/>\n<meta name=\"twitter:card\" content=\"summary_large_image\" \/>\n<meta name=\"twitter:creator\" content=\"@Luizprosperi\" \/>\n<meta name=\"twitter:site\" content=\"@Luizprosperi\" \/>\n<meta name=\"twitter:label1\" content=\"Escrito por\" \/>\n\t<meta name=\"twitter:data1\" content=\"Luiz Ant\u00f4nio Pr\u00f3speri\" \/>\n\t<meta name=\"twitter:label2\" content=\"Est. tempo de leitura\" \/>\n\t<meta name=\"twitter:data2\" content=\"4 minutos\" \/>\n<script type=\"application\/ld+json\" class=\"yoast-schema-graph\">{\"@context\":\"https:\\\/\\\/schema.org\",\"@graph\":[{\"@type\":\"Article\",\"@id\":\"https:\\\/\\\/blogdoprosperi.com\\\/?p=802#article\",\"isPartOf\":{\"@id\":\"https:\\\/\\\/blogdoprosperi.com\\\/?p=802\"},\"author\":{\"name\":\"Luiz Ant\u00f4nio Pr\u00f3speri\",\"@id\":\"https:\\\/\\\/blogdoprosperi.com\\\/#\\\/schema\\\/person\\\/38100755ce3601861ee4fab9b5aa78e9\"},\"headline\":\"Sele\u00e7\u00e3o Brasileira est\u00e1 sem rumo\",\"datePublished\":\"2016-04-09T20:56:24+00:00\",\"mainEntityOfPage\":{\"@id\":\"https:\\\/\\\/blogdoprosperi.com\\\/?p=802\"},\"wordCount\":896,\"commentCount\":2,\"publisher\":{\"@id\":\"https:\\\/\\\/blogdoprosperi.com\\\/#\\\/schema\\\/person\\\/38100755ce3601861ee4fab9b5aa78e9\"},\"image\":{\"@id\":\"https:\\\/\\\/blogdoprosperi.com\\\/?p=802#primaryimage\"},\"thumbnailUrl\":\"https:\\\/\\\/blogdoprosperi.com\\\/wp-content\\\/uploads\\\/2016\\\/03\\\/dunga-gilmarrinaldi-mowa.jpg?w=700\",\"keywords\":[\"futebol\"],\"articleSection\":[\"futebol\"],\"inLanguage\":\"pt-BR\",\"potentialAction\":[{\"@type\":\"CommentAction\",\"name\":\"Comment\",\"target\":[\"https:\\\/\\\/blogdoprosperi.com\\\/?p=802#respond\"]}]},{\"@type\":\"WebPage\",\"@id\":\"https:\\\/\\\/blogdoprosperi.com\\\/?p=802\",\"url\":\"https:\\\/\\\/blogdoprosperi.com\\\/?p=802\",\"name\":\"Sele\u00e7\u00e3o Brasileira est\u00e1 sem rumo - PR\u00d3SPERI NEWS\",\"isPartOf\":{\"@id\":\"https:\\\/\\\/blogdoprosperi.com\\\/#website\"},\"primaryImageOfPage\":{\"@id\":\"https:\\\/\\\/blogdoprosperi.com\\\/?p=802#primaryimage\"},\"image\":{\"@id\":\"https:\\\/\\\/blogdoprosperi.com\\\/?p=802#primaryimage\"},\"thumbnailUrl\":\"https:\\\/\\\/blogdoprosperi.com\\\/wp-content\\\/uploads\\\/2016\\\/03\\\/dunga-gilmarrinaldi-mowa.jpg?w=700\",\"datePublished\":\"2016-04-09T20:56:24+00:00\",\"breadcrumb\":{\"@id\":\"https:\\\/\\\/blogdoprosperi.com\\\/?p=802#breadcrumb\"},\"inLanguage\":\"pt-BR\",\"potentialAction\":[{\"@type\":\"ReadAction\",\"target\":[\"https:\\\/\\\/blogdoprosperi.com\\\/?p=802\"]}]},{\"@type\":\"ImageObject\",\"inLanguage\":\"pt-BR\",\"@id\":\"https:\\\/\\\/blogdoprosperi.com\\\/?p=802#primaryimage\",\"url\":\"https:\\\/\\\/blogdoprosperi.com\\\/wp-content\\\/uploads\\\/2016\\\/03\\\/dunga-gilmarrinaldi-mowa.jpg?w=700\",\"contentUrl\":\"https:\\\/\\\/blogdoprosperi.com\\\/wp-content\\\/uploads\\\/2016\\\/03\\\/dunga-gilmarrinaldi-mowa.jpg?w=700\"},{\"@type\":\"BreadcrumbList\",\"@id\":\"https:\\\/\\\/blogdoprosperi.com\\\/?p=802#breadcrumb\",\"itemListElement\":[{\"@type\":\"ListItem\",\"position\":1,\"name\":\"In\u00edcio\",\"item\":\"https:\\\/\\\/blogdoprosperi.com\\\/\"},{\"@type\":\"ListItem\",\"position\":2,\"name\":\"Sele\u00e7\u00e3o Brasileira est\u00e1 sem rumo\"}]},{\"@type\":\"WebSite\",\"@id\":\"https:\\\/\\\/blogdoprosperi.com\\\/#website\",\"url\":\"https:\\\/\\\/blogdoprosperi.com\\\/\",\"name\":\"PR\u00d3SPERI NEWS\",\"description\":\"TUDO \u00c9  FUTEBOL\",\"publisher\":{\"@id\":\"https:\\\/\\\/blogdoprosperi.com\\\/#\\\/schema\\\/person\\\/38100755ce3601861ee4fab9b5aa78e9\"},\"alternateName\":\"blogdoprosperi.com\",\"potentialAction\":[{\"@type\":\"SearchAction\",\"target\":{\"@type\":\"EntryPoint\",\"urlTemplate\":\"https:\\\/\\\/blogdoprosperi.com\\\/?s={search_term_string}\"},\"query-input\":{\"@type\":\"PropertyValueSpecification\",\"valueRequired\":true,\"valueName\":\"search_term_string\"}}],\"inLanguage\":\"pt-BR\"},{\"@type\":[\"Person\",\"Organization\"],\"@id\":\"https:\\\/\\\/blogdoprosperi.com\\\/#\\\/schema\\\/person\\\/38100755ce3601861ee4fab9b5aa78e9\",\"name\":\"Luiz Ant\u00f4nio Pr\u00f3speri\",\"pronouns\":\"ele\",\"image\":{\"@type\":\"ImageObject\",\"inLanguage\":\"pt-BR\",\"@id\":\"https:\\\/\\\/i0.wp.com\\\/blogdoprosperi.com\\\/wp-content\\\/uploads\\\/2026\\\/05\\\/cropped-8059e613-6002-42fa-961e-8e275f575d71-2-5.jpg?fit=1360%2C931&ssl=1\",\"url\":\"https:\\\/\\\/i0.wp.com\\\/blogdoprosperi.com\\\/wp-content\\\/uploads\\\/2026\\\/05\\\/cropped-8059e613-6002-42fa-961e-8e275f575d71-2-5.jpg?fit=1360%2C931&ssl=1\",\"contentUrl\":\"https:\\\/\\\/i0.wp.com\\\/blogdoprosperi.com\\\/wp-content\\\/uploads\\\/2026\\\/05\\\/cropped-8059e613-6002-42fa-961e-8e275f575d71-2-5.jpg?fit=1360%2C931&ssl=1\",\"width\":1360,\"height\":931,\"caption\":\"Luiz Ant\u00f4nio Pr\u00f3speri\"},\"logo\":{\"@id\":\"https:\\\/\\\/i0.wp.com\\\/blogdoprosperi.com\\\/wp-content\\\/uploads\\\/2026\\\/05\\\/cropped-8059e613-6002-42fa-961e-8e275f575d71-2-5.jpg?fit=1360%2C931&ssl=1\"},\"description\":\"Jornalista com carreira dedicada ao esporte. Cobriu 9 Copas do Mundo in loco, 1990 na It\u00e1lia, 1994 nos EUA, 1998 na Fran\u00e7a, 2002 na Coreia do Sul e Jap\u00e3o, 2006 na Alemanha, 2010 na \u00c1frica do Sul, 2014 no Brasil, 2018 na R\u00fassia e 2022 no Qatar. Eurocopas, 1992 na Su\u00e9cia e 1996 na Inglaterra. Copa das Confedera\u00e7\u00f5es de 2005 na Alemanha e 2009 na \u00c1frica do Sul. Rep\u00f3rter e Editor, trabalhou no Jornal da Tarde e Estad\u00e3o, de 1984 a fevereiro de 2016. Colunista, blogueiro. E comentarista de futebol na R\u00e1dio Estad\u00e3o, de 2013 a fevereiro de 2016. Jornalista respons\u00e1vel do \\\"Pr\u00f3speri News\\\" (blogdoprosperi.com).\",\"sameAs\":[\"http:\\\/\\\/blogdoprosperi.com\",\"Luiz Pr\u00f3speri\",\"@luiz_prosperi\",\"https:\\\/\\\/x.com\\\/Luizprosperi\",\"@prosperinacopa\",\"luiz.prosperi@icloud.com\"],\"url\":\"https:\\\/\\\/blogdoprosperi.com\\\/?author=102107496\"}]}<\/script>\n<!-- \/ Yoast SEO plugin. -->","yoast_head_json":{"title":"Sele\u00e7\u00e3o Brasileira est\u00e1 sem rumo - PR\u00d3SPERI NEWS","robots":{"index":"index","follow":"follow","max-snippet":"max-snippet:-1","max-image-preview":"max-image-preview:large","max-video-preview":"max-video-preview:-1"},"canonical":"https:\/\/blogdoprosperi.com\/?p=802","og_locale":"pt_BR","og_type":"article","og_title":"Sele\u00e7\u00e3o Brasileira est\u00e1 sem rumo - PR\u00d3SPERI NEWS","og_description":"Gilmar Rinaldi e Dunga, felizes da vida no comando da Sele\u00e7\u00e3o \u2013 \u00a0Foto Mowa Press\u00a0 Barcelona n\u00e3o cede [&hellip;]","og_url":"https:\/\/blogdoprosperi.com\/?p=802","og_site_name":"PR\u00d3SPERI NEWS","article_publisher":"Luiz Pr\u00f3speri","article_author":"Luiz Pr\u00f3speri","article_published_time":"2016-04-09T20:56:24+00:00","og_image":[{"url":"https:\/\/blogdoprosperi.com\/wp-content\/uploads\/2016\/03\/dunga-gilmarrinaldi-mowa.jpg?w=700","type":"","width":"","height":""}],"author":"Luiz Ant\u00f4nio Pr\u00f3speri","twitter_card":"summary_large_image","twitter_creator":"@Luizprosperi","twitter_site":"@Luizprosperi","twitter_misc":{"Escrito por":"Luiz Ant\u00f4nio Pr\u00f3speri","Est. tempo de leitura":"4 minutos"},"schema":{"@context":"https:\/\/schema.org","@graph":[{"@type":"Article","@id":"https:\/\/blogdoprosperi.com\/?p=802#article","isPartOf":{"@id":"https:\/\/blogdoprosperi.com\/?p=802"},"author":{"name":"Luiz Ant\u00f4nio Pr\u00f3speri","@id":"https:\/\/blogdoprosperi.com\/#\/schema\/person\/38100755ce3601861ee4fab9b5aa78e9"},"headline":"Sele\u00e7\u00e3o Brasileira est\u00e1 sem rumo","datePublished":"2016-04-09T20:56:24+00:00","mainEntityOfPage":{"@id":"https:\/\/blogdoprosperi.com\/?p=802"},"wordCount":896,"commentCount":2,"publisher":{"@id":"https:\/\/blogdoprosperi.com\/#\/schema\/person\/38100755ce3601861ee4fab9b5aa78e9"},"image":{"@id":"https:\/\/blogdoprosperi.com\/?p=802#primaryimage"},"thumbnailUrl":"https:\/\/blogdoprosperi.com\/wp-content\/uploads\/2016\/03\/dunga-gilmarrinaldi-mowa.jpg?w=700","keywords":["futebol"],"articleSection":["futebol"],"inLanguage":"pt-BR","potentialAction":[{"@type":"CommentAction","name":"Comment","target":["https:\/\/blogdoprosperi.com\/?p=802#respond"]}]},{"@type":"WebPage","@id":"https:\/\/blogdoprosperi.com\/?p=802","url":"https:\/\/blogdoprosperi.com\/?p=802","name":"Sele\u00e7\u00e3o Brasileira est\u00e1 sem rumo - PR\u00d3SPERI NEWS","isPartOf":{"@id":"https:\/\/blogdoprosperi.com\/#website"},"primaryImageOfPage":{"@id":"https:\/\/blogdoprosperi.com\/?p=802#primaryimage"},"image":{"@id":"https:\/\/blogdoprosperi.com\/?p=802#primaryimage"},"thumbnailUrl":"https:\/\/blogdoprosperi.com\/wp-content\/uploads\/2016\/03\/dunga-gilmarrinaldi-mowa.jpg?w=700","datePublished":"2016-04-09T20:56:24+00:00","breadcrumb":{"@id":"https:\/\/blogdoprosperi.com\/?p=802#breadcrumb"},"inLanguage":"pt-BR","potentialAction":[{"@type":"ReadAction","target":["https:\/\/blogdoprosperi.com\/?p=802"]}]},{"@type":"ImageObject","inLanguage":"pt-BR","@id":"https:\/\/blogdoprosperi.com\/?p=802#primaryimage","url":"https:\/\/blogdoprosperi.com\/wp-content\/uploads\/2016\/03\/dunga-gilmarrinaldi-mowa.jpg?w=700","contentUrl":"https:\/\/blogdoprosperi.com\/wp-content\/uploads\/2016\/03\/dunga-gilmarrinaldi-mowa.jpg?w=700"},{"@type":"BreadcrumbList","@id":"https:\/\/blogdoprosperi.com\/?p=802#breadcrumb","itemListElement":[{"@type":"ListItem","position":1,"name":"In\u00edcio","item":"https:\/\/blogdoprosperi.com\/"},{"@type":"ListItem","position":2,"name":"Sele\u00e7\u00e3o Brasileira est\u00e1 sem rumo"}]},{"@type":"WebSite","@id":"https:\/\/blogdoprosperi.com\/#website","url":"https:\/\/blogdoprosperi.com\/","name":"PR\u00d3SPERI NEWS","description":"TUDO \u00c9  FUTEBOL","publisher":{"@id":"https:\/\/blogdoprosperi.com\/#\/schema\/person\/38100755ce3601861ee4fab9b5aa78e9"},"alternateName":"blogdoprosperi.com","potentialAction":[{"@type":"SearchAction","target":{"@type":"EntryPoint","urlTemplate":"https:\/\/blogdoprosperi.com\/?s={search_term_string}"},"query-input":{"@type":"PropertyValueSpecification","valueRequired":true,"valueName":"search_term_string"}}],"inLanguage":"pt-BR"},{"@type":["Person","Organization"],"@id":"https:\/\/blogdoprosperi.com\/#\/schema\/person\/38100755ce3601861ee4fab9b5aa78e9","name":"Luiz Ant\u00f4nio Pr\u00f3speri","pronouns":"ele","image":{"@type":"ImageObject","inLanguage":"pt-BR","@id":"https:\/\/i0.wp.com\/blogdoprosperi.com\/wp-content\/uploads\/2026\/05\/cropped-8059e613-6002-42fa-961e-8e275f575d71-2-5.jpg?fit=1360%2C931&ssl=1","url":"https:\/\/i0.wp.com\/blogdoprosperi.com\/wp-content\/uploads\/2026\/05\/cropped-8059e613-6002-42fa-961e-8e275f575d71-2-5.jpg?fit=1360%2C931&ssl=1","contentUrl":"https:\/\/i0.wp.com\/blogdoprosperi.com\/wp-content\/uploads\/2026\/05\/cropped-8059e613-6002-42fa-961e-8e275f575d71-2-5.jpg?fit=1360%2C931&ssl=1","width":1360,"height":931,"caption":"Luiz Ant\u00f4nio Pr\u00f3speri"},"logo":{"@id":"https:\/\/i0.wp.com\/blogdoprosperi.com\/wp-content\/uploads\/2026\/05\/cropped-8059e613-6002-42fa-961e-8e275f575d71-2-5.jpg?fit=1360%2C931&ssl=1"},"description":"Jornalista com carreira dedicada ao esporte. Cobriu 9 Copas do Mundo in loco, 1990 na It\u00e1lia, 1994 nos EUA, 1998 na Fran\u00e7a, 2002 na Coreia do Sul e Jap\u00e3o, 2006 na Alemanha, 2010 na \u00c1frica do Sul, 2014 no Brasil, 2018 na R\u00fassia e 2022 no Qatar. Eurocopas, 1992 na Su\u00e9cia e 1996 na Inglaterra. Copa das Confedera\u00e7\u00f5es de 2005 na Alemanha e 2009 na \u00c1frica do Sul. Rep\u00f3rter e Editor, trabalhou no Jornal da Tarde e Estad\u00e3o, de 1984 a fevereiro de 2016. Colunista, blogueiro. E comentarista de futebol na R\u00e1dio Estad\u00e3o, de 2013 a fevereiro de 2016. Jornalista respons\u00e1vel do \"Pr\u00f3speri News\" (blogdoprosperi.com).","sameAs":["http:\/\/blogdoprosperi.com","Luiz Pr\u00f3speri","@luiz_prosperi","https:\/\/x.com\/Luizprosperi","@prosperinacopa","luiz.prosperi@icloud.com"],"url":"https:\/\/blogdoprosperi.com\/?author=102107496"}]}},"jetpack_publicize_connections":[],"jetpack_likes_enabled":false,"jetpack_sharing_enabled":true,"jetpack_shortlink":"https:\/\/wp.me\/p7jvdk-cW","jetpack-related-posts":[{"id":167,"url":"https:\/\/blogdoprosperi.com\/?p=167","url_meta":{"origin":802,"position":0},"title":"Corinthians joga pesado com medo de perder Tite","author":"Luiz Ant\u00f4nio Pr\u00f3speri","date":"1 de abril de 2016","format":false,"excerpt":"\u00a0 \"O Corinthians tem presidente, a CBF, n\u00e3o. O Corinthians tem t\u00e9cnico, a CBF, n\u00e3o.\" Com essas declara\u00e7\u00f5es, Roberto Andrade, presidente do Corinthians, deu um n\u00e3o \u00e0 eventual troca de Dunga por Tite no comando da Sele\u00e7\u00e3o Brasileira. A estrat\u00e9gia de Andrade \u00e9 minar a CBF e tirar a credibilidade\u2026","rel":"","context":"Em &quot;futebol&quot;","block_context":{"text":"futebol","link":"https:\/\/blogdoprosperi.com\/?cat=53870"},"img":{"alt_text":"","src":"https:\/\/i0.wp.com\/blogdoprosperi.com\/wp-content\/uploads\/2016\/04\/59c9d470-e4f4-11e4-86ce-318bab141496_inn201504160161.jpg?resize=350%2C200&ssl=1","width":350,"height":200,"srcset":"https:\/\/i0.wp.com\/blogdoprosperi.com\/wp-content\/uploads\/2016\/04\/59c9d470-e4f4-11e4-86ce-318bab141496_inn201504160161.jpg?resize=350%2C200&ssl=1 1x, https:\/\/i0.wp.com\/blogdoprosperi.com\/wp-content\/uploads\/2016\/04\/59c9d470-e4f4-11e4-86ce-318bab141496_inn201504160161.jpg?resize=525%2C300&ssl=1 1.5x"},"classes":[]},{"id":10802,"url":"https:\/\/blogdoprosperi.com\/?p=10802","url_meta":{"origin":802,"position":1},"title":"Tite n\u00e3o contesta Del Nero e exige autonomia total para ocupar lugar de Dunga na Sele\u00e7\u00e3o","author":"Luiz Ant\u00f4nio Pr\u00f3speri","date":"15 de junho de 2016","format":false,"excerpt":"Quem se re\u00fane por tr\u00eas horas com um dirigente de futebol n\u00e3o est\u00e1 preocupado com a idoneidade do interlocutor. Tite esteve com Marco Polo Del Nero, presidente da CBF, nesta noite de ter\u00e7a-feira \u00a0(14\/6) na sede da entidade, tratando das condi\u00e7\u00f5es para assumir a Sele\u00e7\u00e3o Brasileira. O ainda t\u00e9cnico do\u2026","rel":"","context":"Em &quot;futebol&quot;","block_context":{"text":"futebol","link":"https:\/\/blogdoprosperi.com\/?cat=53870"},"img":{"alt_text":"","src":"https:\/\/i0.wp.com\/blogdoprosperi.com\/wp-content\/uploads\/2016\/06\/a3055f102483.jpg?resize=350%2C200","width":350,"height":200},"classes":[]},{"id":10640,"url":"https:\/\/blogdoprosperi.com\/?p=10640","url_meta":{"origin":802,"position":2},"title":"O que muda na Sele\u00e7\u00e3o Brasileira com a troca de Dunga por Tite","author":"Luiz Ant\u00f4nio Pr\u00f3speri","date":"14 de junho de 2016","format":false,"excerpt":"Marco Polo Del Nero repete com a demiss\u00e3o de Dunga e seus assessores, confirmada na tarde desta ter\u00e7a-feira (14\/6), a mesma pr\u00e1tica de seus antecessores. Diante de fracassos contundentes e desastres da Sele\u00e7\u00e3o Brasileira, manda o treinador embora e o substitui por aquele que \u00e9, no momento, unanimidade nacional. Nada\u2026","rel":"","context":"Em &quot;futebol&quot;","block_context":{"text":"futebol","link":"https:\/\/blogdoprosperi.com\/?cat=53870"},"img":{"alt_text":"","src":"https:\/\/i0.wp.com\/blogdoprosperi.com\/wp-content\/uploads\/2016\/06\/neymar.jpg?resize=350%2C200&ssl=1","width":350,"height":200,"srcset":"https:\/\/i0.wp.com\/blogdoprosperi.com\/wp-content\/uploads\/2016\/06\/neymar.jpg?resize=350%2C200&ssl=1 1x, https:\/\/i0.wp.com\/blogdoprosperi.com\/wp-content\/uploads\/2016\/06\/neymar.jpg?resize=525%2C300&ssl=1 1.5x"},"classes":[]},{"id":10337,"url":"https:\/\/blogdoprosperi.com\/?p=10337","url_meta":{"origin":802,"position":3},"title":"Aut\u00f3psia da crise na Sele\u00e7\u00e3o e a segunda queda de Dunga","author":"Luiz Ant\u00f4nio Pr\u00f3speri","date":"13 de junho de 2016","format":false,"excerpt":"Dunga vai ser demitido do comando da Sele\u00e7\u00e3o Brasileira nesta ter\u00e7a-feira na sede da CBF. A decis\u00e3o est\u00e1 na mesa do presidente Marco Polo Del Nero e alcan\u00e7a tamb\u00e9m a sa\u00edda do coordenador Gilmar Rinaldi. Pesou contra a perman\u00eancia do treinador a sequ\u00eancia de resultados ruins, desde julho de 2014\u2026","rel":"","context":"Em &quot;futebol&quot;","block_context":{"text":"futebol","link":"https:\/\/blogdoprosperi.com\/?cat=53870"},"img":{"alt_text":"","src":"https:\/\/i0.wp.com\/blogdoprosperi.com\/wp-content\/uploads\/2016\/06\/parreirafelipe.jpg?resize=350%2C200&ssl=1","width":350,"height":200,"srcset":"https:\/\/i0.wp.com\/blogdoprosperi.com\/wp-content\/uploads\/2016\/06\/parreirafelipe.jpg?resize=350%2C200&ssl=1 1x, https:\/\/i0.wp.com\/blogdoprosperi.com\/wp-content\/uploads\/2016\/06\/parreirafelipe.jpg?resize=525%2C300&ssl=1 1.5x, https:\/\/i0.wp.com\/blogdoprosperi.com\/wp-content\/uploads\/2016\/06\/parreirafelipe.jpg?resize=700%2C400&ssl=1 2x, https:\/\/i0.wp.com\/blogdoprosperi.com\/wp-content\/uploads\/2016\/06\/parreirafelipe.jpg?resize=1050%2C600&ssl=1 3x, https:\/\/i0.wp.com\/blogdoprosperi.com\/wp-content\/uploads\/2016\/06\/parreirafelipe.jpg?resize=1400%2C800&ssl=1 4x"},"classes":[]},{"id":620,"url":"https:\/\/blogdoprosperi.com\/?p=620","url_meta":{"origin":802,"position":4},"title":"A solid\u00e3o de Rom\u00e1rio","author":"Luiz Ant\u00f4nio Pr\u00f3speri","date":"7 de abril de 2016","format":false,"excerpt":"Eleito senador pelo PSB do Rio de Janeiro com 4,6 milh\u00f5es de votos, em 2014, Rom\u00e1rio imaginou que teria na pol\u00edtica parceiros leais como tinha nos seus tempos de artilheiro implac\u00e1vel. Assumiu seu posto no Senado e, entre outras frentes de lutas, resolveu comprar briga com os dirigentes de futebol.\u2026","rel":"","context":"Em &quot;futebol&quot;","block_context":{"text":"futebol","link":"https:\/\/blogdoprosperi.com\/?cat=53870"},"img":{"alt_text":"","src":"https:\/\/i0.wp.com\/blogdoprosperi.com\/wp-content\/uploads\/2016\/04\/img_3073.jpg?resize=350%2C200&ssl=1","width":350,"height":200,"srcset":"https:\/\/i0.wp.com\/blogdoprosperi.com\/wp-content\/uploads\/2016\/04\/img_3073.jpg?resize=350%2C200&ssl=1 1x, https:\/\/i0.wp.com\/blogdoprosperi.com\/wp-content\/uploads\/2016\/04\/img_3073.jpg?resize=525%2C300&ssl=1 1.5x"},"classes":[]},{"id":112,"url":"https:\/\/blogdoprosperi.com\/?p=112","url_meta":{"origin":802,"position":5},"title":"Brasil sofre com Dunga","author":"Luiz Ant\u00f4nio Pr\u00f3speri","date":"30 de mar\u00e7o de 2016","format":false,"excerpt":"Sele\u00e7\u00e3o joga mal e comemora empate diante do Paraguai","rel":"","context":"Em &quot;futebol&quot;","block_context":{"text":"futebol","link":"https:\/\/blogdoprosperi.com\/?cat=53870"},"img":{"alt_text":"","src":"https:\/\/i0.wp.com\/blogdoprosperi.com\/wp-content\/uploads\/2016\/03\/gettyimages-497049136.jpg?resize=350%2C200&ssl=1","width":350,"height":200,"srcset":"https:\/\/i0.wp.com\/blogdoprosperi.com\/wp-content\/uploads\/2016\/03\/gettyimages-497049136.jpg?resize=350%2C200&ssl=1 1x, https:\/\/i0.wp.com\/blogdoprosperi.com\/wp-content\/uploads\/2016\/03\/gettyimages-497049136.jpg?resize=525%2C300&ssl=1 1.5x"},"classes":[]}],"jetpack_featured_media_url":"","_links":{"self":[{"href":"https:\/\/blogdoprosperi.com\/index.php?rest_route=\/wp\/v2\/posts\/802","targetHints":{"allow":["GET"]}}],"collection":[{"href":"https:\/\/blogdoprosperi.com\/index.php?rest_route=\/wp\/v2\/posts"}],"about":[{"href":"https:\/\/blogdoprosperi.com\/index.php?rest_route=\/wp\/v2\/types\/post"}],"author":[{"embeddable":true,"href":"https:\/\/blogdoprosperi.com\/index.php?rest_route=\/wp\/v2\/users\/102107496"}],"replies":[{"embeddable":true,"href":"https:\/\/blogdoprosperi.com\/index.php?rest_route=%2Fwp%2Fv2%2Fcomments&post=802"}],"version-history":[{"count":4,"href":"https:\/\/blogdoprosperi.com\/index.php?rest_route=\/wp\/v2\/posts\/802\/revisions"}],"predecessor-version":[{"id":806,"href":"https:\/\/blogdoprosperi.com\/index.php?rest_route=\/wp\/v2\/posts\/802\/revisions\/806"}],"wp:attachment":[{"href":"https:\/\/blogdoprosperi.com\/index.php?rest_route=%2Fwp%2Fv2%2Fmedia&parent=802"}],"wp:term":[{"taxonomy":"category","embeddable":true,"href":"https:\/\/blogdoprosperi.com\/index.php?rest_route=%2Fwp%2Fv2%2Fcategories&post=802"},{"taxonomy":"post_tag","embeddable":true,"href":"https:\/\/blogdoprosperi.com\/index.php?rest_route=%2Fwp%2Fv2%2Ftags&post=802"}],"curies":[{"name":"wp","href":"https:\/\/api.w.org\/{rel}","templated":true}]}}