{"id":8650,"date":"2016-06-05T02:06:46","date_gmt":"2016-06-05T02:06:46","guid":{"rendered":"http:\/\/blogdoprosperi.com\/?p=8650"},"modified":"2016-06-05T02:06:46","modified_gmt":"2016-06-05T02:06:46","slug":"vilao-andre-e-uendel-levam-o-corinthians-ao-ceu","status":"publish","type":"post","link":"https:\/\/blogdoprosperi.com\/?p=8650","title":{"rendered":"Vil\u00e3o Andr\u00e9 e Uendel levam o Corinthians ao c\u00e9u"},"content":{"rendered":"<p>&nbsp;<\/p>\n<p><span class=\"alignnone\"><img data-recalc-dims=\"1\" loading=\"lazy\" decoding=\"async\" data-attachment-id=\"8701\" data-permalink=\"https:\/\/blogdoprosperi.com\/?attachment_id=8701\" data-orig-file=\"https:\/\/i0.wp.com\/blogdoprosperi.com\/wp-content\/uploads\/2016\/06\/rib_0273_ddzxvsp.jpg?fit=640%2C360&amp;ssl=1\" data-orig-size=\"640,360\" data-comments-opened=\"1\" data-image-meta=\"{&quot;aperture&quot;:&quot;0&quot;,&quot;credit&quot;:&quot;&quot;,&quot;camera&quot;:&quot;&quot;,&quot;caption&quot;:&quot;&quot;,&quot;created_timestamp&quot;:&quot;0&quot;,&quot;copyright&quot;:&quot;&quot;,&quot;focal_length&quot;:&quot;0&quot;,&quot;iso&quot;:&quot;0&quot;,&quot;shutter_speed&quot;:&quot;0&quot;,&quot;title&quot;:&quot;&quot;,&quot;orientation&quot;:&quot;0&quot;}\" data-image-title=\"rib_0273_DdZxvsP\" data-image-description=\"\" data-image-caption=\"\" data-large-file=\"https:\/\/i0.wp.com\/blogdoprosperi.com\/wp-content\/uploads\/2016\/06\/rib_0273_ddzxvsp.jpg?fit=640%2C360&amp;ssl=1\" class=\"alignnone size-full wp-image-8701\" src=\"https:\/\/i0.wp.com\/blogdoprosperi.com\/wp-content\/uploads\/2016\/06\/rib_0273_ddzxvsp.jpg?resize=640%2C360&#038;ssl=1\" alt=\"rib_0273_DdZxvsP\" width=\"640\" height=\"360\" \/><\/span><\/p>\n<p>Tite n\u00e3o vai se esquecer desse jogo com o Coritiba t\u00e3o cedo, tamanha dificuldade para derrotar por 2 a 1 um advers\u00e1rio que briga para n\u00e3o ser rebaixado. Na sua cabe\u00e7a, a virada, das mais dram\u00e1ticas do seu rico curr\u00edculo, pode representar uma mudan\u00e7a de patamar do time no <a href=\"http:\/\/blogdoprosperi.com\/2016\/06\/02\/corinthians-engata-terceira-vitoria-seguida-diante-de-um-santos-covarde\/\">Campeonato Brasileiro<\/a>.<\/p>\n<p>Teve de tudo. <a href=\"http:\/\/blogdoprosperi.com\/2016\/05\/26\/corinthians-se-reconcilia-com-a-vitoria-no-brasileirao-e-tite-se-irrita-com-vaias-a-andre\/\">Andr\u00e9<\/a>, um her\u00f3i dos mais improv\u00e1veis, tirou a carapu\u00e7a de vil\u00e3o e deu enorme contribui\u00e7\u00e3o \u00e0 vit\u00f3ria com o gol de empate. Como nos velhos tempos, o gol redentor de Uendel, outro gigante, tamb\u00e9m saiu apenas no \u00faltimo minuto quando o cora\u00e7\u00e3o da torcida estava pulsando na boca.<\/p>\n<p>Uma noite \u00e9pica, regada a uma cascata intermitente de chuva forte, que serviu tamb\u00e9m para escancarar ainda algumas defici\u00eancias do time de <a href=\"http:\/\/blogdoprosperi.com\/2016\/06\/02\/corinthians-engata-terceira-vitoria-seguida-diante-de-um-santos-covarde\/\">Tite<\/a>, al\u00e9m dos atributos da vit\u00f3ria.<\/p>\n<p><strong>O JOGO<\/strong><\/p>\n<p>De nada adiantou o Corinthians ter a posse de bola no primeiro tempo. N\u00e3o criou mais que uma chance clara de gol e ainda pagou esse pecado com o gol de Negueba, aos 45, em um bom contra-ataque do Coritiba.<\/p>\n<p>Quando se tenta encantoar o advers\u00e1rio \u00e9 preciso ter seguran\u00e7a de que n\u00e3o vai levar uma bola nas costas. O time de Tite se viu obrigado a amassar a equipe paranaense, trocar passes r\u00e1pidos e deixar a Guilherme a responsabilidade \u00fanica na cria\u00e7\u00e3o, com a chegada dos laterais Fagner e Uendel.<\/p>\n<p>Fez tudo isso, e em v\u00e3o. De t\u00e9cnico interino, o Pachequinho, com a queda de Gilson Kleina, o Coritiba n\u00e3o baixou a guarda. Suportou a press\u00e3o corintiana, n\u00e3o deu trela \u00e0 for\u00e7a das arquibancadas do inimigo e fechou o primeiro tempo com a vit\u00f3ria parcial.<\/p>\n<p>Na volta do intervalo, Tite trocou Marlone por Giovanni Augusto, recompondo o meio-campo titular. Ganhou em criatividade. E foi massacrar o time paranaense.<\/p>\n<div class=\"jetpack-video-wrapper\"><span class=\"embed-youtube\" style=\"text-align:center; display: block;\"><iframe loading=\"lazy\" class=\"youtube-player\" width=\"560\" height=\"315\" src=\"https:\/\/www.youtube.com\/embed\/QfEPMK3D5iI?version=3&#038;rel=1&#038;showsearch=0&#038;showinfo=1&#038;iv_load_policy=1&#038;fs=1&#038;hl=pt-BR&#038;autohide=2&#038;wmode=transparent\" allowfullscreen=\"true\" style=\"border:0;\" sandbox=\"allow-scripts allow-same-origin allow-popups allow-presentation allow-popups-to-escape-sandbox\"><\/iframe><\/span><\/div>\n<p>Por 20 minutos, sob chuva intensa, o Corinthians se instalou no campo do advers\u00e1rio. O Coritiba se apequenou e cada vez mais se concentrou nas imedia\u00e7\u00f5es da sua grande \u00e1rea. Estrat\u00e9gia errada e um atrativo ao inimigo insistir no bombardeio.<\/p>\n<p>Como o gol de empate n\u00e3o sa\u00eda, Tite trocou o volante Cristian por Danilo e um pouco mais tarde sacou o zagueiro Pedro Henrique e mandou o contestado Andr\u00e9 aos le\u00f5es. As mudan\u00e7as deram certo.<\/p>\n<p>Andr\u00e9, em gol de gente atenta querendo se conciliar com a torcida, se esticou em cruzamento rasteiro e empatou o jogo. No \u00faltimo minuto dos acr\u00e9scimos Uendel, que havia roubado uma bola de Kleber no meio, fez o gol da virada.<\/p>\n<p>Tite abra\u00e7ou seu auxiliar como se tivesse esmagando uma pedra com o peito tamanha vibra\u00e7\u00e3o com a, at\u00e9 aqui, vit\u00f3ria mas dram\u00e1tica do Corinthians em seis rodadas do Brasileir\u00e3o.<\/p>\n","protected":false},"excerpt":{"rendered":"<p>&nbsp; Tite n\u00e3o vai se esquecer desse jogo com o Coritiba t\u00e3o cedo, tamanha dificuldade para derrotar por [&hellip;]<\/p>\n","protected":false},"author":102107496,"featured_media":0,"comment_status":"open","ping_status":"open","sticky":false,"template":"","format":"standard","meta":{"_coblocks_attr":"","_coblocks_dimensions":"","_coblocks_responsive_height":"","_coblocks_accordion_ie_support":"","_jetpack_newsletter_access":"","_jetpack_dont_email_post_to_subs":false,"_jetpack_newsletter_tier_id":0,"_jetpack_memberships_contains_paywalled_content":false,"_wpcom_ai_launchpad_first_post":false,"_jetpack_feature_clip_id":0,"_jetpack_memberships_contains_paid_content":false,"footnotes":"","jetpack_publicize_message":"","jetpack_publicize_feature_enabled":true,"jetpack_social_post_already_shared":false,"jetpack_social_options":{"image_generator_settings":{"template":"highway","default_image_id":0,"font":"","enabled":false},"version":2},"jetpack_post_was_ever_published":false},"categories":[355071,53870],"tags":[362595295,789560566,177066,789560560,41381665,49941077,1814220],"class_list":["post-8650","post","type-post","status-publish","format-standard","hentry","category-campeonato-brasileiro","category-futebol","tag-brasileirao-2016","tag-campeonato-brasileiro","tag-corinthians","tag-futebol","tag-itaquerao","tag-negueba","tag-tite"],"yoast_head":"<!-- This site is optimized with the Yoast SEO plugin v28.3 - https:\/\/yoast.com\/product\/yoast-seo-wordpress\/ -->\n<title>Vil\u00e3o Andr\u00e9 e Uendel levam o Corinthians ao c\u00e9u - PR\u00d3SPERI NEWS<\/title>\n<meta name=\"robots\" content=\"index, follow, max-snippet:-1, max-image-preview:large, max-video-preview:-1\" \/>\n<link rel=\"canonical\" href=\"https:\/\/blogdoprosperi.com\/?p=8650\" \/>\n<meta property=\"og:locale\" content=\"pt_BR\" \/>\n<meta property=\"og:type\" content=\"article\" \/>\n<meta property=\"og:title\" content=\"Vil\u00e3o Andr\u00e9 e Uendel levam o Corinthians ao c\u00e9u - PR\u00d3SPERI NEWS\" \/>\n<meta property=\"og:description\" content=\"&nbsp; Tite n\u00e3o vai se esquecer desse jogo com o Coritiba t\u00e3o cedo, tamanha dificuldade para derrotar por [&hellip;]\" \/>\n<meta property=\"og:url\" content=\"https:\/\/blogdoprosperi.com\/?p=8650\" \/>\n<meta property=\"og:site_name\" content=\"PR\u00d3SPERI NEWS\" \/>\n<meta property=\"article:publisher\" content=\"Luiz Pr\u00f3speri\" \/>\n<meta property=\"article:author\" content=\"Luiz Pr\u00f3speri\" \/>\n<meta property=\"article:published_time\" content=\"2016-06-05T02:06:46+00:00\" \/>\n<meta property=\"og:image\" content=\"https:\/\/blogdoprosperi.com\/wp-content\/uploads\/2016\/06\/rib_0273_ddzxvsp.jpg\" \/>\n<meta name=\"author\" content=\"Luiz Ant\u00f4nio Pr\u00f3speri\" \/>\n<meta name=\"twitter:card\" content=\"summary_large_image\" \/>\n<meta name=\"twitter:creator\" content=\"@Luizprosperi\" \/>\n<meta name=\"twitter:site\" content=\"@Luizprosperi\" \/>\n<meta name=\"twitter:label1\" content=\"Escrito por\" \/>\n\t<meta name=\"twitter:data1\" content=\"Luiz Ant\u00f4nio Pr\u00f3speri\" \/>\n\t<meta name=\"twitter:label2\" content=\"Est. tempo de leitura\" \/>\n\t<meta name=\"twitter:data2\" content=\"2 minutos\" \/>\n<script type=\"application\/ld+json\" class=\"yoast-schema-graph\">{\"@context\":\"https:\\\/\\\/schema.org\",\"@graph\":[{\"@type\":\"Article\",\"@id\":\"https:\\\/\\\/blogdoprosperi.com\\\/?p=8650#article\",\"isPartOf\":{\"@id\":\"https:\\\/\\\/blogdoprosperi.com\\\/?p=8650\"},\"author\":{\"name\":\"Luiz Ant\u00f4nio Pr\u00f3speri\",\"@id\":\"https:\\\/\\\/blogdoprosperi.com\\\/#\\\/schema\\\/person\\\/38100755ce3601861ee4fab9b5aa78e9\"},\"headline\":\"Vil\u00e3o Andr\u00e9 e Uendel levam o Corinthians ao c\u00e9u\",\"datePublished\":\"2016-06-05T02:06:46+00:00\",\"mainEntityOfPage\":{\"@id\":\"https:\\\/\\\/blogdoprosperi.com\\\/?p=8650\"},\"wordCount\":499,\"commentCount\":0,\"publisher\":{\"@id\":\"https:\\\/\\\/blogdoprosperi.com\\\/#\\\/schema\\\/person\\\/38100755ce3601861ee4fab9b5aa78e9\"},\"image\":{\"@id\":\"https:\\\/\\\/blogdoprosperi.com\\\/?p=8650#primaryimage\"},\"thumbnailUrl\":\"https:\\\/\\\/blogdoprosperi.com\\\/wp-content\\\/uploads\\\/2016\\\/06\\\/rib_0273_ddzxvsp.jpg\",\"keywords\":[\"Brasileir\u00e3o-2016\",\"Campeonato Brasileiro\",\"Corinthians\",\"futebol\",\"Itaquer\u00e3o\",\"Negueba\",\"Tite\"],\"articleSection\":[\"Campeonato Brasileiro\",\"futebol\"],\"inLanguage\":\"pt-BR\",\"potentialAction\":[{\"@type\":\"CommentAction\",\"name\":\"Comment\",\"target\":[\"https:\\\/\\\/blogdoprosperi.com\\\/?p=8650#respond\"]}]},{\"@type\":\"WebPage\",\"@id\":\"https:\\\/\\\/blogdoprosperi.com\\\/?p=8650\",\"url\":\"https:\\\/\\\/blogdoprosperi.com\\\/?p=8650\",\"name\":\"Vil\u00e3o Andr\u00e9 e Uendel levam o Corinthians ao c\u00e9u - PR\u00d3SPERI NEWS\",\"isPartOf\":{\"@id\":\"https:\\\/\\\/blogdoprosperi.com\\\/#website\"},\"primaryImageOfPage\":{\"@id\":\"https:\\\/\\\/blogdoprosperi.com\\\/?p=8650#primaryimage\"},\"image\":{\"@id\":\"https:\\\/\\\/blogdoprosperi.com\\\/?p=8650#primaryimage\"},\"thumbnailUrl\":\"https:\\\/\\\/blogdoprosperi.com\\\/wp-content\\\/uploads\\\/2016\\\/06\\\/rib_0273_ddzxvsp.jpg\",\"datePublished\":\"2016-06-05T02:06:46+00:00\",\"breadcrumb\":{\"@id\":\"https:\\\/\\\/blogdoprosperi.com\\\/?p=8650#breadcrumb\"},\"inLanguage\":\"pt-BR\",\"potentialAction\":[{\"@type\":\"ReadAction\",\"target\":[\"https:\\\/\\\/blogdoprosperi.com\\\/?p=8650\"]}]},{\"@type\":\"ImageObject\",\"inLanguage\":\"pt-BR\",\"@id\":\"https:\\\/\\\/blogdoprosperi.com\\\/?p=8650#primaryimage\",\"url\":\"https:\\\/\\\/i0.wp.com\\\/blogdoprosperi.com\\\/wp-content\\\/uploads\\\/2016\\\/06\\\/rib_0273_ddzxvsp.jpg?fit=640%2C360&ssl=1\",\"contentUrl\":\"https:\\\/\\\/i0.wp.com\\\/blogdoprosperi.com\\\/wp-content\\\/uploads\\\/2016\\\/06\\\/rib_0273_ddzxvsp.jpg?fit=640%2C360&ssl=1\",\"width\":640,\"height\":360},{\"@type\":\"BreadcrumbList\",\"@id\":\"https:\\\/\\\/blogdoprosperi.com\\\/?p=8650#breadcrumb\",\"itemListElement\":[{\"@type\":\"ListItem\",\"position\":1,\"name\":\"In\u00edcio\",\"item\":\"https:\\\/\\\/blogdoprosperi.com\\\/\"},{\"@type\":\"ListItem\",\"position\":2,\"name\":\"Vil\u00e3o Andr\u00e9 e Uendel levam o Corinthians ao c\u00e9u\"}]},{\"@type\":\"WebSite\",\"@id\":\"https:\\\/\\\/blogdoprosperi.com\\\/#website\",\"url\":\"https:\\\/\\\/blogdoprosperi.com\\\/\",\"name\":\"PR\u00d3SPERI NEWS\",\"description\":\"TUDO \u00c9  FUTEBOL\",\"publisher\":{\"@id\":\"https:\\\/\\\/blogdoprosperi.com\\\/#\\\/schema\\\/person\\\/38100755ce3601861ee4fab9b5aa78e9\"},\"alternateName\":\"blogdoprosperi.com\",\"potentialAction\":[{\"@type\":\"SearchAction\",\"target\":{\"@type\":\"EntryPoint\",\"urlTemplate\":\"https:\\\/\\\/blogdoprosperi.com\\\/?s={search_term_string}\"},\"query-input\":{\"@type\":\"PropertyValueSpecification\",\"valueRequired\":true,\"valueName\":\"search_term_string\"}}],\"inLanguage\":\"pt-BR\"},{\"@type\":[\"Person\",\"Organization\"],\"@id\":\"https:\\\/\\\/blogdoprosperi.com\\\/#\\\/schema\\\/person\\\/38100755ce3601861ee4fab9b5aa78e9\",\"name\":\"Luiz Ant\u00f4nio Pr\u00f3speri\",\"pronouns\":\"ele\",\"image\":{\"@type\":\"ImageObject\",\"inLanguage\":\"pt-BR\",\"@id\":\"https:\\\/\\\/i0.wp.com\\\/blogdoprosperi.com\\\/wp-content\\\/uploads\\\/2026\\\/05\\\/cropped-8059e613-6002-42fa-961e-8e275f575d71-2-5.jpg?fit=1360%2C931&ssl=1\",\"url\":\"https:\\\/\\\/i0.wp.com\\\/blogdoprosperi.com\\\/wp-content\\\/uploads\\\/2026\\\/05\\\/cropped-8059e613-6002-42fa-961e-8e275f575d71-2-5.jpg?fit=1360%2C931&ssl=1\",\"contentUrl\":\"https:\\\/\\\/i0.wp.com\\\/blogdoprosperi.com\\\/wp-content\\\/uploads\\\/2026\\\/05\\\/cropped-8059e613-6002-42fa-961e-8e275f575d71-2-5.jpg?fit=1360%2C931&ssl=1\",\"width\":1360,\"height\":931,\"caption\":\"Luiz Ant\u00f4nio Pr\u00f3speri\"},\"logo\":{\"@id\":\"https:\\\/\\\/i0.wp.com\\\/blogdoprosperi.com\\\/wp-content\\\/uploads\\\/2026\\\/05\\\/cropped-8059e613-6002-42fa-961e-8e275f575d71-2-5.jpg?fit=1360%2C931&ssl=1\"},\"description\":\"Jornalista com carreira dedicada ao esporte. Cobriu 9 Copas do Mundo in loco, 1990 na It\u00e1lia, 1994 nos EUA, 1998 na Fran\u00e7a, 2002 na Coreia do Sul e Jap\u00e3o, 2006 na Alemanha, 2010 na \u00c1frica do Sul, 2014 no Brasil, 2018 na R\u00fassia e 2022 no Qatar. Eurocopas, 1992 na Su\u00e9cia e 1996 na Inglaterra. Copa das Confedera\u00e7\u00f5es de 2005 na Alemanha e 2009 na \u00c1frica do Sul. Rep\u00f3rter e Editor, trabalhou no Jornal da Tarde e Estad\u00e3o, de 1984 a fevereiro de 2016. Colunista, blogueiro. E comentarista de futebol na R\u00e1dio Estad\u00e3o, de 2013 a fevereiro de 2016. Jornalista respons\u00e1vel do \\\"Pr\u00f3speri News\\\" (blogdoprosperi.com).\",\"sameAs\":[\"http:\\\/\\\/blogdoprosperi.com\",\"Luiz Pr\u00f3speri\",\"@luiz_prosperi\",\"https:\\\/\\\/x.com\\\/Luizprosperi\",\"@prosperinacopa\",\"luiz.prosperi@icloud.com\"],\"url\":\"https:\\\/\\\/blogdoprosperi.com\\\/?author=102107496\"}]}<\/script>\n<!-- \/ Yoast SEO plugin. -->","yoast_head_json":{"title":"Vil\u00e3o Andr\u00e9 e Uendel levam o Corinthians ao c\u00e9u - PR\u00d3SPERI NEWS","robots":{"index":"index","follow":"follow","max-snippet":"max-snippet:-1","max-image-preview":"max-image-preview:large","max-video-preview":"max-video-preview:-1"},"canonical":"https:\/\/blogdoprosperi.com\/?p=8650","og_locale":"pt_BR","og_type":"article","og_title":"Vil\u00e3o Andr\u00e9 e Uendel levam o Corinthians ao c\u00e9u - PR\u00d3SPERI NEWS","og_description":"&nbsp; Tite n\u00e3o vai se esquecer desse jogo com o Coritiba t\u00e3o cedo, tamanha dificuldade para derrotar por [&hellip;]","og_url":"https:\/\/blogdoprosperi.com\/?p=8650","og_site_name":"PR\u00d3SPERI NEWS","article_publisher":"Luiz Pr\u00f3speri","article_author":"Luiz Pr\u00f3speri","article_published_time":"2016-06-05T02:06:46+00:00","og_image":[{"url":"https:\/\/blogdoprosperi.com\/wp-content\/uploads\/2016\/06\/rib_0273_ddzxvsp.jpg","type":"","width":"","height":""}],"author":"Luiz Ant\u00f4nio Pr\u00f3speri","twitter_card":"summary_large_image","twitter_creator":"@Luizprosperi","twitter_site":"@Luizprosperi","twitter_misc":{"Escrito por":"Luiz Ant\u00f4nio Pr\u00f3speri","Est. tempo de leitura":"2 minutos"},"schema":{"@context":"https:\/\/schema.org","@graph":[{"@type":"Article","@id":"https:\/\/blogdoprosperi.com\/?p=8650#article","isPartOf":{"@id":"https:\/\/blogdoprosperi.com\/?p=8650"},"author":{"name":"Luiz Ant\u00f4nio Pr\u00f3speri","@id":"https:\/\/blogdoprosperi.com\/#\/schema\/person\/38100755ce3601861ee4fab9b5aa78e9"},"headline":"Vil\u00e3o Andr\u00e9 e Uendel levam o Corinthians ao c\u00e9u","datePublished":"2016-06-05T02:06:46+00:00","mainEntityOfPage":{"@id":"https:\/\/blogdoprosperi.com\/?p=8650"},"wordCount":499,"commentCount":0,"publisher":{"@id":"https:\/\/blogdoprosperi.com\/#\/schema\/person\/38100755ce3601861ee4fab9b5aa78e9"},"image":{"@id":"https:\/\/blogdoprosperi.com\/?p=8650#primaryimage"},"thumbnailUrl":"https:\/\/blogdoprosperi.com\/wp-content\/uploads\/2016\/06\/rib_0273_ddzxvsp.jpg","keywords":["Brasileir\u00e3o-2016","Campeonato Brasileiro","Corinthians","futebol","Itaquer\u00e3o","Negueba","Tite"],"articleSection":["Campeonato Brasileiro","futebol"],"inLanguage":"pt-BR","potentialAction":[{"@type":"CommentAction","name":"Comment","target":["https:\/\/blogdoprosperi.com\/?p=8650#respond"]}]},{"@type":"WebPage","@id":"https:\/\/blogdoprosperi.com\/?p=8650","url":"https:\/\/blogdoprosperi.com\/?p=8650","name":"Vil\u00e3o Andr\u00e9 e Uendel levam o Corinthians ao c\u00e9u - PR\u00d3SPERI NEWS","isPartOf":{"@id":"https:\/\/blogdoprosperi.com\/#website"},"primaryImageOfPage":{"@id":"https:\/\/blogdoprosperi.com\/?p=8650#primaryimage"},"image":{"@id":"https:\/\/blogdoprosperi.com\/?p=8650#primaryimage"},"thumbnailUrl":"https:\/\/blogdoprosperi.com\/wp-content\/uploads\/2016\/06\/rib_0273_ddzxvsp.jpg","datePublished":"2016-06-05T02:06:46+00:00","breadcrumb":{"@id":"https:\/\/blogdoprosperi.com\/?p=8650#breadcrumb"},"inLanguage":"pt-BR","potentialAction":[{"@type":"ReadAction","target":["https:\/\/blogdoprosperi.com\/?p=8650"]}]},{"@type":"ImageObject","inLanguage":"pt-BR","@id":"https:\/\/blogdoprosperi.com\/?p=8650#primaryimage","url":"https:\/\/i0.wp.com\/blogdoprosperi.com\/wp-content\/uploads\/2016\/06\/rib_0273_ddzxvsp.jpg?fit=640%2C360&ssl=1","contentUrl":"https:\/\/i0.wp.com\/blogdoprosperi.com\/wp-content\/uploads\/2016\/06\/rib_0273_ddzxvsp.jpg?fit=640%2C360&ssl=1","width":640,"height":360},{"@type":"BreadcrumbList","@id":"https:\/\/blogdoprosperi.com\/?p=8650#breadcrumb","itemListElement":[{"@type":"ListItem","position":1,"name":"In\u00edcio","item":"https:\/\/blogdoprosperi.com\/"},{"@type":"ListItem","position":2,"name":"Vil\u00e3o Andr\u00e9 e Uendel levam o Corinthians ao c\u00e9u"}]},{"@type":"WebSite","@id":"https:\/\/blogdoprosperi.com\/#website","url":"https:\/\/blogdoprosperi.com\/","name":"PR\u00d3SPERI NEWS","description":"TUDO \u00c9  FUTEBOL","publisher":{"@id":"https:\/\/blogdoprosperi.com\/#\/schema\/person\/38100755ce3601861ee4fab9b5aa78e9"},"alternateName":"blogdoprosperi.com","potentialAction":[{"@type":"SearchAction","target":{"@type":"EntryPoint","urlTemplate":"https:\/\/blogdoprosperi.com\/?s={search_term_string}"},"query-input":{"@type":"PropertyValueSpecification","valueRequired":true,"valueName":"search_term_string"}}],"inLanguage":"pt-BR"},{"@type":["Person","Organization"],"@id":"https:\/\/blogdoprosperi.com\/#\/schema\/person\/38100755ce3601861ee4fab9b5aa78e9","name":"Luiz Ant\u00f4nio Pr\u00f3speri","pronouns":"ele","image":{"@type":"ImageObject","inLanguage":"pt-BR","@id":"https:\/\/i0.wp.com\/blogdoprosperi.com\/wp-content\/uploads\/2026\/05\/cropped-8059e613-6002-42fa-961e-8e275f575d71-2-5.jpg?fit=1360%2C931&ssl=1","url":"https:\/\/i0.wp.com\/blogdoprosperi.com\/wp-content\/uploads\/2026\/05\/cropped-8059e613-6002-42fa-961e-8e275f575d71-2-5.jpg?fit=1360%2C931&ssl=1","contentUrl":"https:\/\/i0.wp.com\/blogdoprosperi.com\/wp-content\/uploads\/2026\/05\/cropped-8059e613-6002-42fa-961e-8e275f575d71-2-5.jpg?fit=1360%2C931&ssl=1","width":1360,"height":931,"caption":"Luiz Ant\u00f4nio Pr\u00f3speri"},"logo":{"@id":"https:\/\/i0.wp.com\/blogdoprosperi.com\/wp-content\/uploads\/2026\/05\/cropped-8059e613-6002-42fa-961e-8e275f575d71-2-5.jpg?fit=1360%2C931&ssl=1"},"description":"Jornalista com carreira dedicada ao esporte. Cobriu 9 Copas do Mundo in loco, 1990 na It\u00e1lia, 1994 nos EUA, 1998 na Fran\u00e7a, 2002 na Coreia do Sul e Jap\u00e3o, 2006 na Alemanha, 2010 na \u00c1frica do Sul, 2014 no Brasil, 2018 na R\u00fassia e 2022 no Qatar. Eurocopas, 1992 na Su\u00e9cia e 1996 na Inglaterra. Copa das Confedera\u00e7\u00f5es de 2005 na Alemanha e 2009 na \u00c1frica do Sul. Rep\u00f3rter e Editor, trabalhou no Jornal da Tarde e Estad\u00e3o, de 1984 a fevereiro de 2016. Colunista, blogueiro. E comentarista de futebol na R\u00e1dio Estad\u00e3o, de 2013 a fevereiro de 2016. Jornalista respons\u00e1vel do \"Pr\u00f3speri News\" (blogdoprosperi.com).","sameAs":["http:\/\/blogdoprosperi.com","Luiz Pr\u00f3speri","@luiz_prosperi","https:\/\/x.com\/Luizprosperi","@prosperinacopa","luiz.prosperi@icloud.com"],"url":"https:\/\/blogdoprosperi.com\/?author=102107496"}]}},"jetpack_publicize_connections":[],"jetpack_likes_enabled":false,"jetpack_sharing_enabled":true,"jetpack_shortlink":"https:\/\/wp.me\/p7jvdk-2fw","jetpack-related-posts":[{"id":8022,"url":"https:\/\/blogdoprosperi.com\/?p=8022","url_meta":{"origin":8650,"position":0},"title":"Corinthians engata terceira vit\u00f3ria seguida diante de um Santos covarde","author":"Luiz Ant\u00f4nio Pr\u00f3speri","date":"2 de junho de 2016","format":false,"excerpt":"Desde que Tite abriu m\u00e3o do seu esquema preferido, o 4-1-4-1, o Corinthians s\u00f3 tem vencido no Campeonato Brasileiro. Com a nova arruma\u00e7\u00e3o, o 4-2-3-1, que faz de Guilherme o maestro da companhia, chegou \u00e0 terceira vit\u00f3ria consecutiva. Dessa vez a v\u00edtima foi o Santos, derrotado por 1 a 0,\u2026","rel":"","context":"Em &quot;Campeonato Brasileiro&quot;","block_context":{"text":"Campeonato Brasileiro","link":"https:\/\/blogdoprosperi.com\/?cat=355071"},"img":{"alt_text":"","src":"https:\/\/i0.wp.com\/blogdoprosperi.com\/wp-content\/uploads\/2016\/06\/622_8325d858-8b5f-31b6-8547-964f1ba48183.jpg?resize=350%2C200&ssl=1","width":350,"height":200,"srcset":"https:\/\/i0.wp.com\/blogdoprosperi.com\/wp-content\/uploads\/2016\/06\/622_8325d858-8b5f-31b6-8547-964f1ba48183.jpg?resize=350%2C200&ssl=1 1x, https:\/\/i0.wp.com\/blogdoprosperi.com\/wp-content\/uploads\/2016\/06\/622_8325d858-8b5f-31b6-8547-964f1ba48183.jpg?resize=525%2C300&ssl=1 1.5x"},"classes":[]},{"id":18703,"url":"https:\/\/blogdoprosperi.com\/?p=18703","url_meta":{"origin":8650,"position":1},"title":"Corinthians, sem atacantes de lastro, cai  aos p\u00e9s do gordinho Walter","author":"Luiz Ant\u00f4nio Pr\u00f3speri","date":"4 de agosto de 2016","format":false,"excerpt":"Corinthians mais uma vez n\u00e3o teve poder de fogo no seu ataque. Sem lastro na linha de frente, n\u00e3o conseguiu se impor diante do Atl\u00e9tico-PR, em Curitiba, nem sustentar a lideran\u00e7a do Campeonato Brasileiro. Pagou seus pecados com a derrota por 2 a 0, com direito a dois gols de\u2026","rel":"","context":"Em &quot;Campeonato Brasileiro&quot;","block_context":{"text":"Campeonato Brasileiro","link":"https:\/\/blogdoprosperi.com\/?cat=355071"},"img":{"alt_text":"","src":"https:\/\/i0.wp.com\/blogdoprosperi.com\/wp-content\/uploads\/2016\/08\/41297_14702801200_thumb-2.png?resize=350%2C200&ssl=1","width":350,"height":200},"classes":[]},{"id":17463,"url":"https:\/\/blogdoprosperi.com\/?p=17463","url_meta":{"origin":8650,"position":2},"title":"Corinthians patina contra Figueirense e deixa sua torcida preocupada com futuro no Brasileir\u00e3o","author":"Luiz Ant\u00f4nio Pr\u00f3speri","date":"23 de julho de 2016","format":false,"excerpt":"Corinthians perdeu o prumo nesta reta final de primeiro turno do Campeonato Brasileiro. N\u00e3o cria, n\u00e3o se imp\u00f5e em casa e n\u00e3o organiza o sistema defensivo, cada vez mais vulner\u00e1vel. Tudo isso ficou muito claro no empate por 1 a 1 diante do Figueirense no Itaquer\u00e3o abarrotado de torcedores. Demolidor\u2026","rel":"","context":"Em &quot;Campeonato Brasileiro&quot;","block_context":{"text":"Campeonato Brasileiro","link":"https:\/\/blogdoprosperi.com\/?cat=355071"},"img":{"alt_text":"","src":"https:\/\/i0.wp.com\/blogdoprosperi.com\/wp-content\/uploads\/2016\/07\/esporte-futebol-corinthians-figueirense.jpg?resize=350%2C200&ssl=1","width":350,"height":200,"srcset":"https:\/\/i0.wp.com\/blogdoprosperi.com\/wp-content\/uploads\/2016\/07\/esporte-futebol-corinthians-figueirense.jpg?resize=350%2C200&ssl=1 1x, https:\/\/i0.wp.com\/blogdoprosperi.com\/wp-content\/uploads\/2016\/07\/esporte-futebol-corinthians-figueirense.jpg?resize=525%2C300&ssl=1 1.5x"},"classes":[]},{"id":5881,"url":"https:\/\/blogdoprosperi.com\/?p=5881","url_meta":{"origin":8650,"position":3},"title":"Torcida se revolta com a mesmice do Corinthians contra o Gr\u00eamio","author":"Luiz Ant\u00f4nio Pr\u00f3speri","date":"15 de maio de 2016","format":false,"excerpt":"\u00a0 Tite n\u00e3o apresentou nenhuma novidade na estreia do Corinthians no Campeonato Brasileiro. Diante do Gr\u00eamio no Itaquer\u00e3o, neste domingo (15\/5), o time repetiu o esquema 4-1-4-1. Tudo compactado, blocos em movimento, mais posse de bola e a torcida ali, grudada nos jogadores a apoiar. Vencer que \u00e9 bom, nada.\u2026","rel":"","context":"Em &quot;Campeonato Brasileiro&quot;","block_context":{"text":"Campeonato Brasileiro","link":"https:\/\/blogdoprosperi.com\/?cat=355071"},"img":{"alt_text":"","src":"https:\/\/i0.wp.com\/blogdoprosperi.com\/wp-content\/uploads\/2016\/05\/cihpqr5wuaefrx2.jpg?resize=350%2C200&ssl=1","width":350,"height":200,"srcset":"https:\/\/i0.wp.com\/blogdoprosperi.com\/wp-content\/uploads\/2016\/05\/cihpqr5wuaefrx2.jpg?resize=350%2C200&ssl=1 1x, https:\/\/i0.wp.com\/blogdoprosperi.com\/wp-content\/uploads\/2016\/05\/cihpqr5wuaefrx2.jpg?resize=525%2C300&ssl=1 1.5x"},"classes":[]},{"id":2275,"url":"https:\/\/blogdoprosperi.com\/?p=2275","url_meta":{"origin":8650,"position":4},"title":"Tite cai em mais uma decis\u00e3o importante no Itaquer\u00e3o","author":"Luiz Ant\u00f4nio Pr\u00f3speri","date":"24 de abril de 2016","format":false,"excerpt":"Aclamado melhor treinador do Brasil, t\u00e9cnico do Corinthians sai eliminado em casa mais uma vez e se rende ao esquema do inovador Fernando Diniz, do Audax Tite n\u00e3o consegue superar os jogos importantes de mata-mata no Itaquer\u00e3o. Diante do Osasco Audax, valendo vaga na final do Campeonato Paulista 2016, o\u2026","rel":"","context":"Em &quot;futebol&quot;","block_context":{"text":"futebol","link":"https:\/\/blogdoprosperi.com\/?cat=53870"},"img":{"alt_text":"","src":"https:\/\/i0.wp.com\/blogdoprosperi.com\/wp-content\/uploads\/2016\/04\/dsc_0469.jpg?resize=350%2C200&ssl=1","width":350,"height":200,"srcset":"https:\/\/i0.wp.com\/blogdoprosperi.com\/wp-content\/uploads\/2016\/04\/dsc_0469.jpg?resize=350%2C200&ssl=1 1x, https:\/\/i0.wp.com\/blogdoprosperi.com\/wp-content\/uploads\/2016\/04\/dsc_0469.jpg?resize=525%2C300&ssl=1 1.5x, https:\/\/i0.wp.com\/blogdoprosperi.com\/wp-content\/uploads\/2016\/04\/dsc_0469.jpg?resize=700%2C400&ssl=1 2x, https:\/\/i0.wp.com\/blogdoprosperi.com\/wp-content\/uploads\/2016\/04\/dsc_0469.jpg?resize=1050%2C600&ssl=1 3x, https:\/\/i0.wp.com\/blogdoprosperi.com\/wp-content\/uploads\/2016\/04\/dsc_0469.jpg?resize=1400%2C800&ssl=1 4x"},"classes":[]},{"id":23590,"url":"https:\/\/blogdoprosperi.com\/?p=23590","url_meta":{"origin":8650,"position":5},"title":"Corinthians abre m\u00e3o do Brasileir\u00e3o e da Copa do Brasil","author":"Luiz Ant\u00f4nio Pr\u00f3speri","date":"30 de agosto de 2016","format":false,"excerpt":"Corinthians desiste da temporada 2016 neste in\u00edcio do segundo turno do Campeonato Brasileiro e na abertura das oitavas de final da Copa do Brasil. O comando do clube, mesmo sem admitir, tomou essa decis\u00e3o ao negociar quatro jogadores importantes do time em menos de um m\u00eas. A mais recente sa\u00edda\u2026","rel":"","context":"Em &quot;Campeonato Brasileiro&quot;","block_context":{"text":"Campeonato Brasileiro","link":"https:\/\/blogdoprosperi.com\/?cat=355071"},"img":{"alt_text":"","src":"https:\/\/i0.wp.com\/blogdoprosperi.com\/wp-content\/uploads\/2016\/08\/622_9fb77997-c794-3778-86b9-59c37343edca.jpg?resize=350%2C200&ssl=1","width":350,"height":200,"srcset":"https:\/\/i0.wp.com\/blogdoprosperi.com\/wp-content\/uploads\/2016\/08\/622_9fb77997-c794-3778-86b9-59c37343edca.jpg?resize=350%2C200&ssl=1 1x, https:\/\/i0.wp.com\/blogdoprosperi.com\/wp-content\/uploads\/2016\/08\/622_9fb77997-c794-3778-86b9-59c37343edca.jpg?resize=525%2C300&ssl=1 1.5x"},"classes":[]}],"jetpack_featured_media_url":"","_links":{"self":[{"href":"https:\/\/blogdoprosperi.com\/index.php?rest_route=\/wp\/v2\/posts\/8650","targetHints":{"allow":["GET"]}}],"collection":[{"href":"https:\/\/blogdoprosperi.com\/index.php?rest_route=\/wp\/v2\/posts"}],"about":[{"href":"https:\/\/blogdoprosperi.com\/index.php?rest_route=\/wp\/v2\/types\/post"}],"author":[{"embeddable":true,"href":"https:\/\/blogdoprosperi.com\/index.php?rest_route=\/wp\/v2\/users\/102107496"}],"replies":[{"embeddable":true,"href":"https:\/\/blogdoprosperi.com\/index.php?rest_route=%2Fwp%2Fv2%2Fcomments&post=8650"}],"version-history":[{"count":25,"href":"https:\/\/blogdoprosperi.com\/index.php?rest_route=\/wp\/v2\/posts\/8650\/revisions"}],"predecessor-version":[{"id":8722,"href":"https:\/\/blogdoprosperi.com\/index.php?rest_route=\/wp\/v2\/posts\/8650\/revisions\/8722"}],"wp:attachment":[{"href":"https:\/\/blogdoprosperi.com\/index.php?rest_route=%2Fwp%2Fv2%2Fmedia&parent=8650"}],"wp:term":[{"taxonomy":"category","embeddable":true,"href":"https:\/\/blogdoprosperi.com\/index.php?rest_route=%2Fwp%2Fv2%2Fcategories&post=8650"},{"taxonomy":"post_tag","embeddable":true,"href":"https:\/\/blogdoprosperi.com\/index.php?rest_route=%2Fwp%2Fv2%2Ftags&post=8650"}],"curies":[{"name":"wp","href":"https:\/\/api.w.org\/{rel}","templated":true}]}}