{"id":8723,"date":"2016-06-05T04:26:11","date_gmt":"2016-06-05T04:26:11","guid":{"rendered":"http:\/\/blogdoprosperi.com\/?p=8723"},"modified":"2016-06-05T04:26:11","modified_gmt":"2016-06-05T04:26:11","slug":"selecao-brasileira-patina-na-estreia-na-copa-america-e-conta-com-maozinha-do-arbitro","status":"publish","type":"post","link":"https:\/\/blogdoprosperi.com\/?p=8723","title":{"rendered":"Sele\u00e7\u00e3o Brasileira patina na estreia na Copa Am\u00e9rica e conta com m\u00e3ozinha do \u00e1rbitro"},"content":{"rendered":"<p>&nbsp;<\/p>\n<p><span class=\"alignnone\"><img data-recalc-dims=\"1\" loading=\"lazy\" decoding=\"async\" data-attachment-id=\"8761\" data-permalink=\"https:\/\/blogdoprosperi.com\/?attachment_id=8761\" data-orig-file=\"https:\/\/i0.wp.com\/blogdoprosperi.com\/wp-content\/uploads\/2016\/06\/636007022243492776_c42walm.jpg?fit=640%2C424&amp;ssl=1\" data-orig-size=\"640,424\" data-comments-opened=\"1\" data-image-meta=\"{&quot;aperture&quot;:&quot;0&quot;,&quot;credit&quot;:&quot;&quot;,&quot;camera&quot;:&quot;&quot;,&quot;caption&quot;:&quot;&quot;,&quot;created_timestamp&quot;:&quot;0&quot;,&quot;copyright&quot;:&quot;&quot;,&quot;focal_length&quot;:&quot;0&quot;,&quot;iso&quot;:&quot;0&quot;,&quot;shutter_speed&quot;:&quot;0&quot;,&quot;title&quot;:&quot;&quot;,&quot;orientation&quot;:&quot;0&quot;}\" data-image-title=\"636007022243492776_C42WalM\" data-image-description=\"\" data-image-caption=\"\" data-large-file=\"https:\/\/i0.wp.com\/blogdoprosperi.com\/wp-content\/uploads\/2016\/06\/636007022243492776_c42walm.jpg?fit=640%2C424&amp;ssl=1\" class=\"alignnone size-full wp-image-8761\" src=\"https:\/\/i0.wp.com\/blogdoprosperi.com\/wp-content\/uploads\/2016\/06\/636007022243492776_c42walm.jpg?resize=640%2C424&#038;ssl=1\" alt=\"636007022243492776_C42WalM\" width=\"640\" height=\"424\" \/><\/span><\/p>\n<p>A estreia da Sele\u00e7\u00e3o Brasileira na Copa Am\u00e9rica Centen\u00e1rio deixou claro como Dunga est\u00e1 perdido e sem saber o que fazer. Mais que o empate sem gols contra o Equador, chamou a aten\u00e7\u00e3o a falta de vis\u00e3o do treinador. Quando mais se esperava dele, na mudan\u00e7a do esquema ou em substitui\u00e7\u00f5es ousadas, Dunga optou pela burocracia.<\/p>\n<p>Se insistir com esse modelo e falta total de leitura de jogo, Dunga pode levar o Brasil a outro vexame. \u00c9 quest\u00e3o de dias. Ou d\u00e1 uma chacoalhada nos seus neur\u00f4nios, ou vai cavar a pr\u00f3pria sepultura.<\/p>\n<p>Sem falar que teve sorte ao ver o \u00e1rbitro n\u00e3o validar um gol leg\u00edtimo do Equador em um cruzamento rasteiro de Bola\u00f1os, sem a bola sair na linha de fundo, que Alisson engoliu sem cerim\u00f4nia. Antes de perceber que o juiz n\u00e3o havia confirmado o gol, o goleiro da Sele\u00e7\u00e3o afundou a cara na grama de vergonha.<\/p>\n<p><span class=\"alignnone\"><img data-recalc-dims=\"1\" loading=\"lazy\" decoding=\"async\" data-attachment-id=\"8763\" data-permalink=\"https:\/\/blogdoprosperi.com\/?attachment_id=8763\" data-orig-file=\"https:\/\/i0.wp.com\/blogdoprosperi.com\/wp-content\/uploads\/2016\/06\/esp_8876-487474.jpg?fit=800%2C539&amp;ssl=1\" data-orig-size=\"800,539\" data-comments-opened=\"1\" data-image-meta=\"{&quot;aperture&quot;:&quot;0&quot;,&quot;credit&quot;:&quot;&quot;,&quot;camera&quot;:&quot;&quot;,&quot;caption&quot;:&quot;&quot;,&quot;created_timestamp&quot;:&quot;0&quot;,&quot;copyright&quot;:&quot;&quot;,&quot;focal_length&quot;:&quot;0&quot;,&quot;iso&quot;:&quot;0&quot;,&quot;shutter_speed&quot;:&quot;0&quot;,&quot;title&quot;:&quot;&quot;,&quot;orientation&quot;:&quot;0&quot;}\" data-image-title=\"esp_8876-487474\" data-image-description=\"\" data-image-caption=\"\" data-large-file=\"https:\/\/i0.wp.com\/blogdoprosperi.com\/wp-content\/uploads\/2016\/06\/esp_8876-487474.jpg?fit=800%2C539&amp;ssl=1\" class=\"alignnone size-full wp-image-8763\" src=\"https:\/\/i0.wp.com\/blogdoprosperi.com\/wp-content\/uploads\/2016\/06\/esp_8876-487474.jpg?resize=800%2C539&#038;ssl=1\" alt=\"esp_8876-487474\" width=\"800\" height=\"539\" \/><\/span><\/p>\n<p><strong>O JOGO<\/strong><\/p>\n<p>No primeiro tempo, o Brasil j\u00e1 deixou claro o tamanho do seu t\u00e9dio. Criou apenas uma boa chance de gol. Em jogada de Willian, Phillipe Coutinho por pouco n\u00e3o marcou. Fora isso, se viu uma tentativa de o time jogar compacto, \u00e0s vezes com oito jogadores no campo do Equador, com r\u00e1pida troca de passes. Mas nada de muito empolgante.<\/p>\n<p>Na hora de marcar, tamb\u00e9m tudo bem organizado. Casemiro protegendo os zagueiros, Elias \u00a0na direita e Renato Augusto na esquerda fechando os espa\u00e7os e ainda com Willian e Coutinho dando uma m\u00e3ozinha.<\/p>\n<p>Essa arruma\u00e7\u00e3o, bem diferente daquele time retrancado como Dunga praticava, sofreu apenas nos perigosos e agudos contra-ataques do Equador. Bola\u00f1os, Valencia e Quinteros deram trabalho. Faltou a eles mais precis\u00e3o no passe final para fulminar Alisson.<\/p>\n<p><span class=\"alignnone\"><img data-recalc-dims=\"1\" loading=\"lazy\" decoding=\"async\" data-attachment-id=\"8764\" data-permalink=\"https:\/\/blogdoprosperi.com\/?attachment_id=8764\" data-orig-file=\"https:\/\/i0.wp.com\/blogdoprosperi.com\/wp-content\/uploads\/2016\/06\/unknown.jpeg?fit=275%2C183&amp;ssl=1\" data-orig-size=\"275,183\" data-comments-opened=\"1\" data-image-meta=\"{&quot;aperture&quot;:&quot;0&quot;,&quot;credit&quot;:&quot;&quot;,&quot;camera&quot;:&quot;&quot;,&quot;caption&quot;:&quot;&quot;,&quot;created_timestamp&quot;:&quot;0&quot;,&quot;copyright&quot;:&quot;&quot;,&quot;focal_length&quot;:&quot;0&quot;,&quot;iso&quot;:&quot;0&quot;,&quot;shutter_speed&quot;:&quot;0&quot;,&quot;title&quot;:&quot;&quot;,&quot;orientation&quot;:&quot;0&quot;}\" data-image-title=\"Unknown\" data-image-description=\"\" data-image-caption=\"\" data-large-file=\"https:\/\/i0.wp.com\/blogdoprosperi.com\/wp-content\/uploads\/2016\/06\/unknown.jpeg?fit=275%2C183&amp;ssl=1\" class=\"alignnone size-full wp-image-8764 alignleft\" src=\"https:\/\/i0.wp.com\/blogdoprosperi.com\/wp-content\/uploads\/2016\/06\/unknown.jpeg?resize=275%2C183&#038;ssl=1\" alt=\"Unknown\" width=\"275\" height=\"183\" \/><\/span>Fora isso, n\u00e3o se percebeu nenhum gesto de ousadia dos meias da Sele\u00e7\u00e3o. Willian e Coutinho atuavam como pontas e Renato Augusto, mais recuado, n\u00e3o tinha f\u00f4lego para criar. Havia dedica\u00e7\u00e3o burocr\u00e1tica dos tr\u00eas e pouca clareza de racioc\u00ednio.<\/p>\n<p>No segundo tempo, o Brasil voltou pior do que estava. A troca de passes n\u00e3o funcionava, Willian e Coutinho continuavam amarrados e Jonas mais isolado ainda. Com 15 minutos, Dunga trocou Jonas por Gabigol. A bola n\u00e3o chegava ao atacante do Santos, como n\u00e3o chegou a Jonas.<\/p>\n<p>E ainda tivemos a pixotada do goleiro Alisson, n\u00e3o reconhecida pelo \u00e1rbitro. Sorte de Dunga.<\/p>\n<p>Na altura dos 30 minutos, o treinador brasileiro trocou Willian por Lucas, seis por meia-d\u00fazia. Aumentava a ansiedade pela busca do gol. O problema \u00e9 que n\u00e3o havia um fio condutor entre meias e atacantes. O Brasil era enfadonho.<\/p>\n<p><span class=\"alignnone\"><img data-recalc-dims=\"1\" loading=\"lazy\" decoding=\"async\" data-attachment-id=\"8762\" data-permalink=\"https:\/\/blogdoprosperi.com\/?attachment_id=8762\" data-orig-file=\"https:\/\/i0.wp.com\/blogdoprosperi.com\/wp-content\/uploads\/2016\/06\/000_bj0kp-1.jpg?fit=640%2C360&amp;ssl=1\" data-orig-size=\"640,360\" data-comments-opened=\"1\" data-image-meta=\"{&quot;aperture&quot;:&quot;0&quot;,&quot;credit&quot;:&quot;&quot;,&quot;camera&quot;:&quot;&quot;,&quot;caption&quot;:&quot;&quot;,&quot;created_timestamp&quot;:&quot;0&quot;,&quot;copyright&quot;:&quot;&quot;,&quot;focal_length&quot;:&quot;0&quot;,&quot;iso&quot;:&quot;0&quot;,&quot;shutter_speed&quot;:&quot;0&quot;,&quot;title&quot;:&quot;&quot;,&quot;orientation&quot;:&quot;0&quot;}\" data-image-title=\"000_bj0kp-1\" data-image-description=\"\" data-image-caption=\"\" data-large-file=\"https:\/\/i0.wp.com\/blogdoprosperi.com\/wp-content\/uploads\/2016\/06\/000_bj0kp-1.jpg?fit=640%2C360&amp;ssl=1\" class=\"alignnone size-full wp-image-8762\" src=\"https:\/\/i0.wp.com\/blogdoprosperi.com\/wp-content\/uploads\/2016\/06\/000_bj0kp-1.jpg?resize=640%2C360&#038;ssl=1\" alt=\"000_bj0kp-1\" width=\"640\" height=\"360\" \/><\/span><\/p>\n<p>Diante da falta de criatividade, Dunga resolveu lan\u00e7ar Lucas Lima, aos 40 minutos, no lugar de Elias. Era a espera por um milagre em pouco tempo para se multiplicar os p\u00e3es. N\u00e3o aconteceu.<\/p>\n<p>Ao final do jogo, vaias e mais vaias \u00e0 Sele\u00e7\u00e3o. Um horror. O futebol brasileiro continua estacionado no tempo. Falta ousadia e, principalmente, treinador.<\/p>\n","protected":false},"excerpt":{"rendered":"<p>&nbsp; A estreia da Sele\u00e7\u00e3o Brasileira na Copa Am\u00e9rica Centen\u00e1rio deixou claro como Dunga est\u00e1 perdido e sem [&hellip;]<\/p>\n","protected":false},"author":102107496,"featured_media":0,"comment_status":"open","ping_status":"open","sticky":false,"template":"","format":"standard","meta":{"_coblocks_attr":"","_coblocks_dimensions":"","_coblocks_responsive_height":"","_coblocks_accordion_ie_support":"","_jetpack_newsletter_access":"","_jetpack_dont_email_post_to_subs":false,"_jetpack_newsletter_tier_id":0,"_jetpack_memberships_contains_paywalled_content":false,"_wpcom_ai_launchpad_first_post":false,"_jetpack_feature_clip_id":0,"_jetpack_memberships_contains_paid_content":false,"footnotes":"","jetpack_publicize_message":"","jetpack_publicize_feature_enabled":true,"jetpack_social_post_already_shared":false,"jetpack_social_options":{"image_generator_settings":{"template":"highway","default_image_id":0,"font":"","enabled":false},"version":2},"jetpack_post_was_ever_published":false},"categories":[53870],"tags":[38185,120302849,865952,347492,789560560,456706,789560562],"class_list":["post-8723","post","type-post","status-publish","format-standard","hentry","category-futebol","tag-brasil","tag-copa-america-centenario","tag-dunga","tag-equador","tag-futebol","tag-rose-bowl","tag-selecao-brasileira"],"yoast_head":"<!-- This site is optimized with the Yoast SEO plugin v28.3 - https:\/\/yoast.com\/product\/yoast-seo-wordpress\/ -->\n<title>Sele\u00e7\u00e3o Brasileira patina na estreia na Copa Am\u00e9rica e conta com m\u00e3ozinha do \u00e1rbitro - PR\u00d3SPERI NEWS<\/title>\n<meta name=\"robots\" content=\"index, follow, max-snippet:-1, max-image-preview:large, max-video-preview:-1\" \/>\n<link rel=\"canonical\" href=\"https:\/\/blogdoprosperi.com\/?p=8723\" \/>\n<meta property=\"og:locale\" content=\"pt_BR\" \/>\n<meta property=\"og:type\" content=\"article\" \/>\n<meta property=\"og:title\" content=\"Sele\u00e7\u00e3o Brasileira patina na estreia na Copa Am\u00e9rica e conta com m\u00e3ozinha do \u00e1rbitro - PR\u00d3SPERI NEWS\" \/>\n<meta property=\"og:description\" content=\"&nbsp; A estreia da Sele\u00e7\u00e3o Brasileira na Copa Am\u00e9rica Centen\u00e1rio deixou claro como Dunga est\u00e1 perdido e sem [&hellip;]\" \/>\n<meta property=\"og:url\" content=\"https:\/\/blogdoprosperi.com\/?p=8723\" \/>\n<meta property=\"og:site_name\" content=\"PR\u00d3SPERI NEWS\" \/>\n<meta property=\"article:publisher\" content=\"Luiz Pr\u00f3speri\" \/>\n<meta property=\"article:author\" content=\"Luiz Pr\u00f3speri\" \/>\n<meta property=\"article:published_time\" content=\"2016-06-05T04:26:11+00:00\" \/>\n<meta property=\"og:image\" content=\"https:\/\/blogdoprosperi.com\/wp-content\/uploads\/2016\/06\/636007022243492776_c42walm.jpg\" \/>\n<meta name=\"author\" content=\"Luiz Ant\u00f4nio Pr\u00f3speri\" \/>\n<meta name=\"twitter:card\" content=\"summary_large_image\" \/>\n<meta name=\"twitter:creator\" content=\"@Luizprosperi\" \/>\n<meta name=\"twitter:site\" content=\"@Luizprosperi\" \/>\n<meta name=\"twitter:label1\" content=\"Escrito por\" \/>\n\t<meta name=\"twitter:data1\" content=\"Luiz Ant\u00f4nio Pr\u00f3speri\" \/>\n\t<meta name=\"twitter:label2\" content=\"Est. tempo de leitura\" \/>\n\t<meta name=\"twitter:data2\" content=\"3 minutos\" \/>\n<script type=\"application\/ld+json\" class=\"yoast-schema-graph\">{\"@context\":\"https:\\\/\\\/schema.org\",\"@graph\":[{\"@type\":\"Article\",\"@id\":\"https:\\\/\\\/blogdoprosperi.com\\\/?p=8723#article\",\"isPartOf\":{\"@id\":\"https:\\\/\\\/blogdoprosperi.com\\\/?p=8723\"},\"author\":{\"name\":\"Luiz Ant\u00f4nio Pr\u00f3speri\",\"@id\":\"https:\\\/\\\/blogdoprosperi.com\\\/#\\\/schema\\\/person\\\/38100755ce3601861ee4fab9b5aa78e9\"},\"headline\":\"Sele\u00e7\u00e3o Brasileira patina na estreia na Copa Am\u00e9rica e conta com m\u00e3ozinha do \u00e1rbitro\",\"datePublished\":\"2016-06-05T04:26:11+00:00\",\"mainEntityOfPage\":{\"@id\":\"https:\\\/\\\/blogdoprosperi.com\\\/?p=8723\"},\"wordCount\":532,\"commentCount\":1,\"publisher\":{\"@id\":\"https:\\\/\\\/blogdoprosperi.com\\\/#\\\/schema\\\/person\\\/38100755ce3601861ee4fab9b5aa78e9\"},\"image\":{\"@id\":\"https:\\\/\\\/blogdoprosperi.com\\\/?p=8723#primaryimage\"},\"thumbnailUrl\":\"https:\\\/\\\/blogdoprosperi.com\\\/wp-content\\\/uploads\\\/2016\\\/06\\\/636007022243492776_c42walm.jpg\",\"keywords\":[\"Brasil\",\"Copa Am\u00e9rica Centen\u00e1rio\",\"Dunga\",\"Equador\",\"futebol\",\"Rose Bowl\",\"Sele\u00e7\u00e3o Brasileira\"],\"articleSection\":[\"futebol\"],\"inLanguage\":\"pt-BR\",\"potentialAction\":[{\"@type\":\"CommentAction\",\"name\":\"Comment\",\"target\":[\"https:\\\/\\\/blogdoprosperi.com\\\/?p=8723#respond\"]}]},{\"@type\":\"WebPage\",\"@id\":\"https:\\\/\\\/blogdoprosperi.com\\\/?p=8723\",\"url\":\"https:\\\/\\\/blogdoprosperi.com\\\/?p=8723\",\"name\":\"Sele\u00e7\u00e3o Brasileira patina na estreia na Copa Am\u00e9rica e conta com m\u00e3ozinha do \u00e1rbitro - PR\u00d3SPERI NEWS\",\"isPartOf\":{\"@id\":\"https:\\\/\\\/blogdoprosperi.com\\\/#website\"},\"primaryImageOfPage\":{\"@id\":\"https:\\\/\\\/blogdoprosperi.com\\\/?p=8723#primaryimage\"},\"image\":{\"@id\":\"https:\\\/\\\/blogdoprosperi.com\\\/?p=8723#primaryimage\"},\"thumbnailUrl\":\"https:\\\/\\\/blogdoprosperi.com\\\/wp-content\\\/uploads\\\/2016\\\/06\\\/636007022243492776_c42walm.jpg\",\"datePublished\":\"2016-06-05T04:26:11+00:00\",\"breadcrumb\":{\"@id\":\"https:\\\/\\\/blogdoprosperi.com\\\/?p=8723#breadcrumb\"},\"inLanguage\":\"pt-BR\",\"potentialAction\":[{\"@type\":\"ReadAction\",\"target\":[\"https:\\\/\\\/blogdoprosperi.com\\\/?p=8723\"]}]},{\"@type\":\"ImageObject\",\"inLanguage\":\"pt-BR\",\"@id\":\"https:\\\/\\\/blogdoprosperi.com\\\/?p=8723#primaryimage\",\"url\":\"https:\\\/\\\/i0.wp.com\\\/blogdoprosperi.com\\\/wp-content\\\/uploads\\\/2016\\\/06\\\/636007022243492776_c42walm.jpg?fit=640%2C424&ssl=1\",\"contentUrl\":\"https:\\\/\\\/i0.wp.com\\\/blogdoprosperi.com\\\/wp-content\\\/uploads\\\/2016\\\/06\\\/636007022243492776_c42walm.jpg?fit=640%2C424&ssl=1\",\"width\":640,\"height\":424},{\"@type\":\"BreadcrumbList\",\"@id\":\"https:\\\/\\\/blogdoprosperi.com\\\/?p=8723#breadcrumb\",\"itemListElement\":[{\"@type\":\"ListItem\",\"position\":1,\"name\":\"In\u00edcio\",\"item\":\"https:\\\/\\\/blogdoprosperi.com\\\/\"},{\"@type\":\"ListItem\",\"position\":2,\"name\":\"Sele\u00e7\u00e3o Brasileira patina na estreia na Copa Am\u00e9rica e conta com m\u00e3ozinha do \u00e1rbitro\"}]},{\"@type\":\"WebSite\",\"@id\":\"https:\\\/\\\/blogdoprosperi.com\\\/#website\",\"url\":\"https:\\\/\\\/blogdoprosperi.com\\\/\",\"name\":\"PR\u00d3SPERI NEWS\",\"description\":\"TUDO \u00c9  FUTEBOL\",\"publisher\":{\"@id\":\"https:\\\/\\\/blogdoprosperi.com\\\/#\\\/schema\\\/person\\\/38100755ce3601861ee4fab9b5aa78e9\"},\"alternateName\":\"blogdoprosperi.com\",\"potentialAction\":[{\"@type\":\"SearchAction\",\"target\":{\"@type\":\"EntryPoint\",\"urlTemplate\":\"https:\\\/\\\/blogdoprosperi.com\\\/?s={search_term_string}\"},\"query-input\":{\"@type\":\"PropertyValueSpecification\",\"valueRequired\":true,\"valueName\":\"search_term_string\"}}],\"inLanguage\":\"pt-BR\"},{\"@type\":[\"Person\",\"Organization\"],\"@id\":\"https:\\\/\\\/blogdoprosperi.com\\\/#\\\/schema\\\/person\\\/38100755ce3601861ee4fab9b5aa78e9\",\"name\":\"Luiz Ant\u00f4nio Pr\u00f3speri\",\"pronouns\":\"ele\",\"image\":{\"@type\":\"ImageObject\",\"inLanguage\":\"pt-BR\",\"@id\":\"https:\\\/\\\/i0.wp.com\\\/blogdoprosperi.com\\\/wp-content\\\/uploads\\\/2026\\\/05\\\/cropped-8059e613-6002-42fa-961e-8e275f575d71-2-5.jpg?fit=1360%2C931&ssl=1\",\"url\":\"https:\\\/\\\/i0.wp.com\\\/blogdoprosperi.com\\\/wp-content\\\/uploads\\\/2026\\\/05\\\/cropped-8059e613-6002-42fa-961e-8e275f575d71-2-5.jpg?fit=1360%2C931&ssl=1\",\"contentUrl\":\"https:\\\/\\\/i0.wp.com\\\/blogdoprosperi.com\\\/wp-content\\\/uploads\\\/2026\\\/05\\\/cropped-8059e613-6002-42fa-961e-8e275f575d71-2-5.jpg?fit=1360%2C931&ssl=1\",\"width\":1360,\"height\":931,\"caption\":\"Luiz Ant\u00f4nio Pr\u00f3speri\"},\"logo\":{\"@id\":\"https:\\\/\\\/i0.wp.com\\\/blogdoprosperi.com\\\/wp-content\\\/uploads\\\/2026\\\/05\\\/cropped-8059e613-6002-42fa-961e-8e275f575d71-2-5.jpg?fit=1360%2C931&ssl=1\"},\"description\":\"Jornalista com carreira dedicada ao esporte. Cobriu 9 Copas do Mundo in loco, 1990 na It\u00e1lia, 1994 nos EUA, 1998 na Fran\u00e7a, 2002 na Coreia do Sul e Jap\u00e3o, 2006 na Alemanha, 2010 na \u00c1frica do Sul, 2014 no Brasil, 2018 na R\u00fassia e 2022 no Qatar. Eurocopas, 1992 na Su\u00e9cia e 1996 na Inglaterra. Copa das Confedera\u00e7\u00f5es de 2005 na Alemanha e 2009 na \u00c1frica do Sul. Rep\u00f3rter e Editor, trabalhou no Jornal da Tarde e Estad\u00e3o, de 1984 a fevereiro de 2016. Colunista, blogueiro. E comentarista de futebol na R\u00e1dio Estad\u00e3o, de 2013 a fevereiro de 2016. Jornalista respons\u00e1vel do \\\"Pr\u00f3speri News\\\" (blogdoprosperi.com).\",\"sameAs\":[\"http:\\\/\\\/blogdoprosperi.com\",\"Luiz Pr\u00f3speri\",\"@luiz_prosperi\",\"https:\\\/\\\/x.com\\\/Luizprosperi\",\"@prosperinacopa\",\"luiz.prosperi@icloud.com\"],\"url\":\"https:\\\/\\\/blogdoprosperi.com\\\/?author=102107496\"}]}<\/script>\n<!-- \/ Yoast SEO plugin. -->","yoast_head_json":{"title":"Sele\u00e7\u00e3o Brasileira patina na estreia na Copa Am\u00e9rica e conta com m\u00e3ozinha do \u00e1rbitro - PR\u00d3SPERI NEWS","robots":{"index":"index","follow":"follow","max-snippet":"max-snippet:-1","max-image-preview":"max-image-preview:large","max-video-preview":"max-video-preview:-1"},"canonical":"https:\/\/blogdoprosperi.com\/?p=8723","og_locale":"pt_BR","og_type":"article","og_title":"Sele\u00e7\u00e3o Brasileira patina na estreia na Copa Am\u00e9rica e conta com m\u00e3ozinha do \u00e1rbitro - PR\u00d3SPERI NEWS","og_description":"&nbsp; A estreia da Sele\u00e7\u00e3o Brasileira na Copa Am\u00e9rica Centen\u00e1rio deixou claro como Dunga est\u00e1 perdido e sem [&hellip;]","og_url":"https:\/\/blogdoprosperi.com\/?p=8723","og_site_name":"PR\u00d3SPERI NEWS","article_publisher":"Luiz Pr\u00f3speri","article_author":"Luiz Pr\u00f3speri","article_published_time":"2016-06-05T04:26:11+00:00","og_image":[{"url":"https:\/\/blogdoprosperi.com\/wp-content\/uploads\/2016\/06\/636007022243492776_c42walm.jpg","type":"","width":"","height":""}],"author":"Luiz Ant\u00f4nio Pr\u00f3speri","twitter_card":"summary_large_image","twitter_creator":"@Luizprosperi","twitter_site":"@Luizprosperi","twitter_misc":{"Escrito por":"Luiz Ant\u00f4nio Pr\u00f3speri","Est. tempo de leitura":"3 minutos"},"schema":{"@context":"https:\/\/schema.org","@graph":[{"@type":"Article","@id":"https:\/\/blogdoprosperi.com\/?p=8723#article","isPartOf":{"@id":"https:\/\/blogdoprosperi.com\/?p=8723"},"author":{"name":"Luiz Ant\u00f4nio Pr\u00f3speri","@id":"https:\/\/blogdoprosperi.com\/#\/schema\/person\/38100755ce3601861ee4fab9b5aa78e9"},"headline":"Sele\u00e7\u00e3o Brasileira patina na estreia na Copa Am\u00e9rica e conta com m\u00e3ozinha do \u00e1rbitro","datePublished":"2016-06-05T04:26:11+00:00","mainEntityOfPage":{"@id":"https:\/\/blogdoprosperi.com\/?p=8723"},"wordCount":532,"commentCount":1,"publisher":{"@id":"https:\/\/blogdoprosperi.com\/#\/schema\/person\/38100755ce3601861ee4fab9b5aa78e9"},"image":{"@id":"https:\/\/blogdoprosperi.com\/?p=8723#primaryimage"},"thumbnailUrl":"https:\/\/blogdoprosperi.com\/wp-content\/uploads\/2016\/06\/636007022243492776_c42walm.jpg","keywords":["Brasil","Copa Am\u00e9rica Centen\u00e1rio","Dunga","Equador","futebol","Rose Bowl","Sele\u00e7\u00e3o Brasileira"],"articleSection":["futebol"],"inLanguage":"pt-BR","potentialAction":[{"@type":"CommentAction","name":"Comment","target":["https:\/\/blogdoprosperi.com\/?p=8723#respond"]}]},{"@type":"WebPage","@id":"https:\/\/blogdoprosperi.com\/?p=8723","url":"https:\/\/blogdoprosperi.com\/?p=8723","name":"Sele\u00e7\u00e3o Brasileira patina na estreia na Copa Am\u00e9rica e conta com m\u00e3ozinha do \u00e1rbitro - PR\u00d3SPERI NEWS","isPartOf":{"@id":"https:\/\/blogdoprosperi.com\/#website"},"primaryImageOfPage":{"@id":"https:\/\/blogdoprosperi.com\/?p=8723#primaryimage"},"image":{"@id":"https:\/\/blogdoprosperi.com\/?p=8723#primaryimage"},"thumbnailUrl":"https:\/\/blogdoprosperi.com\/wp-content\/uploads\/2016\/06\/636007022243492776_c42walm.jpg","datePublished":"2016-06-05T04:26:11+00:00","breadcrumb":{"@id":"https:\/\/blogdoprosperi.com\/?p=8723#breadcrumb"},"inLanguage":"pt-BR","potentialAction":[{"@type":"ReadAction","target":["https:\/\/blogdoprosperi.com\/?p=8723"]}]},{"@type":"ImageObject","inLanguage":"pt-BR","@id":"https:\/\/blogdoprosperi.com\/?p=8723#primaryimage","url":"https:\/\/i0.wp.com\/blogdoprosperi.com\/wp-content\/uploads\/2016\/06\/636007022243492776_c42walm.jpg?fit=640%2C424&ssl=1","contentUrl":"https:\/\/i0.wp.com\/blogdoprosperi.com\/wp-content\/uploads\/2016\/06\/636007022243492776_c42walm.jpg?fit=640%2C424&ssl=1","width":640,"height":424},{"@type":"BreadcrumbList","@id":"https:\/\/blogdoprosperi.com\/?p=8723#breadcrumb","itemListElement":[{"@type":"ListItem","position":1,"name":"In\u00edcio","item":"https:\/\/blogdoprosperi.com\/"},{"@type":"ListItem","position":2,"name":"Sele\u00e7\u00e3o Brasileira patina na estreia na Copa Am\u00e9rica e conta com m\u00e3ozinha do \u00e1rbitro"}]},{"@type":"WebSite","@id":"https:\/\/blogdoprosperi.com\/#website","url":"https:\/\/blogdoprosperi.com\/","name":"PR\u00d3SPERI NEWS","description":"TUDO \u00c9  FUTEBOL","publisher":{"@id":"https:\/\/blogdoprosperi.com\/#\/schema\/person\/38100755ce3601861ee4fab9b5aa78e9"},"alternateName":"blogdoprosperi.com","potentialAction":[{"@type":"SearchAction","target":{"@type":"EntryPoint","urlTemplate":"https:\/\/blogdoprosperi.com\/?s={search_term_string}"},"query-input":{"@type":"PropertyValueSpecification","valueRequired":true,"valueName":"search_term_string"}}],"inLanguage":"pt-BR"},{"@type":["Person","Organization"],"@id":"https:\/\/blogdoprosperi.com\/#\/schema\/person\/38100755ce3601861ee4fab9b5aa78e9","name":"Luiz Ant\u00f4nio Pr\u00f3speri","pronouns":"ele","image":{"@type":"ImageObject","inLanguage":"pt-BR","@id":"https:\/\/i0.wp.com\/blogdoprosperi.com\/wp-content\/uploads\/2026\/05\/cropped-8059e613-6002-42fa-961e-8e275f575d71-2-5.jpg?fit=1360%2C931&ssl=1","url":"https:\/\/i0.wp.com\/blogdoprosperi.com\/wp-content\/uploads\/2026\/05\/cropped-8059e613-6002-42fa-961e-8e275f575d71-2-5.jpg?fit=1360%2C931&ssl=1","contentUrl":"https:\/\/i0.wp.com\/blogdoprosperi.com\/wp-content\/uploads\/2026\/05\/cropped-8059e613-6002-42fa-961e-8e275f575d71-2-5.jpg?fit=1360%2C931&ssl=1","width":1360,"height":931,"caption":"Luiz Ant\u00f4nio Pr\u00f3speri"},"logo":{"@id":"https:\/\/i0.wp.com\/blogdoprosperi.com\/wp-content\/uploads\/2026\/05\/cropped-8059e613-6002-42fa-961e-8e275f575d71-2-5.jpg?fit=1360%2C931&ssl=1"},"description":"Jornalista com carreira dedicada ao esporte. Cobriu 9 Copas do Mundo in loco, 1990 na It\u00e1lia, 1994 nos EUA, 1998 na Fran\u00e7a, 2002 na Coreia do Sul e Jap\u00e3o, 2006 na Alemanha, 2010 na \u00c1frica do Sul, 2014 no Brasil, 2018 na R\u00fassia e 2022 no Qatar. Eurocopas, 1992 na Su\u00e9cia e 1996 na Inglaterra. Copa das Confedera\u00e7\u00f5es de 2005 na Alemanha e 2009 na \u00c1frica do Sul. Rep\u00f3rter e Editor, trabalhou no Jornal da Tarde e Estad\u00e3o, de 1984 a fevereiro de 2016. Colunista, blogueiro. E comentarista de futebol na R\u00e1dio Estad\u00e3o, de 2013 a fevereiro de 2016. Jornalista respons\u00e1vel do \"Pr\u00f3speri News\" (blogdoprosperi.com).","sameAs":["http:\/\/blogdoprosperi.com","Luiz Pr\u00f3speri","@luiz_prosperi","https:\/\/x.com\/Luizprosperi","@prosperinacopa","luiz.prosperi@icloud.com"],"url":"https:\/\/blogdoprosperi.com\/?author=102107496"}]}},"jetpack_publicize_connections":[],"jetpack_likes_enabled":false,"jetpack_sharing_enabled":true,"jetpack_shortlink":"https:\/\/wp.me\/p7jvdk-2gH","jetpack-related-posts":[{"id":8561,"url":"https:\/\/blogdoprosperi.com\/?p=8561","url_meta":{"origin":8723,"position":0},"title":"Pressionado, Dunga inicia a travessia da Copa Am\u00e9rica","author":"Luiz Ant\u00f4nio Pr\u00f3speri","date":"4 de junho de 2016","format":false,"excerpt":"\u00a0 Dunga n\u00e3o tem sa\u00edda nesta Copa Am\u00e9rica Centen\u00e1rio. Ou entra de uma vez por todas na via crucis rumo ao calv\u00e1rio, a partir deste s\u00e1bado, 23h, contra o Equador, ou volta dos Estados Unidos absolvido. O treinador da Sele\u00e7\u00e3o Brasileira tem consci\u00eancia do momento delicado que vive \u00e0 frente\u2026","rel":"","context":"Em &quot;futebol&quot;","block_context":{"text":"futebol","link":"https:\/\/blogdoprosperi.com\/?cat=53870"},"img":{"alt_text":"","src":"https:\/\/i0.wp.com\/blogdoprosperi.com\/wp-content\/uploads\/2016\/06\/dunga-3.jpg?resize=350%2C200&ssl=1","width":350,"height":200,"srcset":"https:\/\/i0.wp.com\/blogdoprosperi.com\/wp-content\/uploads\/2016\/06\/dunga-3.jpg?resize=350%2C200&ssl=1 1x, https:\/\/i0.wp.com\/blogdoprosperi.com\/wp-content\/uploads\/2016\/06\/dunga-3.jpg?resize=525%2C300&ssl=1 1.5x, https:\/\/i0.wp.com\/blogdoprosperi.com\/wp-content\/uploads\/2016\/06\/dunga-3.jpg?resize=700%2C400&ssl=1 2x, https:\/\/i0.wp.com\/blogdoprosperi.com\/wp-content\/uploads\/2016\/06\/dunga-3.jpg?resize=1050%2C600&ssl=1 3x"},"classes":[]},{"id":10200,"url":"https:\/\/blogdoprosperi.com\/?p=10200","url_meta":{"origin":8723,"position":1},"title":"Dunga confirma o retrocesso do retrocesso no comando da Sele\u00e7\u00e3o Brasileira","author":"Luiz Ant\u00f4nio Pr\u00f3speri","date":"13 de junho de 2016","format":false,"excerpt":"Dois anos ap\u00f3s o 7 a 1 da Alemanha, Brasil coleciona outro fracasso ao ser eliminado na primeira fase da Copa Am\u00e9rica Centen\u00e1rio. N\u00e3o ser\u00e1 surpresa se for demitido ainda esta semana pelo invis\u00edvel presidente da CBF Acabou o segundo reinado de Dunga no comando da Sele\u00e7\u00e3o Brasileira. Se n\u00e3o\u2026","rel":"","context":"Em &quot;futebol&quot;","block_context":{"text":"futebol","link":"https:\/\/blogdoprosperi.com\/?cat=53870"},"img":{"alt_text":"","src":"https:\/\/i0.wp.com\/blogdoprosperi.com\/wp-content\/uploads\/2016\/06\/615528-400x600-1.jpeg?resize=350%2C200&ssl=1","width":350,"height":200},"classes":[]},{"id":7651,"url":"https:\/\/blogdoprosperi.com\/?p=7651","url_meta":{"origin":8723,"position":2},"title":"Sele\u00e7\u00e3o Brasileira n\u00e3o empolga no amistoso contra o Panam\u00e1","author":"Luiz Ant\u00f4nio Pr\u00f3speri","date":"30 de maio de 2016","format":false,"excerpt":"Anotem a\u00ed: Alisson, Daniel Alves, Gil, Miranda e Douglas Santos, Luiz Gustavo, Elias e Renato Augusto; William, Jonas e Philippe Coutinho. Essa \u00e9 a\u00a0Sele\u00e7\u00e3o Brasileira que come\u00e7ou o amistoso contra o Panam\u00e1, \u00fanico e \u00faltimo antes de o Brasil estrear na Copa Am\u00e9rica Centen\u00e1rio, na pr\u00f3xima semana, nos Estados Unidos.\u2026","rel":"","context":"Em &quot;futebol&quot;","block_context":{"text":"futebol","link":"https:\/\/blogdoprosperi.com\/?cat=53870"},"img":{"alt_text":"","src":"https:\/\/i0.wp.com\/blogdoprosperi.com\/wp-content\/uploads\/2016\/05\/2016-05-30t023205z_1258897058_nocid_rtrmadp_3_soccer-international-friendly-men-s-soccer-brazil-at-panama.jpg?resize=350%2C200&ssl=1","width":350,"height":200,"srcset":"https:\/\/i0.wp.com\/blogdoprosperi.com\/wp-content\/uploads\/2016\/05\/2016-05-30t023205z_1258897058_nocid_rtrmadp_3_soccer-international-friendly-men-s-soccer-brazil-at-panama.jpg?resize=350%2C200&ssl=1 1x, https:\/\/i0.wp.com\/blogdoprosperi.com\/wp-content\/uploads\/2016\/05\/2016-05-30t023205z_1258897058_nocid_rtrmadp_3_soccer-international-friendly-men-s-soccer-brazil-at-panama.jpg?resize=525%2C300&ssl=1 1.5x"},"classes":[]},{"id":7955,"url":"https:\/\/blogdoprosperi.com\/?p=7955","url_meta":{"origin":8723,"position":3},"title":"Dunga, enfim, concede a Ganso uma chance na Sele\u00e7\u00e3o e S\u00e3o Paulo fica com o preju\u00edzo","author":"Luiz Ant\u00f4nio Pr\u00f3speri","date":"2 de junho de 2016","format":false,"excerpt":"O corte de Kak\u00e1 da Sele\u00e7\u00e3o Brasileira \u00e9 uma boa li\u00e7\u00e3o ao t\u00e9cnico Dunga. N\u00e3o adianta insistir em jogadores com fadiga de material. Uma hora o corpo entrega e o treinador fica na m\u00e3o. \u00c9 o caso de Kak\u00e1, melhor do mundo eleito pela Fifa em 2007. Desde que optou\u2026","rel":"","context":"Em &quot;futebol&quot;","block_context":{"text":"futebol","link":"https:\/\/blogdoprosperi.com\/?cat=53870"},"img":{"alt_text":"","src":"https:\/\/i0.wp.com\/blogdoprosperi.com\/wp-content\/uploads\/2016\/06\/20160528170027_9846_capa.jpg?resize=350%2C200&ssl=1","width":350,"height":200},"classes":[]},{"id":8113,"url":"https:\/\/blogdoprosperi.com\/?p=8113","url_meta":{"origin":8723,"position":4},"title":"Centro de Intelig\u00eancia da Sele\u00e7\u00e3o falha e Dunga corta seis jogadores","author":"Luiz Ant\u00f4nio Pr\u00f3speri","date":"2 de junho de 2016","format":false,"excerpt":"Dunga perdeu seis jogadores em dez dias de treinamentos da Sele\u00e7\u00e3o Brasileira nos Estados Unidos. Cinco machucados e um por dispensa. A dois dias da estreia na Copa Am\u00e9rica Centen\u00e1rio - contra o Equador neste s\u00e1bado (04\/6) -, o chefe do escrete n\u00e3o teve todo o grupo de jogadores \u00e0\u2026","rel":"","context":"Em &quot;futebol&quot;","block_context":{"text":"futebol","link":"https:\/\/blogdoprosperi.com\/?cat=53870"},"img":{"alt_text":"","src":"https:\/\/i0.wp.com\/blogdoprosperi.com\/wp-content\/uploads\/2016\/06\/20160602030032_2.jpeg?resize=350%2C200&ssl=1","width":350,"height":200,"srcset":"https:\/\/i0.wp.com\/blogdoprosperi.com\/wp-content\/uploads\/2016\/06\/20160602030032_2.jpeg?resize=350%2C200&ssl=1 1x, https:\/\/i0.wp.com\/blogdoprosperi.com\/wp-content\/uploads\/2016\/06\/20160602030032_2.jpeg?resize=525%2C300&ssl=1 1.5x, https:\/\/i0.wp.com\/blogdoprosperi.com\/wp-content\/uploads\/2016\/06\/20160602030032_2.jpeg?resize=700%2C400&ssl=1 2x"},"classes":[]},{"id":24231,"url":"https:\/\/blogdoprosperi.com\/?p=24231","url_meta":{"origin":8723,"position":5},"title":"Veja como a Sele\u00e7\u00e3o Brasileira mudou com a troca Dunga por Tite","author":"Luiz Ant\u00f4nio Pr\u00f3speri","date":"6 de setembro de 2016","format":false,"excerpt":"Um jogo, uma vit\u00f3ria. O que era \u00e1gua virou vinho. Desde a ascens\u00e3o de Tite no comando da Sele\u00e7\u00e3o, logo ap\u00f3s o desastre na Copa Am\u00e9rica Centen\u00e1rio, se espera o resgate da excel\u00eancia do futebol brasileiro, t\u00e3o deprimido e entediante bem antes e depois do 7 a 1 da Alemanha.\u2026","rel":"","context":"Em &quot;futebol&quot;","block_context":{"text":"futebol","link":"https:\/\/blogdoprosperi.com\/?cat=53870"},"img":{"alt_text":"","src":"https:\/\/i0.wp.com\/blogdoprosperi.com\/wp-content\/uploads\/2016\/09\/20160905223537_57ce1d6989830.jpg?resize=350%2C200&ssl=1","width":350,"height":200,"srcset":"https:\/\/i0.wp.com\/blogdoprosperi.com\/wp-content\/uploads\/2016\/09\/20160905223537_57ce1d6989830.jpg?resize=350%2C200&ssl=1 1x, https:\/\/i0.wp.com\/blogdoprosperi.com\/wp-content\/uploads\/2016\/09\/20160905223537_57ce1d6989830.jpg?resize=525%2C300&ssl=1 1.5x, https:\/\/i0.wp.com\/blogdoprosperi.com\/wp-content\/uploads\/2016\/09\/20160905223537_57ce1d6989830.jpg?resize=700%2C400&ssl=1 2x, https:\/\/i0.wp.com\/blogdoprosperi.com\/wp-content\/uploads\/2016\/09\/20160905223537_57ce1d6989830.jpg?resize=1050%2C600&ssl=1 3x, https:\/\/i0.wp.com\/blogdoprosperi.com\/wp-content\/uploads\/2016\/09\/20160905223537_57ce1d6989830.jpg?resize=1400%2C800&ssl=1 4x"},"classes":[]}],"jetpack_featured_media_url":"","_links":{"self":[{"href":"https:\/\/blogdoprosperi.com\/index.php?rest_route=\/wp\/v2\/posts\/8723","targetHints":{"allow":["GET"]}}],"collection":[{"href":"https:\/\/blogdoprosperi.com\/index.php?rest_route=\/wp\/v2\/posts"}],"about":[{"href":"https:\/\/blogdoprosperi.com\/index.php?rest_route=\/wp\/v2\/types\/post"}],"author":[{"embeddable":true,"href":"https:\/\/blogdoprosperi.com\/index.php?rest_route=\/wp\/v2\/users\/102107496"}],"replies":[{"embeddable":true,"href":"https:\/\/blogdoprosperi.com\/index.php?rest_route=%2Fwp%2Fv2%2Fcomments&post=8723"}],"version-history":[{"count":25,"href":"https:\/\/blogdoprosperi.com\/index.php?rest_route=\/wp\/v2\/posts\/8723\/revisions"}],"predecessor-version":[{"id":8785,"href":"https:\/\/blogdoprosperi.com\/index.php?rest_route=\/wp\/v2\/posts\/8723\/revisions\/8785"}],"wp:attachment":[{"href":"https:\/\/blogdoprosperi.com\/index.php?rest_route=%2Fwp%2Fv2%2Fmedia&parent=8723"}],"wp:term":[{"taxonomy":"category","embeddable":true,"href":"https:\/\/blogdoprosperi.com\/index.php?rest_route=%2Fwp%2Fv2%2Fcategories&post=8723"},{"taxonomy":"post_tag","embeddable":true,"href":"https:\/\/blogdoprosperi.com\/index.php?rest_route=%2Fwp%2Fv2%2Ftags&post=8723"}],"curies":[{"name":"wp","href":"https:\/\/api.w.org\/{rel}","templated":true}]}}