{"id":8786,"date":"2016-06-05T16:18:29","date_gmt":"2016-06-05T16:18:29","guid":{"rendered":"http:\/\/blogdoprosperi.com\/?p=8786"},"modified":"2016-06-05T16:24:19","modified_gmt":"2016-06-05T16:24:19","slug":"santos-se-reabilita-gracas-ao-lanterna-botafogo-candidato-a-voltar-a-serie-b","status":"publish","type":"post","link":"https:\/\/blogdoprosperi.com\/?p=8786","title":{"rendered":"Santos se reabilita gra\u00e7as ao lanterna Botafogo, candidato a voltar \u00e0 S\u00e9rie B"},"content":{"rendered":"<figure id=\"attachment_8826\" aria-describedby=\"caption-attachment-8826\" style=\"width: 620px\" class=\"wp-caption alignnone\"><img data-recalc-dims=\"1\" loading=\"lazy\" decoding=\"async\" data-attachment-id=\"8826\" data-permalink=\"https:\/\/blogdoprosperi.com\/?attachment_id=8826\" data-orig-file=\"https:\/\/i0.wp.com\/blogdoprosperi.com\/wp-content\/uploads\/2016\/06\/6ba575726669f67fde8c6c2fa9227f2f.jpg?fit=620%2C349&amp;ssl=1\" data-orig-size=\"620,349\" data-comments-opened=\"1\" data-image-meta=\"{&quot;aperture&quot;:&quot;0&quot;,&quot;credit&quot;:&quot;&quot;,&quot;camera&quot;:&quot;&quot;,&quot;caption&quot;:&quot;&quot;,&quot;created_timestamp&quot;:&quot;0&quot;,&quot;copyright&quot;:&quot;&quot;,&quot;focal_length&quot;:&quot;0&quot;,&quot;iso&quot;:&quot;0&quot;,&quot;shutter_speed&quot;:&quot;0&quot;,&quot;title&quot;:&quot;&quot;,&quot;orientation&quot;:&quot;0&quot;}\" data-image-title=\"6ba575726669f67fde8c6c2fa9227f2f\" data-image-description=\"\" data-image-caption=\"\" data-large-file=\"https:\/\/i0.wp.com\/blogdoprosperi.com\/wp-content\/uploads\/2016\/06\/6ba575726669f67fde8c6c2fa9227f2f.jpg?fit=620%2C349&amp;ssl=1\" class=\"alignnone size-full wp-image-8826\" src=\"https:\/\/i0.wp.com\/blogdoprosperi.com\/wp-content\/uploads\/2016\/06\/6ba575726669f67fde8c6c2fa9227f2f.jpg?resize=620%2C349&#038;ssl=1\" alt=\"6ba575726669f67fde8c6c2fa9227f2f\" width=\"620\" height=\"349\" \/><figcaption id=\"caption-attachment-8826\" class=\"wp-caption-text\">Vitor Bueno, com um gola\u00e7o, abre caminho da vit\u00f3ria santista<\/figcaption><\/figure>\n<p>Nada como pegar o Botafogo para se reabilitar no Campeonato Brasileiro. Sorte do Santos. Ap\u00f3s duas derrotas consecutivas (Internacional e Corinthians), recebeu o time carioca nesta manh\u00e3 de domingo no Pacaembu e com muita facilidade venceu por 3 a 0.<\/p>\n<p>A vit\u00f3ria indica que a op\u00e7\u00e3o do Santos, sem Gabigol e Lucas Lima (na sele\u00e7\u00e3o) e Ricardo Oliveira (machucado), \u00e9 mesmo em um time leve e voltado ao ataque, sem deixar de lado a troca r\u00e1pida de passes. Bem diferente daquela covardia defensiva frustrada contra o Corinthians na quarta-feira passada.<\/p>\n<p>Armado para atacar em velocidade e, quando necess\u00e1rio, contra-atacar, o time de Dorival J\u00fanior abriu dois gols de vantagem ainda no primeiro tempo.Sem sustos. O primeiro, um gol de patente de Victor Bueno, com direito a chap\u00e9u no fraco goleiro Helton Leite, e o segundo com Paulinho.<\/p>\n<div class=\"jetpack-video-wrapper\"><span class=\"embed-youtube\" style=\"text-align:center; display: block;\"><iframe loading=\"lazy\" class=\"youtube-player\" width=\"560\" height=\"315\" src=\"https:\/\/www.youtube.com\/embed\/c9U7_kQdKDs?version=3&#038;rel=1&#038;showsearch=0&#038;showinfo=1&#038;iv_load_policy=1&#038;fs=1&#038;hl=pt-BR&#038;autohide=2&#038;wmode=transparent\" allowfullscreen=\"true\" style=\"border:0;\" sandbox=\"allow-scripts allow-same-origin allow-popups allow-presentation allow-popups-to-escape-sandbox\"><\/iframe><\/span><\/div>\n<p>O enredo do jogo, apesar de toda a fragilidade do Botafogo, poderia mudar de rumo no segundo tempo se Ne\u00edlton tivesse convertido o p\u00eanalti que ele sofreu de David Braz.<\/p>\n<p>Ne\u00edlton chutou para fora. E assim deu um bico nas pretens\u00f5es do time carioca. Dali para frente, o Botafogo se destruiu e ainda levou o terceiro gol, contra de Bruno Silva. Era a terceira derrota consecutiva e a lanterna isolada no Brasileir\u00e3o.<\/p>\n<p><span class=\"alignnone\"><img data-recalc-dims=\"1\" loading=\"lazy\" decoding=\"async\" data-attachment-id=\"8821\" data-permalink=\"https:\/\/blogdoprosperi.com\/?attachment_id=8821\" data-orig-file=\"https:\/\/i0.wp.com\/blogdoprosperi.com\/wp-content\/uploads\/2016\/06\/gols_santos_botafogo_brasileirao.jpg?fit=600%2C363&amp;ssl=1\" data-orig-size=\"600,363\" data-comments-opened=\"1\" data-image-meta=\"{&quot;aperture&quot;:&quot;0&quot;,&quot;credit&quot;:&quot;&quot;,&quot;camera&quot;:&quot;&quot;,&quot;caption&quot;:&quot;&quot;,&quot;created_timestamp&quot;:&quot;0&quot;,&quot;copyright&quot;:&quot;&quot;,&quot;focal_length&quot;:&quot;0&quot;,&quot;iso&quot;:&quot;0&quot;,&quot;shutter_speed&quot;:&quot;0&quot;,&quot;title&quot;:&quot;&quot;,&quot;orientation&quot;:&quot;0&quot;}\" data-image-title=\"gols_santos_botafogo_brasileirao\" data-image-description=\"\" data-image-caption=\"\" data-large-file=\"https:\/\/i0.wp.com\/blogdoprosperi.com\/wp-content\/uploads\/2016\/06\/gols_santos_botafogo_brasileirao.jpg?fit=600%2C363&amp;ssl=1\" class=\"alignnone size-full wp-image-8821\" src=\"https:\/\/i0.wp.com\/blogdoprosperi.com\/wp-content\/uploads\/2016\/06\/gols_santos_botafogo_brasileirao.jpg?resize=600%2C363&#038;ssl=1\" alt=\"gols_santos_botafogo_brasileirao\" width=\"600\" height=\"363\" \/><\/span><\/p>\n<p>Aqui cabe uma ressalva: esse time que subiu \u00e0 S\u00e9rie A do Brasileir\u00e3o ainda n\u00e3o tirou o p\u00e9 da S\u00e9rie B. \u00c9 fraco. N\u00e3o tem 11 titulares de boa qualidade t\u00e9cnica e os reservas s\u00e3o piores ainda. Ricardo Gomes tenta equilibrar as car\u00eancias com alguns garotos, mas sobra boa vontade e falta muito talento.<\/p>\n<p>Se o Botafogo n\u00e3o se co\u00e7ar, vai voltar \u00e0 S\u00e9rie B. E o Santos n\u00e3o pode se iludir com essa vit\u00f3ria no Pacaembu. N\u00e3o se recomenda comemorar um nocaute contra um advers\u00e1rio que se apresentou grogue ao combate.<\/p>\n","protected":false},"excerpt":{"rendered":"<p>Nada como pegar o Botafogo para se reabilitar no Campeonato Brasileiro. Sorte do Santos. Ap\u00f3s duas derrotas consecutivas [&hellip;]<\/p>\n","protected":false},"author":102107496,"featured_media":0,"comment_status":"open","ping_status":"open","sticky":false,"template":"","format":"standard","meta":{"_coblocks_attr":"","_coblocks_dimensions":"","_coblocks_responsive_height":"","_coblocks_accordion_ie_support":"","_jetpack_newsletter_access":"","_jetpack_dont_email_post_to_subs":false,"_jetpack_newsletter_tier_id":0,"_jetpack_memberships_contains_paywalled_content":false,"_wpcom_ai_launchpad_first_post":false,"_jetpack_feature_clip_id":0,"_jetpack_memberships_contains_paid_content":false,"footnotes":"","jetpack_publicize_message":"","jetpack_publicize_feature_enabled":true,"jetpack_social_post_already_shared":false,"jetpack_social_options":{"image_generator_settings":{"template":"highway","default_image_id":0,"font":"","enabled":false},"version":2},"jetpack_post_was_ever_published":false},"categories":[355071,53870],"tags":[342801,362595295,789560566,212812,789560560,1716328,2588859,502243626,398461029],"class_list":["post-8786","post","type-post","status-publish","format-standard","hentry","category-campeonato-brasileiro","category-futebol","tag-botafogo","tag-brasileirao-2016","tag-campeonato-brasileiro","tag-cf","tag-futebol","tag-pacaembu","tag-santos-fc","tag-santosxbotafogo","tag-vitor-bueno"],"yoast_head":"<!-- This site is optimized with the Yoast SEO plugin v28.3 - https:\/\/yoast.com\/product\/yoast-seo-wordpress\/ -->\n<title>Santos se reabilita gra\u00e7as ao lanterna Botafogo, candidato a voltar \u00e0 S\u00e9rie B - PR\u00d3SPERI NEWS<\/title>\n<meta name=\"robots\" content=\"index, follow, max-snippet:-1, max-image-preview:large, max-video-preview:-1\" \/>\n<link rel=\"canonical\" href=\"https:\/\/blogdoprosperi.com\/?p=8786\" \/>\n<meta property=\"og:locale\" content=\"pt_BR\" \/>\n<meta property=\"og:type\" content=\"article\" \/>\n<meta property=\"og:title\" content=\"Santos se reabilita gra\u00e7as ao lanterna Botafogo, candidato a voltar \u00e0 S\u00e9rie B - PR\u00d3SPERI NEWS\" \/>\n<meta property=\"og:description\" content=\"Nada como pegar o Botafogo para se reabilitar no Campeonato Brasileiro. Sorte do Santos. Ap\u00f3s duas derrotas consecutivas [&hellip;]\" \/>\n<meta property=\"og:url\" content=\"https:\/\/blogdoprosperi.com\/?p=8786\" \/>\n<meta property=\"og:site_name\" content=\"PR\u00d3SPERI NEWS\" \/>\n<meta property=\"article:publisher\" content=\"Luiz Pr\u00f3speri\" \/>\n<meta property=\"article:author\" content=\"Luiz Pr\u00f3speri\" \/>\n<meta property=\"article:published_time\" content=\"2016-06-05T16:18:29+00:00\" \/>\n<meta property=\"article:modified_time\" content=\"2016-06-05T16:24:19+00:00\" \/>\n<meta property=\"og:image\" content=\"https:\/\/blogdoprosperi.com\/wp-content\/uploads\/2016\/06\/6ba575726669f67fde8c6c2fa9227f2f.jpg\" \/>\n<meta name=\"author\" content=\"Luiz Ant\u00f4nio Pr\u00f3speri\" \/>\n<meta name=\"twitter:card\" content=\"summary_large_image\" \/>\n<meta name=\"twitter:creator\" content=\"@Luizprosperi\" \/>\n<meta name=\"twitter:site\" content=\"@Luizprosperi\" \/>\n<meta name=\"twitter:label1\" content=\"Escrito por\" \/>\n\t<meta name=\"twitter:data1\" content=\"Luiz Ant\u00f4nio Pr\u00f3speri\" \/>\n\t<meta name=\"twitter:label2\" content=\"Est. tempo de leitura\" \/>\n\t<meta name=\"twitter:data2\" content=\"2 minutos\" \/>\n<script type=\"application\/ld+json\" class=\"yoast-schema-graph\">{\"@context\":\"https:\\\/\\\/schema.org\",\"@graph\":[{\"@type\":\"Article\",\"@id\":\"https:\\\/\\\/blogdoprosperi.com\\\/?p=8786#article\",\"isPartOf\":{\"@id\":\"https:\\\/\\\/blogdoprosperi.com\\\/?p=8786\"},\"author\":{\"name\":\"Luiz Ant\u00f4nio Pr\u00f3speri\",\"@id\":\"https:\\\/\\\/blogdoprosperi.com\\\/#\\\/schema\\\/person\\\/38100755ce3601861ee4fab9b5aa78e9\"},\"headline\":\"Santos se reabilita gra\u00e7as ao lanterna Botafogo, candidato a voltar \u00e0 S\u00e9rie B\",\"datePublished\":\"2016-06-05T16:18:29+00:00\",\"dateModified\":\"2016-06-05T16:24:19+00:00\",\"mainEntityOfPage\":{\"@id\":\"https:\\\/\\\/blogdoprosperi.com\\\/?p=8786\"},\"wordCount\":370,\"commentCount\":0,\"publisher\":{\"@id\":\"https:\\\/\\\/blogdoprosperi.com\\\/#\\\/schema\\\/person\\\/38100755ce3601861ee4fab9b5aa78e9\"},\"image\":{\"@id\":\"https:\\\/\\\/blogdoprosperi.com\\\/?p=8786#primaryimage\"},\"thumbnailUrl\":\"https:\\\/\\\/blogdoprosperi.com\\\/wp-content\\\/uploads\\\/2016\\\/06\\\/6ba575726669f67fde8c6c2fa9227f2f.jpg\",\"keywords\":[\"Botafogo\",\"Brasileir\u00e3o-2016\",\"Campeonato Brasileiro\",\"cf\",\"futebol\",\"Pacaembu\",\"Santos FC\",\"SantosxBotafogo\",\"Vitor Bueno\"],\"articleSection\":[\"Campeonato Brasileiro\",\"futebol\"],\"inLanguage\":\"pt-BR\",\"potentialAction\":[{\"@type\":\"CommentAction\",\"name\":\"Comment\",\"target\":[\"https:\\\/\\\/blogdoprosperi.com\\\/?p=8786#respond\"]}]},{\"@type\":\"WebPage\",\"@id\":\"https:\\\/\\\/blogdoprosperi.com\\\/?p=8786\",\"url\":\"https:\\\/\\\/blogdoprosperi.com\\\/?p=8786\",\"name\":\"Santos se reabilita gra\u00e7as ao lanterna Botafogo, candidato a voltar \u00e0 S\u00e9rie B - PR\u00d3SPERI NEWS\",\"isPartOf\":{\"@id\":\"https:\\\/\\\/blogdoprosperi.com\\\/#website\"},\"primaryImageOfPage\":{\"@id\":\"https:\\\/\\\/blogdoprosperi.com\\\/?p=8786#primaryimage\"},\"image\":{\"@id\":\"https:\\\/\\\/blogdoprosperi.com\\\/?p=8786#primaryimage\"},\"thumbnailUrl\":\"https:\\\/\\\/blogdoprosperi.com\\\/wp-content\\\/uploads\\\/2016\\\/06\\\/6ba575726669f67fde8c6c2fa9227f2f.jpg\",\"datePublished\":\"2016-06-05T16:18:29+00:00\",\"dateModified\":\"2016-06-05T16:24:19+00:00\",\"breadcrumb\":{\"@id\":\"https:\\\/\\\/blogdoprosperi.com\\\/?p=8786#breadcrumb\"},\"inLanguage\":\"pt-BR\",\"potentialAction\":[{\"@type\":\"ReadAction\",\"target\":[\"https:\\\/\\\/blogdoprosperi.com\\\/?p=8786\"]}]},{\"@type\":\"ImageObject\",\"inLanguage\":\"pt-BR\",\"@id\":\"https:\\\/\\\/blogdoprosperi.com\\\/?p=8786#primaryimage\",\"url\":\"https:\\\/\\\/i0.wp.com\\\/blogdoprosperi.com\\\/wp-content\\\/uploads\\\/2016\\\/06\\\/6ba575726669f67fde8c6c2fa9227f2f.jpg?fit=620%2C349&ssl=1\",\"contentUrl\":\"https:\\\/\\\/i0.wp.com\\\/blogdoprosperi.com\\\/wp-content\\\/uploads\\\/2016\\\/06\\\/6ba575726669f67fde8c6c2fa9227f2f.jpg?fit=620%2C349&ssl=1\",\"width\":620,\"height\":349},{\"@type\":\"BreadcrumbList\",\"@id\":\"https:\\\/\\\/blogdoprosperi.com\\\/?p=8786#breadcrumb\",\"itemListElement\":[{\"@type\":\"ListItem\",\"position\":1,\"name\":\"In\u00edcio\",\"item\":\"https:\\\/\\\/blogdoprosperi.com\\\/\"},{\"@type\":\"ListItem\",\"position\":2,\"name\":\"Santos se reabilita gra\u00e7as ao lanterna Botafogo, candidato a voltar \u00e0 S\u00e9rie B\"}]},{\"@type\":\"WebSite\",\"@id\":\"https:\\\/\\\/blogdoprosperi.com\\\/#website\",\"url\":\"https:\\\/\\\/blogdoprosperi.com\\\/\",\"name\":\"PR\u00d3SPERI NEWS\",\"description\":\"TUDO \u00c9  FUTEBOL\",\"publisher\":{\"@id\":\"https:\\\/\\\/blogdoprosperi.com\\\/#\\\/schema\\\/person\\\/38100755ce3601861ee4fab9b5aa78e9\"},\"alternateName\":\"blogdoprosperi.com\",\"potentialAction\":[{\"@type\":\"SearchAction\",\"target\":{\"@type\":\"EntryPoint\",\"urlTemplate\":\"https:\\\/\\\/blogdoprosperi.com\\\/?s={search_term_string}\"},\"query-input\":{\"@type\":\"PropertyValueSpecification\",\"valueRequired\":true,\"valueName\":\"search_term_string\"}}],\"inLanguage\":\"pt-BR\"},{\"@type\":[\"Person\",\"Organization\"],\"@id\":\"https:\\\/\\\/blogdoprosperi.com\\\/#\\\/schema\\\/person\\\/38100755ce3601861ee4fab9b5aa78e9\",\"name\":\"Luiz Ant\u00f4nio Pr\u00f3speri\",\"pronouns\":\"ele\",\"image\":{\"@type\":\"ImageObject\",\"inLanguage\":\"pt-BR\",\"@id\":\"https:\\\/\\\/i0.wp.com\\\/blogdoprosperi.com\\\/wp-content\\\/uploads\\\/2026\\\/05\\\/cropped-8059e613-6002-42fa-961e-8e275f575d71-2-5.jpg?fit=1360%2C931&ssl=1\",\"url\":\"https:\\\/\\\/i0.wp.com\\\/blogdoprosperi.com\\\/wp-content\\\/uploads\\\/2026\\\/05\\\/cropped-8059e613-6002-42fa-961e-8e275f575d71-2-5.jpg?fit=1360%2C931&ssl=1\",\"contentUrl\":\"https:\\\/\\\/i0.wp.com\\\/blogdoprosperi.com\\\/wp-content\\\/uploads\\\/2026\\\/05\\\/cropped-8059e613-6002-42fa-961e-8e275f575d71-2-5.jpg?fit=1360%2C931&ssl=1\",\"width\":1360,\"height\":931,\"caption\":\"Luiz Ant\u00f4nio Pr\u00f3speri\"},\"logo\":{\"@id\":\"https:\\\/\\\/i0.wp.com\\\/blogdoprosperi.com\\\/wp-content\\\/uploads\\\/2026\\\/05\\\/cropped-8059e613-6002-42fa-961e-8e275f575d71-2-5.jpg?fit=1360%2C931&ssl=1\"},\"description\":\"Jornalista com carreira dedicada ao esporte. Cobriu 9 Copas do Mundo in loco, 1990 na It\u00e1lia, 1994 nos EUA, 1998 na Fran\u00e7a, 2002 na Coreia do Sul e Jap\u00e3o, 2006 na Alemanha, 2010 na \u00c1frica do Sul, 2014 no Brasil, 2018 na R\u00fassia e 2022 no Qatar. Eurocopas, 1992 na Su\u00e9cia e 1996 na Inglaterra. Copa das Confedera\u00e7\u00f5es de 2005 na Alemanha e 2009 na \u00c1frica do Sul. Rep\u00f3rter e Editor, trabalhou no Jornal da Tarde e Estad\u00e3o, de 1984 a fevereiro de 2016. Colunista, blogueiro. E comentarista de futebol na R\u00e1dio Estad\u00e3o, de 2013 a fevereiro de 2016. Jornalista respons\u00e1vel do \\\"Pr\u00f3speri News\\\" (blogdoprosperi.com).\",\"sameAs\":[\"http:\\\/\\\/blogdoprosperi.com\",\"Luiz Pr\u00f3speri\",\"@luiz_prosperi\",\"https:\\\/\\\/x.com\\\/Luizprosperi\",\"@prosperinacopa\",\"luiz.prosperi@icloud.com\"],\"url\":\"https:\\\/\\\/blogdoprosperi.com\\\/?author=102107496\"}]}<\/script>\n<!-- \/ Yoast SEO plugin. -->","yoast_head_json":{"title":"Santos se reabilita gra\u00e7as ao lanterna Botafogo, candidato a voltar \u00e0 S\u00e9rie B - PR\u00d3SPERI NEWS","robots":{"index":"index","follow":"follow","max-snippet":"max-snippet:-1","max-image-preview":"max-image-preview:large","max-video-preview":"max-video-preview:-1"},"canonical":"https:\/\/blogdoprosperi.com\/?p=8786","og_locale":"pt_BR","og_type":"article","og_title":"Santos se reabilita gra\u00e7as ao lanterna Botafogo, candidato a voltar \u00e0 S\u00e9rie B - PR\u00d3SPERI NEWS","og_description":"Nada como pegar o Botafogo para se reabilitar no Campeonato Brasileiro. Sorte do Santos. Ap\u00f3s duas derrotas consecutivas [&hellip;]","og_url":"https:\/\/blogdoprosperi.com\/?p=8786","og_site_name":"PR\u00d3SPERI NEWS","article_publisher":"Luiz Pr\u00f3speri","article_author":"Luiz Pr\u00f3speri","article_published_time":"2016-06-05T16:18:29+00:00","article_modified_time":"2016-06-05T16:24:19+00:00","og_image":[{"url":"https:\/\/blogdoprosperi.com\/wp-content\/uploads\/2016\/06\/6ba575726669f67fde8c6c2fa9227f2f.jpg","type":"","width":"","height":""}],"author":"Luiz Ant\u00f4nio Pr\u00f3speri","twitter_card":"summary_large_image","twitter_creator":"@Luizprosperi","twitter_site":"@Luizprosperi","twitter_misc":{"Escrito por":"Luiz Ant\u00f4nio Pr\u00f3speri","Est. tempo de leitura":"2 minutos"},"schema":{"@context":"https:\/\/schema.org","@graph":[{"@type":"Article","@id":"https:\/\/blogdoprosperi.com\/?p=8786#article","isPartOf":{"@id":"https:\/\/blogdoprosperi.com\/?p=8786"},"author":{"name":"Luiz Ant\u00f4nio Pr\u00f3speri","@id":"https:\/\/blogdoprosperi.com\/#\/schema\/person\/38100755ce3601861ee4fab9b5aa78e9"},"headline":"Santos se reabilita gra\u00e7as ao lanterna Botafogo, candidato a voltar \u00e0 S\u00e9rie B","datePublished":"2016-06-05T16:18:29+00:00","dateModified":"2016-06-05T16:24:19+00:00","mainEntityOfPage":{"@id":"https:\/\/blogdoprosperi.com\/?p=8786"},"wordCount":370,"commentCount":0,"publisher":{"@id":"https:\/\/blogdoprosperi.com\/#\/schema\/person\/38100755ce3601861ee4fab9b5aa78e9"},"image":{"@id":"https:\/\/blogdoprosperi.com\/?p=8786#primaryimage"},"thumbnailUrl":"https:\/\/blogdoprosperi.com\/wp-content\/uploads\/2016\/06\/6ba575726669f67fde8c6c2fa9227f2f.jpg","keywords":["Botafogo","Brasileir\u00e3o-2016","Campeonato Brasileiro","cf","futebol","Pacaembu","Santos FC","SantosxBotafogo","Vitor Bueno"],"articleSection":["Campeonato Brasileiro","futebol"],"inLanguage":"pt-BR","potentialAction":[{"@type":"CommentAction","name":"Comment","target":["https:\/\/blogdoprosperi.com\/?p=8786#respond"]}]},{"@type":"WebPage","@id":"https:\/\/blogdoprosperi.com\/?p=8786","url":"https:\/\/blogdoprosperi.com\/?p=8786","name":"Santos se reabilita gra\u00e7as ao lanterna Botafogo, candidato a voltar \u00e0 S\u00e9rie B - PR\u00d3SPERI NEWS","isPartOf":{"@id":"https:\/\/blogdoprosperi.com\/#website"},"primaryImageOfPage":{"@id":"https:\/\/blogdoprosperi.com\/?p=8786#primaryimage"},"image":{"@id":"https:\/\/blogdoprosperi.com\/?p=8786#primaryimage"},"thumbnailUrl":"https:\/\/blogdoprosperi.com\/wp-content\/uploads\/2016\/06\/6ba575726669f67fde8c6c2fa9227f2f.jpg","datePublished":"2016-06-05T16:18:29+00:00","dateModified":"2016-06-05T16:24:19+00:00","breadcrumb":{"@id":"https:\/\/blogdoprosperi.com\/?p=8786#breadcrumb"},"inLanguage":"pt-BR","potentialAction":[{"@type":"ReadAction","target":["https:\/\/blogdoprosperi.com\/?p=8786"]}]},{"@type":"ImageObject","inLanguage":"pt-BR","@id":"https:\/\/blogdoprosperi.com\/?p=8786#primaryimage","url":"https:\/\/i0.wp.com\/blogdoprosperi.com\/wp-content\/uploads\/2016\/06\/6ba575726669f67fde8c6c2fa9227f2f.jpg?fit=620%2C349&ssl=1","contentUrl":"https:\/\/i0.wp.com\/blogdoprosperi.com\/wp-content\/uploads\/2016\/06\/6ba575726669f67fde8c6c2fa9227f2f.jpg?fit=620%2C349&ssl=1","width":620,"height":349},{"@type":"BreadcrumbList","@id":"https:\/\/blogdoprosperi.com\/?p=8786#breadcrumb","itemListElement":[{"@type":"ListItem","position":1,"name":"In\u00edcio","item":"https:\/\/blogdoprosperi.com\/"},{"@type":"ListItem","position":2,"name":"Santos se reabilita gra\u00e7as ao lanterna Botafogo, candidato a voltar \u00e0 S\u00e9rie B"}]},{"@type":"WebSite","@id":"https:\/\/blogdoprosperi.com\/#website","url":"https:\/\/blogdoprosperi.com\/","name":"PR\u00d3SPERI NEWS","description":"TUDO \u00c9  FUTEBOL","publisher":{"@id":"https:\/\/blogdoprosperi.com\/#\/schema\/person\/38100755ce3601861ee4fab9b5aa78e9"},"alternateName":"blogdoprosperi.com","potentialAction":[{"@type":"SearchAction","target":{"@type":"EntryPoint","urlTemplate":"https:\/\/blogdoprosperi.com\/?s={search_term_string}"},"query-input":{"@type":"PropertyValueSpecification","valueRequired":true,"valueName":"search_term_string"}}],"inLanguage":"pt-BR"},{"@type":["Person","Organization"],"@id":"https:\/\/blogdoprosperi.com\/#\/schema\/person\/38100755ce3601861ee4fab9b5aa78e9","name":"Luiz Ant\u00f4nio Pr\u00f3speri","pronouns":"ele","image":{"@type":"ImageObject","inLanguage":"pt-BR","@id":"https:\/\/i0.wp.com\/blogdoprosperi.com\/wp-content\/uploads\/2026\/05\/cropped-8059e613-6002-42fa-961e-8e275f575d71-2-5.jpg?fit=1360%2C931&ssl=1","url":"https:\/\/i0.wp.com\/blogdoprosperi.com\/wp-content\/uploads\/2026\/05\/cropped-8059e613-6002-42fa-961e-8e275f575d71-2-5.jpg?fit=1360%2C931&ssl=1","contentUrl":"https:\/\/i0.wp.com\/blogdoprosperi.com\/wp-content\/uploads\/2026\/05\/cropped-8059e613-6002-42fa-961e-8e275f575d71-2-5.jpg?fit=1360%2C931&ssl=1","width":1360,"height":931,"caption":"Luiz Ant\u00f4nio Pr\u00f3speri"},"logo":{"@id":"https:\/\/i0.wp.com\/blogdoprosperi.com\/wp-content\/uploads\/2026\/05\/cropped-8059e613-6002-42fa-961e-8e275f575d71-2-5.jpg?fit=1360%2C931&ssl=1"},"description":"Jornalista com carreira dedicada ao esporte. Cobriu 9 Copas do Mundo in loco, 1990 na It\u00e1lia, 1994 nos EUA, 1998 na Fran\u00e7a, 2002 na Coreia do Sul e Jap\u00e3o, 2006 na Alemanha, 2010 na \u00c1frica do Sul, 2014 no Brasil, 2018 na R\u00fassia e 2022 no Qatar. Eurocopas, 1992 na Su\u00e9cia e 1996 na Inglaterra. Copa das Confedera\u00e7\u00f5es de 2005 na Alemanha e 2009 na \u00c1frica do Sul. Rep\u00f3rter e Editor, trabalhou no Jornal da Tarde e Estad\u00e3o, de 1984 a fevereiro de 2016. Colunista, blogueiro. E comentarista de futebol na R\u00e1dio Estad\u00e3o, de 2013 a fevereiro de 2016. Jornalista respons\u00e1vel do \"Pr\u00f3speri News\" (blogdoprosperi.com).","sameAs":["http:\/\/blogdoprosperi.com","Luiz Pr\u00f3speri","@luiz_prosperi","https:\/\/x.com\/Luizprosperi","@prosperinacopa","luiz.prosperi@icloud.com"],"url":"https:\/\/blogdoprosperi.com\/?author=102107496"}]}},"jetpack_publicize_connections":[],"jetpack_likes_enabled":false,"jetpack_sharing_enabled":true,"jetpack_shortlink":"https:\/\/wp.me\/p7jvdk-2hI","jetpack-related-posts":[{"id":25478,"url":"https:\/\/blogdoprosperi.com\/?p=25478","url_meta":{"origin":8786,"position":0},"title":"Santos acaba com a gra\u00e7a do Botafogo e cola nos l\u00edderes do Brasileir\u00e3o","author":"Luiz Ant\u00f4nio Pr\u00f3speri","date":"14 de setembro de 2016","format":false,"excerpt":"Santos confirma sua recupera\u00e7\u00e3o no Campeonato Brasileiro ao enquadrar o Botafogo na sua arena na Ilha do Governador, de p\u00e9ssimo gramado e favor\u00e1vel \u00e0 press\u00e3o do dono do al\u00e7ap\u00e3o. Venceu por 1 a 0, gol de Zeca, e colocou fim na sequ\u00eancia de vit\u00f3rias do time carioca. Detalhes importantes: o\u2026","rel":"","context":"Em &quot;Campeonato Brasileiro&quot;","block_context":{"text":"Campeonato Brasileiro","link":"https:\/\/blogdoprosperi.com\/?cat=355071"},"img":{"alt_text":"","src":"https:\/\/i0.wp.com\/blogdoprosperi.com\/wp-content\/uploads\/2016\/09\/cdg20160914120.jpg?resize=350%2C200&ssl=1","width":350,"height":200,"srcset":"https:\/\/i0.wp.com\/blogdoprosperi.com\/wp-content\/uploads\/2016\/09\/cdg20160914120.jpg?resize=350%2C200&ssl=1 1x, https:\/\/i0.wp.com\/blogdoprosperi.com\/wp-content\/uploads\/2016\/09\/cdg20160914120.jpg?resize=525%2C300&ssl=1 1.5x"},"classes":[]},{"id":25986,"url":"https:\/\/blogdoprosperi.com\/?p=25986","url_meta":{"origin":8786,"position":1},"title":"An\u00e1lise da 26\u00aa rodada em 5 temas: Palmeiras e Flamengo n\u00e3o se suportam; Santos n\u00e3o desiste da briga; S\u00e3o Paulo e Corinthians se esfarelam","author":"Luiz Ant\u00f4nio Pr\u00f3speri","date":"18 de setembro de 2016","format":false,"excerpt":"Palmeiras e Flamengo se consolidam como postulantes ao t\u00edtulo e se distanciam, com a bola que t\u00eam jogado, de Atl\u00e9tico-MG e Santos, dois times com um pouco de soberba nos momentos decisivos. Corinthians, em queda livre, parece ter abandonado a peleja ao demitir Crist\u00f3v\u00e3o Borges ap\u00f3s derrota no cl\u00e1ssico no\u2026","rel":"","context":"Em &quot;Campeonato Brasileiro&quot;","block_context":{"text":"Campeonato Brasileiro","link":"https:\/\/blogdoprosperi.com\/?cat=355071"},"img":{"alt_text":"","src":"https:\/\/i0.wp.com\/blogdoprosperi.com\/wp-content\/uploads\/2016\/09\/pro7-15.jpg?resize=350%2C200","width":350,"height":200,"srcset":"https:\/\/i0.wp.com\/blogdoprosperi.com\/wp-content\/uploads\/2016\/09\/pro7-15.jpg?resize=350%2C200 1x, https:\/\/i0.wp.com\/blogdoprosperi.com\/wp-content\/uploads\/2016\/09\/pro7-15.jpg?resize=525%2C300 1.5x, https:\/\/i0.wp.com\/blogdoprosperi.com\/wp-content\/uploads\/2016\/09\/pro7-15.jpg?resize=700%2C400 2x, https:\/\/i0.wp.com\/blogdoprosperi.com\/wp-content\/uploads\/2016\/09\/pro7-15.jpg?resize=1050%2C600 3x, https:\/\/i0.wp.com\/blogdoprosperi.com\/wp-content\/uploads\/2016\/09\/pro7-15.jpg?resize=1400%2C800 4x"},"classes":[]},{"id":25033,"url":"https:\/\/blogdoprosperi.com\/?p=25033","url_meta":{"origin":8786,"position":2},"title":"Santos vira cl\u00e1ssico em cima de um Corinthians inerte no segundo tempo","author":"Luiz Ant\u00f4nio Pr\u00f3speri","date":"11 de setembro de 2016","format":false,"excerpt":"Santos enquadra Corinthians no segundo tempo e vence o cl\u00e1ssico de virada por 2 a 1 neste domingo na Vila Belmiro. Venceu o time que n\u00e3o se acomodou no jogo. Ao sair em desvantagem no primeiro tempo, teve coragem de reverter o quadro nos 45 minutos finais e tirou proveito\u2026","rel":"","context":"Em &quot;Campeonato Brasileiro&quot;","block_context":{"text":"Campeonato Brasileiro","link":"https:\/\/blogdoprosperi.com\/?cat=355071"},"img":{"alt_text":"","src":"https:\/\/i0.wp.com\/blogdoprosperi.com\/wp-content\/uploads\/2016\/09\/57d5bb7ae167c1.jpeg?resize=350%2C200&ssl=1","width":350,"height":200,"srcset":"https:\/\/i0.wp.com\/blogdoprosperi.com\/wp-content\/uploads\/2016\/09\/57d5bb7ae167c1.jpeg?resize=350%2C200&ssl=1 1x, https:\/\/i0.wp.com\/blogdoprosperi.com\/wp-content\/uploads\/2016\/09\/57d5bb7ae167c1.jpeg?resize=525%2C300&ssl=1 1.5x, https:\/\/i0.wp.com\/blogdoprosperi.com\/wp-content\/uploads\/2016\/09\/57d5bb7ae167c1.jpeg?resize=700%2C400&ssl=1 2x"},"classes":[]},{"id":18301,"url":"https:\/\/blogdoprosperi.com\/?p=18301","url_meta":{"origin":8786,"position":3},"title":"Santos supera Cruzeiro e seu treinador credencia time na corrida pelo t\u00edtulo","author":"Luiz Ant\u00f4nio Pr\u00f3speri","date":"31 de julho de 2016","format":false,"excerpt":"Dorival J\u00fanior projeta o Santos na briga pelo t\u00edtulo do Campeonato Brasileiro se n\u00e3o perder seus principais jogadores na janela de transfer\u00eancia, com fechamento no dia 30 de agosto. O treinador admitiu essa possibilidade logo ap\u00f3s a vit\u00f3ria do seu time diante do Cruzeiro por 2 a 0 neste domingo\u2026","rel":"","context":"Em &quot;Campeonato Brasileiro&quot;","block_context":{"text":"Campeonato Brasileiro","link":"https:\/\/blogdoprosperi.com\/?cat=355071"},"img":{"alt_text":"","src":"https:\/\/i0.wp.com\/blogdoprosperi.com\/wp-content\/uploads\/2016\/07\/santos-x-cruzeiro_fxzs9qlo0f721aa57xtfhbmga.jpg?resize=350%2C200&ssl=1","width":350,"height":200,"srcset":"https:\/\/i0.wp.com\/blogdoprosperi.com\/wp-content\/uploads\/2016\/07\/santos-x-cruzeiro_fxzs9qlo0f721aa57xtfhbmga.jpg?resize=350%2C200&ssl=1 1x, https:\/\/i0.wp.com\/blogdoprosperi.com\/wp-content\/uploads\/2016\/07\/santos-x-cruzeiro_fxzs9qlo0f721aa57xtfhbmga.jpg?resize=525%2C300&ssl=1 1.5x"},"classes":[]},{"id":13209,"url":"https:\/\/blogdoprosperi.com\/?p=13209","url_meta":{"origin":8786,"position":4},"title":"Recital de Lucas Lima leva Santos a destruir S\u00e3o Paulo no cl\u00e1ssico","author":"Luiz Ant\u00f4nio Pr\u00f3speri","date":"26 de junho de 2016","format":false,"excerpt":"\u00a0 Santos se preocupa com o Campeonato Brasileiro, o S\u00e3o Paulo s\u00f3 pensa nas semifinais da Copa Libertadores. Essas ideias ficaram bem claras no cl\u00e1ssico \u00a0vencido pelo time santista neste domingo (26\/6) no Pacaembu. Vit\u00f3ria por 3 a 0. Inquestion\u00e1vel. Antes mesmo de as equipes entrarem em campo, depois da\u2026","rel":"","context":"Em &quot;Campeonato Brasileiro&quot;","block_context":{"text":"Campeonato Brasileiro","link":"https:\/\/blogdoprosperi.com\/?cat=355071"},"img":{"alt_text":"","src":"https:\/\/i0.wp.com\/blogdoprosperi.com\/wp-content\/uploads\/2016\/06\/pro10-2.jpg?resize=350%2C200","width":350,"height":200,"srcset":"https:\/\/i0.wp.com\/blogdoprosperi.com\/wp-content\/uploads\/2016\/06\/pro10-2.jpg?resize=350%2C200 1x, https:\/\/i0.wp.com\/blogdoprosperi.com\/wp-content\/uploads\/2016\/06\/pro10-2.jpg?resize=525%2C300 1.5x, https:\/\/i0.wp.com\/blogdoprosperi.com\/wp-content\/uploads\/2016\/06\/pro10-2.jpg?resize=700%2C400 2x, https:\/\/i0.wp.com\/blogdoprosperi.com\/wp-content\/uploads\/2016\/06\/pro10-2.jpg?resize=1050%2C600 3x, https:\/\/i0.wp.com\/blogdoprosperi.com\/wp-content\/uploads\/2016\/06\/pro10-2.jpg?resize=1400%2C800 4x"},"classes":[]},{"id":18236,"url":"https:\/\/blogdoprosperi.com\/?p=18236","url_meta":{"origin":8786,"position":5},"title":"Palmeiras desanda no Brasileir\u00e3o e cede lideran\u00e7a ao Corinthians","author":"Luiz Ant\u00f4nio Pr\u00f3speri","date":"31 de julho de 2016","format":false,"excerpt":"Palmeiras, sem Fernando Prass e Gabriel Jesus, conhece sua segunda derrota consecutiva e desanda no Campeonato Brasileiro. De l\u00edder, desde a nona rodada, cai para o terceiro lugar ultrapassado por Corinthians, que assumiu a ponta, e Santos, ao perder por 3 a 1 para o Botafogo neste domingo (30\/7) no\u2026","rel":"","context":"Em &quot;Campeonato Brasileiro&quot;","block_context":{"text":"Campeonato Brasileiro","link":"https:\/\/blogdoprosperi.com\/?cat=355071"},"img":{"alt_text":"","src":"https:\/\/i0.wp.com\/blogdoprosperi.com\/wp-content\/uploads\/2016\/07\/gol_neilton_botafogo.jpg?resize=350%2C200&ssl=1","width":350,"height":200,"srcset":"https:\/\/i0.wp.com\/blogdoprosperi.com\/wp-content\/uploads\/2016\/07\/gol_neilton_botafogo.jpg?resize=350%2C200&ssl=1 1x, https:\/\/i0.wp.com\/blogdoprosperi.com\/wp-content\/uploads\/2016\/07\/gol_neilton_botafogo.jpg?resize=525%2C300&ssl=1 1.5x"},"classes":[]}],"jetpack_featured_media_url":"","_links":{"self":[{"href":"https:\/\/blogdoprosperi.com\/index.php?rest_route=\/wp\/v2\/posts\/8786","targetHints":{"allow":["GET"]}}],"collection":[{"href":"https:\/\/blogdoprosperi.com\/index.php?rest_route=\/wp\/v2\/posts"}],"about":[{"href":"https:\/\/blogdoprosperi.com\/index.php?rest_route=\/wp\/v2\/types\/post"}],"author":[{"embeddable":true,"href":"https:\/\/blogdoprosperi.com\/index.php?rest_route=\/wp\/v2\/users\/102107496"}],"replies":[{"embeddable":true,"href":"https:\/\/blogdoprosperi.com\/index.php?rest_route=%2Fwp%2Fv2%2Fcomments&post=8786"}],"version-history":[{"count":25,"href":"https:\/\/blogdoprosperi.com\/index.php?rest_route=\/wp\/v2\/posts\/8786\/revisions"}],"predecessor-version":[{"id":8833,"href":"https:\/\/blogdoprosperi.com\/index.php?rest_route=\/wp\/v2\/posts\/8786\/revisions\/8833"}],"wp:attachment":[{"href":"https:\/\/blogdoprosperi.com\/index.php?rest_route=%2Fwp%2Fv2%2Fmedia&parent=8786"}],"wp:term":[{"taxonomy":"category","embeddable":true,"href":"https:\/\/blogdoprosperi.com\/index.php?rest_route=%2Fwp%2Fv2%2Fcategories&post=8786"},{"taxonomy":"post_tag","embeddable":true,"href":"https:\/\/blogdoprosperi.com\/index.php?rest_route=%2Fwp%2Fv2%2Ftags&post=8786"}],"curies":[{"name":"wp","href":"https:\/\/api.w.org\/{rel}","templated":true}]}}