{"id":8834,"date":"2016-06-05T22:11:41","date_gmt":"2016-06-05T22:11:41","guid":{"rendered":"http:\/\/blogdoprosperi.com\/?p=8834"},"modified":"2016-06-06T02:51:37","modified_gmt":"2016-06-06T02:51:37","slug":"palmeiras-vence-primeira-fora-de-casa-com-tacada-certeira-de-cuca","status":"publish","type":"post","link":"https:\/\/blogdoprosperi.com\/?p=8834","title":{"rendered":"Palmeiras vence primeira fora de casa com tacada certeira de Cuca"},"content":{"rendered":"<p><span class=\"alignnone\"><img data-recalc-dims=\"1\" loading=\"lazy\" decoding=\"async\" data-attachment-id=\"8903\" data-permalink=\"https:\/\/blogdoprosperi.com\/?attachment_id=8903\" data-orig-file=\"https:\/\/i0.wp.com\/blogdoprosperi.com\/wp-content\/uploads\/2016\/06\/gabriel-jesus-palmeiras_1rf5we55puat81i4d3043irf4u.png?fit=620%2C430&amp;ssl=1\" data-orig-size=\"620,430\" data-comments-opened=\"1\" data-image-meta=\"{&quot;aperture&quot;:&quot;0&quot;,&quot;credit&quot;:&quot;&quot;,&quot;camera&quot;:&quot;&quot;,&quot;caption&quot;:&quot;&quot;,&quot;created_timestamp&quot;:&quot;0&quot;,&quot;copyright&quot;:&quot;&quot;,&quot;focal_length&quot;:&quot;0&quot;,&quot;iso&quot;:&quot;0&quot;,&quot;shutter_speed&quot;:&quot;0&quot;,&quot;title&quot;:&quot;&quot;,&quot;orientation&quot;:&quot;0&quot;}\" data-image-title=\"gabriel-jesus-palmeiras_1rf5we55puat81i4d3043irf4u\" data-image-description=\"\" data-image-caption=\"\" data-large-file=\"https:\/\/i0.wp.com\/blogdoprosperi.com\/wp-content\/uploads\/2016\/06\/gabriel-jesus-palmeiras_1rf5we55puat81i4d3043irf4u.png?fit=620%2C430&amp;ssl=1\" class=\"alignnone size-full wp-image-8903\" src=\"https:\/\/i0.wp.com\/blogdoprosperi.com\/wp-content\/uploads\/2016\/06\/gabriel-jesus-palmeiras_1rf5we55puat81i4d3043irf4u.png?resize=620%2C430&#038;ssl=1\" alt=\"gabriel-jesus-palmeiras_1rf5we55puat81i4d3043irf4u\" width=\"620\" height=\"430\" \/><\/span><\/p>\n<p>Vencer fora de casa \u00e9 obriga\u00e7\u00e3o aos postulantes ao t\u00edtulo do Campeonato Brasileiro. Em cinco rodadas, o Palmeiras havia acumulado duas derrotas longe de seu est\u00e1dio. Neste domingo (05\/6), no Man\u00e9 Garrincha em Bras\u00edlia, come\u00e7ou a reverter essa desvantagem com a vit\u00f3ria por 2 a 1 contra o Flamengo, com recorde de p\u00fablico nesta temporada de 2016 &#8211; 54.665 pagantes, renda de R$ 2.828.565,00.<\/p>\n<p>Deste triunfo do Palmeiras, que se garantiu no G-4 a um ponto do l\u00edder Corinthians, a de se destacar mais uma vez a atua\u00e7\u00e3o de Cuca. O t\u00e9cnico iniciou a partida com a forma\u00e7\u00e3o usada no segundo tempo contra o Gr\u00eamio, quando seu time amassou a boa equipe ga\u00facha, com o tridente Roger Guedes, Dudu e Gabriel Jesus.<\/p>\n<p>Dominou o primeiro tempo e poderia ter sa\u00eddo com a vantagem parcial, mas ficou no 1 a 1 &#8211; gols de Gabriel Jesus, aos 2; e Alan Patrick, aos 5.<\/p>\n<p>No segundo tempo, o Flamengo voltou mais aceso. Marcou a sa\u00edda de bola e por 17 minutos teve o controle do jogo. A\u00ed apareceu Cuca. Tirou o voante Matheus Sales e mandou Luan, aquele de 2012 da \u00e9poca do Felip\u00e3o, a campo. Luan foi para a ponta-esquerda. Mois\u00e9s recuou para dar mais agilidade e qualidade na sa\u00edda de bola.<\/p>\n<p><span class=\"alignnone\"><img data-recalc-dims=\"1\" loading=\"lazy\" decoding=\"async\" data-attachment-id=\"8906\" data-permalink=\"https:\/\/blogdoprosperi.com\/?attachment_id=8906\" data-orig-file=\"https:\/\/i0.wp.com\/blogdoprosperi.com\/wp-content\/uploads\/2016\/06\/cuca-orienta-os-jogadores-do-palmeiras-na-partida-contra-a-ponte-preta-1463936958392_615x300-1.jpg?fit=615%2C300&amp;ssl=1\" data-orig-size=\"615,300\" data-comments-opened=\"1\" data-image-meta=\"{&quot;aperture&quot;:&quot;0&quot;,&quot;credit&quot;:&quot;&quot;,&quot;camera&quot;:&quot;&quot;,&quot;caption&quot;:&quot;&quot;,&quot;created_timestamp&quot;:&quot;0&quot;,&quot;copyright&quot;:&quot;&quot;,&quot;focal_length&quot;:&quot;0&quot;,&quot;iso&quot;:&quot;0&quot;,&quot;shutter_speed&quot;:&quot;0&quot;,&quot;title&quot;:&quot;&quot;,&quot;orientation&quot;:&quot;0&quot;}\" data-image-title=\"cuca-orienta-os-jogadores-do-palmeiras-na-partida-contra-a-ponte-preta-1463936958392_615x300-1\" data-image-description=\"\" data-image-caption=\"\" data-large-file=\"https:\/\/i0.wp.com\/blogdoprosperi.com\/wp-content\/uploads\/2016\/06\/cuca-orienta-os-jogadores-do-palmeiras-na-partida-contra-a-ponte-preta-1463936958392_615x300-1.jpg?fit=615%2C300&amp;ssl=1\" class=\"alignnone size-full wp-image-8906\" src=\"https:\/\/i0.wp.com\/blogdoprosperi.com\/wp-content\/uploads\/2016\/06\/cuca-orienta-os-jogadores-do-palmeiras-na-partida-contra-a-ponte-preta-1463936958392_615x300-1.jpg?resize=615%2C300&#038;ssl=1\" alt=\"cuca-orienta-os-jogadores-do-palmeiras-na-partida-contra-a-ponte-preta-1463936958392_615x300-1\" width=\"615\" height=\"300\" \/><\/span><\/p>\n<p>Essa mudan\u00e7a veio seguida de outra, quase imediata, de Cleiton Xavier no lugar de Roger Guedes. O Palmeiras passou a ter tr\u00eas bons passadores no meio &#8211; Xavier, Mois\u00e9s e Tch\u00ea Tch\u00ea &#8211; e Dudu foi jogar aberto, carregando a marca\u00e7\u00e3o do volante M\u00e1rcio Ara\u00fajo. Bom para Cuca. Com essa disposi\u00e7\u00e3o, anulou o Flamengo.<\/p>\n<p>Z\u00e9 Ricardo, treinador do time carioca, havia apostado na velocidade de Cirino no lugar do garoto Vizeu para prensar o rival ao lado de Fernandinho e Everton. Mas, quando percebeu \u00a0que o time de Cuca havia assumido o controle do meio-campo, trocou Everton por Mancuello. J\u00e1 era tarde.<\/p>\n<p><strong>A ARBITRAGEM<\/strong><br \/>\nA equipe paulista, na base de troca de passes curtos e triangula\u00e7\u00f5es, havia ocupado o campo carioca. Gols seriam quest\u00e3o de tempo. Poderia ter sa\u00eddo em um p\u00eanalti n\u00e3o marcado, com L\u00e9o Duarte desviando com a m\u00e3o cruzamento de Luan, por volta dos 20 minutos.<\/p>\n<p>Ali\u00e1s, a torcida, mais do que os dirigentes do clube, reclama de uma s\u00e9rie de erros da arbitragem contra o Palmeiras neste Brasileir\u00e3o.<\/p>\n<div class=\"jetpack-video-wrapper\"><span class=\"embed-youtube\" style=\"text-align:center; display: block;\"><iframe loading=\"lazy\" class=\"youtube-player\" width=\"560\" height=\"315\" src=\"https:\/\/www.youtube.com\/embed\/iCHMoBoEfb8?version=3&#038;rel=1&#038;showsearch=0&#038;showinfo=1&#038;iv_load_policy=1&#038;fs=1&#038;hl=pt-BR&#038;autohide=2&#038;wmode=transparent\" allowfullscreen=\"true\" style=\"border:0;\" sandbox=\"allow-scripts allow-same-origin allow-popups allow-presentation allow-popups-to-escape-sandbox\"><\/iframe><\/span><\/div>\n<p>Aos 26, n\u00e3o teve jeito. O zagueiro Cesar Martins, de m\u00e3o trocada, fez a defesa mais bonita do jogo em chute de Gabriel Jesus. P\u00eanalti e Martins foi expulso. Jean converteu: 2 a 1.<\/p>\n<p>Com 2 a 1, o Palmeiras segurou ainda mais as r\u00e9deas do jogo e n\u00e3o deu a m\u00ednima chance de rea\u00e7\u00e3o ao Flamengo, conquistando a primeira vit\u00f3ria fora de casa em seis rodadas.<\/p>\n<p>Tr\u00eas pontos que vieram, mais uma vez, com a leitura do jogo perfeita de Cuca. Se continuar nessa toada, pode sim se candidatar a ser campe\u00e3o.<\/p>\n<blockquote><p>&#8220;Apesar desse time ser novo, de molecada, eles mostraram que n\u00e3o precisava correr com a bola, n\u00e3o precisava se expor. Eles ficaram com a bola e n\u00e3o se desgastaram. Isso \u00e9 bom. N\u00e3o \u00e9 necess\u00e1rio aquela correria desenfreada em busca do gol&#8221;, disse Cuca.<\/p><\/blockquote>\n<p><strong>INCIDENTE E MORTE<\/strong><br \/>\nNo intervalo do jogo, fac\u00e7\u00f5es organizadas de Flamengo e Palmeiras entraram em confronto nos corredores internos do est\u00e1dio. A Pol\u00edcia Militar agiu e gastou tubos de g\u00e1s pimenta e g\u00e1s lacrimog\u00eaneo para conter o vandalismo. Muitas crian\u00e7as de colo foram levadas por seus pais aos postos m\u00e9dicos no est\u00e1dio. Jogadores sentiram o efeito do g\u00e1s no campo. A PM informou que 30 palmeirenses foram detidos.<\/p>\n<p>No fim da noite, informa\u00e7\u00f5es n\u00e3o oficiais, davam conta de que um torcedor morreu v\u00edtima de ferimentos na batalha entre torcidas.<\/p>\n<p>Antes do confronto, cabe lembrar que n\u00e3o houve separa\u00e7\u00e3o de torcedores comuns. Flamenguistas se sentaram ao lado de palmeiras. Entre os v\u00e2ndalos, imposs\u00edvel. Mesmo apartados no est\u00e1dio, longe uma da outra, as organizadas deram um jeito de trocar &#8220;confid\u00eancias&#8221; na base da pancadaria.<\/p>\n","protected":false},"excerpt":{"rendered":"<p>Vencer fora de casa \u00e9 obriga\u00e7\u00e3o aos postulantes ao t\u00edtulo do Campeonato Brasileiro. Em cinco rodadas, o Palmeiras [&hellip;]<\/p>\n","protected":false},"author":102107496,"featured_media":0,"comment_status":"open","ping_status":"open","sticky":false,"template":"","format":"standard","meta":{"_coblocks_attr":"","_coblocks_dimensions":"","_coblocks_responsive_height":"","_coblocks_accordion_ie_support":"","_jetpack_newsletter_access":"","_jetpack_dont_email_post_to_subs":false,"_jetpack_newsletter_tier_id":0,"_jetpack_memberships_contains_paywalled_content":false,"_wpcom_ai_launchpad_first_post":false,"_jetpack_feature_clip_id":0,"_jetpack_memberships_contains_paid_content":false,"footnotes":"","jetpack_publicize_message":"","jetpack_publicize_feature_enabled":true,"jetpack_social_post_already_shared":false,"jetpack_social_options":{"image_generator_settings":{"template":"highway","default_image_id":0,"font":"","enabled":false},"version":2},"jetpack_post_was_ever_published":false},"categories":[355071,53870],"tags":[362595295,14283253,471113831,18471847,34390135,789560560,232826435,82760,884796,8328841],"class_list":["post-8834","post","type-post","status-publish","format-standard","hentry","category-campeonato-brasileiro","category-futebol","tag-brasileirao-2016","tag-crflamengo","tag-cuca-palmeiras","tag-estadio-mane-garrincha","tag-flamengoxpalmeiras","tag-futebol","tag-gabriel-jesus","tag-jean","tag-luan","tag-palmeiras-clube"],"yoast_head":"<!-- This site is optimized with the Yoast SEO plugin v28.3 - https:\/\/yoast.com\/product\/yoast-seo-wordpress\/ -->\n<title>Palmeiras vence primeira fora de casa com tacada certeira de Cuca - PR\u00d3SPERI NEWS<\/title>\n<meta name=\"robots\" content=\"index, follow, max-snippet:-1, max-image-preview:large, max-video-preview:-1\" \/>\n<link rel=\"canonical\" href=\"https:\/\/blogdoprosperi.com\/?p=8834\" \/>\n<meta property=\"og:locale\" content=\"pt_BR\" \/>\n<meta property=\"og:type\" content=\"article\" \/>\n<meta property=\"og:title\" content=\"Palmeiras vence primeira fora de casa com tacada certeira de Cuca - PR\u00d3SPERI NEWS\" \/>\n<meta property=\"og:description\" content=\"Vencer fora de casa \u00e9 obriga\u00e7\u00e3o aos postulantes ao t\u00edtulo do Campeonato Brasileiro. Em cinco rodadas, o Palmeiras [&hellip;]\" \/>\n<meta property=\"og:url\" content=\"https:\/\/blogdoprosperi.com\/?p=8834\" \/>\n<meta property=\"og:site_name\" content=\"PR\u00d3SPERI NEWS\" \/>\n<meta property=\"article:publisher\" content=\"Luiz Pr\u00f3speri\" \/>\n<meta property=\"article:author\" content=\"Luiz Pr\u00f3speri\" \/>\n<meta property=\"article:published_time\" content=\"2016-06-05T22:11:41+00:00\" \/>\n<meta property=\"article:modified_time\" content=\"2016-06-06T02:51:37+00:00\" \/>\n<meta property=\"og:image\" content=\"https:\/\/blogdoprosperi.com\/wp-content\/uploads\/2016\/06\/gabriel-jesus-palmeiras_1rf5we55puat81i4d3043irf4u.png\" \/>\n<meta name=\"author\" content=\"Luiz Ant\u00f4nio Pr\u00f3speri\" \/>\n<meta name=\"twitter:card\" content=\"summary_large_image\" \/>\n<meta name=\"twitter:creator\" content=\"@Luizprosperi\" \/>\n<meta name=\"twitter:site\" content=\"@Luizprosperi\" \/>\n<meta name=\"twitter:label1\" content=\"Escrito por\" \/>\n\t<meta name=\"twitter:data1\" content=\"Luiz Ant\u00f4nio Pr\u00f3speri\" \/>\n\t<meta name=\"twitter:label2\" content=\"Est. tempo de leitura\" \/>\n\t<meta name=\"twitter:data2\" content=\"4 minutos\" \/>\n<script type=\"application\/ld+json\" class=\"yoast-schema-graph\">{\"@context\":\"https:\\\/\\\/schema.org\",\"@graph\":[{\"@type\":\"Article\",\"@id\":\"https:\\\/\\\/blogdoprosperi.com\\\/?p=8834#article\",\"isPartOf\":{\"@id\":\"https:\\\/\\\/blogdoprosperi.com\\\/?p=8834\"},\"author\":{\"name\":\"Luiz Ant\u00f4nio Pr\u00f3speri\",\"@id\":\"https:\\\/\\\/blogdoprosperi.com\\\/#\\\/schema\\\/person\\\/38100755ce3601861ee4fab9b5aa78e9\"},\"headline\":\"Palmeiras vence primeira fora de casa com tacada certeira de Cuca\",\"datePublished\":\"2016-06-05T22:11:41+00:00\",\"dateModified\":\"2016-06-06T02:51:37+00:00\",\"mainEntityOfPage\":{\"@id\":\"https:\\\/\\\/blogdoprosperi.com\\\/?p=8834\"},\"wordCount\":722,\"commentCount\":1,\"publisher\":{\"@id\":\"https:\\\/\\\/blogdoprosperi.com\\\/#\\\/schema\\\/person\\\/38100755ce3601861ee4fab9b5aa78e9\"},\"image\":{\"@id\":\"https:\\\/\\\/blogdoprosperi.com\\\/?p=8834#primaryimage\"},\"thumbnailUrl\":\"https:\\\/\\\/blogdoprosperi.com\\\/wp-content\\\/uploads\\\/2016\\\/06\\\/gabriel-jesus-palmeiras_1rf5we55puat81i4d3043irf4u.png\",\"keywords\":[\"Brasileir\u00e3o-2016\",\"CRFlamengo\",\"Cuca Palmeiras\",\"Est\u00e1dio Man\u00e9 Garrincha\",\"FlamengoxPalmeiras\",\"futebol\",\"Gabriel Jesus\",\"Jean\",\"Luan\",\"Palmeiras Clube\"],\"articleSection\":[\"Campeonato Brasileiro\",\"futebol\"],\"inLanguage\":\"pt-BR\",\"potentialAction\":[{\"@type\":\"CommentAction\",\"name\":\"Comment\",\"target\":[\"https:\\\/\\\/blogdoprosperi.com\\\/?p=8834#respond\"]}]},{\"@type\":\"WebPage\",\"@id\":\"https:\\\/\\\/blogdoprosperi.com\\\/?p=8834\",\"url\":\"https:\\\/\\\/blogdoprosperi.com\\\/?p=8834\",\"name\":\"Palmeiras vence primeira fora de casa com tacada certeira de Cuca - PR\u00d3SPERI NEWS\",\"isPartOf\":{\"@id\":\"https:\\\/\\\/blogdoprosperi.com\\\/#website\"},\"primaryImageOfPage\":{\"@id\":\"https:\\\/\\\/blogdoprosperi.com\\\/?p=8834#primaryimage\"},\"image\":{\"@id\":\"https:\\\/\\\/blogdoprosperi.com\\\/?p=8834#primaryimage\"},\"thumbnailUrl\":\"https:\\\/\\\/blogdoprosperi.com\\\/wp-content\\\/uploads\\\/2016\\\/06\\\/gabriel-jesus-palmeiras_1rf5we55puat81i4d3043irf4u.png\",\"datePublished\":\"2016-06-05T22:11:41+00:00\",\"dateModified\":\"2016-06-06T02:51:37+00:00\",\"breadcrumb\":{\"@id\":\"https:\\\/\\\/blogdoprosperi.com\\\/?p=8834#breadcrumb\"},\"inLanguage\":\"pt-BR\",\"potentialAction\":[{\"@type\":\"ReadAction\",\"target\":[\"https:\\\/\\\/blogdoprosperi.com\\\/?p=8834\"]}]},{\"@type\":\"ImageObject\",\"inLanguage\":\"pt-BR\",\"@id\":\"https:\\\/\\\/blogdoprosperi.com\\\/?p=8834#primaryimage\",\"url\":\"https:\\\/\\\/i0.wp.com\\\/blogdoprosperi.com\\\/wp-content\\\/uploads\\\/2016\\\/06\\\/gabriel-jesus-palmeiras_1rf5we55puat81i4d3043irf4u.png?fit=620%2C430&ssl=1\",\"contentUrl\":\"https:\\\/\\\/i0.wp.com\\\/blogdoprosperi.com\\\/wp-content\\\/uploads\\\/2016\\\/06\\\/gabriel-jesus-palmeiras_1rf5we55puat81i4d3043irf4u.png?fit=620%2C430&ssl=1\",\"width\":620,\"height\":430},{\"@type\":\"BreadcrumbList\",\"@id\":\"https:\\\/\\\/blogdoprosperi.com\\\/?p=8834#breadcrumb\",\"itemListElement\":[{\"@type\":\"ListItem\",\"position\":1,\"name\":\"In\u00edcio\",\"item\":\"https:\\\/\\\/blogdoprosperi.com\\\/\"},{\"@type\":\"ListItem\",\"position\":2,\"name\":\"Palmeiras vence primeira fora de casa com tacada certeira de Cuca\"}]},{\"@type\":\"WebSite\",\"@id\":\"https:\\\/\\\/blogdoprosperi.com\\\/#website\",\"url\":\"https:\\\/\\\/blogdoprosperi.com\\\/\",\"name\":\"PR\u00d3SPERI NEWS\",\"description\":\"TUDO \u00c9  FUTEBOL\",\"publisher\":{\"@id\":\"https:\\\/\\\/blogdoprosperi.com\\\/#\\\/schema\\\/person\\\/38100755ce3601861ee4fab9b5aa78e9\"},\"alternateName\":\"blogdoprosperi.com\",\"potentialAction\":[{\"@type\":\"SearchAction\",\"target\":{\"@type\":\"EntryPoint\",\"urlTemplate\":\"https:\\\/\\\/blogdoprosperi.com\\\/?s={search_term_string}\"},\"query-input\":{\"@type\":\"PropertyValueSpecification\",\"valueRequired\":true,\"valueName\":\"search_term_string\"}}],\"inLanguage\":\"pt-BR\"},{\"@type\":[\"Person\",\"Organization\"],\"@id\":\"https:\\\/\\\/blogdoprosperi.com\\\/#\\\/schema\\\/person\\\/38100755ce3601861ee4fab9b5aa78e9\",\"name\":\"Luiz Ant\u00f4nio Pr\u00f3speri\",\"pronouns\":\"ele\",\"image\":{\"@type\":\"ImageObject\",\"inLanguage\":\"pt-BR\",\"@id\":\"https:\\\/\\\/i0.wp.com\\\/blogdoprosperi.com\\\/wp-content\\\/uploads\\\/2026\\\/05\\\/cropped-8059e613-6002-42fa-961e-8e275f575d71-2-5.jpg?fit=1360%2C931&ssl=1\",\"url\":\"https:\\\/\\\/i0.wp.com\\\/blogdoprosperi.com\\\/wp-content\\\/uploads\\\/2026\\\/05\\\/cropped-8059e613-6002-42fa-961e-8e275f575d71-2-5.jpg?fit=1360%2C931&ssl=1\",\"contentUrl\":\"https:\\\/\\\/i0.wp.com\\\/blogdoprosperi.com\\\/wp-content\\\/uploads\\\/2026\\\/05\\\/cropped-8059e613-6002-42fa-961e-8e275f575d71-2-5.jpg?fit=1360%2C931&ssl=1\",\"width\":1360,\"height\":931,\"caption\":\"Luiz Ant\u00f4nio Pr\u00f3speri\"},\"logo\":{\"@id\":\"https:\\\/\\\/i0.wp.com\\\/blogdoprosperi.com\\\/wp-content\\\/uploads\\\/2026\\\/05\\\/cropped-8059e613-6002-42fa-961e-8e275f575d71-2-5.jpg?fit=1360%2C931&ssl=1\"},\"description\":\"Jornalista com carreira dedicada ao esporte. Cobriu 9 Copas do Mundo in loco, 1990 na It\u00e1lia, 1994 nos EUA, 1998 na Fran\u00e7a, 2002 na Coreia do Sul e Jap\u00e3o, 2006 na Alemanha, 2010 na \u00c1frica do Sul, 2014 no Brasil, 2018 na R\u00fassia e 2022 no Qatar. Eurocopas, 1992 na Su\u00e9cia e 1996 na Inglaterra. Copa das Confedera\u00e7\u00f5es de 2005 na Alemanha e 2009 na \u00c1frica do Sul. Rep\u00f3rter e Editor, trabalhou no Jornal da Tarde e Estad\u00e3o, de 1984 a fevereiro de 2016. Colunista, blogueiro. E comentarista de futebol na R\u00e1dio Estad\u00e3o, de 2013 a fevereiro de 2016. Jornalista respons\u00e1vel do \\\"Pr\u00f3speri News\\\" (blogdoprosperi.com).\",\"sameAs\":[\"http:\\\/\\\/blogdoprosperi.com\",\"Luiz Pr\u00f3speri\",\"@luiz_prosperi\",\"https:\\\/\\\/x.com\\\/Luizprosperi\",\"@prosperinacopa\",\"luiz.prosperi@icloud.com\"],\"url\":\"https:\\\/\\\/blogdoprosperi.com\\\/?author=102107496\"}]}<\/script>\n<!-- \/ Yoast SEO plugin. -->","yoast_head_json":{"title":"Palmeiras vence primeira fora de casa com tacada certeira de Cuca - PR\u00d3SPERI NEWS","robots":{"index":"index","follow":"follow","max-snippet":"max-snippet:-1","max-image-preview":"max-image-preview:large","max-video-preview":"max-video-preview:-1"},"canonical":"https:\/\/blogdoprosperi.com\/?p=8834","og_locale":"pt_BR","og_type":"article","og_title":"Palmeiras vence primeira fora de casa com tacada certeira de Cuca - PR\u00d3SPERI NEWS","og_description":"Vencer fora de casa \u00e9 obriga\u00e7\u00e3o aos postulantes ao t\u00edtulo do Campeonato Brasileiro. Em cinco rodadas, o Palmeiras [&hellip;]","og_url":"https:\/\/blogdoprosperi.com\/?p=8834","og_site_name":"PR\u00d3SPERI NEWS","article_publisher":"Luiz Pr\u00f3speri","article_author":"Luiz Pr\u00f3speri","article_published_time":"2016-06-05T22:11:41+00:00","article_modified_time":"2016-06-06T02:51:37+00:00","og_image":[{"url":"https:\/\/blogdoprosperi.com\/wp-content\/uploads\/2016\/06\/gabriel-jesus-palmeiras_1rf5we55puat81i4d3043irf4u.png","type":"","width":"","height":""}],"author":"Luiz Ant\u00f4nio Pr\u00f3speri","twitter_card":"summary_large_image","twitter_creator":"@Luizprosperi","twitter_site":"@Luizprosperi","twitter_misc":{"Escrito por":"Luiz Ant\u00f4nio Pr\u00f3speri","Est. tempo de leitura":"4 minutos"},"schema":{"@context":"https:\/\/schema.org","@graph":[{"@type":"Article","@id":"https:\/\/blogdoprosperi.com\/?p=8834#article","isPartOf":{"@id":"https:\/\/blogdoprosperi.com\/?p=8834"},"author":{"name":"Luiz Ant\u00f4nio Pr\u00f3speri","@id":"https:\/\/blogdoprosperi.com\/#\/schema\/person\/38100755ce3601861ee4fab9b5aa78e9"},"headline":"Palmeiras vence primeira fora de casa com tacada certeira de Cuca","datePublished":"2016-06-05T22:11:41+00:00","dateModified":"2016-06-06T02:51:37+00:00","mainEntityOfPage":{"@id":"https:\/\/blogdoprosperi.com\/?p=8834"},"wordCount":722,"commentCount":1,"publisher":{"@id":"https:\/\/blogdoprosperi.com\/#\/schema\/person\/38100755ce3601861ee4fab9b5aa78e9"},"image":{"@id":"https:\/\/blogdoprosperi.com\/?p=8834#primaryimage"},"thumbnailUrl":"https:\/\/blogdoprosperi.com\/wp-content\/uploads\/2016\/06\/gabriel-jesus-palmeiras_1rf5we55puat81i4d3043irf4u.png","keywords":["Brasileir\u00e3o-2016","CRFlamengo","Cuca Palmeiras","Est\u00e1dio Man\u00e9 Garrincha","FlamengoxPalmeiras","futebol","Gabriel Jesus","Jean","Luan","Palmeiras Clube"],"articleSection":["Campeonato Brasileiro","futebol"],"inLanguage":"pt-BR","potentialAction":[{"@type":"CommentAction","name":"Comment","target":["https:\/\/blogdoprosperi.com\/?p=8834#respond"]}]},{"@type":"WebPage","@id":"https:\/\/blogdoprosperi.com\/?p=8834","url":"https:\/\/blogdoprosperi.com\/?p=8834","name":"Palmeiras vence primeira fora de casa com tacada certeira de Cuca - PR\u00d3SPERI NEWS","isPartOf":{"@id":"https:\/\/blogdoprosperi.com\/#website"},"primaryImageOfPage":{"@id":"https:\/\/blogdoprosperi.com\/?p=8834#primaryimage"},"image":{"@id":"https:\/\/blogdoprosperi.com\/?p=8834#primaryimage"},"thumbnailUrl":"https:\/\/blogdoprosperi.com\/wp-content\/uploads\/2016\/06\/gabriel-jesus-palmeiras_1rf5we55puat81i4d3043irf4u.png","datePublished":"2016-06-05T22:11:41+00:00","dateModified":"2016-06-06T02:51:37+00:00","breadcrumb":{"@id":"https:\/\/blogdoprosperi.com\/?p=8834#breadcrumb"},"inLanguage":"pt-BR","potentialAction":[{"@type":"ReadAction","target":["https:\/\/blogdoprosperi.com\/?p=8834"]}]},{"@type":"ImageObject","inLanguage":"pt-BR","@id":"https:\/\/blogdoprosperi.com\/?p=8834#primaryimage","url":"https:\/\/i0.wp.com\/blogdoprosperi.com\/wp-content\/uploads\/2016\/06\/gabriel-jesus-palmeiras_1rf5we55puat81i4d3043irf4u.png?fit=620%2C430&ssl=1","contentUrl":"https:\/\/i0.wp.com\/blogdoprosperi.com\/wp-content\/uploads\/2016\/06\/gabriel-jesus-palmeiras_1rf5we55puat81i4d3043irf4u.png?fit=620%2C430&ssl=1","width":620,"height":430},{"@type":"BreadcrumbList","@id":"https:\/\/blogdoprosperi.com\/?p=8834#breadcrumb","itemListElement":[{"@type":"ListItem","position":1,"name":"In\u00edcio","item":"https:\/\/blogdoprosperi.com\/"},{"@type":"ListItem","position":2,"name":"Palmeiras vence primeira fora de casa com tacada certeira de Cuca"}]},{"@type":"WebSite","@id":"https:\/\/blogdoprosperi.com\/#website","url":"https:\/\/blogdoprosperi.com\/","name":"PR\u00d3SPERI NEWS","description":"TUDO \u00c9  FUTEBOL","publisher":{"@id":"https:\/\/blogdoprosperi.com\/#\/schema\/person\/38100755ce3601861ee4fab9b5aa78e9"},"alternateName":"blogdoprosperi.com","potentialAction":[{"@type":"SearchAction","target":{"@type":"EntryPoint","urlTemplate":"https:\/\/blogdoprosperi.com\/?s={search_term_string}"},"query-input":{"@type":"PropertyValueSpecification","valueRequired":true,"valueName":"search_term_string"}}],"inLanguage":"pt-BR"},{"@type":["Person","Organization"],"@id":"https:\/\/blogdoprosperi.com\/#\/schema\/person\/38100755ce3601861ee4fab9b5aa78e9","name":"Luiz Ant\u00f4nio Pr\u00f3speri","pronouns":"ele","image":{"@type":"ImageObject","inLanguage":"pt-BR","@id":"https:\/\/i0.wp.com\/blogdoprosperi.com\/wp-content\/uploads\/2026\/05\/cropped-8059e613-6002-42fa-961e-8e275f575d71-2-5.jpg?fit=1360%2C931&ssl=1","url":"https:\/\/i0.wp.com\/blogdoprosperi.com\/wp-content\/uploads\/2026\/05\/cropped-8059e613-6002-42fa-961e-8e275f575d71-2-5.jpg?fit=1360%2C931&ssl=1","contentUrl":"https:\/\/i0.wp.com\/blogdoprosperi.com\/wp-content\/uploads\/2026\/05\/cropped-8059e613-6002-42fa-961e-8e275f575d71-2-5.jpg?fit=1360%2C931&ssl=1","width":1360,"height":931,"caption":"Luiz Ant\u00f4nio Pr\u00f3speri"},"logo":{"@id":"https:\/\/i0.wp.com\/blogdoprosperi.com\/wp-content\/uploads\/2026\/05\/cropped-8059e613-6002-42fa-961e-8e275f575d71-2-5.jpg?fit=1360%2C931&ssl=1"},"description":"Jornalista com carreira dedicada ao esporte. Cobriu 9 Copas do Mundo in loco, 1990 na It\u00e1lia, 1994 nos EUA, 1998 na Fran\u00e7a, 2002 na Coreia do Sul e Jap\u00e3o, 2006 na Alemanha, 2010 na \u00c1frica do Sul, 2014 no Brasil, 2018 na R\u00fassia e 2022 no Qatar. Eurocopas, 1992 na Su\u00e9cia e 1996 na Inglaterra. Copa das Confedera\u00e7\u00f5es de 2005 na Alemanha e 2009 na \u00c1frica do Sul. Rep\u00f3rter e Editor, trabalhou no Jornal da Tarde e Estad\u00e3o, de 1984 a fevereiro de 2016. Colunista, blogueiro. E comentarista de futebol na R\u00e1dio Estad\u00e3o, de 2013 a fevereiro de 2016. Jornalista respons\u00e1vel do \"Pr\u00f3speri News\" (blogdoprosperi.com).","sameAs":["http:\/\/blogdoprosperi.com","Luiz Pr\u00f3speri","@luiz_prosperi","https:\/\/x.com\/Luizprosperi","@prosperinacopa","luiz.prosperi@icloud.com"],"url":"https:\/\/blogdoprosperi.com\/?author=102107496"}]}},"jetpack_publicize_connections":[],"jetpack_likes_enabled":false,"jetpack_sharing_enabled":true,"jetpack_shortlink":"https:\/\/wp.me\/p7jvdk-2iu","jetpack-related-posts":[{"id":23888,"url":"https:\/\/blogdoprosperi.com\/?p=23888","url_meta":{"origin":8834,"position":0},"title":"STJD pune Palmeiras, Flamengo, organizadas e torcedores consumidores de ingressos mais baratos","author":"Luiz Ant\u00f4nio Pr\u00f3speri","date":"1 de setembro de 2016","format":false,"excerpt":"STJD pune torcidas organizadas de Palmeiras e Flamengo com penas in\u00e9ditas e pode prejudicar os dois clubes na corrida do t\u00edtulo do Campeonato Brasileiro. Por decis\u00e3o do tribunal, as medidas come\u00e7am a vigorar no dia 14 deste m\u00eas, data do jogo entre Palmeiras e \u00a0Flamengo no Allianz Parque. Sem poder\u2026","rel":"","context":"Em &quot;Campeonato Brasileiro&quot;","block_context":{"text":"Campeonato Brasileiro","link":"https:\/\/blogdoprosperi.com\/?cat=355071"},"img":{"alt_text":"","src":"https:\/\/i0.wp.com\/blogdoprosperi.com\/wp-content\/uploads\/2016\/09\/protesto-mancha-verde-2014-32.jpg?resize=350%2C200&ssl=1","width":350,"height":200,"srcset":"https:\/\/i0.wp.com\/blogdoprosperi.com\/wp-content\/uploads\/2016\/09\/protesto-mancha-verde-2014-32.jpg?resize=350%2C200&ssl=1 1x, https:\/\/i0.wp.com\/blogdoprosperi.com\/wp-content\/uploads\/2016\/09\/protesto-mancha-verde-2014-32.jpg?resize=525%2C300&ssl=1 1.5x, https:\/\/i0.wp.com\/blogdoprosperi.com\/wp-content\/uploads\/2016\/09\/protesto-mancha-verde-2014-32.jpg?resize=700%2C400&ssl=1 2x, https:\/\/i0.wp.com\/blogdoprosperi.com\/wp-content\/uploads\/2016\/09\/protesto-mancha-verde-2014-32.jpg?resize=1050%2C600&ssl=1 3x, https:\/\/i0.wp.com\/blogdoprosperi.com\/wp-content\/uploads\/2016\/09\/protesto-mancha-verde-2014-32.jpg?resize=1400%2C800&ssl=1 4x"},"classes":[]},{"id":23222,"url":"https:\/\/blogdoprosperi.com\/?p=23222","url_meta":{"origin":8834,"position":1},"title":"Palmeiras \u00e9 diferente com Gabriel Jesus, azar do Fluminense","author":"Luiz Ant\u00f4nio Pr\u00f3speri","date":"28 de agosto de 2016","format":false,"excerpt":"Palmeiras completo e com Gabriel Jesus aceso fica muito perto de ser campe\u00e3o. Seu jogo ganha em intensidade e o ataque lembra um rolo compressor. H\u00e1 uma enorme disposi\u00e7\u00e3o f\u00edsica e t\u00e9cnica para n\u00e3o deixar o advers\u00e1rio jogar e, ao mesmo, tempo assumir o controle da partida com autoridade. Dentro\u2026","rel":"","context":"Em &quot;futebol&quot;","block_context":{"text":"futebol","link":"https:\/\/blogdoprosperi.com\/?cat=53870"},"img":{"alt_text":"","src":"https:\/\/i0.wp.com\/blogdoprosperi.com\/wp-content\/uploads\/2016\/08\/622_5e5b601d-66de-3eb5-993a-95952448cff2.jpg?resize=350%2C200&ssl=1","width":350,"height":200,"srcset":"https:\/\/i0.wp.com\/blogdoprosperi.com\/wp-content\/uploads\/2016\/08\/622_5e5b601d-66de-3eb5-993a-95952448cff2.jpg?resize=350%2C200&ssl=1 1x, https:\/\/i0.wp.com\/blogdoprosperi.com\/wp-content\/uploads\/2016\/08\/622_5e5b601d-66de-3eb5-993a-95952448cff2.jpg?resize=525%2C300&ssl=1 1.5x"},"classes":[]},{"id":32107,"url":"https:\/\/blogdoprosperi.com\/?p=32107","url_meta":{"origin":8834,"position":2},"title":"Tch\u00ea Tch\u00ea, aquele gigante pequenininho","author":"Luiz Ant\u00f4nio Pr\u00f3speri","date":"15 de novembro de 2016","format":false,"excerpt":"Personagens do Brasileir\u00e3o 2016 - perfil (3) Meio-campista pulou do Audax ao Palmeiras, n\u00e3o se intimidou e n\u00e3o chama aten\u00e7\u00e3o dos catedr\u00e1ticos do futebol. Azar deles Tch\u00ea Tch\u00ea chama-se Danilo. Nesse neg\u00f3cio de futebol globalizado, em que jogadores t\u00eam de ter nome e sobrenome ou dois nomes, esse sujeitinho, com\u2026","rel":"","context":"Em &quot;Campeonato Brasileiro&quot;","block_context":{"text":"Campeonato Brasileiro","link":"https:\/\/blogdoprosperi.com\/?cat=355071"},"img":{"alt_text":"S\u00c3O PAULO 23\/10\/2016 PALMEIRAS X SPORT RECIFE CAMPEONATO BRASILEIRO  2016","src":"https:\/\/i0.wp.com\/blogdoprosperi.com\/wp-content\/uploads\/2016\/10\/pro1-171.jpg?resize=350%2C200&ssl=1","width":350,"height":200,"srcset":"https:\/\/i0.wp.com\/blogdoprosperi.com\/wp-content\/uploads\/2016\/10\/pro1-171.jpg?resize=350%2C200&ssl=1 1x, https:\/\/i0.wp.com\/blogdoprosperi.com\/wp-content\/uploads\/2016\/10\/pro1-171.jpg?resize=525%2C300&ssl=1 1.5x, https:\/\/i0.wp.com\/blogdoprosperi.com\/wp-content\/uploads\/2016\/10\/pro1-171.jpg?resize=700%2C400&ssl=1 2x, https:\/\/i0.wp.com\/blogdoprosperi.com\/wp-content\/uploads\/2016\/10\/pro1-171.jpg?resize=1050%2C600&ssl=1 3x, https:\/\/i0.wp.com\/blogdoprosperi.com\/wp-content\/uploads\/2016\/10\/pro1-171.jpg?resize=1400%2C800&ssl=1 4x"},"classes":[]},{"id":27981,"url":"https:\/\/blogdoprosperi.com\/?p=27981","url_meta":{"origin":8834,"position":3},"title":"Palmeiras n\u00e3o desengata marcha rumo ao t\u00edtulo do Brasileir\u00e3o","author":"Luiz Ant\u00f4nio Pr\u00f3speri","date":"9 de outubro de 2016","format":false,"excerpt":"Palmeiras n\u00e3o desengata a marcha nem desacelera na estrada que o conduz at\u00e9 o t\u00edtulo do Brasileiro. Sem brilho, com excesso de seguran\u00e7a e cauteloso ao extremo, se imp\u00f4s contra o virtualmente rebaixado Am\u00e9rica-MG. Venceu por 2 a 0 em Londrina, mas pode dizer Allianz Parque, com maioria absoluta de\u2026","rel":"","context":"Em &quot;Campeonato Brasileiro&quot;","block_context":{"text":"Campeonato Brasileiro","link":"https:\/\/blogdoprosperi.com\/?cat=355071"},"img":{"alt_text":"","src":"https:\/\/i0.wp.com\/blogdoprosperi.com\/wp-content\/uploads\/2016\/10\/622_a70bacc3-5105-3d6f-826f-694be30b5ff7.jpg?resize=350%2C200&ssl=1","width":350,"height":200,"srcset":"https:\/\/i0.wp.com\/blogdoprosperi.com\/wp-content\/uploads\/2016\/10\/622_a70bacc3-5105-3d6f-826f-694be30b5ff7.jpg?resize=350%2C200&ssl=1 1x, https:\/\/i0.wp.com\/blogdoprosperi.com\/wp-content\/uploads\/2016\/10\/622_a70bacc3-5105-3d6f-826f-694be30b5ff7.jpg?resize=525%2C300&ssl=1 1.5x"},"classes":[]},{"id":14790,"url":"https:\/\/blogdoprosperi.com\/?p=14790","url_meta":{"origin":8834,"position":4},"title":"Palmeiras amplia vantagem na lideran\u00e7a e sofre baixas importantes","author":"Luiz Ant\u00f4nio Pr\u00f3speri","date":"5 de julho de 2016","format":false,"excerpt":"Palmeiras tinha um enorme desafio na Ilha do Retiro neste novo hor\u00e1rio do futebol brasileiro. Havia a obriga\u00e7\u00e3o de vencer fora de casa, mesmo diante de um advers\u00e1rio forte em seus dom\u00ednios, e n\u00e3o sofrer muitas baixas para o cl\u00e1ssico contra o Santos. Volta do Recife com tr\u00eas pontos ao\u2026","rel":"","context":"Em &quot;Campeonato Brasileiro&quot;","block_context":{"text":"Campeonato Brasileiro","link":"https:\/\/blogdoprosperi.com\/?cat=355071"},"img":{"alt_text":"","src":"https:\/\/i0.wp.com\/blogdoprosperi.com\/wp-content\/uploads\/2016\/07\/622_24dee19e-6754-3edd-b3dc-ca2f72639aa5-2.jpg?resize=350%2C200&ssl=1","width":350,"height":200,"srcset":"https:\/\/i0.wp.com\/blogdoprosperi.com\/wp-content\/uploads\/2016\/07\/622_24dee19e-6754-3edd-b3dc-ca2f72639aa5-2.jpg?resize=350%2C200&ssl=1 1x, https:\/\/i0.wp.com\/blogdoprosperi.com\/wp-content\/uploads\/2016\/07\/622_24dee19e-6754-3edd-b3dc-ca2f72639aa5-2.jpg?resize=525%2C300&ssl=1 1.5x"},"classes":[]},{"id":7320,"url":"https:\/\/blogdoprosperi.com\/?p=7320","url_meta":{"origin":8834,"position":5},"title":"Palmeiras mostra for\u00e7a do banco e retoma caminho da vit\u00f3ria","author":"Luiz Ant\u00f4nio Pr\u00f3speri","date":"26 de maio de 2016","format":false,"excerpt":"Cuca pensou no Palmeiras com tr\u00eas atacantes r\u00e1pidos contra o Fluminense. Imaginou que o advers\u00e1rio, por ter camisa de peso, sairia mais em busca do ataque. A leitura do treinador se mostrou equivocada. Levir Culpi armou o time carioca na retranca e complicou o trio ofensivo palmeirense. Quando Cuca voltou\u2026","rel":"","context":"Em &quot;Campeonato Brasileiro&quot;","block_context":{"text":"Campeonato Brasileiro","link":"https:\/\/blogdoprosperi.com\/?cat=355071"},"img":{"alt_text":"","src":"https:\/\/i0.wp.com\/blogdoprosperi.com\/wp-content\/uploads\/2016\/05\/palmeiras-2x0-fluminense-brasileiro-2016.jpg?resize=350%2C200&ssl=1","width":350,"height":200,"srcset":"https:\/\/i0.wp.com\/blogdoprosperi.com\/wp-content\/uploads\/2016\/05\/palmeiras-2x0-fluminense-brasileiro-2016.jpg?resize=350%2C200&ssl=1 1x, https:\/\/i0.wp.com\/blogdoprosperi.com\/wp-content\/uploads\/2016\/05\/palmeiras-2x0-fluminense-brasileiro-2016.jpg?resize=525%2C300&ssl=1 1.5x"},"classes":[]}],"jetpack_featured_media_url":"","_links":{"self":[{"href":"https:\/\/blogdoprosperi.com\/index.php?rest_route=\/wp\/v2\/posts\/8834","targetHints":{"allow":["GET"]}}],"collection":[{"href":"https:\/\/blogdoprosperi.com\/index.php?rest_route=\/wp\/v2\/posts"}],"about":[{"href":"https:\/\/blogdoprosperi.com\/index.php?rest_route=\/wp\/v2\/types\/post"}],"author":[{"embeddable":true,"href":"https:\/\/blogdoprosperi.com\/index.php?rest_route=\/wp\/v2\/users\/102107496"}],"replies":[{"embeddable":true,"href":"https:\/\/blogdoprosperi.com\/index.php?rest_route=%2Fwp%2Fv2%2Fcomments&post=8834"}],"version-history":[{"count":25,"href":"https:\/\/blogdoprosperi.com\/index.php?rest_route=\/wp\/v2\/posts\/8834\/revisions"}],"predecessor-version":[{"id":9045,"href":"https:\/\/blogdoprosperi.com\/index.php?rest_route=\/wp\/v2\/posts\/8834\/revisions\/9045"}],"wp:attachment":[{"href":"https:\/\/blogdoprosperi.com\/index.php?rest_route=%2Fwp%2Fv2%2Fmedia&parent=8834"}],"wp:term":[{"taxonomy":"category","embeddable":true,"href":"https:\/\/blogdoprosperi.com\/index.php?rest_route=%2Fwp%2Fv2%2Fcategories&post=8834"},{"taxonomy":"post_tag","embeddable":true,"href":"https:\/\/blogdoprosperi.com\/index.php?rest_route=%2Fwp%2Fv2%2Ftags&post=8834"}],"curies":[{"name":"wp","href":"https:\/\/api.w.org\/{rel}","templated":true}]}}