{"id":9280,"date":"2016-06-08T17:35:20","date_gmt":"2016-06-08T17:35:20","guid":{"rendered":"http:\/\/blogdoprosperi.com\/?p=9280"},"modified":"2016-06-08T17:45:52","modified_gmt":"2016-06-08T17:45:52","slug":"cuca-esta-mais-preocupado-que-tite-com-a-saida-de-jogadores","status":"publish","type":"post","link":"https:\/\/blogdoprosperi.com\/?p=9280","title":{"rendered":"Cuca est\u00e1 mais preocupado que Tite com a sa\u00edda de jogadores"},"content":{"rendered":"<p>&nbsp;<\/p>\n<p><span class=\"alignnone\"><img data-recalc-dims=\"1\" loading=\"lazy\" decoding=\"async\" data-attachment-id=\"9325\" data-permalink=\"https:\/\/blogdoprosperi.com\/?attachment_id=9325\" data-orig-file=\"https:\/\/i0.wp.com\/blogdoprosperi.com\/wp-content\/uploads\/2016\/06\/572c9aaab776004952000012.jpeg?fit=912%2C516&amp;ssl=1\" data-orig-size=\"912,516\" data-comments-opened=\"1\" data-image-meta=\"{&quot;aperture&quot;:&quot;0&quot;,&quot;credit&quot;:&quot;&quot;,&quot;camera&quot;:&quot;&quot;,&quot;caption&quot;:&quot;&quot;,&quot;created_timestamp&quot;:&quot;0&quot;,&quot;copyright&quot;:&quot;&quot;,&quot;focal_length&quot;:&quot;0&quot;,&quot;iso&quot;:&quot;0&quot;,&quot;shutter_speed&quot;:&quot;0&quot;,&quot;title&quot;:&quot;&quot;,&quot;orientation&quot;:&quot;0&quot;}\" data-image-title=\"572c9aaab776004952000012\" data-image-description=\"\" data-image-caption=\"\" data-large-file=\"https:\/\/i0.wp.com\/blogdoprosperi.com\/wp-content\/uploads\/2016\/06\/572c9aaab776004952000012.jpeg?fit=912%2C516&amp;ssl=1\" class=\"alignnone size-full wp-image-9325\" src=\"https:\/\/i0.wp.com\/blogdoprosperi.com\/wp-content\/uploads\/2016\/06\/572c9aaab776004952000012.jpeg?resize=912%2C516&#038;ssl=1\" alt=\"572c9aaab776004952000012\" width=\"912\" height=\"516\" \/><\/span><\/p>\n<p>Tite n\u00e3o est\u00e1 muito preocupado com o segundo desmanche do Corinthians. Jogadores cotados para para sair nesta janela de transfer\u00eancia n\u00e3o provocariam um estrago consider\u00e1vel no time. N\u00e3o \u00e9 a mesma situa\u00e7\u00e3o de <a href=\"http:\/\/blogdoprosperi.com\/2016\/06\/05\/palmeiras-vence-primeira-fora-de-casa-com-tacada-certeira-de-cuca\/\">Cuca<\/a> se o Palmeiras, por exemplo, negociar Gabriel Jesus ao futebol europeu.<\/p>\n<p>Dos com sa\u00edda iminente no Corinthians, apenas o zagueiro Felipe n\u00e3o tem um substituto do mesmo n\u00edvel. <a href=\"http:\/\/blogdoprosperi.com\/2016\/06\/05\/vilao-andre-e-uendel-levam-o-corinthians-ao-ceu\/\">Tite<\/a> elogia o garoto Pedro Henrique, titular no jogo contra o Coritiba. Pode apostar ainda em Vilson formando dupla com Balbuena.<\/p>\n<p>Felipe deve ser negociado ao Porto por R$ 25 milh\u00f5es. O <a href=\"http:\/\/blogdoprosperi.com\/2016\/06\/02\/corinthians-engata-terceira-vitoria-seguida-diante-de-um-santos-covarde\/\">Corinthians<\/a> ainda ficaria com 25% dos direitos econ\u00f4micos do zagueiro.<\/p>\n<p>No gol, C\u00e1ssio j\u00e1 procura outro clube. Est\u00e1 bem cotado no Gr\u00eamio. Tite n\u00e3o parece preocupado em perder o goleiro que, por quatro anos, foi seu titular inquestion\u00e1vel. C\u00e1ssio caiu em desgra\u00e7a com o treinador por n\u00e3o atender exig\u00eancias da comiss\u00e3o t\u00e9cnica, em quest\u00f5es t\u00e9cnica e f\u00edsica (continua acima do peso ideal).<\/p>\n<p>Tite perdeu a confian\u00e7a em C\u00e1ssio. Por isso Walter virou titular e o garoto Matheus Vidotto, o segundo goleiro.<\/p>\n<p><span class=\"alignnone\"><img data-recalc-dims=\"1\" loading=\"lazy\" decoding=\"async\" data-attachment-id=\"9328\" data-permalink=\"https:\/\/blogdoprosperi.com\/?attachment_id=9328\" data-orig-file=\"https:\/\/i0.wp.com\/blogdoprosperi.com\/wp-content\/uploads\/2016\/06\/00836481.jpg?fit=4928%2C3280&amp;ssl=1\" data-orig-size=\"4928,3280\" data-comments-opened=\"1\" data-image-meta=\"{&quot;aperture&quot;:&quot;0&quot;,&quot;credit&quot;:&quot;&quot;,&quot;camera&quot;:&quot;&quot;,&quot;caption&quot;:&quot;&quot;,&quot;created_timestamp&quot;:&quot;0&quot;,&quot;copyright&quot;:&quot;&quot;,&quot;focal_length&quot;:&quot;0&quot;,&quot;iso&quot;:&quot;0&quot;,&quot;shutter_speed&quot;:&quot;0&quot;,&quot;title&quot;:&quot;&quot;,&quot;orientation&quot;:&quot;0&quot;}\" data-image-title=\"00836481\" data-image-description=\"\" data-image-caption=\"\" data-large-file=\"https:\/\/i0.wp.com\/blogdoprosperi.com\/wp-content\/uploads\/2016\/06\/00836481.jpg?fit=940%2C626&amp;ssl=1\" class=\"alignnone size-full wp-image-9328\" src=\"https:\/\/i0.wp.com\/blogdoprosperi.com\/wp-content\/uploads\/2016\/06\/00836481.jpg?resize=940%2C626&#038;ssl=1\" alt=\"00836481\" width=\"940\" height=\"626\" \/><\/span><\/p>\n<p>O contrato de C\u00e1ssio, renovado h\u00e1 pouco tempo, vai at\u00e9 2019. Sua transfer\u00eancia seria um refor\u00e7o de caixa ao clube. Dinheiro a ser usado como suporte na contrata\u00e7\u00e3o de um atacante de peso.<\/p>\n<p>A poss\u00edvel sa\u00edda de Bruno Henrique tamb\u00e9m n\u00e3o tira o sono de Tite. Camacho, contratado do Audax, est\u00e1 pronto para entrar no time. Convenhamos, tem mais bola que Bruno.<\/p>\n<p>Por \u00faltimo, Elias. Cotado a jogar na China, o meia seria um desfalque consider\u00e1vel. Neste caso, o treinador apostaria nesse novo esquema t\u00e1tico com dois volantes (Christian e Camacho) e tr\u00eas meias (Giovanni Augusto, Guilherme e Marquinhos Gabriel).<\/p>\n<p>\u00c9 por isso que Tite n\u00e3o vai perder o sono se ficar sem esses quatro jogadores entre junho e julho.<\/p>\n<p><strong>CUCA CO\u00c7A A CABE\u00c7A<\/strong><\/p>\n<p>A situa\u00e7\u00e3o de Cuca \u00e9 bem diferente de Tite. Embora tenha um grupo numeroso de jogadores, perder <a href=\"http:\/\/blogdoprosperi.com\/2016\/06\/03\/ousadia-de-cuca-funciona-na-vitoria-por-4-a-3-contra-o-gremio\/\">Gabriel Jesus <\/a>agora seria um golpe duro. O garoto, com sondagens de pot\u00eancias da Europa, n\u00e3o tem um parecido com ele no elenco do Palmeiras.<\/p>\n<p>O presidente Paulo Nobre tem repetido que o clube n\u00e3o recebeu nenhuma proposta por Gabriel Jesus.<\/p>\n<p>A Juventus e Inter de Mil\u00e3o, de acordo com a imprensa italiana, v\u00e3o disputar o menino neste mercado de ver\u00e3o.<\/p>\n<p>Da Espanha, chega a not\u00edcia de que o Real Madrid tamb\u00e9m quer Gabriel Jesus. O problema \u00e9 que o Real pode ser punido pela Corte da Fifa por ter feito contrata\u00e7\u00f5es de menores de idade na temporada passada.<\/p>\n<p>Se for punido pela Fifa, o clube espanhol ficaria impedido de comprar jogadores at\u00e9 2018.<\/p>\n<p><span class=\"alignnone\"><img data-recalc-dims=\"1\" loading=\"lazy\" decoding=\"async\" data-attachment-id=\"9331\" data-permalink=\"https:\/\/blogdoprosperi.com\/?attachment_id=9331\" data-orig-file=\"https:\/\/i0.wp.com\/blogdoprosperi.com\/wp-content\/uploads\/2016\/06\/20859744473_9956252938_o-480.jpg?fit=620%2C465&amp;ssl=1\" data-orig-size=\"620,465\" data-comments-opened=\"1\" data-image-meta=\"{&quot;aperture&quot;:&quot;0&quot;,&quot;credit&quot;:&quot;&quot;,&quot;camera&quot;:&quot;&quot;,&quot;caption&quot;:&quot;&quot;,&quot;created_timestamp&quot;:&quot;0&quot;,&quot;copyright&quot;:&quot;&quot;,&quot;focal_length&quot;:&quot;0&quot;,&quot;iso&quot;:&quot;0&quot;,&quot;shutter_speed&quot;:&quot;0&quot;,&quot;title&quot;:&quot;&quot;,&quot;orientation&quot;:&quot;0&quot;}\" data-image-title=\"20859744473_9956252938_o-480\" data-image-description=\"\" data-image-caption=\"\" data-large-file=\"https:\/\/i0.wp.com\/blogdoprosperi.com\/wp-content\/uploads\/2016\/06\/20859744473_9956252938_o-480.jpg?fit=620%2C465&amp;ssl=1\" class=\"alignnone size-full wp-image-9331\" src=\"https:\/\/i0.wp.com\/blogdoprosperi.com\/wp-content\/uploads\/2016\/06\/20859744473_9956252938_o-480.jpg?resize=620%2C465&#038;ssl=1\" alt=\"20859744473_9956252938_o-480\" width=\"620\" height=\"465\" \/><\/span><\/p>\n<p>A multa contratual de Gabriel Jesus \u00e9 de R$ 180 milh\u00f5es. O Palmeiras tem 30% dos diretos econ\u00f4micos e pode, por acordo com agentes do garoto, determinar os valores da negocia\u00e7\u00e3o do jogador.<\/p>\n<p>Cuca n\u00e3o admite em hip\u00f3tese alguma perder Gabriel Jesus, ainda mais depois de ficar sem Alecsandro, flagrado por uso de doping. Sem Alecsandro, o treinador tem apenas Barrios para a posi\u00e7\u00e3o. Cristaldo, outro que poderia ser usado nesta fun\u00e7\u00e3o, est\u00e1 de sa\u00edda.<\/p>\n<p>N\u00e3o ser\u00e1 surpresa se Paulo Nobre for ao mercado em busca de um atacante para o posto de Alecsandro.<\/p>\n<p>Cuca n\u00e3o cobrou um novo atacante a Paulo Nobre. Mas, se vier, ele vai agradecer, e muito. No seu projeto de levar o Palmeiras a ser campe\u00e3o do Brasileir\u00e3o, atacante de peso \u00e9 fundamental.<\/p>\n","protected":false},"excerpt":{"rendered":"<p>&nbsp; Tite n\u00e3o est\u00e1 muito preocupado com o segundo desmanche do Corinthians. Jogadores cotados para para sair nesta [&hellip;]<\/p>\n","protected":false},"author":102107496,"featured_media":0,"comment_status":"open","ping_status":"open","sticky":false,"template":"","format":"standard","meta":{"_coblocks_attr":"","_coblocks_dimensions":"","_coblocks_responsive_height":"","_coblocks_accordion_ie_support":"","_jetpack_newsletter_access":"","_jetpack_dont_email_post_to_subs":false,"_jetpack_newsletter_tier_id":0,"_jetpack_memberships_contains_paywalled_content":false,"_wpcom_ai_launchpad_first_post":false,"_jetpack_feature_clip_id":0,"_jetpack_memberships_contains_paid_content":false,"footnotes":"","jetpack_publicize_message":"","jetpack_publicize_feature_enabled":true,"jetpack_social_post_already_shared":false,"jetpack_social_options":{"image_generator_settings":{"template":"highway","default_image_id":0,"font":"","enabled":false},"version":2},"jetpack_post_was_ever_published":false},"categories":[355071,53870],"tags":[362595295,789560566,189793063,177066,471113831,789560560,232826435,33259101,8328841,78820,1814220],"class_list":["post-9280","post","type-post","status-publish","format-standard","hentry","category-campeonato-brasileiro","category-futebol","tag-brasileirao-2016","tag-campeonato-brasileiro","tag-cassio-corinthians","tag-corinthians","tag-cuca-palmeiras","tag-futebol","tag-gabriel-jesus","tag-juventus-ita","tag-palmeiras-clube","tag-real-madrid","tag-tite"],"yoast_head":"<!-- This site is optimized with the Yoast SEO plugin v28.3 - https:\/\/yoast.com\/product\/yoast-seo-wordpress\/ -->\n<title>Cuca est\u00e1 mais preocupado que Tite com a sa\u00edda de jogadores - PR\u00d3SPERI NEWS<\/title>\n<meta name=\"robots\" content=\"index, follow, max-snippet:-1, max-image-preview:large, max-video-preview:-1\" \/>\n<link rel=\"canonical\" href=\"https:\/\/blogdoprosperi.com\/?p=9280\" \/>\n<meta property=\"og:locale\" content=\"pt_BR\" \/>\n<meta property=\"og:type\" content=\"article\" \/>\n<meta property=\"og:title\" content=\"Cuca est\u00e1 mais preocupado que Tite com a sa\u00edda de jogadores - PR\u00d3SPERI NEWS\" \/>\n<meta property=\"og:description\" content=\"&nbsp; Tite n\u00e3o est\u00e1 muito preocupado com o segundo desmanche do Corinthians. Jogadores cotados para para sair nesta [&hellip;]\" \/>\n<meta property=\"og:url\" content=\"https:\/\/blogdoprosperi.com\/?p=9280\" \/>\n<meta property=\"og:site_name\" content=\"PR\u00d3SPERI NEWS\" \/>\n<meta property=\"article:publisher\" content=\"Luiz Pr\u00f3speri\" \/>\n<meta property=\"article:author\" content=\"Luiz Pr\u00f3speri\" \/>\n<meta property=\"article:published_time\" content=\"2016-06-08T17:35:20+00:00\" \/>\n<meta property=\"article:modified_time\" content=\"2016-06-08T17:45:52+00:00\" \/>\n<meta property=\"og:image\" content=\"https:\/\/blogdoprosperi.com\/wp-content\/uploads\/2016\/06\/572c9aaab776004952000012.jpeg\" \/>\n<meta name=\"author\" content=\"Luiz Ant\u00f4nio Pr\u00f3speri\" \/>\n<meta name=\"twitter:card\" content=\"summary_large_image\" \/>\n<meta name=\"twitter:creator\" content=\"@Luizprosperi\" \/>\n<meta name=\"twitter:site\" content=\"@Luizprosperi\" \/>\n<meta name=\"twitter:label1\" content=\"Escrito por\" \/>\n\t<meta name=\"twitter:data1\" content=\"Luiz Ant\u00f4nio Pr\u00f3speri\" \/>\n\t<meta name=\"twitter:label2\" content=\"Est. tempo de leitura\" \/>\n\t<meta name=\"twitter:data2\" content=\"3 minutos\" \/>\n<script type=\"application\/ld+json\" class=\"yoast-schema-graph\">{\"@context\":\"https:\\\/\\\/schema.org\",\"@graph\":[{\"@type\":\"Article\",\"@id\":\"https:\\\/\\\/blogdoprosperi.com\\\/?p=9280#article\",\"isPartOf\":{\"@id\":\"https:\\\/\\\/blogdoprosperi.com\\\/?p=9280\"},\"author\":{\"name\":\"Luiz Ant\u00f4nio Pr\u00f3speri\",\"@id\":\"https:\\\/\\\/blogdoprosperi.com\\\/#\\\/schema\\\/person\\\/38100755ce3601861ee4fab9b5aa78e9\"},\"headline\":\"Cuca est\u00e1 mais preocupado que Tite com a sa\u00edda de jogadores\",\"datePublished\":\"2016-06-08T17:35:20+00:00\",\"dateModified\":\"2016-06-08T17:45:52+00:00\",\"mainEntityOfPage\":{\"@id\":\"https:\\\/\\\/blogdoprosperi.com\\\/?p=9280\"},\"wordCount\":621,\"commentCount\":1,\"publisher\":{\"@id\":\"https:\\\/\\\/blogdoprosperi.com\\\/#\\\/schema\\\/person\\\/38100755ce3601861ee4fab9b5aa78e9\"},\"image\":{\"@id\":\"https:\\\/\\\/blogdoprosperi.com\\\/?p=9280#primaryimage\"},\"thumbnailUrl\":\"https:\\\/\\\/blogdoprosperi.com\\\/wp-content\\\/uploads\\\/2016\\\/06\\\/572c9aaab776004952000012.jpeg\",\"keywords\":[\"Brasileir\u00e3o-2016\",\"Campeonato Brasileiro\",\"C\u00e1ssio Corinthians\",\"Corinthians\",\"Cuca Palmeiras\",\"futebol\",\"Gabriel Jesus\",\"Juventus-ITA\",\"Palmeiras Clube\",\"Real Madrid\",\"Tite\"],\"articleSection\":[\"Campeonato Brasileiro\",\"futebol\"],\"inLanguage\":\"pt-BR\",\"potentialAction\":[{\"@type\":\"CommentAction\",\"name\":\"Comment\",\"target\":[\"https:\\\/\\\/blogdoprosperi.com\\\/?p=9280#respond\"]}]},{\"@type\":\"WebPage\",\"@id\":\"https:\\\/\\\/blogdoprosperi.com\\\/?p=9280\",\"url\":\"https:\\\/\\\/blogdoprosperi.com\\\/?p=9280\",\"name\":\"Cuca est\u00e1 mais preocupado que Tite com a sa\u00edda de jogadores - PR\u00d3SPERI NEWS\",\"isPartOf\":{\"@id\":\"https:\\\/\\\/blogdoprosperi.com\\\/#website\"},\"primaryImageOfPage\":{\"@id\":\"https:\\\/\\\/blogdoprosperi.com\\\/?p=9280#primaryimage\"},\"image\":{\"@id\":\"https:\\\/\\\/blogdoprosperi.com\\\/?p=9280#primaryimage\"},\"thumbnailUrl\":\"https:\\\/\\\/blogdoprosperi.com\\\/wp-content\\\/uploads\\\/2016\\\/06\\\/572c9aaab776004952000012.jpeg\",\"datePublished\":\"2016-06-08T17:35:20+00:00\",\"dateModified\":\"2016-06-08T17:45:52+00:00\",\"breadcrumb\":{\"@id\":\"https:\\\/\\\/blogdoprosperi.com\\\/?p=9280#breadcrumb\"},\"inLanguage\":\"pt-BR\",\"potentialAction\":[{\"@type\":\"ReadAction\",\"target\":[\"https:\\\/\\\/blogdoprosperi.com\\\/?p=9280\"]}]},{\"@type\":\"ImageObject\",\"inLanguage\":\"pt-BR\",\"@id\":\"https:\\\/\\\/blogdoprosperi.com\\\/?p=9280#primaryimage\",\"url\":\"https:\\\/\\\/i0.wp.com\\\/blogdoprosperi.com\\\/wp-content\\\/uploads\\\/2016\\\/06\\\/572c9aaab776004952000012.jpeg?fit=912%2C516&ssl=1\",\"contentUrl\":\"https:\\\/\\\/i0.wp.com\\\/blogdoprosperi.com\\\/wp-content\\\/uploads\\\/2016\\\/06\\\/572c9aaab776004952000012.jpeg?fit=912%2C516&ssl=1\",\"width\":912,\"height\":516},{\"@type\":\"BreadcrumbList\",\"@id\":\"https:\\\/\\\/blogdoprosperi.com\\\/?p=9280#breadcrumb\",\"itemListElement\":[{\"@type\":\"ListItem\",\"position\":1,\"name\":\"In\u00edcio\",\"item\":\"https:\\\/\\\/blogdoprosperi.com\\\/\"},{\"@type\":\"ListItem\",\"position\":2,\"name\":\"Cuca est\u00e1 mais preocupado que Tite com a sa\u00edda de jogadores\"}]},{\"@type\":\"WebSite\",\"@id\":\"https:\\\/\\\/blogdoprosperi.com\\\/#website\",\"url\":\"https:\\\/\\\/blogdoprosperi.com\\\/\",\"name\":\"PR\u00d3SPERI NEWS\",\"description\":\"TUDO \u00c9  FUTEBOL\",\"publisher\":{\"@id\":\"https:\\\/\\\/blogdoprosperi.com\\\/#\\\/schema\\\/person\\\/38100755ce3601861ee4fab9b5aa78e9\"},\"alternateName\":\"blogdoprosperi.com\",\"potentialAction\":[{\"@type\":\"SearchAction\",\"target\":{\"@type\":\"EntryPoint\",\"urlTemplate\":\"https:\\\/\\\/blogdoprosperi.com\\\/?s={search_term_string}\"},\"query-input\":{\"@type\":\"PropertyValueSpecification\",\"valueRequired\":true,\"valueName\":\"search_term_string\"}}],\"inLanguage\":\"pt-BR\"},{\"@type\":[\"Person\",\"Organization\"],\"@id\":\"https:\\\/\\\/blogdoprosperi.com\\\/#\\\/schema\\\/person\\\/38100755ce3601861ee4fab9b5aa78e9\",\"name\":\"Luiz Ant\u00f4nio Pr\u00f3speri\",\"pronouns\":\"ele\",\"image\":{\"@type\":\"ImageObject\",\"inLanguage\":\"pt-BR\",\"@id\":\"https:\\\/\\\/i0.wp.com\\\/blogdoprosperi.com\\\/wp-content\\\/uploads\\\/2026\\\/05\\\/cropped-8059e613-6002-42fa-961e-8e275f575d71-2-5.jpg?fit=1360%2C931&ssl=1\",\"url\":\"https:\\\/\\\/i0.wp.com\\\/blogdoprosperi.com\\\/wp-content\\\/uploads\\\/2026\\\/05\\\/cropped-8059e613-6002-42fa-961e-8e275f575d71-2-5.jpg?fit=1360%2C931&ssl=1\",\"contentUrl\":\"https:\\\/\\\/i0.wp.com\\\/blogdoprosperi.com\\\/wp-content\\\/uploads\\\/2026\\\/05\\\/cropped-8059e613-6002-42fa-961e-8e275f575d71-2-5.jpg?fit=1360%2C931&ssl=1\",\"width\":1360,\"height\":931,\"caption\":\"Luiz Ant\u00f4nio Pr\u00f3speri\"},\"logo\":{\"@id\":\"https:\\\/\\\/i0.wp.com\\\/blogdoprosperi.com\\\/wp-content\\\/uploads\\\/2026\\\/05\\\/cropped-8059e613-6002-42fa-961e-8e275f575d71-2-5.jpg?fit=1360%2C931&ssl=1\"},\"description\":\"Jornalista com carreira dedicada ao esporte. Cobriu 9 Copas do Mundo in loco, 1990 na It\u00e1lia, 1994 nos EUA, 1998 na Fran\u00e7a, 2002 na Coreia do Sul e Jap\u00e3o, 2006 na Alemanha, 2010 na \u00c1frica do Sul, 2014 no Brasil, 2018 na R\u00fassia e 2022 no Qatar. Eurocopas, 1992 na Su\u00e9cia e 1996 na Inglaterra. Copa das Confedera\u00e7\u00f5es de 2005 na Alemanha e 2009 na \u00c1frica do Sul. Rep\u00f3rter e Editor, trabalhou no Jornal da Tarde e Estad\u00e3o, de 1984 a fevereiro de 2016. Colunista, blogueiro. E comentarista de futebol na R\u00e1dio Estad\u00e3o, de 2013 a fevereiro de 2016. Jornalista respons\u00e1vel do \\\"Pr\u00f3speri News\\\" (blogdoprosperi.com).\",\"sameAs\":[\"http:\\\/\\\/blogdoprosperi.com\",\"Luiz Pr\u00f3speri\",\"@luiz_prosperi\",\"https:\\\/\\\/x.com\\\/Luizprosperi\",\"@prosperinacopa\",\"luiz.prosperi@icloud.com\"],\"url\":\"https:\\\/\\\/blogdoprosperi.com\\\/?author=102107496\"}]}<\/script>\n<!-- \/ Yoast SEO plugin. -->","yoast_head_json":{"title":"Cuca est\u00e1 mais preocupado que Tite com a sa\u00edda de jogadores - PR\u00d3SPERI NEWS","robots":{"index":"index","follow":"follow","max-snippet":"max-snippet:-1","max-image-preview":"max-image-preview:large","max-video-preview":"max-video-preview:-1"},"canonical":"https:\/\/blogdoprosperi.com\/?p=9280","og_locale":"pt_BR","og_type":"article","og_title":"Cuca est\u00e1 mais preocupado que Tite com a sa\u00edda de jogadores - PR\u00d3SPERI NEWS","og_description":"&nbsp; Tite n\u00e3o est\u00e1 muito preocupado com o segundo desmanche do Corinthians. Jogadores cotados para para sair nesta [&hellip;]","og_url":"https:\/\/blogdoprosperi.com\/?p=9280","og_site_name":"PR\u00d3SPERI NEWS","article_publisher":"Luiz Pr\u00f3speri","article_author":"Luiz Pr\u00f3speri","article_published_time":"2016-06-08T17:35:20+00:00","article_modified_time":"2016-06-08T17:45:52+00:00","og_image":[{"url":"https:\/\/blogdoprosperi.com\/wp-content\/uploads\/2016\/06\/572c9aaab776004952000012.jpeg","type":"","width":"","height":""}],"author":"Luiz Ant\u00f4nio Pr\u00f3speri","twitter_card":"summary_large_image","twitter_creator":"@Luizprosperi","twitter_site":"@Luizprosperi","twitter_misc":{"Escrito por":"Luiz Ant\u00f4nio Pr\u00f3speri","Est. tempo de leitura":"3 minutos"},"schema":{"@context":"https:\/\/schema.org","@graph":[{"@type":"Article","@id":"https:\/\/blogdoprosperi.com\/?p=9280#article","isPartOf":{"@id":"https:\/\/blogdoprosperi.com\/?p=9280"},"author":{"name":"Luiz Ant\u00f4nio Pr\u00f3speri","@id":"https:\/\/blogdoprosperi.com\/#\/schema\/person\/38100755ce3601861ee4fab9b5aa78e9"},"headline":"Cuca est\u00e1 mais preocupado que Tite com a sa\u00edda de jogadores","datePublished":"2016-06-08T17:35:20+00:00","dateModified":"2016-06-08T17:45:52+00:00","mainEntityOfPage":{"@id":"https:\/\/blogdoprosperi.com\/?p=9280"},"wordCount":621,"commentCount":1,"publisher":{"@id":"https:\/\/blogdoprosperi.com\/#\/schema\/person\/38100755ce3601861ee4fab9b5aa78e9"},"image":{"@id":"https:\/\/blogdoprosperi.com\/?p=9280#primaryimage"},"thumbnailUrl":"https:\/\/blogdoprosperi.com\/wp-content\/uploads\/2016\/06\/572c9aaab776004952000012.jpeg","keywords":["Brasileir\u00e3o-2016","Campeonato Brasileiro","C\u00e1ssio Corinthians","Corinthians","Cuca Palmeiras","futebol","Gabriel Jesus","Juventus-ITA","Palmeiras Clube","Real Madrid","Tite"],"articleSection":["Campeonato Brasileiro","futebol"],"inLanguage":"pt-BR","potentialAction":[{"@type":"CommentAction","name":"Comment","target":["https:\/\/blogdoprosperi.com\/?p=9280#respond"]}]},{"@type":"WebPage","@id":"https:\/\/blogdoprosperi.com\/?p=9280","url":"https:\/\/blogdoprosperi.com\/?p=9280","name":"Cuca est\u00e1 mais preocupado que Tite com a sa\u00edda de jogadores - PR\u00d3SPERI NEWS","isPartOf":{"@id":"https:\/\/blogdoprosperi.com\/#website"},"primaryImageOfPage":{"@id":"https:\/\/blogdoprosperi.com\/?p=9280#primaryimage"},"image":{"@id":"https:\/\/blogdoprosperi.com\/?p=9280#primaryimage"},"thumbnailUrl":"https:\/\/blogdoprosperi.com\/wp-content\/uploads\/2016\/06\/572c9aaab776004952000012.jpeg","datePublished":"2016-06-08T17:35:20+00:00","dateModified":"2016-06-08T17:45:52+00:00","breadcrumb":{"@id":"https:\/\/blogdoprosperi.com\/?p=9280#breadcrumb"},"inLanguage":"pt-BR","potentialAction":[{"@type":"ReadAction","target":["https:\/\/blogdoprosperi.com\/?p=9280"]}]},{"@type":"ImageObject","inLanguage":"pt-BR","@id":"https:\/\/blogdoprosperi.com\/?p=9280#primaryimage","url":"https:\/\/i0.wp.com\/blogdoprosperi.com\/wp-content\/uploads\/2016\/06\/572c9aaab776004952000012.jpeg?fit=912%2C516&ssl=1","contentUrl":"https:\/\/i0.wp.com\/blogdoprosperi.com\/wp-content\/uploads\/2016\/06\/572c9aaab776004952000012.jpeg?fit=912%2C516&ssl=1","width":912,"height":516},{"@type":"BreadcrumbList","@id":"https:\/\/blogdoprosperi.com\/?p=9280#breadcrumb","itemListElement":[{"@type":"ListItem","position":1,"name":"In\u00edcio","item":"https:\/\/blogdoprosperi.com\/"},{"@type":"ListItem","position":2,"name":"Cuca est\u00e1 mais preocupado que Tite com a sa\u00edda de jogadores"}]},{"@type":"WebSite","@id":"https:\/\/blogdoprosperi.com\/#website","url":"https:\/\/blogdoprosperi.com\/","name":"PR\u00d3SPERI NEWS","description":"TUDO \u00c9  FUTEBOL","publisher":{"@id":"https:\/\/blogdoprosperi.com\/#\/schema\/person\/38100755ce3601861ee4fab9b5aa78e9"},"alternateName":"blogdoprosperi.com","potentialAction":[{"@type":"SearchAction","target":{"@type":"EntryPoint","urlTemplate":"https:\/\/blogdoprosperi.com\/?s={search_term_string}"},"query-input":{"@type":"PropertyValueSpecification","valueRequired":true,"valueName":"search_term_string"}}],"inLanguage":"pt-BR"},{"@type":["Person","Organization"],"@id":"https:\/\/blogdoprosperi.com\/#\/schema\/person\/38100755ce3601861ee4fab9b5aa78e9","name":"Luiz Ant\u00f4nio Pr\u00f3speri","pronouns":"ele","image":{"@type":"ImageObject","inLanguage":"pt-BR","@id":"https:\/\/i0.wp.com\/blogdoprosperi.com\/wp-content\/uploads\/2026\/05\/cropped-8059e613-6002-42fa-961e-8e275f575d71-2-5.jpg?fit=1360%2C931&ssl=1","url":"https:\/\/i0.wp.com\/blogdoprosperi.com\/wp-content\/uploads\/2026\/05\/cropped-8059e613-6002-42fa-961e-8e275f575d71-2-5.jpg?fit=1360%2C931&ssl=1","contentUrl":"https:\/\/i0.wp.com\/blogdoprosperi.com\/wp-content\/uploads\/2026\/05\/cropped-8059e613-6002-42fa-961e-8e275f575d71-2-5.jpg?fit=1360%2C931&ssl=1","width":1360,"height":931,"caption":"Luiz Ant\u00f4nio Pr\u00f3speri"},"logo":{"@id":"https:\/\/i0.wp.com\/blogdoprosperi.com\/wp-content\/uploads\/2026\/05\/cropped-8059e613-6002-42fa-961e-8e275f575d71-2-5.jpg?fit=1360%2C931&ssl=1"},"description":"Jornalista com carreira dedicada ao esporte. Cobriu 9 Copas do Mundo in loco, 1990 na It\u00e1lia, 1994 nos EUA, 1998 na Fran\u00e7a, 2002 na Coreia do Sul e Jap\u00e3o, 2006 na Alemanha, 2010 na \u00c1frica do Sul, 2014 no Brasil, 2018 na R\u00fassia e 2022 no Qatar. Eurocopas, 1992 na Su\u00e9cia e 1996 na Inglaterra. Copa das Confedera\u00e7\u00f5es de 2005 na Alemanha e 2009 na \u00c1frica do Sul. Rep\u00f3rter e Editor, trabalhou no Jornal da Tarde e Estad\u00e3o, de 1984 a fevereiro de 2016. Colunista, blogueiro. E comentarista de futebol na R\u00e1dio Estad\u00e3o, de 2013 a fevereiro de 2016. Jornalista respons\u00e1vel do \"Pr\u00f3speri News\" (blogdoprosperi.com).","sameAs":["http:\/\/blogdoprosperi.com","Luiz Pr\u00f3speri","@luiz_prosperi","https:\/\/x.com\/Luizprosperi","@prosperinacopa","luiz.prosperi@icloud.com"],"url":"https:\/\/blogdoprosperi.com\/?author=102107496"}]}},"jetpack_publicize_connections":[],"jetpack_likes_enabled":false,"jetpack_sharing_enabled":true,"jetpack_shortlink":"https:\/\/wp.me\/p7jvdk-2pG","jetpack-related-posts":[{"id":10096,"url":"https:\/\/blogdoprosperi.com\/?p=10096","url_meta":{"origin":9280,"position":0},"title":"Entenda a vit\u00f3ria do Palmeiras contra o Corinthians e o choro de Tite","author":"Luiz Ant\u00f4nio Pr\u00f3speri","date":"12 de junho de 2016","format":false,"excerpt":"Cuca projetava a vit\u00f3ria do Palmeiras no cl\u00e1ssico contra o Corinthians como fundamental na longa caminhada em busca da ta\u00e7a do Brasileir\u00e3o. Havia ingredientes de sobra, entre passado e presente, na mesa do treinador para confirmar a import\u00e2ncia do triunfo. Nenhum detalhe deveria ficar sem aten\u00e7\u00e3o, sob pena de tudo\u2026","rel":"","context":"Em &quot;futebol&quot;","block_context":{"text":"futebol","link":"https:\/\/blogdoprosperi.com\/?cat=53870"},"img":{"alt_text":"","src":"https:\/\/i0.wp.com\/blogdoprosperi.com\/wp-content\/uploads\/2016\/06\/pro5-9.jpg?resize=350%2C200","width":350,"height":200,"srcset":"https:\/\/i0.wp.com\/blogdoprosperi.com\/wp-content\/uploads\/2016\/06\/pro5-9.jpg?resize=350%2C200 1x, https:\/\/i0.wp.com\/blogdoprosperi.com\/wp-content\/uploads\/2016\/06\/pro5-9.jpg?resize=525%2C300 1.5x, https:\/\/i0.wp.com\/blogdoprosperi.com\/wp-content\/uploads\/2016\/06\/pro5-9.jpg?resize=700%2C400 2x, https:\/\/i0.wp.com\/blogdoprosperi.com\/wp-content\/uploads\/2016\/06\/pro5-9.jpg?resize=1050%2C600 3x, https:\/\/i0.wp.com\/blogdoprosperi.com\/wp-content\/uploads\/2016\/06\/pro5-9.jpg?resize=1400%2C800 4x"},"classes":[]},{"id":31254,"url":"https:\/\/blogdoprosperi.com\/?p=31254","url_meta":{"origin":9280,"position":1},"title":"Entenda como Palmeiras supera concorr\u00eancia na briga pela ta\u00e7a","author":"Luiz Ant\u00f4nio Pr\u00f3speri","date":"7 de novembro de 2016","format":false,"excerpt":"Palmeiras est\u00e1 no centro da discuss\u00e3o nesta reta final do Brasileir\u00e3o. Alvo preferido da pol\u00eamica de que vai ser campe\u00e3o, apesar de n\u00e3o jogar um futebol empolgante, bonito de se ver. Ou n\u00e3o tem sido t\u00e3o brilhante como o Corinthians, dono inconteste da ta\u00e7a em 2015. Alguns colegas jornalistas t\u00eam\u2026","rel":"","context":"Em &quot;Campeonato Brasileiro&quot;","block_context":{"text":"Campeonato Brasileiro","link":"https:\/\/blogdoprosperi.com\/?cat=355071"},"img":{"alt_text":"","src":"https:\/\/i0.wp.com\/blogdoprosperi.com\/wp-content\/uploads\/2016\/11\/26411418633_7a2551a277_o.jpg?resize=350%2C200&ssl=1","width":350,"height":200,"srcset":"https:\/\/i0.wp.com\/blogdoprosperi.com\/wp-content\/uploads\/2016\/11\/26411418633_7a2551a277_o.jpg?resize=350%2C200&ssl=1 1x, https:\/\/i0.wp.com\/blogdoprosperi.com\/wp-content\/uploads\/2016\/11\/26411418633_7a2551a277_o.jpg?resize=525%2C300&ssl=1 1.5x, https:\/\/i0.wp.com\/blogdoprosperi.com\/wp-content\/uploads\/2016\/11\/26411418633_7a2551a277_o.jpg?resize=700%2C400&ssl=1 2x"},"classes":[]},{"id":5227,"url":"https:\/\/blogdoprosperi.com\/?p=5227","url_meta":{"origin":9280,"position":2},"title":"Cinco an\u00e1lises de futebol para voc\u00ea ler nesta quinta-feira (12\/5) antes de dormir","author":"Luiz Ant\u00f4nio Pr\u00f3speri","date":"13 de maio de 2016","format":false,"excerpt":"Acidente no Morumbi exp\u00f5e problemas do est\u00e1dio e pode dar preju\u00edzos ao S\u00e3o Paulo. O Cruzeiro copia o Atl\u00e9tico-MG e acerta com um treinador estrangeiro. No Palmeiras, Cuca bebe na fonte do Audax e promete time ousado no Brasileir\u00e3o-2016. Novo desmanche e falta de refor\u00e7os preocupam Tite no Corinthians. E,\u2026","rel":"","context":"Em &quot;futebol&quot;","block_context":{"text":"futebol","link":"https:\/\/blogdoprosperi.com\/?cat=53870"},"img":{"alt_text":"","src":"https:\/\/i0.wp.com\/blogdoprosperi.com\/wp-content\/uploads\/2016\/05\/1463004907346.jpg?resize=350%2C200&ssl=1","width":350,"height":200,"srcset":"https:\/\/i0.wp.com\/blogdoprosperi.com\/wp-content\/uploads\/2016\/05\/1463004907346.jpg?resize=350%2C200&ssl=1 1x, https:\/\/i0.wp.com\/blogdoprosperi.com\/wp-content\/uploads\/2016\/05\/1463004907346.jpg?resize=525%2C300&ssl=1 1.5x"},"classes":[]},{"id":29743,"url":"https:\/\/blogdoprosperi.com\/?p=29743","url_meta":{"origin":9280,"position":3},"title":"Palmeiras faz sua parte e, com ajuda do Corinthians, abre seis pontos do Flamengo","author":"Luiz Ant\u00f4nio Pr\u00f3speri","date":"23 de outubro de 2016","format":false,"excerpt":"Palmeiras superou seu fraco futebol, o p\u00e9ssimo gramado do Allianz Parque, aus\u00eancia de Gabriel Jesus e a gana do Sport neste domingo (23\/10). Sem brilho e lustro, venceu por 2 a 1 e, com ajuda do Corinthians, abriu seis pontos do vice-l\u00edder Flamengo, a seis rodadas do fim do Campeonato\u2026","rel":"","context":"Em &quot;Campeonato Brasileiro&quot;","block_context":{"text":"Campeonato Brasileiro","link":"https:\/\/blogdoprosperi.com\/?cat=355071"},"img":{"alt_text":"","src":"https:\/\/i0.wp.com\/blogdoprosperi.com\/wp-content\/uploads\/2016\/10\/pro5-242.jpg?resize=350%2C200&ssl=1","width":350,"height":200,"srcset":"https:\/\/i0.wp.com\/blogdoprosperi.com\/wp-content\/uploads\/2016\/10\/pro5-242.jpg?resize=350%2C200&ssl=1 1x, https:\/\/i0.wp.com\/blogdoprosperi.com\/wp-content\/uploads\/2016\/10\/pro5-242.jpg?resize=525%2C300&ssl=1 1.5x, https:\/\/i0.wp.com\/blogdoprosperi.com\/wp-content\/uploads\/2016\/10\/pro5-242.jpg?resize=700%2C400&ssl=1 2x, https:\/\/i0.wp.com\/blogdoprosperi.com\/wp-content\/uploads\/2016\/10\/pro5-242.jpg?resize=1050%2C600&ssl=1 3x, https:\/\/i0.wp.com\/blogdoprosperi.com\/wp-content\/uploads\/2016\/10\/pro5-242.jpg?resize=1400%2C800&ssl=1 4x"},"classes":[]},{"id":315,"url":"https:\/\/blogdoprosperi.com\/?p=315","url_meta":{"origin":9280,"position":4},"title":"Cuca encurrala Tite e Palmeiras vence cl\u00e1ssico no Pacaembu","author":"Luiz Ant\u00f4nio Pr\u00f3speri","date":"3 de abril de 2016","format":false,"excerpt":"Desde 17 de setembro de 1995, o Palmeiras n\u00e3o derrotava o Corinthians no Pacaembu. Neste domingo, diante de pouco mais de 22 mil torcedores, colocou um ponto final nessa hist\u00f3ria. Quebrou o tabu com a vit\u00f3ria por 1 a 0. E mostrou a import\u00e2ncia de o clube ter investido em\u2026","rel":"","context":"Em &quot;futebol&quot;","block_context":{"text":"futebol","link":"https:\/\/blogdoprosperi.com\/?cat=53870"},"img":{"alt_text":"","src":"https:\/\/i0.wp.com\/blogdoprosperi.com\/wp-content\/uploads\/2016\/04\/img_3052.jpg?resize=350%2C200&ssl=1","width":350,"height":200,"srcset":"https:\/\/i0.wp.com\/blogdoprosperi.com\/wp-content\/uploads\/2016\/04\/img_3052.jpg?resize=350%2C200&ssl=1 1x, https:\/\/i0.wp.com\/blogdoprosperi.com\/wp-content\/uploads\/2016\/04\/img_3052.jpg?resize=525%2C300&ssl=1 1.5x, https:\/\/i0.wp.com\/blogdoprosperi.com\/wp-content\/uploads\/2016\/04\/img_3052.jpg?resize=700%2C400&ssl=1 2x"},"classes":[]},{"id":41680,"url":"https:\/\/blogdoprosperi.com\/?p=41680","url_meta":{"origin":9280,"position":5},"title":"Cuca cai fora do Corinthians, vit\u00f3ria da torcida","author":"Luiz Ant\u00f4nio Pr\u00f3speri","date":"27 de abril de 2023","format":false,"excerpt":"Sa\u00edda de Cuca do Corinthians nesse final de abril de 2023 vem de sua condena\u00e7\u00e3o por estupro na Su\u00ed\u00e7a em 1987","rel":"","context":"Em &quot;catar 2022&quot;","block_context":{"text":"catar 2022","link":"https:\/\/blogdoprosperi.com\/?cat=47094043"},"img":{"alt_text":"","src":"https:\/\/i0.wp.com\/blogdoprosperi.com\/wp-content\/uploads\/2023\/04\/1418334693-11281152443b1b7058f2bk.webp?fit=774%2C516&ssl=1&resize=350%2C200","width":350,"height":200,"srcset":"https:\/\/i0.wp.com\/blogdoprosperi.com\/wp-content\/uploads\/2023\/04\/1418334693-11281152443b1b7058f2bk.webp?fit=774%2C516&ssl=1&resize=350%2C200 1x, https:\/\/i0.wp.com\/blogdoprosperi.com\/wp-content\/uploads\/2023\/04\/1418334693-11281152443b1b7058f2bk.webp?fit=774%2C516&ssl=1&resize=525%2C300 1.5x, https:\/\/i0.wp.com\/blogdoprosperi.com\/wp-content\/uploads\/2023\/04\/1418334693-11281152443b1b7058f2bk.webp?fit=774%2C516&ssl=1&resize=700%2C400 2x"},"classes":[]}],"jetpack_featured_media_url":"","_links":{"self":[{"href":"https:\/\/blogdoprosperi.com\/index.php?rest_route=\/wp\/v2\/posts\/9280","targetHints":{"allow":["GET"]}}],"collection":[{"href":"https:\/\/blogdoprosperi.com\/index.php?rest_route=\/wp\/v2\/posts"}],"about":[{"href":"https:\/\/blogdoprosperi.com\/index.php?rest_route=\/wp\/v2\/types\/post"}],"author":[{"embeddable":true,"href":"https:\/\/blogdoprosperi.com\/index.php?rest_route=\/wp\/v2\/users\/102107496"}],"replies":[{"embeddable":true,"href":"https:\/\/blogdoprosperi.com\/index.php?rest_route=%2Fwp%2Fv2%2Fcomments&post=9280"}],"version-history":[{"count":25,"href":"https:\/\/blogdoprosperi.com\/index.php?rest_route=\/wp\/v2\/posts\/9280\/revisions"}],"predecessor-version":[{"id":9343,"href":"https:\/\/blogdoprosperi.com\/index.php?rest_route=\/wp\/v2\/posts\/9280\/revisions\/9343"}],"wp:attachment":[{"href":"https:\/\/blogdoprosperi.com\/index.php?rest_route=%2Fwp%2Fv2%2Fmedia&parent=9280"}],"wp:term":[{"taxonomy":"category","embeddable":true,"href":"https:\/\/blogdoprosperi.com\/index.php?rest_route=%2Fwp%2Fv2%2Fcategories&post=9280"},{"taxonomy":"post_tag","embeddable":true,"href":"https:\/\/blogdoprosperi.com\/index.php?rest_route=%2Fwp%2Fv2%2Ftags&post=9280"}],"curies":[{"name":"wp","href":"https:\/\/api.w.org\/{rel}","templated":true}]}}