{"id":9690,"date":"2016-06-10T22:00:13","date_gmt":"2016-06-10T22:00:13","guid":{"rendered":"http:\/\/blogdoprosperi.com\/?p=9690"},"modified":"2016-06-11T13:28:05","modified_gmt":"2016-06-11T13:28:05","slug":"payet-liberta-a-franca-da-agonia-na-estreia-na-eurocopa-2016","status":"publish","type":"post","link":"https:\/\/blogdoprosperi.com\/?p=9690","title":{"rendered":"Payet liberta a Fran\u00e7a da agonia na estreia na Eurocopa 2016"},"content":{"rendered":"<p><span class=\"alignnone\"><img data-recalc-dims=\"1\" loading=\"lazy\" decoding=\"async\" data-attachment-id=\"9767\" data-permalink=\"https:\/\/blogdoprosperi.com\/?attachment_id=9767\" data-orig-file=\"https:\/\/i0.wp.com\/blogdoprosperi.com\/wp-content\/uploads\/2016\/06\/dimitri-payet-678876.jpg?fit=590%2C350&amp;ssl=1\" data-orig-size=\"590,350\" data-comments-opened=\"1\" data-image-meta=\"{&quot;aperture&quot;:&quot;0&quot;,&quot;credit&quot;:&quot;&quot;,&quot;camera&quot;:&quot;&quot;,&quot;caption&quot;:&quot;&quot;,&quot;created_timestamp&quot;:&quot;0&quot;,&quot;copyright&quot;:&quot;&quot;,&quot;focal_length&quot;:&quot;0&quot;,&quot;iso&quot;:&quot;0&quot;,&quot;shutter_speed&quot;:&quot;0&quot;,&quot;title&quot;:&quot;&quot;,&quot;orientation&quot;:&quot;0&quot;}\" data-image-title=\"Dimitri-Payet-678876\" data-image-description=\"\" data-image-caption=\"\" data-large-file=\"https:\/\/i0.wp.com\/blogdoprosperi.com\/wp-content\/uploads\/2016\/06\/dimitri-payet-678876.jpg?fit=590%2C350&amp;ssl=1\" class=\"alignnone size-full wp-image-9767\" src=\"https:\/\/i0.wp.com\/blogdoprosperi.com\/wp-content\/uploads\/2016\/06\/dimitri-payet-678876.jpg?resize=590%2C350&#038;ssl=1\" alt=\"Dimitri-Payet-678876\" width=\"590\" height=\"350\" \/><\/span><\/p>\n<p><span class=\"alignnone\"><img data-recalc-dims=\"1\" loading=\"lazy\" decoding=\"async\" data-attachment-id=\"9853\" data-permalink=\"https:\/\/blogdoprosperi.com\/?attachment_id=9853\" data-orig-file=\"https:\/\/i0.wp.com\/blogdoprosperi.com\/wp-content\/uploads\/2016\/06\/euro_2016_logo_detail.jpg?fit=800%2C1125&amp;ssl=1\" data-orig-size=\"800,1125\" data-comments-opened=\"1\" data-image-meta=\"{&quot;aperture&quot;:&quot;0&quot;,&quot;credit&quot;:&quot;&quot;,&quot;camera&quot;:&quot;&quot;,&quot;caption&quot;:&quot;&quot;,&quot;created_timestamp&quot;:&quot;0&quot;,&quot;copyright&quot;:&quot;&quot;,&quot;focal_length&quot;:&quot;0&quot;,&quot;iso&quot;:&quot;0&quot;,&quot;shutter_speed&quot;:&quot;0&quot;,&quot;title&quot;:&quot;&quot;,&quot;orientation&quot;:&quot;0&quot;}\" data-image-title=\"euro_2016_logo_detail\" data-image-description=\"\" data-image-caption=\"\" data-large-file=\"https:\/\/i0.wp.com\/blogdoprosperi.com\/wp-content\/uploads\/2016\/06\/euro_2016_logo_detail.jpg?fit=728%2C1024&amp;ssl=1\" class=\"alignnone  wp-image-9853 alignleft\" src=\"https:\/\/i0.wp.com\/blogdoprosperi.com\/wp-content\/uploads\/2016\/06\/euro_2016_logo_detail.jpg?resize=72%2C101&#038;ssl=1\" alt=\"euro_2016_logo_detail\" width=\"72\" height=\"101\" \/><\/span>Escrever a hist\u00f3ria na abertura de um grande torneio n\u00e3o \u00e9 para os comuns. Craques s\u00e3o instigados a resolver os jogos de estreia. Quando eles n\u00e3o aparecem, os famosos her\u00f3is improv\u00e1veis surgem do nada. Payet \u00e9 um deles.<\/p>\n<p>De volta ao futebol h\u00e1 poucos meses, ap\u00f3s uma grave les\u00e3o que o afastou um bom tempo do West Ham, Payet se revigorou a ponto de ser tornar uma das pe\u00e7as fundamentais de Didier Deschamps na composi\u00e7\u00e3o da sele\u00e7\u00e3o francesa.<\/p>\n<p>Na hierarquia, ficaria em segundo plano atr\u00e1s de Pogba e Griezmann, os nomes grifados dos Les Bleus. Com a bola rolando, assumiu o protagonismo ao decretar a vit\u00f3ria da Fran\u00e7a por 2 a 1 contra a Rom\u00eania, no jogo de abertura da Eurocopa 2016.<\/p>\n<p><strong>O JOGO<\/strong><br \/>\nO primeiro tempo foi duro para a Fran\u00e7a. Sufocada nos dez minutos iniciais, s\u00f3 voltou \u00e0 respira\u00e7\u00e3o normal a partir dos 13, quando Griezmann carimbou a trave. Assim mesmo n\u00e3o teve vida f\u00e1cil. Empurrada por uma multid\u00e3o cantando refr\u00f5es do seu emblem\u00e1tico hino, conseguiu equilibrar o jogo e a apertar o advers\u00e1rio. Brigou pelo gol, mas parou na boa marca\u00e7\u00e3o do inimigo.<\/p>\n<p><span class=\"alignnone\"><img data-recalc-dims=\"1\" loading=\"lazy\" decoding=\"async\" data-attachment-id=\"9776\" data-permalink=\"https:\/\/blogdoprosperi.com\/?attachment_id=9776\" data-orig-file=\"https:\/\/i0.wp.com\/blogdoprosperi.com\/wp-content\/uploads\/2016\/06\/2374050_w1-11.jpg?fit=988%2C556&amp;ssl=1\" data-orig-size=\"988,556\" data-comments-opened=\"1\" data-image-meta=\"{&quot;aperture&quot;:&quot;0&quot;,&quot;credit&quot;:&quot;&quot;,&quot;camera&quot;:&quot;&quot;,&quot;caption&quot;:&quot;&quot;,&quot;created_timestamp&quot;:&quot;0&quot;,&quot;copyright&quot;:&quot;&quot;,&quot;focal_length&quot;:&quot;0&quot;,&quot;iso&quot;:&quot;0&quot;,&quot;shutter_speed&quot;:&quot;0&quot;,&quot;title&quot;:&quot;&quot;,&quot;orientation&quot;:&quot;0&quot;}\" data-image-title=\"2374050_w1-1\" data-image-description=\"\" data-image-caption=\"\" data-large-file=\"https:\/\/i0.wp.com\/blogdoprosperi.com\/wp-content\/uploads\/2016\/06\/2374050_w1-11.jpg?fit=940%2C529&amp;ssl=1\" class=\"alignnone size-full wp-image-9776\" src=\"https:\/\/i0.wp.com\/blogdoprosperi.com\/wp-content\/uploads\/2016\/06\/2374050_w1-11.jpg?resize=940%2C529&#038;ssl=1\" alt=\"2374050_w1-1\" width=\"940\" height=\"529\" \/><\/span><\/p>\n<p>A Rom\u00eania come\u00e7ou o segundo tempo da mesma forma como no primeiro. Encantoou os franceses. Da press\u00e3o absurda nasceu um perigoso lance de Stanciu. Ele mandou uma bola rente \u00e0 trave e imp\u00f4s um inc\u00f4modo sil\u00eancio ao Saint-Denis.<\/p>\n<p>Uma resposta r\u00e1pida deveria ser dada pela Fran\u00e7a, sob pena de deixar aos romenos o controle do jogo. Ent\u00e3o apareceu Payet, o mais habilidoso do time e da partida. Inventivo, em todos os lados da linha de frente, ele entortou a zaga e e cruzou na medida para Giroud marca o primeiro gol da Eurocopa 2016.<\/p>\n<p>Antes do gol, Pogba havia disparado um torpedo de primeira, tamb\u00e9m em bom cruzamento de Payet, defendido por Tatarusanu. Era o sinal de que os Les Bleus queriam mesmo sufocar os romenos. Press\u00e3o acompanhada de um entusiasmo acima do normal com a imensid\u00e3o de vermelho, branco e azul.<\/p>\n<p>O enredo estava pronto. Bastava seguir o script. Mas sempre tem um vil\u00e3o na hist\u00f3ria. Dessa vez quem alterou o roteiro foi o lateral \u00c9vra, autor de um p\u00eanalti desnecess\u00e1rio em Stanciu, que ele mesmo bateu e converteu: 1 a 1.<\/p>\n<p><span class=\"alignnone\"><img data-recalc-dims=\"1\" loading=\"lazy\" decoding=\"async\" data-attachment-id=\"9773\" data-permalink=\"https:\/\/blogdoprosperi.com\/?attachment_id=9773\" data-orig-file=\"https:\/\/i0.wp.com\/blogdoprosperi.com\/wp-content\/uploads\/2016\/06\/607466045_mh_4713_9dae4efe489e8050aa07189d5e191a51_3194.jpg?fit=988%2C585&amp;ssl=1\" data-orig-size=\"988,585\" data-comments-opened=\"1\" data-image-meta=\"{&quot;aperture&quot;:&quot;0&quot;,&quot;credit&quot;:&quot;&quot;,&quot;camera&quot;:&quot;&quot;,&quot;caption&quot;:&quot;&quot;,&quot;created_timestamp&quot;:&quot;0&quot;,&quot;copyright&quot;:&quot;&quot;,&quot;focal_length&quot;:&quot;0&quot;,&quot;iso&quot;:&quot;0&quot;,&quot;shutter_speed&quot;:&quot;0&quot;,&quot;title&quot;:&quot;&quot;,&quot;orientation&quot;:&quot;0&quot;}\" data-image-title=\"607466045_MH_4713_9DAE4EFE489E8050AA07189D5E191A51_3194\" data-image-description=\"\" data-image-caption=\"\" data-large-file=\"https:\/\/i0.wp.com\/blogdoprosperi.com\/wp-content\/uploads\/2016\/06\/607466045_mh_4713_9dae4efe489e8050aa07189d5e191a51_3194.jpg?fit=940%2C557&amp;ssl=1\" class=\"alignnone size-full wp-image-9773\" src=\"https:\/\/i0.wp.com\/blogdoprosperi.com\/wp-content\/uploads\/2016\/06\/607466045_mh_4713_9dae4efe489e8050aa07189d5e191a51_3194.jpg?resize=940%2C557&#038;ssl=1\" alt=\"607466045_MH_4713_9DAE4EFE489E8050AA07189D5E191A51_3194\" width=\"940\" height=\"557\" \/><\/span><\/p>\n<p>A Fran\u00e7a teria de remar tudo novo, agora contra a correnteza. Coman, do Bayer Munique, entrou no lugar do apagado Griezmann. Pogba cedeu seu posto a Marital. Os dois que entraram foram fazer companhia a Giroud no ataque.<\/p>\n<p>Essa nova composi\u00e7\u00e3o do time tinha menos de 20 minutos para desempatar o jogo. A Rom\u00eania, satisfeit\u00edssima com o 1 a 1, se fechou ainda mais. A estrat\u00e9gia era quebrar o ritmo \u00a0dos anfitri\u00f5es e tensionar os nervos da torcida at\u00e9 o limite.<\/p>\n<p>Quando havia apenas um pingo de esperan\u00e7a, a quatro minutos do final, Payet, tinha de ser ele, fez um gol de patente de jogos hist\u00f3ricos, de grife de craque, de Eurocopa, de Copa do Mundo. A poucos metros da grande \u00e1rea, no setor direito, ele recebe a bola de Sagna e, sem tempo para ajeit\u00e1-la, gira e bate de esquerda no \u00e2ngulo. Um gola\u00e7o.<\/p>\n<p>O est\u00e1dio se transformou em uma como\u00e7\u00e3o s\u00f3. N\u00e3o havia espa\u00e7o, apesar do colosso do Stade de France, para tanta alegria transbordar com o gol de Payet. A vit\u00f3ria na estreia estava garantida, como Didier Deschamps havia projetado. Muito do que a Franca vai fazer nesta Euro, alertou o treinador, passaria por este dia 10 de junho no Saint Denis.<\/p>\n","protected":false},"excerpt":{"rendered":"<p>Escrever a hist\u00f3ria na abertura de um grande torneio n\u00e3o \u00e9 para os comuns. Craques s\u00e3o instigados a [&hellip;]<\/p>\n","protected":false},"author":102107496,"featured_media":0,"comment_status":"open","ping_status":"open","sticky":false,"template":"","format":"standard","meta":{"_coblocks_attr":"","_coblocks_dimensions":"","_coblocks_responsive_height":"","_coblocks_accordion_ie_support":"","_jetpack_newsletter_access":"","_jetpack_dont_email_post_to_subs":false,"_jetpack_newsletter_tier_id":0,"_jetpack_memberships_contains_paywalled_content":false,"_wpcom_ai_launchpad_first_post":false,"_jetpack_feature_clip_id":0,"_jetpack_memberships_contains_paid_content":false,"footnotes":"","jetpack_publicize_message":"","jetpack_publicize_feature_enabled":true,"jetpack_social_post_already_shared":false,"jetpack_social_options":{"image_generator_settings":{"template":"highway","default_image_id":0,"font":"","enabled":false},"version":2},"jetpack_post_was_ever_published":false},"categories":[53870],"tags":[43983568,11520306,68923,789560560,3989918,4761562,26162615,225056,3102172,771881],"class_list":["post-9690","post","type-post","status-publish","format-standard","hentry","category-futebol","tag-euro-16","tag-eurocopa-2016","tag-franca","tag-futebol","tag-giroud","tag-payet","tag-pogba","tag-romenia","tag-saint-dennis","tag-stade-de-france"],"yoast_head":"<!-- This site is optimized with the Yoast SEO plugin v28.4 - https:\/\/yoast.com\/product\/yoast-seo-wordpress\/ -->\n<title>Payet liberta a Fran\u00e7a da agonia na estreia na Eurocopa 2016 - PR\u00d3SPERI NEWS<\/title>\n<meta name=\"robots\" content=\"index, follow, max-snippet:-1, max-image-preview:large, max-video-preview:-1\" \/>\n<link rel=\"canonical\" href=\"https:\/\/blogdoprosperi.com\/?p=9690\" \/>\n<meta property=\"og:locale\" content=\"pt_BR\" \/>\n<meta property=\"og:type\" content=\"article\" \/>\n<meta property=\"og:title\" content=\"Payet liberta a Fran\u00e7a da agonia na estreia na Eurocopa 2016 - PR\u00d3SPERI NEWS\" \/>\n<meta property=\"og:description\" content=\"Escrever a hist\u00f3ria na abertura de um grande torneio n\u00e3o \u00e9 para os comuns. Craques s\u00e3o instigados a [&hellip;]\" \/>\n<meta property=\"og:url\" content=\"https:\/\/blogdoprosperi.com\/?p=9690\" \/>\n<meta property=\"og:site_name\" content=\"PR\u00d3SPERI NEWS\" \/>\n<meta property=\"article:publisher\" content=\"Luiz Pr\u00f3speri\" \/>\n<meta property=\"article:author\" content=\"Luiz Pr\u00f3speri\" \/>\n<meta property=\"article:published_time\" content=\"2016-06-10T22:00:13+00:00\" \/>\n<meta property=\"article:modified_time\" content=\"2016-06-11T13:28:05+00:00\" \/>\n<meta property=\"og:image\" content=\"https:\/\/blogdoprosperi.com\/wp-content\/uploads\/2016\/06\/dimitri-payet-678876.jpg\" \/>\n<meta name=\"author\" content=\"Luiz Ant\u00f4nio Pr\u00f3speri\" \/>\n<meta name=\"twitter:card\" content=\"summary_large_image\" \/>\n<meta name=\"twitter:creator\" content=\"@Luizprosperi\" \/>\n<meta name=\"twitter:site\" content=\"@Luizprosperi\" \/>\n<meta name=\"twitter:label1\" content=\"Escrito por\" \/>\n\t<meta name=\"twitter:data1\" content=\"Luiz Ant\u00f4nio Pr\u00f3speri\" \/>\n\t<meta name=\"twitter:label2\" content=\"Est. tempo de leitura\" \/>\n\t<meta name=\"twitter:data2\" content=\"3 minutos\" \/>\n<script type=\"application\/ld+json\" class=\"yoast-schema-graph\">{\"@context\":\"https:\\\/\\\/schema.org\",\"@graph\":[{\"@type\":\"Article\",\"@id\":\"https:\\\/\\\/blogdoprosperi.com\\\/?p=9690#article\",\"isPartOf\":{\"@id\":\"https:\\\/\\\/blogdoprosperi.com\\\/?p=9690\"},\"author\":{\"name\":\"Luiz Ant\u00f4nio Pr\u00f3speri\",\"@id\":\"https:\\\/\\\/blogdoprosperi.com\\\/#\\\/schema\\\/person\\\/38100755ce3601861ee4fab9b5aa78e9\"},\"headline\":\"Payet liberta a Fran\u00e7a da agonia na estreia na Eurocopa 2016\",\"datePublished\":\"2016-06-10T22:00:13+00:00\",\"dateModified\":\"2016-06-11T13:28:05+00:00\",\"mainEntityOfPage\":{\"@id\":\"https:\\\/\\\/blogdoprosperi.com\\\/?p=9690\"},\"wordCount\":625,\"commentCount\":0,\"publisher\":{\"@id\":\"https:\\\/\\\/blogdoprosperi.com\\\/#\\\/schema\\\/person\\\/38100755ce3601861ee4fab9b5aa78e9\"},\"image\":{\"@id\":\"https:\\\/\\\/blogdoprosperi.com\\\/?p=9690#primaryimage\"},\"thumbnailUrl\":\"https:\\\/\\\/blogdoprosperi.com\\\/wp-content\\\/uploads\\\/2016\\\/06\\\/dimitri-payet-678876.jpg\",\"keywords\":[\"Euro-16\",\"Eurocopa 2016\",\"Fran\u00e7a\",\"futebol\",\"Giroud\",\"Payet\",\"Pogba\",\"Rom\u00eania\",\"Saint-Dennis\",\"Stade de France\"],\"articleSection\":[\"futebol\"],\"inLanguage\":\"pt-BR\",\"potentialAction\":[{\"@type\":\"CommentAction\",\"name\":\"Comment\",\"target\":[\"https:\\\/\\\/blogdoprosperi.com\\\/?p=9690#respond\"]}]},{\"@type\":\"WebPage\",\"@id\":\"https:\\\/\\\/blogdoprosperi.com\\\/?p=9690\",\"url\":\"https:\\\/\\\/blogdoprosperi.com\\\/?p=9690\",\"name\":\"Payet liberta a Fran\u00e7a da agonia na estreia na Eurocopa 2016 - PR\u00d3SPERI NEWS\",\"isPartOf\":{\"@id\":\"https:\\\/\\\/blogdoprosperi.com\\\/#website\"},\"primaryImageOfPage\":{\"@id\":\"https:\\\/\\\/blogdoprosperi.com\\\/?p=9690#primaryimage\"},\"image\":{\"@id\":\"https:\\\/\\\/blogdoprosperi.com\\\/?p=9690#primaryimage\"},\"thumbnailUrl\":\"https:\\\/\\\/blogdoprosperi.com\\\/wp-content\\\/uploads\\\/2016\\\/06\\\/dimitri-payet-678876.jpg\",\"datePublished\":\"2016-06-10T22:00:13+00:00\",\"dateModified\":\"2016-06-11T13:28:05+00:00\",\"breadcrumb\":{\"@id\":\"https:\\\/\\\/blogdoprosperi.com\\\/?p=9690#breadcrumb\"},\"inLanguage\":\"pt-BR\",\"potentialAction\":[{\"@type\":\"ReadAction\",\"target\":[\"https:\\\/\\\/blogdoprosperi.com\\\/?p=9690\"]}]},{\"@type\":\"ImageObject\",\"inLanguage\":\"pt-BR\",\"@id\":\"https:\\\/\\\/blogdoprosperi.com\\\/?p=9690#primaryimage\",\"url\":\"https:\\\/\\\/i0.wp.com\\\/blogdoprosperi.com\\\/wp-content\\\/uploads\\\/2016\\\/06\\\/dimitri-payet-678876.jpg?fit=590%2C350&ssl=1\",\"contentUrl\":\"https:\\\/\\\/i0.wp.com\\\/blogdoprosperi.com\\\/wp-content\\\/uploads\\\/2016\\\/06\\\/dimitri-payet-678876.jpg?fit=590%2C350&ssl=1\",\"width\":590,\"height\":350},{\"@type\":\"BreadcrumbList\",\"@id\":\"https:\\\/\\\/blogdoprosperi.com\\\/?p=9690#breadcrumb\",\"itemListElement\":[{\"@type\":\"ListItem\",\"position\":1,\"name\":\"In\u00edcio\",\"item\":\"https:\\\/\\\/blogdoprosperi.com\\\/\"},{\"@type\":\"ListItem\",\"position\":2,\"name\":\"Payet liberta a Fran\u00e7a da agonia na estreia na Eurocopa 2016\"}]},{\"@type\":\"WebSite\",\"@id\":\"https:\\\/\\\/blogdoprosperi.com\\\/#website\",\"url\":\"https:\\\/\\\/blogdoprosperi.com\\\/\",\"name\":\"PR\u00d3SPERI NEWS\",\"description\":\"TUDO \u00c9  FUTEBOL\",\"publisher\":{\"@id\":\"https:\\\/\\\/blogdoprosperi.com\\\/#\\\/schema\\\/person\\\/38100755ce3601861ee4fab9b5aa78e9\"},\"alternateName\":\"blogdoprosperi.com\",\"potentialAction\":[{\"@type\":\"SearchAction\",\"target\":{\"@type\":\"EntryPoint\",\"urlTemplate\":\"https:\\\/\\\/blogdoprosperi.com\\\/?s={search_term_string}\"},\"query-input\":{\"@type\":\"PropertyValueSpecification\",\"valueRequired\":true,\"valueName\":\"search_term_string\"}}],\"inLanguage\":\"pt-BR\"},{\"@type\":[\"Person\",\"Organization\"],\"@id\":\"https:\\\/\\\/blogdoprosperi.com\\\/#\\\/schema\\\/person\\\/38100755ce3601861ee4fab9b5aa78e9\",\"name\":\"Luiz Ant\u00f4nio Pr\u00f3speri\",\"pronouns\":\"ele\",\"image\":{\"@type\":\"ImageObject\",\"inLanguage\":\"pt-BR\",\"@id\":\"https:\\\/\\\/i0.wp.com\\\/blogdoprosperi.com\\\/wp-content\\\/uploads\\\/2026\\\/05\\\/cropped-8059e613-6002-42fa-961e-8e275f575d71-2-5.jpg?fit=1360%2C931&ssl=1\",\"url\":\"https:\\\/\\\/i0.wp.com\\\/blogdoprosperi.com\\\/wp-content\\\/uploads\\\/2026\\\/05\\\/cropped-8059e613-6002-42fa-961e-8e275f575d71-2-5.jpg?fit=1360%2C931&ssl=1\",\"contentUrl\":\"https:\\\/\\\/i0.wp.com\\\/blogdoprosperi.com\\\/wp-content\\\/uploads\\\/2026\\\/05\\\/cropped-8059e613-6002-42fa-961e-8e275f575d71-2-5.jpg?fit=1360%2C931&ssl=1\",\"width\":1360,\"height\":931,\"caption\":\"Luiz Ant\u00f4nio Pr\u00f3speri\"},\"logo\":{\"@id\":\"https:\\\/\\\/i0.wp.com\\\/blogdoprosperi.com\\\/wp-content\\\/uploads\\\/2026\\\/05\\\/cropped-8059e613-6002-42fa-961e-8e275f575d71-2-5.jpg?fit=1360%2C931&ssl=1\"},\"description\":\"Jornalista com carreira dedicada ao esporte. Cobriu 9 Copas do Mundo in loco, 1990 na It\u00e1lia, 1994 nos EUA, 1998 na Fran\u00e7a, 2002 na Coreia do Sul e Jap\u00e3o, 2006 na Alemanha, 2010 na \u00c1frica do Sul, 2014 no Brasil, 2018 na R\u00fassia e 2022 no Qatar. Eurocopas, 1992 na Su\u00e9cia e 1996 na Inglaterra. Copa das Confedera\u00e7\u00f5es de 2005 na Alemanha e 2009 na \u00c1frica do Sul. Rep\u00f3rter e Editor, trabalhou no Jornal da Tarde e Estad\u00e3o, de 1984 a fevereiro de 2016. Colunista, blogueiro. E comentarista de futebol na R\u00e1dio Estad\u00e3o, de 2013 a fevereiro de 2016. Jornalista respons\u00e1vel do \\\"Pr\u00f3speri News\\\" (blogdoprosperi.com).\",\"sameAs\":[\"http:\\\/\\\/blogdoprosperi.com\",\"Luiz Pr\u00f3speri\",\"@luiz_prosperi\",\"https:\\\/\\\/x.com\\\/Luizprosperi\",\"@prosperinacopa\",\"luiz.prosperi@icloud.com\"],\"url\":\"https:\\\/\\\/blogdoprosperi.com\\\/?author=102107496\"}]}<\/script>\n<!-- \/ Yoast SEO plugin. -->","yoast_head_json":{"title":"Payet liberta a Fran\u00e7a da agonia na estreia na Eurocopa 2016 - PR\u00d3SPERI NEWS","robots":{"index":"index","follow":"follow","max-snippet":"max-snippet:-1","max-image-preview":"max-image-preview:large","max-video-preview":"max-video-preview:-1"},"canonical":"https:\/\/blogdoprosperi.com\/?p=9690","og_locale":"pt_BR","og_type":"article","og_title":"Payet liberta a Fran\u00e7a da agonia na estreia na Eurocopa 2016 - PR\u00d3SPERI NEWS","og_description":"Escrever a hist\u00f3ria na abertura de um grande torneio n\u00e3o \u00e9 para os comuns. Craques s\u00e3o instigados a [&hellip;]","og_url":"https:\/\/blogdoprosperi.com\/?p=9690","og_site_name":"PR\u00d3SPERI NEWS","article_publisher":"Luiz Pr\u00f3speri","article_author":"Luiz Pr\u00f3speri","article_published_time":"2016-06-10T22:00:13+00:00","article_modified_time":"2016-06-11T13:28:05+00:00","og_image":[{"url":"https:\/\/blogdoprosperi.com\/wp-content\/uploads\/2016\/06\/dimitri-payet-678876.jpg","type":"","width":"","height":""}],"author":"Luiz Ant\u00f4nio Pr\u00f3speri","twitter_card":"summary_large_image","twitter_creator":"@Luizprosperi","twitter_site":"@Luizprosperi","twitter_misc":{"Escrito por":"Luiz Ant\u00f4nio Pr\u00f3speri","Est. tempo de leitura":"3 minutos"},"schema":{"@context":"https:\/\/schema.org","@graph":[{"@type":"Article","@id":"https:\/\/blogdoprosperi.com\/?p=9690#article","isPartOf":{"@id":"https:\/\/blogdoprosperi.com\/?p=9690"},"author":{"name":"Luiz Ant\u00f4nio Pr\u00f3speri","@id":"https:\/\/blogdoprosperi.com\/#\/schema\/person\/38100755ce3601861ee4fab9b5aa78e9"},"headline":"Payet liberta a Fran\u00e7a da agonia na estreia na Eurocopa 2016","datePublished":"2016-06-10T22:00:13+00:00","dateModified":"2016-06-11T13:28:05+00:00","mainEntityOfPage":{"@id":"https:\/\/blogdoprosperi.com\/?p=9690"},"wordCount":625,"commentCount":0,"publisher":{"@id":"https:\/\/blogdoprosperi.com\/#\/schema\/person\/38100755ce3601861ee4fab9b5aa78e9"},"image":{"@id":"https:\/\/blogdoprosperi.com\/?p=9690#primaryimage"},"thumbnailUrl":"https:\/\/blogdoprosperi.com\/wp-content\/uploads\/2016\/06\/dimitri-payet-678876.jpg","keywords":["Euro-16","Eurocopa 2016","Fran\u00e7a","futebol","Giroud","Payet","Pogba","Rom\u00eania","Saint-Dennis","Stade de France"],"articleSection":["futebol"],"inLanguage":"pt-BR","potentialAction":[{"@type":"CommentAction","name":"Comment","target":["https:\/\/blogdoprosperi.com\/?p=9690#respond"]}]},{"@type":"WebPage","@id":"https:\/\/blogdoprosperi.com\/?p=9690","url":"https:\/\/blogdoprosperi.com\/?p=9690","name":"Payet liberta a Fran\u00e7a da agonia na estreia na Eurocopa 2016 - PR\u00d3SPERI NEWS","isPartOf":{"@id":"https:\/\/blogdoprosperi.com\/#website"},"primaryImageOfPage":{"@id":"https:\/\/blogdoprosperi.com\/?p=9690#primaryimage"},"image":{"@id":"https:\/\/blogdoprosperi.com\/?p=9690#primaryimage"},"thumbnailUrl":"https:\/\/blogdoprosperi.com\/wp-content\/uploads\/2016\/06\/dimitri-payet-678876.jpg","datePublished":"2016-06-10T22:00:13+00:00","dateModified":"2016-06-11T13:28:05+00:00","breadcrumb":{"@id":"https:\/\/blogdoprosperi.com\/?p=9690#breadcrumb"},"inLanguage":"pt-BR","potentialAction":[{"@type":"ReadAction","target":["https:\/\/blogdoprosperi.com\/?p=9690"]}]},{"@type":"ImageObject","inLanguage":"pt-BR","@id":"https:\/\/blogdoprosperi.com\/?p=9690#primaryimage","url":"https:\/\/i0.wp.com\/blogdoprosperi.com\/wp-content\/uploads\/2016\/06\/dimitri-payet-678876.jpg?fit=590%2C350&ssl=1","contentUrl":"https:\/\/i0.wp.com\/blogdoprosperi.com\/wp-content\/uploads\/2016\/06\/dimitri-payet-678876.jpg?fit=590%2C350&ssl=1","width":590,"height":350},{"@type":"BreadcrumbList","@id":"https:\/\/blogdoprosperi.com\/?p=9690#breadcrumb","itemListElement":[{"@type":"ListItem","position":1,"name":"In\u00edcio","item":"https:\/\/blogdoprosperi.com\/"},{"@type":"ListItem","position":2,"name":"Payet liberta a Fran\u00e7a da agonia na estreia na Eurocopa 2016"}]},{"@type":"WebSite","@id":"https:\/\/blogdoprosperi.com\/#website","url":"https:\/\/blogdoprosperi.com\/","name":"PR\u00d3SPERI NEWS","description":"TUDO \u00c9  FUTEBOL","publisher":{"@id":"https:\/\/blogdoprosperi.com\/#\/schema\/person\/38100755ce3601861ee4fab9b5aa78e9"},"alternateName":"blogdoprosperi.com","potentialAction":[{"@type":"SearchAction","target":{"@type":"EntryPoint","urlTemplate":"https:\/\/blogdoprosperi.com\/?s={search_term_string}"},"query-input":{"@type":"PropertyValueSpecification","valueRequired":true,"valueName":"search_term_string"}}],"inLanguage":"pt-BR"},{"@type":["Person","Organization"],"@id":"https:\/\/blogdoprosperi.com\/#\/schema\/person\/38100755ce3601861ee4fab9b5aa78e9","name":"Luiz Ant\u00f4nio Pr\u00f3speri","pronouns":"ele","image":{"@type":"ImageObject","inLanguage":"pt-BR","@id":"https:\/\/i0.wp.com\/blogdoprosperi.com\/wp-content\/uploads\/2026\/05\/cropped-8059e613-6002-42fa-961e-8e275f575d71-2-5.jpg?fit=1360%2C931&ssl=1","url":"https:\/\/i0.wp.com\/blogdoprosperi.com\/wp-content\/uploads\/2026\/05\/cropped-8059e613-6002-42fa-961e-8e275f575d71-2-5.jpg?fit=1360%2C931&ssl=1","contentUrl":"https:\/\/i0.wp.com\/blogdoprosperi.com\/wp-content\/uploads\/2026\/05\/cropped-8059e613-6002-42fa-961e-8e275f575d71-2-5.jpg?fit=1360%2C931&ssl=1","width":1360,"height":931,"caption":"Luiz Ant\u00f4nio Pr\u00f3speri"},"logo":{"@id":"https:\/\/i0.wp.com\/blogdoprosperi.com\/wp-content\/uploads\/2026\/05\/cropped-8059e613-6002-42fa-961e-8e275f575d71-2-5.jpg?fit=1360%2C931&ssl=1"},"description":"Jornalista com carreira dedicada ao esporte. Cobriu 9 Copas do Mundo in loco, 1990 na It\u00e1lia, 1994 nos EUA, 1998 na Fran\u00e7a, 2002 na Coreia do Sul e Jap\u00e3o, 2006 na Alemanha, 2010 na \u00c1frica do Sul, 2014 no Brasil, 2018 na R\u00fassia e 2022 no Qatar. Eurocopas, 1992 na Su\u00e9cia e 1996 na Inglaterra. Copa das Confedera\u00e7\u00f5es de 2005 na Alemanha e 2009 na \u00c1frica do Sul. Rep\u00f3rter e Editor, trabalhou no Jornal da Tarde e Estad\u00e3o, de 1984 a fevereiro de 2016. Colunista, blogueiro. E comentarista de futebol na R\u00e1dio Estad\u00e3o, de 2013 a fevereiro de 2016. Jornalista respons\u00e1vel do \"Pr\u00f3speri News\" (blogdoprosperi.com).","sameAs":["http:\/\/blogdoprosperi.com","Luiz Pr\u00f3speri","@luiz_prosperi","https:\/\/x.com\/Luizprosperi","@prosperinacopa","luiz.prosperi@icloud.com"],"url":"https:\/\/blogdoprosperi.com\/?author=102107496"}]}},"jetpack_publicize_connections":[],"jetpack_likes_enabled":false,"jetpack_sharing_enabled":true,"jetpack_shortlink":"https:\/\/wp.me\/p7jvdk-2wi","jetpack-related-posts":[{"id":13135,"url":"https:\/\/blogdoprosperi.com\/?p=13135","url_meta":{"origin":9690,"position":0},"title":"Fran\u00e7a sofre em casa e Alemanha desfila em Lille","author":"Luiz Ant\u00f4nio Pr\u00f3speri","date":"26 de junho de 2016","format":false,"excerpt":"Alemanha n\u00e3o brinca em servi\u00e7o, nem desperdi\u00e7a tempo na Eurocopa. Passa, se poss\u00edvel como um rolo compressor, por cima de seus advers\u00e1rios. Quem pode contar essa hist\u00f3ria \u00e9 a Eslov\u00e1quia, triturada pelos alem\u00e3es com a vit\u00f3ria por 3 a 0, mas poderia ser de 5, 6..., neste domingo (26\/6) nas\u2026","rel":"","context":"Em &quot;futebol&quot;","block_context":{"text":"futebol","link":"https:\/\/blogdoprosperi.com\/?cat=53870"},"img":{"alt_text":"","src":"https:\/\/i0.wp.com\/blogdoprosperi.com\/wp-content\/uploads\/2016\/06\/2404.jpg?resize=350%2C200","width":350,"height":200,"srcset":"https:\/\/i0.wp.com\/blogdoprosperi.com\/wp-content\/uploads\/2016\/06\/2404.jpg?resize=350%2C200 1x, https:\/\/i0.wp.com\/blogdoprosperi.com\/wp-content\/uploads\/2016\/06\/2404.jpg?resize=525%2C300 1.5x, https:\/\/i0.wp.com\/blogdoprosperi.com\/wp-content\/uploads\/2016\/06\/2404.jpg?resize=700%2C400 2x, https:\/\/i0.wp.com\/blogdoprosperi.com\/wp-content\/uploads\/2016\/06\/2404.jpg?resize=1050%2C600 3x"},"classes":[]},{"id":9344,"url":"https:\/\/blogdoprosperi.com\/?p=9344","url_meta":{"origin":9690,"position":1},"title":"Come\u00e7a a Eurocopa do medo e da excel\u00eancia do futebol","author":"Luiz Ant\u00f4nio Pr\u00f3speri","date":"10 de junho de 2016","format":false,"excerpt":"Quando Fran\u00e7a e Rom\u00eania derem in\u00edcio \u00e0 Eurocopa 2016 nesta sexta-feira, \u00e0s 16h (de Bras\u00edlia), no est\u00e1dio Saint-Dennis, o territ\u00f3rio franc\u00eas estar\u00e1 ocupado por cerca de 75 mil policiais, seguran\u00e7as e militares. Um aparato em clima de guerra com a promessa de proteger cerca de 2,5 milh\u00f5es de torcedores de\u2026","rel":"","context":"Em &quot;futebol&quot;","block_context":{"text":"futebol","link":"https:\/\/blogdoprosperi.com\/?cat=53870"},"img":{"alt_text":"","src":"https:\/\/i0.wp.com\/blogdoprosperi.com\/wp-content\/uploads\/2016\/06\/euro-2016-kits_square_pt.jpg?resize=350%2C200&ssl=1","width":350,"height":200,"srcset":"https:\/\/i0.wp.com\/blogdoprosperi.com\/wp-content\/uploads\/2016\/06\/euro-2016-kits_square_pt.jpg?resize=350%2C200&ssl=1 1x, https:\/\/i0.wp.com\/blogdoprosperi.com\/wp-content\/uploads\/2016\/06\/euro-2016-kits_square_pt.jpg?resize=525%2C300&ssl=1 1.5x, https:\/\/i0.wp.com\/blogdoprosperi.com\/wp-content\/uploads\/2016\/06\/euro-2016-kits_square_pt.jpg?resize=700%2C400&ssl=1 2x, https:\/\/i0.wp.com\/blogdoprosperi.com\/wp-content\/uploads\/2016\/06\/euro-2016-kits_square_pt.jpg?resize=1050%2C600&ssl=1 3x"},"classes":[]},{"id":15619,"url":"https:\/\/blogdoprosperi.com\/?p=15619","url_meta":{"origin":9690,"position":2},"title":"Portugal entrega a ta\u00e7a a Cristiano Ronaldo","author":"Luiz Ant\u00f4nio Pr\u00f3speri","date":"10 de julho de 2016","format":false,"excerpt":"\u00a0 Portugal entregou a ta\u00e7a da Eurocopa a Cristiano Ronaldo.\u00a0Maior astro do torneio, o craque saiu da decis\u00e3o aos 24 minutos \u00a0do primeiro tempo com o joelho esquerdo esgar\u00e7ado. Sem seu sol, a sele\u00e7\u00e3o portuguesa se iluminou com personalidade at\u00e9 derrotar a anfitri\u00e3 Fran\u00e7a, com um gol de Eder no\u2026","rel":"","context":"Em &quot;futebol&quot;","block_context":{"text":"futebol","link":"https:\/\/blogdoprosperi.com\/?cat=53870"},"img":{"alt_text":"","src":"https:\/\/i0.wp.com\/blogdoprosperi.com\/wp-content\/uploads\/2016\/07\/1468168630_458568_1468178821_album_normal.jpg?resize=350%2C200","width":350,"height":200,"srcset":"https:\/\/i0.wp.com\/blogdoprosperi.com\/wp-content\/uploads\/2016\/07\/1468168630_458568_1468178821_album_normal.jpg?resize=350%2C200 1x, https:\/\/i0.wp.com\/blogdoprosperi.com\/wp-content\/uploads\/2016\/07\/1468168630_458568_1468178821_album_normal.jpg?resize=525%2C300 1.5x, https:\/\/i0.wp.com\/blogdoprosperi.com\/wp-content\/uploads\/2016\/07\/1468168630_458568_1468178821_album_normal.jpg?resize=700%2C400 2x"},"classes":[]},{"id":11299,"url":"https:\/\/blogdoprosperi.com\/?p=11299","url_meta":{"origin":9690,"position":3},"title":"It\u00e1lia e Espanha avan\u00e7am na Eurocopa e Cro\u00e1cia sofre com imbecis das arquibancadas","author":"Luiz Ant\u00f4nio Pr\u00f3speri","date":"17 de junho de 2016","format":false,"excerpt":"\u00a0 A imbecilidade derrota a Eurocopa nas duas primeiras rodadas. Das batalhas sangrentas entre hooligans de todos os cantos, com mais veem\u00eancia por parte de ingleses e russos, aos sinalizadores dos croatas atirados no campo, sobra pouco a se comemorar na Fran\u00e7a nesta semana de um jogo atr\u00e1s do outro.\u2026","rel":"","context":"Em &quot;futebol&quot;","block_context":{"text":"futebol","link":"https:\/\/blogdoprosperi.com\/?cat=53870"},"img":{"alt_text":"","src":"https:\/\/i0.wp.com\/blogdoprosperi.com\/wp-content\/uploads\/2016\/06\/3200.jpg?resize=350%2C200","width":350,"height":200,"srcset":"https:\/\/i0.wp.com\/blogdoprosperi.com\/wp-content\/uploads\/2016\/06\/3200.jpg?resize=350%2C200 1x, https:\/\/i0.wp.com\/blogdoprosperi.com\/wp-content\/uploads\/2016\/06\/3200.jpg?resize=525%2C300 1.5x"},"classes":[]},{"id":11143,"url":"https:\/\/blogdoprosperi.com\/?p=11143","url_meta":{"origin":9690,"position":4},"title":"Muito longe do 7 a 1, Alemanha paga por falta de ousadia do ataque na Eurocopa","author":"Luiz Ant\u00f4nio Pr\u00f3speri","date":"16 de junho de 2016","format":false,"excerpt":"\u00a0 Alemanha perdeu o gosto pelos gols. Parece que ficou sem apetite ap\u00f3s o devastador Tsunami em cima do Brasil na Copa de 2014. Essa evid\u00eancia se materializou na segunda rodada da Eurocopa-2016 contra a Pol\u00f4nia nesta quinta-feira (16\/6) em Saint-Denis. O empate por 0 a 0 diante dos poloneses\u00a0\u00e9\u2026","rel":"","context":"Em &quot;futebol&quot;","block_context":{"text":"futebol","link":"https:\/\/blogdoprosperi.com\/?cat=53870"},"img":{"alt_text":"","src":"https:\/\/i0.wp.com\/blogdoprosperi.com\/wp-content\/uploads\/2016\/06\/607466267_mh_4310_ac8ca14cbe525788b28296f79e63cd90_3285.jpg?resize=350%2C200","width":350,"height":200,"srcset":"https:\/\/i0.wp.com\/blogdoprosperi.com\/wp-content\/uploads\/2016\/06\/607466267_mh_4310_ac8ca14cbe525788b28296f79e63cd90_3285.jpg?resize=350%2C200 1x, https:\/\/i0.wp.com\/blogdoprosperi.com\/wp-content\/uploads\/2016\/06\/607466267_mh_4310_ac8ca14cbe525788b28296f79e63cd90_3285.jpg?resize=525%2C300 1.5x, https:\/\/i0.wp.com\/blogdoprosperi.com\/wp-content\/uploads\/2016\/06\/607466267_mh_4310_ac8ca14cbe525788b28296f79e63cd90_3285.jpg?resize=700%2C400 2x"},"classes":[]},{"id":15408,"url":"https:\/\/blogdoprosperi.com\/?p=15408","url_meta":{"origin":9690,"position":5},"title":"Griezmann ilumina noite francesa no triunfo contra os poderosos campe\u00f5es do mundo","author":"Luiz Ant\u00f4nio Pr\u00f3speri","date":"7 de julho de 2016","format":false,"excerpt":"Futebol de resultados aparece na Eurocopa e contempla a Fran\u00e7a na vit\u00f3ria por 2 a 0 contra a Alemanha nas semifinais nesta quinta-feira (07\/7), em Marselha. Resultado que leva os franceses \u00e0 grande final contra Portugal no domingo. Tudo isso n\u00e3o seria poss\u00edvel se do lado vencedor n\u00e3o estivesse esse\u2026","rel":"","context":"Em &quot;futebol&quot;","block_context":{"text":"futebol","link":"https:\/\/blogdoprosperi.com\/?cat=53870"},"img":{"alt_text":"","src":"https:\/\/i0.wp.com\/blogdoprosperi.com\/wp-content\/uploads\/2016\/07\/4082.jpg?resize=350%2C200","width":350,"height":200,"srcset":"https:\/\/i0.wp.com\/blogdoprosperi.com\/wp-content\/uploads\/2016\/07\/4082.jpg?resize=350%2C200 1x, https:\/\/i0.wp.com\/blogdoprosperi.com\/wp-content\/uploads\/2016\/07\/4082.jpg?resize=525%2C300 1.5x, https:\/\/i0.wp.com\/blogdoprosperi.com\/wp-content\/uploads\/2016\/07\/4082.jpg?resize=700%2C400 2x"},"classes":[]}],"jetpack_featured_media_url":"","_links":{"self":[{"href":"https:\/\/blogdoprosperi.com\/index.php?rest_route=\/wp\/v2\/posts\/9690","targetHints":{"allow":["GET"]}}],"collection":[{"href":"https:\/\/blogdoprosperi.com\/index.php?rest_route=\/wp\/v2\/posts"}],"about":[{"href":"https:\/\/blogdoprosperi.com\/index.php?rest_route=\/wp\/v2\/types\/post"}],"author":[{"embeddable":true,"href":"https:\/\/blogdoprosperi.com\/index.php?rest_route=\/wp\/v2\/users\/102107496"}],"replies":[{"embeddable":true,"href":"https:\/\/blogdoprosperi.com\/index.php?rest_route=%2Fwp%2Fv2%2Fcomments&post=9690"}],"version-history":[{"count":25,"href":"https:\/\/blogdoprosperi.com\/index.php?rest_route=\/wp\/v2\/posts\/9690\/revisions"}],"predecessor-version":[{"id":9854,"href":"https:\/\/blogdoprosperi.com\/index.php?rest_route=\/wp\/v2\/posts\/9690\/revisions\/9854"}],"wp:attachment":[{"href":"https:\/\/blogdoprosperi.com\/index.php?rest_route=%2Fwp%2Fv2%2Fmedia&parent=9690"}],"wp:term":[{"taxonomy":"category","embeddable":true,"href":"https:\/\/blogdoprosperi.com\/index.php?rest_route=%2Fwp%2Fv2%2Fcategories&post=9690"},{"taxonomy":"post_tag","embeddable":true,"href":"https:\/\/blogdoprosperi.com\/index.php?rest_route=%2Fwp%2Fv2%2Ftags&post=9690"}],"curies":[{"name":"wp","href":"https:\/\/api.w.org\/{rel}","templated":true}]}}